{"id":19512,"date":"2020-05-19T04:41:51","date_gmt":"2020-05-19T04:41:51","guid":{"rendered":"https:\/\/gracious-dewdney.138-201-221-2.plesk.page\/?p=19512"},"modified":"2020-05-19T04:41:51","modified_gmt":"2020-05-19T04:41:51","slug":"danka-erika-hogyan-hullt-le-a-lepel-40-nap-alatt-40-evrol","status":"publish","type":"post","link":"https:\/\/stuttgarti-katolikusok.de\/index.php\/danka-erika-hogyan-hullt-le-a-lepel-40-nap-alatt-40-evrol\/","title":{"rendered":"Danka Erika: Hogyan hullt le a lepel 40 nap alatt 40 \u00e9vr\u0151l?"},"content":{"rendered":"<p><em>+! Kedves H\u00edveink! Rendhagy\u00f3 H\u00fasv\u00e9tunk \u00fajabb remeke k\u00f6vetkezik: Danka Erika szem\u00e9lyes, egy hossz\u00fa id\u0151t \u00e1t\u00edvel\u0151 \u00edr\u00e1sa, amely szinte mindegyik\u00fcnkben r\u00e9gi eml\u00e9keket id\u00e9z. Nagy szeretettel aj\u00e1nlom mindenkinek!<br \/>\n<\/em><\/p>\n<p><em>Imre atya<\/em><\/p>\n<p>&nbsp;<\/p>\n<p><strong>Hogyan hullt le a lepel 40 nap alatt 40 \u00e9vr\u0151l?<\/strong><\/p>\n<p>Itt \u00e1llunk a s\u00edrn\u00e1l balzsammal a kez\u00fcnkben, de a s\u00edr \u00fcres. Hov\u00e1 vitt\u00e9tek szeretett fiamat? \u2026 Hol vannak a gyermekeink? \u2026<\/p>\n<p>Egyed\u00fcl s\u00edrdog\u00e1lunk \u00e9let\u00fcnk s\u00edrja f\u00f6l\u00f6tt, melyet az elm\u00falt \u00e9vtizedekben sz\u00ednes vir\u00e1gokkal, utaz\u00e1saink szuven\u00edrjeivel bor\u00edtottunk be. Mindent betakartunk hetente \u201eshoppingolt\u201d \u00fajabbn\u00e1l \u00fajabb \u00e9s divatosabbn\u00e1l divatosabb \u201ehalotti leplekkel\u201d, \u201eszemfed\u0151kkel\u201d, hogy \u00e9let\u00fcnk csont\u00e1v\u00e1zait senki meg ne l\u00e1ssa. Nem a vil\u00e1g el\u0151tt takargattuk ezeket: mi nem akartuk l\u00e1tni!<\/p>\n<p>H\u00fasv\u00e9t van, s a s\u00edr \u00fcres. \u00d3, pedig m\u00e1r a tizedik b\u00fatort, a sokadik sz\u0151nyeget \u00e9s f\u00fcgg\u00f6nyt is kicser\u00e9lt\u00fck az elm\u00falt \u00e9vekben. Mi\u00e9rt oly \u00fcres m\u00e9gis a lak\u00e1sunk?<\/p>\n<p>Hol van \u0150, kit\u0151l l\u00e1ngolt a sz\u00edv\u00fcnk, amikor sietve ment\u00fcnk hozz\u00e1, \u00e9s a h\u00fasv\u00e9ti \u00faj ruh\u00e1inkban vitt\u00fck megszentelni a kiskosarainkban \u00e9teleinket? Majd otthon mindny\u00e1jan k\u00f6rbe\u00fclt\u00fck az asztalt \u00e9s boldogan ett\u00fck egy\u00fctt a csal\u00e1dtagjainkkal a h\u00fasv\u00e9ti sonk\u00e1t, majd repesve v\u00e1rtuk a sokadik szomsz\u00e9dot, bar\u00e1tot, hogy meglocsoljon.<\/p>\n<p>\u00c9s hol vannak mindazok, akik m\u00e1r r\u00e9g nem fogj\u00e1k meg a kez\u00fcnket? Ma m\u00e1r tudjuk, hogy a hervad\u00e1s ellen nem a k\u00f6lniv\u00edz volt hat\u00e1sos, hanem azok a kapcsolataink, melyekt\u0151l \u00fcnnepeink \u00e9s h\u00e9tk\u00f6znapjaink is illatosak voltak.<\/p>\n<p>Ha a csokitoj\u00e1s keres\u00e9se \u00e9s a H\u00fasv\u00e9ti nyaral\u00e1sok helyett, a Szent h\u00e1rom napot egy\u00fctt t\u00f6lt\u00f6tt\u00fck volna a templomban, tal\u00e1n most meg\u00e9rten\u00e9k \u2013 \u0151k, akik most nincsenek itt \u2013, hogy a kereszt mellett mindig \u00e1llnak s\u00edr\u00f3 any\u00e1k, akik m\u00e9g harmadnapon is balzsammal a kez\u00fckben keresik fiaikat.<\/p>\n<p>2020 H\u00fasv\u00e9tja van, \u00e9s az elm\u00falt 40 napban visszap\u00f6rgett\u00fcnk n\u00e9h\u00e1ny \u00e9vtizetedet az \u00e9let\u00fcnkben. 40 \u00e9vig b\u00f6jt\u00f6lt a lelk\u00fcnk, mik\u00f6zben test\u00fcnket minden f\u00f6ldi j\u00f3val elhalmoztuk.<\/p>\n<p>K\u00e9rd\u00e9sek \u00e9s k\u00f6nnyek helyett \u00e9rezn\u00fcnk kell, hogy a s\u00edr az\u00e9rt \u00fcres, mert a felt\u00e1mad\u00e1s most t\u00f6rt\u00e9nik.<\/p>\n<p>M\u00e9g semmi sem k\u00e9s\u0151, mert itt vannak unok\u00e1ink, akiknek megfoghatjuk a kez\u00e9t \u00e9s vel\u00fck j\u00e1rhatunk az emmauszi \u00faton, hogy egy\u00fctt visszat\u00e9rj\u00fcnk Jeruzs\u00e1lembe.<\/p>\n<p>&nbsp;<\/p>\n<p><em>Danka Erika<\/em><\/p>\n","protected":false},"excerpt":{"rendered":"<p>+! Kedves H\u00edveink! Rendhagy\u00f3 H\u00fasv\u00e9tunk \u00fajabb remeke k\u00f6vetkezik: Danka Erika szem\u00e9lyes, egy hossz\u00fa id\u0151t \u00e1t\u00edvel\u0151 \u00edr\u00e1sa, amely szinte mindegyik\u00fcnkben r\u00e9gi eml\u00e9keket id\u00e9z. Nagy szeretettel aj\u00e1nlom mindenkinek! Imre atya &nbsp; Hogyan hullt le a lepel 40 nap alatt 40 \u00e9vr\u0151l? Itt \u00e1llunk a s\u00edrn\u00e1l balzsammal a kez\u00fcnkben, de a s\u00edr \u00fcres. Hov\u00e1 vitt\u00e9tek szeretett fiamat? \u2026 Hol vannak a gyermekeink? \u2026 Egyed\u00fcl s\u00edrdog\u00e1lunk \u00e9let\u00fcnk s\u00edrja f\u00f6l\u00f6tt, melyet az elm\u00falt \u00e9vtizedekben sz\u00ednes vir\u00e1gokkal, utaz\u00e1saink szuven\u00edrjeivel bor\u00edtottunk be. Mindent betakartunk hetente \u201eshoppingolt\u201d \u00fajabbn\u00e1l \u00fajabb \u00e9s divatosabbn\u00e1l divatosabb \u201ehalotti leplekkel\u201d, \u201eszemfed\u0151kkel\u201d, hogy \u00e9let\u00fcnk csont\u00e1v\u00e1zait senki meg ne l\u00e1ssa. Nem a vil\u00e1g el\u0151tt takargattuk ezeket: mi nem akartuk l\u00e1tni! H\u00fasv\u00e9t van, s a s\u00edr \u00fcres. \u00d3, pedig m\u00e1r a tizedik b\u00fatort, a sokadik sz\u0151nyeget \u00e9s f\u00fcgg\u00f6nyt is kicser\u00e9lt\u00fck az elm\u00falt \u00e9vekben. Mi\u00e9rt oly \u00fcres m\u00e9gis a lak\u00e1sunk? Hol van \u0150, kit\u0151l l\u00e1ngolt a sz\u00edv\u00fcnk, amikor sietve ment\u00fcnk hozz\u00e1, \u00e9s a h\u00fasv\u00e9ti \u00faj ruh\u00e1inkban vitt\u00fck megszentelni a kiskosarainkban \u00e9teleinket? Majd otthon mindny\u00e1jan k\u00f6rbe\u00fclt\u00fck az asztalt \u00e9s boldogan ett\u00fck egy\u00fctt a csal\u00e1dtagjainkkal a h\u00fasv\u00e9ti sonk\u00e1t, majd repesve v\u00e1rtuk a sokadik szomsz\u00e9dot, bar\u00e1tot, hogy meglocsoljon. \u00c9s hol vannak mindazok, akik m\u00e1r r\u00e9g nem fogj\u00e1k meg a kez\u00fcnket? Ma m\u00e1r tudjuk, hogy a hervad\u00e1s ellen nem a k\u00f6lniv\u00edz volt hat\u00e1sos, hanem azok a kapcsolataink, melyekt\u0151l \u00fcnnepeink \u00e9s h\u00e9tk\u00f6znapjaink is illatosak voltak. Ha a csokitoj\u00e1s keres\u00e9se \u00e9s a H\u00fasv\u00e9ti nyaral\u00e1sok helyett, a Szent h\u00e1rom napot egy\u00fctt t\u00f6lt\u00f6tt\u00fck volna a templomban, tal\u00e1n most meg\u00e9rten\u00e9k \u2013 \u0151k, akik most nincsenek itt \u2013, hogy a kereszt mellett mindig \u00e1llnak s\u00edr\u00f3 any\u00e1k, akik m\u00e9g harmadnapon is balzsammal a kez\u00fckben keresik fiaikat. 2020 H\u00fasv\u00e9tja van, \u00e9s az elm\u00falt 40 napban visszap\u00f6rgett\u00fcnk n\u00e9h\u00e1ny \u00e9vtizetedet az \u00e9let\u00fcnkben. 40 \u00e9vig b\u00f6jt\u00f6lt a lelk\u00fcnk, mik\u00f6zben test\u00fcnket minden f\u00f6ldi j\u00f3val elhalmoztuk. K\u00e9rd\u00e9sek \u00e9s k\u00f6nnyek helyett \u00e9rezn\u00fcnk kell, hogy a s\u00edr az\u00e9rt \u00fcres, mert a felt\u00e1mad\u00e1s most t\u00f6rt\u00e9nik. M\u00e9g semmi sem&#8230; <\/p>\n<p><a class=\"readmore\" href=\"https:\/\/stuttgarti-katolikusok.de\/index.php\/danka-erika-hogyan-hullt-le-a-lepel-40-nap-alatt-40-evrol\/\">R\u00e9szletek<\/a><\/p>\n","protected":false},"author":3,"featured_media":19513,"comment_status":"closed","ping_status":"closed","sticky":false,"template":"","format":"standard","meta":{"footnotes":""},"categories":[28],"tags":[],"class_list":["post-19512","post","type-post","status-publish","format-standard","has-post-thumbnail","hentry","category-olvasoink-irjak"],"yoast_head":"<!-- This site is optimized with the Yoast SEO plugin v27.3 - https:\/\/yoast.com\/product\/yoast-seo-wordpress\/ -->\n<title>Danka Erika: Hogyan hullt le a lepel 40 nap alatt 40 \u00e9vr\u0151l? - Stuttgarti Katolikusok<\/title>\n<meta name=\"robots\" content=\"index, follow, max-snippet:-1, max-image-preview:large, max-video-preview:-1\" \/>\n<link rel=\"canonical\" href=\"https:\/\/stuttgarti-katolikusok.de\/index.php\/danka-erika-hogyan-hullt-le-a-lepel-40-nap-alatt-40-evrol\/\" \/>\n<meta property=\"og:locale\" content=\"hu_HU\" \/>\n<meta property=\"og:type\" content=\"article\" \/>\n<meta property=\"og:title\" content=\"Danka Erika: Hogyan hullt le a lepel 40 nap alatt 40 \u00e9vr\u0151l? - Stuttgarti Katolikusok\" \/>\n<meta property=\"og:description\" content=\"+! Kedves H\u00edveink! Rendhagy\u00f3 H\u00fasv\u00e9tunk \u00fajabb remeke k\u00f6vetkezik: Danka Erika szem\u00e9lyes, egy hossz\u00fa id\u0151t \u00e1t\u00edvel\u0151 \u00edr\u00e1sa, amely szinte mindegyik\u00fcnkben r\u00e9gi eml\u00e9keket id\u00e9z. Nagy szeretettel aj\u00e1nlom mindenkinek! Imre atya &nbsp; Hogyan hullt le a lepel 40 nap alatt 40 \u00e9vr\u0151l? Itt \u00e1llunk a s\u00edrn\u00e1l balzsammal a kez\u00fcnkben, de a s\u00edr \u00fcres. Hov\u00e1 vitt\u00e9tek szeretett fiamat? \u2026 Hol vannak a gyermekeink? \u2026 Egyed\u00fcl s\u00edrdog\u00e1lunk \u00e9let\u00fcnk s\u00edrja f\u00f6l\u00f6tt, melyet az elm\u00falt \u00e9vtizedekben sz\u00ednes vir\u00e1gokkal, utaz\u00e1saink szuven\u00edrjeivel bor\u00edtottunk be. Mindent betakartunk hetente \u201eshoppingolt\u201d \u00fajabbn\u00e1l \u00fajabb \u00e9s divatosabbn\u00e1l divatosabb \u201ehalotti leplekkel\u201d, \u201eszemfed\u0151kkel\u201d, hogy \u00e9let\u00fcnk csont\u00e1v\u00e1zait senki meg ne l\u00e1ssa. Nem a vil\u00e1g el\u0151tt takargattuk ezeket: mi nem akartuk l\u00e1tni! H\u00fasv\u00e9t van, s a s\u00edr \u00fcres. \u00d3, pedig m\u00e1r a tizedik b\u00fatort, a sokadik sz\u0151nyeget \u00e9s f\u00fcgg\u00f6nyt is kicser\u00e9lt\u00fck az elm\u00falt \u00e9vekben. Mi\u00e9rt oly \u00fcres m\u00e9gis a lak\u00e1sunk? Hol van \u0150, kit\u0151l l\u00e1ngolt a sz\u00edv\u00fcnk, amikor sietve ment\u00fcnk hozz\u00e1, \u00e9s a h\u00fasv\u00e9ti \u00faj ruh\u00e1inkban vitt\u00fck megszentelni a kiskosarainkban \u00e9teleinket? Majd otthon mindny\u00e1jan k\u00f6rbe\u00fclt\u00fck az asztalt \u00e9s boldogan ett\u00fck egy\u00fctt a csal\u00e1dtagjainkkal a h\u00fasv\u00e9ti sonk\u00e1t, majd repesve v\u00e1rtuk a sokadik szomsz\u00e9dot, bar\u00e1tot, hogy meglocsoljon. \u00c9s hol vannak mindazok, akik m\u00e1r r\u00e9g nem fogj\u00e1k meg a kez\u00fcnket? Ma m\u00e1r tudjuk, hogy a hervad\u00e1s ellen nem a k\u00f6lniv\u00edz volt hat\u00e1sos, hanem azok a kapcsolataink, melyekt\u0151l \u00fcnnepeink \u00e9s h\u00e9tk\u00f6znapjaink is illatosak voltak. Ha a csokitoj\u00e1s keres\u00e9se \u00e9s a H\u00fasv\u00e9ti nyaral\u00e1sok helyett, a Szent h\u00e1rom napot egy\u00fctt t\u00f6lt\u00f6tt\u00fck volna a templomban, tal\u00e1n most meg\u00e9rten\u00e9k \u2013 \u0151k, akik most nincsenek itt \u2013, hogy a kereszt mellett mindig \u00e1llnak s\u00edr\u00f3 any\u00e1k, akik m\u00e9g harmadnapon is balzsammal a kez\u00fckben keresik fiaikat. 2020 H\u00fasv\u00e9tja van, \u00e9s az elm\u00falt 40 napban visszap\u00f6rgett\u00fcnk n\u00e9h\u00e1ny \u00e9vtizetedet az \u00e9let\u00fcnkben. 40 \u00e9vig b\u00f6jt\u00f6lt a lelk\u00fcnk, mik\u00f6zben test\u00fcnket minden f\u00f6ldi j\u00f3val elhalmoztuk. K\u00e9rd\u00e9sek \u00e9s k\u00f6nnyek helyett \u00e9rezn\u00fcnk kell, hogy a s\u00edr az\u00e9rt \u00fcres, mert a felt\u00e1mad\u00e1s most t\u00f6rt\u00e9nik. M\u00e9g semmi sem... R\u00e9szletek\" \/>\n<meta property=\"og:url\" content=\"https:\/\/stuttgarti-katolikusok.de\/index.php\/danka-erika-hogyan-hullt-le-a-lepel-40-nap-alatt-40-evrol\/\" \/>\n<meta property=\"og:site_name\" content=\"Stuttgarti Katolikusok\" \/>\n<meta property=\"article:published_time\" content=\"2020-05-19T04:41:51+00:00\" \/>\n<meta property=\"og:image\" content=\"https:\/\/stuttgarti-katolikusok.de\/wp-content\/uploads\/2020\/05\/dankaerika.jpg\" \/>\n\t<meta property=\"og:image:width\" content=\"1555\" \/>\n\t<meta property=\"og:image:height\" content=\"1037\" \/>\n\t<meta property=\"og:image:type\" content=\"image\/jpeg\" \/>\n<meta name=\"author\" content=\"Tibor atya\" \/>\n<meta name=\"twitter:card\" content=\"summary_large_image\" \/>\n<meta name=\"twitter:label1\" content=\"Szerz\u0151:\" \/>\n\t<meta name=\"twitter:data1\" content=\"Tibor atya\" \/>\n\t<meta name=\"twitter:label2\" content=\"Becs\u00fclt olvas\u00e1si id\u0151\" \/>\n\t<meta name=\"twitter:data2\" content=\"2 perc\" \/>\n<script type=\"application\/ld+json\" class=\"yoast-schema-graph\">{\"@context\":\"https:\\\/\\\/schema.org\",\"@graph\":[{\"@type\":\"Article\",\"@id\":\"https:\\\/\\\/stuttgarti-katolikusok.de\\\/index.php\\\/danka-erika-hogyan-hullt-le-a-lepel-40-nap-alatt-40-evrol\\\/#article\",\"isPartOf\":{\"@id\":\"https:\\\/\\\/stuttgarti-katolikusok.de\\\/index.php\\\/danka-erika-hogyan-hullt-le-a-lepel-40-nap-alatt-40-evrol\\\/\"},\"author\":{\"name\":\"Tibor atya\",\"@id\":\"https:\\\/\\\/stuttgarti-katolikusok.de\\\/#\\\/schema\\\/person\\\/75908d6f8fdc03a57889d27209df7795\"},\"headline\":\"Danka Erika: Hogyan hullt le a lepel 40 nap alatt 40 \u00e9vr\u0151l?\",\"datePublished\":\"2020-05-19T04:41:51+00:00\",\"mainEntityOfPage\":{\"@id\":\"https:\\\/\\\/stuttgarti-katolikusok.de\\\/index.php\\\/danka-erika-hogyan-hullt-le-a-lepel-40-nap-alatt-40-evrol\\\/\"},\"wordCount\":463,\"image\":{\"@id\":\"https:\\\/\\\/stuttgarti-katolikusok.de\\\/index.php\\\/danka-erika-hogyan-hullt-le-a-lepel-40-nap-alatt-40-evrol\\\/#primaryimage\"},\"thumbnailUrl\":\"https:\\\/\\\/stuttgarti-katolikusok.de\\\/wp-content\\\/uploads\\\/2020\\\/05\\\/dankaerika.jpg\",\"articleSection\":[\"Olvas\u00f3ink \u00edrj\u00e1k\"],\"inLanguage\":\"hu\"},{\"@type\":\"WebPage\",\"@id\":\"https:\\\/\\\/stuttgarti-katolikusok.de\\\/index.php\\\/danka-erika-hogyan-hullt-le-a-lepel-40-nap-alatt-40-evrol\\\/\",\"url\":\"https:\\\/\\\/stuttgarti-katolikusok.de\\\/index.php\\\/danka-erika-hogyan-hullt-le-a-lepel-40-nap-alatt-40-evrol\\\/\",\"name\":\"Danka Erika: Hogyan hullt le a lepel 40 nap alatt 40 \u00e9vr\u0151l? - Stuttgarti Katolikusok\",\"isPartOf\":{\"@id\":\"https:\\\/\\\/stuttgarti-katolikusok.de\\\/#website\"},\"primaryImageOfPage\":{\"@id\":\"https:\\\/\\\/stuttgarti-katolikusok.de\\\/index.php\\\/danka-erika-hogyan-hullt-le-a-lepel-40-nap-alatt-40-evrol\\\/#primaryimage\"},\"image\":{\"@id\":\"https:\\\/\\\/stuttgarti-katolikusok.de\\\/index.php\\\/danka-erika-hogyan-hullt-le-a-lepel-40-nap-alatt-40-evrol\\\/#primaryimage\"},\"thumbnailUrl\":\"https:\\\/\\\/stuttgarti-katolikusok.de\\\/wp-content\\\/uploads\\\/2020\\\/05\\\/dankaerika.jpg\",\"datePublished\":\"2020-05-19T04:41:51+00:00\",\"author\":{\"@id\":\"https:\\\/\\\/stuttgarti-katolikusok.de\\\/#\\\/schema\\\/person\\\/75908d6f8fdc03a57889d27209df7795\"},\"breadcrumb\":{\"@id\":\"https:\\\/\\\/stuttgarti-katolikusok.de\\\/index.php\\\/danka-erika-hogyan-hullt-le-a-lepel-40-nap-alatt-40-evrol\\\/#breadcrumb\"},\"inLanguage\":\"hu\",\"potentialAction\":[{\"@type\":\"ReadAction\",\"target\":[\"https:\\\/\\\/stuttgarti-katolikusok.de\\\/index.php\\\/danka-erika-hogyan-hullt-le-a-lepel-40-nap-alatt-40-evrol\\\/\"]}]},{\"@type\":\"ImageObject\",\"inLanguage\":\"hu\",\"@id\":\"https:\\\/\\\/stuttgarti-katolikusok.de\\\/index.php\\\/danka-erika-hogyan-hullt-le-a-lepel-40-nap-alatt-40-evrol\\\/#primaryimage\",\"url\":\"https:\\\/\\\/stuttgarti-katolikusok.de\\\/wp-content\\\/uploads\\\/2020\\\/05\\\/dankaerika.jpg\",\"contentUrl\":\"https:\\\/\\\/stuttgarti-katolikusok.de\\\/wp-content\\\/uploads\\\/2020\\\/05\\\/dankaerika.jpg\",\"width\":1555,\"height\":1037},{\"@type\":\"BreadcrumbList\",\"@id\":\"https:\\\/\\\/stuttgarti-katolikusok.de\\\/index.php\\\/danka-erika-hogyan-hullt-le-a-lepel-40-nap-alatt-40-evrol\\\/#breadcrumb\",\"itemListElement\":[{\"@type\":\"ListItem\",\"position\":1,\"name\":\"Kezd\u0151lap\",\"item\":\"https:\\\/\\\/stuttgarti-katolikusok.de\\\/\"},{\"@type\":\"ListItem\",\"position\":2,\"name\":\"Danka Erika: Hogyan hullt le a lepel 40 nap alatt 40 \u00e9vr\u0151l?\"}]},{\"@type\":\"WebSite\",\"@id\":\"https:\\\/\\\/stuttgarti-katolikusok.de\\\/#website\",\"url\":\"https:\\\/\\\/stuttgarti-katolikusok.de\\\/\",\"name\":\"Stuttgarti Katolikusok\",\"description\":\"\",\"potentialAction\":[{\"@type\":\"SearchAction\",\"target\":{\"@type\":\"EntryPoint\",\"urlTemplate\":\"https:\\\/\\\/stuttgarti-katolikusok.de\\\/?s={search_term_string}\"},\"query-input\":{\"@type\":\"PropertyValueSpecification\",\"valueRequired\":true,\"valueName\":\"search_term_string\"}}],\"inLanguage\":\"hu\"},{\"@type\":\"Person\",\"@id\":\"https:\\\/\\\/stuttgarti-katolikusok.de\\\/#\\\/schema\\\/person\\\/75908d6f8fdc03a57889d27209df7795\",\"name\":\"Tibor atya\",\"image\":{\"@type\":\"ImageObject\",\"inLanguage\":\"hu\",\"@id\":\"https:\\\/\\\/secure.gravatar.com\\\/avatar\\\/61d268e57d1f4525b111222e29d2d5a7f8c420fdbf231ba5566a8ceac74fa960?s=96&d=mm&r=g\",\"url\":\"https:\\\/\\\/secure.gravatar.com\\\/avatar\\\/61d268e57d1f4525b111222e29d2d5a7f8c420fdbf231ba5566a8ceac74fa960?s=96&d=mm&r=g\",\"contentUrl\":\"https:\\\/\\\/secure.gravatar.com\\\/avatar\\\/61d268e57d1f4525b111222e29d2d5a7f8c420fdbf231ba5566a8ceac74fa960?s=96&d=mm&r=g\",\"caption\":\"Tibor atya\"},\"url\":\"https:\\\/\\\/stuttgarti-katolikusok.de\\\/index.php\\\/author\\\/tibor-atya\\\/\"}]}<\/script>\n<!-- \/ Yoast SEO plugin. -->","yoast_head_json":{"title":"Danka Erika: Hogyan hullt le a lepel 40 nap alatt 40 \u00e9vr\u0151l? - Stuttgarti Katolikusok","robots":{"index":"index","follow":"follow","max-snippet":"max-snippet:-1","max-image-preview":"max-image-preview:large","max-video-preview":"max-video-preview:-1"},"canonical":"https:\/\/stuttgarti-katolikusok.de\/index.php\/danka-erika-hogyan-hullt-le-a-lepel-40-nap-alatt-40-evrol\/","og_locale":"hu_HU","og_type":"article","og_title":"Danka Erika: Hogyan hullt le a lepel 40 nap alatt 40 \u00e9vr\u0151l? - Stuttgarti Katolikusok","og_description":"+! Kedves H\u00edveink! Rendhagy\u00f3 H\u00fasv\u00e9tunk \u00fajabb remeke k\u00f6vetkezik: Danka Erika szem\u00e9lyes, egy hossz\u00fa id\u0151t \u00e1t\u00edvel\u0151 \u00edr\u00e1sa, amely szinte mindegyik\u00fcnkben r\u00e9gi eml\u00e9keket id\u00e9z. Nagy szeretettel aj\u00e1nlom mindenkinek! Imre atya &nbsp; Hogyan hullt le a lepel 40 nap alatt 40 \u00e9vr\u0151l? Itt \u00e1llunk a s\u00edrn\u00e1l balzsammal a kez\u00fcnkben, de a s\u00edr \u00fcres. Hov\u00e1 vitt\u00e9tek szeretett fiamat? \u2026 Hol vannak a gyermekeink? \u2026 Egyed\u00fcl s\u00edrdog\u00e1lunk \u00e9let\u00fcnk s\u00edrja f\u00f6l\u00f6tt, melyet az elm\u00falt \u00e9vtizedekben sz\u00ednes vir\u00e1gokkal, utaz\u00e1saink szuven\u00edrjeivel bor\u00edtottunk be. Mindent betakartunk hetente \u201eshoppingolt\u201d \u00fajabbn\u00e1l \u00fajabb \u00e9s divatosabbn\u00e1l divatosabb \u201ehalotti leplekkel\u201d, \u201eszemfed\u0151kkel\u201d, hogy \u00e9let\u00fcnk csont\u00e1v\u00e1zait senki meg ne l\u00e1ssa. Nem a vil\u00e1g el\u0151tt takargattuk ezeket: mi nem akartuk l\u00e1tni! H\u00fasv\u00e9t van, s a s\u00edr \u00fcres. \u00d3, pedig m\u00e1r a tizedik b\u00fatort, a sokadik sz\u0151nyeget \u00e9s f\u00fcgg\u00f6nyt is kicser\u00e9lt\u00fck az elm\u00falt \u00e9vekben. Mi\u00e9rt oly \u00fcres m\u00e9gis a lak\u00e1sunk? Hol van \u0150, kit\u0151l l\u00e1ngolt a sz\u00edv\u00fcnk, amikor sietve ment\u00fcnk hozz\u00e1, \u00e9s a h\u00fasv\u00e9ti \u00faj ruh\u00e1inkban vitt\u00fck megszentelni a kiskosarainkban \u00e9teleinket? Majd otthon mindny\u00e1jan k\u00f6rbe\u00fclt\u00fck az asztalt \u00e9s boldogan ett\u00fck egy\u00fctt a csal\u00e1dtagjainkkal a h\u00fasv\u00e9ti sonk\u00e1t, majd repesve v\u00e1rtuk a sokadik szomsz\u00e9dot, bar\u00e1tot, hogy meglocsoljon. \u00c9s hol vannak mindazok, akik m\u00e1r r\u00e9g nem fogj\u00e1k meg a kez\u00fcnket? Ma m\u00e1r tudjuk, hogy a hervad\u00e1s ellen nem a k\u00f6lniv\u00edz volt hat\u00e1sos, hanem azok a kapcsolataink, melyekt\u0151l \u00fcnnepeink \u00e9s h\u00e9tk\u00f6znapjaink is illatosak voltak. Ha a csokitoj\u00e1s keres\u00e9se \u00e9s a H\u00fasv\u00e9ti nyaral\u00e1sok helyett, a Szent h\u00e1rom napot egy\u00fctt t\u00f6lt\u00f6tt\u00fck volna a templomban, tal\u00e1n most meg\u00e9rten\u00e9k \u2013 \u0151k, akik most nincsenek itt \u2013, hogy a kereszt mellett mindig \u00e1llnak s\u00edr\u00f3 any\u00e1k, akik m\u00e9g harmadnapon is balzsammal a kez\u00fckben keresik fiaikat. 2020 H\u00fasv\u00e9tja van, \u00e9s az elm\u00falt 40 napban visszap\u00f6rgett\u00fcnk n\u00e9h\u00e1ny \u00e9vtizetedet az \u00e9let\u00fcnkben. 40 \u00e9vig b\u00f6jt\u00f6lt a lelk\u00fcnk, mik\u00f6zben test\u00fcnket minden f\u00f6ldi j\u00f3val elhalmoztuk. K\u00e9rd\u00e9sek \u00e9s k\u00f6nnyek helyett \u00e9rezn\u00fcnk kell, hogy a s\u00edr az\u00e9rt \u00fcres, mert a felt\u00e1mad\u00e1s most t\u00f6rt\u00e9nik. M\u00e9g semmi sem... R\u00e9szletek","og_url":"https:\/\/stuttgarti-katolikusok.de\/index.php\/danka-erika-hogyan-hullt-le-a-lepel-40-nap-alatt-40-evrol\/","og_site_name":"Stuttgarti Katolikusok","article_published_time":"2020-05-19T04:41:51+00:00","og_image":[{"width":1555,"height":1037,"url":"https:\/\/stuttgarti-katolikusok.de\/wp-content\/uploads\/2020\/05\/dankaerika.jpg","type":"image\/jpeg"}],"author":"Tibor atya","twitter_card":"summary_large_image","twitter_misc":{"Szerz\u0151:":"Tibor atya","Becs\u00fclt olvas\u00e1si id\u0151":"2 perc"},"schema":{"@context":"https:\/\/schema.org","@graph":[{"@type":"Article","@id":"https:\/\/stuttgarti-katolikusok.de\/index.php\/danka-erika-hogyan-hullt-le-a-lepel-40-nap-alatt-40-evrol\/#article","isPartOf":{"@id":"https:\/\/stuttgarti-katolikusok.de\/index.php\/danka-erika-hogyan-hullt-le-a-lepel-40-nap-alatt-40-evrol\/"},"author":{"name":"Tibor atya","@id":"https:\/\/stuttgarti-katolikusok.de\/#\/schema\/person\/75908d6f8fdc03a57889d27209df7795"},"headline":"Danka Erika: Hogyan hullt le a lepel 40 nap alatt 40 \u00e9vr\u0151l?","datePublished":"2020-05-19T04:41:51+00:00","mainEntityOfPage":{"@id":"https:\/\/stuttgarti-katolikusok.de\/index.php\/danka-erika-hogyan-hullt-le-a-lepel-40-nap-alatt-40-evrol\/"},"wordCount":463,"image":{"@id":"https:\/\/stuttgarti-katolikusok.de\/index.php\/danka-erika-hogyan-hullt-le-a-lepel-40-nap-alatt-40-evrol\/#primaryimage"},"thumbnailUrl":"https:\/\/stuttgarti-katolikusok.de\/wp-content\/uploads\/2020\/05\/dankaerika.jpg","articleSection":["Olvas\u00f3ink \u00edrj\u00e1k"],"inLanguage":"hu"},{"@type":"WebPage","@id":"https:\/\/stuttgarti-katolikusok.de\/index.php\/danka-erika-hogyan-hullt-le-a-lepel-40-nap-alatt-40-evrol\/","url":"https:\/\/stuttgarti-katolikusok.de\/index.php\/danka-erika-hogyan-hullt-le-a-lepel-40-nap-alatt-40-evrol\/","name":"Danka Erika: Hogyan hullt le a lepel 40 nap alatt 40 \u00e9vr\u0151l? - Stuttgarti Katolikusok","isPartOf":{"@id":"https:\/\/stuttgarti-katolikusok.de\/#website"},"primaryImageOfPage":{"@id":"https:\/\/stuttgarti-katolikusok.de\/index.php\/danka-erika-hogyan-hullt-le-a-lepel-40-nap-alatt-40-evrol\/#primaryimage"},"image":{"@id":"https:\/\/stuttgarti-katolikusok.de\/index.php\/danka-erika-hogyan-hullt-le-a-lepel-40-nap-alatt-40-evrol\/#primaryimage"},"thumbnailUrl":"https:\/\/stuttgarti-katolikusok.de\/wp-content\/uploads\/2020\/05\/dankaerika.jpg","datePublished":"2020-05-19T04:41:51+00:00","author":{"@id":"https:\/\/stuttgarti-katolikusok.de\/#\/schema\/person\/75908d6f8fdc03a57889d27209df7795"},"breadcrumb":{"@id":"https:\/\/stuttgarti-katolikusok.de\/index.php\/danka-erika-hogyan-hullt-le-a-lepel-40-nap-alatt-40-evrol\/#breadcrumb"},"inLanguage":"hu","potentialAction":[{"@type":"ReadAction","target":["https:\/\/stuttgarti-katolikusok.de\/index.php\/danka-erika-hogyan-hullt-le-a-lepel-40-nap-alatt-40-evrol\/"]}]},{"@type":"ImageObject","inLanguage":"hu","@id":"https:\/\/stuttgarti-katolikusok.de\/index.php\/danka-erika-hogyan-hullt-le-a-lepel-40-nap-alatt-40-evrol\/#primaryimage","url":"https:\/\/stuttgarti-katolikusok.de\/wp-content\/uploads\/2020\/05\/dankaerika.jpg","contentUrl":"https:\/\/stuttgarti-katolikusok.de\/wp-content\/uploads\/2020\/05\/dankaerika.jpg","width":1555,"height":1037},{"@type":"BreadcrumbList","@id":"https:\/\/stuttgarti-katolikusok.de\/index.php\/danka-erika-hogyan-hullt-le-a-lepel-40-nap-alatt-40-evrol\/#breadcrumb","itemListElement":[{"@type":"ListItem","position":1,"name":"Kezd\u0151lap","item":"https:\/\/stuttgarti-katolikusok.de\/"},{"@type":"ListItem","position":2,"name":"Danka Erika: Hogyan hullt le a lepel 40 nap alatt 40 \u00e9vr\u0151l?"}]},{"@type":"WebSite","@id":"https:\/\/stuttgarti-katolikusok.de\/#website","url":"https:\/\/stuttgarti-katolikusok.de\/","name":"Stuttgarti Katolikusok","description":"","potentialAction":[{"@type":"SearchAction","target":{"@type":"EntryPoint","urlTemplate":"https:\/\/stuttgarti-katolikusok.de\/?s={search_term_string}"},"query-input":{"@type":"PropertyValueSpecification","valueRequired":true,"valueName":"search_term_string"}}],"inLanguage":"hu"},{"@type":"Person","@id":"https:\/\/stuttgarti-katolikusok.de\/#\/schema\/person\/75908d6f8fdc03a57889d27209df7795","name":"Tibor atya","image":{"@type":"ImageObject","inLanguage":"hu","@id":"https:\/\/secure.gravatar.com\/avatar\/61d268e57d1f4525b111222e29d2d5a7f8c420fdbf231ba5566a8ceac74fa960?s=96&d=mm&r=g","url":"https:\/\/secure.gravatar.com\/avatar\/61d268e57d1f4525b111222e29d2d5a7f8c420fdbf231ba5566a8ceac74fa960?s=96&d=mm&r=g","contentUrl":"https:\/\/secure.gravatar.com\/avatar\/61d268e57d1f4525b111222e29d2d5a7f8c420fdbf231ba5566a8ceac74fa960?s=96&d=mm&r=g","caption":"Tibor atya"},"url":"https:\/\/stuttgarti-katolikusok.de\/index.php\/author\/tibor-atya\/"}]}},"_links":{"self":[{"href":"https:\/\/stuttgarti-katolikusok.de\/index.php\/wp-json\/wp\/v2\/posts\/19512","targetHints":{"allow":["GET"]}}],"collection":[{"href":"https:\/\/stuttgarti-katolikusok.de\/index.php\/wp-json\/wp\/v2\/posts"}],"about":[{"href":"https:\/\/stuttgarti-katolikusok.de\/index.php\/wp-json\/wp\/v2\/types\/post"}],"author":[{"embeddable":true,"href":"https:\/\/stuttgarti-katolikusok.de\/index.php\/wp-json\/wp\/v2\/users\/3"}],"replies":[{"embeddable":true,"href":"https:\/\/stuttgarti-katolikusok.de\/index.php\/wp-json\/wp\/v2\/comments?post=19512"}],"version-history":[{"count":1,"href":"https:\/\/stuttgarti-katolikusok.de\/index.php\/wp-json\/wp\/v2\/posts\/19512\/revisions"}],"predecessor-version":[{"id":19514,"href":"https:\/\/stuttgarti-katolikusok.de\/index.php\/wp-json\/wp\/v2\/posts\/19512\/revisions\/19514"}],"wp:featuredmedia":[{"embeddable":true,"href":"https:\/\/stuttgarti-katolikusok.de\/index.php\/wp-json\/wp\/v2\/media\/19513"}],"wp:attachment":[{"href":"https:\/\/stuttgarti-katolikusok.de\/index.php\/wp-json\/wp\/v2\/media?parent=19512"}],"wp:term":[{"taxonomy":"category","embeddable":true,"href":"https:\/\/stuttgarti-katolikusok.de\/index.php\/wp-json\/wp\/v2\/categories?post=19512"},{"taxonomy":"post_tag","embeddable":true,"href":"https:\/\/stuttgarti-katolikusok.de\/index.php\/wp-json\/wp\/v2\/tags?post=19512"}],"curies":[{"name":"wp","href":"https:\/\/api.w.org\/{rel}","templated":true}]}}