{"id":19504,"date":"2020-05-17T23:08:46","date_gmt":"2020-05-17T23:08:46","guid":{"rendered":"https:\/\/gracious-dewdney.138-201-221-2.plesk.page\/?p=19504"},"modified":"2020-05-17T23:19:27","modified_gmt":"2020-05-17T23:19:27","slug":"szomju-bela-az-en-husvetom-tavol-csaladomtol","status":"publish","type":"post","link":"https:\/\/stuttgarti-katolikusok.de\/index.php\/szomju-bela-az-en-husvetom-tavol-csaladomtol\/","title":{"rendered":"Szomj\u00fa B\u00e9la: Az \u00e9n H\u00fasv\u00e9tom, t\u00e1vol csal\u00e1domt\u00f3l&#8230;"},"content":{"rendered":"<p><em>Ez alkalommal, unokah\u00fagom, Erika f\u00e9rj\u00e9nek, B\u00e9l\u00e1nak szem\u00e9lyes besz\u00e1mol\u00f3j\u00e1t olvashatj\u00e1tok. Ha m\u00e1skor nem, vas\u00e1rnap mindig ker\u00edt\u00fcnk id\u0151t arra, hogy v\u00e1ltsunk n\u00e9h\u00e1ny sz\u00f3t telefonon. Ilyenkor mindig \u00faton van. A sz\u00e1m\u00e1ra is megterhel\u0151 id\u0151ben pr\u00f3b\u00e1ltam t\u00f6bbsz\u00f6r seg\u00edts\u00e9g\u00e9re sietni, biztatni \u00e9s b\u00e1tor\u00edtani. Megk\u00e9rtem, hogy ossza meg vel\u00fcnk \u00e9rz\u00e9seit. Fogadj\u00e1tok szertettel!<\/em><\/p>\n<p><em>Lelkip\u00e1sztori szeretettel,<\/em><\/p>\n<p><em>Tibor atya<\/em><\/p>\n<p><em><strong>Az \u00e9n H\u00fasv\u00e9tom, t\u00e1vol csal\u00e1domt\u00f3l&#8230;<\/strong><\/em><\/p>\n<p>2020. m\u00e1rcius 1., vas\u00e1rnap, reggel 8 \u00f3ra, S\u00e1rk\u00f6z\u00fajlak. \u00c1tlagosnak t\u0171n\u0151 vas\u00e1rnap reggel. \u00dajb\u00f3l \u00fatra kelek, hogy megtegyek k\u00f6zel 1.000 kilom\u00e9ternyi t\u00e1vols\u00e1got. A hossz\u00fa \u00fat ut\u00e1n n\u00e9h\u00e1ny \u00f3ra pihen\u00e9s, s azt\u00e1n h\u00e9tf\u0151 hajnalban utazunk tov\u00e1bb T\u00f6gingb\u0151l Heidenheimba, hogy eg\u00e9sz h\u00e9ten dolgozzunk. Ezt teszem imm\u00e1r k\u00f6zel \u00f6t \u00e9ve. M\u00e9gis, amikor csak tehetem, cs\u00fct\u00f6rt\u00f6k este \u00fatra kelek, hogy szeretett csal\u00e1dommal lehessek, s p\u00e9nteken \u00e9s szombaton otthon is elv\u00e9gezzem dolgaimat, egy\u00fctt legyek a csal\u00e1ddal. Elb\u00facs\u00fazom, meg\u00f6lelem Erik\u00e1t, a gyerekek, Dorka \u00e9s Bence m\u00e9g alszanak. J\u00f3 utat! Vigy\u00e1zz magadra! Szeretlek! \u2013 magammal viszem a szavakat \u00e9s \u00e9rz\u00e9seket, s k\u00f6zben m\u00e1r azon gondolkodom, hogyan alakulnak majd az elk\u00f6vetkez\u0151 napok\u2026<\/p>\n<p>\u00cdgy kezd\u0151d\u00f6tt! Azt\u00e1n \u00fagy \u00e9reztem, mintha egy hossz\u00fa, v\u00e9get nem \u00e9r\u0151 alag\u00fatba \u00e9rkeztem volna. A hat\u00e1rokat lez\u00e1rt\u00e1k, nem lehet hazamenni. Dorka l\u00e1nyom elesett, elt\u00f6r\u00f6tt a keze\u2026 Otthon kellene lennem, \u00e9n pedig itt vagyok, nem tudok seg\u00edteni, minden Erik\u00e1ra h\u00e1rul. Hi\u00e1ba besz\u00e9l\u00fcnk minden nap, az \u00e9rz\u00e9s m\u00e1r-m\u00e1r b\u00e9n\u00edt. Nem b\u00edrom! B\u00e1tor\u00edtjuk ugyan egym\u00e1st, tal\u00e1n H\u00fasv\u00e9tra hazamehetek\u2026 A hi\u00e1ny\u00e9rzet csak fokoz\u00f3dik, napr\u00f3l napra. Est\u00e9nk\u00e9nt teles\u00edrom p\u00e1rn\u00e1mat tehetetlens\u00e9gemben, reggel f\u00f6lkel\u00e9s, eg\u00e9sznapos robot. \u00cdgy telnek napjaim!<\/p>\n<p>Vas\u00e1rnaponk\u00e9nt v\u00e1rom az online k\u00f6zvet\u00edtett szentmis\u00e9ket, pr\u00f3b\u00e1lok lelki er\u0151t gy\u0171jteni. K\u00f6sz\u00f6n\u00f6m Tibornak is a besz\u00e9lget\u00e9seket, a biztat\u00e1st \u00e9s b\u00e1tor\u00edt\u00e1st, a szentmis\u00e9k linkjeit. B\u00e1r nem tartozom e k\u00f6z\u00f6ss\u00e9ghez, most m\u00e9gis k\u00f6zel ker\u00fcltem hozz\u00e1tok.<\/p>\n<p>Nagyon sok k\u00e9rd\u00e9s foglalkoztatott ebben az id\u0151ben: Mi\u00e9rt pont \u00e9n? Mit tettem rosszul? Mi\u00e9rt nem lehet\u00fcnk egy\u00fctt legal\u00e1bb H\u00fasv\u00e9tkor? Meddig tart m\u00e9g ez a bizonytalan id\u0151? V\u00e1laszt nem kaptam, de t\u00e9ny, hogy nagyon sokat im\u00e1dkoztam ebben az id\u0151ben, t\u00f6bbet, mint eddig.<\/p>\n<p>Hogy mi adott er\u0151t? El\u0151sz\u00f6r is a hit \u00e9s im\u00e1ds\u00e1g. Nagyon sokat im\u00e1dkoztam Szent Rit\u00e1hoz. Ezt az im\u00e1t Erika nagymam\u00e1j\u00e1t\u00f3l, Marika n\u00e9nit\u0151l tanultam \u2013 \u0151 minden sz\u00fcks\u00e9gben seg\u00edt. Azt\u00e1n az a rem\u00e9ny, hogy amikor elj\u00f6n az ideje, m\u00e9gis csak haza tudok majd menni. S persze a szeretet, amit egym\u00e1s ir\u00e1nt \u00e9rz\u00fcnk.<\/p>\n<p>2020. m\u00e1jus 14., cs\u00fct\u00f6rt\u00f6k este, Heidenheimb\u00f3l meg\u00e9rkezem T\u00f6gingbe. Indulni kellene, de olyan bizonytalan vagyok. \u00dajb\u00f3l im\u00e1dkozom, s k\u00f6zben egy bens\u0151 hangot hallok: Indulj! Elindultam, s nagyon neh\u00e9z visszaadni az \u00e9rz\u00e9seket. Amikor bel\u00e9pek Ausztri\u00e1ba, k\u00f6zlik velem, hogy egyszer \u00e1llhatok meg, matric\u00e1t v\u00e1s\u00e1rolni \u00e9s tankolni. Sz\u00f3t fogadok, s meg\u00e9rkezem Hegyeshalomba. Itt kijel\u00f6lik az \u00fatvonalat, ker\u00fcl\u0151t kell tennem, az \u00e1rt\u00e1ndi hat\u00e1r\u00e1tkel\u0151n l\u00e9pek be Rom\u00e1ni\u00e1ba. Igaz, t\u00f6bb mint h\u00e1rom \u00f3r\u00e1t kell v\u00e1rakoznom. K\u00f6zel 15 \u00f3r\u00e1s utaz\u00e1s ut\u00e1n v\u00e9gre otthon vagyok! Igaz, most k\u00e9t h\u00e9t h\u00e1zi karant\u00e9n v\u00e1r r\u00e1m. Sebaj! Fontos, hogy egy\u00fctt vagyunk!<\/p>\n<p>Ide k\u00edv\u00e1nkozik feles\u00e9gem, Erika gondolata is. Magam sem tudom, hogyan, de telefonom k\u00e9perny\u0151j\u00e9n megjelenik egy mentett \u00fczenetet, egy olyan, sz\u00e1momra nagyon fontos szem\u00e9lyt\u0151l, aki sajnos m\u00e1r nincs vel\u00fcnk. Tal\u00e1n az\u00e9rt, mert most is \u00fczenni akart: \u201eMinden megold\u00f3dik! Aludjatok j\u00f3l!\u201d<\/p>\n<p>S\u00e1rk\u00f6z\u00fajlak, 2020. m\u00e1jus 17.<\/p>\n<p>Szomj\u00fa B\u00e9la, Erika, Dorka \u00e9s Bence<\/p>\n","protected":false},"excerpt":{"rendered":"<p>Ez alkalommal, unokah\u00fagom, Erika f\u00e9rj\u00e9nek, B\u00e9l\u00e1nak szem\u00e9lyes besz\u00e1mol\u00f3j\u00e1t olvashatj\u00e1tok. Ha m\u00e1skor nem, vas\u00e1rnap mindig ker\u00edt\u00fcnk id\u0151t arra, hogy v\u00e1ltsunk n\u00e9h\u00e1ny sz\u00f3t telefonon. Ilyenkor mindig \u00faton van. A sz\u00e1m\u00e1ra is megterhel\u0151 id\u0151ben pr\u00f3b\u00e1ltam t\u00f6bbsz\u00f6r seg\u00edts\u00e9g\u00e9re sietni, biztatni \u00e9s b\u00e1tor\u00edtani. Megk\u00e9rtem, hogy ossza meg vel\u00fcnk \u00e9rz\u00e9seit. Fogadj\u00e1tok szertettel! Lelkip\u00e1sztori szeretettel, Tibor atya Az \u00e9n H\u00fasv\u00e9tom, t\u00e1vol csal\u00e1domt\u00f3l&#8230; 2020. m\u00e1rcius 1., vas\u00e1rnap, reggel 8 \u00f3ra, S\u00e1rk\u00f6z\u00fajlak. \u00c1tlagosnak t\u0171n\u0151 vas\u00e1rnap reggel. \u00dajb\u00f3l \u00fatra kelek, hogy megtegyek k\u00f6zel 1.000 kilom\u00e9ternyi t\u00e1vols\u00e1got. A hossz\u00fa \u00fat ut\u00e1n n\u00e9h\u00e1ny \u00f3ra pihen\u00e9s, s azt\u00e1n h\u00e9tf\u0151 hajnalban utazunk tov\u00e1bb T\u00f6gingb\u0151l Heidenheimba, hogy eg\u00e9sz h\u00e9ten dolgozzunk. Ezt teszem imm\u00e1r k\u00f6zel \u00f6t \u00e9ve. M\u00e9gis, amikor csak tehetem, cs\u00fct\u00f6rt\u00f6k este \u00fatra kelek, hogy szeretett csal\u00e1dommal lehessek, s p\u00e9nteken \u00e9s szombaton otthon is elv\u00e9gezzem dolgaimat, egy\u00fctt legyek a csal\u00e1ddal. Elb\u00facs\u00fazom, meg\u00f6lelem Erik\u00e1t, a gyerekek, Dorka \u00e9s Bence m\u00e9g alszanak. J\u00f3 utat! Vigy\u00e1zz magadra! Szeretlek! \u2013 magammal viszem a szavakat \u00e9s \u00e9rz\u00e9seket, s k\u00f6zben m\u00e1r azon gondolkodom, hogyan alakulnak majd az elk\u00f6vetkez\u0151 napok\u2026 \u00cdgy kezd\u0151d\u00f6tt! Azt\u00e1n \u00fagy \u00e9reztem, mintha egy hossz\u00fa, v\u00e9get nem \u00e9r\u0151 alag\u00fatba \u00e9rkeztem volna. A hat\u00e1rokat lez\u00e1rt\u00e1k, nem lehet hazamenni. Dorka l\u00e1nyom elesett, elt\u00f6r\u00f6tt a keze\u2026 Otthon kellene lennem, \u00e9n pedig itt vagyok, nem tudok seg\u00edteni, minden Erik\u00e1ra h\u00e1rul. Hi\u00e1ba besz\u00e9l\u00fcnk minden nap, az \u00e9rz\u00e9s m\u00e1r-m\u00e1r b\u00e9n\u00edt. Nem b\u00edrom! B\u00e1tor\u00edtjuk ugyan egym\u00e1st, tal\u00e1n H\u00fasv\u00e9tra hazamehetek\u2026 A hi\u00e1ny\u00e9rzet csak fokoz\u00f3dik, napr\u00f3l napra. Est\u00e9nk\u00e9nt teles\u00edrom p\u00e1rn\u00e1mat tehetetlens\u00e9gemben, reggel f\u00f6lkel\u00e9s, eg\u00e9sznapos robot. \u00cdgy telnek napjaim! Vas\u00e1rnaponk\u00e9nt v\u00e1rom az online k\u00f6zvet\u00edtett szentmis\u00e9ket, pr\u00f3b\u00e1lok lelki er\u0151t gy\u0171jteni. K\u00f6sz\u00f6n\u00f6m Tibornak is a besz\u00e9lget\u00e9seket, a biztat\u00e1st \u00e9s b\u00e1tor\u00edt\u00e1st, a szentmis\u00e9k linkjeit. B\u00e1r nem tartozom e k\u00f6z\u00f6ss\u00e9ghez, most m\u00e9gis k\u00f6zel ker\u00fcltem hozz\u00e1tok. Nagyon sok k\u00e9rd\u00e9s foglalkoztatott ebben az id\u0151ben: Mi\u00e9rt pont \u00e9n? Mit tettem rosszul? Mi\u00e9rt nem lehet\u00fcnk egy\u00fctt legal\u00e1bb H\u00fasv\u00e9tkor? Meddig tart m\u00e9g ez a bizonytalan id\u0151? V\u00e1laszt nem kaptam, de t\u00e9ny, hogy nagyon sokat im\u00e1dkoztam ebben az id\u0151ben,&#8230; <\/p>\n<p><a class=\"readmore\" href=\"https:\/\/stuttgarti-katolikusok.de\/index.php\/szomju-bela-az-en-husvetom-tavol-csaladomtol\/\">R\u00e9szletek<\/a><\/p>\n","protected":false},"author":3,"featured_media":19505,"comment_status":"closed","ping_status":"closed","sticky":false,"template":"","format":"standard","meta":{"footnotes":""},"categories":[28],"tags":[],"class_list":["post-19504","post","type-post","status-publish","format-standard","has-post-thumbnail","hentry","category-olvasoink-irjak"],"yoast_head":"<!-- This site is optimized with the Yoast SEO plugin v27.3 - https:\/\/yoast.com\/product\/yoast-seo-wordpress\/ -->\n<title>Szomj\u00fa B\u00e9la: Az \u00e9n H\u00fasv\u00e9tom, t\u00e1vol csal\u00e1domt\u00f3l... - Stuttgarti Katolikusok<\/title>\n<meta name=\"robots\" content=\"index, follow, max-snippet:-1, max-image-preview:large, max-video-preview:-1\" \/>\n<link rel=\"canonical\" href=\"https:\/\/stuttgarti-katolikusok.de\/index.php\/szomju-bela-az-en-husvetom-tavol-csaladomtol\/\" \/>\n<meta property=\"og:locale\" content=\"hu_HU\" \/>\n<meta property=\"og:type\" content=\"article\" \/>\n<meta property=\"og:title\" content=\"Szomj\u00fa B\u00e9la: Az \u00e9n H\u00fasv\u00e9tom, t\u00e1vol csal\u00e1domt\u00f3l... - Stuttgarti Katolikusok\" \/>\n<meta property=\"og:description\" content=\"Ez alkalommal, unokah\u00fagom, Erika f\u00e9rj\u00e9nek, B\u00e9l\u00e1nak szem\u00e9lyes besz\u00e1mol\u00f3j\u00e1t olvashatj\u00e1tok. Ha m\u00e1skor nem, vas\u00e1rnap mindig ker\u00edt\u00fcnk id\u0151t arra, hogy v\u00e1ltsunk n\u00e9h\u00e1ny sz\u00f3t telefonon. Ilyenkor mindig \u00faton van. A sz\u00e1m\u00e1ra is megterhel\u0151 id\u0151ben pr\u00f3b\u00e1ltam t\u00f6bbsz\u00f6r seg\u00edts\u00e9g\u00e9re sietni, biztatni \u00e9s b\u00e1tor\u00edtani. Megk\u00e9rtem, hogy ossza meg vel\u00fcnk \u00e9rz\u00e9seit. Fogadj\u00e1tok szertettel! Lelkip\u00e1sztori szeretettel, Tibor atya Az \u00e9n H\u00fasv\u00e9tom, t\u00e1vol csal\u00e1domt\u00f3l&#8230; 2020. m\u00e1rcius 1., vas\u00e1rnap, reggel 8 \u00f3ra, S\u00e1rk\u00f6z\u00fajlak. \u00c1tlagosnak t\u0171n\u0151 vas\u00e1rnap reggel. \u00dajb\u00f3l \u00fatra kelek, hogy megtegyek k\u00f6zel 1.000 kilom\u00e9ternyi t\u00e1vols\u00e1got. A hossz\u00fa \u00fat ut\u00e1n n\u00e9h\u00e1ny \u00f3ra pihen\u00e9s, s azt\u00e1n h\u00e9tf\u0151 hajnalban utazunk tov\u00e1bb T\u00f6gingb\u0151l Heidenheimba, hogy eg\u00e9sz h\u00e9ten dolgozzunk. Ezt teszem imm\u00e1r k\u00f6zel \u00f6t \u00e9ve. M\u00e9gis, amikor csak tehetem, cs\u00fct\u00f6rt\u00f6k este \u00fatra kelek, hogy szeretett csal\u00e1dommal lehessek, s p\u00e9nteken \u00e9s szombaton otthon is elv\u00e9gezzem dolgaimat, egy\u00fctt legyek a csal\u00e1ddal. Elb\u00facs\u00fazom, meg\u00f6lelem Erik\u00e1t, a gyerekek, Dorka \u00e9s Bence m\u00e9g alszanak. J\u00f3 utat! Vigy\u00e1zz magadra! Szeretlek! \u2013 magammal viszem a szavakat \u00e9s \u00e9rz\u00e9seket, s k\u00f6zben m\u00e1r azon gondolkodom, hogyan alakulnak majd az elk\u00f6vetkez\u0151 napok\u2026 \u00cdgy kezd\u0151d\u00f6tt! Azt\u00e1n \u00fagy \u00e9reztem, mintha egy hossz\u00fa, v\u00e9get nem \u00e9r\u0151 alag\u00fatba \u00e9rkeztem volna. A hat\u00e1rokat lez\u00e1rt\u00e1k, nem lehet hazamenni. Dorka l\u00e1nyom elesett, elt\u00f6r\u00f6tt a keze\u2026 Otthon kellene lennem, \u00e9n pedig itt vagyok, nem tudok seg\u00edteni, minden Erik\u00e1ra h\u00e1rul. Hi\u00e1ba besz\u00e9l\u00fcnk minden nap, az \u00e9rz\u00e9s m\u00e1r-m\u00e1r b\u00e9n\u00edt. Nem b\u00edrom! B\u00e1tor\u00edtjuk ugyan egym\u00e1st, tal\u00e1n H\u00fasv\u00e9tra hazamehetek\u2026 A hi\u00e1ny\u00e9rzet csak fokoz\u00f3dik, napr\u00f3l napra. Est\u00e9nk\u00e9nt teles\u00edrom p\u00e1rn\u00e1mat tehetetlens\u00e9gemben, reggel f\u00f6lkel\u00e9s, eg\u00e9sznapos robot. \u00cdgy telnek napjaim! Vas\u00e1rnaponk\u00e9nt v\u00e1rom az online k\u00f6zvet\u00edtett szentmis\u00e9ket, pr\u00f3b\u00e1lok lelki er\u0151t gy\u0171jteni. K\u00f6sz\u00f6n\u00f6m Tibornak is a besz\u00e9lget\u00e9seket, a biztat\u00e1st \u00e9s b\u00e1tor\u00edt\u00e1st, a szentmis\u00e9k linkjeit. B\u00e1r nem tartozom e k\u00f6z\u00f6ss\u00e9ghez, most m\u00e9gis k\u00f6zel ker\u00fcltem hozz\u00e1tok. Nagyon sok k\u00e9rd\u00e9s foglalkoztatott ebben az id\u0151ben: Mi\u00e9rt pont \u00e9n? Mit tettem rosszul? Mi\u00e9rt nem lehet\u00fcnk egy\u00fctt legal\u00e1bb H\u00fasv\u00e9tkor? Meddig tart m\u00e9g ez a bizonytalan id\u0151? V\u00e1laszt nem kaptam, de t\u00e9ny, hogy nagyon sokat im\u00e1dkoztam ebben az id\u0151ben,... R\u00e9szletek\" \/>\n<meta property=\"og:url\" content=\"https:\/\/stuttgarti-katolikusok.de\/index.php\/szomju-bela-az-en-husvetom-tavol-csaladomtol\/\" \/>\n<meta property=\"og:site_name\" content=\"Stuttgarti Katolikusok\" \/>\n<meta property=\"article:published_time\" content=\"2020-05-17T23:08:46+00:00\" \/>\n<meta property=\"article:modified_time\" content=\"2020-05-17T23:19:27+00:00\" \/>\n<meta property=\"og:image\" content=\"https:\/\/stuttgarti-katolikusok.de\/wp-content\/uploads\/2020\/05\/szomju-bella.jpeg\" \/>\n\t<meta property=\"og:image:width\" content=\"1600\" \/>\n\t<meta property=\"og:image:height\" content=\"1200\" \/>\n\t<meta property=\"og:image:type\" content=\"image\/jpeg\" \/>\n<meta name=\"author\" content=\"Tibor atya\" \/>\n<meta name=\"twitter:card\" content=\"summary_large_image\" \/>\n<meta name=\"twitter:label1\" content=\"Szerz\u0151:\" \/>\n\t<meta name=\"twitter:data1\" content=\"Tibor atya\" \/>\n\t<meta name=\"twitter:label2\" content=\"Becs\u00fclt olvas\u00e1si id\u0151\" \/>\n\t<meta name=\"twitter:data2\" content=\"4 perc\" \/>\n<script type=\"application\/ld+json\" class=\"yoast-schema-graph\">{\"@context\":\"https:\\\/\\\/schema.org\",\"@graph\":[{\"@type\":\"Article\",\"@id\":\"https:\\\/\\\/stuttgarti-katolikusok.de\\\/index.php\\\/szomju-bela-az-en-husvetom-tavol-csaladomtol\\\/#article\",\"isPartOf\":{\"@id\":\"https:\\\/\\\/stuttgarti-katolikusok.de\\\/index.php\\\/szomju-bela-az-en-husvetom-tavol-csaladomtol\\\/\"},\"author\":{\"name\":\"Tibor atya\",\"@id\":\"https:\\\/\\\/stuttgarti-katolikusok.de\\\/#\\\/schema\\\/person\\\/75908d6f8fdc03a57889d27209df7795\"},\"headline\":\"Szomj\u00fa B\u00e9la: Az \u00e9n H\u00fasv\u00e9tom, t\u00e1vol csal\u00e1domt\u00f3l&#8230;\",\"datePublished\":\"2020-05-17T23:08:46+00:00\",\"dateModified\":\"2020-05-17T23:19:27+00:00\",\"mainEntityOfPage\":{\"@id\":\"https:\\\/\\\/stuttgarti-katolikusok.de\\\/index.php\\\/szomju-bela-az-en-husvetom-tavol-csaladomtol\\\/\"},\"wordCount\":753,\"image\":{\"@id\":\"https:\\\/\\\/stuttgarti-katolikusok.de\\\/index.php\\\/szomju-bela-az-en-husvetom-tavol-csaladomtol\\\/#primaryimage\"},\"thumbnailUrl\":\"https:\\\/\\\/stuttgarti-katolikusok.de\\\/wp-content\\\/uploads\\\/2020\\\/05\\\/szomju-bella.jpeg\",\"articleSection\":[\"Olvas\u00f3ink \u00edrj\u00e1k\"],\"inLanguage\":\"hu\"},{\"@type\":\"WebPage\",\"@id\":\"https:\\\/\\\/stuttgarti-katolikusok.de\\\/index.php\\\/szomju-bela-az-en-husvetom-tavol-csaladomtol\\\/\",\"url\":\"https:\\\/\\\/stuttgarti-katolikusok.de\\\/index.php\\\/szomju-bela-az-en-husvetom-tavol-csaladomtol\\\/\",\"name\":\"Szomj\u00fa B\u00e9la: Az \u00e9n H\u00fasv\u00e9tom, t\u00e1vol csal\u00e1domt\u00f3l... - Stuttgarti Katolikusok\",\"isPartOf\":{\"@id\":\"https:\\\/\\\/stuttgarti-katolikusok.de\\\/#website\"},\"primaryImageOfPage\":{\"@id\":\"https:\\\/\\\/stuttgarti-katolikusok.de\\\/index.php\\\/szomju-bela-az-en-husvetom-tavol-csaladomtol\\\/#primaryimage\"},\"image\":{\"@id\":\"https:\\\/\\\/stuttgarti-katolikusok.de\\\/index.php\\\/szomju-bela-az-en-husvetom-tavol-csaladomtol\\\/#primaryimage\"},\"thumbnailUrl\":\"https:\\\/\\\/stuttgarti-katolikusok.de\\\/wp-content\\\/uploads\\\/2020\\\/05\\\/szomju-bella.jpeg\",\"datePublished\":\"2020-05-17T23:08:46+00:00\",\"dateModified\":\"2020-05-17T23:19:27+00:00\",\"author\":{\"@id\":\"https:\\\/\\\/stuttgarti-katolikusok.de\\\/#\\\/schema\\\/person\\\/75908d6f8fdc03a57889d27209df7795\"},\"breadcrumb\":{\"@id\":\"https:\\\/\\\/stuttgarti-katolikusok.de\\\/index.php\\\/szomju-bela-az-en-husvetom-tavol-csaladomtol\\\/#breadcrumb\"},\"inLanguage\":\"hu\",\"potentialAction\":[{\"@type\":\"ReadAction\",\"target\":[\"https:\\\/\\\/stuttgarti-katolikusok.de\\\/index.php\\\/szomju-bela-az-en-husvetom-tavol-csaladomtol\\\/\"]}]},{\"@type\":\"ImageObject\",\"inLanguage\":\"hu\",\"@id\":\"https:\\\/\\\/stuttgarti-katolikusok.de\\\/index.php\\\/szomju-bela-az-en-husvetom-tavol-csaladomtol\\\/#primaryimage\",\"url\":\"https:\\\/\\\/stuttgarti-katolikusok.de\\\/wp-content\\\/uploads\\\/2020\\\/05\\\/szomju-bella.jpeg\",\"contentUrl\":\"https:\\\/\\\/stuttgarti-katolikusok.de\\\/wp-content\\\/uploads\\\/2020\\\/05\\\/szomju-bella.jpeg\",\"width\":1600,\"height\":1200},{\"@type\":\"BreadcrumbList\",\"@id\":\"https:\\\/\\\/stuttgarti-katolikusok.de\\\/index.php\\\/szomju-bela-az-en-husvetom-tavol-csaladomtol\\\/#breadcrumb\",\"itemListElement\":[{\"@type\":\"ListItem\",\"position\":1,\"name\":\"Kezd\u0151lap\",\"item\":\"https:\\\/\\\/stuttgarti-katolikusok.de\\\/\"},{\"@type\":\"ListItem\",\"position\":2,\"name\":\"Szomj\u00fa B\u00e9la: Az \u00e9n H\u00fasv\u00e9tom, t\u00e1vol csal\u00e1domt\u00f3l&#8230;\"}]},{\"@type\":\"WebSite\",\"@id\":\"https:\\\/\\\/stuttgarti-katolikusok.de\\\/#website\",\"url\":\"https:\\\/\\\/stuttgarti-katolikusok.de\\\/\",\"name\":\"Stuttgarti Katolikusok\",\"description\":\"\",\"potentialAction\":[{\"@type\":\"SearchAction\",\"target\":{\"@type\":\"EntryPoint\",\"urlTemplate\":\"https:\\\/\\\/stuttgarti-katolikusok.de\\\/?s={search_term_string}\"},\"query-input\":{\"@type\":\"PropertyValueSpecification\",\"valueRequired\":true,\"valueName\":\"search_term_string\"}}],\"inLanguage\":\"hu\"},{\"@type\":\"Person\",\"@id\":\"https:\\\/\\\/stuttgarti-katolikusok.de\\\/#\\\/schema\\\/person\\\/75908d6f8fdc03a57889d27209df7795\",\"name\":\"Tibor atya\",\"image\":{\"@type\":\"ImageObject\",\"inLanguage\":\"hu\",\"@id\":\"https:\\\/\\\/secure.gravatar.com\\\/avatar\\\/61d268e57d1f4525b111222e29d2d5a7f8c420fdbf231ba5566a8ceac74fa960?s=96&d=mm&r=g\",\"url\":\"https:\\\/\\\/secure.gravatar.com\\\/avatar\\\/61d268e57d1f4525b111222e29d2d5a7f8c420fdbf231ba5566a8ceac74fa960?s=96&d=mm&r=g\",\"contentUrl\":\"https:\\\/\\\/secure.gravatar.com\\\/avatar\\\/61d268e57d1f4525b111222e29d2d5a7f8c420fdbf231ba5566a8ceac74fa960?s=96&d=mm&r=g\",\"caption\":\"Tibor atya\"},\"url\":\"https:\\\/\\\/stuttgarti-katolikusok.de\\\/index.php\\\/author\\\/tibor-atya\\\/\"}]}<\/script>\n<!-- \/ Yoast SEO plugin. -->","yoast_head_json":{"title":"Szomj\u00fa B\u00e9la: Az \u00e9n H\u00fasv\u00e9tom, t\u00e1vol csal\u00e1domt\u00f3l... - Stuttgarti Katolikusok","robots":{"index":"index","follow":"follow","max-snippet":"max-snippet:-1","max-image-preview":"max-image-preview:large","max-video-preview":"max-video-preview:-1"},"canonical":"https:\/\/stuttgarti-katolikusok.de\/index.php\/szomju-bela-az-en-husvetom-tavol-csaladomtol\/","og_locale":"hu_HU","og_type":"article","og_title":"Szomj\u00fa B\u00e9la: Az \u00e9n H\u00fasv\u00e9tom, t\u00e1vol csal\u00e1domt\u00f3l... - Stuttgarti Katolikusok","og_description":"Ez alkalommal, unokah\u00fagom, Erika f\u00e9rj\u00e9nek, B\u00e9l\u00e1nak szem\u00e9lyes besz\u00e1mol\u00f3j\u00e1t olvashatj\u00e1tok. Ha m\u00e1skor nem, vas\u00e1rnap mindig ker\u00edt\u00fcnk id\u0151t arra, hogy v\u00e1ltsunk n\u00e9h\u00e1ny sz\u00f3t telefonon. Ilyenkor mindig \u00faton van. A sz\u00e1m\u00e1ra is megterhel\u0151 id\u0151ben pr\u00f3b\u00e1ltam t\u00f6bbsz\u00f6r seg\u00edts\u00e9g\u00e9re sietni, biztatni \u00e9s b\u00e1tor\u00edtani. Megk\u00e9rtem, hogy ossza meg vel\u00fcnk \u00e9rz\u00e9seit. Fogadj\u00e1tok szertettel! Lelkip\u00e1sztori szeretettel, Tibor atya Az \u00e9n H\u00fasv\u00e9tom, t\u00e1vol csal\u00e1domt\u00f3l&#8230; 2020. m\u00e1rcius 1., vas\u00e1rnap, reggel 8 \u00f3ra, S\u00e1rk\u00f6z\u00fajlak. \u00c1tlagosnak t\u0171n\u0151 vas\u00e1rnap reggel. \u00dajb\u00f3l \u00fatra kelek, hogy megtegyek k\u00f6zel 1.000 kilom\u00e9ternyi t\u00e1vols\u00e1got. A hossz\u00fa \u00fat ut\u00e1n n\u00e9h\u00e1ny \u00f3ra pihen\u00e9s, s azt\u00e1n h\u00e9tf\u0151 hajnalban utazunk tov\u00e1bb T\u00f6gingb\u0151l Heidenheimba, hogy eg\u00e9sz h\u00e9ten dolgozzunk. Ezt teszem imm\u00e1r k\u00f6zel \u00f6t \u00e9ve. M\u00e9gis, amikor csak tehetem, cs\u00fct\u00f6rt\u00f6k este \u00fatra kelek, hogy szeretett csal\u00e1dommal lehessek, s p\u00e9nteken \u00e9s szombaton otthon is elv\u00e9gezzem dolgaimat, egy\u00fctt legyek a csal\u00e1ddal. Elb\u00facs\u00fazom, meg\u00f6lelem Erik\u00e1t, a gyerekek, Dorka \u00e9s Bence m\u00e9g alszanak. J\u00f3 utat! Vigy\u00e1zz magadra! Szeretlek! \u2013 magammal viszem a szavakat \u00e9s \u00e9rz\u00e9seket, s k\u00f6zben m\u00e1r azon gondolkodom, hogyan alakulnak majd az elk\u00f6vetkez\u0151 napok\u2026 \u00cdgy kezd\u0151d\u00f6tt! Azt\u00e1n \u00fagy \u00e9reztem, mintha egy hossz\u00fa, v\u00e9get nem \u00e9r\u0151 alag\u00fatba \u00e9rkeztem volna. A hat\u00e1rokat lez\u00e1rt\u00e1k, nem lehet hazamenni. Dorka l\u00e1nyom elesett, elt\u00f6r\u00f6tt a keze\u2026 Otthon kellene lennem, \u00e9n pedig itt vagyok, nem tudok seg\u00edteni, minden Erik\u00e1ra h\u00e1rul. Hi\u00e1ba besz\u00e9l\u00fcnk minden nap, az \u00e9rz\u00e9s m\u00e1r-m\u00e1r b\u00e9n\u00edt. Nem b\u00edrom! B\u00e1tor\u00edtjuk ugyan egym\u00e1st, tal\u00e1n H\u00fasv\u00e9tra hazamehetek\u2026 A hi\u00e1ny\u00e9rzet csak fokoz\u00f3dik, napr\u00f3l napra. Est\u00e9nk\u00e9nt teles\u00edrom p\u00e1rn\u00e1mat tehetetlens\u00e9gemben, reggel f\u00f6lkel\u00e9s, eg\u00e9sznapos robot. \u00cdgy telnek napjaim! Vas\u00e1rnaponk\u00e9nt v\u00e1rom az online k\u00f6zvet\u00edtett szentmis\u00e9ket, pr\u00f3b\u00e1lok lelki er\u0151t gy\u0171jteni. K\u00f6sz\u00f6n\u00f6m Tibornak is a besz\u00e9lget\u00e9seket, a biztat\u00e1st \u00e9s b\u00e1tor\u00edt\u00e1st, a szentmis\u00e9k linkjeit. B\u00e1r nem tartozom e k\u00f6z\u00f6ss\u00e9ghez, most m\u00e9gis k\u00f6zel ker\u00fcltem hozz\u00e1tok. Nagyon sok k\u00e9rd\u00e9s foglalkoztatott ebben az id\u0151ben: Mi\u00e9rt pont \u00e9n? Mit tettem rosszul? Mi\u00e9rt nem lehet\u00fcnk egy\u00fctt legal\u00e1bb H\u00fasv\u00e9tkor? Meddig tart m\u00e9g ez a bizonytalan id\u0151? V\u00e1laszt nem kaptam, de t\u00e9ny, hogy nagyon sokat im\u00e1dkoztam ebben az id\u0151ben,... R\u00e9szletek","og_url":"https:\/\/stuttgarti-katolikusok.de\/index.php\/szomju-bela-az-en-husvetom-tavol-csaladomtol\/","og_site_name":"Stuttgarti Katolikusok","article_published_time":"2020-05-17T23:08:46+00:00","article_modified_time":"2020-05-17T23:19:27+00:00","og_image":[{"width":1600,"height":1200,"url":"https:\/\/stuttgarti-katolikusok.de\/wp-content\/uploads\/2020\/05\/szomju-bella.jpeg","type":"image\/jpeg"}],"author":"Tibor atya","twitter_card":"summary_large_image","twitter_misc":{"Szerz\u0151:":"Tibor atya","Becs\u00fclt olvas\u00e1si id\u0151":"4 perc"},"schema":{"@context":"https:\/\/schema.org","@graph":[{"@type":"Article","@id":"https:\/\/stuttgarti-katolikusok.de\/index.php\/szomju-bela-az-en-husvetom-tavol-csaladomtol\/#article","isPartOf":{"@id":"https:\/\/stuttgarti-katolikusok.de\/index.php\/szomju-bela-az-en-husvetom-tavol-csaladomtol\/"},"author":{"name":"Tibor atya","@id":"https:\/\/stuttgarti-katolikusok.de\/#\/schema\/person\/75908d6f8fdc03a57889d27209df7795"},"headline":"Szomj\u00fa B\u00e9la: Az \u00e9n H\u00fasv\u00e9tom, t\u00e1vol csal\u00e1domt\u00f3l&#8230;","datePublished":"2020-05-17T23:08:46+00:00","dateModified":"2020-05-17T23:19:27+00:00","mainEntityOfPage":{"@id":"https:\/\/stuttgarti-katolikusok.de\/index.php\/szomju-bela-az-en-husvetom-tavol-csaladomtol\/"},"wordCount":753,"image":{"@id":"https:\/\/stuttgarti-katolikusok.de\/index.php\/szomju-bela-az-en-husvetom-tavol-csaladomtol\/#primaryimage"},"thumbnailUrl":"https:\/\/stuttgarti-katolikusok.de\/wp-content\/uploads\/2020\/05\/szomju-bella.jpeg","articleSection":["Olvas\u00f3ink \u00edrj\u00e1k"],"inLanguage":"hu"},{"@type":"WebPage","@id":"https:\/\/stuttgarti-katolikusok.de\/index.php\/szomju-bela-az-en-husvetom-tavol-csaladomtol\/","url":"https:\/\/stuttgarti-katolikusok.de\/index.php\/szomju-bela-az-en-husvetom-tavol-csaladomtol\/","name":"Szomj\u00fa B\u00e9la: Az \u00e9n H\u00fasv\u00e9tom, t\u00e1vol csal\u00e1domt\u00f3l... - Stuttgarti Katolikusok","isPartOf":{"@id":"https:\/\/stuttgarti-katolikusok.de\/#website"},"primaryImageOfPage":{"@id":"https:\/\/stuttgarti-katolikusok.de\/index.php\/szomju-bela-az-en-husvetom-tavol-csaladomtol\/#primaryimage"},"image":{"@id":"https:\/\/stuttgarti-katolikusok.de\/index.php\/szomju-bela-az-en-husvetom-tavol-csaladomtol\/#primaryimage"},"thumbnailUrl":"https:\/\/stuttgarti-katolikusok.de\/wp-content\/uploads\/2020\/05\/szomju-bella.jpeg","datePublished":"2020-05-17T23:08:46+00:00","dateModified":"2020-05-17T23:19:27+00:00","author":{"@id":"https:\/\/stuttgarti-katolikusok.de\/#\/schema\/person\/75908d6f8fdc03a57889d27209df7795"},"breadcrumb":{"@id":"https:\/\/stuttgarti-katolikusok.de\/index.php\/szomju-bela-az-en-husvetom-tavol-csaladomtol\/#breadcrumb"},"inLanguage":"hu","potentialAction":[{"@type":"ReadAction","target":["https:\/\/stuttgarti-katolikusok.de\/index.php\/szomju-bela-az-en-husvetom-tavol-csaladomtol\/"]}]},{"@type":"ImageObject","inLanguage":"hu","@id":"https:\/\/stuttgarti-katolikusok.de\/index.php\/szomju-bela-az-en-husvetom-tavol-csaladomtol\/#primaryimage","url":"https:\/\/stuttgarti-katolikusok.de\/wp-content\/uploads\/2020\/05\/szomju-bella.jpeg","contentUrl":"https:\/\/stuttgarti-katolikusok.de\/wp-content\/uploads\/2020\/05\/szomju-bella.jpeg","width":1600,"height":1200},{"@type":"BreadcrumbList","@id":"https:\/\/stuttgarti-katolikusok.de\/index.php\/szomju-bela-az-en-husvetom-tavol-csaladomtol\/#breadcrumb","itemListElement":[{"@type":"ListItem","position":1,"name":"Kezd\u0151lap","item":"https:\/\/stuttgarti-katolikusok.de\/"},{"@type":"ListItem","position":2,"name":"Szomj\u00fa B\u00e9la: Az \u00e9n H\u00fasv\u00e9tom, t\u00e1vol csal\u00e1domt\u00f3l&#8230;"}]},{"@type":"WebSite","@id":"https:\/\/stuttgarti-katolikusok.de\/#website","url":"https:\/\/stuttgarti-katolikusok.de\/","name":"Stuttgarti Katolikusok","description":"","potentialAction":[{"@type":"SearchAction","target":{"@type":"EntryPoint","urlTemplate":"https:\/\/stuttgarti-katolikusok.de\/?s={search_term_string}"},"query-input":{"@type":"PropertyValueSpecification","valueRequired":true,"valueName":"search_term_string"}}],"inLanguage":"hu"},{"@type":"Person","@id":"https:\/\/stuttgarti-katolikusok.de\/#\/schema\/person\/75908d6f8fdc03a57889d27209df7795","name":"Tibor atya","image":{"@type":"ImageObject","inLanguage":"hu","@id":"https:\/\/secure.gravatar.com\/avatar\/61d268e57d1f4525b111222e29d2d5a7f8c420fdbf231ba5566a8ceac74fa960?s=96&d=mm&r=g","url":"https:\/\/secure.gravatar.com\/avatar\/61d268e57d1f4525b111222e29d2d5a7f8c420fdbf231ba5566a8ceac74fa960?s=96&d=mm&r=g","contentUrl":"https:\/\/secure.gravatar.com\/avatar\/61d268e57d1f4525b111222e29d2d5a7f8c420fdbf231ba5566a8ceac74fa960?s=96&d=mm&r=g","caption":"Tibor atya"},"url":"https:\/\/stuttgarti-katolikusok.de\/index.php\/author\/tibor-atya\/"}]}},"_links":{"self":[{"href":"https:\/\/stuttgarti-katolikusok.de\/index.php\/wp-json\/wp\/v2\/posts\/19504","targetHints":{"allow":["GET"]}}],"collection":[{"href":"https:\/\/stuttgarti-katolikusok.de\/index.php\/wp-json\/wp\/v2\/posts"}],"about":[{"href":"https:\/\/stuttgarti-katolikusok.de\/index.php\/wp-json\/wp\/v2\/types\/post"}],"author":[{"embeddable":true,"href":"https:\/\/stuttgarti-katolikusok.de\/index.php\/wp-json\/wp\/v2\/users\/3"}],"replies":[{"embeddable":true,"href":"https:\/\/stuttgarti-katolikusok.de\/index.php\/wp-json\/wp\/v2\/comments?post=19504"}],"version-history":[{"count":4,"href":"https:\/\/stuttgarti-katolikusok.de\/index.php\/wp-json\/wp\/v2\/posts\/19504\/revisions"}],"predecessor-version":[{"id":19511,"href":"https:\/\/stuttgarti-katolikusok.de\/index.php\/wp-json\/wp\/v2\/posts\/19504\/revisions\/19511"}],"wp:featuredmedia":[{"embeddable":true,"href":"https:\/\/stuttgarti-katolikusok.de\/index.php\/wp-json\/wp\/v2\/media\/19505"}],"wp:attachment":[{"href":"https:\/\/stuttgarti-katolikusok.de\/index.php\/wp-json\/wp\/v2\/media?parent=19504"}],"wp:term":[{"taxonomy":"category","embeddable":true,"href":"https:\/\/stuttgarti-katolikusok.de\/index.php\/wp-json\/wp\/v2\/categories?post=19504"},{"taxonomy":"post_tag","embeddable":true,"href":"https:\/\/stuttgarti-katolikusok.de\/index.php\/wp-json\/wp\/v2\/tags?post=19504"}],"curies":[{"name":"wp","href":"https:\/\/api.w.org\/{rel}","templated":true}]}}