{"id":19500,"date":"2020-05-16T04:42:09","date_gmt":"2020-05-16T04:42:09","guid":{"rendered":"https:\/\/gracious-dewdney.138-201-221-2.plesk.page\/?p=19500"},"modified":"2020-05-16T05:38:46","modified_gmt":"2020-05-16T05:38:46","slug":"husvet-6-vasarnapjara","status":"publish","type":"post","link":"https:\/\/stuttgarti-katolikusok.de\/index.php\/husvet-6-vasarnapjara\/","title":{"rendered":"H\u00fasv\u00e9t 6. vas\u00e1rnapj\u00e1ra"},"content":{"rendered":"<ol start=\"2020\">\n<li><strong> m\u00e1jus 17.<\/strong><\/li>\n<\/ol>\n<p><strong>H\u00fasv\u00e9t 6. vas\u00e1rnapja<\/strong><\/p>\n<p><strong>Alleluja + alleluja + alleluja<\/strong><\/p>\n<p>&nbsp;<\/p>\n<p>Ha az ember \u00f6nmag\u00e1ban bizakodn\u00e9k, el\u0151bb vagy ut\u00f3bb, m\u00e9lys\u00e9ges csal\u00f3d\u00e1s \u00e9rn\u00e9. Az Egyh\u00e1z munk\u00e1ja emberi er\u0151lk\u00f6d\u00e9s lenne, ha a saj\u00e1t erej\u00e9re hagyatkozn\u00e9k. Az Egyh\u00e1z \u00e9lete Krisztus, ereje a Szentl\u00e9lek, aki az igehirdet\u00e9sben, a szents\u00e9gek kiszolg\u00e1ltat\u00e1s\u00e1ban, az emberekkel val\u00f3 foglalkoz\u00e1sban kegyelm\u00e9t \u00e9s vigasztal\u00e1s\u00e1t \u00e1rasztja r\u00e1nk.<\/p>\n<p><strong>KEZD\u0150\u00c9NEK<\/strong>\u00a0\u00a0\u00a0\u00a0\u00a0\u00a0\u00a0\u00a0\u00a0\u00a0\u00a0\u00a0\u00a0\u00a0\u00a0\u00a0\u00a0\u00a0\u00a0\u00a0\u00a0\u00a0\u00a0\u00a0\u00a0\u00a0\u00a0\u00a0\u00a0\u00a0\u00a0\u00a0\u00a0\u00a0\u00a0\u00a0\u00a0\u00a0\u00a0\u00a0\u00a0\u00a0\u00a0\u00a0\u00a0\u00a0\u00a0\u00a0\u00a0\u00a0\u00a0\u00a0\u00a0\u00a0 <em>V\u00f6. Iz 48, 20<\/em><\/p>\n<p>Ujjong\u00f3 sz\u00f3val hirdess\u00e9tek, hogy mindenki hallja, hirdess\u00e9tek minden\u00fctt a f\u00f6ld\u00f6n: megv\u00e1ltotta az \u00dar az \u0151 n\u00e9p\u00e9t, alleluja.<\/p>\n<p><strong>OLVASM\u00c1NY<\/strong>\u00a0\u00a0\u00a0 \u00a0\u00a0\u00a0\u00a0\u00a0\u00a0\u00a0\u00a0\u00a0\u00a0\u00a0\u00a0\u00a0\u00a0\u00a0\u00a0\u00a0\u00a0\u00a0\u00a0\u00a0\u00a0\u00a0\u00a0\u00a0\u00a0\u00a0\u00a0\u00a0\u00a0<em>ApCsel 8, 5\u20138. 14\u201317<\/em><\/p>\n<p>Szamari\u00e1ban nagy \u00f6r\u00f6met jelentett F\u00fcl\u00f6p diak\u00f3nus m\u0171k\u00f6d\u00e9se. \u00d6r\u00fcltek annak, hogy a betegek meggy\u00f3gyultak, \u00e9s a tiszt\u00e1talan lelkek elhagyt\u00e1k a megsz\u00e1llottakat. A legszebb \u00f6r\u00f6m\u00f6k k\u00f6z\u00e9 tartozik, ha valaki megszabadul a k\u00eds\u00e9rt\u0151t\u0151l \u00e9s a b\u0171nt\u0151l, \u00e9s meggy\u00f3gyul a b\u0171n ejtette sebekt\u0151l.<\/p>\n<p><strong>V\u00c1LASZOS ZSOLT\u00c1R<\/strong>\u00a0\u00a0\u00a0\u00a0\u00a0\u00a0\u00a0\u00a0\u00a0\u00a0\u00a0\u00a0\u00a0\u00a0\u00a0\u00a0\u00a0\u00a0\u00a0\u00a0\u00a0\u00a0\u00a0\u00a0\u00a0\u00a0\u00a0\u00a0\u00a0\u00a0\u00a0\u00a0\u00a0\u00a0\u00a0\u00a0\u00a0\u00a0\u00a0\u00a0\u00a0\u00a0\u00a0 <em>65. Zsolt\u00e1r<\/em><\/p>\n<p><strong>V\u00e1lasz: Minden f\u00f6ld Istent dics\u00e9rje!<\/strong><\/p>\n<p><strong>Vagy: Alleluja, alleluja, alleluja.<\/strong><\/p>\n<p><strong>SZENTLECKE <\/strong>\u00a0\u00a0\u00a0\u00a0\u00a0\u00a0\u00a0\u00a0\u00a0\u00a0\u00a0\u00a0\u00a0\u00a0\u00a0\u00a0\u00a0\u00a0\u00a0\u00a0\u00a0\u00a0\u00a0\u00a0\u00a0\u00a0\u00a0\u00a0\u00a0\u00a0\u00a0\u00a0\u00a0\u00a0\u00a0\u00a0\u00a0\u00a0\u00a0\u00a0\u00a0\u00a0\u00a0\u00a0\u00a0<em>1 P\u00e9t 3, 15\u201318<\/em><\/p>\n<p>A nemh\u00edv\u0151k mindig k\u00edv\u00e1ncsian n\u00e9zik a vall\u00e1sos embereket, hogy mi ad nekik boldogs\u00e1got, miben nyilv\u00e1nul meg a hit\u00fck. Sokszor s\u00f3v\u00e1rogva tekintenek arra az emberre, aki nem roppan \u00f6ssze a szenved\u00e9sek s\u00falya alatt, aki tud t\u0171rni, s tud j\u00f3t tenni. Sz\u00e9p \u00e9letet k\u00edv\u00e1n t\u0151l\u00fcnk az Isten. Kell, hogy a p\u00e9ld\u00e1nk sz\u00f3 n\u00e9lk\u00fcl is pr\u00e9dik\u00e1ci\u00f3 legyen!<\/p>\n<p><strong>ALLELUJA<\/strong>\u00a0\u00a0\u00a0\u00a0\u00a0\u00a0\u00a0\u00a0\u00a0\u00a0\u00a0\u00a0\u00a0\u00a0\u00a0\u00a0\u00a0\u00a0\u00a0\u00a0\u00a0\u00a0\u00a0\u00a0\u00a0\u00a0\u00a0\u00a0 \u00a0\u00a0\u00a0\u00a0\u00a0\u00a0\u00a0\u00a0\u00a0\u00a0\u00a0\u00a0\u00a0\u00a0\u00a0\u00a0\u00a0\u00a0\u00a0\u00a0\u00a0\u00a0\u00a0\u00a0\u00a0\u00a0\u00a0\u00a0\u00a0\u00a0\u00a0\u00a0\u00a0\u00a0\u00a0\u00a0\u00a0\u00a0\u00a0<em>Jn 14, 23<\/em><\/p>\n<p>J\u00e9zus mondja: \u201eAki szeret engem, megfogadja szavamat. * Aty\u00e1m is szeretni fogja, \u00e9s hozz\u00e1 k\u00f6lt\u00f6z\u00fcnk.\u201d<\/p>\n<p><strong>EVANG\u00c9LIUM<\/strong>\u00a0\u00a0\u00a0\u00a0\u00a0\u00a0\u00a0\u00a0\u00a0\u00a0\u00a0\u00a0\u00a0\u00a0\u00a0\u00a0\u00a0\u00a0\u00a0\u00a0\u00a0\u00a0\u00a0\u00a0\u00a0\u00a0\u00a0\u00a0\u00a0\u00a0\u00a0\u00a0\u00a0\u00a0\u00a0\u00a0\u00a0\u00a0\u00a0\u00a0\u00a0\u00a0\u00a0\u00a0\u00a0\u00a0 <em>Jn 14, 15\u201321<\/em><\/p>\n<p>Senki sem vitatja, hogy r\u00f6vid az az id\u0151, amelyet az ember a f\u00f6ld\u00f6n t\u00f6lt. \u00c9let\u00fcnk \u00e9rt\u00e9k\u00e9t nem is az hat\u00e1rozza meg, hogy r\u00f6vid vagy hossz\u00fa ideig \u00e9lhet\u00fcnk a f\u00f6ld\u00f6n, hanem az, hogy hogyan \u00e9l\u00fcnk. Megtartjuk-e Krisztus parancsait? Befogadjuk-e a Szenth\u00e1roms\u00e1got \u00e9let\u00fcnkbe?<\/p>\n<p><strong>LELKI \u00c1LDOZ\u00c1S<\/strong><\/p>\n<p>Ha Krisztussal felt\u00e1madtunk, Isten gyermekei vagyunk, \u00e9s nagy bizalommal \u00edgy mer\u00fcnk im\u00e1dkozni: MI ATY\u00c1NK&#8230;<\/p>\n<p><em>V\u00e1gyakozzunk Krisztus test\u00e9nek v\u00e9tel\u00e9re, \u00e9s l\u00e9lekben \u00e1ldozzunk meg.<\/em><\/p>\n<p>J\u00e9zusom! Hiszem, hogy jelen vagy a legm\u00e9lt\u00f3s\u00e1gosabb Olt\u00e1riszents\u00e9gben. Mindenn\u00e9l jobban szeretlek, \u00e9s v\u00e1gyom r\u00e1, hogy a lelkembe fogadhassalak. Mivel most nem tudlak szents\u00e9gi m\u00f3don magamhoz venni, j\u00f6jj, legal\u00e1bb lelki m\u00f3don, a sz\u00edvembe! Magamhoz \u00f6lellek, mintha m\u00e1r ott lenn\u00e9l, \u00e9s teljesen egyes\u00edtem magamat Veled. Ne engedd, hogy elszakadjak T\u0151led! \u00c1men.<\/p>\n<p>ELM\u00c9LKED\u00c9S<\/p>\n<p>Min\u00e9l jobban kialak\u00edtja valaki mag\u00e1ban Krisztus arc\u00e1t, hogy ez\u00e1ltal k\u00f6zelebb ker\u00fclj\u00f6n az Istenben val\u00f3 l\u00e9thez, ann\u00e1l istenibb\u00e9 v\u00e1lik \u0151 maga is, hiszen egyes\u00fcl benne az ember meg az Isten. Ha a l\u00e9lek egyes\u00fcl Krisztussal, Istenbe \u00f6lt\u00f6zik, \u00e9s mindent megtehet, \u00e9pp\u00fagy, mint \u0151.<\/p>\n<p>Az a l\u00e9lek, aki szereti Istent, mindig \u00f6r\u00f6met akar neki szerezni, minden pillanatban, minden gondolat\u00e1val, minden szav\u00e1val, eg\u00e9sz tehets\u00e9g\u00e9vel, eg\u00e9sz l\u00e9ny\u00e9vel.<\/p>\n<p><em>Szent Maximili\u00e1n Kolbe<\/em><\/p>\n<p>ZSINATI TAN\u00cdT\u00c1S<\/p>\n<p>Minden krisztush\u00edv\u0151 \u00e1lland\u00f3an k\u00f6ny\u00f6r\u00f6gj\u00f6n Isten \u00e9s az emberek anyj\u00e1hoz, hogy \u0151, aki a kezdetn\u00e9l is t\u00e1mogatta im\u00e1j\u00e1val az Egyh\u00e1zat, most, felmagasztalva a mennyben a szentek \u00e9s az angyalok f\u00f6l\u00e9, legyen k\u00f6zbenj\u00e1r\u00f3nk Fi\u00e1n\u00e1l, a Mindenszentek k\u00f6z\u00f6ss\u00e9g\u00e9ben. Legyen sz\u00f3sz\u00f3l\u00f3nk, am\u00edg a vil\u00e1g n\u00e9pei, ak\u00e1r kereszt\u00e9nyek ak\u00e1r nem, b\u00e9k\u00e9ben \u00e9s boldogan nem egyes\u00fclnek Isten egyetlen n\u00e9pe k\u00f6z\u00f6ss\u00e9g\u00e9ben, a Szenth\u00e1roms\u00e1g dics\u0151s\u00e9g\u00e9re. &#8211; <em>II. Vatik\u00e1ni Zsinat: \u201eLumen Gentium\u201d Konstit\u00faci\u00f3, 69<\/em><\/p>\n<p>IMA SZENT RIT\u00c1HOZ LELKI ER\u0150\u00c9RT \u00c9S T\u00dcRELEM\u00c9RT<\/p>\n<p>M\u00e1jus 22.<\/p>\n<p>Szent Rita, a lelki er\u0151 \u00e9s t\u00fcrelem l\u00e1ngol\u00f3 p\u00e9ldak\u00e9pe, k\u00e9rj nekem Istent\u0151l szent lelki er\u0151t, hogy \u00e1llapotbeli k\u00f6teless\u00e9geimben ne mondjak cs\u0151d\u00f6t, hanem \u00e1lljam a harcot, \u00e9s minden neh\u00e9zs\u00e9g k\u00f6z\u00f6tt kitartsak. J\u00e9zus isteni Sz\u00edv\u00e9t\u0151l esdj ki nekem szel\u00edd sz\u00edvet, amely a harag \u00e9s t\u00fcrelmetlens\u00e9g f\u00f6l\u00f6tt uralkodik, sz\u00f3ban \u00e9s tettben istenf\u00e9l\u0151. Szent Patr\u00f3n\u00e1m! Mutasd meg nekem a j\u00f3 utat, \u00e9s minden munk\u00e1mat ir\u00e1ny\u00edtsd Isten tetsz\u00e9se szerint. Amen.<\/p>\n<p>IM\u00c1DS\u00c1G BOLDOG APOR VILMOS P\u00dcSP\u00d6K V\u00c9RTAN\u00da K\u00d6ZBENJ\u00c1R\u00c1S\u00c1\u00c9RT<\/p>\n<p>M\u00e1jus 23.<\/p>\n<p>Mindenhat\u00f3 \u00f6r\u00f6k Isten, a Te szolg\u00e1d Boldog Vilmos \u00e9let\u00e9ben szeretettel hajolt le a szeg\u00e9nyekhez. B\u00e1tran ki\u00e1llt az igazs\u00e1gtalans\u00e1g \u00e1ldozatainak v\u00e9delm\u00e9ben. \u00c9let\u00e9nek h\u0151sies fel\u00e1ldoz\u00e1s\u00e1val v\u00e9dte meg a r\u00e1b\u00edzottakat a testi-lelki veszedelemt\u0151l \u00e9s elnyerte a v\u00e9rtan\u00fas\u00e1g koron\u00e1j\u00e1t. K\u00e9r\u00fcnk, Isten\u00fcnk, hogy hathat\u00f3s k\u00f6zbenj\u00e1r\u00e1s\u00e1ra legy\u00fcnk \u00e9l\u0151 tagjai Egyh\u00e1zadnak, tartsuk dr\u00e1ga kincsnek a papi hivat\u00e1st, a szents\u00e9gi h\u00e1zass\u00e1got \u00e9s a tiszta \u00e9letet. Add, hogy az igazs\u00e1g v\u00e9delm\u00e9ben b\u00e1tran ki\u00e1lljunk, embert\u00e1rsainkat pedig odaad\u00f3 szeretettel szeress\u00fck \u00e9s \u00edgy mi is eljussunk egykor orsz\u00e1godba, ahol Boldog Vilmos p\u00fcsp\u00f6k v\u00e9rtan\u00faval egy\u00fctt \u00f6r\u00f6kk\u00e9 \u00e1ldunk \u00e9s im\u00e1dunk T\u00e9ged, aki \u00e9lsz \u00e9s uralkodol mind\u00f6r\u00f6kk\u00e9. Amen.<\/p>\n<p>AZ ISTENI ER\u00c9NYEK FELIND\u00cdT\u00c1SA<\/p>\n<p>Istenem, hiszek tebenned, mert \u00f6r\u00f6kk\u00e9 igazmond\u00f3 vagy. Istenem, rem\u00e9lek tebenned, mert mindenkor h\u0171 \u00e9s irgal-mas vagy. Istenem, mindenn\u00e9l jobban szeretlek t\u00e9ged, mert v\u00e9gtelen\u00fcl j\u00f3 \u00e9s szeretetre m\u00e9lt\u00f3 vagy.<\/p>\n<p>&nbsp;<\/p>\n<h6><em>A k\u00e9p lel\u0151helye: https:\/\/pixabay.com\/hu\/photos\/szenved%C3%A9ly-kereszt-nagyp%C3%A9ntek-3111303\/<\/em><\/h6>\n","protected":false},"excerpt":{"rendered":"<p>m\u00e1jus 17. H\u00fasv\u00e9t 6. vas\u00e1rnapja Alleluja + alleluja + alleluja &nbsp; Ha az ember \u00f6nmag\u00e1ban bizakodn\u00e9k, el\u0151bb vagy ut\u00f3bb, m\u00e9lys\u00e9ges csal\u00f3d\u00e1s \u00e9rn\u00e9. Az Egyh\u00e1z munk\u00e1ja emberi er\u0151lk\u00f6d\u00e9s lenne, ha a saj\u00e1t erej\u00e9re hagyatkozn\u00e9k. Az Egyh\u00e1z \u00e9lete Krisztus, ereje a Szentl\u00e9lek, aki az igehirdet\u00e9sben, a szents\u00e9gek kiszolg\u00e1ltat\u00e1s\u00e1ban, az emberekkel val\u00f3 foglalkoz\u00e1sban kegyelm\u00e9t \u00e9s vigasztal\u00e1s\u00e1t \u00e1rasztja r\u00e1nk. KEZD\u0150\u00c9NEK\u00a0\u00a0\u00a0\u00a0\u00a0\u00a0\u00a0\u00a0\u00a0\u00a0\u00a0\u00a0\u00a0\u00a0\u00a0\u00a0\u00a0\u00a0\u00a0\u00a0\u00a0\u00a0\u00a0\u00a0\u00a0\u00a0\u00a0\u00a0\u00a0\u00a0\u00a0\u00a0\u00a0\u00a0\u00a0\u00a0\u00a0\u00a0\u00a0\u00a0\u00a0\u00a0\u00a0\u00a0\u00a0\u00a0\u00a0\u00a0\u00a0\u00a0\u00a0\u00a0\u00a0\u00a0 V\u00f6. Iz 48, 20 Ujjong\u00f3 sz\u00f3val hirdess\u00e9tek, hogy mindenki hallja, hirdess\u00e9tek minden\u00fctt a f\u00f6ld\u00f6n: megv\u00e1ltotta az \u00dar az \u0151 n\u00e9p\u00e9t, alleluja. OLVASM\u00c1NY\u00a0\u00a0\u00a0 \u00a0\u00a0\u00a0\u00a0\u00a0\u00a0\u00a0\u00a0\u00a0\u00a0\u00a0\u00a0\u00a0\u00a0\u00a0\u00a0\u00a0\u00a0\u00a0\u00a0\u00a0\u00a0\u00a0\u00a0\u00a0\u00a0\u00a0\u00a0\u00a0\u00a0ApCsel 8, 5\u20138. 14\u201317 Szamari\u00e1ban nagy \u00f6r\u00f6met jelentett F\u00fcl\u00f6p diak\u00f3nus m\u0171k\u00f6d\u00e9se. \u00d6r\u00fcltek annak, hogy a betegek meggy\u00f3gyultak, \u00e9s a tiszt\u00e1talan lelkek elhagyt\u00e1k a megsz\u00e1llottakat. A legszebb \u00f6r\u00f6m\u00f6k k\u00f6z\u00e9 tartozik, ha valaki megszabadul a k\u00eds\u00e9rt\u0151t\u0151l \u00e9s a b\u0171nt\u0151l, \u00e9s meggy\u00f3gyul a b\u0171n ejtette sebekt\u0151l. V\u00c1LASZOS ZSOLT\u00c1R\u00a0\u00a0\u00a0\u00a0\u00a0\u00a0\u00a0\u00a0\u00a0\u00a0\u00a0\u00a0\u00a0\u00a0\u00a0\u00a0\u00a0\u00a0\u00a0\u00a0\u00a0\u00a0\u00a0\u00a0\u00a0\u00a0\u00a0\u00a0\u00a0\u00a0\u00a0\u00a0\u00a0\u00a0\u00a0\u00a0\u00a0\u00a0\u00a0\u00a0\u00a0\u00a0\u00a0 65. Zsolt\u00e1r V\u00e1lasz: Minden f\u00f6ld Istent dics\u00e9rje! Vagy: Alleluja, alleluja, alleluja. SZENTLECKE \u00a0\u00a0\u00a0\u00a0\u00a0\u00a0\u00a0\u00a0\u00a0\u00a0\u00a0\u00a0\u00a0\u00a0\u00a0\u00a0\u00a0\u00a0\u00a0\u00a0\u00a0\u00a0\u00a0\u00a0\u00a0\u00a0\u00a0\u00a0\u00a0\u00a0\u00a0\u00a0\u00a0\u00a0\u00a0\u00a0\u00a0\u00a0\u00a0\u00a0\u00a0\u00a0\u00a0\u00a0\u00a01 P\u00e9t 3, 15\u201318 A nemh\u00edv\u0151k mindig k\u00edv\u00e1ncsian n\u00e9zik a vall\u00e1sos embereket, hogy mi ad nekik boldogs\u00e1got, miben nyilv\u00e1nul meg a hit\u00fck. Sokszor s\u00f3v\u00e1rogva tekintenek arra az emberre, aki nem roppan \u00f6ssze a szenved\u00e9sek s\u00falya alatt, aki tud t\u0171rni, s tud j\u00f3t tenni. Sz\u00e9p \u00e9letet k\u00edv\u00e1n t\u0151l\u00fcnk az Isten. Kell, hogy a p\u00e9ld\u00e1nk sz\u00f3 n\u00e9lk\u00fcl is pr\u00e9dik\u00e1ci\u00f3 legyen! ALLELUJA\u00a0\u00a0\u00a0\u00a0\u00a0\u00a0\u00a0\u00a0\u00a0\u00a0\u00a0\u00a0\u00a0\u00a0\u00a0\u00a0\u00a0\u00a0\u00a0\u00a0\u00a0\u00a0\u00a0\u00a0\u00a0\u00a0\u00a0\u00a0 \u00a0\u00a0\u00a0\u00a0\u00a0\u00a0\u00a0\u00a0\u00a0\u00a0\u00a0\u00a0\u00a0\u00a0\u00a0\u00a0\u00a0\u00a0\u00a0\u00a0\u00a0\u00a0\u00a0\u00a0\u00a0\u00a0\u00a0\u00a0\u00a0\u00a0\u00a0\u00a0\u00a0\u00a0\u00a0\u00a0\u00a0\u00a0\u00a0Jn 14, 23 J\u00e9zus mondja: \u201eAki szeret engem, megfogadja szavamat. * Aty\u00e1m is szeretni fogja, \u00e9s hozz\u00e1 k\u00f6lt\u00f6z\u00fcnk.\u201d EVANG\u00c9LIUM\u00a0\u00a0\u00a0\u00a0\u00a0\u00a0\u00a0\u00a0\u00a0\u00a0\u00a0\u00a0\u00a0\u00a0\u00a0\u00a0\u00a0\u00a0\u00a0\u00a0\u00a0\u00a0\u00a0\u00a0\u00a0\u00a0\u00a0\u00a0\u00a0\u00a0\u00a0\u00a0\u00a0\u00a0\u00a0\u00a0\u00a0\u00a0\u00a0\u00a0\u00a0\u00a0\u00a0\u00a0\u00a0\u00a0 Jn 14, 15\u201321 Senki sem vitatja, hogy r\u00f6vid az az id\u0151, amelyet az ember a f\u00f6ld\u00f6n t\u00f6lt. \u00c9let\u00fcnk \u00e9rt\u00e9k\u00e9t nem is az hat\u00e1rozza meg, hogy r\u00f6vid vagy hossz\u00fa ideig \u00e9lhet\u00fcnk a f\u00f6ld\u00f6n, hanem az, hogy hogyan \u00e9l\u00fcnk. Megtartjuk-e Krisztus parancsait? Befogadjuk-e a Szenth\u00e1roms\u00e1got \u00e9let\u00fcnkbe? LELKI \u00c1LDOZ\u00c1S Ha Krisztussal felt\u00e1madtunk, Isten gyermekei vagyunk, \u00e9s nagy bizalommal \u00edgy mer\u00fcnk im\u00e1dkozni: MI ATY\u00c1NK&#8230; V\u00e1gyakozzunk Krisztus test\u00e9nek v\u00e9tel\u00e9re, \u00e9s l\u00e9lekben \u00e1ldozzunk meg. J\u00e9zusom! Hiszem, hogy jelen vagy a legm\u00e9lt\u00f3s\u00e1gosabb Olt\u00e1riszents\u00e9gben. Mindenn\u00e9l jobban szeretlek, \u00e9s v\u00e1gyom r\u00e1, hogy a lelkembe fogadhassalak. Mivel&#8230; <\/p>\n<p><a class=\"readmore\" href=\"https:\/\/stuttgarti-katolikusok.de\/index.php\/husvet-6-vasarnapjara\/\">R\u00e9szletek<\/a><\/p>\n","protected":false},"author":3,"featured_media":19501,"comment_status":"closed","ping_status":"closed","sticky":false,"template":"","format":"standard","meta":{"footnotes":""},"categories":[63],"tags":[],"class_list":["post-19500","post","type-post","status-publish","format-standard","has-post-thumbnail","hentry","category-vasarnapi-gondolatok"],"yoast_head":"<!-- This site is optimized with the Yoast SEO plugin v27.3 - https:\/\/yoast.com\/product\/yoast-seo-wordpress\/ -->\n<title>H\u00fasv\u00e9t 6. vas\u00e1rnapj\u00e1ra - Stuttgarti Katolikusok<\/title>\n<meta name=\"robots\" content=\"index, follow, max-snippet:-1, max-image-preview:large, max-video-preview:-1\" \/>\n<link rel=\"canonical\" href=\"https:\/\/stuttgarti-katolikusok.de\/index.php\/husvet-6-vasarnapjara\/\" \/>\n<meta property=\"og:locale\" content=\"hu_HU\" \/>\n<meta property=\"og:type\" content=\"article\" \/>\n<meta property=\"og:title\" content=\"H\u00fasv\u00e9t 6. vas\u00e1rnapj\u00e1ra - Stuttgarti Katolikusok\" \/>\n<meta property=\"og:description\" content=\"m\u00e1jus 17. H\u00fasv\u00e9t 6. vas\u00e1rnapja Alleluja + alleluja + alleluja &nbsp; Ha az ember \u00f6nmag\u00e1ban bizakodn\u00e9k, el\u0151bb vagy ut\u00f3bb, m\u00e9lys\u00e9ges csal\u00f3d\u00e1s \u00e9rn\u00e9. Az Egyh\u00e1z munk\u00e1ja emberi er\u0151lk\u00f6d\u00e9s lenne, ha a saj\u00e1t erej\u00e9re hagyatkozn\u00e9k. Az Egyh\u00e1z \u00e9lete Krisztus, ereje a Szentl\u00e9lek, aki az igehirdet\u00e9sben, a szents\u00e9gek kiszolg\u00e1ltat\u00e1s\u00e1ban, az emberekkel val\u00f3 foglalkoz\u00e1sban kegyelm\u00e9t \u00e9s vigasztal\u00e1s\u00e1t \u00e1rasztja r\u00e1nk. KEZD\u0150\u00c9NEK\u00a0\u00a0\u00a0\u00a0\u00a0\u00a0\u00a0\u00a0\u00a0\u00a0\u00a0\u00a0\u00a0\u00a0\u00a0\u00a0\u00a0\u00a0\u00a0\u00a0\u00a0\u00a0\u00a0\u00a0\u00a0\u00a0\u00a0\u00a0\u00a0\u00a0\u00a0\u00a0\u00a0\u00a0\u00a0\u00a0\u00a0\u00a0\u00a0\u00a0\u00a0\u00a0\u00a0\u00a0\u00a0\u00a0\u00a0\u00a0\u00a0\u00a0\u00a0\u00a0\u00a0\u00a0 V\u00f6. Iz 48, 20 Ujjong\u00f3 sz\u00f3val hirdess\u00e9tek, hogy mindenki hallja, hirdess\u00e9tek minden\u00fctt a f\u00f6ld\u00f6n: megv\u00e1ltotta az \u00dar az \u0151 n\u00e9p\u00e9t, alleluja. OLVASM\u00c1NY\u00a0\u00a0\u00a0 \u00a0\u00a0\u00a0\u00a0\u00a0\u00a0\u00a0\u00a0\u00a0\u00a0\u00a0\u00a0\u00a0\u00a0\u00a0\u00a0\u00a0\u00a0\u00a0\u00a0\u00a0\u00a0\u00a0\u00a0\u00a0\u00a0\u00a0\u00a0\u00a0\u00a0ApCsel 8, 5\u20138. 14\u201317 Szamari\u00e1ban nagy \u00f6r\u00f6met jelentett F\u00fcl\u00f6p diak\u00f3nus m\u0171k\u00f6d\u00e9se. \u00d6r\u00fcltek annak, hogy a betegek meggy\u00f3gyultak, \u00e9s a tiszt\u00e1talan lelkek elhagyt\u00e1k a megsz\u00e1llottakat. A legszebb \u00f6r\u00f6m\u00f6k k\u00f6z\u00e9 tartozik, ha valaki megszabadul a k\u00eds\u00e9rt\u0151t\u0151l \u00e9s a b\u0171nt\u0151l, \u00e9s meggy\u00f3gyul a b\u0171n ejtette sebekt\u0151l. V\u00c1LASZOS ZSOLT\u00c1R\u00a0\u00a0\u00a0\u00a0\u00a0\u00a0\u00a0\u00a0\u00a0\u00a0\u00a0\u00a0\u00a0\u00a0\u00a0\u00a0\u00a0\u00a0\u00a0\u00a0\u00a0\u00a0\u00a0\u00a0\u00a0\u00a0\u00a0\u00a0\u00a0\u00a0\u00a0\u00a0\u00a0\u00a0\u00a0\u00a0\u00a0\u00a0\u00a0\u00a0\u00a0\u00a0\u00a0 65. Zsolt\u00e1r V\u00e1lasz: Minden f\u00f6ld Istent dics\u00e9rje! Vagy: Alleluja, alleluja, alleluja. SZENTLECKE \u00a0\u00a0\u00a0\u00a0\u00a0\u00a0\u00a0\u00a0\u00a0\u00a0\u00a0\u00a0\u00a0\u00a0\u00a0\u00a0\u00a0\u00a0\u00a0\u00a0\u00a0\u00a0\u00a0\u00a0\u00a0\u00a0\u00a0\u00a0\u00a0\u00a0\u00a0\u00a0\u00a0\u00a0\u00a0\u00a0\u00a0\u00a0\u00a0\u00a0\u00a0\u00a0\u00a0\u00a0\u00a01 P\u00e9t 3, 15\u201318 A nemh\u00edv\u0151k mindig k\u00edv\u00e1ncsian n\u00e9zik a vall\u00e1sos embereket, hogy mi ad nekik boldogs\u00e1got, miben nyilv\u00e1nul meg a hit\u00fck. Sokszor s\u00f3v\u00e1rogva tekintenek arra az emberre, aki nem roppan \u00f6ssze a szenved\u00e9sek s\u00falya alatt, aki tud t\u0171rni, s tud j\u00f3t tenni. Sz\u00e9p \u00e9letet k\u00edv\u00e1n t\u0151l\u00fcnk az Isten. Kell, hogy a p\u00e9ld\u00e1nk sz\u00f3 n\u00e9lk\u00fcl is pr\u00e9dik\u00e1ci\u00f3 legyen! ALLELUJA\u00a0\u00a0\u00a0\u00a0\u00a0\u00a0\u00a0\u00a0\u00a0\u00a0\u00a0\u00a0\u00a0\u00a0\u00a0\u00a0\u00a0\u00a0\u00a0\u00a0\u00a0\u00a0\u00a0\u00a0\u00a0\u00a0\u00a0\u00a0 \u00a0\u00a0\u00a0\u00a0\u00a0\u00a0\u00a0\u00a0\u00a0\u00a0\u00a0\u00a0\u00a0\u00a0\u00a0\u00a0\u00a0\u00a0\u00a0\u00a0\u00a0\u00a0\u00a0\u00a0\u00a0\u00a0\u00a0\u00a0\u00a0\u00a0\u00a0\u00a0\u00a0\u00a0\u00a0\u00a0\u00a0\u00a0\u00a0Jn 14, 23 J\u00e9zus mondja: \u201eAki szeret engem, megfogadja szavamat. * Aty\u00e1m is szeretni fogja, \u00e9s hozz\u00e1 k\u00f6lt\u00f6z\u00fcnk.\u201d EVANG\u00c9LIUM\u00a0\u00a0\u00a0\u00a0\u00a0\u00a0\u00a0\u00a0\u00a0\u00a0\u00a0\u00a0\u00a0\u00a0\u00a0\u00a0\u00a0\u00a0\u00a0\u00a0\u00a0\u00a0\u00a0\u00a0\u00a0\u00a0\u00a0\u00a0\u00a0\u00a0\u00a0\u00a0\u00a0\u00a0\u00a0\u00a0\u00a0\u00a0\u00a0\u00a0\u00a0\u00a0\u00a0\u00a0\u00a0\u00a0 Jn 14, 15\u201321 Senki sem vitatja, hogy r\u00f6vid az az id\u0151, amelyet az ember a f\u00f6ld\u00f6n t\u00f6lt. \u00c9let\u00fcnk \u00e9rt\u00e9k\u00e9t nem is az hat\u00e1rozza meg, hogy r\u00f6vid vagy hossz\u00fa ideig \u00e9lhet\u00fcnk a f\u00f6ld\u00f6n, hanem az, hogy hogyan \u00e9l\u00fcnk. Megtartjuk-e Krisztus parancsait? Befogadjuk-e a Szenth\u00e1roms\u00e1got \u00e9let\u00fcnkbe? LELKI \u00c1LDOZ\u00c1S Ha Krisztussal felt\u00e1madtunk, Isten gyermekei vagyunk, \u00e9s nagy bizalommal \u00edgy mer\u00fcnk im\u00e1dkozni: MI ATY\u00c1NK&#8230; V\u00e1gyakozzunk Krisztus test\u00e9nek v\u00e9tel\u00e9re, \u00e9s l\u00e9lekben \u00e1ldozzunk meg. J\u00e9zusom! Hiszem, hogy jelen vagy a legm\u00e9lt\u00f3s\u00e1gosabb Olt\u00e1riszents\u00e9gben. Mindenn\u00e9l jobban szeretlek, \u00e9s v\u00e1gyom r\u00e1, hogy a lelkembe fogadhassalak. Mivel... R\u00e9szletek\" \/>\n<meta property=\"og:url\" content=\"https:\/\/stuttgarti-katolikusok.de\/index.php\/husvet-6-vasarnapjara\/\" \/>\n<meta property=\"og:site_name\" content=\"Stuttgarti Katolikusok\" \/>\n<meta property=\"article:published_time\" content=\"2020-05-16T04:42:09+00:00\" \/>\n<meta property=\"article:modified_time\" content=\"2020-05-16T05:38:46+00:00\" \/>\n<meta property=\"og:image\" content=\"https:\/\/stuttgarti-katolikusok.de\/wp-content\/uploads\/2020\/05\/krisztusfeltamadt.jpg\" \/>\n\t<meta property=\"og:image:width\" content=\"1280\" \/>\n\t<meta property=\"og:image:height\" content=\"628\" \/>\n\t<meta property=\"og:image:type\" content=\"image\/jpeg\" \/>\n<meta name=\"author\" content=\"Tibor atya\" \/>\n<meta name=\"twitter:card\" content=\"summary_large_image\" \/>\n<meta name=\"twitter:label1\" content=\"Szerz\u0151:\" \/>\n\t<meta name=\"twitter:data1\" content=\"Tibor atya\" \/>\n\t<meta name=\"twitter:label2\" content=\"Becs\u00fclt olvas\u00e1si id\u0151\" \/>\n\t<meta name=\"twitter:data2\" content=\"5 perc\" \/>\n<script type=\"application\/ld+json\" class=\"yoast-schema-graph\">{\"@context\":\"https:\\\/\\\/schema.org\",\"@graph\":[{\"@type\":\"Article\",\"@id\":\"https:\\\/\\\/stuttgarti-katolikusok.de\\\/index.php\\\/husvet-6-vasarnapjara\\\/#article\",\"isPartOf\":{\"@id\":\"https:\\\/\\\/stuttgarti-katolikusok.de\\\/index.php\\\/husvet-6-vasarnapjara\\\/\"},\"author\":{\"name\":\"Tibor atya\",\"@id\":\"https:\\\/\\\/stuttgarti-katolikusok.de\\\/#\\\/schema\\\/person\\\/75908d6f8fdc03a57889d27209df7795\"},\"headline\":\"H\u00fasv\u00e9t 6. vas\u00e1rnapj\u00e1ra\",\"datePublished\":\"2020-05-16T04:42:09+00:00\",\"dateModified\":\"2020-05-16T05:38:46+00:00\",\"mainEntityOfPage\":{\"@id\":\"https:\\\/\\\/stuttgarti-katolikusok.de\\\/index.php\\\/husvet-6-vasarnapjara\\\/\"},\"wordCount\":1014,\"image\":{\"@id\":\"https:\\\/\\\/stuttgarti-katolikusok.de\\\/index.php\\\/husvet-6-vasarnapjara\\\/#primaryimage\"},\"thumbnailUrl\":\"https:\\\/\\\/stuttgarti-katolikusok.de\\\/wp-content\\\/uploads\\\/2020\\\/05\\\/krisztusfeltamadt.jpg\",\"articleSection\":[\"Vas\u00e1rnapi gondolatok\"],\"inLanguage\":\"hu\"},{\"@type\":\"WebPage\",\"@id\":\"https:\\\/\\\/stuttgarti-katolikusok.de\\\/index.php\\\/husvet-6-vasarnapjara\\\/\",\"url\":\"https:\\\/\\\/stuttgarti-katolikusok.de\\\/index.php\\\/husvet-6-vasarnapjara\\\/\",\"name\":\"H\u00fasv\u00e9t 6. vas\u00e1rnapj\u00e1ra - Stuttgarti Katolikusok\",\"isPartOf\":{\"@id\":\"https:\\\/\\\/stuttgarti-katolikusok.de\\\/#website\"},\"primaryImageOfPage\":{\"@id\":\"https:\\\/\\\/stuttgarti-katolikusok.de\\\/index.php\\\/husvet-6-vasarnapjara\\\/#primaryimage\"},\"image\":{\"@id\":\"https:\\\/\\\/stuttgarti-katolikusok.de\\\/index.php\\\/husvet-6-vasarnapjara\\\/#primaryimage\"},\"thumbnailUrl\":\"https:\\\/\\\/stuttgarti-katolikusok.de\\\/wp-content\\\/uploads\\\/2020\\\/05\\\/krisztusfeltamadt.jpg\",\"datePublished\":\"2020-05-16T04:42:09+00:00\",\"dateModified\":\"2020-05-16T05:38:46+00:00\",\"author\":{\"@id\":\"https:\\\/\\\/stuttgarti-katolikusok.de\\\/#\\\/schema\\\/person\\\/75908d6f8fdc03a57889d27209df7795\"},\"breadcrumb\":{\"@id\":\"https:\\\/\\\/stuttgarti-katolikusok.de\\\/index.php\\\/husvet-6-vasarnapjara\\\/#breadcrumb\"},\"inLanguage\":\"hu\",\"potentialAction\":[{\"@type\":\"ReadAction\",\"target\":[\"https:\\\/\\\/stuttgarti-katolikusok.de\\\/index.php\\\/husvet-6-vasarnapjara\\\/\"]}]},{\"@type\":\"ImageObject\",\"inLanguage\":\"hu\",\"@id\":\"https:\\\/\\\/stuttgarti-katolikusok.de\\\/index.php\\\/husvet-6-vasarnapjara\\\/#primaryimage\",\"url\":\"https:\\\/\\\/stuttgarti-katolikusok.de\\\/wp-content\\\/uploads\\\/2020\\\/05\\\/krisztusfeltamadt.jpg\",\"contentUrl\":\"https:\\\/\\\/stuttgarti-katolikusok.de\\\/wp-content\\\/uploads\\\/2020\\\/05\\\/krisztusfeltamadt.jpg\",\"width\":1280,\"height\":628},{\"@type\":\"BreadcrumbList\",\"@id\":\"https:\\\/\\\/stuttgarti-katolikusok.de\\\/index.php\\\/husvet-6-vasarnapjara\\\/#breadcrumb\",\"itemListElement\":[{\"@type\":\"ListItem\",\"position\":1,\"name\":\"Kezd\u0151lap\",\"item\":\"https:\\\/\\\/stuttgarti-katolikusok.de\\\/\"},{\"@type\":\"ListItem\",\"position\":2,\"name\":\"H\u00fasv\u00e9t 6. vas\u00e1rnapj\u00e1ra\"}]},{\"@type\":\"WebSite\",\"@id\":\"https:\\\/\\\/stuttgarti-katolikusok.de\\\/#website\",\"url\":\"https:\\\/\\\/stuttgarti-katolikusok.de\\\/\",\"name\":\"Stuttgarti Katolikusok\",\"description\":\"\",\"potentialAction\":[{\"@type\":\"SearchAction\",\"target\":{\"@type\":\"EntryPoint\",\"urlTemplate\":\"https:\\\/\\\/stuttgarti-katolikusok.de\\\/?s={search_term_string}\"},\"query-input\":{\"@type\":\"PropertyValueSpecification\",\"valueRequired\":true,\"valueName\":\"search_term_string\"}}],\"inLanguage\":\"hu\"},{\"@type\":\"Person\",\"@id\":\"https:\\\/\\\/stuttgarti-katolikusok.de\\\/#\\\/schema\\\/person\\\/75908d6f8fdc03a57889d27209df7795\",\"name\":\"Tibor atya\",\"image\":{\"@type\":\"ImageObject\",\"inLanguage\":\"hu\",\"@id\":\"https:\\\/\\\/secure.gravatar.com\\\/avatar\\\/61d268e57d1f4525b111222e29d2d5a7f8c420fdbf231ba5566a8ceac74fa960?s=96&d=mm&r=g\",\"url\":\"https:\\\/\\\/secure.gravatar.com\\\/avatar\\\/61d268e57d1f4525b111222e29d2d5a7f8c420fdbf231ba5566a8ceac74fa960?s=96&d=mm&r=g\",\"contentUrl\":\"https:\\\/\\\/secure.gravatar.com\\\/avatar\\\/61d268e57d1f4525b111222e29d2d5a7f8c420fdbf231ba5566a8ceac74fa960?s=96&d=mm&r=g\",\"caption\":\"Tibor atya\"},\"url\":\"https:\\\/\\\/stuttgarti-katolikusok.de\\\/index.php\\\/author\\\/tibor-atya\\\/\"}]}<\/script>\n<!-- \/ Yoast SEO plugin. -->","yoast_head_json":{"title":"H\u00fasv\u00e9t 6. vas\u00e1rnapj\u00e1ra - Stuttgarti Katolikusok","robots":{"index":"index","follow":"follow","max-snippet":"max-snippet:-1","max-image-preview":"max-image-preview:large","max-video-preview":"max-video-preview:-1"},"canonical":"https:\/\/stuttgarti-katolikusok.de\/index.php\/husvet-6-vasarnapjara\/","og_locale":"hu_HU","og_type":"article","og_title":"H\u00fasv\u00e9t 6. vas\u00e1rnapj\u00e1ra - Stuttgarti Katolikusok","og_description":"m\u00e1jus 17. H\u00fasv\u00e9t 6. vas\u00e1rnapja Alleluja + alleluja + alleluja &nbsp; Ha az ember \u00f6nmag\u00e1ban bizakodn\u00e9k, el\u0151bb vagy ut\u00f3bb, m\u00e9lys\u00e9ges csal\u00f3d\u00e1s \u00e9rn\u00e9. Az Egyh\u00e1z munk\u00e1ja emberi er\u0151lk\u00f6d\u00e9s lenne, ha a saj\u00e1t erej\u00e9re hagyatkozn\u00e9k. Az Egyh\u00e1z \u00e9lete Krisztus, ereje a Szentl\u00e9lek, aki az igehirdet\u00e9sben, a szents\u00e9gek kiszolg\u00e1ltat\u00e1s\u00e1ban, az emberekkel val\u00f3 foglalkoz\u00e1sban kegyelm\u00e9t \u00e9s vigasztal\u00e1s\u00e1t \u00e1rasztja r\u00e1nk. KEZD\u0150\u00c9NEK\u00a0\u00a0\u00a0\u00a0\u00a0\u00a0\u00a0\u00a0\u00a0\u00a0\u00a0\u00a0\u00a0\u00a0\u00a0\u00a0\u00a0\u00a0\u00a0\u00a0\u00a0\u00a0\u00a0\u00a0\u00a0\u00a0\u00a0\u00a0\u00a0\u00a0\u00a0\u00a0\u00a0\u00a0\u00a0\u00a0\u00a0\u00a0\u00a0\u00a0\u00a0\u00a0\u00a0\u00a0\u00a0\u00a0\u00a0\u00a0\u00a0\u00a0\u00a0\u00a0\u00a0\u00a0 V\u00f6. Iz 48, 20 Ujjong\u00f3 sz\u00f3val hirdess\u00e9tek, hogy mindenki hallja, hirdess\u00e9tek minden\u00fctt a f\u00f6ld\u00f6n: megv\u00e1ltotta az \u00dar az \u0151 n\u00e9p\u00e9t, alleluja. OLVASM\u00c1NY\u00a0\u00a0\u00a0 \u00a0\u00a0\u00a0\u00a0\u00a0\u00a0\u00a0\u00a0\u00a0\u00a0\u00a0\u00a0\u00a0\u00a0\u00a0\u00a0\u00a0\u00a0\u00a0\u00a0\u00a0\u00a0\u00a0\u00a0\u00a0\u00a0\u00a0\u00a0\u00a0\u00a0ApCsel 8, 5\u20138. 14\u201317 Szamari\u00e1ban nagy \u00f6r\u00f6met jelentett F\u00fcl\u00f6p diak\u00f3nus m\u0171k\u00f6d\u00e9se. \u00d6r\u00fcltek annak, hogy a betegek meggy\u00f3gyultak, \u00e9s a tiszt\u00e1talan lelkek elhagyt\u00e1k a megsz\u00e1llottakat. A legszebb \u00f6r\u00f6m\u00f6k k\u00f6z\u00e9 tartozik, ha valaki megszabadul a k\u00eds\u00e9rt\u0151t\u0151l \u00e9s a b\u0171nt\u0151l, \u00e9s meggy\u00f3gyul a b\u0171n ejtette sebekt\u0151l. V\u00c1LASZOS ZSOLT\u00c1R\u00a0\u00a0\u00a0\u00a0\u00a0\u00a0\u00a0\u00a0\u00a0\u00a0\u00a0\u00a0\u00a0\u00a0\u00a0\u00a0\u00a0\u00a0\u00a0\u00a0\u00a0\u00a0\u00a0\u00a0\u00a0\u00a0\u00a0\u00a0\u00a0\u00a0\u00a0\u00a0\u00a0\u00a0\u00a0\u00a0\u00a0\u00a0\u00a0\u00a0\u00a0\u00a0\u00a0 65. Zsolt\u00e1r V\u00e1lasz: Minden f\u00f6ld Istent dics\u00e9rje! Vagy: Alleluja, alleluja, alleluja. SZENTLECKE \u00a0\u00a0\u00a0\u00a0\u00a0\u00a0\u00a0\u00a0\u00a0\u00a0\u00a0\u00a0\u00a0\u00a0\u00a0\u00a0\u00a0\u00a0\u00a0\u00a0\u00a0\u00a0\u00a0\u00a0\u00a0\u00a0\u00a0\u00a0\u00a0\u00a0\u00a0\u00a0\u00a0\u00a0\u00a0\u00a0\u00a0\u00a0\u00a0\u00a0\u00a0\u00a0\u00a0\u00a0\u00a01 P\u00e9t 3, 15\u201318 A nemh\u00edv\u0151k mindig k\u00edv\u00e1ncsian n\u00e9zik a vall\u00e1sos embereket, hogy mi ad nekik boldogs\u00e1got, miben nyilv\u00e1nul meg a hit\u00fck. Sokszor s\u00f3v\u00e1rogva tekintenek arra az emberre, aki nem roppan \u00f6ssze a szenved\u00e9sek s\u00falya alatt, aki tud t\u0171rni, s tud j\u00f3t tenni. Sz\u00e9p \u00e9letet k\u00edv\u00e1n t\u0151l\u00fcnk az Isten. Kell, hogy a p\u00e9ld\u00e1nk sz\u00f3 n\u00e9lk\u00fcl is pr\u00e9dik\u00e1ci\u00f3 legyen! ALLELUJA\u00a0\u00a0\u00a0\u00a0\u00a0\u00a0\u00a0\u00a0\u00a0\u00a0\u00a0\u00a0\u00a0\u00a0\u00a0\u00a0\u00a0\u00a0\u00a0\u00a0\u00a0\u00a0\u00a0\u00a0\u00a0\u00a0\u00a0\u00a0 \u00a0\u00a0\u00a0\u00a0\u00a0\u00a0\u00a0\u00a0\u00a0\u00a0\u00a0\u00a0\u00a0\u00a0\u00a0\u00a0\u00a0\u00a0\u00a0\u00a0\u00a0\u00a0\u00a0\u00a0\u00a0\u00a0\u00a0\u00a0\u00a0\u00a0\u00a0\u00a0\u00a0\u00a0\u00a0\u00a0\u00a0\u00a0\u00a0Jn 14, 23 J\u00e9zus mondja: \u201eAki szeret engem, megfogadja szavamat. * Aty\u00e1m is szeretni fogja, \u00e9s hozz\u00e1 k\u00f6lt\u00f6z\u00fcnk.\u201d EVANG\u00c9LIUM\u00a0\u00a0\u00a0\u00a0\u00a0\u00a0\u00a0\u00a0\u00a0\u00a0\u00a0\u00a0\u00a0\u00a0\u00a0\u00a0\u00a0\u00a0\u00a0\u00a0\u00a0\u00a0\u00a0\u00a0\u00a0\u00a0\u00a0\u00a0\u00a0\u00a0\u00a0\u00a0\u00a0\u00a0\u00a0\u00a0\u00a0\u00a0\u00a0\u00a0\u00a0\u00a0\u00a0\u00a0\u00a0\u00a0 Jn 14, 15\u201321 Senki sem vitatja, hogy r\u00f6vid az az id\u0151, amelyet az ember a f\u00f6ld\u00f6n t\u00f6lt. \u00c9let\u00fcnk \u00e9rt\u00e9k\u00e9t nem is az hat\u00e1rozza meg, hogy r\u00f6vid vagy hossz\u00fa ideig \u00e9lhet\u00fcnk a f\u00f6ld\u00f6n, hanem az, hogy hogyan \u00e9l\u00fcnk. Megtartjuk-e Krisztus parancsait? Befogadjuk-e a Szenth\u00e1roms\u00e1got \u00e9let\u00fcnkbe? LELKI \u00c1LDOZ\u00c1S Ha Krisztussal felt\u00e1madtunk, Isten gyermekei vagyunk, \u00e9s nagy bizalommal \u00edgy mer\u00fcnk im\u00e1dkozni: MI ATY\u00c1NK&#8230; V\u00e1gyakozzunk Krisztus test\u00e9nek v\u00e9tel\u00e9re, \u00e9s l\u00e9lekben \u00e1ldozzunk meg. J\u00e9zusom! Hiszem, hogy jelen vagy a legm\u00e9lt\u00f3s\u00e1gosabb Olt\u00e1riszents\u00e9gben. Mindenn\u00e9l jobban szeretlek, \u00e9s v\u00e1gyom r\u00e1, hogy a lelkembe fogadhassalak. Mivel... R\u00e9szletek","og_url":"https:\/\/stuttgarti-katolikusok.de\/index.php\/husvet-6-vasarnapjara\/","og_site_name":"Stuttgarti Katolikusok","article_published_time":"2020-05-16T04:42:09+00:00","article_modified_time":"2020-05-16T05:38:46+00:00","og_image":[{"width":1280,"height":628,"url":"https:\/\/stuttgarti-katolikusok.de\/wp-content\/uploads\/2020\/05\/krisztusfeltamadt.jpg","type":"image\/jpeg"}],"author":"Tibor atya","twitter_card":"summary_large_image","twitter_misc":{"Szerz\u0151:":"Tibor atya","Becs\u00fclt olvas\u00e1si id\u0151":"5 perc"},"schema":{"@context":"https:\/\/schema.org","@graph":[{"@type":"Article","@id":"https:\/\/stuttgarti-katolikusok.de\/index.php\/husvet-6-vasarnapjara\/#article","isPartOf":{"@id":"https:\/\/stuttgarti-katolikusok.de\/index.php\/husvet-6-vasarnapjara\/"},"author":{"name":"Tibor atya","@id":"https:\/\/stuttgarti-katolikusok.de\/#\/schema\/person\/75908d6f8fdc03a57889d27209df7795"},"headline":"H\u00fasv\u00e9t 6. vas\u00e1rnapj\u00e1ra","datePublished":"2020-05-16T04:42:09+00:00","dateModified":"2020-05-16T05:38:46+00:00","mainEntityOfPage":{"@id":"https:\/\/stuttgarti-katolikusok.de\/index.php\/husvet-6-vasarnapjara\/"},"wordCount":1014,"image":{"@id":"https:\/\/stuttgarti-katolikusok.de\/index.php\/husvet-6-vasarnapjara\/#primaryimage"},"thumbnailUrl":"https:\/\/stuttgarti-katolikusok.de\/wp-content\/uploads\/2020\/05\/krisztusfeltamadt.jpg","articleSection":["Vas\u00e1rnapi gondolatok"],"inLanguage":"hu"},{"@type":"WebPage","@id":"https:\/\/stuttgarti-katolikusok.de\/index.php\/husvet-6-vasarnapjara\/","url":"https:\/\/stuttgarti-katolikusok.de\/index.php\/husvet-6-vasarnapjara\/","name":"H\u00fasv\u00e9t 6. vas\u00e1rnapj\u00e1ra - Stuttgarti Katolikusok","isPartOf":{"@id":"https:\/\/stuttgarti-katolikusok.de\/#website"},"primaryImageOfPage":{"@id":"https:\/\/stuttgarti-katolikusok.de\/index.php\/husvet-6-vasarnapjara\/#primaryimage"},"image":{"@id":"https:\/\/stuttgarti-katolikusok.de\/index.php\/husvet-6-vasarnapjara\/#primaryimage"},"thumbnailUrl":"https:\/\/stuttgarti-katolikusok.de\/wp-content\/uploads\/2020\/05\/krisztusfeltamadt.jpg","datePublished":"2020-05-16T04:42:09+00:00","dateModified":"2020-05-16T05:38:46+00:00","author":{"@id":"https:\/\/stuttgarti-katolikusok.de\/#\/schema\/person\/75908d6f8fdc03a57889d27209df7795"},"breadcrumb":{"@id":"https:\/\/stuttgarti-katolikusok.de\/index.php\/husvet-6-vasarnapjara\/#breadcrumb"},"inLanguage":"hu","potentialAction":[{"@type":"ReadAction","target":["https:\/\/stuttgarti-katolikusok.de\/index.php\/husvet-6-vasarnapjara\/"]}]},{"@type":"ImageObject","inLanguage":"hu","@id":"https:\/\/stuttgarti-katolikusok.de\/index.php\/husvet-6-vasarnapjara\/#primaryimage","url":"https:\/\/stuttgarti-katolikusok.de\/wp-content\/uploads\/2020\/05\/krisztusfeltamadt.jpg","contentUrl":"https:\/\/stuttgarti-katolikusok.de\/wp-content\/uploads\/2020\/05\/krisztusfeltamadt.jpg","width":1280,"height":628},{"@type":"BreadcrumbList","@id":"https:\/\/stuttgarti-katolikusok.de\/index.php\/husvet-6-vasarnapjara\/#breadcrumb","itemListElement":[{"@type":"ListItem","position":1,"name":"Kezd\u0151lap","item":"https:\/\/stuttgarti-katolikusok.de\/"},{"@type":"ListItem","position":2,"name":"H\u00fasv\u00e9t 6. vas\u00e1rnapj\u00e1ra"}]},{"@type":"WebSite","@id":"https:\/\/stuttgarti-katolikusok.de\/#website","url":"https:\/\/stuttgarti-katolikusok.de\/","name":"Stuttgarti Katolikusok","description":"","potentialAction":[{"@type":"SearchAction","target":{"@type":"EntryPoint","urlTemplate":"https:\/\/stuttgarti-katolikusok.de\/?s={search_term_string}"},"query-input":{"@type":"PropertyValueSpecification","valueRequired":true,"valueName":"search_term_string"}}],"inLanguage":"hu"},{"@type":"Person","@id":"https:\/\/stuttgarti-katolikusok.de\/#\/schema\/person\/75908d6f8fdc03a57889d27209df7795","name":"Tibor atya","image":{"@type":"ImageObject","inLanguage":"hu","@id":"https:\/\/secure.gravatar.com\/avatar\/61d268e57d1f4525b111222e29d2d5a7f8c420fdbf231ba5566a8ceac74fa960?s=96&d=mm&r=g","url":"https:\/\/secure.gravatar.com\/avatar\/61d268e57d1f4525b111222e29d2d5a7f8c420fdbf231ba5566a8ceac74fa960?s=96&d=mm&r=g","contentUrl":"https:\/\/secure.gravatar.com\/avatar\/61d268e57d1f4525b111222e29d2d5a7f8c420fdbf231ba5566a8ceac74fa960?s=96&d=mm&r=g","caption":"Tibor atya"},"url":"https:\/\/stuttgarti-katolikusok.de\/index.php\/author\/tibor-atya\/"}]}},"_links":{"self":[{"href":"https:\/\/stuttgarti-katolikusok.de\/index.php\/wp-json\/wp\/v2\/posts\/19500","targetHints":{"allow":["GET"]}}],"collection":[{"href":"https:\/\/stuttgarti-katolikusok.de\/index.php\/wp-json\/wp\/v2\/posts"}],"about":[{"href":"https:\/\/stuttgarti-katolikusok.de\/index.php\/wp-json\/wp\/v2\/types\/post"}],"author":[{"embeddable":true,"href":"https:\/\/stuttgarti-katolikusok.de\/index.php\/wp-json\/wp\/v2\/users\/3"}],"replies":[{"embeddable":true,"href":"https:\/\/stuttgarti-katolikusok.de\/index.php\/wp-json\/wp\/v2\/comments?post=19500"}],"version-history":[{"count":2,"href":"https:\/\/stuttgarti-katolikusok.de\/index.php\/wp-json\/wp\/v2\/posts\/19500\/revisions"}],"predecessor-version":[{"id":19503,"href":"https:\/\/stuttgarti-katolikusok.de\/index.php\/wp-json\/wp\/v2\/posts\/19500\/revisions\/19503"}],"wp:featuredmedia":[{"embeddable":true,"href":"https:\/\/stuttgarti-katolikusok.de\/index.php\/wp-json\/wp\/v2\/media\/19501"}],"wp:attachment":[{"href":"https:\/\/stuttgarti-katolikusok.de\/index.php\/wp-json\/wp\/v2\/media?parent=19500"}],"wp:term":[{"taxonomy":"category","embeddable":true,"href":"https:\/\/stuttgarti-katolikusok.de\/index.php\/wp-json\/wp\/v2\/categories?post=19500"},{"taxonomy":"post_tag","embeddable":true,"href":"https:\/\/stuttgarti-katolikusok.de\/index.php\/wp-json\/wp\/v2\/tags?post=19500"}],"curies":[{"name":"wp","href":"https:\/\/api.w.org\/{rel}","templated":true}]}}