{"id":19497,"date":"2020-05-16T04:12:00","date_gmt":"2020-05-16T04:12:00","guid":{"rendered":"https:\/\/gracious-dewdney.138-201-221-2.plesk.page\/?p=19497"},"modified":"2020-05-16T04:12:00","modified_gmt":"2020-05-16T04:12:00","slug":"benedek-anniko-egy-kicsit-beporosodott-lelki-vilag","status":"publish","type":"post","link":"https:\/\/stuttgarti-katolikusok.de\/index.php\/benedek-anniko-egy-kicsit-beporosodott-lelki-vilag\/","title":{"rendered":"Benedek Annik\u00f3: Egy kicsit beporosodott lelki vil\u00e1g"},"content":{"rendered":"<p><em>+! Kedveseim, sorozatunk \u2013 minden jel szerinti \u2013 utols\u00f3 el\u0151tti \u00edr\u00e1sa k\u00f6vetkezik. Benne Benedek Annik\u00f3 egy \u00faj szempontra nyitja r\u00e1 a szem\u00fcnket: ennek a rendhagy\u00f3 H\u00fasv\u00e9tnak az ideje alatt ism\u00e9t felfedezhett\u00fck porral belepett lelki \u00e9rt\u00e9keinket. B\u00e1rcsak mindig szem\u00fcnk el\u0151tt lebegn\u00e9nek ezek a bels\u0151 aj\u00e1nd\u00e9kok, akkor a mindennapi \u00e9letben is sokkal boldogabbak lenn\u00e9nk!<\/em><\/p>\n<p><em>Lelkip\u00e1sztori szeretettel aj\u00e1nlom minden H\u00edv\u00fcnknek,<\/em><\/p>\n<p><em>Imre atya<\/em><\/p>\n<p><em>PS! Ja, m\u00e9g valami: minden \u00edr\u00e1s kapcs\u00e1n felfedezhettem, hogy a cikk\u00edr\u00f3k mindegyik\u00e9nek volt otthon h\u00e1zi olt\u00e1ra. Err\u0151l az jutott eszembe, hogy minden H\u00edv\u00fcnket \u00e9s Olvas\u00f3nkat megk\u00e9rjek: k\u00fcldj\u00e9tek el vagy az Egyh\u00e1zk\u00f6zs\u00e9g e-mail illetve facebook c\u00edm\u00e9re h\u00e1zi olt\u00e1rotok k\u00e9p\u00e9t. Ezeket azt\u00e1n a honlapunkra feltenn\u00e9nk, \u00e9s ha a koronav\u00edrus j\u00e1rv\u00e1ny elm\u00falt, ki is \u00e1ll\u00edthan\u00e1nk a Bruder Klaus templomban. El\u0151re is k\u00f6sz\u00f6n\u00f6m a k\u00e9peket!<\/em><\/p>\n<p><em>\u00a0<\/em><\/p>\n<p><strong>Egy kicsit beporosodott lelki vil\u00e1g\u2026.<\/strong><\/p>\n<p>Nagyon furcsa id\u0151ket \u00e9l\u00fcnk. Ez a v\u00edrus a vil\u00e1g minden sark\u00e1t felforgatta, soha nem gondoltam volna, hogy egy kicsi kis v\u00edrus ekkora nagy felfordul\u00e1st tud kelteni, de szerintem ennek a felfordul\u00e1snak megvannak a pozit\u00edv oldalai is<\/p>\n<p>Lak\u00e1sunkat rendszeresen kitakar\u00edtjuk, kedves t\u00e1rgyainkat leporozzuk, \u00e1gyunkat \u00a0tiszta, friss \u00e1gynem\u0171vel beh\u00fazzuk, finom \u00e9teleket f\u0151z\u00fcnk \u00e9s m\u00e9g sorolhatn\u00e1m, de vajon ugyan\u00edgy vigy\u00e1zunk a lelk\u00fcnkre is? Az ut\u00f3bbi id\u0151ben ezt a k\u00e9rd\u00e9st t\u00f6bbsz\u00f6r is feltettem magamnak, hisz volt \u00e9s van el\u00e9g id\u0151m err\u0151l is gondolkodni, elm\u00e9lkedni.<\/p>\n<p>Nagyon neh\u00e9z az \u00e9let szoci\u00e1lis kapcsolatok n\u00e9lk\u00fcl, bonyolult a munk\u00e1mat vagy hivat\u00e1somat \u00fagy gyakorolnom, hogy azzal el\u00e9gedett legyek. Hi\u00e1nyzanak a rendszeres kapcsolatok a k\u00f6z\u00f6ss\u00e9gem tagjaival, hi\u00e1nyzik a templomba j\u00e1r\u00e1s,\u00a0fizikailag is! Azonban mostans\u00e1g r\u00e9gi-\u00faj dolgokat, \u00e9rt\u00e9keket, \u201em\u00e1sf\u00e9le\u201c kapcsolatokat fedezek fel. Jobban mondva csak le kellet \u201eporolnom\u201c a r\u00e9git, \u00e9s m\u00e1ris el\u0151csillogott, el\u0151villogott az \u00faj.<\/p>\n<p>Az ima most napr\u00f3l-napra eg\u00e9szen m\u00e1s \u00e9rz\u00e9seket hoz fel bennem. A J\u00f3isten r\u00e9sz\u00e9r\u0151l pedig olyan aj\u00e1nd\u00e9kat kaptam, hogy azt szavakban alig tudom le\u00edrni\u2026 Egyszer\u0171en meleg, kellemes, felgyullad a sz\u00edvem\u2026 \u00e9s r\u00e1j\u00f6ttem hogy ezt is csak le kellet poroznom.<\/p>\n<p>A szentmis\u00e9n r\u00e9szt venni, J\u00e9zussal tal\u00e1lkozni a szent\u00e1ldoz\u00e1sban mindig is nagyon fontos volt nekem, de r\u00e1j\u00f6ttem hogy ez is egy kicsit poross\u00e1 v\u00e1lt. Mostan\u00e1ban csak online-szentmis\u00e9n vehet\u00fcnk r\u00e9szt, de ez\u00e9rt is h\u00e1l\u00e1s vagyok. Igaz, hi\u00e1nyzott \u00e9s hi\u00e1nyzik az \u201e\u00e9l\u0151\u201c szentmise, az \u201eel\u0151\u201c szent\u00e1ldoz\u00e1s, de\u2026 ebben az id\u0151ben jobban oda figyeltem p\u00e9ld\u00e1ul a szentmise minden r\u00e9sz\u00e9re, a b\u0171nb\u00e1natra, az aty\u00e1k lelkes szentbesz\u00e9deire\/intelmeire, a lelki szent\u00e1ldoz\u00e1sra. Eszembe jutottak gyermekkorom papj\u00e1nak, Luk\u00e1cs aty\u00e1nak a szentmis\u00e9vel kapcsolatos fontos tan\u00edt\u00e1sai \u00e9s int\u00e9sei, p\u00e9ld\u00e1ul: amikor J\u00e9zus nev\u00e9t kimondjuk akkor fejet hajtunk; az Olt\u00e1riszents\u00e9g el\u0151tt k\u00e9t t\u00e9rdre ereszked\u00fcnk; a mis\u00e9nek akkor van v\u00e9ge mikor a k\u00e1ntor befejezi az utols\u00f3 \u00e9neket, \u00e9s csak azut\u00e1n megy\u00fcnk ki.<\/p>\n<p>V\u00e9g\u00fcl mag\u00e1t az internethaszn\u00e1latot is eg\u00e9szen m\u00e1sk\u00e9pp l\u00e1tom \u00e9s \u00e9rt\u00e9kelem\u2026 Mennyire h\u00e1l\u00e1s vagyok (\u00e9s szerintem mindenki az lehet), hogy lehet\u0151s\u00e9g\u00fcnk volt ebben a neh\u00e9z id\u0151szakban \u00edgy is kapcsolatban maradni\u00a0egym\u00e1ssal, a szentmis\u00e9ket hallgatni, k\u00f6z\u00f6sen im\u00e1dkozni kereszt\u00fatat, r\u00f3zsaf\u00fcz\u00e9rt, a katekizmus-oktat\u00e1st hallgatni \u00e9s v\u00e9lem\u00e9ny\u00fcnket kicser\u00e9lni egym\u00e1s k\u00f6zt.<\/p>\n<p>Igen, \u00e9n megfogadtam magamnak, hogy ha elm\u00falik ez a j\u00e1rv\u00e1ny, a lelkemet is rendszeresen le fogom \u201eporolni\u201c, nem szeretn\u00e9m ha ellepn\u00e9 \u00e9s elveszne a sok lim-lom k\u00f6z\u00f6tt\u2026<\/p>\n<p>Isten engem \u00edgy seg\u00edtsen!<\/p>\n<p><em>Benedek No\u00e9mi Annik\u00f3<\/em><\/p>\n<p><em>Stuttgart<\/em><\/p>\n<p>&nbsp;<\/p>\n","protected":false},"excerpt":{"rendered":"<p>+! Kedveseim, sorozatunk \u2013 minden jel szerinti \u2013 utols\u00f3 el\u0151tti \u00edr\u00e1sa k\u00f6vetkezik. Benne Benedek Annik\u00f3 egy \u00faj szempontra nyitja r\u00e1 a szem\u00fcnket: ennek a rendhagy\u00f3 H\u00fasv\u00e9tnak az ideje alatt ism\u00e9t felfedezhett\u00fck porral belepett lelki \u00e9rt\u00e9keinket. B\u00e1rcsak mindig szem\u00fcnk el\u0151tt lebegn\u00e9nek ezek a bels\u0151 aj\u00e1nd\u00e9kok, akkor a mindennapi \u00e9letben is sokkal boldogabbak lenn\u00e9nk! Lelkip\u00e1sztori szeretettel aj\u00e1nlom minden H\u00edv\u00fcnknek, Imre atya PS! Ja, m\u00e9g valami: minden \u00edr\u00e1s kapcs\u00e1n felfedezhettem, hogy a cikk\u00edr\u00f3k mindegyik\u00e9nek volt otthon h\u00e1zi olt\u00e1ra. Err\u0151l az jutott eszembe, hogy minden H\u00edv\u00fcnket \u00e9s Olvas\u00f3nkat megk\u00e9rjek: k\u00fcldj\u00e9tek el vagy az Egyh\u00e1zk\u00f6zs\u00e9g e-mail illetve facebook c\u00edm\u00e9re h\u00e1zi olt\u00e1rotok k\u00e9p\u00e9t. Ezeket azt\u00e1n a honlapunkra feltenn\u00e9nk, \u00e9s ha a koronav\u00edrus j\u00e1rv\u00e1ny elm\u00falt, ki is \u00e1ll\u00edthan\u00e1nk a Bruder Klaus templomban. El\u0151re is k\u00f6sz\u00f6n\u00f6m a k\u00e9peket! \u00a0 Egy kicsit beporosodott lelki vil\u00e1g\u2026. Nagyon furcsa id\u0151ket \u00e9l\u00fcnk. Ez a v\u00edrus a vil\u00e1g minden sark\u00e1t felforgatta, soha nem gondoltam volna, hogy egy kicsi kis v\u00edrus ekkora nagy felfordul\u00e1st tud kelteni, de szerintem ennek a felfordul\u00e1snak megvannak a pozit\u00edv oldalai is Lak\u00e1sunkat rendszeresen kitakar\u00edtjuk, kedves t\u00e1rgyainkat leporozzuk, \u00e1gyunkat \u00a0tiszta, friss \u00e1gynem\u0171vel beh\u00fazzuk, finom \u00e9teleket f\u0151z\u00fcnk \u00e9s m\u00e9g sorolhatn\u00e1m, de vajon ugyan\u00edgy vigy\u00e1zunk a lelk\u00fcnkre is? Az ut\u00f3bbi id\u0151ben ezt a k\u00e9rd\u00e9st t\u00f6bbsz\u00f6r is feltettem magamnak, hisz volt \u00e9s van el\u00e9g id\u0151m err\u0151l is gondolkodni, elm\u00e9lkedni. Nagyon neh\u00e9z az \u00e9let szoci\u00e1lis kapcsolatok n\u00e9lk\u00fcl, bonyolult a munk\u00e1mat vagy hivat\u00e1somat \u00fagy gyakorolnom, hogy azzal el\u00e9gedett legyek. Hi\u00e1nyzanak a rendszeres kapcsolatok a k\u00f6z\u00f6ss\u00e9gem tagjaival, hi\u00e1nyzik a templomba j\u00e1r\u00e1s,\u00a0fizikailag is! Azonban mostans\u00e1g r\u00e9gi-\u00faj dolgokat, \u00e9rt\u00e9keket, \u201em\u00e1sf\u00e9le\u201c kapcsolatokat fedezek fel. Jobban mondva csak le kellet \u201eporolnom\u201c a r\u00e9git, \u00e9s m\u00e1ris el\u0151csillogott, el\u0151villogott az \u00faj. Az ima most napr\u00f3l-napra eg\u00e9szen m\u00e1s \u00e9rz\u00e9seket hoz fel bennem. A J\u00f3isten r\u00e9sz\u00e9r\u0151l pedig olyan aj\u00e1nd\u00e9kat kaptam, hogy azt szavakban alig tudom le\u00edrni\u2026 Egyszer\u0171en meleg, kellemes, felgyullad a sz\u00edvem\u2026 \u00e9s r\u00e1j\u00f6ttem hogy ezt is csak le kellet poroznom. A szentmis\u00e9n r\u00e9szt&#8230; <\/p>\n<p><a class=\"readmore\" href=\"https:\/\/stuttgarti-katolikusok.de\/index.php\/benedek-anniko-egy-kicsit-beporosodott-lelki-vilag\/\">R\u00e9szletek<\/a><\/p>\n","protected":false},"author":3,"featured_media":19498,"comment_status":"closed","ping_status":"closed","sticky":false,"template":"","format":"standard","meta":{"footnotes":""},"categories":[28],"tags":[],"class_list":["post-19497","post","type-post","status-publish","format-standard","has-post-thumbnail","hentry","category-olvasoink-irjak"],"yoast_head":"<!-- This site is optimized with the Yoast SEO plugin v27.3 - https:\/\/yoast.com\/product\/yoast-seo-wordpress\/ -->\n<title>Benedek Annik\u00f3: Egy kicsit beporosodott lelki vil\u00e1g - Stuttgarti Katolikusok<\/title>\n<meta name=\"robots\" content=\"index, follow, max-snippet:-1, max-image-preview:large, max-video-preview:-1\" \/>\n<link rel=\"canonical\" href=\"https:\/\/stuttgarti-katolikusok.de\/index.php\/benedek-anniko-egy-kicsit-beporosodott-lelki-vilag\/\" \/>\n<meta property=\"og:locale\" content=\"hu_HU\" \/>\n<meta property=\"og:type\" content=\"article\" \/>\n<meta property=\"og:title\" content=\"Benedek Annik\u00f3: Egy kicsit beporosodott lelki vil\u00e1g - Stuttgarti Katolikusok\" \/>\n<meta property=\"og:description\" content=\"+! Kedveseim, sorozatunk \u2013 minden jel szerinti \u2013 utols\u00f3 el\u0151tti \u00edr\u00e1sa k\u00f6vetkezik. Benne Benedek Annik\u00f3 egy \u00faj szempontra nyitja r\u00e1 a szem\u00fcnket: ennek a rendhagy\u00f3 H\u00fasv\u00e9tnak az ideje alatt ism\u00e9t felfedezhett\u00fck porral belepett lelki \u00e9rt\u00e9keinket. B\u00e1rcsak mindig szem\u00fcnk el\u0151tt lebegn\u00e9nek ezek a bels\u0151 aj\u00e1nd\u00e9kok, akkor a mindennapi \u00e9letben is sokkal boldogabbak lenn\u00e9nk! Lelkip\u00e1sztori szeretettel aj\u00e1nlom minden H\u00edv\u00fcnknek, Imre atya PS! Ja, m\u00e9g valami: minden \u00edr\u00e1s kapcs\u00e1n felfedezhettem, hogy a cikk\u00edr\u00f3k mindegyik\u00e9nek volt otthon h\u00e1zi olt\u00e1ra. Err\u0151l az jutott eszembe, hogy minden H\u00edv\u00fcnket \u00e9s Olvas\u00f3nkat megk\u00e9rjek: k\u00fcldj\u00e9tek el vagy az Egyh\u00e1zk\u00f6zs\u00e9g e-mail illetve facebook c\u00edm\u00e9re h\u00e1zi olt\u00e1rotok k\u00e9p\u00e9t. Ezeket azt\u00e1n a honlapunkra feltenn\u00e9nk, \u00e9s ha a koronav\u00edrus j\u00e1rv\u00e1ny elm\u00falt, ki is \u00e1ll\u00edthan\u00e1nk a Bruder Klaus templomban. El\u0151re is k\u00f6sz\u00f6n\u00f6m a k\u00e9peket! \u00a0 Egy kicsit beporosodott lelki vil\u00e1g\u2026. Nagyon furcsa id\u0151ket \u00e9l\u00fcnk. Ez a v\u00edrus a vil\u00e1g minden sark\u00e1t felforgatta, soha nem gondoltam volna, hogy egy kicsi kis v\u00edrus ekkora nagy felfordul\u00e1st tud kelteni, de szerintem ennek a felfordul\u00e1snak megvannak a pozit\u00edv oldalai is Lak\u00e1sunkat rendszeresen kitakar\u00edtjuk, kedves t\u00e1rgyainkat leporozzuk, \u00e1gyunkat \u00a0tiszta, friss \u00e1gynem\u0171vel beh\u00fazzuk, finom \u00e9teleket f\u0151z\u00fcnk \u00e9s m\u00e9g sorolhatn\u00e1m, de vajon ugyan\u00edgy vigy\u00e1zunk a lelk\u00fcnkre is? Az ut\u00f3bbi id\u0151ben ezt a k\u00e9rd\u00e9st t\u00f6bbsz\u00f6r is feltettem magamnak, hisz volt \u00e9s van el\u00e9g id\u0151m err\u0151l is gondolkodni, elm\u00e9lkedni. Nagyon neh\u00e9z az \u00e9let szoci\u00e1lis kapcsolatok n\u00e9lk\u00fcl, bonyolult a munk\u00e1mat vagy hivat\u00e1somat \u00fagy gyakorolnom, hogy azzal el\u00e9gedett legyek. Hi\u00e1nyzanak a rendszeres kapcsolatok a k\u00f6z\u00f6ss\u00e9gem tagjaival, hi\u00e1nyzik a templomba j\u00e1r\u00e1s,\u00a0fizikailag is! Azonban mostans\u00e1g r\u00e9gi-\u00faj dolgokat, \u00e9rt\u00e9keket, \u201em\u00e1sf\u00e9le\u201c kapcsolatokat fedezek fel. Jobban mondva csak le kellet \u201eporolnom\u201c a r\u00e9git, \u00e9s m\u00e1ris el\u0151csillogott, el\u0151villogott az \u00faj. Az ima most napr\u00f3l-napra eg\u00e9szen m\u00e1s \u00e9rz\u00e9seket hoz fel bennem. A J\u00f3isten r\u00e9sz\u00e9r\u0151l pedig olyan aj\u00e1nd\u00e9kat kaptam, hogy azt szavakban alig tudom le\u00edrni\u2026 Egyszer\u0171en meleg, kellemes, felgyullad a sz\u00edvem\u2026 \u00e9s r\u00e1j\u00f6ttem hogy ezt is csak le kellet poroznom. A szentmis\u00e9n r\u00e9szt... R\u00e9szletek\" \/>\n<meta property=\"og:url\" content=\"https:\/\/stuttgarti-katolikusok.de\/index.php\/benedek-anniko-egy-kicsit-beporosodott-lelki-vilag\/\" \/>\n<meta property=\"og:site_name\" content=\"Stuttgarti Katolikusok\" \/>\n<meta property=\"article:published_time\" content=\"2020-05-16T04:12:00+00:00\" \/>\n<meta property=\"og:image\" content=\"https:\/\/stuttgarti-katolikusok.de\/wp-content\/uploads\/2020\/05\/anniko.jpg\" \/>\n\t<meta property=\"og:image:width\" content=\"3435\" \/>\n\t<meta property=\"og:image:height\" content=\"3105\" \/>\n\t<meta property=\"og:image:type\" content=\"image\/jpeg\" \/>\n<meta name=\"author\" content=\"Tibor atya\" \/>\n<meta name=\"twitter:card\" content=\"summary_large_image\" \/>\n<meta name=\"twitter:label1\" content=\"Szerz\u0151:\" \/>\n\t<meta name=\"twitter:data1\" content=\"Tibor atya\" \/>\n\t<meta name=\"twitter:label2\" content=\"Becs\u00fclt olvas\u00e1si id\u0151\" \/>\n\t<meta name=\"twitter:data2\" content=\"4 perc\" \/>\n<script type=\"application\/ld+json\" class=\"yoast-schema-graph\">{\"@context\":\"https:\\\/\\\/schema.org\",\"@graph\":[{\"@type\":\"Article\",\"@id\":\"https:\\\/\\\/stuttgarti-katolikusok.de\\\/index.php\\\/benedek-anniko-egy-kicsit-beporosodott-lelki-vilag\\\/#article\",\"isPartOf\":{\"@id\":\"https:\\\/\\\/stuttgarti-katolikusok.de\\\/index.php\\\/benedek-anniko-egy-kicsit-beporosodott-lelki-vilag\\\/\"},\"author\":{\"name\":\"Tibor atya\",\"@id\":\"https:\\\/\\\/stuttgarti-katolikusok.de\\\/#\\\/schema\\\/person\\\/75908d6f8fdc03a57889d27209df7795\"},\"headline\":\"Benedek Annik\u00f3: Egy kicsit beporosodott lelki vil\u00e1g\",\"datePublished\":\"2020-05-16T04:12:00+00:00\",\"mainEntityOfPage\":{\"@id\":\"https:\\\/\\\/stuttgarti-katolikusok.de\\\/index.php\\\/benedek-anniko-egy-kicsit-beporosodott-lelki-vilag\\\/\"},\"wordCount\":713,\"image\":{\"@id\":\"https:\\\/\\\/stuttgarti-katolikusok.de\\\/index.php\\\/benedek-anniko-egy-kicsit-beporosodott-lelki-vilag\\\/#primaryimage\"},\"thumbnailUrl\":\"https:\\\/\\\/stuttgarti-katolikusok.de\\\/wp-content\\\/uploads\\\/2020\\\/05\\\/anniko.jpg\",\"articleSection\":[\"Olvas\u00f3ink \u00edrj\u00e1k\"],\"inLanguage\":\"hu\"},{\"@type\":\"WebPage\",\"@id\":\"https:\\\/\\\/stuttgarti-katolikusok.de\\\/index.php\\\/benedek-anniko-egy-kicsit-beporosodott-lelki-vilag\\\/\",\"url\":\"https:\\\/\\\/stuttgarti-katolikusok.de\\\/index.php\\\/benedek-anniko-egy-kicsit-beporosodott-lelki-vilag\\\/\",\"name\":\"Benedek Annik\u00f3: Egy kicsit beporosodott lelki vil\u00e1g - Stuttgarti Katolikusok\",\"isPartOf\":{\"@id\":\"https:\\\/\\\/stuttgarti-katolikusok.de\\\/#website\"},\"primaryImageOfPage\":{\"@id\":\"https:\\\/\\\/stuttgarti-katolikusok.de\\\/index.php\\\/benedek-anniko-egy-kicsit-beporosodott-lelki-vilag\\\/#primaryimage\"},\"image\":{\"@id\":\"https:\\\/\\\/stuttgarti-katolikusok.de\\\/index.php\\\/benedek-anniko-egy-kicsit-beporosodott-lelki-vilag\\\/#primaryimage\"},\"thumbnailUrl\":\"https:\\\/\\\/stuttgarti-katolikusok.de\\\/wp-content\\\/uploads\\\/2020\\\/05\\\/anniko.jpg\",\"datePublished\":\"2020-05-16T04:12:00+00:00\",\"author\":{\"@id\":\"https:\\\/\\\/stuttgarti-katolikusok.de\\\/#\\\/schema\\\/person\\\/75908d6f8fdc03a57889d27209df7795\"},\"breadcrumb\":{\"@id\":\"https:\\\/\\\/stuttgarti-katolikusok.de\\\/index.php\\\/benedek-anniko-egy-kicsit-beporosodott-lelki-vilag\\\/#breadcrumb\"},\"inLanguage\":\"hu\",\"potentialAction\":[{\"@type\":\"ReadAction\",\"target\":[\"https:\\\/\\\/stuttgarti-katolikusok.de\\\/index.php\\\/benedek-anniko-egy-kicsit-beporosodott-lelki-vilag\\\/\"]}]},{\"@type\":\"ImageObject\",\"inLanguage\":\"hu\",\"@id\":\"https:\\\/\\\/stuttgarti-katolikusok.de\\\/index.php\\\/benedek-anniko-egy-kicsit-beporosodott-lelki-vilag\\\/#primaryimage\",\"url\":\"https:\\\/\\\/stuttgarti-katolikusok.de\\\/wp-content\\\/uploads\\\/2020\\\/05\\\/anniko.jpg\",\"contentUrl\":\"https:\\\/\\\/stuttgarti-katolikusok.de\\\/wp-content\\\/uploads\\\/2020\\\/05\\\/anniko.jpg\",\"width\":3435,\"height\":3105},{\"@type\":\"BreadcrumbList\",\"@id\":\"https:\\\/\\\/stuttgarti-katolikusok.de\\\/index.php\\\/benedek-anniko-egy-kicsit-beporosodott-lelki-vilag\\\/#breadcrumb\",\"itemListElement\":[{\"@type\":\"ListItem\",\"position\":1,\"name\":\"Kezd\u0151lap\",\"item\":\"https:\\\/\\\/stuttgarti-katolikusok.de\\\/\"},{\"@type\":\"ListItem\",\"position\":2,\"name\":\"Benedek Annik\u00f3: Egy kicsit beporosodott lelki vil\u00e1g\"}]},{\"@type\":\"WebSite\",\"@id\":\"https:\\\/\\\/stuttgarti-katolikusok.de\\\/#website\",\"url\":\"https:\\\/\\\/stuttgarti-katolikusok.de\\\/\",\"name\":\"Stuttgarti Katolikusok\",\"description\":\"\",\"potentialAction\":[{\"@type\":\"SearchAction\",\"target\":{\"@type\":\"EntryPoint\",\"urlTemplate\":\"https:\\\/\\\/stuttgarti-katolikusok.de\\\/?s={search_term_string}\"},\"query-input\":{\"@type\":\"PropertyValueSpecification\",\"valueRequired\":true,\"valueName\":\"search_term_string\"}}],\"inLanguage\":\"hu\"},{\"@type\":\"Person\",\"@id\":\"https:\\\/\\\/stuttgarti-katolikusok.de\\\/#\\\/schema\\\/person\\\/75908d6f8fdc03a57889d27209df7795\",\"name\":\"Tibor atya\",\"image\":{\"@type\":\"ImageObject\",\"inLanguage\":\"hu\",\"@id\":\"https:\\\/\\\/secure.gravatar.com\\\/avatar\\\/61d268e57d1f4525b111222e29d2d5a7f8c420fdbf231ba5566a8ceac74fa960?s=96&d=mm&r=g\",\"url\":\"https:\\\/\\\/secure.gravatar.com\\\/avatar\\\/61d268e57d1f4525b111222e29d2d5a7f8c420fdbf231ba5566a8ceac74fa960?s=96&d=mm&r=g\",\"contentUrl\":\"https:\\\/\\\/secure.gravatar.com\\\/avatar\\\/61d268e57d1f4525b111222e29d2d5a7f8c420fdbf231ba5566a8ceac74fa960?s=96&d=mm&r=g\",\"caption\":\"Tibor atya\"},\"url\":\"https:\\\/\\\/stuttgarti-katolikusok.de\\\/index.php\\\/author\\\/tibor-atya\\\/\"}]}<\/script>\n<!-- \/ Yoast SEO plugin. -->","yoast_head_json":{"title":"Benedek Annik\u00f3: Egy kicsit beporosodott lelki vil\u00e1g - Stuttgarti Katolikusok","robots":{"index":"index","follow":"follow","max-snippet":"max-snippet:-1","max-image-preview":"max-image-preview:large","max-video-preview":"max-video-preview:-1"},"canonical":"https:\/\/stuttgarti-katolikusok.de\/index.php\/benedek-anniko-egy-kicsit-beporosodott-lelki-vilag\/","og_locale":"hu_HU","og_type":"article","og_title":"Benedek Annik\u00f3: Egy kicsit beporosodott lelki vil\u00e1g - Stuttgarti Katolikusok","og_description":"+! Kedveseim, sorozatunk \u2013 minden jel szerinti \u2013 utols\u00f3 el\u0151tti \u00edr\u00e1sa k\u00f6vetkezik. Benne Benedek Annik\u00f3 egy \u00faj szempontra nyitja r\u00e1 a szem\u00fcnket: ennek a rendhagy\u00f3 H\u00fasv\u00e9tnak az ideje alatt ism\u00e9t felfedezhett\u00fck porral belepett lelki \u00e9rt\u00e9keinket. B\u00e1rcsak mindig szem\u00fcnk el\u0151tt lebegn\u00e9nek ezek a bels\u0151 aj\u00e1nd\u00e9kok, akkor a mindennapi \u00e9letben is sokkal boldogabbak lenn\u00e9nk! Lelkip\u00e1sztori szeretettel aj\u00e1nlom minden H\u00edv\u00fcnknek, Imre atya PS! Ja, m\u00e9g valami: minden \u00edr\u00e1s kapcs\u00e1n felfedezhettem, hogy a cikk\u00edr\u00f3k mindegyik\u00e9nek volt otthon h\u00e1zi olt\u00e1ra. Err\u0151l az jutott eszembe, hogy minden H\u00edv\u00fcnket \u00e9s Olvas\u00f3nkat megk\u00e9rjek: k\u00fcldj\u00e9tek el vagy az Egyh\u00e1zk\u00f6zs\u00e9g e-mail illetve facebook c\u00edm\u00e9re h\u00e1zi olt\u00e1rotok k\u00e9p\u00e9t. Ezeket azt\u00e1n a honlapunkra feltenn\u00e9nk, \u00e9s ha a koronav\u00edrus j\u00e1rv\u00e1ny elm\u00falt, ki is \u00e1ll\u00edthan\u00e1nk a Bruder Klaus templomban. El\u0151re is k\u00f6sz\u00f6n\u00f6m a k\u00e9peket! \u00a0 Egy kicsit beporosodott lelki vil\u00e1g\u2026. Nagyon furcsa id\u0151ket \u00e9l\u00fcnk. Ez a v\u00edrus a vil\u00e1g minden sark\u00e1t felforgatta, soha nem gondoltam volna, hogy egy kicsi kis v\u00edrus ekkora nagy felfordul\u00e1st tud kelteni, de szerintem ennek a felfordul\u00e1snak megvannak a pozit\u00edv oldalai is Lak\u00e1sunkat rendszeresen kitakar\u00edtjuk, kedves t\u00e1rgyainkat leporozzuk, \u00e1gyunkat \u00a0tiszta, friss \u00e1gynem\u0171vel beh\u00fazzuk, finom \u00e9teleket f\u0151z\u00fcnk \u00e9s m\u00e9g sorolhatn\u00e1m, de vajon ugyan\u00edgy vigy\u00e1zunk a lelk\u00fcnkre is? Az ut\u00f3bbi id\u0151ben ezt a k\u00e9rd\u00e9st t\u00f6bbsz\u00f6r is feltettem magamnak, hisz volt \u00e9s van el\u00e9g id\u0151m err\u0151l is gondolkodni, elm\u00e9lkedni. Nagyon neh\u00e9z az \u00e9let szoci\u00e1lis kapcsolatok n\u00e9lk\u00fcl, bonyolult a munk\u00e1mat vagy hivat\u00e1somat \u00fagy gyakorolnom, hogy azzal el\u00e9gedett legyek. Hi\u00e1nyzanak a rendszeres kapcsolatok a k\u00f6z\u00f6ss\u00e9gem tagjaival, hi\u00e1nyzik a templomba j\u00e1r\u00e1s,\u00a0fizikailag is! Azonban mostans\u00e1g r\u00e9gi-\u00faj dolgokat, \u00e9rt\u00e9keket, \u201em\u00e1sf\u00e9le\u201c kapcsolatokat fedezek fel. Jobban mondva csak le kellet \u201eporolnom\u201c a r\u00e9git, \u00e9s m\u00e1ris el\u0151csillogott, el\u0151villogott az \u00faj. Az ima most napr\u00f3l-napra eg\u00e9szen m\u00e1s \u00e9rz\u00e9seket hoz fel bennem. A J\u00f3isten r\u00e9sz\u00e9r\u0151l pedig olyan aj\u00e1nd\u00e9kat kaptam, hogy azt szavakban alig tudom le\u00edrni\u2026 Egyszer\u0171en meleg, kellemes, felgyullad a sz\u00edvem\u2026 \u00e9s r\u00e1j\u00f6ttem hogy ezt is csak le kellet poroznom. A szentmis\u00e9n r\u00e9szt... R\u00e9szletek","og_url":"https:\/\/stuttgarti-katolikusok.de\/index.php\/benedek-anniko-egy-kicsit-beporosodott-lelki-vilag\/","og_site_name":"Stuttgarti Katolikusok","article_published_time":"2020-05-16T04:12:00+00:00","og_image":[{"width":3435,"height":3105,"url":"https:\/\/stuttgarti-katolikusok.de\/wp-content\/uploads\/2020\/05\/anniko.jpg","type":"image\/jpeg"}],"author":"Tibor atya","twitter_card":"summary_large_image","twitter_misc":{"Szerz\u0151:":"Tibor atya","Becs\u00fclt olvas\u00e1si id\u0151":"4 perc"},"schema":{"@context":"https:\/\/schema.org","@graph":[{"@type":"Article","@id":"https:\/\/stuttgarti-katolikusok.de\/index.php\/benedek-anniko-egy-kicsit-beporosodott-lelki-vilag\/#article","isPartOf":{"@id":"https:\/\/stuttgarti-katolikusok.de\/index.php\/benedek-anniko-egy-kicsit-beporosodott-lelki-vilag\/"},"author":{"name":"Tibor atya","@id":"https:\/\/stuttgarti-katolikusok.de\/#\/schema\/person\/75908d6f8fdc03a57889d27209df7795"},"headline":"Benedek Annik\u00f3: Egy kicsit beporosodott lelki vil\u00e1g","datePublished":"2020-05-16T04:12:00+00:00","mainEntityOfPage":{"@id":"https:\/\/stuttgarti-katolikusok.de\/index.php\/benedek-anniko-egy-kicsit-beporosodott-lelki-vilag\/"},"wordCount":713,"image":{"@id":"https:\/\/stuttgarti-katolikusok.de\/index.php\/benedek-anniko-egy-kicsit-beporosodott-lelki-vilag\/#primaryimage"},"thumbnailUrl":"https:\/\/stuttgarti-katolikusok.de\/wp-content\/uploads\/2020\/05\/anniko.jpg","articleSection":["Olvas\u00f3ink \u00edrj\u00e1k"],"inLanguage":"hu"},{"@type":"WebPage","@id":"https:\/\/stuttgarti-katolikusok.de\/index.php\/benedek-anniko-egy-kicsit-beporosodott-lelki-vilag\/","url":"https:\/\/stuttgarti-katolikusok.de\/index.php\/benedek-anniko-egy-kicsit-beporosodott-lelki-vilag\/","name":"Benedek Annik\u00f3: Egy kicsit beporosodott lelki vil\u00e1g - Stuttgarti Katolikusok","isPartOf":{"@id":"https:\/\/stuttgarti-katolikusok.de\/#website"},"primaryImageOfPage":{"@id":"https:\/\/stuttgarti-katolikusok.de\/index.php\/benedek-anniko-egy-kicsit-beporosodott-lelki-vilag\/#primaryimage"},"image":{"@id":"https:\/\/stuttgarti-katolikusok.de\/index.php\/benedek-anniko-egy-kicsit-beporosodott-lelki-vilag\/#primaryimage"},"thumbnailUrl":"https:\/\/stuttgarti-katolikusok.de\/wp-content\/uploads\/2020\/05\/anniko.jpg","datePublished":"2020-05-16T04:12:00+00:00","author":{"@id":"https:\/\/stuttgarti-katolikusok.de\/#\/schema\/person\/75908d6f8fdc03a57889d27209df7795"},"breadcrumb":{"@id":"https:\/\/stuttgarti-katolikusok.de\/index.php\/benedek-anniko-egy-kicsit-beporosodott-lelki-vilag\/#breadcrumb"},"inLanguage":"hu","potentialAction":[{"@type":"ReadAction","target":["https:\/\/stuttgarti-katolikusok.de\/index.php\/benedek-anniko-egy-kicsit-beporosodott-lelki-vilag\/"]}]},{"@type":"ImageObject","inLanguage":"hu","@id":"https:\/\/stuttgarti-katolikusok.de\/index.php\/benedek-anniko-egy-kicsit-beporosodott-lelki-vilag\/#primaryimage","url":"https:\/\/stuttgarti-katolikusok.de\/wp-content\/uploads\/2020\/05\/anniko.jpg","contentUrl":"https:\/\/stuttgarti-katolikusok.de\/wp-content\/uploads\/2020\/05\/anniko.jpg","width":3435,"height":3105},{"@type":"BreadcrumbList","@id":"https:\/\/stuttgarti-katolikusok.de\/index.php\/benedek-anniko-egy-kicsit-beporosodott-lelki-vilag\/#breadcrumb","itemListElement":[{"@type":"ListItem","position":1,"name":"Kezd\u0151lap","item":"https:\/\/stuttgarti-katolikusok.de\/"},{"@type":"ListItem","position":2,"name":"Benedek Annik\u00f3: Egy kicsit beporosodott lelki vil\u00e1g"}]},{"@type":"WebSite","@id":"https:\/\/stuttgarti-katolikusok.de\/#website","url":"https:\/\/stuttgarti-katolikusok.de\/","name":"Stuttgarti Katolikusok","description":"","potentialAction":[{"@type":"SearchAction","target":{"@type":"EntryPoint","urlTemplate":"https:\/\/stuttgarti-katolikusok.de\/?s={search_term_string}"},"query-input":{"@type":"PropertyValueSpecification","valueRequired":true,"valueName":"search_term_string"}}],"inLanguage":"hu"},{"@type":"Person","@id":"https:\/\/stuttgarti-katolikusok.de\/#\/schema\/person\/75908d6f8fdc03a57889d27209df7795","name":"Tibor atya","image":{"@type":"ImageObject","inLanguage":"hu","@id":"https:\/\/secure.gravatar.com\/avatar\/61d268e57d1f4525b111222e29d2d5a7f8c420fdbf231ba5566a8ceac74fa960?s=96&d=mm&r=g","url":"https:\/\/secure.gravatar.com\/avatar\/61d268e57d1f4525b111222e29d2d5a7f8c420fdbf231ba5566a8ceac74fa960?s=96&d=mm&r=g","contentUrl":"https:\/\/secure.gravatar.com\/avatar\/61d268e57d1f4525b111222e29d2d5a7f8c420fdbf231ba5566a8ceac74fa960?s=96&d=mm&r=g","caption":"Tibor atya"},"url":"https:\/\/stuttgarti-katolikusok.de\/index.php\/author\/tibor-atya\/"}]}},"_links":{"self":[{"href":"https:\/\/stuttgarti-katolikusok.de\/index.php\/wp-json\/wp\/v2\/posts\/19497","targetHints":{"allow":["GET"]}}],"collection":[{"href":"https:\/\/stuttgarti-katolikusok.de\/index.php\/wp-json\/wp\/v2\/posts"}],"about":[{"href":"https:\/\/stuttgarti-katolikusok.de\/index.php\/wp-json\/wp\/v2\/types\/post"}],"author":[{"embeddable":true,"href":"https:\/\/stuttgarti-katolikusok.de\/index.php\/wp-json\/wp\/v2\/users\/3"}],"replies":[{"embeddable":true,"href":"https:\/\/stuttgarti-katolikusok.de\/index.php\/wp-json\/wp\/v2\/comments?post=19497"}],"version-history":[{"count":1,"href":"https:\/\/stuttgarti-katolikusok.de\/index.php\/wp-json\/wp\/v2\/posts\/19497\/revisions"}],"predecessor-version":[{"id":19499,"href":"https:\/\/stuttgarti-katolikusok.de\/index.php\/wp-json\/wp\/v2\/posts\/19497\/revisions\/19499"}],"wp:featuredmedia":[{"embeddable":true,"href":"https:\/\/stuttgarti-katolikusok.de\/index.php\/wp-json\/wp\/v2\/media\/19498"}],"wp:attachment":[{"href":"https:\/\/stuttgarti-katolikusok.de\/index.php\/wp-json\/wp\/v2\/media?parent=19497"}],"wp:term":[{"taxonomy":"category","embeddable":true,"href":"https:\/\/stuttgarti-katolikusok.de\/index.php\/wp-json\/wp\/v2\/categories?post=19497"},{"taxonomy":"post_tag","embeddable":true,"href":"https:\/\/stuttgarti-katolikusok.de\/index.php\/wp-json\/wp\/v2\/tags?post=19497"}],"curies":[{"name":"wp","href":"https:\/\/api.w.org\/{rel}","templated":true}]}}