{"id":19488,"date":"2020-05-14T06:50:40","date_gmt":"2020-05-14T06:50:40","guid":{"rendered":"https:\/\/gracious-dewdney.138-201-221-2.plesk.page\/?p=19488"},"modified":"2020-05-14T08:50:06","modified_gmt":"2020-05-14T08:50:06","slug":"toth-timea-ujrakezdes","status":"publish","type":"post","link":"https:\/\/stuttgarti-katolikusok.de\/index.php\/toth-timea-ujrakezdes\/","title":{"rendered":"T\u00f3th T\u00edmea: \u00dajrakezd\u00e9s&#8230;"},"content":{"rendered":"<div class=\"kvgmc6g5 cxmmr5t8 oygrvhab hcukyx3x c1et5uql ii04i59q\">\n<div dir=\"auto\"><em>Vas\u00e1rnap, 2020. m\u00e1jus 10-\u00e9n els\u0151 alkalommal tarthattunk szentmis\u00e9t Weingartenben. V\u00e1rakoz\u00e1s \u00e9s sok el\u0151k\u00e9sz\u00fclet el\u0151zte meg a szentmis\u00e9t.<\/em><\/div>\n<div dir=\"auto\"><em>Err\u0151l, s az ehhez az \u00fathoz vezet\u0151 \u00e9lm\u00e9nyeir\u0151l sz\u00f3l T\u00edmea \u00edr\u00e1s\u00e1ban.<\/em><\/div>\n<div dir=\"auto\"><em>Fogadj\u00e1tok szeretettel gondolatait!<\/em><\/div>\n<\/div>\n<div class=\"o9v6fnle cxmmr5t8 oygrvhab hcukyx3x c1et5uql ii04i59q\">\n<div dir=\"auto\"><em>Tibor atya<\/em><\/div>\n<\/div>\n<div dir=\"auto\"><\/div>\n<div dir=\"auto\"><\/div>\n<div dir=\"auto\"><\/div>\n<div dir=\"auto\"><span style=\"color: #ff6600;\"><em><strong>\u00dajrakezd\u00e9s&#8230;<\/strong><\/em><\/span><\/div>\n<div dir=\"auto\">\n<p>Weingarten, 2020. m\u00e1jus 10., vas\u00e1rnap. A templomok \u00fajra megnyithatt\u00e1k kapuikat a vas\u00e1rnapi szentmis\u00e9kre. \u00dajra \u00e1t\u00e9lhett\u00fck az Eucharisztia var\u00e1zs\u00e1t, k\u00f6z\u00f6ss\u00e9g teremt\u0151 erej\u00e9t. Most azonban m\u00e1s volt.<\/p>\n<p>M\u00e1s, mint ahogy az elm\u00falt id\u0151szak is mindenki sz\u00e1m\u00e1ra. 2020 mindenki \u00e9let\u00e9ben egy k\u00fcl\u00f6nleges \u00e9v marad \u00f6r\u00f6kre, nekem k\u00fcl\u00f6n\u00f6sk\u00e9ppen. Ennek az \u00e9vnek minden neh\u00e9zs\u00e9ge ellen\u00e9re m\u00e1r most k\u00f6sz\u00f6nettel tartozom. Az egyik legnagyobb \u00e9s leg\u00e9rt\u00e9kesebb <em><strong>aj\u00e1nd\u00e9kot kaptam<\/strong> <\/em>2020-t\u00f3l, ez pedig az <strong>Id\u0151<\/strong>!<\/p>\n<p><em><strong>Id\u0151t kaptam hitemben val\u00f3 elm\u00e9ly\u00fcl\u00e9sre!<\/strong><\/em><\/p>\n<p><em><strong>Id\u0151t kaptam \u00f6nmagam megismer\u00e9s\u00e9re!<\/strong><\/em><\/p>\n<p><em><strong>Id\u0151t kaptam m\u00e9ly, lelki fejl\u0151d\u00e9semhez!<\/strong><\/em><\/p>\n<p><em><strong>Id\u0151t kaptam a befel\u00e9 fordul\u00e1sra!<\/strong><\/em><\/p>\n<p><em><strong>Id\u0151t kaptam, hogy a p\u00e1rommal egy m\u00e9g m\u00e9lyebb, bens\u0151s\u00e9gesebb, \u0151szint\u00e9bb kapcsolatot teremtsek!<\/strong><\/em><\/p>\n<p>Mindezt k\u00f6sz\u00f6n\u00f6m, de m\u00e9gis a legnagyobb aj\u00e1nd\u00e9k a sz\u00e1momra, a lelki \u00fajj\u00e1sz\u00fclet\u00e9semnek \u00fatja, k\u00fcl\u00f6n\u00f6s t\u00f6rt\u00e9nete.<\/p>\n<p>A janu\u00e1rban t\u00f6rt\u00e9nt s\u00falyos aut\u00f3balesetem k\u00f6vetkezt\u00e9ben a lelki munk\u00e1m m\u00e1r akkor elkezd\u0151d\u00f6tt, a Koronav\u00edrus betoppan\u00e1s\u00e1val pedig csak m\u00e9ly\u00fclt. Mindkett\u0151 hat\u00e1s\u00e1ra egy m\u00e9ly lelki v\u00e1ltoz\u00e1son mentem kereszt\u00fcl, mely a mai napig tart.<\/p>\n<p>Az aut\u00f3balesetem k\u00f6vetkezt\u00e9ben a m\u00e1r bennem l\u00e9v\u0151 hit Isten fel\u00e9 csak m\u00e9g jobban feler\u0151s\u00f6d\u00f6tt. Hiszem, hogy Istennek k\u00f6sz\u00f6nhetem, hogy testileg mondhatni \u00e9ps\u00e9gben t\u00fal\u00e9ltem a balesetet. Az \u0150 seg\u00edts\u00e9gemre siet\u00e9se ok\u00e1n ker\u00fcltem biztons\u00e1gosabbnak mondhat\u00f3 helyzetbe a baleset sor\u00e1n, hiszen m\u00edg a p\u00f6rd\u00fcl\u00e9sek v\u00e9g\u00e9n az aut\u00f3m fejjel lefel\u00e9 \u00e1llt meg, addig m\u00e9gis p\u00e1r m\u00e1sodperc ut\u00e1n az aut\u00f3m visszalend\u00fclt mind a 4 kerek\u00e9re. \u00c9reztem akkor Isten jelenl\u00e9t\u00e9t k\u00fcls\u0151 megval\u00f3sul\u00e1s\u00e1ban is. Mert eddig is tudtam, Isten bennem, velem van, de ez volt a v\u00e9gs\u0151 bizony\u00edt\u00e9k arra, hogy \u0151 engem szeret annak ellen\u00e9re, hogy nem vagyok megkeresztelve. Ez sz\u00e1momra egy m\u00e9ly megnyugv\u00e1st, de egyben egy igazi lelki munk\u00e1t is hozott a lelkembe. A lelki munk\u00e1m r\u00e9sze a megkeresztelked\u00e9s ir\u00e1nti v\u00e1gyam feler\u0151s\u00f6d\u00e9se.<\/p>\n<p>Ennek k\u00f6vetkezt\u00e9ben 2 nappal a balesetem ut\u00e1n kerestem meg Tibor aty\u00e1t. M\u00e1ig hihetetlen sz\u00e1momra ez a sorsszer\u0171 tal\u00e1lkoz\u00e1s, hiszen aty\u00e1ban megtal\u00e1ltam azt az egyik szem\u00e9lyt, akinek seg\u00edts\u00e9g\u00e9vel lelkileg fejl\u0151dni tudok, olyan lelki fejl\u0151d\u00e9si tan\u00edt\u00e1sai vannak, melyekre jelenleg sz\u00fcks\u00e9gem van, \u00e9s amelyek igaz\u00e1b\u00f3l mindig is foglalkoztattak.<\/p>\n<p>Hiszem, hogy \u00e9let\u00fcnk sor\u00e1n bek\u00f6vetkez\u0151 esem\u00e9nyeknek oka van. Okkal t\u00f6rt\u00e9nnek meg vel\u00fcnk dolgok. \u00c9s minden akkor, amikor elj\u00f6n az ideje. Nekem most \u00e9rkezett el az id\u0151, hogy sz\u00f6vets\u00e9gbe l\u00e9phessek Istennel a keresztelked\u00e9s szents\u00e9g\u00e9ben.<\/p>\n<p>H\u00e1l\u00e1s vagyok, hogy ezen az \u00faton m\u00e9g a koronav\u00edrusi id\u0151szak el\u0151tt elindulhattam, melynek k\u00f6sz\u00f6nhet\u0151en megismerkedhettem egy fantasztikus katolikus k\u00f6z\u00f6ss\u00e9ggel, a weingarteni katolikus k\u00f6z\u00f6ss\u00e9ggel.<\/p>\n<p>H\u00e1l\u00e1s vagyok, hogy a koronav\u00edrus kirobban\u00e1sa el\u0151tti utols\u00f3 h\u00e9tv\u00e9g\u00e9j\u00e9n r\u00e9szt vehettem az Eucharisztia jegy\u00e9ben zajl\u00f3 weingarteni csendes napokon, ahol egy manaps\u00e1g ritka tapasztalattal gazdagodhattam: a k\u00f6z\u00f6ss\u00e9g tagjainak meleg, \u0151szinte nyitotts\u00e1ga, figyelmes, seg\u00edt\u0151k\u00e9sz k\u00f6zeled\u00e9se fel\u00e9m! Ez az\u00f3ta is tart! K\u00f6sz\u00f6n\u00f6m nektek!<\/p>\n<p>Aj\u00e1nd\u00e9kk\u00e9nt tekintek arra, hogy ezen lelki napokat Tibor atya tartotta meg v\u00e9g\u00fcl, mert \u00edgy m\u00e9g jobban megismerhettem \u0150t, aki tan\u00edt\u00e1saival, gondolataival elk\u00eds\u00e9r engem a lelki \u00fajj\u00e1sz\u00fclet\u00e9sem \u00fatj\u00e1n. K\u00f6sz\u00f6n\u00f6m!<\/p>\n<p>Term\u00e9szetesen nem \u00edgy k\u00e9pzeltem el a lelki felk\u00e9sz\u00fcl\u00e9sem, hogy bez\u00e1rva indulok el ezen az \u00faton, de m\u00e9gis aj\u00e1nd\u00e9kk\u00e9nt tekintek r\u00e1, hiszen a hitemet m\u00e9g er\u0151sebb\u00e9 tette ez az id\u0151szak azzal, hogy bent \u00f6nmagamban m\u00e9ly\u00fclt el a kapcsolatom Istennel. Hiszen Isten ott van vel\u00fcnk, mindenhol, nemcsak a szentmis\u00e9k sor\u00e1n a templomokban.<\/p>\n<p>Azonban \u00e9n nagyon \u00f6r\u00fcltem, mikor \u00e9rtes\u00fcltem a v\u00edrus miatti korl\u00e1toz\u00e1sok enyh\u00edt\u00e9s\u00e9r\u0151l, legf\u0151k\u00e9ppen a templomi szab\u00e1lyok enyh\u00edt\u00e9s\u00e9r\u0151l. \u00dagy gondolom, hogy mindenkinek szabad joga hitvall\u00e1s\u00e1t \u00fagy \u00e9s ott gyakorolni, ahogy \u00e9s ahol az \u0151 lelk\u00e9nek kellemes. Sz\u00e1momra f\u00e1j\u00f3 volt, hogy szem\u00e9lyesen nem vehettem r\u00e9szt szentmis\u00e9n az elm\u00falt 2 h\u00f3napban, most, mikor azok adtak nekem a lelki fejl\u0151d\u00e9semben t\u00e1maszt. Term\u00e9szetesen az\u00e9rt k\u00f6sz\u00f6nettel tartozok a modern vil\u00e1gnak, hogy az internet megadta azt a lehet\u0151s\u00e9get, hogy legal\u00e1bb virtu\u00e1lisan ott lehettem. De tudjuk, ez m\u00e1s volt.<\/p>\n<p>M\u00e1s volt a megszor\u00edt\u00e1sok ut\u00e1ni els\u0151 Szentmise is a weingarteni St. Maria templomban. \u00dagy gondolom, \u00f6r\u00f6kre nyomot hagyott minden r\u00e9sztvev\u0151 lelk\u00e9ben. Felemel\u0151, de egyben szomor\u00fa \u00e9rz\u00e9sek v\u00e1ltakoztak bennem.<\/p>\n<p>A gumikeszty\u0171 csattan\u00e1s\u00e1nak hangja, melyet Tibor atya az \u00e1ldoztat\u00e1shoz vett fel, m\u00e9g mindig itt cseng a f\u00fclemben. M\u00e1r nem fogom elfelejteni soha. Mint az \u00e1ldoztat\u00e1s l\u00e1tv\u00e1ny\u00e1t sem, vagy az \u00e9nekek sor\u00e1n l\u00e1tott, csendben marad\u00f3 h\u00edvek szomor\u00fa arc\u00e1t sem.<\/p>\n<p>Az \u00e1ldoztat\u00e1s sor\u00e1n \u00e9n szem\u00e9ly szerint els\u00edrtam magam, oly m\u00e9lyen megrend\u00edtett engem a sz\u00e1jmaszkos atya \u00e9s a vele szemben \u00e1ll\u00f3 sz\u00e1jmaszkos h\u00edv\u0151k k\u00e9pe.<\/p>\n<p>F\u00e1jt, de term\u00e9szetesen k\u00f6zben \u00f6r\u00f6mmel is t\u00f6lt\u00f6tt el, hogy 2 h\u00f3nap ut\u00e1n, ha ilyen form\u00e1ban is, de az Eucharisztia \u00fcnnepl\u00e9s\u00e9ben egy\u00fctt lehett\u00fcnk.<\/p>\n<p>Mint minden, ez is okkal t\u00f6rt\u00e9nt \u00edgy. \u00c9n \u00fagy \u00e9rzem, ennek k\u00f6sz\u00f6nhet\u0151en is, m\u00e9g k\u00f6zelebb ker\u00fcltem Istenhez, a hitemhez! Az elm\u00falt b\u0151 n\u00e9gy h\u00f3nap sorsford\u00edt\u00f3 esem\u00e9nyeire m\u00e9gis megpr\u00f3b\u00e1lok pozit\u00edvan tekinteni, hiszen csak ezek r\u00e9v\u00e9n er\u0151s\u00f6dtem, k\u00f6zelebb \u00e9rzem magam Istenhez, meg merem hallgatni a bels\u0151 val\u00f3di \u00e9nem hangj\u00e1t, illetve sok \u00faj, hasonl\u00f3 \u00e9rz\u00e9s\u0171, gondolkod\u00e1s\u00fa embert nyertem az \u00e9letemben.<\/p>\n<p>Azonban m\u00e1r v\u00e1rom, hogy \u00fajra felszabadultan d\u00f6nthess\u00fcnk cselekedeteinkr\u0151l.<\/p>\n<p><em>T\u00f3th T\u00edmea,<\/em><\/p>\n<p><em>Bad Waldsee, 2020. m\u00e1jus 13.<\/em><\/p>\n<\/div>\n","protected":false},"excerpt":{"rendered":"<p>Vas\u00e1rnap, 2020. m\u00e1jus 10-\u00e9n els\u0151 alkalommal tarthattunk szentmis\u00e9t Weingartenben. V\u00e1rakoz\u00e1s \u00e9s sok el\u0151k\u00e9sz\u00fclet el\u0151zte meg a szentmis\u00e9t. Err\u0151l, s az ehhez az \u00fathoz vezet\u0151 \u00e9lm\u00e9nyeir\u0151l sz\u00f3l T\u00edmea \u00edr\u00e1s\u00e1ban. Fogadj\u00e1tok szeretettel gondolatait! Tibor atya \u00dajrakezd\u00e9s&#8230; Weingarten, 2020. m\u00e1jus 10., vas\u00e1rnap. A templomok \u00fajra megnyithatt\u00e1k kapuikat a vas\u00e1rnapi szentmis\u00e9kre. \u00dajra \u00e1t\u00e9lhett\u00fck az Eucharisztia var\u00e1zs\u00e1t, k\u00f6z\u00f6ss\u00e9g teremt\u0151 erej\u00e9t. Most azonban m\u00e1s volt. M\u00e1s, mint ahogy az elm\u00falt id\u0151szak is mindenki sz\u00e1m\u00e1ra. 2020 mindenki \u00e9let\u00e9ben egy k\u00fcl\u00f6nleges \u00e9v marad \u00f6r\u00f6kre, nekem k\u00fcl\u00f6n\u00f6sk\u00e9ppen. Ennek az \u00e9vnek minden neh\u00e9zs\u00e9ge ellen\u00e9re m\u00e1r most k\u00f6sz\u00f6nettel tartozom. Az egyik legnagyobb \u00e9s leg\u00e9rt\u00e9kesebb aj\u00e1nd\u00e9kot kaptam 2020-t\u00f3l, ez pedig az Id\u0151! Id\u0151t kaptam hitemben val\u00f3 elm\u00e9ly\u00fcl\u00e9sre! Id\u0151t kaptam \u00f6nmagam megismer\u00e9s\u00e9re! Id\u0151t kaptam m\u00e9ly, lelki fejl\u0151d\u00e9semhez! Id\u0151t kaptam a befel\u00e9 fordul\u00e1sra! Id\u0151t kaptam, hogy a p\u00e1rommal egy m\u00e9g m\u00e9lyebb, bens\u0151s\u00e9gesebb, \u0151szint\u00e9bb kapcsolatot teremtsek! Mindezt k\u00f6sz\u00f6n\u00f6m, de m\u00e9gis a legnagyobb aj\u00e1nd\u00e9k a sz\u00e1momra, a lelki \u00fajj\u00e1sz\u00fclet\u00e9semnek \u00fatja, k\u00fcl\u00f6n\u00f6s t\u00f6rt\u00e9nete. A janu\u00e1rban t\u00f6rt\u00e9nt s\u00falyos aut\u00f3balesetem k\u00f6vetkezt\u00e9ben a lelki munk\u00e1m m\u00e1r akkor elkezd\u0151d\u00f6tt, a Koronav\u00edrus betoppan\u00e1s\u00e1val pedig csak m\u00e9ly\u00fclt. Mindkett\u0151 hat\u00e1s\u00e1ra egy m\u00e9ly lelki v\u00e1ltoz\u00e1son mentem kereszt\u00fcl, mely a mai napig tart. Az aut\u00f3balesetem k\u00f6vetkezt\u00e9ben a m\u00e1r bennem l\u00e9v\u0151 hit Isten fel\u00e9 csak m\u00e9g jobban feler\u0151s\u00f6d\u00f6tt. Hiszem, hogy Istennek k\u00f6sz\u00f6nhetem, hogy testileg mondhatni \u00e9ps\u00e9gben t\u00fal\u00e9ltem a balesetet. Az \u0150 seg\u00edts\u00e9gemre siet\u00e9se ok\u00e1n ker\u00fcltem biztons\u00e1gosabbnak mondhat\u00f3 helyzetbe a baleset sor\u00e1n, hiszen m\u00edg a p\u00f6rd\u00fcl\u00e9sek v\u00e9g\u00e9n az aut\u00f3m fejjel lefel\u00e9 \u00e1llt meg, addig m\u00e9gis p\u00e1r m\u00e1sodperc ut\u00e1n az aut\u00f3m visszalend\u00fclt mind a 4 kerek\u00e9re. \u00c9reztem akkor Isten jelenl\u00e9t\u00e9t k\u00fcls\u0151 megval\u00f3sul\u00e1s\u00e1ban is. Mert eddig is tudtam, Isten bennem, velem van, de ez volt a v\u00e9gs\u0151 bizony\u00edt\u00e9k arra, hogy \u0151 engem szeret annak ellen\u00e9re, hogy nem vagyok megkeresztelve. Ez sz\u00e1momra egy m\u00e9ly megnyugv\u00e1st, de egyben egy igazi lelki munk\u00e1t is hozott a lelkembe. A lelki munk\u00e1m r\u00e9sze a megkeresztelked\u00e9s ir\u00e1nti v\u00e1gyam feler\u0151s\u00f6d\u00e9se. Ennek k\u00f6vetkezt\u00e9ben 2 nappal a balesetem ut\u00e1n&#8230; <\/p>\n<p><a class=\"readmore\" href=\"https:\/\/stuttgarti-katolikusok.de\/index.php\/toth-timea-ujrakezdes\/\">R\u00e9szletek<\/a><\/p>\n","protected":false},"author":3,"featured_media":19489,"comment_status":"closed","ping_status":"closed","sticky":false,"template":"","format":"standard","meta":{"footnotes":""},"categories":[28],"tags":[],"class_list":["post-19488","post","type-post","status-publish","format-standard","has-post-thumbnail","hentry","category-olvasoink-irjak"],"yoast_head":"<!-- This site is optimized with the Yoast SEO plugin v27.3 - https:\/\/yoast.com\/product\/yoast-seo-wordpress\/ -->\n<title>T\u00f3th T\u00edmea: \u00dajrakezd\u00e9s... - Stuttgarti Katolikusok<\/title>\n<meta name=\"robots\" content=\"index, follow, max-snippet:-1, max-image-preview:large, max-video-preview:-1\" \/>\n<link rel=\"canonical\" href=\"https:\/\/stuttgarti-katolikusok.de\/index.php\/toth-timea-ujrakezdes\/\" \/>\n<meta property=\"og:locale\" content=\"hu_HU\" \/>\n<meta property=\"og:type\" content=\"article\" \/>\n<meta property=\"og:title\" content=\"T\u00f3th T\u00edmea: \u00dajrakezd\u00e9s... - Stuttgarti Katolikusok\" \/>\n<meta property=\"og:description\" content=\"Vas\u00e1rnap, 2020. m\u00e1jus 10-\u00e9n els\u0151 alkalommal tarthattunk szentmis\u00e9t Weingartenben. V\u00e1rakoz\u00e1s \u00e9s sok el\u0151k\u00e9sz\u00fclet el\u0151zte meg a szentmis\u00e9t. Err\u0151l, s az ehhez az \u00fathoz vezet\u0151 \u00e9lm\u00e9nyeir\u0151l sz\u00f3l T\u00edmea \u00edr\u00e1s\u00e1ban. Fogadj\u00e1tok szeretettel gondolatait! Tibor atya \u00dajrakezd\u00e9s&#8230; Weingarten, 2020. m\u00e1jus 10., vas\u00e1rnap. A templomok \u00fajra megnyithatt\u00e1k kapuikat a vas\u00e1rnapi szentmis\u00e9kre. \u00dajra \u00e1t\u00e9lhett\u00fck az Eucharisztia var\u00e1zs\u00e1t, k\u00f6z\u00f6ss\u00e9g teremt\u0151 erej\u00e9t. Most azonban m\u00e1s volt. M\u00e1s, mint ahogy az elm\u00falt id\u0151szak is mindenki sz\u00e1m\u00e1ra. 2020 mindenki \u00e9let\u00e9ben egy k\u00fcl\u00f6nleges \u00e9v marad \u00f6r\u00f6kre, nekem k\u00fcl\u00f6n\u00f6sk\u00e9ppen. Ennek az \u00e9vnek minden neh\u00e9zs\u00e9ge ellen\u00e9re m\u00e1r most k\u00f6sz\u00f6nettel tartozom. Az egyik legnagyobb \u00e9s leg\u00e9rt\u00e9kesebb aj\u00e1nd\u00e9kot kaptam 2020-t\u00f3l, ez pedig az Id\u0151! Id\u0151t kaptam hitemben val\u00f3 elm\u00e9ly\u00fcl\u00e9sre! Id\u0151t kaptam \u00f6nmagam megismer\u00e9s\u00e9re! Id\u0151t kaptam m\u00e9ly, lelki fejl\u0151d\u00e9semhez! Id\u0151t kaptam a befel\u00e9 fordul\u00e1sra! Id\u0151t kaptam, hogy a p\u00e1rommal egy m\u00e9g m\u00e9lyebb, bens\u0151s\u00e9gesebb, \u0151szint\u00e9bb kapcsolatot teremtsek! Mindezt k\u00f6sz\u00f6n\u00f6m, de m\u00e9gis a legnagyobb aj\u00e1nd\u00e9k a sz\u00e1momra, a lelki \u00fajj\u00e1sz\u00fclet\u00e9semnek \u00fatja, k\u00fcl\u00f6n\u00f6s t\u00f6rt\u00e9nete. A janu\u00e1rban t\u00f6rt\u00e9nt s\u00falyos aut\u00f3balesetem k\u00f6vetkezt\u00e9ben a lelki munk\u00e1m m\u00e1r akkor elkezd\u0151d\u00f6tt, a Koronav\u00edrus betoppan\u00e1s\u00e1val pedig csak m\u00e9ly\u00fclt. Mindkett\u0151 hat\u00e1s\u00e1ra egy m\u00e9ly lelki v\u00e1ltoz\u00e1son mentem kereszt\u00fcl, mely a mai napig tart. Az aut\u00f3balesetem k\u00f6vetkezt\u00e9ben a m\u00e1r bennem l\u00e9v\u0151 hit Isten fel\u00e9 csak m\u00e9g jobban feler\u0151s\u00f6d\u00f6tt. Hiszem, hogy Istennek k\u00f6sz\u00f6nhetem, hogy testileg mondhatni \u00e9ps\u00e9gben t\u00fal\u00e9ltem a balesetet. Az \u0150 seg\u00edts\u00e9gemre siet\u00e9se ok\u00e1n ker\u00fcltem biztons\u00e1gosabbnak mondhat\u00f3 helyzetbe a baleset sor\u00e1n, hiszen m\u00edg a p\u00f6rd\u00fcl\u00e9sek v\u00e9g\u00e9n az aut\u00f3m fejjel lefel\u00e9 \u00e1llt meg, addig m\u00e9gis p\u00e1r m\u00e1sodperc ut\u00e1n az aut\u00f3m visszalend\u00fclt mind a 4 kerek\u00e9re. \u00c9reztem akkor Isten jelenl\u00e9t\u00e9t k\u00fcls\u0151 megval\u00f3sul\u00e1s\u00e1ban is. Mert eddig is tudtam, Isten bennem, velem van, de ez volt a v\u00e9gs\u0151 bizony\u00edt\u00e9k arra, hogy \u0151 engem szeret annak ellen\u00e9re, hogy nem vagyok megkeresztelve. Ez sz\u00e1momra egy m\u00e9ly megnyugv\u00e1st, de egyben egy igazi lelki munk\u00e1t is hozott a lelkembe. A lelki munk\u00e1m r\u00e9sze a megkeresztelked\u00e9s ir\u00e1nti v\u00e1gyam feler\u0151s\u00f6d\u00e9se. Ennek k\u00f6vetkezt\u00e9ben 2 nappal a balesetem ut\u00e1n... R\u00e9szletek\" \/>\n<meta property=\"og:url\" content=\"https:\/\/stuttgarti-katolikusok.de\/index.php\/toth-timea-ujrakezdes\/\" \/>\n<meta property=\"og:site_name\" content=\"Stuttgarti Katolikusok\" \/>\n<meta property=\"article:published_time\" content=\"2020-05-14T06:50:40+00:00\" \/>\n<meta property=\"article:modified_time\" content=\"2020-05-14T08:50:06+00:00\" \/>\n<meta property=\"og:image\" content=\"https:\/\/stuttgarti-katolikusok.de\/wp-content\/uploads\/2020\/05\/weingarten-templom.jpg\" \/>\n\t<meta property=\"og:image:width\" content=\"3003\" \/>\n\t<meta property=\"og:image:height\" content=\"2033\" \/>\n\t<meta property=\"og:image:type\" content=\"image\/jpeg\" \/>\n<meta name=\"author\" content=\"Tibor atya\" \/>\n<meta name=\"twitter:card\" content=\"summary_large_image\" \/>\n<meta name=\"twitter:label1\" content=\"Szerz\u0151:\" \/>\n\t<meta name=\"twitter:data1\" content=\"Tibor atya\" \/>\n\t<meta name=\"twitter:label2\" content=\"Becs\u00fclt olvas\u00e1si id\u0151\" \/>\n\t<meta name=\"twitter:data2\" content=\"6 perc\" \/>\n<script type=\"application\/ld+json\" class=\"yoast-schema-graph\">{\"@context\":\"https:\\\/\\\/schema.org\",\"@graph\":[{\"@type\":\"Article\",\"@id\":\"https:\\\/\\\/stuttgarti-katolikusok.de\\\/index.php\\\/toth-timea-ujrakezdes\\\/#article\",\"isPartOf\":{\"@id\":\"https:\\\/\\\/stuttgarti-katolikusok.de\\\/index.php\\\/toth-timea-ujrakezdes\\\/\"},\"author\":{\"name\":\"Tibor atya\",\"@id\":\"https:\\\/\\\/stuttgarti-katolikusok.de\\\/#\\\/schema\\\/person\\\/75908d6f8fdc03a57889d27209df7795\"},\"headline\":\"T\u00f3th T\u00edmea: \u00dajrakezd\u00e9s&#8230;\",\"datePublished\":\"2020-05-14T06:50:40+00:00\",\"dateModified\":\"2020-05-14T08:50:06+00:00\",\"mainEntityOfPage\":{\"@id\":\"https:\\\/\\\/stuttgarti-katolikusok.de\\\/index.php\\\/toth-timea-ujrakezdes\\\/\"},\"wordCount\":1173,\"image\":{\"@id\":\"https:\\\/\\\/stuttgarti-katolikusok.de\\\/index.php\\\/toth-timea-ujrakezdes\\\/#primaryimage\"},\"thumbnailUrl\":\"https:\\\/\\\/stuttgarti-katolikusok.de\\\/wp-content\\\/uploads\\\/2020\\\/05\\\/weingarten-templom.jpg\",\"articleSection\":[\"Olvas\u00f3ink \u00edrj\u00e1k\"],\"inLanguage\":\"hu\"},{\"@type\":\"WebPage\",\"@id\":\"https:\\\/\\\/stuttgarti-katolikusok.de\\\/index.php\\\/toth-timea-ujrakezdes\\\/\",\"url\":\"https:\\\/\\\/stuttgarti-katolikusok.de\\\/index.php\\\/toth-timea-ujrakezdes\\\/\",\"name\":\"T\u00f3th T\u00edmea: \u00dajrakezd\u00e9s... - Stuttgarti Katolikusok\",\"isPartOf\":{\"@id\":\"https:\\\/\\\/stuttgarti-katolikusok.de\\\/#website\"},\"primaryImageOfPage\":{\"@id\":\"https:\\\/\\\/stuttgarti-katolikusok.de\\\/index.php\\\/toth-timea-ujrakezdes\\\/#primaryimage\"},\"image\":{\"@id\":\"https:\\\/\\\/stuttgarti-katolikusok.de\\\/index.php\\\/toth-timea-ujrakezdes\\\/#primaryimage\"},\"thumbnailUrl\":\"https:\\\/\\\/stuttgarti-katolikusok.de\\\/wp-content\\\/uploads\\\/2020\\\/05\\\/weingarten-templom.jpg\",\"datePublished\":\"2020-05-14T06:50:40+00:00\",\"dateModified\":\"2020-05-14T08:50:06+00:00\",\"author\":{\"@id\":\"https:\\\/\\\/stuttgarti-katolikusok.de\\\/#\\\/schema\\\/person\\\/75908d6f8fdc03a57889d27209df7795\"},\"breadcrumb\":{\"@id\":\"https:\\\/\\\/stuttgarti-katolikusok.de\\\/index.php\\\/toth-timea-ujrakezdes\\\/#breadcrumb\"},\"inLanguage\":\"hu\",\"potentialAction\":[{\"@type\":\"ReadAction\",\"target\":[\"https:\\\/\\\/stuttgarti-katolikusok.de\\\/index.php\\\/toth-timea-ujrakezdes\\\/\"]}]},{\"@type\":\"ImageObject\",\"inLanguage\":\"hu\",\"@id\":\"https:\\\/\\\/stuttgarti-katolikusok.de\\\/index.php\\\/toth-timea-ujrakezdes\\\/#primaryimage\",\"url\":\"https:\\\/\\\/stuttgarti-katolikusok.de\\\/wp-content\\\/uploads\\\/2020\\\/05\\\/weingarten-templom.jpg\",\"contentUrl\":\"https:\\\/\\\/stuttgarti-katolikusok.de\\\/wp-content\\\/uploads\\\/2020\\\/05\\\/weingarten-templom.jpg\",\"width\":3003,\"height\":2033},{\"@type\":\"BreadcrumbList\",\"@id\":\"https:\\\/\\\/stuttgarti-katolikusok.de\\\/index.php\\\/toth-timea-ujrakezdes\\\/#breadcrumb\",\"itemListElement\":[{\"@type\":\"ListItem\",\"position\":1,\"name\":\"Kezd\u0151lap\",\"item\":\"https:\\\/\\\/stuttgarti-katolikusok.de\\\/\"},{\"@type\":\"ListItem\",\"position\":2,\"name\":\"T\u00f3th T\u00edmea: \u00dajrakezd\u00e9s&#8230;\"}]},{\"@type\":\"WebSite\",\"@id\":\"https:\\\/\\\/stuttgarti-katolikusok.de\\\/#website\",\"url\":\"https:\\\/\\\/stuttgarti-katolikusok.de\\\/\",\"name\":\"Stuttgarti Katolikusok\",\"description\":\"\",\"potentialAction\":[{\"@type\":\"SearchAction\",\"target\":{\"@type\":\"EntryPoint\",\"urlTemplate\":\"https:\\\/\\\/stuttgarti-katolikusok.de\\\/?s={search_term_string}\"},\"query-input\":{\"@type\":\"PropertyValueSpecification\",\"valueRequired\":true,\"valueName\":\"search_term_string\"}}],\"inLanguage\":\"hu\"},{\"@type\":\"Person\",\"@id\":\"https:\\\/\\\/stuttgarti-katolikusok.de\\\/#\\\/schema\\\/person\\\/75908d6f8fdc03a57889d27209df7795\",\"name\":\"Tibor atya\",\"image\":{\"@type\":\"ImageObject\",\"inLanguage\":\"hu\",\"@id\":\"https:\\\/\\\/secure.gravatar.com\\\/avatar\\\/61d268e57d1f4525b111222e29d2d5a7f8c420fdbf231ba5566a8ceac74fa960?s=96&d=mm&r=g\",\"url\":\"https:\\\/\\\/secure.gravatar.com\\\/avatar\\\/61d268e57d1f4525b111222e29d2d5a7f8c420fdbf231ba5566a8ceac74fa960?s=96&d=mm&r=g\",\"contentUrl\":\"https:\\\/\\\/secure.gravatar.com\\\/avatar\\\/61d268e57d1f4525b111222e29d2d5a7f8c420fdbf231ba5566a8ceac74fa960?s=96&d=mm&r=g\",\"caption\":\"Tibor atya\"},\"url\":\"https:\\\/\\\/stuttgarti-katolikusok.de\\\/index.php\\\/author\\\/tibor-atya\\\/\"}]}<\/script>\n<!-- \/ Yoast SEO plugin. -->","yoast_head_json":{"title":"T\u00f3th T\u00edmea: \u00dajrakezd\u00e9s... - Stuttgarti Katolikusok","robots":{"index":"index","follow":"follow","max-snippet":"max-snippet:-1","max-image-preview":"max-image-preview:large","max-video-preview":"max-video-preview:-1"},"canonical":"https:\/\/stuttgarti-katolikusok.de\/index.php\/toth-timea-ujrakezdes\/","og_locale":"hu_HU","og_type":"article","og_title":"T\u00f3th T\u00edmea: \u00dajrakezd\u00e9s... - Stuttgarti Katolikusok","og_description":"Vas\u00e1rnap, 2020. m\u00e1jus 10-\u00e9n els\u0151 alkalommal tarthattunk szentmis\u00e9t Weingartenben. V\u00e1rakoz\u00e1s \u00e9s sok el\u0151k\u00e9sz\u00fclet el\u0151zte meg a szentmis\u00e9t. Err\u0151l, s az ehhez az \u00fathoz vezet\u0151 \u00e9lm\u00e9nyeir\u0151l sz\u00f3l T\u00edmea \u00edr\u00e1s\u00e1ban. Fogadj\u00e1tok szeretettel gondolatait! Tibor atya \u00dajrakezd\u00e9s&#8230; Weingarten, 2020. m\u00e1jus 10., vas\u00e1rnap. A templomok \u00fajra megnyithatt\u00e1k kapuikat a vas\u00e1rnapi szentmis\u00e9kre. \u00dajra \u00e1t\u00e9lhett\u00fck az Eucharisztia var\u00e1zs\u00e1t, k\u00f6z\u00f6ss\u00e9g teremt\u0151 erej\u00e9t. Most azonban m\u00e1s volt. M\u00e1s, mint ahogy az elm\u00falt id\u0151szak is mindenki sz\u00e1m\u00e1ra. 2020 mindenki \u00e9let\u00e9ben egy k\u00fcl\u00f6nleges \u00e9v marad \u00f6r\u00f6kre, nekem k\u00fcl\u00f6n\u00f6sk\u00e9ppen. Ennek az \u00e9vnek minden neh\u00e9zs\u00e9ge ellen\u00e9re m\u00e1r most k\u00f6sz\u00f6nettel tartozom. Az egyik legnagyobb \u00e9s leg\u00e9rt\u00e9kesebb aj\u00e1nd\u00e9kot kaptam 2020-t\u00f3l, ez pedig az Id\u0151! Id\u0151t kaptam hitemben val\u00f3 elm\u00e9ly\u00fcl\u00e9sre! Id\u0151t kaptam \u00f6nmagam megismer\u00e9s\u00e9re! Id\u0151t kaptam m\u00e9ly, lelki fejl\u0151d\u00e9semhez! Id\u0151t kaptam a befel\u00e9 fordul\u00e1sra! Id\u0151t kaptam, hogy a p\u00e1rommal egy m\u00e9g m\u00e9lyebb, bens\u0151s\u00e9gesebb, \u0151szint\u00e9bb kapcsolatot teremtsek! Mindezt k\u00f6sz\u00f6n\u00f6m, de m\u00e9gis a legnagyobb aj\u00e1nd\u00e9k a sz\u00e1momra, a lelki \u00fajj\u00e1sz\u00fclet\u00e9semnek \u00fatja, k\u00fcl\u00f6n\u00f6s t\u00f6rt\u00e9nete. A janu\u00e1rban t\u00f6rt\u00e9nt s\u00falyos aut\u00f3balesetem k\u00f6vetkezt\u00e9ben a lelki munk\u00e1m m\u00e1r akkor elkezd\u0151d\u00f6tt, a Koronav\u00edrus betoppan\u00e1s\u00e1val pedig csak m\u00e9ly\u00fclt. Mindkett\u0151 hat\u00e1s\u00e1ra egy m\u00e9ly lelki v\u00e1ltoz\u00e1son mentem kereszt\u00fcl, mely a mai napig tart. Az aut\u00f3balesetem k\u00f6vetkezt\u00e9ben a m\u00e1r bennem l\u00e9v\u0151 hit Isten fel\u00e9 csak m\u00e9g jobban feler\u0151s\u00f6d\u00f6tt. Hiszem, hogy Istennek k\u00f6sz\u00f6nhetem, hogy testileg mondhatni \u00e9ps\u00e9gben t\u00fal\u00e9ltem a balesetet. Az \u0150 seg\u00edts\u00e9gemre siet\u00e9se ok\u00e1n ker\u00fcltem biztons\u00e1gosabbnak mondhat\u00f3 helyzetbe a baleset sor\u00e1n, hiszen m\u00edg a p\u00f6rd\u00fcl\u00e9sek v\u00e9g\u00e9n az aut\u00f3m fejjel lefel\u00e9 \u00e1llt meg, addig m\u00e9gis p\u00e1r m\u00e1sodperc ut\u00e1n az aut\u00f3m visszalend\u00fclt mind a 4 kerek\u00e9re. \u00c9reztem akkor Isten jelenl\u00e9t\u00e9t k\u00fcls\u0151 megval\u00f3sul\u00e1s\u00e1ban is. Mert eddig is tudtam, Isten bennem, velem van, de ez volt a v\u00e9gs\u0151 bizony\u00edt\u00e9k arra, hogy \u0151 engem szeret annak ellen\u00e9re, hogy nem vagyok megkeresztelve. Ez sz\u00e1momra egy m\u00e9ly megnyugv\u00e1st, de egyben egy igazi lelki munk\u00e1t is hozott a lelkembe. A lelki munk\u00e1m r\u00e9sze a megkeresztelked\u00e9s ir\u00e1nti v\u00e1gyam feler\u0151s\u00f6d\u00e9se. Ennek k\u00f6vetkezt\u00e9ben 2 nappal a balesetem ut\u00e1n... R\u00e9szletek","og_url":"https:\/\/stuttgarti-katolikusok.de\/index.php\/toth-timea-ujrakezdes\/","og_site_name":"Stuttgarti Katolikusok","article_published_time":"2020-05-14T06:50:40+00:00","article_modified_time":"2020-05-14T08:50:06+00:00","og_image":[{"width":3003,"height":2033,"url":"https:\/\/stuttgarti-katolikusok.de\/wp-content\/uploads\/2020\/05\/weingarten-templom.jpg","type":"image\/jpeg"}],"author":"Tibor atya","twitter_card":"summary_large_image","twitter_misc":{"Szerz\u0151:":"Tibor atya","Becs\u00fclt olvas\u00e1si id\u0151":"6 perc"},"schema":{"@context":"https:\/\/schema.org","@graph":[{"@type":"Article","@id":"https:\/\/stuttgarti-katolikusok.de\/index.php\/toth-timea-ujrakezdes\/#article","isPartOf":{"@id":"https:\/\/stuttgarti-katolikusok.de\/index.php\/toth-timea-ujrakezdes\/"},"author":{"name":"Tibor atya","@id":"https:\/\/stuttgarti-katolikusok.de\/#\/schema\/person\/75908d6f8fdc03a57889d27209df7795"},"headline":"T\u00f3th T\u00edmea: \u00dajrakezd\u00e9s&#8230;","datePublished":"2020-05-14T06:50:40+00:00","dateModified":"2020-05-14T08:50:06+00:00","mainEntityOfPage":{"@id":"https:\/\/stuttgarti-katolikusok.de\/index.php\/toth-timea-ujrakezdes\/"},"wordCount":1173,"image":{"@id":"https:\/\/stuttgarti-katolikusok.de\/index.php\/toth-timea-ujrakezdes\/#primaryimage"},"thumbnailUrl":"https:\/\/stuttgarti-katolikusok.de\/wp-content\/uploads\/2020\/05\/weingarten-templom.jpg","articleSection":["Olvas\u00f3ink \u00edrj\u00e1k"],"inLanguage":"hu"},{"@type":"WebPage","@id":"https:\/\/stuttgarti-katolikusok.de\/index.php\/toth-timea-ujrakezdes\/","url":"https:\/\/stuttgarti-katolikusok.de\/index.php\/toth-timea-ujrakezdes\/","name":"T\u00f3th T\u00edmea: \u00dajrakezd\u00e9s... - Stuttgarti Katolikusok","isPartOf":{"@id":"https:\/\/stuttgarti-katolikusok.de\/#website"},"primaryImageOfPage":{"@id":"https:\/\/stuttgarti-katolikusok.de\/index.php\/toth-timea-ujrakezdes\/#primaryimage"},"image":{"@id":"https:\/\/stuttgarti-katolikusok.de\/index.php\/toth-timea-ujrakezdes\/#primaryimage"},"thumbnailUrl":"https:\/\/stuttgarti-katolikusok.de\/wp-content\/uploads\/2020\/05\/weingarten-templom.jpg","datePublished":"2020-05-14T06:50:40+00:00","dateModified":"2020-05-14T08:50:06+00:00","author":{"@id":"https:\/\/stuttgarti-katolikusok.de\/#\/schema\/person\/75908d6f8fdc03a57889d27209df7795"},"breadcrumb":{"@id":"https:\/\/stuttgarti-katolikusok.de\/index.php\/toth-timea-ujrakezdes\/#breadcrumb"},"inLanguage":"hu","potentialAction":[{"@type":"ReadAction","target":["https:\/\/stuttgarti-katolikusok.de\/index.php\/toth-timea-ujrakezdes\/"]}]},{"@type":"ImageObject","inLanguage":"hu","@id":"https:\/\/stuttgarti-katolikusok.de\/index.php\/toth-timea-ujrakezdes\/#primaryimage","url":"https:\/\/stuttgarti-katolikusok.de\/wp-content\/uploads\/2020\/05\/weingarten-templom.jpg","contentUrl":"https:\/\/stuttgarti-katolikusok.de\/wp-content\/uploads\/2020\/05\/weingarten-templom.jpg","width":3003,"height":2033},{"@type":"BreadcrumbList","@id":"https:\/\/stuttgarti-katolikusok.de\/index.php\/toth-timea-ujrakezdes\/#breadcrumb","itemListElement":[{"@type":"ListItem","position":1,"name":"Kezd\u0151lap","item":"https:\/\/stuttgarti-katolikusok.de\/"},{"@type":"ListItem","position":2,"name":"T\u00f3th T\u00edmea: \u00dajrakezd\u00e9s&#8230;"}]},{"@type":"WebSite","@id":"https:\/\/stuttgarti-katolikusok.de\/#website","url":"https:\/\/stuttgarti-katolikusok.de\/","name":"Stuttgarti Katolikusok","description":"","potentialAction":[{"@type":"SearchAction","target":{"@type":"EntryPoint","urlTemplate":"https:\/\/stuttgarti-katolikusok.de\/?s={search_term_string}"},"query-input":{"@type":"PropertyValueSpecification","valueRequired":true,"valueName":"search_term_string"}}],"inLanguage":"hu"},{"@type":"Person","@id":"https:\/\/stuttgarti-katolikusok.de\/#\/schema\/person\/75908d6f8fdc03a57889d27209df7795","name":"Tibor atya","image":{"@type":"ImageObject","inLanguage":"hu","@id":"https:\/\/secure.gravatar.com\/avatar\/61d268e57d1f4525b111222e29d2d5a7f8c420fdbf231ba5566a8ceac74fa960?s=96&d=mm&r=g","url":"https:\/\/secure.gravatar.com\/avatar\/61d268e57d1f4525b111222e29d2d5a7f8c420fdbf231ba5566a8ceac74fa960?s=96&d=mm&r=g","contentUrl":"https:\/\/secure.gravatar.com\/avatar\/61d268e57d1f4525b111222e29d2d5a7f8c420fdbf231ba5566a8ceac74fa960?s=96&d=mm&r=g","caption":"Tibor atya"},"url":"https:\/\/stuttgarti-katolikusok.de\/index.php\/author\/tibor-atya\/"}]}},"_links":{"self":[{"href":"https:\/\/stuttgarti-katolikusok.de\/index.php\/wp-json\/wp\/v2\/posts\/19488","targetHints":{"allow":["GET"]}}],"collection":[{"href":"https:\/\/stuttgarti-katolikusok.de\/index.php\/wp-json\/wp\/v2\/posts"}],"about":[{"href":"https:\/\/stuttgarti-katolikusok.de\/index.php\/wp-json\/wp\/v2\/types\/post"}],"author":[{"embeddable":true,"href":"https:\/\/stuttgarti-katolikusok.de\/index.php\/wp-json\/wp\/v2\/users\/3"}],"replies":[{"embeddable":true,"href":"https:\/\/stuttgarti-katolikusok.de\/index.php\/wp-json\/wp\/v2\/comments?post=19488"}],"version-history":[{"count":4,"href":"https:\/\/stuttgarti-katolikusok.de\/index.php\/wp-json\/wp\/v2\/posts\/19488\/revisions"}],"predecessor-version":[{"id":19496,"href":"https:\/\/stuttgarti-katolikusok.de\/index.php\/wp-json\/wp\/v2\/posts\/19488\/revisions\/19496"}],"wp:featuredmedia":[{"embeddable":true,"href":"https:\/\/stuttgarti-katolikusok.de\/index.php\/wp-json\/wp\/v2\/media\/19489"}],"wp:attachment":[{"href":"https:\/\/stuttgarti-katolikusok.de\/index.php\/wp-json\/wp\/v2\/media?parent=19488"}],"wp:term":[{"taxonomy":"category","embeddable":true,"href":"https:\/\/stuttgarti-katolikusok.de\/index.php\/wp-json\/wp\/v2\/categories?post=19488"},{"taxonomy":"post_tag","embeddable":true,"href":"https:\/\/stuttgarti-katolikusok.de\/index.php\/wp-json\/wp\/v2\/tags?post=19488"}],"curies":[{"name":"wp","href":"https:\/\/api.w.org\/{rel}","templated":true}]}}