{"id":19479,"date":"2020-05-12T04:39:31","date_gmt":"2020-05-12T04:39:31","guid":{"rendered":"https:\/\/gracious-dewdney.138-201-221-2.plesk.page\/?p=19479"},"modified":"2020-05-13T07:21:38","modified_gmt":"2020-05-13T07:21:38","slug":"toth-marti-kezen-fogott","status":"publish","type":"post","link":"https:\/\/stuttgarti-katolikusok.de\/index.php\/toth-marti-kezen-fogott\/","title":{"rendered":"T\u00f3th M\u00e1rti: K\u00e9zen fogott"},"content":{"rendered":"<p><em>+! Sorozatunk \u00fajabb \u201egy\u00f6ngyszem\u00e9t\u201d olvashatja a kedves Olvas\u00f3! Bel\u0151le kider\u00fcl, hogy amikor azt hitt\u00fck, hogy a bez\u00e1rt templomaink, szokatlanul ler\u00f6vid\u00edtett h\u00fasv\u00e9ti szertart\u00e1saink miatt szomor\u00fa \u00e9s sz\u00e1raz lesz a Szent H\u00e1romnap, \u0150 akkor is felt\u00e1madt \u00e9s k\u00e9zen fogva vezetett\u00a0 benn\u00fcnket, mint valamikor emmauszi tan\u00edtv\u00e1nyait. \u00c9s kell-e enn\u00e9l fontosabb?<\/em><\/p>\n<p><em>J\u00f3 olvas\u00e1st!<\/em><\/p>\n<p><em>Lelkip\u00e1sztori szeretettel,<\/em><\/p>\n<p><em>Imre atya<\/em><\/p>\n<p><em>\u00a0<\/em><\/p>\n<p><strong>K\u00e9zen fogott<\/strong><\/p>\n<p>A nagyb\u0151jt kezdet\u00e9n m\u00e9g sz\u00e1molgattuk a kicsikkel, hogy h\u00e1nyat kell m\u00e9g aludni, m\u00edg indulhatunk haza. Haza Magyarorsz\u00e1gra, ahol szeret\u0151 nagy csal\u00e1d v\u00e1r benn\u00fcnket. Mi ugyanis minden nagy \u00fcnnepet egy\u00fctt \u00fcl\u00fcnk meg.<\/p>\n<p>Hamarosan k\u00f6rvonalaz\u00f3dni kezdett azonban, hogy rendhagy\u00f3 \u00fcnnep el\u00e9 n\u00e9z\u00fcnk.<\/p>\n<p>Rendhagy\u00f3s\u00e1ga lelkis\u00e9g\u00e9ben k\u00fcl\u00f6nb\u00f6ztette meg az eddigi H\u00fasv\u00e9tokt\u00f3l. Van \u00fagy, hogy valami nagyon m\u00e9lyen leh\u00faz, tal\u00e1n meg sem tudjuk nevezni, hogy mi, de ott van \u00e9s nyomaszt, \u00e9s f\u00e1j, mikor az \u00e9rz\u00e9st J\u00f3zsef Attila sorai fejezik ki legink\u00e1bb: <em>&#8222;A semmi \u00e1g\u00e1n \u00fcl szivem, kis teste hangtalan vacog&#8221;<\/em>&#8230; Megfogadtam, hogy a megold\u00e1st ez\u00fattal kiz\u00e1r\u00f3lag Istenre b\u00edzom. Azt hiszem, mondanom sem kell, hogy a legt\u00f6k\u00e9letesebb gondolat volt. Megsz\u00f3l\u00edtani azt, aki testet \u00e9s lelket adott nekem, aki sz\u00fclet\u00e9semt\u0151l fogva b\u00edzik bennem. Tombolhat h\u00e1t a tenger, s\u00fcv\u00edthet a sz\u00e9l, \u0150 felemel a vihar f\u00f6l\u00e9.<\/p>\n<p>Nem egy csap\u00e1sra ugyan, de m\u00e1r\u00f3l holnapra, h\u00e9tr\u0151l h\u00e9tre vezetett. Nem a vil\u00e1got barangoltuk be, hanem befele haladtunk, be a sz\u00edvem k\u00f6zep\u00e9be, ahol n\u00e9m\u00e1n kucorgott \u00e9s v\u00e1rta, hogy kinyissam az ajt\u00f3t. \u0150 pedig kil\u00e9phetett. Adott id\u0151t, lehet\u0151s\u00e9geket, lelki vezet\u0151ket, bar\u00e1tokat mell\u00e9m. \u00c1t\u00e9ltem a keresztutak f\u00e1j\u00f3 sz\u00e9ps\u00e9g\u00e9t, a lelki gyakorlatok, a gy\u00f3n\u00e1s erej\u00e9t, a tekintetek meghitts\u00e9g\u00e9t, az \u00f6lel\u00e9sek gy\u00f3gy\u00edt\u00f3 k\u00e9pess\u00e9g\u00e9t.<\/p>\n<p>Vir\u00e1gvas\u00e1rnap a nappali asztalunk olt\u00e1rr\u00e1 m\u00f3dosult. Imre atya \u00fatmutat\u00e1sait k\u00f6vetve \u00e9lt\u00fck meg a szent napokat. Szentmise k\u00f6zvet\u00edt\u00e9seket n\u00e9zt\u00fcnk, vagy magunk v\u00e9gezt\u00fck el a csal\u00e1di liturgi\u00e1t.<\/p>\n<p>Az utols\u00f3 vacsora est\u00e9j\u00e9re lapos kenyeret s\u00fct\u00f6tt\u00fcnk, kehelybe bort \u00f6nt\u00f6tt\u00fcnk. L\u00e9lekemel\u0151 volt, mikor a csal\u00e1df\u0151 megt\u00f6rte a kenyeret \u00e9s a darabokat a csal\u00e1dtagoknak a k\u00f6vetkez\u0151\u00a0 szavakkal ny\u00fajtotta \u00e1t: <em>&#8222;Szeretet az Isten, aki szeretetben marad, Istenben marad \u00e9s Isten \u0151benne.&#8221;<\/em> A gyerty\u00e1k f\u00e9nye mellett kortyolt mindenki a borb\u00f3l, majd remeg\u0151, elcsukl\u00f3 hangon, olykor gomb\u00f3ccal a torkunkban hallgattuk a v\u00e9rrel verejt\u00e9kez\u0151 J\u00e9zus t\u00f6rt\u00e9net\u00e9t.<\/p>\n<p>M\u00e1snap d\u00e9lel\u0151tt Csisz\u00e9r L\u00e1szl\u00f3 dal\u00e1t hallgatva k\u00e9sz\u00fclnek a b\u00f6jti \u00e9tkek.<\/p>\n<p><em>&#8222;Ott a Via Doloros\u00e1n, a szenved\u00e9snek \u00fatj\u00e1n,\u00a0<\/em><\/p>\n<p><em>ott j\u00e1rt n\u00e9m\u00e1n, de gy\u0151ztesen a b\u00e1r\u00e1ny.<\/em><\/p>\n<p><em>F\u00f6lvette a keresztet, szeretett T\u00e9ged s engem.<\/em><\/p>\n<p><em>Ott a Via Doloros\u00e1n hordozta a mi b\u0171n\u00fcnket.&#8221;<\/em><\/p>\n<p>Nagyszombat kiv\u00e1lts\u00e1got tartogatott sz\u00e1munkra, ugyanis szentmis\u00e9re mehett\u00fcnk. \u00dajra l\u00e1thattunk n\u00e9h\u00e1ny bar\u00e1tot. M\u00e1r k\u00e9zfog\u00e1s, puszi \u00e9s \u00f6lel\u00e9s n\u00e9lk\u00fcl is csod\u00e1s. V\u00e9g\u00fcl elkezd\u0151d\u00f6tt a szentmise, felolvastunk, atya pr\u00e9dik\u00e1lt, \u00e9nekelt, vizet szentelt, gyerty\u00e1t gy\u00fajtott \u00e9s a templom el\u0151tti t\u00e9rre k\u00edv\u00e1nkozott a h\u00edr, hogy Felt\u00e1madt Krisztus. Hirdett\u00e9k a harangok, a ropog\u00f3 t\u0171z, a gyerty\u00e1k f\u00e9nye, az \u00e9nek, a fuvola hangja, hogy val\u00f3ban felt\u00e1madt!<\/p>\n<p>H\u00fasv\u00e9tvas\u00e1rnap minden finoms\u00e1g a reggeliz\u0151 asztalra ker\u00fclt, egy\u00fctt alkottak a gyerekek gy\u00fcm\u00f6lcsb\u0151l, z\u00f6lds\u00e9gb\u0151l, toj\u00e1sb\u00f3l vir\u00e1gz\u00f3 mez\u0151t, tapsif\u00fcl\u0171 nyuszikat, repdes\u0151 pillang\u00f3kat. A szentmis\u00e9n a lelki \u00e1ldoz\u00e1s sor\u00e1n \u00e9rztem, hogy \u0150 \u00e9l, hisz k\u00e9zen fogott \u00e9s szorosan velem van. Gy\u00f6ny\u00f6rk\u00f6dve,\u00a0 tal\u00e1n kiss\u00e9 el\u00e9rz\u00e9keny\u00fclve n\u00e9zz\u00fck, hogy az asztaln\u00e1l m\u00e1r nyolcan \u00fcl\u00fcnk. Az id\u0151 mintha sz\u00e1rnyakon j\u00e1rna: udvarl\u00f3k eg\u00e9sz\u00edtik ki a csal\u00e1di k\u00f6rt.<\/p>\n<p>Estefel\u00e9re a legkisebbek rem\u00e9nye oszlik, tal\u00e1n nincs is h\u00fasv\u00e9ti ny\u00fal? Biztos lehet, mert az \u00f6sszes csoki pereputty\u00e1t elrejtette kint a kertben!<\/p>\n<p>Ebb\u0151l m\u00e1r csak a kis v\u00f6dr\u00f6s, nagy locsol\u00f3s, hideg vizes, sikongat\u00f3s H\u00fasv\u00e9th\u00e9tf\u0151 reggel t\u00e9r\u00edthetett magunkhoz.<\/p>\n<p><em>T\u00f3th M\u00e1rti<\/em><\/p>\n<p><em>Murrhardt<\/em><\/p>\n<p>&nbsp;<\/p>\n","protected":false},"excerpt":{"rendered":"<p>+! Sorozatunk \u00fajabb \u201egy\u00f6ngyszem\u00e9t\u201d olvashatja a kedves Olvas\u00f3! Bel\u0151le kider\u00fcl, hogy amikor azt hitt\u00fck, hogy a bez\u00e1rt templomaink, szokatlanul ler\u00f6vid\u00edtett h\u00fasv\u00e9ti szertart\u00e1saink miatt szomor\u00fa \u00e9s sz\u00e1raz lesz a Szent H\u00e1romnap, \u0150 akkor is felt\u00e1madt \u00e9s k\u00e9zen fogva vezetett\u00a0 benn\u00fcnket, mint valamikor emmauszi tan\u00edtv\u00e1nyait. \u00c9s kell-e enn\u00e9l fontosabb? J\u00f3 olvas\u00e1st! Lelkip\u00e1sztori szeretettel, Imre atya \u00a0 K\u00e9zen fogott A nagyb\u0151jt kezdet\u00e9n m\u00e9g sz\u00e1molgattuk a kicsikkel, hogy h\u00e1nyat kell m\u00e9g aludni, m\u00edg indulhatunk haza. Haza Magyarorsz\u00e1gra, ahol szeret\u0151 nagy csal\u00e1d v\u00e1r benn\u00fcnket. Mi ugyanis minden nagy \u00fcnnepet egy\u00fctt \u00fcl\u00fcnk meg. Hamarosan k\u00f6rvonalaz\u00f3dni kezdett azonban, hogy rendhagy\u00f3 \u00fcnnep el\u00e9 n\u00e9z\u00fcnk. Rendhagy\u00f3s\u00e1ga lelkis\u00e9g\u00e9ben k\u00fcl\u00f6nb\u00f6ztette meg az eddigi H\u00fasv\u00e9tokt\u00f3l. Van \u00fagy, hogy valami nagyon m\u00e9lyen leh\u00faz, tal\u00e1n meg sem tudjuk nevezni, hogy mi, de ott van \u00e9s nyomaszt, \u00e9s f\u00e1j, mikor az \u00e9rz\u00e9st J\u00f3zsef Attila sorai fejezik ki legink\u00e1bb: &#8222;A semmi \u00e1g\u00e1n \u00fcl szivem, kis teste hangtalan vacog&#8221;&#8230; Megfogadtam, hogy a megold\u00e1st ez\u00fattal kiz\u00e1r\u00f3lag Istenre b\u00edzom. Azt hiszem, mondanom sem kell, hogy a legt\u00f6k\u00e9letesebb gondolat volt. Megsz\u00f3l\u00edtani azt, aki testet \u00e9s lelket adott nekem, aki sz\u00fclet\u00e9semt\u0151l fogva b\u00edzik bennem. Tombolhat h\u00e1t a tenger, s\u00fcv\u00edthet a sz\u00e9l, \u0150 felemel a vihar f\u00f6l\u00e9. Nem egy csap\u00e1sra ugyan, de m\u00e1r\u00f3l holnapra, h\u00e9tr\u0151l h\u00e9tre vezetett. Nem a vil\u00e1got barangoltuk be, hanem befele haladtunk, be a sz\u00edvem k\u00f6zep\u00e9be, ahol n\u00e9m\u00e1n kucorgott \u00e9s v\u00e1rta, hogy kinyissam az ajt\u00f3t. \u0150 pedig kil\u00e9phetett. Adott id\u0151t, lehet\u0151s\u00e9geket, lelki vezet\u0151ket, bar\u00e1tokat mell\u00e9m. \u00c1t\u00e9ltem a keresztutak f\u00e1j\u00f3 sz\u00e9ps\u00e9g\u00e9t, a lelki gyakorlatok, a gy\u00f3n\u00e1s erej\u00e9t, a tekintetek meghitts\u00e9g\u00e9t, az \u00f6lel\u00e9sek gy\u00f3gy\u00edt\u00f3 k\u00e9pess\u00e9g\u00e9t. Vir\u00e1gvas\u00e1rnap a nappali asztalunk olt\u00e1rr\u00e1 m\u00f3dosult. Imre atya \u00fatmutat\u00e1sait k\u00f6vetve \u00e9lt\u00fck meg a szent napokat. Szentmise k\u00f6zvet\u00edt\u00e9seket n\u00e9zt\u00fcnk, vagy magunk v\u00e9gezt\u00fck el a csal\u00e1di liturgi\u00e1t. Az utols\u00f3 vacsora est\u00e9j\u00e9re lapos kenyeret s\u00fct\u00f6tt\u00fcnk, kehelybe bort \u00f6nt\u00f6tt\u00fcnk. L\u00e9lekemel\u0151 volt, mikor a csal\u00e1df\u0151 megt\u00f6rte a kenyeret \u00e9s a darabokat a csal\u00e1dtagoknak a k\u00f6vetkez\u0151\u00a0 szavakkal ny\u00fajtotta \u00e1t: &#8222;Szeretet az Isten,&#8230; <\/p>\n<p><a class=\"readmore\" href=\"https:\/\/stuttgarti-katolikusok.de\/index.php\/toth-marti-kezen-fogott\/\">R\u00e9szletek<\/a><\/p>\n","protected":false},"author":3,"featured_media":19481,"comment_status":"closed","ping_status":"closed","sticky":false,"template":"","format":"standard","meta":{"footnotes":""},"categories":[28],"tags":[],"class_list":["post-19479","post","type-post","status-publish","format-standard","has-post-thumbnail","hentry","category-olvasoink-irjak"],"yoast_head":"<!-- This site is optimized with the Yoast SEO plugin v27.3 - https:\/\/yoast.com\/product\/yoast-seo-wordpress\/ -->\n<title>T\u00f3th M\u00e1rti: K\u00e9zen fogott - Stuttgarti Katolikusok<\/title>\n<meta name=\"robots\" content=\"index, follow, max-snippet:-1, max-image-preview:large, max-video-preview:-1\" \/>\n<link rel=\"canonical\" href=\"https:\/\/stuttgarti-katolikusok.de\/index.php\/toth-marti-kezen-fogott\/\" \/>\n<meta property=\"og:locale\" content=\"hu_HU\" \/>\n<meta property=\"og:type\" content=\"article\" \/>\n<meta property=\"og:title\" content=\"T\u00f3th M\u00e1rti: K\u00e9zen fogott - Stuttgarti Katolikusok\" \/>\n<meta property=\"og:description\" content=\"+! Sorozatunk \u00fajabb \u201egy\u00f6ngyszem\u00e9t\u201d olvashatja a kedves Olvas\u00f3! Bel\u0151le kider\u00fcl, hogy amikor azt hitt\u00fck, hogy a bez\u00e1rt templomaink, szokatlanul ler\u00f6vid\u00edtett h\u00fasv\u00e9ti szertart\u00e1saink miatt szomor\u00fa \u00e9s sz\u00e1raz lesz a Szent H\u00e1romnap, \u0150 akkor is felt\u00e1madt \u00e9s k\u00e9zen fogva vezetett\u00a0 benn\u00fcnket, mint valamikor emmauszi tan\u00edtv\u00e1nyait. \u00c9s kell-e enn\u00e9l fontosabb? J\u00f3 olvas\u00e1st! Lelkip\u00e1sztori szeretettel, Imre atya \u00a0 K\u00e9zen fogott A nagyb\u0151jt kezdet\u00e9n m\u00e9g sz\u00e1molgattuk a kicsikkel, hogy h\u00e1nyat kell m\u00e9g aludni, m\u00edg indulhatunk haza. Haza Magyarorsz\u00e1gra, ahol szeret\u0151 nagy csal\u00e1d v\u00e1r benn\u00fcnket. Mi ugyanis minden nagy \u00fcnnepet egy\u00fctt \u00fcl\u00fcnk meg. Hamarosan k\u00f6rvonalaz\u00f3dni kezdett azonban, hogy rendhagy\u00f3 \u00fcnnep el\u00e9 n\u00e9z\u00fcnk. Rendhagy\u00f3s\u00e1ga lelkis\u00e9g\u00e9ben k\u00fcl\u00f6nb\u00f6ztette meg az eddigi H\u00fasv\u00e9tokt\u00f3l. Van \u00fagy, hogy valami nagyon m\u00e9lyen leh\u00faz, tal\u00e1n meg sem tudjuk nevezni, hogy mi, de ott van \u00e9s nyomaszt, \u00e9s f\u00e1j, mikor az \u00e9rz\u00e9st J\u00f3zsef Attila sorai fejezik ki legink\u00e1bb: &#8222;A semmi \u00e1g\u00e1n \u00fcl szivem, kis teste hangtalan vacog&#8221;&#8230; Megfogadtam, hogy a megold\u00e1st ez\u00fattal kiz\u00e1r\u00f3lag Istenre b\u00edzom. Azt hiszem, mondanom sem kell, hogy a legt\u00f6k\u00e9letesebb gondolat volt. Megsz\u00f3l\u00edtani azt, aki testet \u00e9s lelket adott nekem, aki sz\u00fclet\u00e9semt\u0151l fogva b\u00edzik bennem. Tombolhat h\u00e1t a tenger, s\u00fcv\u00edthet a sz\u00e9l, \u0150 felemel a vihar f\u00f6l\u00e9. Nem egy csap\u00e1sra ugyan, de m\u00e1r\u00f3l holnapra, h\u00e9tr\u0151l h\u00e9tre vezetett. Nem a vil\u00e1got barangoltuk be, hanem befele haladtunk, be a sz\u00edvem k\u00f6zep\u00e9be, ahol n\u00e9m\u00e1n kucorgott \u00e9s v\u00e1rta, hogy kinyissam az ajt\u00f3t. \u0150 pedig kil\u00e9phetett. Adott id\u0151t, lehet\u0151s\u00e9geket, lelki vezet\u0151ket, bar\u00e1tokat mell\u00e9m. \u00c1t\u00e9ltem a keresztutak f\u00e1j\u00f3 sz\u00e9ps\u00e9g\u00e9t, a lelki gyakorlatok, a gy\u00f3n\u00e1s erej\u00e9t, a tekintetek meghitts\u00e9g\u00e9t, az \u00f6lel\u00e9sek gy\u00f3gy\u00edt\u00f3 k\u00e9pess\u00e9g\u00e9t. Vir\u00e1gvas\u00e1rnap a nappali asztalunk olt\u00e1rr\u00e1 m\u00f3dosult. Imre atya \u00fatmutat\u00e1sait k\u00f6vetve \u00e9lt\u00fck meg a szent napokat. Szentmise k\u00f6zvet\u00edt\u00e9seket n\u00e9zt\u00fcnk, vagy magunk v\u00e9gezt\u00fck el a csal\u00e1di liturgi\u00e1t. Az utols\u00f3 vacsora est\u00e9j\u00e9re lapos kenyeret s\u00fct\u00f6tt\u00fcnk, kehelybe bort \u00f6nt\u00f6tt\u00fcnk. L\u00e9lekemel\u0151 volt, mikor a csal\u00e1df\u0151 megt\u00f6rte a kenyeret \u00e9s a darabokat a csal\u00e1dtagoknak a k\u00f6vetkez\u0151\u00a0 szavakkal ny\u00fajtotta \u00e1t: &#8222;Szeretet az Isten,... R\u00e9szletek\" \/>\n<meta property=\"og:url\" content=\"https:\/\/stuttgarti-katolikusok.de\/index.php\/toth-marti-kezen-fogott\/\" \/>\n<meta property=\"og:site_name\" content=\"Stuttgarti Katolikusok\" \/>\n<meta property=\"article:published_time\" content=\"2020-05-12T04:39:31+00:00\" \/>\n<meta property=\"article:modified_time\" content=\"2020-05-13T07:21:38+00:00\" \/>\n<meta property=\"og:image\" content=\"https:\/\/stuttgarti-katolikusok.de\/wp-content\/uploads\/2020\/05\/marti-1.jpg\" \/>\n\t<meta property=\"og:image:width\" content=\"522\" \/>\n\t<meta property=\"og:image:height\" content=\"361\" \/>\n\t<meta property=\"og:image:type\" content=\"image\/jpeg\" \/>\n<meta name=\"author\" content=\"Tibor atya\" \/>\n<meta name=\"twitter:card\" content=\"summary_large_image\" \/>\n<meta name=\"twitter:label1\" content=\"Szerz\u0151:\" \/>\n\t<meta name=\"twitter:data1\" content=\"Tibor atya\" \/>\n\t<meta name=\"twitter:label2\" content=\"Becs\u00fclt olvas\u00e1si id\u0151\" \/>\n\t<meta name=\"twitter:data2\" content=\"4 perc\" \/>\n<script type=\"application\/ld+json\" class=\"yoast-schema-graph\">{\"@context\":\"https:\\\/\\\/schema.org\",\"@graph\":[{\"@type\":\"Article\",\"@id\":\"https:\\\/\\\/stuttgarti-katolikusok.de\\\/index.php\\\/toth-marti-kezen-fogott\\\/#article\",\"isPartOf\":{\"@id\":\"https:\\\/\\\/stuttgarti-katolikusok.de\\\/index.php\\\/toth-marti-kezen-fogott\\\/\"},\"author\":{\"name\":\"Tibor atya\",\"@id\":\"https:\\\/\\\/stuttgarti-katolikusok.de\\\/#\\\/schema\\\/person\\\/75908d6f8fdc03a57889d27209df7795\"},\"headline\":\"T\u00f3th M\u00e1rti: K\u00e9zen fogott\",\"datePublished\":\"2020-05-12T04:39:31+00:00\",\"dateModified\":\"2020-05-13T07:21:38+00:00\",\"mainEntityOfPage\":{\"@id\":\"https:\\\/\\\/stuttgarti-katolikusok.de\\\/index.php\\\/toth-marti-kezen-fogott\\\/\"},\"wordCount\":799,\"image\":{\"@id\":\"https:\\\/\\\/stuttgarti-katolikusok.de\\\/index.php\\\/toth-marti-kezen-fogott\\\/#primaryimage\"},\"thumbnailUrl\":\"https:\\\/\\\/stuttgarti-katolikusok.de\\\/wp-content\\\/uploads\\\/2020\\\/05\\\/marti-1.jpg\",\"articleSection\":[\"Olvas\u00f3ink \u00edrj\u00e1k\"],\"inLanguage\":\"hu\"},{\"@type\":\"WebPage\",\"@id\":\"https:\\\/\\\/stuttgarti-katolikusok.de\\\/index.php\\\/toth-marti-kezen-fogott\\\/\",\"url\":\"https:\\\/\\\/stuttgarti-katolikusok.de\\\/index.php\\\/toth-marti-kezen-fogott\\\/\",\"name\":\"T\u00f3th M\u00e1rti: K\u00e9zen fogott - Stuttgarti Katolikusok\",\"isPartOf\":{\"@id\":\"https:\\\/\\\/stuttgarti-katolikusok.de\\\/#website\"},\"primaryImageOfPage\":{\"@id\":\"https:\\\/\\\/stuttgarti-katolikusok.de\\\/index.php\\\/toth-marti-kezen-fogott\\\/#primaryimage\"},\"image\":{\"@id\":\"https:\\\/\\\/stuttgarti-katolikusok.de\\\/index.php\\\/toth-marti-kezen-fogott\\\/#primaryimage\"},\"thumbnailUrl\":\"https:\\\/\\\/stuttgarti-katolikusok.de\\\/wp-content\\\/uploads\\\/2020\\\/05\\\/marti-1.jpg\",\"datePublished\":\"2020-05-12T04:39:31+00:00\",\"dateModified\":\"2020-05-13T07:21:38+00:00\",\"author\":{\"@id\":\"https:\\\/\\\/stuttgarti-katolikusok.de\\\/#\\\/schema\\\/person\\\/75908d6f8fdc03a57889d27209df7795\"},\"breadcrumb\":{\"@id\":\"https:\\\/\\\/stuttgarti-katolikusok.de\\\/index.php\\\/toth-marti-kezen-fogott\\\/#breadcrumb\"},\"inLanguage\":\"hu\",\"potentialAction\":[{\"@type\":\"ReadAction\",\"target\":[\"https:\\\/\\\/stuttgarti-katolikusok.de\\\/index.php\\\/toth-marti-kezen-fogott\\\/\"]}]},{\"@type\":\"ImageObject\",\"inLanguage\":\"hu\",\"@id\":\"https:\\\/\\\/stuttgarti-katolikusok.de\\\/index.php\\\/toth-marti-kezen-fogott\\\/#primaryimage\",\"url\":\"https:\\\/\\\/stuttgarti-katolikusok.de\\\/wp-content\\\/uploads\\\/2020\\\/05\\\/marti-1.jpg\",\"contentUrl\":\"https:\\\/\\\/stuttgarti-katolikusok.de\\\/wp-content\\\/uploads\\\/2020\\\/05\\\/marti-1.jpg\",\"width\":522,\"height\":361},{\"@type\":\"BreadcrumbList\",\"@id\":\"https:\\\/\\\/stuttgarti-katolikusok.de\\\/index.php\\\/toth-marti-kezen-fogott\\\/#breadcrumb\",\"itemListElement\":[{\"@type\":\"ListItem\",\"position\":1,\"name\":\"Kezd\u0151lap\",\"item\":\"https:\\\/\\\/stuttgarti-katolikusok.de\\\/\"},{\"@type\":\"ListItem\",\"position\":2,\"name\":\"T\u00f3th M\u00e1rti: K\u00e9zen fogott\"}]},{\"@type\":\"WebSite\",\"@id\":\"https:\\\/\\\/stuttgarti-katolikusok.de\\\/#website\",\"url\":\"https:\\\/\\\/stuttgarti-katolikusok.de\\\/\",\"name\":\"Stuttgarti Katolikusok\",\"description\":\"\",\"potentialAction\":[{\"@type\":\"SearchAction\",\"target\":{\"@type\":\"EntryPoint\",\"urlTemplate\":\"https:\\\/\\\/stuttgarti-katolikusok.de\\\/?s={search_term_string}\"},\"query-input\":{\"@type\":\"PropertyValueSpecification\",\"valueRequired\":true,\"valueName\":\"search_term_string\"}}],\"inLanguage\":\"hu\"},{\"@type\":\"Person\",\"@id\":\"https:\\\/\\\/stuttgarti-katolikusok.de\\\/#\\\/schema\\\/person\\\/75908d6f8fdc03a57889d27209df7795\",\"name\":\"Tibor atya\",\"image\":{\"@type\":\"ImageObject\",\"inLanguage\":\"hu\",\"@id\":\"https:\\\/\\\/secure.gravatar.com\\\/avatar\\\/61d268e57d1f4525b111222e29d2d5a7f8c420fdbf231ba5566a8ceac74fa960?s=96&d=mm&r=g\",\"url\":\"https:\\\/\\\/secure.gravatar.com\\\/avatar\\\/61d268e57d1f4525b111222e29d2d5a7f8c420fdbf231ba5566a8ceac74fa960?s=96&d=mm&r=g\",\"contentUrl\":\"https:\\\/\\\/secure.gravatar.com\\\/avatar\\\/61d268e57d1f4525b111222e29d2d5a7f8c420fdbf231ba5566a8ceac74fa960?s=96&d=mm&r=g\",\"caption\":\"Tibor atya\"},\"url\":\"https:\\\/\\\/stuttgarti-katolikusok.de\\\/index.php\\\/author\\\/tibor-atya\\\/\"}]}<\/script>\n<!-- \/ Yoast SEO plugin. -->","yoast_head_json":{"title":"T\u00f3th M\u00e1rti: K\u00e9zen fogott - Stuttgarti Katolikusok","robots":{"index":"index","follow":"follow","max-snippet":"max-snippet:-1","max-image-preview":"max-image-preview:large","max-video-preview":"max-video-preview:-1"},"canonical":"https:\/\/stuttgarti-katolikusok.de\/index.php\/toth-marti-kezen-fogott\/","og_locale":"hu_HU","og_type":"article","og_title":"T\u00f3th M\u00e1rti: K\u00e9zen fogott - Stuttgarti Katolikusok","og_description":"+! Sorozatunk \u00fajabb \u201egy\u00f6ngyszem\u00e9t\u201d olvashatja a kedves Olvas\u00f3! Bel\u0151le kider\u00fcl, hogy amikor azt hitt\u00fck, hogy a bez\u00e1rt templomaink, szokatlanul ler\u00f6vid\u00edtett h\u00fasv\u00e9ti szertart\u00e1saink miatt szomor\u00fa \u00e9s sz\u00e1raz lesz a Szent H\u00e1romnap, \u0150 akkor is felt\u00e1madt \u00e9s k\u00e9zen fogva vezetett\u00a0 benn\u00fcnket, mint valamikor emmauszi tan\u00edtv\u00e1nyait. \u00c9s kell-e enn\u00e9l fontosabb? J\u00f3 olvas\u00e1st! Lelkip\u00e1sztori szeretettel, Imre atya \u00a0 K\u00e9zen fogott A nagyb\u0151jt kezdet\u00e9n m\u00e9g sz\u00e1molgattuk a kicsikkel, hogy h\u00e1nyat kell m\u00e9g aludni, m\u00edg indulhatunk haza. Haza Magyarorsz\u00e1gra, ahol szeret\u0151 nagy csal\u00e1d v\u00e1r benn\u00fcnket. Mi ugyanis minden nagy \u00fcnnepet egy\u00fctt \u00fcl\u00fcnk meg. Hamarosan k\u00f6rvonalaz\u00f3dni kezdett azonban, hogy rendhagy\u00f3 \u00fcnnep el\u00e9 n\u00e9z\u00fcnk. Rendhagy\u00f3s\u00e1ga lelkis\u00e9g\u00e9ben k\u00fcl\u00f6nb\u00f6ztette meg az eddigi H\u00fasv\u00e9tokt\u00f3l. Van \u00fagy, hogy valami nagyon m\u00e9lyen leh\u00faz, tal\u00e1n meg sem tudjuk nevezni, hogy mi, de ott van \u00e9s nyomaszt, \u00e9s f\u00e1j, mikor az \u00e9rz\u00e9st J\u00f3zsef Attila sorai fejezik ki legink\u00e1bb: &#8222;A semmi \u00e1g\u00e1n \u00fcl szivem, kis teste hangtalan vacog&#8221;&#8230; Megfogadtam, hogy a megold\u00e1st ez\u00fattal kiz\u00e1r\u00f3lag Istenre b\u00edzom. Azt hiszem, mondanom sem kell, hogy a legt\u00f6k\u00e9letesebb gondolat volt. Megsz\u00f3l\u00edtani azt, aki testet \u00e9s lelket adott nekem, aki sz\u00fclet\u00e9semt\u0151l fogva b\u00edzik bennem. Tombolhat h\u00e1t a tenger, s\u00fcv\u00edthet a sz\u00e9l, \u0150 felemel a vihar f\u00f6l\u00e9. Nem egy csap\u00e1sra ugyan, de m\u00e1r\u00f3l holnapra, h\u00e9tr\u0151l h\u00e9tre vezetett. Nem a vil\u00e1got barangoltuk be, hanem befele haladtunk, be a sz\u00edvem k\u00f6zep\u00e9be, ahol n\u00e9m\u00e1n kucorgott \u00e9s v\u00e1rta, hogy kinyissam az ajt\u00f3t. \u0150 pedig kil\u00e9phetett. Adott id\u0151t, lehet\u0151s\u00e9geket, lelki vezet\u0151ket, bar\u00e1tokat mell\u00e9m. \u00c1t\u00e9ltem a keresztutak f\u00e1j\u00f3 sz\u00e9ps\u00e9g\u00e9t, a lelki gyakorlatok, a gy\u00f3n\u00e1s erej\u00e9t, a tekintetek meghitts\u00e9g\u00e9t, az \u00f6lel\u00e9sek gy\u00f3gy\u00edt\u00f3 k\u00e9pess\u00e9g\u00e9t. Vir\u00e1gvas\u00e1rnap a nappali asztalunk olt\u00e1rr\u00e1 m\u00f3dosult. Imre atya \u00fatmutat\u00e1sait k\u00f6vetve \u00e9lt\u00fck meg a szent napokat. Szentmise k\u00f6zvet\u00edt\u00e9seket n\u00e9zt\u00fcnk, vagy magunk v\u00e9gezt\u00fck el a csal\u00e1di liturgi\u00e1t. Az utols\u00f3 vacsora est\u00e9j\u00e9re lapos kenyeret s\u00fct\u00f6tt\u00fcnk, kehelybe bort \u00f6nt\u00f6tt\u00fcnk. L\u00e9lekemel\u0151 volt, mikor a csal\u00e1df\u0151 megt\u00f6rte a kenyeret \u00e9s a darabokat a csal\u00e1dtagoknak a k\u00f6vetkez\u0151\u00a0 szavakkal ny\u00fajtotta \u00e1t: &#8222;Szeretet az Isten,... R\u00e9szletek","og_url":"https:\/\/stuttgarti-katolikusok.de\/index.php\/toth-marti-kezen-fogott\/","og_site_name":"Stuttgarti Katolikusok","article_published_time":"2020-05-12T04:39:31+00:00","article_modified_time":"2020-05-13T07:21:38+00:00","og_image":[{"width":522,"height":361,"url":"https:\/\/stuttgarti-katolikusok.de\/wp-content\/uploads\/2020\/05\/marti-1.jpg","type":"image\/jpeg"}],"author":"Tibor atya","twitter_card":"summary_large_image","twitter_misc":{"Szerz\u0151:":"Tibor atya","Becs\u00fclt olvas\u00e1si id\u0151":"4 perc"},"schema":{"@context":"https:\/\/schema.org","@graph":[{"@type":"Article","@id":"https:\/\/stuttgarti-katolikusok.de\/index.php\/toth-marti-kezen-fogott\/#article","isPartOf":{"@id":"https:\/\/stuttgarti-katolikusok.de\/index.php\/toth-marti-kezen-fogott\/"},"author":{"name":"Tibor atya","@id":"https:\/\/stuttgarti-katolikusok.de\/#\/schema\/person\/75908d6f8fdc03a57889d27209df7795"},"headline":"T\u00f3th M\u00e1rti: K\u00e9zen fogott","datePublished":"2020-05-12T04:39:31+00:00","dateModified":"2020-05-13T07:21:38+00:00","mainEntityOfPage":{"@id":"https:\/\/stuttgarti-katolikusok.de\/index.php\/toth-marti-kezen-fogott\/"},"wordCount":799,"image":{"@id":"https:\/\/stuttgarti-katolikusok.de\/index.php\/toth-marti-kezen-fogott\/#primaryimage"},"thumbnailUrl":"https:\/\/stuttgarti-katolikusok.de\/wp-content\/uploads\/2020\/05\/marti-1.jpg","articleSection":["Olvas\u00f3ink \u00edrj\u00e1k"],"inLanguage":"hu"},{"@type":"WebPage","@id":"https:\/\/stuttgarti-katolikusok.de\/index.php\/toth-marti-kezen-fogott\/","url":"https:\/\/stuttgarti-katolikusok.de\/index.php\/toth-marti-kezen-fogott\/","name":"T\u00f3th M\u00e1rti: K\u00e9zen fogott - Stuttgarti Katolikusok","isPartOf":{"@id":"https:\/\/stuttgarti-katolikusok.de\/#website"},"primaryImageOfPage":{"@id":"https:\/\/stuttgarti-katolikusok.de\/index.php\/toth-marti-kezen-fogott\/#primaryimage"},"image":{"@id":"https:\/\/stuttgarti-katolikusok.de\/index.php\/toth-marti-kezen-fogott\/#primaryimage"},"thumbnailUrl":"https:\/\/stuttgarti-katolikusok.de\/wp-content\/uploads\/2020\/05\/marti-1.jpg","datePublished":"2020-05-12T04:39:31+00:00","dateModified":"2020-05-13T07:21:38+00:00","author":{"@id":"https:\/\/stuttgarti-katolikusok.de\/#\/schema\/person\/75908d6f8fdc03a57889d27209df7795"},"breadcrumb":{"@id":"https:\/\/stuttgarti-katolikusok.de\/index.php\/toth-marti-kezen-fogott\/#breadcrumb"},"inLanguage":"hu","potentialAction":[{"@type":"ReadAction","target":["https:\/\/stuttgarti-katolikusok.de\/index.php\/toth-marti-kezen-fogott\/"]}]},{"@type":"ImageObject","inLanguage":"hu","@id":"https:\/\/stuttgarti-katolikusok.de\/index.php\/toth-marti-kezen-fogott\/#primaryimage","url":"https:\/\/stuttgarti-katolikusok.de\/wp-content\/uploads\/2020\/05\/marti-1.jpg","contentUrl":"https:\/\/stuttgarti-katolikusok.de\/wp-content\/uploads\/2020\/05\/marti-1.jpg","width":522,"height":361},{"@type":"BreadcrumbList","@id":"https:\/\/stuttgarti-katolikusok.de\/index.php\/toth-marti-kezen-fogott\/#breadcrumb","itemListElement":[{"@type":"ListItem","position":1,"name":"Kezd\u0151lap","item":"https:\/\/stuttgarti-katolikusok.de\/"},{"@type":"ListItem","position":2,"name":"T\u00f3th M\u00e1rti: K\u00e9zen fogott"}]},{"@type":"WebSite","@id":"https:\/\/stuttgarti-katolikusok.de\/#website","url":"https:\/\/stuttgarti-katolikusok.de\/","name":"Stuttgarti Katolikusok","description":"","potentialAction":[{"@type":"SearchAction","target":{"@type":"EntryPoint","urlTemplate":"https:\/\/stuttgarti-katolikusok.de\/?s={search_term_string}"},"query-input":{"@type":"PropertyValueSpecification","valueRequired":true,"valueName":"search_term_string"}}],"inLanguage":"hu"},{"@type":"Person","@id":"https:\/\/stuttgarti-katolikusok.de\/#\/schema\/person\/75908d6f8fdc03a57889d27209df7795","name":"Tibor atya","image":{"@type":"ImageObject","inLanguage":"hu","@id":"https:\/\/secure.gravatar.com\/avatar\/61d268e57d1f4525b111222e29d2d5a7f8c420fdbf231ba5566a8ceac74fa960?s=96&d=mm&r=g","url":"https:\/\/secure.gravatar.com\/avatar\/61d268e57d1f4525b111222e29d2d5a7f8c420fdbf231ba5566a8ceac74fa960?s=96&d=mm&r=g","contentUrl":"https:\/\/secure.gravatar.com\/avatar\/61d268e57d1f4525b111222e29d2d5a7f8c420fdbf231ba5566a8ceac74fa960?s=96&d=mm&r=g","caption":"Tibor atya"},"url":"https:\/\/stuttgarti-katolikusok.de\/index.php\/author\/tibor-atya\/"}]}},"_links":{"self":[{"href":"https:\/\/stuttgarti-katolikusok.de\/index.php\/wp-json\/wp\/v2\/posts\/19479","targetHints":{"allow":["GET"]}}],"collection":[{"href":"https:\/\/stuttgarti-katolikusok.de\/index.php\/wp-json\/wp\/v2\/posts"}],"about":[{"href":"https:\/\/stuttgarti-katolikusok.de\/index.php\/wp-json\/wp\/v2\/types\/post"}],"author":[{"embeddable":true,"href":"https:\/\/stuttgarti-katolikusok.de\/index.php\/wp-json\/wp\/v2\/users\/3"}],"replies":[{"embeddable":true,"href":"https:\/\/stuttgarti-katolikusok.de\/index.php\/wp-json\/wp\/v2\/comments?post=19479"}],"version-history":[{"count":4,"href":"https:\/\/stuttgarti-katolikusok.de\/index.php\/wp-json\/wp\/v2\/posts\/19479\/revisions"}],"predecessor-version":[{"id":19487,"href":"https:\/\/stuttgarti-katolikusok.de\/index.php\/wp-json\/wp\/v2\/posts\/19479\/revisions\/19487"}],"wp:featuredmedia":[{"embeddable":true,"href":"https:\/\/stuttgarti-katolikusok.de\/index.php\/wp-json\/wp\/v2\/media\/19481"}],"wp:attachment":[{"href":"https:\/\/stuttgarti-katolikusok.de\/index.php\/wp-json\/wp\/v2\/media?parent=19479"}],"wp:term":[{"taxonomy":"category","embeddable":true,"href":"https:\/\/stuttgarti-katolikusok.de\/index.php\/wp-json\/wp\/v2\/categories?post=19479"},{"taxonomy":"post_tag","embeddable":true,"href":"https:\/\/stuttgarti-katolikusok.de\/index.php\/wp-json\/wp\/v2\/tags?post=19479"}],"curies":[{"name":"wp","href":"https:\/\/api.w.org\/{rel}","templated":true}]}}