{"id":19471,"date":"2020-05-09T04:55:23","date_gmt":"2020-05-09T04:55:23","guid":{"rendered":"https:\/\/gracious-dewdney.138-201-221-2.plesk.page\/?p=19471"},"modified":"2020-05-09T04:55:23","modified_gmt":"2020-05-09T04:55:23","slug":"halaszy-erzsebet-csendes-husvet-2020-ban","status":"publish","type":"post","link":"https:\/\/stuttgarti-katolikusok.de\/index.php\/halaszy-erzsebet-csendes-husvet-2020-ban\/","title":{"rendered":"Hal\u00e1szy Erzs\u00e9bet: Csendes H\u00fasv\u00e9t 2020-ban"},"content":{"rendered":"<p><em>+! Kedveseim, \u201eAz \u00e9n H\u00fasv\u00e9tom\u201d sorozatunk \u00fajabb nagyszer\u0171 \u00edr\u00e1sa k\u00f6vetkezik Hal\u00e1szy Erzs\u00e9bet toll\u00e1b\u00f3l. Sorait olvasva ism\u00e9t az a meggy\u0151z\u0151d\u00e9s izmosodhat meg benn\u00fcnk, hogy noha ez a H\u00fasv\u00e9tunk a koronaj\u00e1rv\u00e1ny miatt m\u00e1s volt, mint minden el\u0151bbi, m\u00e9gis annyi \u00e9s annyi sz\u00e9ps\u00e9get \u00e9s lehet\u0151s\u00e9get rejtett mag\u00e1ban, amir\u0151l \u00e1lmodni sem mert\u00fcnk. H\u00e1la a Felt\u00e1madottnak, aki mindig vel\u00fcnk van!<\/em><\/p>\n<p><em>Lelkip\u00e1sztori szeretettel,<\/em><\/p>\n<p><em>Imre atya<\/em><\/p>\n<p><em>\u00a0<\/em><\/p>\n<p><strong>\u00a0<\/strong><\/p>\n<p><strong>Csendes H\u00fasv\u00e9t 2020-ban \u2013 Gondolatok <\/strong><\/p>\n<p><em>\u201eA csend az Isten hangja\u201c<\/em> \u2013 \u00edrta egykor Sz\u00e9chenyi Zsigmond, a h\u00edres vad\u00e1sz \u00e9s \u00edr\u00f3.<\/p>\n<p>Vajon ki hogyan hallotta meg Isten v\u00edgasztal\u00f3 hangj\u00e1t az idei szokatlanul csendes h\u00fasv\u00e9ti \u00fcnnepek alatt? \u00c1tjutott-e, a n\u00e9ha ijedt, mag\u00e1nyos csenden kereszt\u00fcl?<\/p>\n<p>Zajos, rohan\u00f3, nyugtalan vil\u00e1gunkat jelenleg a v\u00edrus tartja karmai k\u00f6z\u00f6tt &#8211; ez\u00e1ltal elcsendes\u00fclt, lelassult minden. Megh\u00faztuk magunkat, engedelmesen k\u00f6vett\u00fck a kapkod\u00f3, t\u00f6bb\u00e9-kev\u00e9sb\u00e9 \u00e9sszer\u0171 vagy \u00e9sszer\u00fctlen rendeleteket \u00e9s sz\u00fcks\u00e9gszer\u0171en v\u00e1llaltuk az ezekb\u0151l ad\u00f3d\u00f3 szomor\u00fa k\u00f6vetkezm\u00e9nyeket.<\/p>\n<p>A csend kifinom\u00edtja \u00e9rz\u00e9keinket \u00e9s \u2013 legl\u00e1bb is \u00e9n \u00fagy \u00e9rzem \u2013 ha odafigyelt\u00fcnk, \u00fajra meg \u00fajra hallhattuk Isten hangj\u00e1t:<\/p>\n<ul>\n<li>A k\u00f6zvet\u00edtett Szentmis\u00e9ken, szentbesz\u00e9deken kereszt\u00fcl\u2026<\/li>\n<li>Szeretteinket ha nem is l\u00e1thattuk, de a technika seg\u00edts\u00e9g\u00e9vel gyakran kaptunk gy\u00f6ny\u00f6r\u0171 gondolatokat, k\u00e9peket, dalokat, im\u00e1kat, id\u00e9zeteket \u2026 gondoltunk egym\u00e1sra.<\/li>\n<li>A templomi cseng\u0151t nem hallhattuk, de a h\u00edv\u00f3 harangsz\u00f3, amelyet m\u00e1skor elnyom a rep\u00fcl\u0151g\u00e9pek zaja, most tiszt\u00e1n \u00e9rkezett hozz\u00e1nk.<\/li>\n<li>Csak virtu\u00e1lisan vehett\u00fcnk r\u00e9szt a a k\u00fcl\u00f6n\u00f6sen sz\u00e9p \u00e9s meghat\u00f3 t\u0171zszentel\u00e9sen, de elmehett\u00fcnk a nyitott templomokba \u2013 ez esetben a scharnhauseni \u201eJ\u00f3 P\u00e1sztor\u201c templomba \u2013 \u00e9s az \u00e9g\u0151 gyerty\u00e1r\u00f3l szent l\u00e1ngot vihett\u00fcnk haza. Ezt a templomot a k\u00e9pen l\u00e1that\u00f3 kicsi, igen kedves r\u00e9gi szoborr\u00f3l nevezt\u00e9k el. Milyen vigasztal\u00f3 gondolat, hogy a J\u00f3 P\u00e1sztor minket is, ha tal\u00e1n nem is fekete, de foltos b\u00e1r\u00e1nyokat, a v\u00e1ll\u00e1n hordoz \u2026<\/li>\n<li>Ha el\u00e9gedetlens\u00e9ggel t\u00f6lt\u00f6tt is el a t\u00e9tlens\u00e9gre it\u00e9l\u00e9s, hely\u00e9be egy nagy aj\u00e1nd\u00e9kot kaptunk: id\u0151t. Ezt a k\u00f6rny\u00e9kbeli, r\u00e9szben t\u00f6bb 100-\u00e9ves templomok l\u00e1togat\u00e1s\u00e1ra ford\u00edtottuk \u00e9s ritka kincseket fedezt\u00fcnk fel. Elgondolkoztat\u00f3, hogy milyen alkot\u00e1sokra k\u00e9pes az ember, ha j\u00f3ra haszn\u00e1lja tehets\u00e9g\u00e9t!<\/li>\n<li>A felt\u00e1mad\u00e1s \u00f6r\u00f6m\u00e9t nem a szokott \u00fcnnepi Szentmise keret\u00e9ben hirdett\u00fck egym\u00e1snak, de \u00e9rezhett\u00fck a z\u00f6ld\u00fcl\u0151 term\u00e9szetben, a r\u00fcgyez\u0151 f\u00e1kban, a f\u00e9szket rak\u00f3 madarak \u00e9nek\u00e9ben\u2026 Nem \u00e9rezt\u00fck a t\u00f6mj\u00e9n szag\u00e1t, de illatoztak a vir\u00e1gz\u00f3 bokrok \u2026<\/li>\n<\/ul>\n<p>\u00c9s m\u00e9gis nagyon-nagyon hi\u00e1nyzott a csal\u00e1d, a k\u00f6z\u00f6ss\u00e9g, egy-egy bar\u00e1ti j\u00f3kiv\u00e1ns\u00e1g, \u00f6lel\u00e9s \u00e9s \u2026 a locsolkod\u00e1s!<\/p>\n<p>Az elm\u00falt napokban egy valaha ismer\u0151s\u00f6m \u00e1ltal \u00edrt kedves locsol\u00f3-vers akadt a kezembe:<\/p>\n<p>\u201e<em>Friss tavaszi illat j\u00e1rja be a kertet,<\/em><\/p>\n<p><em>L\u00e1nyok \u00e9s asszonyok mind el\u00e9mbe gyertek!<\/em><\/p>\n<p><em>A meg\u00fajul\u00e1s titk\u00e1t hordozgatom \u00e9n is,<\/em><\/p>\n<p><em>Locsol\u00e1som ut\u00e1n ifjabb lesz a v\u00e9n is!<\/em><\/p>\n<p><em>\u00d6nt\u00f6z\u0151 vizemnek nincs titka csak egy:<\/em><\/p>\n<p><em>Az \u00e9n sz\u00edvemb\u0151l is van benne egy csepp!<\/em><\/p>\n<p>Ezt az id\u00e9zetet a locsol\u00f3 leg\u00e9nyeknek aj\u00e1nlom szeretettel, \u00e9s biztos vagyok benne, hogy ha addig hervadozgatunk is, elj\u00f6n az id\u0151, amikor h\u00fasv\u00e9tkor lesz ism\u00e9t k\u00f6z\u00f6s \u00fcnnepi Szentmise, \u00fcnnepl\u00e9s csal\u00e1di k\u00f6rben \u00e9s locsolkod\u00e1s; hozzuk a h\u00edmes toj\u00e1st \u00e9s \u00fajra eg\u00e9szs\u00e9gben meg\u00f6lelhetj\u00fck egym\u00e1st \u2013 \u00e9s akkor majd boldogan kivir\u00e1gzunk!<\/p>\n<p><em>Hal\u00e1szy Erzs\u00e9bet<\/em><\/p>\n<p><em>Scharnhausen<\/em><\/p>\n<p>&nbsp;<\/p>\n","protected":false},"excerpt":{"rendered":"<p>+! Kedveseim, \u201eAz \u00e9n H\u00fasv\u00e9tom\u201d sorozatunk \u00fajabb nagyszer\u0171 \u00edr\u00e1sa k\u00f6vetkezik Hal\u00e1szy Erzs\u00e9bet toll\u00e1b\u00f3l. Sorait olvasva ism\u00e9t az a meggy\u0151z\u0151d\u00e9s izmosodhat meg benn\u00fcnk, hogy noha ez a H\u00fasv\u00e9tunk a koronaj\u00e1rv\u00e1ny miatt m\u00e1s volt, mint minden el\u0151bbi, m\u00e9gis annyi \u00e9s annyi sz\u00e9ps\u00e9get \u00e9s lehet\u0151s\u00e9get rejtett mag\u00e1ban, amir\u0151l \u00e1lmodni sem mert\u00fcnk. H\u00e1la a Felt\u00e1madottnak, aki mindig vel\u00fcnk van! Lelkip\u00e1sztori szeretettel, Imre atya \u00a0 \u00a0 Csendes H\u00fasv\u00e9t 2020-ban \u2013 Gondolatok \u201eA csend az Isten hangja\u201c \u2013 \u00edrta egykor Sz\u00e9chenyi Zsigmond, a h\u00edres vad\u00e1sz \u00e9s \u00edr\u00f3. Vajon ki hogyan hallotta meg Isten v\u00edgasztal\u00f3 hangj\u00e1t az idei szokatlanul csendes h\u00fasv\u00e9ti \u00fcnnepek alatt? \u00c1tjutott-e, a n\u00e9ha ijedt, mag\u00e1nyos csenden kereszt\u00fcl? Zajos, rohan\u00f3, nyugtalan vil\u00e1gunkat jelenleg a v\u00edrus tartja karmai k\u00f6z\u00f6tt &#8211; ez\u00e1ltal elcsendes\u00fclt, lelassult minden. Megh\u00faztuk magunkat, engedelmesen k\u00f6vett\u00fck a kapkod\u00f3, t\u00f6bb\u00e9-kev\u00e9sb\u00e9 \u00e9sszer\u0171 vagy \u00e9sszer\u00fctlen rendeleteket \u00e9s sz\u00fcks\u00e9gszer\u0171en v\u00e1llaltuk az ezekb\u0151l ad\u00f3d\u00f3 szomor\u00fa k\u00f6vetkezm\u00e9nyeket. A csend kifinom\u00edtja \u00e9rz\u00e9keinket \u00e9s \u2013 legl\u00e1bb is \u00e9n \u00fagy \u00e9rzem \u2013 ha odafigyelt\u00fcnk, \u00fajra meg \u00fajra hallhattuk Isten hangj\u00e1t: A k\u00f6zvet\u00edtett Szentmis\u00e9ken, szentbesz\u00e9deken kereszt\u00fcl\u2026 Szeretteinket ha nem is l\u00e1thattuk, de a technika seg\u00edts\u00e9g\u00e9vel gyakran kaptunk gy\u00f6ny\u00f6r\u0171 gondolatokat, k\u00e9peket, dalokat, im\u00e1kat, id\u00e9zeteket \u2026 gondoltunk egym\u00e1sra. A templomi cseng\u0151t nem hallhattuk, de a h\u00edv\u00f3 harangsz\u00f3, amelyet m\u00e1skor elnyom a rep\u00fcl\u0151g\u00e9pek zaja, most tiszt\u00e1n \u00e9rkezett hozz\u00e1nk. Csak virtu\u00e1lisan vehett\u00fcnk r\u00e9szt a a k\u00fcl\u00f6n\u00f6sen sz\u00e9p \u00e9s meghat\u00f3 t\u0171zszentel\u00e9sen, de elmehett\u00fcnk a nyitott templomokba \u2013 ez esetben a scharnhauseni \u201eJ\u00f3 P\u00e1sztor\u201c templomba \u2013 \u00e9s az \u00e9g\u0151 gyerty\u00e1r\u00f3l szent l\u00e1ngot vihett\u00fcnk haza. Ezt a templomot a k\u00e9pen l\u00e1that\u00f3 kicsi, igen kedves r\u00e9gi szoborr\u00f3l nevezt\u00e9k el. Milyen vigasztal\u00f3 gondolat, hogy a J\u00f3 P\u00e1sztor minket is, ha tal\u00e1n nem is fekete, de foltos b\u00e1r\u00e1nyokat, a v\u00e1ll\u00e1n hordoz \u2026 Ha el\u00e9gedetlens\u00e9ggel t\u00f6lt\u00f6tt is el a t\u00e9tlens\u00e9gre it\u00e9l\u00e9s, hely\u00e9be egy nagy aj\u00e1nd\u00e9kot kaptunk: id\u0151t. Ezt a k\u00f6rny\u00e9kbeli, r\u00e9szben t\u00f6bb 100-\u00e9ves templomok l\u00e1togat\u00e1s\u00e1ra ford\u00edtottuk \u00e9s ritka kincseket fedezt\u00fcnk fel. Elgondolkoztat\u00f3, hogy milyen alkot\u00e1sokra&#8230; <\/p>\n<p><a class=\"readmore\" href=\"https:\/\/stuttgarti-katolikusok.de\/index.php\/halaszy-erzsebet-csendes-husvet-2020-ban\/\">R\u00e9szletek<\/a><\/p>\n","protected":false},"author":3,"featured_media":19472,"comment_status":"closed","ping_status":"closed","sticky":false,"template":"","format":"standard","meta":{"footnotes":""},"categories":[28],"tags":[],"class_list":["post-19471","post","type-post","status-publish","format-standard","has-post-thumbnail","hentry","category-olvasoink-irjak"],"yoast_head":"<!-- This site is optimized with the Yoast SEO plugin v27.3 - https:\/\/yoast.com\/product\/yoast-seo-wordpress\/ -->\n<title>Hal\u00e1szy Erzs\u00e9bet: Csendes H\u00fasv\u00e9t 2020-ban - Stuttgarti Katolikusok<\/title>\n<meta name=\"robots\" content=\"index, follow, max-snippet:-1, max-image-preview:large, max-video-preview:-1\" \/>\n<link rel=\"canonical\" href=\"https:\/\/stuttgarti-katolikusok.de\/index.php\/halaszy-erzsebet-csendes-husvet-2020-ban\/\" \/>\n<meta property=\"og:locale\" content=\"hu_HU\" \/>\n<meta property=\"og:type\" content=\"article\" \/>\n<meta property=\"og:title\" content=\"Hal\u00e1szy Erzs\u00e9bet: Csendes H\u00fasv\u00e9t 2020-ban - Stuttgarti Katolikusok\" \/>\n<meta property=\"og:description\" content=\"+! Kedveseim, \u201eAz \u00e9n H\u00fasv\u00e9tom\u201d sorozatunk \u00fajabb nagyszer\u0171 \u00edr\u00e1sa k\u00f6vetkezik Hal\u00e1szy Erzs\u00e9bet toll\u00e1b\u00f3l. Sorait olvasva ism\u00e9t az a meggy\u0151z\u0151d\u00e9s izmosodhat meg benn\u00fcnk, hogy noha ez a H\u00fasv\u00e9tunk a koronaj\u00e1rv\u00e1ny miatt m\u00e1s volt, mint minden el\u0151bbi, m\u00e9gis annyi \u00e9s annyi sz\u00e9ps\u00e9get \u00e9s lehet\u0151s\u00e9get rejtett mag\u00e1ban, amir\u0151l \u00e1lmodni sem mert\u00fcnk. H\u00e1la a Felt\u00e1madottnak, aki mindig vel\u00fcnk van! Lelkip\u00e1sztori szeretettel, Imre atya \u00a0 \u00a0 Csendes H\u00fasv\u00e9t 2020-ban \u2013 Gondolatok \u201eA csend az Isten hangja\u201c \u2013 \u00edrta egykor Sz\u00e9chenyi Zsigmond, a h\u00edres vad\u00e1sz \u00e9s \u00edr\u00f3. Vajon ki hogyan hallotta meg Isten v\u00edgasztal\u00f3 hangj\u00e1t az idei szokatlanul csendes h\u00fasv\u00e9ti \u00fcnnepek alatt? \u00c1tjutott-e, a n\u00e9ha ijedt, mag\u00e1nyos csenden kereszt\u00fcl? Zajos, rohan\u00f3, nyugtalan vil\u00e1gunkat jelenleg a v\u00edrus tartja karmai k\u00f6z\u00f6tt &#8211; ez\u00e1ltal elcsendes\u00fclt, lelassult minden. Megh\u00faztuk magunkat, engedelmesen k\u00f6vett\u00fck a kapkod\u00f3, t\u00f6bb\u00e9-kev\u00e9sb\u00e9 \u00e9sszer\u0171 vagy \u00e9sszer\u00fctlen rendeleteket \u00e9s sz\u00fcks\u00e9gszer\u0171en v\u00e1llaltuk az ezekb\u0151l ad\u00f3d\u00f3 szomor\u00fa k\u00f6vetkezm\u00e9nyeket. A csend kifinom\u00edtja \u00e9rz\u00e9keinket \u00e9s \u2013 legl\u00e1bb is \u00e9n \u00fagy \u00e9rzem \u2013 ha odafigyelt\u00fcnk, \u00fajra meg \u00fajra hallhattuk Isten hangj\u00e1t: A k\u00f6zvet\u00edtett Szentmis\u00e9ken, szentbesz\u00e9deken kereszt\u00fcl\u2026 Szeretteinket ha nem is l\u00e1thattuk, de a technika seg\u00edts\u00e9g\u00e9vel gyakran kaptunk gy\u00f6ny\u00f6r\u0171 gondolatokat, k\u00e9peket, dalokat, im\u00e1kat, id\u00e9zeteket \u2026 gondoltunk egym\u00e1sra. A templomi cseng\u0151t nem hallhattuk, de a h\u00edv\u00f3 harangsz\u00f3, amelyet m\u00e1skor elnyom a rep\u00fcl\u0151g\u00e9pek zaja, most tiszt\u00e1n \u00e9rkezett hozz\u00e1nk. Csak virtu\u00e1lisan vehett\u00fcnk r\u00e9szt a a k\u00fcl\u00f6n\u00f6sen sz\u00e9p \u00e9s meghat\u00f3 t\u0171zszentel\u00e9sen, de elmehett\u00fcnk a nyitott templomokba \u2013 ez esetben a scharnhauseni \u201eJ\u00f3 P\u00e1sztor\u201c templomba \u2013 \u00e9s az \u00e9g\u0151 gyerty\u00e1r\u00f3l szent l\u00e1ngot vihett\u00fcnk haza. Ezt a templomot a k\u00e9pen l\u00e1that\u00f3 kicsi, igen kedves r\u00e9gi szoborr\u00f3l nevezt\u00e9k el. Milyen vigasztal\u00f3 gondolat, hogy a J\u00f3 P\u00e1sztor minket is, ha tal\u00e1n nem is fekete, de foltos b\u00e1r\u00e1nyokat, a v\u00e1ll\u00e1n hordoz \u2026 Ha el\u00e9gedetlens\u00e9ggel t\u00f6lt\u00f6tt is el a t\u00e9tlens\u00e9gre it\u00e9l\u00e9s, hely\u00e9be egy nagy aj\u00e1nd\u00e9kot kaptunk: id\u0151t. Ezt a k\u00f6rny\u00e9kbeli, r\u00e9szben t\u00f6bb 100-\u00e9ves templomok l\u00e1togat\u00e1s\u00e1ra ford\u00edtottuk \u00e9s ritka kincseket fedezt\u00fcnk fel. Elgondolkoztat\u00f3, hogy milyen alkot\u00e1sokra... R\u00e9szletek\" \/>\n<meta property=\"og:url\" content=\"https:\/\/stuttgarti-katolikusok.de\/index.php\/halaszy-erzsebet-csendes-husvet-2020-ban\/\" \/>\n<meta property=\"og:site_name\" content=\"Stuttgarti Katolikusok\" \/>\n<meta property=\"article:published_time\" content=\"2020-05-09T04:55:23+00:00\" \/>\n<meta property=\"og:image\" content=\"https:\/\/stuttgarti-katolikusok.de\/wp-content\/uploads\/2020\/05\/jopasztor.jpg\" \/>\n\t<meta property=\"og:image:width\" content=\"2417\" \/>\n\t<meta property=\"og:image:height\" content=\"2267\" \/>\n\t<meta property=\"og:image:type\" content=\"image\/jpeg\" \/>\n<meta name=\"author\" content=\"Tibor atya\" \/>\n<meta name=\"twitter:card\" content=\"summary_large_image\" \/>\n<meta name=\"twitter:label1\" content=\"Szerz\u0151:\" \/>\n\t<meta name=\"twitter:data1\" content=\"Tibor atya\" \/>\n\t<meta name=\"twitter:label2\" content=\"Becs\u00fclt olvas\u00e1si id\u0151\" \/>\n\t<meta name=\"twitter:data2\" content=\"3 perc\" \/>\n<script type=\"application\/ld+json\" class=\"yoast-schema-graph\">{\"@context\":\"https:\\\/\\\/schema.org\",\"@graph\":[{\"@type\":\"Article\",\"@id\":\"https:\\\/\\\/stuttgarti-katolikusok.de\\\/index.php\\\/halaszy-erzsebet-csendes-husvet-2020-ban\\\/#article\",\"isPartOf\":{\"@id\":\"https:\\\/\\\/stuttgarti-katolikusok.de\\\/index.php\\\/halaszy-erzsebet-csendes-husvet-2020-ban\\\/\"},\"author\":{\"name\":\"Tibor atya\",\"@id\":\"https:\\\/\\\/stuttgarti-katolikusok.de\\\/#\\\/schema\\\/person\\\/75908d6f8fdc03a57889d27209df7795\"},\"headline\":\"Hal\u00e1szy Erzs\u00e9bet: Csendes H\u00fasv\u00e9t 2020-ban\",\"datePublished\":\"2020-05-09T04:55:23+00:00\",\"mainEntityOfPage\":{\"@id\":\"https:\\\/\\\/stuttgarti-katolikusok.de\\\/index.php\\\/halaszy-erzsebet-csendes-husvet-2020-ban\\\/\"},\"wordCount\":674,\"image\":{\"@id\":\"https:\\\/\\\/stuttgarti-katolikusok.de\\\/index.php\\\/halaszy-erzsebet-csendes-husvet-2020-ban\\\/#primaryimage\"},\"thumbnailUrl\":\"https:\\\/\\\/stuttgarti-katolikusok.de\\\/wp-content\\\/uploads\\\/2020\\\/05\\\/jopasztor.jpg\",\"articleSection\":[\"Olvas\u00f3ink \u00edrj\u00e1k\"],\"inLanguage\":\"hu\"},{\"@type\":\"WebPage\",\"@id\":\"https:\\\/\\\/stuttgarti-katolikusok.de\\\/index.php\\\/halaszy-erzsebet-csendes-husvet-2020-ban\\\/\",\"url\":\"https:\\\/\\\/stuttgarti-katolikusok.de\\\/index.php\\\/halaszy-erzsebet-csendes-husvet-2020-ban\\\/\",\"name\":\"Hal\u00e1szy Erzs\u00e9bet: Csendes H\u00fasv\u00e9t 2020-ban - Stuttgarti Katolikusok\",\"isPartOf\":{\"@id\":\"https:\\\/\\\/stuttgarti-katolikusok.de\\\/#website\"},\"primaryImageOfPage\":{\"@id\":\"https:\\\/\\\/stuttgarti-katolikusok.de\\\/index.php\\\/halaszy-erzsebet-csendes-husvet-2020-ban\\\/#primaryimage\"},\"image\":{\"@id\":\"https:\\\/\\\/stuttgarti-katolikusok.de\\\/index.php\\\/halaszy-erzsebet-csendes-husvet-2020-ban\\\/#primaryimage\"},\"thumbnailUrl\":\"https:\\\/\\\/stuttgarti-katolikusok.de\\\/wp-content\\\/uploads\\\/2020\\\/05\\\/jopasztor.jpg\",\"datePublished\":\"2020-05-09T04:55:23+00:00\",\"author\":{\"@id\":\"https:\\\/\\\/stuttgarti-katolikusok.de\\\/#\\\/schema\\\/person\\\/75908d6f8fdc03a57889d27209df7795\"},\"breadcrumb\":{\"@id\":\"https:\\\/\\\/stuttgarti-katolikusok.de\\\/index.php\\\/halaszy-erzsebet-csendes-husvet-2020-ban\\\/#breadcrumb\"},\"inLanguage\":\"hu\",\"potentialAction\":[{\"@type\":\"ReadAction\",\"target\":[\"https:\\\/\\\/stuttgarti-katolikusok.de\\\/index.php\\\/halaszy-erzsebet-csendes-husvet-2020-ban\\\/\"]}]},{\"@type\":\"ImageObject\",\"inLanguage\":\"hu\",\"@id\":\"https:\\\/\\\/stuttgarti-katolikusok.de\\\/index.php\\\/halaszy-erzsebet-csendes-husvet-2020-ban\\\/#primaryimage\",\"url\":\"https:\\\/\\\/stuttgarti-katolikusok.de\\\/wp-content\\\/uploads\\\/2020\\\/05\\\/jopasztor.jpg\",\"contentUrl\":\"https:\\\/\\\/stuttgarti-katolikusok.de\\\/wp-content\\\/uploads\\\/2020\\\/05\\\/jopasztor.jpg\",\"width\":2417,\"height\":2267},{\"@type\":\"BreadcrumbList\",\"@id\":\"https:\\\/\\\/stuttgarti-katolikusok.de\\\/index.php\\\/halaszy-erzsebet-csendes-husvet-2020-ban\\\/#breadcrumb\",\"itemListElement\":[{\"@type\":\"ListItem\",\"position\":1,\"name\":\"Kezd\u0151lap\",\"item\":\"https:\\\/\\\/stuttgarti-katolikusok.de\\\/\"},{\"@type\":\"ListItem\",\"position\":2,\"name\":\"Hal\u00e1szy Erzs\u00e9bet: Csendes H\u00fasv\u00e9t 2020-ban\"}]},{\"@type\":\"WebSite\",\"@id\":\"https:\\\/\\\/stuttgarti-katolikusok.de\\\/#website\",\"url\":\"https:\\\/\\\/stuttgarti-katolikusok.de\\\/\",\"name\":\"Stuttgarti Katolikusok\",\"description\":\"\",\"potentialAction\":[{\"@type\":\"SearchAction\",\"target\":{\"@type\":\"EntryPoint\",\"urlTemplate\":\"https:\\\/\\\/stuttgarti-katolikusok.de\\\/?s={search_term_string}\"},\"query-input\":{\"@type\":\"PropertyValueSpecification\",\"valueRequired\":true,\"valueName\":\"search_term_string\"}}],\"inLanguage\":\"hu\"},{\"@type\":\"Person\",\"@id\":\"https:\\\/\\\/stuttgarti-katolikusok.de\\\/#\\\/schema\\\/person\\\/75908d6f8fdc03a57889d27209df7795\",\"name\":\"Tibor atya\",\"image\":{\"@type\":\"ImageObject\",\"inLanguage\":\"hu\",\"@id\":\"https:\\\/\\\/secure.gravatar.com\\\/avatar\\\/61d268e57d1f4525b111222e29d2d5a7f8c420fdbf231ba5566a8ceac74fa960?s=96&d=mm&r=g\",\"url\":\"https:\\\/\\\/secure.gravatar.com\\\/avatar\\\/61d268e57d1f4525b111222e29d2d5a7f8c420fdbf231ba5566a8ceac74fa960?s=96&d=mm&r=g\",\"contentUrl\":\"https:\\\/\\\/secure.gravatar.com\\\/avatar\\\/61d268e57d1f4525b111222e29d2d5a7f8c420fdbf231ba5566a8ceac74fa960?s=96&d=mm&r=g\",\"caption\":\"Tibor atya\"},\"url\":\"https:\\\/\\\/stuttgarti-katolikusok.de\\\/index.php\\\/author\\\/tibor-atya\\\/\"}]}<\/script>\n<!-- \/ Yoast SEO plugin. -->","yoast_head_json":{"title":"Hal\u00e1szy Erzs\u00e9bet: Csendes H\u00fasv\u00e9t 2020-ban - Stuttgarti Katolikusok","robots":{"index":"index","follow":"follow","max-snippet":"max-snippet:-1","max-image-preview":"max-image-preview:large","max-video-preview":"max-video-preview:-1"},"canonical":"https:\/\/stuttgarti-katolikusok.de\/index.php\/halaszy-erzsebet-csendes-husvet-2020-ban\/","og_locale":"hu_HU","og_type":"article","og_title":"Hal\u00e1szy Erzs\u00e9bet: Csendes H\u00fasv\u00e9t 2020-ban - Stuttgarti Katolikusok","og_description":"+! Kedveseim, \u201eAz \u00e9n H\u00fasv\u00e9tom\u201d sorozatunk \u00fajabb nagyszer\u0171 \u00edr\u00e1sa k\u00f6vetkezik Hal\u00e1szy Erzs\u00e9bet toll\u00e1b\u00f3l. Sorait olvasva ism\u00e9t az a meggy\u0151z\u0151d\u00e9s izmosodhat meg benn\u00fcnk, hogy noha ez a H\u00fasv\u00e9tunk a koronaj\u00e1rv\u00e1ny miatt m\u00e1s volt, mint minden el\u0151bbi, m\u00e9gis annyi \u00e9s annyi sz\u00e9ps\u00e9get \u00e9s lehet\u0151s\u00e9get rejtett mag\u00e1ban, amir\u0151l \u00e1lmodni sem mert\u00fcnk. H\u00e1la a Felt\u00e1madottnak, aki mindig vel\u00fcnk van! Lelkip\u00e1sztori szeretettel, Imre atya \u00a0 \u00a0 Csendes H\u00fasv\u00e9t 2020-ban \u2013 Gondolatok \u201eA csend az Isten hangja\u201c \u2013 \u00edrta egykor Sz\u00e9chenyi Zsigmond, a h\u00edres vad\u00e1sz \u00e9s \u00edr\u00f3. Vajon ki hogyan hallotta meg Isten v\u00edgasztal\u00f3 hangj\u00e1t az idei szokatlanul csendes h\u00fasv\u00e9ti \u00fcnnepek alatt? \u00c1tjutott-e, a n\u00e9ha ijedt, mag\u00e1nyos csenden kereszt\u00fcl? Zajos, rohan\u00f3, nyugtalan vil\u00e1gunkat jelenleg a v\u00edrus tartja karmai k\u00f6z\u00f6tt &#8211; ez\u00e1ltal elcsendes\u00fclt, lelassult minden. Megh\u00faztuk magunkat, engedelmesen k\u00f6vett\u00fck a kapkod\u00f3, t\u00f6bb\u00e9-kev\u00e9sb\u00e9 \u00e9sszer\u0171 vagy \u00e9sszer\u00fctlen rendeleteket \u00e9s sz\u00fcks\u00e9gszer\u0171en v\u00e1llaltuk az ezekb\u0151l ad\u00f3d\u00f3 szomor\u00fa k\u00f6vetkezm\u00e9nyeket. A csend kifinom\u00edtja \u00e9rz\u00e9keinket \u00e9s \u2013 legl\u00e1bb is \u00e9n \u00fagy \u00e9rzem \u2013 ha odafigyelt\u00fcnk, \u00fajra meg \u00fajra hallhattuk Isten hangj\u00e1t: A k\u00f6zvet\u00edtett Szentmis\u00e9ken, szentbesz\u00e9deken kereszt\u00fcl\u2026 Szeretteinket ha nem is l\u00e1thattuk, de a technika seg\u00edts\u00e9g\u00e9vel gyakran kaptunk gy\u00f6ny\u00f6r\u0171 gondolatokat, k\u00e9peket, dalokat, im\u00e1kat, id\u00e9zeteket \u2026 gondoltunk egym\u00e1sra. A templomi cseng\u0151t nem hallhattuk, de a h\u00edv\u00f3 harangsz\u00f3, amelyet m\u00e1skor elnyom a rep\u00fcl\u0151g\u00e9pek zaja, most tiszt\u00e1n \u00e9rkezett hozz\u00e1nk. Csak virtu\u00e1lisan vehett\u00fcnk r\u00e9szt a a k\u00fcl\u00f6n\u00f6sen sz\u00e9p \u00e9s meghat\u00f3 t\u0171zszentel\u00e9sen, de elmehett\u00fcnk a nyitott templomokba \u2013 ez esetben a scharnhauseni \u201eJ\u00f3 P\u00e1sztor\u201c templomba \u2013 \u00e9s az \u00e9g\u0151 gyerty\u00e1r\u00f3l szent l\u00e1ngot vihett\u00fcnk haza. Ezt a templomot a k\u00e9pen l\u00e1that\u00f3 kicsi, igen kedves r\u00e9gi szoborr\u00f3l nevezt\u00e9k el. Milyen vigasztal\u00f3 gondolat, hogy a J\u00f3 P\u00e1sztor minket is, ha tal\u00e1n nem is fekete, de foltos b\u00e1r\u00e1nyokat, a v\u00e1ll\u00e1n hordoz \u2026 Ha el\u00e9gedetlens\u00e9ggel t\u00f6lt\u00f6tt is el a t\u00e9tlens\u00e9gre it\u00e9l\u00e9s, hely\u00e9be egy nagy aj\u00e1nd\u00e9kot kaptunk: id\u0151t. Ezt a k\u00f6rny\u00e9kbeli, r\u00e9szben t\u00f6bb 100-\u00e9ves templomok l\u00e1togat\u00e1s\u00e1ra ford\u00edtottuk \u00e9s ritka kincseket fedezt\u00fcnk fel. Elgondolkoztat\u00f3, hogy milyen alkot\u00e1sokra... R\u00e9szletek","og_url":"https:\/\/stuttgarti-katolikusok.de\/index.php\/halaszy-erzsebet-csendes-husvet-2020-ban\/","og_site_name":"Stuttgarti Katolikusok","article_published_time":"2020-05-09T04:55:23+00:00","og_image":[{"width":2417,"height":2267,"url":"https:\/\/stuttgarti-katolikusok.de\/wp-content\/uploads\/2020\/05\/jopasztor.jpg","type":"image\/jpeg"}],"author":"Tibor atya","twitter_card":"summary_large_image","twitter_misc":{"Szerz\u0151:":"Tibor atya","Becs\u00fclt olvas\u00e1si id\u0151":"3 perc"},"schema":{"@context":"https:\/\/schema.org","@graph":[{"@type":"Article","@id":"https:\/\/stuttgarti-katolikusok.de\/index.php\/halaszy-erzsebet-csendes-husvet-2020-ban\/#article","isPartOf":{"@id":"https:\/\/stuttgarti-katolikusok.de\/index.php\/halaszy-erzsebet-csendes-husvet-2020-ban\/"},"author":{"name":"Tibor atya","@id":"https:\/\/stuttgarti-katolikusok.de\/#\/schema\/person\/75908d6f8fdc03a57889d27209df7795"},"headline":"Hal\u00e1szy Erzs\u00e9bet: Csendes H\u00fasv\u00e9t 2020-ban","datePublished":"2020-05-09T04:55:23+00:00","mainEntityOfPage":{"@id":"https:\/\/stuttgarti-katolikusok.de\/index.php\/halaszy-erzsebet-csendes-husvet-2020-ban\/"},"wordCount":674,"image":{"@id":"https:\/\/stuttgarti-katolikusok.de\/index.php\/halaszy-erzsebet-csendes-husvet-2020-ban\/#primaryimage"},"thumbnailUrl":"https:\/\/stuttgarti-katolikusok.de\/wp-content\/uploads\/2020\/05\/jopasztor.jpg","articleSection":["Olvas\u00f3ink \u00edrj\u00e1k"],"inLanguage":"hu"},{"@type":"WebPage","@id":"https:\/\/stuttgarti-katolikusok.de\/index.php\/halaszy-erzsebet-csendes-husvet-2020-ban\/","url":"https:\/\/stuttgarti-katolikusok.de\/index.php\/halaszy-erzsebet-csendes-husvet-2020-ban\/","name":"Hal\u00e1szy Erzs\u00e9bet: Csendes H\u00fasv\u00e9t 2020-ban - Stuttgarti Katolikusok","isPartOf":{"@id":"https:\/\/stuttgarti-katolikusok.de\/#website"},"primaryImageOfPage":{"@id":"https:\/\/stuttgarti-katolikusok.de\/index.php\/halaszy-erzsebet-csendes-husvet-2020-ban\/#primaryimage"},"image":{"@id":"https:\/\/stuttgarti-katolikusok.de\/index.php\/halaszy-erzsebet-csendes-husvet-2020-ban\/#primaryimage"},"thumbnailUrl":"https:\/\/stuttgarti-katolikusok.de\/wp-content\/uploads\/2020\/05\/jopasztor.jpg","datePublished":"2020-05-09T04:55:23+00:00","author":{"@id":"https:\/\/stuttgarti-katolikusok.de\/#\/schema\/person\/75908d6f8fdc03a57889d27209df7795"},"breadcrumb":{"@id":"https:\/\/stuttgarti-katolikusok.de\/index.php\/halaszy-erzsebet-csendes-husvet-2020-ban\/#breadcrumb"},"inLanguage":"hu","potentialAction":[{"@type":"ReadAction","target":["https:\/\/stuttgarti-katolikusok.de\/index.php\/halaszy-erzsebet-csendes-husvet-2020-ban\/"]}]},{"@type":"ImageObject","inLanguage":"hu","@id":"https:\/\/stuttgarti-katolikusok.de\/index.php\/halaszy-erzsebet-csendes-husvet-2020-ban\/#primaryimage","url":"https:\/\/stuttgarti-katolikusok.de\/wp-content\/uploads\/2020\/05\/jopasztor.jpg","contentUrl":"https:\/\/stuttgarti-katolikusok.de\/wp-content\/uploads\/2020\/05\/jopasztor.jpg","width":2417,"height":2267},{"@type":"BreadcrumbList","@id":"https:\/\/stuttgarti-katolikusok.de\/index.php\/halaszy-erzsebet-csendes-husvet-2020-ban\/#breadcrumb","itemListElement":[{"@type":"ListItem","position":1,"name":"Kezd\u0151lap","item":"https:\/\/stuttgarti-katolikusok.de\/"},{"@type":"ListItem","position":2,"name":"Hal\u00e1szy Erzs\u00e9bet: Csendes H\u00fasv\u00e9t 2020-ban"}]},{"@type":"WebSite","@id":"https:\/\/stuttgarti-katolikusok.de\/#website","url":"https:\/\/stuttgarti-katolikusok.de\/","name":"Stuttgarti Katolikusok","description":"","potentialAction":[{"@type":"SearchAction","target":{"@type":"EntryPoint","urlTemplate":"https:\/\/stuttgarti-katolikusok.de\/?s={search_term_string}"},"query-input":{"@type":"PropertyValueSpecification","valueRequired":true,"valueName":"search_term_string"}}],"inLanguage":"hu"},{"@type":"Person","@id":"https:\/\/stuttgarti-katolikusok.de\/#\/schema\/person\/75908d6f8fdc03a57889d27209df7795","name":"Tibor atya","image":{"@type":"ImageObject","inLanguage":"hu","@id":"https:\/\/secure.gravatar.com\/avatar\/61d268e57d1f4525b111222e29d2d5a7f8c420fdbf231ba5566a8ceac74fa960?s=96&d=mm&r=g","url":"https:\/\/secure.gravatar.com\/avatar\/61d268e57d1f4525b111222e29d2d5a7f8c420fdbf231ba5566a8ceac74fa960?s=96&d=mm&r=g","contentUrl":"https:\/\/secure.gravatar.com\/avatar\/61d268e57d1f4525b111222e29d2d5a7f8c420fdbf231ba5566a8ceac74fa960?s=96&d=mm&r=g","caption":"Tibor atya"},"url":"https:\/\/stuttgarti-katolikusok.de\/index.php\/author\/tibor-atya\/"}]}},"_links":{"self":[{"href":"https:\/\/stuttgarti-katolikusok.de\/index.php\/wp-json\/wp\/v2\/posts\/19471","targetHints":{"allow":["GET"]}}],"collection":[{"href":"https:\/\/stuttgarti-katolikusok.de\/index.php\/wp-json\/wp\/v2\/posts"}],"about":[{"href":"https:\/\/stuttgarti-katolikusok.de\/index.php\/wp-json\/wp\/v2\/types\/post"}],"author":[{"embeddable":true,"href":"https:\/\/stuttgarti-katolikusok.de\/index.php\/wp-json\/wp\/v2\/users\/3"}],"replies":[{"embeddable":true,"href":"https:\/\/stuttgarti-katolikusok.de\/index.php\/wp-json\/wp\/v2\/comments?post=19471"}],"version-history":[{"count":1,"href":"https:\/\/stuttgarti-katolikusok.de\/index.php\/wp-json\/wp\/v2\/posts\/19471\/revisions"}],"predecessor-version":[{"id":19473,"href":"https:\/\/stuttgarti-katolikusok.de\/index.php\/wp-json\/wp\/v2\/posts\/19471\/revisions\/19473"}],"wp:featuredmedia":[{"embeddable":true,"href":"https:\/\/stuttgarti-katolikusok.de\/index.php\/wp-json\/wp\/v2\/media\/19472"}],"wp:attachment":[{"href":"https:\/\/stuttgarti-katolikusok.de\/index.php\/wp-json\/wp\/v2\/media?parent=19471"}],"wp:term":[{"taxonomy":"category","embeddable":true,"href":"https:\/\/stuttgarti-katolikusok.de\/index.php\/wp-json\/wp\/v2\/categories?post=19471"},{"taxonomy":"post_tag","embeddable":true,"href":"https:\/\/stuttgarti-katolikusok.de\/index.php\/wp-json\/wp\/v2\/tags?post=19471"}],"curies":[{"name":"wp","href":"https:\/\/api.w.org\/{rel}","templated":true}]}}