{"id":19464,"date":"2020-05-05T05:23:49","date_gmt":"2020-05-05T05:23:49","guid":{"rendered":"https:\/\/gracious-dewdney.138-201-221-2.plesk.page\/?p=19464"},"modified":"2020-05-05T05:23:49","modified_gmt":"2020-05-05T05:23:49","slug":"roob-katalin-ures-templomban-megsem-maganyosan","status":"publish","type":"post","link":"https:\/\/stuttgarti-katolikusok.de\/index.php\/roob-katalin-ures-templomban-megsem-maganyosan\/","title":{"rendered":"Roob Katalin: \u00dcres templomban, m\u00e9gsem mag\u00e1nyosan"},"content":{"rendered":"<p><em>Folytatjuk a &#8222;rendhagy\u00f3 H\u00fasv\u00e9t&#8221; sorozatunkat. Ez\u00fattal Roob Kati kiv\u00e1l\u00f3, gondolat\u00e9breszt\u0151 \u00edr\u00e1s\u00e1val. M\u00e9g sok ilyet! <\/em><\/p>\n<p><em>Lelkip\u00e1sztori szeretettel, <\/em><\/p>\n<p><em>Imre atya<\/em><\/p>\n<p>&nbsp;<\/p>\n<p><strong>\u00dcres templomban, m\u00e9gsem mag\u00e1nyosan<\/strong><\/p>\n<p>Igen, ez a H\u00fasv\u00e9t m\u00e1s volt, rendhagy\u00f3.<\/p>\n<p>Tudom\u00e1sul venni a jelenlegi helyzetet, belehajolni, hozz\u00e1 idomulni, de nem hagyni, hogy letagl\u00f3zzon, \u00e9s k\u00e9ts\u00e9gbe ejtsen.<\/p>\n<p>Lelassul\u00e1s &#8211; befel\u00e9 \u00e9s \u0150re\u00e1 figyel\u00e9s, v\u00e1rakoz\u00e1s \u00e9s v\u00e1gyakoz\u00e1s.<\/p>\n<p>Ami most nem val\u00f3sulhat meg\u2026 elfogad\u00e1s&#8230; lemond\u00e1s&#8230; felaj\u00e1nl\u00e1s. Valaki\u00e9rt vagy Valami\u00e9rt.<\/p>\n<p>\u00dajratervez\u00e9s, a, b \u00e9s c terv.<\/p>\n<p>De el\u0151 lehet hozni, h\u00fazni m\u00e1s terveket, \u00fajakat, vagy a r\u00e9gieket leporolni ebben a furcs\u00e1n kapott id\u0151ben.<\/p>\n<p>\u00c9s t\u00f6ltekezni&#8230;<\/p>\n<p>&#8211; Im\u00e1val, lelki t\u00e1pl\u00e1l\u00e9kkal, olvasm\u00e1nyokkal. \u00cdr\u00e1sokkal, amikr\u0151l lelkiaty\u00e1ink gondoskodtak, \u00e9s fogt\u00e1k a kez\u00fcnket.<\/p>\n<p>&#8211; Szentmis\u00e9kkel, amelyeket a technika seg\u00edts\u00e9g\u00e9vel l\u00e1thattunk \u00e9s hallhattunk.<\/p>\n<p>Nekem a \u201esaj\u00e1tjaink\u201c voltak a legkedvesebbek!<\/p>\n<p>&#8211; Az \u00e9nekekkel: \u201eA felt\u00e1madt \u00darnak &#8211; H\u00fasv\u00e9ti B\u00e1r\u00e1nynak<\/p>\n<p>Dics\u0151s\u00e9g, szent \u00e1ld\u00e1s, tisztess\u00e9g\u2026\u201c<\/p>\n<p>&#8211; Az egym\u00e1snak k\u00fcld\u00f6tt \u00fczenetekkel-telefonh\u00edv\u00e1sokkal, az otthoniak kedves hangj\u00e1val,<\/p>\n<p>a r\u00e1nk, \u201e\u0151rz\u0151angyalokra\u201d b\u00edzottak viszontszeretet\u00e9vel, a v\u00edgasztal\u00f3 gondolatokkal, az id\u0151vel, amivel egym\u00e1s fel\u00e9 fordultunk.<\/p>\n<p>&#8211; Az apr\u00f3 \u00f6r\u00f6m\u00f6kkel \u00e9s eredm\u00e9nyekkel, amiket \u00fajra \u00e9szrevett\u00fcnk, \u00e9s nem enged\u00fcnk.<\/p>\n<p>T\u00f6ltekezni att\u00f3l a gondolatt\u00f3l, milyen j\u00f3 lesz \u00fajra, \u00fagy igaz\u00e1b\u00f3l meg\u00f6lelni szeretteinket,<\/p>\n<p>bar\u00e1tainkat, \u00e9s kicsit az eg\u00e9sz vil\u00e1got.<\/p>\n<p>\u00c9s att\u00f3l az \u00e9rz\u00e9st\u0151l, hogy j\u00e1rhatunk b\u00e1rmerre, \u0150 ott van mindenhol.<\/p>\n<p>A f\u00e1ban, a vir\u00e1gban, a pillang\u00f3 r\u00f6pt\u00e9ben, a mad\u00e1rdalban.<\/p>\n<p>Mind\u00edg vel\u00fcnk, ahogy \u00edg\u00e9rte!<\/p>\n<p>&nbsp;<\/p>\n<p><em>Roob Katalin<\/em><\/p>\n<p><em>Stuttgart<\/em><\/p>\n","protected":false},"excerpt":{"rendered":"<p>Folytatjuk a &#8222;rendhagy\u00f3 H\u00fasv\u00e9t&#8221; sorozatunkat. Ez\u00fattal Roob Kati kiv\u00e1l\u00f3, gondolat\u00e9breszt\u0151 \u00edr\u00e1s\u00e1val. M\u00e9g sok ilyet! Lelkip\u00e1sztori szeretettel, Imre atya &nbsp; \u00dcres templomban, m\u00e9gsem mag\u00e1nyosan Igen, ez a H\u00fasv\u00e9t m\u00e1s volt, rendhagy\u00f3. Tudom\u00e1sul venni a jelenlegi helyzetet, belehajolni, hozz\u00e1 idomulni, de nem hagyni, hogy letagl\u00f3zzon, \u00e9s k\u00e9ts\u00e9gbe ejtsen. Lelassul\u00e1s &#8211; befel\u00e9 \u00e9s \u0150re\u00e1 figyel\u00e9s, v\u00e1rakoz\u00e1s \u00e9s v\u00e1gyakoz\u00e1s. Ami most nem val\u00f3sulhat meg\u2026 elfogad\u00e1s&#8230; lemond\u00e1s&#8230; felaj\u00e1nl\u00e1s. Valaki\u00e9rt vagy Valami\u00e9rt. \u00dajratervez\u00e9s, a, b \u00e9s c terv. De el\u0151 lehet hozni, h\u00fazni m\u00e1s terveket, \u00fajakat, vagy a r\u00e9gieket leporolni ebben a furcs\u00e1n kapott id\u0151ben. \u00c9s t\u00f6ltekezni&#8230; &#8211; Im\u00e1val, lelki t\u00e1pl\u00e1l\u00e9kkal, olvasm\u00e1nyokkal. \u00cdr\u00e1sokkal, amikr\u0151l lelkiaty\u00e1ink gondoskodtak, \u00e9s fogt\u00e1k a kez\u00fcnket. &#8211; Szentmis\u00e9kkel, amelyeket a technika seg\u00edts\u00e9g\u00e9vel l\u00e1thattunk \u00e9s hallhattunk. Nekem a \u201esaj\u00e1tjaink\u201c voltak a legkedvesebbek! &#8211; Az \u00e9nekekkel: \u201eA felt\u00e1madt \u00darnak &#8211; H\u00fasv\u00e9ti B\u00e1r\u00e1nynak Dics\u0151s\u00e9g, szent \u00e1ld\u00e1s, tisztess\u00e9g\u2026\u201c &#8211; Az egym\u00e1snak k\u00fcld\u00f6tt \u00fczenetekkel-telefonh\u00edv\u00e1sokkal, az otthoniak kedves hangj\u00e1val, a r\u00e1nk, \u201e\u0151rz\u0151angyalokra\u201d b\u00edzottak viszontszeretet\u00e9vel, a v\u00edgasztal\u00f3 gondolatokkal, az id\u0151vel, amivel egym\u00e1s fel\u00e9 fordultunk. &#8211; Az apr\u00f3 \u00f6r\u00f6m\u00f6kkel \u00e9s eredm\u00e9nyekkel, amiket \u00fajra \u00e9szrevett\u00fcnk, \u00e9s nem enged\u00fcnk. T\u00f6ltekezni att\u00f3l a gondolatt\u00f3l, milyen j\u00f3 lesz \u00fajra, \u00fagy igaz\u00e1b\u00f3l meg\u00f6lelni szeretteinket, bar\u00e1tainkat, \u00e9s kicsit az eg\u00e9sz vil\u00e1got. \u00c9s att\u00f3l az \u00e9rz\u00e9st\u0151l, hogy j\u00e1rhatunk b\u00e1rmerre, \u0150 ott van mindenhol. A f\u00e1ban, a vir\u00e1gban, a pillang\u00f3 r\u00f6pt\u00e9ben, a mad\u00e1rdalban. Mind\u00edg vel\u00fcnk, ahogy \u00edg\u00e9rte! &nbsp; Roob Katalin Stuttgart<\/p>\n","protected":false},"author":3,"featured_media":19465,"comment_status":"closed","ping_status":"closed","sticky":false,"template":"","format":"standard","meta":{"footnotes":""},"categories":[28],"tags":[],"class_list":["post-19464","post","type-post","status-publish","format-standard","has-post-thumbnail","hentry","category-olvasoink-irjak"],"yoast_head":"<!-- This site is optimized with the Yoast SEO plugin v27.3 - https:\/\/yoast.com\/product\/yoast-seo-wordpress\/ -->\n<title>Roob Katalin: \u00dcres templomban, m\u00e9gsem mag\u00e1nyosan - Stuttgarti Katolikusok<\/title>\n<meta name=\"robots\" content=\"index, follow, max-snippet:-1, max-image-preview:large, max-video-preview:-1\" \/>\n<link rel=\"canonical\" href=\"https:\/\/stuttgarti-katolikusok.de\/index.php\/roob-katalin-ures-templomban-megsem-maganyosan\/\" \/>\n<meta property=\"og:locale\" content=\"hu_HU\" \/>\n<meta property=\"og:type\" content=\"article\" \/>\n<meta property=\"og:title\" content=\"Roob Katalin: \u00dcres templomban, m\u00e9gsem mag\u00e1nyosan - Stuttgarti Katolikusok\" \/>\n<meta property=\"og:description\" content=\"Folytatjuk a &#8222;rendhagy\u00f3 H\u00fasv\u00e9t&#8221; sorozatunkat. Ez\u00fattal Roob Kati kiv\u00e1l\u00f3, gondolat\u00e9breszt\u0151 \u00edr\u00e1s\u00e1val. M\u00e9g sok ilyet! Lelkip\u00e1sztori szeretettel, Imre atya &nbsp; \u00dcres templomban, m\u00e9gsem mag\u00e1nyosan Igen, ez a H\u00fasv\u00e9t m\u00e1s volt, rendhagy\u00f3. Tudom\u00e1sul venni a jelenlegi helyzetet, belehajolni, hozz\u00e1 idomulni, de nem hagyni, hogy letagl\u00f3zzon, \u00e9s k\u00e9ts\u00e9gbe ejtsen. Lelassul\u00e1s &#8211; befel\u00e9 \u00e9s \u0150re\u00e1 figyel\u00e9s, v\u00e1rakoz\u00e1s \u00e9s v\u00e1gyakoz\u00e1s. Ami most nem val\u00f3sulhat meg\u2026 elfogad\u00e1s&#8230; lemond\u00e1s&#8230; felaj\u00e1nl\u00e1s. Valaki\u00e9rt vagy Valami\u00e9rt. \u00dajratervez\u00e9s, a, b \u00e9s c terv. De el\u0151 lehet hozni, h\u00fazni m\u00e1s terveket, \u00fajakat, vagy a r\u00e9gieket leporolni ebben a furcs\u00e1n kapott id\u0151ben. \u00c9s t\u00f6ltekezni&#8230; &#8211; Im\u00e1val, lelki t\u00e1pl\u00e1l\u00e9kkal, olvasm\u00e1nyokkal. \u00cdr\u00e1sokkal, amikr\u0151l lelkiaty\u00e1ink gondoskodtak, \u00e9s fogt\u00e1k a kez\u00fcnket. &#8211; Szentmis\u00e9kkel, amelyeket a technika seg\u00edts\u00e9g\u00e9vel l\u00e1thattunk \u00e9s hallhattunk. Nekem a \u201esaj\u00e1tjaink\u201c voltak a legkedvesebbek! &#8211; Az \u00e9nekekkel: \u201eA felt\u00e1madt \u00darnak &#8211; H\u00fasv\u00e9ti B\u00e1r\u00e1nynak Dics\u0151s\u00e9g, szent \u00e1ld\u00e1s, tisztess\u00e9g\u2026\u201c &#8211; Az egym\u00e1snak k\u00fcld\u00f6tt \u00fczenetekkel-telefonh\u00edv\u00e1sokkal, az otthoniak kedves hangj\u00e1val, a r\u00e1nk, \u201e\u0151rz\u0151angyalokra\u201d b\u00edzottak viszontszeretet\u00e9vel, a v\u00edgasztal\u00f3 gondolatokkal, az id\u0151vel, amivel egym\u00e1s fel\u00e9 fordultunk. &#8211; Az apr\u00f3 \u00f6r\u00f6m\u00f6kkel \u00e9s eredm\u00e9nyekkel, amiket \u00fajra \u00e9szrevett\u00fcnk, \u00e9s nem enged\u00fcnk. T\u00f6ltekezni att\u00f3l a gondolatt\u00f3l, milyen j\u00f3 lesz \u00fajra, \u00fagy igaz\u00e1b\u00f3l meg\u00f6lelni szeretteinket, bar\u00e1tainkat, \u00e9s kicsit az eg\u00e9sz vil\u00e1got. \u00c9s att\u00f3l az \u00e9rz\u00e9st\u0151l, hogy j\u00e1rhatunk b\u00e1rmerre, \u0150 ott van mindenhol. A f\u00e1ban, a vir\u00e1gban, a pillang\u00f3 r\u00f6pt\u00e9ben, a mad\u00e1rdalban. Mind\u00edg vel\u00fcnk, ahogy \u00edg\u00e9rte! &nbsp; Roob Katalin Stuttgart\" \/>\n<meta property=\"og:url\" content=\"https:\/\/stuttgarti-katolikusok.de\/index.php\/roob-katalin-ures-templomban-megsem-maganyosan\/\" \/>\n<meta property=\"og:site_name\" content=\"Stuttgarti Katolikusok\" \/>\n<meta property=\"article:published_time\" content=\"2020-05-05T05:23:49+00:00\" \/>\n<meta property=\"og:image\" content=\"https:\/\/stuttgarti-katolikusok.de\/wp-content\/uploads\/2020\/05\/roobkati.jpg\" \/>\n\t<meta property=\"og:image:width\" content=\"1959\" \/>\n\t<meta property=\"og:image:height\" content=\"2612\" \/>\n\t<meta property=\"og:image:type\" content=\"image\/jpeg\" \/>\n<meta name=\"author\" content=\"Tibor atya\" \/>\n<meta name=\"twitter:card\" content=\"summary_large_image\" \/>\n<meta name=\"twitter:label1\" content=\"Szerz\u0151:\" \/>\n\t<meta name=\"twitter:data1\" content=\"Tibor atya\" \/>\n\t<meta name=\"twitter:label2\" content=\"Becs\u00fclt olvas\u00e1si id\u0151\" \/>\n\t<meta name=\"twitter:data2\" content=\"2 perc\" \/>\n<script type=\"application\/ld+json\" class=\"yoast-schema-graph\">{\"@context\":\"https:\\\/\\\/schema.org\",\"@graph\":[{\"@type\":\"Article\",\"@id\":\"https:\\\/\\\/stuttgarti-katolikusok.de\\\/index.php\\\/roob-katalin-ures-templomban-megsem-maganyosan\\\/#article\",\"isPartOf\":{\"@id\":\"https:\\\/\\\/stuttgarti-katolikusok.de\\\/index.php\\\/roob-katalin-ures-templomban-megsem-maganyosan\\\/\"},\"author\":{\"name\":\"Tibor atya\",\"@id\":\"https:\\\/\\\/stuttgarti-katolikusok.de\\\/#\\\/schema\\\/person\\\/75908d6f8fdc03a57889d27209df7795\"},\"headline\":\"Roob Katalin: \u00dcres templomban, m\u00e9gsem mag\u00e1nyosan\",\"datePublished\":\"2020-05-05T05:23:49+00:00\",\"mainEntityOfPage\":{\"@id\":\"https:\\\/\\\/stuttgarti-katolikusok.de\\\/index.php\\\/roob-katalin-ures-templomban-megsem-maganyosan\\\/\"},\"wordCount\":323,\"image\":{\"@id\":\"https:\\\/\\\/stuttgarti-katolikusok.de\\\/index.php\\\/roob-katalin-ures-templomban-megsem-maganyosan\\\/#primaryimage\"},\"thumbnailUrl\":\"https:\\\/\\\/stuttgarti-katolikusok.de\\\/wp-content\\\/uploads\\\/2020\\\/05\\\/roobkati.jpg\",\"articleSection\":[\"Olvas\u00f3ink \u00edrj\u00e1k\"],\"inLanguage\":\"hu\"},{\"@type\":\"WebPage\",\"@id\":\"https:\\\/\\\/stuttgarti-katolikusok.de\\\/index.php\\\/roob-katalin-ures-templomban-megsem-maganyosan\\\/\",\"url\":\"https:\\\/\\\/stuttgarti-katolikusok.de\\\/index.php\\\/roob-katalin-ures-templomban-megsem-maganyosan\\\/\",\"name\":\"Roob Katalin: \u00dcres templomban, m\u00e9gsem mag\u00e1nyosan - Stuttgarti Katolikusok\",\"isPartOf\":{\"@id\":\"https:\\\/\\\/stuttgarti-katolikusok.de\\\/#website\"},\"primaryImageOfPage\":{\"@id\":\"https:\\\/\\\/stuttgarti-katolikusok.de\\\/index.php\\\/roob-katalin-ures-templomban-megsem-maganyosan\\\/#primaryimage\"},\"image\":{\"@id\":\"https:\\\/\\\/stuttgarti-katolikusok.de\\\/index.php\\\/roob-katalin-ures-templomban-megsem-maganyosan\\\/#primaryimage\"},\"thumbnailUrl\":\"https:\\\/\\\/stuttgarti-katolikusok.de\\\/wp-content\\\/uploads\\\/2020\\\/05\\\/roobkati.jpg\",\"datePublished\":\"2020-05-05T05:23:49+00:00\",\"author\":{\"@id\":\"https:\\\/\\\/stuttgarti-katolikusok.de\\\/#\\\/schema\\\/person\\\/75908d6f8fdc03a57889d27209df7795\"},\"breadcrumb\":{\"@id\":\"https:\\\/\\\/stuttgarti-katolikusok.de\\\/index.php\\\/roob-katalin-ures-templomban-megsem-maganyosan\\\/#breadcrumb\"},\"inLanguage\":\"hu\",\"potentialAction\":[{\"@type\":\"ReadAction\",\"target\":[\"https:\\\/\\\/stuttgarti-katolikusok.de\\\/index.php\\\/roob-katalin-ures-templomban-megsem-maganyosan\\\/\"]}]},{\"@type\":\"ImageObject\",\"inLanguage\":\"hu\",\"@id\":\"https:\\\/\\\/stuttgarti-katolikusok.de\\\/index.php\\\/roob-katalin-ures-templomban-megsem-maganyosan\\\/#primaryimage\",\"url\":\"https:\\\/\\\/stuttgarti-katolikusok.de\\\/wp-content\\\/uploads\\\/2020\\\/05\\\/roobkati.jpg\",\"contentUrl\":\"https:\\\/\\\/stuttgarti-katolikusok.de\\\/wp-content\\\/uploads\\\/2020\\\/05\\\/roobkati.jpg\",\"width\":1959,\"height\":2612},{\"@type\":\"BreadcrumbList\",\"@id\":\"https:\\\/\\\/stuttgarti-katolikusok.de\\\/index.php\\\/roob-katalin-ures-templomban-megsem-maganyosan\\\/#breadcrumb\",\"itemListElement\":[{\"@type\":\"ListItem\",\"position\":1,\"name\":\"Kezd\u0151lap\",\"item\":\"https:\\\/\\\/stuttgarti-katolikusok.de\\\/\"},{\"@type\":\"ListItem\",\"position\":2,\"name\":\"Roob Katalin: \u00dcres templomban, m\u00e9gsem mag\u00e1nyosan\"}]},{\"@type\":\"WebSite\",\"@id\":\"https:\\\/\\\/stuttgarti-katolikusok.de\\\/#website\",\"url\":\"https:\\\/\\\/stuttgarti-katolikusok.de\\\/\",\"name\":\"Stuttgarti Katolikusok\",\"description\":\"\",\"potentialAction\":[{\"@type\":\"SearchAction\",\"target\":{\"@type\":\"EntryPoint\",\"urlTemplate\":\"https:\\\/\\\/stuttgarti-katolikusok.de\\\/?s={search_term_string}\"},\"query-input\":{\"@type\":\"PropertyValueSpecification\",\"valueRequired\":true,\"valueName\":\"search_term_string\"}}],\"inLanguage\":\"hu\"},{\"@type\":\"Person\",\"@id\":\"https:\\\/\\\/stuttgarti-katolikusok.de\\\/#\\\/schema\\\/person\\\/75908d6f8fdc03a57889d27209df7795\",\"name\":\"Tibor atya\",\"image\":{\"@type\":\"ImageObject\",\"inLanguage\":\"hu\",\"@id\":\"https:\\\/\\\/secure.gravatar.com\\\/avatar\\\/61d268e57d1f4525b111222e29d2d5a7f8c420fdbf231ba5566a8ceac74fa960?s=96&d=mm&r=g\",\"url\":\"https:\\\/\\\/secure.gravatar.com\\\/avatar\\\/61d268e57d1f4525b111222e29d2d5a7f8c420fdbf231ba5566a8ceac74fa960?s=96&d=mm&r=g\",\"contentUrl\":\"https:\\\/\\\/secure.gravatar.com\\\/avatar\\\/61d268e57d1f4525b111222e29d2d5a7f8c420fdbf231ba5566a8ceac74fa960?s=96&d=mm&r=g\",\"caption\":\"Tibor atya\"},\"url\":\"https:\\\/\\\/stuttgarti-katolikusok.de\\\/index.php\\\/author\\\/tibor-atya\\\/\"}]}<\/script>\n<!-- \/ Yoast SEO plugin. -->","yoast_head_json":{"title":"Roob Katalin: \u00dcres templomban, m\u00e9gsem mag\u00e1nyosan - Stuttgarti Katolikusok","robots":{"index":"index","follow":"follow","max-snippet":"max-snippet:-1","max-image-preview":"max-image-preview:large","max-video-preview":"max-video-preview:-1"},"canonical":"https:\/\/stuttgarti-katolikusok.de\/index.php\/roob-katalin-ures-templomban-megsem-maganyosan\/","og_locale":"hu_HU","og_type":"article","og_title":"Roob Katalin: \u00dcres templomban, m\u00e9gsem mag\u00e1nyosan - Stuttgarti Katolikusok","og_description":"Folytatjuk a &#8222;rendhagy\u00f3 H\u00fasv\u00e9t&#8221; sorozatunkat. Ez\u00fattal Roob Kati kiv\u00e1l\u00f3, gondolat\u00e9breszt\u0151 \u00edr\u00e1s\u00e1val. M\u00e9g sok ilyet! Lelkip\u00e1sztori szeretettel, Imre atya &nbsp; \u00dcres templomban, m\u00e9gsem mag\u00e1nyosan Igen, ez a H\u00fasv\u00e9t m\u00e1s volt, rendhagy\u00f3. Tudom\u00e1sul venni a jelenlegi helyzetet, belehajolni, hozz\u00e1 idomulni, de nem hagyni, hogy letagl\u00f3zzon, \u00e9s k\u00e9ts\u00e9gbe ejtsen. Lelassul\u00e1s &#8211; befel\u00e9 \u00e9s \u0150re\u00e1 figyel\u00e9s, v\u00e1rakoz\u00e1s \u00e9s v\u00e1gyakoz\u00e1s. Ami most nem val\u00f3sulhat meg\u2026 elfogad\u00e1s&#8230; lemond\u00e1s&#8230; felaj\u00e1nl\u00e1s. Valaki\u00e9rt vagy Valami\u00e9rt. \u00dajratervez\u00e9s, a, b \u00e9s c terv. De el\u0151 lehet hozni, h\u00fazni m\u00e1s terveket, \u00fajakat, vagy a r\u00e9gieket leporolni ebben a furcs\u00e1n kapott id\u0151ben. \u00c9s t\u00f6ltekezni&#8230; &#8211; Im\u00e1val, lelki t\u00e1pl\u00e1l\u00e9kkal, olvasm\u00e1nyokkal. \u00cdr\u00e1sokkal, amikr\u0151l lelkiaty\u00e1ink gondoskodtak, \u00e9s fogt\u00e1k a kez\u00fcnket. &#8211; Szentmis\u00e9kkel, amelyeket a technika seg\u00edts\u00e9g\u00e9vel l\u00e1thattunk \u00e9s hallhattunk. Nekem a \u201esaj\u00e1tjaink\u201c voltak a legkedvesebbek! &#8211; Az \u00e9nekekkel: \u201eA felt\u00e1madt \u00darnak &#8211; H\u00fasv\u00e9ti B\u00e1r\u00e1nynak Dics\u0151s\u00e9g, szent \u00e1ld\u00e1s, tisztess\u00e9g\u2026\u201c &#8211; Az egym\u00e1snak k\u00fcld\u00f6tt \u00fczenetekkel-telefonh\u00edv\u00e1sokkal, az otthoniak kedves hangj\u00e1val, a r\u00e1nk, \u201e\u0151rz\u0151angyalokra\u201d b\u00edzottak viszontszeretet\u00e9vel, a v\u00edgasztal\u00f3 gondolatokkal, az id\u0151vel, amivel egym\u00e1s fel\u00e9 fordultunk. &#8211; Az apr\u00f3 \u00f6r\u00f6m\u00f6kkel \u00e9s eredm\u00e9nyekkel, amiket \u00fajra \u00e9szrevett\u00fcnk, \u00e9s nem enged\u00fcnk. T\u00f6ltekezni att\u00f3l a gondolatt\u00f3l, milyen j\u00f3 lesz \u00fajra, \u00fagy igaz\u00e1b\u00f3l meg\u00f6lelni szeretteinket, bar\u00e1tainkat, \u00e9s kicsit az eg\u00e9sz vil\u00e1got. \u00c9s att\u00f3l az \u00e9rz\u00e9st\u0151l, hogy j\u00e1rhatunk b\u00e1rmerre, \u0150 ott van mindenhol. A f\u00e1ban, a vir\u00e1gban, a pillang\u00f3 r\u00f6pt\u00e9ben, a mad\u00e1rdalban. Mind\u00edg vel\u00fcnk, ahogy \u00edg\u00e9rte! &nbsp; Roob Katalin Stuttgart","og_url":"https:\/\/stuttgarti-katolikusok.de\/index.php\/roob-katalin-ures-templomban-megsem-maganyosan\/","og_site_name":"Stuttgarti Katolikusok","article_published_time":"2020-05-05T05:23:49+00:00","og_image":[{"width":1959,"height":2612,"url":"https:\/\/stuttgarti-katolikusok.de\/wp-content\/uploads\/2020\/05\/roobkati.jpg","type":"image\/jpeg"}],"author":"Tibor atya","twitter_card":"summary_large_image","twitter_misc":{"Szerz\u0151:":"Tibor atya","Becs\u00fclt olvas\u00e1si id\u0151":"2 perc"},"schema":{"@context":"https:\/\/schema.org","@graph":[{"@type":"Article","@id":"https:\/\/stuttgarti-katolikusok.de\/index.php\/roob-katalin-ures-templomban-megsem-maganyosan\/#article","isPartOf":{"@id":"https:\/\/stuttgarti-katolikusok.de\/index.php\/roob-katalin-ures-templomban-megsem-maganyosan\/"},"author":{"name":"Tibor atya","@id":"https:\/\/stuttgarti-katolikusok.de\/#\/schema\/person\/75908d6f8fdc03a57889d27209df7795"},"headline":"Roob Katalin: \u00dcres templomban, m\u00e9gsem mag\u00e1nyosan","datePublished":"2020-05-05T05:23:49+00:00","mainEntityOfPage":{"@id":"https:\/\/stuttgarti-katolikusok.de\/index.php\/roob-katalin-ures-templomban-megsem-maganyosan\/"},"wordCount":323,"image":{"@id":"https:\/\/stuttgarti-katolikusok.de\/index.php\/roob-katalin-ures-templomban-megsem-maganyosan\/#primaryimage"},"thumbnailUrl":"https:\/\/stuttgarti-katolikusok.de\/wp-content\/uploads\/2020\/05\/roobkati.jpg","articleSection":["Olvas\u00f3ink \u00edrj\u00e1k"],"inLanguage":"hu"},{"@type":"WebPage","@id":"https:\/\/stuttgarti-katolikusok.de\/index.php\/roob-katalin-ures-templomban-megsem-maganyosan\/","url":"https:\/\/stuttgarti-katolikusok.de\/index.php\/roob-katalin-ures-templomban-megsem-maganyosan\/","name":"Roob Katalin: \u00dcres templomban, m\u00e9gsem mag\u00e1nyosan - Stuttgarti Katolikusok","isPartOf":{"@id":"https:\/\/stuttgarti-katolikusok.de\/#website"},"primaryImageOfPage":{"@id":"https:\/\/stuttgarti-katolikusok.de\/index.php\/roob-katalin-ures-templomban-megsem-maganyosan\/#primaryimage"},"image":{"@id":"https:\/\/stuttgarti-katolikusok.de\/index.php\/roob-katalin-ures-templomban-megsem-maganyosan\/#primaryimage"},"thumbnailUrl":"https:\/\/stuttgarti-katolikusok.de\/wp-content\/uploads\/2020\/05\/roobkati.jpg","datePublished":"2020-05-05T05:23:49+00:00","author":{"@id":"https:\/\/stuttgarti-katolikusok.de\/#\/schema\/person\/75908d6f8fdc03a57889d27209df7795"},"breadcrumb":{"@id":"https:\/\/stuttgarti-katolikusok.de\/index.php\/roob-katalin-ures-templomban-megsem-maganyosan\/#breadcrumb"},"inLanguage":"hu","potentialAction":[{"@type":"ReadAction","target":["https:\/\/stuttgarti-katolikusok.de\/index.php\/roob-katalin-ures-templomban-megsem-maganyosan\/"]}]},{"@type":"ImageObject","inLanguage":"hu","@id":"https:\/\/stuttgarti-katolikusok.de\/index.php\/roob-katalin-ures-templomban-megsem-maganyosan\/#primaryimage","url":"https:\/\/stuttgarti-katolikusok.de\/wp-content\/uploads\/2020\/05\/roobkati.jpg","contentUrl":"https:\/\/stuttgarti-katolikusok.de\/wp-content\/uploads\/2020\/05\/roobkati.jpg","width":1959,"height":2612},{"@type":"BreadcrumbList","@id":"https:\/\/stuttgarti-katolikusok.de\/index.php\/roob-katalin-ures-templomban-megsem-maganyosan\/#breadcrumb","itemListElement":[{"@type":"ListItem","position":1,"name":"Kezd\u0151lap","item":"https:\/\/stuttgarti-katolikusok.de\/"},{"@type":"ListItem","position":2,"name":"Roob Katalin: \u00dcres templomban, m\u00e9gsem mag\u00e1nyosan"}]},{"@type":"WebSite","@id":"https:\/\/stuttgarti-katolikusok.de\/#website","url":"https:\/\/stuttgarti-katolikusok.de\/","name":"Stuttgarti Katolikusok","description":"","potentialAction":[{"@type":"SearchAction","target":{"@type":"EntryPoint","urlTemplate":"https:\/\/stuttgarti-katolikusok.de\/?s={search_term_string}"},"query-input":{"@type":"PropertyValueSpecification","valueRequired":true,"valueName":"search_term_string"}}],"inLanguage":"hu"},{"@type":"Person","@id":"https:\/\/stuttgarti-katolikusok.de\/#\/schema\/person\/75908d6f8fdc03a57889d27209df7795","name":"Tibor atya","image":{"@type":"ImageObject","inLanguage":"hu","@id":"https:\/\/secure.gravatar.com\/avatar\/61d268e57d1f4525b111222e29d2d5a7f8c420fdbf231ba5566a8ceac74fa960?s=96&d=mm&r=g","url":"https:\/\/secure.gravatar.com\/avatar\/61d268e57d1f4525b111222e29d2d5a7f8c420fdbf231ba5566a8ceac74fa960?s=96&d=mm&r=g","contentUrl":"https:\/\/secure.gravatar.com\/avatar\/61d268e57d1f4525b111222e29d2d5a7f8c420fdbf231ba5566a8ceac74fa960?s=96&d=mm&r=g","caption":"Tibor atya"},"url":"https:\/\/stuttgarti-katolikusok.de\/index.php\/author\/tibor-atya\/"}]}},"_links":{"self":[{"href":"https:\/\/stuttgarti-katolikusok.de\/index.php\/wp-json\/wp\/v2\/posts\/19464","targetHints":{"allow":["GET"]}}],"collection":[{"href":"https:\/\/stuttgarti-katolikusok.de\/index.php\/wp-json\/wp\/v2\/posts"}],"about":[{"href":"https:\/\/stuttgarti-katolikusok.de\/index.php\/wp-json\/wp\/v2\/types\/post"}],"author":[{"embeddable":true,"href":"https:\/\/stuttgarti-katolikusok.de\/index.php\/wp-json\/wp\/v2\/users\/3"}],"replies":[{"embeddable":true,"href":"https:\/\/stuttgarti-katolikusok.de\/index.php\/wp-json\/wp\/v2\/comments?post=19464"}],"version-history":[{"count":1,"href":"https:\/\/stuttgarti-katolikusok.de\/index.php\/wp-json\/wp\/v2\/posts\/19464\/revisions"}],"predecessor-version":[{"id":19466,"href":"https:\/\/stuttgarti-katolikusok.de\/index.php\/wp-json\/wp\/v2\/posts\/19464\/revisions\/19466"}],"wp:featuredmedia":[{"embeddable":true,"href":"https:\/\/stuttgarti-katolikusok.de\/index.php\/wp-json\/wp\/v2\/media\/19465"}],"wp:attachment":[{"href":"https:\/\/stuttgarti-katolikusok.de\/index.php\/wp-json\/wp\/v2\/media?parent=19464"}],"wp:term":[{"taxonomy":"category","embeddable":true,"href":"https:\/\/stuttgarti-katolikusok.de\/index.php\/wp-json\/wp\/v2\/categories?post=19464"},{"taxonomy":"post_tag","embeddable":true,"href":"https:\/\/stuttgarti-katolikusok.de\/index.php\/wp-json\/wp\/v2\/tags?post=19464"}],"curies":[{"name":"wp","href":"https:\/\/api.w.org\/{rel}","templated":true}]}}