{"id":19451,"date":"2020-05-02T08:10:08","date_gmt":"2020-05-02T08:10:08","guid":{"rendered":"https:\/\/gracious-dewdney.138-201-221-2.plesk.page\/?p=19451"},"modified":"2020-05-03T05:05:06","modified_gmt":"2020-05-03T05:05:06","slug":"majus-9-e-utan-ujra-unnepelhetunk-kozossegi-szentmiseket","status":"publish","type":"post","link":"https:\/\/stuttgarti-katolikusok.de\/index.php\/majus-9-e-utan-ujra-unnepelhetunk-kozossegi-szentmiseket\/","title":{"rendered":"M\u00e1jus 9-e ut\u00e1n \u00fajra \u00fcnnepelhet\u00fcnk k\u00f6z\u00f6ss\u00e9gi szentmis\u00e9ket"},"content":{"rendered":"<p><strong>\u00a0<\/strong><em>+! Kedves H\u00edveink, m<\/em><em>egjelentek azok az \u00faj p\u00fcsp\u00f6ki rendelkez\u00e9sek, amelyek a szentmis\u00e9vel \u00e9s a szent\u00e1ldoz\u00e1ssal kapcsolatosak, \u00e9s amelyeket m\u00e1r oly r\u00e9g\u00f3ta v\u00e1rtunk. <\/em><\/p>\n<p><em>\u00d6rvend\u00fcnk, mert m\u00e1jus 9-e ut\u00e1n ism\u00e9t nyilv\u00e1nos \u00e9s k\u00f6z\u00f6s szentmis\u00e9ket \u00fcnnepelhet\u00fcnk. Hogy milyen k\u00f6r\u00fclm\u00e9nyek k\u00f6z\u00f6tt, azt olvass\u00e1tok ki a p\u00fcsp\u00f6ki lev\u00e9lb\u0151l!<\/em><\/p>\n<p><em>Lelkip\u00e1sztori szeretettel,<\/em><\/p>\n<p><em>Imre atya<\/em><em>\u00a0<\/em><\/p>\n<p><em>Stuttgart, 2020-05-02.<\/em><strong>\u00a0<\/strong><\/p>\n<p>&nbsp;<\/p>\n<p><strong>A) Az eucharisztikus \u00fcnnepek \u00e9s egy\u00e9b istentiszteletek \u00fcnnepl\u00e9s\u00e9nek \u00e1ltal\u00e1nos szab\u00e1lyai<\/strong><strong>\u00a0<\/strong><\/p>\n<p>1. 2020. m\u00e1jus 9-t\u0151l a templomokban \u00e9s k\u00e1poln\u00e1kban, vas\u00e1rnap \u00e9s h\u00e9tk\u00f6znap \u00fajra lehet \u00fcnnepelni szentmis\u00e9ket \u00e9s egy\u00e9b istentiszteleteket.<\/p>\n<p>2. Minden istentiszteleten csak korl\u00e1tozott sz\u00e1m\u00fa h\u00edv\u0151 vehet r\u00e9szt. Ez a sz\u00e1m a templom m\u00e9ret\u00e9t\u0151l f\u00fcgg. A r\u00e9sztvev\u0151k k\u00f6z\u00f6tt minden ir\u00e1nyban (bal, jobb, el\u0151l, h\u00e1tul) legal\u00e1bb 2 m\u00e9ter t\u00e1vols\u00e1got kell tartani. Ezt \u00fagy lehet megoldani, ha csak minden m\u00e1sodik vagy harmadik padsorban foglalnak helyet a h\u00edv\u0151k. Az egy csal\u00e1dban \u00e9l\u0151ket nem kell sz\u00e9tv\u00e1lasztani. Az \u00fcl\u0151helyet meg kell jel\u00f6lni. Minden r\u00e9sztvev\u0151nek \u00fclnie kell. \u00c1ll\u00f3 hely az istentisztelet alatt nem lehets\u00e9ges. Tov\u00e1bbi \u00fcl\u0151helyek sem enged\u00e9lyezettek.<\/p>\n<p>3. A templomok \u00e9s az istentiszteletek sz\u00e1m\u00e1nak megv\u00e1laszt\u00e1sakor k\u00e9rj\u00fck a lelkip\u00e1sztorokat, tegy\u00e9k lehet\u0151v\u00e9, hogy azok k\u00f6z\u00fcl, akik szeretn\u00e9nek, min\u00e9l t\u00f6bben vehessenek r\u00e9szt a szentmis\u00e9ken.<\/p>\n<p>4. A helyi adotts\u00e1gokt\u00f3l f\u00fcgg\u0151en a pl\u00e9b\u00e1ni\u00e1k \u00e9s a lelkip\u00e1sztori egys\u00e9gek eld\u00f6nthetik, hogy mely helyeken \u00e9s h\u00e1ny istentiszteletet (szentmise, igeistentisztelet) szabad \u00fcnnepelni.<\/p>\n<p>5. H\u00e9tk\u00f6znapokon el\u0151 kell mozd\u00edtani a k\u00fcl\u00f6nf\u00e9le istentiszteleti form\u00e1knak a sokf\u00e9les\u00e9g\u00e9t (p\u00e9ld\u00e1ul r\u00f3zsaf\u00fcz\u00e9r, \u00e1jtatoss\u00e1gok, szents\u00e9gim\u00e1d\u00e1s). Ezeken az istentiszteleteken nem szabad szent\u00e1ldoz\u00e1shoz j\u00e1rulni.<\/p>\n<p>6. A templomba val\u00f3 bel\u00e9p\u00e9skor \u00e9s az onnan val\u00f3 t\u00e1voz\u00e1skor a h\u00edveknek 2 m\u00e9ter t\u00e1vols\u00e1got kell tartaniuk egym\u00e1st\u00f3l. Ahol lehets\u00e9ges, a bej\u00e1ratnak \u00e9s a kij\u00e1ratnak k\u00fcl\u00f6n kell lenni\u00fck. El kell ker\u00fclni a bej\u00e1ratn\u00e1l \u00e9s kij\u00e1ratn\u00e1l val\u00f3 gy\u00fclekez\u00e9st. Hasznos lenne az ide v\u00e1g\u00f3 inform\u00e1ci\u00f3knak plak\u00e1tokon val\u00f3 kif\u00fcggeszt\u00e9se a bej\u00e1ratn\u00e1l.<\/p>\n<p>7. A templomokban a bej\u00e1ratn\u00e1l megfelel\u0151 mennyis\u00e9g\u0171 k\u00e9zfert\u0151tlen\u00edt\u0151t kell kitenni. A higi\u00e9niai el\u0151\u00edr\u00e1sokat be kell tartani.<\/p>\n<p>8. Az \u00f6sszes fel\u00fcletet \u00e9s t\u00e1rgyat, amelyeket t\u00f6bb ember \u00e9rinthet, minden haszn\u00e1lat el\u0151tt \u00e9s ut\u00e1n fert\u0151tlen\u00edteni kell.<\/p>\n<p>9. A k\u00f6z\u00f6ss\u00e9gi \u00e9nekl\u00e9st\u0151l el kell tekinteni, mivel egy nagyobb csoport egy\u00fctt\u00e9nekl\u00e9se nagyobb kock\u00e1zatot jelent a fert\u0151z\u00e9s sz\u00e1m\u00e1ra. Ez\u00e9rt, ha lehets\u00e9ges, az \u00f6sszes istentiszteleteken \u00a0k\u00e1ntorokat kell alkalmazni, akik az egyh\u00e1zk\u00f6zs\u00e9g nev\u00e9ben \u00e9neklik az \u00e9nekeket. Term\u00e9szetesen erre a szolg\u00e1latra az erre a c\u00e9lra k\u00e9pes n\u0151k \u00e9s f\u00e9rfiak is alkalmazhat\u00f3k. Javasoljuk, hogy a lelkip\u00e1sztorok t\u00e1vol\u00edts\u00e1k el az \u00e9nekesk\u00f6nyveket a templomb\u00f3l, k\u00fcl\u00f6nben ezeket rendszeresen fert\u0151tlen\u00edteni kellene.<\/p>\n<p>10. Minden im\u00e1dkoz\u00f3nak aj\u00e1nlott a sz\u00e1j- \u00e9s orrv\u00e9d\u0151 viselnie.<\/p>\n<p>11. Istentiszteleteket csak akkor szabad meg\u00fcnnepelni, ha legal\u00e1bb k\u00e9t gondnok ellen\u0151rzi az bel\u00e9p\u0151ket \u00e9s a szab\u00e1lyok betart\u00e1s\u00e1t. Term\u00e9szetesen nekik is sz\u00e1j- \u00e9s orrv\u00e9d\u0151t kell viselni\u00fck.<\/p>\n<p>12. Minden istentiszteleti helyre ki kell jel\u00f6lni egy szem\u00e9lyt, aki felel az el\u0151\u00edr\u00e1sok betart\u00e1s\u00e1\u00e9rt.<\/p>\n<p>14. Az istentiszteletekhez (szentmis\u00e9khez) el\u0151zetes jelentkez\u00e9s \u00e9s \u00f6ssze\u00edr\u00e1s sz\u00fcks\u00e9ges.<\/p>\n<p>16. Ha el\u0151re l\u00e1that\u00f3, hogy a rendelkez\u00e9sre \u00e1ll\u00f3 helyek nem elegend\u0151ek, m\u00e9rlegelni kell, hogy nem lehet-e tov\u00e1bbi szentmis\u00e9t vagy igeistentiszteletet \u00fcnnepelni.<\/p>\n<p>17. Lehet\u0151s\u00e9g van a szabadt\u00e9ri istentiszteletekre (ide\u00e9rtve a k\u00f6rmeneteket is) is. A r\u00e9sztvev\u0151k maxim\u00e1lis sz\u00e1ma 100 f\u0151. A 2 m\u00e9teres t\u00e1vols\u00e1g betart\u00e1sa itt is k\u00f6telez\u0151. Az \u00fcl\u0151helyeket megfelel\u0151 megjel\u00f6l\u00e9ssel kell ell\u00e1tni. Az istentiszteletek ut\u00e1ni tal\u00e1lkoz\u00f3k (\u00e1g\u00e1p\u00e9) \u00e9s \u00fcnnep\u00e9lyek nem lehets\u00e9gesek.<\/p>\n<p>18. A szenteltv\u00edztart\u00f3k tov\u00e1bbra is \u00fcresek maradnak.<\/p>\n<p>19. A vas\u00e1rnapi szentmis\u00e9n val\u00f3 r\u00e9szv\u00e9tel k\u00f6telezetts\u00e9ge tov\u00e1bbra is fel van f\u00fcggesztve.<\/p>\n<p><strong>B) A szentmis\u00e9vel kapcsolatos rendeletek<\/strong><\/p>\n<p>1. A nyugd\u00edjas papokat \u00e9s diakonusokat k\u00e9rj\u00fck, hogy ford\u00edtsanak k\u00fcl\u00f6n\u00f6s figyelmet eg\u00e9szs\u00e9g\u00fckre \u00e9s saj\u00e1t v\u00e9delm\u00fckre. Ha jelen k\u00f6r\u00fclm\u00e9nyek k\u00f6z\u00f6tt el akarj\u00e1k ker\u00fclni az emberekkel val\u00f3 \u00e9rintkez\u00e9st szolg\u00e1latuk idej\u00e9n, akkor tegy\u00e9k. Ha azonban tov\u00e1bbra is folytatni k\u00edv\u00e1nj\u00e1k szolg\u00e1latukat, akkor ezt saj\u00e1t felel\u0151ss\u00e9g\u00fckre tehetik.<\/p>\n<p>2. Koncelebr\u00e1ci\u00f3 a papok sz\u00e1m\u00e1ra tov\u00e1bbra is nem megengedett. A diakonusok a t\u00e1vols\u00e1gszab\u00e1lyok betart\u00e1s\u00e1val r\u00e9szt vehetnek a szentmis\u00e9ken.<\/p>\n<p>3. Istentiszteleteken \u00e9s szentmis\u00e9ken a felolvas\u00f3k, k\u00e1ntorok \u00e9s orgonist\u00e1k mellett csak annyi ministr\u00e1ns vehet r\u00e9szt, hogy a szolg\u00e1lat el\u0151tt \u00e9s alatt minden helyzetben garant\u00e1lt legyen a 2 m\u00e9teres t\u00e1vols\u00e1g betart\u00e1sa. \u00c1ltal\u00e1nos szab\u00e1ly, hogy nem lehetnek t\u00f6bben, mint ketten.<\/p>\n<p>4. A perselyez\u00e9shez haszn\u00e1lt kosarakat nem szabad k\u00f6rbe adni, hanem a kij\u00e1ratn\u00e1l kell elhelyezni.<\/p>\n<p>5. A sekresty\u00e9snek gondosan meg kell tiszt\u00edtani az egyh\u00e1zi felszerel\u00e9seket. Ehhez azonban nem szabad olyan fert\u0151tlen\u00edt\u0151szereket vagy tiszt\u00edt\u00f3szereket haszn\u00e1lnia, amelyek a liturgikus eszk\u00f6z\u00f6ket megk\u00e1ros\u00edthatj\u00e1k. Az \u00e1ldoztat\u00f3 ed\u00e9nyeket osty\u00e1val sz\u00fcks\u00e9g eset\u00e9n eldobhat\u00f3 keszty\u0171vel szabad csak felt\u00f6lteni.<\/p>\n<p>6. A sekresty\u00e9ben elegend\u0151 k\u00e9zfert\u0151tlen\u00edt\u0151szernek kell lenni.<\/p>\n<p>8. A b\u00e9ke-liturgi\u00e1n\u00e1l mell\u0151zni kell tov\u00e1bbra is a k\u00e9zfog\u00e1st.<\/p>\n<p><strong>C) Rendelkez\u00e9sek a szent\u00e1ldoz\u00e1s kioszt\u00e1s\u00e1val kapcsolatban<\/strong><\/p>\n<p>1. A szent\u00e1ldoz\u00e1s kioszt\u00e1sa \u200b\u200bk\u00fcl\u00f6nleges \u00e9rz\u00e9kenys\u00e9get ig\u00e9nyel a higi\u00e9niai szempontok tekintet\u00e9ben. A lelkip\u00e1sztoroknak utalni kell a lelki\u00e1ldoz\u00e1sra, azaz arra, hogy az Eucharisztia \u00fcnnep\u00e9n nem mindig tudjuk \u00e9rz\u00e9kileg is magunkhoz venni az \u00dar test\u00e9t \u00e9s v\u00e9r\u00e9t.<\/p>\n<p>4. A pap, esetleg a diak\u00f3nus \u00e9s a vil\u00e1gi \u00e1ldoztat\u00f3k fert\u0151tlen\u00edts\u00e9k a kez\u00fcket, miel\u0151tt kiosztan\u00e1k a szents\u00e9get.<\/p>\n<p>6. Az \u00e1ldoztat\u00e1st a megk\u00f6vetelt 2 m\u00e9teres t\u00e1vols\u00e1g betart\u00e1s\u00e1val kell kiosztani.<\/p>\n<p>7. Nincs k\u00e9t sz\u00edn alatt val\u00f3 \u00e1ldoztat\u00e1s.<\/p>\n<p>8. A szent\u00e1ldoz\u00e1st kioszt\u00f3k sz\u00e1j- illetve orrv\u00e9d\u0151t kell, hogy viseljenek.<\/p>\n<p>10. A szent\u00e1ldoz\u00e1shoz j\u00e1rul\u00f3k hely\u00e9t ragaszt\u00f3szalaggal meg lehet jel\u00f6lni a padl\u00f3n.<\/p>\n<p>11. Az \u00e1ldoztat\u00f3 nem \u00e9rintheti az \u00e1ldoz\u00f3 kez\u00e9t.<\/p>\n<p>14. Azokat a gyermekeket, akik az \u00e1ldoz\u00f3k sor\u00e1ba l\u00e9pnek, de nem \u00e1ldoznak, a lelkip\u00e1sztornak an\u00e9lk\u00fcl kell meg\u00e1ldania, hogy meg\u00e9rinten\u00e9 \u0151ket.<\/p>\n<p>15. Ezekre a rendeletekre minden szentmis\u00e9ben, a szent\u00e1ldoz\u00e1s el\u0151tt r\u00e1 kell mutatni.<\/p>\n<p><strong>D) A szents\u00e9gek \u00e9s m\u00e1s k\u00fcl\u00f6nleges szolg\u00e1latok \u00fcnnepl\u00e9s\u00e9nek szab\u00e1lyai<\/strong><\/p>\n<p>1. Keresztel\u0151ket tov\u00e1bbi \u00e9rtes\u00edt\u00e9sig egy\u00e9nileg \u00e9s kis k\u00f6rben szabad tartani.<\/p>\n<p>2. Az elhalasztott els\u0151\u00e1ldoz\u00e1sokkal \u00e9s b\u00e9rm\u00e1lkoz\u00e1sokkal kapcsolatban a k\u00f6vetkez\u0151 napokban egy k\u00fcl\u00f6n lev\u00e9llel fogunk \u00a0rendelkezni.<\/p>\n<p>3. A szentgy\u00f3n\u00e1sra \u00e9s a betegek szents\u00e9g\u00e9re vonatkoz\u00f3 2020. \u00e1prilis 20-i megszor\u00edt\u00f3 rendeletek tov\u00e1bbra is \u00e9rv\u00e9nyben maradnak.<\/p>\n<p>4. A templomi esk\u00fcv\u0151ket \u00fcnnepi karakter\u00fck \u00e9s az \u00fcnnepl\u0151k sokas\u00e1ga miatt tov\u00e1bbra is tan\u00e1csosabb elhalasztani.<\/p>\n<p>5. A temetkez\u00e9seken ezent\u00fal 50 r\u00e9sztvev\u0151 vehet r\u00e9szt.<\/p>\n<p>6. A gy\u00e1szistentiszteleteket ugyanolyan k\u00f6r\u00fclm\u00e9nyek k\u00f6z\u00f6tt lehet meg\u00fcnnepelni, mint m\u00e1s istentiszteleteket.<\/p>\n<p>+ Dr. Gebhard F\u00fcrst p\u00fcsp\u00f6k<\/p>\n<p>&nbsp;<\/p>\n","protected":false},"excerpt":{"rendered":"<p>\u00a0+! Kedves H\u00edveink, megjelentek azok az \u00faj p\u00fcsp\u00f6ki rendelkez\u00e9sek, amelyek a szentmis\u00e9vel \u00e9s a szent\u00e1ldoz\u00e1ssal kapcsolatosak, \u00e9s amelyeket m\u00e1r oly r\u00e9g\u00f3ta v\u00e1rtunk. \u00d6rvend\u00fcnk, mert m\u00e1jus 9-e ut\u00e1n ism\u00e9t nyilv\u00e1nos \u00e9s k\u00f6z\u00f6s szentmis\u00e9ket \u00fcnnepelhet\u00fcnk. Hogy milyen k\u00f6r\u00fclm\u00e9nyek k\u00f6z\u00f6tt, azt olvass\u00e1tok ki a p\u00fcsp\u00f6ki lev\u00e9lb\u0151l! Lelkip\u00e1sztori szeretettel, Imre atya\u00a0 Stuttgart, 2020-05-02.\u00a0 &nbsp; A) Az eucharisztikus \u00fcnnepek \u00e9s egy\u00e9b istentiszteletek \u00fcnnepl\u00e9s\u00e9nek \u00e1ltal\u00e1nos szab\u00e1lyai\u00a0 1. 2020. m\u00e1jus 9-t\u0151l a templomokban \u00e9s k\u00e1poln\u00e1kban, vas\u00e1rnap \u00e9s h\u00e9tk\u00f6znap \u00fajra lehet \u00fcnnepelni szentmis\u00e9ket \u00e9s egy\u00e9b istentiszteleteket. 2. Minden istentiszteleten csak korl\u00e1tozott sz\u00e1m\u00fa h\u00edv\u0151 vehet r\u00e9szt. Ez a sz\u00e1m a templom m\u00e9ret\u00e9t\u0151l f\u00fcgg. A r\u00e9sztvev\u0151k k\u00f6z\u00f6tt minden ir\u00e1nyban (bal, jobb, el\u0151l, h\u00e1tul) legal\u00e1bb 2 m\u00e9ter t\u00e1vols\u00e1got kell tartani. Ezt \u00fagy lehet megoldani, ha csak minden m\u00e1sodik vagy harmadik padsorban foglalnak helyet a h\u00edv\u0151k. Az egy csal\u00e1dban \u00e9l\u0151ket nem kell sz\u00e9tv\u00e1lasztani. Az \u00fcl\u0151helyet meg kell jel\u00f6lni. Minden r\u00e9sztvev\u0151nek \u00fclnie kell. \u00c1ll\u00f3 hely az istentisztelet alatt nem lehets\u00e9ges. Tov\u00e1bbi \u00fcl\u0151helyek sem enged\u00e9lyezettek. 3. A templomok \u00e9s az istentiszteletek sz\u00e1m\u00e1nak megv\u00e1laszt\u00e1sakor k\u00e9rj\u00fck a lelkip\u00e1sztorokat, tegy\u00e9k lehet\u0151v\u00e9, hogy azok k\u00f6z\u00fcl, akik szeretn\u00e9nek, min\u00e9l t\u00f6bben vehessenek r\u00e9szt a szentmis\u00e9ken. 4. A helyi adotts\u00e1gokt\u00f3l f\u00fcgg\u0151en a pl\u00e9b\u00e1ni\u00e1k \u00e9s a lelkip\u00e1sztori egys\u00e9gek eld\u00f6nthetik, hogy mely helyeken \u00e9s h\u00e1ny istentiszteletet (szentmise, igeistentisztelet) szabad \u00fcnnepelni. 5. H\u00e9tk\u00f6znapokon el\u0151 kell mozd\u00edtani a k\u00fcl\u00f6nf\u00e9le istentiszteleti form\u00e1knak a sokf\u00e9les\u00e9g\u00e9t (p\u00e9ld\u00e1ul r\u00f3zsaf\u00fcz\u00e9r, \u00e1jtatoss\u00e1gok, szents\u00e9gim\u00e1d\u00e1s). Ezeken az istentiszteleteken nem szabad szent\u00e1ldoz\u00e1shoz j\u00e1rulni. 6. A templomba val\u00f3 bel\u00e9p\u00e9skor \u00e9s az onnan val\u00f3 t\u00e1voz\u00e1skor a h\u00edveknek 2 m\u00e9ter t\u00e1vols\u00e1got kell tartaniuk egym\u00e1st\u00f3l. Ahol lehets\u00e9ges, a bej\u00e1ratnak \u00e9s a kij\u00e1ratnak k\u00fcl\u00f6n kell lenni\u00fck. El kell ker\u00fclni a bej\u00e1ratn\u00e1l \u00e9s kij\u00e1ratn\u00e1l val\u00f3 gy\u00fclekez\u00e9st. Hasznos lenne az ide v\u00e1g\u00f3 inform\u00e1ci\u00f3knak plak\u00e1tokon val\u00f3 kif\u00fcggeszt\u00e9se a bej\u00e1ratn\u00e1l. 7. A templomokban a bej\u00e1ratn\u00e1l megfelel\u0151 mennyis\u00e9g\u0171 k\u00e9zfert\u0151tlen\u00edt\u0151t kell kitenni. A higi\u00e9niai el\u0151\u00edr\u00e1sokat be kell tartani. 8. Az \u00f6sszes fel\u00fcletet \u00e9s t\u00e1rgyat, amelyeket t\u00f6bb ember \u00e9rinthet, minden haszn\u00e1lat el\u0151tt \u00e9s ut\u00e1n fert\u0151tlen\u00edteni kell&#8230;. <\/p>\n<p><a class=\"readmore\" href=\"https:\/\/stuttgarti-katolikusok.de\/index.php\/majus-9-e-utan-ujra-unnepelhetunk-kozossegi-szentmiseket\/\">R\u00e9szletek<\/a><\/p>\n","protected":false},"author":3,"featured_media":19452,"comment_status":"closed","ping_status":"closed","sticky":false,"template":"","format":"standard","meta":{"footnotes":""},"categories":[37],"tags":[],"class_list":["post-19451","post","type-post","status-publish","format-standard","has-post-thumbnail","hentry","category-progamelozetes"],"yoast_head":"<!-- This site is optimized with the Yoast SEO plugin v27.3 - https:\/\/yoast.com\/product\/yoast-seo-wordpress\/ -->\n<title>M\u00e1jus 9-e ut\u00e1n \u00fajra \u00fcnnepelhet\u00fcnk k\u00f6z\u00f6ss\u00e9gi szentmis\u00e9ket - Stuttgarti Katolikusok<\/title>\n<meta name=\"robots\" content=\"index, follow, max-snippet:-1, max-image-preview:large, max-video-preview:-1\" \/>\n<link rel=\"canonical\" href=\"https:\/\/stuttgarti-katolikusok.de\/index.php\/majus-9-e-utan-ujra-unnepelhetunk-kozossegi-szentmiseket\/\" \/>\n<meta property=\"og:locale\" content=\"hu_HU\" \/>\n<meta property=\"og:type\" content=\"article\" \/>\n<meta property=\"og:title\" content=\"M\u00e1jus 9-e ut\u00e1n \u00fajra \u00fcnnepelhet\u00fcnk k\u00f6z\u00f6ss\u00e9gi szentmis\u00e9ket - Stuttgarti Katolikusok\" \/>\n<meta property=\"og:description\" content=\"\u00a0+! Kedves H\u00edveink, megjelentek azok az \u00faj p\u00fcsp\u00f6ki rendelkez\u00e9sek, amelyek a szentmis\u00e9vel \u00e9s a szent\u00e1ldoz\u00e1ssal kapcsolatosak, \u00e9s amelyeket m\u00e1r oly r\u00e9g\u00f3ta v\u00e1rtunk. \u00d6rvend\u00fcnk, mert m\u00e1jus 9-e ut\u00e1n ism\u00e9t nyilv\u00e1nos \u00e9s k\u00f6z\u00f6s szentmis\u00e9ket \u00fcnnepelhet\u00fcnk. Hogy milyen k\u00f6r\u00fclm\u00e9nyek k\u00f6z\u00f6tt, azt olvass\u00e1tok ki a p\u00fcsp\u00f6ki lev\u00e9lb\u0151l! Lelkip\u00e1sztori szeretettel, Imre atya\u00a0 Stuttgart, 2020-05-02.\u00a0 &nbsp; A) Az eucharisztikus \u00fcnnepek \u00e9s egy\u00e9b istentiszteletek \u00fcnnepl\u00e9s\u00e9nek \u00e1ltal\u00e1nos szab\u00e1lyai\u00a0 1. 2020. m\u00e1jus 9-t\u0151l a templomokban \u00e9s k\u00e1poln\u00e1kban, vas\u00e1rnap \u00e9s h\u00e9tk\u00f6znap \u00fajra lehet \u00fcnnepelni szentmis\u00e9ket \u00e9s egy\u00e9b istentiszteleteket. 2. Minden istentiszteleten csak korl\u00e1tozott sz\u00e1m\u00fa h\u00edv\u0151 vehet r\u00e9szt. Ez a sz\u00e1m a templom m\u00e9ret\u00e9t\u0151l f\u00fcgg. A r\u00e9sztvev\u0151k k\u00f6z\u00f6tt minden ir\u00e1nyban (bal, jobb, el\u0151l, h\u00e1tul) legal\u00e1bb 2 m\u00e9ter t\u00e1vols\u00e1got kell tartani. Ezt \u00fagy lehet megoldani, ha csak minden m\u00e1sodik vagy harmadik padsorban foglalnak helyet a h\u00edv\u0151k. Az egy csal\u00e1dban \u00e9l\u0151ket nem kell sz\u00e9tv\u00e1lasztani. Az \u00fcl\u0151helyet meg kell jel\u00f6lni. Minden r\u00e9sztvev\u0151nek \u00fclnie kell. \u00c1ll\u00f3 hely az istentisztelet alatt nem lehets\u00e9ges. Tov\u00e1bbi \u00fcl\u0151helyek sem enged\u00e9lyezettek. 3. A templomok \u00e9s az istentiszteletek sz\u00e1m\u00e1nak megv\u00e1laszt\u00e1sakor k\u00e9rj\u00fck a lelkip\u00e1sztorokat, tegy\u00e9k lehet\u0151v\u00e9, hogy azok k\u00f6z\u00fcl, akik szeretn\u00e9nek, min\u00e9l t\u00f6bben vehessenek r\u00e9szt a szentmis\u00e9ken. 4. A helyi adotts\u00e1gokt\u00f3l f\u00fcgg\u0151en a pl\u00e9b\u00e1ni\u00e1k \u00e9s a lelkip\u00e1sztori egys\u00e9gek eld\u00f6nthetik, hogy mely helyeken \u00e9s h\u00e1ny istentiszteletet (szentmise, igeistentisztelet) szabad \u00fcnnepelni. 5. H\u00e9tk\u00f6znapokon el\u0151 kell mozd\u00edtani a k\u00fcl\u00f6nf\u00e9le istentiszteleti form\u00e1knak a sokf\u00e9les\u00e9g\u00e9t (p\u00e9ld\u00e1ul r\u00f3zsaf\u00fcz\u00e9r, \u00e1jtatoss\u00e1gok, szents\u00e9gim\u00e1d\u00e1s). Ezeken az istentiszteleteken nem szabad szent\u00e1ldoz\u00e1shoz j\u00e1rulni. 6. A templomba val\u00f3 bel\u00e9p\u00e9skor \u00e9s az onnan val\u00f3 t\u00e1voz\u00e1skor a h\u00edveknek 2 m\u00e9ter t\u00e1vols\u00e1got kell tartaniuk egym\u00e1st\u00f3l. Ahol lehets\u00e9ges, a bej\u00e1ratnak \u00e9s a kij\u00e1ratnak k\u00fcl\u00f6n kell lenni\u00fck. El kell ker\u00fclni a bej\u00e1ratn\u00e1l \u00e9s kij\u00e1ratn\u00e1l val\u00f3 gy\u00fclekez\u00e9st. Hasznos lenne az ide v\u00e1g\u00f3 inform\u00e1ci\u00f3knak plak\u00e1tokon val\u00f3 kif\u00fcggeszt\u00e9se a bej\u00e1ratn\u00e1l. 7. A templomokban a bej\u00e1ratn\u00e1l megfelel\u0151 mennyis\u00e9g\u0171 k\u00e9zfert\u0151tlen\u00edt\u0151t kell kitenni. A higi\u00e9niai el\u0151\u00edr\u00e1sokat be kell tartani. 8. Az \u00f6sszes fel\u00fcletet \u00e9s t\u00e1rgyat, amelyeket t\u00f6bb ember \u00e9rinthet, minden haszn\u00e1lat el\u0151tt \u00e9s ut\u00e1n fert\u0151tlen\u00edteni kell.... R\u00e9szletek\" \/>\n<meta property=\"og:url\" content=\"https:\/\/stuttgarti-katolikusok.de\/index.php\/majus-9-e-utan-ujra-unnepelhetunk-kozossegi-szentmiseket\/\" \/>\n<meta property=\"og:site_name\" content=\"Stuttgarti Katolikusok\" \/>\n<meta property=\"article:published_time\" content=\"2020-05-02T08:10:08+00:00\" \/>\n<meta property=\"article:modified_time\" content=\"2020-05-03T05:05:06+00:00\" \/>\n<meta property=\"og:image\" content=\"https:\/\/stuttgarti-katolikusok.de\/wp-content\/uploads\/2020\/05\/furst2.jpg\" \/>\n\t<meta property=\"og:image:width\" content=\"1280\" \/>\n\t<meta property=\"og:image:height\" content=\"720\" \/>\n\t<meta property=\"og:image:type\" content=\"image\/jpeg\" \/>\n<meta name=\"author\" content=\"Tibor atya\" \/>\n<meta name=\"twitter:card\" content=\"summary_large_image\" \/>\n<meta name=\"twitter:label1\" content=\"Szerz\u0151:\" \/>\n\t<meta name=\"twitter:data1\" content=\"Tibor atya\" \/>\n\t<meta name=\"twitter:label2\" content=\"Becs\u00fclt olvas\u00e1si id\u0151\" \/>\n\t<meta name=\"twitter:data2\" content=\"7 perc\" \/>\n<script type=\"application\/ld+json\" class=\"yoast-schema-graph\">{\"@context\":\"https:\\\/\\\/schema.org\",\"@graph\":[{\"@type\":\"Article\",\"@id\":\"https:\\\/\\\/stuttgarti-katolikusok.de\\\/index.php\\\/majus-9-e-utan-ujra-unnepelhetunk-kozossegi-szentmiseket\\\/#article\",\"isPartOf\":{\"@id\":\"https:\\\/\\\/stuttgarti-katolikusok.de\\\/index.php\\\/majus-9-e-utan-ujra-unnepelhetunk-kozossegi-szentmiseket\\\/\"},\"author\":{\"name\":\"Tibor atya\",\"@id\":\"https:\\\/\\\/stuttgarti-katolikusok.de\\\/#\\\/schema\\\/person\\\/75908d6f8fdc03a57889d27209df7795\"},\"headline\":\"M\u00e1jus 9-e ut\u00e1n \u00fajra \u00fcnnepelhet\u00fcnk k\u00f6z\u00f6ss\u00e9gi szentmis\u00e9ket\",\"datePublished\":\"2020-05-02T08:10:08+00:00\",\"dateModified\":\"2020-05-03T05:05:06+00:00\",\"mainEntityOfPage\":{\"@id\":\"https:\\\/\\\/stuttgarti-katolikusok.de\\\/index.php\\\/majus-9-e-utan-ujra-unnepelhetunk-kozossegi-szentmiseket\\\/\"},\"wordCount\":1373,\"image\":{\"@id\":\"https:\\\/\\\/stuttgarti-katolikusok.de\\\/index.php\\\/majus-9-e-utan-ujra-unnepelhetunk-kozossegi-szentmiseket\\\/#primaryimage\"},\"thumbnailUrl\":\"https:\\\/\\\/stuttgarti-katolikusok.de\\\/wp-content\\\/uploads\\\/2020\\\/05\\\/furst2.jpg\",\"articleSection\":[\"Progamel\u0151zetes\"],\"inLanguage\":\"hu\"},{\"@type\":\"WebPage\",\"@id\":\"https:\\\/\\\/stuttgarti-katolikusok.de\\\/index.php\\\/majus-9-e-utan-ujra-unnepelhetunk-kozossegi-szentmiseket\\\/\",\"url\":\"https:\\\/\\\/stuttgarti-katolikusok.de\\\/index.php\\\/majus-9-e-utan-ujra-unnepelhetunk-kozossegi-szentmiseket\\\/\",\"name\":\"M\u00e1jus 9-e ut\u00e1n \u00fajra \u00fcnnepelhet\u00fcnk k\u00f6z\u00f6ss\u00e9gi szentmis\u00e9ket - Stuttgarti Katolikusok\",\"isPartOf\":{\"@id\":\"https:\\\/\\\/stuttgarti-katolikusok.de\\\/#website\"},\"primaryImageOfPage\":{\"@id\":\"https:\\\/\\\/stuttgarti-katolikusok.de\\\/index.php\\\/majus-9-e-utan-ujra-unnepelhetunk-kozossegi-szentmiseket\\\/#primaryimage\"},\"image\":{\"@id\":\"https:\\\/\\\/stuttgarti-katolikusok.de\\\/index.php\\\/majus-9-e-utan-ujra-unnepelhetunk-kozossegi-szentmiseket\\\/#primaryimage\"},\"thumbnailUrl\":\"https:\\\/\\\/stuttgarti-katolikusok.de\\\/wp-content\\\/uploads\\\/2020\\\/05\\\/furst2.jpg\",\"datePublished\":\"2020-05-02T08:10:08+00:00\",\"dateModified\":\"2020-05-03T05:05:06+00:00\",\"author\":{\"@id\":\"https:\\\/\\\/stuttgarti-katolikusok.de\\\/#\\\/schema\\\/person\\\/75908d6f8fdc03a57889d27209df7795\"},\"breadcrumb\":{\"@id\":\"https:\\\/\\\/stuttgarti-katolikusok.de\\\/index.php\\\/majus-9-e-utan-ujra-unnepelhetunk-kozossegi-szentmiseket\\\/#breadcrumb\"},\"inLanguage\":\"hu\",\"potentialAction\":[{\"@type\":\"ReadAction\",\"target\":[\"https:\\\/\\\/stuttgarti-katolikusok.de\\\/index.php\\\/majus-9-e-utan-ujra-unnepelhetunk-kozossegi-szentmiseket\\\/\"]}]},{\"@type\":\"ImageObject\",\"inLanguage\":\"hu\",\"@id\":\"https:\\\/\\\/stuttgarti-katolikusok.de\\\/index.php\\\/majus-9-e-utan-ujra-unnepelhetunk-kozossegi-szentmiseket\\\/#primaryimage\",\"url\":\"https:\\\/\\\/stuttgarti-katolikusok.de\\\/wp-content\\\/uploads\\\/2020\\\/05\\\/furst2.jpg\",\"contentUrl\":\"https:\\\/\\\/stuttgarti-katolikusok.de\\\/wp-content\\\/uploads\\\/2020\\\/05\\\/furst2.jpg\",\"width\":1280,\"height\":720},{\"@type\":\"BreadcrumbList\",\"@id\":\"https:\\\/\\\/stuttgarti-katolikusok.de\\\/index.php\\\/majus-9-e-utan-ujra-unnepelhetunk-kozossegi-szentmiseket\\\/#breadcrumb\",\"itemListElement\":[{\"@type\":\"ListItem\",\"position\":1,\"name\":\"Kezd\u0151lap\",\"item\":\"https:\\\/\\\/stuttgarti-katolikusok.de\\\/\"},{\"@type\":\"ListItem\",\"position\":2,\"name\":\"M\u00e1jus 9-e ut\u00e1n \u00fajra \u00fcnnepelhet\u00fcnk k\u00f6z\u00f6ss\u00e9gi szentmis\u00e9ket\"}]},{\"@type\":\"WebSite\",\"@id\":\"https:\\\/\\\/stuttgarti-katolikusok.de\\\/#website\",\"url\":\"https:\\\/\\\/stuttgarti-katolikusok.de\\\/\",\"name\":\"Stuttgarti Katolikusok\",\"description\":\"\",\"potentialAction\":[{\"@type\":\"SearchAction\",\"target\":{\"@type\":\"EntryPoint\",\"urlTemplate\":\"https:\\\/\\\/stuttgarti-katolikusok.de\\\/?s={search_term_string}\"},\"query-input\":{\"@type\":\"PropertyValueSpecification\",\"valueRequired\":true,\"valueName\":\"search_term_string\"}}],\"inLanguage\":\"hu\"},{\"@type\":\"Person\",\"@id\":\"https:\\\/\\\/stuttgarti-katolikusok.de\\\/#\\\/schema\\\/person\\\/75908d6f8fdc03a57889d27209df7795\",\"name\":\"Tibor atya\",\"image\":{\"@type\":\"ImageObject\",\"inLanguage\":\"hu\",\"@id\":\"https:\\\/\\\/secure.gravatar.com\\\/avatar\\\/61d268e57d1f4525b111222e29d2d5a7f8c420fdbf231ba5566a8ceac74fa960?s=96&d=mm&r=g\",\"url\":\"https:\\\/\\\/secure.gravatar.com\\\/avatar\\\/61d268e57d1f4525b111222e29d2d5a7f8c420fdbf231ba5566a8ceac74fa960?s=96&d=mm&r=g\",\"contentUrl\":\"https:\\\/\\\/secure.gravatar.com\\\/avatar\\\/61d268e57d1f4525b111222e29d2d5a7f8c420fdbf231ba5566a8ceac74fa960?s=96&d=mm&r=g\",\"caption\":\"Tibor atya\"},\"url\":\"https:\\\/\\\/stuttgarti-katolikusok.de\\\/index.php\\\/author\\\/tibor-atya\\\/\"}]}<\/script>\n<!-- \/ Yoast SEO plugin. -->","yoast_head_json":{"title":"M\u00e1jus 9-e ut\u00e1n \u00fajra \u00fcnnepelhet\u00fcnk k\u00f6z\u00f6ss\u00e9gi szentmis\u00e9ket - Stuttgarti Katolikusok","robots":{"index":"index","follow":"follow","max-snippet":"max-snippet:-1","max-image-preview":"max-image-preview:large","max-video-preview":"max-video-preview:-1"},"canonical":"https:\/\/stuttgarti-katolikusok.de\/index.php\/majus-9-e-utan-ujra-unnepelhetunk-kozossegi-szentmiseket\/","og_locale":"hu_HU","og_type":"article","og_title":"M\u00e1jus 9-e ut\u00e1n \u00fajra \u00fcnnepelhet\u00fcnk k\u00f6z\u00f6ss\u00e9gi szentmis\u00e9ket - Stuttgarti Katolikusok","og_description":"\u00a0+! Kedves H\u00edveink, megjelentek azok az \u00faj p\u00fcsp\u00f6ki rendelkez\u00e9sek, amelyek a szentmis\u00e9vel \u00e9s a szent\u00e1ldoz\u00e1ssal kapcsolatosak, \u00e9s amelyeket m\u00e1r oly r\u00e9g\u00f3ta v\u00e1rtunk. \u00d6rvend\u00fcnk, mert m\u00e1jus 9-e ut\u00e1n ism\u00e9t nyilv\u00e1nos \u00e9s k\u00f6z\u00f6s szentmis\u00e9ket \u00fcnnepelhet\u00fcnk. Hogy milyen k\u00f6r\u00fclm\u00e9nyek k\u00f6z\u00f6tt, azt olvass\u00e1tok ki a p\u00fcsp\u00f6ki lev\u00e9lb\u0151l! Lelkip\u00e1sztori szeretettel, Imre atya\u00a0 Stuttgart, 2020-05-02.\u00a0 &nbsp; A) Az eucharisztikus \u00fcnnepek \u00e9s egy\u00e9b istentiszteletek \u00fcnnepl\u00e9s\u00e9nek \u00e1ltal\u00e1nos szab\u00e1lyai\u00a0 1. 2020. m\u00e1jus 9-t\u0151l a templomokban \u00e9s k\u00e1poln\u00e1kban, vas\u00e1rnap \u00e9s h\u00e9tk\u00f6znap \u00fajra lehet \u00fcnnepelni szentmis\u00e9ket \u00e9s egy\u00e9b istentiszteleteket. 2. Minden istentiszteleten csak korl\u00e1tozott sz\u00e1m\u00fa h\u00edv\u0151 vehet r\u00e9szt. Ez a sz\u00e1m a templom m\u00e9ret\u00e9t\u0151l f\u00fcgg. A r\u00e9sztvev\u0151k k\u00f6z\u00f6tt minden ir\u00e1nyban (bal, jobb, el\u0151l, h\u00e1tul) legal\u00e1bb 2 m\u00e9ter t\u00e1vols\u00e1got kell tartani. Ezt \u00fagy lehet megoldani, ha csak minden m\u00e1sodik vagy harmadik padsorban foglalnak helyet a h\u00edv\u0151k. Az egy csal\u00e1dban \u00e9l\u0151ket nem kell sz\u00e9tv\u00e1lasztani. Az \u00fcl\u0151helyet meg kell jel\u00f6lni. Minden r\u00e9sztvev\u0151nek \u00fclnie kell. \u00c1ll\u00f3 hely az istentisztelet alatt nem lehets\u00e9ges. Tov\u00e1bbi \u00fcl\u0151helyek sem enged\u00e9lyezettek. 3. A templomok \u00e9s az istentiszteletek sz\u00e1m\u00e1nak megv\u00e1laszt\u00e1sakor k\u00e9rj\u00fck a lelkip\u00e1sztorokat, tegy\u00e9k lehet\u0151v\u00e9, hogy azok k\u00f6z\u00fcl, akik szeretn\u00e9nek, min\u00e9l t\u00f6bben vehessenek r\u00e9szt a szentmis\u00e9ken. 4. A helyi adotts\u00e1gokt\u00f3l f\u00fcgg\u0151en a pl\u00e9b\u00e1ni\u00e1k \u00e9s a lelkip\u00e1sztori egys\u00e9gek eld\u00f6nthetik, hogy mely helyeken \u00e9s h\u00e1ny istentiszteletet (szentmise, igeistentisztelet) szabad \u00fcnnepelni. 5. H\u00e9tk\u00f6znapokon el\u0151 kell mozd\u00edtani a k\u00fcl\u00f6nf\u00e9le istentiszteleti form\u00e1knak a sokf\u00e9les\u00e9g\u00e9t (p\u00e9ld\u00e1ul r\u00f3zsaf\u00fcz\u00e9r, \u00e1jtatoss\u00e1gok, szents\u00e9gim\u00e1d\u00e1s). Ezeken az istentiszteleteken nem szabad szent\u00e1ldoz\u00e1shoz j\u00e1rulni. 6. A templomba val\u00f3 bel\u00e9p\u00e9skor \u00e9s az onnan val\u00f3 t\u00e1voz\u00e1skor a h\u00edveknek 2 m\u00e9ter t\u00e1vols\u00e1got kell tartaniuk egym\u00e1st\u00f3l. Ahol lehets\u00e9ges, a bej\u00e1ratnak \u00e9s a kij\u00e1ratnak k\u00fcl\u00f6n kell lenni\u00fck. El kell ker\u00fclni a bej\u00e1ratn\u00e1l \u00e9s kij\u00e1ratn\u00e1l val\u00f3 gy\u00fclekez\u00e9st. Hasznos lenne az ide v\u00e1g\u00f3 inform\u00e1ci\u00f3knak plak\u00e1tokon val\u00f3 kif\u00fcggeszt\u00e9se a bej\u00e1ratn\u00e1l. 7. A templomokban a bej\u00e1ratn\u00e1l megfelel\u0151 mennyis\u00e9g\u0171 k\u00e9zfert\u0151tlen\u00edt\u0151t kell kitenni. A higi\u00e9niai el\u0151\u00edr\u00e1sokat be kell tartani. 8. Az \u00f6sszes fel\u00fcletet \u00e9s t\u00e1rgyat, amelyeket t\u00f6bb ember \u00e9rinthet, minden haszn\u00e1lat el\u0151tt \u00e9s ut\u00e1n fert\u0151tlen\u00edteni kell.... R\u00e9szletek","og_url":"https:\/\/stuttgarti-katolikusok.de\/index.php\/majus-9-e-utan-ujra-unnepelhetunk-kozossegi-szentmiseket\/","og_site_name":"Stuttgarti Katolikusok","article_published_time":"2020-05-02T08:10:08+00:00","article_modified_time":"2020-05-03T05:05:06+00:00","og_image":[{"width":1280,"height":720,"url":"https:\/\/stuttgarti-katolikusok.de\/wp-content\/uploads\/2020\/05\/furst2.jpg","type":"image\/jpeg"}],"author":"Tibor atya","twitter_card":"summary_large_image","twitter_misc":{"Szerz\u0151:":"Tibor atya","Becs\u00fclt olvas\u00e1si id\u0151":"7 perc"},"schema":{"@context":"https:\/\/schema.org","@graph":[{"@type":"Article","@id":"https:\/\/stuttgarti-katolikusok.de\/index.php\/majus-9-e-utan-ujra-unnepelhetunk-kozossegi-szentmiseket\/#article","isPartOf":{"@id":"https:\/\/stuttgarti-katolikusok.de\/index.php\/majus-9-e-utan-ujra-unnepelhetunk-kozossegi-szentmiseket\/"},"author":{"name":"Tibor atya","@id":"https:\/\/stuttgarti-katolikusok.de\/#\/schema\/person\/75908d6f8fdc03a57889d27209df7795"},"headline":"M\u00e1jus 9-e ut\u00e1n \u00fajra \u00fcnnepelhet\u00fcnk k\u00f6z\u00f6ss\u00e9gi szentmis\u00e9ket","datePublished":"2020-05-02T08:10:08+00:00","dateModified":"2020-05-03T05:05:06+00:00","mainEntityOfPage":{"@id":"https:\/\/stuttgarti-katolikusok.de\/index.php\/majus-9-e-utan-ujra-unnepelhetunk-kozossegi-szentmiseket\/"},"wordCount":1373,"image":{"@id":"https:\/\/stuttgarti-katolikusok.de\/index.php\/majus-9-e-utan-ujra-unnepelhetunk-kozossegi-szentmiseket\/#primaryimage"},"thumbnailUrl":"https:\/\/stuttgarti-katolikusok.de\/wp-content\/uploads\/2020\/05\/furst2.jpg","articleSection":["Progamel\u0151zetes"],"inLanguage":"hu"},{"@type":"WebPage","@id":"https:\/\/stuttgarti-katolikusok.de\/index.php\/majus-9-e-utan-ujra-unnepelhetunk-kozossegi-szentmiseket\/","url":"https:\/\/stuttgarti-katolikusok.de\/index.php\/majus-9-e-utan-ujra-unnepelhetunk-kozossegi-szentmiseket\/","name":"M\u00e1jus 9-e ut\u00e1n \u00fajra \u00fcnnepelhet\u00fcnk k\u00f6z\u00f6ss\u00e9gi szentmis\u00e9ket - Stuttgarti Katolikusok","isPartOf":{"@id":"https:\/\/stuttgarti-katolikusok.de\/#website"},"primaryImageOfPage":{"@id":"https:\/\/stuttgarti-katolikusok.de\/index.php\/majus-9-e-utan-ujra-unnepelhetunk-kozossegi-szentmiseket\/#primaryimage"},"image":{"@id":"https:\/\/stuttgarti-katolikusok.de\/index.php\/majus-9-e-utan-ujra-unnepelhetunk-kozossegi-szentmiseket\/#primaryimage"},"thumbnailUrl":"https:\/\/stuttgarti-katolikusok.de\/wp-content\/uploads\/2020\/05\/furst2.jpg","datePublished":"2020-05-02T08:10:08+00:00","dateModified":"2020-05-03T05:05:06+00:00","author":{"@id":"https:\/\/stuttgarti-katolikusok.de\/#\/schema\/person\/75908d6f8fdc03a57889d27209df7795"},"breadcrumb":{"@id":"https:\/\/stuttgarti-katolikusok.de\/index.php\/majus-9-e-utan-ujra-unnepelhetunk-kozossegi-szentmiseket\/#breadcrumb"},"inLanguage":"hu","potentialAction":[{"@type":"ReadAction","target":["https:\/\/stuttgarti-katolikusok.de\/index.php\/majus-9-e-utan-ujra-unnepelhetunk-kozossegi-szentmiseket\/"]}]},{"@type":"ImageObject","inLanguage":"hu","@id":"https:\/\/stuttgarti-katolikusok.de\/index.php\/majus-9-e-utan-ujra-unnepelhetunk-kozossegi-szentmiseket\/#primaryimage","url":"https:\/\/stuttgarti-katolikusok.de\/wp-content\/uploads\/2020\/05\/furst2.jpg","contentUrl":"https:\/\/stuttgarti-katolikusok.de\/wp-content\/uploads\/2020\/05\/furst2.jpg","width":1280,"height":720},{"@type":"BreadcrumbList","@id":"https:\/\/stuttgarti-katolikusok.de\/index.php\/majus-9-e-utan-ujra-unnepelhetunk-kozossegi-szentmiseket\/#breadcrumb","itemListElement":[{"@type":"ListItem","position":1,"name":"Kezd\u0151lap","item":"https:\/\/stuttgarti-katolikusok.de\/"},{"@type":"ListItem","position":2,"name":"M\u00e1jus 9-e ut\u00e1n \u00fajra \u00fcnnepelhet\u00fcnk k\u00f6z\u00f6ss\u00e9gi szentmis\u00e9ket"}]},{"@type":"WebSite","@id":"https:\/\/stuttgarti-katolikusok.de\/#website","url":"https:\/\/stuttgarti-katolikusok.de\/","name":"Stuttgarti Katolikusok","description":"","potentialAction":[{"@type":"SearchAction","target":{"@type":"EntryPoint","urlTemplate":"https:\/\/stuttgarti-katolikusok.de\/?s={search_term_string}"},"query-input":{"@type":"PropertyValueSpecification","valueRequired":true,"valueName":"search_term_string"}}],"inLanguage":"hu"},{"@type":"Person","@id":"https:\/\/stuttgarti-katolikusok.de\/#\/schema\/person\/75908d6f8fdc03a57889d27209df7795","name":"Tibor atya","image":{"@type":"ImageObject","inLanguage":"hu","@id":"https:\/\/secure.gravatar.com\/avatar\/61d268e57d1f4525b111222e29d2d5a7f8c420fdbf231ba5566a8ceac74fa960?s=96&d=mm&r=g","url":"https:\/\/secure.gravatar.com\/avatar\/61d268e57d1f4525b111222e29d2d5a7f8c420fdbf231ba5566a8ceac74fa960?s=96&d=mm&r=g","contentUrl":"https:\/\/secure.gravatar.com\/avatar\/61d268e57d1f4525b111222e29d2d5a7f8c420fdbf231ba5566a8ceac74fa960?s=96&d=mm&r=g","caption":"Tibor atya"},"url":"https:\/\/stuttgarti-katolikusok.de\/index.php\/author\/tibor-atya\/"}]}},"_links":{"self":[{"href":"https:\/\/stuttgarti-katolikusok.de\/index.php\/wp-json\/wp\/v2\/posts\/19451","targetHints":{"allow":["GET"]}}],"collection":[{"href":"https:\/\/stuttgarti-katolikusok.de\/index.php\/wp-json\/wp\/v2\/posts"}],"about":[{"href":"https:\/\/stuttgarti-katolikusok.de\/index.php\/wp-json\/wp\/v2\/types\/post"}],"author":[{"embeddable":true,"href":"https:\/\/stuttgarti-katolikusok.de\/index.php\/wp-json\/wp\/v2\/users\/3"}],"replies":[{"embeddable":true,"href":"https:\/\/stuttgarti-katolikusok.de\/index.php\/wp-json\/wp\/v2\/comments?post=19451"}],"version-history":[{"count":4,"href":"https:\/\/stuttgarti-katolikusok.de\/index.php\/wp-json\/wp\/v2\/posts\/19451\/revisions"}],"predecessor-version":[{"id":19456,"href":"https:\/\/stuttgarti-katolikusok.de\/index.php\/wp-json\/wp\/v2\/posts\/19451\/revisions\/19456"}],"wp:featuredmedia":[{"embeddable":true,"href":"https:\/\/stuttgarti-katolikusok.de\/index.php\/wp-json\/wp\/v2\/media\/19452"}],"wp:attachment":[{"href":"https:\/\/stuttgarti-katolikusok.de\/index.php\/wp-json\/wp\/v2\/media?parent=19451"}],"wp:term":[{"taxonomy":"category","embeddable":true,"href":"https:\/\/stuttgarti-katolikusok.de\/index.php\/wp-json\/wp\/v2\/categories?post=19451"},{"taxonomy":"post_tag","embeddable":true,"href":"https:\/\/stuttgarti-katolikusok.de\/index.php\/wp-json\/wp\/v2\/tags?post=19451"}],"curies":[{"name":"wp","href":"https:\/\/api.w.org\/{rel}","templated":true}]}}