{"id":19448,"date":"2020-05-02T08:04:12","date_gmt":"2020-05-02T08:04:12","guid":{"rendered":"https:\/\/gracious-dewdney.138-201-221-2.plesk.page\/?p=19448"},"modified":"2020-05-02T08:04:12","modified_gmt":"2020-05-02T08:04:12","slug":"zeitler-barbara-kitarul-egunkre-palastja-a-szuznek-kuzdelmek-egen-a-szivarvany","status":"publish","type":"post","link":"https:\/\/stuttgarti-katolikusok.de\/index.php\/zeitler-barbara-kitarul-egunkre-palastja-a-szuznek-kuzdelmek-egen-a-szivarvany\/","title":{"rendered":"Zeitler Barbara: &#8222;Kit\u00e1rul eg\u00fcnkre pal\u00e1stja a Sz\u0171znek, k\u00fczdelmek eg\u00e9n a sziv\u00e1rv\u00e1ny&#8230;&#8221;"},"content":{"rendered":"<p><strong>\u201eKit\u00e1rul eg\u00fcnkre pal\u00e1stja a Sz\u0171znek, k\u00fczdelmek eg\u00e9n a sziv\u00e1rv\u00e1ny&#8230;&#8221;<\/strong><\/p>\n<p>2020 janu\u00e1r v\u00e9g\u00e9n a gazdas\u00e1gi szak\u00e9rt\u0151k m\u00e9g sikeres vil\u00e1ggazdas\u00e1gi \u00e9vet \u00e1lmodtak, \u00e9s egyben kiegyens\u00falyozott esztend\u0151t j\u00f3soltak nek\u00fcnk. \u00dagy t\u0171nt minden, hogy a brexit megrengette eur\u00f3pai gazdas\u00e1g lassan \u00fajra mag\u00e1ra tal\u00e1l, \u00e9s siker\u00fcl neki \u00fajb\u00f3l talpra \u00e1llnia. Elt\u0171nt v\u00e9gre Londonban a minisztereket megoszt\u00f3 huza-vona a <em>\u201ekil\u00e9p\u00fcnk vagy maradunk\u201c<\/em> pol\u00e9mi\u00e1ja, \u00e9s miut\u00e1n Anglia 2020 janu\u00e1rj\u00e1ban v\u00e9gleg kil\u00e9pett az Uni\u00f3b\u00f3l, kezdett m\u00e1r a fiskus megnyugodni&#8230;<\/p>\n<p>A vil\u00e1g egy nagy kih\u00edv\u00e1s el\u00e9 n\u00e9zett, k\u00fcsz\u00f6b\u00f6n volt a XXXII. Toki\u00f3i Olimpia megredez\u00e9se, a sportol\u00f3k is a legjobb eredm\u00e9nyek \u00e9rdek\u00e9ben m\u00e1r a harmadik sebess\u00e9gre kapcsoltak. A katolikus vil\u00e1g, \u00e9s f\u0151k\u00e9ppen haz\u00e1nk mint az 52. Nemzetk\u00f6zi Eucharisztikus Kongresszus h\u00e1zigazd\u00e1ja l\u00e1zasan k\u00e9sz\u00fclt arra, hogy ism\u00e9t megmutathassa, mint ahogy ezt m\u00e1r tette 1938-ban is, hogy mire k\u00e9pes ez alkalommal a rendez\u00e9s\u00a0 tekintet\u00e9ben az Olt\u00e1riszents\u00e9g meg\u00fcnnepl\u00e9se 145. \u00e9vfordul\u00f3j\u00e1nak nagy seregszeml\u00e9j\u00e9n. A viharok ut\u00e1ni csendben, a h\u00e1tt\u00e9rben m\u00e1r mindenki a maga ter\u00fclet\u00e9n l\u00e1zasan k\u00e9sz\u00fcl\u0151d\u00f6tt.<\/p>\n<p>A 2020-ra vonatkoz\u00f3 t\u00f6rekv\u00e9s\u00fcnk hi\u00fa \u00e1br\u00e1ndnak bizonyult, mert ahogy ezt az ismert k\u00f6zmond\u00e1s mondja: <em>\u201e ember tervez, s Isten v\u00e9gez&#8221;,<\/em> \u00e9s ennek a v\u00e9gz\u00e9snek a beteljes\u00edt\u0151je nem volt m\u00e1s, mint a m\u00e9r\u0151m\u0171szerekkel is csak alig kimutathat\u00f3 par\u00e1nyi \u00e9l\u0151szervezet, amelyet koronav\u00edrusnak keresztelt el a vil\u00e1g.<\/p>\n<p>Ezt a l\u00e9t\u00e9ben par\u00e1nyi de hatalmas mumust, most mindenfel\u00e9 rettegik, mert a milimikronnyin\u00e1l is kisebb organizmus egymaga is k\u00e9pes a vil\u00e1got a pusztul\u00e1s fel\u00e9 sodorni, \u00e9s a testet s lelket pr\u00f3b\u00e1ra t\u00e9v\u0151 betolakod\u00f3, nev\u00e9hez m\u00e9lt\u00f3an,\u00a0 j\u00f3 m\u00e9regkever\u0151k\u00e9nt (a latin eredet\u00fc v\u00edrus sz\u00f3, m\u00e9rget jelent) jobbr\u00f3l balra m\u00e9rgez\u0151 csap\u00e1sokat osztogat \u00e9s ebben a sz\u00f6rny\u0171s\u00e9gbe nemcsak az ember, hanem belegebed az eg\u00e9sz vil\u00e1ggazdas\u00e1g is. A koronav\u00edrus hat\u00e1s\u00e1ra le\u00e1llt a termel\u00e9s, bez\u00e1rtak a gy\u00e1rak az int\u00e9zm\u00e9nyek,az iskol\u00e1k \u00e9s \u00f3vod\u00e1k, eln\u00e9pteledtek az utc\u00e1k \u00e9s terek, vend\u00e9gek hi\u00e1ny\u00e1ban \u00fcresek a hotelek \u00e9s \u00e9ttermek, \u00fcresek az utc\u00e1k, a parkok a j\u00e1tsz\u00f3terek, s ott, ahol egykor l\u00fcktet\u0151 \u00e9let folyt, most puszta cs\u00f6nd honol. Minden kong az \u00fcress\u00e9gt\u0151l, \u00fagy t\u0171nik mintha meg\u00e1llt volna az \u00e9let k\u00f6r\u00fcl\u00f6tt\u00fcnk. Hi\u00e1ba z\u00fagnak a harangok a h\u00edveket szentmis\u00e9re invit\u00e1lva, ezek hangjai is csak jelz\u00e9s erej\u0171ek, a beharangoz\u00e1s nem nek\u00fcnk sz\u00f3l, azt jelzik, hogy szok\u00e1sosan most kellene elindulnunk szentmis\u00e9re, de a kij\u00e1r\u00e1si tilalom miatt a templomok padsorai is \u00fcresek, csak n\u00e9h\u00e1ny h\u00edv\u0151 k\u00e9pviseli az eg\u00e9sz egyh\u00e1zk\u00f6z\u00f6ss\u00e9g\u00fcnket. Nek\u00fcnk t\u00f6bbieknek marad az online-szentmise \u00e9s a lelki \u00e1ldoz\u00e1s, amelyet Ferenc p\u00e1pa \u00e9rv\u00e9nyes erej\u0171 szent\u00e1ldoz\u00e1snak deklar\u00e1lt.<\/p>\n<p>Ha m\u00e1r szoba\u00e1ristomba k\u00e9nyszer\u00fclt\u00fcnk, akkor f\u00fcl\u00fcnket a hircsatorn\u00e1kra tapasztva f\u00fclel\u00fcnk, s v\u00e1rjuk, m\u00e1r nagyon v\u00e1rjuk a biztat\u00f3 sz\u00f3t, hogy megtal\u00e1lt\u00e1k m\u00e1r a megold\u00e1st, \u00e9s tudj\u00e1k m\u00e1r, hogy hogyan lehet ennek a v\u00edrusnak kih\u00fazni a m\u00e9regfog\u00e1t. De nem, a m\u00e9di\u00e1k tov\u00e1bbra is a v\u00edrusra vonatkoz\u00f3 t\u00e1j\u00e9kozatlans\u00e1gukkal borzolj\u00e1k a ked\u00e9lyeinket, s mint a K\u0151m\u0171ves Kelemen reg\u00e9ben D\u00e9va v\u00e1r\u00e1nak fala is \u00e1lland\u00f3 k\u0151oml\u00e1st szenvedett, ugyan\u00edgy bubor\u00e9kk\u00e9nt oszlik sz\u00e9t egyik napr\u00f3l a m\u00e1sikra a m\u00e9dia tud\u00f3s\u00edt\u00f3inak \u00e1ll\u00edt\u00e1sa. Teljes m\u00e9rt\u00e9kben hi\u00e1nyoznak az ismeretek, s az ezen a t\u00e9ren gyermekcip\u0151ben j\u00e1r\u00f3 orvostudom\u00e1ny is csak a s\u00f6t\u00e9tben tapogat\u00f3zik. \u00cdgy h\u00e1t hi\u00e1ba is v\u00e1rjuk, a <em>\u201ehogyan tov\u00e1bb\u201c<\/em> k\u00e9rd\u00e9sre nincs k\u00e9zzel foghat\u00f3 v\u00e1lasz. Ekkora pusztit\u00e1s l\u00e1tt\u00e1n az emberek nagy t\u00f6bbs\u00e9ge riadtan k\u00e9rdezi, hogy lehets\u00e9ges volna az, hogy az Isten megsokallta az emberis\u00e9g v\u00e9tkes magatart\u00e1s\u00e1t, \u00e9s kez\u00e9t r\u00e1nk emelve akar minket a j\u00f3ra inteni? Honlapunkon ugyanezzel a k\u00e9rd\u00e9ssel foglalkozik Imre atya besz\u00e1mol\u00f3ja is amelynek az a c\u00edme, hogy <em>\u201eIsten b\u00fcntet\u00e9se lenne?\u201c<\/em> A j\u00e1rv\u00e1nyok szinte egyid\u0151sek az emberis\u00e9ggel. Eleinte, az okokat nem ismerve, az emberek istencsap\u00e1s\u00e1nak tekintett\u00e9k a rag\u00e1lyokat. De val\u00f3ban, mai tud\u00e1sunk szerint is annak mondhat\u00f3k? Azt hiszem, hogy nem lenne meglep\u0151, ha az Isten elunta volna mindazt, amit m\u0171vel\u00fcnk, hogy csak n\u00e9h\u00e9ny p\u00e9ld\u00e1t eml\u00edtsek is ezek k\u00f6z\u00fcl: euthan\u00e1zia, abortusz, \u00e9s minden, ami az \u00e9let ellen ir\u00e1nyul, az ember\u00f6l\u00e9s b\u00e1rmely form\u00e1ja, a n\u00e9p\u00edrt\u00e1s, az embertelen \u00e9letk\u00f6r\u00fclm\u00e9nyek, rabszolgas\u00e1g, prostit\u00faci\u00f3, le\u00e1ny- \u00e9s fi\u00fakereskedelem. D\u00e1vid az 50. zsolt\u00e1rban \u00edgy \u00e9nekel: <em>\u201eMert elismerem gonoszs\u00e1gomat, \u00e9s b\u0171n\u00f6m el\u0151ttem van mindenkor\u201d,<\/em> \u00e9s Radn\u00f3ti Mikl\u00f3s is a <em>\u201eNem tudhatom\u201c<\/em> c\u00edm\u0171 vers\u00e9ben ezt \u00edgy fogalmazta meg: <em>\u201es tudjuk miben v\u00e9tkezt\u00fcnk, mikor, hol \u00e9s mik\u00e9pp.\u201c<\/em><\/p>\n<p>Mi nagyon nem szeretj\u00fck azt hallani, hogy a j\u00f3s\u00e1gos Isten b\u00fcntetni is szokott,\u00a0 pedig m\u00e1r az \u00d3sz\u00f6vets\u00e9g v\u00edz\u00f6z\u00f6n t\u00f6rt\u00e9nete is le\u00edrta, hogy az Isten Szodoma lak\u00f3it is megb\u00fcntette. Szent P\u00e1l apostol ugyanezt \u00edrta itt le a R\u00f3maiakhoz \u00edrt level\u00e9nek 1 fejezet\u00e9ben, a 18. versben:\u00a0 <em>\u201eIsten haragja el\u00e9ri az \u00e9gb\u0151l az embereknek minden istentelens\u00e9g\u00e9t \u00e9s gonoszs\u00e1g\u00e1t, akik az igazs\u00e1got elnyomj\u00e1k igazs\u00e1gtalans\u00e1ggal.\u201c<\/em> K\u00f6lcsey a Himnuszban ezt mondja : <em>&#8222;Hajh de b\u00fcneink miatt gy\u00falt harag kebledben, elsujt\u00e1d vill\u00e1midat d\u00f6rg\u0151 fellegedben .&#8221;<\/em><\/p>\n<p>Most viszont fiatalok \u00e9s id\u0151sek egyar\u00e1nt azt \u00e9rezz\u00fck a koronav\u00edrus kapcs\u00e1n, hogy \u00e9let\u00fcnk el\u00e9rkezett egy olyan f\u00e1zis\u00e1hoz, amikor eg\u00e9sz egzisztenci\u00e1lis l\u00e9t\u00fcnk, sorsunk, d\u00f6nt\u00e9seink, valamint t\u00f6r\u00e9keny \u00e9let\u00fcnk, p\u00f3kh\u00e1l\u00f3 v\u00e9konys\u00e1g\u00fa sz\u00e1lon f\u00fcgg, \u00e9s t\u00e1vlati j\u00f6v\u0151nk teljesen kics\u00faszott a kez\u00fcnk k\u00f6z\u00fcl, de mindannyian egyar\u00e1nt csak Isten irgalm\u00e1ra t\u00e1maszkodhatunk. Nem a v\u00e9letlen sz\u00fclhette azt a mond\u00e1st, hogy <em>\u201es\u00fcllyed\u0151 haj\u00f3n nem tal\u00e1lni ateist\u00e1t\u201c. <\/em><\/p>\n<p>Szeretn\u00e9k erre egy p\u00e9ld\u00e1t hozni. \u00c1prilis 19-\u00e9n Bayer Zsolt show-m\u0171sor\u00e1nak megh\u00edvott vend\u00e9ge Balog Zolt\u00e1n miniszter \u00e9s &#8211; egyszem\u00e9lyben reform\u00e1tus pap,- volt. Besz\u00e9lget\u00e9s\u00fck nagy r\u00e9sz\u00e9t a koronav\u00edrussal kapcsolatos tapasztalataik tett\u00e9k ki. Arr\u00f3l besz\u00e9lt a lelkip\u00e1sztor, hogy amikor vil\u00e1gszerte be\u00fct\u00f6tt a j\u00e1rv\u00e1ny, akkor \u0151 egy im\u00e1ds\u00e1got fogalmazott meg, \u00e9s ezt f\u00f6ltette a facebookj\u00e1ra. Ez a r\u00f6vid im\u00e1ds\u00e1g egyben tan\u00e1cs is volt arra, hogy hogyan im\u00e1dkozzunk ebben a szorongatott helyzet\u00fcnkben, \u00e9s mik\u00e9ppen k\u00e9rj\u00fck im\u00e1nkkal a J\u00f3istent. \u00d6r\u00f6mmel tapasztalta, hogy sz\u00e1zh\u00faszezer ember olvasta el ezt az im\u00e1ds\u00e1got, \u00e9s ezt a sz\u00e1mot azzal vetette \u00f6ssze, hogy \u00e9let\u00e9ben egyetlen egyszer fordult csak el\u0151, hogy ilyen sz\u00e1m\u00fa hallgat\u00f3s\u00e1ga legyen, \u00e9s ez 2006-ban az Astoria el\u0151tt volt, amikor az okt\u00f3beri forradalmat \u00fcnnepl\u0151 b\u00e9k\u00e9s t\u00f6meget a rend\u0151rs\u00e9g brut\u00e1lisan sz\u00e9tverte. Arr\u00f3l is besz\u00e9lt, hogy az idei nagyheti szertart\u00e1sokon, amit facebookon mutattak be a h\u00edveknek, a n\u00e9z\u0151k sz\u00e1ma meghaladta a t\u00f6bb ezer f\u0151t, holott a j\u00e1rv\u00e1ny el\u0151tti id\u0151szakban ha 150-200 f\u0151 vett r\u00e9szt az istentiszteleteken, akkor az m\u00e1r egy tekint\u00e9lyes l\u00e9tsz\u00e1mnak bizonyult. Nem vit\u00e1s, szorongatott helyzet\u00e9ben az ember kapaszkod\u00f3t keres, \u00e9s ugyan kiben kapaszkodhatna elesetts\u00e9g\u00e9ben az ember? Nem m\u00e1sban, mint Isten fel\u00e9nk kiny\u00fajtott kez\u00e9be.<\/p>\n<p>Eszembe jut, hogy eg\u00e9sz \u00e9letemben milyen sokszor vitatkoztam Adynak a al\u00e1bbi versben le\u00edrt soraival, most pedig ezeket a sorokat a koronav\u00edrus teljes eg\u00e9sz\u00e9ben igazolni l\u00e1tszik. Ha magunkba n\u00e9z\u00fcnk, akkor bel\u00e1thatjuk, hogy a j\u00f3t, amit a J\u00f3istent\u0151l kapunk, azt gyakran az \u00e9let term\u00e9szetes velej\u00e1r\u00f3j\u00e1nak tekintj\u00fck, majd amikor el\u0151sz\u00f6r k\u00f6sz\u00f6nt be \u00e9let\u00fcnkbe a balsors, akkor viszont m\u00e1r nem gy\u0151zz\u00fck el\u00e9gg\u00e9 k\u00e9r\u0151 im\u00e1val ostromolni az eget. Ady <em>Nek\u00fcnk Moh\u00e1cs kell <\/em>c\u00edm\u0171 verse jut eszembe:<\/p>\n<p><em>\u201eHa van Isten, ne k\u00f6ny\u00f6r\u00fclj\u00f6n rajta:<br \/>\nVer\u00e9shez szokott fajta,<br \/>\nCig\u00e1ny-n\u00e9pek langy sz\u00edv\u0171 sihederje.<\/em><\/p>\n<p><em>Verje csak, verje, verje.<\/em><\/p>\n<p><em>Ha van Isten, meg ne sajn\u00e1ljon engem:<br \/>\n\u00c9n magyarnak sz\u00fclettem.<br \/>\nSzent galambja nehogy z\u00f6ld \u00e1gat hozzon,<br \/>\n\u00dcss\u00f6n csak, ostorozzon.<\/em><\/p>\n<p><em>Ha van Isten, f\u00f6ldt\u0151l a f\u00e9nyes \u00e9gig<br \/>\nR\u00e1ngasson minket v\u00e9gig.<br \/>\nNe legyen egy f\u00e9lpercnyi b\u00e9kess\u00e9g\u00fcnk,<br \/>\nMert akkor v\u00e9g\u00fcnk, v\u00e9g\u00fcnk.\u201c<\/em><\/p>\n<p>A koronav\u00edrus az, amely f\u00f6l\u00e9bresztette az emberekben a lelki \u00e9hs\u00e9get. R\u00e1\u00e9bresztett minket, &#8211; mondta a reform\u00e1tus lelki p\u00e1sztor -, hogy az Isten nemcsak \u00fagy van jelen a vil\u00e1gban, aki semmi vizet nem zavar, hanem ha \u00fagy l\u00e1tja sz\u00fcks\u00e9gesnek, akkor j\u00e1rv\u00e1nnyal, vagy trag\u00e9di\u00e1val sz\u00f3l\u00edtja meg az emberis\u00e9get, de ilyenkor is mindig az ember mellett \u00e1ll, hogy az embert a bez\u00e1rts\u00e1g\u00e1ban is a j\u00f3ra, a hum\u00e1nus cselekedetek megtev\u00e9s\u00e9re \u00f6szt\u00f6n\u00f6zze.<\/p>\n<p>Az, hogy az \u00f6szt\u00f6k\u00e9l\u00e9s j\u00f3 talajra hullt, azt mi id\u0151sek a saj\u00e1t b\u0151r\u00fcnk\u00f6n tapasztalhattuk meg. Az \u00f6sszetartoz\u00e1s magas fok\u00e1n szinte napi rendszeress\u00e9ggel h\u00edvnak f\u00f6l minket misszi\u00f3nkhoz tartoz\u00f3 fiataljaink, hogy kedvesen \u00e9rdekl\u0151djenek hogyl\u00e9t\u00fcnk fel\u0151l, \u00e9s ilyenkor kedvesen f\u00f6lk\u00edn\u00e1lj\u00e1k seg\u00edts\u00e9g\u00fcket, megk\u00e9rdezve azt, hogy van-e valamire sz\u00fcks\u00e9g\u00fcnk, s arr\u00f3l is biztos\u00edtanak minket, hogy \u0151k sz\u00edvesen bev\u00e1s\u00e1rolnak helyett\u00fcnk, csak ne mozduljunk ki otthonainkb\u00f3l. Sz\u00edvet melenget\u0151 sz\u00e1munkra az egy ny\u00e1jhoz kapcsolhat\u00f3 \u00f6sszetartoz\u00e1s \u00e9rz\u00e9se. Nem \u00e9rezt\u00fck m\u00e9g ennyire, hogy ilyen f\u00e9lt\u0151-\u00f3v\u00f3 f\u00edgyelemmel vannak a hvek egym\u00e1s ir\u00e1nt. Igaza van a Szent\u00edr\u00e1snak abban is, hogy a j\u00e1rv\u00e1ny idej\u00e9n a J\u00f3isten nem hagyja el a n\u00e9p\u00e9t, \u00e9s a j\u00e1rv\u00e1ny kapcs\u00e1n a h\u00edveib\u0151l a legjobb tulajdons\u00e1gaikat b\u00e1ny\u00e1ssza el\u0151, \u00e9s ez\u00e1ltal a l\u00e9lek\u00e9p\u00edt\u00e9s \u00e1ltal er\u0151s\u00edti benn\u00fcnk a j\u00f3ra val\u00f3 hajlamunkat, \u00edgy v\u00e1lik val\u00f3ra P\u00e1lnak a R\u00f3maiakhoz \u00edrt level\u00e9b\u0151l az az id\u00e9zet <em>\u201eaz Istent szeret\u0151knek minden a jav\u00e1ra v\u00e1lik\u201c<\/em> (v\u00f6. 8,28) m\u00e9g ez a megpr\u00f3b\u00e1ltat\u00e1s is.<\/p>\n<p>Igen, a misszi\u00f3nkhoz tartoz\u00f3 fiatalok p\u00e9ldamutat\u00f3an akarnak r\u00e9szt venni, &#8211; s\u0151t n\u00e9ha nem is kev\u00e9s \u00e1ldozat v\u00e1llal\u00e1s \u00e1r\u00e1n is, &#8211; abban, hogy levegy\u00e9k az id\u0151sek v\u00e1llair\u00f3l terheik egy r\u00e9sz\u00e9t. J\u00f3 l\u00e1tni azt is, hogy legt\u00f6bb ember k\u00e9pes az extr\u00e9m k\u00f6r\u00fclm\u00e9nyek ellen\u00e9re is szab\u00e1lyozottan, a norm\u00e1knak megfelel\u0151en viselkedni, m\u00e9g akkor is, ha a gener\u00e1ci\u00f3s csoportok k\u00f6z\u00f6tt gyakran \u00e9rdekellent\u00e9t h\u00faz\u00f3dik. A fiatalok \u00e9rthet\u0151 m\u00f3don a szabads\u00e1guk korl\u00e1toz\u00e1s\u00e1t v\u00e9lik a kij\u00e1r\u00e1si tilalom bevezet\u00e9s\u00e9ben l\u00e1tni, mi id\u0151sek pedig nem n\u00e9zz\u00fck j\u00f3 szemmel azt, hogy a fiatalok megszegve a tilalmat, csoportokba ver\u0151dve tal\u00e1n a v\u00edrust terjeszthetik. Abban pedig nincs ellent\u00e9t fiatalok \u00e9s id\u0151sek k\u00f6z\u00f6tt, hogy mindannyian nagyon v\u00e1rjuk m\u00e1r ennek a j\u00e1rv\u00e1nynak az elm\u00falt\u00e1t, \u00e9s azt is, hogy Isten \u00fagy mint a r\u00e9gi t\u00f6rt\u00e9nelmi id\u0151szakban, \u00fajra k\u00f6sse meg ezzel az elt\u00e9velygett emberis\u00e9ggel sziv\u00e1rv\u00e1ny k\u00e9p\u00e9ben a sz\u00f6vets\u00e9g\u00e9t, amit egyszer m\u00e1r No\u00e9val megk\u00f6t\u00f6tt. Radn\u00f3ti Mikl\u00f3s szint\u00e9n a b\u00fcntelen emberek \u00e9rdemeire hivatkozik vers\u00e9ben. Ha val\u00f3ban Isten b\u00fcntet\u00e9se lenne a j\u00e1rv\u00e1ny, akkor hadd hozzam f\u00f6l ments\u00e9g\u00fcl az \u0151, Nem tudhatom c\u00edm\u0171 vers\u00e9nek sorait:<\/p>\n<p><em>\u201es tudjuk miben v\u00e9tkezt\u00fcnk, mikor, hol \u00e9s mik\u00e9pp,<\/em><\/p>\n<p><em>de \u00e9lnek dolgoz\u00f3k itt, k\u00f6lt\u0151k is b\u0171ntelen,<\/em><\/p>\n<p><em>\u00e9s csecsszop\u00f3k, akikben megn\u0151 az \u00e9rtelem\u201d&#8230;<\/em><\/p>\n<p>Most, amikor a koronav\u00edrus emberform\u00e1l\u00f3 er\u0151v\u00e9 kezd vil\u00e1gszerte v\u00e1lni, ismert mond\u00e1s az is, hogy a bajban mutatkozik meg ki az igazi bar\u00e1t. Az embernek \u00f6sszeszorul a szve, amikor TV azt mutatja, hogy az id\u0151sek otthon\u00e1ban, sz\u00fcl\u0151k \u00e9s nagymam\u00e1k izgalommal v\u00e1rj\u00e1k, hogy ha csak egy pillant\u00e1sra is, \u00e9s ha csak t\u00e1volr\u00f3l is, de megpillanthass\u00e1k szeretteiket, \u00e9s gyakran van az, hogy ezt a t\u00e1voli pillant\u00e1st \u0151rzi m\u00e1r csak meg az eml\u00e9kezet, amely miel\u0151tt s\u00f3hajt\u00e1ss\u00e1 halkulna el az \u00e9let, kis\u00e9ri utols\u00f3 \u00fatj\u00e1ra az elmen\u0151t. 2007-ben leirt verssoraim jutnak eszembe:<\/p>\n<p><em>\u201eSz\u0171k ablakkeretr\u00e1cs m\u00f6g\u00fcl re\u00e1nk les\u0151<\/em><\/p>\n<p><em>rim\u00e1nkod\u00f3, b\u00fas \u0151sz\u00fcl\u0151 fejek,<\/em><\/p>\n<p><em>megannyi sz\u00e1rnyat\u00f6r\u00f6tt riadt sz\u00e9d\u00fcl\u00e9s.<\/em><\/p>\n<p><em>V\u00e1laszk\u00e9nt ne legyen r\u00e1 a besz\u00fck\u00fclt szemgoly\u00f3,<\/em><\/p>\n<p><em>\u00e9s a b\u00e9nultan al\u00e1hull\u00f3, seg\u00edteni nem akar\u00f3 k\u00e9z,<\/em><\/p>\n<p><em>ne m\u00e9ly\u00fclj\u00f6n k\u00f6zt\u00fcnk a t\u00e1vols\u00e1g, <\/em><\/p>\n<p><em>\u00e9s a v\u00e9gtelen mered\u00e9k.<\/em><\/p>\n<p><em>\u2026<\/em><\/p>\n<p><em>Gyant\u00e1d s von\u00f3d csak \u00e9n legyek<\/em><\/p>\n<p><em>a szeretet dalol\u00f3 h\u00farj\u00e1n,<\/em><\/p>\n<p><em>s ha sebzetten is, sziv\u00e1rv\u00e1nyos olaj\u00e1gad<\/em><\/p>\n<p><em>cs\u0151r\u00e9ben tart\u00f3 galambk\u00e9nt,<\/em><\/p>\n<p><em>\u00e9n v\u00edgyem el sz\u00edvt\u0151l sz\u00edvekhez,<\/em><\/p>\n<p><em>\u00f6r\u00f6mh\u00edred, a h\u00f3sz\u00ednsz\u00e1rny\u00fa b\u00e9k\u00e9t.\u201d<\/em><\/p>\n<p>Igen, ilyenek a k\u00f6zt\u00fcnk \u00e9l\u0151 \u00e9s j\u00f3sz\u00e1nd\u00e9k\u00fa fiataljaink, akik a sziv\u00e1rv\u00e1nyos olaj\u00e1ggal sz\u00edvt\u0151l sz\u00edvig \u00e1csolnak nek\u00fcnk kapaszkod\u00f3kat, \u00e9s tal\u00e1n Isten l\u00e1tva j\u00f3tetteiket, h\u00f3sz\u00ednsz\u00e1rny\u00fa b\u00e9k\u00e9j\u00e9vel lassan megkezdi a fej\u00fcnk f\u00f6l\u00f6tt felgy\u00fclemlett s\u00f6t\u00e9t fellegeket eloszlatni.<\/p>\n<p>Martos Bal\u00e1zs atya ir\u00e1s\u00e1ban olvashattunk a sziv\u00e1rv\u00e1nyr\u00f3l, majd ugyancsak a krizishelyzet v\u00e1lthatta ki egyesekben, hogy sziv\u00e1rv\u00e1nyr\u00f3l k\u00e9sz\u00fclt fot\u00f3kkal, mint szimbolummal, akart\u00e1k kifejezni az \u00e9g \u00e9s f\u00f6ld kapcsolat\u00e1t, amely bennem ebben az ins\u00e9ges id\u0151ben a kongreganist\u00e1k himnusz\u00e1nak egyik versszak\u00e1t id\u00e9zt\u00e9k fel :<\/p>\n<p><em>\u201eFel M\u00e1ria tiszta levente csapatja <\/em><\/p>\n<p><em>k\u00fczd\u00fcnk evez\u00fcnk de nem \u00e1rv\u00e1n,<\/em><\/p>\n<p><em>kit\u00e1rul eg\u00fcnkre pal\u00e1stja a Sz\u0171znek, <\/em><\/p>\n<p><em>k\u00fczdelmek eg\u00e9n a sziv\u00e1rv\u00e1ny&#8230;&#8221;<\/em><\/p>\n<p>Szerintem gy\u00f6ny\u00f6r\u0171 ez a k\u00e9p, amely a sziv\u00e1rv\u00e1nyt \u00fagy tekinti mint a Szent Sz\u0171z \u00f3v\u00f3n \u00e9s v\u00e9d\u0151n f\u00f6lib\u00e9nk borul\u00f3 v\u00e9d\u0151pal\u00e1stj\u00e1t.<\/p>\n<p>Adja Isten, hogy min\u00e9l hamarabb f\u00f6l\u00e9nk ter\u00fclj\u00f6n Sz\u0171z M\u00e1ria v\u00e9d\u0151pal\u00e1stja, \u00e9s maradjunk meg az \u0151 oltalm\u00e1ban a v\u00e9sztenger k\u00f6zepette is, \u00e9s a szenved\u00e9s \u00e9s a bez\u00e1rts\u00e1g hozza vissza \u00e9let\u00fcnkbe a lelki meg\u00fajhod\u00e1st, \u00e9s adja meg sz\u00e1munkra az Isten fel\u00e9 fordul\u00e1s nagy lehet\u0151s\u00e9g\u00e9t!<\/p>\n<p>\u00dagy legyen!<\/p>\n<p>&nbsp;<\/p>\n<p><em>Zeitler Barbara<\/em><\/p>\n<p>&nbsp;<\/p>\n","protected":false},"excerpt":{"rendered":"<p>\u201eKit\u00e1rul eg\u00fcnkre pal\u00e1stja a Sz\u0171znek, k\u00fczdelmek eg\u00e9n a sziv\u00e1rv\u00e1ny&#8230;&#8221; 2020 janu\u00e1r v\u00e9g\u00e9n a gazdas\u00e1gi szak\u00e9rt\u0151k m\u00e9g sikeres vil\u00e1ggazdas\u00e1gi \u00e9vet \u00e1lmodtak, \u00e9s egyben kiegyens\u00falyozott esztend\u0151t j\u00f3soltak nek\u00fcnk. \u00dagy t\u0171nt minden, hogy a brexit megrengette eur\u00f3pai gazdas\u00e1g lassan \u00fajra mag\u00e1ra tal\u00e1l, \u00e9s siker\u00fcl neki \u00fajb\u00f3l talpra \u00e1llnia. Elt\u0171nt v\u00e9gre Londonban a minisztereket megoszt\u00f3 huza-vona a \u201ekil\u00e9p\u00fcnk vagy maradunk\u201c pol\u00e9mi\u00e1ja, \u00e9s miut\u00e1n Anglia 2020 janu\u00e1rj\u00e1ban v\u00e9gleg kil\u00e9pett az Uni\u00f3b\u00f3l, kezdett m\u00e1r a fiskus megnyugodni&#8230; A vil\u00e1g egy nagy kih\u00edv\u00e1s el\u00e9 n\u00e9zett, k\u00fcsz\u00f6b\u00f6n volt a XXXII. Toki\u00f3i Olimpia megredez\u00e9se, a sportol\u00f3k is a legjobb eredm\u00e9nyek \u00e9rdek\u00e9ben m\u00e1r a harmadik sebess\u00e9gre kapcsoltak. A katolikus vil\u00e1g, \u00e9s f\u0151k\u00e9ppen haz\u00e1nk mint az 52. Nemzetk\u00f6zi Eucharisztikus Kongresszus h\u00e1zigazd\u00e1ja l\u00e1zasan k\u00e9sz\u00fclt arra, hogy ism\u00e9t megmutathassa, mint ahogy ezt m\u00e1r tette 1938-ban is, hogy mire k\u00e9pes ez alkalommal a rendez\u00e9s\u00a0 tekintet\u00e9ben az Olt\u00e1riszents\u00e9g meg\u00fcnnepl\u00e9se 145. \u00e9vfordul\u00f3j\u00e1nak nagy seregszeml\u00e9j\u00e9n. A viharok ut\u00e1ni csendben, a h\u00e1tt\u00e9rben m\u00e1r mindenki a maga ter\u00fclet\u00e9n l\u00e1zasan k\u00e9sz\u00fcl\u0151d\u00f6tt. A 2020-ra vonatkoz\u00f3 t\u00f6rekv\u00e9s\u00fcnk hi\u00fa \u00e1br\u00e1ndnak bizonyult, mert ahogy ezt az ismert k\u00f6zmond\u00e1s mondja: \u201e ember tervez, s Isten v\u00e9gez&#8221;, \u00e9s ennek a v\u00e9gz\u00e9snek a beteljes\u00edt\u0151je nem volt m\u00e1s, mint a m\u00e9r\u0151m\u0171szerekkel is csak alig kimutathat\u00f3 par\u00e1nyi \u00e9l\u0151szervezet, amelyet koronav\u00edrusnak keresztelt el a vil\u00e1g. Ezt a l\u00e9t\u00e9ben par\u00e1nyi de hatalmas mumust, most mindenfel\u00e9 rettegik, mert a milimikronnyin\u00e1l is kisebb organizmus egymaga is k\u00e9pes a vil\u00e1got a pusztul\u00e1s fel\u00e9 sodorni, \u00e9s a testet s lelket pr\u00f3b\u00e1ra t\u00e9v\u0151 betolakod\u00f3, nev\u00e9hez m\u00e9lt\u00f3an,\u00a0 j\u00f3 m\u00e9regkever\u0151k\u00e9nt (a latin eredet\u00fc v\u00edrus sz\u00f3, m\u00e9rget jelent) jobbr\u00f3l balra m\u00e9rgez\u0151 csap\u00e1sokat osztogat \u00e9s ebben a sz\u00f6rny\u0171s\u00e9gbe nemcsak az ember, hanem belegebed az eg\u00e9sz vil\u00e1ggazdas\u00e1g is. A koronav\u00edrus hat\u00e1s\u00e1ra le\u00e1llt a termel\u00e9s, bez\u00e1rtak a gy\u00e1rak az int\u00e9zm\u00e9nyek,az iskol\u00e1k \u00e9s \u00f3vod\u00e1k, eln\u00e9pteledtek az utc\u00e1k \u00e9s terek, vend\u00e9gek hi\u00e1ny\u00e1ban \u00fcresek a hotelek \u00e9s \u00e9ttermek, \u00fcresek az utc\u00e1k, a parkok a j\u00e1tsz\u00f3terek, s ott, ahol egykor l\u00fcktet\u0151 \u00e9let folyt, most puszta cs\u00f6nd&#8230; <\/p>\n<p><a class=\"readmore\" href=\"https:\/\/stuttgarti-katolikusok.de\/index.php\/zeitler-barbara-kitarul-egunkre-palastja-a-szuznek-kuzdelmek-egen-a-szivarvany\/\">R\u00e9szletek<\/a><\/p>\n","protected":false},"author":3,"featured_media":19449,"comment_status":"closed","ping_status":"closed","sticky":false,"template":"","format":"standard","meta":{"footnotes":""},"categories":[28],"tags":[],"class_list":["post-19448","post","type-post","status-publish","format-standard","has-post-thumbnail","hentry","category-olvasoink-irjak"],"yoast_head":"<!-- This site is optimized with the Yoast SEO plugin v27.3 - https:\/\/yoast.com\/product\/yoast-seo-wordpress\/ -->\n<title>Zeitler Barbara: &quot;Kit\u00e1rul eg\u00fcnkre pal\u00e1stja a Sz\u0171znek, k\u00fczdelmek eg\u00e9n a sziv\u00e1rv\u00e1ny...&quot; - Stuttgarti Katolikusok<\/title>\n<meta name=\"robots\" content=\"index, follow, max-snippet:-1, max-image-preview:large, max-video-preview:-1\" \/>\n<link rel=\"canonical\" href=\"https:\/\/stuttgarti-katolikusok.de\/index.php\/zeitler-barbara-kitarul-egunkre-palastja-a-szuznek-kuzdelmek-egen-a-szivarvany\/\" \/>\n<meta property=\"og:locale\" content=\"hu_HU\" \/>\n<meta property=\"og:type\" content=\"article\" \/>\n<meta property=\"og:title\" content=\"Zeitler Barbara: &quot;Kit\u00e1rul eg\u00fcnkre pal\u00e1stja a Sz\u0171znek, k\u00fczdelmek eg\u00e9n a sziv\u00e1rv\u00e1ny...&quot; - Stuttgarti Katolikusok\" \/>\n<meta property=\"og:description\" content=\"\u201eKit\u00e1rul eg\u00fcnkre pal\u00e1stja a Sz\u0171znek, k\u00fczdelmek eg\u00e9n a sziv\u00e1rv\u00e1ny&#8230;&#8221; 2020 janu\u00e1r v\u00e9g\u00e9n a gazdas\u00e1gi szak\u00e9rt\u0151k m\u00e9g sikeres vil\u00e1ggazdas\u00e1gi \u00e9vet \u00e1lmodtak, \u00e9s egyben kiegyens\u00falyozott esztend\u0151t j\u00f3soltak nek\u00fcnk. \u00dagy t\u0171nt minden, hogy a brexit megrengette eur\u00f3pai gazdas\u00e1g lassan \u00fajra mag\u00e1ra tal\u00e1l, \u00e9s siker\u00fcl neki \u00fajb\u00f3l talpra \u00e1llnia. Elt\u0171nt v\u00e9gre Londonban a minisztereket megoszt\u00f3 huza-vona a \u201ekil\u00e9p\u00fcnk vagy maradunk\u201c pol\u00e9mi\u00e1ja, \u00e9s miut\u00e1n Anglia 2020 janu\u00e1rj\u00e1ban v\u00e9gleg kil\u00e9pett az Uni\u00f3b\u00f3l, kezdett m\u00e1r a fiskus megnyugodni&#8230; A vil\u00e1g egy nagy kih\u00edv\u00e1s el\u00e9 n\u00e9zett, k\u00fcsz\u00f6b\u00f6n volt a XXXII. Toki\u00f3i Olimpia megredez\u00e9se, a sportol\u00f3k is a legjobb eredm\u00e9nyek \u00e9rdek\u00e9ben m\u00e1r a harmadik sebess\u00e9gre kapcsoltak. A katolikus vil\u00e1g, \u00e9s f\u0151k\u00e9ppen haz\u00e1nk mint az 52. Nemzetk\u00f6zi Eucharisztikus Kongresszus h\u00e1zigazd\u00e1ja l\u00e1zasan k\u00e9sz\u00fclt arra, hogy ism\u00e9t megmutathassa, mint ahogy ezt m\u00e1r tette 1938-ban is, hogy mire k\u00e9pes ez alkalommal a rendez\u00e9s\u00a0 tekintet\u00e9ben az Olt\u00e1riszents\u00e9g meg\u00fcnnepl\u00e9se 145. \u00e9vfordul\u00f3j\u00e1nak nagy seregszeml\u00e9j\u00e9n. A viharok ut\u00e1ni csendben, a h\u00e1tt\u00e9rben m\u00e1r mindenki a maga ter\u00fclet\u00e9n l\u00e1zasan k\u00e9sz\u00fcl\u0151d\u00f6tt. A 2020-ra vonatkoz\u00f3 t\u00f6rekv\u00e9s\u00fcnk hi\u00fa \u00e1br\u00e1ndnak bizonyult, mert ahogy ezt az ismert k\u00f6zmond\u00e1s mondja: \u201e ember tervez, s Isten v\u00e9gez&#8221;, \u00e9s ennek a v\u00e9gz\u00e9snek a beteljes\u00edt\u0151je nem volt m\u00e1s, mint a m\u00e9r\u0151m\u0171szerekkel is csak alig kimutathat\u00f3 par\u00e1nyi \u00e9l\u0151szervezet, amelyet koronav\u00edrusnak keresztelt el a vil\u00e1g. Ezt a l\u00e9t\u00e9ben par\u00e1nyi de hatalmas mumust, most mindenfel\u00e9 rettegik, mert a milimikronnyin\u00e1l is kisebb organizmus egymaga is k\u00e9pes a vil\u00e1got a pusztul\u00e1s fel\u00e9 sodorni, \u00e9s a testet s lelket pr\u00f3b\u00e1ra t\u00e9v\u0151 betolakod\u00f3, nev\u00e9hez m\u00e9lt\u00f3an,\u00a0 j\u00f3 m\u00e9regkever\u0151k\u00e9nt (a latin eredet\u00fc v\u00edrus sz\u00f3, m\u00e9rget jelent) jobbr\u00f3l balra m\u00e9rgez\u0151 csap\u00e1sokat osztogat \u00e9s ebben a sz\u00f6rny\u0171s\u00e9gbe nemcsak az ember, hanem belegebed az eg\u00e9sz vil\u00e1ggazdas\u00e1g is. A koronav\u00edrus hat\u00e1s\u00e1ra le\u00e1llt a termel\u00e9s, bez\u00e1rtak a gy\u00e1rak az int\u00e9zm\u00e9nyek,az iskol\u00e1k \u00e9s \u00f3vod\u00e1k, eln\u00e9pteledtek az utc\u00e1k \u00e9s terek, vend\u00e9gek hi\u00e1ny\u00e1ban \u00fcresek a hotelek \u00e9s \u00e9ttermek, \u00fcresek az utc\u00e1k, a parkok a j\u00e1tsz\u00f3terek, s ott, ahol egykor l\u00fcktet\u0151 \u00e9let folyt, most puszta cs\u00f6nd... R\u00e9szletek\" \/>\n<meta property=\"og:url\" content=\"https:\/\/stuttgarti-katolikusok.de\/index.php\/zeitler-barbara-kitarul-egunkre-palastja-a-szuznek-kuzdelmek-egen-a-szivarvany\/\" \/>\n<meta property=\"og:site_name\" content=\"Stuttgarti Katolikusok\" \/>\n<meta property=\"article:published_time\" content=\"2020-05-02T08:04:12+00:00\" \/>\n<meta property=\"og:image\" content=\"https:\/\/stuttgarti-katolikusok.de\/wp-content\/uploads\/2020\/05\/barbara.jpg\" \/>\n\t<meta property=\"og:image:width\" content=\"423\" \/>\n\t<meta property=\"og:image:height\" content=\"304\" \/>\n\t<meta property=\"og:image:type\" content=\"image\/jpeg\" \/>\n<meta name=\"author\" content=\"Tibor atya\" \/>\n<meta name=\"twitter:card\" content=\"summary_large_image\" \/>\n<meta name=\"twitter:label1\" content=\"Szerz\u0151:\" \/>\n\t<meta name=\"twitter:data1\" content=\"Tibor atya\" \/>\n\t<meta name=\"twitter:label2\" content=\"Becs\u00fclt olvas\u00e1si id\u0151\" \/>\n\t<meta name=\"twitter:data2\" content=\"14 perc\" \/>\n<script type=\"application\/ld+json\" class=\"yoast-schema-graph\">{\"@context\":\"https:\\\/\\\/schema.org\",\"@graph\":[{\"@type\":\"Article\",\"@id\":\"https:\\\/\\\/stuttgarti-katolikusok.de\\\/index.php\\\/zeitler-barbara-kitarul-egunkre-palastja-a-szuznek-kuzdelmek-egen-a-szivarvany\\\/#article\",\"isPartOf\":{\"@id\":\"https:\\\/\\\/stuttgarti-katolikusok.de\\\/index.php\\\/zeitler-barbara-kitarul-egunkre-palastja-a-szuznek-kuzdelmek-egen-a-szivarvany\\\/\"},\"author\":{\"name\":\"Tibor atya\",\"@id\":\"https:\\\/\\\/stuttgarti-katolikusok.de\\\/#\\\/schema\\\/person\\\/75908d6f8fdc03a57889d27209df7795\"},\"headline\":\"Zeitler Barbara: &#8222;Kit\u00e1rul eg\u00fcnkre pal\u00e1stja a Sz\u0171znek, k\u00fczdelmek eg\u00e9n a sziv\u00e1rv\u00e1ny&#8230;&#8221;\",\"datePublished\":\"2020-05-02T08:04:12+00:00\",\"mainEntityOfPage\":{\"@id\":\"https:\\\/\\\/stuttgarti-katolikusok.de\\\/index.php\\\/zeitler-barbara-kitarul-egunkre-palastja-a-szuznek-kuzdelmek-egen-a-szivarvany\\\/\"},\"wordCount\":2748,\"image\":{\"@id\":\"https:\\\/\\\/stuttgarti-katolikusok.de\\\/index.php\\\/zeitler-barbara-kitarul-egunkre-palastja-a-szuznek-kuzdelmek-egen-a-szivarvany\\\/#primaryimage\"},\"thumbnailUrl\":\"https:\\\/\\\/stuttgarti-katolikusok.de\\\/wp-content\\\/uploads\\\/2020\\\/05\\\/barbara.jpg\",\"articleSection\":[\"Olvas\u00f3ink \u00edrj\u00e1k\"],\"inLanguage\":\"hu\"},{\"@type\":\"WebPage\",\"@id\":\"https:\\\/\\\/stuttgarti-katolikusok.de\\\/index.php\\\/zeitler-barbara-kitarul-egunkre-palastja-a-szuznek-kuzdelmek-egen-a-szivarvany\\\/\",\"url\":\"https:\\\/\\\/stuttgarti-katolikusok.de\\\/index.php\\\/zeitler-barbara-kitarul-egunkre-palastja-a-szuznek-kuzdelmek-egen-a-szivarvany\\\/\",\"name\":\"Zeitler Barbara: \\\"Kit\u00e1rul eg\u00fcnkre pal\u00e1stja a Sz\u0171znek, k\u00fczdelmek eg\u00e9n a sziv\u00e1rv\u00e1ny...\\\" - Stuttgarti Katolikusok\",\"isPartOf\":{\"@id\":\"https:\\\/\\\/stuttgarti-katolikusok.de\\\/#website\"},\"primaryImageOfPage\":{\"@id\":\"https:\\\/\\\/stuttgarti-katolikusok.de\\\/index.php\\\/zeitler-barbara-kitarul-egunkre-palastja-a-szuznek-kuzdelmek-egen-a-szivarvany\\\/#primaryimage\"},\"image\":{\"@id\":\"https:\\\/\\\/stuttgarti-katolikusok.de\\\/index.php\\\/zeitler-barbara-kitarul-egunkre-palastja-a-szuznek-kuzdelmek-egen-a-szivarvany\\\/#primaryimage\"},\"thumbnailUrl\":\"https:\\\/\\\/stuttgarti-katolikusok.de\\\/wp-content\\\/uploads\\\/2020\\\/05\\\/barbara.jpg\",\"datePublished\":\"2020-05-02T08:04:12+00:00\",\"author\":{\"@id\":\"https:\\\/\\\/stuttgarti-katolikusok.de\\\/#\\\/schema\\\/person\\\/75908d6f8fdc03a57889d27209df7795\"},\"breadcrumb\":{\"@id\":\"https:\\\/\\\/stuttgarti-katolikusok.de\\\/index.php\\\/zeitler-barbara-kitarul-egunkre-palastja-a-szuznek-kuzdelmek-egen-a-szivarvany\\\/#breadcrumb\"},\"inLanguage\":\"hu\",\"potentialAction\":[{\"@type\":\"ReadAction\",\"target\":[\"https:\\\/\\\/stuttgarti-katolikusok.de\\\/index.php\\\/zeitler-barbara-kitarul-egunkre-palastja-a-szuznek-kuzdelmek-egen-a-szivarvany\\\/\"]}]},{\"@type\":\"ImageObject\",\"inLanguage\":\"hu\",\"@id\":\"https:\\\/\\\/stuttgarti-katolikusok.de\\\/index.php\\\/zeitler-barbara-kitarul-egunkre-palastja-a-szuznek-kuzdelmek-egen-a-szivarvany\\\/#primaryimage\",\"url\":\"https:\\\/\\\/stuttgarti-katolikusok.de\\\/wp-content\\\/uploads\\\/2020\\\/05\\\/barbara.jpg\",\"contentUrl\":\"https:\\\/\\\/stuttgarti-katolikusok.de\\\/wp-content\\\/uploads\\\/2020\\\/05\\\/barbara.jpg\",\"width\":423,\"height\":304},{\"@type\":\"BreadcrumbList\",\"@id\":\"https:\\\/\\\/stuttgarti-katolikusok.de\\\/index.php\\\/zeitler-barbara-kitarul-egunkre-palastja-a-szuznek-kuzdelmek-egen-a-szivarvany\\\/#breadcrumb\",\"itemListElement\":[{\"@type\":\"ListItem\",\"position\":1,\"name\":\"Kezd\u0151lap\",\"item\":\"https:\\\/\\\/stuttgarti-katolikusok.de\\\/\"},{\"@type\":\"ListItem\",\"position\":2,\"name\":\"Zeitler Barbara: &#8220;Kit\u00e1rul eg\u00fcnkre pal\u00e1stja a Sz\u0171znek, k\u00fczdelmek eg\u00e9n a sziv\u00e1rv\u00e1ny&#8230;&#8221;\"}]},{\"@type\":\"WebSite\",\"@id\":\"https:\\\/\\\/stuttgarti-katolikusok.de\\\/#website\",\"url\":\"https:\\\/\\\/stuttgarti-katolikusok.de\\\/\",\"name\":\"Stuttgarti Katolikusok\",\"description\":\"\",\"potentialAction\":[{\"@type\":\"SearchAction\",\"target\":{\"@type\":\"EntryPoint\",\"urlTemplate\":\"https:\\\/\\\/stuttgarti-katolikusok.de\\\/?s={search_term_string}\"},\"query-input\":{\"@type\":\"PropertyValueSpecification\",\"valueRequired\":true,\"valueName\":\"search_term_string\"}}],\"inLanguage\":\"hu\"},{\"@type\":\"Person\",\"@id\":\"https:\\\/\\\/stuttgarti-katolikusok.de\\\/#\\\/schema\\\/person\\\/75908d6f8fdc03a57889d27209df7795\",\"name\":\"Tibor atya\",\"image\":{\"@type\":\"ImageObject\",\"inLanguage\":\"hu\",\"@id\":\"https:\\\/\\\/secure.gravatar.com\\\/avatar\\\/61d268e57d1f4525b111222e29d2d5a7f8c420fdbf231ba5566a8ceac74fa960?s=96&d=mm&r=g\",\"url\":\"https:\\\/\\\/secure.gravatar.com\\\/avatar\\\/61d268e57d1f4525b111222e29d2d5a7f8c420fdbf231ba5566a8ceac74fa960?s=96&d=mm&r=g\",\"contentUrl\":\"https:\\\/\\\/secure.gravatar.com\\\/avatar\\\/61d268e57d1f4525b111222e29d2d5a7f8c420fdbf231ba5566a8ceac74fa960?s=96&d=mm&r=g\",\"caption\":\"Tibor atya\"},\"url\":\"https:\\\/\\\/stuttgarti-katolikusok.de\\\/index.php\\\/author\\\/tibor-atya\\\/\"}]}<\/script>\n<!-- \/ Yoast SEO plugin. -->","yoast_head_json":{"title":"Zeitler Barbara: \"Kit\u00e1rul eg\u00fcnkre pal\u00e1stja a Sz\u0171znek, k\u00fczdelmek eg\u00e9n a sziv\u00e1rv\u00e1ny...\" - Stuttgarti Katolikusok","robots":{"index":"index","follow":"follow","max-snippet":"max-snippet:-1","max-image-preview":"max-image-preview:large","max-video-preview":"max-video-preview:-1"},"canonical":"https:\/\/stuttgarti-katolikusok.de\/index.php\/zeitler-barbara-kitarul-egunkre-palastja-a-szuznek-kuzdelmek-egen-a-szivarvany\/","og_locale":"hu_HU","og_type":"article","og_title":"Zeitler Barbara: \"Kit\u00e1rul eg\u00fcnkre pal\u00e1stja a Sz\u0171znek, k\u00fczdelmek eg\u00e9n a sziv\u00e1rv\u00e1ny...\" - Stuttgarti Katolikusok","og_description":"\u201eKit\u00e1rul eg\u00fcnkre pal\u00e1stja a Sz\u0171znek, k\u00fczdelmek eg\u00e9n a sziv\u00e1rv\u00e1ny&#8230;&#8221; 2020 janu\u00e1r v\u00e9g\u00e9n a gazdas\u00e1gi szak\u00e9rt\u0151k m\u00e9g sikeres vil\u00e1ggazdas\u00e1gi \u00e9vet \u00e1lmodtak, \u00e9s egyben kiegyens\u00falyozott esztend\u0151t j\u00f3soltak nek\u00fcnk. \u00dagy t\u0171nt minden, hogy a brexit megrengette eur\u00f3pai gazdas\u00e1g lassan \u00fajra mag\u00e1ra tal\u00e1l, \u00e9s siker\u00fcl neki \u00fajb\u00f3l talpra \u00e1llnia. Elt\u0171nt v\u00e9gre Londonban a minisztereket megoszt\u00f3 huza-vona a \u201ekil\u00e9p\u00fcnk vagy maradunk\u201c pol\u00e9mi\u00e1ja, \u00e9s miut\u00e1n Anglia 2020 janu\u00e1rj\u00e1ban v\u00e9gleg kil\u00e9pett az Uni\u00f3b\u00f3l, kezdett m\u00e1r a fiskus megnyugodni&#8230; A vil\u00e1g egy nagy kih\u00edv\u00e1s el\u00e9 n\u00e9zett, k\u00fcsz\u00f6b\u00f6n volt a XXXII. Toki\u00f3i Olimpia megredez\u00e9se, a sportol\u00f3k is a legjobb eredm\u00e9nyek \u00e9rdek\u00e9ben m\u00e1r a harmadik sebess\u00e9gre kapcsoltak. A katolikus vil\u00e1g, \u00e9s f\u0151k\u00e9ppen haz\u00e1nk mint az 52. Nemzetk\u00f6zi Eucharisztikus Kongresszus h\u00e1zigazd\u00e1ja l\u00e1zasan k\u00e9sz\u00fclt arra, hogy ism\u00e9t megmutathassa, mint ahogy ezt m\u00e1r tette 1938-ban is, hogy mire k\u00e9pes ez alkalommal a rendez\u00e9s\u00a0 tekintet\u00e9ben az Olt\u00e1riszents\u00e9g meg\u00fcnnepl\u00e9se 145. \u00e9vfordul\u00f3j\u00e1nak nagy seregszeml\u00e9j\u00e9n. A viharok ut\u00e1ni csendben, a h\u00e1tt\u00e9rben m\u00e1r mindenki a maga ter\u00fclet\u00e9n l\u00e1zasan k\u00e9sz\u00fcl\u0151d\u00f6tt. A 2020-ra vonatkoz\u00f3 t\u00f6rekv\u00e9s\u00fcnk hi\u00fa \u00e1br\u00e1ndnak bizonyult, mert ahogy ezt az ismert k\u00f6zmond\u00e1s mondja: \u201e ember tervez, s Isten v\u00e9gez&#8221;, \u00e9s ennek a v\u00e9gz\u00e9snek a beteljes\u00edt\u0151je nem volt m\u00e1s, mint a m\u00e9r\u0151m\u0171szerekkel is csak alig kimutathat\u00f3 par\u00e1nyi \u00e9l\u0151szervezet, amelyet koronav\u00edrusnak keresztelt el a vil\u00e1g. Ezt a l\u00e9t\u00e9ben par\u00e1nyi de hatalmas mumust, most mindenfel\u00e9 rettegik, mert a milimikronnyin\u00e1l is kisebb organizmus egymaga is k\u00e9pes a vil\u00e1got a pusztul\u00e1s fel\u00e9 sodorni, \u00e9s a testet s lelket pr\u00f3b\u00e1ra t\u00e9v\u0151 betolakod\u00f3, nev\u00e9hez m\u00e9lt\u00f3an,\u00a0 j\u00f3 m\u00e9regkever\u0151k\u00e9nt (a latin eredet\u00fc v\u00edrus sz\u00f3, m\u00e9rget jelent) jobbr\u00f3l balra m\u00e9rgez\u0151 csap\u00e1sokat osztogat \u00e9s ebben a sz\u00f6rny\u0171s\u00e9gbe nemcsak az ember, hanem belegebed az eg\u00e9sz vil\u00e1ggazdas\u00e1g is. A koronav\u00edrus hat\u00e1s\u00e1ra le\u00e1llt a termel\u00e9s, bez\u00e1rtak a gy\u00e1rak az int\u00e9zm\u00e9nyek,az iskol\u00e1k \u00e9s \u00f3vod\u00e1k, eln\u00e9pteledtek az utc\u00e1k \u00e9s terek, vend\u00e9gek hi\u00e1ny\u00e1ban \u00fcresek a hotelek \u00e9s \u00e9ttermek, \u00fcresek az utc\u00e1k, a parkok a j\u00e1tsz\u00f3terek, s ott, ahol egykor l\u00fcktet\u0151 \u00e9let folyt, most puszta cs\u00f6nd... R\u00e9szletek","og_url":"https:\/\/stuttgarti-katolikusok.de\/index.php\/zeitler-barbara-kitarul-egunkre-palastja-a-szuznek-kuzdelmek-egen-a-szivarvany\/","og_site_name":"Stuttgarti Katolikusok","article_published_time":"2020-05-02T08:04:12+00:00","og_image":[{"width":423,"height":304,"url":"https:\/\/stuttgarti-katolikusok.de\/wp-content\/uploads\/2020\/05\/barbara.jpg","type":"image\/jpeg"}],"author":"Tibor atya","twitter_card":"summary_large_image","twitter_misc":{"Szerz\u0151:":"Tibor atya","Becs\u00fclt olvas\u00e1si id\u0151":"14 perc"},"schema":{"@context":"https:\/\/schema.org","@graph":[{"@type":"Article","@id":"https:\/\/stuttgarti-katolikusok.de\/index.php\/zeitler-barbara-kitarul-egunkre-palastja-a-szuznek-kuzdelmek-egen-a-szivarvany\/#article","isPartOf":{"@id":"https:\/\/stuttgarti-katolikusok.de\/index.php\/zeitler-barbara-kitarul-egunkre-palastja-a-szuznek-kuzdelmek-egen-a-szivarvany\/"},"author":{"name":"Tibor atya","@id":"https:\/\/stuttgarti-katolikusok.de\/#\/schema\/person\/75908d6f8fdc03a57889d27209df7795"},"headline":"Zeitler Barbara: &#8222;Kit\u00e1rul eg\u00fcnkre pal\u00e1stja a Sz\u0171znek, k\u00fczdelmek eg\u00e9n a sziv\u00e1rv\u00e1ny&#8230;&#8221;","datePublished":"2020-05-02T08:04:12+00:00","mainEntityOfPage":{"@id":"https:\/\/stuttgarti-katolikusok.de\/index.php\/zeitler-barbara-kitarul-egunkre-palastja-a-szuznek-kuzdelmek-egen-a-szivarvany\/"},"wordCount":2748,"image":{"@id":"https:\/\/stuttgarti-katolikusok.de\/index.php\/zeitler-barbara-kitarul-egunkre-palastja-a-szuznek-kuzdelmek-egen-a-szivarvany\/#primaryimage"},"thumbnailUrl":"https:\/\/stuttgarti-katolikusok.de\/wp-content\/uploads\/2020\/05\/barbara.jpg","articleSection":["Olvas\u00f3ink \u00edrj\u00e1k"],"inLanguage":"hu"},{"@type":"WebPage","@id":"https:\/\/stuttgarti-katolikusok.de\/index.php\/zeitler-barbara-kitarul-egunkre-palastja-a-szuznek-kuzdelmek-egen-a-szivarvany\/","url":"https:\/\/stuttgarti-katolikusok.de\/index.php\/zeitler-barbara-kitarul-egunkre-palastja-a-szuznek-kuzdelmek-egen-a-szivarvany\/","name":"Zeitler Barbara: \"Kit\u00e1rul eg\u00fcnkre pal\u00e1stja a Sz\u0171znek, k\u00fczdelmek eg\u00e9n a sziv\u00e1rv\u00e1ny...\" - Stuttgarti Katolikusok","isPartOf":{"@id":"https:\/\/stuttgarti-katolikusok.de\/#website"},"primaryImageOfPage":{"@id":"https:\/\/stuttgarti-katolikusok.de\/index.php\/zeitler-barbara-kitarul-egunkre-palastja-a-szuznek-kuzdelmek-egen-a-szivarvany\/#primaryimage"},"image":{"@id":"https:\/\/stuttgarti-katolikusok.de\/index.php\/zeitler-barbara-kitarul-egunkre-palastja-a-szuznek-kuzdelmek-egen-a-szivarvany\/#primaryimage"},"thumbnailUrl":"https:\/\/stuttgarti-katolikusok.de\/wp-content\/uploads\/2020\/05\/barbara.jpg","datePublished":"2020-05-02T08:04:12+00:00","author":{"@id":"https:\/\/stuttgarti-katolikusok.de\/#\/schema\/person\/75908d6f8fdc03a57889d27209df7795"},"breadcrumb":{"@id":"https:\/\/stuttgarti-katolikusok.de\/index.php\/zeitler-barbara-kitarul-egunkre-palastja-a-szuznek-kuzdelmek-egen-a-szivarvany\/#breadcrumb"},"inLanguage":"hu","potentialAction":[{"@type":"ReadAction","target":["https:\/\/stuttgarti-katolikusok.de\/index.php\/zeitler-barbara-kitarul-egunkre-palastja-a-szuznek-kuzdelmek-egen-a-szivarvany\/"]}]},{"@type":"ImageObject","inLanguage":"hu","@id":"https:\/\/stuttgarti-katolikusok.de\/index.php\/zeitler-barbara-kitarul-egunkre-palastja-a-szuznek-kuzdelmek-egen-a-szivarvany\/#primaryimage","url":"https:\/\/stuttgarti-katolikusok.de\/wp-content\/uploads\/2020\/05\/barbara.jpg","contentUrl":"https:\/\/stuttgarti-katolikusok.de\/wp-content\/uploads\/2020\/05\/barbara.jpg","width":423,"height":304},{"@type":"BreadcrumbList","@id":"https:\/\/stuttgarti-katolikusok.de\/index.php\/zeitler-barbara-kitarul-egunkre-palastja-a-szuznek-kuzdelmek-egen-a-szivarvany\/#breadcrumb","itemListElement":[{"@type":"ListItem","position":1,"name":"Kezd\u0151lap","item":"https:\/\/stuttgarti-katolikusok.de\/"},{"@type":"ListItem","position":2,"name":"Zeitler Barbara: &#8220;Kit\u00e1rul eg\u00fcnkre pal\u00e1stja a Sz\u0171znek, k\u00fczdelmek eg\u00e9n a sziv\u00e1rv\u00e1ny&#8230;&#8221;"}]},{"@type":"WebSite","@id":"https:\/\/stuttgarti-katolikusok.de\/#website","url":"https:\/\/stuttgarti-katolikusok.de\/","name":"Stuttgarti Katolikusok","description":"","potentialAction":[{"@type":"SearchAction","target":{"@type":"EntryPoint","urlTemplate":"https:\/\/stuttgarti-katolikusok.de\/?s={search_term_string}"},"query-input":{"@type":"PropertyValueSpecification","valueRequired":true,"valueName":"search_term_string"}}],"inLanguage":"hu"},{"@type":"Person","@id":"https:\/\/stuttgarti-katolikusok.de\/#\/schema\/person\/75908d6f8fdc03a57889d27209df7795","name":"Tibor atya","image":{"@type":"ImageObject","inLanguage":"hu","@id":"https:\/\/secure.gravatar.com\/avatar\/61d268e57d1f4525b111222e29d2d5a7f8c420fdbf231ba5566a8ceac74fa960?s=96&d=mm&r=g","url":"https:\/\/secure.gravatar.com\/avatar\/61d268e57d1f4525b111222e29d2d5a7f8c420fdbf231ba5566a8ceac74fa960?s=96&d=mm&r=g","contentUrl":"https:\/\/secure.gravatar.com\/avatar\/61d268e57d1f4525b111222e29d2d5a7f8c420fdbf231ba5566a8ceac74fa960?s=96&d=mm&r=g","caption":"Tibor atya"},"url":"https:\/\/stuttgarti-katolikusok.de\/index.php\/author\/tibor-atya\/"}]}},"_links":{"self":[{"href":"https:\/\/stuttgarti-katolikusok.de\/index.php\/wp-json\/wp\/v2\/posts\/19448","targetHints":{"allow":["GET"]}}],"collection":[{"href":"https:\/\/stuttgarti-katolikusok.de\/index.php\/wp-json\/wp\/v2\/posts"}],"about":[{"href":"https:\/\/stuttgarti-katolikusok.de\/index.php\/wp-json\/wp\/v2\/types\/post"}],"author":[{"embeddable":true,"href":"https:\/\/stuttgarti-katolikusok.de\/index.php\/wp-json\/wp\/v2\/users\/3"}],"replies":[{"embeddable":true,"href":"https:\/\/stuttgarti-katolikusok.de\/index.php\/wp-json\/wp\/v2\/comments?post=19448"}],"version-history":[{"count":1,"href":"https:\/\/stuttgarti-katolikusok.de\/index.php\/wp-json\/wp\/v2\/posts\/19448\/revisions"}],"predecessor-version":[{"id":19450,"href":"https:\/\/stuttgarti-katolikusok.de\/index.php\/wp-json\/wp\/v2\/posts\/19448\/revisions\/19450"}],"wp:featuredmedia":[{"embeddable":true,"href":"https:\/\/stuttgarti-katolikusok.de\/index.php\/wp-json\/wp\/v2\/media\/19449"}],"wp:attachment":[{"href":"https:\/\/stuttgarti-katolikusok.de\/index.php\/wp-json\/wp\/v2\/media?parent=19448"}],"wp:term":[{"taxonomy":"category","embeddable":true,"href":"https:\/\/stuttgarti-katolikusok.de\/index.php\/wp-json\/wp\/v2\/categories?post=19448"},{"taxonomy":"post_tag","embeddable":true,"href":"https:\/\/stuttgarti-katolikusok.de\/index.php\/wp-json\/wp\/v2\/tags?post=19448"}],"curies":[{"name":"wp","href":"https:\/\/api.w.org\/{rel}","templated":true}]}}