{"id":19424,"date":"2020-04-27T19:42:41","date_gmt":"2020-04-27T19:42:41","guid":{"rendered":"https:\/\/gracious-dewdney.138-201-221-2.plesk.page\/?p=19424"},"modified":"2020-04-27T19:42:41","modified_gmt":"2020-04-27T19:42:41","slug":"az-en-husvetom","status":"publish","type":"post","link":"https:\/\/stuttgarti-katolikusok.de\/index.php\/az-en-husvetom\/","title":{"rendered":"Az \u00e9n H\u00fasv\u00e9tom !"},"content":{"rendered":"<div dir=\"auto\"><em>Tegnap, azaz vas\u00e1rnap, Merk Csaba &#8211; Franz 57. sz\u00fclet\u00e9snapj\u00e1t \u00fcnnepelte.\u00a0 Sz\u0171k k\u00f6rben, ahogyan erre a mai k\u00f6r\u00fclm\u00e9nyek k\u00f6zt lehet\u0151s\u00e9g van, \u00f6sszegy\u0171lt\u00fcnk, hogy h\u00e1laad\u00f3 szentmise keret\u00e9ben mondjunk k\u00f6sz\u00f6netet a j\u00f3 Istennek. \u00cdgy is meghitt \u00e9s csal\u00e1dias l\u00e9gk\u00f6rben voltunk egy\u00fctt. Felemel\u0151 \u00e9rz\u00e9s volt!<\/em><\/div>\n<div dir=\"auto\"><em>Csaba, szok\u00e1s\u00e1hoz h\u00edven, n\u00e9h\u00e1ny gondolattal is k\u00e9sz\u00fclt. Ezekben a gondolatokban benne van az \u0151 idei H\u00fasv\u00e9tja, s\u0151t ann\u00e1l t\u00f6bb is. S hogy jobban meg\u00e9rts\u00fck gondolatait, annyit szeretn\u00e9k el\u0151re bocs\u00e1tani, j\u00f3 h\u00f3nappal ezel\u0151tt h\u00e1zat vett, s annak fel\u00faj\u00edt\u00e1s\u00e1hoz is hozz\u00e1l\u00e1tott. Rokonok, bar\u00e1tok seg\u00edt\u00fcnk, ahogyan tudunk, amikor arra id\u0151nk van.<\/em><\/div>\n<div dir=\"auto\"><em>Fogadj\u00e1tok szeretettel gondolatait:<\/em><\/div>\n<p style=\"text-align: center;\"><span style=\"color: #ff9900;\"><strong><em>Csal\u00e1di szentmise<\/em><\/strong><\/span><\/p>\n<p>Amennyiben 57 \u00e9v t\u00e1vlat\u00e1b\u00f3l visszatekintek az elm\u00falt \u00e9vekre, akkor nagyon sok \u00e9lm\u00e9ny, sz\u00e9p \u00e9s neh\u00e9z pillanatok sokas\u00e1ga t\u00e1rul el\u00e9m. Mindezt nagyon neh\u00e9z, s\u0151t lehetetlen n\u00e9h\u00e1ny mondatban \u00f6sszefoglani. Egy azonban nyilv\u00e1nval\u00f3; &#8211; az \u00e9n \u00e9letem k\u00e9t fontos szakaszra oszlik. Az els\u0151 26 \u00e9v az \u0151shaz\u00e1ban, Erd\u00e9lyben zajlik \u00e9s az azt k\u00f6vet\u0151 31 \u00e9v pedig az \u00faj haz\u00e1ban, N\u00e9metorsz\u00e1gban.<\/p>\n<p>Nem csak korban \u00e9s \u00e9letkivitelben, hanem szellemi \u00e9s lelki fejl\u0151d\u00e9semben is e k\u00e9t \u00e9letszakasz gy\u00f6keresen k\u00fcl\u00f6nb\u00f6zik egym\u00e1st\u00f3l. Itt \u00e9s most azonban nem szeretn\u00e9k r\u00e9szletekbe bocs\u00e1tkozni.<\/p>\n<p>A minap azt olvastam, a sikerhez n\u00e9gy dolog kell, n\u00e9gy dologra van sz\u00fcks\u00e9g: Te, C\u00e9lod, Mi\u00e9rt-ed \u00e9s Kitart\u00e1sod.<br \/>\nMind a n\u00e9gy kiz\u00e1r\u00f3lag r\u00f3lad sz\u00f3l. Tal\u00e1n \u00e9ppen ez\u00e9rt, az \u00e9n v\u00e9lem\u00e9nyem az, hogy a sikerhez hossz\u00fat\u00e1von csak 3 dolog sz\u00fcks\u00e9ges: Te, a J\u00f3isten, \u00a0a csal\u00e1dod, bar\u00e1taid.<br \/>\nVagyis arr\u00f3l a sz\u0171k k\u00f6rr\u0151l van sz\u00f3 akik ismernek, b\u00e1tor\u00edtanak, meghallgatnak,\u00a0 k\u00f6r\u00fcl vesznek,\u00a0 szeretnek,\u00a0 biztatnak \u00e9s seg\u00edtenek.<br \/>\nAz emberek nagy r\u00e9sze abban a t\u00e9ves hitben \u00e9l, hogy a csal\u00e1d a v\u00e9rrokons\u00e1gr\u00f3l sz\u00f3l. Felteszem a k\u00e9rd\u00e9st, mi van a f\u00e9rjekkel, feles\u00e9gekkel akik nem v\u00e9rrokonok&#8230;?<\/p>\n<p>Szerintem az igazi csal\u00e1d az ett\u0151l sokkal t\u00f6bb. A csal\u00e1dot m\u00e1r gyerekkorban \u00fagy tapasztalod meg, hogy nem csak \u00e9telt, italt, meleg \u00e1gyat kapsz, hanem v\u00e9gtelen sok szeretetet, gy\u00f6ng\u00e9ds\u00e9get, meg\u00e9rt\u00e9st \u00e9s m\u00e9g sorolhatn\u00e1m. S ami l\u00e9nyeges, hogy mindezt elv\u00e1r\u00e1sok n\u00e9lk\u00fcl kapod. A csal\u00e1d az, ahol az \u00e9let kezd\u0151dik, s a t\u00fcrelem n\u00e9ha elfogy, azonban a szeretet \u00f6r\u00f6kk\u00e9 tart. A csal\u00e1d, \u00e9s \u00edgy van az igazi bar\u00e1tokkal is, akkor fogj\u00e1k meg a kezed, amikor legnagyobb sz\u00fcks\u00e9ged van r\u00e1.<\/p>\n<p>S ha azt k\u00e9rded t\u0151lem, milyen az igazi bar\u00e1t, akkor sz\u00edvem szerint ezt az id\u00e9zetet tolm\u00e1csoln\u00e1m:<\/p>\n<p><span style=\"color: #ff9900;\">\u201eHa kell seg\u00edt, ha kell szor\u00edt. <\/span><br \/>\n<span style=\"color: #ff9900;\">Ha kell nevet, ha kell szeret.<\/span><br \/>\n<span style=\"color: #ff9900;\">Ha kell hallgat, ha kell faggat.<\/span><br \/>\n<span style=\"color: #ff9900;\">Ha kell besz\u00e9l, ha kell rem\u00e9l.<\/span><br \/>\n<span style=\"color: #ff9900;\">Ha kell \u00f6lel, ha kell f\u00f6lemel.\u201d<\/span><\/p>\n<p>Ilyennek \u00e9lem meg az igazi bar\u00e1tot, az igazi csal\u00e1dot!<\/p>\n<p><em><span style=\"color: #ff9900;\"><strong>Az eg\u00e9szs\u00e9ges l\u00e9lekhez minden embernek sz\u00fcks\u00e9ge van ilyen embert\u00e1rsakra, csal\u00e1dra \u00e9s bar\u00e1tokra, hiszen ezek a mi gy\u00f6kereink, melyeken kereszt\u00fcl t\u00e1pl\u00e1lkozunk. Mint tudjuk, gy\u00f6kerek n\u00e9lk\u00fcl elpusztul minden n\u00f6v\u00e9ny. Hogy maradhatna meg akkor gy\u00f6kerei n\u00e9lk\u00fcl az ember? <\/strong><\/span><\/em><\/p>\n<p>A n\u00e9metorsz\u00e1gi \u00e9letem, kiv\u00e9ve az els\u0151 6 hetet, N\u00e9nyuka\/Mutti kapcs\u00e1n, Weingartenben, a Siemens utc\u00e1ban kezd\u0151d\u00f6tt. Valah\u00e1nyszor megtehett\u00fck, est\u00e9nk\u00e9nt elment\u00fcnk a Binningen-i k\u00e1poln\u00e1hoz. A k\u00e1poln\u00e1ban bal oldalt van egy Sz\u0171zanya szobor a kis J\u00e9zussal a karj\u00e1n, k\u00f6zb\u00fcl a megfesz\u00edtett J\u00e9zus \u00e9s jobb oldalt egy Szent J\u00f3zsef szobor.<\/p>\n<p style=\"text-align: center;\"><a href=\"https:\/\/stuttgarti-katolikusok.de\/wp-content\/uploads\/2020\/04\/kapolna.jpeg\"><img loading=\"lazy\" decoding=\"async\" class=\"alignnone size-medium wp-image-19427\" src=\"https:\/\/stuttgarti-katolikusok.de\/wp-content\/uploads\/2020\/04\/kapolna-225x300.jpeg\" alt=\"\" width=\"225\" height=\"300\" srcset=\"https:\/\/stuttgarti-katolikusok.de\/wp-content\/uploads\/2020\/04\/kapolna-225x300.jpeg 225w, https:\/\/stuttgarti-katolikusok.de\/wp-content\/uploads\/2020\/04\/kapolna-768x1024.jpeg 768w, https:\/\/stuttgarti-katolikusok.de\/wp-content\/uploads\/2020\/04\/kapolna.jpeg 1200w\" sizes=\"auto, (max-width: 225px) 100vw, 225px\" \/><\/a><\/p>\n<p>Az a t\u00e9ny, hogy ennyi \u00e9v ut\u00e1n ennek a k\u00e1poln\u00e1nak a szomsz\u00e9ds\u00e1g\u00e1ban tal\u00e1ltam otthonra, lak\u00e1st v\u00e1s\u00e1roltam nemr\u00e9g, sz\u00e1momra mindenk\u00e9pp t\u00f6bb, mint aj\u00e1nd\u00e9k a J\u00f3istent\u0151l. Sz\u00e1momra ez k\u00fcl\u00f6n\u00f6s gondvisel\u00e9st jelent! Mindk\u00e9t szobornak k\u00fcl\u00f6n\u00f6s var\u00e1zsa van, azonban a Sz\u0171zanya tekintete hihetetlen szeretetet \u00e9s meg\u00e9rt\u00e9st sug\u00e1roz.<\/p>\n<p>Valah\u00e1nyszor este vagy napk\u00f6zben n\u00e9h\u00e1ny percet a k\u00e1poln\u00e1n\u00e1l t\u00f6lt\u00f6k elm\u00e9lkedve, magamba sz\u00e1llva, akkor gyakran \u00e9desany\u00e1m utols\u00f3 szavai jutnak eszembe: \u201eTe vagy a legid\u0151sebb (alig 11 \u00e9ves voltam), k\u00e9rlek vigy\u00e1zz a h\u00e1rom testv\u00e9redre, szeress\u00e9tek egym\u00e1st \u00e9s ne agg\u00f3djatok! Itt kell hagyjalak beneteket, de addig fogom a mennyorsz\u00e1gban a Sz\u0171zanya k\u00f6zbenj\u00e1r\u00e1s\u00e1t k\u00e9rni, ameddig rendezi mindannyiotok sors\u00e1t.\u201d Szem\u00e9ly szerint nagyon gyakran \u00e9reztem, \u00e9rezhettem ezt a k\u00f6zbenj\u00e1r\u00e1st.<\/p>\n<p>Az odaad\u00e1sotok, hat\u00e1rtalan seg\u00edt\u0151k\u00e9szs\u00e9getek, a sok seg\u00edts\u00e9g r\u00e9szetekr\u0151l, csal\u00e1d \u00e9s bar\u00e1tok r\u00e9sz\u00e9r\u0151l egyar\u00e1nt, t\u00f6bb mint aj\u00e1nd\u00e9k! Szavakkal nem fejezhet\u0151 ki, ez\u00e9rt csak annyit mondhatok, mindez\u00e9rt \u00e9s minden\u00e9rt \u00a0h\u00e1la \u00e9s k\u00f6sz\u00f6net!<\/p>\n<p style=\"text-align: center;\"><a href=\"https:\/\/stuttgarti-katolikusok.de\/wp-content\/uploads\/2020\/04\/a-haz.jpeg\"><img loading=\"lazy\" decoding=\"async\" class=\"alignnone size-medium wp-image-19428\" src=\"https:\/\/stuttgarti-katolikusok.de\/wp-content\/uploads\/2020\/04\/a-haz-300x225.jpeg\" alt=\"\" width=\"300\" height=\"225\" srcset=\"https:\/\/stuttgarti-katolikusok.de\/wp-content\/uploads\/2020\/04\/a-haz-300x225.jpeg 300w, https:\/\/stuttgarti-katolikusok.de\/wp-content\/uploads\/2020\/04\/a-haz-1024x768.jpeg 1024w, https:\/\/stuttgarti-katolikusok.de\/wp-content\/uploads\/2020\/04\/a-haz-164x124.jpeg 164w, https:\/\/stuttgarti-katolikusok.de\/wp-content\/uploads\/2020\/04\/a-haz.jpeg 1600w\" sizes=\"auto, (max-width: 300px) 100vw, 300px\" \/><\/a><\/p>\n<p>K\u00e9rj\u00fck ebben a szentmis\u00e9ben k\u00f6z\u00f6sen a J\u00f3istent, hogy tartson meg benn\u00fcnket ebben a szellemben \u00e9s kereszt\u00e9ny hit\u00fcnkben. Seg\u00edtsen abban, hogy ezt a lelk\u00fcletet siker\u00fclj\u00f6n tov\u00e1bbadni a gyermekeknek, unok\u00e1knak, mindazoknak, akik lelkileg k\u00f6zel \u00e1llnak hozz\u00e1nk, valamennyi embert\u00e1rsunknak, akiknek nem siker\u00fclt lelkileg k\u00f6zel ker\u00fclni hozz\u00e1nk vagy m\u00e1sokhoz.<\/p>\n<p>K\u00f6sz\u00f6n\u00f6m, hogy vagytok nekem, \u00e9s sz\u00edvb\u0151l k\u00edv\u00e1nom, hogy ez a szeretet, amely \u00f6sszek\u00f6t benn\u00fcnket, adjon er\u0151t a h\u00e9tk\u00f6znapok harcaihoz, adjon menhelyet a viharban, kitart\u00e1st a k\u00fczdelemben, \u00a0s\u00edrig tart\u00f3 szeretetet Isten \u00e9s egym\u00e1s ir\u00e1nt!<\/p>\n<p>Csaba-Franz<\/p>\n","protected":false},"excerpt":{"rendered":"<p>Tegnap, azaz vas\u00e1rnap, Merk Csaba &#8211; Franz 57. sz\u00fclet\u00e9snapj\u00e1t \u00fcnnepelte.\u00a0 Sz\u0171k k\u00f6rben, ahogyan erre a mai k\u00f6r\u00fclm\u00e9nyek k\u00f6zt lehet\u0151s\u00e9g van, \u00f6sszegy\u0171lt\u00fcnk, hogy h\u00e1laad\u00f3 szentmise keret\u00e9ben mondjunk k\u00f6sz\u00f6netet a j\u00f3 Istennek. \u00cdgy is meghitt \u00e9s csal\u00e1dias l\u00e9gk\u00f6rben voltunk egy\u00fctt. Felemel\u0151 \u00e9rz\u00e9s volt! Csaba, szok\u00e1s\u00e1hoz h\u00edven, n\u00e9h\u00e1ny gondolattal is k\u00e9sz\u00fclt. Ezekben a gondolatokban benne van az \u0151 idei H\u00fasv\u00e9tja, s\u0151t ann\u00e1l t\u00f6bb is. S hogy jobban meg\u00e9rts\u00fck gondolatait, annyit szeretn\u00e9k el\u0151re bocs\u00e1tani, j\u00f3 h\u00f3nappal ezel\u0151tt h\u00e1zat vett, s annak fel\u00faj\u00edt\u00e1s\u00e1hoz is hozz\u00e1l\u00e1tott. Rokonok, bar\u00e1tok seg\u00edt\u00fcnk, ahogyan tudunk, amikor arra id\u0151nk van. Fogadj\u00e1tok szeretettel gondolatait: Csal\u00e1di szentmise Amennyiben 57 \u00e9v t\u00e1vlat\u00e1b\u00f3l visszatekintek az elm\u00falt \u00e9vekre, akkor nagyon sok \u00e9lm\u00e9ny, sz\u00e9p \u00e9s neh\u00e9z pillanatok sokas\u00e1ga t\u00e1rul el\u00e9m. Mindezt nagyon neh\u00e9z, s\u0151t lehetetlen n\u00e9h\u00e1ny mondatban \u00f6sszefoglani. Egy azonban nyilv\u00e1nval\u00f3; &#8211; az \u00e9n \u00e9letem k\u00e9t fontos szakaszra oszlik. Az els\u0151 26 \u00e9v az \u0151shaz\u00e1ban, Erd\u00e9lyben zajlik \u00e9s az azt k\u00f6vet\u0151 31 \u00e9v pedig az \u00faj haz\u00e1ban, N\u00e9metorsz\u00e1gban. Nem csak korban \u00e9s \u00e9letkivitelben, hanem szellemi \u00e9s lelki fejl\u0151d\u00e9semben is e k\u00e9t \u00e9letszakasz gy\u00f6keresen k\u00fcl\u00f6nb\u00f6zik egym\u00e1st\u00f3l. Itt \u00e9s most azonban nem szeretn\u00e9k r\u00e9szletekbe bocs\u00e1tkozni. A minap azt olvastam, a sikerhez n\u00e9gy dolog kell, n\u00e9gy dologra van sz\u00fcks\u00e9g: Te, C\u00e9lod, Mi\u00e9rt-ed \u00e9s Kitart\u00e1sod. Mind a n\u00e9gy kiz\u00e1r\u00f3lag r\u00f3lad sz\u00f3l. Tal\u00e1n \u00e9ppen ez\u00e9rt, az \u00e9n v\u00e9lem\u00e9nyem az, hogy a sikerhez hossz\u00fat\u00e1von csak 3 dolog sz\u00fcks\u00e9ges: Te, a J\u00f3isten, \u00a0a csal\u00e1dod, bar\u00e1taid. Vagyis arr\u00f3l a sz\u0171k k\u00f6rr\u0151l van sz\u00f3 akik ismernek, b\u00e1tor\u00edtanak, meghallgatnak,\u00a0 k\u00f6r\u00fcl vesznek,\u00a0 szeretnek,\u00a0 biztatnak \u00e9s seg\u00edtenek. Az emberek nagy r\u00e9sze abban a t\u00e9ves hitben \u00e9l, hogy a csal\u00e1d a v\u00e9rrokons\u00e1gr\u00f3l sz\u00f3l. Felteszem a k\u00e9rd\u00e9st, mi van a f\u00e9rjekkel, feles\u00e9gekkel akik nem v\u00e9rrokonok&#8230;? Szerintem az igazi csal\u00e1d az ett\u0151l sokkal t\u00f6bb. A csal\u00e1dot m\u00e1r gyerekkorban \u00fagy tapasztalod meg, hogy nem csak \u00e9telt, italt, meleg \u00e1gyat kapsz, hanem v\u00e9gtelen sok szeretetet, gy\u00f6ng\u00e9ds\u00e9get, meg\u00e9rt\u00e9st \u00e9s m\u00e9g sorolhatn\u00e1m. S ami l\u00e9nyeges, hogy&#8230; <\/p>\n<p><a class=\"readmore\" href=\"https:\/\/stuttgarti-katolikusok.de\/index.php\/az-en-husvetom\/\">R\u00e9szletek<\/a><\/p>\n","protected":false},"author":3,"featured_media":19426,"comment_status":"closed","ping_status":"closed","sticky":false,"template":"","format":"standard","meta":{"footnotes":""},"categories":[28],"tags":[],"class_list":["post-19424","post","type-post","status-publish","format-standard","has-post-thumbnail","hentry","category-olvasoink-irjak"],"yoast_head":"<!-- This site is optimized with the Yoast SEO plugin v27.3 - https:\/\/yoast.com\/product\/yoast-seo-wordpress\/ -->\n<title>Az \u00e9n H\u00fasv\u00e9tom ! - Stuttgarti Katolikusok<\/title>\n<meta name=\"robots\" content=\"index, follow, max-snippet:-1, max-image-preview:large, max-video-preview:-1\" \/>\n<link rel=\"canonical\" href=\"https:\/\/stuttgarti-katolikusok.de\/index.php\/az-en-husvetom\/\" \/>\n<meta property=\"og:locale\" content=\"hu_HU\" \/>\n<meta property=\"og:type\" content=\"article\" \/>\n<meta property=\"og:title\" content=\"Az \u00e9n H\u00fasv\u00e9tom ! - Stuttgarti Katolikusok\" \/>\n<meta property=\"og:description\" content=\"Tegnap, azaz vas\u00e1rnap, Merk Csaba &#8211; Franz 57. sz\u00fclet\u00e9snapj\u00e1t \u00fcnnepelte.\u00a0 Sz\u0171k k\u00f6rben, ahogyan erre a mai k\u00f6r\u00fclm\u00e9nyek k\u00f6zt lehet\u0151s\u00e9g van, \u00f6sszegy\u0171lt\u00fcnk, hogy h\u00e1laad\u00f3 szentmise keret\u00e9ben mondjunk k\u00f6sz\u00f6netet a j\u00f3 Istennek. \u00cdgy is meghitt \u00e9s csal\u00e1dias l\u00e9gk\u00f6rben voltunk egy\u00fctt. Felemel\u0151 \u00e9rz\u00e9s volt! Csaba, szok\u00e1s\u00e1hoz h\u00edven, n\u00e9h\u00e1ny gondolattal is k\u00e9sz\u00fclt. Ezekben a gondolatokban benne van az \u0151 idei H\u00fasv\u00e9tja, s\u0151t ann\u00e1l t\u00f6bb is. S hogy jobban meg\u00e9rts\u00fck gondolatait, annyit szeretn\u00e9k el\u0151re bocs\u00e1tani, j\u00f3 h\u00f3nappal ezel\u0151tt h\u00e1zat vett, s annak fel\u00faj\u00edt\u00e1s\u00e1hoz is hozz\u00e1l\u00e1tott. Rokonok, bar\u00e1tok seg\u00edt\u00fcnk, ahogyan tudunk, amikor arra id\u0151nk van. Fogadj\u00e1tok szeretettel gondolatait: Csal\u00e1di szentmise Amennyiben 57 \u00e9v t\u00e1vlat\u00e1b\u00f3l visszatekintek az elm\u00falt \u00e9vekre, akkor nagyon sok \u00e9lm\u00e9ny, sz\u00e9p \u00e9s neh\u00e9z pillanatok sokas\u00e1ga t\u00e1rul el\u00e9m. Mindezt nagyon neh\u00e9z, s\u0151t lehetetlen n\u00e9h\u00e1ny mondatban \u00f6sszefoglani. Egy azonban nyilv\u00e1nval\u00f3; &#8211; az \u00e9n \u00e9letem k\u00e9t fontos szakaszra oszlik. Az els\u0151 26 \u00e9v az \u0151shaz\u00e1ban, Erd\u00e9lyben zajlik \u00e9s az azt k\u00f6vet\u0151 31 \u00e9v pedig az \u00faj haz\u00e1ban, N\u00e9metorsz\u00e1gban. Nem csak korban \u00e9s \u00e9letkivitelben, hanem szellemi \u00e9s lelki fejl\u0151d\u00e9semben is e k\u00e9t \u00e9letszakasz gy\u00f6keresen k\u00fcl\u00f6nb\u00f6zik egym\u00e1st\u00f3l. Itt \u00e9s most azonban nem szeretn\u00e9k r\u00e9szletekbe bocs\u00e1tkozni. A minap azt olvastam, a sikerhez n\u00e9gy dolog kell, n\u00e9gy dologra van sz\u00fcks\u00e9g: Te, C\u00e9lod, Mi\u00e9rt-ed \u00e9s Kitart\u00e1sod. Mind a n\u00e9gy kiz\u00e1r\u00f3lag r\u00f3lad sz\u00f3l. Tal\u00e1n \u00e9ppen ez\u00e9rt, az \u00e9n v\u00e9lem\u00e9nyem az, hogy a sikerhez hossz\u00fat\u00e1von csak 3 dolog sz\u00fcks\u00e9ges: Te, a J\u00f3isten, \u00a0a csal\u00e1dod, bar\u00e1taid. Vagyis arr\u00f3l a sz\u0171k k\u00f6rr\u0151l van sz\u00f3 akik ismernek, b\u00e1tor\u00edtanak, meghallgatnak,\u00a0 k\u00f6r\u00fcl vesznek,\u00a0 szeretnek,\u00a0 biztatnak \u00e9s seg\u00edtenek. Az emberek nagy r\u00e9sze abban a t\u00e9ves hitben \u00e9l, hogy a csal\u00e1d a v\u00e9rrokons\u00e1gr\u00f3l sz\u00f3l. Felteszem a k\u00e9rd\u00e9st, mi van a f\u00e9rjekkel, feles\u00e9gekkel akik nem v\u00e9rrokonok&#8230;? Szerintem az igazi csal\u00e1d az ett\u0151l sokkal t\u00f6bb. A csal\u00e1dot m\u00e1r gyerekkorban \u00fagy tapasztalod meg, hogy nem csak \u00e9telt, italt, meleg \u00e1gyat kapsz, hanem v\u00e9gtelen sok szeretetet, gy\u00f6ng\u00e9ds\u00e9get, meg\u00e9rt\u00e9st \u00e9s m\u00e9g sorolhatn\u00e1m. S ami l\u00e9nyeges, hogy... R\u00e9szletek\" \/>\n<meta property=\"og:url\" content=\"https:\/\/stuttgarti-katolikusok.de\/index.php\/az-en-husvetom\/\" \/>\n<meta property=\"og:site_name\" content=\"Stuttgarti Katolikusok\" \/>\n<meta property=\"article:published_time\" content=\"2020-04-27T19:42:41+00:00\" \/>\n<meta property=\"og:image\" content=\"https:\/\/stuttgarti-katolikusok.de\/wp-content\/uploads\/2020\/04\/kapolna1.jpeg\" \/>\n\t<meta property=\"og:image:width\" content=\"1600\" \/>\n\t<meta property=\"og:image:height\" content=\"1200\" \/>\n\t<meta property=\"og:image:type\" content=\"image\/jpeg\" \/>\n<meta name=\"author\" content=\"Tibor atya\" \/>\n<meta name=\"twitter:card\" content=\"summary_large_image\" \/>\n<meta name=\"twitter:label1\" content=\"Szerz\u0151:\" \/>\n\t<meta name=\"twitter:data1\" content=\"Tibor atya\" \/>\n\t<meta name=\"twitter:label2\" content=\"Becs\u00fclt olvas\u00e1si id\u0151\" \/>\n\t<meta name=\"twitter:data2\" content=\"5 perc\" \/>\n<script type=\"application\/ld+json\" class=\"yoast-schema-graph\">{\"@context\":\"https:\\\/\\\/schema.org\",\"@graph\":[{\"@type\":\"Article\",\"@id\":\"https:\\\/\\\/stuttgarti-katolikusok.de\\\/index.php\\\/az-en-husvetom\\\/#article\",\"isPartOf\":{\"@id\":\"https:\\\/\\\/stuttgarti-katolikusok.de\\\/index.php\\\/az-en-husvetom\\\/\"},\"author\":{\"name\":\"Tibor atya\",\"@id\":\"https:\\\/\\\/stuttgarti-katolikusok.de\\\/#\\\/schema\\\/person\\\/75908d6f8fdc03a57889d27209df7795\"},\"headline\":\"Az \u00e9n H\u00fasv\u00e9tom !\",\"datePublished\":\"2020-04-27T19:42:41+00:00\",\"mainEntityOfPage\":{\"@id\":\"https:\\\/\\\/stuttgarti-katolikusok.de\\\/index.php\\\/az-en-husvetom\\\/\"},\"wordCount\":1039,\"image\":{\"@id\":\"https:\\\/\\\/stuttgarti-katolikusok.de\\\/index.php\\\/az-en-husvetom\\\/#primaryimage\"},\"thumbnailUrl\":\"https:\\\/\\\/stuttgarti-katolikusok.de\\\/wp-content\\\/uploads\\\/2020\\\/04\\\/kapolna1.jpeg\",\"articleSection\":[\"Olvas\u00f3ink \u00edrj\u00e1k\"],\"inLanguage\":\"hu\"},{\"@type\":\"WebPage\",\"@id\":\"https:\\\/\\\/stuttgarti-katolikusok.de\\\/index.php\\\/az-en-husvetom\\\/\",\"url\":\"https:\\\/\\\/stuttgarti-katolikusok.de\\\/index.php\\\/az-en-husvetom\\\/\",\"name\":\"Az \u00e9n H\u00fasv\u00e9tom ! - Stuttgarti Katolikusok\",\"isPartOf\":{\"@id\":\"https:\\\/\\\/stuttgarti-katolikusok.de\\\/#website\"},\"primaryImageOfPage\":{\"@id\":\"https:\\\/\\\/stuttgarti-katolikusok.de\\\/index.php\\\/az-en-husvetom\\\/#primaryimage\"},\"image\":{\"@id\":\"https:\\\/\\\/stuttgarti-katolikusok.de\\\/index.php\\\/az-en-husvetom\\\/#primaryimage\"},\"thumbnailUrl\":\"https:\\\/\\\/stuttgarti-katolikusok.de\\\/wp-content\\\/uploads\\\/2020\\\/04\\\/kapolna1.jpeg\",\"datePublished\":\"2020-04-27T19:42:41+00:00\",\"author\":{\"@id\":\"https:\\\/\\\/stuttgarti-katolikusok.de\\\/#\\\/schema\\\/person\\\/75908d6f8fdc03a57889d27209df7795\"},\"breadcrumb\":{\"@id\":\"https:\\\/\\\/stuttgarti-katolikusok.de\\\/index.php\\\/az-en-husvetom\\\/#breadcrumb\"},\"inLanguage\":\"hu\",\"potentialAction\":[{\"@type\":\"ReadAction\",\"target\":[\"https:\\\/\\\/stuttgarti-katolikusok.de\\\/index.php\\\/az-en-husvetom\\\/\"]}]},{\"@type\":\"ImageObject\",\"inLanguage\":\"hu\",\"@id\":\"https:\\\/\\\/stuttgarti-katolikusok.de\\\/index.php\\\/az-en-husvetom\\\/#primaryimage\",\"url\":\"https:\\\/\\\/stuttgarti-katolikusok.de\\\/wp-content\\\/uploads\\\/2020\\\/04\\\/kapolna1.jpeg\",\"contentUrl\":\"https:\\\/\\\/stuttgarti-katolikusok.de\\\/wp-content\\\/uploads\\\/2020\\\/04\\\/kapolna1.jpeg\",\"width\":1600,\"height\":1200},{\"@type\":\"BreadcrumbList\",\"@id\":\"https:\\\/\\\/stuttgarti-katolikusok.de\\\/index.php\\\/az-en-husvetom\\\/#breadcrumb\",\"itemListElement\":[{\"@type\":\"ListItem\",\"position\":1,\"name\":\"Kezd\u0151lap\",\"item\":\"https:\\\/\\\/stuttgarti-katolikusok.de\\\/\"},{\"@type\":\"ListItem\",\"position\":2,\"name\":\"Az \u00e9n H\u00fasv\u00e9tom !\"}]},{\"@type\":\"WebSite\",\"@id\":\"https:\\\/\\\/stuttgarti-katolikusok.de\\\/#website\",\"url\":\"https:\\\/\\\/stuttgarti-katolikusok.de\\\/\",\"name\":\"Stuttgarti Katolikusok\",\"description\":\"\",\"potentialAction\":[{\"@type\":\"SearchAction\",\"target\":{\"@type\":\"EntryPoint\",\"urlTemplate\":\"https:\\\/\\\/stuttgarti-katolikusok.de\\\/?s={search_term_string}\"},\"query-input\":{\"@type\":\"PropertyValueSpecification\",\"valueRequired\":true,\"valueName\":\"search_term_string\"}}],\"inLanguage\":\"hu\"},{\"@type\":\"Person\",\"@id\":\"https:\\\/\\\/stuttgarti-katolikusok.de\\\/#\\\/schema\\\/person\\\/75908d6f8fdc03a57889d27209df7795\",\"name\":\"Tibor atya\",\"image\":{\"@type\":\"ImageObject\",\"inLanguage\":\"hu\",\"@id\":\"https:\\\/\\\/secure.gravatar.com\\\/avatar\\\/61d268e57d1f4525b111222e29d2d5a7f8c420fdbf231ba5566a8ceac74fa960?s=96&d=mm&r=g\",\"url\":\"https:\\\/\\\/secure.gravatar.com\\\/avatar\\\/61d268e57d1f4525b111222e29d2d5a7f8c420fdbf231ba5566a8ceac74fa960?s=96&d=mm&r=g\",\"contentUrl\":\"https:\\\/\\\/secure.gravatar.com\\\/avatar\\\/61d268e57d1f4525b111222e29d2d5a7f8c420fdbf231ba5566a8ceac74fa960?s=96&d=mm&r=g\",\"caption\":\"Tibor atya\"},\"url\":\"https:\\\/\\\/stuttgarti-katolikusok.de\\\/index.php\\\/author\\\/tibor-atya\\\/\"}]}<\/script>\n<!-- \/ Yoast SEO plugin. -->","yoast_head_json":{"title":"Az \u00e9n H\u00fasv\u00e9tom ! - Stuttgarti Katolikusok","robots":{"index":"index","follow":"follow","max-snippet":"max-snippet:-1","max-image-preview":"max-image-preview:large","max-video-preview":"max-video-preview:-1"},"canonical":"https:\/\/stuttgarti-katolikusok.de\/index.php\/az-en-husvetom\/","og_locale":"hu_HU","og_type":"article","og_title":"Az \u00e9n H\u00fasv\u00e9tom ! - Stuttgarti Katolikusok","og_description":"Tegnap, azaz vas\u00e1rnap, Merk Csaba &#8211; Franz 57. sz\u00fclet\u00e9snapj\u00e1t \u00fcnnepelte.\u00a0 Sz\u0171k k\u00f6rben, ahogyan erre a mai k\u00f6r\u00fclm\u00e9nyek k\u00f6zt lehet\u0151s\u00e9g van, \u00f6sszegy\u0171lt\u00fcnk, hogy h\u00e1laad\u00f3 szentmise keret\u00e9ben mondjunk k\u00f6sz\u00f6netet a j\u00f3 Istennek. \u00cdgy is meghitt \u00e9s csal\u00e1dias l\u00e9gk\u00f6rben voltunk egy\u00fctt. Felemel\u0151 \u00e9rz\u00e9s volt! Csaba, szok\u00e1s\u00e1hoz h\u00edven, n\u00e9h\u00e1ny gondolattal is k\u00e9sz\u00fclt. Ezekben a gondolatokban benne van az \u0151 idei H\u00fasv\u00e9tja, s\u0151t ann\u00e1l t\u00f6bb is. S hogy jobban meg\u00e9rts\u00fck gondolatait, annyit szeretn\u00e9k el\u0151re bocs\u00e1tani, j\u00f3 h\u00f3nappal ezel\u0151tt h\u00e1zat vett, s annak fel\u00faj\u00edt\u00e1s\u00e1hoz is hozz\u00e1l\u00e1tott. Rokonok, bar\u00e1tok seg\u00edt\u00fcnk, ahogyan tudunk, amikor arra id\u0151nk van. Fogadj\u00e1tok szeretettel gondolatait: Csal\u00e1di szentmise Amennyiben 57 \u00e9v t\u00e1vlat\u00e1b\u00f3l visszatekintek az elm\u00falt \u00e9vekre, akkor nagyon sok \u00e9lm\u00e9ny, sz\u00e9p \u00e9s neh\u00e9z pillanatok sokas\u00e1ga t\u00e1rul el\u00e9m. Mindezt nagyon neh\u00e9z, s\u0151t lehetetlen n\u00e9h\u00e1ny mondatban \u00f6sszefoglani. Egy azonban nyilv\u00e1nval\u00f3; &#8211; az \u00e9n \u00e9letem k\u00e9t fontos szakaszra oszlik. Az els\u0151 26 \u00e9v az \u0151shaz\u00e1ban, Erd\u00e9lyben zajlik \u00e9s az azt k\u00f6vet\u0151 31 \u00e9v pedig az \u00faj haz\u00e1ban, N\u00e9metorsz\u00e1gban. Nem csak korban \u00e9s \u00e9letkivitelben, hanem szellemi \u00e9s lelki fejl\u0151d\u00e9semben is e k\u00e9t \u00e9letszakasz gy\u00f6keresen k\u00fcl\u00f6nb\u00f6zik egym\u00e1st\u00f3l. Itt \u00e9s most azonban nem szeretn\u00e9k r\u00e9szletekbe bocs\u00e1tkozni. A minap azt olvastam, a sikerhez n\u00e9gy dolog kell, n\u00e9gy dologra van sz\u00fcks\u00e9g: Te, C\u00e9lod, Mi\u00e9rt-ed \u00e9s Kitart\u00e1sod. Mind a n\u00e9gy kiz\u00e1r\u00f3lag r\u00f3lad sz\u00f3l. Tal\u00e1n \u00e9ppen ez\u00e9rt, az \u00e9n v\u00e9lem\u00e9nyem az, hogy a sikerhez hossz\u00fat\u00e1von csak 3 dolog sz\u00fcks\u00e9ges: Te, a J\u00f3isten, \u00a0a csal\u00e1dod, bar\u00e1taid. Vagyis arr\u00f3l a sz\u0171k k\u00f6rr\u0151l van sz\u00f3 akik ismernek, b\u00e1tor\u00edtanak, meghallgatnak,\u00a0 k\u00f6r\u00fcl vesznek,\u00a0 szeretnek,\u00a0 biztatnak \u00e9s seg\u00edtenek. Az emberek nagy r\u00e9sze abban a t\u00e9ves hitben \u00e9l, hogy a csal\u00e1d a v\u00e9rrokons\u00e1gr\u00f3l sz\u00f3l. Felteszem a k\u00e9rd\u00e9st, mi van a f\u00e9rjekkel, feles\u00e9gekkel akik nem v\u00e9rrokonok&#8230;? Szerintem az igazi csal\u00e1d az ett\u0151l sokkal t\u00f6bb. A csal\u00e1dot m\u00e1r gyerekkorban \u00fagy tapasztalod meg, hogy nem csak \u00e9telt, italt, meleg \u00e1gyat kapsz, hanem v\u00e9gtelen sok szeretetet, gy\u00f6ng\u00e9ds\u00e9get, meg\u00e9rt\u00e9st \u00e9s m\u00e9g sorolhatn\u00e1m. S ami l\u00e9nyeges, hogy... R\u00e9szletek","og_url":"https:\/\/stuttgarti-katolikusok.de\/index.php\/az-en-husvetom\/","og_site_name":"Stuttgarti Katolikusok","article_published_time":"2020-04-27T19:42:41+00:00","og_image":[{"width":1600,"height":1200,"url":"https:\/\/stuttgarti-katolikusok.de\/wp-content\/uploads\/2020\/04\/kapolna1.jpeg","type":"image\/jpeg"}],"author":"Tibor atya","twitter_card":"summary_large_image","twitter_misc":{"Szerz\u0151:":"Tibor atya","Becs\u00fclt olvas\u00e1si id\u0151":"5 perc"},"schema":{"@context":"https:\/\/schema.org","@graph":[{"@type":"Article","@id":"https:\/\/stuttgarti-katolikusok.de\/index.php\/az-en-husvetom\/#article","isPartOf":{"@id":"https:\/\/stuttgarti-katolikusok.de\/index.php\/az-en-husvetom\/"},"author":{"name":"Tibor atya","@id":"https:\/\/stuttgarti-katolikusok.de\/#\/schema\/person\/75908d6f8fdc03a57889d27209df7795"},"headline":"Az \u00e9n H\u00fasv\u00e9tom !","datePublished":"2020-04-27T19:42:41+00:00","mainEntityOfPage":{"@id":"https:\/\/stuttgarti-katolikusok.de\/index.php\/az-en-husvetom\/"},"wordCount":1039,"image":{"@id":"https:\/\/stuttgarti-katolikusok.de\/index.php\/az-en-husvetom\/#primaryimage"},"thumbnailUrl":"https:\/\/stuttgarti-katolikusok.de\/wp-content\/uploads\/2020\/04\/kapolna1.jpeg","articleSection":["Olvas\u00f3ink \u00edrj\u00e1k"],"inLanguage":"hu"},{"@type":"WebPage","@id":"https:\/\/stuttgarti-katolikusok.de\/index.php\/az-en-husvetom\/","url":"https:\/\/stuttgarti-katolikusok.de\/index.php\/az-en-husvetom\/","name":"Az \u00e9n H\u00fasv\u00e9tom ! - Stuttgarti Katolikusok","isPartOf":{"@id":"https:\/\/stuttgarti-katolikusok.de\/#website"},"primaryImageOfPage":{"@id":"https:\/\/stuttgarti-katolikusok.de\/index.php\/az-en-husvetom\/#primaryimage"},"image":{"@id":"https:\/\/stuttgarti-katolikusok.de\/index.php\/az-en-husvetom\/#primaryimage"},"thumbnailUrl":"https:\/\/stuttgarti-katolikusok.de\/wp-content\/uploads\/2020\/04\/kapolna1.jpeg","datePublished":"2020-04-27T19:42:41+00:00","author":{"@id":"https:\/\/stuttgarti-katolikusok.de\/#\/schema\/person\/75908d6f8fdc03a57889d27209df7795"},"breadcrumb":{"@id":"https:\/\/stuttgarti-katolikusok.de\/index.php\/az-en-husvetom\/#breadcrumb"},"inLanguage":"hu","potentialAction":[{"@type":"ReadAction","target":["https:\/\/stuttgarti-katolikusok.de\/index.php\/az-en-husvetom\/"]}]},{"@type":"ImageObject","inLanguage":"hu","@id":"https:\/\/stuttgarti-katolikusok.de\/index.php\/az-en-husvetom\/#primaryimage","url":"https:\/\/stuttgarti-katolikusok.de\/wp-content\/uploads\/2020\/04\/kapolna1.jpeg","contentUrl":"https:\/\/stuttgarti-katolikusok.de\/wp-content\/uploads\/2020\/04\/kapolna1.jpeg","width":1600,"height":1200},{"@type":"BreadcrumbList","@id":"https:\/\/stuttgarti-katolikusok.de\/index.php\/az-en-husvetom\/#breadcrumb","itemListElement":[{"@type":"ListItem","position":1,"name":"Kezd\u0151lap","item":"https:\/\/stuttgarti-katolikusok.de\/"},{"@type":"ListItem","position":2,"name":"Az \u00e9n H\u00fasv\u00e9tom !"}]},{"@type":"WebSite","@id":"https:\/\/stuttgarti-katolikusok.de\/#website","url":"https:\/\/stuttgarti-katolikusok.de\/","name":"Stuttgarti Katolikusok","description":"","potentialAction":[{"@type":"SearchAction","target":{"@type":"EntryPoint","urlTemplate":"https:\/\/stuttgarti-katolikusok.de\/?s={search_term_string}"},"query-input":{"@type":"PropertyValueSpecification","valueRequired":true,"valueName":"search_term_string"}}],"inLanguage":"hu"},{"@type":"Person","@id":"https:\/\/stuttgarti-katolikusok.de\/#\/schema\/person\/75908d6f8fdc03a57889d27209df7795","name":"Tibor atya","image":{"@type":"ImageObject","inLanguage":"hu","@id":"https:\/\/secure.gravatar.com\/avatar\/61d268e57d1f4525b111222e29d2d5a7f8c420fdbf231ba5566a8ceac74fa960?s=96&d=mm&r=g","url":"https:\/\/secure.gravatar.com\/avatar\/61d268e57d1f4525b111222e29d2d5a7f8c420fdbf231ba5566a8ceac74fa960?s=96&d=mm&r=g","contentUrl":"https:\/\/secure.gravatar.com\/avatar\/61d268e57d1f4525b111222e29d2d5a7f8c420fdbf231ba5566a8ceac74fa960?s=96&d=mm&r=g","caption":"Tibor atya"},"url":"https:\/\/stuttgarti-katolikusok.de\/index.php\/author\/tibor-atya\/"}]}},"_links":{"self":[{"href":"https:\/\/stuttgarti-katolikusok.de\/index.php\/wp-json\/wp\/v2\/posts\/19424","targetHints":{"allow":["GET"]}}],"collection":[{"href":"https:\/\/stuttgarti-katolikusok.de\/index.php\/wp-json\/wp\/v2\/posts"}],"about":[{"href":"https:\/\/stuttgarti-katolikusok.de\/index.php\/wp-json\/wp\/v2\/types\/post"}],"author":[{"embeddable":true,"href":"https:\/\/stuttgarti-katolikusok.de\/index.php\/wp-json\/wp\/v2\/users\/3"}],"replies":[{"embeddable":true,"href":"https:\/\/stuttgarti-katolikusok.de\/index.php\/wp-json\/wp\/v2\/comments?post=19424"}],"version-history":[{"count":2,"href":"https:\/\/stuttgarti-katolikusok.de\/index.php\/wp-json\/wp\/v2\/posts\/19424\/revisions"}],"predecessor-version":[{"id":19430,"href":"https:\/\/stuttgarti-katolikusok.de\/index.php\/wp-json\/wp\/v2\/posts\/19424\/revisions\/19430"}],"wp:featuredmedia":[{"embeddable":true,"href":"https:\/\/stuttgarti-katolikusok.de\/index.php\/wp-json\/wp\/v2\/media\/19426"}],"wp:attachment":[{"href":"https:\/\/stuttgarti-katolikusok.de\/index.php\/wp-json\/wp\/v2\/media?parent=19424"}],"wp:term":[{"taxonomy":"category","embeddable":true,"href":"https:\/\/stuttgarti-katolikusok.de\/index.php\/wp-json\/wp\/v2\/categories?post=19424"},{"taxonomy":"post_tag","embeddable":true,"href":"https:\/\/stuttgarti-katolikusok.de\/index.php\/wp-json\/wp\/v2\/tags?post=19424"}],"curies":[{"name":"wp","href":"https:\/\/api.w.org\/{rel}","templated":true}]}}