{"id":19410,"date":"2020-04-25T05:21:25","date_gmt":"2020-04-25T05:21:25","guid":{"rendered":"https:\/\/gracious-dewdney.138-201-221-2.plesk.page\/?p=19410"},"modified":"2020-04-25T05:21:25","modified_gmt":"2020-04-25T05:21:25","slug":"brune-gyorgyi-marietta-maganyos-husvet","status":"publish","type":"post","link":"https:\/\/stuttgarti-katolikusok.de\/index.php\/brune-gyorgyi-marietta-maganyos-husvet\/","title":{"rendered":"Brune Gy\u00f6rgyi Marietta: Mag\u00e1nyos H\u00fasv\u00e9t"},"content":{"rendered":"<p><strong>\u00a0<\/strong><\/p>\n<p><em>Brune Gy\u00f6rgyi Marietta remek \u00edr\u00e1s\u00e1val folytatjuk az idei rendhagy\u00f3 H\u00fasv\u00e9ttal kapcsolatos sorozatunkat, amelynek a c\u00e9lja az, hogy bemutassa: hogyan \u00fcnnepelt\u00e9tek otthon, a n\u00e9gy fal k\u00f6z\u00f6tt, csal\u00e1dban vagy mag\u00e1nyosan, templomi szertart\u00e1sok \u00e9s szentmis\u00e9k f\u00e1j\u00f3 hi\u00e1nya k\u00f6zepette Urunk szenved\u00e9s\u00e9nek \u00e9s felt\u00e1mad\u00e1s\u00e1nak szent napjait? Olvast\u00e1n rem\u00e9lem, t\u00f6bben is kedvet kapnak majd ahhoz, hogy szem\u00e9lyes besz\u00e1mol\u00f3jukkal megaj\u00e1nd\u00e9kozzanak benn\u00fcnket!<\/em><\/p>\n<p><em>Lelkip\u00e1sztori szeretettel,<\/em><\/p>\n<p><em>Imre atya<\/em><\/p>\n<p><strong>\u00a0<\/strong><\/p>\n<p><strong>Mag\u00e1nyos h\u00fasv\u00e9t<\/strong><\/p>\n<p>A nagyb\u00f6jti id\u0151szak id\u00e9n is nagy tervekkel indult. Na, persze nem a h\u00fasmentes di\u00e9t\u00e1ra gondolok, sokkal ink\u00e1bb arra az ajt\u00f3ra, ami csak hetekkel k\u00e9s\u0151bb, h\u00fasv\u00e9t hajnal\u00e1n ny\u00edlik ki el\u0151ttem. Ilyenkor minden \u00e9vben tervezgetem, melyik \u00faton induljak a felt\u00e1madt Krisztus fel\u00e9. \u0150szint\u00e9n bevallom, olykor \u00fcres tariszny\u00e1val v\u00e1gok neki az \u00fatnak \u00e9s a nagyb\u00f6jti \u00faton \u00fagy \u00e9rzem, mintha minden ford\u00edtva t\u00f6rt\u00e9nne: h\u00e9tr\u0151l-h\u00e9tre gazdagodom, telik a tariszny\u00e1m. Lelki kincsekkel, melyek figyelmemet ir\u00e1ny\u00edtj\u00e1k \u00e9s kiteljes\u00edtik napjaimat az \u00faton. Azt\u00e1n ahogy a h\u00fasv\u00e9t napja el\u00e9rkezik, kirakosgatom a kincseket, melyeket utam sor\u00e1n tal\u00e1ltam. Gyakran azon t\u0171n\u0151dtem: \u201emilyen k\u00e1r, hogy nem tudok el\u00e9gg\u00e9 vigy\u00e1zni r\u00e1juk, mert az \u00fcnnep elm\u00falt\u00e1val rohannom kell tov\u00e1bb.\u201c Ilyenkor egy-egy kanyarban kiesik a zsebemb\u0151l egyik-m\u00e1sik kincs. Sajnos n\u00e9ha \u00e9szrev\u00e9tlen\u00fcl\u2026<\/p>\n<p>Id\u00e9n ez m\u00e1sk\u00e9nt t\u00f6rt\u00e9nt: meglep\u0151dve vettem tudom\u00e1sul m\u00e1rcius derek\u00e1n, hogy az \u00e9let\u00fcnk a j\u00e1rv\u00e1ny miatt egy csap\u00e1sra megv\u00e1ltozott. Nem hatott r\u00e1m b\u00e9n\u00edt\u00f3an, pedig a napi skand\u00e1l\u00e1sok sor\u00e1n minden m\u00e9dium ezt pr\u00f3b\u00e1lta volna el\u00fcltetni a fejemben. \u00c9ppen ellenkez\u0151leg. Boldog voltam, hogy id\u00e9n nem \u201ekutyafutt\u00e1ban\u201c rohanok v\u00e9gig ezen az \u00faton. K\u00f6zben nem cs\u00f6rg\u00f6tt szakadatlanul a telefonom, nem \u00e1lltam \u00f3r\u00e1kat a dug\u00f3ban, nem hergeltem fel magam minden apr\u00f3s\u00e1gon, mert minden csendes volt k\u00f6r\u00fcl\u00f6ttem. F\u00e9l\u00e1rb\u00f3cra h\u00fazott vitorl\u00e1val sodr\u00f3dtunk a helyes ir\u00e1nyba.<\/p>\n<p>Az idei online-h\u00fasv\u00e9t term\u00e9szetesen nek\u00fcnk is feladta a leck\u00e9t \u00e9s lelkem harangjai z\u00fagtak ugyan, a sz\u00e1m\u00edt\u00f3g\u00e9p el\u0151tt \u00e1llva m\u00e9gis v\u00e1gyakozva eml\u00e9keztem vissza arra a pillanatra, mikor a zs\u00fafol\u00e1sig megtelt Bruder Klaus Templomban a nagy s\u00f6t\u00e9ts\u00e9g hirtelen ragyog\u00f3 f\u00e9ny\u00e1rr\u00e1 v\u00e1ltozott. Mi pedig a \u201eDics\u0151s\u00e9g, szent \u00e1ld\u00e1s, tisztess\u00e9g\u2026\u201c sorait \u00e9nekelve boldogan v\u00e1rtuk Imre Atya b\u00e1tor\u00edt\u00f3 szavait! A rokoni l\u00e1togat\u00e1sok sora is elmaradt. Kiv\u00e9ve egyet. Egy Valaki\u00e9t, akit nagyon v\u00e1rtunk!<\/p>\n<p>A k\u00f6z\u00f6ss\u00e9gi \u00e9lm\u00e9ny is elmaradt, valami m\u00e1s k\u00f6lt\u00f6z\u00f6tt a hely\u00e9re: nagyp\u00e9nteken r\u00e9szese lehettem annak a kis csoportnak, akik zsolozsm\u00e1ra a templomban gy\u00fcltek \u00f6ssze. Eg\u00e9szen k\u00fcl\u00f6nleges \u00e9rz\u00e9s \u00fagy tekinteni a padsorokra, hogy azok l\u00e1tsz\u00f3lag \u00fcresek, m\u00e9gis hallanak \u00e9s l\u00e1tnak. J\u00f3 \u00e9rz\u00e9s tudni, hogy hamarosan ennek is v\u00e9ge lesz \u00e9s rem\u00e9lj\u00fck, hogy nem ott folytatunk mindent, ahol abbahagytuk. A fesz\u00fclts\u00e9g gyakran t\u00e9vutakra visz, melyet a f\u00e1radts\u00e1g, vagy az id\u0151 sz\u0171ke gener\u00e1l. Sokat besz\u00e9lgetek a gyerekeimmel, No\u00e9mival \u00e9s Patrici\u00e1val. Pr\u00f3b\u00e1lom elmagyar\u00e1zni nekik, mekkora \u00e9rt\u00e9k ez a rendelkez\u00e9s\u00fcnkre \u00e1ll\u00f3 rengeteg szabadid\u0151, mekkora lehet\u0151s\u00e9g rejlik benne.<\/p>\n<p>Az \u00fcnnepi el\u0151k\u00e9sz\u00fclet bens\u0151s\u00e9gesen telt. Azon kaptuk magunkat, ahhoz, hogy a h\u00fasv\u00e9ti vig\u00edlia m\u00e9lys\u00e9g\u00e9t megtapasztalhassuk, csak kett\u0151 dolog sz\u00fcks\u00e9ges: a v\u00e1gyakoz\u00e1s \u00e9s mi magunk. Az \u00f6sszez\u00e1rts\u00e1gban \u00e9s az egym\u00e1sra utalts\u00e1gban val\u00f3ban szembes\u00fclhet\u00fcnk a vel\u00fcnk \u00e9l\u0151 csal\u00e1dtagok keresztjeivel. Nem k\u00e9sz\u00fcl\u00fcnk sehova, nem magunkat szeml\u00e9lj\u00fck percekig a t\u00fck\u00f6rben. Sok minden \u00e1t\u00e9rt\u00e9kel\u0151dik ilyenkor.<\/p>\n<p>Term\u00e9szetesen az\u00e9rt mi is kicsinos\u00edtottuk magunkat h\u00fasv\u00e9t reggel\u00e9n \u00e9s nem maradt el sem a toj\u00e1skeres\u00e9s, sem a h\u00fasv\u00e9ti sonka. S\u0151t, csal\u00e1dunk egyetlen f\u00e9rfi tagja meg is locsolt benn\u00fcnket.<\/p>\n<p>Erre a h\u00fasv\u00e9tra azt hiszem, m\u00edg \u00e9l\u00fcnk eml\u00e9kezni fogunk. Na, nem a sz\u00e9ps\u00e9ge miatt. \u00daj id\u0151sz\u00e1m\u00edt\u00e1st nyitott \u00e9let\u00fcnkben. Szeretn\u00e9k majd \u00fajra meg \u00fajra leereszkedni ebbe a m\u00e9lys\u00e9gbe, akkor is, ha a mindennapok n\u00e9ma rohan\u00e1sa mellett \u00e9pp, hogy csak eml\u00e9kezni lesz id\u0151m.<\/p>\n<p>H\u00e1nyszor kapom magam azon, hogy halkan d\u00fadolok egy dalt, melyet m\u00e9g gimnazistak\u00e9nt ismertem meg a helyi Szent Gy\u00f6rgy Templom \u201ef\u00e9lnyolcas\u201c di\u00e1kmis\u00e9j\u00e9n: \u201eMost nem teszek semmit sem, csak engedem, hogy szeressen az Isten\u2026\u201c. \u00c9s \u00edgy \u00e9l\u00fcnk ma is. Igaz, tele vagyunk &#8222;luxusprobl\u00e9m\u00e1kkal&#8221;, melyeket napr\u00f3l-napra el kell engedn\u00fcnk. Milyen j\u00f3, ha ez siker\u00fcl!<\/p>\n<p>&nbsp;<\/p>\n<p><em>Brune Gy\u00f6rgyi Marietta<\/em><\/p>\n","protected":false},"excerpt":{"rendered":"<p>\u00a0 Brune Gy\u00f6rgyi Marietta remek \u00edr\u00e1s\u00e1val folytatjuk az idei rendhagy\u00f3 H\u00fasv\u00e9ttal kapcsolatos sorozatunkat, amelynek a c\u00e9lja az, hogy bemutassa: hogyan \u00fcnnepelt\u00e9tek otthon, a n\u00e9gy fal k\u00f6z\u00f6tt, csal\u00e1dban vagy mag\u00e1nyosan, templomi szertart\u00e1sok \u00e9s szentmis\u00e9k f\u00e1j\u00f3 hi\u00e1nya k\u00f6zepette Urunk szenved\u00e9s\u00e9nek \u00e9s felt\u00e1mad\u00e1s\u00e1nak szent napjait? Olvast\u00e1n rem\u00e9lem, t\u00f6bben is kedvet kapnak majd ahhoz, hogy szem\u00e9lyes besz\u00e1mol\u00f3jukkal megaj\u00e1nd\u00e9kozzanak benn\u00fcnket! Lelkip\u00e1sztori szeretettel, Imre atya \u00a0 Mag\u00e1nyos h\u00fasv\u00e9t A nagyb\u00f6jti id\u0151szak id\u00e9n is nagy tervekkel indult. Na, persze nem a h\u00fasmentes di\u00e9t\u00e1ra gondolok, sokkal ink\u00e1bb arra az ajt\u00f3ra, ami csak hetekkel k\u00e9s\u0151bb, h\u00fasv\u00e9t hajnal\u00e1n ny\u00edlik ki el\u0151ttem. Ilyenkor minden \u00e9vben tervezgetem, melyik \u00faton induljak a felt\u00e1madt Krisztus fel\u00e9. \u0150szint\u00e9n bevallom, olykor \u00fcres tariszny\u00e1val v\u00e1gok neki az \u00fatnak \u00e9s a nagyb\u00f6jti \u00faton \u00fagy \u00e9rzem, mintha minden ford\u00edtva t\u00f6rt\u00e9nne: h\u00e9tr\u0151l-h\u00e9tre gazdagodom, telik a tariszny\u00e1m. Lelki kincsekkel, melyek figyelmemet ir\u00e1ny\u00edtj\u00e1k \u00e9s kiteljes\u00edtik napjaimat az \u00faton. Azt\u00e1n ahogy a h\u00fasv\u00e9t napja el\u00e9rkezik, kirakosgatom a kincseket, melyeket utam sor\u00e1n tal\u00e1ltam. Gyakran azon t\u0171n\u0151dtem: \u201emilyen k\u00e1r, hogy nem tudok el\u00e9gg\u00e9 vigy\u00e1zni r\u00e1juk, mert az \u00fcnnep elm\u00falt\u00e1val rohannom kell tov\u00e1bb.\u201c Ilyenkor egy-egy kanyarban kiesik a zsebemb\u0151l egyik-m\u00e1sik kincs. Sajnos n\u00e9ha \u00e9szrev\u00e9tlen\u00fcl\u2026 Id\u00e9n ez m\u00e1sk\u00e9nt t\u00f6rt\u00e9nt: meglep\u0151dve vettem tudom\u00e1sul m\u00e1rcius derek\u00e1n, hogy az \u00e9let\u00fcnk a j\u00e1rv\u00e1ny miatt egy csap\u00e1sra megv\u00e1ltozott. Nem hatott r\u00e1m b\u00e9n\u00edt\u00f3an, pedig a napi skand\u00e1l\u00e1sok sor\u00e1n minden m\u00e9dium ezt pr\u00f3b\u00e1lta volna el\u00fcltetni a fejemben. \u00c9ppen ellenkez\u0151leg. Boldog voltam, hogy id\u00e9n nem \u201ekutyafutt\u00e1ban\u201c rohanok v\u00e9gig ezen az \u00faton. K\u00f6zben nem cs\u00f6rg\u00f6tt szakadatlanul a telefonom, nem \u00e1lltam \u00f3r\u00e1kat a dug\u00f3ban, nem hergeltem fel magam minden apr\u00f3s\u00e1gon, mert minden csendes volt k\u00f6r\u00fcl\u00f6ttem. F\u00e9l\u00e1rb\u00f3cra h\u00fazott vitorl\u00e1val sodr\u00f3dtunk a helyes ir\u00e1nyba. Az idei online-h\u00fasv\u00e9t term\u00e9szetesen nek\u00fcnk is feladta a leck\u00e9t \u00e9s lelkem harangjai z\u00fagtak ugyan, a sz\u00e1m\u00edt\u00f3g\u00e9p el\u0151tt \u00e1llva m\u00e9gis v\u00e1gyakozva eml\u00e9keztem vissza arra a pillanatra, mikor a zs\u00fafol\u00e1sig megtelt Bruder Klaus Templomban a nagy s\u00f6t\u00e9ts\u00e9g hirtelen ragyog\u00f3 f\u00e9ny\u00e1rr\u00e1 v\u00e1ltozott. Mi pedig a \u201eDics\u0151s\u00e9g, szent \u00e1ld\u00e1s,&#8230; <\/p>\n<p><a class=\"readmore\" href=\"https:\/\/stuttgarti-katolikusok.de\/index.php\/brune-gyorgyi-marietta-maganyos-husvet\/\">R\u00e9szletek<\/a><\/p>\n","protected":false},"author":3,"featured_media":19411,"comment_status":"closed","ping_status":"closed","sticky":false,"template":"","format":"standard","meta":{"footnotes":""},"categories":[28],"tags":[],"class_list":["post-19410","post","type-post","status-publish","format-standard","has-post-thumbnail","hentry","category-olvasoink-irjak"],"yoast_head":"<!-- This site is optimized with the Yoast SEO plugin v27.3 - https:\/\/yoast.com\/product\/yoast-seo-wordpress\/ -->\n<title>Brune Gy\u00f6rgyi Marietta: Mag\u00e1nyos H\u00fasv\u00e9t - Stuttgarti Katolikusok<\/title>\n<meta name=\"robots\" content=\"index, follow, max-snippet:-1, max-image-preview:large, max-video-preview:-1\" \/>\n<link rel=\"canonical\" href=\"https:\/\/stuttgarti-katolikusok.de\/index.php\/brune-gyorgyi-marietta-maganyos-husvet\/\" \/>\n<meta property=\"og:locale\" content=\"hu_HU\" \/>\n<meta property=\"og:type\" content=\"article\" \/>\n<meta property=\"og:title\" content=\"Brune Gy\u00f6rgyi Marietta: Mag\u00e1nyos H\u00fasv\u00e9t - Stuttgarti Katolikusok\" \/>\n<meta property=\"og:description\" content=\"\u00a0 Brune Gy\u00f6rgyi Marietta remek \u00edr\u00e1s\u00e1val folytatjuk az idei rendhagy\u00f3 H\u00fasv\u00e9ttal kapcsolatos sorozatunkat, amelynek a c\u00e9lja az, hogy bemutassa: hogyan \u00fcnnepelt\u00e9tek otthon, a n\u00e9gy fal k\u00f6z\u00f6tt, csal\u00e1dban vagy mag\u00e1nyosan, templomi szertart\u00e1sok \u00e9s szentmis\u00e9k f\u00e1j\u00f3 hi\u00e1nya k\u00f6zepette Urunk szenved\u00e9s\u00e9nek \u00e9s felt\u00e1mad\u00e1s\u00e1nak szent napjait? Olvast\u00e1n rem\u00e9lem, t\u00f6bben is kedvet kapnak majd ahhoz, hogy szem\u00e9lyes besz\u00e1mol\u00f3jukkal megaj\u00e1nd\u00e9kozzanak benn\u00fcnket! Lelkip\u00e1sztori szeretettel, Imre atya \u00a0 Mag\u00e1nyos h\u00fasv\u00e9t A nagyb\u00f6jti id\u0151szak id\u00e9n is nagy tervekkel indult. Na, persze nem a h\u00fasmentes di\u00e9t\u00e1ra gondolok, sokkal ink\u00e1bb arra az ajt\u00f3ra, ami csak hetekkel k\u00e9s\u0151bb, h\u00fasv\u00e9t hajnal\u00e1n ny\u00edlik ki el\u0151ttem. Ilyenkor minden \u00e9vben tervezgetem, melyik \u00faton induljak a felt\u00e1madt Krisztus fel\u00e9. \u0150szint\u00e9n bevallom, olykor \u00fcres tariszny\u00e1val v\u00e1gok neki az \u00fatnak \u00e9s a nagyb\u00f6jti \u00faton \u00fagy \u00e9rzem, mintha minden ford\u00edtva t\u00f6rt\u00e9nne: h\u00e9tr\u0151l-h\u00e9tre gazdagodom, telik a tariszny\u00e1m. Lelki kincsekkel, melyek figyelmemet ir\u00e1ny\u00edtj\u00e1k \u00e9s kiteljes\u00edtik napjaimat az \u00faton. Azt\u00e1n ahogy a h\u00fasv\u00e9t napja el\u00e9rkezik, kirakosgatom a kincseket, melyeket utam sor\u00e1n tal\u00e1ltam. Gyakran azon t\u0171n\u0151dtem: \u201emilyen k\u00e1r, hogy nem tudok el\u00e9gg\u00e9 vigy\u00e1zni r\u00e1juk, mert az \u00fcnnep elm\u00falt\u00e1val rohannom kell tov\u00e1bb.\u201c Ilyenkor egy-egy kanyarban kiesik a zsebemb\u0151l egyik-m\u00e1sik kincs. Sajnos n\u00e9ha \u00e9szrev\u00e9tlen\u00fcl\u2026 Id\u00e9n ez m\u00e1sk\u00e9nt t\u00f6rt\u00e9nt: meglep\u0151dve vettem tudom\u00e1sul m\u00e1rcius derek\u00e1n, hogy az \u00e9let\u00fcnk a j\u00e1rv\u00e1ny miatt egy csap\u00e1sra megv\u00e1ltozott. Nem hatott r\u00e1m b\u00e9n\u00edt\u00f3an, pedig a napi skand\u00e1l\u00e1sok sor\u00e1n minden m\u00e9dium ezt pr\u00f3b\u00e1lta volna el\u00fcltetni a fejemben. \u00c9ppen ellenkez\u0151leg. Boldog voltam, hogy id\u00e9n nem \u201ekutyafutt\u00e1ban\u201c rohanok v\u00e9gig ezen az \u00faton. K\u00f6zben nem cs\u00f6rg\u00f6tt szakadatlanul a telefonom, nem \u00e1lltam \u00f3r\u00e1kat a dug\u00f3ban, nem hergeltem fel magam minden apr\u00f3s\u00e1gon, mert minden csendes volt k\u00f6r\u00fcl\u00f6ttem. F\u00e9l\u00e1rb\u00f3cra h\u00fazott vitorl\u00e1val sodr\u00f3dtunk a helyes ir\u00e1nyba. Az idei online-h\u00fasv\u00e9t term\u00e9szetesen nek\u00fcnk is feladta a leck\u00e9t \u00e9s lelkem harangjai z\u00fagtak ugyan, a sz\u00e1m\u00edt\u00f3g\u00e9p el\u0151tt \u00e1llva m\u00e9gis v\u00e1gyakozva eml\u00e9keztem vissza arra a pillanatra, mikor a zs\u00fafol\u00e1sig megtelt Bruder Klaus Templomban a nagy s\u00f6t\u00e9ts\u00e9g hirtelen ragyog\u00f3 f\u00e9ny\u00e1rr\u00e1 v\u00e1ltozott. Mi pedig a \u201eDics\u0151s\u00e9g, szent \u00e1ld\u00e1s,... R\u00e9szletek\" \/>\n<meta property=\"og:url\" content=\"https:\/\/stuttgarti-katolikusok.de\/index.php\/brune-gyorgyi-marietta-maganyos-husvet\/\" \/>\n<meta property=\"og:site_name\" content=\"Stuttgarti Katolikusok\" \/>\n<meta property=\"article:published_time\" content=\"2020-04-25T05:21:25+00:00\" \/>\n<meta property=\"og:image\" content=\"https:\/\/stuttgarti-katolikusok.de\/wp-content\/uploads\/2020\/04\/marietta2.jpg\" \/>\n\t<meta property=\"og:image:width\" content=\"1080\" \/>\n\t<meta property=\"og:image:height\" content=\"1440\" \/>\n\t<meta property=\"og:image:type\" content=\"image\/jpeg\" \/>\n<meta name=\"author\" content=\"Tibor atya\" \/>\n<meta name=\"twitter:card\" content=\"summary_large_image\" \/>\n<meta name=\"twitter:label1\" content=\"Szerz\u0151:\" \/>\n\t<meta name=\"twitter:data1\" content=\"Tibor atya\" \/>\n\t<meta name=\"twitter:label2\" content=\"Becs\u00fclt olvas\u00e1si id\u0151\" \/>\n\t<meta name=\"twitter:data2\" content=\"4 perc\" \/>\n<script type=\"application\/ld+json\" class=\"yoast-schema-graph\">{\"@context\":\"https:\\\/\\\/schema.org\",\"@graph\":[{\"@type\":\"Article\",\"@id\":\"https:\\\/\\\/stuttgarti-katolikusok.de\\\/index.php\\\/brune-gyorgyi-marietta-maganyos-husvet\\\/#article\",\"isPartOf\":{\"@id\":\"https:\\\/\\\/stuttgarti-katolikusok.de\\\/index.php\\\/brune-gyorgyi-marietta-maganyos-husvet\\\/\"},\"author\":{\"name\":\"Tibor atya\",\"@id\":\"https:\\\/\\\/stuttgarti-katolikusok.de\\\/#\\\/schema\\\/person\\\/75908d6f8fdc03a57889d27209df7795\"},\"headline\":\"Brune Gy\u00f6rgyi Marietta: Mag\u00e1nyos H\u00fasv\u00e9t\",\"datePublished\":\"2020-04-25T05:21:25+00:00\",\"mainEntityOfPage\":{\"@id\":\"https:\\\/\\\/stuttgarti-katolikusok.de\\\/index.php\\\/brune-gyorgyi-marietta-maganyos-husvet\\\/\"},\"wordCount\":886,\"image\":{\"@id\":\"https:\\\/\\\/stuttgarti-katolikusok.de\\\/index.php\\\/brune-gyorgyi-marietta-maganyos-husvet\\\/#primaryimage\"},\"thumbnailUrl\":\"https:\\\/\\\/stuttgarti-katolikusok.de\\\/wp-content\\\/uploads\\\/2020\\\/04\\\/marietta2.jpg\",\"articleSection\":[\"Olvas\u00f3ink \u00edrj\u00e1k\"],\"inLanguage\":\"hu\"},{\"@type\":\"WebPage\",\"@id\":\"https:\\\/\\\/stuttgarti-katolikusok.de\\\/index.php\\\/brune-gyorgyi-marietta-maganyos-husvet\\\/\",\"url\":\"https:\\\/\\\/stuttgarti-katolikusok.de\\\/index.php\\\/brune-gyorgyi-marietta-maganyos-husvet\\\/\",\"name\":\"Brune Gy\u00f6rgyi Marietta: Mag\u00e1nyos H\u00fasv\u00e9t - Stuttgarti Katolikusok\",\"isPartOf\":{\"@id\":\"https:\\\/\\\/stuttgarti-katolikusok.de\\\/#website\"},\"primaryImageOfPage\":{\"@id\":\"https:\\\/\\\/stuttgarti-katolikusok.de\\\/index.php\\\/brune-gyorgyi-marietta-maganyos-husvet\\\/#primaryimage\"},\"image\":{\"@id\":\"https:\\\/\\\/stuttgarti-katolikusok.de\\\/index.php\\\/brune-gyorgyi-marietta-maganyos-husvet\\\/#primaryimage\"},\"thumbnailUrl\":\"https:\\\/\\\/stuttgarti-katolikusok.de\\\/wp-content\\\/uploads\\\/2020\\\/04\\\/marietta2.jpg\",\"datePublished\":\"2020-04-25T05:21:25+00:00\",\"author\":{\"@id\":\"https:\\\/\\\/stuttgarti-katolikusok.de\\\/#\\\/schema\\\/person\\\/75908d6f8fdc03a57889d27209df7795\"},\"breadcrumb\":{\"@id\":\"https:\\\/\\\/stuttgarti-katolikusok.de\\\/index.php\\\/brune-gyorgyi-marietta-maganyos-husvet\\\/#breadcrumb\"},\"inLanguage\":\"hu\",\"potentialAction\":[{\"@type\":\"ReadAction\",\"target\":[\"https:\\\/\\\/stuttgarti-katolikusok.de\\\/index.php\\\/brune-gyorgyi-marietta-maganyos-husvet\\\/\"]}]},{\"@type\":\"ImageObject\",\"inLanguage\":\"hu\",\"@id\":\"https:\\\/\\\/stuttgarti-katolikusok.de\\\/index.php\\\/brune-gyorgyi-marietta-maganyos-husvet\\\/#primaryimage\",\"url\":\"https:\\\/\\\/stuttgarti-katolikusok.de\\\/wp-content\\\/uploads\\\/2020\\\/04\\\/marietta2.jpg\",\"contentUrl\":\"https:\\\/\\\/stuttgarti-katolikusok.de\\\/wp-content\\\/uploads\\\/2020\\\/04\\\/marietta2.jpg\",\"width\":1080,\"height\":1440},{\"@type\":\"BreadcrumbList\",\"@id\":\"https:\\\/\\\/stuttgarti-katolikusok.de\\\/index.php\\\/brune-gyorgyi-marietta-maganyos-husvet\\\/#breadcrumb\",\"itemListElement\":[{\"@type\":\"ListItem\",\"position\":1,\"name\":\"Kezd\u0151lap\",\"item\":\"https:\\\/\\\/stuttgarti-katolikusok.de\\\/\"},{\"@type\":\"ListItem\",\"position\":2,\"name\":\"Brune Gy\u00f6rgyi Marietta: Mag\u00e1nyos H\u00fasv\u00e9t\"}]},{\"@type\":\"WebSite\",\"@id\":\"https:\\\/\\\/stuttgarti-katolikusok.de\\\/#website\",\"url\":\"https:\\\/\\\/stuttgarti-katolikusok.de\\\/\",\"name\":\"Stuttgarti Katolikusok\",\"description\":\"\",\"potentialAction\":[{\"@type\":\"SearchAction\",\"target\":{\"@type\":\"EntryPoint\",\"urlTemplate\":\"https:\\\/\\\/stuttgarti-katolikusok.de\\\/?s={search_term_string}\"},\"query-input\":{\"@type\":\"PropertyValueSpecification\",\"valueRequired\":true,\"valueName\":\"search_term_string\"}}],\"inLanguage\":\"hu\"},{\"@type\":\"Person\",\"@id\":\"https:\\\/\\\/stuttgarti-katolikusok.de\\\/#\\\/schema\\\/person\\\/75908d6f8fdc03a57889d27209df7795\",\"name\":\"Tibor atya\",\"image\":{\"@type\":\"ImageObject\",\"inLanguage\":\"hu\",\"@id\":\"https:\\\/\\\/secure.gravatar.com\\\/avatar\\\/61d268e57d1f4525b111222e29d2d5a7f8c420fdbf231ba5566a8ceac74fa960?s=96&d=mm&r=g\",\"url\":\"https:\\\/\\\/secure.gravatar.com\\\/avatar\\\/61d268e57d1f4525b111222e29d2d5a7f8c420fdbf231ba5566a8ceac74fa960?s=96&d=mm&r=g\",\"contentUrl\":\"https:\\\/\\\/secure.gravatar.com\\\/avatar\\\/61d268e57d1f4525b111222e29d2d5a7f8c420fdbf231ba5566a8ceac74fa960?s=96&d=mm&r=g\",\"caption\":\"Tibor atya\"},\"url\":\"https:\\\/\\\/stuttgarti-katolikusok.de\\\/index.php\\\/author\\\/tibor-atya\\\/\"}]}<\/script>\n<!-- \/ Yoast SEO plugin. -->","yoast_head_json":{"title":"Brune Gy\u00f6rgyi Marietta: Mag\u00e1nyos H\u00fasv\u00e9t - Stuttgarti Katolikusok","robots":{"index":"index","follow":"follow","max-snippet":"max-snippet:-1","max-image-preview":"max-image-preview:large","max-video-preview":"max-video-preview:-1"},"canonical":"https:\/\/stuttgarti-katolikusok.de\/index.php\/brune-gyorgyi-marietta-maganyos-husvet\/","og_locale":"hu_HU","og_type":"article","og_title":"Brune Gy\u00f6rgyi Marietta: Mag\u00e1nyos H\u00fasv\u00e9t - Stuttgarti Katolikusok","og_description":"\u00a0 Brune Gy\u00f6rgyi Marietta remek \u00edr\u00e1s\u00e1val folytatjuk az idei rendhagy\u00f3 H\u00fasv\u00e9ttal kapcsolatos sorozatunkat, amelynek a c\u00e9lja az, hogy bemutassa: hogyan \u00fcnnepelt\u00e9tek otthon, a n\u00e9gy fal k\u00f6z\u00f6tt, csal\u00e1dban vagy mag\u00e1nyosan, templomi szertart\u00e1sok \u00e9s szentmis\u00e9k f\u00e1j\u00f3 hi\u00e1nya k\u00f6zepette Urunk szenved\u00e9s\u00e9nek \u00e9s felt\u00e1mad\u00e1s\u00e1nak szent napjait? Olvast\u00e1n rem\u00e9lem, t\u00f6bben is kedvet kapnak majd ahhoz, hogy szem\u00e9lyes besz\u00e1mol\u00f3jukkal megaj\u00e1nd\u00e9kozzanak benn\u00fcnket! Lelkip\u00e1sztori szeretettel, Imre atya \u00a0 Mag\u00e1nyos h\u00fasv\u00e9t A nagyb\u00f6jti id\u0151szak id\u00e9n is nagy tervekkel indult. Na, persze nem a h\u00fasmentes di\u00e9t\u00e1ra gondolok, sokkal ink\u00e1bb arra az ajt\u00f3ra, ami csak hetekkel k\u00e9s\u0151bb, h\u00fasv\u00e9t hajnal\u00e1n ny\u00edlik ki el\u0151ttem. Ilyenkor minden \u00e9vben tervezgetem, melyik \u00faton induljak a felt\u00e1madt Krisztus fel\u00e9. \u0150szint\u00e9n bevallom, olykor \u00fcres tariszny\u00e1val v\u00e1gok neki az \u00fatnak \u00e9s a nagyb\u00f6jti \u00faton \u00fagy \u00e9rzem, mintha minden ford\u00edtva t\u00f6rt\u00e9nne: h\u00e9tr\u0151l-h\u00e9tre gazdagodom, telik a tariszny\u00e1m. Lelki kincsekkel, melyek figyelmemet ir\u00e1ny\u00edtj\u00e1k \u00e9s kiteljes\u00edtik napjaimat az \u00faton. Azt\u00e1n ahogy a h\u00fasv\u00e9t napja el\u00e9rkezik, kirakosgatom a kincseket, melyeket utam sor\u00e1n tal\u00e1ltam. Gyakran azon t\u0171n\u0151dtem: \u201emilyen k\u00e1r, hogy nem tudok el\u00e9gg\u00e9 vigy\u00e1zni r\u00e1juk, mert az \u00fcnnep elm\u00falt\u00e1val rohannom kell tov\u00e1bb.\u201c Ilyenkor egy-egy kanyarban kiesik a zsebemb\u0151l egyik-m\u00e1sik kincs. Sajnos n\u00e9ha \u00e9szrev\u00e9tlen\u00fcl\u2026 Id\u00e9n ez m\u00e1sk\u00e9nt t\u00f6rt\u00e9nt: meglep\u0151dve vettem tudom\u00e1sul m\u00e1rcius derek\u00e1n, hogy az \u00e9let\u00fcnk a j\u00e1rv\u00e1ny miatt egy csap\u00e1sra megv\u00e1ltozott. Nem hatott r\u00e1m b\u00e9n\u00edt\u00f3an, pedig a napi skand\u00e1l\u00e1sok sor\u00e1n minden m\u00e9dium ezt pr\u00f3b\u00e1lta volna el\u00fcltetni a fejemben. \u00c9ppen ellenkez\u0151leg. Boldog voltam, hogy id\u00e9n nem \u201ekutyafutt\u00e1ban\u201c rohanok v\u00e9gig ezen az \u00faton. K\u00f6zben nem cs\u00f6rg\u00f6tt szakadatlanul a telefonom, nem \u00e1lltam \u00f3r\u00e1kat a dug\u00f3ban, nem hergeltem fel magam minden apr\u00f3s\u00e1gon, mert minden csendes volt k\u00f6r\u00fcl\u00f6ttem. F\u00e9l\u00e1rb\u00f3cra h\u00fazott vitorl\u00e1val sodr\u00f3dtunk a helyes ir\u00e1nyba. Az idei online-h\u00fasv\u00e9t term\u00e9szetesen nek\u00fcnk is feladta a leck\u00e9t \u00e9s lelkem harangjai z\u00fagtak ugyan, a sz\u00e1m\u00edt\u00f3g\u00e9p el\u0151tt \u00e1llva m\u00e9gis v\u00e1gyakozva eml\u00e9keztem vissza arra a pillanatra, mikor a zs\u00fafol\u00e1sig megtelt Bruder Klaus Templomban a nagy s\u00f6t\u00e9ts\u00e9g hirtelen ragyog\u00f3 f\u00e9ny\u00e1rr\u00e1 v\u00e1ltozott. Mi pedig a \u201eDics\u0151s\u00e9g, szent \u00e1ld\u00e1s,... R\u00e9szletek","og_url":"https:\/\/stuttgarti-katolikusok.de\/index.php\/brune-gyorgyi-marietta-maganyos-husvet\/","og_site_name":"Stuttgarti Katolikusok","article_published_time":"2020-04-25T05:21:25+00:00","og_image":[{"width":1080,"height":1440,"url":"https:\/\/stuttgarti-katolikusok.de\/wp-content\/uploads\/2020\/04\/marietta2.jpg","type":"image\/jpeg"}],"author":"Tibor atya","twitter_card":"summary_large_image","twitter_misc":{"Szerz\u0151:":"Tibor atya","Becs\u00fclt olvas\u00e1si id\u0151":"4 perc"},"schema":{"@context":"https:\/\/schema.org","@graph":[{"@type":"Article","@id":"https:\/\/stuttgarti-katolikusok.de\/index.php\/brune-gyorgyi-marietta-maganyos-husvet\/#article","isPartOf":{"@id":"https:\/\/stuttgarti-katolikusok.de\/index.php\/brune-gyorgyi-marietta-maganyos-husvet\/"},"author":{"name":"Tibor atya","@id":"https:\/\/stuttgarti-katolikusok.de\/#\/schema\/person\/75908d6f8fdc03a57889d27209df7795"},"headline":"Brune Gy\u00f6rgyi Marietta: Mag\u00e1nyos H\u00fasv\u00e9t","datePublished":"2020-04-25T05:21:25+00:00","mainEntityOfPage":{"@id":"https:\/\/stuttgarti-katolikusok.de\/index.php\/brune-gyorgyi-marietta-maganyos-husvet\/"},"wordCount":886,"image":{"@id":"https:\/\/stuttgarti-katolikusok.de\/index.php\/brune-gyorgyi-marietta-maganyos-husvet\/#primaryimage"},"thumbnailUrl":"https:\/\/stuttgarti-katolikusok.de\/wp-content\/uploads\/2020\/04\/marietta2.jpg","articleSection":["Olvas\u00f3ink \u00edrj\u00e1k"],"inLanguage":"hu"},{"@type":"WebPage","@id":"https:\/\/stuttgarti-katolikusok.de\/index.php\/brune-gyorgyi-marietta-maganyos-husvet\/","url":"https:\/\/stuttgarti-katolikusok.de\/index.php\/brune-gyorgyi-marietta-maganyos-husvet\/","name":"Brune Gy\u00f6rgyi Marietta: Mag\u00e1nyos H\u00fasv\u00e9t - Stuttgarti Katolikusok","isPartOf":{"@id":"https:\/\/stuttgarti-katolikusok.de\/#website"},"primaryImageOfPage":{"@id":"https:\/\/stuttgarti-katolikusok.de\/index.php\/brune-gyorgyi-marietta-maganyos-husvet\/#primaryimage"},"image":{"@id":"https:\/\/stuttgarti-katolikusok.de\/index.php\/brune-gyorgyi-marietta-maganyos-husvet\/#primaryimage"},"thumbnailUrl":"https:\/\/stuttgarti-katolikusok.de\/wp-content\/uploads\/2020\/04\/marietta2.jpg","datePublished":"2020-04-25T05:21:25+00:00","author":{"@id":"https:\/\/stuttgarti-katolikusok.de\/#\/schema\/person\/75908d6f8fdc03a57889d27209df7795"},"breadcrumb":{"@id":"https:\/\/stuttgarti-katolikusok.de\/index.php\/brune-gyorgyi-marietta-maganyos-husvet\/#breadcrumb"},"inLanguage":"hu","potentialAction":[{"@type":"ReadAction","target":["https:\/\/stuttgarti-katolikusok.de\/index.php\/brune-gyorgyi-marietta-maganyos-husvet\/"]}]},{"@type":"ImageObject","inLanguage":"hu","@id":"https:\/\/stuttgarti-katolikusok.de\/index.php\/brune-gyorgyi-marietta-maganyos-husvet\/#primaryimage","url":"https:\/\/stuttgarti-katolikusok.de\/wp-content\/uploads\/2020\/04\/marietta2.jpg","contentUrl":"https:\/\/stuttgarti-katolikusok.de\/wp-content\/uploads\/2020\/04\/marietta2.jpg","width":1080,"height":1440},{"@type":"BreadcrumbList","@id":"https:\/\/stuttgarti-katolikusok.de\/index.php\/brune-gyorgyi-marietta-maganyos-husvet\/#breadcrumb","itemListElement":[{"@type":"ListItem","position":1,"name":"Kezd\u0151lap","item":"https:\/\/stuttgarti-katolikusok.de\/"},{"@type":"ListItem","position":2,"name":"Brune Gy\u00f6rgyi Marietta: Mag\u00e1nyos H\u00fasv\u00e9t"}]},{"@type":"WebSite","@id":"https:\/\/stuttgarti-katolikusok.de\/#website","url":"https:\/\/stuttgarti-katolikusok.de\/","name":"Stuttgarti Katolikusok","description":"","potentialAction":[{"@type":"SearchAction","target":{"@type":"EntryPoint","urlTemplate":"https:\/\/stuttgarti-katolikusok.de\/?s={search_term_string}"},"query-input":{"@type":"PropertyValueSpecification","valueRequired":true,"valueName":"search_term_string"}}],"inLanguage":"hu"},{"@type":"Person","@id":"https:\/\/stuttgarti-katolikusok.de\/#\/schema\/person\/75908d6f8fdc03a57889d27209df7795","name":"Tibor atya","image":{"@type":"ImageObject","inLanguage":"hu","@id":"https:\/\/secure.gravatar.com\/avatar\/61d268e57d1f4525b111222e29d2d5a7f8c420fdbf231ba5566a8ceac74fa960?s=96&d=mm&r=g","url":"https:\/\/secure.gravatar.com\/avatar\/61d268e57d1f4525b111222e29d2d5a7f8c420fdbf231ba5566a8ceac74fa960?s=96&d=mm&r=g","contentUrl":"https:\/\/secure.gravatar.com\/avatar\/61d268e57d1f4525b111222e29d2d5a7f8c420fdbf231ba5566a8ceac74fa960?s=96&d=mm&r=g","caption":"Tibor atya"},"url":"https:\/\/stuttgarti-katolikusok.de\/index.php\/author\/tibor-atya\/"}]}},"_links":{"self":[{"href":"https:\/\/stuttgarti-katolikusok.de\/index.php\/wp-json\/wp\/v2\/posts\/19410","targetHints":{"allow":["GET"]}}],"collection":[{"href":"https:\/\/stuttgarti-katolikusok.de\/index.php\/wp-json\/wp\/v2\/posts"}],"about":[{"href":"https:\/\/stuttgarti-katolikusok.de\/index.php\/wp-json\/wp\/v2\/types\/post"}],"author":[{"embeddable":true,"href":"https:\/\/stuttgarti-katolikusok.de\/index.php\/wp-json\/wp\/v2\/users\/3"}],"replies":[{"embeddable":true,"href":"https:\/\/stuttgarti-katolikusok.de\/index.php\/wp-json\/wp\/v2\/comments?post=19410"}],"version-history":[{"count":1,"href":"https:\/\/stuttgarti-katolikusok.de\/index.php\/wp-json\/wp\/v2\/posts\/19410\/revisions"}],"predecessor-version":[{"id":19412,"href":"https:\/\/stuttgarti-katolikusok.de\/index.php\/wp-json\/wp\/v2\/posts\/19410\/revisions\/19412"}],"wp:featuredmedia":[{"embeddable":true,"href":"https:\/\/stuttgarti-katolikusok.de\/index.php\/wp-json\/wp\/v2\/media\/19411"}],"wp:attachment":[{"href":"https:\/\/stuttgarti-katolikusok.de\/index.php\/wp-json\/wp\/v2\/media?parent=19410"}],"wp:term":[{"taxonomy":"category","embeddable":true,"href":"https:\/\/stuttgarti-katolikusok.de\/index.php\/wp-json\/wp\/v2\/categories?post=19410"},{"taxonomy":"post_tag","embeddable":true,"href":"https:\/\/stuttgarti-katolikusok.de\/index.php\/wp-json\/wp\/v2\/tags?post=19410"}],"curies":[{"name":"wp","href":"https:\/\/api.w.org\/{rel}","templated":true}]}}