{"id":19407,"date":"2020-04-25T05:07:31","date_gmt":"2020-04-25T05:07:31","guid":{"rendered":"https:\/\/gracious-dewdney.138-201-221-2.plesk.page\/?p=19407"},"modified":"2020-04-27T13:17:29","modified_gmt":"2020-04-27T13:17:29","slug":"husvet-3-vasarnapjara","status":"publish","type":"post","link":"https:\/\/stuttgarti-katolikusok.de\/index.php\/husvet-3-vasarnapjara\/","title":{"rendered":"H\u00fasv\u00e9t 3. vas\u00e1rnapj\u00e1ra"},"content":{"rendered":"<p><strong>\u00a0<\/strong><\/p>\n<ol start=\"2020\">\n<li><strong> \u00c1PRILIS 26.<\/strong><\/li>\n<\/ol>\n<p><strong>H\u00daSV\u00c9T 3. VAS\u00c1RNAPJA<\/strong><\/p>\n<p><strong>ALLELUJA! ALLELUJA! ALLELUJA!<\/strong><\/p>\n<p>&nbsp;<\/p>\n<p>J\u00e9zus \u00e9l \u00e9s nek\u00fcnk is \u00e9letet ad! Ezt a gondolatot soha nem felejthetj\u00fck el. \u00c9let\u00fcnk s\u00f6t\u00e9t \u00f3r\u00e1iban sem, a gy\u00e1szban sem, a hal\u00e1lban sem.<\/p>\n<p><strong>OLVASM\u00c1NY<\/strong>\u00a0\u00a0\u00a0\u00a0\u00a0\u00a0\u00a0\u00a0\u00a0\u00a0\u00a0\u00a0\u00a0\u00a0\u00a0\u00a0\u00a0\u00a0\u00a0\u00a0\u00a0\u00a0\u00a0\u00a0\u00a0\u00a0\u00a0\u00a0\u00a0\u00a0\u00a0\u00a0\u00a0\u00a0\u00a0 <em>ApCsel 2, 14. 22\u201328<\/em><\/p>\n<p>Krisztus csod\u00e1ival igazolta istens\u00e9g\u00e9t. A legf\u0151bb bizony\u00edt\u00e9k a felt\u00e1mad\u00e1sa. Szent P\u00e9ter nyomat\u00e9kkal h\u00edvja fel erre a figyelmet, hiszen a tan\u00edtv\u00e1nyok lelk\u00e9ben ink\u00e1bb az maradt meg az \u00dar j\u00f6vend\u00f6l\u00e9s\u00e9b\u0151l, hogy neki szenvednie kell; a felt\u00e1mad\u00e1st nem \u00e9rtett\u00e9k.<\/p>\n<p><strong>V\u00c1LASZOS ZSOLT\u00c1R<\/strong>\u00a0\u00a0\u00a0\u00a0\u00a0\u00a0\u00a0\u00a0\u00a0\u00a0\u00a0\u00a0\u00a0\u00a0\u00a0\u00a0\u00a0\u00a0\u00a0\u00a0\u00a0\u00a0\u00a0\u00a0 <em>\u00a0\u00a0\u00a0\u00a0\u00a0\u00a0\u00a0\u00a0\u00a0\u00a0\u00a0\u00a0\u00a0\u00a0\u00a0\u00a015. Zsolt\u00e1r<\/em><\/p>\n<p><strong>V\u00e1lasz: Az \u00e9let \u00fatj\u00e1t * mutatod, Uram, n\u00e9kem.<\/strong><\/p>\n<p><strong>Vagy: Alleluja, alleluja, alleluja.<\/strong><\/p>\n<p><strong>SZENTLECKE<\/strong>\u00a0\u00a0\u00a0\u00a0\u00a0\u00a0\u00a0\u00a0\u00a0\u00a0\u00a0\u00a0\u00a0\u00a0\u00a0\u00a0\u00a0\u00a0\u00a0\u00a0\u00a0\u00a0\u00a0\u00a0\u00a0\u00a0\u00a0\u00a0\u00a0\u00a0\u00a0\u00a0\u00a0\u00a0\u00a0\u00a0\u00a0\u00a0\u00a0\u00a0\u00a0\u00a0\u00a0\u00a0\u00a0 <em>1 P\u00e9t 1, 17\u201321<\/em><\/p>\n<p>A szentleck\u00e9ben is Szent P\u00e9tert id\u00e9zi az Egyh\u00e1z, m\u00e9gpedig buzd\u00edt\u00e1s\u00e1t, hogy \u201eszent f\u00e9lelem\u201d j\u00e1rja \u00e1t lelk\u00fcnket. Nem b\u00e9n\u00edt\u00f3 f\u00e9lelem ez, hanem szeretetb\u0151l fakad\u00f3 f\u00e9lelem, hogy el ne vesz\u00edts\u00fck hit\u00fcnket, s az \u00edt\u00e9leten igaznak tal\u00e1ljon minket az \u00daristen.<\/p>\n<p><strong>ALLELUJA<\/strong>\u00a0\u00a0\u00a0\u00a0\u00a0\u00a0\u00a0\u00a0\u00a0\u00a0\u00a0\u00a0\u00a0\u00a0\u00a0\u00a0\u00a0\u00a0\u00a0\u00a0\u00a0\u00a0\u00a0\u00a0\u00a0\u00a0\u00a0\u00a0\u00a0\u00a0\u00a0\u00a0\u00a0\u00a0\u00a0\u00a0\u00a0\u00a0\u00a0\u00a0\u00a0\u00a0\u00a0\u00a0\u00a0\u00a0\u00a0\u00a0\u00a0\u00a0\u00a0\u00a0 \u00a0\u00a0\u00a0\u00a0\u00a0\u00a0\u00a0\u00a0\u00a0\u00a0\u00a0\u00a0\u00a0\u00a0\u00a0<em>Lk 24, 32<\/em><\/p>\n<p>Urunk J\u00e9zus, t\u00e1rd fel az \u00cdr\u00e1sok \u00e9rtelm\u00e9t, hadd l\u00e1ngoljon a sz\u00edv\u00fcnk, mid\u0151n tan\u00edtasz minket!<\/p>\n<p><strong>EVANG\u00c9LIUM<\/strong>\u00a0\u00a0\u00a0\u00a0\u00a0\u00a0\u00a0\u00a0\u00a0\u00a0\u00a0\u00a0\u00a0\u00a0\u00a0\u00a0\u00a0\u00a0\u00a0\u00a0\u00a0\u00a0\u00a0\u00a0\u00a0\u00a0\u00a0\u00a0\u00a0\u00a0\u00a0\u00a0\u00a0\u00a0\u00a0\u00a0\u00a0\u00a0\u00a0\u00a0\u00a0\u00a0\u00a0\u00a0\u00a0 <em>Lk 24, 13\u201335<\/em><\/p>\n<p>A felt\u00e1madt J\u00e9zus az emmauszi tan\u00edtv\u00e1nyoknak felt\u00e1rta az \u00f3sz\u00f6vets\u00e9gi j\u00f6vend\u00f6l\u00e9sek igazi \u00e9rtelm\u00e9t: a Messi\u00e1s szenved\u00e9se \u00e9s kereszthal\u00e1la Isten tervei szerint t\u00f6rt\u00e9nt. Ez\u00e1ltal nyert\u00fck el b\u0171neink bocs\u00e1nat\u00e1t \u00e9s az \u00f6r\u00f6k \u00e9letet.<\/p>\n<p><strong>K\u00c9R\u00c9SEK<\/strong><\/p>\n<p>Add, Urunk, hogy Isten n\u00e9pe nindig felismerje a f\u00f6ldi \u00e9let \u00fatjain k\u00f6zt\u00fcnk j\u00e1r\u00f3 Krisztust! * Hogy \u00e9let\u00fcnk est\u00e9j\u00e9n Krisztus vel\u00fcnk maradjon, \u00e9s megadja nek\u00fcnk a boldog\u00edt\u00f3 istenl\u00e1t\u00e1s kegyelm\u00e9t!<\/p>\n<p><strong>AZ EUCHARISZTI\u00c1HOZ<\/strong><\/p>\n<p>A felt\u00e1madott J\u00e9zus a szents\u00e9gekkel kapcsol bele minket az isteni \u00e9letbe, a Szenth\u00e1roms\u00e1g \u00e9let\u00e9be. \u0150 \u00e9let\u00e9t adta \u00e9rt\u00fcnk. Mi is szentelj\u00fck neki \u00e9let\u00fcnket.<\/p>\n<p><strong>A LELKI \u00c1LDOZ\u00c1S IM\u00c1JA<\/strong><\/p>\n<p>J\u00c9ZUSOM! Hiszem, hogy jelen vagy a legm\u00e9lt\u00f3s\u00e1gosabb Olt\u00e1riszents\u00e9gben. Mindenn\u00e9l jobban szeretlek, \u00e9s v\u00e1gyom r\u00e1, hogy a lelkembe fogadhassalak. Mivel most nem tudlak szents\u00e9gi m\u00f3don magamhoz venni, j\u00f6jj, legal\u00e1bb lelki m\u00f3don, a sz\u00edvembe! Magamhoz \u00f6lellek, mintha m\u00e1r ott lenn\u00e9l, \u00e9s teljesen egyes\u00edtem magamat Veled. Ne engedd, hogy elszakadjak T\u0151led! \u00c1men.<\/p>\n<p>&nbsp;<\/p>\n<p><strong>ELM\u00c9LKED\u00c9S \u2013 EMMAUSZ <\/strong><\/p>\n<p>Urunk, mily r\u00e9g\u00f3ta \u00faton vagyunk m\u00e1r, \u00e9s nem ismert\u00fcnk fel t\u00e9ged! Csak ballagtunk egym\u00e1s mellett, a sz\u00edv\u00fcnk tele volt keser\u0171s\u00e9ggel, csal\u00f3d\u00e1ssal, kedvetlens\u00e9ggel, s tele volt k\u00e9ts\u00e9gekkel. Azt mondtuk: \u00cdme, v\u00e9ge van nemzet\u00fcnknek, \u00e9s a s\u00edrk\u0151 rem\u00e9ny\u00fcnket is s\u00edrba z\u00e1rta. De most, ezen a hajnalon \u00fajra asztalodhoz h\u00edvt\u00e1l minket! Megt\u00f6r\u00f6d a Kenyeret, megnyitod a szem\u00fcnket, \u00e9s \u00fajra felismer\u00fcnk t\u00e9ged. S ez a nagy bar\u00e1ti k\u00f6z\u00f6ss\u00e9g, amely oly k\u00fcl\u00f6nb\u00f6z\u0151 emberekb\u0151l \u00e1ll, ez a te felt\u00e1madt Tested.\u00a0 <em>A. B. Pomeyrol<\/em><\/p>\n<p>&nbsp;<\/p>\n<p>KEDVES TESTV\u00c9REK!<\/p>\n<p>A fenti elm\u00e9ked\u00e9s nagy igazs\u00e1gai felett el kell gondolkodnunk. A j\u00e1rv\u00e1ny ideje alatt nincs lehet\u0151s\u00e9g\u00fcnk templomainkban k\u00f6z\u00f6s liturgi\u00e1kat \u00fcnnepelni. A h\u00e9tk\u00f6znapi, a vas\u00e1rnapi szentmis\u00e9t \u00e9s minden m\u00e1s szertart\u00e1st priv\u00e1t \u00fcnnepelj\u00fck. K\u00fcl\u00f6nb\u00f6z\u0151 sz\u00e1nd\u00e9kokra im\u00e1dkozunk \u00e9s furcsa az \u00fcres padokat \u00e9s sz\u00e9keket l\u00e1tni&#8230; b\u00e1r odak\u00e9pzelj\u00fck h\u0171s\u00e9ges h\u00edveinket. Vajon a \u201ev\u00edrus okozta sebek\u201d milyen nyomot hagynak benn\u00fcnk? Milyen er\u0151s elhat\u00e1roz\u00e1sok sz\u00fcletnek most a z\u00e1rlat alatt? Val\u00f3ban m\u00e1s emberekk\u00e9 v\u00e1lunk ezut\u00e1n? Lesz-e felt\u00e1mad\u00e1s \u00e9s \u00faj \u00e9let?\u00a0\u00a0 <em>\u2013 Fr. BGK<\/em><\/p>\n<p>&nbsp;<\/p>\n<p>IM\u00c1DS\u00c1G A J\u00c1RV\u00c1NY IDEJ\u00c9RE<\/p>\n<p>Isten\u00fcnk, a koronav\u00edrus elleni v\u00e9dekez\u00e9s idej\u00e9n fordulunk Hozz\u00e1d. Bocs\u00e1natot k\u00e9r\u00fcnk az\u00e9rt, mert gyakran \u00e9l\u00fcnk \u00fagy, mintha Te nem is l\u00e9tezn\u00e9l \u00e9s sokszor csak akkor gondolunk R\u00e1d, mikor s\u00falyos vesz\u00e9lyekben \u00e9s sz\u00fcks\u00e9ghelyzetekben vagyunk.<\/p>\n<p>Add, hogy teljes sz\u00edv\u00fcnkkel Hozz\u00e1d forduljunk, gy\u00f3gy\u00edts ki benn\u00fcnket els\u0151sorban hitetlens\u00e9g\u00fcnk &#8222;v\u00edrus\u00e1b\u00f3l&#8221;: \u00f6nz\u0151s\u00e9g\u00fcnkb\u0151l \u00e9s a b\u0171nb\u0151l!<\/p>\n<p>A &#8222;v\u00edrusb\u00f3l&#8221;, amely jobban fert\u0151zi \u00e9s puszt\u00edtja a vil\u00e1got, mint b\u00e1rmi m\u00e1s. Amikor egym\u00e1st\u00f3l \u00e9s T\u0151led elszigeteltek vagyunk, \u00e9rezz\u00fck meg a Veled val\u00f3 tal\u00e1lkoz\u00e1s \u00e9s az irgalmass\u00e1godban val\u00f3 bizakod\u00e1s v\u00e1gy\u00e1t, amely egy\u00e9rtelm\u0171 jele annak, hogy Te teremtett\u00e9l benn\u00fcnket az\u00e9rt, hogy \u00c9rted \u00e9s embert\u00e1rsaink\u00e9rt \u00e9lj\u00fcnk.<\/p>\n<p>K\u00e9r\u00fcnk T\u00e9ged, ments meg benn\u00fcnket ett\u0151l a v\u00edrust\u00f3l, amely f\u00e9lelemmel t\u00f6lt el minket! Mentsd meg n\u00e9pedet, hogy visszat\u00e9rhessen Hozz\u00e1d \u00e9s dics\u00e9rhessen T\u00e9ged k\u00f6z\u00f6ss\u00e9geinkben! \u0150rizd \u00e9s vigasztald a fert\u0151z\u00f6tteket, az id\u0151seket, akik mag\u00e1nyosak \u00e9s immunrendszer\u00fck m\u00e1r nem tudja megv\u00e9deni \u0151ket! T\u00e1mogasd azokat, akik nagylelk\u0171en \u00e1polj\u00e1k a betegeket, vil\u00e1gos\u00edtsd meg a d\u00f6nt\u00e9shoz\u00f3k \u00e9rtelm\u00e9t \u00e9s azok\u00e9t is, akik a tudom\u00e1nyos kutat\u00e1sok v\u00e9gz\u00e9s\u00e9vel keresik a kiutat a j\u00e1rv\u00e1nyb\u00f3l!<\/p>\n<p>Adj mindannyiunknak bels\u0151 komolys\u00e1got \u00e9s sz\u00edv\u00fcnknek b\u00e9k\u00e9t, mely a Benned val\u00f3 bizalomb\u00f3l sz\u00fcletik, Urunk, \u00e9let\u00fcnk, aki \u00e9rt\u00fcnk \u00f6nmagadat adtad! Fogadd be az \u00f6r\u00f6k \u00e9let teljess\u00e9g\u00e9be az elhunytakat!<\/p>\n<p>Mindezeket k\u00e9rj\u00fck T\u0151led a Szepl\u0151telen Sz\u0171zanya, Szent J\u00f3zsef, az \u0151 jegyese, Szent Istv\u00e1n, P\u00e1duai Szent Antal \u00e9s Boldog Batthy\u00e1ny Strattmann L\u00e1szl\u00f3 orvos, \u00e9gi p\u00e1rtfog\u00f3ink k\u00f6zbenj\u00e1r\u00e1s\u00e1ra. \u00c1men.<\/p>\n<p>&nbsp;<\/p>\n<p>IMA MINDSZENTY J\u00d3ZSEF\u00c9RT<\/p>\n<p>\u00c9S AZ EGYH\u00c1Z\u00c9RT<\/p>\n<p><strong>Az eg\u00e9szs\u00e9g\u00fcgyi vesz\u00e9lyhelyzet miatt id\u00e9n<\/strong><\/p>\n<p><strong>\u00a0elmaradnak az esztergomi zar\u00e1ndoklatok.<\/strong><\/p>\n<p>Erd\u0151 P\u00e9ter b\u00edboros, pr\u00edm\u00e1s m\u00e1jus 2-\u00e1n d\u00e9lel\u0151tt 10 \u00f3rakor engesztel\u0151 szentmis\u00e9t mutat be a Szent Istv\u00e1n-bazilika M\u00e1ria-k\u00e1poln\u00e1j\u00e1ban m\u00e1rt\u00edrsors\u00fa el\u0151dje boldogg\u00e1 avat\u00e1s\u00e1\u00e9rt, amelyen Marton Zsolt v\u00e1ci megy\u00e9sp\u00fcsp\u00f6k mond hom\u00edli\u00e1t. A mis\u00e9t \u00e9l\u0151ben k\u00f6zvet\u00edti a Bonum TV \u00e9s a f\u0151egyh\u00e1zmegye Facebook-oldala is.<\/p>\n<p>Az elm\u00falt tizenh\u00e9t esztend\u0151ben a Magyar Katolikus P\u00fcsp\u00f6ki Konferencia a hercegpr\u00edm\u00e1s m\u00e1jus 6-i hal\u00e1l\u00e1nak \u00e9vfordul\u00f3j\u00e1ra a magyar egyh\u00e1z\u00e9rt \u00e9s haz\u00e1\u00e9rt felaj\u00e1nlott zar\u00e1ndoklatot szervezett Mindszenty J\u00f3zsef b\u00edboros s\u00edrj\u00e1hoz. Az esztergomi k\u00f6z\u00f6s megeml\u00e9kez\u00e9s ez\u00fattal elmarad. <em>Forr\u00e1s: Esztergom-Budapesti F\u0151egyh\u00e1zmegye \u00a0Facebook-oldala<\/em><\/p>\n<p><em>\u00a0<\/em><\/p>\n<p>VATIK\u00c1N: ELHALASZTJ\u00c1K<\/p>\n<p>A NEMZETK\u00d6ZI EUCHARISZTIKUS KONGRESSZUST<\/p>\n<p><strong>Budapest 2021-ben fogadja a katolikus vil\u00e1gtal\u00e1lkoz\u00f3ra \u00e9rkez\u0151 h\u00edveket.<\/strong><\/p>\n<p>Ferenc p\u00e1pa a Nemzetk\u00f6zi Eucharisztikus Kongresszusok P\u00e1pai Bizotts\u00e1g\u00e1val, valamint a katolikus vil\u00e1gesem\u00e9ny szervez\u0151ivel, a magyar p\u00fcsp\u00f6k\u00f6kkel egyeztetve \u2013 tekintettel az eg\u00e9szs\u00e9g\u00fcgyi kr\u00edzisre \u00e9s annak k\u00f6vetkezm\u00e9nyeire, a h\u00edvek \u00e9s zar\u00e1ndokok utaz\u00e1si neh\u00e9zs\u00e9geire \u2013 \u00fagy d\u00f6nt\u00f6tt, hogy egy \u00e9vvel elhalasztja a 2020 szeptember\u00e9re tervezett budapesti 52. Nemzetk\u00f6zi Eucharisztikus Kongresszust. A Szentsz\u00e9k az utaz\u00e1si neh\u00e9zs\u00e9gek \u00e9s a gy\u00fclekez\u00e9si korl\u00e1toz\u00e1sok miatt hasonl\u00f3 d\u00f6nt\u00e9st hozott a csal\u00e1dok vil\u00e1gtal\u00e1lkoz\u00f3j\u00e1val kapcsolatban is, amelyet 2021 j\u00fanius\u00e1ban tartottak volna R\u00f3m\u00e1ban. A 2022-es lisszaboni ifj\u00fas\u00e1gi vil\u00e1gtal\u00e1lkoz\u00f3t is a tervezett id\u0151ponthoz k\u00e9pest egy \u00e9vvel k\u00e9s\u0151bb, 2023 augusztus\u00e1ban tartj\u00e1k meg.\u00a0\u00a0\u00a0\u00a0\u00a0\u00a0\u00a0\u00a0\u00a0\u00a0\u00a0\u00a0\u00a0\u00a0\u00a0\u00a0\u00a0\u00a0\u00a0\u00a0\u00a0\u00a0\u00a0\u00a0\u00a0\u00a0\u00a0\u00a0\u00a0\u00a0\u00a0\u00a0\u00a0\u00a0\u00a0\u00a0\u00a0\u00a0\u00a0\u00a0 <em>Forr\u00e1s: Vatican News<\/em><\/p>\n<p>&nbsp;<\/p>\n<p>A NEK HALASZT\u00c1SA LEHET\u0150S\u00c9G<\/p>\n<p>AZ ELM\u00c9LY\u00dcL\u00c9SRE<\/p>\n<p><em>Egy \u00e9vvel elhalasztott\u00e1k a budapesti Nemzetk\u00f6zi Eucharisztikus Kongresszust. A h\u00edr kapcs\u00e1n Piero Marini \u00e9rsek, a Nemzetk\u00f6zi Eucharisztikus Kongresszusok P\u00e1pai Bizotts\u00e1g\u00e1nak eln\u00f6ke interj\u00fat adott a Vatik\u00e1ni R\u00e1di\u00f3nak. <\/em><\/p>\n<p>&#8222;Ez a felf\u00fcggeszt\u00e9s egyr\u00e9szt neh\u00e9zs\u00e9get jelent a helyi szervez\u0151 bizotts\u00e1gnak, mert p\u00e9ld\u00e1ul \u00fajra fel kell venni\u00fck a kapcsolatot mindenkivel, aki m\u00e1r jelentkezett az Eucharisztikus Kongresszusra, illetve akiket m\u00e1r megh\u00edvtak a teol\u00f3giai szimp\u00f3ziumra, valamint a t\u00f6bbi programra. Ugyanakkor a felk\u00e9sz\u00fcl\u00e9shez kapott \u00fajabb \u00e9v lehet\u0151s\u00e9get is jelent, hogy a helyi szervez\u0151 bizotts\u00e1g m\u00e9g jobban elm\u00e9ly\u00edtse a kongresszus el\u0151k\u00e9sz\u00edt\u00e9s\u00e9t \u00e9s t\u00e9m\u00e1j\u00e1t, valamint, hogy a nemzetk\u00f6zi k\u00f6z\u00f6ss\u00e9g pedig m\u00e9g ink\u00e1bb tudom\u00e1st szerezzen az esem\u00e9nyr\u0151l.<\/p>\n<p>Rem\u00e9lem teh\u00e1t, hogy 2021-ben m\u00e9g magasabb lesz a r\u00e9szv\u00e9teli ar\u00e1ny, mint amire sz\u00e1m\u00edtottunk 2020 szeptember\u00e9ben. R\u00e9szt vettem m\u00e1r n\u00e9h\u00e1ny eucharisztikus kongresszuson Qu\u00e9bect\u0151l kezdve, de m\u00e9g sosem tapasztaltam ilyen sz\u00e9lesk\u00f6r\u0171 \u00e9rdekl\u0151d\u00e9st egy eucharisztikus kongresszus ir\u00e1nt \u00e9s ilyen nagy sz\u00e1m\u00fa jelentkez\u0151t, mint a budapesti eset\u00e9ben&#8221; \u2013 nyilatkozta Piero Marini \u00e9rsek a Vatik\u00e1ni R\u00e1di\u00f3nak. <em>Forr\u00e1s: Vatican News<\/em><\/p>\n<p>&nbsp;<\/p>\n<p><strong>M\u00c1JUSI LIT\u00c1NIA<\/strong><\/p>\n<p><strong>M\u00c1JUSI SZ\u0170Z M\u00c1RIA-\u00c1JTATOSS\u00c1G<\/strong><\/p>\n<p>M\u00e1jus est\u00e9in a Sz\u0171zanya tisztelet\u00e9re v\u00e9gzett mag\u00e1n\u00e1jtatoss\u00e1g. Rendszerint n\u00e9p\u00e9nekekb\u0151l, a lorett\u00f3i lit\u00e1ni\u00e1b\u00f3l, M\u00e1ria-im\u00e1ds\u00e1gokb\u00f3l, M\u00e1ria-antif\u00f3n\u00e1b\u00f3l, esetleg pr\u00e9dik\u00e1ci\u00f3b\u00f3l \u00e1ll. A v\u00e9g\u00e9n szents\u00e9gi \u00e1ld\u00e1st adnak cib\u00f3riummal, \u00fcnnep\u00e9lyesebb esetekben monstranci\u00e1val.<\/p>\n<p>Az els\u0151 ilyen jelleg\u0171 \u00e1jtatoss\u00e1got 1700 k\u00f6r\u00fcl N\u00e1polyban tartotta P. Ansaloni SJ. A 19. sz\u00e1zad elej\u00e9n m\u00e1r eg\u00e9sz Eur\u00f3p\u00e1ban, Magyarorsz\u00e1gon is elterjedt. VII. Piusz p\u00e1pa 1815-ben b\u00facs\u00fat is enged\u00e9lyezett hozz\u00e1.<\/p>\n<p>&nbsp;<\/p>\n<p>OLTALMAD AL\u00c1 FUTUNK<\/p>\n<p>Oltalmad al\u00e1 futunk, Istennek szent Anyja, k\u00f6ny\u00f6rg\u00e9s\u00fcnket meg ne vesd sz\u00fcks\u00e9g\u00fcnk idej\u00e9n. Hanem oltalmazz meg minket minden veszedelemt\u0151l, mindenkor dics\u0151s\u00e9ges \u00e9s \u00e1ldott Sz\u0171z. Mi asszonyunk, mi k\u00f6zbenj\u00e1r\u00f3nk, mi sz\u00f3sz\u00f3l\u00f3nk, engeszteld meg nek\u00fcnk szent Fiadat, aj\u00e1nlj minket szent Fiadnak, mutass be minket szent Fiadnak. \u00c1men.<\/p>\n<p>&nbsp;<\/p>\n<p>MOST SEG\u00cdTS MEG, M\u00c1RIA!<\/p>\n<p>Most seg\u00edts meg, M\u00e1ria, \u00f3 irgalmas Sz\u0171zanya! Keserv\u00e9t a b\u00fanak, bajnak, eloszlatni van hatalmad. Hol m\u00e1r ember nem seg\u00edthet, a te er\u0151d nem t\u00f6rik meg. H\u0151 im\u00e1it gyermekidnek, nem, te soha nem veted meg! Hol a sz\u00fcks\u00e9g k\u00ednja nagy, mutasd meg, hogy Anya vagy! Most seg\u00edts meg, M\u00e1ria, \u00f3 irgalmas Sz\u0171zanya! \u00c1men.<\/p>\n<p>&nbsp;<\/p>\n<p><strong>TENGERNEK CSILLAGA, ISTEN \u00c9DESANYJA, <\/strong><\/p>\n<p><strong>\u00dcDV\u00d6Z L\u00c9GY MINDIG SZ\u0170Z, MENNY BOLDOG KAPUJA.<\/strong><\/p>\n<p><strong>MUTASD, HOGY ANY\u00c1NK VAGY! HALLJA MEG IM\u00c1DAT,<\/strong><\/p>\n<p><strong>KI \u00c9RT\u00dcNK FIADD\u00c1 SZ\u00dcLETNI NEM \u00c1TALLT.<\/strong><\/p>\n<p><strong>MOSD MEG \u00c9LET\u00dcNKET, K\u00c9SZ\u00cdTSD EL UTUNKAT,<\/strong><\/p>\n<p><strong>HOGY \u00d6R\u00d6K \u00d6R\u00d6MBEN L\u00c1SSUK J\u00c9ZUSUNKAT. <\/strong><\/p>\n<p><strong>AVE MARIS STELLA, B<\/strong><strong>abits ford.<\/strong><\/p>\n<p>&nbsp;<\/p>\n","protected":false},"excerpt":{"rendered":"<p>\u00a0 \u00c1PRILIS 26. H\u00daSV\u00c9T 3. VAS\u00c1RNAPJA ALLELUJA! ALLELUJA! ALLELUJA! &nbsp; J\u00e9zus \u00e9l \u00e9s nek\u00fcnk is \u00e9letet ad! Ezt a gondolatot soha nem felejthetj\u00fck el. \u00c9let\u00fcnk s\u00f6t\u00e9t \u00f3r\u00e1iban sem, a gy\u00e1szban sem, a hal\u00e1lban sem. OLVASM\u00c1NY\u00a0\u00a0\u00a0\u00a0\u00a0\u00a0\u00a0\u00a0\u00a0\u00a0\u00a0\u00a0\u00a0\u00a0\u00a0\u00a0\u00a0\u00a0\u00a0\u00a0\u00a0\u00a0\u00a0\u00a0\u00a0\u00a0\u00a0\u00a0\u00a0\u00a0\u00a0\u00a0\u00a0\u00a0\u00a0 ApCsel 2, 14. 22\u201328 Krisztus csod\u00e1ival igazolta istens\u00e9g\u00e9t. A legf\u0151bb bizony\u00edt\u00e9k a felt\u00e1mad\u00e1sa. Szent P\u00e9ter nyomat\u00e9kkal h\u00edvja fel erre a figyelmet, hiszen a tan\u00edtv\u00e1nyok lelk\u00e9ben ink\u00e1bb az maradt meg az \u00dar j\u00f6vend\u00f6l\u00e9s\u00e9b\u0151l, hogy neki szenvednie kell; a felt\u00e1mad\u00e1st nem \u00e9rtett\u00e9k. V\u00c1LASZOS ZSOLT\u00c1R\u00a0\u00a0\u00a0\u00a0\u00a0\u00a0\u00a0\u00a0\u00a0\u00a0\u00a0\u00a0\u00a0\u00a0\u00a0\u00a0\u00a0\u00a0\u00a0\u00a0\u00a0\u00a0\u00a0\u00a0 \u00a0\u00a0\u00a0\u00a0\u00a0\u00a0\u00a0\u00a0\u00a0\u00a0\u00a0\u00a0\u00a0\u00a0\u00a0\u00a015. Zsolt\u00e1r V\u00e1lasz: Az \u00e9let \u00fatj\u00e1t * mutatod, Uram, n\u00e9kem. Vagy: Alleluja, alleluja, alleluja. SZENTLECKE\u00a0\u00a0\u00a0\u00a0\u00a0\u00a0\u00a0\u00a0\u00a0\u00a0\u00a0\u00a0\u00a0\u00a0\u00a0\u00a0\u00a0\u00a0\u00a0\u00a0\u00a0\u00a0\u00a0\u00a0\u00a0\u00a0\u00a0\u00a0\u00a0\u00a0\u00a0\u00a0\u00a0\u00a0\u00a0\u00a0\u00a0\u00a0\u00a0\u00a0\u00a0\u00a0\u00a0\u00a0\u00a0 1 P\u00e9t 1, 17\u201321 A szentleck\u00e9ben is Szent P\u00e9tert id\u00e9zi az Egyh\u00e1z, m\u00e9gpedig buzd\u00edt\u00e1s\u00e1t, hogy \u201eszent f\u00e9lelem\u201d j\u00e1rja \u00e1t lelk\u00fcnket. Nem b\u00e9n\u00edt\u00f3 f\u00e9lelem ez, hanem szeretetb\u0151l fakad\u00f3 f\u00e9lelem, hogy el ne vesz\u00edts\u00fck hit\u00fcnket, s az \u00edt\u00e9leten igaznak tal\u00e1ljon minket az \u00daristen. ALLELUJA\u00a0\u00a0\u00a0\u00a0\u00a0\u00a0\u00a0\u00a0\u00a0\u00a0\u00a0\u00a0\u00a0\u00a0\u00a0\u00a0\u00a0\u00a0\u00a0\u00a0\u00a0\u00a0\u00a0\u00a0\u00a0\u00a0\u00a0\u00a0\u00a0\u00a0\u00a0\u00a0\u00a0\u00a0\u00a0\u00a0\u00a0\u00a0\u00a0\u00a0\u00a0\u00a0\u00a0\u00a0\u00a0\u00a0\u00a0\u00a0\u00a0\u00a0\u00a0\u00a0 \u00a0\u00a0\u00a0\u00a0\u00a0\u00a0\u00a0\u00a0\u00a0\u00a0\u00a0\u00a0\u00a0\u00a0\u00a0Lk 24, 32 Urunk J\u00e9zus, t\u00e1rd fel az \u00cdr\u00e1sok \u00e9rtelm\u00e9t, hadd l\u00e1ngoljon a sz\u00edv\u00fcnk, mid\u0151n tan\u00edtasz minket! EVANG\u00c9LIUM\u00a0\u00a0\u00a0\u00a0\u00a0\u00a0\u00a0\u00a0\u00a0\u00a0\u00a0\u00a0\u00a0\u00a0\u00a0\u00a0\u00a0\u00a0\u00a0\u00a0\u00a0\u00a0\u00a0\u00a0\u00a0\u00a0\u00a0\u00a0\u00a0\u00a0\u00a0\u00a0\u00a0\u00a0\u00a0\u00a0\u00a0\u00a0\u00a0\u00a0\u00a0\u00a0\u00a0\u00a0\u00a0 Lk 24, 13\u201335 A felt\u00e1madt J\u00e9zus az emmauszi tan\u00edtv\u00e1nyoknak felt\u00e1rta az \u00f3sz\u00f6vets\u00e9gi j\u00f6vend\u00f6l\u00e9sek igazi \u00e9rtelm\u00e9t: a Messi\u00e1s szenved\u00e9se \u00e9s kereszthal\u00e1la Isten tervei szerint t\u00f6rt\u00e9nt. Ez\u00e1ltal nyert\u00fck el b\u0171neink bocs\u00e1nat\u00e1t \u00e9s az \u00f6r\u00f6k \u00e9letet. K\u00c9R\u00c9SEK Add, Urunk, hogy Isten n\u00e9pe nindig felismerje a f\u00f6ldi \u00e9let \u00fatjain k\u00f6zt\u00fcnk j\u00e1r\u00f3 Krisztust! * Hogy \u00e9let\u00fcnk est\u00e9j\u00e9n Krisztus vel\u00fcnk maradjon, \u00e9s megadja nek\u00fcnk a boldog\u00edt\u00f3 istenl\u00e1t\u00e1s kegyelm\u00e9t! AZ EUCHARISZTI\u00c1HOZ A felt\u00e1madott J\u00e9zus a szents\u00e9gekkel kapcsol bele minket az isteni \u00e9letbe, a Szenth\u00e1roms\u00e1g \u00e9let\u00e9be. \u0150 \u00e9let\u00e9t adta \u00e9rt\u00fcnk. Mi is szentelj\u00fck neki \u00e9let\u00fcnket. A LELKI \u00c1LDOZ\u00c1S IM\u00c1JA J\u00c9ZUSOM! Hiszem, hogy jelen vagy a legm\u00e9lt\u00f3s\u00e1gosabb Olt\u00e1riszents\u00e9gben. Mindenn\u00e9l jobban szeretlek, \u00e9s v\u00e1gyom r\u00e1, hogy a lelkembe fogadhassalak. Mivel most nem tudlak szents\u00e9gi m\u00f3don magamhoz venni, j\u00f6jj, legal\u00e1bb lelki m\u00f3don, a sz\u00edvembe! Magamhoz \u00f6lellek, mintha m\u00e1r ott lenn\u00e9l, \u00e9s teljesen egyes\u00edtem magamat Veled. Ne engedd, hogy elszakadjak T\u0151led! \u00c1men. &nbsp; ELM\u00c9LKED\u00c9S \u2013 EMMAUSZ Urunk, mily r\u00e9g\u00f3ta \u00faton&#8230; <\/p>\n<p><a class=\"readmore\" href=\"https:\/\/stuttgarti-katolikusok.de\/index.php\/husvet-3-vasarnapjara\/\">R\u00e9szletek<\/a><\/p>\n","protected":false},"author":3,"featured_media":0,"comment_status":"closed","ping_status":"closed","sticky":false,"template":"","format":"standard","meta":{"footnotes":""},"categories":[63],"tags":[],"class_list":["post-19407","post","type-post","status-publish","format-standard","hentry","category-vasarnapi-gondolatok"],"yoast_head":"<!-- This site is optimized with the Yoast SEO plugin v27.3 - https:\/\/yoast.com\/product\/yoast-seo-wordpress\/ -->\n<title>H\u00fasv\u00e9t 3. vas\u00e1rnapj\u00e1ra - Stuttgarti Katolikusok<\/title>\n<meta name=\"robots\" content=\"index, follow, max-snippet:-1, max-image-preview:large, max-video-preview:-1\" \/>\n<link rel=\"canonical\" href=\"https:\/\/stuttgarti-katolikusok.de\/index.php\/husvet-3-vasarnapjara\/\" \/>\n<meta property=\"og:locale\" content=\"hu_HU\" \/>\n<meta property=\"og:type\" content=\"article\" \/>\n<meta property=\"og:title\" content=\"H\u00fasv\u00e9t 3. vas\u00e1rnapj\u00e1ra - Stuttgarti Katolikusok\" \/>\n<meta property=\"og:description\" content=\"\u00a0 \u00c1PRILIS 26. H\u00daSV\u00c9T 3. VAS\u00c1RNAPJA ALLELUJA! ALLELUJA! ALLELUJA! &nbsp; J\u00e9zus \u00e9l \u00e9s nek\u00fcnk is \u00e9letet ad! Ezt a gondolatot soha nem felejthetj\u00fck el. \u00c9let\u00fcnk s\u00f6t\u00e9t \u00f3r\u00e1iban sem, a gy\u00e1szban sem, a hal\u00e1lban sem. OLVASM\u00c1NY\u00a0\u00a0\u00a0\u00a0\u00a0\u00a0\u00a0\u00a0\u00a0\u00a0\u00a0\u00a0\u00a0\u00a0\u00a0\u00a0\u00a0\u00a0\u00a0\u00a0\u00a0\u00a0\u00a0\u00a0\u00a0\u00a0\u00a0\u00a0\u00a0\u00a0\u00a0\u00a0\u00a0\u00a0\u00a0 ApCsel 2, 14. 22\u201328 Krisztus csod\u00e1ival igazolta istens\u00e9g\u00e9t. A legf\u0151bb bizony\u00edt\u00e9k a felt\u00e1mad\u00e1sa. Szent P\u00e9ter nyomat\u00e9kkal h\u00edvja fel erre a figyelmet, hiszen a tan\u00edtv\u00e1nyok lelk\u00e9ben ink\u00e1bb az maradt meg az \u00dar j\u00f6vend\u00f6l\u00e9s\u00e9b\u0151l, hogy neki szenvednie kell; a felt\u00e1mad\u00e1st nem \u00e9rtett\u00e9k. V\u00c1LASZOS ZSOLT\u00c1R\u00a0\u00a0\u00a0\u00a0\u00a0\u00a0\u00a0\u00a0\u00a0\u00a0\u00a0\u00a0\u00a0\u00a0\u00a0\u00a0\u00a0\u00a0\u00a0\u00a0\u00a0\u00a0\u00a0\u00a0 \u00a0\u00a0\u00a0\u00a0\u00a0\u00a0\u00a0\u00a0\u00a0\u00a0\u00a0\u00a0\u00a0\u00a0\u00a0\u00a015. Zsolt\u00e1r V\u00e1lasz: Az \u00e9let \u00fatj\u00e1t * mutatod, Uram, n\u00e9kem. Vagy: Alleluja, alleluja, alleluja. SZENTLECKE\u00a0\u00a0\u00a0\u00a0\u00a0\u00a0\u00a0\u00a0\u00a0\u00a0\u00a0\u00a0\u00a0\u00a0\u00a0\u00a0\u00a0\u00a0\u00a0\u00a0\u00a0\u00a0\u00a0\u00a0\u00a0\u00a0\u00a0\u00a0\u00a0\u00a0\u00a0\u00a0\u00a0\u00a0\u00a0\u00a0\u00a0\u00a0\u00a0\u00a0\u00a0\u00a0\u00a0\u00a0\u00a0 1 P\u00e9t 1, 17\u201321 A szentleck\u00e9ben is Szent P\u00e9tert id\u00e9zi az Egyh\u00e1z, m\u00e9gpedig buzd\u00edt\u00e1s\u00e1t, hogy \u201eszent f\u00e9lelem\u201d j\u00e1rja \u00e1t lelk\u00fcnket. Nem b\u00e9n\u00edt\u00f3 f\u00e9lelem ez, hanem szeretetb\u0151l fakad\u00f3 f\u00e9lelem, hogy el ne vesz\u00edts\u00fck hit\u00fcnket, s az \u00edt\u00e9leten igaznak tal\u00e1ljon minket az \u00daristen. ALLELUJA\u00a0\u00a0\u00a0\u00a0\u00a0\u00a0\u00a0\u00a0\u00a0\u00a0\u00a0\u00a0\u00a0\u00a0\u00a0\u00a0\u00a0\u00a0\u00a0\u00a0\u00a0\u00a0\u00a0\u00a0\u00a0\u00a0\u00a0\u00a0\u00a0\u00a0\u00a0\u00a0\u00a0\u00a0\u00a0\u00a0\u00a0\u00a0\u00a0\u00a0\u00a0\u00a0\u00a0\u00a0\u00a0\u00a0\u00a0\u00a0\u00a0\u00a0\u00a0\u00a0 \u00a0\u00a0\u00a0\u00a0\u00a0\u00a0\u00a0\u00a0\u00a0\u00a0\u00a0\u00a0\u00a0\u00a0\u00a0Lk 24, 32 Urunk J\u00e9zus, t\u00e1rd fel az \u00cdr\u00e1sok \u00e9rtelm\u00e9t, hadd l\u00e1ngoljon a sz\u00edv\u00fcnk, mid\u0151n tan\u00edtasz minket! EVANG\u00c9LIUM\u00a0\u00a0\u00a0\u00a0\u00a0\u00a0\u00a0\u00a0\u00a0\u00a0\u00a0\u00a0\u00a0\u00a0\u00a0\u00a0\u00a0\u00a0\u00a0\u00a0\u00a0\u00a0\u00a0\u00a0\u00a0\u00a0\u00a0\u00a0\u00a0\u00a0\u00a0\u00a0\u00a0\u00a0\u00a0\u00a0\u00a0\u00a0\u00a0\u00a0\u00a0\u00a0\u00a0\u00a0\u00a0 Lk 24, 13\u201335 A felt\u00e1madt J\u00e9zus az emmauszi tan\u00edtv\u00e1nyoknak felt\u00e1rta az \u00f3sz\u00f6vets\u00e9gi j\u00f6vend\u00f6l\u00e9sek igazi \u00e9rtelm\u00e9t: a Messi\u00e1s szenved\u00e9se \u00e9s kereszthal\u00e1la Isten tervei szerint t\u00f6rt\u00e9nt. Ez\u00e1ltal nyert\u00fck el b\u0171neink bocs\u00e1nat\u00e1t \u00e9s az \u00f6r\u00f6k \u00e9letet. K\u00c9R\u00c9SEK Add, Urunk, hogy Isten n\u00e9pe nindig felismerje a f\u00f6ldi \u00e9let \u00fatjain k\u00f6zt\u00fcnk j\u00e1r\u00f3 Krisztust! * Hogy \u00e9let\u00fcnk est\u00e9j\u00e9n Krisztus vel\u00fcnk maradjon, \u00e9s megadja nek\u00fcnk a boldog\u00edt\u00f3 istenl\u00e1t\u00e1s kegyelm\u00e9t! AZ EUCHARISZTI\u00c1HOZ A felt\u00e1madott J\u00e9zus a szents\u00e9gekkel kapcsol bele minket az isteni \u00e9letbe, a Szenth\u00e1roms\u00e1g \u00e9let\u00e9be. \u0150 \u00e9let\u00e9t adta \u00e9rt\u00fcnk. Mi is szentelj\u00fck neki \u00e9let\u00fcnket. A LELKI \u00c1LDOZ\u00c1S IM\u00c1JA J\u00c9ZUSOM! Hiszem, hogy jelen vagy a legm\u00e9lt\u00f3s\u00e1gosabb Olt\u00e1riszents\u00e9gben. Mindenn\u00e9l jobban szeretlek, \u00e9s v\u00e1gyom r\u00e1, hogy a lelkembe fogadhassalak. Mivel most nem tudlak szents\u00e9gi m\u00f3don magamhoz venni, j\u00f6jj, legal\u00e1bb lelki m\u00f3don, a sz\u00edvembe! Magamhoz \u00f6lellek, mintha m\u00e1r ott lenn\u00e9l, \u00e9s teljesen egyes\u00edtem magamat Veled. Ne engedd, hogy elszakadjak T\u0151led! \u00c1men. &nbsp; ELM\u00c9LKED\u00c9S \u2013 EMMAUSZ Urunk, mily r\u00e9g\u00f3ta \u00faton... R\u00e9szletek\" \/>\n<meta property=\"og:url\" content=\"https:\/\/stuttgarti-katolikusok.de\/index.php\/husvet-3-vasarnapjara\/\" \/>\n<meta property=\"og:site_name\" content=\"Stuttgarti Katolikusok\" \/>\n<meta property=\"article:published_time\" content=\"2020-04-25T05:07:31+00:00\" \/>\n<meta property=\"article:modified_time\" content=\"2020-04-27T13:17:29+00:00\" \/>\n<meta name=\"author\" content=\"Tibor atya\" \/>\n<meta name=\"twitter:card\" content=\"summary_large_image\" \/>\n<meta name=\"twitter:label1\" content=\"Szerz\u0151:\" \/>\n\t<meta name=\"twitter:data1\" content=\"Tibor atya\" \/>\n\t<meta name=\"twitter:label2\" content=\"Becs\u00fclt olvas\u00e1si id\u0151\" \/>\n\t<meta name=\"twitter:data2\" content=\"9 perc\" \/>\n<script type=\"application\/ld+json\" class=\"yoast-schema-graph\">{\"@context\":\"https:\\\/\\\/schema.org\",\"@graph\":[{\"@type\":\"Article\",\"@id\":\"https:\\\/\\\/stuttgarti-katolikusok.de\\\/index.php\\\/husvet-3-vasarnapjara\\\/#article\",\"isPartOf\":{\"@id\":\"https:\\\/\\\/stuttgarti-katolikusok.de\\\/index.php\\\/husvet-3-vasarnapjara\\\/\"},\"author\":{\"name\":\"Tibor atya\",\"@id\":\"https:\\\/\\\/stuttgarti-katolikusok.de\\\/#\\\/schema\\\/person\\\/75908d6f8fdc03a57889d27209df7795\"},\"headline\":\"H\u00fasv\u00e9t 3. vas\u00e1rnapj\u00e1ra\",\"datePublished\":\"2020-04-25T05:07:31+00:00\",\"dateModified\":\"2020-04-27T13:17:29+00:00\",\"mainEntityOfPage\":{\"@id\":\"https:\\\/\\\/stuttgarti-katolikusok.de\\\/index.php\\\/husvet-3-vasarnapjara\\\/\"},\"wordCount\":1898,\"articleSection\":[\"Vas\u00e1rnapi gondolatok\"],\"inLanguage\":\"hu\"},{\"@type\":\"WebPage\",\"@id\":\"https:\\\/\\\/stuttgarti-katolikusok.de\\\/index.php\\\/husvet-3-vasarnapjara\\\/\",\"url\":\"https:\\\/\\\/stuttgarti-katolikusok.de\\\/index.php\\\/husvet-3-vasarnapjara\\\/\",\"name\":\"H\u00fasv\u00e9t 3. vas\u00e1rnapj\u00e1ra - Stuttgarti Katolikusok\",\"isPartOf\":{\"@id\":\"https:\\\/\\\/stuttgarti-katolikusok.de\\\/#website\"},\"datePublished\":\"2020-04-25T05:07:31+00:00\",\"dateModified\":\"2020-04-27T13:17:29+00:00\",\"author\":{\"@id\":\"https:\\\/\\\/stuttgarti-katolikusok.de\\\/#\\\/schema\\\/person\\\/75908d6f8fdc03a57889d27209df7795\"},\"breadcrumb\":{\"@id\":\"https:\\\/\\\/stuttgarti-katolikusok.de\\\/index.php\\\/husvet-3-vasarnapjara\\\/#breadcrumb\"},\"inLanguage\":\"hu\",\"potentialAction\":[{\"@type\":\"ReadAction\",\"target\":[\"https:\\\/\\\/stuttgarti-katolikusok.de\\\/index.php\\\/husvet-3-vasarnapjara\\\/\"]}]},{\"@type\":\"BreadcrumbList\",\"@id\":\"https:\\\/\\\/stuttgarti-katolikusok.de\\\/index.php\\\/husvet-3-vasarnapjara\\\/#breadcrumb\",\"itemListElement\":[{\"@type\":\"ListItem\",\"position\":1,\"name\":\"Kezd\u0151lap\",\"item\":\"https:\\\/\\\/stuttgarti-katolikusok.de\\\/\"},{\"@type\":\"ListItem\",\"position\":2,\"name\":\"H\u00fasv\u00e9t 3. vas\u00e1rnapj\u00e1ra\"}]},{\"@type\":\"WebSite\",\"@id\":\"https:\\\/\\\/stuttgarti-katolikusok.de\\\/#website\",\"url\":\"https:\\\/\\\/stuttgarti-katolikusok.de\\\/\",\"name\":\"Stuttgarti Katolikusok\",\"description\":\"\",\"potentialAction\":[{\"@type\":\"SearchAction\",\"target\":{\"@type\":\"EntryPoint\",\"urlTemplate\":\"https:\\\/\\\/stuttgarti-katolikusok.de\\\/?s={search_term_string}\"},\"query-input\":{\"@type\":\"PropertyValueSpecification\",\"valueRequired\":true,\"valueName\":\"search_term_string\"}}],\"inLanguage\":\"hu\"},{\"@type\":\"Person\",\"@id\":\"https:\\\/\\\/stuttgarti-katolikusok.de\\\/#\\\/schema\\\/person\\\/75908d6f8fdc03a57889d27209df7795\",\"name\":\"Tibor atya\",\"image\":{\"@type\":\"ImageObject\",\"inLanguage\":\"hu\",\"@id\":\"https:\\\/\\\/secure.gravatar.com\\\/avatar\\\/61d268e57d1f4525b111222e29d2d5a7f8c420fdbf231ba5566a8ceac74fa960?s=96&d=mm&r=g\",\"url\":\"https:\\\/\\\/secure.gravatar.com\\\/avatar\\\/61d268e57d1f4525b111222e29d2d5a7f8c420fdbf231ba5566a8ceac74fa960?s=96&d=mm&r=g\",\"contentUrl\":\"https:\\\/\\\/secure.gravatar.com\\\/avatar\\\/61d268e57d1f4525b111222e29d2d5a7f8c420fdbf231ba5566a8ceac74fa960?s=96&d=mm&r=g\",\"caption\":\"Tibor atya\"},\"url\":\"https:\\\/\\\/stuttgarti-katolikusok.de\\\/index.php\\\/author\\\/tibor-atya\\\/\"}]}<\/script>\n<!-- \/ Yoast SEO plugin. -->","yoast_head_json":{"title":"H\u00fasv\u00e9t 3. vas\u00e1rnapj\u00e1ra - Stuttgarti Katolikusok","robots":{"index":"index","follow":"follow","max-snippet":"max-snippet:-1","max-image-preview":"max-image-preview:large","max-video-preview":"max-video-preview:-1"},"canonical":"https:\/\/stuttgarti-katolikusok.de\/index.php\/husvet-3-vasarnapjara\/","og_locale":"hu_HU","og_type":"article","og_title":"H\u00fasv\u00e9t 3. vas\u00e1rnapj\u00e1ra - Stuttgarti Katolikusok","og_description":"\u00a0 \u00c1PRILIS 26. H\u00daSV\u00c9T 3. VAS\u00c1RNAPJA ALLELUJA! ALLELUJA! ALLELUJA! &nbsp; J\u00e9zus \u00e9l \u00e9s nek\u00fcnk is \u00e9letet ad! Ezt a gondolatot soha nem felejthetj\u00fck el. \u00c9let\u00fcnk s\u00f6t\u00e9t \u00f3r\u00e1iban sem, a gy\u00e1szban sem, a hal\u00e1lban sem. OLVASM\u00c1NY\u00a0\u00a0\u00a0\u00a0\u00a0\u00a0\u00a0\u00a0\u00a0\u00a0\u00a0\u00a0\u00a0\u00a0\u00a0\u00a0\u00a0\u00a0\u00a0\u00a0\u00a0\u00a0\u00a0\u00a0\u00a0\u00a0\u00a0\u00a0\u00a0\u00a0\u00a0\u00a0\u00a0\u00a0\u00a0 ApCsel 2, 14. 22\u201328 Krisztus csod\u00e1ival igazolta istens\u00e9g\u00e9t. A legf\u0151bb bizony\u00edt\u00e9k a felt\u00e1mad\u00e1sa. Szent P\u00e9ter nyomat\u00e9kkal h\u00edvja fel erre a figyelmet, hiszen a tan\u00edtv\u00e1nyok lelk\u00e9ben ink\u00e1bb az maradt meg az \u00dar j\u00f6vend\u00f6l\u00e9s\u00e9b\u0151l, hogy neki szenvednie kell; a felt\u00e1mad\u00e1st nem \u00e9rtett\u00e9k. V\u00c1LASZOS ZSOLT\u00c1R\u00a0\u00a0\u00a0\u00a0\u00a0\u00a0\u00a0\u00a0\u00a0\u00a0\u00a0\u00a0\u00a0\u00a0\u00a0\u00a0\u00a0\u00a0\u00a0\u00a0\u00a0\u00a0\u00a0\u00a0 \u00a0\u00a0\u00a0\u00a0\u00a0\u00a0\u00a0\u00a0\u00a0\u00a0\u00a0\u00a0\u00a0\u00a0\u00a0\u00a015. Zsolt\u00e1r V\u00e1lasz: Az \u00e9let \u00fatj\u00e1t * mutatod, Uram, n\u00e9kem. Vagy: Alleluja, alleluja, alleluja. SZENTLECKE\u00a0\u00a0\u00a0\u00a0\u00a0\u00a0\u00a0\u00a0\u00a0\u00a0\u00a0\u00a0\u00a0\u00a0\u00a0\u00a0\u00a0\u00a0\u00a0\u00a0\u00a0\u00a0\u00a0\u00a0\u00a0\u00a0\u00a0\u00a0\u00a0\u00a0\u00a0\u00a0\u00a0\u00a0\u00a0\u00a0\u00a0\u00a0\u00a0\u00a0\u00a0\u00a0\u00a0\u00a0\u00a0 1 P\u00e9t 1, 17\u201321 A szentleck\u00e9ben is Szent P\u00e9tert id\u00e9zi az Egyh\u00e1z, m\u00e9gpedig buzd\u00edt\u00e1s\u00e1t, hogy \u201eszent f\u00e9lelem\u201d j\u00e1rja \u00e1t lelk\u00fcnket. Nem b\u00e9n\u00edt\u00f3 f\u00e9lelem ez, hanem szeretetb\u0151l fakad\u00f3 f\u00e9lelem, hogy el ne vesz\u00edts\u00fck hit\u00fcnket, s az \u00edt\u00e9leten igaznak tal\u00e1ljon minket az \u00daristen. ALLELUJA\u00a0\u00a0\u00a0\u00a0\u00a0\u00a0\u00a0\u00a0\u00a0\u00a0\u00a0\u00a0\u00a0\u00a0\u00a0\u00a0\u00a0\u00a0\u00a0\u00a0\u00a0\u00a0\u00a0\u00a0\u00a0\u00a0\u00a0\u00a0\u00a0\u00a0\u00a0\u00a0\u00a0\u00a0\u00a0\u00a0\u00a0\u00a0\u00a0\u00a0\u00a0\u00a0\u00a0\u00a0\u00a0\u00a0\u00a0\u00a0\u00a0\u00a0\u00a0\u00a0 \u00a0\u00a0\u00a0\u00a0\u00a0\u00a0\u00a0\u00a0\u00a0\u00a0\u00a0\u00a0\u00a0\u00a0\u00a0Lk 24, 32 Urunk J\u00e9zus, t\u00e1rd fel az \u00cdr\u00e1sok \u00e9rtelm\u00e9t, hadd l\u00e1ngoljon a sz\u00edv\u00fcnk, mid\u0151n tan\u00edtasz minket! EVANG\u00c9LIUM\u00a0\u00a0\u00a0\u00a0\u00a0\u00a0\u00a0\u00a0\u00a0\u00a0\u00a0\u00a0\u00a0\u00a0\u00a0\u00a0\u00a0\u00a0\u00a0\u00a0\u00a0\u00a0\u00a0\u00a0\u00a0\u00a0\u00a0\u00a0\u00a0\u00a0\u00a0\u00a0\u00a0\u00a0\u00a0\u00a0\u00a0\u00a0\u00a0\u00a0\u00a0\u00a0\u00a0\u00a0\u00a0 Lk 24, 13\u201335 A felt\u00e1madt J\u00e9zus az emmauszi tan\u00edtv\u00e1nyoknak felt\u00e1rta az \u00f3sz\u00f6vets\u00e9gi j\u00f6vend\u00f6l\u00e9sek igazi \u00e9rtelm\u00e9t: a Messi\u00e1s szenved\u00e9se \u00e9s kereszthal\u00e1la Isten tervei szerint t\u00f6rt\u00e9nt. Ez\u00e1ltal nyert\u00fck el b\u0171neink bocs\u00e1nat\u00e1t \u00e9s az \u00f6r\u00f6k \u00e9letet. K\u00c9R\u00c9SEK Add, Urunk, hogy Isten n\u00e9pe nindig felismerje a f\u00f6ldi \u00e9let \u00fatjain k\u00f6zt\u00fcnk j\u00e1r\u00f3 Krisztust! * Hogy \u00e9let\u00fcnk est\u00e9j\u00e9n Krisztus vel\u00fcnk maradjon, \u00e9s megadja nek\u00fcnk a boldog\u00edt\u00f3 istenl\u00e1t\u00e1s kegyelm\u00e9t! AZ EUCHARISZTI\u00c1HOZ A felt\u00e1madott J\u00e9zus a szents\u00e9gekkel kapcsol bele minket az isteni \u00e9letbe, a Szenth\u00e1roms\u00e1g \u00e9let\u00e9be. \u0150 \u00e9let\u00e9t adta \u00e9rt\u00fcnk. Mi is szentelj\u00fck neki \u00e9let\u00fcnket. A LELKI \u00c1LDOZ\u00c1S IM\u00c1JA J\u00c9ZUSOM! Hiszem, hogy jelen vagy a legm\u00e9lt\u00f3s\u00e1gosabb Olt\u00e1riszents\u00e9gben. Mindenn\u00e9l jobban szeretlek, \u00e9s v\u00e1gyom r\u00e1, hogy a lelkembe fogadhassalak. Mivel most nem tudlak szents\u00e9gi m\u00f3don magamhoz venni, j\u00f6jj, legal\u00e1bb lelki m\u00f3don, a sz\u00edvembe! Magamhoz \u00f6lellek, mintha m\u00e1r ott lenn\u00e9l, \u00e9s teljesen egyes\u00edtem magamat Veled. Ne engedd, hogy elszakadjak T\u0151led! \u00c1men. &nbsp; ELM\u00c9LKED\u00c9S \u2013 EMMAUSZ Urunk, mily r\u00e9g\u00f3ta \u00faton... R\u00e9szletek","og_url":"https:\/\/stuttgarti-katolikusok.de\/index.php\/husvet-3-vasarnapjara\/","og_site_name":"Stuttgarti Katolikusok","article_published_time":"2020-04-25T05:07:31+00:00","article_modified_time":"2020-04-27T13:17:29+00:00","author":"Tibor atya","twitter_card":"summary_large_image","twitter_misc":{"Szerz\u0151:":"Tibor atya","Becs\u00fclt olvas\u00e1si id\u0151":"9 perc"},"schema":{"@context":"https:\/\/schema.org","@graph":[{"@type":"Article","@id":"https:\/\/stuttgarti-katolikusok.de\/index.php\/husvet-3-vasarnapjara\/#article","isPartOf":{"@id":"https:\/\/stuttgarti-katolikusok.de\/index.php\/husvet-3-vasarnapjara\/"},"author":{"name":"Tibor atya","@id":"https:\/\/stuttgarti-katolikusok.de\/#\/schema\/person\/75908d6f8fdc03a57889d27209df7795"},"headline":"H\u00fasv\u00e9t 3. vas\u00e1rnapj\u00e1ra","datePublished":"2020-04-25T05:07:31+00:00","dateModified":"2020-04-27T13:17:29+00:00","mainEntityOfPage":{"@id":"https:\/\/stuttgarti-katolikusok.de\/index.php\/husvet-3-vasarnapjara\/"},"wordCount":1898,"articleSection":["Vas\u00e1rnapi gondolatok"],"inLanguage":"hu"},{"@type":"WebPage","@id":"https:\/\/stuttgarti-katolikusok.de\/index.php\/husvet-3-vasarnapjara\/","url":"https:\/\/stuttgarti-katolikusok.de\/index.php\/husvet-3-vasarnapjara\/","name":"H\u00fasv\u00e9t 3. vas\u00e1rnapj\u00e1ra - Stuttgarti Katolikusok","isPartOf":{"@id":"https:\/\/stuttgarti-katolikusok.de\/#website"},"datePublished":"2020-04-25T05:07:31+00:00","dateModified":"2020-04-27T13:17:29+00:00","author":{"@id":"https:\/\/stuttgarti-katolikusok.de\/#\/schema\/person\/75908d6f8fdc03a57889d27209df7795"},"breadcrumb":{"@id":"https:\/\/stuttgarti-katolikusok.de\/index.php\/husvet-3-vasarnapjara\/#breadcrumb"},"inLanguage":"hu","potentialAction":[{"@type":"ReadAction","target":["https:\/\/stuttgarti-katolikusok.de\/index.php\/husvet-3-vasarnapjara\/"]}]},{"@type":"BreadcrumbList","@id":"https:\/\/stuttgarti-katolikusok.de\/index.php\/husvet-3-vasarnapjara\/#breadcrumb","itemListElement":[{"@type":"ListItem","position":1,"name":"Kezd\u0151lap","item":"https:\/\/stuttgarti-katolikusok.de\/"},{"@type":"ListItem","position":2,"name":"H\u00fasv\u00e9t 3. vas\u00e1rnapj\u00e1ra"}]},{"@type":"WebSite","@id":"https:\/\/stuttgarti-katolikusok.de\/#website","url":"https:\/\/stuttgarti-katolikusok.de\/","name":"Stuttgarti Katolikusok","description":"","potentialAction":[{"@type":"SearchAction","target":{"@type":"EntryPoint","urlTemplate":"https:\/\/stuttgarti-katolikusok.de\/?s={search_term_string}"},"query-input":{"@type":"PropertyValueSpecification","valueRequired":true,"valueName":"search_term_string"}}],"inLanguage":"hu"},{"@type":"Person","@id":"https:\/\/stuttgarti-katolikusok.de\/#\/schema\/person\/75908d6f8fdc03a57889d27209df7795","name":"Tibor atya","image":{"@type":"ImageObject","inLanguage":"hu","@id":"https:\/\/secure.gravatar.com\/avatar\/61d268e57d1f4525b111222e29d2d5a7f8c420fdbf231ba5566a8ceac74fa960?s=96&d=mm&r=g","url":"https:\/\/secure.gravatar.com\/avatar\/61d268e57d1f4525b111222e29d2d5a7f8c420fdbf231ba5566a8ceac74fa960?s=96&d=mm&r=g","contentUrl":"https:\/\/secure.gravatar.com\/avatar\/61d268e57d1f4525b111222e29d2d5a7f8c420fdbf231ba5566a8ceac74fa960?s=96&d=mm&r=g","caption":"Tibor atya"},"url":"https:\/\/stuttgarti-katolikusok.de\/index.php\/author\/tibor-atya\/"}]}},"_links":{"self":[{"href":"https:\/\/stuttgarti-katolikusok.de\/index.php\/wp-json\/wp\/v2\/posts\/19407","targetHints":{"allow":["GET"]}}],"collection":[{"href":"https:\/\/stuttgarti-katolikusok.de\/index.php\/wp-json\/wp\/v2\/posts"}],"about":[{"href":"https:\/\/stuttgarti-katolikusok.de\/index.php\/wp-json\/wp\/v2\/types\/post"}],"author":[{"embeddable":true,"href":"https:\/\/stuttgarti-katolikusok.de\/index.php\/wp-json\/wp\/v2\/users\/3"}],"replies":[{"embeddable":true,"href":"https:\/\/stuttgarti-katolikusok.de\/index.php\/wp-json\/wp\/v2\/comments?post=19407"}],"version-history":[{"count":1,"href":"https:\/\/stuttgarti-katolikusok.de\/index.php\/wp-json\/wp\/v2\/posts\/19407\/revisions"}],"predecessor-version":[{"id":19409,"href":"https:\/\/stuttgarti-katolikusok.de\/index.php\/wp-json\/wp\/v2\/posts\/19407\/revisions\/19409"}],"wp:attachment":[{"href":"https:\/\/stuttgarti-katolikusok.de\/index.php\/wp-json\/wp\/v2\/media?parent=19407"}],"wp:term":[{"taxonomy":"category","embeddable":true,"href":"https:\/\/stuttgarti-katolikusok.de\/index.php\/wp-json\/wp\/v2\/categories?post=19407"},{"taxonomy":"post_tag","embeddable":true,"href":"https:\/\/stuttgarti-katolikusok.de\/index.php\/wp-json\/wp\/v2\/tags?post=19407"}],"curies":[{"name":"wp","href":"https:\/\/api.w.org\/{rel}","templated":true}]}}