{"id":19396,"date":"2020-04-23T06:08:23","date_gmt":"2020-04-23T06:08:23","guid":{"rendered":"https:\/\/gracious-dewdney.138-201-221-2.plesk.page\/?p=19396"},"modified":"2020-04-23T06:08:23","modified_gmt":"2020-04-23T06:08:23","slug":"sebestyen-peter-atya-meg-egy-honap","status":"publish","type":"post","link":"https:\/\/stuttgarti-katolikusok.de\/index.php\/sebestyen-peter-atya-meg-egy-honap\/","title":{"rendered":"Sebesty\u00e9n P\u00e9ter atya: M\u00e9g egy h\u00f3nap"},"content":{"rendered":"<p><em>Sebesty\u00e9n P\u00e9ter atya cikk\u00e9t az\u00e9rt aj\u00e1nlom kedves H\u00edveimnek, mert nagyszer\u0171en felk\u00e9sz\u00edt benn\u00fcnket a mostani, \u00e9s a j\u00e1rv\u00e1ny ut\u00e1ni neh\u00e9z id\u0151k meg\u00e9l\u00e9s\u00e9re. Hogyan lehet a megszor\u00edt\u00f3 int\u00e9zked\u00e9sek ellen\u00e9re is \u201eeg\u00e9sz\u201d, teljes \u00e9letet \u00e9lni? Nem k\u00fcl\u00f6nb\u00f6z\u0151 lelki praktik\u00e1kkal, hanem az \u00fan. \u201elelki \u00e9let\u201d gyakorl\u00e1s\u00e1val \u2013 mondja P\u00e9ter atya. Mi a lelki \u00e9let? \u2013 teszi fel a k\u00e9rd\u00e9st. Majd \u00edgy v\u00e1laszolja meg: Isten \u00e9lete benn\u00fcnk. Ezekben a neh\u00e9z id\u0151kben teh\u00e1t ezt az isteni \u00e9letet kell magunkban felfedezn\u00fcnk \u00e9s meg\u00e9ln\u00fcnk. Hogyan? Fel kell emelkedn\u00fcnk Isten \u201eplatformj\u00e1ra\u201d. Minden nap \u201eonline\u201d\u2013kapcsolatot kell ki\u00e9p\u00edten\u00fcnk vele. Ezt tegy\u00fck!<\/em><\/p>\n<p><em>Lelkip\u00e1sztori szeretettel,<\/em><\/p>\n<p><em>Imre atya<\/em><\/p>\n<p><em>\u00a0<\/em><\/p>\n<p><em>Stuttgart, 2020-04-23.<\/em><\/p>\n<p><strong>\u00a0<\/strong><\/p>\n<p><strong>M\u00e9g egy h\u00f3nap<\/strong><\/p>\n<p>&nbsp;<\/p>\n<p>Tal\u00e1n kib\u00edrunk m\u00e9g ennyit. Fert\u0151z\u00e9s n\u00e9lk\u00fcl. Addigra t\u00fal lesz\u00fcnk majd a keleti h\u00fasv\u00e9ton. A g\u00f6rbe kezd lefel\u00e9 nyomulni. A g\u00f3cpontok megsz\u0171nnek. A v\u00edrus m\u00e1r nem tapad annyira. Vagy ellenkez\u0151leg: akkorra jut a cs\u00facsra \u00e9s csak temet\u00fcnk. Megritkulunk. Fogh\u00edjasak lesznek a templom padjai. A brit vagy k\u00ednai tud\u00f3sok akkorra m\u00e1r kider\u00edtik, hogy k\u00f6zel t\u00edzezer fajt\u00e1ra szaporodott a KOVID-19. Akkorra m\u00e1r nem biztos, hogy aki egyszer elkapta, az t\u00fal van rajta. Akkorra m\u00e1r a v\u00edrus is maszkot hord, hogy ne vegy\u00fclj\u00f6n a mut\u00e1ns rokon\u00e1val, akire nem sz\u00e1m\u00edtott a telefon hull\u00e1mok okozta zavar miatt. \u00c9s megmenek\u00fcl az eg\u00e9szs\u00e9g\u00fcgyi rendszer. Kider\u00fcl, hogy el\u00e9g volt a besp\u00e1jzolt sok l\u00e9legeztet\u0151 g\u00e9p. Akkor m\u00e1r az intenz\u00edv oszt\u00e1lyok folyos\u00f3j\u00e1n nem gy\u0171lnek fel az \u00f6r\u00f6kre elalv\u00f3 v\u00edrushordoz\u00f3k holttestei.<\/p>\n<p>Embert pr\u00f3b\u00e1l\u00f3 id\u0151ket \u00e9l\u00fcnk. Nagy csoda lesz, ha \u00e9p \u00e9sszel, pszich\u00e9vel s f\u0151leg er\u0151s l\u00e9lekkel kijuthatunk ebb\u0151l az alag\u00fatb\u00f3l. Ebben az \u00e9vben az eg\u00e9sz emberis\u00e9gnek hossz\u00fara ny\u00falt a l\u00e9lek s\u00f6t\u00e9t \u00e9jszak\u00e1ja. Van, akiknek a H\u00fasv\u00e9t f\u00e9nye sem szerzett vil\u00e1goss\u00e1got, nem csak sz\u00f3 szerint, hanem a l\u00e9lek m\u00e9ly\u00e9n sem. Sokan m\u00e1r megunt\u00e1k a bez\u00e1rts\u00e1ggal j\u00e1r\u00f3 kiszolg\u00e1ltatotts\u00e1got. Bizalmuk a vezet\u0151kben, a szakemberekben egyre cs\u00f6kken, halv\u00e1nyodik. Er\u0151tartal\u00e9kaik fogy\u00f3ban s ezzel egy\u00fctt rem\u00e9nyeik is, holott a rem\u00e9ny utols\u00f3nak sem hal meg, hanem beteljesedik. Ami nem teljesedett be, arr\u00f3l ilyenkor der\u00fcl ki, hogy csak ill\u00fazi\u00f3, \u00e1br\u00e1nd, d\u00e9lib\u00e1b.<\/p>\n<p>De akkor mi marad meg, hisz szeretn\u00e9nk (m\u00e9g) \u00e9lni? Mi lesz terveinkkel, gyermekeinkkel, munk\u00e1nk gy\u00fcm\u00f6lcs\u00e9vel, \u00f6r\u00f6ks\u00e9g\u00fcnkkel? Akkor mi \u00f6szt\u00f6n\u00f6zz\u00f6n alkot\u00e1sra, \u00fajj\u00e1teremt\u00e9sre, szeretetre?<\/p>\n<p>P\u00e1l Ferit\u0151l is megk\u00e9rdezt\u00e9k mi az a spiritualit\u00e1s? <em>[Magyar Kur\u00edr \u2013 A bels\u0151 \u00e1talakul\u00e1s \u00fatj\u00e1n]<\/em> amir\u0151l mostans\u00e1g annyit besz\u00e9lnek. \u0150 is csak k\u00f6r\u00fcl\u00edrta, de \u00e9n megmondom egyenesen: Isten \u00e9lete benn\u00fcnk. L\u00e9lek, l\u00e9legz\u00e9s, Spiritusz\u2026 A szem\u00e9lyes Isten a Felt\u00e1madt Krisztuson kereszt\u00fcl, Szentlelk\u00e9vel benned vett lak\u00e1st. Ez a te \u00e9let\u00e9rz\u00e9sed. Minden porcik\u00e1dat ez j\u00e1rja \u00e1t. Minden nap. Reggelt\u0151l estig. Ez a te im\u00e1ds\u00e1god. A lelki \u00e9let, amit t\u00e1pl\u00e1lni, er\u0151s\u00edteni, folyton \u00f6nt\u00f6zni, \u00e9ltetni kell. Ez az ember megtart\u00f3 forr\u00e1sa, gy\u00f6kere.<\/p>\n<p>A lelki \u00e9letet, a spiritualit\u00e1st nem lehet behelyettes\u00edteni semmilyen pszichol\u00f3giai tr\u00fckkel, medit\u00e1ci\u00f3s technik\u00e1val. Nem lehet kisp\u00f3rolni bel\u0151le az al\u00e1zatot \u00e9s a szem\u00e9lyes Istenhez fordul\u00e1st. Nem a racionalit\u00e1s, nem a szellemed karbantart\u00e1sa, nem \u201e<em>ment\u00e1l<\/em>\u201d-<em>higi\u00e9n\u00e9<\/em>, nem a p\u00e9nzed, nem az \u00fajratervez\u00e9s, nem a v\u00e1ls\u00e1gmenedzsel\u00e9s, nem a folyamatos telefon-locsog\u00e1s, nem a mobil-appok vagy digit\u00e1lis alkalmaz\u00e1sok. Fen\u00e9t. Az mind csak a felsz\u00edn kapargat\u00e1sa, a kapkod\u00e1s vagy a p\u00f3tcselekv\u00e9sek egyik m\u00f3dja. A lelki \u00e9let olyan, mint a friss leveg\u0151, a tiszta ruha, az \u00fcd\u00edt\u0151 korty v\u00edz, ami ut\u00e1n elepedsz. A lelki \u00e9let az, hogy Isten \u201e<em>platformj\u00e1ra<\/em>\u201d k\u00f6lt\u00f6z\u00f6l. Nem te mented meg magad a joggal \u00e9s a szakmais\u00e1ggal, hanem \u0150 ment meg t\u00e9ged mindatt\u00f3l, amit eddig b\u00e1lv\u00e1nyozt\u00e1l.<\/p>\n<p>A lelki \u00e9let ment meg att\u00f3l, hogy megbolondulj v\u00e9sz, stat\u00e1rium idej\u00e9n is. Az biztos\u00edt benned b\u00e9k\u00e9t, egyens\u00falyt, rendet, c\u00e9lt. Isten adja hozz\u00e1 a kegyelmi jelenl\u00e9tet, te csak \u201e<em>kapcsold be<\/em>\u201d, s vele tartsd magad \u201e<em>ONLINE<\/em>\u201d\u2026 \u00c9l\u0151ben l\u00e9gy vele. Hagyatkozz r\u00e1. F\u00fcrk\u00e9sszed sz\u00e1nd\u00e9kait, keresd a tetsz\u00e9s\u00e9t, j\u00e1rj kedv\u00e9be. Minden ezut\u00e1n k\u00f6vetkezz\u00e9k. Mindent \u0150 j\u00e1rjon \u00e1t, mint napf\u00e9ny a f\u00e1k lombjait. \u00c9s ne engedj be minden nyomaszt\u00f3 h\u00edrt, t\u00f6rt\u00e9n\u00e9st a sz\u00edvedbe, ne \u00e9rdekeljen minden, ami m\u00faland\u00f3. Legyen benned egyfajta szent k\u00f6z\u00f6mb\u00f6ss\u00e9g, egy-\u00fcgy\u0171s\u00e9g.<\/p>\n<p>Akkor felszabadul egy csom\u00f3 id\u0151d, er\u0151d, figyelmed az apr\u00f3 sz\u00e9ps\u00e9gekre, az \u00e9letre, a L\u00c9T-re \u00f6nmag\u00e1ra, \u00e9s akkor m\u00e1r tudni fogod: ilyenkor sem veget\u00e1lsz, hanem \u201e<em>\u00e9lvezed<\/em>\u201d az \u00e9letet. Csak \u00fagy. Kritiz\u00e1l\u00e1s \u00e9s felesel\u00e9s n\u00e9lk\u00fcl. Ha kezed-l\u00e1bad meg is k\u00f6tik, ha kapcsolat-sz\u00e1laidat el is v\u00e1gt\u00e1k, ha terveid romokban hevernek, ha az eddigi j\u00e1rv\u00e1ny-id\u0151d elvesztegetettnek is t\u0171nik, ha m\u00e1r nem t\u00e9r vissza soha, ami eltelt vagy megt\u00f6rt\u00e9nhetett volna veled, \u2013 akkor is figyelj arra, amit Isten most akar adni.<\/p>\n<p>Figyelj, mert orsz\u00e1g\u00e1t veled akarja \u00e9p\u00edteni. Azt is, ami ezut\u00e1n v\u00e1lik val\u00f3ra.<\/p>\n<p>Benned. S \u00e1ltalad.<\/p>\n<p>&nbsp;<\/p>\n<p>\u00cdrta: Sebesty\u00e9n P\u00e9ter<\/p>\n<p>K\u00e9p forr\u00e1sa: <a href=\"https:\/\/www.pexels.com\/de-de\/@yaroslav-danylchenko-2470661?utm_content=attributionCopyText&amp;utm_medium=referral&amp;utm_source=pexels\">Yaroslav Danylchenko<\/a> \/ <a href=\"https:\/\/www.pexels.com\/de-de\/foto\/mona-lisa-schutz-schutzen-virus-4113084\/?utm_content=attributionCopyText&amp;utm_medium=referral&amp;utm_source=pexels\">Pexels<\/a><\/p>\n","protected":false},"excerpt":{"rendered":"<p>Sebesty\u00e9n P\u00e9ter atya cikk\u00e9t az\u00e9rt aj\u00e1nlom kedves H\u00edveimnek, mert nagyszer\u0171en felk\u00e9sz\u00edt benn\u00fcnket a mostani, \u00e9s a j\u00e1rv\u00e1ny ut\u00e1ni neh\u00e9z id\u0151k meg\u00e9l\u00e9s\u00e9re. Hogyan lehet a megszor\u00edt\u00f3 int\u00e9zked\u00e9sek ellen\u00e9re is \u201eeg\u00e9sz\u201d, teljes \u00e9letet \u00e9lni? Nem k\u00fcl\u00f6nb\u00f6z\u0151 lelki praktik\u00e1kkal, hanem az \u00fan. \u201elelki \u00e9let\u201d gyakorl\u00e1s\u00e1val \u2013 mondja P\u00e9ter atya. Mi a lelki \u00e9let? \u2013 teszi fel a k\u00e9rd\u00e9st. Majd \u00edgy v\u00e1laszolja meg: Isten \u00e9lete benn\u00fcnk. Ezekben a neh\u00e9z id\u0151kben teh\u00e1t ezt az isteni \u00e9letet kell magunkban felfedezn\u00fcnk \u00e9s meg\u00e9ln\u00fcnk. Hogyan? Fel kell emelkedn\u00fcnk Isten \u201eplatformj\u00e1ra\u201d. Minden nap \u201eonline\u201d\u2013kapcsolatot kell ki\u00e9p\u00edten\u00fcnk vele. Ezt tegy\u00fck! Lelkip\u00e1sztori szeretettel, Imre atya \u00a0 Stuttgart, 2020-04-23. \u00a0 M\u00e9g egy h\u00f3nap &nbsp; Tal\u00e1n kib\u00edrunk m\u00e9g ennyit. Fert\u0151z\u00e9s n\u00e9lk\u00fcl. Addigra t\u00fal lesz\u00fcnk majd a keleti h\u00fasv\u00e9ton. A g\u00f6rbe kezd lefel\u00e9 nyomulni. A g\u00f3cpontok megsz\u0171nnek. A v\u00edrus m\u00e1r nem tapad annyira. Vagy ellenkez\u0151leg: akkorra jut a cs\u00facsra \u00e9s csak temet\u00fcnk. Megritkulunk. Fogh\u00edjasak lesznek a templom padjai. A brit vagy k\u00ednai tud\u00f3sok akkorra m\u00e1r kider\u00edtik, hogy k\u00f6zel t\u00edzezer fajt\u00e1ra szaporodott a KOVID-19. Akkorra m\u00e1r nem biztos, hogy aki egyszer elkapta, az t\u00fal van rajta. Akkorra m\u00e1r a v\u00edrus is maszkot hord, hogy ne vegy\u00fclj\u00f6n a mut\u00e1ns rokon\u00e1val, akire nem sz\u00e1m\u00edtott a telefon hull\u00e1mok okozta zavar miatt. \u00c9s megmenek\u00fcl az eg\u00e9szs\u00e9g\u00fcgyi rendszer. Kider\u00fcl, hogy el\u00e9g volt a besp\u00e1jzolt sok l\u00e9legeztet\u0151 g\u00e9p. Akkor m\u00e1r az intenz\u00edv oszt\u00e1lyok folyos\u00f3j\u00e1n nem gy\u0171lnek fel az \u00f6r\u00f6kre elalv\u00f3 v\u00edrushordoz\u00f3k holttestei. Embert pr\u00f3b\u00e1l\u00f3 id\u0151ket \u00e9l\u00fcnk. Nagy csoda lesz, ha \u00e9p \u00e9sszel, pszich\u00e9vel s f\u0151leg er\u0151s l\u00e9lekkel kijuthatunk ebb\u0151l az alag\u00fatb\u00f3l. Ebben az \u00e9vben az eg\u00e9sz emberis\u00e9gnek hossz\u00fara ny\u00falt a l\u00e9lek s\u00f6t\u00e9t \u00e9jszak\u00e1ja. Van, akiknek a H\u00fasv\u00e9t f\u00e9nye sem szerzett vil\u00e1goss\u00e1got, nem csak sz\u00f3 szerint, hanem a l\u00e9lek m\u00e9ly\u00e9n sem. Sokan m\u00e1r megunt\u00e1k a bez\u00e1rts\u00e1ggal j\u00e1r\u00f3 kiszolg\u00e1ltatotts\u00e1got. Bizalmuk a vezet\u0151kben, a szakemberekben egyre cs\u00f6kken, halv\u00e1nyodik. Er\u0151tartal\u00e9kaik fogy\u00f3ban s ezzel egy\u00fctt rem\u00e9nyeik is, holott a rem\u00e9ny utols\u00f3nak sem hal meg, hanem beteljesedik&#8230;. <\/p>\n<p><a class=\"readmore\" href=\"https:\/\/stuttgarti-katolikusok.de\/index.php\/sebestyen-peter-atya-meg-egy-honap\/\">R\u00e9szletek<\/a><\/p>\n","protected":false},"author":3,"featured_media":19397,"comment_status":"closed","ping_status":"closed","sticky":false,"template":"","format":"standard","meta":{"footnotes":""},"categories":[1],"tags":[],"class_list":["post-19396","post","type-post","status-publish","format-standard","has-post-thumbnail","hentry","category-valogatott"],"yoast_head":"<!-- This site is optimized with the Yoast SEO plugin v27.3 - https:\/\/yoast.com\/product\/yoast-seo-wordpress\/ -->\n<title>Sebesty\u00e9n P\u00e9ter atya: M\u00e9g egy h\u00f3nap - Stuttgarti Katolikusok<\/title>\n<meta name=\"robots\" content=\"index, follow, max-snippet:-1, max-image-preview:large, max-video-preview:-1\" \/>\n<link rel=\"canonical\" href=\"https:\/\/stuttgarti-katolikusok.de\/index.php\/sebestyen-peter-atya-meg-egy-honap\/\" \/>\n<meta property=\"og:locale\" content=\"hu_HU\" \/>\n<meta property=\"og:type\" content=\"article\" \/>\n<meta property=\"og:title\" content=\"Sebesty\u00e9n P\u00e9ter atya: M\u00e9g egy h\u00f3nap - Stuttgarti Katolikusok\" \/>\n<meta property=\"og:description\" content=\"Sebesty\u00e9n P\u00e9ter atya cikk\u00e9t az\u00e9rt aj\u00e1nlom kedves H\u00edveimnek, mert nagyszer\u0171en felk\u00e9sz\u00edt benn\u00fcnket a mostani, \u00e9s a j\u00e1rv\u00e1ny ut\u00e1ni neh\u00e9z id\u0151k meg\u00e9l\u00e9s\u00e9re. Hogyan lehet a megszor\u00edt\u00f3 int\u00e9zked\u00e9sek ellen\u00e9re is \u201eeg\u00e9sz\u201d, teljes \u00e9letet \u00e9lni? Nem k\u00fcl\u00f6nb\u00f6z\u0151 lelki praktik\u00e1kkal, hanem az \u00fan. \u201elelki \u00e9let\u201d gyakorl\u00e1s\u00e1val \u2013 mondja P\u00e9ter atya. Mi a lelki \u00e9let? \u2013 teszi fel a k\u00e9rd\u00e9st. Majd \u00edgy v\u00e1laszolja meg: Isten \u00e9lete benn\u00fcnk. Ezekben a neh\u00e9z id\u0151kben teh\u00e1t ezt az isteni \u00e9letet kell magunkban felfedezn\u00fcnk \u00e9s meg\u00e9ln\u00fcnk. Hogyan? Fel kell emelkedn\u00fcnk Isten \u201eplatformj\u00e1ra\u201d. Minden nap \u201eonline\u201d\u2013kapcsolatot kell ki\u00e9p\u00edten\u00fcnk vele. Ezt tegy\u00fck! Lelkip\u00e1sztori szeretettel, Imre atya \u00a0 Stuttgart, 2020-04-23. \u00a0 M\u00e9g egy h\u00f3nap &nbsp; Tal\u00e1n kib\u00edrunk m\u00e9g ennyit. Fert\u0151z\u00e9s n\u00e9lk\u00fcl. Addigra t\u00fal lesz\u00fcnk majd a keleti h\u00fasv\u00e9ton. A g\u00f6rbe kezd lefel\u00e9 nyomulni. A g\u00f3cpontok megsz\u0171nnek. A v\u00edrus m\u00e1r nem tapad annyira. Vagy ellenkez\u0151leg: akkorra jut a cs\u00facsra \u00e9s csak temet\u00fcnk. Megritkulunk. Fogh\u00edjasak lesznek a templom padjai. A brit vagy k\u00ednai tud\u00f3sok akkorra m\u00e1r kider\u00edtik, hogy k\u00f6zel t\u00edzezer fajt\u00e1ra szaporodott a KOVID-19. Akkorra m\u00e1r nem biztos, hogy aki egyszer elkapta, az t\u00fal van rajta. Akkorra m\u00e1r a v\u00edrus is maszkot hord, hogy ne vegy\u00fclj\u00f6n a mut\u00e1ns rokon\u00e1val, akire nem sz\u00e1m\u00edtott a telefon hull\u00e1mok okozta zavar miatt. \u00c9s megmenek\u00fcl az eg\u00e9szs\u00e9g\u00fcgyi rendszer. Kider\u00fcl, hogy el\u00e9g volt a besp\u00e1jzolt sok l\u00e9legeztet\u0151 g\u00e9p. Akkor m\u00e1r az intenz\u00edv oszt\u00e1lyok folyos\u00f3j\u00e1n nem gy\u0171lnek fel az \u00f6r\u00f6kre elalv\u00f3 v\u00edrushordoz\u00f3k holttestei. Embert pr\u00f3b\u00e1l\u00f3 id\u0151ket \u00e9l\u00fcnk. Nagy csoda lesz, ha \u00e9p \u00e9sszel, pszich\u00e9vel s f\u0151leg er\u0151s l\u00e9lekkel kijuthatunk ebb\u0151l az alag\u00fatb\u00f3l. Ebben az \u00e9vben az eg\u00e9sz emberis\u00e9gnek hossz\u00fara ny\u00falt a l\u00e9lek s\u00f6t\u00e9t \u00e9jszak\u00e1ja. Van, akiknek a H\u00fasv\u00e9t f\u00e9nye sem szerzett vil\u00e1goss\u00e1got, nem csak sz\u00f3 szerint, hanem a l\u00e9lek m\u00e9ly\u00e9n sem. Sokan m\u00e1r megunt\u00e1k a bez\u00e1rts\u00e1ggal j\u00e1r\u00f3 kiszolg\u00e1ltatotts\u00e1got. Bizalmuk a vezet\u0151kben, a szakemberekben egyre cs\u00f6kken, halv\u00e1nyodik. Er\u0151tartal\u00e9kaik fogy\u00f3ban s ezzel egy\u00fctt rem\u00e9nyeik is, holott a rem\u00e9ny utols\u00f3nak sem hal meg, hanem beteljesedik.... R\u00e9szletek\" \/>\n<meta property=\"og:url\" content=\"https:\/\/stuttgarti-katolikusok.de\/index.php\/sebestyen-peter-atya-meg-egy-honap\/\" \/>\n<meta property=\"og:site_name\" content=\"Stuttgarti Katolikusok\" \/>\n<meta property=\"article:published_time\" content=\"2020-04-23T06:08:23+00:00\" \/>\n<meta property=\"og:image\" content=\"https:\/\/stuttgarti-katolikusok.de\/wp-content\/uploads\/2020\/04\/mona.jpeg\" \/>\n\t<meta property=\"og:image:width\" content=\"429\" \/>\n\t<meta property=\"og:image:height\" content=\"640\" \/>\n\t<meta property=\"og:image:type\" content=\"image\/jpeg\" \/>\n<meta name=\"author\" content=\"Tibor atya\" \/>\n<meta name=\"twitter:card\" content=\"summary_large_image\" \/>\n<meta name=\"twitter:label1\" content=\"Szerz\u0151:\" \/>\n\t<meta name=\"twitter:data1\" content=\"Tibor atya\" \/>\n\t<meta name=\"twitter:label2\" content=\"Becs\u00fclt olvas\u00e1si id\u0151\" \/>\n\t<meta name=\"twitter:data2\" content=\"5 perc\" \/>\n<script type=\"application\/ld+json\" class=\"yoast-schema-graph\">{\"@context\":\"https:\\\/\\\/schema.org\",\"@graph\":[{\"@type\":\"Article\",\"@id\":\"https:\\\/\\\/stuttgarti-katolikusok.de\\\/index.php\\\/sebestyen-peter-atya-meg-egy-honap\\\/#article\",\"isPartOf\":{\"@id\":\"https:\\\/\\\/stuttgarti-katolikusok.de\\\/index.php\\\/sebestyen-peter-atya-meg-egy-honap\\\/\"},\"author\":{\"name\":\"Tibor atya\",\"@id\":\"https:\\\/\\\/stuttgarti-katolikusok.de\\\/#\\\/schema\\\/person\\\/75908d6f8fdc03a57889d27209df7795\"},\"headline\":\"Sebesty\u00e9n P\u00e9ter atya: M\u00e9g egy h\u00f3nap\",\"datePublished\":\"2020-04-23T06:08:23+00:00\",\"mainEntityOfPage\":{\"@id\":\"https:\\\/\\\/stuttgarti-katolikusok.de\\\/index.php\\\/sebestyen-peter-atya-meg-egy-honap\\\/\"},\"wordCount\":1032,\"image\":{\"@id\":\"https:\\\/\\\/stuttgarti-katolikusok.de\\\/index.php\\\/sebestyen-peter-atya-meg-egy-honap\\\/#primaryimage\"},\"thumbnailUrl\":\"https:\\\/\\\/stuttgarti-katolikusok.de\\\/wp-content\\\/uploads\\\/2020\\\/04\\\/mona.jpeg\",\"articleSection\":[\"V\u00e1logatott \u00edr\u00e1sok\"],\"inLanguage\":\"hu\"},{\"@type\":\"WebPage\",\"@id\":\"https:\\\/\\\/stuttgarti-katolikusok.de\\\/index.php\\\/sebestyen-peter-atya-meg-egy-honap\\\/\",\"url\":\"https:\\\/\\\/stuttgarti-katolikusok.de\\\/index.php\\\/sebestyen-peter-atya-meg-egy-honap\\\/\",\"name\":\"Sebesty\u00e9n P\u00e9ter atya: M\u00e9g egy h\u00f3nap - Stuttgarti Katolikusok\",\"isPartOf\":{\"@id\":\"https:\\\/\\\/stuttgarti-katolikusok.de\\\/#website\"},\"primaryImageOfPage\":{\"@id\":\"https:\\\/\\\/stuttgarti-katolikusok.de\\\/index.php\\\/sebestyen-peter-atya-meg-egy-honap\\\/#primaryimage\"},\"image\":{\"@id\":\"https:\\\/\\\/stuttgarti-katolikusok.de\\\/index.php\\\/sebestyen-peter-atya-meg-egy-honap\\\/#primaryimage\"},\"thumbnailUrl\":\"https:\\\/\\\/stuttgarti-katolikusok.de\\\/wp-content\\\/uploads\\\/2020\\\/04\\\/mona.jpeg\",\"datePublished\":\"2020-04-23T06:08:23+00:00\",\"author\":{\"@id\":\"https:\\\/\\\/stuttgarti-katolikusok.de\\\/#\\\/schema\\\/person\\\/75908d6f8fdc03a57889d27209df7795\"},\"breadcrumb\":{\"@id\":\"https:\\\/\\\/stuttgarti-katolikusok.de\\\/index.php\\\/sebestyen-peter-atya-meg-egy-honap\\\/#breadcrumb\"},\"inLanguage\":\"hu\",\"potentialAction\":[{\"@type\":\"ReadAction\",\"target\":[\"https:\\\/\\\/stuttgarti-katolikusok.de\\\/index.php\\\/sebestyen-peter-atya-meg-egy-honap\\\/\"]}]},{\"@type\":\"ImageObject\",\"inLanguage\":\"hu\",\"@id\":\"https:\\\/\\\/stuttgarti-katolikusok.de\\\/index.php\\\/sebestyen-peter-atya-meg-egy-honap\\\/#primaryimage\",\"url\":\"https:\\\/\\\/stuttgarti-katolikusok.de\\\/wp-content\\\/uploads\\\/2020\\\/04\\\/mona.jpeg\",\"contentUrl\":\"https:\\\/\\\/stuttgarti-katolikusok.de\\\/wp-content\\\/uploads\\\/2020\\\/04\\\/mona.jpeg\",\"width\":429,\"height\":640},{\"@type\":\"BreadcrumbList\",\"@id\":\"https:\\\/\\\/stuttgarti-katolikusok.de\\\/index.php\\\/sebestyen-peter-atya-meg-egy-honap\\\/#breadcrumb\",\"itemListElement\":[{\"@type\":\"ListItem\",\"position\":1,\"name\":\"Kezd\u0151lap\",\"item\":\"https:\\\/\\\/stuttgarti-katolikusok.de\\\/\"},{\"@type\":\"ListItem\",\"position\":2,\"name\":\"Sebesty\u00e9n P\u00e9ter atya: M\u00e9g egy h\u00f3nap\"}]},{\"@type\":\"WebSite\",\"@id\":\"https:\\\/\\\/stuttgarti-katolikusok.de\\\/#website\",\"url\":\"https:\\\/\\\/stuttgarti-katolikusok.de\\\/\",\"name\":\"Stuttgarti Katolikusok\",\"description\":\"\",\"potentialAction\":[{\"@type\":\"SearchAction\",\"target\":{\"@type\":\"EntryPoint\",\"urlTemplate\":\"https:\\\/\\\/stuttgarti-katolikusok.de\\\/?s={search_term_string}\"},\"query-input\":{\"@type\":\"PropertyValueSpecification\",\"valueRequired\":true,\"valueName\":\"search_term_string\"}}],\"inLanguage\":\"hu\"},{\"@type\":\"Person\",\"@id\":\"https:\\\/\\\/stuttgarti-katolikusok.de\\\/#\\\/schema\\\/person\\\/75908d6f8fdc03a57889d27209df7795\",\"name\":\"Tibor atya\",\"image\":{\"@type\":\"ImageObject\",\"inLanguage\":\"hu\",\"@id\":\"https:\\\/\\\/secure.gravatar.com\\\/avatar\\\/61d268e57d1f4525b111222e29d2d5a7f8c420fdbf231ba5566a8ceac74fa960?s=96&d=mm&r=g\",\"url\":\"https:\\\/\\\/secure.gravatar.com\\\/avatar\\\/61d268e57d1f4525b111222e29d2d5a7f8c420fdbf231ba5566a8ceac74fa960?s=96&d=mm&r=g\",\"contentUrl\":\"https:\\\/\\\/secure.gravatar.com\\\/avatar\\\/61d268e57d1f4525b111222e29d2d5a7f8c420fdbf231ba5566a8ceac74fa960?s=96&d=mm&r=g\",\"caption\":\"Tibor atya\"},\"url\":\"https:\\\/\\\/stuttgarti-katolikusok.de\\\/index.php\\\/author\\\/tibor-atya\\\/\"}]}<\/script>\n<!-- \/ Yoast SEO plugin. -->","yoast_head_json":{"title":"Sebesty\u00e9n P\u00e9ter atya: M\u00e9g egy h\u00f3nap - Stuttgarti Katolikusok","robots":{"index":"index","follow":"follow","max-snippet":"max-snippet:-1","max-image-preview":"max-image-preview:large","max-video-preview":"max-video-preview:-1"},"canonical":"https:\/\/stuttgarti-katolikusok.de\/index.php\/sebestyen-peter-atya-meg-egy-honap\/","og_locale":"hu_HU","og_type":"article","og_title":"Sebesty\u00e9n P\u00e9ter atya: M\u00e9g egy h\u00f3nap - Stuttgarti Katolikusok","og_description":"Sebesty\u00e9n P\u00e9ter atya cikk\u00e9t az\u00e9rt aj\u00e1nlom kedves H\u00edveimnek, mert nagyszer\u0171en felk\u00e9sz\u00edt benn\u00fcnket a mostani, \u00e9s a j\u00e1rv\u00e1ny ut\u00e1ni neh\u00e9z id\u0151k meg\u00e9l\u00e9s\u00e9re. Hogyan lehet a megszor\u00edt\u00f3 int\u00e9zked\u00e9sek ellen\u00e9re is \u201eeg\u00e9sz\u201d, teljes \u00e9letet \u00e9lni? Nem k\u00fcl\u00f6nb\u00f6z\u0151 lelki praktik\u00e1kkal, hanem az \u00fan. \u201elelki \u00e9let\u201d gyakorl\u00e1s\u00e1val \u2013 mondja P\u00e9ter atya. Mi a lelki \u00e9let? \u2013 teszi fel a k\u00e9rd\u00e9st. Majd \u00edgy v\u00e1laszolja meg: Isten \u00e9lete benn\u00fcnk. Ezekben a neh\u00e9z id\u0151kben teh\u00e1t ezt az isteni \u00e9letet kell magunkban felfedezn\u00fcnk \u00e9s meg\u00e9ln\u00fcnk. Hogyan? Fel kell emelkedn\u00fcnk Isten \u201eplatformj\u00e1ra\u201d. Minden nap \u201eonline\u201d\u2013kapcsolatot kell ki\u00e9p\u00edten\u00fcnk vele. Ezt tegy\u00fck! Lelkip\u00e1sztori szeretettel, Imre atya \u00a0 Stuttgart, 2020-04-23. \u00a0 M\u00e9g egy h\u00f3nap &nbsp; Tal\u00e1n kib\u00edrunk m\u00e9g ennyit. Fert\u0151z\u00e9s n\u00e9lk\u00fcl. Addigra t\u00fal lesz\u00fcnk majd a keleti h\u00fasv\u00e9ton. A g\u00f6rbe kezd lefel\u00e9 nyomulni. A g\u00f3cpontok megsz\u0171nnek. A v\u00edrus m\u00e1r nem tapad annyira. Vagy ellenkez\u0151leg: akkorra jut a cs\u00facsra \u00e9s csak temet\u00fcnk. Megritkulunk. Fogh\u00edjasak lesznek a templom padjai. A brit vagy k\u00ednai tud\u00f3sok akkorra m\u00e1r kider\u00edtik, hogy k\u00f6zel t\u00edzezer fajt\u00e1ra szaporodott a KOVID-19. Akkorra m\u00e1r nem biztos, hogy aki egyszer elkapta, az t\u00fal van rajta. Akkorra m\u00e1r a v\u00edrus is maszkot hord, hogy ne vegy\u00fclj\u00f6n a mut\u00e1ns rokon\u00e1val, akire nem sz\u00e1m\u00edtott a telefon hull\u00e1mok okozta zavar miatt. \u00c9s megmenek\u00fcl az eg\u00e9szs\u00e9g\u00fcgyi rendszer. Kider\u00fcl, hogy el\u00e9g volt a besp\u00e1jzolt sok l\u00e9legeztet\u0151 g\u00e9p. Akkor m\u00e1r az intenz\u00edv oszt\u00e1lyok folyos\u00f3j\u00e1n nem gy\u0171lnek fel az \u00f6r\u00f6kre elalv\u00f3 v\u00edrushordoz\u00f3k holttestei. Embert pr\u00f3b\u00e1l\u00f3 id\u0151ket \u00e9l\u00fcnk. Nagy csoda lesz, ha \u00e9p \u00e9sszel, pszich\u00e9vel s f\u0151leg er\u0151s l\u00e9lekkel kijuthatunk ebb\u0151l az alag\u00fatb\u00f3l. Ebben az \u00e9vben az eg\u00e9sz emberis\u00e9gnek hossz\u00fara ny\u00falt a l\u00e9lek s\u00f6t\u00e9t \u00e9jszak\u00e1ja. Van, akiknek a H\u00fasv\u00e9t f\u00e9nye sem szerzett vil\u00e1goss\u00e1got, nem csak sz\u00f3 szerint, hanem a l\u00e9lek m\u00e9ly\u00e9n sem. Sokan m\u00e1r megunt\u00e1k a bez\u00e1rts\u00e1ggal j\u00e1r\u00f3 kiszolg\u00e1ltatotts\u00e1got. Bizalmuk a vezet\u0151kben, a szakemberekben egyre cs\u00f6kken, halv\u00e1nyodik. Er\u0151tartal\u00e9kaik fogy\u00f3ban s ezzel egy\u00fctt rem\u00e9nyeik is, holott a rem\u00e9ny utols\u00f3nak sem hal meg, hanem beteljesedik.... R\u00e9szletek","og_url":"https:\/\/stuttgarti-katolikusok.de\/index.php\/sebestyen-peter-atya-meg-egy-honap\/","og_site_name":"Stuttgarti Katolikusok","article_published_time":"2020-04-23T06:08:23+00:00","og_image":[{"width":429,"height":640,"url":"https:\/\/stuttgarti-katolikusok.de\/wp-content\/uploads\/2020\/04\/mona.jpeg","type":"image\/jpeg"}],"author":"Tibor atya","twitter_card":"summary_large_image","twitter_misc":{"Szerz\u0151:":"Tibor atya","Becs\u00fclt olvas\u00e1si id\u0151":"5 perc"},"schema":{"@context":"https:\/\/schema.org","@graph":[{"@type":"Article","@id":"https:\/\/stuttgarti-katolikusok.de\/index.php\/sebestyen-peter-atya-meg-egy-honap\/#article","isPartOf":{"@id":"https:\/\/stuttgarti-katolikusok.de\/index.php\/sebestyen-peter-atya-meg-egy-honap\/"},"author":{"name":"Tibor atya","@id":"https:\/\/stuttgarti-katolikusok.de\/#\/schema\/person\/75908d6f8fdc03a57889d27209df7795"},"headline":"Sebesty\u00e9n P\u00e9ter atya: M\u00e9g egy h\u00f3nap","datePublished":"2020-04-23T06:08:23+00:00","mainEntityOfPage":{"@id":"https:\/\/stuttgarti-katolikusok.de\/index.php\/sebestyen-peter-atya-meg-egy-honap\/"},"wordCount":1032,"image":{"@id":"https:\/\/stuttgarti-katolikusok.de\/index.php\/sebestyen-peter-atya-meg-egy-honap\/#primaryimage"},"thumbnailUrl":"https:\/\/stuttgarti-katolikusok.de\/wp-content\/uploads\/2020\/04\/mona.jpeg","articleSection":["V\u00e1logatott \u00edr\u00e1sok"],"inLanguage":"hu"},{"@type":"WebPage","@id":"https:\/\/stuttgarti-katolikusok.de\/index.php\/sebestyen-peter-atya-meg-egy-honap\/","url":"https:\/\/stuttgarti-katolikusok.de\/index.php\/sebestyen-peter-atya-meg-egy-honap\/","name":"Sebesty\u00e9n P\u00e9ter atya: M\u00e9g egy h\u00f3nap - Stuttgarti Katolikusok","isPartOf":{"@id":"https:\/\/stuttgarti-katolikusok.de\/#website"},"primaryImageOfPage":{"@id":"https:\/\/stuttgarti-katolikusok.de\/index.php\/sebestyen-peter-atya-meg-egy-honap\/#primaryimage"},"image":{"@id":"https:\/\/stuttgarti-katolikusok.de\/index.php\/sebestyen-peter-atya-meg-egy-honap\/#primaryimage"},"thumbnailUrl":"https:\/\/stuttgarti-katolikusok.de\/wp-content\/uploads\/2020\/04\/mona.jpeg","datePublished":"2020-04-23T06:08:23+00:00","author":{"@id":"https:\/\/stuttgarti-katolikusok.de\/#\/schema\/person\/75908d6f8fdc03a57889d27209df7795"},"breadcrumb":{"@id":"https:\/\/stuttgarti-katolikusok.de\/index.php\/sebestyen-peter-atya-meg-egy-honap\/#breadcrumb"},"inLanguage":"hu","potentialAction":[{"@type":"ReadAction","target":["https:\/\/stuttgarti-katolikusok.de\/index.php\/sebestyen-peter-atya-meg-egy-honap\/"]}]},{"@type":"ImageObject","inLanguage":"hu","@id":"https:\/\/stuttgarti-katolikusok.de\/index.php\/sebestyen-peter-atya-meg-egy-honap\/#primaryimage","url":"https:\/\/stuttgarti-katolikusok.de\/wp-content\/uploads\/2020\/04\/mona.jpeg","contentUrl":"https:\/\/stuttgarti-katolikusok.de\/wp-content\/uploads\/2020\/04\/mona.jpeg","width":429,"height":640},{"@type":"BreadcrumbList","@id":"https:\/\/stuttgarti-katolikusok.de\/index.php\/sebestyen-peter-atya-meg-egy-honap\/#breadcrumb","itemListElement":[{"@type":"ListItem","position":1,"name":"Kezd\u0151lap","item":"https:\/\/stuttgarti-katolikusok.de\/"},{"@type":"ListItem","position":2,"name":"Sebesty\u00e9n P\u00e9ter atya: M\u00e9g egy h\u00f3nap"}]},{"@type":"WebSite","@id":"https:\/\/stuttgarti-katolikusok.de\/#website","url":"https:\/\/stuttgarti-katolikusok.de\/","name":"Stuttgarti Katolikusok","description":"","potentialAction":[{"@type":"SearchAction","target":{"@type":"EntryPoint","urlTemplate":"https:\/\/stuttgarti-katolikusok.de\/?s={search_term_string}"},"query-input":{"@type":"PropertyValueSpecification","valueRequired":true,"valueName":"search_term_string"}}],"inLanguage":"hu"},{"@type":"Person","@id":"https:\/\/stuttgarti-katolikusok.de\/#\/schema\/person\/75908d6f8fdc03a57889d27209df7795","name":"Tibor atya","image":{"@type":"ImageObject","inLanguage":"hu","@id":"https:\/\/secure.gravatar.com\/avatar\/61d268e57d1f4525b111222e29d2d5a7f8c420fdbf231ba5566a8ceac74fa960?s=96&d=mm&r=g","url":"https:\/\/secure.gravatar.com\/avatar\/61d268e57d1f4525b111222e29d2d5a7f8c420fdbf231ba5566a8ceac74fa960?s=96&d=mm&r=g","contentUrl":"https:\/\/secure.gravatar.com\/avatar\/61d268e57d1f4525b111222e29d2d5a7f8c420fdbf231ba5566a8ceac74fa960?s=96&d=mm&r=g","caption":"Tibor atya"},"url":"https:\/\/stuttgarti-katolikusok.de\/index.php\/author\/tibor-atya\/"}]}},"_links":{"self":[{"href":"https:\/\/stuttgarti-katolikusok.de\/index.php\/wp-json\/wp\/v2\/posts\/19396","targetHints":{"allow":["GET"]}}],"collection":[{"href":"https:\/\/stuttgarti-katolikusok.de\/index.php\/wp-json\/wp\/v2\/posts"}],"about":[{"href":"https:\/\/stuttgarti-katolikusok.de\/index.php\/wp-json\/wp\/v2\/types\/post"}],"author":[{"embeddable":true,"href":"https:\/\/stuttgarti-katolikusok.de\/index.php\/wp-json\/wp\/v2\/users\/3"}],"replies":[{"embeddable":true,"href":"https:\/\/stuttgarti-katolikusok.de\/index.php\/wp-json\/wp\/v2\/comments?post=19396"}],"version-history":[{"count":2,"href":"https:\/\/stuttgarti-katolikusok.de\/index.php\/wp-json\/wp\/v2\/posts\/19396\/revisions"}],"predecessor-version":[{"id":19400,"href":"https:\/\/stuttgarti-katolikusok.de\/index.php\/wp-json\/wp\/v2\/posts\/19396\/revisions\/19400"}],"wp:featuredmedia":[{"embeddable":true,"href":"https:\/\/stuttgarti-katolikusok.de\/index.php\/wp-json\/wp\/v2\/media\/19397"}],"wp:attachment":[{"href":"https:\/\/stuttgarti-katolikusok.de\/index.php\/wp-json\/wp\/v2\/media?parent=19396"}],"wp:term":[{"taxonomy":"category","embeddable":true,"href":"https:\/\/stuttgarti-katolikusok.de\/index.php\/wp-json\/wp\/v2\/categories?post=19396"},{"taxonomy":"post_tag","embeddable":true,"href":"https:\/\/stuttgarti-katolikusok.de\/index.php\/wp-json\/wp\/v2\/tags?post=19396"}],"curies":[{"name":"wp","href":"https:\/\/api.w.org\/{rel}","templated":true}]}}