{"id":19366,"date":"2020-04-15T10:36:53","date_gmt":"2020-04-15T10:36:53","guid":{"rendered":"https:\/\/gracious-dewdney.138-201-221-2.plesk.page\/?p=19366"},"modified":"2020-04-15T15:51:28","modified_gmt":"2020-04-15T15:51:28","slug":"szekely-eniko-digitalis-husvet","status":"publish","type":"post","link":"https:\/\/stuttgarti-katolikusok.de\/index.php\/szekely-eniko-digitalis-husvet\/","title":{"rendered":"Sz\u00e9kely Enik\u0151: Digit\u00e1lis H\u00fasv\u00e9t&#8230;"},"content":{"rendered":"<p><em>+! Szeretn\u00e9m megk\u00f6sz\u00f6nni Enik\u0151nek ezt a sz\u00e9p \u00edr\u00e1st! Nem tagadom, azzal a gondolattal foglalkoztam napok \u00f3ta, hogy sorozatot ind\u00edtok, hogy l\u00e1ssam: hogyan t\u00f6lt\u00f6tt\u00e9tek otthon a Szent Napokat? \u00c9s akkor j\u00f6tt ez a cikk. Hadd legyen ez az els\u0151, \u00e9s k\u00f6vesse min\u00e9l t\u00f6bb tan\u00fas\u00e1gtev\u0151 \u00edr\u00e1s, hogy l\u00e1ssuk: siker\u00fclt-e otthon is sz\u00e9pen, m\u00e9lt\u00f3s\u00e1gteljesen \u00e9s lelkesen meg\u00fcnnepelnetek Krisztus Urunk felt\u00e1mad\u00e1s\u00e1t?<\/em><\/p>\n<p><em>V\u00e1rjuk tov\u00e1bbi \u00edr\u00e1saitokat!<\/em><\/p>\n<p><em>Lelkip\u00e1sztori szeretettel,<\/em><\/p>\n<p><em>Imre atya<\/em><\/p>\n<p>&nbsp;<\/p>\n<p><strong>Digit\u00e1lis H\u00fasv\u00e9t<\/strong><\/p>\n<p>Hetekkel ezel\u0151tt elk\u00e9pzelni sem tudtuk volna, hogy milyen \u00edvet fog venni a megszor\u00edt\u00e1sok hossz\u00fa sora. Napr\u00f3l napra r\u00f6videbbek lettek lehet\u0151s\u00e9geink, m\u00edgnem elv\u00e1gt\u00e1k a k\u00f6z\u00f6ss\u00e9ghez k\u00f6t\u0151 sz\u00e1lakat is.<\/p>\n<p>\u00c9rzelmeink hull\u00e1mvas\u00fatj\u00e1n mindig csak a k\u00f6vetkez\u0151 napokra tudtunk gondolni. Hol volt m\u00e9g a H\u00fasv\u00e9t, s a Felt\u00e1mad\u00e1s?<\/p>\n<p>Az id\u0151 nem \u00e1llt meg. A kalend\u00e1riumban a napok teltek, a Nagyh\u00e9t sem a megszokott rendben zajlott, ami m\u00e1r a h\u00fasv\u00e9ti szertart\u00e1sokat is el\u0151revet\u00edtette.<\/p>\n<p>A mai kor \u00e9s technika adta lehet\u0151s\u00e9gekkel k\u00f6nny\u0171szerrel csatlakozhatunk b\u00e1rmely v\u00e1ros b\u00e1rmely k\u00f6z\u00f6ss\u00e9g\u00e9nek k\u00f6zvet\u00edt\u00e9s\u00e9hez. Milyen egyszer\u0171en hangzik! Technikailag! De hol marad az emberi? A szem\u00e9lyes vet\u00fclete? Az \u00e9rz\u00e9sei?<\/p>\n<p>\u00daj fejezet ny\u00edlt modern \u00e9let\u00fcnkben. M\u00e1r nem csak a t\u00e1rgyakat, az ennival\u00f3t, hanem a lelki t\u00e1pl\u00e1l\u00e9kot is online sz\u00e1ll\u00edtj\u00e1k.<\/p>\n<p>S itt van a felki\u00e1lt\u00f3 jel!<\/p>\n<p>A lelki t\u00e1pl\u00e1l\u00e9k nem egy juttat\u00e1s, ami j\u00e1r, ha \u00e9pp vev\u0151k vagyunk r\u00e1.<\/p>\n<p>S itt van a csapda!<\/p>\n<p>A k\u00f6zvet\u00edt\u00e9s j\u00f6n. De!<\/p>\n<p>Most rajtunk m\u00falik, hogy \u00fcnnep\u00e9lyess\u00e9 tegy\u00fck lelki alkalmainkat. Most mi kell berendezz\u00fck templomainkat. Most mi kell a gyertya l\u00e1ngj\u00e1n\u00e1l szeretteink szem\u00e9ben a szeretetet felfedezz\u00fck.<\/p>\n<p>Most mi kell, hogy helyet adjunk a felt\u00e1mad\u00f3 Krisztusnak, csak\u00fagy, mint a sz\u00e1ll\u00e1skeres\u0151 Szent Csal\u00e1dnak.<\/p>\n<p>Technikailag minden lehets\u00e9ges. Hidegen hangzik s az is, ha azz\u00e1 tessz\u00fck: digit\u00e1lis H\u00fasv\u00e9t. S ott van a lelkek p\u00e1sztora, akit ma villanyp\u00e1sztornak is neveznek. Ugyanaz a p\u00e1sztor, aki a nagyb\u00f6jti lelkigyakorlaton seg\u00edtett nagytakar\u00edt\u00e1st v\u00e9gezni benned, aki ott van, ha m\u00e1r semmilyen ki\u00fatat nem l\u00e1tsz magad el\u0151tt, most holmi dr\u00f3tos villanyp\u00e1sztorr\u00e1 vedlett volna, aki elriaszt, aki t\u00e1vol tart?<\/p>\n<p>K\u00f6zel sem \u00edgy van!<\/p>\n<p>Az \u00faj id\u0151k \u00faj megold\u00e1sokat k\u00f6vetelnek. A technika eszk\u00f6z, amely a t\u00e1vols\u00e1gtart\u00e1s idej\u00e9ben k\u00f6zel hozza egym\u00e1shoz azokat, akiknek erre sz\u00fcks\u00e9g\u00fck van.<\/p>\n<p>A lelkip\u00e1sztor gondoskodik a r\u00e1b\u00edzott ny\u00e1jr\u00f3l. Nem hagyja mag\u00e1ra. L\u00e1togatja \u0151ket, felh\u00edvja telefonon, levelet \u00edr nekik, s \u00fajabban vide\u00f3ban jelentkezik. Jelen van! T\u00e1maszt ny\u00fajt, s bele lehet kapaszkodni.<\/p>\n<p>H\u00fasv\u00e9tkor is \u00edgy volt! Ismerve a nagyheti szertart\u00e1sokat, s majd a beteljes\u00fcl\u00e9st a felt\u00e1mad\u00e1sban, p\u00e9lda n\u00e9lk\u00fcli volt a magyar katolikus k\u00f6z\u00f6ss\u00e9gekben \u00fagy \u00fcnnepelni a H\u00fasv\u00e9tot, hogy nem lehett\u00fcnk jelen szem\u00e9lyesen.<\/p>\n<p>A h\u00edvek v\u00e1rakoz\u00e1ssal telve v\u00e1rt\u00e1k a megold\u00e1st, s az nem k\u00e9slekedett. Az lelkiaty\u00e1k megtal\u00e1lt\u00e1k a m\u00f3dot, hogy a H\u00fasv\u00e9t \u00fcnnepe m\u00e9lt\u00f3k\u00e9pp legyen meg\u00fcnnepelve egyh\u00e1zk\u00f6zs\u00e9g\u00fcnkben.<\/p>\n<p>A nagyb\u00f6jti k\u00e9sz\u00fclet, a lelk\u00fcnk rendbet\u00e9tele volt az els\u0151 l\u00e9p\u00e9s. Majd k\u00f6vetkezett az \u00fcnnepnapoknak megfelel\u0151 szertart\u00e1s.<\/p>\n<p>S lassan arra eszm\u00e9lt\u00fcnk, hogy a templom bek\u00f6lt\u00f6z\u00f6tt hozz\u00e1nk!<\/p>\n<p>Szem\u00e9lyre szabott olt\u00e1rk\u00e9pekkel, fesz\u00fcletekkel s gyerty\u00e1kkal megnyitottuk lelk\u00fcnk templomait.<\/p>\n<p>A hidegnek t\u0171n\u0151 digit\u00e1lis vil\u00e1got mi form\u00e1ltuk emberiv\u00e9, olyann\u00e1, amilyenek mi vagyunk.<\/p>\n<p>S a J\u00f3 P\u00e1sztor mindv\u00e9gig ott volt mellett\u00fcnk! Nem hagyta elveszni egyetlen b\u00e1r\u00e1ny\u00e1t sem.<\/p>\n<p>A Nagyh\u00e9t szertart\u00e1sait otthonunkban meg\u00e9lni igazi lelki katarzis, \u00e9lm\u00e9ny volt. Kis csal\u00e1dunk k\u00f6vette az aty\u00e1k \u00e1ltal k\u00f6zreadott \u00fatmutat\u00f3t, napokra lebontva, s hol a k\u00f6zvet\u00edtett szentmis\u00e9khez csatlakoztunk, hol, azoknak hi\u00e1ny\u00e1ban, a napi ig\u00e9t felolvasva elm\u00e9lkedt\u00fcnk az aznapi esem\u00e9nyeken. Ennyire intenz\u00edv, bens\u0151s\u00e9ges h\u00fasv\u00e9ti k\u00e9sz\u00fclet\u00fcnk tal\u00e1n sosem volt! A h\u00e1zi olt\u00e1r k\u00f6zponti hely\u00e9n a Fesz\u00fclet, k\u00f6r\u00fcl\u00f6tte a gyerty\u00e1k, vir\u00e1gok, a Biblia \u00e9s a Hozsanna is k\u00e9zn\u00e9l. Egyed\u00fcl\u00e1ll\u00f3 lelki \u00e9lm\u00e9ny volt a Nagyp\u00e9nteken elv\u00e9gzett Csal\u00e1dok kereszt\u00fatja egy kinti K\u00e1lv\u00e1riahegyen. A felolvasott \u00e1llom\u00e1sok t\u00fckr\u00f6t mutattak mai \u00e9let\u00fcnknek. A nap ragyogott, a madarak csicseregtek, s mi, akik J\u00e9zus szenved\u00e9seit id\u00e9zt\u00fck fel, keresztvisel\u0151kk\u00e9 v\u00e1ltunk.<\/p>\n<p>Besz\u00e9lt\u00fcnk a Nagyh\u00e9t napjainak t\u00f6rt\u00e9n\u00e9seir\u0151l, felmer\u00fcl\u0151 k\u00e9rd\u00e9seket v\u00e1laszoltunk meg, verseket olvastunk, s l\u00e9p\u00e9sr\u0151l l\u00e9p\u00e9sre k\u00f6zelebb ker\u00fclt\u00fcnk a legnagyobb csod\u00e1hoz, a Felt\u00e1mad\u00e1shoz.<\/p>\n<p>V\u00e1rva a csatlakoz\u00e1st egyh\u00e1zk\u00f6zs\u00e9g\u00fcnk k\u00f6zvet\u00edt\u00e9s\u00e9hez, az \u00e9jszaka k\u00f6zep\u00e9n digit\u00e1lisan landolt n\u00e1lunk a H\u00fasv\u00e9t t\u00fcze dallal \u00e9s aranyos kisl\u00e1nyok tolm\u00e1csol\u00e1s\u00e1ban: <em>\u201e<\/em><em>\u00c1ldott H\u00fasv\u00e9ti \u00dcnnepeket k\u00edv\u00e1nunk a Stuttgarti Magyar Katolikus Egyh\u00e1zk\u00f6zs\u00e9g minden egyes tagj\u00e1nak \u00e9s minden j\u00f3sz\u00e1nd\u00e9k\u00fa embernek. Krisztus felt\u00e1madt! Val\u00f3ban felt\u00e1madt!\u201d<\/em><\/p>\n<p>A stuttgarti magyar katolikusok \u00e9s a 15 r\u00e9szegyh\u00e1zk\u00f6zs\u00e9g egy\u00fctt \u00e9lhette meg a Felt\u00e1mad\u00e1s \u00f6r\u00f6m\u00e9t! S mindez a digit\u00e1lis technik\u00e1nak \u00e9s az aty\u00e1k lelem\u00e9nyess\u00e9g\u00e9nek k\u00f6sz\u00f6nhet\u0151en!<\/p>\n<p>Nem lenne \u00dcnnep sz\u00e1munkra, ha nem h\u00fazna haza a sz\u00edv\u00fcnk. \u00cdgy a h\u00fasv\u00e9ti vig\u00edlia szentmis\u00e9n a cs\u00edksomly\u00f3i templom k\u00f6zvet\u00edt\u00e9s\u00e9ben vehett\u00fcnk r\u00e9szt. A megszokott templom, a megszokott hanglejt\u00e9s odavar\u00e1zsolta szeretteinket is. A meghatotts\u00e1g k\u00f6nnyein \u00e1t k\u00f6sz\u00f6nt\u00f6tt\u00fck egym\u00e1st: Krisztus felt\u00e1madt!<\/p>\n<p>H\u00fasv\u00e9t \u00fcnnepe nagy aj\u00e1nd\u00e9k volt csal\u00e1dunk sz\u00e1m\u00e1ra. Hetek \u00f3ta nem vehett\u00fcnk szentmis\u00e9n r\u00e9szt. Most, mint leg\u00e1tusok, az ulmi k\u00f6z\u00f6ss\u00e9g k\u00e9pviselet\u00e9ben lehett\u00fcnk jelen. Kor\u00e1bban elk\u00e9pzeltem, hogy milyen lehet majd az \u00fcres templomban egyed\u00fcl lenni&#8230; A val\u00f3s\u00e1g pedig teljesen m\u00e1s volt. B\u00e1r \u00fcres volt a templom, nem \u00e9reztem, hogy egyed\u00fcl lenn\u00e9nk.\u00a0 Gondolataimban ott volt a k\u00f6z\u00f6ss\u00e9g\u00fcnk minden tagja, lelkemben zengett a templom az \u00e9nekekt\u0151l, s a most hallgat\u00f3 orgona elk\u00e9pzelt hangja t\u00f6lt\u00f6tte be m\u00e9lt\u00f3s\u00e1gteljesen a templomot. Az \u00fcnnepi szentmise, a szent\u00e1ldoz\u00e1s csod\u00e1ja, az \u00e9telszentel\u00e9s, s a v\u00e9g\u00e9n az elmaradhatatlan magyar himnusz \u00e9s sz\u00e9kely himnusz \u00faj f\u00e9nyben t\u00fcntette fel az \u00dcnnepet. Krisztus \u00e9let\u00e9t adta a kereszten \u00e9rtem, \u00e9rt\u00fcnk, \u00e9rted is meghalt!<\/p>\n<p>A templomot belengte a t\u00f6mj\u00e9n illata, az ablakon besug\u00e1rz\u00f3 f\u00e9ny \u00e9pp a h\u00fasv\u00e9ti gyerty\u00e1t vil\u00e1g\u00edtotta meg sugaraival. \u00c9s \u00e9reztem, hogy a Felt\u00e1madott Krisztus val\u00f3ban k\u00f6zt\u00fcnk maradt, ahogyan meg\u00edg\u00e9rte. Rendhagy\u00f3 H\u00fasv\u00e9tot \u00fcnnepelt csal\u00e1dunk, s egyh\u00e1zk\u00f6zs\u00e9g\u00fcnk is.<\/p>\n<p>Mindannyian hirdetj\u00fck az \u00f6r\u00f6mh\u00edrt:<\/p>\n<p>Krisztus felt\u00e1madt! Val\u00f3ban felt\u00e1madt!<\/p>\n<p>&nbsp;<\/p>\n<p>Sz\u00e9kely Enik\u0151<\/p>\n<p>Ulm, 2020.04.15.<\/p>\n<p>&nbsp;<\/p>\n<p>&nbsp;<\/p>\n","protected":false},"excerpt":{"rendered":"<p>+! Szeretn\u00e9m megk\u00f6sz\u00f6nni Enik\u0151nek ezt a sz\u00e9p \u00edr\u00e1st! Nem tagadom, azzal a gondolattal foglalkoztam napok \u00f3ta, hogy sorozatot ind\u00edtok, hogy l\u00e1ssam: hogyan t\u00f6lt\u00f6tt\u00e9tek otthon a Szent Napokat? \u00c9s akkor j\u00f6tt ez a cikk. Hadd legyen ez az els\u0151, \u00e9s k\u00f6vesse min\u00e9l t\u00f6bb tan\u00fas\u00e1gtev\u0151 \u00edr\u00e1s, hogy l\u00e1ssuk: siker\u00fclt-e otthon is sz\u00e9pen, m\u00e9lt\u00f3s\u00e1gteljesen \u00e9s lelkesen meg\u00fcnnepelnetek Krisztus Urunk felt\u00e1mad\u00e1s\u00e1t? V\u00e1rjuk tov\u00e1bbi \u00edr\u00e1saitokat! Lelkip\u00e1sztori szeretettel, Imre atya &nbsp; Digit\u00e1lis H\u00fasv\u00e9t Hetekkel ezel\u0151tt elk\u00e9pzelni sem tudtuk volna, hogy milyen \u00edvet fog venni a megszor\u00edt\u00e1sok hossz\u00fa sora. Napr\u00f3l napra r\u00f6videbbek lettek lehet\u0151s\u00e9geink, m\u00edgnem elv\u00e1gt\u00e1k a k\u00f6z\u00f6ss\u00e9ghez k\u00f6t\u0151 sz\u00e1lakat is. \u00c9rzelmeink hull\u00e1mvas\u00fatj\u00e1n mindig csak a k\u00f6vetkez\u0151 napokra tudtunk gondolni. Hol volt m\u00e9g a H\u00fasv\u00e9t, s a Felt\u00e1mad\u00e1s? Az id\u0151 nem \u00e1llt meg. A kalend\u00e1riumban a napok teltek, a Nagyh\u00e9t sem a megszokott rendben zajlott, ami m\u00e1r a h\u00fasv\u00e9ti szertart\u00e1sokat is el\u0151revet\u00edtette. A mai kor \u00e9s technika adta lehet\u0151s\u00e9gekkel k\u00f6nny\u0171szerrel csatlakozhatunk b\u00e1rmely v\u00e1ros b\u00e1rmely k\u00f6z\u00f6ss\u00e9g\u00e9nek k\u00f6zvet\u00edt\u00e9s\u00e9hez. Milyen egyszer\u0171en hangzik! Technikailag! De hol marad az emberi? A szem\u00e9lyes vet\u00fclete? Az \u00e9rz\u00e9sei? \u00daj fejezet ny\u00edlt modern \u00e9let\u00fcnkben. M\u00e1r nem csak a t\u00e1rgyakat, az ennival\u00f3t, hanem a lelki t\u00e1pl\u00e1l\u00e9kot is online sz\u00e1ll\u00edtj\u00e1k. S itt van a felki\u00e1lt\u00f3 jel! A lelki t\u00e1pl\u00e1l\u00e9k nem egy juttat\u00e1s, ami j\u00e1r, ha \u00e9pp vev\u0151k vagyunk r\u00e1. S itt van a csapda! A k\u00f6zvet\u00edt\u00e9s j\u00f6n. De! Most rajtunk m\u00falik, hogy \u00fcnnep\u00e9lyess\u00e9 tegy\u00fck lelki alkalmainkat. Most mi kell berendezz\u00fck templomainkat. Most mi kell a gyertya l\u00e1ngj\u00e1n\u00e1l szeretteink szem\u00e9ben a szeretetet felfedezz\u00fck. Most mi kell, hogy helyet adjunk a felt\u00e1mad\u00f3 Krisztusnak, csak\u00fagy, mint a sz\u00e1ll\u00e1skeres\u0151 Szent Csal\u00e1dnak. Technikailag minden lehets\u00e9ges. Hidegen hangzik s az is, ha azz\u00e1 tessz\u00fck: digit\u00e1lis H\u00fasv\u00e9t. S ott van a lelkek p\u00e1sztora, akit ma villanyp\u00e1sztornak is neveznek. Ugyanaz a p\u00e1sztor, aki a nagyb\u00f6jti lelkigyakorlaton seg\u00edtett nagytakar\u00edt\u00e1st v\u00e9gezni benned, aki ott van, ha m\u00e1r semmilyen ki\u00fatat nem l\u00e1tsz magad el\u0151tt, most holmi dr\u00f3tos villanyp\u00e1sztorr\u00e1 vedlett&#8230; <\/p>\n<p><a class=\"readmore\" href=\"https:\/\/stuttgarti-katolikusok.de\/index.php\/szekely-eniko-digitalis-husvet\/\">R\u00e9szletek<\/a><\/p>\n","protected":false},"author":3,"featured_media":19367,"comment_status":"closed","ping_status":"closed","sticky":false,"template":"","format":"standard","meta":{"footnotes":""},"categories":[28],"tags":[],"class_list":["post-19366","post","type-post","status-publish","format-standard","has-post-thumbnail","hentry","category-olvasoink-irjak"],"yoast_head":"<!-- This site is optimized with the Yoast SEO plugin v27.3 - https:\/\/yoast.com\/product\/yoast-seo-wordpress\/ -->\n<title>Sz\u00e9kely Enik\u0151: Digit\u00e1lis H\u00fasv\u00e9t... - Stuttgarti Katolikusok<\/title>\n<meta name=\"robots\" content=\"index, follow, max-snippet:-1, max-image-preview:large, max-video-preview:-1\" \/>\n<link rel=\"canonical\" href=\"https:\/\/stuttgarti-katolikusok.de\/index.php\/szekely-eniko-digitalis-husvet\/\" \/>\n<meta property=\"og:locale\" content=\"hu_HU\" \/>\n<meta property=\"og:type\" content=\"article\" \/>\n<meta property=\"og:title\" content=\"Sz\u00e9kely Enik\u0151: Digit\u00e1lis H\u00fasv\u00e9t... - Stuttgarti Katolikusok\" \/>\n<meta property=\"og:description\" content=\"+! Szeretn\u00e9m megk\u00f6sz\u00f6nni Enik\u0151nek ezt a sz\u00e9p \u00edr\u00e1st! Nem tagadom, azzal a gondolattal foglalkoztam napok \u00f3ta, hogy sorozatot ind\u00edtok, hogy l\u00e1ssam: hogyan t\u00f6lt\u00f6tt\u00e9tek otthon a Szent Napokat? \u00c9s akkor j\u00f6tt ez a cikk. Hadd legyen ez az els\u0151, \u00e9s k\u00f6vesse min\u00e9l t\u00f6bb tan\u00fas\u00e1gtev\u0151 \u00edr\u00e1s, hogy l\u00e1ssuk: siker\u00fclt-e otthon is sz\u00e9pen, m\u00e9lt\u00f3s\u00e1gteljesen \u00e9s lelkesen meg\u00fcnnepelnetek Krisztus Urunk felt\u00e1mad\u00e1s\u00e1t? V\u00e1rjuk tov\u00e1bbi \u00edr\u00e1saitokat! Lelkip\u00e1sztori szeretettel, Imre atya &nbsp; Digit\u00e1lis H\u00fasv\u00e9t Hetekkel ezel\u0151tt elk\u00e9pzelni sem tudtuk volna, hogy milyen \u00edvet fog venni a megszor\u00edt\u00e1sok hossz\u00fa sora. Napr\u00f3l napra r\u00f6videbbek lettek lehet\u0151s\u00e9geink, m\u00edgnem elv\u00e1gt\u00e1k a k\u00f6z\u00f6ss\u00e9ghez k\u00f6t\u0151 sz\u00e1lakat is. \u00c9rzelmeink hull\u00e1mvas\u00fatj\u00e1n mindig csak a k\u00f6vetkez\u0151 napokra tudtunk gondolni. Hol volt m\u00e9g a H\u00fasv\u00e9t, s a Felt\u00e1mad\u00e1s? Az id\u0151 nem \u00e1llt meg. A kalend\u00e1riumban a napok teltek, a Nagyh\u00e9t sem a megszokott rendben zajlott, ami m\u00e1r a h\u00fasv\u00e9ti szertart\u00e1sokat is el\u0151revet\u00edtette. A mai kor \u00e9s technika adta lehet\u0151s\u00e9gekkel k\u00f6nny\u0171szerrel csatlakozhatunk b\u00e1rmely v\u00e1ros b\u00e1rmely k\u00f6z\u00f6ss\u00e9g\u00e9nek k\u00f6zvet\u00edt\u00e9s\u00e9hez. Milyen egyszer\u0171en hangzik! Technikailag! De hol marad az emberi? A szem\u00e9lyes vet\u00fclete? Az \u00e9rz\u00e9sei? \u00daj fejezet ny\u00edlt modern \u00e9let\u00fcnkben. M\u00e1r nem csak a t\u00e1rgyakat, az ennival\u00f3t, hanem a lelki t\u00e1pl\u00e1l\u00e9kot is online sz\u00e1ll\u00edtj\u00e1k. S itt van a felki\u00e1lt\u00f3 jel! A lelki t\u00e1pl\u00e1l\u00e9k nem egy juttat\u00e1s, ami j\u00e1r, ha \u00e9pp vev\u0151k vagyunk r\u00e1. S itt van a csapda! A k\u00f6zvet\u00edt\u00e9s j\u00f6n. De! Most rajtunk m\u00falik, hogy \u00fcnnep\u00e9lyess\u00e9 tegy\u00fck lelki alkalmainkat. Most mi kell berendezz\u00fck templomainkat. Most mi kell a gyertya l\u00e1ngj\u00e1n\u00e1l szeretteink szem\u00e9ben a szeretetet felfedezz\u00fck. Most mi kell, hogy helyet adjunk a felt\u00e1mad\u00f3 Krisztusnak, csak\u00fagy, mint a sz\u00e1ll\u00e1skeres\u0151 Szent Csal\u00e1dnak. Technikailag minden lehets\u00e9ges. Hidegen hangzik s az is, ha azz\u00e1 tessz\u00fck: digit\u00e1lis H\u00fasv\u00e9t. S ott van a lelkek p\u00e1sztora, akit ma villanyp\u00e1sztornak is neveznek. Ugyanaz a p\u00e1sztor, aki a nagyb\u00f6jti lelkigyakorlaton seg\u00edtett nagytakar\u00edt\u00e1st v\u00e9gezni benned, aki ott van, ha m\u00e1r semmilyen ki\u00fatat nem l\u00e1tsz magad el\u0151tt, most holmi dr\u00f3tos villanyp\u00e1sztorr\u00e1 vedlett... R\u00e9szletek\" \/>\n<meta property=\"og:url\" content=\"https:\/\/stuttgarti-katolikusok.de\/index.php\/szekely-eniko-digitalis-husvet\/\" \/>\n<meta property=\"og:site_name\" content=\"Stuttgarti Katolikusok\" \/>\n<meta property=\"article:published_time\" content=\"2020-04-15T10:36:53+00:00\" \/>\n<meta property=\"article:modified_time\" content=\"2020-04-15T15:51:28+00:00\" \/>\n<meta property=\"og:image\" content=\"https:\/\/stuttgarti-katolikusok.de\/wp-content\/uploads\/2020\/04\/hazioltar1.jpeg\" \/>\n\t<meta property=\"og:image:width\" content=\"1975\" \/>\n\t<meta property=\"og:image:height\" content=\"1449\" \/>\n\t<meta property=\"og:image:type\" content=\"image\/jpeg\" \/>\n<meta name=\"author\" content=\"Tibor atya\" \/>\n<meta name=\"twitter:card\" content=\"summary_large_image\" \/>\n<meta name=\"twitter:label1\" content=\"Szerz\u0151:\" \/>\n\t<meta name=\"twitter:data1\" content=\"Tibor atya\" \/>\n\t<meta name=\"twitter:label2\" content=\"Becs\u00fclt olvas\u00e1si id\u0151\" \/>\n\t<meta name=\"twitter:data2\" content=\"7 perc\" \/>\n<script type=\"application\/ld+json\" class=\"yoast-schema-graph\">{\"@context\":\"https:\\\/\\\/schema.org\",\"@graph\":[{\"@type\":\"Article\",\"@id\":\"https:\\\/\\\/stuttgarti-katolikusok.de\\\/index.php\\\/szekely-eniko-digitalis-husvet\\\/#article\",\"isPartOf\":{\"@id\":\"https:\\\/\\\/stuttgarti-katolikusok.de\\\/index.php\\\/szekely-eniko-digitalis-husvet\\\/\"},\"author\":{\"name\":\"Tibor atya\",\"@id\":\"https:\\\/\\\/stuttgarti-katolikusok.de\\\/#\\\/schema\\\/person\\\/75908d6f8fdc03a57889d27209df7795\"},\"headline\":\"Sz\u00e9kely Enik\u0151: Digit\u00e1lis H\u00fasv\u00e9t&#8230;\",\"datePublished\":\"2020-04-15T10:36:53+00:00\",\"dateModified\":\"2020-04-15T15:51:28+00:00\",\"mainEntityOfPage\":{\"@id\":\"https:\\\/\\\/stuttgarti-katolikusok.de\\\/index.php\\\/szekely-eniko-digitalis-husvet\\\/\"},\"wordCount\":1328,\"image\":{\"@id\":\"https:\\\/\\\/stuttgarti-katolikusok.de\\\/index.php\\\/szekely-eniko-digitalis-husvet\\\/#primaryimage\"},\"thumbnailUrl\":\"https:\\\/\\\/stuttgarti-katolikusok.de\\\/wp-content\\\/uploads\\\/2020\\\/04\\\/hazioltar1.jpeg\",\"articleSection\":[\"Olvas\u00f3ink \u00edrj\u00e1k\"],\"inLanguage\":\"hu\"},{\"@type\":\"WebPage\",\"@id\":\"https:\\\/\\\/stuttgarti-katolikusok.de\\\/index.php\\\/szekely-eniko-digitalis-husvet\\\/\",\"url\":\"https:\\\/\\\/stuttgarti-katolikusok.de\\\/index.php\\\/szekely-eniko-digitalis-husvet\\\/\",\"name\":\"Sz\u00e9kely Enik\u0151: Digit\u00e1lis H\u00fasv\u00e9t... - Stuttgarti Katolikusok\",\"isPartOf\":{\"@id\":\"https:\\\/\\\/stuttgarti-katolikusok.de\\\/#website\"},\"primaryImageOfPage\":{\"@id\":\"https:\\\/\\\/stuttgarti-katolikusok.de\\\/index.php\\\/szekely-eniko-digitalis-husvet\\\/#primaryimage\"},\"image\":{\"@id\":\"https:\\\/\\\/stuttgarti-katolikusok.de\\\/index.php\\\/szekely-eniko-digitalis-husvet\\\/#primaryimage\"},\"thumbnailUrl\":\"https:\\\/\\\/stuttgarti-katolikusok.de\\\/wp-content\\\/uploads\\\/2020\\\/04\\\/hazioltar1.jpeg\",\"datePublished\":\"2020-04-15T10:36:53+00:00\",\"dateModified\":\"2020-04-15T15:51:28+00:00\",\"author\":{\"@id\":\"https:\\\/\\\/stuttgarti-katolikusok.de\\\/#\\\/schema\\\/person\\\/75908d6f8fdc03a57889d27209df7795\"},\"breadcrumb\":{\"@id\":\"https:\\\/\\\/stuttgarti-katolikusok.de\\\/index.php\\\/szekely-eniko-digitalis-husvet\\\/#breadcrumb\"},\"inLanguage\":\"hu\",\"potentialAction\":[{\"@type\":\"ReadAction\",\"target\":[\"https:\\\/\\\/stuttgarti-katolikusok.de\\\/index.php\\\/szekely-eniko-digitalis-husvet\\\/\"]}]},{\"@type\":\"ImageObject\",\"inLanguage\":\"hu\",\"@id\":\"https:\\\/\\\/stuttgarti-katolikusok.de\\\/index.php\\\/szekely-eniko-digitalis-husvet\\\/#primaryimage\",\"url\":\"https:\\\/\\\/stuttgarti-katolikusok.de\\\/wp-content\\\/uploads\\\/2020\\\/04\\\/hazioltar1.jpeg\",\"contentUrl\":\"https:\\\/\\\/stuttgarti-katolikusok.de\\\/wp-content\\\/uploads\\\/2020\\\/04\\\/hazioltar1.jpeg\",\"width\":1975,\"height\":1449},{\"@type\":\"BreadcrumbList\",\"@id\":\"https:\\\/\\\/stuttgarti-katolikusok.de\\\/index.php\\\/szekely-eniko-digitalis-husvet\\\/#breadcrumb\",\"itemListElement\":[{\"@type\":\"ListItem\",\"position\":1,\"name\":\"Kezd\u0151lap\",\"item\":\"https:\\\/\\\/stuttgarti-katolikusok.de\\\/\"},{\"@type\":\"ListItem\",\"position\":2,\"name\":\"Sz\u00e9kely Enik\u0151: Digit\u00e1lis H\u00fasv\u00e9t&#8230;\"}]},{\"@type\":\"WebSite\",\"@id\":\"https:\\\/\\\/stuttgarti-katolikusok.de\\\/#website\",\"url\":\"https:\\\/\\\/stuttgarti-katolikusok.de\\\/\",\"name\":\"Stuttgarti Katolikusok\",\"description\":\"\",\"potentialAction\":[{\"@type\":\"SearchAction\",\"target\":{\"@type\":\"EntryPoint\",\"urlTemplate\":\"https:\\\/\\\/stuttgarti-katolikusok.de\\\/?s={search_term_string}\"},\"query-input\":{\"@type\":\"PropertyValueSpecification\",\"valueRequired\":true,\"valueName\":\"search_term_string\"}}],\"inLanguage\":\"hu\"},{\"@type\":\"Person\",\"@id\":\"https:\\\/\\\/stuttgarti-katolikusok.de\\\/#\\\/schema\\\/person\\\/75908d6f8fdc03a57889d27209df7795\",\"name\":\"Tibor atya\",\"image\":{\"@type\":\"ImageObject\",\"inLanguage\":\"hu\",\"@id\":\"https:\\\/\\\/secure.gravatar.com\\\/avatar\\\/61d268e57d1f4525b111222e29d2d5a7f8c420fdbf231ba5566a8ceac74fa960?s=96&d=mm&r=g\",\"url\":\"https:\\\/\\\/secure.gravatar.com\\\/avatar\\\/61d268e57d1f4525b111222e29d2d5a7f8c420fdbf231ba5566a8ceac74fa960?s=96&d=mm&r=g\",\"contentUrl\":\"https:\\\/\\\/secure.gravatar.com\\\/avatar\\\/61d268e57d1f4525b111222e29d2d5a7f8c420fdbf231ba5566a8ceac74fa960?s=96&d=mm&r=g\",\"caption\":\"Tibor atya\"},\"url\":\"https:\\\/\\\/stuttgarti-katolikusok.de\\\/index.php\\\/author\\\/tibor-atya\\\/\"}]}<\/script>\n<!-- \/ Yoast SEO plugin. -->","yoast_head_json":{"title":"Sz\u00e9kely Enik\u0151: Digit\u00e1lis H\u00fasv\u00e9t... - Stuttgarti Katolikusok","robots":{"index":"index","follow":"follow","max-snippet":"max-snippet:-1","max-image-preview":"max-image-preview:large","max-video-preview":"max-video-preview:-1"},"canonical":"https:\/\/stuttgarti-katolikusok.de\/index.php\/szekely-eniko-digitalis-husvet\/","og_locale":"hu_HU","og_type":"article","og_title":"Sz\u00e9kely Enik\u0151: Digit\u00e1lis H\u00fasv\u00e9t... - Stuttgarti Katolikusok","og_description":"+! Szeretn\u00e9m megk\u00f6sz\u00f6nni Enik\u0151nek ezt a sz\u00e9p \u00edr\u00e1st! Nem tagadom, azzal a gondolattal foglalkoztam napok \u00f3ta, hogy sorozatot ind\u00edtok, hogy l\u00e1ssam: hogyan t\u00f6lt\u00f6tt\u00e9tek otthon a Szent Napokat? \u00c9s akkor j\u00f6tt ez a cikk. Hadd legyen ez az els\u0151, \u00e9s k\u00f6vesse min\u00e9l t\u00f6bb tan\u00fas\u00e1gtev\u0151 \u00edr\u00e1s, hogy l\u00e1ssuk: siker\u00fclt-e otthon is sz\u00e9pen, m\u00e9lt\u00f3s\u00e1gteljesen \u00e9s lelkesen meg\u00fcnnepelnetek Krisztus Urunk felt\u00e1mad\u00e1s\u00e1t? V\u00e1rjuk tov\u00e1bbi \u00edr\u00e1saitokat! Lelkip\u00e1sztori szeretettel, Imre atya &nbsp; Digit\u00e1lis H\u00fasv\u00e9t Hetekkel ezel\u0151tt elk\u00e9pzelni sem tudtuk volna, hogy milyen \u00edvet fog venni a megszor\u00edt\u00e1sok hossz\u00fa sora. Napr\u00f3l napra r\u00f6videbbek lettek lehet\u0151s\u00e9geink, m\u00edgnem elv\u00e1gt\u00e1k a k\u00f6z\u00f6ss\u00e9ghez k\u00f6t\u0151 sz\u00e1lakat is. \u00c9rzelmeink hull\u00e1mvas\u00fatj\u00e1n mindig csak a k\u00f6vetkez\u0151 napokra tudtunk gondolni. Hol volt m\u00e9g a H\u00fasv\u00e9t, s a Felt\u00e1mad\u00e1s? Az id\u0151 nem \u00e1llt meg. A kalend\u00e1riumban a napok teltek, a Nagyh\u00e9t sem a megszokott rendben zajlott, ami m\u00e1r a h\u00fasv\u00e9ti szertart\u00e1sokat is el\u0151revet\u00edtette. A mai kor \u00e9s technika adta lehet\u0151s\u00e9gekkel k\u00f6nny\u0171szerrel csatlakozhatunk b\u00e1rmely v\u00e1ros b\u00e1rmely k\u00f6z\u00f6ss\u00e9g\u00e9nek k\u00f6zvet\u00edt\u00e9s\u00e9hez. Milyen egyszer\u0171en hangzik! Technikailag! De hol marad az emberi? A szem\u00e9lyes vet\u00fclete? Az \u00e9rz\u00e9sei? \u00daj fejezet ny\u00edlt modern \u00e9let\u00fcnkben. M\u00e1r nem csak a t\u00e1rgyakat, az ennival\u00f3t, hanem a lelki t\u00e1pl\u00e1l\u00e9kot is online sz\u00e1ll\u00edtj\u00e1k. S itt van a felki\u00e1lt\u00f3 jel! A lelki t\u00e1pl\u00e1l\u00e9k nem egy juttat\u00e1s, ami j\u00e1r, ha \u00e9pp vev\u0151k vagyunk r\u00e1. S itt van a csapda! A k\u00f6zvet\u00edt\u00e9s j\u00f6n. De! Most rajtunk m\u00falik, hogy \u00fcnnep\u00e9lyess\u00e9 tegy\u00fck lelki alkalmainkat. Most mi kell berendezz\u00fck templomainkat. Most mi kell a gyertya l\u00e1ngj\u00e1n\u00e1l szeretteink szem\u00e9ben a szeretetet felfedezz\u00fck. Most mi kell, hogy helyet adjunk a felt\u00e1mad\u00f3 Krisztusnak, csak\u00fagy, mint a sz\u00e1ll\u00e1skeres\u0151 Szent Csal\u00e1dnak. Technikailag minden lehets\u00e9ges. Hidegen hangzik s az is, ha azz\u00e1 tessz\u00fck: digit\u00e1lis H\u00fasv\u00e9t. S ott van a lelkek p\u00e1sztora, akit ma villanyp\u00e1sztornak is neveznek. Ugyanaz a p\u00e1sztor, aki a nagyb\u00f6jti lelkigyakorlaton seg\u00edtett nagytakar\u00edt\u00e1st v\u00e9gezni benned, aki ott van, ha m\u00e1r semmilyen ki\u00fatat nem l\u00e1tsz magad el\u0151tt, most holmi dr\u00f3tos villanyp\u00e1sztorr\u00e1 vedlett... R\u00e9szletek","og_url":"https:\/\/stuttgarti-katolikusok.de\/index.php\/szekely-eniko-digitalis-husvet\/","og_site_name":"Stuttgarti Katolikusok","article_published_time":"2020-04-15T10:36:53+00:00","article_modified_time":"2020-04-15T15:51:28+00:00","og_image":[{"width":1975,"height":1449,"url":"https:\/\/stuttgarti-katolikusok.de\/wp-content\/uploads\/2020\/04\/hazioltar1.jpeg","type":"image\/jpeg"}],"author":"Tibor atya","twitter_card":"summary_large_image","twitter_misc":{"Szerz\u0151:":"Tibor atya","Becs\u00fclt olvas\u00e1si id\u0151":"7 perc"},"schema":{"@context":"https:\/\/schema.org","@graph":[{"@type":"Article","@id":"https:\/\/stuttgarti-katolikusok.de\/index.php\/szekely-eniko-digitalis-husvet\/#article","isPartOf":{"@id":"https:\/\/stuttgarti-katolikusok.de\/index.php\/szekely-eniko-digitalis-husvet\/"},"author":{"name":"Tibor atya","@id":"https:\/\/stuttgarti-katolikusok.de\/#\/schema\/person\/75908d6f8fdc03a57889d27209df7795"},"headline":"Sz\u00e9kely Enik\u0151: Digit\u00e1lis H\u00fasv\u00e9t&#8230;","datePublished":"2020-04-15T10:36:53+00:00","dateModified":"2020-04-15T15:51:28+00:00","mainEntityOfPage":{"@id":"https:\/\/stuttgarti-katolikusok.de\/index.php\/szekely-eniko-digitalis-husvet\/"},"wordCount":1328,"image":{"@id":"https:\/\/stuttgarti-katolikusok.de\/index.php\/szekely-eniko-digitalis-husvet\/#primaryimage"},"thumbnailUrl":"https:\/\/stuttgarti-katolikusok.de\/wp-content\/uploads\/2020\/04\/hazioltar1.jpeg","articleSection":["Olvas\u00f3ink \u00edrj\u00e1k"],"inLanguage":"hu"},{"@type":"WebPage","@id":"https:\/\/stuttgarti-katolikusok.de\/index.php\/szekely-eniko-digitalis-husvet\/","url":"https:\/\/stuttgarti-katolikusok.de\/index.php\/szekely-eniko-digitalis-husvet\/","name":"Sz\u00e9kely Enik\u0151: Digit\u00e1lis H\u00fasv\u00e9t... - Stuttgarti Katolikusok","isPartOf":{"@id":"https:\/\/stuttgarti-katolikusok.de\/#website"},"primaryImageOfPage":{"@id":"https:\/\/stuttgarti-katolikusok.de\/index.php\/szekely-eniko-digitalis-husvet\/#primaryimage"},"image":{"@id":"https:\/\/stuttgarti-katolikusok.de\/index.php\/szekely-eniko-digitalis-husvet\/#primaryimage"},"thumbnailUrl":"https:\/\/stuttgarti-katolikusok.de\/wp-content\/uploads\/2020\/04\/hazioltar1.jpeg","datePublished":"2020-04-15T10:36:53+00:00","dateModified":"2020-04-15T15:51:28+00:00","author":{"@id":"https:\/\/stuttgarti-katolikusok.de\/#\/schema\/person\/75908d6f8fdc03a57889d27209df7795"},"breadcrumb":{"@id":"https:\/\/stuttgarti-katolikusok.de\/index.php\/szekely-eniko-digitalis-husvet\/#breadcrumb"},"inLanguage":"hu","potentialAction":[{"@type":"ReadAction","target":["https:\/\/stuttgarti-katolikusok.de\/index.php\/szekely-eniko-digitalis-husvet\/"]}]},{"@type":"ImageObject","inLanguage":"hu","@id":"https:\/\/stuttgarti-katolikusok.de\/index.php\/szekely-eniko-digitalis-husvet\/#primaryimage","url":"https:\/\/stuttgarti-katolikusok.de\/wp-content\/uploads\/2020\/04\/hazioltar1.jpeg","contentUrl":"https:\/\/stuttgarti-katolikusok.de\/wp-content\/uploads\/2020\/04\/hazioltar1.jpeg","width":1975,"height":1449},{"@type":"BreadcrumbList","@id":"https:\/\/stuttgarti-katolikusok.de\/index.php\/szekely-eniko-digitalis-husvet\/#breadcrumb","itemListElement":[{"@type":"ListItem","position":1,"name":"Kezd\u0151lap","item":"https:\/\/stuttgarti-katolikusok.de\/"},{"@type":"ListItem","position":2,"name":"Sz\u00e9kely Enik\u0151: Digit\u00e1lis H\u00fasv\u00e9t&#8230;"}]},{"@type":"WebSite","@id":"https:\/\/stuttgarti-katolikusok.de\/#website","url":"https:\/\/stuttgarti-katolikusok.de\/","name":"Stuttgarti Katolikusok","description":"","potentialAction":[{"@type":"SearchAction","target":{"@type":"EntryPoint","urlTemplate":"https:\/\/stuttgarti-katolikusok.de\/?s={search_term_string}"},"query-input":{"@type":"PropertyValueSpecification","valueRequired":true,"valueName":"search_term_string"}}],"inLanguage":"hu"},{"@type":"Person","@id":"https:\/\/stuttgarti-katolikusok.de\/#\/schema\/person\/75908d6f8fdc03a57889d27209df7795","name":"Tibor atya","image":{"@type":"ImageObject","inLanguage":"hu","@id":"https:\/\/secure.gravatar.com\/avatar\/61d268e57d1f4525b111222e29d2d5a7f8c420fdbf231ba5566a8ceac74fa960?s=96&d=mm&r=g","url":"https:\/\/secure.gravatar.com\/avatar\/61d268e57d1f4525b111222e29d2d5a7f8c420fdbf231ba5566a8ceac74fa960?s=96&d=mm&r=g","contentUrl":"https:\/\/secure.gravatar.com\/avatar\/61d268e57d1f4525b111222e29d2d5a7f8c420fdbf231ba5566a8ceac74fa960?s=96&d=mm&r=g","caption":"Tibor atya"},"url":"https:\/\/stuttgarti-katolikusok.de\/index.php\/author\/tibor-atya\/"}]}},"_links":{"self":[{"href":"https:\/\/stuttgarti-katolikusok.de\/index.php\/wp-json\/wp\/v2\/posts\/19366","targetHints":{"allow":["GET"]}}],"collection":[{"href":"https:\/\/stuttgarti-katolikusok.de\/index.php\/wp-json\/wp\/v2\/posts"}],"about":[{"href":"https:\/\/stuttgarti-katolikusok.de\/index.php\/wp-json\/wp\/v2\/types\/post"}],"author":[{"embeddable":true,"href":"https:\/\/stuttgarti-katolikusok.de\/index.php\/wp-json\/wp\/v2\/users\/3"}],"replies":[{"embeddable":true,"href":"https:\/\/stuttgarti-katolikusok.de\/index.php\/wp-json\/wp\/v2\/comments?post=19366"}],"version-history":[{"count":3,"href":"https:\/\/stuttgarti-katolikusok.de\/index.php\/wp-json\/wp\/v2\/posts\/19366\/revisions"}],"predecessor-version":[{"id":19371,"href":"https:\/\/stuttgarti-katolikusok.de\/index.php\/wp-json\/wp\/v2\/posts\/19366\/revisions\/19371"}],"wp:featuredmedia":[{"embeddable":true,"href":"https:\/\/stuttgarti-katolikusok.de\/index.php\/wp-json\/wp\/v2\/media\/19367"}],"wp:attachment":[{"href":"https:\/\/stuttgarti-katolikusok.de\/index.php\/wp-json\/wp\/v2\/media?parent=19366"}],"wp:term":[{"taxonomy":"category","embeddable":true,"href":"https:\/\/stuttgarti-katolikusok.de\/index.php\/wp-json\/wp\/v2\/categories?post=19366"},{"taxonomy":"post_tag","embeddable":true,"href":"https:\/\/stuttgarti-katolikusok.de\/index.php\/wp-json\/wp\/v2\/tags?post=19366"}],"curies":[{"name":"wp","href":"https:\/\/api.w.org\/{rel}","templated":true}]}}