{"id":19324,"date":"2020-04-08T15:58:53","date_gmt":"2020-04-08T15:58:53","guid":{"rendered":"https:\/\/gracious-dewdney.138-201-221-2.plesk.page\/?p=19324"},"modified":"2020-04-27T08:17:40","modified_gmt":"2020-04-27T08:17:40","slug":"a-tokeletes-banat-felinditasa","status":"publish","type":"post","link":"https:\/\/stuttgarti-katolikusok.de\/index.php\/a-tokeletes-banat-felinditasa\/","title":{"rendered":"A t\u00f6k\u00e9letes b\u00e1nat felind\u00edt\u00e1sa"},"content":{"rendered":"<p><strong>A t\u00f6k\u00e9letes b\u00e1nat felind\u00edt\u00e1sa<br \/>\n<\/strong><\/p>\n<p>&nbsp;<\/p>\n<p>K\u00e9t h\u00e9ttel ezel\u0151tt \u00edrtam a lelki\u00e1ldoz\u00e1sr\u00f3l. Most, mivel az elk\u00f6vetkezend\u0151\u00a0 napok liturgi\u00e1j\u00e1hoz ez is szorosan hozz\u00e1 tartozik, \u00edrok p\u00e1r sz\u00f3t <em>a t\u00f6k\u00e9letes b\u00e1nat felind\u00edt\u00e1s\u00e1r\u00f3l<\/em> is, abban a rem\u00e9nyben, hogy a nagyheti Szent H\u00e1rom Nap alatt lesz lehet\u0151s\u00e9ged annak alkalmaz\u00e1s\u00e1ra \u00e9s haszn\u00e1lat\u00e1ra!<\/p>\n<p>M\u00e1ramarosszigeti k\u00e1pl\u00e1n\u00e9veim papi \u00e9letem legszebb id\u0151szak\u00e1hoz tartoztak. Sok mindenre eml\u00e9kszem, de a legszebb napok, a legsz\u00edvbemarkol\u00f3bb \u00f3r\u00e1k sz\u00e1momra a nagyheti szertart\u00e1sok voltak. Kezd\u0151dtek azzal, hogy nagyh\u00e9tf\u0151n, nagykedden \u00e9s nagyszerd\u00e1n \u2013 term\u00e9szetesen az \u00e9v t\u00f6bbi napjain is, de ekkor k\u00fcl\u00f6n! \u2013 a reggeli szentmise kezdet\u00e9t\u0151l, negyed 7-t\u0151l eg\u00e9szen d\u00e9lig a f\u0151esperes \u00farral, Dr. Dobos J\u00e1nossal \u00e9s Szolom\u00e1jer Istv\u00e1n atya k\u00e1pl\u00e1nt\u00e1rsammal egy\u00fctt eg\u00e9szen d\u00e9lig sz\u00fcnet n\u00e9lk\u00fcl gy\u00f3ntattunk. A szentgy\u00f3n\u00e1s szents\u00e9g\u00e9nek tisztelete \u00e9s haszn\u00e1lata nagyb\u00f6jtben, amely viszont az eg\u00e9sz egyh\u00e1zmegy\u00e9ben ilyen \u00e9s ehhez hasonl\u00f3 jelekben mutatkozott meg, M\u00e1ramarosszigeten \u00edgy v\u00e1lt k\u00e9zzelfoghat\u00f3v\u00e1.<\/p>\n<p>A jelenlegi koronav\u00edrus j\u00e1rv\u00e1nnyal kapcsolatosan a Szentsz\u00e9k m\u00e1rciusban k\u00e9tszer is megnyilatkozott. A szents\u00e9gek kiszolg\u00e1ltat\u00e1s\u00e1nak k\u00f6r\u00fclm\u00e9nyeit a helyi p\u00fcsp\u00f6ki karra illetve a p\u00fcsp\u00f6k\u00f6kre b\u00edzta. A n\u00e9metorsz\u00e1gi p\u00fcsp\u00f6ki kar a gy\u00f3n\u00e1ssal kapcsolatban a szents\u00e9g kiszolg\u00e1ltat\u00e1s\u00e1t\u00f3l \u2013 hacsak nem \u00e1ll fenn akut hal\u00e1lvesz\u00e9ly! \u2013 egyel\u0151re \u00e9s erre az id\u0151szakra egyenesen eltan\u00e1csolt.<\/p>\n<p><em>Mi h\u00e1t a teend\u0151?<\/em><\/p>\n<p>Tudjuk, hogy a s\u00falyos b\u0171n\u00e9nek tudat\u00e1ban \u00e9l\u0151 h\u00edv\u0151 Istennel \u00e9s az egyh\u00e1zzal csak a szentgy\u00f3n\u00e1s szents\u00e9g\u00e9ben tud kiengesztel\u0151dni. F\u00f6lment ez al\u00f3l azonban a fizikai vagy az erk\u00f6lcsi lehetetlens\u00e9g \u2013 mint, ahogyan ez a jelen id\u0151szakban is t\u00f6rt\u00e9nik. Ilyen esetben a Katolikus Egyh\u00e1z T\u00f6rv\u00e9nyk\u00f6nyve szerint a b\u0171neink al\u00f3li feloldoz\u00e1st rendk\u00edv\u00fcli m\u00f3don is el lehet nyerni (v\u00f6. 960. k\u00e1non): el\u0151sz\u00f6r is az <strong>\u00e1ltal\u00e1nos feloldoz\u00e1s<\/strong> \u00e1ltal, \u00e9s m\u00e1sodszor a <strong>t\u00f6k\u00e9letes b\u00e1nat<\/strong> felind\u00edt\u00e1sa \u00e1ltal.<\/p>\n<p>Az <strong>\u00e1ltal\u00e1nos feloldoz\u00e1s <\/strong>sor\u00e1n a h\u00edv\u0151 (vagy h\u00edv\u0151k egy csoportja egyszerre) egy\u00e9ni \u00e9s teljes b\u0171nbevall\u00e1s n\u00e9lk\u00fcl \u2013 s\u00falyos sz\u00fcks\u00e9g eset\u00e9n, a megy\u00e9s p\u00fcsp\u00f6k enged\u00e9ly\u00e9vel \u00e9s egy k\u00fcl\u00f6n szertart\u00e1s keret\u00e9ben \u2013 feloldoz\u00e1sban r\u00e9szes\u00fcl.<\/p>\n<p><strong>Mivel a jelen helyzetben mi se szem\u00e9lyes, sem \u00e1ltal\u00e1nos feloldoz\u00e1sban nem r\u00e9szes\u00fclhet\u00fcnk, marad a t\u00f6k\u00e9letes b\u00e1nat.<\/strong><\/p>\n<p><strong><em>Mi a t\u00f6k\u00e9letes b\u00e1nat? <\/em><\/strong><\/p>\n<p>A t\u00f6k\u00e9letes b\u00e1nat nagyfok\u00fa szomor\u00fas\u00e1g a b\u0171n felett, mert az a minket szeret\u0151 \u00a0Isten megb\u00e1nt\u00e1sa. A t\u00f6k\u00e9letes b\u00e1nat ind\u00edt\u00f3 oka teh\u00e1t a t\u00f6k\u00e9letes, \u00f6nzetlen istenszeretet.<\/p>\n<p><em>Mi a t\u00f6k\u00e9letes b\u00e1nat hat\u00e1sa?<\/em><\/p>\n<p>A t\u00f6k\u00e9letes b\u00e1nat \u00e9ppen az\u00e9rt, mert t\u00f6k\u00e9letes szeretetb\u0151l fakad, gy\u00f3n\u00e1s n\u00e9lk\u00fcl is elt\u00f6rli a b\u0171n\u00f6ket! A benne gyulladt szeretet olyan nagy, hogy nem csak a b\u00e1natot teszi t\u00f6k\u00e9letess\u00e9, de bizonyos \u00e9rtelemben a szents\u00e9gn\u00e9l is hatalmasabb, \u00e9s \u201eellen\u00e1llhatatlan er\u0151vel\u201d hat Isten sz\u00edv\u00e9re. P\u00f3tolja a kereszts\u00e9get, p\u00f3tolja a szentgy\u00f3n\u00e1st, ha ezeket felvenni nem lehet.<\/p>\n<p><em>Hogyan kell felind\u00edtanunk magunkban a t\u00f6k\u00e9letes b\u00e1natot?<\/em><\/p>\n<p>El\u0151sz\u00f6r is fel kell id\u00e9zn\u00fcnk Istennek az ember ir\u00e1nti szeretet\u00e9t, ami a t\u00f6rt\u00e9nelem folyam\u00e1n k\u00fcl\u00f6nb\u00f6z\u0151 tettekben nyilv\u00e1nult meg. Gondolok itt els\u0151sorban az \u00fcdvt\u00f6rt\u00e9net nagy esem\u00e9nyeire: a teremt\u00e9sre, az Ige megtestes\u00fcl\u00e9s\u00e9re, J\u00e9zus emberi \u00e9let\u00e9nek esem\u00e9nyeire, csod\u00e1ira, tan\u00edt\u00e1saira, megv\u00e1lt\u00f3 szenved\u00e9s\u00e9re \u00e9s hal\u00e1l\u00e1ra, felt\u00e1mad\u00e1s\u00e1ra \u00e9s mennybemenetel\u00e9re, a Szentl\u00e9lek elk\u00fcld\u00e9s\u00e9re, a t\u00f6rt\u00e9nelmen v\u00e9gigh\u00faz\u00f3d\u00f3 isteni gondvisel\u00e9sre, v\u00e9g\u00fcl Krisztus egyszerre igazs\u00e1gos \u00e9s irgalmas \u00edt\u00e9let\u00e9re, valamint a nek\u00fcnk sz\u00e1nt \u00f6r\u00f6k boldogs\u00e1gra&#8230; Emellett l\u00e9tfontoss\u00e1g\u00fa az is, hogy konkr\u00e9tan felid\u00e9zz\u00fck mindazt a j\u00f3t, amit Isten vel\u00fcnk tett \u00e9let\u00fcnk folyam\u00e1n, de k\u00fcl\u00f6n\u00f6sen a legutols\u00f3 szentgy\u00f3n\u00e1sunk \u00f3ta, \u00edgy v\u00e1lik ugyanis Isten szeretete szem\u00e9lyess\u00e9, ami azt\u00e1n h\u00e1l\u00e1t \u00e9breszt benn\u00fcnk ir\u00e1nta. A h\u00e1la pedig tudniillik a b\u00e1nat \u00e9s a szeretet els\u0151 fontos alkot\u00f3 eleme!<\/p>\n<p>M\u00e1sodszor megkeress\u00fck az \u00e1ltalunk elk\u00f6vetett b\u0171n\u00f6ket, amelyek elszak\u00edtottak benn\u00fcnket Isten szeretet\u00e9t\u0151l. Ezeket a b\u0171n\u00f6ket \u00fagy kell felfognunk, mint saj\u00e1t h\u00e1l\u00e1tlans\u00e1gunkat a minket szeret\u0151, j\u00f3s\u00e1gos Istennel szemben. Ugyanakkor a b\u0171n k\u00f6vetkezm\u00e9nyeire is r\u00e1 kell d\u00f6bbenn\u00fcnk: elszak\u00edt benn\u00fcnket Istent\u0151l, \u00e9s ezzel nem csak a k\u00e1rhozat \u00e1llapot\u00e1ban vagyunk, de meghi\u00fas\u00edtjuk Istennek vel\u00fcnk kapcsolatos\u00a0 boldog\u00edt\u00f3 terveit! Ha \u00fagy tetszik: zs\u00e1kutc\u00e1ban rostokolunk!<\/p>\n<p>A t\u00f6k\u00e9letes b\u00e1nat felind\u00edt\u00e1s\u00e1nak van m\u00e9g k\u00e9t tov\u00e1bbi fontos eleme. El\u0151sz\u00f6r is a b\u00e1nat felind\u00edt\u00e1sa m\u00e1r abban a rem\u00e9nyben t\u00f6rt\u00e9nhet, hogy b\u00e1natunk l\u00e1tt\u00e1n Isten nek\u00fcnk megbocs\u00e1t \u00e9s minket \u00fajra mag\u00e1hoz \u00f6lel! \u00a0A m\u00e1sik eleme a t\u00f6k\u00e9letes b\u00e1natnak pedig tulajdonk\u00e9ppen egy megb\u00edzat\u00e1s, ami b\u00e1natunk komolys\u00e1g\u00e1nak pr\u00f3b\u00e1ja is egyuttal: ha az Isten szeretetb\u0151l mindig \u2013 \u00e9s most ism\u00e9t \u2013 megbocs\u00e1t nek\u00fcnk, akkor nek\u00fcnk is meg kell bocs\u00e1tanunk felebar\u00e1tainknak!<\/p>\n<p><em>Hogyan j\u00e1rj el teh\u00e1t ezekben a napokban?<\/em><\/p>\n<p>A szent H\u00e1romnap szentmis\u00e9i illetve szertart\u00e1sai el\u0151tt egy f\u00e9l \u00f3r\u00e1val helyezz ki az asztalra egy talpas fesz\u00fcletet, vagy ha nincs, akkor egy ak\u00e1r milyen keresztet, gy\u00fajts meg mellette egy vagy k\u00e9t gyerty\u00e1t, \u00e9s gondold \u00e1t Isten ir\u00e1ntad val\u00f3 szeretet\u00e9nek jeleit. Azut\u00e1n vizsg\u00e1ld meg \u2013 a legutols\u00f3 szentgy\u00f3n\u00e1sod \u00f3ta \u2013 \u00e9leted esem\u00e9nyeit, k\u00fcl\u00f6n\u00f6s tekintettel a b\u0171neidre \u00e9s v\u00e9tkeidre, amelyeket tudva \u00e9s akarva k\u00f6vett\u00e9l el. \u00c9rezd \u00e1t a benn\u00fck rejl\u0151 Isten ir\u00e1nti h\u00e1l\u00e1tlans\u00e1got, \u00e9s k\u00e9rdd r\u00e1juk Isten bocs\u00e1nat\u00e1t. Majd b\u00e1nd meg \u0151ket ezekkel a szavakkal:<\/p>\n<p><strong>\u00a0<\/strong><\/p>\n<p><strong>Ima a t\u00f6k\u00e9letes b\u00e1nat f\u00f6lind\u00edt\u00e1s\u00e1hoz<\/strong><\/p>\n<p><em>Teljes sz\u00edvemb\u0151l b\u00e1nom, \u00f3, \u00e9des Istenem, hogy T\u00e9ged oly sokszor \u00e9s oly nagyon megb\u00e1ntottalak, mert ez\u00e1ltal m\u00e9ltatlann\u00e1 lettem kegyelmedre, kedvedb\u0151l kiestem \u00e9s mind ideig-, mind \u00f6r\u00f6kk\u00e9val\u00f3 b\u00fcntet\u00e9sedet meg\u00e9rdemeltem. Kiv\u00e1ltk\u00e9ppen pedig az\u00e9rt b\u00e1nom b\u0171neimet, mert T\u00e9ged, legf\u0151bb j\u00f3t, legjobb Aty\u00e1mat \u00e9s legnagyobb j\u00f3tev\u0151met megb\u00e1ntottalak. \u00d3, \u00e9des Istenem, er\u0151sen felteszem magamban, hogy a Te kegyelmeddel t\u00e9ged, szeret\u0151 j\u00f3s\u00e1gos Istenemet semmi b\u0171nnel, de legf\u0151k\u00e9pp \u2026 [itt gondolj azokra a b\u0171n\u00f6kre, amelyek ellen k\u00fcl\u00f6n\u00f6s t\u00f6rekv\u00e9ssel k\u00fczdesz] meg nem b\u00e1ntalak \u00e9s a b\u0171nre szolg\u00e1l\u00f3 alkalmakat gondosan elker\u00fcl\u00f6m. K\u00e9rlek, Uram, \u0151rk\u00f6dj\u00e9k f\u00f6l\u00f6ttem j\u00f3s\u00e1gos szemed, \u00e9s add, hogy a k\u00f6vetkez\u0151 napokat az eddigiekn\u00e9l jobban haszn\u00e1ljam! Boldogs\u00e1gos Sz\u0171zany\u00e1m, szent \u0150rz\u0151angyalom, legyetek velem! \u00c1men.<\/em><\/p>\n<p>&nbsp;<\/p>\n<p><strong>Azut\u00e1n a szentmis\u00e9k vagy szent szertart\u00e1sok alatt, az \u00e1ldoz\u00e1s idej\u00e9n v\u00e9gezz <em>lelki\u00e1ldoz\u00e1st<\/em>. \u00c9s akkor J\u00e9zus Krisztus, Aki \u00e9rted szenvedett \u00e9s meghalt, \u00e9s Aki T\u00e9ged nagyon szeret, ism\u00e9t sz\u00edvedbe k\u00f6lt\u00f6zik!<\/strong><\/p>\n<p><strong>Ezt k\u00edv\u00e1nja Neked \u00e9s minden H\u00edv\u00e9nek lelkip\u00e1sztori szeretettel,<\/strong><\/p>\n<p><strong><em>\u00a0<\/em><\/strong><\/p>\n<p><strong><em>Imre atya<\/em><\/strong><\/p>\n<p><strong><em>Stuttgart, 2020-04-08.<\/em><\/strong><\/p>\n","protected":false},"excerpt":{"rendered":"<p>A t\u00f6k\u00e9letes b\u00e1nat felind\u00edt\u00e1sa &nbsp; K\u00e9t h\u00e9ttel ezel\u0151tt \u00edrtam a lelki\u00e1ldoz\u00e1sr\u00f3l. Most, mivel az elk\u00f6vetkezend\u0151\u00a0 napok liturgi\u00e1j\u00e1hoz ez is szorosan hozz\u00e1 tartozik, \u00edrok p\u00e1r sz\u00f3t a t\u00f6k\u00e9letes b\u00e1nat felind\u00edt\u00e1s\u00e1r\u00f3l is, abban a rem\u00e9nyben, hogy a nagyheti Szent H\u00e1rom Nap alatt lesz lehet\u0151s\u00e9ged annak alkalmaz\u00e1s\u00e1ra \u00e9s haszn\u00e1lat\u00e1ra! M\u00e1ramarosszigeti k\u00e1pl\u00e1n\u00e9veim papi \u00e9letem legszebb id\u0151szak\u00e1hoz tartoztak. Sok mindenre eml\u00e9kszem, de a legszebb napok, a legsz\u00edvbemarkol\u00f3bb \u00f3r\u00e1k sz\u00e1momra a nagyheti szertart\u00e1sok voltak. Kezd\u0151dtek azzal, hogy nagyh\u00e9tf\u0151n, nagykedden \u00e9s nagyszerd\u00e1n \u2013 term\u00e9szetesen az \u00e9v t\u00f6bbi napjain is, de ekkor k\u00fcl\u00f6n! \u2013 a reggeli szentmise kezdet\u00e9t\u0151l, negyed 7-t\u0151l eg\u00e9szen d\u00e9lig a f\u0151esperes \u00farral, Dr. Dobos J\u00e1nossal \u00e9s Szolom\u00e1jer Istv\u00e1n atya k\u00e1pl\u00e1nt\u00e1rsammal egy\u00fctt eg\u00e9szen d\u00e9lig sz\u00fcnet n\u00e9lk\u00fcl gy\u00f3ntattunk. A szentgy\u00f3n\u00e1s szents\u00e9g\u00e9nek tisztelete \u00e9s haszn\u00e1lata nagyb\u00f6jtben, amely viszont az eg\u00e9sz egyh\u00e1zmegy\u00e9ben ilyen \u00e9s ehhez hasonl\u00f3 jelekben mutatkozott meg, M\u00e1ramarosszigeten \u00edgy v\u00e1lt k\u00e9zzelfoghat\u00f3v\u00e1. A jelenlegi koronav\u00edrus j\u00e1rv\u00e1nnyal kapcsolatosan a Szentsz\u00e9k m\u00e1rciusban k\u00e9tszer is megnyilatkozott. A szents\u00e9gek kiszolg\u00e1ltat\u00e1s\u00e1nak k\u00f6r\u00fclm\u00e9nyeit a helyi p\u00fcsp\u00f6ki karra illetve a p\u00fcsp\u00f6k\u00f6kre b\u00edzta. A n\u00e9metorsz\u00e1gi p\u00fcsp\u00f6ki kar a gy\u00f3n\u00e1ssal kapcsolatban a szents\u00e9g kiszolg\u00e1ltat\u00e1s\u00e1t\u00f3l \u2013 hacsak nem \u00e1ll fenn akut hal\u00e1lvesz\u00e9ly! \u2013 egyel\u0151re \u00e9s erre az id\u0151szakra egyenesen eltan\u00e1csolt. Mi h\u00e1t a teend\u0151? Tudjuk, hogy a s\u00falyos b\u0171n\u00e9nek tudat\u00e1ban \u00e9l\u0151 h\u00edv\u0151 Istennel \u00e9s az egyh\u00e1zzal csak a szentgy\u00f3n\u00e1s szents\u00e9g\u00e9ben tud kiengesztel\u0151dni. F\u00f6lment ez al\u00f3l azonban a fizikai vagy az erk\u00f6lcsi lehetetlens\u00e9g \u2013 mint, ahogyan ez a jelen id\u0151szakban is t\u00f6rt\u00e9nik. Ilyen esetben a Katolikus Egyh\u00e1z T\u00f6rv\u00e9nyk\u00f6nyve szerint a b\u0171neink al\u00f3li feloldoz\u00e1st rendk\u00edv\u00fcli m\u00f3don is el lehet nyerni (v\u00f6. 960. k\u00e1non): el\u0151sz\u00f6r is az \u00e1ltal\u00e1nos feloldoz\u00e1s \u00e1ltal, \u00e9s m\u00e1sodszor a t\u00f6k\u00e9letes b\u00e1nat felind\u00edt\u00e1sa \u00e1ltal. Az \u00e1ltal\u00e1nos feloldoz\u00e1s sor\u00e1n a h\u00edv\u0151 (vagy h\u00edv\u0151k egy csoportja egyszerre) egy\u00e9ni \u00e9s teljes b\u0171nbevall\u00e1s n\u00e9lk\u00fcl \u2013 s\u00falyos sz\u00fcks\u00e9g eset\u00e9n, a megy\u00e9s p\u00fcsp\u00f6k enged\u00e9ly\u00e9vel \u00e9s egy k\u00fcl\u00f6n szertart\u00e1s keret\u00e9ben \u2013 feloldoz\u00e1sban r\u00e9szes\u00fcl. Mivel a jelen helyzetben mi se szem\u00e9lyes, sem \u00e1ltal\u00e1nos feloldoz\u00e1sban nem r\u00e9szes\u00fclhet\u00fcnk,&#8230; <\/p>\n<p><a class=\"readmore\" href=\"https:\/\/stuttgarti-katolikusok.de\/index.php\/a-tokeletes-banat-felinditasa\/\">R\u00e9szletek<\/a><\/p>\n","protected":false},"author":3,"featured_media":0,"comment_status":"closed","ping_status":"closed","sticky":false,"template":"","format":"standard","meta":{"footnotes":""},"categories":[28],"tags":[],"class_list":["post-19324","post","type-post","status-publish","format-standard","hentry","category-olvasoink-irjak"],"yoast_head":"<!-- This site is optimized with the Yoast SEO plugin v27.3 - https:\/\/yoast.com\/product\/yoast-seo-wordpress\/ -->\n<title>A t\u00f6k\u00e9letes b\u00e1nat felind\u00edt\u00e1sa - Stuttgarti Katolikusok<\/title>\n<meta name=\"robots\" content=\"index, follow, max-snippet:-1, max-image-preview:large, max-video-preview:-1\" \/>\n<link rel=\"canonical\" href=\"https:\/\/stuttgarti-katolikusok.de\/index.php\/a-tokeletes-banat-felinditasa\/\" \/>\n<meta property=\"og:locale\" content=\"hu_HU\" \/>\n<meta property=\"og:type\" content=\"article\" \/>\n<meta property=\"og:title\" content=\"A t\u00f6k\u00e9letes b\u00e1nat felind\u00edt\u00e1sa - Stuttgarti Katolikusok\" \/>\n<meta property=\"og:description\" content=\"A t\u00f6k\u00e9letes b\u00e1nat felind\u00edt\u00e1sa &nbsp; K\u00e9t h\u00e9ttel ezel\u0151tt \u00edrtam a lelki\u00e1ldoz\u00e1sr\u00f3l. Most, mivel az elk\u00f6vetkezend\u0151\u00a0 napok liturgi\u00e1j\u00e1hoz ez is szorosan hozz\u00e1 tartozik, \u00edrok p\u00e1r sz\u00f3t a t\u00f6k\u00e9letes b\u00e1nat felind\u00edt\u00e1s\u00e1r\u00f3l is, abban a rem\u00e9nyben, hogy a nagyheti Szent H\u00e1rom Nap alatt lesz lehet\u0151s\u00e9ged annak alkalmaz\u00e1s\u00e1ra \u00e9s haszn\u00e1lat\u00e1ra! M\u00e1ramarosszigeti k\u00e1pl\u00e1n\u00e9veim papi \u00e9letem legszebb id\u0151szak\u00e1hoz tartoztak. Sok mindenre eml\u00e9kszem, de a legszebb napok, a legsz\u00edvbemarkol\u00f3bb \u00f3r\u00e1k sz\u00e1momra a nagyheti szertart\u00e1sok voltak. Kezd\u0151dtek azzal, hogy nagyh\u00e9tf\u0151n, nagykedden \u00e9s nagyszerd\u00e1n \u2013 term\u00e9szetesen az \u00e9v t\u00f6bbi napjain is, de ekkor k\u00fcl\u00f6n! \u2013 a reggeli szentmise kezdet\u00e9t\u0151l, negyed 7-t\u0151l eg\u00e9szen d\u00e9lig a f\u0151esperes \u00farral, Dr. Dobos J\u00e1nossal \u00e9s Szolom\u00e1jer Istv\u00e1n atya k\u00e1pl\u00e1nt\u00e1rsammal egy\u00fctt eg\u00e9szen d\u00e9lig sz\u00fcnet n\u00e9lk\u00fcl gy\u00f3ntattunk. A szentgy\u00f3n\u00e1s szents\u00e9g\u00e9nek tisztelete \u00e9s haszn\u00e1lata nagyb\u00f6jtben, amely viszont az eg\u00e9sz egyh\u00e1zmegy\u00e9ben ilyen \u00e9s ehhez hasonl\u00f3 jelekben mutatkozott meg, M\u00e1ramarosszigeten \u00edgy v\u00e1lt k\u00e9zzelfoghat\u00f3v\u00e1. A jelenlegi koronav\u00edrus j\u00e1rv\u00e1nnyal kapcsolatosan a Szentsz\u00e9k m\u00e1rciusban k\u00e9tszer is megnyilatkozott. A szents\u00e9gek kiszolg\u00e1ltat\u00e1s\u00e1nak k\u00f6r\u00fclm\u00e9nyeit a helyi p\u00fcsp\u00f6ki karra illetve a p\u00fcsp\u00f6k\u00f6kre b\u00edzta. A n\u00e9metorsz\u00e1gi p\u00fcsp\u00f6ki kar a gy\u00f3n\u00e1ssal kapcsolatban a szents\u00e9g kiszolg\u00e1ltat\u00e1s\u00e1t\u00f3l \u2013 hacsak nem \u00e1ll fenn akut hal\u00e1lvesz\u00e9ly! \u2013 egyel\u0151re \u00e9s erre az id\u0151szakra egyenesen eltan\u00e1csolt. Mi h\u00e1t a teend\u0151? Tudjuk, hogy a s\u00falyos b\u0171n\u00e9nek tudat\u00e1ban \u00e9l\u0151 h\u00edv\u0151 Istennel \u00e9s az egyh\u00e1zzal csak a szentgy\u00f3n\u00e1s szents\u00e9g\u00e9ben tud kiengesztel\u0151dni. F\u00f6lment ez al\u00f3l azonban a fizikai vagy az erk\u00f6lcsi lehetetlens\u00e9g \u2013 mint, ahogyan ez a jelen id\u0151szakban is t\u00f6rt\u00e9nik. Ilyen esetben a Katolikus Egyh\u00e1z T\u00f6rv\u00e9nyk\u00f6nyve szerint a b\u0171neink al\u00f3li feloldoz\u00e1st rendk\u00edv\u00fcli m\u00f3don is el lehet nyerni (v\u00f6. 960. k\u00e1non): el\u0151sz\u00f6r is az \u00e1ltal\u00e1nos feloldoz\u00e1s \u00e1ltal, \u00e9s m\u00e1sodszor a t\u00f6k\u00e9letes b\u00e1nat felind\u00edt\u00e1sa \u00e1ltal. Az \u00e1ltal\u00e1nos feloldoz\u00e1s sor\u00e1n a h\u00edv\u0151 (vagy h\u00edv\u0151k egy csoportja egyszerre) egy\u00e9ni \u00e9s teljes b\u0171nbevall\u00e1s n\u00e9lk\u00fcl \u2013 s\u00falyos sz\u00fcks\u00e9g eset\u00e9n, a megy\u00e9s p\u00fcsp\u00f6k enged\u00e9ly\u00e9vel \u00e9s egy k\u00fcl\u00f6n szertart\u00e1s keret\u00e9ben \u2013 feloldoz\u00e1sban r\u00e9szes\u00fcl. Mivel a jelen helyzetben mi se szem\u00e9lyes, sem \u00e1ltal\u00e1nos feloldoz\u00e1sban nem r\u00e9szes\u00fclhet\u00fcnk,... R\u00e9szletek\" \/>\n<meta property=\"og:url\" content=\"https:\/\/stuttgarti-katolikusok.de\/index.php\/a-tokeletes-banat-felinditasa\/\" \/>\n<meta property=\"og:site_name\" content=\"Stuttgarti Katolikusok\" \/>\n<meta property=\"article:published_time\" content=\"2020-04-08T15:58:53+00:00\" \/>\n<meta property=\"article:modified_time\" content=\"2020-04-27T08:17:40+00:00\" \/>\n<meta name=\"author\" content=\"Tibor atya\" \/>\n<meta name=\"twitter:card\" content=\"summary_large_image\" \/>\n<meta name=\"twitter:label1\" content=\"Szerz\u0151:\" \/>\n\t<meta name=\"twitter:data1\" content=\"Tibor atya\" \/>\n\t<meta name=\"twitter:label2\" content=\"Becs\u00fclt olvas\u00e1si id\u0151\" \/>\n\t<meta name=\"twitter:data2\" content=\"7 perc\" \/>\n<script type=\"application\/ld+json\" class=\"yoast-schema-graph\">{\"@context\":\"https:\\\/\\\/schema.org\",\"@graph\":[{\"@type\":\"Article\",\"@id\":\"https:\\\/\\\/stuttgarti-katolikusok.de\\\/index.php\\\/a-tokeletes-banat-felinditasa\\\/#article\",\"isPartOf\":{\"@id\":\"https:\\\/\\\/stuttgarti-katolikusok.de\\\/index.php\\\/a-tokeletes-banat-felinditasa\\\/\"},\"author\":{\"name\":\"Tibor atya\",\"@id\":\"https:\\\/\\\/stuttgarti-katolikusok.de\\\/#\\\/schema\\\/person\\\/75908d6f8fdc03a57889d27209df7795\"},\"headline\":\"A t\u00f6k\u00e9letes b\u00e1nat felind\u00edt\u00e1sa\",\"datePublished\":\"2020-04-08T15:58:53+00:00\",\"dateModified\":\"2020-04-27T08:17:40+00:00\",\"mainEntityOfPage\":{\"@id\":\"https:\\\/\\\/stuttgarti-katolikusok.de\\\/index.php\\\/a-tokeletes-banat-felinditasa\\\/\"},\"wordCount\":1392,\"articleSection\":[\"Olvas\u00f3ink \u00edrj\u00e1k\"],\"inLanguage\":\"hu\"},{\"@type\":\"WebPage\",\"@id\":\"https:\\\/\\\/stuttgarti-katolikusok.de\\\/index.php\\\/a-tokeletes-banat-felinditasa\\\/\",\"url\":\"https:\\\/\\\/stuttgarti-katolikusok.de\\\/index.php\\\/a-tokeletes-banat-felinditasa\\\/\",\"name\":\"A t\u00f6k\u00e9letes b\u00e1nat felind\u00edt\u00e1sa - Stuttgarti Katolikusok\",\"isPartOf\":{\"@id\":\"https:\\\/\\\/stuttgarti-katolikusok.de\\\/#website\"},\"datePublished\":\"2020-04-08T15:58:53+00:00\",\"dateModified\":\"2020-04-27T08:17:40+00:00\",\"author\":{\"@id\":\"https:\\\/\\\/stuttgarti-katolikusok.de\\\/#\\\/schema\\\/person\\\/75908d6f8fdc03a57889d27209df7795\"},\"breadcrumb\":{\"@id\":\"https:\\\/\\\/stuttgarti-katolikusok.de\\\/index.php\\\/a-tokeletes-banat-felinditasa\\\/#breadcrumb\"},\"inLanguage\":\"hu\",\"potentialAction\":[{\"@type\":\"ReadAction\",\"target\":[\"https:\\\/\\\/stuttgarti-katolikusok.de\\\/index.php\\\/a-tokeletes-banat-felinditasa\\\/\"]}]},{\"@type\":\"BreadcrumbList\",\"@id\":\"https:\\\/\\\/stuttgarti-katolikusok.de\\\/index.php\\\/a-tokeletes-banat-felinditasa\\\/#breadcrumb\",\"itemListElement\":[{\"@type\":\"ListItem\",\"position\":1,\"name\":\"Kezd\u0151lap\",\"item\":\"https:\\\/\\\/stuttgarti-katolikusok.de\\\/\"},{\"@type\":\"ListItem\",\"position\":2,\"name\":\"A t\u00f6k\u00e9letes b\u00e1nat felind\u00edt\u00e1sa\"}]},{\"@type\":\"WebSite\",\"@id\":\"https:\\\/\\\/stuttgarti-katolikusok.de\\\/#website\",\"url\":\"https:\\\/\\\/stuttgarti-katolikusok.de\\\/\",\"name\":\"Stuttgarti Katolikusok\",\"description\":\"\",\"potentialAction\":[{\"@type\":\"SearchAction\",\"target\":{\"@type\":\"EntryPoint\",\"urlTemplate\":\"https:\\\/\\\/stuttgarti-katolikusok.de\\\/?s={search_term_string}\"},\"query-input\":{\"@type\":\"PropertyValueSpecification\",\"valueRequired\":true,\"valueName\":\"search_term_string\"}}],\"inLanguage\":\"hu\"},{\"@type\":\"Person\",\"@id\":\"https:\\\/\\\/stuttgarti-katolikusok.de\\\/#\\\/schema\\\/person\\\/75908d6f8fdc03a57889d27209df7795\",\"name\":\"Tibor atya\",\"image\":{\"@type\":\"ImageObject\",\"inLanguage\":\"hu\",\"@id\":\"https:\\\/\\\/secure.gravatar.com\\\/avatar\\\/61d268e57d1f4525b111222e29d2d5a7f8c420fdbf231ba5566a8ceac74fa960?s=96&d=mm&r=g\",\"url\":\"https:\\\/\\\/secure.gravatar.com\\\/avatar\\\/61d268e57d1f4525b111222e29d2d5a7f8c420fdbf231ba5566a8ceac74fa960?s=96&d=mm&r=g\",\"contentUrl\":\"https:\\\/\\\/secure.gravatar.com\\\/avatar\\\/61d268e57d1f4525b111222e29d2d5a7f8c420fdbf231ba5566a8ceac74fa960?s=96&d=mm&r=g\",\"caption\":\"Tibor atya\"},\"url\":\"https:\\\/\\\/stuttgarti-katolikusok.de\\\/index.php\\\/author\\\/tibor-atya\\\/\"}]}<\/script>\n<!-- \/ Yoast SEO plugin. -->","yoast_head_json":{"title":"A t\u00f6k\u00e9letes b\u00e1nat felind\u00edt\u00e1sa - Stuttgarti Katolikusok","robots":{"index":"index","follow":"follow","max-snippet":"max-snippet:-1","max-image-preview":"max-image-preview:large","max-video-preview":"max-video-preview:-1"},"canonical":"https:\/\/stuttgarti-katolikusok.de\/index.php\/a-tokeletes-banat-felinditasa\/","og_locale":"hu_HU","og_type":"article","og_title":"A t\u00f6k\u00e9letes b\u00e1nat felind\u00edt\u00e1sa - Stuttgarti Katolikusok","og_description":"A t\u00f6k\u00e9letes b\u00e1nat felind\u00edt\u00e1sa &nbsp; K\u00e9t h\u00e9ttel ezel\u0151tt \u00edrtam a lelki\u00e1ldoz\u00e1sr\u00f3l. Most, mivel az elk\u00f6vetkezend\u0151\u00a0 napok liturgi\u00e1j\u00e1hoz ez is szorosan hozz\u00e1 tartozik, \u00edrok p\u00e1r sz\u00f3t a t\u00f6k\u00e9letes b\u00e1nat felind\u00edt\u00e1s\u00e1r\u00f3l is, abban a rem\u00e9nyben, hogy a nagyheti Szent H\u00e1rom Nap alatt lesz lehet\u0151s\u00e9ged annak alkalmaz\u00e1s\u00e1ra \u00e9s haszn\u00e1lat\u00e1ra! M\u00e1ramarosszigeti k\u00e1pl\u00e1n\u00e9veim papi \u00e9letem legszebb id\u0151szak\u00e1hoz tartoztak. Sok mindenre eml\u00e9kszem, de a legszebb napok, a legsz\u00edvbemarkol\u00f3bb \u00f3r\u00e1k sz\u00e1momra a nagyheti szertart\u00e1sok voltak. Kezd\u0151dtek azzal, hogy nagyh\u00e9tf\u0151n, nagykedden \u00e9s nagyszerd\u00e1n \u2013 term\u00e9szetesen az \u00e9v t\u00f6bbi napjain is, de ekkor k\u00fcl\u00f6n! \u2013 a reggeli szentmise kezdet\u00e9t\u0151l, negyed 7-t\u0151l eg\u00e9szen d\u00e9lig a f\u0151esperes \u00farral, Dr. Dobos J\u00e1nossal \u00e9s Szolom\u00e1jer Istv\u00e1n atya k\u00e1pl\u00e1nt\u00e1rsammal egy\u00fctt eg\u00e9szen d\u00e9lig sz\u00fcnet n\u00e9lk\u00fcl gy\u00f3ntattunk. A szentgy\u00f3n\u00e1s szents\u00e9g\u00e9nek tisztelete \u00e9s haszn\u00e1lata nagyb\u00f6jtben, amely viszont az eg\u00e9sz egyh\u00e1zmegy\u00e9ben ilyen \u00e9s ehhez hasonl\u00f3 jelekben mutatkozott meg, M\u00e1ramarosszigeten \u00edgy v\u00e1lt k\u00e9zzelfoghat\u00f3v\u00e1. A jelenlegi koronav\u00edrus j\u00e1rv\u00e1nnyal kapcsolatosan a Szentsz\u00e9k m\u00e1rciusban k\u00e9tszer is megnyilatkozott. A szents\u00e9gek kiszolg\u00e1ltat\u00e1s\u00e1nak k\u00f6r\u00fclm\u00e9nyeit a helyi p\u00fcsp\u00f6ki karra illetve a p\u00fcsp\u00f6k\u00f6kre b\u00edzta. A n\u00e9metorsz\u00e1gi p\u00fcsp\u00f6ki kar a gy\u00f3n\u00e1ssal kapcsolatban a szents\u00e9g kiszolg\u00e1ltat\u00e1s\u00e1t\u00f3l \u2013 hacsak nem \u00e1ll fenn akut hal\u00e1lvesz\u00e9ly! \u2013 egyel\u0151re \u00e9s erre az id\u0151szakra egyenesen eltan\u00e1csolt. Mi h\u00e1t a teend\u0151? Tudjuk, hogy a s\u00falyos b\u0171n\u00e9nek tudat\u00e1ban \u00e9l\u0151 h\u00edv\u0151 Istennel \u00e9s az egyh\u00e1zzal csak a szentgy\u00f3n\u00e1s szents\u00e9g\u00e9ben tud kiengesztel\u0151dni. F\u00f6lment ez al\u00f3l azonban a fizikai vagy az erk\u00f6lcsi lehetetlens\u00e9g \u2013 mint, ahogyan ez a jelen id\u0151szakban is t\u00f6rt\u00e9nik. Ilyen esetben a Katolikus Egyh\u00e1z T\u00f6rv\u00e9nyk\u00f6nyve szerint a b\u0171neink al\u00f3li feloldoz\u00e1st rendk\u00edv\u00fcli m\u00f3don is el lehet nyerni (v\u00f6. 960. k\u00e1non): el\u0151sz\u00f6r is az \u00e1ltal\u00e1nos feloldoz\u00e1s \u00e1ltal, \u00e9s m\u00e1sodszor a t\u00f6k\u00e9letes b\u00e1nat felind\u00edt\u00e1sa \u00e1ltal. Az \u00e1ltal\u00e1nos feloldoz\u00e1s sor\u00e1n a h\u00edv\u0151 (vagy h\u00edv\u0151k egy csoportja egyszerre) egy\u00e9ni \u00e9s teljes b\u0171nbevall\u00e1s n\u00e9lk\u00fcl \u2013 s\u00falyos sz\u00fcks\u00e9g eset\u00e9n, a megy\u00e9s p\u00fcsp\u00f6k enged\u00e9ly\u00e9vel \u00e9s egy k\u00fcl\u00f6n szertart\u00e1s keret\u00e9ben \u2013 feloldoz\u00e1sban r\u00e9szes\u00fcl. Mivel a jelen helyzetben mi se szem\u00e9lyes, sem \u00e1ltal\u00e1nos feloldoz\u00e1sban nem r\u00e9szes\u00fclhet\u00fcnk,... R\u00e9szletek","og_url":"https:\/\/stuttgarti-katolikusok.de\/index.php\/a-tokeletes-banat-felinditasa\/","og_site_name":"Stuttgarti Katolikusok","article_published_time":"2020-04-08T15:58:53+00:00","article_modified_time":"2020-04-27T08:17:40+00:00","author":"Tibor atya","twitter_card":"summary_large_image","twitter_misc":{"Szerz\u0151:":"Tibor atya","Becs\u00fclt olvas\u00e1si id\u0151":"7 perc"},"schema":{"@context":"https:\/\/schema.org","@graph":[{"@type":"Article","@id":"https:\/\/stuttgarti-katolikusok.de\/index.php\/a-tokeletes-banat-felinditasa\/#article","isPartOf":{"@id":"https:\/\/stuttgarti-katolikusok.de\/index.php\/a-tokeletes-banat-felinditasa\/"},"author":{"name":"Tibor atya","@id":"https:\/\/stuttgarti-katolikusok.de\/#\/schema\/person\/75908d6f8fdc03a57889d27209df7795"},"headline":"A t\u00f6k\u00e9letes b\u00e1nat felind\u00edt\u00e1sa","datePublished":"2020-04-08T15:58:53+00:00","dateModified":"2020-04-27T08:17:40+00:00","mainEntityOfPage":{"@id":"https:\/\/stuttgarti-katolikusok.de\/index.php\/a-tokeletes-banat-felinditasa\/"},"wordCount":1392,"articleSection":["Olvas\u00f3ink \u00edrj\u00e1k"],"inLanguage":"hu"},{"@type":"WebPage","@id":"https:\/\/stuttgarti-katolikusok.de\/index.php\/a-tokeletes-banat-felinditasa\/","url":"https:\/\/stuttgarti-katolikusok.de\/index.php\/a-tokeletes-banat-felinditasa\/","name":"A t\u00f6k\u00e9letes b\u00e1nat felind\u00edt\u00e1sa - Stuttgarti Katolikusok","isPartOf":{"@id":"https:\/\/stuttgarti-katolikusok.de\/#website"},"datePublished":"2020-04-08T15:58:53+00:00","dateModified":"2020-04-27T08:17:40+00:00","author":{"@id":"https:\/\/stuttgarti-katolikusok.de\/#\/schema\/person\/75908d6f8fdc03a57889d27209df7795"},"breadcrumb":{"@id":"https:\/\/stuttgarti-katolikusok.de\/index.php\/a-tokeletes-banat-felinditasa\/#breadcrumb"},"inLanguage":"hu","potentialAction":[{"@type":"ReadAction","target":["https:\/\/stuttgarti-katolikusok.de\/index.php\/a-tokeletes-banat-felinditasa\/"]}]},{"@type":"BreadcrumbList","@id":"https:\/\/stuttgarti-katolikusok.de\/index.php\/a-tokeletes-banat-felinditasa\/#breadcrumb","itemListElement":[{"@type":"ListItem","position":1,"name":"Kezd\u0151lap","item":"https:\/\/stuttgarti-katolikusok.de\/"},{"@type":"ListItem","position":2,"name":"A t\u00f6k\u00e9letes b\u00e1nat felind\u00edt\u00e1sa"}]},{"@type":"WebSite","@id":"https:\/\/stuttgarti-katolikusok.de\/#website","url":"https:\/\/stuttgarti-katolikusok.de\/","name":"Stuttgarti Katolikusok","description":"","potentialAction":[{"@type":"SearchAction","target":{"@type":"EntryPoint","urlTemplate":"https:\/\/stuttgarti-katolikusok.de\/?s={search_term_string}"},"query-input":{"@type":"PropertyValueSpecification","valueRequired":true,"valueName":"search_term_string"}}],"inLanguage":"hu"},{"@type":"Person","@id":"https:\/\/stuttgarti-katolikusok.de\/#\/schema\/person\/75908d6f8fdc03a57889d27209df7795","name":"Tibor atya","image":{"@type":"ImageObject","inLanguage":"hu","@id":"https:\/\/secure.gravatar.com\/avatar\/61d268e57d1f4525b111222e29d2d5a7f8c420fdbf231ba5566a8ceac74fa960?s=96&d=mm&r=g","url":"https:\/\/secure.gravatar.com\/avatar\/61d268e57d1f4525b111222e29d2d5a7f8c420fdbf231ba5566a8ceac74fa960?s=96&d=mm&r=g","contentUrl":"https:\/\/secure.gravatar.com\/avatar\/61d268e57d1f4525b111222e29d2d5a7f8c420fdbf231ba5566a8ceac74fa960?s=96&d=mm&r=g","caption":"Tibor atya"},"url":"https:\/\/stuttgarti-katolikusok.de\/index.php\/author\/tibor-atya\/"}]}},"_links":{"self":[{"href":"https:\/\/stuttgarti-katolikusok.de\/index.php\/wp-json\/wp\/v2\/posts\/19324","targetHints":{"allow":["GET"]}}],"collection":[{"href":"https:\/\/stuttgarti-katolikusok.de\/index.php\/wp-json\/wp\/v2\/posts"}],"about":[{"href":"https:\/\/stuttgarti-katolikusok.de\/index.php\/wp-json\/wp\/v2\/types\/post"}],"author":[{"embeddable":true,"href":"https:\/\/stuttgarti-katolikusok.de\/index.php\/wp-json\/wp\/v2\/users\/3"}],"replies":[{"embeddable":true,"href":"https:\/\/stuttgarti-katolikusok.de\/index.php\/wp-json\/wp\/v2\/comments?post=19324"}],"version-history":[{"count":1,"href":"https:\/\/stuttgarti-katolikusok.de\/index.php\/wp-json\/wp\/v2\/posts\/19324\/revisions"}],"predecessor-version":[{"id":19326,"href":"https:\/\/stuttgarti-katolikusok.de\/index.php\/wp-json\/wp\/v2\/posts\/19324\/revisions\/19326"}],"wp:attachment":[{"href":"https:\/\/stuttgarti-katolikusok.de\/index.php\/wp-json\/wp\/v2\/media?parent=19324"}],"wp:term":[{"taxonomy":"category","embeddable":true,"href":"https:\/\/stuttgarti-katolikusok.de\/index.php\/wp-json\/wp\/v2\/categories?post=19324"},{"taxonomy":"post_tag","embeddable":true,"href":"https:\/\/stuttgarti-katolikusok.de\/index.php\/wp-json\/wp\/v2\/tags?post=19324"}],"curies":[{"name":"wp","href":"https:\/\/api.w.org\/{rel}","templated":true}]}}