{"id":19304,"date":"2020-04-03T16:27:10","date_gmt":"2020-04-03T16:27:10","guid":{"rendered":"https:\/\/gracious-dewdney.138-201-221-2.plesk.page\/?p=19304"},"modified":"2021-04-02T12:33:44","modified_gmt":"2021-04-02T12:33:44","slug":"nagyheti-es-husveti-unneplesunk-vegleges","status":"publish","type":"post","link":"https:\/\/stuttgarti-katolikusok.de\/index.php\/nagyheti-es-husveti-unneplesunk-vegleges\/","title":{"rendered":"Nagyheti \u00e9s H\u00fasv\u00e9ti \u00fcnnepl\u00e9s\u00fcnk"},"content":{"rendered":"<p><span style=\"color: #ff00ff;\"><strong>NAGYHETI \u00c9S H\u00daSV\u00c9TI \u00dcNNEPL\u00c9S\u00dcNK<\/strong><\/span><\/p>\n<p><em>Egy \u00e9vvel kor\u00e1bban seg\u00e9danyagot igyekezt\u00fcnk rendelkez\u00e9setekre bocs\u00e1jtani Imre aty\u00e1val egy\u00fctt. Id\u0151 k\u00f6zben mindannyian hossz\u00fa utat tett\u00fcnk meg. \u00c9ppen ez\u00e9rt arra gondoltam, hogy hasznos seg\u00edts\u00e9g lesz, ha \u00fajra ell\u00e1togatunk arra az oldalra \u00e9s haszonnal forgatjuk majd az ottani im\u00e1ds\u00e1gokat, szertart\u00e1sokat.<\/em><\/p>\n<p><em>Fogadj\u00e1tok ezeket a sorokat szeretettel. A fontos inform\u00e1ci\u00f3kon t\u00fal ugyanis sok-sok szertart\u00e1st, im\u00e1t, \u00e9neket, szent\u00edr\u00e1si olvasm\u00e1nyt is tartalmaznak, amelyek nem csak arra val\u00f3k, hogy egy\u00e9nileg belekapcsol\u00f3djatok a szent napok szertart\u00e1saiba \u00e9s \u00edgy egy r\u00e9gebbi, de nagyon igaz \u00e9s tal\u00e1l\u00f3 kifejez\u00e9ssel megszent\u00fcljetek, hanem arra is \u2013 hisz otthon a csal\u00e1dban v\u00e9gzitek -, hogy az \u00fagynevezett csal\u00e1degyh\u00e1zaitokat er\u0151s\u00edts\u00e9k!<\/em><\/p>\n<p><em>Ha elolvast\u00e1tok, nyomtass\u00e1tok vagy nyomtattass\u00e1tok ki magatoknak, minden napra lebontva, s a megfelel\u0151 napokon majd \u00a0haszn\u00e1lj\u00e1tok lelketek jav\u00e1ra!<\/em><\/p>\n<p><em>Kezdj\u00fck h\u00e1t!<\/em><\/p>\n<p style=\"text-align: left;\"><span style=\"color: #800080;\"><em>\u00a0<\/em><em><a href=\"https:\/\/stuttgarti-katolikusok.de\/wp-content\/uploads\/2021\/03\/mosaic-4124646-1280.jpg\"><img loading=\"lazy\" decoding=\"async\" class=\"alignnone size-full wp-image-21479\" src=\"https:\/\/stuttgarti-katolikusok.de\/wp-content\/uploads\/2021\/03\/mosaic-4124646-1280.jpg\" alt=\"\" width=\"848\" height=\"1280\" srcset=\"https:\/\/stuttgarti-katolikusok.de\/wp-content\/uploads\/2021\/03\/mosaic-4124646-1280.jpg 848w, https:\/\/stuttgarti-katolikusok.de\/wp-content\/uploads\/2021\/03\/mosaic-4124646-1280-199x300.jpg 199w, https:\/\/stuttgarti-katolikusok.de\/wp-content\/uploads\/2021\/03\/mosaic-4124646-1280-678x1024.jpg 678w\" sizes=\"auto, (max-width: 848px) 100vw, 848px\" \/><\/a><\/em><\/span><\/p>\n<p><span style=\"color: #ff0000;\"><strong>VIR\u00c1GVAS\u00c1RNAP<\/strong><\/span><\/p>\n<p>A vir\u00e1gvas\u00e1rnapi szentmise 12.00 \u00f3rakor lesz Stuttgartban, amelyet vissza is lehet n\u00e9zni Egyh\u00e1zk\u00f6zs\u00e9g\u00fcnk facebook-os oldal\u00e1n.<\/p>\n<p>Ha nem lenne r\u00e1 lehet\u0151s\u00e9getek, vagy m\u00e1sutt sem tal\u00e1ltok magyar csatorn\u00e1t, amelyen szentmis\u00e9n vehetn\u00e9tek r\u00e9szt, akkor a nap folyam\u00e1n valamikor, amikor egy\u00fctt vagytok, a k\u00f6vetkez\u0151 szertart\u00e1st v\u00e9gezz\u00e9tek el.<\/p>\n<p><strong><em>\u00a0<\/em><\/strong><\/p>\n<p><strong><em>El\u0151tte k\u00e9sz\u00edtsetek egy asztalra \u00e1ll\u00edthat\u00f3 keresztet. Vegyetek 4 gyerty\u00e1t, gondoskodjatok gyertyatart\u00f3kr\u00f3l (lehet 4 poh\u00e1r). Ah\u00e1ny gyermek van, annyi kis feh\u00e9r kend\u0151t k\u00e9sz\u00edtsetek el\u0151, amelyeket majd a fesz\u00fclet el\u00e9 ter\u00edtenek. V\u00e1gjatok el\u0151tte z\u00f6ld, vir\u00e1gos \u00e1gakat (pl. bark\u00e1t), hogy egy p\u00e1rat mindenki k\u00e9zbe vehessen bel\u0151le. Legyen a kezetekbe a Hozsanna \u00e9nekesk\u00f6nyv\u00fcnk, \u00e9s egy Szent\u00edr\u00e1s. <\/em><\/strong><\/p>\n<p><strong>El\u0151im\u00e1dkoz\u00f3:<\/strong> Az Atya, a Fi\u00fa \u00e9s a Szentl\u00e9lek nev\u00e9ben.<\/p>\n<p><strong>Mind:<\/strong> \u00c1men.<\/p>\n<p><strong>E:<\/strong> Szeretteim!\u00a0 A Nagyb\u00f6jt eleje \u00f3ta sz\u00edv\u00fcnket b\u0171nb\u00e1nattal \u00e9s j\u00f3cselekedetekkel m\u00e1r el\u0151k\u00e9sz\u00edtett\u00fck. Most az\u00e9rt j\u00f6tt \u00f6ssze a mi kis csal\u00e1dunk, hogy minden kereszt\u00e9ny testv\u00e9r\u00fcnkkel egy\u00fctt el\u0151re \u00e1t\u00e9lj\u00fck Urunk h\u00fasv\u00e9ti miszt\u00e9rium\u00e1t, vagyis szenved\u00e9s\u00e9t \u00e9s felt\u00e1mad\u00e1s\u00e1t. \u0150 ugyanis ezt a miszt\u00e9riumot akarta beteljes\u00edteni, amikor f\u00f6lment v\u00e1ros\u00e1ba, Jeruzs\u00e1lembe. Sz\u00edv\u00fcnk \u00e9l\u0151 hit\u00e9vel \u00e9s odaad\u00e1s\u00e1val eml\u00e9kez\u00fcnk meg err\u0151l az \u00fcdv\u00f6ss\u00e9gszerz\u0151 bevonul\u00e1sr\u00f3l. L\u00e9pj\u00fcnk mi is az \u00dar nyom\u00e1ba, hogy amint kegyelm\u00e9b\u0151l t\u00e1rsai vagyunk a kereszthordoz\u00e1sban, ugyan\u00fagy felt\u00e1mad\u00e1s\u00e1nak \u00e9s \u00f6r\u00f6k \u00e9let\u00e9nek is r\u00e9szesei lehess\u00fcnk.<\/p>\n<p>K\u00f6ny\u00f6r\u00f6gj\u00fcnk!<\/p>\n<p>Urunk, Isten\u00fcnk, n\u00f6veld azoknak a hit\u00e9t, akik benned rem\u00e9lnek. Hallgasd meg k\u00f6ny\u00f6rg\u0151 im\u00e1nkat, hogy mi, akik ma vir\u00e1gz\u00f3 \u00e1gakat hozunk a diadalmasan bevonul\u00f3 Krisztus Kir\u00e1ly el\u00e9, a j\u00f3cselekedetek gy\u00fcm\u00f6lcs\u00e9t teremj\u00fck \u0151\u00e1ltala. Aki \u00e9l \u00e9s uralkodik mind\u00f6r\u00f6kk\u00f6n-\u00f6r\u00f6kk\u00e9.<\/p>\n<p><strong>M:<\/strong> \u00c1men.<\/p>\n<p><strong>El\u0151im\u00e1dkoz\u00f3 vagy egy felolvas\u00f3:<\/strong> Most hallgassuk meg az Evang\u00e9liumot Szent M\u00e1t\u00e9 k\u00f6nyv\u00e9b\u0151l <strong><em>(valaki a csal\u00e1dtagok k\u00f6z\u00fcl felolvassa):<\/em><\/strong><\/p>\n<p>Evang\u00e9lium Szent M\u00e1t\u00e9 k\u00f6nyv\u00e9b\u0151l \u00a0\u00a0\u00a0\u00a0\u00a0\u00a0\u00a0\u00a0\u00a0\u00a0\u00a0\u00a0\u00a0\u00a0\u00a0\u00a0\u00a0\u00a0\u00a0\u00a0\u00a0\u00a0\u00a0\u00a0\u00a0\u00a0\u00a0\u00a0\u00a0\u00a0\u00a0\u00a0\u00a0\u00a0\u00a0\u00a0\u00a0\u00a0\u00a0\u00a0\u00a0\u00a0\u00a0\u00a0\u00a0\u00a0\u00a0\u00a0\u00a0\u00a0\u00a0\u00a0\u00a0\u00a0\u00a0\u00a0\u00a0\u00a0\u00a0\u00a0\u00a0\u00a0\u00a0\u00a0\u00a0\u00a0\u00a0 <strong>Mt 21,1-11<\/strong><\/p>\n<p>Amikor Jeruzs\u00e1lemhez k\u00f6zeledve az Olajf\u00e1k-hegy\u00e9re, Betfag\u00e9ba \u00e9rtek, J\u00e9zus elk\u00fcldte k\u00e9t tan\u00edtv\u00e1ny\u00e1t ezekkel a szavakkal: \u201eMenjetek el\u0151re a szemk\u00f6zti faluba. Ott mindj\u00e1rt tal\u00e1lni fogtok egy szamarat megk\u00f6tve \u00e9s vele csik\u00f3j\u00e1t. Oldj\u00e1tok el \u00e9s vezess\u00e9tek hozz\u00e1m! Ha valaki sz\u00f3lna valamit, mondj\u00e1tok, hogy az \u00darnak van r\u00e1 sz\u00fcks\u00e9ge, \u00e9s mindj\u00e1rt elengedi \u0151ket.\u201d Ez az\u00e9rt t\u00f6rt\u00e9nt, hogy beteljesedj\u00e9k, amit a pr\u00f3f\u00e9ta j\u00f6vend\u00f6lt: \u201eMondj\u00e1tok meg Sion le\u00e1ny\u00e1nak: \u00cdme, a kir\u00e1lyod \u00e9rkezik hozz\u00e1d, szel\u00edden, szam\u00e1rh\u00e1ton \u00fclve, egy teherhord\u00f3 \u00e1llat csik\u00f3j\u00e1n.\u201d A tan\u00edtv\u00e1nyok elmentek s \u00fagy tettek, ahogy J\u00e9zus meghagyta nekik. Elhozt\u00e1k a szamarat \u00e9s a csik\u00f3j\u00e1t, letakart\u00e1k ruh\u00e1ikkal, \u0151 pedig fel\u00fclt r\u00e1.\u00a0 A t\u00f6megb\u0151l nagyon sokan az \u00fatra ter\u00edtett\u00e9k ruh\u00e1ikat, m\u00e1sok \u00e1gakat t\u00f6rdeltek a f\u00e1kr\u00f3l \u00e9s az \u00fatra sz\u00f3rt\u00e1k. Az el\u0151tte j\u00e1r\u00f3 \u00e9s az ut\u00e1na vonul\u00f3 t\u00f6meg \u00edgy ki\u00e1ltott: \u201eHozsanna D\u00e1vid fi\u00e1nak! \u00c1ldott, aki az \u00dar nev\u00e9ben j\u00f6n! Hozsanna a magass\u00e1gban!\u201d Amikor be\u00e9rt Jeruzs\u00e1lembe, megmozdult az eg\u00e9sz v\u00e1ros, \u00e9s k\u00e9rdezgett\u00e9k: \u201eKi ez?\u201d A t\u00f6meg ezt felelte: \u201e\u0150 a Pr\u00f3f\u00e9ta, J\u00e9zus, a galileai N\u00e1z\u00e1retb\u0151l.\u201d<\/p>\n<p>Ezek az evang\u00e9lium ig\u00e9i.<\/p>\n<p><strong>E:<\/strong> Most, mik\u00f6zben az \u00e1gakat \u00e9s a kis feh\u00e9r ruh\u00e1kat leter\u00edtj\u00fck, \u00e9nekelj\u00fck <strong><em>(lehet mondani is)<\/em><\/strong> a Hozsanna 77-es sz\u00e1m\u00fa \u00e9nek\u00e9nek 1-2 szakasz\u00e1t:<\/p>\n<p>1.- Megv\u00e1lt\u00f3 kir\u00e1lyunk el\u00e9be megy\u00fcnk,<\/p>\n<p>M\u00e9lt\u00f3 tisztelettel Urunkhoz legy\u00fcnk,<\/p>\n<p>Hozsann\u00e1t ki\u00e1ltson n\u00e9ki minden h\u00edv,<\/p>\n<p>D\u00edcs\u00e9rettel \u00e1ld\u00e1st mondjon nyelv \u00e9s sz\u00edv.<\/p>\n<p>2.- \u00cdgy tisztelte J\u00e9zust a zsid\u00f3 nemzet,<\/p>\n<p>Vir\u00e1gvas\u00e1rnapj\u00e1n nagy gy\u00fclekezet,<\/p>\n<p>El\u00e9be kimentek p\u00e1lma\u00e1gakkal,<\/p>\n<p>D\u00edcs\u00e9r\u0151 \u00e9nekkel \u00e9s vir\u00e1gokkal.<\/p>\n<p><strong>E:<\/strong> Most t\u00e9rdelj\u00fcnk le mindannyian, \u00e9s fejezz\u00fck ki h\u00f3dolatunkat az \u00dar J\u00e9zus Szent keresztje el\u0151tt&#8230;<\/p>\n<p><strong>E:<\/strong> K\u00e9rlek, hogy mindannyian fel\u00e1llva im\u00e1dkozzuk az egyetemes k\u00f6ny\u00f6rg\u00e9seket <strong><em>(lehet m\u00e1s k\u00f6ny\u00f6rg\u00e9seket is \u00f6ssze\u00e1ll\u00edtani a csal\u00e1d sz\u00e1nd\u00e9ka szerint, a csal\u00e1db\u00f3l mindenki olvasson k\u00f6ny\u00f6rg\u00e9st): <\/em><\/strong><\/p>\n<p><strong>E:<\/strong> Im\u00e1dkozzunk, testv\u00e9reim, hogy Megv\u00e1lt\u00f3 kir\u00e1lyunkhoz mindenkor h\u0171s\u00e9gesek maradjunk!<\/p>\n<ol>\n<li>Urunk, ismerje fel minden ember, hogy \u00f6nfel\u00e1ldoz\u00f3 szenved\u00e9sed \u00e1r\u00e1n v\u00e1ltott\u00e1l meg benn\u00fcnket!<\/li>\n<\/ol>\n<p>M: <strong>K\u00e9r\u00fcnk t\u00e9ged, hallgass meg minket!<\/strong><\/p>\n<ol start=\"2\">\n<li>Tedd k\u00e9szs\u00e9gess\u00e9 Egyh\u00e1zad tagjait a kereszt hordoz\u00e1s\u00e1ra \u00e9s a kegyelem k\u00f6zvet\u00edt\u00e9s\u00e9re!<\/li>\n<\/ol>\n<p>M: <strong>K\u00e9r\u00fcnk t\u00e9ged, hallgass meg minket!<\/strong><\/p>\n<ol start=\"3\">\n<li>Keresztedb\u0151l fakadjon b\u00e9ke \u00e9s egyet\u00e9rt\u00e9s minden n\u00e9p sz\u00e1m\u00e1ra!<\/li>\n<\/ol>\n<p>M: <strong>K\u00e9r\u00fcnk t\u00e9ged, hallgass meg minket!<\/strong><\/p>\n<ol start=\"4\">\n<li>Egyes\u00edtsd szenved\u00e9seinket megv\u00e1lt\u00f3 szenved\u00e9seddel, hogy egyek lehess\u00fcnk veled a mennyei boldogs\u00e1gban is!<\/li>\n<\/ol>\n<p>M: <strong>K\u00e9r\u00fcnk t\u00e9ged, hallgass meg minket!<\/strong><\/p>\n<ol start=\"5\">\n<li>Megv\u00e1lt\u00f3 kereszthal\u00e1lod \u00e1ltal adj \u00f6r\u00f6k \u00e9letet az elhunyt h\u00edveknek!<br \/>\nM: <strong>K\u00e9r\u00fcnk t\u00e9ged, hallgass meg minket!<\/strong><\/li>\n<\/ol>\n<p><strong>E:<\/strong> Urunk J\u00e9zus, te vonakod\u00e1s n\u00e9lk\u00fcl v\u00e1llaltad a kereszthal\u00e1l gy\u00f6trelm\u00e9t n\u00e9ped \u00fcdv\u00f6ss\u00e9g\u00e9\u00e9rt. Tan\u00edts meg minket az \u00e1ldozatos szeretetre, hogy r\u00e9sz\u00fcnk legyen az \u00f6r\u00f6k dics\u0151s\u00e9gben! Aki \u00e9lsz \u00e9s uralkodol mind\u00f6r\u00f6kk\u00f6n-\u00f6r\u00f6kk\u00e9.<\/p>\n<p><strong>M:<\/strong> \u00c1men.<\/p>\n<p><strong>E: Z\u00e1r\u00f3\u00e9nek\u00fcnk:<\/strong> J\u00e9zus vil\u00e1g Megv\u00e1lt\u00f3ja&#8230; Hozsanna 70,1-2<\/p>\n<p>1.- J\u00e9zus, vil\u00e1g Megv\u00e1lt\u00f3ja,<\/p>\n<p>\u00dcdv\u00f6zl\u00e9gy, \u00e9let ad\u00f3ja,<\/p>\n<p>Megfesz\u00edtett Isten fia,<\/p>\n<p>Szent kereszted sz\u00edvem h\u00edvja.<\/p>\n<p>J\u00e9zus, add, hogy hozz\u00e1d t\u00e9rjek,<\/p>\n<p>Veled haljak, veled \u00e9ljek.<\/p>\n<p>2.- \u00c1ltal szegve kezed, l\u00e1bad,<\/p>\n<p>\u00c1tvert tested roskad, b\u00e1gyad,<\/p>\n<p>Mez\u00edtelen t\u00e9pett melled!<\/p>\n<p>\u00d3 siratlak, \u00f3 \u00f6lellek!<\/p>\n<p>J\u00e9zus, add, hogy hozz\u00e1d t\u00e9rjek,<\/p>\n<p>Veled haljak, veled \u00e9ljek.<\/p>\n<p>&nbsp;<\/p>\n<p><span style=\"color: #800080;\"><strong>NAGYH\u00c9TF\u0150<\/strong><\/span><\/p>\n<p>Ezen a napon nincs szentmis\u00e9nk. Helyette:<\/p>\n<p><strong><em>Napi elm\u00e9lked\u00e9s valamikor a nap folyam\u00e1n<\/em><\/strong><\/p>\n<ul>\n<li>Lelki olvasm\u00e1ny elolvas\u00e1sa <strong><em>(el\u0151im\u00e1dkoz\u00f3)<\/em><\/strong><\/li>\n<\/ul>\n<p><strong>M\u00e1ria pedig fogott egy font igazi, dr\u00e1ga n\u00e1rduszolajat, megkente J\u00e9zus l\u00e1b\u00e1t, \u00e9s haj\u00e1val t\u00f6r\u00f6lgette azt.<\/strong><\/p>\n<p>J\u00e9zusra n\u00e9zni, \u0150t szeml\u00e9lni \u2013 ez vezet be a Nagyh\u00e9t \u00e9s a Szent H\u00e1romnap titk\u00e1ba. Ism\u00e9t M\u00e1ri\u00e1t\u00f3l kell tanulnunk, aki \u00fajra csak p\u00e9ld\u00e1t ad nek\u00fcnk, hogyan figyelj\u00fcnk az egy sz\u00fcks\u00e9gesre. Az \u0151 ingyenes, pazarl\u00f3an nagylelk\u0171 szeretete m\u00e9lt\u00f3 egyed\u00fcl ahhoz a t\u00fal\u00e1rad\u00f3 t\u00e9kozl\u00f3 szeretethez, amelyet Isten Fia ir\u00e1ntunk tan\u00fas\u00edtott. Az \u0151 csendes, h\u00e1tt\u00e9rbe h\u00faz\u00f3d\u00f3, ugyanakkor \u00fcnnepet rendez\u0151 lelk\u00fclete illik ahhoz a miszt\u00e9riumhoz, amelynek meg\u00fcnnepl\u00e9s\u00e9re k\u00e9sz\u00fcl\u00fcnk. S az \u0151 tiszteletteljes, al\u00e1zatos h\u00f3dolata j\u00e1r annak, aki \u00e1ldozat lett \u00e9rt\u00fcnk, hogy elvegye b\u0171neinket.<\/p>\n<p>Ez a n\u00e9h\u00e1ny nap az igazi kereszt\u00e9ny lelkigyakorlat. Olyan l\u00e9lekkel kell k\u00e9sz\u00fcln\u00fcnk r\u00e1, mintha \u00e9let\u00fcnk utols\u00f3 H\u00fasv\u00e9tj\u00e1t \u00fcnnepeln\u00e9nk itt a f\u00f6ld\u00f6n. F\u00e9lre kell tenn\u00fcnk a legnemesebb \u00fcgyeket, legfontosabb feladatokat is, h\u00e1tt\u00e9rbe szor\u00edtani az emberi szempontokat, \u00e9s szem\u00fcnket J\u00e9zusra f\u00fcggeszteni.<\/p>\n<p>\u00daj evangeliz\u00e1ci\u00f3r\u00f3l besz\u00e9l\u00fcnk \u00e9s a sokf\u00e9le \u00edns\u00e9gr\u0151l, amelyet nem n\u00e9zhet\u00fcnk t\u00e9tlen\u00fcl. K\u00f6zben megfeledkez\u00fcnk arr\u00f3l, hogy mindenekel\u0151tt \u00f6nmagunk evangeliz\u00e1ci\u00f3j\u00e1ra kell gondot viseln\u00fcnk, s erre nincs jobb alkalom, mint az Urunk, J\u00e9zus Krisztus szenved\u00e9s\u00e9nek, hal\u00e1l\u00e1nak \u00e9s felt\u00e1mad\u00e1s\u00e1nak miszt\u00e9riumaiban val\u00f3 elm\u00e9ly\u00fcl\u00e9s. J\u00fad\u00e1s esete figyelmeztet arra, hogy a szeg\u00e9nyek \u00fcgy\u00e9nek felkarol\u00e1sa k\u00f6nnyen puszta \u00fcr\u00fcggy\u00e9 v\u00e1lhat, ha csup\u00e1n a szeg\u00e9nyeket n\u00e9zz\u00fck, \u00e9s nem J\u00e9zust. Csak az, aki \u0151t szeml\u00e9li, l\u00e1thatja meg j\u00f3l az emberi \u00edns\u00e9get is, mert benne l\u00e1tja a szeg\u00e9nyeket, s \u0151t l\u00e1tja benn\u00fck. Csak az ismerheti fel a szeg\u00e9nyekben Krisztust, aki m\u00e1r el\u00e9g sokat szeml\u00e9lte \u0151t kiz\u00e1r\u00f3lagos figyelemmel, mint oly sokan a szentek k\u00f6z\u00fcl.<\/p>\n<p>Urunk J\u00e9zus, ne hagyd, hogy becsapjuk magunkat: hogyan is hirdethetn\u00e9nk sz\u00f3val \u00e9s tettel, eg\u00e9sz \u00e9let\u00fcnkkel az evang\u00e9liumot, ha nem hagyjuk, hogy el\u0151bb benn\u00fcnket j\u00e1rjon \u00e1t sz\u00edv\u00fcnk m\u00e9ly\u00e9ig? Mit is tudn\u00e1nk adni a szeg\u00e9nyeknek, a szenved\u0151knek, a hitetleneknek, ha \u00e9rz\u00e9ketlen\u00fcl megy\u00fcnk el hit\u00fcnk legm\u00e9lyebb titkai mellett? Add kegyelmedet, hogy a most k\u00f6vetkez\u0151 napokban sz\u00edv\u00fcnk \u00e9s \u00e9rtelm\u00fcnk teljes figyelm\u00e9vel T\u00e9ged szeml\u00e9lj\u00fcnk, s majd csak a h\u00fasv\u00e9ti miszt\u00e9rium \u00e1ltal \u00fajj\u00e1sz\u00fcletve induljunk hirdetni a Te hal\u00e1lodat \u00e9s felt\u00e1mad\u00e1sodat.<\/p>\n<ul>\n<li><strong><em>Cs\u00f6nd, alatta elm\u00e9lked\u00e9s a hallott sz\u00f6vegr\u0151l<\/em><\/strong><\/li>\n<li><strong><em>Befejez\u0151 im\u00e1ds\u00e1g:<\/em><\/strong><\/li>\n<\/ul>\n<p>\u201eUrunk Krisztus, aki szenved\u00e9sedben \u00e9s hal\u00e1lodban megmutattad nek\u00fcnk ir\u00e1ntunk val\u00f3 felm\u00e9rhetetlen szeretetedet, h\u00e1l\u00e1t adunk neked e v\u00e9gs\u0151kig val\u00f3 szeretet\u00e9rt! \u00d3 kegyess\u00e9ggel teli F\u0151pap, aki v\u00e9red \u00e1ltal \u00fajra megnyitottad a szentek szentj\u00e9nek kapuit, s aki sz\u00fcntelen\u00fcl k\u00f6zbenj\u00e1rsz \u00e9rett\u00fcnk: ti\u00e9d minden dics\u00e9ret \u00e9s minden dics\u0151s\u00e9g mind\u00f6r\u00f6kk\u00e9. \u00c1men.\u201d<\/p>\n<p><span style=\"color: #800080;\"><strong>NAGYKEDD<\/strong><\/span><\/p>\n<p>Ezen a napon nincs szentmis\u00e9nk. Helyette:<\/p>\n<p><strong><em>Napi elm\u00e9lked\u00e9s valamikor a nap folyam\u00e1n<\/em><\/strong><\/p>\n<ul>\n<li>Lelki olvasm\u00e1ny elolvas\u00e1sa:<\/li>\n<\/ul>\n<p><strong>Azut\u00e1n bem\u00e1rtotta a darabot, \u00e9s odaadta J\u00fad\u00e1snak, az iskari\u00f3ti Simon fi\u00e1nak. Amikor a keny\u00e9rdarabot elvette, mindj\u00e1rt bel\u00e9sz\u00e1llt a s\u00e1t\u00e1n.<\/strong><\/p>\n<p>Tegnap, ma \u00e9s holnap J\u00fad\u00e1s az Evang\u00e9liumok \u201ef\u0151szerepl\u0151je\u201d. Val\u00f3j\u00e1ban azonban nem igazi szerepl\u0151, csak a s\u00f6t\u00e9ts\u00e9g hatalm\u00e1nak eszk\u00f6ze, akiben j\u00f3l v\u00e9gigk\u00f6vethet\u0151 a gonoszs\u00e1g feltart\u00f3ztathatatlan mechanizmusa. Egyben int\u00e9s is mindannyiunknak, amely ijeszt\u0151 lehet\u0151s\u00e9gre h\u00edvja fel figyelm\u00fcnket. A tegnapi Evang\u00e9liumban J\u00fad\u00e1s okvetetlenked\u0151 megjegyz\u00e9se m\u00e9g csak egyszer\u0171 \u00fcnnepront\u00e1s volt, s a rosszindulatot \u00e9s irigys\u00e9get egy nemes \u00fcgyre val\u00f3 hivatkoz\u00e1s leplezte. J\u00e9zus tapintatos v\u00e1lasz\u00e1ban megv\u00e9dte M\u00e1ri\u00e1t \u2013 ak\u00e1rcsak egy m\u00e1s alkalommal n\u0151v\u00e9r\u00e9vel, M\u00e1rt\u00e1val szemben \u2013, ugyanakkor azonban m\u00e1r el\u0151re jelezte saj\u00e1t hal\u00e1l\u00e1t, amikor temet\u00e9s\u00e9r\u0151l besz\u00e9lt. T\u00e1voli figyelmeztet\u00e9s volt ez J\u00fad\u00e1snak, aki azonban nem hallgatott r\u00e1.<\/p>\n<p>A mai Evang\u00e9liumban J\u00e9zus a bem\u00e1rtott falatot ny\u00fajtja J\u00fad\u00e1snak. Ez a gesztus mintegy az utols\u00f3 figyelmeztet\u00e9s, m\u00e9g egy v\u00e9gs\u0151 lehet\u0151s\u00e9g felk\u00edn\u00e1l\u00e1sa. J\u00fad\u00e1s elveszi a falatot, de mindj\u00e1rt bel\u00e9sz\u00e1ll a s\u00e1t\u00e1n. Ez azt jelenti, hogy v\u00e9glegesen d\u00f6nt\u00f6tt: utolj\u00e1ra is elutas\u00edtja a fel\u00e9 ny\u00fajtott kezet. J\u00e9zus ezt l\u00e1tva sz\u00f3l\u00edtja fel: \u201eAmit tenni akarsz, tedd meg miel\u0151bb!\u201d Ezzel is kifejez\u00e9sre juttatja, hogy nem tehetetlen elszenved\u0151je, hanem ir\u00e1ny\u00edt\u00f3ja az esem\u00e9nyeknek: elfogat\u00e1sa, megk\u00ednzat\u00e1sa \u00e9s hal\u00e1la csak akkor k\u00f6vetkezik be, amikor \u0151 kinyilv\u00e1n\u00edtja, hogy \u201eel\u00e9rkezett az \u00f3ra\u201d. A holnapi Evang\u00e9liumban M\u00e1t\u00e9 evang\u00e9lista J\u00fad\u00e1s \u00e9s a f\u0151papok alkuj\u00e1r\u00f3l is besz\u00e1mol. \u00c9s J\u00e9zus arr\u00f3l besz\u00e9l, hogy most dics\u0151\u00fcl meg az Emberfia. Ahol l\u00e1tsz\u00f3lag a s\u00f6t\u00e9ts\u00e9g, a gonoszs\u00e1g diadalmaskodik, ott J\u00e9zus m\u00e1r azt is l\u00e1tja, hogyan teljesedik be Isten \u00f6r\u00f6k terve, szent akarata.<\/p>\n<ul>\n<li><strong><em>Cs\u00f6nd, alatta elm\u00e9lked\u00e9s a hallott sz\u00f6vegr\u0151l<\/em><\/strong><\/li>\n<li><strong><em>Befejez\u0151 im\u00e1ds\u00e1g:<\/em><\/strong><\/li>\n<\/ul>\n<p>\u201eUrunk J\u00e9zus, add, hogy elmer\u00fclj\u00fcnk a Te k\u00fcldet\u00e9sed csod\u00e1latos beteljesed\u00e9s\u00e9nek szeml\u00e9l\u00e9s\u00e9ben. Tan\u00edts meg minket arra a lelk\u00fcletre, amelyet a kinyilatkoztat\u00f3 Szentl\u00e9lek az \u00dar szolg\u00e1j\u00e1r\u00f3l sz\u00f3l\u00f3, Izaj\u00e1s k\u00f6nyv\u00e9b\u0151l vett n\u00e9gy \u00e9nekben felt\u00e1rt nek\u00fcnk. Tan\u00edts meg a l\u00e1tsz\u00f3lagos veres\u00e9g \u00e1ltal gy\u0151zedelmeskedni a gy\u0171l\u00f6let er\u0151i f\u00f6l\u00f6tt, \u00fagy, hogy egyszerre jusson \u00e9let\u00fcnkben az Atya akarat\u00e1hoz val\u00f3 h\u0171s\u00e9g \u00e9s az emberek ir\u00e1nti, v\u00e9rtan\u00fas\u00e1gig men\u0151 szeretet.\u201d<\/p>\n<p><span style=\"color: #800080;\"><strong>NAGYSZERDA<\/strong><\/span><\/p>\n<p>Ezen a napon nincs szentmis\u00e9nk. Helyette:<\/p>\n<p><strong><em>Napi elm\u00e9lked\u00e9s valamikor a nap folyam\u00e1n<\/em><\/strong><\/p>\n<ul>\n<li>Lelki olvasm\u00e1ny elolvas\u00e1sa:<\/li>\n<\/ul>\n<p><strong>A tan\u00edtv\u00e1nyok \u00fagy tettek, ahogy J\u00e9zus meghagyta nekik, \u00e9s elk\u00e9sz\u00edtett\u00e9k a h\u00fasv\u00e9ti vacsor\u00e1t.<\/strong><\/p>\n<p>K\u00e9tf\u00e9le el\u0151k\u00e9sz\u00fclet zajlik egym\u00e1ssal p\u00e1rhuzamosan a mai Evang\u00e9liumban: J\u00e9zus elfogat\u00e1s\u00e1nak \u00e9s per\u00e9nek el\u0151k\u00e9sz\u00edt\u00e9se, ahol diadalt \u00fcl az emberi gonoszs\u00e1g, illetve az utols\u00f3 vacsor\u00e1\u00e9, ahol J\u00e9zus szeretet\u00e9nek legnagyobb jel\u00e9t k\u00e9sz\u00fcl adni. S e k\u00e9tf\u00e9le k\u00e9sz\u00fclet v\u00e9gs\u0151 soron ugyanabba az ir\u00e1nyba, a kereszt fel\u00e9 mutat, arra az esem\u00e9nyre ir\u00e1nyul, amely emberi oldalr\u00f3l kiv\u00e9gz\u00e9s, gyilkoss\u00e1g, J\u00e9zus fel\u0151l n\u00e9zve azonban az emberis\u00e9g b\u0171nei\u00e9rt felaj\u00e1nlott engesztel\u0151 \u00e1ldozat.<\/p>\n<p>A k\u00e9tfajta el\u0151k\u00e9sz\u00fcletnek megvannak a k\u00fcls\u0151 mozzanatai, de fontosabbak a bels\u0151k, amelyek a sz\u00edvek m\u00e9ly\u00e9n sz\u00fcletnek. J\u00e9zus ellenfelei sz\u00edv\u00e9nek gondolatait az irigys\u00e9g, f\u00e9lt\u00e9kenys\u00e9g, sz\u0171kkebl\u0171s\u00e9g, kem\u00e9nysz\u00edv\u0171s\u00e9g, harag, gy\u0171l\u00f6let \u00e9s meg\u00e1talkodotts\u00e1g ir\u00e1ny\u00edtotta, J\u00e9zus sz\u00edv\u00e9ben egyszerre van f\u00e1jdalom \u00e9s \u00f6r\u00f6m. F\u00e1jdalom, mert el kell hagynia ezt a vil\u00e1got, s azokat, akiket szeretett. F\u00e1jdalom, mert m\u00e9g el\u0151bb azok fogj\u00e1k elhagyni \u0151t. F\u00e1jdalom az emberi gonoszs\u00e1g \u00e9s b\u0171n miatt, amely mint z\u00fag\u00f3 \u00f6rv\u00e9ny k\u00e9sz\u00fcl elnyelni \u0151t. F\u00e1jdalom, amely a vaj\u00fad\u00f3 asszony f\u00e1jdalmaihoz hasonlatos, s amelyet felv\u00e1lt az \u00f6r\u00f6m, mert ember sz\u00fcletett a vil\u00e1gra. \u00d6r\u00f6m, mert az Atya akarat\u00e1hoz mindv\u00e9gig h\u0171s\u00e9ges maradt. \u00d6r\u00f6m, mert egy\u00fctt lehet azokkal, akik kitartottak mellette, s \u00e1tadhatja nekik legnagyobb aj\u00e1nd\u00e9k\u00e1t, amelyet most m\u00e9g nem \u00e9rtenek ugyan, de elfogadj\u00e1k \u00e9s \u00e1tveszik, s majd k\u00e9s\u0151bb meg is \u00e9rtik. \u00d6r\u00f6m, mert b\u00e1r k\u00fcldet\u00e9se l\u00e1tsz\u00f3lag kudarcot vallott, ezen az est\u00e9n titokzatos, minden emberi elk\u00e9pzel\u00e9st messze fel\u00fclm\u00fal\u00f3 m\u00f3don kinyilatkoztathatja azt, ami\u00e9rt e vil\u00e1gra j\u00f6tt.<\/p>\n<ul>\n<li><strong><em>Cs\u00f6nd, alatta elm\u00e9lked\u00e9s a hallott sz\u00f6vegr\u0151l<\/em><\/strong><\/li>\n<li><strong><em>Befejez\u0151 im\u00e1ds\u00e1g:<\/em><\/strong><\/li>\n<\/ul>\n<p>\u201eUrunk J\u00e9zus, k\u00f6sz\u00f6nj\u00fck Neked, hogy m\u00e9g miel\u0151tt szenvedni indult\u00e1l volna, \u00e9s meghalt\u00e1l volna \u00e9rt\u00fcnk a kereszten, asztalhoz \u00fclt\u00e9l tan\u00edtv\u00e1nyaiddal, hogy szereteted v\u00e9gs\u0151 kinyilatkoztat\u00e1s\u00e1t add nekik. Ebb\u0151l az egyetlen vacsor\u00e1b\u00f3l \u00e9l az\u00f3ta is a vil\u00e1g, s sz\u00fcletik meg a mennyorsz\u00e1g, az a menyegz\u0151s lakoma, amelynek asztal\u00e1hoz mi is megh\u00edv\u00e1st kaptunk a Te dr\u00e1ga v\u00e9red \u00e1r\u00e1n. Ne engedd h\u00e1t, Urunk, hogy hitv\u00e1ny m\u00f3don el\u00e1ruljunk T\u00e9ged, hanem add, hogy szent miszt\u00e9riumaidban r\u00e9szesedve a Te h\u0171s\u00e9ges tan\u00faid legy\u00fcnk a vil\u00e1gban.\u201d<\/p>\n<p><a href=\"https:\/\/stuttgarti-katolikusok.de\/wp-content\/uploads\/2021\/03\/last-supper-780993-1280.jpg\"><img loading=\"lazy\" decoding=\"async\" class=\"alignnone size-full wp-image-21514\" src=\"https:\/\/stuttgarti-katolikusok.de\/wp-content\/uploads\/2021\/03\/last-supper-780993-1280.jpg\" alt=\"\" width=\"1280\" height=\"856\" srcset=\"https:\/\/stuttgarti-katolikusok.de\/wp-content\/uploads\/2021\/03\/last-supper-780993-1280.jpg 1280w, https:\/\/stuttgarti-katolikusok.de\/wp-content\/uploads\/2021\/03\/last-supper-780993-1280-300x201.jpg 300w, https:\/\/stuttgarti-katolikusok.de\/wp-content\/uploads\/2021\/03\/last-supper-780993-1280-1024x685.jpg 1024w, https:\/\/stuttgarti-katolikusok.de\/wp-content\/uploads\/2021\/03\/last-supper-780993-1280-420x280.jpg 420w, https:\/\/stuttgarti-katolikusok.de\/wp-content\/uploads\/2021\/03\/last-supper-780993-1280-690x460.jpg 690w\" sizes=\"auto, (max-width: 1280px) 100vw, 1280px\" \/><\/a><\/p>\n<p><span style=\"color: #800080;\"><strong>NAGYCS\u00dcT\u00d6RT\u00d6K<\/strong><\/span><\/p>\n<p>A szentmise, melyet k\u00f6zvet\u00edt\u00fcnk is<strong> 19.00 \u00f3rakor <\/strong>kezd\u0151dik Stuttgartban. Kapcsol\u00f3djatok bele! Szint\u00e9n el\u00e9rhet\u0151 a szentmise facebook-os oldalunkon. Ha m\u00e9gsem siker\u00fclne, vagy m\u00e1sutt sem tal\u00e1ln\u00e1tok magyar csatorn\u00e1t, amelyen a szentmis\u00e9t k\u00f6vethetn\u00e9tek, akkor az al\u00e1bbi szertart\u00e1st aj\u00e1nljuk nektek:<\/p>\n<p><strong><em>\u00c9desanya (a l\u00e1nyokkal) lep\u00e9nyszer\u0171 kenyeret s\u00fct, amelyb\u0151l majd az esti vacsora el\u0151tt mindenkinek lehet t\u00f6rni egy darabot. <\/em><\/strong><\/p>\n<p><em>\u00a0<\/em><strong><em>Hajnali Elm\u00e9lked\u00e9s<\/em><\/strong><strong><em> (csak a sz\u00fcl\u0151knek, vagy d\u00e9lel\u0151tt k\u00f6z\u00f6sen a csal\u00e1ddal)<\/em><\/strong><\/p>\n<ul>\n<li><strong><em>Bevezet\u0151 im\u00e1ds\u00e1g:<\/em><\/strong><\/li>\n<\/ul>\n<p><strong>M:<\/strong> Urunk J\u00e9zus, aki a szenved\u00e9sek el\u0151est\u00e9j\u00e9n szereteted legnagyobb jel\u00e9t adtad, amikor Te, aki Mester \u00e9s \u00dar vagy megmostad tan\u00edtv\u00e1nyaid l\u00e1b\u00e1t \u00e9s ezt mondtad: \u201eTi m\u00e1r tiszt\u00e1k vagytok a t\u0151lem kapott tan\u00edt\u00e1s \u00e1ltal\u201d \u2013 k\u00e9r\u00fcnk, minket is tiszt\u00edts a te szent ig\u00e9db\u0151l \u00e9s a mai \u00fcnnep titk\u00e1r\u00f3l val\u00f3 elm\u00e9lked\u00e9s \u00e1ltal. Sz\u00f3lj, Uram, mert hallgatnak a Te szolg\u00e1id. Adj Urunk nek\u00fcnk T\u00e9ged hallgat\u00f3 sz\u00edvet, r\u00e1d figyel\u0151 \u00e9rtelmet, \u00e9s szent elhat\u00e1roz\u00e1st, hogy csal\u00e1dunk k\u00f6vessen t\u00e9ged, mert te vagy az \u00dat, aki az Aty\u00e1hoz vezet a L\u00e9lek \u00e1ltal. \u00c1men.<\/p>\n<ul>\n<li><strong><em>Lelki olvasm\u00e1ny elolvas\u00e1sa<\/em><\/strong><\/li>\n<\/ul>\n<p><strong>\u00a0<\/strong><strong>Az \u00dar J\u00e9zus bels\u0151 \u00e9s v\u00e9gleges \u00f6nfelaj\u00e1nl\u00e1sa<\/strong><\/p>\n<p>A Nagyh\u00e9t utols\u00f3 h\u00e1rom napj\u00e1t: Nagycs\u00fct\u00f6rt\u00f6k\u00f6t, Nagyp\u00e9nteket \u00e9s Nagyszombatot (hozz\u00e1sz\u00e1m\u00edtva a h\u00fasv\u00e9ti vig\u00edli\u00e1t is) \u00f6sszefoglal\u00f3 n\u00e9vvel Szent H\u00e1romnapnak nevezz\u00fck. A latin kifejez\u00e9s mint\u00e1j\u00e1ra, rendhagy\u00f3 m\u00f3don egybe\u00edrt sz\u00f3alak is \u00e9rz\u00e9kelteti, hogy val\u00f3j\u00e1ban egyetlen egys\u00e9gr\u0151l van sz\u00f3. Mindegyik napon a h\u00fasv\u00e9ti miszt\u00e9riumot \u00fcnnepelj\u00fck a maga teljess\u00e9g\u00e9ben, igaz, mindannyiszor m\u00e1s-m\u00e1s oldalr\u00f3l megk\u00f6zel\u00edtve. Nagycs\u00fct\u00f6rt\u00f6k p\u00e9ld\u00e1ul az \u00dar J\u00e9zus bels\u0151 \u00e9s v\u00e9gleges \u00f6nfelaj\u00e1nl\u00e1s\u00e1t, \u00e1ldozat\u00e1t \u00e1ll\u00edtja el\u00e9nk \u00fcdv\u00f6ss\u00e9gt\u00f6rt\u00e9neti form\u00e1ban, amelynek egyszerre van nagyp\u00e9nteki vonatkoz\u00e1sa, hiszen ez az \u00e1ldozat Nagyp\u00e9nteken, a kereszten teljes\u00fclt be a maga val\u00f3s\u00e1g\u00e1ban, \u00e9s h\u00fasv\u00e9ti, s\u0151t p\u00fcnk\u00f6sdi jellege, mivel a keny\u00e9r \u00e9s bor sz\u00edne alatt m\u00e1r az \u0151 megdics\u0151\u00fclt, a Szentl\u00e9lek felt\u00e1maszt\u00f3 ereje \u00e1ltal \u00fajj\u00e1alkotott test\u00e9t \u00e9s v\u00e9r\u00e9t adja az apostoloknak.<\/p>\n<p>A f\u00f6ld\u00f6n j\u00e1r\u00f3, hal\u00e1la el\u0151tt \u00e1ll\u00f3 J\u00e9zus egyetlen liturgikus cselekm\u00e9nyre adott kifejezett parancsot: \u201eEzt cselekedj\u00e9tek az \u00e9n eml\u00e9kezetemre.\u201d Ez a parancs az \u0151 eg\u00e9sz H\u00fasv\u00e9tj\u00e1t mag\u00e1ban foglalja. F\u00f6ldi \u00e9lete utols\u00f3 \u00e9v\u00e9nek H\u00fasv\u00e9tj\u00e1n felaj\u00e1nlotta mag\u00e1t az emberis\u00e9g\u00e9rt az Aty\u00e1nak az \u00f6r\u00f6k L\u00e9lek \u00e1ltal. J\u00e9zusnak az utols\u00f3 vacsor\u00e1n mondott e szavai egyszerre az Olt\u00e1riszents\u00e9gnek \u00e9s a paps\u00e1g int\u00e9zm\u00e9ny\u00e9nek alap\u00edt\u00f3 ig\u00e9i, hiszen nem csup\u00e1n test\u00e9t \u00e9s v\u00e9r\u00e9t hagyja apostolaira, hanem a konszekr\u00e1ci\u00f3 (\u00e1tv\u00e1ltoztat\u00f3) papi hatalm\u00e1t is, amellyel megism\u00e9telhetik az utols\u00f3 napig, amit \u0151 tett ezen az est\u00e9n. Ez az alap\u00edt\u00e1s Istennek mint teremt\u0151nek utols\u00f3 megnyilatkoz\u00e1sa itt a f\u00f6ld\u00f6n. Teremt\u0151 sz\u00f3, amely, ak\u00e1rcsak a vil\u00e1g teremt\u00e9s\u00e9nek hajnal\u00e1n, a semmib\u0151l val\u00f3s\u00e1gokat hoz l\u00e9tre, m\u00e9gpedig nem e b\u0171n \u00e1ltal megrontott vil\u00e1g keretei k\u00f6z\u00e9 szor\u00edtott, hanem e vil\u00e1gon t\u00fali, az Isten alkotta romlatlan teremt\u00e9s eredeti \u00e1rtatlans\u00e1g\u00e1ban ragyog\u00f3 val\u00f3s\u00e1gokat. Ezt a hatalm\u00e1t b\u00edzza a papokra, \u00e9s semmi m\u00e1s, mint ez a biztos\u00edt\u00e9ka annak, hogy az Egyh\u00e1z, tagjai minden b\u0171ne ellen\u00e9re, fennmarad az id\u0151k v\u00e9gezet\u00e9ig.<\/p>\n<p>A pap arra v\u00e1lasztatik, hogy \u201eKrisztus hal\u00e1l\u00e1t hirdesse, am\u00edg el nem j\u00f6n\u201d, ezt a k\u00fcldet\u00e9s\u00e9t pedig mindenekel\u0151tt azzal teljes\u00edti, hogy napr\u00f3l napra bemutatja a legszentebb \u00e1ldozatot. Papjaink h\u0171s\u00e9ge az Egyh\u00e1z \u00e9p\u00fclet\u00e9nek k\u00f6t\u0151anyaga, a h\u00e1zast\u00e1rsak egym\u00e1s ir\u00e1nti h\u0171s\u00e9g\u00e9vel egy\u00fctt, amely \u00e1ltal \u00e9letsz\u00f6vets\u00e9g\u00fck beemeltetik abba az \u00faj \u00e9s \u00f6r\u00f6k sz\u00f6vets\u00e9gbe, melyet Isten J\u00e9zus Krisztus v\u00e9r\u00e9ben k\u00f6t\u00f6tt vel\u00fcnk. A h\u00e1zass\u00e1g szents\u00e9g\u00e9nek is k\u00f6ze van a ma \u00fcnnepelt miszt\u00e9riumhoz, mert Krisztus mint V\u0151leg\u00e9ny szereti Egyh\u00e1z\u00e1t s adja \u00e9let\u00e9t \u00e9rte. Nagycs\u00fct\u00f6rt\u00f6k teh\u00e1t n\u00e1sz\u00fcnnep is, Krisztus egyes\u00fcl ma menyasszony\u00e1val, az Egyh\u00e1zzal, \u00edgy a szomor\u00fas\u00e1gon ism\u00e9t \u00e1tt\u00f6r az \u00f6r\u00f6m, s a s\u00f6t\u00e9ts\u00e9gben felragyog a vil\u00e1goss\u00e1g.<\/p>\n<p>A f\u00e1jdalom \u00e9s az \u00f6r\u00f6m, a s\u00f6t\u00e9ts\u00e9g \u00e9s vil\u00e1goss\u00e1g az\u00e9rt is egy\u00fctt van az \u00dar J\u00e9zus szenved\u00e9st\u00f6rt\u00e9net\u00e9ben, mert mindezt H\u00fasv\u00e9t ut\u00e1n \u00edrt\u00e1k meg az evang\u00e9list\u00e1k, s t\u00f6bb\u00e9 nem lehetett elvonatkoztatni att\u00f3l, hogy J\u00e9zus Krisztus felt\u00e1madt \u00e9s m\u00e1r soha t\u00f6bb\u00e9 meg nem hal. J\u00e9zus Nagycs\u00fct\u00f6rt\u00f6k\u00f6n mindenekel\u0151tt a f\u00e9lelmetes szenved\u00e9st l\u00e1tja maga el\u0151tt, mi ugyanezt mintegy hegycs\u00facsr\u00f3l visszatekintve, a felt\u00e1mad\u00e1s f\u00e9ny\u00e9ben szeml\u00e9lj\u00fck. Nagycs\u00fct\u00f6rt\u00f6k ilyen \u00e9rtelemben cs\u00facspont: a kereszt teljes elfogad\u00e1s\u00e1val J\u00e9zus a L\u00e9lekben m\u00e1r most v\u00e9gbevitte a megv\u00e1lt\u00e1s m\u0171v\u00e9t.<\/p>\n<p>J\u00e9zus eg\u00e9sz \u00e9let\u00e9ben \u00f6nmag\u00e1t adta, m\u00e9gpedig teljesen, sz\u00fcntelen\u00fcl az Atya akarat\u00e1t keresve. Hal\u00e1la teh\u00e1t \u00e9let\u00e9nek, f\u00f6ldi m\u0171k\u00f6d\u00e9s\u00e9nek nem kudarc\u00e1t, hanem szerves folytat\u00e1s\u00e1t, beteljes\u00edt\u00e9s\u00e9t jelenti. Az Atya nem J\u00e9zus kiv\u00e9gz\u00e9s\u00e9t akarja, hanem a r\u00f3la adott igaz tan\u00fas\u00e1got: vagyis irgalmat \u00e9s nem \u00e1ldozatot. A kiv\u00e9gz\u00e9st nem \u00fcnnepelj\u00fck a szentmis\u00e9ben, hanem el\u00edt\u00e9lj\u00fck. J\u00e9zus maga sem akarta, hogy meg\u00f6lj\u00e9k, ellenkez\u0151leg: figyelmeztette \u00e9s \u00f3vta kort\u00e1rsait att\u00f3l, hogy gyilkoss\u00e1gra vetemedjenek. Ez a v\u00e9ront\u00e1s minden gyilkoss\u00e1g \u00f6sszefoglal\u00e1sa \u00e9s betet\u0151z\u00e9se, amit csak elk\u00f6vetett az emberis\u00e9g \u00c1bel v\u00e9r\u00e9t\u0151l Zakari\u00e1s v\u00e9r\u00e9ig s az eg\u00e9sz t\u00f6rt\u00e9nelem folyam\u00e1n az utols\u00f3 napig. Ha ezt sz\u00fcks\u00e9gszer\u0171nek, megv\u00e1lt\u00e1sunk ok\u00e1nak tartan\u00e1nk, val\u00f3j\u00e1ban a b\u0171nt kellene \u00fcnnepeln\u00fcnk, \u00e9s J\u00fad\u00e1st, a zsid\u00f3 f\u0151papokat, Pil\u00e1tust meg a kiv\u00e9gz\u0151osztagot piedeszt\u00e1lra kellene emeln\u00fcnk. Sz\u00f3 sincs err\u0151l, hiszen ez a miszt\u00e9rium felold\u00e1sa volna. J\u00e9zus azzal v\u00e1ltott meg benn\u00fcnket, hogy rettenetes szenved\u00e9s\u00e9nek \u00e9s hal\u00e1l\u00e1nak szeretetb\u0151l \u00e9rtelmet adott: \u201e\u00e9rtetek \u00e9s sokak\u00e9rt, a b\u0171n\u00f6k bocs\u00e1nat\u00e1ra\u201d.<\/p>\n<p>Ezen az est\u00e9n megcsod\u00e1ljuk az apostolokat is, pontosabban a hit\u00fcket, hogy botr\u00e1nkoz\u00e1s n\u00e9lk\u00fcl \u00e1tvett\u00e9k a kenyeret \u00e9s a bort mint J\u00e9zus test\u00e9t \u00e9s v\u00e9r\u00e9t. En\u00e9lk\u00fcl hi\u00e1baval\u00f3 lett volna a megv\u00e1lt\u00e1s, mert nem lett volna, aki elfogadja. Az apostolok Euchariszti\u00e1t elfogad\u00f3 hit\u00e9ben is fel kell ismern\u00fcnk a teremt\u0151 L\u00e9lek m\u0171v\u00e9t.<\/p>\n<p>Urunk, J\u00e9zus Krisztus, a nyitott tabern\u00e1kulum \u00e9s a megfosztott olt\u00e1rok l\u00e1tv\u00e1nya, v\u00e9rrel ver\u00edt\u00e9kez\u00e9sed k\u00f6zelg\u0151 \u00e9jszak\u00e1ja, s mindaz a felfoghatatlan, m\u00e9gis elfogadott isteni aj\u00e1nd\u00e9k, melyet ma este kaptunk, lelk\u00fcnket saj\u00e1tos cs\u00f6ndess\u00e9gbe vonja. Add, k\u00e9r\u00fcnk, kegyelmedet, hogy er\u0151t v\u00e9ve test\u00fcnk gy\u00f6nges\u00e9g\u00e9n legal\u00e1bb egy \u00f3r\u00e1t virraszthassunk Veled, elmer\u00fclve az Atya ir\u00e1nt \u00e9s az ir\u00e1ntunk val\u00f3 kimer\u00edthetetlen szereteted f\u00f6ns\u00e9ges miszt\u00e9rium\u00e1ban.<\/p>\n<ul>\n<li><strong><em>Csend, alatta elm\u00e9lked\u00e9s<\/em><\/strong><\/li>\n<\/ul>\n<p><em>Esti csal\u00e1di liturgia<\/em><\/p>\n<p>Kezd\u0151\u00e9nek a Hozsanna 79-es \u00e9nek\u00e9nek 1. \u00e9s 5. szakasza:<\/p>\n<p>1.- \u00c1h\u00edtattal k\u00e9sz\u00fcl\u0151dj\u00fcnk, testv\u00e9rek,<\/p>\n<p>Eml\u00e9k\u00e9re ama titkos est\u00e9nek,<\/p>\n<p>Hol a piros borbul<\/p>\n<p>Krisztus v\u00e9re csordul<\/p>\n<p>S lesz a keny\u00e9r \u00e1ldozata test\u00e9nek.<\/p>\n<p>5.- \u00c1ldozatul felaj\u00e1nlta szent test\u00e9t,<\/p>\n<p>Eml\u00e9k\u00e9re apostolok ezt tett\u00e9k,<\/p>\n<p>\u00cdgy akarta: tessz\u00fck,<\/p>\n<p>Dr\u00e1ga test\u00e9t vessz\u00fck,<\/p>\n<p>Neked, Uram, \u00e1ldozatunk megtess\u00e9k.<\/p>\n<p><strong><em>Az asztal feh\u00e9r ter\u00edt\u0151vel meg van ter\u00edtve. A fesz\u00fclet mellett 2 oldalt vir\u00e1gok, \u00e9s egy-egy gyertya. Az asztalon a d\u00e9lel\u0151tt s\u00fct\u00f6tt keny\u00e9r \u00e9s kehely alak\u00fa poh\u00e1rban bor. F\u00e9lk\u00f6rben \u00fcl\u00fcnk le. Az \u00fcnnepi vacsora azzal kezd\u0151dik, hogy az \u00e9desapa mindenkinek t\u00f6r egy darab kenyeret a k\u00f6vetkez\u0151 szavakkal: <\/em><\/strong><\/p>\n<p>\u201eSzeretet az Isten, aki szeretetben marad, Istenben marad, \u00e9s Isten \u0151benne!\u201d<\/p>\n<p><strong><em>Akinek ny\u00fajtja, v\u00e1laszol:<\/em><\/strong> \u00c1men.<\/p>\n<p><strong><em>(Majd mag\u00e1hoz veszi mindenki a falatot. Ha j\u00f3nak tartj\u00e1k, k\u00f6z\u00f6s kehelyb\u0151l egy korty bort ihatnak ugyanazon sz\u00f6veg k\u00eds\u00e9ret\u00e9ben)<\/em><\/strong><\/p>\n<p>Most elkezd\u0151dik az \u00fcnnepi vacsora.<\/p>\n<p><em>\u00a0<\/em><strong><em>J\u00f3val a vacsora ut\u00e1n, a k\u00e9s\u0151 esti \u00f3r\u00e1kban, ha vel\u00fcnk, lelkip\u00e1sztoraitokkal akartok egy\u00fctt im\u00e1dkozni, akkor 20.00 \u00f3rakor, gy\u0171ljetek \u00f6ssze \u00a0\u00fajra a fesz\u00fclet el\u0151tt, amely el\u0151tt egy gyertya \u00e9g, \u00e9s eml\u00e9kezzetek meg az \u00dar J\u00e9zus olajf\u00e1k hegyi v\u00e9rrel ver\u00edt\u00e9kez\u00e9s\u00e9r\u0151l \u2013 ezzel az al\u00e1bbi im\u00e1val.<\/em><\/strong><\/p>\n<p><em><strong>Szent\u00f3ra nagycs\u00fct\u00f6rt\u00f6k est\u00e9re.<\/strong><\/em><\/p>\n<p><em><strong>El\u0151im\u00e1dkoz\u00f3: <\/strong><\/em><em>Uram, J\u00e9zus Krisztus, Te val\u00f3s\u00e1gosan k\u00f6z\u00f6tt\u00fcnk vagy, itt van emberi term\u00e9szeted, tested \u00e9s v\u00e9red, lelked \u00e9s sz\u00edved. Eg\u00e9sz emberi \u00e9leted k\u00f6z\u00f6tt\u00fcnk van, nem t\u0171nt az el v\u00e9glegesen \u00e9s visszavonhatatlanul, ellenkez\u0151leg, sz\u00edved \u00f6r\u00f6k szeretet\u00e9ben \u00e1lland\u00f3sult.<\/em><\/p>\n<p><em>Jelen vannak itt k\u00f6z\u00f6tt\u00fcnk hal\u00e1lk\u00fczdelmed gy\u00f6trelmes \u00f3r\u00e1i. Ebben a szent \u00f3r\u00e1ban hittel, szeretettel, h\u00e1laad\u00e1ssal m\u00e9lys\u00e9ges egy\u00fctt\u00e9rz\u00e9ssel gondolunk gy\u00f6trelmes \u00e9jszak\u00e1dra. <\/em><\/p>\n<p><em>Most is, \u00e9gi dics\u0151s\u00e9g\u00e9ben is \u00e9rzi emberi lelked Aty\u00e1d megm\u00e1s\u00edthatatlan akarat\u00e1t, mely r\u00e1d m\u00e9rte az Olajf\u00e1k hegy\u00e9nek f\u00e1jdalmas megpr\u00f3b\u00e1ltat\u00e1s\u00e1t. \u00c9s lelked, szeret\u0151, \u00e9rz\u0151 sz\u00edved itt van k\u00f6z\u00f6tt\u00fcnk.<\/em><\/p>\n<p><em>J\u00e9zusunk, aki \u00e1t\u00e9lted ezt az \u00e9jszak\u00e1t, itt vagy mellett\u00fcnk. Amit akkor \u00e1t\u00e9lt\u00e9l \u00e9s v\u00e9gig gy\u00f6tr\u0151dt\u00e9l, m\u00e1r elm\u00falt; mi\u00f3ta bement\u00e9l Aty\u00e1d \u00f6r\u00f6k dics\u0151s\u00e9g\u00e9be, sem a szenved\u00e9s, sem a keser\u0171s\u00e9g, sem a gy\u00f6trelmes hal\u00e1lk\u00fczdelem nem k\u00ednozza m\u00e1r sz\u00edvedet. M\u00e9gis, amit akkor \u00e1t\u00e9lt\u00e9l \u00e9s \u00e1tszenvedt\u00e9l, azok rajta hagyt\u00e1k nyomukat sz\u00edveden, \u00e9s \u00edgy mindez most is k\u00f6z\u00f6tt\u00fcnk van.<\/em><\/p>\n<p><em>Szent P\u00e1l apostol azt \u00edrja R\u00f3lad, hogy f\u00f6ldi \u00e9leted napjaiban hangos ki\u00e1lt\u00e1ssal \u00e9s k\u00f6nnyhullat\u00e1ssal k\u00f6ny\u00f6r\u00f6gt\u00e9l ahhoz, aki meg tudott volna menteni a hal\u00e1lt\u00f3l. \u00c9s te szenved\u00e9sb\u0151l tanultad meg az engedelmess\u00e9get. Ezt szeml\u00e9lve im\u00e1dunk T\u00e9ged, s k\u00f6ny\u00f6rg\u00fcnk hozz\u00e1d: <strong>Irgalmazz nek\u00fcnk!<\/strong><\/em><\/p>\n<p><em><strong>Mind: Irgalmazz nek\u00fcnk!<\/strong><\/em><\/p>\n<p><em><strong>\u00a0<\/strong><\/em><em>Uram, J\u00e9zus, aki a Getszem\u00e1ni kertben engedelmess\u00e9get tanult\u00e1l,<\/em><\/p>\n<p><em><strong>Mind: Irgalmazz nek\u00fcnk!<\/strong><\/em><\/p>\n<p><em>Uram, J\u00e9zus, aki a Getszem\u00e1ni kertben al\u00e1vetetted magad az Atya akarat\u00e1nak,<\/em><\/p>\n<p><em><strong>M: Irgalmazz nek\u00fcnk!<\/strong><\/em><\/p>\n<p><em>Uram, J\u00e9zus, aki a Getszem\u00e1ni kertben rend\u00fcletlen\u00fcl v\u00e1llaltad a szenved\u00e9seket, <\/em><\/p>\n<p><em><strong>M: Irgalmazz nek\u00fcnk!<\/strong><\/em><\/p>\n<p><em>Uram, J\u00e9zus, akinek ir\u00e1ntunk tan\u00fas\u00edtott szeretete a Getszem\u00e1ni kertben sem fogyatkozott meg,<\/em><\/p>\n<p><em><strong>M: Irgalmazz nek\u00fcnk!<\/strong><\/em><\/p>\n<p><em>Uram, J\u00e9zus, akinek a j\u00f3s\u00e1ga a Getszem\u00e1ni kertben sem v\u00e1ltozott keser\u0171s\u00e9gg\u00e9,<\/em><\/p>\n<p><em><strong>M: Irgalmazz nek\u00fcnk!<\/strong><\/em><\/p>\n<p><em>Uram, J\u00e9zus, aki a Getszem\u00e1ni kertben is h\u0171s\u00e9gesen kitartott\u00e1l,<\/em><\/p>\n<p><em><strong>M: Irgalmazz nek\u00fcnk!<\/strong><\/em><\/p>\n<p><em>Uram, J\u00e9zus, aki a Getszem\u00e1ni kertben is v\u00e1ltozatlanul szel\u00edd maradt\u00e1l, <\/em><\/p>\n<p><em><strong>M: Irgalmazz nek\u00fcnk!<\/strong><\/em><\/p>\n<p><em>Uram, J\u00e9zus, aki ezekben az \u00f3r\u00e1kban f\u00e9lt\u00e9l, \u00e9s szomor\u00fa volt\u00e1l,<\/em><\/p>\n<p><em><strong>M: Irgalmazz nek\u00fcnk!<\/strong><\/em><\/p>\n<p><em>Uram, J\u00e9zus, aki ezen \u00f3r\u00e1n irt\u00f3zt\u00e1l \u00e9s rettegt\u00e9l,<\/em><\/p>\n<p><em><strong>M: Irgalmazz nek\u00fcnk!<\/strong><\/em><\/p>\n<p><em>Uram, J\u00e9zus, aki a Getszem\u00e1ni kertben im\u00e1dkozt\u00e1l,<\/em><\/p>\n<p><em><strong>M: Irgalmazz nek\u00fcnk!<\/strong><\/em><\/p>\n<p><em>Uram, J\u00e9zus, aki a f\u00f6ldre borult\u00e1l,<\/em><\/p>\n<p><em><strong>M: Irgalmazz nek\u00fcnk!<\/strong><\/em><\/p>\n<p><em>Uram, J\u00e9zus, aki kitart\u00f3an \u00e9s ism\u00e9telten im\u00e1dkozt\u00e1l,<\/em><\/p>\n<p><em><strong>M: Irgalmazz nek\u00fcnk!<\/strong><\/em><\/p>\n<p><em>Uram, J\u00e9zus, akinek a lelke szomor\u00fa volt mindhal\u00e1lig,<\/em><\/p>\n<p><em><strong>M: Irgalmazz nek\u00fcnk!<\/strong><\/em><\/p>\n<p><em>Uram, J\u00e9zus, aki \u00edgy k\u00f6ny\u00f6r\u00f6gt\u00e9l: \u201eM\u00falj\u00e9k el t\u0151lem a keser\u0171s\u00e9g pohara\u201d,<\/em><\/p>\n<p><em><strong>M: Irgalmazz nek\u00fcnk!<\/strong><\/em><\/p>\n<p><em>Uram, J\u00e9zus, aki \u00edgy im\u00e1dkozt\u00e1l: \u201ene az \u00e9n akaratom legyen meg, hanem a tied\u201d,<\/em><\/p>\n<p><em><strong>M: Irgalmazz nek\u00fcnk!<\/strong><\/em><\/p>\n<p><em>Uram, J\u00e9zus, aki \u00edgy ki\u00e1ltott\u00e1l fel: \u201eAbba! Aty\u00e1m!\u201d,<\/em><\/p>\n<p><em><strong>M: Irgalmazz nek\u00fcnk!<\/strong><\/em><\/p>\n<p><em>Uram, J\u00e9zus, aki Aty\u00e1d akarat\u00e1ra h\u00e1romszor is igent mondt\u00e1l,<\/em><\/p>\n<p><em><strong>M: Irgalmazz nek\u00fcnk!<\/strong><\/em><\/p>\n<p><em>Uram, J\u00e9zus, akit \u00e1lmos apostolaid magadra hagytak,<\/em><\/p>\n<p><em><strong>M: Irgalmazz nek\u00fcnk!<\/strong><\/em><\/p>\n<p><em>Uram, J\u00e9zus, akit az angyal meger\u0151s\u00edtett,<\/em><\/p>\n<p><em><strong>M: Irgalmazz nek\u00fcnk!<\/strong><\/em><\/p>\n<p><em>Uram, J\u00e9zus, aki hal\u00e1ltus\u00e1dban v\u00e9rrel verejt\u00e9kezt\u00e9l, <\/em><\/p>\n<p><em><strong>M: Irgalmazz nek\u00fcnk!<\/strong><\/em><\/p>\n<p><em>Uram, J\u00e9zus, aki el\u0151re l\u00e1ttad a leggy\u00f6trelmesebb szenved\u00e9seket,<\/em><\/p>\n<p><em><strong>M: Irgalmazz nek\u00fcnk!<\/strong><\/em><\/p>\n<p><em>Uram, J\u00e9zus, aki a Getszem\u00e1ni kertben megismerted az eg\u00e9sz vil\u00e1g b\u0171neit,<\/em><\/p>\n<p><em><strong>M: Irgalmazz nek\u00fcnk!<\/strong><\/em><\/p>\n<p><em>Uram, J\u00e9zus, akit minden id\u0151k b\u0171nei l\u00e1tt\u00e1n m\u00e9lys\u00e9ges undor fogott el,<\/em><\/p>\n<p><em><strong>M: Irgalmazz nek\u00fcnk!<\/strong><\/em><\/p>\n<p><em>Uram, J\u00e9zus, aki a Getszem\u00e1ni kertben b\u0171neimet megismerted,<\/em><\/p>\n<p><em><strong>M: Irgalmazz nek\u00fcnk!<\/strong><\/em><\/p>\n<p><em>Uram, J\u00e9zus, aki b\u0171neim miatt szomor\u00fa volt\u00e1l.<\/em><\/p>\n<p><em><strong>M: Irgalmazz nek\u00fcnk!<\/strong><\/em><\/p>\n<p><em>Uram, J\u00e9zus, aki elv\u00e1llaltad, hogy minden b\u0171n terhe Ter\u00e1d nehezedj\u00e9k,<\/em><\/p>\n<p><em><strong>M: Irgalmazz nek\u00fcnk!<\/strong><\/em><\/p>\n<p><em>Uram, J\u00e9zus, akinek sz\u00edv\u00e9t m\u00e9lys\u00e9ges szomor\u00fas\u00e1g j\u00e1rta \u00e1t,<\/em><\/p>\n<p><em><strong>M: Irgalmazz nek\u00fcnk!<\/strong><\/em><\/p>\n<p><em>Uram, J\u00e9zus, akit Isten a Getszem\u00e1ni kert szenved\u00e9seiben mag\u00e1ra hagyott,<\/em><\/p>\n<p><em><strong>M: Irgalmazz nek\u00fcnk!<\/strong><\/em><\/p>\n<p><em>Uram, J\u00e9zus, aki Aty\u00e1d felfoghatatlan akarat\u00e1val szemben engedelmes volt\u00e1l,<\/em><\/p>\n<p><em><strong>M: Irgalmazz nek\u00fcnk!<\/strong><\/em><\/p>\n<p><em>Uram J\u00e9zus, akinek szeretete Isten ir\u00e1nt akkor sem fogyatkozott meg, amikor \u0150t haragv\u00f3nak l\u00e1ttad,<\/em><\/p>\n<p><em><strong>M: Irgalmazz nek\u00fcnk!<\/strong><\/em><\/p>\n<p><em>Getszem\u00e1ni J\u00e9zus, az elhagyottak k\u00f6z\u00f6tt a legelhagyatottabb,<\/em><\/p>\n<p><em><strong>M: Irgalmazz nek\u00fcnk!<\/strong><\/em><\/p>\n<p><em>Getszem\u00e1ni J\u00e9zus, sz\u00f3sz\u00f3l\u00f3ja mindazoknak, akik szorongattat\u00e1saikban hozz\u00e1d ki\u00e1ltanak,<\/em><\/p>\n<p><em><strong>M: Irgalmazz nek\u00fcnk!<\/strong><\/em><\/p>\n<p><em>Getszem\u00e1ni J\u00e9zus, a megpr\u00f3b\u00e1ltat\u00e1sokban s\u00ednyl\u0151d\u0151k p\u00e9ldak\u00e9pe,<\/em><\/p>\n<p><em><strong>M: Irgalmazz nek\u00fcnk!<\/strong><\/em><\/p>\n<p><em>Getszem\u00e1ni J\u00e9zus, a hal\u00e1ltusa gy\u00f6trelmeiben szenved\u0151k vigasztal\u00f3ja, <\/em><\/p>\n<p><em><strong>M: Irgalmazz nek\u00fcnk!<\/strong><\/em><\/p>\n<p><em>Getszem\u00e1ni J\u00e9zus, a legels\u0151 azok k\u00f6z\u00f6tt, akik m\u00e1sok b\u0171neit magukra v\u00e1llalj\u00e1k,<\/em><\/p>\n<p><em><strong>M: Irgalmazz nek\u00fcnk!<\/strong><\/em><\/p>\n<p><em>Getszem\u00e1ni J\u00e9zus, aki az eg\u00e9sz vil\u00e1g szomor\u00fas\u00e1g\u00e1b\u00f3l \u00e9s rem\u00e9nytelens\u00e9g\u00e9b\u0151l testv\u00e9ri r\u00e9szt v\u00e1llalt\u00e1l,<\/em><\/p>\n<p><em><strong>M: Irgalmazz nek\u00fcnk!<\/strong><\/em><\/p>\n<p><em>Getszem\u00e1ni J\u00e9zus, aki minden szenved\u00e9st meg\u00e9rtesz,<\/em><\/p>\n<p><em><strong>M: Irgalmazz nek\u00fcnk!<\/strong><\/em><\/p>\n<p><em>Getszem\u00e1ni J\u00e9zus, akin\u00e9l minden elhagyott v\u00e9delmet tal\u00e1l,<\/em><\/p>\n<p><em><strong>M: Irgalmazz nek\u00fcnk!<\/strong><\/em><\/p>\n<p><em>Getszem\u00e1ni J\u00e9zus, aki nem sz\u0171nsz meg minden b\u0171n\u00f6st szeretni,<\/em><\/p>\n<p><em><strong>M: Irgalmazz nek\u00fcnk!<\/strong><\/em><\/p>\n<p><em>Getszem\u00e1ni J\u00e9zus, aki v\u00e1gyva v\u00e1gy\u00f3dsz arra, hogy a legnagyobb b\u0171n\u00f6st is a sz\u00edvedre szor\u00edtsad,<\/em><\/p>\n<p><em><strong>M: Irgalmazz nek\u00fcnk!<\/strong><\/em><\/p>\n<p><em>Getszem\u00e1ni J\u00e9zus, akinek a hal\u00e1los szorong\u00e1sa lehet\u0151v\u00e9 teszi, hogy a mi hal\u00e1lunk az atyai h\u00e1zba val\u00f3 visszat\u00e9r\u00e9ss\u00e9 alakuljon.<\/em><\/p>\n<p><em><strong>M: Irgalmazz nek\u00fcnk!<\/strong><\/em><\/p>\n<p><em>\u00a0<\/em><em>Getszem\u00e1ni J\u00e9zus, l\u00e9gy irgalmas: <strong>Uram, kegyelmezz nek\u00fcnk!<\/strong><\/em><\/p>\n<p><em>Getszem\u00e1ni J\u00e9zus, l\u00e9gy irgalmas: <strong>Ments meg minket J\u00e9zus!<\/strong><\/em><\/p>\n<p><em>A Getszem\u00e1ni kertben megsiratott b\u0171n\u00f6kt\u0151l,<\/em><\/p>\n<p><em>A szereteteddel szemben val\u00f3 h\u00e1l\u00e1tlans\u00e1gt\u00f3l,<\/em><\/p>\n<p><em>Szenved\u00e9seid l\u00e1tt\u00e1n a k\u00f6z\u00f6mb\u00f6ss\u00e9gt\u0151l,<\/em><\/p>\n<p><em>Hal\u00e1ltus\u00e1d l\u00e1tt\u00e1n az \u00e9rz\u00e9ketlens\u00e9gt\u0151l,<\/em><\/p>\n<p><em>Kegyelmeidnek val\u00f3 ellen\u00e1ll\u00e1st\u00f3l,<\/em><\/p>\n<p><em>A szenved\u00e9s \u00e9s az \u00e1ldozat elutas\u00edt\u00e1s\u00e1t\u00f3l,<\/em><\/p>\n<p><em>\u00c9let\u00fcnk Getszem\u00e1ni \u00e9jszak\u00e1j\u00e1n Isten szeretet\u00e9ben val\u00f3 k\u00e9telyt\u0151l,<\/em><\/p>\n<p><em>Megpr\u00f3b\u00e1ltat\u00e1sainkban az elkesered\u00e9st\u0151l,<\/em><\/p>\n<p><em>Elhagyatotts\u00e1gainkban a k\u00e9ts\u00e9gbees\u00e9st\u0151l,<\/em><\/p>\n<p><em>\u00a0<\/em><em>Mi b\u0171n\u00f6s\u00f6k: <strong>K\u00e9r\u00fcnk T\u00e9ged, hallgass meg minket!<\/strong><\/em><\/p>\n<p><em>Hogy b\u0171neinket megbocs\u00e1tsd,<\/em><\/p>\n<p><em>Hogy szenved\u00e9seidet meg\u00e9rts\u00fck,<\/em><\/p>\n<p><em>Hogy minket Aty\u00e1d akarat\u00e1ra val\u00f3 r\u00e1hagyatkoz\u00e1sra tan\u00edts,<\/em><\/p>\n<p><em>Hogy Getszem\u00e1ni \u00e9jszak\u00e1d im\u00e1j\u00e1nak buzg\u00f3s\u00e1g\u00e1t nek\u00fcnk megadjad,<\/em><\/p>\n<p><em>Hogy az Olajf\u00e1k hegy\u00e9n szenved\u0151 sz\u00edved \u00e9rzelmeiben minket r\u00e9szeltess,<\/em><\/p>\n<p><em>Hogy szenved\u00e9seink a Te szent szenved\u00e9seidben r\u00e9szt vegyenek,<\/em><\/p>\n<p><em>Hogy elhagyatotts\u00e1gunkban \u00e9s elesetts\u00e9g\u00fcnkben t\u00fcrelmedet \u00e9s er\u0151det nek\u00fcnk megadjad,<\/em><\/p>\n<p><em>Hogy a Te b\u00e1tors\u00e1god legyen mellett\u00fcnk hal\u00e1lunk \u00f3r\u00e1j\u00e1n,<\/em><\/p>\n<p><em>Hogy hal\u00e1lunk \u00f3r\u00e1j\u00e1n k\u00fcldd el hozz\u00e1nk a Getszem\u00e1ni vigasztal\u00f3 angyalt,<\/em><\/p>\n<p><em>Hogy minket veled egy\u00fctt virrasztani, \u00e9s sz\u00fcntelen\u00fcl im\u00e1dkozni megtan\u00edts\u00e1l,<\/em><\/p>\n<p><em>Hogy minket, m\u00e9g ha b\u00e1tortalanok \u00e9s gyeng\u00e9k vagyunk is, im\u00e1dkozni megtan\u00edts\u00e1l,<\/em><\/p>\n<p><em>Hogy Istent Aty\u00e1nak tudjuk sz\u00f3l\u00edtani, m\u00e9g ha \u00fagy l\u00e1tjuk is \u0150t, mint fens\u00e9ges \u00e9s megk\u00f6zel\u00edthetetlen Istent \u00e9s k\u00e9rlelhetetlen B\u00edr\u00f3t,<\/em><\/p>\n<p><em>Isten B\u00e1r\u00e1nya, aki elveszed a vil\u00e1g b\u0171neit: <strong>Kegyelmezz nek\u00fcnk!<\/strong> <\/em><\/p>\n<p><em>Isten B\u00e1r\u00e1nya, aki elveszed a vil\u00e1g b\u0171neit: <strong>Hallgass meg minket! <\/strong><\/em><\/p>\n<p><em>Isten B\u00e1r\u00e1nya, aki elveszed a vil\u00e1g b\u0171neit: <strong>Irgalmazz nek\u00fcnk!<\/strong><\/em><\/p>\n<p><em><strong>K<\/strong><\/em><em><strong>\u00f6ny\u00f6r\u00f6gj\u00fcnk!<\/strong> Uram J\u00e9zus, aki emberi \u00e9s isteni sz\u00edved megszentelt \u00e9rzelmeivel itt jelen vagy, \u00e9s \u00edgy magunk el\u0151tt l\u00e1thatjuk a Getszem\u00e1ni kert hal\u00e1ltus\u00e1j\u00e1ban megnyilv\u00e1nul\u00f3 engesztel\u00e9sedet, engedelmess\u00e9gedet \u00e9s szeretetedet, k\u00e9r\u00fcnk T\u00e9ged, t\u00f6ltsd be sz\u00edv\u00fcnket b\u0171neink felett \u00e9rzett\u0151szinte b\u00e1nattal, s add, hogy \u00fagy hordozzuk kereszt\u00fcnket, amint Te hordoztad, az engesztel\u00e9s \u00e9s a b\u0171nb\u00e1nat szellem\u00e9ben. Engedd, hogy viszonz\u00e1sul az\u00e9rt a szeretet\u00e9rt, amellyel a getszem\u00e1ni kertben \u00e9rt\u00fcnk, b\u0171n\u00f6s\u00f6k\u00e9rt v\u00e1llaltad a szenved\u00e9seket, mi is h\u00e1l\u00e1s sz\u00edvvel szeress\u00fcnk T\u00e9ged. <strong>\u00c1men.<\/strong><\/em><\/p>\n<p><em>\u00a0<\/em><em>Z\u00e1r\u00f3\u00e9nek: a Hozsanna 63. \u00e9nek\u00e9nek 1-2. szakasza:<\/em><\/p>\n<p>1.- A keresztf\u00e1hoz megyek,<\/p>\n<p>Mert m\u00e1shol nem lelhetek<\/p>\n<p>Nyugodalmat lelkemnek.<\/p>\n<p>S ott tal\u00e1llak, \u00f3 sz\u0171z Anya,<\/p>\n<p>F\u00e1jdalom k\u00f6zt b\u00e1gyadozva,<\/p>\n<p>T\u0151r ver\u00e9 \u00e1t lelkedet.<\/p>\n<p>2.- Mely gy\u00f6trelem volt neked<\/p>\n<p>Isteni sz\u00fcl\u00f6ttedet<\/p>\n<p>L\u00e1tni szeg\u00e9ny j\u00e1szolban.<\/p>\n<p>S mid\u0151n annyi ellens\u00e9gek<\/p>\n<p>Roml\u00e1s\u00e1ra esk\u00fcv\u00e9nek:<\/p>\n<p>T\u0151r ver\u00e9 \u00e1t lelkedet.<\/p>\n<p><a href=\"https:\/\/stuttgarti-katolikusok.de\/wp-content\/uploads\/2021\/03\/jesus-4434873-1280.jpg\"><img loading=\"lazy\" decoding=\"async\" class=\"alignnone size-full wp-image-21359\" src=\"https:\/\/stuttgarti-katolikusok.de\/wp-content\/uploads\/2021\/03\/jesus-4434873-1280.jpg\" alt=\"\" width=\"1280\" height=\"853\" srcset=\"https:\/\/stuttgarti-katolikusok.de\/wp-content\/uploads\/2021\/03\/jesus-4434873-1280.jpg 1280w, https:\/\/stuttgarti-katolikusok.de\/wp-content\/uploads\/2021\/03\/jesus-4434873-1280-300x200.jpg 300w, https:\/\/stuttgarti-katolikusok.de\/wp-content\/uploads\/2021\/03\/jesus-4434873-1280-1024x682.jpg 1024w, https:\/\/stuttgarti-katolikusok.de\/wp-content\/uploads\/2021\/03\/jesus-4434873-1280-420x280.jpg 420w, https:\/\/stuttgarti-katolikusok.de\/wp-content\/uploads\/2021\/03\/jesus-4434873-1280-690x460.jpg 690w\" sizes=\"auto, (max-width: 1280px) 100vw, 1280px\" \/><\/a><\/p>\n<p><span style=\"color: #800080;\"><strong>NAGYP\u00c9NTEK<\/strong><\/span><\/p>\n<p>Ezen a napon <strong>Stuttgartban<\/strong> a nagyp\u00e9nteki szertart\u00e1s <strong>18.00 \u00f3rakor<\/strong> kezd\u00f6dik. Ha nem tudn\u00e1tok r\u00e9szt venni rajta, vagy nem tal\u00e1ln\u00e1tok magyar csatorn\u00e1t, amelyen a \u201ecsonka-mis\u00e9t\u201d k\u00f6vethetn\u00e9tek, akkor az al\u00e1bbi szertart\u00e1st aj\u00e1nljuk nektek:<\/p>\n<p><em>\u00a0<\/em><strong><em>A szents\u00edr jelk\u00e9pez\u00e9s\u00e9re el\u0151k\u00e9sz\u00edteni egy olyan nagy pap\u00edrdobozt, amelybe belefektethet\u0151 lesz az asztali kereszt. A doboz oldalai alacsonyak legyenek. Ruh\u00e1val, vagy valamilyen anyaggal bor\u00edtsuk be. Legyen k\u00e9zn\u00e9l feh\u00e9r lepel (leped\u0151), amellyel majd leter\u00edtj\u00fck a \u201es\u00edrba helyezett fesz\u00fcletet. Valamint v\u00e1z\u00e1kba legyenek el\u0151k\u00e9sz\u00edtve vir\u00e1gok, amit majd \u201es\u00edrhoz\u201d tesz\u00fcnk.<\/em><\/strong><\/p>\n<p><em>\u00a0<\/em><em>Hajnali Elm\u00e9lked\u00e9s<\/em> (csak a sz\u00fcl\u0151knek, vagy d\u00e9lel\u0151tt k\u00f6z\u00f6sen a csal\u00e1ddal)<\/p>\n<ul>\n<li><strong><em>Bevezet\u0151 im\u00e1ds\u00e1g (mindannyian mondjuk):<\/em><\/strong><\/li>\n<\/ul>\n<p>Urunk J\u00e9zus Krisztus, aki az elm\u00falt \u00e9jszak\u00e1t b\u00f6rt\u00f6nben bez\u00e1rva t\u00f6lt\u00f6tted \u00e9s akit a mai napon hal\u00e1lra \u00edt\u00e9lnek, \u00e9s aki m\u00e9gis tov\u00e1bb szereted a b\u0171n\u00f6s embereket, aki magadra vetted a mi b\u0171neinket is, k\u00fcldd el nek\u00fcnk Szent Lelkedet, hogy el tudjunk mer\u00fclni szenved\u00e9sednek, vagyis v\u00e9gtelen szeretetednek titkaiban. Im\u00e1dunk T\u00e9ged Krisztus \u00e9s \u00c1ldunk T\u00e9ged, mert a te szent kereszted \u00e1ltal megv\u00e1ltottad a vil\u00e1got. \u00c1men.<\/p>\n<ul>\n<li><strong><em>Lelki olvasm\u00e1ny elolvas\u00e1sa<\/em><\/strong><\/li>\n<\/ul>\n<p><strong>Az egyh\u00e1zi \u00e9v legmagasabb hegycs\u00facs\u00e1n<\/strong><\/p>\n<p>Bizonyos \u00e9rtelemben Nagyp\u00e9nteken az egyh\u00e1zi \u00e9v legmagasabb hegycs\u00facs\u00e1ra jutunk fel. J\u00e9zus titokzatos jelenl\u00e9t\u00e9ben a K\u00e1lv\u00e1ria hegy\u00e9r\u0151l lehet r\u00e1tekinteni \u00e9let\u00fcnk titokzatos vonulataira: arra, hogy honn\u00e9t, hov\u00e1 tart az \u00e9let\u00fcnk. Mindent, ami van, \u00e9s mindenkit, aki l\u00e9tezik, \u00e9s minden esem\u00e9nyt, ami eddig megt\u00f6rt\u00e9nt \u00e9s meg fog t\u00f6rt\u00e9nni, csakis inn\u00e9t l\u00e1thatunk helyes ar\u00e1nyaiban \u00e9s igaz val\u00f3s\u00e1g\u00e1ban. Igen, mert a kereszten f\u00fcgg\u0151 J\u00e9zus pontosan k\u00f6z\u00e9pen van az \u00e9g \u00e9s f\u00f6ld k\u00f6z\u00f6tt. Fel\u00fclr\u0151l, Isten oldal\u00e1r\u00f3l n\u00e9zve az emberis\u00e9g t\u00f6k\u00e9letes h\u00f3dolat\u00e1t mutatja be, alulr\u00f3l, a mi szemsz\u00f6g\u00fcnkb\u0151l n\u00e9zve pedig Isten v\u00e9gtelen irgalm\u00e1t hozza el \u00e9s osztja sz\u00e9t nek\u00fcnk.<\/p>\n<p>Nincs bevonul\u00e1si \u00e9nek, nincs k\u00f6sz\u00f6nt\u00e9s \u2013 a paps\u00e1g \u00e9s az asszisztencia n\u00e9m\u00e1n vonul be a templomba, majd a nyitott tabern\u00e1kulum el\u00e9 \u00e9rve mindny\u00e1jan leborulnak, ami egyszerre fejezi ki a legm\u00e9lyebb megal\u00e1zkod\u00e1st, ami egyszerre fejezi ki a legm\u00e9lyebb megal\u00e1zkod\u00e1st, az egys\u00e9get a f\u00f6lddel, melyet megszentelt J\u00e9zus lehull\u00f3 v\u00e9re, az im\u00e1d\u00e1st, a h\u00f3dolatot, a gy\u00e1szt s a bocs\u00e1nat\u00e9rt val\u00f3 esedez\u00e9st. A kezdetek kezdete nem az igehallgat\u00e1s, nem a hangos im\u00e1ds\u00e1g, hanem a n\u00e9ma leborul\u00e1s. Nincs enn\u00e9l igazabb emberi helyzet. A meg\u00fajul\u00e1s, a felkel\u00e9s, az ige \u00faj f\u00fcllel t\u00f6rt\u00e9n\u0151 hallgat\u00e1sa, egy szebb \u00e9s szeret\u0151bb k\u00f6z\u00f6ss\u00e9g l\u00e9trej\u00f6tte csak inn\u00e9t forr\u00e1sozhat.<\/p>\n<p>Ezut\u00e1n kezdet\u00e9t veszi az igeliturgia. Az \u00f3sz\u00f6vets\u00e9gi olvasm\u00e1nyt r\u00e9gen a Kivonul\u00e1s k\u00f6nyv\u00e9b\u0151l vett\u00e9k, azt a r\u00e9szt, amelyben az \u00dar elrendeli a h\u00fasv\u00e9ti b\u00e1r\u00e1ny fel\u00e1ldoz\u00e1s\u00e1t (12,1-8.11-14), az \u00fajr\u00f3mai liturgia szerint Izaj\u00e1s pr\u00f3f\u00e9ta k\u00f6nyv\u00e9b\u0151l az \u00dar szolg\u00e1j\u00e1r\u00f3l sz\u00f3l\u00f3 negyedik \u00e9neket olvassuk (52,13\u201353,12).<\/p>\n<p>Mindk\u00e9t az \u00dar Krisztusra utal, aki azut\u00e1n a Szentleck\u00e9ben mint egyetlen \u00e9s \u00f6r\u00f6k f\u0151pap jelenik meg\u00a0 (Zsid 4,14-16;5,7-9). Az \u00f3sz\u00f6vets\u00e9gi olvasm\u00e1ny \u00e9s az \u00fajsz\u00f6vets\u00e9gi olvasm\u00e1ny \u00edgy, ebben a kett\u0151s be\u00e1ll\u00edt\u00e1sban k\u00e9sz\u00edtett fel a J\u00e1nos-passi\u00f3 m\u00e9lyebb meg\u00e9rt\u00e9s\u00e9re, J\u00e9zus szenved\u00e9st\u00f6rt\u00e9net\u00e9nek hitben val\u00f3 szeml\u00e9l\u00e9s\u00e9re.<\/p>\n<p>A szinoptikus evang\u00e9list\u00e1k szenved\u00e9st\u00f6rt\u00e9net\u00e9ben arr\u00f3l olvasunk, hogy J\u00e9zus keresztre fesz\u00edt\u00e9s\u00e9nek \u00f3r\u00e1j\u00e1ban s\u00f6t\u00e9ts\u00e9g borult a f\u00f6ldre. Szent J\u00e1nos passi\u00f3j\u00e1t azonban, melyet Nagyp\u00e9nteken olvasunk (\u00e9nekl\u00fcnk), az isteni irgalomb\u00f3l sz\u00fcletett \u00faj vil\u00e1g ragyog\u00e1sa j\u00e1rja \u00e1t. N\u00e1la J\u00e9zus hal\u00e1l\u00e1nak pillanata egyben megdics\u0151\u00fcl\u00e9se is, felemeltet\u00e9s\u00e9nek \u00f3r\u00e1ja a beteljesed\u00e9s \u00f3r\u00e1ja, melyben Isten befejezi a teremt\u00e9s m\u0171v\u00e9t: utols\u00f3 s\u00f3hajt\u00e1s\u00e1val most leheli a Szentlelket az \u00dar J\u00e9zus a kereszt alatt \u00e1ll\u00f3 J\u00e1nosra \u00e9s M\u00e1ri\u00e1ra, beteljes\u00edtve az \u00c1brah\u00e1mmal kezd\u0151d\u0151 isteni kinyilatkoztat\u00e1st \u00e9s l\u00e9trehozva az Egyh\u00e1zat, amelyben titokzatos m\u00f3don folytat\u00f3dik az \u0151 isteni, halhatatlan \u00e9lete.<\/p>\n<p>A szertart\u00e1s k\u00f6zponti hely\u00e9n ma az \u00dar szent test\u00e9nek \u00e9s v\u00e9r\u00e9nek felmutat\u00e1sa helyett a Szent Keresztet mutatj\u00e1k fel \u00e9s el\u0151tte h\u00f3dolunk. Az eg\u00e9sz szertart\u00e1st a J\u00e1nos-evang\u00e9lium szeml\u00e9letm\u00f3dja hat\u00e1rozza meg, amelyben a keresztre val\u00f3 feltekint\u00e9s mint a megmenek\u00fcl\u00e9s, vagyis az \u00fcdv\u00f6z\u00fcl\u00e9s pillanata szerepel: \u201eAhogyan M\u00f3zes f\u00f6lemelte a k\u00edgy\u00f3t a puszt\u00e1ban, \u00fagy kell majd az Emberfi\u00e1nak is f\u00f6lemeltetnie, hogy mindannak, aki hisz, \u00f6r\u00f6k \u00e9lete legyen.\u201d (Jn 3,15) A Szent Keresztre val\u00f3 feltekint\u00e9snek ma mintegy konszekr\u00e1ci\u00f3s \u00e9rt\u00e9ke, a Szentl\u00e9lekben lelk\u00fcnket \u00fajj\u00e1teremt\u0151 ereje van.<\/p>\n<p>A szinoptikus evang\u00e9liumokban, j\u00f3llehet ott is r\u00e1vet\u0151dnek H\u00fasv\u00e9t aranysugarai, a keresztnek ink\u00e1bb a borzalmas k\u00ednz\u00f3eszk\u00f6z volta \u00e1ll el\u0151t\u00e9rben. Szent J\u00e1nos evang\u00e9lium\u00e1ban viszont a keresztfa kimer\u00edthetetlen\u00fcl gazdag szimb\u00f3lum, amely kapcsolatban \u00e1ll a Szent\u00edr\u00e1s els\u0151 \u00e9s utols\u00f3 k\u00f6nyv\u00e9ben megjelen\u0151 titokzatos f\u00e1val, az \u00e9let f\u00e1j\u00e1val \u00e9s a b\u0171nbees\u00e9s t\u00f6rt\u00e9net\u00e9ben szerepl\u0151 tud\u00e1s f\u00e1j\u00e1val egyar\u00e1nt. Az \u0151sk\u00edgy\u00f3 a tud\u00e1s f\u00e1j\u00e1n\u00e1l marta meg az embert hal\u00e1los harap\u00e1ssal \u2013 a kereszt pedig az \u00faj tud\u00e1s f\u00e1ja, melynek gy\u00fcm\u00f6lcse Krisztus, aki az utols\u00f3 vacsor\u00e1n mindent tudtul adott nek\u00fcnk (v\u00f6. Jn 15,15), hal\u00e1l\u00e1val \u00e9s felt\u00e1mad\u00e1s\u00e1val pedig hal\u00e1l helyett \u00e9letet szerzett, elt\u00f6r\u00f6lve az \u00e1tkot, amely elz\u00e1rta el\u0151l\u00fcnk az \u00e9let f\u00e1j\u00e1hoz vezet\u0151 utat. Amikor Nagyp\u00e9nteken hittel feltekint\u00fcnk a szent Keresztre, \u00e9s leborulunk az el\u0151tt, aki a f\u00e1n\u00e1l engedetlen \u00c1d\u00e1m b\u0171n\u00e9\u00e9rt az engedelmess\u00e9g \u00e1ldozat\u00e1val megnyerte a b\u0171nbocs\u00e1natot, beavat\u00e1st nyer\u00fcnk a Krisztusban val\u00f3 \u00e9let \u00e9s \u00fcdv\u00f6ss\u00e9g m\u00e9lys\u00e9geibe, \u00e9s felh\u00edv\u00e1st kapunk arra, hogy nap mint nap meg\u00faj\u00edtsuk magunkban ezt a hitben val\u00f3 szeml\u00e9l\u00e9st.<\/p>\n<p>A kereszt gy\u00f6trelmeit \u00f6r\u00f6k javunkra ford\u00edt\u00f3 \u00dar J\u00e9zus Krisztusunk! Megrend\u00fclt l\u00e9lekkel h\u00f3dolunk El\u0151tted, s n\u00e9ma leborul\u00e1sunkkal, a szent keresztedre val\u00f3 feltekint\u00e9s\u00fcnkkel, \u00e9s az \u00e9rint\u00e9ssel, mellyel kereszten f\u00fcgg\u0151 testedet illetj\u00fck, minden sz\u00f3n\u00e1l m\u00e9lyebben megvalljuk, hogy Tieid vagyunk. Sz\u00edtsd fel benn\u00fcnk \u00fcdv\u00f6ss\u00e9gszerz\u0151 kereszt\u00e1ldozatod kegyelmeit, seg\u00edts meg\u00faj\u00edtanunk Isten ut\u00e1ni v\u00e1gyunkat, Ir\u00e1ntad val\u00f3 odaad\u00e1sunkat, a visszavonhatatlan igent megv\u00e1lt\u00f3 szeretetedre, hogy a maga teljess\u00e9g\u00e9ben, megszor\u00edt\u00e1sok \u00e9s megalkuv\u00e1sok n\u00e9lk\u00fcl v\u00e1llaljuk a b\u0171n\u00f6n \u00e9s hal\u00e1lon diadalmaskod\u00f3 krisztusi \u00e9letet.<\/p>\n<ul>\n<li><strong><em>Cs\u00f6nd, alatta elm\u00e9lked\u00e9s a hallott sz\u00f6vegr\u0151l<\/em><\/strong><\/li>\n<\/ul>\n<p><strong><em>D\u00e9lut\u00e1n 3 \u00f3rakor<\/em><\/strong> <strong><em>Urunk J\u00e9zus hal\u00e1l\u00e1nak \u00fcnnepl\u00e9se<\/em><\/strong><\/p>\n<p>E: Kedves testv\u00e9reim! Az\u00e9rt j\u00f6tt\u00fcnk \u00f6ssze, ebben az \u00f3r\u00e1ban, d\u00e9lut\u00e1n 3 \u00f3rakor, mert ekkor halt meg b\u0171neink\u00e9rt a mi Urunk, J\u00e9zus Krisztus.<\/p>\n<p>Csendben let\u00e9rdel\u00fcnk a kereszt el\u0151tt, \u00e9s \u00e9nekelj\u00fck k\u00f6z\u00f6sen a Hozsanna 60. sz\u00e1m\u00fa \u00e9nek\u00e9nek 1-2. szakasz\u00e1t:<\/p>\n<p>1.- Hogyha hozz\u00e1d j\u00e1rulunk,<\/p>\n<p>Szem\u00fcnk k\u00f6nnybe l\u00e1bad,<\/p>\n<p>S \u00fagy cs\u00f3koljuk, \u00f3 Urunk,<\/p>\n<p>Dr\u00e1ga keresztf\u00e1dat,<\/p>\n<p>Amelyen kegyetlen k\u00ednozt\u00e1k szent tested,<\/p>\n<p>Amelyet szent kebled dr\u00e1ga v\u00e9re festett.<\/p>\n<p>2.- Krisztusnak szent keresztje<\/p>\n<p>Gy\u0151zedelmi z\u00e1szl\u00f3nk,<\/p>\n<p>Amellyel megszerezte<\/p>\n<p>\u00dcdv\u00fcnket Megv\u00e1lt\u00f3nk.<\/p>\n<p>Hit\u00fcnknek, \u00fcdv\u00fcnknek dr\u00e1ga szent jelv\u00e9nye,<\/p>\n<p>Szent kereszt, te jelezd: mily nagy hit\u00fcnk f\u00e9nye.<\/p>\n<p><strong><em>Felolvassuk a Passi\u00f3t<\/em><\/strong><strong><em>: <\/em><\/strong><\/p>\n<p><strong>E:<\/strong> A MI URUNK J\u00c9ZUS KRISZTUS K\u00cdNSZENVED\u00c9SE Szent J\u00e1nos szerint<\/p>\n<p><em>Elfogt\u00e1k J\u00e9zust \u00e9s megk\u00f6t\u00f6zt\u00e9k.<\/em><\/p>\n<p>Abban az id\u0151ben: J\u00e9zus kiment tan\u00edtv\u00e1nyaival a Kedron v\u00f6lgy\u00e9n t\u00falra, ahol egy kert volt, s bement oda tan\u00edtv\u00e1nyaival. Ezt a helyet ismerte J\u00fad\u00e1s is, aki \u0151t el\u00e1rulta, mert J\u00e9zus gyakran j\u00e1rt ide tan\u00edtv\u00e1nyaival. J\u00fad\u00e1s kapott egy csapat katon\u00e1t, valamint a f\u0151papokt\u00f3l \u00e9s a farizeusokt\u00f3l szolg\u00e1kat, \u00e9s kiment vel\u00fck oda l\u00e1mp\u00e1kkal, f\u00e1kly\u00e1kkal, fegyverekkel f\u00f6lszerelkezve. J\u00e9zus tudott mindent, ami r\u00e1 v\u00e1rt. El\u00e9j\u00fck ment teh\u00e1t \u00e9s megk\u00e9rdezte t\u0151l\u00fck: \u201eKit kerestek?\u201d Azok ezt v\u00e1laszolt\u00e1k: \u201eA n\u00e1z\u00e1reti J\u00e9zust.\u201d J\u00e9zus erre \u00edgy sz\u00f3lt: \u201e\u00c9n vagyok\u201d. J\u00fad\u00e1s is ott volt k\u00f6zt\u00fck, aki el\u00e1rulta. Mikor azt mondta nekik: \u201e\u00c9n vagyok\u201d, megh\u00e1tr\u00e1ltak \u00e9s a f\u00f6ldre estek. Ez\u00e9rt \u00fajra megk\u00e9rdezte t\u0151l\u00fck: \u201eKit kerestek?\u201d Azok ezt v\u00e1laszolt\u00e1k: \u201eA N\u00e1z\u00e1reti J\u00e9zust.\u201d Erre J\u00e9zus \u00edgy sz\u00f3lt: \u201eMegmondtam m\u00e1r, hogy \u00e9n vagyok. Ha teh\u00e1t engem kerestek, engedj\u00e9tek el ezeket!\u201d \u00cdgy beteljesedett, amit kor\u00e1bban megmondott: \u201eSenkit sem vesz\u00edtettem el azok k\u00f6z\u00fcl, akiket nekem adt\u00e1l.\u201d Simon P\u00e9tern\u00e9l volt egy kard. Kir\u00e1ntotta \u00e9s a f\u0151pap szolg\u00e1j\u00e1ra s\u00fajtott vele: lev\u00e1gta a jobb f\u00fcl\u00e9t. A szolg\u00e1nak Malkusz volt a neve. De J\u00e9zus r\u00e1sz\u00f3lt P\u00e9terre: \u201eTedd vissza h\u00fcvely\u00e9be kardodat! Ne igyam ki tal\u00e1n a kelyhet, amelyet az Atya adott nekem?\u201d<\/p>\n<p><em>J\u00e9zust el\u0151sz\u00f6r Ann\u00e1shoz vezett\u00e9k.<\/em><\/p>\n<p>Ekkor a csapat, az ezredes \u00e9s a zsid\u00f3 szolg\u00e1k elfogt\u00e1k J\u00e9zust \u00e9s megk\u00f6t\u00f6zt\u00e9k. El\u0151sz\u00f6r Ann\u00e1shoz vezett\u00e9k, mert \u0151 ap\u00f3sa volt Kaif\u00e1snak, aki abban az \u00e9vben f\u0151pap volt. \u0150 adta a zsid\u00f3knak azt a tan\u00e1csot, hogy jobb, ha egy ember hal meg a n\u00e9p\u00e9rt. Simon P\u00e9ter \u00e9s egy m\u00e1sik tan\u00edtv\u00e1ny k\u00f6vette J\u00e9zust. Ez a tan\u00edtv\u00e1ny ismer\u0151se volt a f\u0151papnak, ez\u00e9rt bemehetett J\u00e9zussal a f\u0151pap udvar\u00e1ba, P\u00e9ter meg kint v\u00e1rakozott a kapu el\u0151tt. A m\u00e1sik tan\u00edtv\u00e1ny, aki ismer\u0151se volt a f\u0151papnak, visszaj\u00f6tt, sz\u00f3lt a kapuban \u0151rk\u00f6d\u0151 l\u00e1nynak, \u00e9s bevitte P\u00e9tert. A kaput \u0151rz\u0151 szolg\u00e1l\u00f3 k\u00f6zben megjegyezte: \u201eTal\u00e1n te is ennek az embernek a tan\u00edtv\u00e1nyai k\u00f6z\u00fcl vagy?\u201d \u0150 azt felelte: \u201eNem vagyok!\u201d Mivel hideg volt, a szolg\u00e1k \u00e9s a fegyveresek t\u00fczet raktak, hogy f\u00f6lmelegedjenek. P\u00e9ter is k\u00f6zt\u00fck \u00e1lldog\u00e1lt \u00e9s melegedett. A f\u0151pap ek\u00f6zben tan\u00edtv\u00e1nyai \u00e9s tan\u00edt\u00e1sa fel\u0151l faggatta J\u00e9zust. J\u00e9zus ezt v\u00e1laszolta neki: \u201e\u00c9n a vil\u00e1ghoz ny\u00edltan besz\u00e9ltem. Mindig a zsinag\u00f3g\u00e1kban \u00e9s a templomban tan\u00edtottam, ahova minden zsid\u00f3nak bej\u00e1r\u00e1sa van. Titokban nem mondtam semmit. Mi\u00e9rt k\u00e9rdezel h\u00e1t engem? K\u00e9rdezd azokat, akik hallott\u00e1k, amit besz\u00e9ltem. \u00cdme, \u0151k tudj\u00e1k, hogy miket mondtam!\u201d E szavakra az egyik ott \u00e1ll\u00f3 szolga arcul \u00fct\u00f6tte J\u00e9zust, \u00e9s \u00edgy sz\u00f3lt: \u201e\u00cdgy felelsz a f\u0151papnak?\u201d J\u00e9zus ezt mondta neki: \u201eHa rosszul sz\u00f3ltam, bizony\u00edtsd be a rosszat, ha viszont j\u00f3l, akkor mi\u00e9rt \u00fctsz engem?\u201d Ekkor Ann\u00e1s megk\u00f6t\u00f6zve elk\u00fcldte \u0151t Kaif\u00e1s f\u0151paphoz.<\/p>\n<p><em>Tal\u00e1n te is az \u0151 tan\u00edtv\u00e1nyai k\u00f6z\u00fcl vagy? Nem vagyok!<\/em><\/p>\n[Simon P\u00e9ter m\u00e9g mindig ott \u00e1llt \u00e9s melegedett. \u00dajra megk\u00e9rdezt\u00e9k t\u0151le: \u201eTal\u00e1n te is az \u0151 tan\u00edtv\u00e1nyai k\u00f6z\u00fcl vagy?\u201d \u0150 \u00edgy felelt: \u201eNem vagyok!\u201d A f\u0151pap egyik szolg\u00e1ja, aki rokona volt annak, akinek P\u00e9ter lev\u00e1gta a f\u00fcl\u00e9t, megjegyezte: \u201eNem t\u00e9ged l\u00e1ttalak \u00e9n a kertben \u0151vele?\u201d De P\u00e9ter ism\u00e9t tagadta; \u00e9s ekkor mindj\u00e1rt megsz\u00f3lalt a kakas.<\/p>\n<p><em>Az \u00e9n orsz\u00e1gom nem ebb\u0151l a vil\u00e1gb\u00f3l val\u00f3!<\/em><\/p>\n<p>Kaif\u00e1st\u00f3l teh\u00e1t elvezett\u00e9k J\u00e9zust a helytart\u00f3s\u00e1gra. Kora reggel volt. A zsid\u00f3k nem mentek be a helytart\u00f3s\u00e1gra, hogy tiszt\u00e1talann\u00e1 ne v\u00e1ljanak \u00e9s elk\u00f6lthess\u00e9k a h\u00fasv\u00e9ti b\u00e1r\u00e1nyt. Ez\u00e9rt Pil\u00e1tus j\u00f6tt ki hozz\u00e1juk, \u00e9s megk\u00e9rdezte: \u201eMivel v\u00e1dolj\u00e1tok ezt az embert?\u201d Azok azt felelt\u00e9k: \u201eHa nem volna gonosztev\u0151, nem adtuk volna \u0151t a kezedbe!\u201d Pil\u00e1tus ezt mondta: \u201eVigy\u00e9tek el \u00e9s \u00edt\u00e9lkezzetek f\u00f6l\u00f6tte ti a saj\u00e1t t\u00f6rv\u00e9nyetek szerint!\u201d A zsid\u00f3k ezt v\u00e1laszolt\u00e1k neki: \u201eNek\u00fcnk senkit sem szabad meg\u00f6ln\u00fcnk!\u201d \u00cdgy beteljesedett, amit J\u00e9zus arr\u00f3l mondott, hogy milyen hal\u00e1llal fog meghalni. Pil\u00e1tus visszament a helytart\u00f3s\u00e1gra, maga el\u00e9 h\u00edvatta J\u00e9zust, \u00e9s megk\u00e9rdezte t\u0151le: \u201eTe vagy-e a zsid\u00f3k kir\u00e1lya?\u201d J\u00e9zus \u00edgy v\u00e1laszolt: \u201eMagadt\u00f3l mondod ezt, vagy m\u00e1sok mondt\u00e1k neked r\u00f3lam?\u201d Pil\u00e1tus ezt felelte: \u201eH\u00e1t zsid\u00f3 vagyok \u00e9n? Saj\u00e1t n\u00e9ped \u00e9s a f\u0151papok adtak a kezembe. Mit tett\u00e9l?\u201d Ekkor J\u00e9zus \u00edgy sz\u00f3lt: \u201eAz \u00e9n orsz\u00e1gom nem ebb\u0151l a vil\u00e1gb\u00f3l val\u00f3. Ha ebb\u0151l a vil\u00e1gb\u00f3l volna az orsz\u00e1gom, szolg\u00e1im harcra keln\u00e9nek, hogy ne ker\u00fcljek a zsid\u00f3k kez\u00e9re. De az \u00e9n orsz\u00e1gom nem inn\u00e9t val\u00f3.\u201d Pil\u00e1tus megk\u00e9rdezte: \u201eTeh\u00e1t kir\u00e1ly vagy?\u201d J\u00e9zus \u00edgy felelt: \u201eTe mondod, hogy kir\u00e1ly vagyok. \u00c9n arra sz\u00fclettem, \u00e9s az\u00e9rt j\u00f6ttem a vil\u00e1gba, hogy tan\u00fas\u00e1got tegyek az igazs\u00e1gr\u00f3l. Aki az igazs\u00e1gb\u00f3l val\u00f3, az hallgat a szavamra!\u201d Erre Pil\u00e1tus azt mondta: \u201eMi az igazs\u00e1g?\u201d E szavak ut\u00e1n Pil\u00e1tus \u00fajra kiment a zsid\u00f3khoz \u00e9s ezt mondta nekik: \u201e\u00c9n semmi v\u00e9tket sem tal\u00e1lok benne. Szok\u00e1s azonban n\u00e1latok, hogy h\u00fasv\u00e9tkor valakit szabadon bocs\u00e1ssak. Akarj\u00e1tok-e, hogy elbocs\u00e1ssam nektek a zsid\u00f3k kir\u00e1ly\u00e1t?\u201d De \u0151k ism\u00e9t ki\u00e1ltozni kezdtek: \u201eNe ezt, hanem Barab\u00e1st!\u201d Barab\u00e1s rabl\u00f3 volt.<\/p>\n<p><em>\u00dcdv\u00f6z l\u00e9gy, zsid\u00f3k kir\u00e1lya!<\/em><\/p>\n<p>Ekkor Pil\u00e1tus fogta J\u00e9zust \u00e9s megostoroztatta. A katon\u00e1k t\u00f6visb\u0151l koszor\u00fat fontak, a fej\u00e9re tett\u00e9k, \u00e9s b\u00edborsz\u00edn\u0171 k\u00f6nt\u00f6st adtak r\u00e1. Azut\u00e1n el\u00e9je j\u00e1rultak \u00e9s \u00edgy g\u00fanyolt\u00e1k: \u201e\u00dcdv\u00f6z l\u00e9gy, zsid\u00f3k kir\u00e1lya!\u201d \u00c9s k\u00f6zben arcul vert\u00e9k. Pil\u00e1tus ezut\u00e1n \u00fajra kiment \u00e9s \u00edgy sz\u00f3lt hozz\u00e1juk: \u201e\u00cdme, el\u00e9tek vezetem \u0151t, hogy megtudj\u00e1tok: nem tal\u00e1lok benne semmi v\u00e9tket.\u201d \u00c9s kij\u00f6tt J\u00e9zus, t\u00f6viskoron\u00e1val, b\u00edborruh\u00e1ban. Pil\u00e1tus pedig \u00edgy sz\u00f3lt: \u201e\u00cdme, az embert\u201d A f\u0151papok \u00e9s a szolg\u00e1k, mihelyt megl\u00e1tt\u00e1k \u0151t, ki\u00e1ltozni kezdtek: \u201eFesz\u00edtsd meg! Fesz\u00edtsd meg!\u201d Pil\u00e1tus azt mondta nekik: \u201eVigy\u00e9tek, fesz\u00edts\u00e9tek \u0151t ti keresztre, mert \u00e9n semmi v\u00e9tket sem tal\u00e1lok benne!\u201d De a zsid\u00f3k ezt felelt\u00e9k: \u201eNek\u00fcnk t\u00f6rv\u00e9ny\u00fcnk van, \u00e9s a t\u00f6rv\u00e9ny szerint meg kell halnia, mert Isten fi\u00e1v\u00e1 tette mag\u00e1t.\u201d Amikor Pil\u00e1tus meghallotta ezt, m\u00e9g jobban megijedt. Visszament a helytart\u00f3s\u00e1gra, \u00e9s \u00fajra megk\u00e9rdezte J\u00e9zust: \u201eHonnan val\u00f3 vagy?\u201d De J\u00e9zus nem v\u00e1laszolt neki semmit. Erre Pil\u00e1tus azt mondta neki: \u201eNem felelsz nekem? Tal\u00e1n nem tudod, hogy hatalmam van arra, hogy megfesz\u00edtselek, vagy arra, hogy elbocs\u00e1ssalak?\u201d Erre J\u00e9zus azt mondta: \u201eSemmi hatalmad sem volna f\u00f6l\u00f6ttem, ha onnan fel\u00fclr\u0151l nem kaptad volna. Ez\u00e9rt annak, aki engem a kezedbe adott, nagyobb a b\u0171ne.\u201d<\/p>\n<p><em>El vele, el vele! Fesz\u00edtsd meg!<\/em><\/p>\n<p>Ett\u0151l fogva] Pil\u00e1tus azon volt, hogy szabadon bocs\u00e1ssa J\u00e9zust. A zsid\u00f3k azonban ezt ki\u00e1ltozt\u00e1k: \u201eHa szabadon bocs\u00e1tod, nem vagy a cs\u00e1sz\u00e1r bar\u00e1tja. Mert mindaz, aki kir\u00e1lly\u00e1 teszi mag\u00e1t, ellene szeg\u00fcl a cs\u00e1sz\u00e1rnak.\u201d E szavak hallat\u00e1ra Pil\u00e1tus kivezettette J\u00e9zust, maga pedig a b\u00edr\u00f3i sz\u00e9kbe \u00fclt a k\u00f6vezett udvaron, amelyet h\u00e9ber\u00fcl Gabbat\u00e1nak h\u00edvnak. A h\u00fasv\u00e9ti k\u00e9sz\u00fclet napja volt, a hatodik \u00f3ra k\u00f6r\u00fcl. \u00cdgy sz\u00f3lt a zsid\u00f3khoz: \u201e\u00cdme, a kir\u00e1lyotok!\u201d De azok \u00edgy ki\u00e1ltoztak: \u201eEl vele, el vele! Fesz\u00edtsd meg!\u201d Pil\u00e1tus megk\u00e9rdezte: \u201eKeresztre fesz\u00edttessem a kir\u00e1lyotokat?\u201d A f\u0151papok azonban ezt felelt\u00e9k: \u201eNincs kir\u00e1lyunk, csak cs\u00e1sz\u00e1runk!\u201d Erre kiszolg\u00e1ltatta nekik, hogy keresztre fesz\u00edts\u00e9k.<\/p>\n<p><em>Keresztre fesz\u00edtett\u00e9k \u0151t, \u00e9s vele m\u00e1sik kett\u0151t.<\/em><\/p>\n<p>Ekkor a zsid\u00f3k \u00e1tvett\u00e9k J\u00e9zust. A keresztet \u0151 maga vitte, m\u00edg oda nem \u00e9rt az \u00fagynevezett Kopony\u00e1k hely\u00e9re, amelyet h\u00e9ber\u00fcl Golgot\u00e1nak h\u00edvnak. Ott keresztre fesz\u00edtett\u00e9k \u0151t, s k\u00e9t m\u00e1sikat is vele, jobb \u00e9s bal fel\u0151l, J\u00e9zust meg k\u00f6z\u00e9pen. Pil\u00e1tus feliratot is k\u00e9sz\u00edtett, \u00e9s a keresztf\u00e1ra t\u00e9tette. Ez volt r\u00e1\u00edrva: \u201eA n\u00e1z\u00e1reti J\u00e9zus, a zsid\u00f3k kir\u00e1lya.\u201d A feliratot sokan olvast\u00e1k a zsid\u00f3k k\u00f6z\u00fcl, mert az a hely, ahol J\u00e9zust megfesz\u00edtett\u00e9k, k\u00f6zel volt a v\u00e1roshoz. H\u00e9ber\u00fcl, latinul \u00e9s g\u00f6r\u00f6g\u00fcl volt fel\u00edrva. A zsid\u00f3 f\u0151papok k\u00e9rt\u00e9k Pil\u00e1tust: \u201eNe azt \u00edrd: \u00bbA zsid\u00f3k kir\u00e1lya\u00ab, hanem hogy \u0151 mondta: \u00bbA zsid\u00f3k kir\u00e1lya vagyok!\u00ab\u201d Pil\u00e1tus azonban ezt v\u00e1laszolta: \u201eAmit \u00edrtam, meg\u00edrtam.\u201d<\/p>\n<p><em>Sz\u00e9tosztott\u00e1k maguk k\u00f6z\u00f6tt ruh\u00e1imat.<\/em><\/p>\n<p>A katon\u00e1k pedig, miut\u00e1n J\u00e9zust keresztre fesz\u00edtett\u00e9k, fogt\u00e1k a ruh\u00e1it, n\u00e9gy fel\u00e9 osztott\u00e1k, mindegyik katon\u00e1nak egy r\u00e9szt. Azut\u00e1n a k\u00f6nt\u00f6se k\u00f6vetkezett. A k\u00f6nt\u00f6s varratlan volt, egy darabb\u00f3l szabva, ez\u00e9rt \u00edgy sz\u00f3ltak egym\u00e1shoz: \u201eEzt ne v\u00e1gjuk sz\u00e9t, ink\u00e1bb vess\u00fcnk r\u00e1 sorsot, hogy ki\u00e9 legyen!\u201d \u00cdgy beteljesedett az \u00cdr\u00e1s: \u201eSz\u00e9tosztott\u00e1k maguk k\u00f6z\u00f6tt ruh\u00e1imat, s a k\u00f6nt\u00f6s\u00f6mre sorsot vetettek.\u201d A katon\u00e1k pontosan ezt tett\u00e9k.<\/p>\n<p><em>\u00cdme, a te fiad! \u2013 \u00cdme, a te any\u00e1d!<\/em><\/p>\n<p>J\u00e9zus keresztje mellett ott \u00e1llt anyja, anyj\u00e1nak n\u0151v\u00e9re, M\u00e1ria, Kleof\u00e1s feles\u00e9ge, \u00e9s M\u00e1ria Magdolna. Amikor J\u00e9zus l\u00e1tta, hogy ott \u00e1ll anyja \u00e9s a tan\u00edtv\u00e1ny, akit szeretett, \u00edgy sz\u00f3lt anyj\u00e1hoz: \u201eAsszony, \u00edme, a te fiad!\u201d Azut\u00e1n a tan\u00edtv\u00e1nyhoz sz\u00f3lt: \u201e\u00cdme, a te any\u00e1d!\u201d Att\u00f3l az \u00f3r\u00e1t\u00f3l fogva h\u00e1z\u00e1ba fogadta \u0151t a tan\u00edtv\u00e1ny.<\/p>\n<p><em>Beteljesedett!<\/em><\/p>\n<p>J\u00e9zus tudta, hogy minden beteljesedett. De hogy beteljesedj\u00e9k az \u00cdr\u00e1s, \u00edgy sz\u00f3lt: \u201eSzomjazom.\u201d Volt ott egy ecettel telt ed\u00e9ny. Belem\u00e1rtottak egy szivacsot, izs\u00f3pra t\u0171zt\u00e9k \u00e9s a sz\u00e1j\u00e1hoz emelt\u00e9k. Mikor J\u00e9zus meg\u00edzlelte az ecetet, \u00edgy sz\u00f3lt: \u201eBeteljesedett!\u201d \u00c9s fej\u00e9t lehajtva kilehelte lelk\u00e9t.<\/p>\n<p><em>(Most t\u00e9rdre borulunk, \u00e9s egy keveset csendben id\u0151z\u00fcnk.)<\/em><\/p>\n<p><em>Ekkor v\u00e9r \u00e9s v\u00edz folyt ki bel\u0151le.<\/em><\/p>\n<p>A zsid\u00f3k pedig, mivel az el\u0151k\u00e9sz\u00fclet napja volt, \u00e9s a holttestek nem maradhattak a kereszten, megk\u00e9rt\u00e9k Pil\u00e1tust, hogy t\u00f6resse meg a keresztre fesz\u00edtettek l\u00e1bsz\u00e1r\u00e1t, \u00e9s vetesse le \u0151ket a keresztr\u0151l. Az a szombat ugyanis nagy \u00fcnnep volt. Elmentek teh\u00e1t a katon\u00e1k, \u00e9s megt\u00f6rt\u00e9k a l\u00e1bsz\u00e1r\u00e1t az egyiknek is, a m\u00e1siknak is, akit vele egy\u00fctt f\u00f6lfesz\u00edtettek. Amikor azonban J\u00e9zushoz \u00e9rtek, l\u00e1tt\u00e1k, hogy m\u00e1r meghalt. Ez\u00e9rt nem t\u00f6rt\u00e9k meg a l\u00e1bsz\u00e1r\u00e1t, hanem az egyik katona beled\u00f6fte l\u00e1ndzs\u00e1j\u00e1t az oldal\u00e1ba. Ekkor v\u00e9r \u00e9s v\u00edz folyt ki bel\u0151le. Az tan\u00faskodik err\u0151l, aki l\u00e1tta ezt, \u00e9s az \u0151 tan\u00fas\u00e1gt\u00e9tele igaz. J\u00f3l tudja \u0151, hogy igazat mond, hogy ti is higgyetek. Mert mindez az\u00e9rt t\u00f6rt\u00e9nt, hogy beteljesedj\u00e9k az \u00cdr\u00e1s: \u201eCsontot ne t\u00f6rjetek benne!\u201d \u00c9s ami az \u00cdr\u00e1s m\u00e1s hely\u00e9n \u00e1ll: \u201eF\u00f6ltekintenek arra, akit kereszt\u00fclsz\u00fartak.\u201d<\/p>\n<p><em>J\u00e9zus test\u00e9t, f\u0171szerekkel egy\u00fctt gyolcsleplekbe g\u00f6ngy\u00f6lt\u00e9k.<\/em><\/p>\n<p>Arimateai J\u00f3zsef, aki J\u00e9zus tan\u00edtv\u00e1nya volt, b\u00e1r a zsid\u00f3kt\u00f3l val\u00f3 f\u00e9lelm\u00e9ben csak titokban, enged\u00e9lyt k\u00e9rt Pil\u00e1tust\u00f3l, hogy levehesse J\u00e9zus test\u00e9t. Pil\u00e1tus megengedte. El is ment, \u00e9s levette J\u00e9zus test\u00e9t. Elj\u00f6tt Nikod\u00e9mus is, aki kor\u00e1bban egyszer \u00e9jszaka ment J\u00e9zushoz. Hozott mintegy sz\u00e1z font mirha- \u00e9s \u00e1lo\u00e9kever\u00e9ket. Fogt\u00e1k J\u00e9zus test\u00e9t, \u00e9s f\u0171szerekkel egy\u00fctt gyolcsleplekbe g\u00f6ngy\u00f6lt\u00e9k. \u00cdgy szok\u00e1s temetni a zsid\u00f3kn\u00e1l. Azon a helyen, ahol keresztre fesz\u00edtett\u00e9k, volt egy kert, a kertben pedig egy \u00faj s\u00edrbolt, ahova m\u00e9g nem temettek senkit. Mivel a s\u00edr k\u00f6zel volt, a zsid\u00f3k k\u00e9sz\u00fcleti napja miatt oda temett\u00e9k J\u00e9zust.<\/p>\n<p><strong>E:<\/strong> Ezek az evang\u00e9lium ig\u00e9i.<\/p>\n<p><strong>M:<\/strong> \u00c1ldunk T\u00e9ged, Krisztus.<\/p>\n<p><span style=\"color: #800080;\"><em>Egyetemes K\u00f6ny\u00f6rg\u00e9sek:<\/em><\/span> <strong><em>(Minden k\u00f6ny\u00f6rg\u00e9s ut\u00e1n r\u00f6vid csendet tartunk, \u00e9s megunkban im\u00e1dkozunk az adott sz\u00e1nd\u00e9kra)<\/em><\/strong><\/p>\n<p><strong>I. AZ ANYASZENTEGYH\u00c1Z\u00c9RT<\/strong><\/p>\n<p>Az Isten Egyh\u00e1z\u00e1\u00e9rt im\u00e1dkozzunk, testv\u00e9rek, hogy Urunk, Isten\u00fcnk vezesse b\u00e9k\u00e9ben, n\u00f6velje egys\u00e9gben, s az eg\u00e9sz vil\u00e1gon tartsa meg \u00e9ps\u00e9gben, \u00e9s adja meg nek\u00fcnk, hogy b\u00e9k\u00e9s nyugalomban \u00e9lj\u00fcnk, \u00e9s dics\u0151\u00edthess\u00fck a mindenhat\u00f3 Atyaistent!<\/p>\n<p><strong>II. A P\u00c1P\u00c1\u00c9RT <\/strong><\/p>\n<p>A Szentaty\u00e1\u00e9rt, Ferenc p\u00e1p\u00e1\u00e9rt im\u00e1dkozzunk, testv\u00e9rek, az \u00daristen kiv\u00e1lts\u00e1gos helyre emelte \u0151t a p\u00fcsp\u00f6ki rendben.\u00a0 Az Egyh\u00e1z jav\u00e1ra tartsa meg j\u00f3 eg\u00e9szs\u00e9gben \u00e9s er\u0151ben, \u2013 hogy tov\u00e1bb korm\u00e1nyozhassa Isten szent n\u00e9p\u00e9t.<\/p>\n<p><strong>III. A PAPS\u00c1G\u00c9RT \u00c9S A H\u00cdVEK\u00c9RT <\/strong><\/p>\n<p>Most Gephard p\u00fcsp\u00f6k\u00fcnk\u00e9rt \u00e9s minden p\u00fcsp\u00f6k\u00e9rt, az \u00e1ldoz\u00f3papok\u00e9rt, a szerpapok\u00e9rt \u00e9s az Egyh\u00e1zban szolg\u00e1latot teljes\u00edt\u0151 h\u00edvek\u00e9rt im\u00e1dkozzunk, testv\u00e9rek, \u2013 valamint Isten eg\u00e9sz n\u00e9p\u00e9\u00e9rt.<\/p>\n<p><strong>IV. A KERESZTELEND\u0150K\u00c9RT <\/strong><\/p>\n<p>A kereszts\u00e9g el\u0151tt \u00e1ll\u00f3k\u00e9rt im\u00e1dkozzunk, testv\u00e9rek: az \u00daristen nyissa meg sz\u00edv\u00fcket, \u00e9s t\u00e1rja fel el\u0151tt\u00fck a kegyelem kapuj\u00e1t, hogy \u00fajj\u00e1sz\u00fcletve a kereszts\u00e9g viz\u00e9ben, b\u0171neik bocs\u00e1nat\u00e1t elnyerj\u00e9k, \u00e9s imm\u00e1r \u0151k is a mi Urunk J\u00e9zus Krisztusban \u00e9ljenek.<\/p>\n<p><strong>V. A KERESZT\u00c9NYEK EGYS\u00c9G\u00c9\u00c9RT<\/strong><\/p>\n<p>Most im\u00e1dkozzunk \u00f6sszes testv\u00e9reink\u00e9rt, akik Krisztusban hisznek, hogy Urunk \u00e9s Isten\u00fcnk \u0151ket igaz tetteik \u00fatj\u00e1n \u2013 az egyetlen Egyh\u00e1zba gy\u0171jtse \u00f6ssze, \u00e9s \u0151rizze.<\/p>\n<p><strong>VI. A ZSID\u00d3K\u00c9RT <\/strong><\/p>\n<p>A zsid\u00f3k\u00e9rt is im\u00e1dkozzunk, testv\u00e9rek, hogy azok, akikhez el\u0151bb sz\u00f3lott Urunk Isten\u00fcnk, \u0151t egyre jobban szeress\u00e9k, \u2013 \u00e9s \u00e1llhatatosan \u0151rizz\u00e9k a sz\u00f6vets\u00e9gi h\u0171s\u00e9get.<\/p>\n<p><strong>VII. AZOK\u00c9RT, AKIK NEM HISZNEK KRISZTUSBAN <\/strong><\/p>\n<p>Most azok\u00e9rt im\u00e1dkozzunk, akik nem hisznek Krisztusban! A Szentl\u00e9lek vil\u00e1goss\u00e1ga t\u00f6ltse el \u0151ket, \u2013 hogy megtal\u00e1lj\u00e1k \u0150k is az \u00fcdv\u00f6ss\u00e9g \u00fatj\u00e1t.<\/p>\n<p><strong>VIII. AZOK\u00c9RT, AKIK NEM HISZNEK ISTENBEN <\/strong><\/p>\n<p>Most azok\u00e9rt im\u00e1dkozunk, akik nem hisznek Istenben, hogy \u0151szinte sz\u00edvvel az igazs\u00e1got keresve \u2013 megtal\u00e1lj\u00e1k Istent, \u00e9s kegyelm\u00e9vel eljussanak hozz\u00e1!<\/p>\n<p><strong>IX. A VIL\u00c1GI VEZET\u0150K\u00c9RT<\/strong><\/p>\n<p>Az \u00e1llamf\u0151k\u00e9rt \u00e9s a hat\u00f3s\u00e1gok\u00e9rt im\u00e1dkozzunk, testv\u00e9rek: az \u00daristen ir\u00e1ny\u00edtsa \u00e9rtelm\u00fcket \u00e9s sz\u00edv\u00fcket, \u2013 hogy sz\u00e1nd\u00e9ka szerint szolg\u00e1lj\u00e1k mindenki szabads\u00e1g\u00e1t \u00e9s az \u00e1ldott b\u00e9k\u00e9t.<\/p>\n<p><strong>X. A SZENVED\u0150K\u00c9RT <\/strong><\/p>\n<p>Most pedig im\u00e1dkozzunk minden ember\u00e9rt, akik ezekben a neh\u00e9z id\u0151kben betegek, azok\u00e9rt, akik f\u00e9lelemben \u00e9s agg\u00f3d\u00e1sban \u00e9lnek, azok\u00e9rt, akik eg\u00e9szs\u00e9g\u00fcgyi alkalmazottakk\u00e9nt, beteggond\u00f3zk\u00e9nt gondj\u00e1t viselik a r\u00e1juk b\u00edzottanak, a kutat\u00f3k\u00e9rt, akik v\u00e9delm\u00fcnk\u00e9rt \u00e9s gy\u00f3gyul\u00e1sunk\u00e9rt szorgoskodnak \u00e9s azok\u00e9rt, akik felel\u0151s d\u00f6nt\u00e9seket hoznak \u00e9rdek\u00fcnkben, tov\u00e1bb\u00e1 azok\u00e9rt, akiket a hal\u00e1l elsz\u00f3l\u00edtott az \u00e9letb\u0151l.<\/p>\n<p>Mindenhat\u00f3 \u00f6r\u00f6k Isten\u00fcnk, te vagy a mi mened\u00e9k\u00fcnk \u00e9s er\u0151ss\u00e9g\u00fcnk. Sok nemzed\u00e9k fordul Hozz\u00e1d, mint oltalmaz\u00f3j\u00e1hoz \u00e9s megment\u0151j\u00e9hez. \u00c1llj mindazok mellett, akiket ez a neh\u00e9z id\u0151szak megterhel, er\u0151s\u00edts meg benn\u00fcnket hit\u00fcnkben, hogy Te minden embert oltalmaz\u00f3 kezeidben tartasz. Az elhunytakat pedig vedd f\u00f6l a Te orsz\u00e1godba, Krisztus a mi urunk \u00e1ltal. \u00c1men<\/p>\n<p><span style=\"color: #800080;\"><em>H\u00f3dolat a kereszt el\u0151tt <\/em><\/span><strong><em>( A liturgia vezet\u0151 (\u00e9desapa) kez\u00e9be veszi a keresztet, a csal\u00e1d fel\u00e9 fordulva \u00e9nekli vagy mondja, \u00e9s a v\u00e9g\u00e9n leveszi a lila leplet):<\/em><\/strong><\/p>\n<p><strong>E:<\/strong> <span style=\"color: #800080;\">\u00cdme a szent keresztfa, rajta f\u00fcgg\u00f6tt valaha a vil\u00e1gnak v\u00e1lts\u00e1ga!<\/span><\/p>\n<p><strong>M:<\/strong> <span style=\"color: #800080;\">J\u00f6jjetek h\u00e1t, kereszt\u00e9nyek, h\u00f3dolattal hajtsunk t\u00e9rdet. \u00dcdv\u00f6zl\u00e9gy szent keresztfa!<\/span><\/p>\n<p><strong><em>Ezut\u00e1n mindenkinek odany\u00fajtja cs\u00f3kra, majd lefekteti egy s\u00edrt jelk\u00e9pez\u0151 dobozba.<\/em><\/strong><\/p>\n<p>Z\u00e1r\u00f3\u00e9nek: a Hozsanna 67\/B sz\u00e1m\u00fa \u00e9nek\u00e9nek 1-3. szakasza:<\/p>\n<p>1.- Gy\u00e1szba borult Isten csillagv\u00e1ra,<br \/>\nF\u00fcgg\u00f6nyt vontak mennynek ablak\u00e1ra,<br \/>\nMeghalt, meghalt az \u00e1rtatlan B\u00e1r\u00e1ny:<br \/>\nV\u00e9rt\u0151l \u00e1zott szent kereszt olt\u00e1r\u00e1n.<br \/>\n2. Temet\u00e9sre lej\u00f6n a mennyorsz\u00e1g,<br \/>\nK\u00f6nnyt\u0151l \u00e1znak az angyali orc\u00e1k,<br \/>\nS\u00edr, zokog a fia-vesztett gerle:<br \/>\n\u00c9gig \u00e9r a Sz\u0171zanya keserve.<br \/>\n3. \u00c9let Ura, meghalt\u00e1l \u00fcdv\u00fcnkre:<br \/>\nA S\u00e1t\u00e1nnak orsz\u00e1ga most d\u0151lt le.<br \/>\nSz\u0171zany\u00e1dnak f\u00e1jdalm\u00e1t tekintsed,<br \/>\nAdd meg n\u00e9k\u00fcnk a mennyei kincset.<\/p>\n<p>&nbsp;<\/p>\n<p><span style=\"color: #ff6600;\"><strong>H\u00daSV\u00c9TI VIGILIA<\/strong><\/span><\/p>\n<p><a href=\"https:\/\/stuttgarti-katolikusok.de\/wp-content\/uploads\/2021\/03\/husveti-gyertya.jpg\"><img loading=\"lazy\" decoding=\"async\" class=\"alignnone size-full wp-image-21603\" src=\"https:\/\/stuttgarti-katolikusok.de\/wp-content\/uploads\/2021\/03\/husveti-gyertya.jpg\" alt=\"\" width=\"1280\" height=\"853\" srcset=\"https:\/\/stuttgarti-katolikusok.de\/wp-content\/uploads\/2021\/03\/husveti-gyertya.jpg 1280w, https:\/\/stuttgarti-katolikusok.de\/wp-content\/uploads\/2021\/03\/husveti-gyertya-300x200.jpg 300w, https:\/\/stuttgarti-katolikusok.de\/wp-content\/uploads\/2021\/03\/husveti-gyertya-1024x682.jpg 1024w, https:\/\/stuttgarti-katolikusok.de\/wp-content\/uploads\/2021\/03\/husveti-gyertya-420x280.jpg 420w, https:\/\/stuttgarti-katolikusok.de\/wp-content\/uploads\/2021\/03\/husveti-gyertya-690x460.jpg 690w\" sizes=\"auto, (max-width: 1280px) 100vw, 1280px\" \/><\/a><\/p>\n<p><strong>Nagyszombaton<\/strong> maradjatok csendben, \u00e9s gondoljatok J\u00e9zusra, aki a s\u00edrban fekszik. K\u00f6zben im\u00e1dkozhattok halottaitok\u00e9rt, vagy azok\u00e9rt, akiket a koronav\u00edrus j\u00e1rv\u00e1nya elragadott k\u00f6z\u00fcl\u00fcnk.<\/p>\n<p>A felt\u00e1mad\u00e1si szertart\u00e1st\u00a0 szint\u00e9n <strong>Stuttgartb\u00f3l\u00a020.00 \u00f3r\u00e1t\u00f3l<\/strong> k\u00f6zvet\u00edtj\u00fck. Mindenk\u00e9ppen kapcsol\u00f3djatok bele! Ez az Anyaszentegyh\u00e1z, s benne a mi Egyh\u00e1zk\u00f6zs\u00e9g\u00fcnk legnagyobb \u00fcnnepe: Urunk J\u00e9zus felt\u00e1mad\u00e1s\u00e1nak az \u00e9jszak\u00e1ja.<\/p>\n<p>Ha valamilyen okn\u00e1l fogva m\u00e9gsem tudj\u00e1tok ezt megtenni, vagy nem tal\u00e1ln\u00e1tok magyar csatorn\u00e1t, amelyen k\u00f6vethetn\u00e9tek a felt\u00e1mad\u00e1si szentmis\u00e9t, akkor a k\u00f6vetkez\u0151 szertart\u00e1s elv\u00e9gz\u00e9s\u00e9t javasoljuk nektek:<\/p>\n<p><strong><em>El\u0151 kell k\u00e9sz\u00edteni egy nagy gyerty\u00e1t sz\u00e9pen feld\u00edsz\u00edtve. Ez lesz a h\u00fasv\u00e9ti gyertya, amellyel h\u00fasv\u00e9t nyolcad\u00e1ban eb\u00e9d el\u0151tt \u00e9s az esti im\u00e1ds\u00e1gra meggy\u00fajtjuk. Tov\u00e1bb\u00e1 gondoskodjuk m\u00e9csesekr\u0151l is, hogy mindenki kez\u00e9ben legyen majd. A keresztet vegy\u00fck ki a \u201es\u00edrb\u00f3l\u201d, hogy \u00fcres legyen eg\u00e9sz nap. A keresztre M bet\u0171 alakban feh\u00e9r leplet tesz\u00fcnk.<\/em><\/strong><\/p>\n<p><span style=\"color: #ff9900;\"><em>Hajnali Elm\u00e9lked\u00e9s<\/em><\/span> <strong><em>(csak a sz\u00fcl\u0151knek, vagy d\u00e9lel\u0151tt k\u00f6z\u00f6sen a csal\u00e1ddal) <\/em><\/strong><\/p>\n<ul>\n<li><strong><em>Bevezet\u0151 im\u00e1ds\u00e1g (mindannyian mondjuk):<\/em><\/strong><\/li>\n<\/ul>\n<p>Urunk J\u00e9zus Krisztus, s\u00edrban fekv\u00e9sed \u00e9s pokolra sz\u00e1ll\u00e1sod f\u00e9lelmetes titkait \u00fcnnepelve, k\u00e9r\u00fcnk ne hagyd \u00e9rtelm\u00fcnket saj\u00e1t mag\u00e1ra a bel\u00e1thatatlan m\u00e9lys\u00e9gek szeml\u00e9let\u00e9ben, hanem k\u00fcldd el megvil\u00e1gos\u00edt\u00f3 Szent Lelkedet, aki ismeri isteni \u00e9s emberi \u00e9leted m\u00e9lys\u00e9geit \u00e9s minket is ismer. Add, hogy szent s\u00edrod titkainak szem\u00e9let\u00e9ben oly h\u0171s\u00e9gesen kitartsunk, hogy veled \u00faj \u00e9letre t\u00e1madjunk, aki \u00e9lsz \u00e9s uralkodol mind\u00f6r\u00f6kk\u00f6n \u00f6r\u00f6kk\u00e9. \u00c1men.<\/p>\n<ul>\n<li><strong><em>Lelki olvasm\u00e1ny elolvas\u00e1sa<\/em><\/strong><\/li>\n<\/ul>\n<p><strong>Isten Szentlelke a csend \u00e1ltal sz\u00f3l hozz\u00e1nk<\/strong><\/p>\n<p>Nagyp\u00e9nteken a k\u00f6r\u00fcl\u00e1ll\u00f3k l\u00e1tt\u00e1k J\u00e9zust meghalni. Nagyszombat azonban m\u00e9g m\u00e9lyebbre vezet, hiszen J\u00e9zus nemcsak a hal\u00e1lig mint fizikai megsemmis\u00fcl\u00e9sig vezet\u0151 utat j\u00e1rta be vel\u00fcnk \u00e9s \u00e9rt\u00fcnk, hanem eg\u00e9szen od\u00e1ig ment, ahov\u00e1 a b\u0171nbe esett ember zuhan: lesz\u00e1llt az alvil\u00e1gba, a seolba, ahol a megv\u00e1ltatlan lelkek s\u00ednyl\u0151dnek. Ez az \u00f6nki\u00fcres\u00edt\u00e9s v\u00e9gpontja. Az\u00f3ta nincs az emberi \u00e9letnek olyan helyzete, melyben az Isten jelen ne lenne: nem csup\u00e1n a f\u00f6ldi \u00e9let poklaiban, hanem a hal\u00e1l ut\u00e1ni s\u00f6t\u00e9ts\u00e9gben, mag\u00e1nyban is vel\u00fcnk van, beteljes\u00edtve a zsolt\u00e1r szav\u00e1t: \u201eHa lesz\u00e1lln\u00e9k az alvil\u00e1gba, jelen vagy ott is.\u201d (138. zsolt\u00e1r)<\/p>\n<p>A Teremt\u00e9s k\u00f6nyve szerint \u201ea hetedik napra befejezte Isten a munk\u00e1j\u00e1t, amelyet v\u00e9gzett, \u00e9s a hetedik napon megnyugodott minden munk\u00e1t\u00f3l, amelyet v\u00e9gzett\u201d (Ter 2,2). Erre a nyugalomra megh\u00edvja az embert is, akit saj\u00e1t k\u00e9p\u00e9re alkotott. A Zsid\u00f3khoz \u00edrt lev\u00e9l az eg\u00e9sz kereszt\u00e9ny \u00e9letet \u00fagy fogja fel, mint arra val\u00f3 igyekezetet, hogy m\u00e9g a f\u00f6ldi \u00e9letben bejussunk az igazi, az \u00fajsz\u00f6vets\u00e9gi szombatba, amelyet J\u00e9zus Krisztus szerzett meg nek\u00fcnk megv\u00e1lt\u00f3 hal\u00e1l\u00e1val. E nagyszombati cs\u00f6ndnek \u00e9s nyugalomnak benne kell lennie valamennyi\u00fcnk lelk\u00e9ben. De mit is jelent bel\u00e9pni az \u00dar nyugalm\u00e1ba? Azt, hogy kimondjuk Istennek a v\u00e9gleges igent, \u00e9s ezzel egyszer s mindenkorra az \u0151 kez\u00e9be helyezz\u00fck \u00e9let\u00fcnk \u00e9s hal\u00e1lunk, \u00f6r\u00f6k sorsunk, \u00fcdv\u00f6ss\u00e9g\u00fcnk gondj\u00e1t. Jelenti tov\u00e1bb\u00e1 a rossz szenved\u00e9lyek, zabol\u00e1zatlan indulatok lecsillap\u00edt\u00e1s\u00e1t, az \u00e9rtelem, az akarat v\u00e9gleges megnyugv\u00e1s\u00e1t J\u00e9zus Krisztusban. Mindenekf\u00f6l\u00f6tt pedig a sz\u00edv\u00e9t, mert \u201enyugtalan a mi sz\u00edv\u00fcnk, am\u00edg meg nem nyugszik Istenben\u201d, az \u00f6r\u00f6k szeretetben.<\/p>\n<p>Szent P\u00e1l \u00edrja: \u201eKrisztussal eltemetkeztetek a hal\u00e1lba, \u00e9s vele egy\u00fctt fel is t\u00e1madtatok.\u201d (Kol 2,12) Mindenn\u00e9l ink\u00e1bb \u00e9rv\u00e9nyes ez a katekumenekre, akik \u00e9ppen a nagyszombati cs\u00f6ndben \u00e9rkeznek el a kereszts\u00e9gre val\u00f3 felk\u00e9sz\u00fcl\u00e9s utols\u00f3 \u00e1llom\u00e1s\u00e1hoz. Azonban nek\u00fcnk, megkeresztelteknek is \u00fajra v\u00e9gig kell gondolnunk ezen a napon, hogy Krisztus azt k\u00edv\u00e1nja t\u0151l\u00fcnk, hogy meghaljunk a vil\u00e1gnak, a b\u0171nnek \u00e9s az Isten n\u00e9lk\u00fcli, felsz\u00ednes \u00e9letnek, azaz olyannyira v\u00e9gleges d\u00f6nt\u00e9ssel forduljunk el mindezekt\u0151l, mint amennyire visszaford\u00edthatatlan folyamat a halott \u00e9s elf\u00f6ldelt test felboml\u00e1sa.<\/p>\n<p>Ugyancsak Nagyszombat titk\u00e1hoz tartozik Szent P\u00e1l egy m\u00e1sik kijelent\u00e9se: \u201e\u00c9letetek Krisztussal el van rejtve Istenben.\u201d (Kol 3,3) Ez utal a krisztusi ember idegens\u00e9g\u00e9re az Isten n\u00e9lk\u00fcli vil\u00e1gban, amely nem \u00e9rti, nem ismeri a kereszt\u00e9ny \u00e9let\u00e9nek meghat\u00e1roz\u00f3 gy\u00f6ker\u00e9t, alapj\u00e1t, s egyben kifejezi, hogy az egyszer\u0171, esem\u00e9nytelen mindennapokban is ott van Krisztus az \u0151 gy\u00f6ng\u00e9d szeretet\u00e9vel. Az ilyen elrejtett \u00e9let r\u00e9szes\u00edt valamik\u00e9ppen az \u00dar temet\u00e9s\u00e9nek nyugalm\u00e1b\u00f3l, s n\u00e9lk\u00fcl\u00f6zhetetlen a kereszt\u00e9ny h\u00edv\u0151 eg\u00e9szs\u00e9ges lelki fejl\u0151d\u00e9s\u00e9hez.<\/p>\n<p>Az emberi szeretet k\u00e9t jele k\u00f6z\u00f6tt r\u00e9ms\u00e9ges \u00e9s gy\u00f6ny\u00f6r\u0171s\u00e9ges hallgat\u00e1s van \u00e9s pr\u00f3b\u00e1ra tev\u0151 jelz\u00e9sn\u00e9lk\u00fclis\u00e9g, melyet nem viselhet\u00fcnk el m\u00e1sk\u00e9pp, csak a jelenbe hoz\u00f3 eml\u00e9kez\u00e9s \u00e9s az \u00faj jelre val\u00f3 bizalomteli v\u00e1rakoz\u00e1s \u00e1ltal. Krisztus k\u00e9t elj\u00f6vetele k\u00f6z\u00f6tt ilyen a szentmise, mely a szeretet eml\u00e9k\u00e9t jelenval\u00f3v\u00e1 teszi a Szentl\u00e9lek teremt\u0151 ereje \u00e1ltal, \u00e9s egyben az \u00dar v\u00e9gs\u0151 elj\u00f6vetel\u00e9t is el\u0151v\u00e9telezi. A mai napon azonban nincs szentmise, nem hangzik fel az Evang\u00e9lium sem, hanem Isten Szentlelke a csend \u00e1ltal sz\u00f3l hozz\u00e1nk.<br \/>\nJ\u00e9zus sz\u00e1m\u00e1ra is volt \u00fczenete az \u00e9gb\u0151l j\u00f6v\u0151 cs\u00f6ndnek. Az Atya akkor sz\u00f3lt hozz\u00e1 utolj\u00e1ra a f\u00f6ld\u00f6n, amikor J\u00e9zus lelke megrend\u00fclt a szenved\u00e9sek keser\u0171 \u00e1rny\u00e9k\u00e1t\u00f3l a templomudvaron, amikor Atyja nev\u00e9nek megdics\u0151\u00fcl\u00e9s\u00e9t k\u00e9rte. \u00c9s majd sz\u00f3l hozz\u00e1 a most k\u00f6vetkez\u0151 \u00e9jszaka a 2. zsolt\u00e1r szav\u00e1val, amely az \u00f6r\u00f6kk\u00e9val\u00f3s\u00e1g \u00e9neke az Atya \u00e9s a Fi\u00fa k\u00f6z\u00f6tt: \u201e\u00c9n fiam vagy te, \u00e9n ma sz\u00fcltelek t\u00e9ged\u201d \u2013 \u00e9s erre a sz\u00f3ra a s\u00edrban fekv\u0151 test megdics\u0151\u00fcl: romolhatatlan, \u00f6r\u00f6kk\u00e9val\u00f3, \u00e1tisten\u00fclt test lesz.<\/p>\n<p>\u00dar J\u00e9zus Krisztus, s\u00edrban nyugv\u00e1sod, az alvil\u00e1gba val\u00f3 lesz\u00e1ll\u00e1sod titk\u00e1n elm\u00e9lkedve arra k\u00e9r\u00fcnk, hogy tan\u00edts meg elmer\u00fclni a k\u00e9t isteni ige, k\u00e9t pr\u00e9dik\u00e1ci\u00f3, k\u00e9t szent\u00edr\u00e1solvas\u00e1s, k\u00e9t tal\u00e1lkoz\u00e1s k\u00f6z\u00f6tti \u00e9des-rettenetes cs\u00f6ndess\u00e9gben, mely kereszthal\u00e1lod titk\u00e1b\u00f3l ad r\u00e9szt nek\u00fcnk. \u00c1llj mellett\u00fcnk kegyelmeddel, hogy amikor azt tapasztaljuk, hogy Isten hallgat, cs\u00f6ndj\u00e9t ne annak tulajdon\u00edtsuk, hogy elfordult t\u0151l\u00fcnk vagy megfeledkezett r\u00f3lunk, hanem meg nem sz\u0171n\u0151 bizalommal higgy\u00fck, hogy isteni \u00e9let\u00e9be akar egyre jobban belen\u00f6veszteni minket.<\/p>\n<ul>\n<li><strong><em>Cs\u00f6nd, alatta elm\u00e9lked\u00e9s a hallott sz\u00f6vegr\u0151l<\/em><\/strong><\/li>\n<\/ul>\n<p><em>\u00a0<\/em><strong><em>S\u00f6t\u00e9ted\u00e9s ut\u00e1n esti csal\u00e1di liturgia<\/em><\/strong><\/p>\n<p><strong><em>A kereszt az asztalon \u00e1ll, rajta lepellel letakarva J\u00e9zus k\u00e9pe. A szob\u00e1ban teljes s\u00f6t\u00e9ts\u00e9g van.<\/em><\/strong><\/p>\n<p><em>\u00a0<\/em><span style=\"color: #ff9900;\"><em>Lucern\u00e1rium<\/em><\/span><\/p>\n<p><strong><em>A liturgiavezet\u0151 meggy\u00fajtja a H\u00fasv\u00e9ti gyerty\u00e1t, felmutatja, \u00e9s egyre magasabb hangon h\u00e1romszor \u00e9nekli vagy mondja:<\/em><\/strong><\/p>\n<p><strong>E:<\/strong> Krisztus Vil\u00e1goss\u00e1ga!<\/p>\n<p><strong>M:<\/strong> Istennek legyen h\u00e1la!<\/p>\n<p><strong><em>Ezut\u00e1n mindenki meggy\u00fajtja gyerty\u00e1j\u00e1t a H\u00fasv\u00e9ti gyerty\u00e1r\u00f3l. Miut\u00e1n letett\u00fck a H\u00fasv\u00e9ti gyerty\u00e1t, ennek f\u00e9ny\u00e9n\u00e9l az \u00e9desapa, vagy feln\u0151tt fia \u00e9nekli vagy olvassa a<\/em><\/strong><\/p>\n<p><strong><em> <span style=\"color: #ff9900;\">H\u00fasv\u00e9ti \u00f6r\u00f6m\u00e9neket &#8211; Exultet:<\/span><\/em><\/strong><\/p>\n<p>Az \u00e9gben imm\u00e1r ujjongva zengjen az angyalok k\u00f3rusa, \u00e9s ujjongjanak Isten csod\u00e1latos m\u0171vei: f\u00f6ls\u00e9ges nagy Kir\u00e1lyunk gy\u0151zelm\u00e9t b\u00fag\u00f3 k\u00fcrtnek hangja \u00e1ldva \u00e1ldja! A f\u00f6ld is \u00f6rvendjen, hogy ekkora f\u00e9ny\u00e1r sug\u00e1rzik r\u00e1ja, \u00e9s a nagy Kir\u00e1ly \u00f6r\u00f6k t\u00fcnd\u00f6kl\u00e9se \u00e1rad el rajta; \u00e9rezze meg az eg\u00e9sz nagy vil\u00e1g: m\u00e1r tovat\u0171nt a b\u0171nnek \u00e1rnya! \u00c9s v\u00edgs\u00e1g t\u00f6ltse el szent any\u00e1nkat, az Egyh\u00e1zat, hogy ilyen f\u00e9nyess\u00e9g ragyog benne, visszhangozz\u00e9k a n\u00e9p szent \u00e9neke, b\u00e1tran t\u00f6ltse be az Isten h\u00e1z\u00e1t!<\/p>\n<p>Most k\u00e9rlek titeket, kedves testv\u00e9rek, kik e szent f\u00e9ny csod\u00e1latos ragyog\u00e1s\u00e1ban k\u00f6r\u00fcl\u00f6ttem \u00e1lltok, k\u00f6ny\u00f6r\u00f6gjetek velem egy\u00fctt Istenhez, a mindenhat\u00f3 \u00darhoz, irgalmass\u00e1g\u00e1t k\u00e9rve, hogy \u0151, aki engem, m\u00e9ltatlan szolg\u00e1j\u00e1t levit\u00e1inak sor\u00e1ba h\u00edvott, \u00e1rassza r\u00e1m kegyelm\u00e9nek f\u00e9ny\u00e9t, \u00e9s h\u00fasv\u00e9ti gyerty\u00e1nk dics\u00e9ret\u00e9t \u00e1ltalam vigye v\u00e9gbe.<\/p>\n<p>E.: Az \u00dar legyen veletek.\u00a0\u00a0\u00a0 \u00a0\u00a0\u00a0 \u00a0\u00a0\u00a0 \u00a0\u00a0 \u00a0\u00a0 \u00a0 \u00a0\u00a0\u00a0 \u00a0\u00a0\u00a0 \u00a0\u00a0\u00a0\u00a0\u00a0\u00a0\u00a0\u00a0\u00a0\u00a0\u00a0 M.:\u00c9s a te lelkeddel.<br \/>\nE.: Emelj\u00fck f\u00f6l sz\u00edv\u00fcnket.\u00a0\u00a0 \u00a0\u00a0 \u00a0\u00a0\u00a0 \u00a0\u00a0\u00a0 \u00a0\u00a0\u00a0 \u00a0\u00a0\u00a0 \u00a0 \u00a0 \u00a0\u00a0\u00a0\u00a0\u00a0\u00a0\u00a0\u00a0\u00a0\u00a0\u00a0 M.: F\u00f6lemelt\u00fck az \u00darhoz.<br \/>\nE.: Adjunk h\u00e1l\u00e1t Urunknak, Isten\u00fcnknek.\u00a0\u00a0\u00a0 \u00a0\u00a0\u00a0\u00a0\u00a0 M.: M\u00e9lt\u00f3 \u00e9s igazs\u00e1gos.<\/p>\n<p>Mert val\u00f3ban m\u00e9lt\u00f3 \u00e9s igazs\u00e1gos, hogy a l\u00e1thatatlan, mindenhat\u00f3 Atyaistent, \u00e9s egysz\u00fcl\u00f6tt Fi\u00e1t,, a mi Urunkat, J\u00e9zus Krisztust a sz\u00edv \u00e9s l\u00e9lek minden \u00e9rz\u00e9s\u00e9vel \u00e9s zeng\u0151 sz\u00f3val \u00e1ldjuk.\u00a0\u0150 ler\u00f3tta helyett\u00fcnk az \u00f6r\u00f6k Aty\u00e1nak mindazt, amivel \u00c1d\u00e1m tartozott, s az \u0151sb\u0171n z\u00e1log\u00e1t kiv\u00e1ltotta szent v\u00e9r\u00e9nek \u00e1r\u00e1n. Mert abban \u00e1ll a H\u00fasv\u00e9t \u00fcnnepe, hogy igaz h\u00fasv\u00e9ti B\u00e1r\u00e1nyunkat meg\u00f6lt\u00e9k \u00e9rt\u00fcnk, s az \u0150 v\u00e9re lett a szent jel h\u00edv\u0151 n\u00e9pe h\u00e1zain.<\/p>\n<p>\u00c1ldott \u00e9j, mert ekkor hoztad ki az \u0151saty\u00e1kat, Izrael fiait Egyiptomb\u00f3l, sz\u00e1raz l\u00e1bbal a V\u00f6r\u00f6s-tengeren \u00e1t vitted \u0151ket. \u00c1ldott ez az \u00e9jszaka, mert ekkor oszlatta sz\u00e9t a t\u0171zoszlop sug\u00e1rz\u00f3 f\u00e9nye a b\u0171n minden \u00e1rny\u00e1t.<\/p>\n<p>\u00c1ldott ez az \u00e9jszaka, mely ma szerte az eg\u00e9sz vil\u00e1gon a Krisztusban h\u00edv\u0151ket a vil\u00e1g t\u00e9velyg\u00e9seit\u0151l \u00e9s a b\u0171n\u00f6k hom\u00e1ly\u00e1t\u00f3l elv\u00e1lasztv\u00e1n a kegyelemnek \u00e1tadja, s a szentek k\u00f6z\u00f6ss\u00e9g\u00e9be kapcsolja \u0151ket.<\/p>\n<p>\u00c1ldott \u00e9j, a hal\u00e1l bilincs\u00e9t ekkor t\u00f6rte sz\u00e9t Krisztus, \u00e9s az alvil\u00e1g m\u00e9ly\u00e9r\u0151l, mint gy\u0151z\u0151, t\u00e9rt vissza. Mert semmit sem \u00e9rne f\u00f6ldi \u00e9let\u00fcnk, ha a megv\u00e1lt\u00e1s r\u00e1nk nem \u00e1rad. \u00d3 milyen csod\u00e1latra m\u00e9lt\u00f3 atyai j\u00f3s\u00e1god hozz\u00e1nk! \u00d3 kimondhatatlan szeretet \u00e9s j\u00f3s\u00e1g, hogy a szolg\u00e1t megmentsed, Fiadat sem k\u00edm\u00e9lted \u00e9rte.<\/p>\n<p>L\u00e1m, mennyire sz\u00fcks\u00e9ges volt \u00c1d\u00e1m v\u00e9tke, hogy Krisztus legyen v\u00e1lts\u00e1g\u00e1nak d\u00edja! \u00d3 szerencs\u00e9s v\u00e9tek, hogy ilyen hatalmas \u00e9s f\u00f6ls\u00e9ges Megv\u00e1lt\u00f3t k\u00edv\u00e1nt \u00e9s \u00e9rdemelt!<\/p>\n<p>E szents\u00e9ges \u00e9jszaka sz\u00e1m\u0171zi v\u00e9tk\u00fcnket, lemossa\u00a0minden b\u0171n\u00fcnket, a b\u0171nb\u00e1n\u00f3knak \u00e1rtatlan sz\u00edvet ad, a szomorkod\u00f3knak vigaszt k\u00edn\u00e1l.<\/p>\n<p>Ez \u00e9jszak\u00e1\u00e9rt fogadd el teh\u00e1t, mennyei Szent Aty\u00e1nk, a dics\u00e9ret esti \u00e1ldozat\u00e1t t\u0151l\u00fcnk: a m\u00e9hek viasz\u00e1b\u00f3l k\u00e9sz\u00fclt gyerty\u00e1t a n\u00e9ked szolg\u00e1l\u00f3 paps\u00e1g \u00e1ltal \u00fcnnepl\u0151 szent Egyh\u00e1zad ny\u00fajtja n\u00e9ked.<\/p>\n<p>\u00d3 val\u00f3ban \u00e1ldott \u00e9j, mert ekkor l\u00e9p frigyre isteni \u00e9s emberi, f\u00f6ldi \u00e9s mennyei!<\/p>\n<p>Most k\u00e9r\u00fcnk teh\u00e1t, Urunk, t\u00e9ged, hogy ne aludj\u00e9k ki ez a gyertyal\u00e1ng, melyet n\u00e9ked \u00e1ldozunk, \u00e9s el nem fogy\u00f3 tiszta f\u00e9nnyel \u0171zze t\u00e1vol lelk\u00fcnkt\u0151l az \u00e9j minden \u00e1rny\u00e1t. Mint j\u00f3 illat\u00fa \u00e1ldozatot, fogadd el t\u0151l\u00fcnk, \u00e9s vil\u00e1goss\u00e1ga az \u00e9gi f\u00e9nyekkel olvadjon egybe!<\/p>\n<p>F\u00e9nyl\u0151 l\u00e1ngj\u00e1t tal\u00e1lja \u00e9gve a sz\u00e9p hajnalcsillag, az \u00f6r\u00f6k Hajnalcsillag, ki soha nem l\u00e1t alkonyt: a te Fiad, J\u00e9zus Krisztus, ki visszat\u00e9rve a s\u00edrb\u00f3l, az emberi nemre szel\u00edden \u00e1rasztja a megv\u00e1lt\u00e1s f\u00e9ny\u00e9t, \u00e9l \u00e9s uralkodik mind\u00f6r\u00f6kk\u00f6n \u00f6r\u00f6kk\u00e9.<\/p>\n<p><strong>M:<\/strong> \u00c1men.<\/p>\n<p><span style=\"color: #ff9900;\"><em>Kereszts\u00e9gi fogad\u00e1s meg\u00faj\u00edt\u00e1sa<\/em><\/span><\/p>\n<p><strong>E:<\/strong> Kedves Testv\u00e9reim! A h\u00fasv\u00e9t szent titka \u00e1ltal a kereszts\u00e9gben mindny\u00e1jan eltemetkezt\u00fcnk Krisztussal egy\u00fctt, hogy vele egy\u00fctt j\u00e1rjunk az \u00e9let \u00fatj\u00e1n. Ez\u00e9rt a nagyb\u00f6jt negyven szent napj\u00e1nak megtart\u00e1sa ut\u00e1n \u00faj\u00edtsuk meg kereszts\u00e9gi fogad\u00e1sunkat. Ebben egykor ellene mondottunk a s\u00e1t\u00e1nnak \u00e9s minden cselekedet\u00e9nek, \u00e9s meg\u00edg\u00e9rt\u00fck, hogy a katolikus Anyaszentegyh\u00e1zban Istennek szolg\u00e1lunk.<\/p>\n<p>\u00c9ppen ez\u00e9rt most megk\u00e9rdezem:<\/p>\n<p><strong>E:<\/strong> Ellene mondotok-e az \u00f6rd\u00f6gnek?<\/p>\n<p><strong>M:<\/strong> Ellene mondunk.<\/p>\n<p><strong>E:<\/strong> \u00c9s minden cselekedet\u00e9nek?<\/p>\n<p><strong>M:<\/strong> Ellene mondunk.<\/p>\n<p><strong>E:<\/strong> \u00c9s minden cs\u00e1b\u00edt\u00e1s\u00e1nak?<\/p>\n<p><strong>M:<\/strong> Ellene mondunk.<\/p>\n<p><strong>E:<\/strong> Hisztek-e a mindenhat\u00f3 Atyaistenben, a menny \u00e9s a f\u00f6ld Teremt\u0151j\u00e9ben?<\/p>\n<p><strong>M:<\/strong> Hisz\u00fcnk.<\/p>\n<p><strong>E:<\/strong> Hisztek-e J\u00e9zus Krisztusban, az \u0151 egysz\u00fcl\u00f6tt Fi\u00e1ban, a mi Urunkban, aki Sz\u0171z M\u00e1ri\u00e1t\u00f3l sz\u00fcletett, meghalt \u00e9s eltemett\u00e9k, de felt\u00e1madt a hal\u00e1lb\u00f3l, \u00e9s dics\u0151s\u00e9gesen uralkodik az Atya jobbj\u00e1n?<\/p>\n<p><strong>M:<\/strong> Hisz\u00fcnk.<\/p>\n<p><strong>E:<\/strong> Hisztek-e a Szentl\u00e9lekben, a katolikus Anyaszentegyh\u00e1zban, a szentek k\u00f6z\u00f6ss\u00e9-g\u00e9ben, a b\u0171n\u00f6k bocs\u00e1nat\u00e1ban, a test felt\u00e1mad\u00e1s\u00e1ban \u00e9s az \u00f6r\u00f6k \u00e9letben?<\/p>\n<p><strong>M:<\/strong> Hisz\u00fcnk.<\/p>\n<p><span style=\"color: #ff9900;\"><em>Lelki \u00e1ldoz\u00e1s<\/em><\/span><\/p>\n<p><strong>E:<\/strong> Miut\u00e1n megvallottuk hit\u00fcnket, most im\u00e1dkozzunk \u00fagy, ahogy a mi Urunk J\u00e9zus tan\u00edtotta:<\/p>\n<p><strong>M:<\/strong> Mi Aty\u00e1nk\u2026<\/p>\n<p><strong>E:<\/strong> V\u00e1gyakozzunk Krisztus test\u00e9nek v\u00e9tel\u00e9re, \u00e9s l\u00e9lekben \u00e1ldozzunk meg.<\/p>\n<p>Im\u00e1dkozzuk egy\u00fctt: Uram J\u00e9zus Krisztus, hiszek Benned, im\u00e1dlak T\u00e9ged \u00e9s szeretlek T\u00e9ged teljes sz\u00edvemb\u0151l.\u00a0B\u00e1nom minden b\u0171n\u00f6met, mert szeretn\u00e9lek magamhoz fogadni a szent\u00e1ldoz\u00e1sban,\u00a0 hogy Veled \u00e9lhessek.\u00a0J\u00f6jj h\u00e1t, \u00f3 J\u00e9zus, legal\u00e1bb l\u00e9lekben k\u00f6lt\u00f6zz a sz\u00edvembe, \u00e9s v\u00e9gy lak\u00e1st benne \u00f6r\u00f6kre!\u00a0 A mi Urunk, J\u00e9zus Krisztus Teste \u0151rizzen meg engem az \u00f6r\u00f6k \u00e9letre!\u00a0K\u00f6sz\u00f6ntelek, \u00f3 J\u00e9zus, az \u00e9n szeg\u00e9ny sz\u00edvemben. Neked adom magamat eg\u00e9szen.\u00a0Tied akarok lenni \u00e9letemben \u00e9s hal\u00e1lom ut\u00e1n is. \u00c1men.<\/p>\n<p><strong><em>N\u00e9h\u00e1ny perc csendet tartunk.<\/em><\/strong><\/p>\n<p><strong>E:<\/strong> K\u00f6ny\u00f6r\u00f6gj\u00fcnk! A te szeretetednek lelk\u00e9t \u00f6ntsd bel\u00e9nk Urunk, hogy akiket a h\u00fasv\u00e9ti szents\u00e9gekkel j\u00f3llakatt\u00e1l, azokat atyai j\u00f3s\u00e1goddal, azokat atyai j\u00f3s\u00e1goddal tedd sz\u00edv\u00fckben is egyet\u00e9rt\u0151kk\u00e9. A mi Urunk J\u00e9zus Krisztus \u00e1ltal.<\/p>\n<p><strong>M:<\/strong> \u00c1men.<\/p>\n<p><strong>E:<\/strong> Most \u00fcnnepi sz\u00edvvel k\u00f6sz\u00f6nts\u00fck a F\u00f6lt\u00e1madott \u00dcdv\u00f6z\u00edt\u0151t a Hozsanna 88-as sz\u00e1m\u00fa\u00a0 \u00e9nek\u00e9vel:<\/p>\n<p>1.- Krisztus felt\u00e1madott!<\/p>\n<p>Hallj\u00e1tok meg, asszonyok,<\/p>\n<p>Kik kenetet hoztatok,<\/p>\n<p>T\u00f6bb\u00e9 m\u00e1r ne s\u00edrjatok!<\/p>\n<p>Felt\u00e1madt Krisztus!<\/p>\n<p>2.- Krisztus felt\u00e1madott!<\/p>\n<p>\u00daj csod\u00e1kat halljatok!<\/p>\n<p>P\u00e9ter, J\u00e1nos fussatok!<\/p>\n<p>\u00dcres a sir, nincsen ott!<\/p>\n<p>Felt\u00e1madt Krisztus!<\/p>\n<p>3.- Krisztus felt\u00e1madott!<\/p>\n<p>Sz\u0171njetek m\u00e1r, b\u00e1natok!<\/p>\n<p>Ti is nyom\u00e1n j\u00e1rjatok,<\/p>\n<p>Felt\u00e1mad\u00e1st v\u00e1rjatok!<\/p>\n<p>Felt\u00e1madt Krisztus!<\/p>\n<p>4.- Krisztus felt\u00e1madott!<\/p>\n<p>Hal\u00e1l fej\u00e9n tapodott,<\/p>\n<p>\u00c9gbe utat mutatott.<\/p>\n<p>Tudom, hogy felt\u00e1madok!<\/p>\n<p>Felt\u00e1madt Krisztus!<\/p>\n<p><span style=\"color: #ff9900;\"><em>Vacsora<\/em><\/span><\/p>\n<p><strong><em>Boldog h\u00fasv\u00e9tot k\u00edv\u00e1nunk egym\u00e1snak, majd \u00e1tmegy\u00fcnk az \u00fcnnepi asztalhoz, ami sz\u00e9pen f\u00f6l van d\u00edsz\u00edtve (legyen rajta gyertya, vir\u00e1g, barka, torma, toj\u00e1s, kal\u00e1cs)<\/em><\/strong><\/p>\n<p><strong>E:<\/strong> Az Atya, a Fi\u00fa \u00e9s a Szentl\u00e9lek nev\u00e9ben.<\/p>\n<p><strong>M:<\/strong> \u00c1men.<\/p>\n<p><strong>E:<\/strong> K\u00f6ny\u00f6r\u00f6gj\u00fcnk! K\u00e9r\u00fcnk, Isten\u00fcnk \u00e1ldd meg ezen h\u00fasv\u00e9ti aj\u00e1nd\u00e9kaidat, amelyeket szent fiad f\u00f6lt\u00e1mad\u00e1s\u00e1nak \u00f6r\u00f6m\u00e9re magunkhoz vesz\u00fcnk, \u00e9s add, hogy egysz\u00fcl\u00f6tt fiad menyegz\u0151s asztal\u00e1nak is r\u00e9szesei lehess\u00fcnk. Ugyanazon a mi Urunk J\u00e9zus Krisztus \u00e1ltal, aki Veled \u00e9s a Szentl\u00e9lekkel egy\u00fctt \u00e9l \u00e9s uralkodik mind\u00f6r\u00f6kk\u00f6n \u00f6r\u00f6kk\u00e9.<\/p>\n<p><strong>M:<\/strong> \u00c1men.<\/p>\n<p><em>A vacsora ut\u00e1n k\u00fcldjetek Tieiteknek, akik nem a csal\u00e1dban vannak, vagy bar\u00e1taitoknak, ismer\u0151seiteknek f\u00e9nyk\u00e9pet a H\u00fasv\u00e9ti t\u0171zr\u0151l, hogy legal\u00e1bb \u00edgy terjessz\u00fck ez \u00e9vben Urunk felt\u00e1mad\u00e1s\u00e1nak \u00f6r\u00f6mh\u00edr\u00e9t!<\/em><\/p>\n<p><em>Templomainkban eg\u00e9sz nap \u00e9g majd a H\u00fasv\u00e9ti Gyertya. Lehet\u0151s\u00e9getek lesz r\u00e1 vagy aznap, vagy eg\u00e9sz ut\u00e1na k\u00f6vetkez\u0151 h\u00e9ten gyerty\u00e1itokat azon meggy\u00fajtani \u00e9s hazavinni.<\/em><\/p>\n<p><a href=\"https:\/\/stuttgarti-katolikusok.de\/wp-content\/uploads\/2021\/03\/easter-6063668-1280.jpg\"><img loading=\"lazy\" decoding=\"async\" class=\"alignnone size-full wp-image-21522\" src=\"https:\/\/stuttgarti-katolikusok.de\/wp-content\/uploads\/2021\/03\/easter-6063668-1280.jpg\" alt=\"\" width=\"1280\" height=\"853\" srcset=\"https:\/\/stuttgarti-katolikusok.de\/wp-content\/uploads\/2021\/03\/easter-6063668-1280.jpg 1280w, https:\/\/stuttgarti-katolikusok.de\/wp-content\/uploads\/2021\/03\/easter-6063668-1280-300x200.jpg 300w, https:\/\/stuttgarti-katolikusok.de\/wp-content\/uploads\/2021\/03\/easter-6063668-1280-1024x682.jpg 1024w, https:\/\/stuttgarti-katolikusok.de\/wp-content\/uploads\/2021\/03\/easter-6063668-1280-420x280.jpg 420w, https:\/\/stuttgarti-katolikusok.de\/wp-content\/uploads\/2021\/03\/easter-6063668-1280-690x460.jpg 690w\" sizes=\"auto, (max-width: 1280px) 100vw, 1280px\" \/><\/a><\/p>\n<p><span style=\"color: #ff6600;\"><strong>H\u00daSV\u00c9TVAS\u00c1RNAP<\/strong><\/span><\/p>\n<p>Term\u00e9szetesen H\u00fasv\u00e9tvas\u00e1rnap is lesz k\u00f6zvet\u00edtett szentmis\u00e9nk\u00a0 <strong>Stuttgartb\u00f3l. 12.00 \u00f3rakor.<\/strong> Kapcsol\u00f3djatok bele ti is az \u00fcnnepi szentmis\u00e9be.<\/p>\n<p>Ha m\u00e9gsem siker\u00fclne valami\u00e9rt, vagy nem tudn\u00e1tok m\u00e1s magyar nyelv\u0171 csatorn\u00e1n r\u00e9sztvenni az \u00fcnnepi szentmise\u00e9n, akkor az al\u00e1bbi szertart\u00e1st mondj\u00e1tok el:<\/p>\n<p><span style=\"color: #ff9900;\"><em>Az \u00fcnnepi eb\u00e9d el\u0151tt<\/em><\/span><\/p>\n<ul>\n<li><strong><em>Lelki olvasm\u00e1ny elolvas\u00e1sa<\/em><\/strong><\/li>\n<\/ul>\n<p><strong>H\u00fasv\u00e9t m\u00falhatatlan ragyog\u00e1sa \u00e9s b\u00e9kess\u00e9ge<\/strong><\/p>\n<p><em>L\u00e1tta let\u00e9ve a gyolcsokat \u00e9s a kend\u0151t, amely a fej\u00e9n volt, nem a gyolcsok mell\u00e9 helyezve, hanem k\u00fcl\u00f6n egy helyen, \u00f6sszehajtva.<\/em><\/p>\n<p>Nem \u00fagy tekint\u00fcnk J\u00e9zus Krisztus felt\u00e1mad\u00e1s\u00e1ra, mint egy m\u00faltb\u00e9li esem\u00e9nyre, hanem mint a b\u0171nbocs\u00e1natban megnyilv\u00e1nul\u00f3 folytonos \u00fajj\u00e1teremt\u00e9sre. Hiszen a megbocs\u00e1t\u00e1s olyan nagy esem\u00e9ny, hogy az \u00e9let\u00fcnk \u00e9rtelme f\u00fcgg t\u0151le. Ha nem bocs\u00e1t meg az, akit szeret\u00fcnk s akit megb\u00e1ntottunk, a l\u00e9tez\u00e9s ak\u00e1r az \u00f6ngyilkoss\u00e1gig men\u0151en is \u00e9rtelm\u00e9t veszti sz\u00e1munkra. H\u00fasv\u00e9t l\u00e9nyege bels\u0151, l\u00e9nyeg\u00e9ben l\u00e1thatatlan t\u00f6rt\u00e9n\u00e9s, mely itt \u00e9s most \u00e9rint minket: J\u00e9zus szent hal\u00e1l\u00e1nak v\u00e9gtelen \u00e9rdemei\u00e9rt megny\u00edlik el\u0151tt\u00fcnk az atyai h\u00e1znak, Isten bels\u0151 \u00e9let\u00e9nek ajtaja, J\u00e9zusba kapaszkodva kil\u00e9phet\u00fcnk eddigi \u00e9let\u00fcnk halotti lepleib\u0151l, s a hit \u00e1ltal \u0151bel\u00e9 mint F\u0151be iktatva az anyag, az \u00f6szt\u00f6n\u00f6k \u00e9s az eg\u00e9sz vil\u00e1g f\u00f6l\u00f6tti uralomban r\u00e9szes\u00fcl\u00fcnk.<\/p>\n<p>A v\u00e1laszthat\u00f3 k\u00e9t Szentlecke mindegyike ezt a tan\u00edt\u00e1st m\u00e9ly\u00edti el benn\u00fcnk. \u201e<em>Meghaltatok<\/em> \u2013 olvassuk a kolosszei lev\u00e9lben \u2013, <em>\u00e9s \u00e9letetek el van rejtve Krisztussal az Istenben<\/em>.\u201d \u00dcdv\u00f6ss\u00e9g\u00fcnk azon m\u00falik, hogy mennyiben haltunk meg az Istent visszautas\u00edt\u00f3 vil\u00e1g sz\u00e1m\u00e1ra, illetve mennyiben fogadjuk el \u00e9s v\u00e1llaljuk mindennapi \u00e9let\u00fcnkben azt az aj\u00e1nd\u00e9kot, hogy \u00e9let\u00fcnk magja: szem\u00e9lyis\u00e9g\u00fcnk, \u00e9rtelm\u00fcnk, akaratunk, szabads\u00e1gunk, szeretetre val\u00f3 k\u00e9pess\u00e9g\u00fcnk a hit \u00e1ltal Krisztussal Isten legbels\u0151 \u00e9let\u00e9be lett be\u00e1gyazva, s ez\u00e1ltal m\u00e1r a felt\u00e1mad\u00e1s l\u00e9nyeg\u00e9t el\u0151v\u00e9telezz\u00fck. \u201e<em>Nem tudj\u00e1tok, hogy egy kev\u00e9s kov\u00e1sz az eg\u00e9sz t\u00e9szt\u00e1t megkeleszti? El a r\u00e9gi kov\u00e1sszal!<\/em>\u201d \u2013 \u00edrja az Apostol az els\u0151 korintusi lev\u00e9lben. A H\u00fasv\u00e9t el\u0151tti \u00e9letb\u0151l semmi rosszat, alantasat bele ne keverj\u00fcnk H\u00fasv\u00e9t ut\u00e1ni \u00e9let\u00fcnkbe! Nem arr\u00f3l van sz\u00f3, hogy mindj\u00e1rt v\u00e9tkezhetetlenn\u00e9 kell v\u00e1lnunk, de arr\u00f3l igen, hogy nem alkudhatunk meg t\u00f6bb\u00e9 rosszra val\u00f3 hajlamunkkal. Akkor val\u00f3ban bet\u00f6lti sz\u00edv\u00fcnket H\u00fasv\u00e9t m\u00falhatatlan ragyog\u00e1sa \u00e9s b\u00e9kess\u00e9ge, mellyel a mai napon k\u00f6sz\u00f6nt benn\u00fcnket a Felt\u00e1madott.<\/p>\n<p>Halottaib\u00f3l felt\u00e1madt \u00dar J\u00e9zus Krisztus, hi\u00e1ba keres\u00fcnk T\u00e9ged, az \u00f6r\u00f6kk\u00f6n \u00c9l\u0151t a holtak k\u00f6z\u00f6tt, az \u00fcres s\u00edrban, a leplek alatt. K\u00e9r\u00fcnk, seg\u00edts, hogy e vil\u00e1g nyilv\u00e1nval\u00f3 \u00fcress\u00e9geinek \u00fczenet\u00e9t meg\u00e9rtve m\u00e1r csak az odafentval\u00f3kat keress\u00fck, amelyek egyben \u201eidebentval\u00f3k\u201d is: a Te hal\u00e1lod \u00e9s felt\u00e1mad\u00e1sod \u00e1ltal \u00fajj\u00e1sz\u00fcletett ember sz\u00edv\u00e9nek \u00f6r\u00f6k h\u00fasv\u00e9ti val\u00f3s\u00e1gai.<\/p>\n<ul>\n<li><strong><em>Cs\u00f6nd, alatta elm\u00e9lked\u00e9s a hallott sz\u00f6vegr\u0151l<\/em><\/strong><\/li>\n<li><strong><em>Befejez\u0151 \u00e9nek:<\/em><\/strong><\/li>\n<\/ul>\n<p><strong>E:<\/strong> Most \u00fcnnepi sz\u00edvvel k\u00f6sz\u00f6nts\u00fck a F\u00f6lt\u00e1madott \u00e9desanyj\u00e1t, a Mennynek kir\u00e1lyn\u00e9j\u00e1t!<\/p>\n<p>1.- Mennynek kir\u00e1lyn\u00e9 asszonya,<\/p>\n<p>\u00d6r\u00fclj, sz\u00e9p Sz\u0171z, Alleluja!<\/p>\n<p>Mert, kit m\u00e9hedben hordozni<\/p>\n<p>M\u00e9lt\u00f3 volt\u00e1l, Alleluja!<\/p>\n<p>2.- Amint megmondotta vala,<\/p>\n<p>F\u00f6lt\u00e1madott, Alleluja!<\/p>\n<p>Im\u00e1dd Istent, hogy lemossa<\/p>\n<p>B\u0171neinket, Alleluja!<\/p>\n<p><strong>E:<\/strong> \u00d6r\u00fclj \u00e9s \u00f6rvendezz Sz\u0171z M\u00e1ria, alleluja!<\/p>\n<p><strong>M:<\/strong> Mert val\u00f3ban f\u00f6lt\u00e1madott az \u00dar, alleluja!<\/p>\n<p><strong>E:<\/strong> K\u00f6ny\u00f6r\u00f6gj\u00fcnk! \u00daristen, ki szent Fiadnak, a mi Urunk J\u00e9zus Krisztusnak f\u00f6lt\u00e1mad\u00e1s\u00e1val a vil\u00e1got meg\u00f6rvendeztetni m\u00e9lt\u00f3ztatt\u00e1l, add, k\u00e9r\u00fcnk, hogy az \u0151 anyja, Sz\u0171z M\u00e1ria \u00e1ltal az \u00f6r\u00f6k \u00e9let \u00f6r\u00f6meit elnyerhess\u00fck. Ugyanazon a mi Urunk J\u00e9zus Krisztus \u00e1ltal.<\/p>\n<p><strong>M:<\/strong> \u00c1men.<\/p>\n<p><a href=\"https:\/\/stuttgarti-katolikusok.de\/wp-content\/uploads\/2021\/03\/husvethetfo.jpg\"><img loading=\"lazy\" decoding=\"async\" class=\"alignnone size-full wp-image-21517\" src=\"https:\/\/stuttgarti-katolikusok.de\/wp-content\/uploads\/2021\/03\/husvethetfo.jpg\" alt=\"\" width=\"1280\" height=\"960\" srcset=\"https:\/\/stuttgarti-katolikusok.de\/wp-content\/uploads\/2021\/03\/husvethetfo.jpg 1280w, https:\/\/stuttgarti-katolikusok.de\/wp-content\/uploads\/2021\/03\/husvethetfo-300x225.jpg 300w, https:\/\/stuttgarti-katolikusok.de\/wp-content\/uploads\/2021\/03\/husvethetfo-1024x768.jpg 1024w, https:\/\/stuttgarti-katolikusok.de\/wp-content\/uploads\/2021\/03\/husvethetfo-164x124.jpg 164w\" sizes=\"auto, (max-width: 1280px) 100vw, 1280px\" \/><\/a><\/p>\n<p><span style=\"color: #ff6600;\"><strong>H\u00daSV\u00c9TH\u00c9TF\u0150<\/strong><\/span><\/p>\n<p>H\u00fasv\u00e9t 2. napj\u00e1n is k\u00f6zvet\u00edt\u00fcnk sz\u00e1motokra szentmis\u00e9t ugyancsak Stuttgartb\u00f3l <strong>\u00a09.30 \u00f3rakor.\u00a0<\/strong>A meghirdettett\u0151l elt\u00e9r\u0151en csak magyar nyelven lesz szentmis\u00e9nk, amelyet \u00fagyszint\u00e9n k\u00f6zvet\u00edt\u00fcnk.<\/p>\n<p>Ha nem tudn\u00e1tok r\u00e9szt venni rajta, vagy ism\u00e9t nem tal\u00e1ln\u00e1tok magyar nyelv\u0171 szentmis\u00e9t, akkor a nap folyam\u00e1n k\u00f6sz\u00f6nts\u00e9tek ism\u00e9t \u00c9gi \u00c9desany\u00e1nkat ek\u00e9ppen:<\/p>\n<p><strong>E:<\/strong> Most \u00fcnnepi sz\u00edvvel k\u00f6sz\u00f6nts\u00fck a F\u00f6lt\u00e1madott \u00e9desanyj\u00e1t, a Mennynek kir\u00e1lyn\u00e9j\u00e1t!<\/p>\n<p>1.- Mennynek kir\u00e1lyn\u00e9 asszonya,<\/p>\n<p>\u00d6r\u00fclj, sz\u00e9p Sz\u0171z, Alleluja!<\/p>\n<p>Mert, kit m\u00e9hedben hordozni<\/p>\n<p>M\u00e9lt\u00f3 volt\u00e1l, Alleluja!<\/p>\n<p>2.- Amint megmondotta vala,<\/p>\n<p>F\u00f6lt\u00e1madott, Alleluja!<\/p>\n<p>Im\u00e1dd Istent, hogy lemossa<\/p>\n<p>B\u0171neinket, Alleluja!<\/p>\n<p><strong>E:<\/strong> \u00d6r\u00fclj \u00e9s \u00f6rvendezz Sz\u0171z M\u00e1ria, alleluja!<\/p>\n<p><strong>M:<\/strong> Mert val\u00f3ban f\u00f6lt\u00e1madott az \u00dar, alleluja!<\/p>\n<p><strong>E:<\/strong> K\u00f6ny\u00f6r\u00f6gj\u00fcnk! \u00daristen, ki szent Fiadnak, a mi Urunk J\u00e9zus Krisztusnak f\u00f6lt\u00e1mad\u00e1s\u00e1val a vil\u00e1got meg\u00f6rvendeztetni m\u00e9lt\u00f3ztatt\u00e1l, add, k\u00e9r\u00fcnk, hogy az \u0151 anyja, Sz\u0171z M\u00e1ria \u00e1ltal az \u00f6r\u00f6k \u00e9let \u00f6r\u00f6meit elnyerhess\u00fck. Ugyanazon a mi Urunk J\u00e9zus Krisztus \u00e1ltal.<\/p>\n<p><strong>M:<\/strong> \u00c1men.<\/p>\n<p><strong><em>Ut\u00e1na pedig, szint\u00e9n a nap folyam\u00e1n, \u00f6nt\u00f6zz\u00e9tek meg csal\u00e1dotok n\u0151tagjait annak eml\u00e9k\u00e9re, hogy \u2013 a legenda szerint \u2013 el\u0151deik, J\u00e9zus n\u0151i tan\u00edtv\u00e1nyai, b\u00e1tran hirdett\u00e9k az \u0150 felt\u00e1mad\u00e1s\u00e1t annak ellen\u00e9re, hogy a katon\u00e1k v\u00edzzel le\u00f6ntve \u0151ket arra akart\u00e1k k\u00e9nyszer\u00edteni, hogy haza menjenek, \u00e9s ezt ne tegy\u00e9k&#8230; <\/em><\/strong><\/p>\n<p style=\"text-align: center;\"><strong>\u00a0<\/strong><span style=\"color: #ff9900;\"><strong>*****<\/strong><\/span><\/p>\n<p><strong>\u00a0<\/strong><\/p>\n<p><em>Kedves H\u00edveim, csak ism\u00e9telni tudom: \u201enoha ebben a k\u00fcl\u00f6nlegesen v\u00e1ls\u00e1gos id\u0151ben a szentmis\u00e9k \u00e9s a h\u00fasv\u00e9ti szertart\u00e1sok \u00faj form\u00e1ban \u00e9s adott esetben \u00faj tartalomban jelennek meg, Urunk J\u00e9zus Krisztus felt\u00e1mad\u00e1sa nem marad el! \u0150, Aki legy\u0151zte a b\u0171nt \u00e9s a hal\u00e1lt, k\u00e9pes ennek a v\u00edrus-j\u00e1rv\u00e1nynak a megzabol\u00e1z\u00e1s\u00e1ra. K\u00e9rj\u00fck h\u00e1t b\u0171nb\u00e1nattal \u00e9s bizalommal, hogy siessen seg\u00edts\u00e9g\u00fcnkre, ne engedjen elveszni benn\u00fcnket, \u00e9s ragyogja be \u00e9let\u00fcnket \u00fajra felt\u00e1mad\u00e1s\u00e1nak boldog\u00edt\u00f3 f\u00e9ny\u00e9vel!\u201d<\/em><\/p>\n<p><em>\u00a0<\/em><em>Lelkip\u00e1sztori szeretettel,<\/em><\/p>\n<p><em>Tibor atya<\/em><\/p>\n<p><em>Stuttgart, 202. m\u00e1rcius 27.<\/em><\/p>\n","protected":false},"excerpt":{"rendered":"<p>NAGYHETI \u00c9S H\u00daSV\u00c9TI \u00dcNNEPL\u00c9S\u00dcNK Egy \u00e9vvel kor\u00e1bban seg\u00e9danyagot igyekezt\u00fcnk rendelkez\u00e9setekre bocs\u00e1jtani Imre aty\u00e1val egy\u00fctt. Id\u0151 k\u00f6zben mindannyian hossz\u00fa utat tett\u00fcnk meg. \u00c9ppen ez\u00e9rt arra gondoltam, hogy hasznos seg\u00edts\u00e9g lesz, ha \u00fajra ell\u00e1togatunk arra az oldalra \u00e9s haszonnal forgatjuk majd az ottani im\u00e1ds\u00e1gokat, szertart\u00e1sokat. Fogadj\u00e1tok ezeket a sorokat szeretettel. A fontos inform\u00e1ci\u00f3kon t\u00fal ugyanis sok-sok szertart\u00e1st, im\u00e1t, \u00e9neket, szent\u00edr\u00e1si olvasm\u00e1nyt is tartalmaznak, amelyek nem csak arra val\u00f3k, hogy egy\u00e9nileg belekapcsol\u00f3djatok a szent napok szertart\u00e1saiba \u00e9s \u00edgy egy r\u00e9gebbi, de nagyon igaz \u00e9s tal\u00e1l\u00f3 kifejez\u00e9ssel megszent\u00fcljetek, hanem arra is \u2013 hisz otthon a csal\u00e1dban v\u00e9gzitek -, hogy az \u00fagynevezett csal\u00e1degyh\u00e1zaitokat er\u0151s\u00edts\u00e9k! Ha elolvast\u00e1tok, nyomtass\u00e1tok vagy nyomtattass\u00e1tok ki magatoknak, minden napra lebontva, s a megfelel\u0151 napokon majd \u00a0haszn\u00e1lj\u00e1tok lelketek jav\u00e1ra! Kezdj\u00fck h\u00e1t! \u00a0 VIR\u00c1GVAS\u00c1RNAP A vir\u00e1gvas\u00e1rnapi szentmise 12.00 \u00f3rakor lesz Stuttgartban, amelyet vissza is lehet n\u00e9zni Egyh\u00e1zk\u00f6zs\u00e9g\u00fcnk facebook-os oldal\u00e1n. Ha nem lenne r\u00e1 lehet\u0151s\u00e9getek, vagy m\u00e1sutt sem tal\u00e1ltok magyar csatorn\u00e1t, amelyen szentmis\u00e9n vehetn\u00e9tek r\u00e9szt, akkor a nap folyam\u00e1n valamikor, amikor egy\u00fctt vagytok, a k\u00f6vetkez\u0151 szertart\u00e1st v\u00e9gezz\u00e9tek el. \u00a0 El\u0151tte k\u00e9sz\u00edtsetek egy asztalra \u00e1ll\u00edthat\u00f3 keresztet. Vegyetek 4 gyerty\u00e1t, gondoskodjatok gyertyatart\u00f3kr\u00f3l (lehet 4 poh\u00e1r). Ah\u00e1ny gyermek van, annyi kis feh\u00e9r kend\u0151t k\u00e9sz\u00edtsetek el\u0151, amelyeket majd a fesz\u00fclet el\u00e9 ter\u00edtenek. V\u00e1gjatok el\u0151tte z\u00f6ld, vir\u00e1gos \u00e1gakat (pl. bark\u00e1t), hogy egy p\u00e1rat mindenki k\u00e9zbe vehessen bel\u0151le. Legyen a kezetekbe a Hozsanna \u00e9nekesk\u00f6nyv\u00fcnk, \u00e9s egy Szent\u00edr\u00e1s. El\u0151im\u00e1dkoz\u00f3: Az Atya, a Fi\u00fa \u00e9s a Szentl\u00e9lek nev\u00e9ben. Mind: \u00c1men. E: Szeretteim!\u00a0 A Nagyb\u00f6jt eleje \u00f3ta sz\u00edv\u00fcnket b\u0171nb\u00e1nattal \u00e9s j\u00f3cselekedetekkel m\u00e1r el\u0151k\u00e9sz\u00edtett\u00fck. Most az\u00e9rt j\u00f6tt \u00f6ssze a mi kis csal\u00e1dunk, hogy minden kereszt\u00e9ny testv\u00e9r\u00fcnkkel egy\u00fctt el\u0151re \u00e1t\u00e9lj\u00fck Urunk h\u00fasv\u00e9ti miszt\u00e9rium\u00e1t, vagyis szenved\u00e9s\u00e9t \u00e9s felt\u00e1mad\u00e1s\u00e1t. \u0150 ugyanis ezt a miszt\u00e9riumot akarta beteljes\u00edteni, amikor f\u00f6lment v\u00e1ros\u00e1ba, Jeruzs\u00e1lembe. Sz\u00edv\u00fcnk \u00e9l\u0151 hit\u00e9vel \u00e9s odaad\u00e1s\u00e1val eml\u00e9kez\u00fcnk meg err\u0151l az \u00fcdv\u00f6ss\u00e9gszerz\u0151 bevonul\u00e1sr\u00f3l. L\u00e9pj\u00fcnk mi is az \u00dar nyom\u00e1ba, hogy amint kegyelm\u00e9b\u0151l t\u00e1rsai vagyunk a kereszthordoz\u00e1sban, ugyan\u00fagy felt\u00e1mad\u00e1s\u00e1nak \u00e9s&#8230; <\/p>\n<p><a class=\"readmore\" href=\"https:\/\/stuttgarti-katolikusok.de\/index.php\/nagyheti-es-husveti-unneplesunk-vegleges\/\">R\u00e9szletek<\/a><\/p>\n","protected":false},"author":3,"featured_media":21516,"comment_status":"closed","ping_status":"closed","sticky":false,"template":"","format":"standard","meta":{"footnotes":""},"categories":[37],"tags":[],"class_list":["post-19304","post","type-post","status-publish","format-standard","has-post-thumbnail","hentry","category-progamelozetes"],"yoast_head":"<!-- This site is optimized with the Yoast SEO plugin v27.3 - https:\/\/yoast.com\/product\/yoast-seo-wordpress\/ -->\n<title>Nagyheti \u00e9s H\u00fasv\u00e9ti \u00fcnnepl\u00e9s\u00fcnk - Stuttgarti Katolikusok<\/title>\n<meta name=\"robots\" content=\"index, follow, max-snippet:-1, max-image-preview:large, max-video-preview:-1\" \/>\n<link rel=\"canonical\" href=\"https:\/\/stuttgarti-katolikusok.de\/index.php\/nagyheti-es-husveti-unneplesunk-vegleges\/\" \/>\n<meta property=\"og:locale\" content=\"hu_HU\" \/>\n<meta property=\"og:type\" content=\"article\" \/>\n<meta property=\"og:title\" content=\"Nagyheti \u00e9s H\u00fasv\u00e9ti \u00fcnnepl\u00e9s\u00fcnk - Stuttgarti Katolikusok\" \/>\n<meta property=\"og:description\" content=\"NAGYHETI \u00c9S H\u00daSV\u00c9TI \u00dcNNEPL\u00c9S\u00dcNK Egy \u00e9vvel kor\u00e1bban seg\u00e9danyagot igyekezt\u00fcnk rendelkez\u00e9setekre bocs\u00e1jtani Imre aty\u00e1val egy\u00fctt. Id\u0151 k\u00f6zben mindannyian hossz\u00fa utat tett\u00fcnk meg. \u00c9ppen ez\u00e9rt arra gondoltam, hogy hasznos seg\u00edts\u00e9g lesz, ha \u00fajra ell\u00e1togatunk arra az oldalra \u00e9s haszonnal forgatjuk majd az ottani im\u00e1ds\u00e1gokat, szertart\u00e1sokat. Fogadj\u00e1tok ezeket a sorokat szeretettel. A fontos inform\u00e1ci\u00f3kon t\u00fal ugyanis sok-sok szertart\u00e1st, im\u00e1t, \u00e9neket, szent\u00edr\u00e1si olvasm\u00e1nyt is tartalmaznak, amelyek nem csak arra val\u00f3k, hogy egy\u00e9nileg belekapcsol\u00f3djatok a szent napok szertart\u00e1saiba \u00e9s \u00edgy egy r\u00e9gebbi, de nagyon igaz \u00e9s tal\u00e1l\u00f3 kifejez\u00e9ssel megszent\u00fcljetek, hanem arra is \u2013 hisz otthon a csal\u00e1dban v\u00e9gzitek -, hogy az \u00fagynevezett csal\u00e1degyh\u00e1zaitokat er\u0151s\u00edts\u00e9k! Ha elolvast\u00e1tok, nyomtass\u00e1tok vagy nyomtattass\u00e1tok ki magatoknak, minden napra lebontva, s a megfelel\u0151 napokon majd \u00a0haszn\u00e1lj\u00e1tok lelketek jav\u00e1ra! Kezdj\u00fck h\u00e1t! \u00a0 VIR\u00c1GVAS\u00c1RNAP A vir\u00e1gvas\u00e1rnapi szentmise 12.00 \u00f3rakor lesz Stuttgartban, amelyet vissza is lehet n\u00e9zni Egyh\u00e1zk\u00f6zs\u00e9g\u00fcnk facebook-os oldal\u00e1n. Ha nem lenne r\u00e1 lehet\u0151s\u00e9getek, vagy m\u00e1sutt sem tal\u00e1ltok magyar csatorn\u00e1t, amelyen szentmis\u00e9n vehetn\u00e9tek r\u00e9szt, akkor a nap folyam\u00e1n valamikor, amikor egy\u00fctt vagytok, a k\u00f6vetkez\u0151 szertart\u00e1st v\u00e9gezz\u00e9tek el. \u00a0 El\u0151tte k\u00e9sz\u00edtsetek egy asztalra \u00e1ll\u00edthat\u00f3 keresztet. Vegyetek 4 gyerty\u00e1t, gondoskodjatok gyertyatart\u00f3kr\u00f3l (lehet 4 poh\u00e1r). Ah\u00e1ny gyermek van, annyi kis feh\u00e9r kend\u0151t k\u00e9sz\u00edtsetek el\u0151, amelyeket majd a fesz\u00fclet el\u00e9 ter\u00edtenek. V\u00e1gjatok el\u0151tte z\u00f6ld, vir\u00e1gos \u00e1gakat (pl. bark\u00e1t), hogy egy p\u00e1rat mindenki k\u00e9zbe vehessen bel\u0151le. Legyen a kezetekbe a Hozsanna \u00e9nekesk\u00f6nyv\u00fcnk, \u00e9s egy Szent\u00edr\u00e1s. El\u0151im\u00e1dkoz\u00f3: Az Atya, a Fi\u00fa \u00e9s a Szentl\u00e9lek nev\u00e9ben. Mind: \u00c1men. E: Szeretteim!\u00a0 A Nagyb\u00f6jt eleje \u00f3ta sz\u00edv\u00fcnket b\u0171nb\u00e1nattal \u00e9s j\u00f3cselekedetekkel m\u00e1r el\u0151k\u00e9sz\u00edtett\u00fck. Most az\u00e9rt j\u00f6tt \u00f6ssze a mi kis csal\u00e1dunk, hogy minden kereszt\u00e9ny testv\u00e9r\u00fcnkkel egy\u00fctt el\u0151re \u00e1t\u00e9lj\u00fck Urunk h\u00fasv\u00e9ti miszt\u00e9rium\u00e1t, vagyis szenved\u00e9s\u00e9t \u00e9s felt\u00e1mad\u00e1s\u00e1t. \u0150 ugyanis ezt a miszt\u00e9riumot akarta beteljes\u00edteni, amikor f\u00f6lment v\u00e1ros\u00e1ba, Jeruzs\u00e1lembe. Sz\u00edv\u00fcnk \u00e9l\u0151 hit\u00e9vel \u00e9s odaad\u00e1s\u00e1val eml\u00e9kez\u00fcnk meg err\u0151l az \u00fcdv\u00f6ss\u00e9gszerz\u0151 bevonul\u00e1sr\u00f3l. L\u00e9pj\u00fcnk mi is az \u00dar nyom\u00e1ba, hogy amint kegyelm\u00e9b\u0151l t\u00e1rsai vagyunk a kereszthordoz\u00e1sban, ugyan\u00fagy felt\u00e1mad\u00e1s\u00e1nak \u00e9s... R\u00e9szletek\" \/>\n<meta property=\"og:url\" content=\"https:\/\/stuttgarti-katolikusok.de\/index.php\/nagyheti-es-husveti-unneplesunk-vegleges\/\" \/>\n<meta property=\"og:site_name\" content=\"Stuttgarti Katolikusok\" \/>\n<meta property=\"article:published_time\" content=\"2020-04-03T16:27:10+00:00\" \/>\n<meta property=\"article:modified_time\" content=\"2021-04-02T12:33:44+00:00\" \/>\n<meta property=\"og:image\" content=\"https:\/\/stuttgarti-katolikusok.de\/wp-content\/uploads\/2021\/03\/jesus-4779543-1280.jpg\" \/>\n\t<meta property=\"og:image:width\" content=\"1280\" \/>\n\t<meta property=\"og:image:height\" content=\"723\" \/>\n\t<meta property=\"og:image:type\" content=\"image\/jpeg\" \/>\n<meta name=\"author\" content=\"Tibor atya\" \/>\n<meta name=\"twitter:card\" content=\"summary_large_image\" \/>\n<meta name=\"twitter:label1\" content=\"Szerz\u0151:\" \/>\n\t<meta name=\"twitter:data1\" content=\"Tibor atya\" \/>\n\t<meta name=\"twitter:label2\" content=\"Becs\u00fclt olvas\u00e1si id\u0151\" \/>\n\t<meta name=\"twitter:data2\" content=\"73 perc\" \/>\n<script type=\"application\/ld+json\" class=\"yoast-schema-graph\">{\"@context\":\"https:\\\/\\\/schema.org\",\"@graph\":[{\"@type\":\"Article\",\"@id\":\"https:\\\/\\\/stuttgarti-katolikusok.de\\\/index.php\\\/nagyheti-es-husveti-unneplesunk-vegleges\\\/#article\",\"isPartOf\":{\"@id\":\"https:\\\/\\\/stuttgarti-katolikusok.de\\\/index.php\\\/nagyheti-es-husveti-unneplesunk-vegleges\\\/\"},\"author\":{\"name\":\"Tibor atya\",\"@id\":\"https:\\\/\\\/stuttgarti-katolikusok.de\\\/#\\\/schema\\\/person\\\/75908d6f8fdc03a57889d27209df7795\"},\"headline\":\"Nagyheti \u00e9s H\u00fasv\u00e9ti \u00fcnnepl\u00e9s\u00fcnk\",\"datePublished\":\"2020-04-03T16:27:10+00:00\",\"dateModified\":\"2021-04-02T12:33:44+00:00\",\"mainEntityOfPage\":{\"@id\":\"https:\\\/\\\/stuttgarti-katolikusok.de\\\/index.php\\\/nagyheti-es-husveti-unneplesunk-vegleges\\\/\"},\"wordCount\":14569,\"image\":{\"@id\":\"https:\\\/\\\/stuttgarti-katolikusok.de\\\/index.php\\\/nagyheti-es-husveti-unneplesunk-vegleges\\\/#primaryimage\"},\"thumbnailUrl\":\"https:\\\/\\\/stuttgarti-katolikusok.de\\\/wp-content\\\/uploads\\\/2021\\\/03\\\/jesus-4779543-1280.jpg\",\"articleSection\":[\"Progamel\u0151zetes\"],\"inLanguage\":\"hu\"},{\"@type\":\"WebPage\",\"@id\":\"https:\\\/\\\/stuttgarti-katolikusok.de\\\/index.php\\\/nagyheti-es-husveti-unneplesunk-vegleges\\\/\",\"url\":\"https:\\\/\\\/stuttgarti-katolikusok.de\\\/index.php\\\/nagyheti-es-husveti-unneplesunk-vegleges\\\/\",\"name\":\"Nagyheti \u00e9s H\u00fasv\u00e9ti \u00fcnnepl\u00e9s\u00fcnk - Stuttgarti Katolikusok\",\"isPartOf\":{\"@id\":\"https:\\\/\\\/stuttgarti-katolikusok.de\\\/#website\"},\"primaryImageOfPage\":{\"@id\":\"https:\\\/\\\/stuttgarti-katolikusok.de\\\/index.php\\\/nagyheti-es-husveti-unneplesunk-vegleges\\\/#primaryimage\"},\"image\":{\"@id\":\"https:\\\/\\\/stuttgarti-katolikusok.de\\\/index.php\\\/nagyheti-es-husveti-unneplesunk-vegleges\\\/#primaryimage\"},\"thumbnailUrl\":\"https:\\\/\\\/stuttgarti-katolikusok.de\\\/wp-content\\\/uploads\\\/2021\\\/03\\\/jesus-4779543-1280.jpg\",\"datePublished\":\"2020-04-03T16:27:10+00:00\",\"dateModified\":\"2021-04-02T12:33:44+00:00\",\"author\":{\"@id\":\"https:\\\/\\\/stuttgarti-katolikusok.de\\\/#\\\/schema\\\/person\\\/75908d6f8fdc03a57889d27209df7795\"},\"breadcrumb\":{\"@id\":\"https:\\\/\\\/stuttgarti-katolikusok.de\\\/index.php\\\/nagyheti-es-husveti-unneplesunk-vegleges\\\/#breadcrumb\"},\"inLanguage\":\"hu\",\"potentialAction\":[{\"@type\":\"ReadAction\",\"target\":[\"https:\\\/\\\/stuttgarti-katolikusok.de\\\/index.php\\\/nagyheti-es-husveti-unneplesunk-vegleges\\\/\"]}]},{\"@type\":\"ImageObject\",\"inLanguage\":\"hu\",\"@id\":\"https:\\\/\\\/stuttgarti-katolikusok.de\\\/index.php\\\/nagyheti-es-husveti-unneplesunk-vegleges\\\/#primaryimage\",\"url\":\"https:\\\/\\\/stuttgarti-katolikusok.de\\\/wp-content\\\/uploads\\\/2021\\\/03\\\/jesus-4779543-1280.jpg\",\"contentUrl\":\"https:\\\/\\\/stuttgarti-katolikusok.de\\\/wp-content\\\/uploads\\\/2021\\\/03\\\/jesus-4779543-1280.jpg\",\"width\":1280,\"height\":723},{\"@type\":\"BreadcrumbList\",\"@id\":\"https:\\\/\\\/stuttgarti-katolikusok.de\\\/index.php\\\/nagyheti-es-husveti-unneplesunk-vegleges\\\/#breadcrumb\",\"itemListElement\":[{\"@type\":\"ListItem\",\"position\":1,\"name\":\"Kezd\u0151lap\",\"item\":\"https:\\\/\\\/stuttgarti-katolikusok.de\\\/\"},{\"@type\":\"ListItem\",\"position\":2,\"name\":\"Nagyheti \u00e9s H\u00fasv\u00e9ti \u00fcnnepl\u00e9s\u00fcnk\"}]},{\"@type\":\"WebSite\",\"@id\":\"https:\\\/\\\/stuttgarti-katolikusok.de\\\/#website\",\"url\":\"https:\\\/\\\/stuttgarti-katolikusok.de\\\/\",\"name\":\"Stuttgarti Katolikusok\",\"description\":\"\",\"potentialAction\":[{\"@type\":\"SearchAction\",\"target\":{\"@type\":\"EntryPoint\",\"urlTemplate\":\"https:\\\/\\\/stuttgarti-katolikusok.de\\\/?s={search_term_string}\"},\"query-input\":{\"@type\":\"PropertyValueSpecification\",\"valueRequired\":true,\"valueName\":\"search_term_string\"}}],\"inLanguage\":\"hu\"},{\"@type\":\"Person\",\"@id\":\"https:\\\/\\\/stuttgarti-katolikusok.de\\\/#\\\/schema\\\/person\\\/75908d6f8fdc03a57889d27209df7795\",\"name\":\"Tibor atya\",\"image\":{\"@type\":\"ImageObject\",\"inLanguage\":\"hu\",\"@id\":\"https:\\\/\\\/secure.gravatar.com\\\/avatar\\\/61d268e57d1f4525b111222e29d2d5a7f8c420fdbf231ba5566a8ceac74fa960?s=96&d=mm&r=g\",\"url\":\"https:\\\/\\\/secure.gravatar.com\\\/avatar\\\/61d268e57d1f4525b111222e29d2d5a7f8c420fdbf231ba5566a8ceac74fa960?s=96&d=mm&r=g\",\"contentUrl\":\"https:\\\/\\\/secure.gravatar.com\\\/avatar\\\/61d268e57d1f4525b111222e29d2d5a7f8c420fdbf231ba5566a8ceac74fa960?s=96&d=mm&r=g\",\"caption\":\"Tibor atya\"},\"url\":\"https:\\\/\\\/stuttgarti-katolikusok.de\\\/index.php\\\/author\\\/tibor-atya\\\/\"}]}<\/script>\n<!-- \/ Yoast SEO plugin. -->","yoast_head_json":{"title":"Nagyheti \u00e9s H\u00fasv\u00e9ti \u00fcnnepl\u00e9s\u00fcnk - Stuttgarti Katolikusok","robots":{"index":"index","follow":"follow","max-snippet":"max-snippet:-1","max-image-preview":"max-image-preview:large","max-video-preview":"max-video-preview:-1"},"canonical":"https:\/\/stuttgarti-katolikusok.de\/index.php\/nagyheti-es-husveti-unneplesunk-vegleges\/","og_locale":"hu_HU","og_type":"article","og_title":"Nagyheti \u00e9s H\u00fasv\u00e9ti \u00fcnnepl\u00e9s\u00fcnk - Stuttgarti Katolikusok","og_description":"NAGYHETI \u00c9S H\u00daSV\u00c9TI \u00dcNNEPL\u00c9S\u00dcNK Egy \u00e9vvel kor\u00e1bban seg\u00e9danyagot igyekezt\u00fcnk rendelkez\u00e9setekre bocs\u00e1jtani Imre aty\u00e1val egy\u00fctt. Id\u0151 k\u00f6zben mindannyian hossz\u00fa utat tett\u00fcnk meg. \u00c9ppen ez\u00e9rt arra gondoltam, hogy hasznos seg\u00edts\u00e9g lesz, ha \u00fajra ell\u00e1togatunk arra az oldalra \u00e9s haszonnal forgatjuk majd az ottani im\u00e1ds\u00e1gokat, szertart\u00e1sokat. Fogadj\u00e1tok ezeket a sorokat szeretettel. A fontos inform\u00e1ci\u00f3kon t\u00fal ugyanis sok-sok szertart\u00e1st, im\u00e1t, \u00e9neket, szent\u00edr\u00e1si olvasm\u00e1nyt is tartalmaznak, amelyek nem csak arra val\u00f3k, hogy egy\u00e9nileg belekapcsol\u00f3djatok a szent napok szertart\u00e1saiba \u00e9s \u00edgy egy r\u00e9gebbi, de nagyon igaz \u00e9s tal\u00e1l\u00f3 kifejez\u00e9ssel megszent\u00fcljetek, hanem arra is \u2013 hisz otthon a csal\u00e1dban v\u00e9gzitek -, hogy az \u00fagynevezett csal\u00e1degyh\u00e1zaitokat er\u0151s\u00edts\u00e9k! Ha elolvast\u00e1tok, nyomtass\u00e1tok vagy nyomtattass\u00e1tok ki magatoknak, minden napra lebontva, s a megfelel\u0151 napokon majd \u00a0haszn\u00e1lj\u00e1tok lelketek jav\u00e1ra! Kezdj\u00fck h\u00e1t! \u00a0 VIR\u00c1GVAS\u00c1RNAP A vir\u00e1gvas\u00e1rnapi szentmise 12.00 \u00f3rakor lesz Stuttgartban, amelyet vissza is lehet n\u00e9zni Egyh\u00e1zk\u00f6zs\u00e9g\u00fcnk facebook-os oldal\u00e1n. Ha nem lenne r\u00e1 lehet\u0151s\u00e9getek, vagy m\u00e1sutt sem tal\u00e1ltok magyar csatorn\u00e1t, amelyen szentmis\u00e9n vehetn\u00e9tek r\u00e9szt, akkor a nap folyam\u00e1n valamikor, amikor egy\u00fctt vagytok, a k\u00f6vetkez\u0151 szertart\u00e1st v\u00e9gezz\u00e9tek el. \u00a0 El\u0151tte k\u00e9sz\u00edtsetek egy asztalra \u00e1ll\u00edthat\u00f3 keresztet. Vegyetek 4 gyerty\u00e1t, gondoskodjatok gyertyatart\u00f3kr\u00f3l (lehet 4 poh\u00e1r). Ah\u00e1ny gyermek van, annyi kis feh\u00e9r kend\u0151t k\u00e9sz\u00edtsetek el\u0151, amelyeket majd a fesz\u00fclet el\u00e9 ter\u00edtenek. V\u00e1gjatok el\u0151tte z\u00f6ld, vir\u00e1gos \u00e1gakat (pl. bark\u00e1t), hogy egy p\u00e1rat mindenki k\u00e9zbe vehessen bel\u0151le. Legyen a kezetekbe a Hozsanna \u00e9nekesk\u00f6nyv\u00fcnk, \u00e9s egy Szent\u00edr\u00e1s. El\u0151im\u00e1dkoz\u00f3: Az Atya, a Fi\u00fa \u00e9s a Szentl\u00e9lek nev\u00e9ben. Mind: \u00c1men. E: Szeretteim!\u00a0 A Nagyb\u00f6jt eleje \u00f3ta sz\u00edv\u00fcnket b\u0171nb\u00e1nattal \u00e9s j\u00f3cselekedetekkel m\u00e1r el\u0151k\u00e9sz\u00edtett\u00fck. Most az\u00e9rt j\u00f6tt \u00f6ssze a mi kis csal\u00e1dunk, hogy minden kereszt\u00e9ny testv\u00e9r\u00fcnkkel egy\u00fctt el\u0151re \u00e1t\u00e9lj\u00fck Urunk h\u00fasv\u00e9ti miszt\u00e9rium\u00e1t, vagyis szenved\u00e9s\u00e9t \u00e9s felt\u00e1mad\u00e1s\u00e1t. \u0150 ugyanis ezt a miszt\u00e9riumot akarta beteljes\u00edteni, amikor f\u00f6lment v\u00e1ros\u00e1ba, Jeruzs\u00e1lembe. Sz\u00edv\u00fcnk \u00e9l\u0151 hit\u00e9vel \u00e9s odaad\u00e1s\u00e1val eml\u00e9kez\u00fcnk meg err\u0151l az \u00fcdv\u00f6ss\u00e9gszerz\u0151 bevonul\u00e1sr\u00f3l. L\u00e9pj\u00fcnk mi is az \u00dar nyom\u00e1ba, hogy amint kegyelm\u00e9b\u0151l t\u00e1rsai vagyunk a kereszthordoz\u00e1sban, ugyan\u00fagy felt\u00e1mad\u00e1s\u00e1nak \u00e9s... R\u00e9szletek","og_url":"https:\/\/stuttgarti-katolikusok.de\/index.php\/nagyheti-es-husveti-unneplesunk-vegleges\/","og_site_name":"Stuttgarti Katolikusok","article_published_time":"2020-04-03T16:27:10+00:00","article_modified_time":"2021-04-02T12:33:44+00:00","og_image":[{"width":1280,"height":723,"url":"https:\/\/stuttgarti-katolikusok.de\/wp-content\/uploads\/2021\/03\/jesus-4779543-1280.jpg","type":"image\/jpeg"}],"author":"Tibor atya","twitter_card":"summary_large_image","twitter_misc":{"Szerz\u0151:":"Tibor atya","Becs\u00fclt olvas\u00e1si id\u0151":"73 perc"},"schema":{"@context":"https:\/\/schema.org","@graph":[{"@type":"Article","@id":"https:\/\/stuttgarti-katolikusok.de\/index.php\/nagyheti-es-husveti-unneplesunk-vegleges\/#article","isPartOf":{"@id":"https:\/\/stuttgarti-katolikusok.de\/index.php\/nagyheti-es-husveti-unneplesunk-vegleges\/"},"author":{"name":"Tibor atya","@id":"https:\/\/stuttgarti-katolikusok.de\/#\/schema\/person\/75908d6f8fdc03a57889d27209df7795"},"headline":"Nagyheti \u00e9s H\u00fasv\u00e9ti \u00fcnnepl\u00e9s\u00fcnk","datePublished":"2020-04-03T16:27:10+00:00","dateModified":"2021-04-02T12:33:44+00:00","mainEntityOfPage":{"@id":"https:\/\/stuttgarti-katolikusok.de\/index.php\/nagyheti-es-husveti-unneplesunk-vegleges\/"},"wordCount":14569,"image":{"@id":"https:\/\/stuttgarti-katolikusok.de\/index.php\/nagyheti-es-husveti-unneplesunk-vegleges\/#primaryimage"},"thumbnailUrl":"https:\/\/stuttgarti-katolikusok.de\/wp-content\/uploads\/2021\/03\/jesus-4779543-1280.jpg","articleSection":["Progamel\u0151zetes"],"inLanguage":"hu"},{"@type":"WebPage","@id":"https:\/\/stuttgarti-katolikusok.de\/index.php\/nagyheti-es-husveti-unneplesunk-vegleges\/","url":"https:\/\/stuttgarti-katolikusok.de\/index.php\/nagyheti-es-husveti-unneplesunk-vegleges\/","name":"Nagyheti \u00e9s H\u00fasv\u00e9ti \u00fcnnepl\u00e9s\u00fcnk - Stuttgarti Katolikusok","isPartOf":{"@id":"https:\/\/stuttgarti-katolikusok.de\/#website"},"primaryImageOfPage":{"@id":"https:\/\/stuttgarti-katolikusok.de\/index.php\/nagyheti-es-husveti-unneplesunk-vegleges\/#primaryimage"},"image":{"@id":"https:\/\/stuttgarti-katolikusok.de\/index.php\/nagyheti-es-husveti-unneplesunk-vegleges\/#primaryimage"},"thumbnailUrl":"https:\/\/stuttgarti-katolikusok.de\/wp-content\/uploads\/2021\/03\/jesus-4779543-1280.jpg","datePublished":"2020-04-03T16:27:10+00:00","dateModified":"2021-04-02T12:33:44+00:00","author":{"@id":"https:\/\/stuttgarti-katolikusok.de\/#\/schema\/person\/75908d6f8fdc03a57889d27209df7795"},"breadcrumb":{"@id":"https:\/\/stuttgarti-katolikusok.de\/index.php\/nagyheti-es-husveti-unneplesunk-vegleges\/#breadcrumb"},"inLanguage":"hu","potentialAction":[{"@type":"ReadAction","target":["https:\/\/stuttgarti-katolikusok.de\/index.php\/nagyheti-es-husveti-unneplesunk-vegleges\/"]}]},{"@type":"ImageObject","inLanguage":"hu","@id":"https:\/\/stuttgarti-katolikusok.de\/index.php\/nagyheti-es-husveti-unneplesunk-vegleges\/#primaryimage","url":"https:\/\/stuttgarti-katolikusok.de\/wp-content\/uploads\/2021\/03\/jesus-4779543-1280.jpg","contentUrl":"https:\/\/stuttgarti-katolikusok.de\/wp-content\/uploads\/2021\/03\/jesus-4779543-1280.jpg","width":1280,"height":723},{"@type":"BreadcrumbList","@id":"https:\/\/stuttgarti-katolikusok.de\/index.php\/nagyheti-es-husveti-unneplesunk-vegleges\/#breadcrumb","itemListElement":[{"@type":"ListItem","position":1,"name":"Kezd\u0151lap","item":"https:\/\/stuttgarti-katolikusok.de\/"},{"@type":"ListItem","position":2,"name":"Nagyheti \u00e9s H\u00fasv\u00e9ti \u00fcnnepl\u00e9s\u00fcnk"}]},{"@type":"WebSite","@id":"https:\/\/stuttgarti-katolikusok.de\/#website","url":"https:\/\/stuttgarti-katolikusok.de\/","name":"Stuttgarti Katolikusok","description":"","potentialAction":[{"@type":"SearchAction","target":{"@type":"EntryPoint","urlTemplate":"https:\/\/stuttgarti-katolikusok.de\/?s={search_term_string}"},"query-input":{"@type":"PropertyValueSpecification","valueRequired":true,"valueName":"search_term_string"}}],"inLanguage":"hu"},{"@type":"Person","@id":"https:\/\/stuttgarti-katolikusok.de\/#\/schema\/person\/75908d6f8fdc03a57889d27209df7795","name":"Tibor atya","image":{"@type":"ImageObject","inLanguage":"hu","@id":"https:\/\/secure.gravatar.com\/avatar\/61d268e57d1f4525b111222e29d2d5a7f8c420fdbf231ba5566a8ceac74fa960?s=96&d=mm&r=g","url":"https:\/\/secure.gravatar.com\/avatar\/61d268e57d1f4525b111222e29d2d5a7f8c420fdbf231ba5566a8ceac74fa960?s=96&d=mm&r=g","contentUrl":"https:\/\/secure.gravatar.com\/avatar\/61d268e57d1f4525b111222e29d2d5a7f8c420fdbf231ba5566a8ceac74fa960?s=96&d=mm&r=g","caption":"Tibor atya"},"url":"https:\/\/stuttgarti-katolikusok.de\/index.php\/author\/tibor-atya\/"}]}},"_links":{"self":[{"href":"https:\/\/stuttgarti-katolikusok.de\/index.php\/wp-json\/wp\/v2\/posts\/19304","targetHints":{"allow":["GET"]}}],"collection":[{"href":"https:\/\/stuttgarti-katolikusok.de\/index.php\/wp-json\/wp\/v2\/posts"}],"about":[{"href":"https:\/\/stuttgarti-katolikusok.de\/index.php\/wp-json\/wp\/v2\/types\/post"}],"author":[{"embeddable":true,"href":"https:\/\/stuttgarti-katolikusok.de\/index.php\/wp-json\/wp\/v2\/users\/3"}],"replies":[{"embeddable":true,"href":"https:\/\/stuttgarti-katolikusok.de\/index.php\/wp-json\/wp\/v2\/comments?post=19304"}],"version-history":[{"count":5,"href":"https:\/\/stuttgarti-katolikusok.de\/index.php\/wp-json\/wp\/v2\/posts\/19304\/revisions"}],"predecessor-version":[{"id":21602,"href":"https:\/\/stuttgarti-katolikusok.de\/index.php\/wp-json\/wp\/v2\/posts\/19304\/revisions\/21602"}],"wp:featuredmedia":[{"embeddable":true,"href":"https:\/\/stuttgarti-katolikusok.de\/index.php\/wp-json\/wp\/v2\/media\/21516"}],"wp:attachment":[{"href":"https:\/\/stuttgarti-katolikusok.de\/index.php\/wp-json\/wp\/v2\/media?parent=19304"}],"wp:term":[{"taxonomy":"category","embeddable":true,"href":"https:\/\/stuttgarti-katolikusok.de\/index.php\/wp-json\/wp\/v2\/categories?post=19304"},{"taxonomy":"post_tag","embeddable":true,"href":"https:\/\/stuttgarti-katolikusok.de\/index.php\/wp-json\/wp\/v2\/tags?post=19304"}],"curies":[{"name":"wp","href":"https:\/\/api.w.org\/{rel}","templated":true}]}}