{"id":19274,"date":"2020-03-28T06:03:01","date_gmt":"2020-03-28T06:03:01","guid":{"rendered":"https:\/\/gracious-dewdney.138-201-221-2.plesk.page\/?p=19274"},"modified":"2020-03-28T23:41:08","modified_gmt":"2020-03-28T23:41:08","slug":"nagyheti-es-husveti-unneplesunk","status":"publish","type":"post","link":"https:\/\/stuttgarti-katolikusok.de\/index.php\/nagyheti-es-husveti-unneplesunk\/","title":{"rendered":"Nagyheti \u00e9s H\u00fasv\u00e9ti \u00fcnnepl\u00e9s\u00fcnk"},"content":{"rendered":"<p><em>+! Kedves H\u00edveink!<\/em><\/p>\n<p><em>Ez lesz az egyh\u00e1zt\u00f6rt\u00e9nelemben az els\u0151 eset, hogy a kereszt\u00e9nys\u00e9g egy jelent\u0151s r\u00e9sze \u2013 felszabadul\u00e1sa \u00f3ta (Kr.u.313) \u2013 nem tudja k\u00f6z\u00f6ss\u00e9gben meg\u00fcnnepelni hit\u00fcnk legnagyobb \u00fcnnep\u00e9t, Urunk J\u00e9zus felt\u00e1mad\u00e1s\u00e1nak napj\u00e1t: a H\u00fasv\u00e9tot. A vil\u00e1gj\u00e1rv\u00e1ny lek\u00fczd\u00e9se nagy er\u0151fesz\u00edt\u00e9seket \u00e9s \u00e1ldozatokat k\u00edv\u00e1n a h\u00edvekt\u0151l kezdve lelkip\u00e1sztorain \u00e9s p\u00fcsp\u00f6kein kereszt\u00fcl eg\u00e9szen a p\u00e1p\u00e1ig, s az egyik \u00e9ppen ez a mag\u00e1nyios \u00fcnnepl\u00e9s. Nemcsak a Szentatya, de mi is egyed\u00fcl fogunk \u00fcnnepelni \u2013 otthon. Helyesebben mi, lelkip\u00e1sztorok h\u00edv\u0151k n\u00e9lk\u00fcl a templomban, Ti otthon, h\u00e1zaitokban \u00e9s lak\u00e1saitokban.<\/em><\/p>\n<p><em>Hogy az \u00fcnnepl\u00e9s egys\u00e9gesen, \u00e9s liturgikus szemponb\u00f3l helyesen t\u00f6rt\u00e9nj\u00e9k, a Szents\u00e9gi \u00e9s Fegyelmi Kongreg\u00e1ci\u00f3 R\u00f3m\u00e1ban k\u00e9t rendelkez\u00e9st adott ki. El\u0151sz\u00f6r ezeket hozzuk Nektek (I.), azut\u00e1n a minket befogad\u00f3 s nek\u00fcnk otthont ad\u00f3 Rottenburg-Stuttgarti Egyh\u00e1zmegye p\u00fcsp\u00f6k\u00e9nek, Dr. Gebhard F\u00fcrstnek ezekhez a rendelkez\u00e9sekhez f\u0171z\u00f6tt magyar\u00e1zat\u00e1t (II.), v\u00e9g\u00fcl pedig a mi \u2013 Szent Gell\u00e9rtr\u0151l elnevezett Magyar Katolikus \u2013Egyh\u00e1zk\u00f6zs\u00e9g\u00fcnknek az idei H\u00fasv\u00e9ttal kapcsolatos utas\u00edt\u00e1sait (III.).<\/em><\/p>\n<p><em>Fogadj\u00e1tok szeretettel, s ha tehetitek, tarts\u00e1tok magatokat hozz\u00e1. Hissz\u00fck, hogy lelketek \u00e9s eg\u00e9sz egyh\u00e1zk\u00f6zs\u00e9g\u00fcnk jav\u00e1ra v\u00e1lik!<\/em><\/p>\n<p><strong><em>\u00a0<\/em>I.<\/strong><\/p>\n<h4>H\u00fasv\u00e9ti szertart\u00e1sok rendje \u2013 \u00dajabb liturgikus rendelkez\u00e9sek a COVID-19-j\u00e1rv\u00e1ny idej\u00e9re<\/h4>\n<h5><em>Itt k\u00f6z\u00f6lj\u00fck az Istentiszteleti \u00e9s Szents\u00e9gi Fegyelmi Kongreg\u00e1ci\u00f3 154\/20. sz., m\u00e1rcius 25-\u00e9n kelt \u00fajabb dekr\u00e9tuma \u2013 valamint az ahhoz kapcsol\u00f3d\u00f3 megjegyz\u00e9s \u2013 magyar ford\u00edt\u00e1s\u00e1t, amelyet a COVID-19-j\u00e1rv\u00e1ny miatt a latin r\u00edtus\u00fa nagyheti szertart\u00e1sok rendj\u00e9vel kapcsolatban hozott.<\/em><\/h5>\n<p>Prot. N. 153\/20<\/p>\n<p><strong>DEKR\u00c9TUM COVID-19 J\u00c1RV\u00c1NY IDEJ\u00c9RE<\/strong><\/p>\n<p>Ebben a neh\u00e9z id\u0151szakban, amit a Covid-19 okozta j\u00e1rv\u00e1ny jelent, figyelembe v\u00e9ve, hogy a kiadott rendelkez\u00e9sek miatt a liturgi\u00e1k k\u00f6z\u00f6s \u00fcnnepl\u00e9se a templomokban ellehetetlen\u00fclt, ahogy azt a megy\u00e9sp\u00fcsp\u00f6k\u00f6k a saj\u00e1t ter\u00fclet\u00fckre vonatkoz\u00f3an jelezt\u00e9k, beadv\u00e1nyok \u00e9rkeztek ehhez a Kongreg\u00e1ci\u00f3hoz a k\u00f6zelg\u0151 h\u00fasv\u00e9ti \u00fcnnepek kapcs\u00e1n. Ez\u00e9rt, erre vonatkoz\u00f3an, a k\u00f6vetkez\u0151 \u00e1ltal\u00e1nos elveket \u00e9s tan\u00e1csokat aj\u00e1nljuk a p\u00fcsp\u00f6k\u00f6knek.<\/p>\n<p>1 &#8211; A H\u00fasv\u00e9t \u00dcnnep\u00e9nek d\u00e1tuma:<\/p>\n<p>Mint a liturgikus \u00e9v sz\u00edve, a H\u00fasv\u00e9t, egyetlen m\u00e1sik \u00fcnnephez sem hasonl\u00f3: h\u00e1rom napon kereszt\u00fcl t\u00f6rt\u00e9n\u0151 \u00fcnnepl\u00e9se, a H\u00fasv\u00e9ti Szent H\u00e1romnap, melyet megel\u0151z a Nagyb\u00f6jt \u00e9s megkoron\u00e1z a P\u00fcnk\u00f6sd, nem helyezhet\u0151 \u00e1t.<\/p>\n<p>2 &#8211; A Krizmaszentel\u00e9si mise.<\/p>\n<p>Alkalmazkodva a k\u00fcl\u00f6nf\u00e9le orsz\u00e1gokban l\u00e9v\u0151 konkr\u00e9t helyzethez, a p\u00fcsp\u00f6k megteheti, hogy a krizmaszentel\u00e9si mis\u00e9t egy k\u00e9s\u0151bbi d\u00e1tumra halasztja.<\/p>\n<p>3 &#8211; A H\u00fasv\u00e9ti Szent H\u00e1romnaphoz k\u00f6t\u0151d\u0151 \u00fatmutat\u00e1sok:<\/p>\n<p>Ott, ahol a civil \u00e9s egyh\u00e1zi hat\u00f3s\u00e1gok korl\u00e1toz\u00e1sokat l\u00e9ptettek \u00e9letbe, a H\u00fasv\u00e9ti Szent H\u00e1romnappal kapcsolatban az al\u00e1bbiakhoz kell igazodni:<\/p>\n<p>A p\u00fcsp\u00f6k\u00f6k adjanak \u00fatmutat\u00e1sokat arra vonatkoz\u00f3an &#8211; egyet\u00e9rt\u00e9sben a P\u00fcsp\u00f6ki Konferenci\u00e1val -, hogy a sz\u00e9kesegyh\u00e1zakban \u00e9s pl\u00e9b\u00e1niatemplomokban, a h\u00edvek fizikai r\u00e9szv\u00e9tel\u00e9nek hi\u00e1nya ellen\u00e9re, a p\u00fcsp\u00f6k \u00e9s a pl\u00e9b\u00e1nosok \u00fcnnepelj\u00e9k meg a H\u00fasv\u00e9ti Szent H\u00e1romnap liturgi\u00e1inak miszt\u00e9riumait, \u00e9rtes\u00edtve a h\u00edveket a kezd\u00e9s id\u0151pontj\u00e1r\u00f3l, hogy lak\u00f3helyeiken im\u00e1ds\u00e1gban egyes\u00fclhessenek az \u00fcnnepl\u00e9ssel. Ebben az esetben hatalmas seg\u00edts\u00e9get jelent a modern kommunik\u00e1ci\u00f3s eszk\u00f6z\u00f6k seg\u00edts\u00e9g\u00e9vel t\u00f6rt\u00e9n\u0151 \u00e9l\u0151 k\u00f6zvet\u00edt\u00e9s, nem felv\u00e9telr\u0151l.<\/p>\n<p>A P\u00fcsp\u00f6ki Konferencia \u00e9s az egyes egyh\u00e1zmegy\u00e9k is aj\u00e1nljanak seg\u00e9danyagokat a csal\u00e1di \u00e9s a szem\u00e9lyes im\u00e1ds\u00e1ghoz.<\/p>\n<p>Nagycs\u00fct\u00f6rt\u00f6k\u00f6n, a sz\u00e9kesegyh\u00e1zakban \u00e9s a pl\u00e9b\u00e1niatemplomokban, olyan m\u00e9rt\u00e9kben, amilyenben a val\u00f3s\u00e1gos helyzetet figyelembe v\u00e9ve a felel\u0151s\u00f6k lehets\u00e9gesnek tartj\u00e1k, a papok koncelebr\u00e1lhatj\u00e1k az Utols\u00f3 vacsora eml\u00e9kmis\u00e9j\u00e9t.<\/p>\n<p>Ugyanakkor kiv\u00e9telesen minden pap enged\u00e9lyt kap arra, hogy megfelel\u0151 helyen, ezen a napon n\u00e9p n\u00e9lk\u00fcl is mis\u00e9t (mag\u00e1nmis\u00e9t) celebr\u00e1ljon. A L\u00e1bmos\u00e1s fakultat\u00edv szertart\u00e1s\u00e1t hagyjuk el. Az Utols\u00f3 vacsora eml\u00e9kmis\u00e9j\u00e9nek v\u00e9g\u00e9n elmarad az Olt\u00e1riszents\u00e9g \u00e1tvitele, \u00e9s azt tov\u00e1bbra is a tabern\u00e1kulumban kell \u0151rizni. Azok a papok, akiknek nincs lehet\u0151s\u00e9g\u00fck szentmis\u00e9t \u00fcnnepelni, im\u00e1dkozz\u00e1k el a Vesper\u00e1st (l\u00e1sd Ima\u00f3r\u00e1k Liturgi\u00e1ja).<\/p>\n<p>Nagyp\u00e9nteken, a sz\u00e9kesegyh\u00e1zakban \u00e9s a pl\u00e9b\u00e1niatemplomokban, olyan m\u00e9rt\u00e9kben, amilyenben a val\u00f3s\u00e1gos helyzetet figyelembe v\u00e9ve a felel\u0151s\u00f6k lehets\u00e9gesnek tartj\u00e1k, a p\u00fcsp\u00f6k\/a pl\u00e9b\u00e1nos megtartja Urunk szenved\u00e9s\u00e9nek \u00fcnnepl\u00e9s\u00e9t. Az egyetemes k\u00f6ny\u00f6rg\u00e9sekben a megy\u00e9sp\u00fcsp\u00f6knek legyen gondja r\u00e1, hogy k\u00fcl\u00f6n megeml\u00e9kezzenek a betegekr\u0151l, a halottakr\u00f3l, \u00e9s mindazokr\u00f3l, akik gy\u00e1szolnak (l\u00e1sd R\u00f3mai Misek\u00f6nyv 224. old 12. pont).<\/p>\n<p>H\u00fasv\u00e9tvas\u00e1rnap &#8211; A h\u00fasv\u00e9ti vig\u00edlia szertart\u00e1sa: \u00fcnnepelj\u00e9k a sz\u00e9kesegyh\u00e1zakban \u00e9s a pl\u00e9b\u00e1niatemplomokban, olyan m\u00e9rt\u00e9kben, amilyenben a val\u00f3s\u00e1gos helyzetet figyelembe v\u00e9ve a felel\u0151s\u00f6k lehets\u00e9gesnek tartj\u00e1k.<\/p>\n<p>&#8222;A vig\u00edlia \u00fcnnep\u00e9lyes megkezd\u00e9se: a Lucern\u00e1rium (F\u00e9ny\u00fcnneps\u00e9g)&#8221; r\u00e9szb\u0151l hagyjuk el a t\u0171zgy\u00fajt\u00e1st. A h\u00fasv\u00e9ti gyertya meggy\u00fajt\u00e1s\u00e1t k\u00f6vet\u0151en a k\u00f6rmenetet elhagyva hangozz\u00e9k el a H\u00fasv\u00e9ti \u00d6r\u00f6m\u00e9nek (Exultet). Ezt k\u00f6veti az Ige liturgi\u00e1ja.<\/p>\n<p>&#8222;A kereszts\u00e9g liturgi\u00e1j\u00e1&#8221;-n\u00e1l, csak a kereszts\u00e9gi fogad\u00e1st \u00faj\u00edts\u00e1k meg (l\u00e1sd R\u00f3mai Misek\u00f6nyv 269. old. 46. pont). \u00cdgy k\u00f6vetkezzen az Eukarisztia liturgi\u00e1ja.<\/p>\n<p>Azok, akik semmilyen m\u00f3don nem tudnak csatlakozni a templomban \u00fcnnepelt h\u00fasv\u00e9ti vig\u00edlia szertart\u00e1shoz, im\u00e1dkozz\u00e1k el a H\u00fasv\u00e9tvas\u00e1rnapra el\u0151\u00edrt Olvasm\u00e1nyos Ima\u00f3r\u00e1t (l\u00e1sd Ima\u00f3r\u00e1k liturgi\u00e1ja).<\/p>\n<p>A monostorok, szemin\u00e1riumok, n\u0151i szerzetesk\u00f6z\u00f6ss\u00e9gek kapcs\u00e1n a megy\u00e9sp\u00fcsp\u00f6k jogk\u00f6r\u00e9be tartozik a d\u00f6nt\u00e9s.<\/p>\n<p>A n\u00e9pi vall\u00e1soss\u00e1g kifejez\u00e9sei \u00e9s a k\u00f6rmenetek eset\u00e9ben, melyek gazdag\u00edtj\u00e1k a Nagyhetet \u00e9s a Szent H\u00e1romnapot, a megy\u00e9sp\u00fcsp\u00f6k jogosult d\u00f6nteni arr\u00f3l, hogy \u00e1thelyez\u00e9sre ker\u00fcljenek-e m\u00e1s megfelel\u0151 napokra, pl. szeptember 14-re \u00e9s 15-re.<\/p>\n<p>&nbsp;<\/p>\n<p><em>De mandato Summi Pontificis pro hoc tantum anno 2020. <\/em><\/p>\n<p><em>Az Istentiszteleti \u00e9s Szents\u00e9gi Fegyelmi Kongreg\u00e1ci\u00f3 sz\u00e9khely\u00e9n, 2020. m\u00e1rcius 19-\u00e9n, Szent J\u00f3zsefnek az egyetemes Egyh\u00e1z v\u00e9d\u0151szentj\u00e9nek f\u0151\u00fcnnep\u00e9n.<\/em><\/p>\n<p><em>\u00a0<\/em><\/p>\n<p><em>Robert Card. Sarah<\/em><\/p>\n<p><em>prefektus<\/em><\/p>\n<p><em>+ Arthur Roche<\/em><\/p>\n<p><em>\u00e9rsek-titk\u00e1r<\/em><\/p>\n<p>&nbsp;<\/p>\n<p>&nbsp;<\/p>\n<p>Prot. N. 154\/20<\/p>\n<p>&nbsp;<\/p>\n<p>DEKR\u00c9TUM COVID-19 j\u00e1rv\u00e1ny idej\u00e9re<\/p>\n<p>&nbsp;<\/p>\n<p>Figyelembe v\u00e9ve a COVID-19 okozta j\u00e1rv\u00e1ny gyors terjed\u00e9s\u00e9t, \u00e9s tekintettel azokra az \u00e9szrev\u00e9telekre, amelyek a P\u00fcsp\u00f6ki Konferenci\u00e1kt\u00f3l \u00e9rkeztek, a Kongreg\u00e1ci\u00f3 friss\u00edt\u00e9st ad azokhoz az \u00e1ltal\u00e1nos elvekhez \u00e9s tan\u00e1csokhoz, amelyeket a p\u00fcsp\u00f6k\u00f6k sz\u00e1m\u00e1ra adott, 2020. m\u00e1rcius 19-\u00e9n kelt dekr\u00e9tuma tartalmazott.<\/p>\n<p>Mivel H\u00fasv\u00e9t d\u00e1tuma nem helyezhet\u0151 \u00e1t, a betegs\u00e9gt\u0151l s\u00fajtott orsz\u00e1gokban, ott, ahol korl\u00e1toz\u00e1sokat vezettek be a szem\u00e9lyek gy\u00fclekez\u00e9s\u00e9vel \u00e9s szabad mozg\u00e1s\u00e1val kapcsolatban, a p\u00fcsp\u00f6k\u00f6k \u00e9s a papok a n\u00e9p jelenl\u00e9te n\u00e9lk\u00fcl, megfelel\u0151 helyen \u00fcnnepelj\u00e9k a Nagyh\u00e9t szertart\u00e1sait, ne legyen koncelebr\u00e1ci\u00f3, \u00e9s hagyj\u00e1k el a b\u00e9ke jel\u00e9nek ad\u00e1s\u00e1t.<\/p>\n<p>\u00c9rtes\u00edts\u00e9k a h\u00edveket a szertart\u00e1sok kezd\u00e9s\u00e9nek id\u0151pontj\u00e1r\u00f3l, hogy lak\u00f3helyeiken im\u00e1ds\u00e1gban egyes\u00fclhessenek az \u00fcnnepl\u00e9ssel. Seg\u00edts\u00e9get jelenhet a modern kommunik\u00e1ci\u00f3s eszk\u00f6z\u00f6k alkalmaz\u00e1s\u00e1val t\u00f6rt\u00e9n\u0151 \u00e9l\u0151 k\u00f6zvet\u00edt\u00e9s (nem felv\u00e9telr\u0151l!). Nagyon fontos, hogy minden esetben megfelel\u0151 id\u0151t sz\u00e1njunk az im\u00e1ds\u00e1gra, kiemelve mindenekel\u0151tt az Ima\u00f3r\u00e1k Liturgi\u00e1j\u00e1t.<\/p>\n<p>A P\u00fcsp\u00f6ki Konferenci\u00e1k \u00e9s az egyes egyh\u00e1zmegy\u00e9k is aj\u00e1nljanak seg\u00e9danyagokat a csal\u00e1di \u00e9s a szem\u00e9lyes im\u00e1ds\u00e1ghoz.<\/p>\n<p>1 &#8211; Vir\u00e1gvas\u00e1rnap.<\/p>\n<p>Urunk Jeruzs\u00e1lembe val\u00f3 bevonul\u00e1s\u00e1nak eml\u00e9kezet\u00e9t a templom \u00e9p\u00fclet\u00e9n bel\u00fcl tarts\u00e1k. A sz\u00e9kesegyh\u00e1zakban alkalmazz\u00e1k a Misek\u00f6nyvben l\u00e9v\u0151 II. form\u00e1t, a pl\u00e9b\u00e1niatemplomokban \u00e9s az egy\u00e9b helyeken pedig a III. form\u00e1t.<\/p>\n<p>2 &#8211; A Krizmaszentel\u00e9si mise.<\/p>\n<p>Alkalmazkodva a k\u00fcl\u00f6nf\u00e9le orsz\u00e1gokban l\u00e9v\u0151 konkr\u00e9t helyzethez, a P\u00fcsp\u00f6ki Konferenci\u00e1k adhatnak \u00fatmutat\u00e1st a krizmaszentel\u00e9si mise k\u00e9s\u0151bbi d\u00e1tumra t\u00f6rt\u00e9n\u0151 halaszt\u00e1sra.<\/p>\n<p>3 &#8211; Nagycs\u00fct\u00f6rt\u00f6k.<\/p>\n<p>A\u00a0 L\u00e1bmos\u00e1s fakultat\u00edv szertart\u00e1s\u00e1t hagyjuk el. Az Utols\u00f3 vacsora eml\u00e9kmis\u00e9j\u00e9nek v\u00e9g\u00e9n elmarad az Olt\u00e1riszents\u00e9g \u00e1tvitele, \u00e9s azt tov\u00e1bbra is a tabern\u00e1kulumban kell \u0151rizni. Kiv\u00e9telesen minden pap enged\u00e9lyt kap arra, hogy megfelel\u0151 helyen, ezen a napon n\u00e9p n\u00e9lk\u00fcl is mis\u00e9t (mag\u00e1nmis\u00e9t) celebr\u00e1ljon.<\/p>\n<p>4 &#8211; Nagyp\u00e9ntek.<\/p>\n<p>Az egyetemes k\u00f6ny\u00f6rg\u00e9sekben a p\u00fcsp\u00f6k\u00f6knek legyen gondja r\u00e1, hogy k\u00fcl\u00f6n megeml\u00e9kezzenek mindazokr\u00f3l akik gy\u00e1szolnak, a betegekr\u0151l, \u00e9s a halottakr\u00f3l (l\u00e1sd R\u00f3mai Misek\u00f6nyv). A H\u00f3dolat a Szent Kereszt el\u0151tt szertart\u00e1s\u00e1n\u00e1l egyed\u00fcl a celebr\u00e1ns cs\u00f3kolja meg a keresztet.<\/p>\n<p>5 &#8211; A h\u00fasv\u00e9ti vig\u00edlia szertart\u00e1sa.<\/p>\n<p>Kiz\u00e1r\u00f3lag a sz\u00e9kesegyh\u00e1zakban \u00e9s a pl\u00e9b\u00e1niatemplomokban \u00fcnnepelj\u00e9k. A kereszts\u00e9g liturgi\u00e1j\u00e1n\u00e1l, csak a kereszts\u00e9gi fogad\u00e1st \u00faj\u00edts\u00e1k meg (l\u00e1sd R\u00f3mai Misek\u00f6nyv).<\/p>\n<p>A szemin\u00e1riumok, papi koll\u00e9giumok, monostorok, n\u0151i szerzetesk\u00f6z\u00f6ss\u00e9gek tarts\u00e1k magukat jelen dekr\u00e9tum ir\u00e1nyelveihez.<\/p>\n<p>A n\u00e9pi vall\u00e1soss\u00e1g kifejez\u00e9sei \u00e9s a k\u00f6rmenetek eset\u00e9ben, melyek gazdag\u00edtj\u00e1k a Nagyhetet \u00e9s a Szent H\u00e1romnapot, a megy\u00e9sp\u00fcsp\u00f6k jogosult d\u00f6nteni arr\u00f3l, hogy \u00e1thelyez\u00e9sre ker\u00fcljenek-e m\u00e1s megfelel\u0151 napokra, pl. szeptember 14-re \u00e9s 15-re<\/p>\n<p><em>De mandato Summi Pontificis pro hoc tantum anno 2020. <\/em><\/p>\n<p><em>Az Istentiszteleti \u00e9s Szents\u00e9gi Fegyelmi Kongreg\u00e1ci\u00f3 sz\u00e9khely\u00e9n, 2020. m\u00e1rcius 25-\u00e9n, Urunk sz\u00fclet\u00e9s\u00e9nek h\u00edr\u00fclad\u00e1sa f\u0151\u00fcnnep\u00e9n.<\/em><\/p>\n<p><em>Robert Card. Sarah<\/em><\/p>\n<p><em>prefektus<\/em><\/p>\n<p><em>+ Arthur Roche<\/em><\/p>\n<p><em>\u00e9rsek-titk\u00e1r<\/em><\/p>\n<h3><strong>II. <\/strong>A Rottenburg-Stuttgarti Egyh\u00e1zmegye utas\u00edt\u00e1sai<\/h3>\n<ol>\n<li>A hat\u00f3s\u00e1gi megszor\u00edt\u00e1sok alapj\u00e1n a nem-nyilv\u00e1nos istentiszteletek medi\u00e1lis felv\u00e9tele alkalm\u00e1val legfeljebb 5 szem\u00e9ly lehet jelen.<\/li>\n<li>A korm\u00e1ny rendelete \u00e9rtelm\u00e9ben \u2013 temet\u00e9s alkalm\u00e1val \u2013 a temetkez\u00e9si v\u00e1llalatok szem\u00e9lyzet\u00e9nek \u00e9sd a gy\u00e1szol\u00f3knak nem szabad kapcsolatba l\u00e9pni\u00fck a temet\u00e9st v\u00e9gz\u0151 lelk\u00e9sszel&#8230;<\/li>\n<li>A templomok tov\u00e1bbra is nyitva tartanak \u2013 kiv\u00e9tel n\u00e9p n\u00e9lk\u00fcli istentiszteletek alkalm\u00e1val -, de benn\u00fck semmif\u00e9le olyan szertart\u00e1s nem lehet, amely t\u00f6bb szem\u00e9ly jelenl\u00e9te miatt gy\u00fclekezetnek lenne tekinthet\u0151.<\/li>\n<\/ol>\n<p><strong>Vir\u00e1gvas\u00e1rnap<\/strong><\/p>\n<p>A k\u00f6rmenet elmarad.<\/p>\n<p><strong>A Szent H\u00e1romnap<\/strong><\/p>\n<p><strong>Nagycs\u00fct\u00f6rt\u00f6k \u2013 krizma-mise<\/strong><\/p>\n<p>A szent olajak szentel\u00e9se egy k\u00e9s\u0151bbi id\u0151pontra tol\u00f3dik. Addig is a r\u00e9gi olajakat kell haszn\u00e1lni&#8230;<\/p>\n<p><strong>Az Utols\u00f3 vacsora eml\u00e9kmis\u00e9je<\/strong><\/p>\n<p>Minden papnak enged\u00e9lyt adunk, hogy egyed\u00fcl mis\u00e9zzen. A l\u00e1bmos\u00e1s szertart\u00e1sa elmarad. A mise v\u00e9g\u00e9n az Olt\u00e1riszents\u00e9get a tabern\u00e1kulumba kell visszahelyezni, \u00e9s ott is maradjon. K\u00fcl\u00f6n saj\u00e1toss\u00e1ga egyh\u00e1zmegy\u00e9nknek az \u00fan. Olajf\u00e1khegyi-\u00e1jtatoss\u00e1g. K\u00e9rem a csal\u00e1dokat, hogy besz\u00e9ljenek meg el\u0151tte egy id\u0151pontot, amikor majd \u2013 otthon, mindenki mag\u00e1\u00e9rt, de \u2013 egyid\u0151ben im\u00e1dkoznak.<\/p>\n<p><strong>Nagyp\u00e9ntek<\/strong><\/p>\n<p>Istentisztelet ezen a napon, m\u00e9g szabad \u00e9g alatt sem tarthat\u00f3.<\/p>\n<p>Az Egyetemes K\u00f6ny\u00f6rg\u00e9sekbe beiktathat\u00f3k m\u00e1s k\u00f6ny\u00f6rg\u00e9sek is (a j\u00e1rv\u00e1ny) betegei\u00e9rt, halottai\u00e9rt, s azok\u00e9rt, akik r\u00f3luk gondoskodnak.<\/p>\n<p><strong>H\u00fasv\u00e9ti vigilia<\/strong><\/p>\n<p>A t\u0171zszentel\u00e9s elmarad. Az \u00fcnnep, amelyen nem vehetnek r\u00e9szt h\u00edvek, benn a templomban a h\u00fasv\u00e9ti gyertya meggy\u00fajt\u00e1s\u00e1val \u00e9s az Exultet c\u00edm\u0171 \u00e9nek el\u00e9nekl\u00e9s\u00e9vel kezd\u0151dik. A kereszts\u00e9gi liturgi\u00e1ban csak a kereszts\u00e9gi fogadalmakat kell meg\u00faj\u00edtani.<\/p>\n<p>A h\u00fasv\u00e9ti gyerty\u00e1nak minden nap \u00e9gnie kell mindaddig, am\u00edg a templom nyitva van.<\/p>\n<p>A harangoknak az idei H\u00fasv\u00e9tkor nagyobb jelent\u0151s\u00e9ge lesz. Nagycs\u00fct\u00f6rt\u00f6k\u00f6n a Dics\u0151s\u00e9g alatt, valamint a H\u00fasv\u00e9ti vigilia illetve a H\u00fasv\u00e9ti \u00fcnnepi szentmise alkalm\u00e1val mindh\u00e1rom harangnak legal\u00e1bb 5 percig kell harangoznia.<\/p>\n<p>Ezen k\u00edv\u00fcl sok helyen az a szok\u00e1s, hogy minden nap 19.30 \u00f3rakor megsz\u00f3lalnak a harangok. Ezt ezen rendelettel minden egyh\u00e1zk\u00f6zs\u00e9gben meg kell honos\u00edtani.<\/p>\n<p>Ezek a napok mindannyiunk sz\u00e1m\u00e1ra neh\u00e9z napok. A k\u00f6r\u00fcl\u00f6tt\u00fcnk \u00e9l\u0151 emberek kapaszkod\u00f3t \u00e9s rem\u00e9nyt keresnek&#8230;<\/p>\n<p>Az \u00d6n\u00f6k f\u00e1radoz\u00e1sait, embers\u00e9g\u00e9t \u00e9s tal\u00e1l\u00e9konys\u00e1gt, minden lelkip\u00e1sztori szolg\u00e1lat\u00e1t amellyel az \u00d6n\u00f6kre b\u00edzottakat er\u0151s\u00edtik, fogadj\u00e1k sz\u00edvb\u0151l j\u00f6v\u0151 k\u00f6sz\u00f6netemet \u2013 \u00e9s Isten \u00e1ld\u00e1s\u00e1t!<\/p>\n<p><em>Dr. Clemens Stroppel \u00a0\u00a0\u00a0\u00a0\u00a0\u00a0\u00a0\u00a0\u00a0\u00a0\u00a0\u00a0\u00a0\u00a0\u00a0\u00a0\u00a0\u00a0\u00a0\u00a0\u00a0\u00a0\u00a0\u00a0\u00a0\u00a0\u00a0\u00a0\u00a0\u00a0\u00a0\u00a0\u00a0\u00a0\u00a0\u00a0\u00a0\u00a0\u00a0\u00a0\u00a0\u00a0\u00a0\u00a0\u00a0 Dr. Gerhard Schneider<\/em><\/p>\n<p><em>\u00e1ltal\u00e1nos helyn\u00f6k \u00a0\u00a0\u00a0\u00a0\u00a0\u00a0\u00a0\u00a0\u00a0\u00a0\u00a0\u00a0\u00a0\u00a0\u00a0\u00a0\u00a0\u00a0\u00a0\u00a0\u00a0\u00a0\u00a0\u00a0\u00a0\u00a0\u00a0\u00a0\u00a0\u00a0\u00a0\u00a0\u00a0\u00a0\u00a0\u00a0\u00a0\u00a0\u00a0\u00a0\u00a0\u00a0\u00a0\u00a0\u00a0\u00a0\u00a0\u00a0\u00a0\u00a0\u00a0 seg\u00e9dp\u00fcsp\u00f6k<\/em><\/p>\n<p><strong>III.<\/strong><\/p>\n<p><em>V\u00e9g\u00fcl fogadj\u00e1tok a mi \u2013 Szent Gell\u00e9rtr\u0151l elnevezett Magyar Katolikus \u2013Egyh\u00e1zk\u00f6zs\u00e9g\u00fcnknek az idei H\u00fasv\u00e9ttal kapcsolatos utas\u00edt\u00e1sait.<\/em><\/p>\n<ol>\n<li>Mivel a k\u00f6z\u00f6s szentmise nek\u00fcnk sem lehets\u00e9ges, ez\u00e9rt az elk\u00f6vetkezend\u0151 id\u0151ben n\u00e1lunk sem lesz.<\/li>\n<li>Viszont mi, lelkip\u00e1sztorok, <em>minden hirdetett szentmis\u00e9nket<\/em> a megadott id\u0151ben <em>meg fogjuk tartani,<\/em> \u00e9s vagy \u00e9l\u0151ben vagy felv\u00e9telr\u0151l nektek le fogjuk j\u00e1tszani. K\u00e9rj\u00fck teh\u00e1t, hogy a megadott id\u0151pontokat megjegyezz\u00e9tek, \u00e9s azokba otthon, ha van r\u00e1 lehet\u0151s\u00e9getek (facebook) <em>bekapcsol\u00f3djatok.<\/em> Erre az id\u0151re tegyetek f\u00e9lre minden egy\u00e9b munk\u00e1t, vegy\u00e9tek el\u0151 Imak\u00f6nyveteket <em>(Hozsanna, \u00c9nekl\u0151 Egyh\u00e1z, Dics\u00e9rj\u00e9tek az Urat, stb.)<\/em>, \u00e9s abb\u00f3l k\u00f6vess\u00e9tek a szentmise menet\u00e9t, im\u00e1it \u00e9s \u00e9nekeit.<\/li>\n<\/ol>\n<p>A fentiek \u00e9rtelm\u00e9ben a k\u00f6vetkez\u0151 helyen \u00e9s id\u0151ben lesznek ilyen szentmis\u00e9ink:<\/p>\n<p>Nagyb\u00f6jt 5. vas\u00e1rnap \u2013 Ulm \u2013 12.00 \u00f3ra<\/p>\n<p>Vir\u00e1gvas\u00e1rnap \u2013 Stuttgart, 12.00 \u00f3ra<\/p>\n<p>Nagycs\u00fct\u00f6rt\u00f6k \u2013 Ulm \u2013 19.00 \u00f3ra<\/p>\n<p>Nagyp\u00e9ntek \u2013 Stuttgart \u2013 18.00 \u00f3ra<\/p>\n<p>H\u00fasv\u00e9ti Vigilia \u2013 Ulm 20.00 \u00f3ra<\/p>\n<p>H\u00fasv\u00e9tvas\u00e1rnap \u2013 Stuttgart \u2013 12.00 \u00f3ra<\/p>\n<p>H\u00fasv\u00e9th\u00e9tf\u0151 \u2013 Ulm \u2013 10.00 \u00f3ra<\/p>\n<ol start=\"3\">\n<li>Nagycs\u00fct\u00f6rt\u00f6k\u00f6n a mi saj\u00e1toss\u00e1gunk a szentmise ut\u00e1n <em>a szents\u00e9gim\u00e1d\u00e1s<\/em>. Arra k\u00e9r\u00fcnk h\u00e1t benneteket, hogy 20.00 \u00f3r\u00e1t\u00f3l vel\u00fcnk, lelkip\u00e1sztorokkal egy\u00fctt im\u00e1dkozzatok. Mi a szents\u00e9gim\u00e1d\u00e1s sz\u00f6veg\u00e9t mind a <em>honlapra<\/em>, mind pedig a <em>facebookra<\/em> id\u0151ben feltessz\u00fck.<\/li>\n<\/ol>\n<p><em>Kedves H\u00edveink, noha ebben a k\u00fcl\u00f6nlegesen v\u00e1ls\u00e1gos id\u0151ben a szentmis\u00e9k \u00e9s a h\u00fasv\u00e9ti szertart\u00e1sok elmaradnak, Urunk J\u00e9zus Krisztus felt\u00e1mad\u00e1sa nem marad el! \u0150, Aki legy\u0151zte a b\u0171nt \u00e9s a hal\u00e1lt, k\u00e9pes ennek a v\u00edrus-j\u00e1rv\u00e1nynak a megzabol\u00e1z\u00e1s\u00e1ra. K\u00e9rj\u00fck h\u00e1t b\u0171nb\u00e1nattal \u00e9s bizalommal, hogy siessen seg\u00edts\u00e9g\u00fcnkre, ne engedjen elveszni benn\u00fcnket, \u00e9s ragyogja be \u00e9let\u00fcnket \u00fajra felt\u00e1mad\u00e1s\u00e1nak boldog\u00edt\u00f3 f\u00e9ny\u00e9vel!<\/em><\/p>\n<p><em>Lelkip\u00e1sztori szeretettel,<\/em><\/p>\n<p><em>Imre atya \u00e9s Tibor atya<\/em><\/p>\n<p><em>Stuttgart, 2020-03-28.<\/em><\/p>\n<p><strong>\u00a0<\/strong><\/p>\n","protected":false},"excerpt":{"rendered":"<p>+! Kedves H\u00edveink! Ez lesz az egyh\u00e1zt\u00f6rt\u00e9nelemben az els\u0151 eset, hogy a kereszt\u00e9nys\u00e9g egy jelent\u0151s r\u00e9sze \u2013 felszabadul\u00e1sa \u00f3ta (Kr.u.313) \u2013 nem tudja k\u00f6z\u00f6ss\u00e9gben meg\u00fcnnepelni hit\u00fcnk legnagyobb \u00fcnnep\u00e9t, Urunk J\u00e9zus felt\u00e1mad\u00e1s\u00e1nak napj\u00e1t: a H\u00fasv\u00e9tot. A vil\u00e1gj\u00e1rv\u00e1ny lek\u00fczd\u00e9se nagy er\u0151fesz\u00edt\u00e9seket \u00e9s \u00e1ldozatokat k\u00edv\u00e1n a h\u00edvekt\u0151l kezdve lelkip\u00e1sztorain \u00e9s p\u00fcsp\u00f6kein kereszt\u00fcl eg\u00e9szen a p\u00e1p\u00e1ig, s az egyik \u00e9ppen ez a mag\u00e1nyios \u00fcnnepl\u00e9s. Nemcsak a Szentatya, de mi is egyed\u00fcl fogunk \u00fcnnepelni \u2013 otthon. Helyesebben mi, lelkip\u00e1sztorok h\u00edv\u0151k n\u00e9lk\u00fcl a templomban, Ti otthon, h\u00e1zaitokban \u00e9s lak\u00e1saitokban. Hogy az \u00fcnnepl\u00e9s egys\u00e9gesen, \u00e9s liturgikus szemponb\u00f3l helyesen t\u00f6rt\u00e9nj\u00e9k, a Szents\u00e9gi \u00e9s Fegyelmi Kongreg\u00e1ci\u00f3 R\u00f3m\u00e1ban k\u00e9t rendelkez\u00e9st adott ki. El\u0151sz\u00f6r ezeket hozzuk Nektek (I.), azut\u00e1n a minket befogad\u00f3 s nek\u00fcnk otthont ad\u00f3 Rottenburg-Stuttgarti Egyh\u00e1zmegye p\u00fcsp\u00f6k\u00e9nek, Dr. Gebhard F\u00fcrstnek ezekhez a rendelkez\u00e9sekhez f\u0171z\u00f6tt magyar\u00e1zat\u00e1t (II.), v\u00e9g\u00fcl pedig a mi \u2013 Szent Gell\u00e9rtr\u0151l elnevezett Magyar Katolikus \u2013Egyh\u00e1zk\u00f6zs\u00e9g\u00fcnknek az idei H\u00fasv\u00e9ttal kapcsolatos utas\u00edt\u00e1sait (III.). Fogadj\u00e1tok szeretettel, s ha tehetitek, tarts\u00e1tok magatokat hozz\u00e1. Hissz\u00fck, hogy lelketek \u00e9s eg\u00e9sz egyh\u00e1zk\u00f6zs\u00e9g\u00fcnk jav\u00e1ra v\u00e1lik! \u00a0I. H\u00fasv\u00e9ti szertart\u00e1sok rendje \u2013 \u00dajabb liturgikus rendelkez\u00e9sek a COVID-19-j\u00e1rv\u00e1ny idej\u00e9re Itt k\u00f6z\u00f6lj\u00fck az Istentiszteleti \u00e9s Szents\u00e9gi Fegyelmi Kongreg\u00e1ci\u00f3 154\/20. sz., m\u00e1rcius 25-\u00e9n kelt \u00fajabb dekr\u00e9tuma \u2013 valamint az ahhoz kapcsol\u00f3d\u00f3 megjegyz\u00e9s \u2013 magyar ford\u00edt\u00e1s\u00e1t, amelyet a COVID-19-j\u00e1rv\u00e1ny miatt a latin r\u00edtus\u00fa nagyheti szertart\u00e1sok rendj\u00e9vel kapcsolatban hozott. Prot. N. 153\/20 DEKR\u00c9TUM COVID-19 J\u00c1RV\u00c1NY IDEJ\u00c9RE Ebben a neh\u00e9z id\u0151szakban, amit a Covid-19 okozta j\u00e1rv\u00e1ny jelent, figyelembe v\u00e9ve, hogy a kiadott rendelkez\u00e9sek miatt a liturgi\u00e1k k\u00f6z\u00f6s \u00fcnnepl\u00e9se a templomokban ellehetetlen\u00fclt, ahogy azt a megy\u00e9sp\u00fcsp\u00f6k\u00f6k a saj\u00e1t ter\u00fclet\u00fckre vonatkoz\u00f3an jelezt\u00e9k, beadv\u00e1nyok \u00e9rkeztek ehhez a Kongreg\u00e1ci\u00f3hoz a k\u00f6zelg\u0151 h\u00fasv\u00e9ti \u00fcnnepek kapcs\u00e1n. Ez\u00e9rt, erre vonatkoz\u00f3an, a k\u00f6vetkez\u0151 \u00e1ltal\u00e1nos elveket \u00e9s tan\u00e1csokat aj\u00e1nljuk a p\u00fcsp\u00f6k\u00f6knek. 1 &#8211; A H\u00fasv\u00e9t \u00dcnnep\u00e9nek d\u00e1tuma: Mint a liturgikus \u00e9v sz\u00edve, a H\u00fasv\u00e9t, egyetlen m\u00e1sik \u00fcnnephez sem hasonl\u00f3: h\u00e1rom napon kereszt\u00fcl t\u00f6rt\u00e9n\u0151 \u00fcnnepl\u00e9se, a H\u00fasv\u00e9ti Szent H\u00e1romnap, melyet megel\u0151z a Nagyb\u00f6jt&#8230; <\/p>\n<p><a class=\"readmore\" href=\"https:\/\/stuttgarti-katolikusok.de\/index.php\/nagyheti-es-husveti-unneplesunk\/\">R\u00e9szletek<\/a><\/p>\n","protected":false},"author":3,"featured_media":19275,"comment_status":"closed","ping_status":"closed","sticky":false,"template":"","format":"standard","meta":{"footnotes":""},"categories":[37],"tags":[],"class_list":["post-19274","post","type-post","status-publish","format-standard","has-post-thumbnail","hentry","category-progamelozetes"],"yoast_head":"<!-- This site is optimized with the Yoast SEO plugin v27.3 - https:\/\/yoast.com\/product\/yoast-seo-wordpress\/ -->\n<title>Nagyheti \u00e9s H\u00fasv\u00e9ti \u00fcnnepl\u00e9s\u00fcnk - Stuttgarti Katolikusok<\/title>\n<meta name=\"robots\" content=\"index, follow, max-snippet:-1, max-image-preview:large, max-video-preview:-1\" \/>\n<link rel=\"canonical\" href=\"https:\/\/stuttgarti-katolikusok.de\/index.php\/nagyheti-es-husveti-unneplesunk\/\" \/>\n<meta property=\"og:locale\" content=\"hu_HU\" \/>\n<meta property=\"og:type\" content=\"article\" \/>\n<meta property=\"og:title\" content=\"Nagyheti \u00e9s H\u00fasv\u00e9ti \u00fcnnepl\u00e9s\u00fcnk - Stuttgarti Katolikusok\" \/>\n<meta property=\"og:description\" content=\"+! Kedves H\u00edveink! Ez lesz az egyh\u00e1zt\u00f6rt\u00e9nelemben az els\u0151 eset, hogy a kereszt\u00e9nys\u00e9g egy jelent\u0151s r\u00e9sze \u2013 felszabadul\u00e1sa \u00f3ta (Kr.u.313) \u2013 nem tudja k\u00f6z\u00f6ss\u00e9gben meg\u00fcnnepelni hit\u00fcnk legnagyobb \u00fcnnep\u00e9t, Urunk J\u00e9zus felt\u00e1mad\u00e1s\u00e1nak napj\u00e1t: a H\u00fasv\u00e9tot. A vil\u00e1gj\u00e1rv\u00e1ny lek\u00fczd\u00e9se nagy er\u0151fesz\u00edt\u00e9seket \u00e9s \u00e1ldozatokat k\u00edv\u00e1n a h\u00edvekt\u0151l kezdve lelkip\u00e1sztorain \u00e9s p\u00fcsp\u00f6kein kereszt\u00fcl eg\u00e9szen a p\u00e1p\u00e1ig, s az egyik \u00e9ppen ez a mag\u00e1nyios \u00fcnnepl\u00e9s. Nemcsak a Szentatya, de mi is egyed\u00fcl fogunk \u00fcnnepelni \u2013 otthon. Helyesebben mi, lelkip\u00e1sztorok h\u00edv\u0151k n\u00e9lk\u00fcl a templomban, Ti otthon, h\u00e1zaitokban \u00e9s lak\u00e1saitokban. Hogy az \u00fcnnepl\u00e9s egys\u00e9gesen, \u00e9s liturgikus szemponb\u00f3l helyesen t\u00f6rt\u00e9nj\u00e9k, a Szents\u00e9gi \u00e9s Fegyelmi Kongreg\u00e1ci\u00f3 R\u00f3m\u00e1ban k\u00e9t rendelkez\u00e9st adott ki. El\u0151sz\u00f6r ezeket hozzuk Nektek (I.), azut\u00e1n a minket befogad\u00f3 s nek\u00fcnk otthont ad\u00f3 Rottenburg-Stuttgarti Egyh\u00e1zmegye p\u00fcsp\u00f6k\u00e9nek, Dr. Gebhard F\u00fcrstnek ezekhez a rendelkez\u00e9sekhez f\u0171z\u00f6tt magyar\u00e1zat\u00e1t (II.), v\u00e9g\u00fcl pedig a mi \u2013 Szent Gell\u00e9rtr\u0151l elnevezett Magyar Katolikus \u2013Egyh\u00e1zk\u00f6zs\u00e9g\u00fcnknek az idei H\u00fasv\u00e9ttal kapcsolatos utas\u00edt\u00e1sait (III.). Fogadj\u00e1tok szeretettel, s ha tehetitek, tarts\u00e1tok magatokat hozz\u00e1. Hissz\u00fck, hogy lelketek \u00e9s eg\u00e9sz egyh\u00e1zk\u00f6zs\u00e9g\u00fcnk jav\u00e1ra v\u00e1lik! \u00a0I. H\u00fasv\u00e9ti szertart\u00e1sok rendje \u2013 \u00dajabb liturgikus rendelkez\u00e9sek a COVID-19-j\u00e1rv\u00e1ny idej\u00e9re Itt k\u00f6z\u00f6lj\u00fck az Istentiszteleti \u00e9s Szents\u00e9gi Fegyelmi Kongreg\u00e1ci\u00f3 154\/20. sz., m\u00e1rcius 25-\u00e9n kelt \u00fajabb dekr\u00e9tuma \u2013 valamint az ahhoz kapcsol\u00f3d\u00f3 megjegyz\u00e9s \u2013 magyar ford\u00edt\u00e1s\u00e1t, amelyet a COVID-19-j\u00e1rv\u00e1ny miatt a latin r\u00edtus\u00fa nagyheti szertart\u00e1sok rendj\u00e9vel kapcsolatban hozott. Prot. N. 153\/20 DEKR\u00c9TUM COVID-19 J\u00c1RV\u00c1NY IDEJ\u00c9RE Ebben a neh\u00e9z id\u0151szakban, amit a Covid-19 okozta j\u00e1rv\u00e1ny jelent, figyelembe v\u00e9ve, hogy a kiadott rendelkez\u00e9sek miatt a liturgi\u00e1k k\u00f6z\u00f6s \u00fcnnepl\u00e9se a templomokban ellehetetlen\u00fclt, ahogy azt a megy\u00e9sp\u00fcsp\u00f6k\u00f6k a saj\u00e1t ter\u00fclet\u00fckre vonatkoz\u00f3an jelezt\u00e9k, beadv\u00e1nyok \u00e9rkeztek ehhez a Kongreg\u00e1ci\u00f3hoz a k\u00f6zelg\u0151 h\u00fasv\u00e9ti \u00fcnnepek kapcs\u00e1n. Ez\u00e9rt, erre vonatkoz\u00f3an, a k\u00f6vetkez\u0151 \u00e1ltal\u00e1nos elveket \u00e9s tan\u00e1csokat aj\u00e1nljuk a p\u00fcsp\u00f6k\u00f6knek. 1 &#8211; A H\u00fasv\u00e9t \u00dcnnep\u00e9nek d\u00e1tuma: Mint a liturgikus \u00e9v sz\u00edve, a H\u00fasv\u00e9t, egyetlen m\u00e1sik \u00fcnnephez sem hasonl\u00f3: h\u00e1rom napon kereszt\u00fcl t\u00f6rt\u00e9n\u0151 \u00fcnnepl\u00e9se, a H\u00fasv\u00e9ti Szent H\u00e1romnap, melyet megel\u0151z a Nagyb\u00f6jt... R\u00e9szletek\" \/>\n<meta property=\"og:url\" content=\"https:\/\/stuttgarti-katolikusok.de\/index.php\/nagyheti-es-husveti-unneplesunk\/\" \/>\n<meta property=\"og:site_name\" content=\"Stuttgarti Katolikusok\" \/>\n<meta property=\"article:published_time\" content=\"2020-03-28T06:03:01+00:00\" \/>\n<meta property=\"article:modified_time\" content=\"2020-03-28T23:41:08+00:00\" \/>\n<meta property=\"og:image\" content=\"https:\/\/stuttgarti-katolikusok.de\/wp-content\/uploads\/2020\/03\/ferenc_papa_husvet_2014apr19.jpg\" \/>\n\t<meta property=\"og:image:width\" content=\"600\" \/>\n\t<meta property=\"og:image:height\" content=\"401\" \/>\n\t<meta property=\"og:image:type\" content=\"image\/jpeg\" \/>\n<meta name=\"author\" content=\"Tibor atya\" \/>\n<meta name=\"twitter:card\" content=\"summary_large_image\" \/>\n<meta name=\"twitter:label1\" content=\"Szerz\u0151:\" \/>\n\t<meta name=\"twitter:data1\" content=\"Tibor atya\" \/>\n\t<meta name=\"twitter:label2\" content=\"Becs\u00fclt olvas\u00e1si id\u0151\" \/>\n\t<meta name=\"twitter:data2\" content=\"14 perc\" \/>\n<script type=\"application\/ld+json\" class=\"yoast-schema-graph\">{\"@context\":\"https:\\\/\\\/schema.org\",\"@graph\":[{\"@type\":\"Article\",\"@id\":\"https:\\\/\\\/stuttgarti-katolikusok.de\\\/index.php\\\/nagyheti-es-husveti-unneplesunk\\\/#article\",\"isPartOf\":{\"@id\":\"https:\\\/\\\/stuttgarti-katolikusok.de\\\/index.php\\\/nagyheti-es-husveti-unneplesunk\\\/\"},\"author\":{\"name\":\"Tibor atya\",\"@id\":\"https:\\\/\\\/stuttgarti-katolikusok.de\\\/#\\\/schema\\\/person\\\/75908d6f8fdc03a57889d27209df7795\"},\"headline\":\"Nagyheti \u00e9s H\u00fasv\u00e9ti \u00fcnnepl\u00e9s\u00fcnk\",\"datePublished\":\"2020-03-28T06:03:01+00:00\",\"dateModified\":\"2020-03-28T23:41:08+00:00\",\"mainEntityOfPage\":{\"@id\":\"https:\\\/\\\/stuttgarti-katolikusok.de\\\/index.php\\\/nagyheti-es-husveti-unneplesunk\\\/\"},\"wordCount\":2741,\"image\":{\"@id\":\"https:\\\/\\\/stuttgarti-katolikusok.de\\\/index.php\\\/nagyheti-es-husveti-unneplesunk\\\/#primaryimage\"},\"thumbnailUrl\":\"https:\\\/\\\/stuttgarti-katolikusok.de\\\/wp-content\\\/uploads\\\/2020\\\/03\\\/ferenc_papa_husvet_2014apr19.jpg\",\"articleSection\":[\"Progamel\u0151zetes\"],\"inLanguage\":\"hu\"},{\"@type\":\"WebPage\",\"@id\":\"https:\\\/\\\/stuttgarti-katolikusok.de\\\/index.php\\\/nagyheti-es-husveti-unneplesunk\\\/\",\"url\":\"https:\\\/\\\/stuttgarti-katolikusok.de\\\/index.php\\\/nagyheti-es-husveti-unneplesunk\\\/\",\"name\":\"Nagyheti \u00e9s H\u00fasv\u00e9ti \u00fcnnepl\u00e9s\u00fcnk - Stuttgarti Katolikusok\",\"isPartOf\":{\"@id\":\"https:\\\/\\\/stuttgarti-katolikusok.de\\\/#website\"},\"primaryImageOfPage\":{\"@id\":\"https:\\\/\\\/stuttgarti-katolikusok.de\\\/index.php\\\/nagyheti-es-husveti-unneplesunk\\\/#primaryimage\"},\"image\":{\"@id\":\"https:\\\/\\\/stuttgarti-katolikusok.de\\\/index.php\\\/nagyheti-es-husveti-unneplesunk\\\/#primaryimage\"},\"thumbnailUrl\":\"https:\\\/\\\/stuttgarti-katolikusok.de\\\/wp-content\\\/uploads\\\/2020\\\/03\\\/ferenc_papa_husvet_2014apr19.jpg\",\"datePublished\":\"2020-03-28T06:03:01+00:00\",\"dateModified\":\"2020-03-28T23:41:08+00:00\",\"author\":{\"@id\":\"https:\\\/\\\/stuttgarti-katolikusok.de\\\/#\\\/schema\\\/person\\\/75908d6f8fdc03a57889d27209df7795\"},\"breadcrumb\":{\"@id\":\"https:\\\/\\\/stuttgarti-katolikusok.de\\\/index.php\\\/nagyheti-es-husveti-unneplesunk\\\/#breadcrumb\"},\"inLanguage\":\"hu\",\"potentialAction\":[{\"@type\":\"ReadAction\",\"target\":[\"https:\\\/\\\/stuttgarti-katolikusok.de\\\/index.php\\\/nagyheti-es-husveti-unneplesunk\\\/\"]}]},{\"@type\":\"ImageObject\",\"inLanguage\":\"hu\",\"@id\":\"https:\\\/\\\/stuttgarti-katolikusok.de\\\/index.php\\\/nagyheti-es-husveti-unneplesunk\\\/#primaryimage\",\"url\":\"https:\\\/\\\/stuttgarti-katolikusok.de\\\/wp-content\\\/uploads\\\/2020\\\/03\\\/ferenc_papa_husvet_2014apr19.jpg\",\"contentUrl\":\"https:\\\/\\\/stuttgarti-katolikusok.de\\\/wp-content\\\/uploads\\\/2020\\\/03\\\/ferenc_papa_husvet_2014apr19.jpg\",\"width\":600,\"height\":401},{\"@type\":\"BreadcrumbList\",\"@id\":\"https:\\\/\\\/stuttgarti-katolikusok.de\\\/index.php\\\/nagyheti-es-husveti-unneplesunk\\\/#breadcrumb\",\"itemListElement\":[{\"@type\":\"ListItem\",\"position\":1,\"name\":\"Kezd\u0151lap\",\"item\":\"https:\\\/\\\/stuttgarti-katolikusok.de\\\/\"},{\"@type\":\"ListItem\",\"position\":2,\"name\":\"Nagyheti \u00e9s H\u00fasv\u00e9ti \u00fcnnepl\u00e9s\u00fcnk\"}]},{\"@type\":\"WebSite\",\"@id\":\"https:\\\/\\\/stuttgarti-katolikusok.de\\\/#website\",\"url\":\"https:\\\/\\\/stuttgarti-katolikusok.de\\\/\",\"name\":\"Stuttgarti Katolikusok\",\"description\":\"\",\"potentialAction\":[{\"@type\":\"SearchAction\",\"target\":{\"@type\":\"EntryPoint\",\"urlTemplate\":\"https:\\\/\\\/stuttgarti-katolikusok.de\\\/?s={search_term_string}\"},\"query-input\":{\"@type\":\"PropertyValueSpecification\",\"valueRequired\":true,\"valueName\":\"search_term_string\"}}],\"inLanguage\":\"hu\"},{\"@type\":\"Person\",\"@id\":\"https:\\\/\\\/stuttgarti-katolikusok.de\\\/#\\\/schema\\\/person\\\/75908d6f8fdc03a57889d27209df7795\",\"name\":\"Tibor atya\",\"image\":{\"@type\":\"ImageObject\",\"inLanguage\":\"hu\",\"@id\":\"https:\\\/\\\/secure.gravatar.com\\\/avatar\\\/61d268e57d1f4525b111222e29d2d5a7f8c420fdbf231ba5566a8ceac74fa960?s=96&d=mm&r=g\",\"url\":\"https:\\\/\\\/secure.gravatar.com\\\/avatar\\\/61d268e57d1f4525b111222e29d2d5a7f8c420fdbf231ba5566a8ceac74fa960?s=96&d=mm&r=g\",\"contentUrl\":\"https:\\\/\\\/secure.gravatar.com\\\/avatar\\\/61d268e57d1f4525b111222e29d2d5a7f8c420fdbf231ba5566a8ceac74fa960?s=96&d=mm&r=g\",\"caption\":\"Tibor atya\"},\"url\":\"https:\\\/\\\/stuttgarti-katolikusok.de\\\/index.php\\\/author\\\/tibor-atya\\\/\"}]}<\/script>\n<!-- \/ Yoast SEO plugin. -->","yoast_head_json":{"title":"Nagyheti \u00e9s H\u00fasv\u00e9ti \u00fcnnepl\u00e9s\u00fcnk - Stuttgarti Katolikusok","robots":{"index":"index","follow":"follow","max-snippet":"max-snippet:-1","max-image-preview":"max-image-preview:large","max-video-preview":"max-video-preview:-1"},"canonical":"https:\/\/stuttgarti-katolikusok.de\/index.php\/nagyheti-es-husveti-unneplesunk\/","og_locale":"hu_HU","og_type":"article","og_title":"Nagyheti \u00e9s H\u00fasv\u00e9ti \u00fcnnepl\u00e9s\u00fcnk - Stuttgarti Katolikusok","og_description":"+! Kedves H\u00edveink! Ez lesz az egyh\u00e1zt\u00f6rt\u00e9nelemben az els\u0151 eset, hogy a kereszt\u00e9nys\u00e9g egy jelent\u0151s r\u00e9sze \u2013 felszabadul\u00e1sa \u00f3ta (Kr.u.313) \u2013 nem tudja k\u00f6z\u00f6ss\u00e9gben meg\u00fcnnepelni hit\u00fcnk legnagyobb \u00fcnnep\u00e9t, Urunk J\u00e9zus felt\u00e1mad\u00e1s\u00e1nak napj\u00e1t: a H\u00fasv\u00e9tot. A vil\u00e1gj\u00e1rv\u00e1ny lek\u00fczd\u00e9se nagy er\u0151fesz\u00edt\u00e9seket \u00e9s \u00e1ldozatokat k\u00edv\u00e1n a h\u00edvekt\u0151l kezdve lelkip\u00e1sztorain \u00e9s p\u00fcsp\u00f6kein kereszt\u00fcl eg\u00e9szen a p\u00e1p\u00e1ig, s az egyik \u00e9ppen ez a mag\u00e1nyios \u00fcnnepl\u00e9s. Nemcsak a Szentatya, de mi is egyed\u00fcl fogunk \u00fcnnepelni \u2013 otthon. Helyesebben mi, lelkip\u00e1sztorok h\u00edv\u0151k n\u00e9lk\u00fcl a templomban, Ti otthon, h\u00e1zaitokban \u00e9s lak\u00e1saitokban. Hogy az \u00fcnnepl\u00e9s egys\u00e9gesen, \u00e9s liturgikus szemponb\u00f3l helyesen t\u00f6rt\u00e9nj\u00e9k, a Szents\u00e9gi \u00e9s Fegyelmi Kongreg\u00e1ci\u00f3 R\u00f3m\u00e1ban k\u00e9t rendelkez\u00e9st adott ki. El\u0151sz\u00f6r ezeket hozzuk Nektek (I.), azut\u00e1n a minket befogad\u00f3 s nek\u00fcnk otthont ad\u00f3 Rottenburg-Stuttgarti Egyh\u00e1zmegye p\u00fcsp\u00f6k\u00e9nek, Dr. Gebhard F\u00fcrstnek ezekhez a rendelkez\u00e9sekhez f\u0171z\u00f6tt magyar\u00e1zat\u00e1t (II.), v\u00e9g\u00fcl pedig a mi \u2013 Szent Gell\u00e9rtr\u0151l elnevezett Magyar Katolikus \u2013Egyh\u00e1zk\u00f6zs\u00e9g\u00fcnknek az idei H\u00fasv\u00e9ttal kapcsolatos utas\u00edt\u00e1sait (III.). Fogadj\u00e1tok szeretettel, s ha tehetitek, tarts\u00e1tok magatokat hozz\u00e1. Hissz\u00fck, hogy lelketek \u00e9s eg\u00e9sz egyh\u00e1zk\u00f6zs\u00e9g\u00fcnk jav\u00e1ra v\u00e1lik! \u00a0I. H\u00fasv\u00e9ti szertart\u00e1sok rendje \u2013 \u00dajabb liturgikus rendelkez\u00e9sek a COVID-19-j\u00e1rv\u00e1ny idej\u00e9re Itt k\u00f6z\u00f6lj\u00fck az Istentiszteleti \u00e9s Szents\u00e9gi Fegyelmi Kongreg\u00e1ci\u00f3 154\/20. sz., m\u00e1rcius 25-\u00e9n kelt \u00fajabb dekr\u00e9tuma \u2013 valamint az ahhoz kapcsol\u00f3d\u00f3 megjegyz\u00e9s \u2013 magyar ford\u00edt\u00e1s\u00e1t, amelyet a COVID-19-j\u00e1rv\u00e1ny miatt a latin r\u00edtus\u00fa nagyheti szertart\u00e1sok rendj\u00e9vel kapcsolatban hozott. Prot. N. 153\/20 DEKR\u00c9TUM COVID-19 J\u00c1RV\u00c1NY IDEJ\u00c9RE Ebben a neh\u00e9z id\u0151szakban, amit a Covid-19 okozta j\u00e1rv\u00e1ny jelent, figyelembe v\u00e9ve, hogy a kiadott rendelkez\u00e9sek miatt a liturgi\u00e1k k\u00f6z\u00f6s \u00fcnnepl\u00e9se a templomokban ellehetetlen\u00fclt, ahogy azt a megy\u00e9sp\u00fcsp\u00f6k\u00f6k a saj\u00e1t ter\u00fclet\u00fckre vonatkoz\u00f3an jelezt\u00e9k, beadv\u00e1nyok \u00e9rkeztek ehhez a Kongreg\u00e1ci\u00f3hoz a k\u00f6zelg\u0151 h\u00fasv\u00e9ti \u00fcnnepek kapcs\u00e1n. Ez\u00e9rt, erre vonatkoz\u00f3an, a k\u00f6vetkez\u0151 \u00e1ltal\u00e1nos elveket \u00e9s tan\u00e1csokat aj\u00e1nljuk a p\u00fcsp\u00f6k\u00f6knek. 1 &#8211; A H\u00fasv\u00e9t \u00dcnnep\u00e9nek d\u00e1tuma: Mint a liturgikus \u00e9v sz\u00edve, a H\u00fasv\u00e9t, egyetlen m\u00e1sik \u00fcnnephez sem hasonl\u00f3: h\u00e1rom napon kereszt\u00fcl t\u00f6rt\u00e9n\u0151 \u00fcnnepl\u00e9se, a H\u00fasv\u00e9ti Szent H\u00e1romnap, melyet megel\u0151z a Nagyb\u00f6jt... R\u00e9szletek","og_url":"https:\/\/stuttgarti-katolikusok.de\/index.php\/nagyheti-es-husveti-unneplesunk\/","og_site_name":"Stuttgarti Katolikusok","article_published_time":"2020-03-28T06:03:01+00:00","article_modified_time":"2020-03-28T23:41:08+00:00","og_image":[{"width":600,"height":401,"url":"https:\/\/stuttgarti-katolikusok.de\/wp-content\/uploads\/2020\/03\/ferenc_papa_husvet_2014apr19.jpg","type":"image\/jpeg"}],"author":"Tibor atya","twitter_card":"summary_large_image","twitter_misc":{"Szerz\u0151:":"Tibor atya","Becs\u00fclt olvas\u00e1si id\u0151":"14 perc"},"schema":{"@context":"https:\/\/schema.org","@graph":[{"@type":"Article","@id":"https:\/\/stuttgarti-katolikusok.de\/index.php\/nagyheti-es-husveti-unneplesunk\/#article","isPartOf":{"@id":"https:\/\/stuttgarti-katolikusok.de\/index.php\/nagyheti-es-husveti-unneplesunk\/"},"author":{"name":"Tibor atya","@id":"https:\/\/stuttgarti-katolikusok.de\/#\/schema\/person\/75908d6f8fdc03a57889d27209df7795"},"headline":"Nagyheti \u00e9s H\u00fasv\u00e9ti \u00fcnnepl\u00e9s\u00fcnk","datePublished":"2020-03-28T06:03:01+00:00","dateModified":"2020-03-28T23:41:08+00:00","mainEntityOfPage":{"@id":"https:\/\/stuttgarti-katolikusok.de\/index.php\/nagyheti-es-husveti-unneplesunk\/"},"wordCount":2741,"image":{"@id":"https:\/\/stuttgarti-katolikusok.de\/index.php\/nagyheti-es-husveti-unneplesunk\/#primaryimage"},"thumbnailUrl":"https:\/\/stuttgarti-katolikusok.de\/wp-content\/uploads\/2020\/03\/ferenc_papa_husvet_2014apr19.jpg","articleSection":["Progamel\u0151zetes"],"inLanguage":"hu"},{"@type":"WebPage","@id":"https:\/\/stuttgarti-katolikusok.de\/index.php\/nagyheti-es-husveti-unneplesunk\/","url":"https:\/\/stuttgarti-katolikusok.de\/index.php\/nagyheti-es-husveti-unneplesunk\/","name":"Nagyheti \u00e9s H\u00fasv\u00e9ti \u00fcnnepl\u00e9s\u00fcnk - Stuttgarti Katolikusok","isPartOf":{"@id":"https:\/\/stuttgarti-katolikusok.de\/#website"},"primaryImageOfPage":{"@id":"https:\/\/stuttgarti-katolikusok.de\/index.php\/nagyheti-es-husveti-unneplesunk\/#primaryimage"},"image":{"@id":"https:\/\/stuttgarti-katolikusok.de\/index.php\/nagyheti-es-husveti-unneplesunk\/#primaryimage"},"thumbnailUrl":"https:\/\/stuttgarti-katolikusok.de\/wp-content\/uploads\/2020\/03\/ferenc_papa_husvet_2014apr19.jpg","datePublished":"2020-03-28T06:03:01+00:00","dateModified":"2020-03-28T23:41:08+00:00","author":{"@id":"https:\/\/stuttgarti-katolikusok.de\/#\/schema\/person\/75908d6f8fdc03a57889d27209df7795"},"breadcrumb":{"@id":"https:\/\/stuttgarti-katolikusok.de\/index.php\/nagyheti-es-husveti-unneplesunk\/#breadcrumb"},"inLanguage":"hu","potentialAction":[{"@type":"ReadAction","target":["https:\/\/stuttgarti-katolikusok.de\/index.php\/nagyheti-es-husveti-unneplesunk\/"]}]},{"@type":"ImageObject","inLanguage":"hu","@id":"https:\/\/stuttgarti-katolikusok.de\/index.php\/nagyheti-es-husveti-unneplesunk\/#primaryimage","url":"https:\/\/stuttgarti-katolikusok.de\/wp-content\/uploads\/2020\/03\/ferenc_papa_husvet_2014apr19.jpg","contentUrl":"https:\/\/stuttgarti-katolikusok.de\/wp-content\/uploads\/2020\/03\/ferenc_papa_husvet_2014apr19.jpg","width":600,"height":401},{"@type":"BreadcrumbList","@id":"https:\/\/stuttgarti-katolikusok.de\/index.php\/nagyheti-es-husveti-unneplesunk\/#breadcrumb","itemListElement":[{"@type":"ListItem","position":1,"name":"Kezd\u0151lap","item":"https:\/\/stuttgarti-katolikusok.de\/"},{"@type":"ListItem","position":2,"name":"Nagyheti \u00e9s H\u00fasv\u00e9ti \u00fcnnepl\u00e9s\u00fcnk"}]},{"@type":"WebSite","@id":"https:\/\/stuttgarti-katolikusok.de\/#website","url":"https:\/\/stuttgarti-katolikusok.de\/","name":"Stuttgarti Katolikusok","description":"","potentialAction":[{"@type":"SearchAction","target":{"@type":"EntryPoint","urlTemplate":"https:\/\/stuttgarti-katolikusok.de\/?s={search_term_string}"},"query-input":{"@type":"PropertyValueSpecification","valueRequired":true,"valueName":"search_term_string"}}],"inLanguage":"hu"},{"@type":"Person","@id":"https:\/\/stuttgarti-katolikusok.de\/#\/schema\/person\/75908d6f8fdc03a57889d27209df7795","name":"Tibor atya","image":{"@type":"ImageObject","inLanguage":"hu","@id":"https:\/\/secure.gravatar.com\/avatar\/61d268e57d1f4525b111222e29d2d5a7f8c420fdbf231ba5566a8ceac74fa960?s=96&d=mm&r=g","url":"https:\/\/secure.gravatar.com\/avatar\/61d268e57d1f4525b111222e29d2d5a7f8c420fdbf231ba5566a8ceac74fa960?s=96&d=mm&r=g","contentUrl":"https:\/\/secure.gravatar.com\/avatar\/61d268e57d1f4525b111222e29d2d5a7f8c420fdbf231ba5566a8ceac74fa960?s=96&d=mm&r=g","caption":"Tibor atya"},"url":"https:\/\/stuttgarti-katolikusok.de\/index.php\/author\/tibor-atya\/"}]}},"_links":{"self":[{"href":"https:\/\/stuttgarti-katolikusok.de\/index.php\/wp-json\/wp\/v2\/posts\/19274","targetHints":{"allow":["GET"]}}],"collection":[{"href":"https:\/\/stuttgarti-katolikusok.de\/index.php\/wp-json\/wp\/v2\/posts"}],"about":[{"href":"https:\/\/stuttgarti-katolikusok.de\/index.php\/wp-json\/wp\/v2\/types\/post"}],"author":[{"embeddable":true,"href":"https:\/\/stuttgarti-katolikusok.de\/index.php\/wp-json\/wp\/v2\/users\/3"}],"replies":[{"embeddable":true,"href":"https:\/\/stuttgarti-katolikusok.de\/index.php\/wp-json\/wp\/v2\/comments?post=19274"}],"version-history":[{"count":3,"href":"https:\/\/stuttgarti-katolikusok.de\/index.php\/wp-json\/wp\/v2\/posts\/19274\/revisions"}],"predecessor-version":[{"id":19351,"href":"https:\/\/stuttgarti-katolikusok.de\/index.php\/wp-json\/wp\/v2\/posts\/19274\/revisions\/19351"}],"wp:featuredmedia":[{"embeddable":true,"href":"https:\/\/stuttgarti-katolikusok.de\/index.php\/wp-json\/wp\/v2\/media\/19275"}],"wp:attachment":[{"href":"https:\/\/stuttgarti-katolikusok.de\/index.php\/wp-json\/wp\/v2\/media?parent=19274"}],"wp:term":[{"taxonomy":"category","embeddable":true,"href":"https:\/\/stuttgarti-katolikusok.de\/index.php\/wp-json\/wp\/v2\/categories?post=19274"},{"taxonomy":"post_tag","embeddable":true,"href":"https:\/\/stuttgarti-katolikusok.de\/index.php\/wp-json\/wp\/v2\/tags?post=19274"}],"curies":[{"name":"wp","href":"https:\/\/api.w.org\/{rel}","templated":true}]}}