{"id":19271,"date":"2020-03-28T05:51:06","date_gmt":"2020-03-28T05:51:06","guid":{"rendered":"https:\/\/gracious-dewdney.138-201-221-2.plesk.page\/?p=19271"},"modified":"2020-04-27T08:19:10","modified_gmt":"2020-04-27T08:19:10","slug":"igeistentisztelet-nagybojt-5-vasarnapjara","status":"publish","type":"post","link":"https:\/\/stuttgarti-katolikusok.de\/index.php\/igeistentisztelet-nagybojt-5-vasarnapjara\/","title":{"rendered":"Igeistentisztelet nagyb\u00f6jt 5. vas\u00e1rnapj\u00e1ra"},"content":{"rendered":"<p><em>+! Kedves H\u00edveim,<\/em><\/p>\n<p><em>ha nem tudj\u00e1tok valamilyen okn\u00e1l fogva k\u00f6vetni Tibor atya szentmis\u00e9j\u00e9t, vagy m\u00e1sutt sincs lehet\u0151s\u00e9getek szentmis\u00e9t \u00e9l\u0151ben vagy felv\u00e9telr\u0151l megn\u00e9zni, akkor itt van a vas\u00e1rnapi igeistentisztelet sz\u00f6vege, amelyet kinyomtatva elolvashattok &#8211; egy\u00e9nileg vagy k\u00f6z\u00f6sen. L\u00e9nyeg, hogy &#8211; a mai neh\u00e9z k\u00f6r\u00fclm\u00e9nyek k\u00f6z\u00f6tt &#8211; szentmis\u00e9n &#8222;vegyetek r\u00e9szt&#8221;.<\/em><\/p>\n<p><em>Lelkip\u00e1sztori szeretettel,<\/em><\/p>\n<p><em>Imre atya<\/em><\/p>\n<p><em>Stuttgart, 2020. m\u00e1rcius 28.<\/em><\/p>\n<h4>IGEISTENTISZTELET NAGYB\u00d6JT 5. VAS\u00c1RNAPJ\u00c1RA<\/h4>\n<h4>I. BEVEZET\u0150 R\u00c9SZ<\/h4>\n<p><strong>\u00a0<\/strong><\/p>\n<p><strong>(El\u0151im\u00e1dkoz\u00f3: Apa, Anya vagy m\u00e1s): <\/strong><em>A mai szentmis\u00e9nek \u00edgy sz\u00f3l a kezd\u0151\u00e9neke:<\/em><\/p>\n<p><strong>Kezd\u0151\u00e9nek: <\/strong><em><br \/>\n<\/em><em>Szolg\u00e1ltass nekem igazs\u00e1got, Istenem, az istentelen n\u00e9ppel szemben v\u00e9dd \u00fcgyemet, ments meg a gonosz \u00e9s \u00e1lnok emberekt\u0151l, mert te vagy az \u00e9n megment\u0151 Istenem. (Zsolt 42,1-2)<\/em><\/p>\n<p><em>Kedves Testv\u00e9rek, kezdj\u00fck igeistentisztelet\u00fcnket a Hozsann\u00e1nk 59-es sz\u00e1m\u00fa \u00e9nek\u00e9nek 1 szakasz\u00e1val &#8211; Hozs.<\/em> <em>59,1<\/em><\/p>\n<ol>\n<li>1<em>.<\/em> B\u0171n\u00f6s lelkek, tisztul\u00e1sra<\/li>\n<\/ol>\n<p>Szentmis\u00e9re j\u00f6jjetek,<\/p>\n<p>Kereszt\u00faton elkis\u00e9rni<\/p>\n<p>Azt, ki meghalt \u00e9rtetek.<\/p>\n<p>E nagyb\u00f6jti szent id\u00f4ben<\/p>\n<p>B\u00e1nat k\u00f6nnye hulljon b\u0151ven,<\/p>\n<p>Hogy lemossa lelketek.<\/p>\n<p><strong>Keresztvet\u00e9s:<\/strong> <em>Az Atya, a Fi\u00fa \u00e9s a Szentl\u00e9lek nev\u00e9ben.<\/em><\/p>\n<p><strong>K\u00f6zgy\u00f3n\u00e1s (El\u0151im\u00e1dkoz\u00f3): <\/strong><em>Testv\u00e9reim! Miel\u0151tt erre a szent \u00fcnnepre el\u0151\u00edrt olvasm\u00e1nyokat meghallgatn\u00e1nk, vizsg\u00e1ljuk meg lelkiismeret\u00fcnket \u00e9s b\u00e1njuk meg b\u0171neinket, hogy m\u00e9lt\u00f3k\u00e9ppen \u00fcnnepelhess\u00fck az \u00dar szent titkait. <\/em><\/p>\n<p>GY\u00d3NOM A MINDENHAT\u00d3 ISTENNEK \u00e9s nektek, testv\u00e9reim, hogy sokszor \u00e9s sokat v\u00e9tkeztem, gondolattal, sz\u00f3val, cselekedettel \u00e9s mulaszt\u00e1ssal: \u00e9n v\u00e9tkem, \u00e9n v\u00e9tkem, \u00e9n igen nagy v\u00e9tkem. K\u00e9rem ez\u00e9rt a Boldogs\u00e1gos, mindenkor Szepl\u0151telen Sz\u0171z M\u00e1ri\u00e1t, az \u00f6sszes angyalokat \u00e9s szenteket, \u00e9s titeket, testv\u00e9reim, hogy im\u00e1dkozzatok \u00e9rettem Urunkhoz, Isten\u00fcnkh\u00f6z. Amen.<\/p>\n<p><strong>Uram irgalmazz: <\/strong><\/p>\n<p><em>Uram, irgalmazz!<\/em><\/p>\n<p><em>Krisztus kegyelmezz!<\/em><\/p>\n<p><em>Uram, irgalmazz!<\/em><\/p>\n<p><strong>K\u00f6ny\u00f6rg\u00e9s: <\/strong>Urunk, Isten\u00fcnk, seg\u00edts minket, hogy \u00e9let\u00fcnkben az a f\u00e1radhatatlan szeretet vezessen, amellyel Krisztus szerette a vil\u00e1got, \u00e9s hal\u00e1lra adta \u00e9rt\u00fcnk \u00f6nmag\u00e1t. Aki veled \u00e9l \u00e9s uralkodik a Szentl\u00e9lekkel egys\u00e9gben, Isten mind\u00f6r\u00f6kk\u00f6n \u00f6r\u00f6kk\u00e9.<\/p>\n<p><strong>H\u00edvek: <\/strong>\u00c1men!<\/p>\n<p><strong>\u00a0<\/strong><\/p>\n<ol>\n<li><strong> AZ IGE LITURGI\u00c1JA<\/strong><\/li>\n<\/ol>\n<p>OLVASM\u00c1NY Ezekiel pr\u00f3f\u00e9ta k\u00f6nyv\u00e9b\u0151l <strong>Ez 37,12b-14<\/strong><\/p>\n<p><em>Bel\u00e9tek oltom lelkemet \u00e9s \u00e9letre keltek.<\/em><\/p>\n<p>\u00cdgy sz\u00f3lt az \u00dar Ezekiel pr\u00f3f\u00e9t\u00e1hoz: \u201eJ\u00f6vend\u00f6lj \u00e9s \u00edgy besz\u00e9lj n\u00e9pemhez: Ezt mondja az \u00dar, az Isten: \u00bb\u00cdme, kinyitom s\u00edrjaitokat \u00e9s kihozlak titeket s\u00edrjaitokb\u00f3l, \u00e9n n\u00e9pem, \u00e9s elvezetlek Izrael f\u00f6ldj\u00e9re. Akkor majd megtudj\u00e1tok, hogy \u00e9n vagyok az \u00dar, amikor kinyitom s\u00edrjaitokat \u00e9s kihozlak benneteket s\u00edrjaitokb\u00f3l, \u00e9n n\u00e9pem. Bel\u00e9tek oltom lelkemet \u00e9s \u00e9letre keltek. Letelep\u00edtelek titeket f\u00f6ldeteken, \u00e9s megtudj\u00e1tok, hogy \u00e9n, az \u00dar mondtam ezt, \u00e9s v\u00e9gbe is vittem\u00ab\u201d \u2013 mondja az \u00dar.<\/p>\n<p>Ez az Isten ig\u00e9je.<\/p>\n<p><strong>H\u00edvek: <\/strong>Istennek legyen h\u00e1la!<\/p>\n<p>V\u00c1LASZOS ZSOLT\u00c1R <strong>Zsolt 129,1-2.3-4ab.4c-6.7-8<\/strong><\/p>\n<p>V\u00e1lasz: <strong>Az \u00darn\u00e1l az irgalom, * \u00e9s b\u0151s\u00e9ges a megv\u00e1lt\u00e1s n\u00e1la.<\/strong> \u2013 1 D<sup>2<\/sup>. t\u00f3nus.<\/p>\n<p><strong>El\u0151\u00e9nekes:<\/strong> A m\u00e9lys\u00e9gb\u0151l ki\u00e1ltok, Uram, hozz\u00e1d, * Istenem, hallgass a sz\u00f3mra.<br \/>\nF\u00fcled figyeljen fel * k\u00f6ny\u00f6rg\u0151 szavamra.<br \/>\n<strong>H\u00edvek:<\/strong> Az \u00darn\u00e1l az irgalom, * \u00e9s b\u0151s\u00e9ges a megv\u00e1lt\u00e1s n\u00e1la.<br \/>\n<strong>E:<\/strong> Ha sz\u00e1mon tartod a v\u00e9tkeket, Uram, * Uram, ki az, aki el\u0151tted meg\u00e1llhat?<br \/>\nDe n\u00e1lad bocs\u00e1natot nyer a v\u00e9tek, * ez\u00e9rt f\u00e9lve tisztel\u00fcnk t\u00e9ged.<br \/>\n<strong>H:<\/strong> Az \u00darn\u00e1l az irgalom, * \u00e9s b\u0151s\u00e9ges a megv\u00e1lt\u00e1s n\u00e1la.<br \/>\n<strong>E:<\/strong> Tebenned rem\u00e9lek, Uram, * \u00e9s ig\u00e9dben rem\u00e9nykedik lelkem.<br \/>\nLelkem v\u00e1rja az Urat, * jobban, mint \u00e9ji \u0151r a hajnalt.<br \/>\n<strong>H:<\/strong> Az \u00darn\u00e1l az irgalom, * \u00e9s b\u0151s\u00e9ges a megv\u00e1lt\u00e1s n\u00e1la.<br \/>\n<strong>E:<\/strong> Jobban, mint \u00e9ji \u0151r a hajnalt, * v\u00e1rja az Urat Izrael.<br \/>\nMert az \u00darn\u00e1l az irgalom, \u2020 \u00e9s b\u0151s\u00e9ges a megv\u00e1lt\u00e1s n\u00e1la, * \u0151 v\u00e1ltja meg Izraelt minden b\u0171n\u00e9t\u0151l.<br \/>\n<strong>H:<\/strong> Az \u00darn\u00e1l az irgalom, * \u00e9s b\u0151s\u00e9ges a megv\u00e1lt\u00e1s n\u00e1la.<\/p>\n<p>SZENTLECKE Szent P\u00e1l apostolnak a r\u00f3maiakhoz \u00edrt level\u00e9b\u0151l <strong>R\u00f3m 8,8-11<\/strong><\/p>\n<p><em>Isten Lelke, aki J\u00e9zust felt\u00e1masztotta a hal\u00e1lb\u00f3l, bennetek lakik.<\/em><br \/>\nTestv\u00e9reim!<br \/>\nAki test szerint \u00e9l, nem lehet kedves Isten el\u0151tt. Ti azonban nem test, hanem l\u00e9lek szerint \u00e9ltek, ha val\u00f3ban Isten Lelke lakik bennetek. De akiben nem lakik Krisztus Lelke, az nem Krisztus\u00e9. Ha Krisztus bennetek lakik, j\u00f3llehet a test a b\u0171n miatt halott, a l\u00e9lek a megigazul\u00e1s k\u00f6vetkezt\u00e9ben \u00e9l. Ha pedig bennetek lakik annak Lelke, aki felt\u00e1masztotta J\u00e9zust a hal\u00e1lb\u00f3l, \u0151, aki Krisztust felt\u00e1masztotta a halottak k\u00f6z\u00fcl, haland\u00f3 testeteket is \u00e9letre kelti a bennetek lak\u00f3 Lelke \u00e1ltal.<\/p>\n<p>Ez az Isten ig\u00e9je.<\/p>\n<p><strong>H\u00edvek: <\/strong>Istennek legyen h\u00e1la!<\/p>\n<p>EVANG\u00c9LIUM EL\u0150TTI VERS<\/p>\n<p>J\u00e9zus mondja: \u2020 \u201e\u00c9n vagyok a felt\u00e1mad\u00e1s \u00e9s az \u00e9let: * aki bennem hisz, nem hal meg \u00f6r\u00f6kre.\u201d Jn 11,25a \u00e9s 26 \u2013 6. t\u00f3nus.<\/p>\n<p>\u2020 EVANG\u00c9LIUM Szent J\u00e1nos k\u00f6nyv\u00e9b\u0151l <strong>Jn 11,3-7.17.20-27.33b-45<\/strong><\/p>\n<p><em>\u00c9n vagyok a felt\u00e1mad\u00e1s \u00e9s az \u00e9let.<\/em><\/p>\n<p>Abban az id\u0151ben: L\u00e1z\u00e1r testv\u00e9rei meg\u00fczent\u00e9k J\u00e9zusnak: \u201eUram, n\u00e9zd, beteg, akit szeretsz!\u201d Amikor J\u00e9zus meghallotta ezt, \u00edgy sz\u00f3lt: \u201eEz a betegs\u00e9g nem hal\u00e1los, hanem Isten dics\u0151s\u00e9g\u00e9re fog szolg\u00e1lni, hogy az Isten Fia megdics\u0151\u00fclj\u00f6n.\u201d<\/p>\n<p>J\u00e9zus szerette \u0151ket: M\u00e1rt\u00e1t, M\u00e1ri\u00e1t \u00e9s L\u00e1z\u00e1rt. Amikor teh\u00e1t meghallotta, hogy L\u00e1z\u00e1r beteg, k\u00e9t napig ott id\u0151z\u00f6tt m\u00e9g, ahol volt, azt\u00e1n \u00edgy sz\u00f3lt a tan\u00edtv\u00e1nyokhoz: \u201eMenj\u00fcnk el ism\u00e9t Jude\u00e1ba!\u201d<br \/>\nAmikor J\u00e9zus meg\u00e9rkezett, L\u00e1z\u00e1r m\u00e1r n\u00e9gy napja a s\u00edrban fek\u00fcdt.<br \/>\nAmint M\u00e1rta meghallotta, hogy J\u00e9zus j\u00f6n, el\u00e9je sietett, m\u00edg M\u00e1ria otthon maradt. M\u00e1rta \u00edgy sz\u00f3lt J\u00e9zushoz: \u201eUram, ha itt lett\u00e9l volna, nem halt volna meg a testv\u00e9rem! De tudom, hogy most is, b\u00e1rmit k\u00e9rsz Istent\u0151l, megadja neked.\u201d J\u00e9zus ezt felelte neki: \u201eTestv\u00e9red fel fog t\u00e1madni.\u201d Erre M\u00e1rta \u00edgy sz\u00f3lt: \u201eTudom, hogy felt\u00e1mad a felt\u00e1mad\u00e1skor, az utols\u00f3 napon.\u201d<\/p>\n<p>J\u00e9zus folytatta: \u201e\u00c9n vagyok a felt\u00e1mad\u00e1s \u00e9s az \u00e9let. Aki hisz bennem, m\u00e9g ha meg is hal, \u00e9lni fog. Mindaz, aki \u00e9l \u00e9s hisz \u00e9nbennem, az nem hal meg \u00f6r\u00f6kre. Hiszed ezt?\u201d M\u00e1rta ezt v\u00e1laszolta neki: \u201eIgen, Uram! Hiszem, hogy te vagy a Messi\u00e1s, az Isten Fia, aki a vil\u00e1gba j\u00f6n!\u201d<\/p>\n<p>J\u00e9zus a lelke m\u00e9ly\u00e9ig megrend\u00fclt \u00e9s megindult. Megk\u00e9rdezt: \u201eHova temett\u00e9tek?\u201d Azok \u00edgy sz\u00f3ltak: ,j\u00f6jj, Uram, \u00e9s l\u00e1sd!\u201d Ekkor J\u00e9zus k\u00f6nnyekre fakadt. Erre a zsid\u00f3k megjegyezt\u00e9k: \u201eN\u00e9zz\u00e9tek, mennyire szerette \u0151t!\u201d N\u00e9melyek azonban \u00edgy sz\u00f3ltak: \u201e\u0150, aki visszaadta a vak l\u00e1t\u00e1s\u00e1t, nem akad\u00e1lyozhatta volna meg, hogy meghaljon?\u201d<br \/>\nJ\u00e9zus pedig, m\u00e9g mindig m\u00e9lyen megrend\u00fclve a s\u00edrhoz ment, amely egy k\u0151vel elz\u00e1rt barlang volt. J\u00e9zus \u00edgy sz\u00f3lt: \u201eVegy\u00e9tek el a k\u00f6vet!\u201d M\u00e1rta, az elhunyt testv\u00e9re megjegyezte: \u201eUram, m\u00e1r szaga van, hiszen negyednapos.\u201d J\u00e9zus ezt v\u00e1laszolta neki: \u201eMondtam m\u00e1r neked, hogy ha hiszel, megl\u00e1tod Isten dics\u0151s\u00e9g\u00e9t!\u201d Elvett\u00e9k teh\u00e1t a k\u00f6vet. J\u00e9zus az \u00e9gre emelte szem\u00e9t, \u00e9s \u00edgy sz\u00f3lt: \u201eAty\u00e1m, h\u00e1l\u00e1t adok neked, hogy meghallgatt\u00e1l. \u00c9n ugyan tudom, hogy mindenkor meghallgatsz, csak a k\u00f6r\u00fcl\u00e1ll\u00f3 n\u00e9p miatt mondom, hogy higgy\u00e9k: te k\u00fcld\u00f6tt\u00e9l engem!\u201d<\/p>\n<p>E szavak ut\u00e1n J\u00e9zus hangos sz\u00f3val ki\u00e1ltotta: \u201eL\u00e1z\u00e1r, j\u00f6jj ki!\u201d A halott azonnal kij\u00f6tt, kez\u00e9n \u00e9s l\u00e1b\u00e1n a r\u00e1tekert leplekkel, arc\u00e1n pedig a kend\u0151vel, amelyet fej\u00e9re csavartak. J\u00e9zus megparancsolta: \u201eOldj\u00e1tok f\u00f6l, hogy j\u00e1rni tudjon!\u201d<\/p>\n<p>A zsid\u00f3k k\u00f6z\u00fcl, akik M\u00e1ri\u00e1hoz j\u00f6ttek, sokan hittek J\u00e9zusban, miut\u00e1n l\u00e1tt\u00e1k, amit cselekedett.<\/p>\n<p>Ezek az evang\u00e9lium ig\u00e9i.<\/p>\n<p><strong>H:<\/strong> \u00c1ldunk T\u00e9ged, Krisztus!<\/p>\n<p><strong>Szentbesz\u00e9d:<\/strong><\/p>\n<p><strong>&#8222;\u00c9n vagyok a felt\u00e1mad\u00e1s \u00e9s az \u00e9let.&#8221; (Jn 11,25)<\/strong><\/p>\n<p>J\u00e9zus a bet\u00e1niai L\u00e1z\u00e1r hal\u00e1lakor mondta ezeket a szavakat, akit azt\u00e1n a negyedik napon felt\u00e1masztott. L\u00e1z\u00e1rnak k\u00e9t testv\u00e9re volt: M\u00e1rta \u00e9s M\u00e1ria. M\u00e1rta &#8211; amint megtudta, hogy J\u00e9zus meg\u00e9rkezett &#8211; odafutott hozz\u00e1 \u00e9s \u00edgy sz\u00f3lt: &#8222;Uram, ha itt lett\u00e9l volna, nem halt volna meg a testv\u00e9rem!&#8221; J\u00e9zus ezt v\u00e1laszolta: &#8222;Testv\u00e9red fel fog t\u00e1madni.&#8221; Mire M\u00e1rta: &#8222;Tudom, hogy fel fog t\u00e1madni az utols\u00f3 napon.&#8221; J\u00e9zus erre kijelenti: &#8222;\u00c9n vagyok a felt\u00e1mad\u00e1s \u00e9s az \u00e9let; aki hisz bennem, m\u00e9g ha meghal is, \u00e9lni fog. Az, aki \u00fagy \u00e9l, hogy hisz bennem, nem hal meg \u00f6r\u00f6kre.&#8221;<\/p>\n<p><strong>&#8222;\u00c9n vagyok a felt\u00e1mad\u00e1s \u00e9s az \u00e9let.&#8221;<\/strong><\/p>\n<p>J\u00e9zus meg szeretn\u00e9 \u00e9rtetni, hogy ki \u0150 az emberek sz\u00e1m\u00e1ra; n\u00e1la van a leg\u00e9rt\u00e9kesebb aj\u00e1nd\u00e9k, ami ut\u00e1n v\u00e1gyakozunk: az \u00c9let, az az \u00c9let, mely nem m\u00falik el. Ha olvastad J\u00e1nos evang\u00e9lium\u00e1t, megfigyelhetted, hogy J\u00e9zus ezt is mondta: &#8222;Amint az Aty\u00e1nak \u00e9lete van \u00f6nmag\u00e1ban, a Fi\u00fanak is megadta, hogy \u00e9lete legyen \u00f6nmag\u00e1ban.&#8221; (5,26) S mivel J\u00e9zusban \u00c9let van, \u00e9letet tud adni.<\/p>\n<p><strong>&#8222;\u00c9n vagyok a felt\u00e1mad\u00e1s \u00e9s az \u00e9let.&#8221;<\/strong><\/p>\n<p>M\u00e1rta is hisz a v\u00e9gs\u0151 felt\u00e1mad\u00e1sban: &#8222;Tudom, hogy fel fog t\u00e1madni az utols\u00f3 napon.&#8221; J\u00e9zus azonban csod\u00e1latos kijelent\u00e9s\u00e9vel: &#8222;\u00c9n vagyok a felt\u00e1mad\u00e1s \u00e9s az \u00e9let&#8221;, meg\u00e9rteti vele: nemcsak abban rem\u00e9nykedhet, hogy a halottak egyszer majd felt\u00e1madnak. \u0150 m\u00e1r most, a jelenben is minden h\u00edv\u0151 sz\u00e1m\u00e1ra az isteni, szavakkal ki nem fejezhet\u0151, soha v\u00e9get nem \u00e9r\u0151 \u00f6r\u00f6k \u00c9let. Ha J\u00e9zus benn\u00fck van, ha \u0150 benned \u00e9l, nem fogsz meghalni. A h\u00edv\u0151ben lev\u0151 \u00e9let \u00e9s a felt\u00e1madott J\u00e9zus term\u00e9szete ugyanaz, teh\u00e1t eg\u00e9szen m\u00e1s, mint az emberi term\u00e9szet. Ez a rendk\u00edv\u00fcli \u00c9let, mely m\u00e1r ott van benned is, az utols\u00f3 napon teljesedik majd ki, amikor eg\u00e9sz l\u00e9nyed fel fog t\u00e1madni.<\/p>\n<p><strong>&#8222;\u00c9n vagyok a felt\u00e1mad\u00e1s \u00e9s az \u00e9let.&#8221;<\/strong><\/p>\n<p>Term\u00e9szetesen J\u00e9zus ezzel az \u00e1ll\u00edt\u00e1ssal nem tagadja a fizikai hal\u00e1l l\u00e9t\u00e9t. Ez azonban nem az igazi \u00c9let elveszt\u00e9s\u00e9t jelenti. A hal\u00e1l sz\u00e1modra, mint minden ember sz\u00e1m\u00e1ra egyed\u00fcl\u00e1ll\u00f3, m\u00e9lyen megr\u00e1z\u00f3 s tal\u00e1n f\u00e9lelmetes tapasztalat marad, de imm\u00e1r nem a l\u00e9t \u00e9rtelmetlens\u00e9g\u00e9t, abszurdit\u00e1s\u00e1t; nem az \u00e9let megsz\u0171n\u00e9s\u00e9t, v\u00e9g\u00e9t jelzi. A hal\u00e1l sz\u00e1modra val\u00f3j\u00e1ban nem lesz t\u00f6bb\u00e9 hal\u00e1l.<\/p>\n<p><strong>&#8222;\u00c9n vagyok a felt\u00e1mad\u00e1s \u00e9s az \u00e9let.&#8221;<\/strong><\/p>\n<p>S hogy mikor fogant meg benned az az \u00c9let, mely nem m\u00falik el? Amikor megkereszteltek. B\u00e1r mint ember haland\u00f3 vagy, a kereszts\u00e9gben Krisztus halhatatlan \u00c9letet adott neked az\u00e1ltal, hogy megkaptad a Szentlelket, aki felt\u00e1masztotta J\u00e9zust. Ahhoz, hogy r\u00e9szes\u00fclj ebben a szents\u00e9gben, a hitedre volt sz\u00fcks\u00e9g, amit keresztsz\u00fcleid vallottak meg nevedben. J\u00e9zus ugyanis a L\u00e1z\u00e1r felt\u00e1maszt\u00e1s\u00e1r\u00f3l sz\u00f3l\u00f3 epiz\u00f3dban \u00edgy sz\u00f3lt M\u00e1rt\u00e1hoz: &#8222;Aki hisz bennem, m\u00e9g ha meghal is, \u00e9lni fog.&#8221; (&#8230;) &#8222;Hiszed ezt?&#8221; (Jn 11,26)<\/p>\n<p>A &#8222;hit&#8221; nagyon fontos, elengedhetetlen felt\u00e9tel: nemcsak abban \u00e1ll, hogy elfogadod a Krisztus \u00e1ltal hirdetett igazs\u00e1got, hanem eg\u00e9sz l\u00e9nyeddel k\u00f6vetned is kell azt. Ha teh\u00e1t meg akarod kapni ezt az \u00e9letet, ki kell mondanod igenedet Krisztusnak, azaz magad\u00e9v\u00e1 kell tenned \u00e9s \u00e9letre kell v\u00e1ltanod parancsolatait, szavait. J\u00e9zus vil\u00e1gosan megmondta: &#8222;Aki megtartja tan\u00edt\u00e1somat, nem \u00edzleli meg a hal\u00e1lt \u00f6r\u00f6kre.&#8221; (Jn 8,51) Tan\u00edt\u00e1s\u00e1t pedig a szeretet foglalja \u00f6ssze. Lehetetlen h\u00e1t, hogy ne l\u00e9gy boldog: benned van az \u00c9let!<\/p>\n<p><strong>&#8222;\u00c9n vagyok a felt\u00e1mad\u00e1s \u00e9s az \u00e9let.&#8221;<\/strong><\/p>\n<p>Ebben az id\u0151szakban, a h\u00fasv\u00e9tra k\u00e9sz\u00fclve seg\u00edts\u00fcnk egym\u00e1snak megval\u00f3s\u00edtani elhat\u00e1roz\u00e1sunkat, amit \u00e1lland\u00f3an meg kell \u00faj\u00edtanunk: pr\u00f3b\u00e1ljunk folyamatosan meghalni \u00f6nmagunknak, hogy Krisztus, a Felt\u00e1madott m\u00e1r mostant\u00f3l kezdve \u00e9lhessen benn\u00fcnk. <em>Chiara Lubich<\/em><\/p>\n<p>&nbsp;<\/p>\n<p><strong>III. A K\u00d6Z\u00d6SS\u00c9G V\u00c1LASZA<\/strong><\/p>\n<p><strong>Hiszekegy:<\/strong> <em>Testv\u00e9reim, most pedig valljuk meg a hit\u00fcnket: <\/em>HISZEK EGY ISTENBEN, mindenhat\u00f3 Aty\u00e1ban, mennynek \u00e9s f\u00f6ldnek Teremt\u0151j\u00e9ben. \u00c9s J\u00e9zus Krisztusban, az \u0150 egysz\u00fcl\u00f6tt Fi\u00e1ban, a mi Urunkban; aki fogantatott Szentl\u00e9lekt\u0151l, sz\u00fcletett Sz\u0171z M\u00e1ri\u00e1t\u00f3l; szenvedett Poncius Pil\u00e1tus alatt; megfesz\u00edtett\u00e9k, meghalt \u00e9s eltemett\u00e9k. Al\u00e1sz\u00e1llt a poklokra, harmadnapon felt\u00e1madt a halottak k\u00f6z\u00fcl; f\u00f6lment a mennybe, ott \u00fcl a mindenhat\u00f3 Atyaisten jobbj\u00e1n; onnan j\u00f6n el \u00edt\u00e9lni \u00e9l\u0151ket \u00e9s holtakat. Hiszek Szentl\u00e9lekben. Hiszem a katolikus Anyaszentegyh\u00e1zat; a szentek k\u00f6z\u00f6ss\u00e9g\u00e9t, a b\u0171n\u00f6k bocs\u00e1nat\u00e1t; a test felt\u00e1mad\u00e1s\u00e1t \u00e9s az \u00f6r\u00f6k \u00e9letet. \u00c1men.<\/p>\n<p>EGYETEMES K\u00d6NY\u00d6RG\u00c9SEK<\/p>\n<p><strong>El\u0151im\u00e1dkoz\u00f3:<\/strong> Im\u00e1dkozzunk, testv\u00e9reim, a mi Urunk J\u00e9zus Krisztushoz, aki L\u00e1z\u00e1r felt\u00e1maszt\u00e1s\u00e1val megmutatta, hogy \u0151 a Felt\u00e1mad\u00e1s \u00e9s az \u00c9let!<\/p>\n<p><strong>Felolvas\u00f3:<\/strong> 1. Hogy Egyh\u00e1zad szents\u00e9gei \u00e1ltal min\u00e9l t\u00f6bben \u00e9letre t\u00e1madjanak a lelki hal\u00e1lb\u00f3l!<\/p>\n<p><strong>\u00a0\u00a0\u00a0\u00a0\u00a0\u00a0\u00a0\u00a0\u00a0\u00a0\u00a0 H\u00edvek:<\/strong> K\u00e9r\u00fcnk t\u00e9ged, hallgass meg minket!<\/p>\n<ol start=\"2\">\n<li>Hogy az \u00e9let szolg\u00e1lat\u00e1ban a n\u00e9pek \u00f6sszefogjanak a h\u00e1bor\u00fak, a j\u00e1rv\u00e1nyok \u00e9s az \u00e9h\u00edns\u00e9g lek\u00fczd\u00e9s\u00e9re!<\/li>\n<\/ol>\n<p><strong>\u00a0\u00a0\u00a0\u00a0\u00a0\u00a0\u00a0\u00a0\u00a0\u00a0\u00a0 H\u00edvek:<\/strong> K\u00e9r\u00fcnk t\u00e9ged . . .<\/p>\n<ol start=\"3\">\n<li>Hogy mindny\u00e1jan er\u0151t \u00e9s b\u00e1tor\u00edt\u00e1st nyerj\u00fcnk a felt\u00e1mad\u00e1s hit\u00e9b\u0151l!<\/li>\n<\/ol>\n<p><strong>\u00a0\u00a0\u00a0\u00a0\u00a0\u00a0\u00a0\u00a0\u00a0\u00a0\u00a0 H\u00edvek:<\/strong> K\u00e9r\u00fcnk t\u00e9ged . . .<\/p>\n<ol start=\"4\">\n<li>Hogy betegeink id\u0151ben r\u00e9szes\u00fcljenek J\u00e9zus vigasztal\u00e1s\u00e1ban \u00e9s szents\u00e9geinek kegyelm\u00e9ben!<\/li>\n<\/ol>\n<p><strong>\u00a0\u00a0\u00a0\u00a0\u00a0\u00a0\u00a0\u00a0\u00a0\u00a0\u00a0 H\u00edvek:<\/strong> K\u00e9r\u00fcnk t\u00e9ged . . .<\/p>\n<ol start=\"5\">\n<li>Hogy J\u00e9zus szavai er\u0151s\u00edtsenek meg benn\u00fcnket, amikor szeretteinket gy\u00e1szoljuk!<\/li>\n<\/ol>\n<p><strong>\u00a0\u00a0\u00a0\u00a0\u00a0\u00a0\u00a0\u00a0\u00a0\u00a0\u00a0 H\u00edvek:<\/strong> K\u00e9r\u00fcnk t\u00e9ged . . .<\/p>\n<p>6. Hogy \u00e1llj mindazok mellett, akiket ez a vil\u00e1gj\u00e1rv\u00e1ny fenyeget.<\/p>\n<p><strong>H\u00edvek:<\/strong> K\u00e9r\u00fcnk t\u00e9ged &#8230;<\/p>\n<p><strong>El\u0151im\u00e1dkoz\u00f3:<\/strong> Mennyei Aty\u00e1nk! Te szent Fiadat az \u00e9let \u00e9s a hal\u00e1l Ur\u00e1v\u00e1 tetted. Seg\u00edts kegyelmeddel, hogy a lelki hal\u00e1lb\u00f3l mindig fel tudjunk t\u00e1madni, \u00e9s f\u00f6ldi \u00e9let\u00fcnk ut\u00e1n r\u00e9sz\u00fcnk legyen az \u00f6r\u00f6k \u00e9letben. Krisztus, a mi Urunk \u00e1ltal.<\/p>\n<p><strong>H\u00edvek:<\/strong> \u00c1men.<\/p>\n<p><strong>Miaty\u00e1nk:<\/strong> Most pedig im\u00e1dkozzunk \u00fagy, ahogyan Urunk J\u00e9zus tan\u00edtott minket im\u00e1dkozni: Mi Aty\u00e1nk&#8230;<\/p>\n<p><strong>IV. BEFEJEZ\u0150 SZERTART\u00c1S<\/strong><\/p>\n<p>Lelki \u00e1ldoz\u00e1s<\/p>\n<p><em>&#8222;J\u00e9zusom!<\/em> <em>Hiszem, hogy jelen vagy a legm\u00e9lt\u00f3s\u00e1gosabb Olt\u00e1riszents\u00e9gben.<\/em><br \/>\n<em>Mindenn\u00e9l jobban szeretlek, \u00e9s v\u00e1gyom r\u00e1, hogy a lelkembe fogadhassalak.<\/em><br \/>\n<em>Mivel most nem tudlak szents\u00e9gi m\u00f3don magamhoz venni, j\u00f6jj legal\u00e1bb lelki m\u00f3don a sz\u00edvembe!<\/em><\/p>\n<p><em>Magamhoz \u00f6lellek, mintha m\u00e1r ott lenn\u00e9l, \u00e9s teljesen egyes\u00edtem magamat Veled.<\/em><\/p>\n<p><em>Ne engedd, hogy elszakadjak T\u0151led! \u00a0Amen.&#8221;<\/em><\/p>\n<p><em>(R\u00f6vid csend ut\u00e1n)<\/em><\/p>\n<p><strong>\u00c1ldoz\u00e1s ut\u00e1ni k\u00f6ny\u00f6rg\u00e9s: <\/strong><\/p>\n<p>K\u00e9r\u00fcnk, mindenhat\u00f3 Isten\u00fcnk, add, hogy mindig \u00e9l\u0151 tagjai maradjunk szent Fiadnak, akinek test\u00e9t \u00e9s v\u00e9r\u00e9t magunkhoz vett\u00fck. Aki \u00e9l \u00e9s uralkodik mind\u00f6r\u00f6kk\u00f6n \u00f6r\u00f6kk\u00e9.<\/p>\n<p>H\u00edvek: \u00c1men.<\/p>\n<p><strong>\u00c1ld\u00e1s: <\/strong><em>Most pedig fogadjuk mindannyian az \u00dar \u00e1ld\u00e1s\u00e1t!<\/em><\/p>\n<p>Az Atya +, a Fi\u00fa + \u00e9s a Szentl\u00e9lek + nev\u00e9ben!<\/p>\n<p>\u00c1men.<\/p>\n<p>\u00c9nek: <em>Hozs. 70,1-3<\/em><\/p>\n<ol>\n<li>J\u00e9zus, vil\u00e1g Megv\u00e1lt\u00f3ja,<\/li>\n<\/ol>\n<p>\u00dcdv\u00f6zl\u00e9gy, \u00e9let ad\u00f3ja,<\/p>\n<p>Megfesz\u00edtett Isten fia,<\/p>\n<p>Szent kereszted sz\u00edvem h\u00edvja.<\/p>\n<p>J\u00e9zus, add, hogy hozz\u00e1d t\u00e9rjek,<\/p>\n<p>Veled haljak, veled \u00e9ljek.<\/p>\n<ol start=\"2\">\n<li>\u00c1ltal szegve kezed, l\u00e1bad,<\/li>\n<\/ol>\n<p>\u00c1tvert tested roskad, b\u00e1gyad,<\/p>\n<p>Mez\u00edtelen t\u00e9pett melled!<\/p>\n<p>\u00d3 siratlak, \u00f3 \u00f6lellek!<\/p>\n<p>J\u00e9zus, add, hogy hozz\u00e1d t\u00e9rjek,<\/p>\n<p>Veled haljak, veled \u00e9ljek.<\/p>\n<ol start=\"3\">\n<li>Vir\u00e1goknak sz\u00e9p vir\u00e1ga,<\/li>\n<\/ol>\n<p>Honn\u00e9t orc\u00e1d s\u00e1rgas\u00e1ga?<\/p>\n<p>Hegyes t\u00f6vis koron\u00e1zott,<\/p>\n<p>\u00c9des orc\u00e1d v\u00e9rrel \u00e1zott.<\/p>\n<p>J\u00e9zus, add, hogy hozz\u00e1d t\u00e9rjek,<\/p>\n<p>Veled haljak, veled \u00e9ljek.<\/p>\n","protected":false},"excerpt":{"rendered":"<p>+! Kedves H\u00edveim, ha nem tudj\u00e1tok valamilyen okn\u00e1l fogva k\u00f6vetni Tibor atya szentmis\u00e9j\u00e9t, vagy m\u00e1sutt sincs lehet\u0151s\u00e9getek szentmis\u00e9t \u00e9l\u0151ben vagy felv\u00e9telr\u0151l megn\u00e9zni, akkor itt van a vas\u00e1rnapi igeistentisztelet sz\u00f6vege, amelyet kinyomtatva elolvashattok &#8211; egy\u00e9nileg vagy k\u00f6z\u00f6sen. L\u00e9nyeg, hogy &#8211; a mai neh\u00e9z k\u00f6r\u00fclm\u00e9nyek k\u00f6z\u00f6tt &#8211; szentmis\u00e9n &#8222;vegyetek r\u00e9szt&#8221;. Lelkip\u00e1sztori szeretettel, Imre atya Stuttgart, 2020. m\u00e1rcius 28. IGEISTENTISZTELET NAGYB\u00d6JT 5. VAS\u00c1RNAPJ\u00c1RA I. BEVEZET\u0150 R\u00c9SZ \u00a0 (El\u0151im\u00e1dkoz\u00f3: Apa, Anya vagy m\u00e1s): A mai szentmis\u00e9nek \u00edgy sz\u00f3l a kezd\u0151\u00e9neke: Kezd\u0151\u00e9nek: Szolg\u00e1ltass nekem igazs\u00e1got, Istenem, az istentelen n\u00e9ppel szemben v\u00e9dd \u00fcgyemet, ments meg a gonosz \u00e9s \u00e1lnok emberekt\u0151l, mert te vagy az \u00e9n megment\u0151 Istenem. (Zsolt 42,1-2) Kedves Testv\u00e9rek, kezdj\u00fck igeistentisztelet\u00fcnket a Hozsann\u00e1nk 59-es sz\u00e1m\u00fa \u00e9nek\u00e9nek 1 szakasz\u00e1val &#8211; Hozs. 59,1 1. B\u0171n\u00f6s lelkek, tisztul\u00e1sra Szentmis\u00e9re j\u00f6jjetek, Kereszt\u00faton elkis\u00e9rni Azt, ki meghalt \u00e9rtetek. E nagyb\u00f6jti szent id\u00f4ben B\u00e1nat k\u00f6nnye hulljon b\u0151ven, Hogy lemossa lelketek. Keresztvet\u00e9s: Az Atya, a Fi\u00fa \u00e9s a Szentl\u00e9lek nev\u00e9ben. K\u00f6zgy\u00f3n\u00e1s (El\u0151im\u00e1dkoz\u00f3): Testv\u00e9reim! Miel\u0151tt erre a szent \u00fcnnepre el\u0151\u00edrt olvasm\u00e1nyokat meghallgatn\u00e1nk, vizsg\u00e1ljuk meg lelkiismeret\u00fcnket \u00e9s b\u00e1njuk meg b\u0171neinket, hogy m\u00e9lt\u00f3k\u00e9ppen \u00fcnnepelhess\u00fck az \u00dar szent titkait. GY\u00d3NOM A MINDENHAT\u00d3 ISTENNEK \u00e9s nektek, testv\u00e9reim, hogy sokszor \u00e9s sokat v\u00e9tkeztem, gondolattal, sz\u00f3val, cselekedettel \u00e9s mulaszt\u00e1ssal: \u00e9n v\u00e9tkem, \u00e9n v\u00e9tkem, \u00e9n igen nagy v\u00e9tkem. K\u00e9rem ez\u00e9rt a Boldogs\u00e1gos, mindenkor Szepl\u0151telen Sz\u0171z M\u00e1ri\u00e1t, az \u00f6sszes angyalokat \u00e9s szenteket, \u00e9s titeket, testv\u00e9reim, hogy im\u00e1dkozzatok \u00e9rettem Urunkhoz, Isten\u00fcnkh\u00f6z. Amen. Uram irgalmazz: Uram, irgalmazz! Krisztus kegyelmezz! Uram, irgalmazz! K\u00f6ny\u00f6rg\u00e9s: Urunk, Isten\u00fcnk, seg\u00edts minket, hogy \u00e9let\u00fcnkben az a f\u00e1radhatatlan szeretet vezessen, amellyel Krisztus szerette a vil\u00e1got, \u00e9s hal\u00e1lra adta \u00e9rt\u00fcnk \u00f6nmag\u00e1t. Aki veled \u00e9l \u00e9s uralkodik a Szentl\u00e9lekkel egys\u00e9gben, Isten mind\u00f6r\u00f6kk\u00f6n \u00f6r\u00f6kk\u00e9. H\u00edvek: \u00c1men! \u00a0 AZ IGE LITURGI\u00c1JA OLVASM\u00c1NY Ezekiel pr\u00f3f\u00e9ta k\u00f6nyv\u00e9b\u0151l Ez 37,12b-14 Bel\u00e9tek oltom lelkemet \u00e9s \u00e9letre keltek. \u00cdgy sz\u00f3lt az \u00dar Ezekiel pr\u00f3f\u00e9t\u00e1hoz: \u201eJ\u00f6vend\u00f6lj \u00e9s \u00edgy besz\u00e9lj n\u00e9pemhez: Ezt mondja az \u00dar, az Isten: \u00bb\u00cdme, kinyitom s\u00edrjaitokat&#8230; <\/p>\n<p><a class=\"readmore\" href=\"https:\/\/stuttgarti-katolikusok.de\/index.php\/igeistentisztelet-nagybojt-5-vasarnapjara\/\">R\u00e9szletek<\/a><\/p>\n","protected":false},"author":3,"featured_media":0,"comment_status":"closed","ping_status":"closed","sticky":false,"template":"","format":"standard","meta":{"footnotes":""},"categories":[66,63],"tags":[],"class_list":["post-19271","post","type-post","status-publish","format-standard","hentry","category-igeistentisztelet","category-vasarnapi-gondolatok"],"yoast_head":"<!-- This site is optimized with the Yoast SEO plugin v27.3 - https:\/\/yoast.com\/product\/yoast-seo-wordpress\/ -->\n<title>Igeistentisztelet nagyb\u00f6jt 5. vas\u00e1rnapj\u00e1ra - Stuttgarti Katolikusok<\/title>\n<meta name=\"robots\" content=\"index, follow, max-snippet:-1, max-image-preview:large, max-video-preview:-1\" \/>\n<link rel=\"canonical\" href=\"https:\/\/stuttgarti-katolikusok.de\/index.php\/igeistentisztelet-nagybojt-5-vasarnapjara\/\" \/>\n<meta property=\"og:locale\" content=\"hu_HU\" \/>\n<meta property=\"og:type\" content=\"article\" \/>\n<meta property=\"og:title\" content=\"Igeistentisztelet nagyb\u00f6jt 5. vas\u00e1rnapj\u00e1ra - Stuttgarti Katolikusok\" \/>\n<meta property=\"og:description\" content=\"+! Kedves H\u00edveim, ha nem tudj\u00e1tok valamilyen okn\u00e1l fogva k\u00f6vetni Tibor atya szentmis\u00e9j\u00e9t, vagy m\u00e1sutt sincs lehet\u0151s\u00e9getek szentmis\u00e9t \u00e9l\u0151ben vagy felv\u00e9telr\u0151l megn\u00e9zni, akkor itt van a vas\u00e1rnapi igeistentisztelet sz\u00f6vege, amelyet kinyomtatva elolvashattok &#8211; egy\u00e9nileg vagy k\u00f6z\u00f6sen. L\u00e9nyeg, hogy &#8211; a mai neh\u00e9z k\u00f6r\u00fclm\u00e9nyek k\u00f6z\u00f6tt &#8211; szentmis\u00e9n &#8222;vegyetek r\u00e9szt&#8221;. Lelkip\u00e1sztori szeretettel, Imre atya Stuttgart, 2020. m\u00e1rcius 28. IGEISTENTISZTELET NAGYB\u00d6JT 5. VAS\u00c1RNAPJ\u00c1RA I. BEVEZET\u0150 R\u00c9SZ \u00a0 (El\u0151im\u00e1dkoz\u00f3: Apa, Anya vagy m\u00e1s): A mai szentmis\u00e9nek \u00edgy sz\u00f3l a kezd\u0151\u00e9neke: Kezd\u0151\u00e9nek: Szolg\u00e1ltass nekem igazs\u00e1got, Istenem, az istentelen n\u00e9ppel szemben v\u00e9dd \u00fcgyemet, ments meg a gonosz \u00e9s \u00e1lnok emberekt\u0151l, mert te vagy az \u00e9n megment\u0151 Istenem. (Zsolt 42,1-2) Kedves Testv\u00e9rek, kezdj\u00fck igeistentisztelet\u00fcnket a Hozsann\u00e1nk 59-es sz\u00e1m\u00fa \u00e9nek\u00e9nek 1 szakasz\u00e1val &#8211; Hozs. 59,1 1. B\u0171n\u00f6s lelkek, tisztul\u00e1sra Szentmis\u00e9re j\u00f6jjetek, Kereszt\u00faton elkis\u00e9rni Azt, ki meghalt \u00e9rtetek. E nagyb\u00f6jti szent id\u00f4ben B\u00e1nat k\u00f6nnye hulljon b\u0151ven, Hogy lemossa lelketek. Keresztvet\u00e9s: Az Atya, a Fi\u00fa \u00e9s a Szentl\u00e9lek nev\u00e9ben. K\u00f6zgy\u00f3n\u00e1s (El\u0151im\u00e1dkoz\u00f3): Testv\u00e9reim! Miel\u0151tt erre a szent \u00fcnnepre el\u0151\u00edrt olvasm\u00e1nyokat meghallgatn\u00e1nk, vizsg\u00e1ljuk meg lelkiismeret\u00fcnket \u00e9s b\u00e1njuk meg b\u0171neinket, hogy m\u00e9lt\u00f3k\u00e9ppen \u00fcnnepelhess\u00fck az \u00dar szent titkait. GY\u00d3NOM A MINDENHAT\u00d3 ISTENNEK \u00e9s nektek, testv\u00e9reim, hogy sokszor \u00e9s sokat v\u00e9tkeztem, gondolattal, sz\u00f3val, cselekedettel \u00e9s mulaszt\u00e1ssal: \u00e9n v\u00e9tkem, \u00e9n v\u00e9tkem, \u00e9n igen nagy v\u00e9tkem. K\u00e9rem ez\u00e9rt a Boldogs\u00e1gos, mindenkor Szepl\u0151telen Sz\u0171z M\u00e1ri\u00e1t, az \u00f6sszes angyalokat \u00e9s szenteket, \u00e9s titeket, testv\u00e9reim, hogy im\u00e1dkozzatok \u00e9rettem Urunkhoz, Isten\u00fcnkh\u00f6z. Amen. Uram irgalmazz: Uram, irgalmazz! Krisztus kegyelmezz! Uram, irgalmazz! K\u00f6ny\u00f6rg\u00e9s: Urunk, Isten\u00fcnk, seg\u00edts minket, hogy \u00e9let\u00fcnkben az a f\u00e1radhatatlan szeretet vezessen, amellyel Krisztus szerette a vil\u00e1got, \u00e9s hal\u00e1lra adta \u00e9rt\u00fcnk \u00f6nmag\u00e1t. Aki veled \u00e9l \u00e9s uralkodik a Szentl\u00e9lekkel egys\u00e9gben, Isten mind\u00f6r\u00f6kk\u00f6n \u00f6r\u00f6kk\u00e9. H\u00edvek: \u00c1men! \u00a0 AZ IGE LITURGI\u00c1JA OLVASM\u00c1NY Ezekiel pr\u00f3f\u00e9ta k\u00f6nyv\u00e9b\u0151l Ez 37,12b-14 Bel\u00e9tek oltom lelkemet \u00e9s \u00e9letre keltek. \u00cdgy sz\u00f3lt az \u00dar Ezekiel pr\u00f3f\u00e9t\u00e1hoz: \u201eJ\u00f6vend\u00f6lj \u00e9s \u00edgy besz\u00e9lj n\u00e9pemhez: Ezt mondja az \u00dar, az Isten: \u00bb\u00cdme, kinyitom s\u00edrjaitokat... R\u00e9szletek\" \/>\n<meta property=\"og:url\" content=\"https:\/\/stuttgarti-katolikusok.de\/index.php\/igeistentisztelet-nagybojt-5-vasarnapjara\/\" \/>\n<meta property=\"og:site_name\" content=\"Stuttgarti Katolikusok\" \/>\n<meta property=\"article:published_time\" content=\"2020-03-28T05:51:06+00:00\" \/>\n<meta property=\"article:modified_time\" content=\"2020-04-27T08:19:10+00:00\" \/>\n<meta name=\"author\" content=\"Tibor atya\" \/>\n<meta name=\"twitter:card\" content=\"summary_large_image\" \/>\n<meta name=\"twitter:label1\" content=\"Szerz\u0151:\" \/>\n\t<meta name=\"twitter:data1\" content=\"Tibor atya\" \/>\n\t<meta name=\"twitter:label2\" content=\"Becs\u00fclt olvas\u00e1si id\u0151\" \/>\n\t<meta name=\"twitter:data2\" content=\"14 perc\" \/>\n<script type=\"application\/ld+json\" class=\"yoast-schema-graph\">{\"@context\":\"https:\\\/\\\/schema.org\",\"@graph\":[{\"@type\":\"Article\",\"@id\":\"https:\\\/\\\/stuttgarti-katolikusok.de\\\/index.php\\\/igeistentisztelet-nagybojt-5-vasarnapjara\\\/#article\",\"isPartOf\":{\"@id\":\"https:\\\/\\\/stuttgarti-katolikusok.de\\\/index.php\\\/igeistentisztelet-nagybojt-5-vasarnapjara\\\/\"},\"author\":{\"name\":\"Tibor atya\",\"@id\":\"https:\\\/\\\/stuttgarti-katolikusok.de\\\/#\\\/schema\\\/person\\\/75908d6f8fdc03a57889d27209df7795\"},\"headline\":\"Igeistentisztelet nagyb\u00f6jt 5. vas\u00e1rnapj\u00e1ra\",\"datePublished\":\"2020-03-28T05:51:06+00:00\",\"dateModified\":\"2020-04-27T08:19:10+00:00\",\"mainEntityOfPage\":{\"@id\":\"https:\\\/\\\/stuttgarti-katolikusok.de\\\/index.php\\\/igeistentisztelet-nagybojt-5-vasarnapjara\\\/\"},\"wordCount\":2824,\"articleSection\":[\"igeistentisztelet\",\"Vas\u00e1rnapi gondolatok\"],\"inLanguage\":\"hu\"},{\"@type\":\"WebPage\",\"@id\":\"https:\\\/\\\/stuttgarti-katolikusok.de\\\/index.php\\\/igeistentisztelet-nagybojt-5-vasarnapjara\\\/\",\"url\":\"https:\\\/\\\/stuttgarti-katolikusok.de\\\/index.php\\\/igeistentisztelet-nagybojt-5-vasarnapjara\\\/\",\"name\":\"Igeistentisztelet nagyb\u00f6jt 5. vas\u00e1rnapj\u00e1ra - Stuttgarti Katolikusok\",\"isPartOf\":{\"@id\":\"https:\\\/\\\/stuttgarti-katolikusok.de\\\/#website\"},\"datePublished\":\"2020-03-28T05:51:06+00:00\",\"dateModified\":\"2020-04-27T08:19:10+00:00\",\"author\":{\"@id\":\"https:\\\/\\\/stuttgarti-katolikusok.de\\\/#\\\/schema\\\/person\\\/75908d6f8fdc03a57889d27209df7795\"},\"breadcrumb\":{\"@id\":\"https:\\\/\\\/stuttgarti-katolikusok.de\\\/index.php\\\/igeistentisztelet-nagybojt-5-vasarnapjara\\\/#breadcrumb\"},\"inLanguage\":\"hu\",\"potentialAction\":[{\"@type\":\"ReadAction\",\"target\":[\"https:\\\/\\\/stuttgarti-katolikusok.de\\\/index.php\\\/igeistentisztelet-nagybojt-5-vasarnapjara\\\/\"]}]},{\"@type\":\"BreadcrumbList\",\"@id\":\"https:\\\/\\\/stuttgarti-katolikusok.de\\\/index.php\\\/igeistentisztelet-nagybojt-5-vasarnapjara\\\/#breadcrumb\",\"itemListElement\":[{\"@type\":\"ListItem\",\"position\":1,\"name\":\"Kezd\u0151lap\",\"item\":\"https:\\\/\\\/stuttgarti-katolikusok.de\\\/\"},{\"@type\":\"ListItem\",\"position\":2,\"name\":\"Igeistentisztelet nagyb\u00f6jt 5. vas\u00e1rnapj\u00e1ra\"}]},{\"@type\":\"WebSite\",\"@id\":\"https:\\\/\\\/stuttgarti-katolikusok.de\\\/#website\",\"url\":\"https:\\\/\\\/stuttgarti-katolikusok.de\\\/\",\"name\":\"Stuttgarti Katolikusok\",\"description\":\"\",\"potentialAction\":[{\"@type\":\"SearchAction\",\"target\":{\"@type\":\"EntryPoint\",\"urlTemplate\":\"https:\\\/\\\/stuttgarti-katolikusok.de\\\/?s={search_term_string}\"},\"query-input\":{\"@type\":\"PropertyValueSpecification\",\"valueRequired\":true,\"valueName\":\"search_term_string\"}}],\"inLanguage\":\"hu\"},{\"@type\":\"Person\",\"@id\":\"https:\\\/\\\/stuttgarti-katolikusok.de\\\/#\\\/schema\\\/person\\\/75908d6f8fdc03a57889d27209df7795\",\"name\":\"Tibor atya\",\"image\":{\"@type\":\"ImageObject\",\"inLanguage\":\"hu\",\"@id\":\"https:\\\/\\\/secure.gravatar.com\\\/avatar\\\/61d268e57d1f4525b111222e29d2d5a7f8c420fdbf231ba5566a8ceac74fa960?s=96&d=mm&r=g\",\"url\":\"https:\\\/\\\/secure.gravatar.com\\\/avatar\\\/61d268e57d1f4525b111222e29d2d5a7f8c420fdbf231ba5566a8ceac74fa960?s=96&d=mm&r=g\",\"contentUrl\":\"https:\\\/\\\/secure.gravatar.com\\\/avatar\\\/61d268e57d1f4525b111222e29d2d5a7f8c420fdbf231ba5566a8ceac74fa960?s=96&d=mm&r=g\",\"caption\":\"Tibor atya\"},\"url\":\"https:\\\/\\\/stuttgarti-katolikusok.de\\\/index.php\\\/author\\\/tibor-atya\\\/\"}]}<\/script>\n<!-- \/ Yoast SEO plugin. -->","yoast_head_json":{"title":"Igeistentisztelet nagyb\u00f6jt 5. vas\u00e1rnapj\u00e1ra - Stuttgarti Katolikusok","robots":{"index":"index","follow":"follow","max-snippet":"max-snippet:-1","max-image-preview":"max-image-preview:large","max-video-preview":"max-video-preview:-1"},"canonical":"https:\/\/stuttgarti-katolikusok.de\/index.php\/igeistentisztelet-nagybojt-5-vasarnapjara\/","og_locale":"hu_HU","og_type":"article","og_title":"Igeistentisztelet nagyb\u00f6jt 5. vas\u00e1rnapj\u00e1ra - Stuttgarti Katolikusok","og_description":"+! Kedves H\u00edveim, ha nem tudj\u00e1tok valamilyen okn\u00e1l fogva k\u00f6vetni Tibor atya szentmis\u00e9j\u00e9t, vagy m\u00e1sutt sincs lehet\u0151s\u00e9getek szentmis\u00e9t \u00e9l\u0151ben vagy felv\u00e9telr\u0151l megn\u00e9zni, akkor itt van a vas\u00e1rnapi igeistentisztelet sz\u00f6vege, amelyet kinyomtatva elolvashattok &#8211; egy\u00e9nileg vagy k\u00f6z\u00f6sen. L\u00e9nyeg, hogy &#8211; a mai neh\u00e9z k\u00f6r\u00fclm\u00e9nyek k\u00f6z\u00f6tt &#8211; szentmis\u00e9n &#8222;vegyetek r\u00e9szt&#8221;. Lelkip\u00e1sztori szeretettel, Imre atya Stuttgart, 2020. m\u00e1rcius 28. IGEISTENTISZTELET NAGYB\u00d6JT 5. VAS\u00c1RNAPJ\u00c1RA I. BEVEZET\u0150 R\u00c9SZ \u00a0 (El\u0151im\u00e1dkoz\u00f3: Apa, Anya vagy m\u00e1s): A mai szentmis\u00e9nek \u00edgy sz\u00f3l a kezd\u0151\u00e9neke: Kezd\u0151\u00e9nek: Szolg\u00e1ltass nekem igazs\u00e1got, Istenem, az istentelen n\u00e9ppel szemben v\u00e9dd \u00fcgyemet, ments meg a gonosz \u00e9s \u00e1lnok emberekt\u0151l, mert te vagy az \u00e9n megment\u0151 Istenem. (Zsolt 42,1-2) Kedves Testv\u00e9rek, kezdj\u00fck igeistentisztelet\u00fcnket a Hozsann\u00e1nk 59-es sz\u00e1m\u00fa \u00e9nek\u00e9nek 1 szakasz\u00e1val &#8211; Hozs. 59,1 1. B\u0171n\u00f6s lelkek, tisztul\u00e1sra Szentmis\u00e9re j\u00f6jjetek, Kereszt\u00faton elkis\u00e9rni Azt, ki meghalt \u00e9rtetek. E nagyb\u00f6jti szent id\u00f4ben B\u00e1nat k\u00f6nnye hulljon b\u0151ven, Hogy lemossa lelketek. Keresztvet\u00e9s: Az Atya, a Fi\u00fa \u00e9s a Szentl\u00e9lek nev\u00e9ben. K\u00f6zgy\u00f3n\u00e1s (El\u0151im\u00e1dkoz\u00f3): Testv\u00e9reim! Miel\u0151tt erre a szent \u00fcnnepre el\u0151\u00edrt olvasm\u00e1nyokat meghallgatn\u00e1nk, vizsg\u00e1ljuk meg lelkiismeret\u00fcnket \u00e9s b\u00e1njuk meg b\u0171neinket, hogy m\u00e9lt\u00f3k\u00e9ppen \u00fcnnepelhess\u00fck az \u00dar szent titkait. GY\u00d3NOM A MINDENHAT\u00d3 ISTENNEK \u00e9s nektek, testv\u00e9reim, hogy sokszor \u00e9s sokat v\u00e9tkeztem, gondolattal, sz\u00f3val, cselekedettel \u00e9s mulaszt\u00e1ssal: \u00e9n v\u00e9tkem, \u00e9n v\u00e9tkem, \u00e9n igen nagy v\u00e9tkem. K\u00e9rem ez\u00e9rt a Boldogs\u00e1gos, mindenkor Szepl\u0151telen Sz\u0171z M\u00e1ri\u00e1t, az \u00f6sszes angyalokat \u00e9s szenteket, \u00e9s titeket, testv\u00e9reim, hogy im\u00e1dkozzatok \u00e9rettem Urunkhoz, Isten\u00fcnkh\u00f6z. Amen. Uram irgalmazz: Uram, irgalmazz! Krisztus kegyelmezz! Uram, irgalmazz! K\u00f6ny\u00f6rg\u00e9s: Urunk, Isten\u00fcnk, seg\u00edts minket, hogy \u00e9let\u00fcnkben az a f\u00e1radhatatlan szeretet vezessen, amellyel Krisztus szerette a vil\u00e1got, \u00e9s hal\u00e1lra adta \u00e9rt\u00fcnk \u00f6nmag\u00e1t. Aki veled \u00e9l \u00e9s uralkodik a Szentl\u00e9lekkel egys\u00e9gben, Isten mind\u00f6r\u00f6kk\u00f6n \u00f6r\u00f6kk\u00e9. H\u00edvek: \u00c1men! \u00a0 AZ IGE LITURGI\u00c1JA OLVASM\u00c1NY Ezekiel pr\u00f3f\u00e9ta k\u00f6nyv\u00e9b\u0151l Ez 37,12b-14 Bel\u00e9tek oltom lelkemet \u00e9s \u00e9letre keltek. \u00cdgy sz\u00f3lt az \u00dar Ezekiel pr\u00f3f\u00e9t\u00e1hoz: \u201eJ\u00f6vend\u00f6lj \u00e9s \u00edgy besz\u00e9lj n\u00e9pemhez: Ezt mondja az \u00dar, az Isten: \u00bb\u00cdme, kinyitom s\u00edrjaitokat... R\u00e9szletek","og_url":"https:\/\/stuttgarti-katolikusok.de\/index.php\/igeistentisztelet-nagybojt-5-vasarnapjara\/","og_site_name":"Stuttgarti Katolikusok","article_published_time":"2020-03-28T05:51:06+00:00","article_modified_time":"2020-04-27T08:19:10+00:00","author":"Tibor atya","twitter_card":"summary_large_image","twitter_misc":{"Szerz\u0151:":"Tibor atya","Becs\u00fclt olvas\u00e1si id\u0151":"14 perc"},"schema":{"@context":"https:\/\/schema.org","@graph":[{"@type":"Article","@id":"https:\/\/stuttgarti-katolikusok.de\/index.php\/igeistentisztelet-nagybojt-5-vasarnapjara\/#article","isPartOf":{"@id":"https:\/\/stuttgarti-katolikusok.de\/index.php\/igeistentisztelet-nagybojt-5-vasarnapjara\/"},"author":{"name":"Tibor atya","@id":"https:\/\/stuttgarti-katolikusok.de\/#\/schema\/person\/75908d6f8fdc03a57889d27209df7795"},"headline":"Igeistentisztelet nagyb\u00f6jt 5. vas\u00e1rnapj\u00e1ra","datePublished":"2020-03-28T05:51:06+00:00","dateModified":"2020-04-27T08:19:10+00:00","mainEntityOfPage":{"@id":"https:\/\/stuttgarti-katolikusok.de\/index.php\/igeistentisztelet-nagybojt-5-vasarnapjara\/"},"wordCount":2824,"articleSection":["igeistentisztelet","Vas\u00e1rnapi gondolatok"],"inLanguage":"hu"},{"@type":"WebPage","@id":"https:\/\/stuttgarti-katolikusok.de\/index.php\/igeistentisztelet-nagybojt-5-vasarnapjara\/","url":"https:\/\/stuttgarti-katolikusok.de\/index.php\/igeistentisztelet-nagybojt-5-vasarnapjara\/","name":"Igeistentisztelet nagyb\u00f6jt 5. vas\u00e1rnapj\u00e1ra - Stuttgarti Katolikusok","isPartOf":{"@id":"https:\/\/stuttgarti-katolikusok.de\/#website"},"datePublished":"2020-03-28T05:51:06+00:00","dateModified":"2020-04-27T08:19:10+00:00","author":{"@id":"https:\/\/stuttgarti-katolikusok.de\/#\/schema\/person\/75908d6f8fdc03a57889d27209df7795"},"breadcrumb":{"@id":"https:\/\/stuttgarti-katolikusok.de\/index.php\/igeistentisztelet-nagybojt-5-vasarnapjara\/#breadcrumb"},"inLanguage":"hu","potentialAction":[{"@type":"ReadAction","target":["https:\/\/stuttgarti-katolikusok.de\/index.php\/igeistentisztelet-nagybojt-5-vasarnapjara\/"]}]},{"@type":"BreadcrumbList","@id":"https:\/\/stuttgarti-katolikusok.de\/index.php\/igeistentisztelet-nagybojt-5-vasarnapjara\/#breadcrumb","itemListElement":[{"@type":"ListItem","position":1,"name":"Kezd\u0151lap","item":"https:\/\/stuttgarti-katolikusok.de\/"},{"@type":"ListItem","position":2,"name":"Igeistentisztelet nagyb\u00f6jt 5. vas\u00e1rnapj\u00e1ra"}]},{"@type":"WebSite","@id":"https:\/\/stuttgarti-katolikusok.de\/#website","url":"https:\/\/stuttgarti-katolikusok.de\/","name":"Stuttgarti Katolikusok","description":"","potentialAction":[{"@type":"SearchAction","target":{"@type":"EntryPoint","urlTemplate":"https:\/\/stuttgarti-katolikusok.de\/?s={search_term_string}"},"query-input":{"@type":"PropertyValueSpecification","valueRequired":true,"valueName":"search_term_string"}}],"inLanguage":"hu"},{"@type":"Person","@id":"https:\/\/stuttgarti-katolikusok.de\/#\/schema\/person\/75908d6f8fdc03a57889d27209df7795","name":"Tibor atya","image":{"@type":"ImageObject","inLanguage":"hu","@id":"https:\/\/secure.gravatar.com\/avatar\/61d268e57d1f4525b111222e29d2d5a7f8c420fdbf231ba5566a8ceac74fa960?s=96&d=mm&r=g","url":"https:\/\/secure.gravatar.com\/avatar\/61d268e57d1f4525b111222e29d2d5a7f8c420fdbf231ba5566a8ceac74fa960?s=96&d=mm&r=g","contentUrl":"https:\/\/secure.gravatar.com\/avatar\/61d268e57d1f4525b111222e29d2d5a7f8c420fdbf231ba5566a8ceac74fa960?s=96&d=mm&r=g","caption":"Tibor atya"},"url":"https:\/\/stuttgarti-katolikusok.de\/index.php\/author\/tibor-atya\/"}]}},"_links":{"self":[{"href":"https:\/\/stuttgarti-katolikusok.de\/index.php\/wp-json\/wp\/v2\/posts\/19271","targetHints":{"allow":["GET"]}}],"collection":[{"href":"https:\/\/stuttgarti-katolikusok.de\/index.php\/wp-json\/wp\/v2\/posts"}],"about":[{"href":"https:\/\/stuttgarti-katolikusok.de\/index.php\/wp-json\/wp\/v2\/types\/post"}],"author":[{"embeddable":true,"href":"https:\/\/stuttgarti-katolikusok.de\/index.php\/wp-json\/wp\/v2\/users\/3"}],"replies":[{"embeddable":true,"href":"https:\/\/stuttgarti-katolikusok.de\/index.php\/wp-json\/wp\/v2\/comments?post=19271"}],"version-history":[{"count":1,"href":"https:\/\/stuttgarti-katolikusok.de\/index.php\/wp-json\/wp\/v2\/posts\/19271\/revisions"}],"predecessor-version":[{"id":19273,"href":"https:\/\/stuttgarti-katolikusok.de\/index.php\/wp-json\/wp\/v2\/posts\/19271\/revisions\/19273"}],"wp:attachment":[{"href":"https:\/\/stuttgarti-katolikusok.de\/index.php\/wp-json\/wp\/v2\/media?parent=19271"}],"wp:term":[{"taxonomy":"category","embeddable":true,"href":"https:\/\/stuttgarti-katolikusok.de\/index.php\/wp-json\/wp\/v2\/categories?post=19271"},{"taxonomy":"post_tag","embeddable":true,"href":"https:\/\/stuttgarti-katolikusok.de\/index.php\/wp-json\/wp\/v2\/tags?post=19271"}],"curies":[{"name":"wp","href":"https:\/\/api.w.org\/{rel}","templated":true}]}}