{"id":19250,"date":"2020-03-24T11:26:52","date_gmt":"2020-03-24T11:26:52","guid":{"rendered":"https:\/\/gracious-dewdney.138-201-221-2.plesk.page\/?p=19250"},"modified":"2020-10-02T13:06:00","modified_gmt":"2020-10-02T13:06:00","slug":"kapaszkodok","status":"publish","type":"post","link":"https:\/\/stuttgarti-katolikusok.de\/index.php\/kapaszkodok\/","title":{"rendered":"Kapaszkod\u00f3k&#8230;"},"content":{"rendered":"<p><em>+! Kedveseim,<\/em><\/p>\n<p><em>\u00d6rvendek, hogy tetszik a <\/em>Kapaszkod\u00f3k&#8230;<em> gondolata, vagyis olyan pozit\u00edv, j\u00f6v\u0151be mutat\u00f3, hitet \u00e9s bizalmat sug\u00e1rz\u00f3 r\u00f6vid \u00edr\u00e1sok\u00e9 illetve mond\u00e1sok\u00e9, amelyek seg\u00edthetnek benn\u00fcnket ennek a neh\u00e9z id\u0151nek J\u00e9zusnak tetsz\u0151 t\u00fal\u00e9l\u00e9s\u00e9ben.<\/em><\/p>\n<p><em>Most egyik\u0151t\u00f6k sz\u00e9p gondolatai k\u00f6vetkeznek&#8230; <\/em><\/p>\n<p><em>M\u00e9g sok ilyen \u00edr\u00e1st vagy gondolatot k\u00e9r\u00fcnk!<\/em><\/p>\n<p><em>Lelkip\u00e1sztori szeretettel,<\/em><\/p>\n<p><em>Imre atya<\/em><\/p>\n<p><em>Stuttgart, 2020-03-24.<\/em><\/p>\n<p><em>\u00a0<\/em><\/p>\n<p><strong>Minden, ami nem tilos<\/strong><\/p>\n<p>Ma hagyjuk a Napot csak s\u00fctni v\u00e9gre.<\/p>\n<p>Elmondom mit is tehetsz b\u00fcntetlen\u00fcl, \u00edme:<\/p>\n<p>Kergesd gondolataidat a szikr\u00e1z\u00f3 napon,<\/p>\n<p>Mosolyogjatok egym\u00e1sra bar\u00e1ts\u00e1ggal nagyon!<\/p>\n<p>&nbsp;<\/p>\n<p>\u00c9rezzetek egy\u00fctt b\u00e1tran, m\u00e9lyen,<\/p>\n<p>Szeresd felebar\u00e1todat mer\u00e9szen!<\/p>\n<p>A tavasz sem hagyott benn\u00fcnket mag\u00e1nyban, cserben:<\/p>\n<p>Elk\u00fcldte dallam\u00e1t, rem\u00e9nnyel eltelve, hogy<\/p>\n<p>Te is l\u00e9legezz bel\u0151le nagyokat, t\u00fcd\u0151b\u0151l\u00a0 m\u00e9lyen<\/p>\n<p>&nbsp;<\/p>\n<p>\u00dagye elmondassz egy im\u00e1t? Mindny\u00e1junk\u00e9rt k\u00e9rem!<\/p>\n<p>&nbsp;<\/p>\n","protected":false},"excerpt":{"rendered":"<p>+! Kedveseim, \u00d6rvendek, hogy tetszik a Kapaszkod\u00f3k&#8230; gondolata, vagyis olyan pozit\u00edv, j\u00f6v\u0151be mutat\u00f3, hitet \u00e9s bizalmat sug\u00e1rz\u00f3 r\u00f6vid \u00edr\u00e1sok\u00e9 illetve mond\u00e1sok\u00e9, amelyek seg\u00edthetnek benn\u00fcnket ennek a neh\u00e9z id\u0151nek J\u00e9zusnak tetsz\u0151 t\u00fal\u00e9l\u00e9s\u00e9ben. Most egyik\u0151t\u00f6k sz\u00e9p gondolatai k\u00f6vetkeznek&#8230; M\u00e9g sok ilyen \u00edr\u00e1st vagy gondolatot k\u00e9r\u00fcnk! Lelkip\u00e1sztori szeretettel, Imre atya Stuttgart, 2020-03-24. \u00a0 Minden, ami nem tilos Ma hagyjuk a Napot csak s\u00fctni v\u00e9gre. Elmondom mit is tehetsz b\u00fcntetlen\u00fcl, \u00edme: Kergesd gondolataidat a szikr\u00e1z\u00f3 napon, Mosolyogjatok egym\u00e1sra bar\u00e1ts\u00e1ggal nagyon! &nbsp; \u00c9rezzetek egy\u00fctt b\u00e1tran, m\u00e9lyen, Szeresd felebar\u00e1todat mer\u00e9szen! A tavasz sem hagyott benn\u00fcnket mag\u00e1nyban, cserben: Elk\u00fcldte dallam\u00e1t, rem\u00e9nnyel eltelve, hogy Te is l\u00e9legezz bel\u0151le nagyokat, t\u00fcd\u0151b\u0151l\u00a0 m\u00e9lyen &nbsp; \u00dagye elmondassz egy im\u00e1t? Mindny\u00e1junk\u00e9rt k\u00e9rem! &nbsp;<\/p>\n","protected":false},"author":3,"featured_media":20204,"comment_status":"closed","ping_status":"closed","sticky":false,"template":"","format":"standard","meta":{"footnotes":""},"categories":[5],"tags":[],"class_list":["post-19250","post","type-post","status-publish","format-standard","has-post-thumbnail","hentry","category-hirek"],"yoast_head":"<!-- This site is optimized with the Yoast SEO plugin v27.3 - https:\/\/yoast.com\/product\/yoast-seo-wordpress\/ -->\n<title>Kapaszkod\u00f3k... - Stuttgarti Katolikusok<\/title>\n<meta name=\"robots\" content=\"index, follow, max-snippet:-1, max-image-preview:large, max-video-preview:-1\" \/>\n<link rel=\"canonical\" href=\"https:\/\/stuttgarti-katolikusok.de\/index.php\/kapaszkodok\/\" \/>\n<meta property=\"og:locale\" content=\"hu_HU\" \/>\n<meta property=\"og:type\" content=\"article\" \/>\n<meta property=\"og:title\" content=\"Kapaszkod\u00f3k... - Stuttgarti Katolikusok\" \/>\n<meta property=\"og:description\" content=\"+! Kedveseim, \u00d6rvendek, hogy tetszik a Kapaszkod\u00f3k&#8230; gondolata, vagyis olyan pozit\u00edv, j\u00f6v\u0151be mutat\u00f3, hitet \u00e9s bizalmat sug\u00e1rz\u00f3 r\u00f6vid \u00edr\u00e1sok\u00e9 illetve mond\u00e1sok\u00e9, amelyek seg\u00edthetnek benn\u00fcnket ennek a neh\u00e9z id\u0151nek J\u00e9zusnak tetsz\u0151 t\u00fal\u00e9l\u00e9s\u00e9ben. Most egyik\u0151t\u00f6k sz\u00e9p gondolatai k\u00f6vetkeznek&#8230; M\u00e9g sok ilyen \u00edr\u00e1st vagy gondolatot k\u00e9r\u00fcnk! Lelkip\u00e1sztori szeretettel, Imre atya Stuttgart, 2020-03-24. \u00a0 Minden, ami nem tilos Ma hagyjuk a Napot csak s\u00fctni v\u00e9gre. Elmondom mit is tehetsz b\u00fcntetlen\u00fcl, \u00edme: Kergesd gondolataidat a szikr\u00e1z\u00f3 napon, Mosolyogjatok egym\u00e1sra bar\u00e1ts\u00e1ggal nagyon! &nbsp; \u00c9rezzetek egy\u00fctt b\u00e1tran, m\u00e9lyen, Szeresd felebar\u00e1todat mer\u00e9szen! A tavasz sem hagyott benn\u00fcnket mag\u00e1nyban, cserben: Elk\u00fcldte dallam\u00e1t, rem\u00e9nnyel eltelve, hogy Te is l\u00e9legezz bel\u0151le nagyokat, t\u00fcd\u0151b\u0151l\u00a0 m\u00e9lyen &nbsp; \u00dagye elmondassz egy im\u00e1t? Mindny\u00e1junk\u00e9rt k\u00e9rem! &nbsp;\" \/>\n<meta property=\"og:url\" content=\"https:\/\/stuttgarti-katolikusok.de\/index.php\/kapaszkodok\/\" \/>\n<meta property=\"og:site_name\" content=\"Stuttgarti Katolikusok\" \/>\n<meta property=\"article:published_time\" content=\"2020-03-24T11:26:52+00:00\" \/>\n<meta property=\"article:modified_time\" content=\"2020-10-02T13:06:00+00:00\" \/>\n<meta property=\"og:image\" content=\"https:\/\/stuttgarti-katolikusok.de\/wp-content\/uploads\/2020\/03\/kapaszkodo.jpg\" \/>\n\t<meta property=\"og:image:width\" content=\"640\" \/>\n\t<meta property=\"og:image:height\" content=\"426\" \/>\n\t<meta property=\"og:image:type\" content=\"image\/jpeg\" \/>\n<meta name=\"author\" content=\"Tibor atya\" \/>\n<meta name=\"twitter:card\" content=\"summary_large_image\" \/>\n<meta name=\"twitter:label1\" content=\"Szerz\u0151:\" \/>\n\t<meta name=\"twitter:data1\" content=\"Tibor atya\" \/>\n\t<meta name=\"twitter:label2\" content=\"Becs\u00fclt olvas\u00e1si id\u0151\" \/>\n\t<meta name=\"twitter:data2\" content=\"1 perc\" \/>\n<script type=\"application\/ld+json\" class=\"yoast-schema-graph\">{\"@context\":\"https:\\\/\\\/schema.org\",\"@graph\":[{\"@type\":\"Article\",\"@id\":\"https:\\\/\\\/stuttgarti-katolikusok.de\\\/index.php\\\/kapaszkodok\\\/#article\",\"isPartOf\":{\"@id\":\"https:\\\/\\\/stuttgarti-katolikusok.de\\\/index.php\\\/kapaszkodok\\\/\"},\"author\":{\"name\":\"Tibor atya\",\"@id\":\"https:\\\/\\\/stuttgarti-katolikusok.de\\\/#\\\/schema\\\/person\\\/75908d6f8fdc03a57889d27209df7795\"},\"headline\":\"Kapaszkod\u00f3k&#8230;\",\"datePublished\":\"2020-03-24T11:26:52+00:00\",\"dateModified\":\"2020-10-02T13:06:00+00:00\",\"mainEntityOfPage\":{\"@id\":\"https:\\\/\\\/stuttgarti-katolikusok.de\\\/index.php\\\/kapaszkodok\\\/\"},\"wordCount\":166,\"image\":{\"@id\":\"https:\\\/\\\/stuttgarti-katolikusok.de\\\/index.php\\\/kapaszkodok\\\/#primaryimage\"},\"thumbnailUrl\":\"https:\\\/\\\/stuttgarti-katolikusok.de\\\/wp-content\\\/uploads\\\/2020\\\/03\\\/kapaszkodo.jpg\",\"articleSection\":[\"H\u00edrek\"],\"inLanguage\":\"hu\"},{\"@type\":\"WebPage\",\"@id\":\"https:\\\/\\\/stuttgarti-katolikusok.de\\\/index.php\\\/kapaszkodok\\\/\",\"url\":\"https:\\\/\\\/stuttgarti-katolikusok.de\\\/index.php\\\/kapaszkodok\\\/\",\"name\":\"Kapaszkod\u00f3k... - Stuttgarti Katolikusok\",\"isPartOf\":{\"@id\":\"https:\\\/\\\/stuttgarti-katolikusok.de\\\/#website\"},\"primaryImageOfPage\":{\"@id\":\"https:\\\/\\\/stuttgarti-katolikusok.de\\\/index.php\\\/kapaszkodok\\\/#primaryimage\"},\"image\":{\"@id\":\"https:\\\/\\\/stuttgarti-katolikusok.de\\\/index.php\\\/kapaszkodok\\\/#primaryimage\"},\"thumbnailUrl\":\"https:\\\/\\\/stuttgarti-katolikusok.de\\\/wp-content\\\/uploads\\\/2020\\\/03\\\/kapaszkodo.jpg\",\"datePublished\":\"2020-03-24T11:26:52+00:00\",\"dateModified\":\"2020-10-02T13:06:00+00:00\",\"author\":{\"@id\":\"https:\\\/\\\/stuttgarti-katolikusok.de\\\/#\\\/schema\\\/person\\\/75908d6f8fdc03a57889d27209df7795\"},\"breadcrumb\":{\"@id\":\"https:\\\/\\\/stuttgarti-katolikusok.de\\\/index.php\\\/kapaszkodok\\\/#breadcrumb\"},\"inLanguage\":\"hu\",\"potentialAction\":[{\"@type\":\"ReadAction\",\"target\":[\"https:\\\/\\\/stuttgarti-katolikusok.de\\\/index.php\\\/kapaszkodok\\\/\"]}]},{\"@type\":\"ImageObject\",\"inLanguage\":\"hu\",\"@id\":\"https:\\\/\\\/stuttgarti-katolikusok.de\\\/index.php\\\/kapaszkodok\\\/#primaryimage\",\"url\":\"https:\\\/\\\/stuttgarti-katolikusok.de\\\/wp-content\\\/uploads\\\/2020\\\/03\\\/kapaszkodo.jpg\",\"contentUrl\":\"https:\\\/\\\/stuttgarti-katolikusok.de\\\/wp-content\\\/uploads\\\/2020\\\/03\\\/kapaszkodo.jpg\",\"width\":640,\"height\":426},{\"@type\":\"BreadcrumbList\",\"@id\":\"https:\\\/\\\/stuttgarti-katolikusok.de\\\/index.php\\\/kapaszkodok\\\/#breadcrumb\",\"itemListElement\":[{\"@type\":\"ListItem\",\"position\":1,\"name\":\"Kezd\u0151lap\",\"item\":\"https:\\\/\\\/stuttgarti-katolikusok.de\\\/\"},{\"@type\":\"ListItem\",\"position\":2,\"name\":\"Kapaszkod\u00f3k&#8230;\"}]},{\"@type\":\"WebSite\",\"@id\":\"https:\\\/\\\/stuttgarti-katolikusok.de\\\/#website\",\"url\":\"https:\\\/\\\/stuttgarti-katolikusok.de\\\/\",\"name\":\"Stuttgarti Katolikusok\",\"description\":\"\",\"potentialAction\":[{\"@type\":\"SearchAction\",\"target\":{\"@type\":\"EntryPoint\",\"urlTemplate\":\"https:\\\/\\\/stuttgarti-katolikusok.de\\\/?s={search_term_string}\"},\"query-input\":{\"@type\":\"PropertyValueSpecification\",\"valueRequired\":true,\"valueName\":\"search_term_string\"}}],\"inLanguage\":\"hu\"},{\"@type\":\"Person\",\"@id\":\"https:\\\/\\\/stuttgarti-katolikusok.de\\\/#\\\/schema\\\/person\\\/75908d6f8fdc03a57889d27209df7795\",\"name\":\"Tibor atya\",\"image\":{\"@type\":\"ImageObject\",\"inLanguage\":\"hu\",\"@id\":\"https:\\\/\\\/secure.gravatar.com\\\/avatar\\\/61d268e57d1f4525b111222e29d2d5a7f8c420fdbf231ba5566a8ceac74fa960?s=96&d=mm&r=g\",\"url\":\"https:\\\/\\\/secure.gravatar.com\\\/avatar\\\/61d268e57d1f4525b111222e29d2d5a7f8c420fdbf231ba5566a8ceac74fa960?s=96&d=mm&r=g\",\"contentUrl\":\"https:\\\/\\\/secure.gravatar.com\\\/avatar\\\/61d268e57d1f4525b111222e29d2d5a7f8c420fdbf231ba5566a8ceac74fa960?s=96&d=mm&r=g\",\"caption\":\"Tibor atya\"},\"url\":\"https:\\\/\\\/stuttgarti-katolikusok.de\\\/index.php\\\/author\\\/tibor-atya\\\/\"}]}<\/script>\n<!-- \/ Yoast SEO plugin. -->","yoast_head_json":{"title":"Kapaszkod\u00f3k... - Stuttgarti Katolikusok","robots":{"index":"index","follow":"follow","max-snippet":"max-snippet:-1","max-image-preview":"max-image-preview:large","max-video-preview":"max-video-preview:-1"},"canonical":"https:\/\/stuttgarti-katolikusok.de\/index.php\/kapaszkodok\/","og_locale":"hu_HU","og_type":"article","og_title":"Kapaszkod\u00f3k... - Stuttgarti Katolikusok","og_description":"+! Kedveseim, \u00d6rvendek, hogy tetszik a Kapaszkod\u00f3k&#8230; gondolata, vagyis olyan pozit\u00edv, j\u00f6v\u0151be mutat\u00f3, hitet \u00e9s bizalmat sug\u00e1rz\u00f3 r\u00f6vid \u00edr\u00e1sok\u00e9 illetve mond\u00e1sok\u00e9, amelyek seg\u00edthetnek benn\u00fcnket ennek a neh\u00e9z id\u0151nek J\u00e9zusnak tetsz\u0151 t\u00fal\u00e9l\u00e9s\u00e9ben. Most egyik\u0151t\u00f6k sz\u00e9p gondolatai k\u00f6vetkeznek&#8230; M\u00e9g sok ilyen \u00edr\u00e1st vagy gondolatot k\u00e9r\u00fcnk! Lelkip\u00e1sztori szeretettel, Imre atya Stuttgart, 2020-03-24. \u00a0 Minden, ami nem tilos Ma hagyjuk a Napot csak s\u00fctni v\u00e9gre. Elmondom mit is tehetsz b\u00fcntetlen\u00fcl, \u00edme: Kergesd gondolataidat a szikr\u00e1z\u00f3 napon, Mosolyogjatok egym\u00e1sra bar\u00e1ts\u00e1ggal nagyon! &nbsp; \u00c9rezzetek egy\u00fctt b\u00e1tran, m\u00e9lyen, Szeresd felebar\u00e1todat mer\u00e9szen! A tavasz sem hagyott benn\u00fcnket mag\u00e1nyban, cserben: Elk\u00fcldte dallam\u00e1t, rem\u00e9nnyel eltelve, hogy Te is l\u00e9legezz bel\u0151le nagyokat, t\u00fcd\u0151b\u0151l\u00a0 m\u00e9lyen &nbsp; \u00dagye elmondassz egy im\u00e1t? Mindny\u00e1junk\u00e9rt k\u00e9rem! &nbsp;","og_url":"https:\/\/stuttgarti-katolikusok.de\/index.php\/kapaszkodok\/","og_site_name":"Stuttgarti Katolikusok","article_published_time":"2020-03-24T11:26:52+00:00","article_modified_time":"2020-10-02T13:06:00+00:00","og_image":[{"width":640,"height":426,"url":"https:\/\/stuttgarti-katolikusok.de\/wp-content\/uploads\/2020\/03\/kapaszkodo.jpg","type":"image\/jpeg"}],"author":"Tibor atya","twitter_card":"summary_large_image","twitter_misc":{"Szerz\u0151:":"Tibor atya","Becs\u00fclt olvas\u00e1si id\u0151":"1 perc"},"schema":{"@context":"https:\/\/schema.org","@graph":[{"@type":"Article","@id":"https:\/\/stuttgarti-katolikusok.de\/index.php\/kapaszkodok\/#article","isPartOf":{"@id":"https:\/\/stuttgarti-katolikusok.de\/index.php\/kapaszkodok\/"},"author":{"name":"Tibor atya","@id":"https:\/\/stuttgarti-katolikusok.de\/#\/schema\/person\/75908d6f8fdc03a57889d27209df7795"},"headline":"Kapaszkod\u00f3k&#8230;","datePublished":"2020-03-24T11:26:52+00:00","dateModified":"2020-10-02T13:06:00+00:00","mainEntityOfPage":{"@id":"https:\/\/stuttgarti-katolikusok.de\/index.php\/kapaszkodok\/"},"wordCount":166,"image":{"@id":"https:\/\/stuttgarti-katolikusok.de\/index.php\/kapaszkodok\/#primaryimage"},"thumbnailUrl":"https:\/\/stuttgarti-katolikusok.de\/wp-content\/uploads\/2020\/03\/kapaszkodo.jpg","articleSection":["H\u00edrek"],"inLanguage":"hu"},{"@type":"WebPage","@id":"https:\/\/stuttgarti-katolikusok.de\/index.php\/kapaszkodok\/","url":"https:\/\/stuttgarti-katolikusok.de\/index.php\/kapaszkodok\/","name":"Kapaszkod\u00f3k... - Stuttgarti Katolikusok","isPartOf":{"@id":"https:\/\/stuttgarti-katolikusok.de\/#website"},"primaryImageOfPage":{"@id":"https:\/\/stuttgarti-katolikusok.de\/index.php\/kapaszkodok\/#primaryimage"},"image":{"@id":"https:\/\/stuttgarti-katolikusok.de\/index.php\/kapaszkodok\/#primaryimage"},"thumbnailUrl":"https:\/\/stuttgarti-katolikusok.de\/wp-content\/uploads\/2020\/03\/kapaszkodo.jpg","datePublished":"2020-03-24T11:26:52+00:00","dateModified":"2020-10-02T13:06:00+00:00","author":{"@id":"https:\/\/stuttgarti-katolikusok.de\/#\/schema\/person\/75908d6f8fdc03a57889d27209df7795"},"breadcrumb":{"@id":"https:\/\/stuttgarti-katolikusok.de\/index.php\/kapaszkodok\/#breadcrumb"},"inLanguage":"hu","potentialAction":[{"@type":"ReadAction","target":["https:\/\/stuttgarti-katolikusok.de\/index.php\/kapaszkodok\/"]}]},{"@type":"ImageObject","inLanguage":"hu","@id":"https:\/\/stuttgarti-katolikusok.de\/index.php\/kapaszkodok\/#primaryimage","url":"https:\/\/stuttgarti-katolikusok.de\/wp-content\/uploads\/2020\/03\/kapaszkodo.jpg","contentUrl":"https:\/\/stuttgarti-katolikusok.de\/wp-content\/uploads\/2020\/03\/kapaszkodo.jpg","width":640,"height":426},{"@type":"BreadcrumbList","@id":"https:\/\/stuttgarti-katolikusok.de\/index.php\/kapaszkodok\/#breadcrumb","itemListElement":[{"@type":"ListItem","position":1,"name":"Kezd\u0151lap","item":"https:\/\/stuttgarti-katolikusok.de\/"},{"@type":"ListItem","position":2,"name":"Kapaszkod\u00f3k&#8230;"}]},{"@type":"WebSite","@id":"https:\/\/stuttgarti-katolikusok.de\/#website","url":"https:\/\/stuttgarti-katolikusok.de\/","name":"Stuttgarti Katolikusok","description":"","potentialAction":[{"@type":"SearchAction","target":{"@type":"EntryPoint","urlTemplate":"https:\/\/stuttgarti-katolikusok.de\/?s={search_term_string}"},"query-input":{"@type":"PropertyValueSpecification","valueRequired":true,"valueName":"search_term_string"}}],"inLanguage":"hu"},{"@type":"Person","@id":"https:\/\/stuttgarti-katolikusok.de\/#\/schema\/person\/75908d6f8fdc03a57889d27209df7795","name":"Tibor atya","image":{"@type":"ImageObject","inLanguage":"hu","@id":"https:\/\/secure.gravatar.com\/avatar\/61d268e57d1f4525b111222e29d2d5a7f8c420fdbf231ba5566a8ceac74fa960?s=96&d=mm&r=g","url":"https:\/\/secure.gravatar.com\/avatar\/61d268e57d1f4525b111222e29d2d5a7f8c420fdbf231ba5566a8ceac74fa960?s=96&d=mm&r=g","contentUrl":"https:\/\/secure.gravatar.com\/avatar\/61d268e57d1f4525b111222e29d2d5a7f8c420fdbf231ba5566a8ceac74fa960?s=96&d=mm&r=g","caption":"Tibor atya"},"url":"https:\/\/stuttgarti-katolikusok.de\/index.php\/author\/tibor-atya\/"}]}},"_links":{"self":[{"href":"https:\/\/stuttgarti-katolikusok.de\/index.php\/wp-json\/wp\/v2\/posts\/19250","targetHints":{"allow":["GET"]}}],"collection":[{"href":"https:\/\/stuttgarti-katolikusok.de\/index.php\/wp-json\/wp\/v2\/posts"}],"about":[{"href":"https:\/\/stuttgarti-katolikusok.de\/index.php\/wp-json\/wp\/v2\/types\/post"}],"author":[{"embeddable":true,"href":"https:\/\/stuttgarti-katolikusok.de\/index.php\/wp-json\/wp\/v2\/users\/3"}],"replies":[{"embeddable":true,"href":"https:\/\/stuttgarti-katolikusok.de\/index.php\/wp-json\/wp\/v2\/comments?post=19250"}],"version-history":[{"count":2,"href":"https:\/\/stuttgarti-katolikusok.de\/index.php\/wp-json\/wp\/v2\/posts\/19250\/revisions"}],"predecessor-version":[{"id":20205,"href":"https:\/\/stuttgarti-katolikusok.de\/index.php\/wp-json\/wp\/v2\/posts\/19250\/revisions\/20205"}],"wp:featuredmedia":[{"embeddable":true,"href":"https:\/\/stuttgarti-katolikusok.de\/index.php\/wp-json\/wp\/v2\/media\/20204"}],"wp:attachment":[{"href":"https:\/\/stuttgarti-katolikusok.de\/index.php\/wp-json\/wp\/v2\/media?parent=19250"}],"wp:term":[{"taxonomy":"category","embeddable":true,"href":"https:\/\/stuttgarti-katolikusok.de\/index.php\/wp-json\/wp\/v2\/categories?post=19250"},{"taxonomy":"post_tag","embeddable":true,"href":"https:\/\/stuttgarti-katolikusok.de\/index.php\/wp-json\/wp\/v2\/tags?post=19250"}],"curies":[{"name":"wp","href":"https:\/\/api.w.org\/{rel}","templated":true}]}}