{"id":19217,"date":"2020-03-21T09:10:38","date_gmt":"2020-03-21T09:10:38","guid":{"rendered":"https:\/\/gracious-dewdney.138-201-221-2.plesk.page\/?p=19217"},"modified":"2020-03-21T09:10:38","modified_gmt":"2020-03-21T09:10:38","slug":"teljes-bucsut-nyerhetnek-a-koronavirusos-betegek-mellett-az-ertuk-imadkozok-is","status":"publish","type":"post","link":"https:\/\/stuttgarti-katolikusok.de\/index.php\/teljes-bucsut-nyerhetnek-a-koronavirusos-betegek-mellett-az-ertuk-imadkozok-is\/","title":{"rendered":"Teljes b\u00facs\u00fat nyerhetnek a koronav\u00edrusos betegek mellett az \u00e9rt\u00fck im\u00e1dkoz\u00f3k is&#8230;"},"content":{"rendered":"<p><em>+! Kedves H\u00edveink, a p\u00e1pa leg\u00fajabb rendelkez\u00e9se szerint teljes b\u00facs\u00fat nyerhetnek a koronav\u00edrusos betegek, az \u0151ket gondoz\u00f3k, de az \u00e9rt\u00fck im\u00e1dkoz\u00f3k is. Hogy milyen felt\u00e9telek mellett, azt az al\u00e1bbi cikkb\u0151l megtudhatj\u00e1tok. Im\u00e1dkozzunk h\u00e1t tov\u00e1bbra is hittel, bizalommal \u00e9s lelkesen, s k\u00e9rj\u00fck Istent, hogy mentsen meg benn\u00fcnket ett\u0151l a csap\u00e1st\u00f3l!<\/em><\/p>\n<p><em>Lelkip\u00e1sztori szeretettel,<\/em><\/p>\n<p><em>Imre atya<\/em><\/p>\n<p><em>Stuttgart, 2020. m\u00e1rcius 21.<\/em><\/p>\n<h2><strong>Vil\u00e1gszerte teljes b\u00facs\u00fat nyerhetnek a koronav\u00edrusos betegek, lehet\u0151v\u00e9 v\u00e1lt az \u00e1ltal\u00e1nos feloldoz\u00e1s<\/strong><\/h2>\n<p><em>Az Apostoli Penitenci\u00e1ria m\u00e1rcius 20-\u00e1n dekr\u00e9tumot adott ki, amelyben teljes b\u00facs\u00fat enged\u00e9lyez a koronav\u00edrusban szenved\u0151 betegeknek, valamint azoknak, akik gondozz\u00e1k \u0151ket, \u00e9s a vil\u00e1g minden h\u00edv\u0151j\u00e9nek, akik im\u00e1dkoznak \u00e9rt\u00fck. A dokumentum eml\u00e9keztet a k\u00f6z\u00f6ss\u00e9gi feloldoz\u00e1s lehet\u0151s\u00e9g\u00e9re is ebben a s\u00falyos sz\u00fcks\u00e9ghelyzetben.<\/em><\/p>\n<p>A jelenlegi v\u00e9szhelyzetben az Egyh\u00e1z felk\u00edn\u00e1lja a lehet\u0151s\u00e9get a teljes b\u00facs\u00fa elnyer\u00e9s\u00e9re a koronav\u00edrusban szenved\u0151 beteg h\u00edveknek, az eg\u00e9szs\u00e9g\u00fcgyi dolgoz\u00f3knak, a csal\u00e1dtagoknak \u00e9s mindenkinek, aki ak\u00e1rmilyen form\u00e1ban, teh\u00e1t ak\u00e1r im\u00e1val is, gondjukat viseli. Az Apostoli Penitenci\u00e1ria dekr\u00e9tum\u00e1t Mauro Piacenza b\u00edboros, f\u0151penitenci\u00e1rius \u00e9s r\u00e9gense, Krzysztof Nykiel prel\u00e1tus \u00edrta al\u00e1.<\/p>\n<p>A dekr\u00e9tumhoz kapcsol\u00f3dik egy jegyz\u00e9k is, amelyben a f\u0151penitenci\u00e1rius eml\u00e9keztet az \u00e1ltal\u00e1nos feloldoz\u00e1s lehet\u0151s\u00e9g\u00e9re t\u00f6bb h\u00edv\u0151 sz\u00e1m\u00e1ra egyszerre, el\u0151zetes egy\u00e9ni gy\u00f3n\u00e1s n\u00e9lk\u00fcl a jelenlegi s\u00falyos k\u00f6r\u00fclm\u00e9nyek k\u00f6z\u00f6tt, els\u0151sorban a j\u00e1rv\u00e1nyban er\u0151sebben \u00e9rintett helyeken \u00e9s mindaddig, am\u00edg a jelens\u00e9g meg nem sz\u0171nik.<\/p>\n<p>A teljes b\u00facs\u00fa elnyer\u00e9s\u00e9hez elegend\u0151 a koronav\u00edrusban szenved\u0151 betegeknek, akik karant\u00e9nban vannak, tov\u00e1bb\u00e1 az eg\u00e9szs\u00e9g\u00fcgyi dolgoz\u00f3k \u00e9s a csal\u00e1dtagok sz\u00e1m\u00e1ra, akik ki vannak t\u00e9ve a fert\u0151z\u00e9s vesz\u00e9ly\u00e9nek, mert gondozz\u00e1k a fert\u0151z\u00f6tteket, ha elim\u00e1dkozz\u00e1k a Hiszekegyet, a Miaty\u00e1nkot \u00e9s egy M\u00e1ria-im\u00e1t. A t\u00f6bbi h\u00edv\u0151 v\u00e1laszthat a tov\u00e1bbi lehet\u0151s\u00e9gek k\u00f6z\u00fcl: a legszentebb Olt\u00e1riszents\u00e9g el\u00e9 j\u00e1rul, vagy szents\u00e9gim\u00e1d\u00e1st v\u00e9gez, vagy legal\u00e1bb f\u00e9l \u00f3r\u00e1ig olvassa a Szent\u00edr\u00e1st, vagy elmondja a r\u00f3zsaf\u00fcz\u00e9rt, vagy elv\u00e9gzi a kereszt\u00fati \u00e1jtatoss\u00e1got, vagy elim\u00e1dkozza az Isteni Irgalmass\u00e1g r\u00f3zsaf\u00fcz\u00e9r\u00e9t, azt k\u00e9rve Istent\u0151l, hogy vessen v\u00e9get a j\u00e1rv\u00e1nynak, valamint hogy adjon enyh\u00fcl\u00e9st a betegeknek \u00e9s \u00f6r\u00f6k \u00fcdv\u00f6ss\u00e9get azoknak, akiket mag\u00e1hoz h\u00edvott.<\/p>\n<p>A teljes b\u00facs\u00fat elnyerhetik azok a betegek is, akiknek a hal\u00e1l pillanat\u00e1ban nincs lehet\u0151s\u00e9g\u00fck megkapni a betegek szents\u00e9g\u00e9t. Ilyen esetben a fesz\u00fclet vagy a kereszt haszn\u00e1lat\u00e1t javasolj\u00e1k.<\/p>\n<p>Az \u00e1ltal\u00e1nos feloldoz\u00e1st illet\u0151en a Penitenci\u00e1ria hangs\u00falyozza, hogy a pap lehet\u0151s\u00e9g szerint el\u0151re \u00e9rtes\u00edtse a megy\u00e9sp\u00fcsp\u00f6k\u00f6t, vagy ha ez nem lehets\u00e9ges, akkor miel\u0151bb. A jegyz\u00e9k kiemeli: mindig az egyh\u00e1zmegy\u00e9s p\u00fcsp\u00f6k feladata, hogy meghat\u00e1rozza saj\u00e1t egyh\u00e1zmegy\u00e9j\u00e9nek ter\u00fclet\u00e9n \u00e9s a fert\u0151z\u00e9s szintj\u00e9t\u0151l f\u00fcgg\u0151en, hogy melyek a s\u00falyos sz\u00fcks\u00e9ghelyzet esetei, amelyekben megengedett az \u00e1ltal\u00e1nos feloldoz\u00e1sban r\u00e9szes\u00edt\u00e9s: p\u00e9ld\u00e1ul a k\u00f3rh\u00e1zi oszt\u00e1lyok bej\u00e1rat\u00e1n\u00e1l, ahol a hal\u00e1l vesz\u00e9ly\u00e9nek kitett, fert\u0151z\u00f6tt h\u00edvek fekszenek, az adott lehet\u0151s\u00e9gek szerint \u00e9s megfelel\u0151 el\u0151vigy\u00e1zatoss\u00e1ggal felhaszn\u00e1lva a kihangos\u00edt\u00e1st, hogy hallj\u00e1k a betegek a feloldoz\u00e1st.<\/p>\n<p>A Penitenci\u00e1ria tov\u00e1bb\u00e1 k\u00e9ri, hogy m\u00e9rlegelj\u00e9k rendk\u00edv\u00fcli k\u00f3rh\u00e1zlelk\u00e9sz-csoportok l\u00e9trehoz\u00e1s\u00e1nak sz\u00fcks\u00e9gess\u00e9g\u00e9t \u00e9s lehet\u0151s\u00e9g\u00e9t ott, ahol sz\u00fcks\u00e9ges, az eg\u00e9szs\u00e9g\u00fcgyi hat\u00f3s\u00e1gokkal egyet\u00e9rt\u00e9sben. Ez t\u00f6rt\u00e9nhet \u00f6nk\u00e9ntes alapon is, de mindenk\u00e9ppen a fert\u0151z\u00e9st\u0151l val\u00f3 v\u00e9dekez\u00e9s norm\u00e1inak betart\u00e1s\u00e1val, hogy biztos\u00edtani tudj\u00e1k a sz\u00fcks\u00e9ges lelki ell\u00e1t\u00e1st a betegeknek \u00e9s a haldokl\u00f3knak.<\/p>\n<p>Emellett ott, ahol az egyes h\u00edv\u0151k abban a f\u00e1jdalmas helyzetben vannak, hogy nincs lehet\u0151s\u00e9g\u00fck szents\u00e9gi feloldoz\u00e1st kapni, van m\u00f3d a t\u00f6k\u00e9letes b\u00e1nat f\u00f6lind\u00edt\u00e1s\u00e1ra a Katolikus Egyh\u00e1z Katekizmus\u00e1nak 1452. pontja alapj\u00e1n: \u201eAmikor a b\u00e1nat a mindenn\u00e9l jobban szeretett Isten ir\u00e1nti szeretetb\u0151l fakad, t\u00f6k\u00e9letes b\u00e1natnak (a szeretet b\u00e1nat\u00e1nak) nevezz\u00fck. Ez a b\u00e1nat elt\u00f6rli a bocs\u00e1natos b\u0171n\u00f6ket; s\u0151t elnyeri a hal\u00e1los b\u0171n\u00f6k bocs\u00e1nat\u00e1t is, ha egy\u00fctt j\u00e1r azzal a szil\u00e1rd elhat\u00e1roz\u00e1ssal, hogy a b\u0171nb\u00e1n\u00f3, mihelyt alkalma ny\u00edlik, szents\u00e9gi gy\u00f3n\u00e1shoz j\u00e1rul.\u201d<\/p>\n<p>Az eg\u00e9sz emberis\u00e9get egy l\u00e1thatatlan \u00e9s alattomos betegs\u00e9g vesz\u00e9lyeztetni, amely m\u00e1r egy ideje mindenki \u00e9let\u00e9nek jelent\u0151s r\u00e9sz\u00e9v\u00e9 v\u00e1lt. A jelenlegi pillanatot az aggaszt\u00f3 f\u00e9lelem, \u00fajabb bizonytalans\u00e1gok \u00e9s mindenekel\u0151tt a sz\u00e9les k\u00f6rben elterjedt fizikai \u00e9s erk\u00f6lcsi szenved\u00e9s jellemzi. Ebben a helyzetben az Egyh\u00e1z m\u00e9g ink\u00e1bb megtapasztalja a szentek szeretetk\u00f6z\u00f6ss\u00e9g\u00e9nek erej\u00e9t, felemeli a keresztre fesz\u00edtett \u00e9s felt\u00e1madt Ur\u00e1hoz fogadalmait \u00e9s im\u00e1it, tov\u00e1bb\u00e1 kiv\u00e1ltk\u00e9ppen a szentmise \u00e1ldozat\u00e1t, amelyet a papok mindennap bemutatnak a h\u00edv\u0151 n\u00e9p jelenl\u00e9te n\u00e9lk\u00fcl is. J\u00f3 anyak\u00e9nt az Egyh\u00e1z az\u00e9rt k\u00f6ny\u00f6r\u00f6g az \u00darhoz, hogy szabad\u00edtsa meg az emberis\u00e9get ett\u0151l a csap\u00e1st\u00f3l, \u00e9s k\u00e9ri a Boldogs\u00e1gos Sz\u0171z M\u00e1ria, az Irgalmass\u00e1g Anyja \u00e9s a Betegek Gy\u00f3gy\u00edt\u00f3ja, valamint jegyese, Szent J\u00f3zsef k\u00f6zbenj\u00e1r\u00e1s\u00e1t, akiknek v\u00e9delme alatt j\u00e1rja \u00fatj\u00e1t az Egyh\u00e1z a vil\u00e1gban.<\/p>\n<p><em>Forr\u00e1s: Vatik\u00e1ni R\u00e1di\u00f3<\/em><\/p>\n<p><em>Magyar Kur\u00edr<\/em><\/p>\n<p>&nbsp;<\/p>\n","protected":false},"excerpt":{"rendered":"<p>+! Kedves H\u00edveink, a p\u00e1pa leg\u00fajabb rendelkez\u00e9se szerint teljes b\u00facs\u00fat nyerhetnek a koronav\u00edrusos betegek, az \u0151ket gondoz\u00f3k, de az \u00e9rt\u00fck im\u00e1dkoz\u00f3k is. Hogy milyen felt\u00e9telek mellett, azt az al\u00e1bbi cikkb\u0151l megtudhatj\u00e1tok. Im\u00e1dkozzunk h\u00e1t tov\u00e1bbra is hittel, bizalommal \u00e9s lelkesen, s k\u00e9rj\u00fck Istent, hogy mentsen meg benn\u00fcnket ett\u0151l a csap\u00e1st\u00f3l! Lelkip\u00e1sztori szeretettel, Imre atya Stuttgart, 2020. m\u00e1rcius 21. Vil\u00e1gszerte teljes b\u00facs\u00fat nyerhetnek a koronav\u00edrusos betegek, lehet\u0151v\u00e9 v\u00e1lt az \u00e1ltal\u00e1nos feloldoz\u00e1s Az Apostoli Penitenci\u00e1ria m\u00e1rcius 20-\u00e1n dekr\u00e9tumot adott ki, amelyben teljes b\u00facs\u00fat enged\u00e9lyez a koronav\u00edrusban szenved\u0151 betegeknek, valamint azoknak, akik gondozz\u00e1k \u0151ket, \u00e9s a vil\u00e1g minden h\u00edv\u0151j\u00e9nek, akik im\u00e1dkoznak \u00e9rt\u00fck. A dokumentum eml\u00e9keztet a k\u00f6z\u00f6ss\u00e9gi feloldoz\u00e1s lehet\u0151s\u00e9g\u00e9re is ebben a s\u00falyos sz\u00fcks\u00e9ghelyzetben. A jelenlegi v\u00e9szhelyzetben az Egyh\u00e1z felk\u00edn\u00e1lja a lehet\u0151s\u00e9get a teljes b\u00facs\u00fa elnyer\u00e9s\u00e9re a koronav\u00edrusban szenved\u0151 beteg h\u00edveknek, az eg\u00e9szs\u00e9g\u00fcgyi dolgoz\u00f3knak, a csal\u00e1dtagoknak \u00e9s mindenkinek, aki ak\u00e1rmilyen form\u00e1ban, teh\u00e1t ak\u00e1r im\u00e1val is, gondjukat viseli. Az Apostoli Penitenci\u00e1ria dekr\u00e9tum\u00e1t Mauro Piacenza b\u00edboros, f\u0151penitenci\u00e1rius \u00e9s r\u00e9gense, Krzysztof Nykiel prel\u00e1tus \u00edrta al\u00e1. A dekr\u00e9tumhoz kapcsol\u00f3dik egy jegyz\u00e9k is, amelyben a f\u0151penitenci\u00e1rius eml\u00e9keztet az \u00e1ltal\u00e1nos feloldoz\u00e1s lehet\u0151s\u00e9g\u00e9re t\u00f6bb h\u00edv\u0151 sz\u00e1m\u00e1ra egyszerre, el\u0151zetes egy\u00e9ni gy\u00f3n\u00e1s n\u00e9lk\u00fcl a jelenlegi s\u00falyos k\u00f6r\u00fclm\u00e9nyek k\u00f6z\u00f6tt, els\u0151sorban a j\u00e1rv\u00e1nyban er\u0151sebben \u00e9rintett helyeken \u00e9s mindaddig, am\u00edg a jelens\u00e9g meg nem sz\u0171nik. A teljes b\u00facs\u00fa elnyer\u00e9s\u00e9hez elegend\u0151 a koronav\u00edrusban szenved\u0151 betegeknek, akik karant\u00e9nban vannak, tov\u00e1bb\u00e1 az eg\u00e9szs\u00e9g\u00fcgyi dolgoz\u00f3k \u00e9s a csal\u00e1dtagok sz\u00e1m\u00e1ra, akik ki vannak t\u00e9ve a fert\u0151z\u00e9s vesz\u00e9ly\u00e9nek, mert gondozz\u00e1k a fert\u0151z\u00f6tteket, ha elim\u00e1dkozz\u00e1k a Hiszekegyet, a Miaty\u00e1nkot \u00e9s egy M\u00e1ria-im\u00e1t. A t\u00f6bbi h\u00edv\u0151 v\u00e1laszthat a tov\u00e1bbi lehet\u0151s\u00e9gek k\u00f6z\u00fcl: a legszentebb Olt\u00e1riszents\u00e9g el\u00e9 j\u00e1rul, vagy szents\u00e9gim\u00e1d\u00e1st v\u00e9gez, vagy legal\u00e1bb f\u00e9l \u00f3r\u00e1ig olvassa a Szent\u00edr\u00e1st, vagy elmondja a r\u00f3zsaf\u00fcz\u00e9rt, vagy elv\u00e9gzi a kereszt\u00fati \u00e1jtatoss\u00e1got, vagy elim\u00e1dkozza az Isteni Irgalmass\u00e1g r\u00f3zsaf\u00fcz\u00e9r\u00e9t, azt k\u00e9rve Istent\u0151l, hogy vessen v\u00e9get a j\u00e1rv\u00e1nynak, valamint hogy adjon enyh\u00fcl\u00e9st a betegeknek \u00e9s \u00f6r\u00f6k \u00fcdv\u00f6ss\u00e9get azoknak, akiket mag\u00e1hoz h\u00edvott. A teljes&#8230; <\/p>\n<p><a class=\"readmore\" href=\"https:\/\/stuttgarti-katolikusok.de\/index.php\/teljes-bucsut-nyerhetnek-a-koronavirusos-betegek-mellett-az-ertuk-imadkozok-is\/\">R\u00e9szletek<\/a><\/p>\n","protected":false},"author":3,"featured_media":19218,"comment_status":"closed","ping_status":"closed","sticky":false,"template":"","format":"standard","meta":{"footnotes":""},"categories":[5],"tags":[],"class_list":["post-19217","post","type-post","status-publish","format-standard","has-post-thumbnail","hentry","category-hirek"],"yoast_head":"<!-- This site is optimized with the Yoast SEO plugin v27.3 - https:\/\/yoast.com\/product\/yoast-seo-wordpress\/ -->\n<title>Teljes b\u00facs\u00fat nyerhetnek a koronav\u00edrusos betegek mellett az \u00e9rt\u00fck im\u00e1dkoz\u00f3k is... - Stuttgarti Katolikusok<\/title>\n<meta name=\"robots\" content=\"index, follow, max-snippet:-1, max-image-preview:large, max-video-preview:-1\" \/>\n<link rel=\"canonical\" href=\"https:\/\/stuttgarti-katolikusok.de\/index.php\/teljes-bucsut-nyerhetnek-a-koronavirusos-betegek-mellett-az-ertuk-imadkozok-is\/\" \/>\n<meta property=\"og:locale\" content=\"hu_HU\" \/>\n<meta property=\"og:type\" content=\"article\" \/>\n<meta property=\"og:title\" content=\"Teljes b\u00facs\u00fat nyerhetnek a koronav\u00edrusos betegek mellett az \u00e9rt\u00fck im\u00e1dkoz\u00f3k is... - Stuttgarti Katolikusok\" \/>\n<meta property=\"og:description\" content=\"+! Kedves H\u00edveink, a p\u00e1pa leg\u00fajabb rendelkez\u00e9se szerint teljes b\u00facs\u00fat nyerhetnek a koronav\u00edrusos betegek, az \u0151ket gondoz\u00f3k, de az \u00e9rt\u00fck im\u00e1dkoz\u00f3k is. Hogy milyen felt\u00e9telek mellett, azt az al\u00e1bbi cikkb\u0151l megtudhatj\u00e1tok. Im\u00e1dkozzunk h\u00e1t tov\u00e1bbra is hittel, bizalommal \u00e9s lelkesen, s k\u00e9rj\u00fck Istent, hogy mentsen meg benn\u00fcnket ett\u0151l a csap\u00e1st\u00f3l! Lelkip\u00e1sztori szeretettel, Imre atya Stuttgart, 2020. m\u00e1rcius 21. Vil\u00e1gszerte teljes b\u00facs\u00fat nyerhetnek a koronav\u00edrusos betegek, lehet\u0151v\u00e9 v\u00e1lt az \u00e1ltal\u00e1nos feloldoz\u00e1s Az Apostoli Penitenci\u00e1ria m\u00e1rcius 20-\u00e1n dekr\u00e9tumot adott ki, amelyben teljes b\u00facs\u00fat enged\u00e9lyez a koronav\u00edrusban szenved\u0151 betegeknek, valamint azoknak, akik gondozz\u00e1k \u0151ket, \u00e9s a vil\u00e1g minden h\u00edv\u0151j\u00e9nek, akik im\u00e1dkoznak \u00e9rt\u00fck. A dokumentum eml\u00e9keztet a k\u00f6z\u00f6ss\u00e9gi feloldoz\u00e1s lehet\u0151s\u00e9g\u00e9re is ebben a s\u00falyos sz\u00fcks\u00e9ghelyzetben. A jelenlegi v\u00e9szhelyzetben az Egyh\u00e1z felk\u00edn\u00e1lja a lehet\u0151s\u00e9get a teljes b\u00facs\u00fa elnyer\u00e9s\u00e9re a koronav\u00edrusban szenved\u0151 beteg h\u00edveknek, az eg\u00e9szs\u00e9g\u00fcgyi dolgoz\u00f3knak, a csal\u00e1dtagoknak \u00e9s mindenkinek, aki ak\u00e1rmilyen form\u00e1ban, teh\u00e1t ak\u00e1r im\u00e1val is, gondjukat viseli. Az Apostoli Penitenci\u00e1ria dekr\u00e9tum\u00e1t Mauro Piacenza b\u00edboros, f\u0151penitenci\u00e1rius \u00e9s r\u00e9gense, Krzysztof Nykiel prel\u00e1tus \u00edrta al\u00e1. A dekr\u00e9tumhoz kapcsol\u00f3dik egy jegyz\u00e9k is, amelyben a f\u0151penitenci\u00e1rius eml\u00e9keztet az \u00e1ltal\u00e1nos feloldoz\u00e1s lehet\u0151s\u00e9g\u00e9re t\u00f6bb h\u00edv\u0151 sz\u00e1m\u00e1ra egyszerre, el\u0151zetes egy\u00e9ni gy\u00f3n\u00e1s n\u00e9lk\u00fcl a jelenlegi s\u00falyos k\u00f6r\u00fclm\u00e9nyek k\u00f6z\u00f6tt, els\u0151sorban a j\u00e1rv\u00e1nyban er\u0151sebben \u00e9rintett helyeken \u00e9s mindaddig, am\u00edg a jelens\u00e9g meg nem sz\u0171nik. A teljes b\u00facs\u00fa elnyer\u00e9s\u00e9hez elegend\u0151 a koronav\u00edrusban szenved\u0151 betegeknek, akik karant\u00e9nban vannak, tov\u00e1bb\u00e1 az eg\u00e9szs\u00e9g\u00fcgyi dolgoz\u00f3k \u00e9s a csal\u00e1dtagok sz\u00e1m\u00e1ra, akik ki vannak t\u00e9ve a fert\u0151z\u00e9s vesz\u00e9ly\u00e9nek, mert gondozz\u00e1k a fert\u0151z\u00f6tteket, ha elim\u00e1dkozz\u00e1k a Hiszekegyet, a Miaty\u00e1nkot \u00e9s egy M\u00e1ria-im\u00e1t. A t\u00f6bbi h\u00edv\u0151 v\u00e1laszthat a tov\u00e1bbi lehet\u0151s\u00e9gek k\u00f6z\u00fcl: a legszentebb Olt\u00e1riszents\u00e9g el\u00e9 j\u00e1rul, vagy szents\u00e9gim\u00e1d\u00e1st v\u00e9gez, vagy legal\u00e1bb f\u00e9l \u00f3r\u00e1ig olvassa a Szent\u00edr\u00e1st, vagy elmondja a r\u00f3zsaf\u00fcz\u00e9rt, vagy elv\u00e9gzi a kereszt\u00fati \u00e1jtatoss\u00e1got, vagy elim\u00e1dkozza az Isteni Irgalmass\u00e1g r\u00f3zsaf\u00fcz\u00e9r\u00e9t, azt k\u00e9rve Istent\u0151l, hogy vessen v\u00e9get a j\u00e1rv\u00e1nynak, valamint hogy adjon enyh\u00fcl\u00e9st a betegeknek \u00e9s \u00f6r\u00f6k \u00fcdv\u00f6ss\u00e9get azoknak, akiket mag\u00e1hoz h\u00edvott. A teljes... R\u00e9szletek\" \/>\n<meta property=\"og:url\" content=\"https:\/\/stuttgarti-katolikusok.de\/index.php\/teljes-bucsut-nyerhetnek-a-koronavirusos-betegek-mellett-az-ertuk-imadkozok-is\/\" \/>\n<meta property=\"og:site_name\" content=\"Stuttgarti Katolikusok\" \/>\n<meta property=\"article:published_time\" content=\"2020-03-21T09:10:38+00:00\" \/>\n<meta property=\"og:image\" content=\"https:\/\/stuttgarti-katolikusok.de\/wp-content\/uploads\/2020\/03\/papa-koronavirus.jpg\" \/>\n\t<meta property=\"og:image:width\" content=\"1600\" \/>\n\t<meta property=\"og:image:height\" content=\"1065\" \/>\n\t<meta property=\"og:image:type\" content=\"image\/jpeg\" \/>\n<meta name=\"author\" content=\"Tibor atya\" \/>\n<meta name=\"twitter:card\" content=\"summary_large_image\" \/>\n<meta name=\"twitter:label1\" content=\"Szerz\u0151:\" \/>\n\t<meta name=\"twitter:data1\" content=\"Tibor atya\" \/>\n\t<meta name=\"twitter:label2\" content=\"Becs\u00fclt olvas\u00e1si id\u0151\" \/>\n\t<meta name=\"twitter:data2\" content=\"5 perc\" \/>\n<script type=\"application\/ld+json\" class=\"yoast-schema-graph\">{\"@context\":\"https:\\\/\\\/schema.org\",\"@graph\":[{\"@type\":\"Article\",\"@id\":\"https:\\\/\\\/stuttgarti-katolikusok.de\\\/index.php\\\/teljes-bucsut-nyerhetnek-a-koronavirusos-betegek-mellett-az-ertuk-imadkozok-is\\\/#article\",\"isPartOf\":{\"@id\":\"https:\\\/\\\/stuttgarti-katolikusok.de\\\/index.php\\\/teljes-bucsut-nyerhetnek-a-koronavirusos-betegek-mellett-az-ertuk-imadkozok-is\\\/\"},\"author\":{\"name\":\"Tibor atya\",\"@id\":\"https:\\\/\\\/stuttgarti-katolikusok.de\\\/#\\\/schema\\\/person\\\/75908d6f8fdc03a57889d27209df7795\"},\"headline\":\"Teljes b\u00facs\u00fat nyerhetnek a koronav\u00edrusos betegek mellett az \u00e9rt\u00fck im\u00e1dkoz\u00f3k is&#8230;\",\"datePublished\":\"2020-03-21T09:10:38+00:00\",\"mainEntityOfPage\":{\"@id\":\"https:\\\/\\\/stuttgarti-katolikusok.de\\\/index.php\\\/teljes-bucsut-nyerhetnek-a-koronavirusos-betegek-mellett-az-ertuk-imadkozok-is\\\/\"},\"wordCount\":1108,\"image\":{\"@id\":\"https:\\\/\\\/stuttgarti-katolikusok.de\\\/index.php\\\/teljes-bucsut-nyerhetnek-a-koronavirusos-betegek-mellett-az-ertuk-imadkozok-is\\\/#primaryimage\"},\"thumbnailUrl\":\"https:\\\/\\\/stuttgarti-katolikusok.de\\\/wp-content\\\/uploads\\\/2020\\\/03\\\/papa-koronavirus.jpg\",\"articleSection\":[\"H\u00edrek\"],\"inLanguage\":\"hu\"},{\"@type\":\"WebPage\",\"@id\":\"https:\\\/\\\/stuttgarti-katolikusok.de\\\/index.php\\\/teljes-bucsut-nyerhetnek-a-koronavirusos-betegek-mellett-az-ertuk-imadkozok-is\\\/\",\"url\":\"https:\\\/\\\/stuttgarti-katolikusok.de\\\/index.php\\\/teljes-bucsut-nyerhetnek-a-koronavirusos-betegek-mellett-az-ertuk-imadkozok-is\\\/\",\"name\":\"Teljes b\u00facs\u00fat nyerhetnek a koronav\u00edrusos betegek mellett az \u00e9rt\u00fck im\u00e1dkoz\u00f3k is... - Stuttgarti Katolikusok\",\"isPartOf\":{\"@id\":\"https:\\\/\\\/stuttgarti-katolikusok.de\\\/#website\"},\"primaryImageOfPage\":{\"@id\":\"https:\\\/\\\/stuttgarti-katolikusok.de\\\/index.php\\\/teljes-bucsut-nyerhetnek-a-koronavirusos-betegek-mellett-az-ertuk-imadkozok-is\\\/#primaryimage\"},\"image\":{\"@id\":\"https:\\\/\\\/stuttgarti-katolikusok.de\\\/index.php\\\/teljes-bucsut-nyerhetnek-a-koronavirusos-betegek-mellett-az-ertuk-imadkozok-is\\\/#primaryimage\"},\"thumbnailUrl\":\"https:\\\/\\\/stuttgarti-katolikusok.de\\\/wp-content\\\/uploads\\\/2020\\\/03\\\/papa-koronavirus.jpg\",\"datePublished\":\"2020-03-21T09:10:38+00:00\",\"author\":{\"@id\":\"https:\\\/\\\/stuttgarti-katolikusok.de\\\/#\\\/schema\\\/person\\\/75908d6f8fdc03a57889d27209df7795\"},\"breadcrumb\":{\"@id\":\"https:\\\/\\\/stuttgarti-katolikusok.de\\\/index.php\\\/teljes-bucsut-nyerhetnek-a-koronavirusos-betegek-mellett-az-ertuk-imadkozok-is\\\/#breadcrumb\"},\"inLanguage\":\"hu\",\"potentialAction\":[{\"@type\":\"ReadAction\",\"target\":[\"https:\\\/\\\/stuttgarti-katolikusok.de\\\/index.php\\\/teljes-bucsut-nyerhetnek-a-koronavirusos-betegek-mellett-az-ertuk-imadkozok-is\\\/\"]}]},{\"@type\":\"ImageObject\",\"inLanguage\":\"hu\",\"@id\":\"https:\\\/\\\/stuttgarti-katolikusok.de\\\/index.php\\\/teljes-bucsut-nyerhetnek-a-koronavirusos-betegek-mellett-az-ertuk-imadkozok-is\\\/#primaryimage\",\"url\":\"https:\\\/\\\/stuttgarti-katolikusok.de\\\/wp-content\\\/uploads\\\/2020\\\/03\\\/papa-koronavirus.jpg\",\"contentUrl\":\"https:\\\/\\\/stuttgarti-katolikusok.de\\\/wp-content\\\/uploads\\\/2020\\\/03\\\/papa-koronavirus.jpg\",\"width\":1600,\"height\":1065},{\"@type\":\"BreadcrumbList\",\"@id\":\"https:\\\/\\\/stuttgarti-katolikusok.de\\\/index.php\\\/teljes-bucsut-nyerhetnek-a-koronavirusos-betegek-mellett-az-ertuk-imadkozok-is\\\/#breadcrumb\",\"itemListElement\":[{\"@type\":\"ListItem\",\"position\":1,\"name\":\"Kezd\u0151lap\",\"item\":\"https:\\\/\\\/stuttgarti-katolikusok.de\\\/\"},{\"@type\":\"ListItem\",\"position\":2,\"name\":\"Teljes b\u00facs\u00fat nyerhetnek a koronav\u00edrusos betegek mellett az \u00e9rt\u00fck im\u00e1dkoz\u00f3k is&#8230;\"}]},{\"@type\":\"WebSite\",\"@id\":\"https:\\\/\\\/stuttgarti-katolikusok.de\\\/#website\",\"url\":\"https:\\\/\\\/stuttgarti-katolikusok.de\\\/\",\"name\":\"Stuttgarti Katolikusok\",\"description\":\"\",\"potentialAction\":[{\"@type\":\"SearchAction\",\"target\":{\"@type\":\"EntryPoint\",\"urlTemplate\":\"https:\\\/\\\/stuttgarti-katolikusok.de\\\/?s={search_term_string}\"},\"query-input\":{\"@type\":\"PropertyValueSpecification\",\"valueRequired\":true,\"valueName\":\"search_term_string\"}}],\"inLanguage\":\"hu\"},{\"@type\":\"Person\",\"@id\":\"https:\\\/\\\/stuttgarti-katolikusok.de\\\/#\\\/schema\\\/person\\\/75908d6f8fdc03a57889d27209df7795\",\"name\":\"Tibor atya\",\"image\":{\"@type\":\"ImageObject\",\"inLanguage\":\"hu\",\"@id\":\"https:\\\/\\\/secure.gravatar.com\\\/avatar\\\/61d268e57d1f4525b111222e29d2d5a7f8c420fdbf231ba5566a8ceac74fa960?s=96&d=mm&r=g\",\"url\":\"https:\\\/\\\/secure.gravatar.com\\\/avatar\\\/61d268e57d1f4525b111222e29d2d5a7f8c420fdbf231ba5566a8ceac74fa960?s=96&d=mm&r=g\",\"contentUrl\":\"https:\\\/\\\/secure.gravatar.com\\\/avatar\\\/61d268e57d1f4525b111222e29d2d5a7f8c420fdbf231ba5566a8ceac74fa960?s=96&d=mm&r=g\",\"caption\":\"Tibor atya\"},\"url\":\"https:\\\/\\\/stuttgarti-katolikusok.de\\\/index.php\\\/author\\\/tibor-atya\\\/\"}]}<\/script>\n<!-- \/ Yoast SEO plugin. -->","yoast_head_json":{"title":"Teljes b\u00facs\u00fat nyerhetnek a koronav\u00edrusos betegek mellett az \u00e9rt\u00fck im\u00e1dkoz\u00f3k is... - Stuttgarti Katolikusok","robots":{"index":"index","follow":"follow","max-snippet":"max-snippet:-1","max-image-preview":"max-image-preview:large","max-video-preview":"max-video-preview:-1"},"canonical":"https:\/\/stuttgarti-katolikusok.de\/index.php\/teljes-bucsut-nyerhetnek-a-koronavirusos-betegek-mellett-az-ertuk-imadkozok-is\/","og_locale":"hu_HU","og_type":"article","og_title":"Teljes b\u00facs\u00fat nyerhetnek a koronav\u00edrusos betegek mellett az \u00e9rt\u00fck im\u00e1dkoz\u00f3k is... - Stuttgarti Katolikusok","og_description":"+! Kedves H\u00edveink, a p\u00e1pa leg\u00fajabb rendelkez\u00e9se szerint teljes b\u00facs\u00fat nyerhetnek a koronav\u00edrusos betegek, az \u0151ket gondoz\u00f3k, de az \u00e9rt\u00fck im\u00e1dkoz\u00f3k is. Hogy milyen felt\u00e9telek mellett, azt az al\u00e1bbi cikkb\u0151l megtudhatj\u00e1tok. Im\u00e1dkozzunk h\u00e1t tov\u00e1bbra is hittel, bizalommal \u00e9s lelkesen, s k\u00e9rj\u00fck Istent, hogy mentsen meg benn\u00fcnket ett\u0151l a csap\u00e1st\u00f3l! Lelkip\u00e1sztori szeretettel, Imre atya Stuttgart, 2020. m\u00e1rcius 21. Vil\u00e1gszerte teljes b\u00facs\u00fat nyerhetnek a koronav\u00edrusos betegek, lehet\u0151v\u00e9 v\u00e1lt az \u00e1ltal\u00e1nos feloldoz\u00e1s Az Apostoli Penitenci\u00e1ria m\u00e1rcius 20-\u00e1n dekr\u00e9tumot adott ki, amelyben teljes b\u00facs\u00fat enged\u00e9lyez a koronav\u00edrusban szenved\u0151 betegeknek, valamint azoknak, akik gondozz\u00e1k \u0151ket, \u00e9s a vil\u00e1g minden h\u00edv\u0151j\u00e9nek, akik im\u00e1dkoznak \u00e9rt\u00fck. A dokumentum eml\u00e9keztet a k\u00f6z\u00f6ss\u00e9gi feloldoz\u00e1s lehet\u0151s\u00e9g\u00e9re is ebben a s\u00falyos sz\u00fcks\u00e9ghelyzetben. A jelenlegi v\u00e9szhelyzetben az Egyh\u00e1z felk\u00edn\u00e1lja a lehet\u0151s\u00e9get a teljes b\u00facs\u00fa elnyer\u00e9s\u00e9re a koronav\u00edrusban szenved\u0151 beteg h\u00edveknek, az eg\u00e9szs\u00e9g\u00fcgyi dolgoz\u00f3knak, a csal\u00e1dtagoknak \u00e9s mindenkinek, aki ak\u00e1rmilyen form\u00e1ban, teh\u00e1t ak\u00e1r im\u00e1val is, gondjukat viseli. Az Apostoli Penitenci\u00e1ria dekr\u00e9tum\u00e1t Mauro Piacenza b\u00edboros, f\u0151penitenci\u00e1rius \u00e9s r\u00e9gense, Krzysztof Nykiel prel\u00e1tus \u00edrta al\u00e1. A dekr\u00e9tumhoz kapcsol\u00f3dik egy jegyz\u00e9k is, amelyben a f\u0151penitenci\u00e1rius eml\u00e9keztet az \u00e1ltal\u00e1nos feloldoz\u00e1s lehet\u0151s\u00e9g\u00e9re t\u00f6bb h\u00edv\u0151 sz\u00e1m\u00e1ra egyszerre, el\u0151zetes egy\u00e9ni gy\u00f3n\u00e1s n\u00e9lk\u00fcl a jelenlegi s\u00falyos k\u00f6r\u00fclm\u00e9nyek k\u00f6z\u00f6tt, els\u0151sorban a j\u00e1rv\u00e1nyban er\u0151sebben \u00e9rintett helyeken \u00e9s mindaddig, am\u00edg a jelens\u00e9g meg nem sz\u0171nik. A teljes b\u00facs\u00fa elnyer\u00e9s\u00e9hez elegend\u0151 a koronav\u00edrusban szenved\u0151 betegeknek, akik karant\u00e9nban vannak, tov\u00e1bb\u00e1 az eg\u00e9szs\u00e9g\u00fcgyi dolgoz\u00f3k \u00e9s a csal\u00e1dtagok sz\u00e1m\u00e1ra, akik ki vannak t\u00e9ve a fert\u0151z\u00e9s vesz\u00e9ly\u00e9nek, mert gondozz\u00e1k a fert\u0151z\u00f6tteket, ha elim\u00e1dkozz\u00e1k a Hiszekegyet, a Miaty\u00e1nkot \u00e9s egy M\u00e1ria-im\u00e1t. A t\u00f6bbi h\u00edv\u0151 v\u00e1laszthat a tov\u00e1bbi lehet\u0151s\u00e9gek k\u00f6z\u00fcl: a legszentebb Olt\u00e1riszents\u00e9g el\u00e9 j\u00e1rul, vagy szents\u00e9gim\u00e1d\u00e1st v\u00e9gez, vagy legal\u00e1bb f\u00e9l \u00f3r\u00e1ig olvassa a Szent\u00edr\u00e1st, vagy elmondja a r\u00f3zsaf\u00fcz\u00e9rt, vagy elv\u00e9gzi a kereszt\u00fati \u00e1jtatoss\u00e1got, vagy elim\u00e1dkozza az Isteni Irgalmass\u00e1g r\u00f3zsaf\u00fcz\u00e9r\u00e9t, azt k\u00e9rve Istent\u0151l, hogy vessen v\u00e9get a j\u00e1rv\u00e1nynak, valamint hogy adjon enyh\u00fcl\u00e9st a betegeknek \u00e9s \u00f6r\u00f6k \u00fcdv\u00f6ss\u00e9get azoknak, akiket mag\u00e1hoz h\u00edvott. A teljes... R\u00e9szletek","og_url":"https:\/\/stuttgarti-katolikusok.de\/index.php\/teljes-bucsut-nyerhetnek-a-koronavirusos-betegek-mellett-az-ertuk-imadkozok-is\/","og_site_name":"Stuttgarti Katolikusok","article_published_time":"2020-03-21T09:10:38+00:00","og_image":[{"width":1600,"height":1065,"url":"https:\/\/stuttgarti-katolikusok.de\/wp-content\/uploads\/2020\/03\/papa-koronavirus.jpg","type":"image\/jpeg"}],"author":"Tibor atya","twitter_card":"summary_large_image","twitter_misc":{"Szerz\u0151:":"Tibor atya","Becs\u00fclt olvas\u00e1si id\u0151":"5 perc"},"schema":{"@context":"https:\/\/schema.org","@graph":[{"@type":"Article","@id":"https:\/\/stuttgarti-katolikusok.de\/index.php\/teljes-bucsut-nyerhetnek-a-koronavirusos-betegek-mellett-az-ertuk-imadkozok-is\/#article","isPartOf":{"@id":"https:\/\/stuttgarti-katolikusok.de\/index.php\/teljes-bucsut-nyerhetnek-a-koronavirusos-betegek-mellett-az-ertuk-imadkozok-is\/"},"author":{"name":"Tibor atya","@id":"https:\/\/stuttgarti-katolikusok.de\/#\/schema\/person\/75908d6f8fdc03a57889d27209df7795"},"headline":"Teljes b\u00facs\u00fat nyerhetnek a koronav\u00edrusos betegek mellett az \u00e9rt\u00fck im\u00e1dkoz\u00f3k is&#8230;","datePublished":"2020-03-21T09:10:38+00:00","mainEntityOfPage":{"@id":"https:\/\/stuttgarti-katolikusok.de\/index.php\/teljes-bucsut-nyerhetnek-a-koronavirusos-betegek-mellett-az-ertuk-imadkozok-is\/"},"wordCount":1108,"image":{"@id":"https:\/\/stuttgarti-katolikusok.de\/index.php\/teljes-bucsut-nyerhetnek-a-koronavirusos-betegek-mellett-az-ertuk-imadkozok-is\/#primaryimage"},"thumbnailUrl":"https:\/\/stuttgarti-katolikusok.de\/wp-content\/uploads\/2020\/03\/papa-koronavirus.jpg","articleSection":["H\u00edrek"],"inLanguage":"hu"},{"@type":"WebPage","@id":"https:\/\/stuttgarti-katolikusok.de\/index.php\/teljes-bucsut-nyerhetnek-a-koronavirusos-betegek-mellett-az-ertuk-imadkozok-is\/","url":"https:\/\/stuttgarti-katolikusok.de\/index.php\/teljes-bucsut-nyerhetnek-a-koronavirusos-betegek-mellett-az-ertuk-imadkozok-is\/","name":"Teljes b\u00facs\u00fat nyerhetnek a koronav\u00edrusos betegek mellett az \u00e9rt\u00fck im\u00e1dkoz\u00f3k is... - Stuttgarti Katolikusok","isPartOf":{"@id":"https:\/\/stuttgarti-katolikusok.de\/#website"},"primaryImageOfPage":{"@id":"https:\/\/stuttgarti-katolikusok.de\/index.php\/teljes-bucsut-nyerhetnek-a-koronavirusos-betegek-mellett-az-ertuk-imadkozok-is\/#primaryimage"},"image":{"@id":"https:\/\/stuttgarti-katolikusok.de\/index.php\/teljes-bucsut-nyerhetnek-a-koronavirusos-betegek-mellett-az-ertuk-imadkozok-is\/#primaryimage"},"thumbnailUrl":"https:\/\/stuttgarti-katolikusok.de\/wp-content\/uploads\/2020\/03\/papa-koronavirus.jpg","datePublished":"2020-03-21T09:10:38+00:00","author":{"@id":"https:\/\/stuttgarti-katolikusok.de\/#\/schema\/person\/75908d6f8fdc03a57889d27209df7795"},"breadcrumb":{"@id":"https:\/\/stuttgarti-katolikusok.de\/index.php\/teljes-bucsut-nyerhetnek-a-koronavirusos-betegek-mellett-az-ertuk-imadkozok-is\/#breadcrumb"},"inLanguage":"hu","potentialAction":[{"@type":"ReadAction","target":["https:\/\/stuttgarti-katolikusok.de\/index.php\/teljes-bucsut-nyerhetnek-a-koronavirusos-betegek-mellett-az-ertuk-imadkozok-is\/"]}]},{"@type":"ImageObject","inLanguage":"hu","@id":"https:\/\/stuttgarti-katolikusok.de\/index.php\/teljes-bucsut-nyerhetnek-a-koronavirusos-betegek-mellett-az-ertuk-imadkozok-is\/#primaryimage","url":"https:\/\/stuttgarti-katolikusok.de\/wp-content\/uploads\/2020\/03\/papa-koronavirus.jpg","contentUrl":"https:\/\/stuttgarti-katolikusok.de\/wp-content\/uploads\/2020\/03\/papa-koronavirus.jpg","width":1600,"height":1065},{"@type":"BreadcrumbList","@id":"https:\/\/stuttgarti-katolikusok.de\/index.php\/teljes-bucsut-nyerhetnek-a-koronavirusos-betegek-mellett-az-ertuk-imadkozok-is\/#breadcrumb","itemListElement":[{"@type":"ListItem","position":1,"name":"Kezd\u0151lap","item":"https:\/\/stuttgarti-katolikusok.de\/"},{"@type":"ListItem","position":2,"name":"Teljes b\u00facs\u00fat nyerhetnek a koronav\u00edrusos betegek mellett az \u00e9rt\u00fck im\u00e1dkoz\u00f3k is&#8230;"}]},{"@type":"WebSite","@id":"https:\/\/stuttgarti-katolikusok.de\/#website","url":"https:\/\/stuttgarti-katolikusok.de\/","name":"Stuttgarti Katolikusok","description":"","potentialAction":[{"@type":"SearchAction","target":{"@type":"EntryPoint","urlTemplate":"https:\/\/stuttgarti-katolikusok.de\/?s={search_term_string}"},"query-input":{"@type":"PropertyValueSpecification","valueRequired":true,"valueName":"search_term_string"}}],"inLanguage":"hu"},{"@type":"Person","@id":"https:\/\/stuttgarti-katolikusok.de\/#\/schema\/person\/75908d6f8fdc03a57889d27209df7795","name":"Tibor atya","image":{"@type":"ImageObject","inLanguage":"hu","@id":"https:\/\/secure.gravatar.com\/avatar\/61d268e57d1f4525b111222e29d2d5a7f8c420fdbf231ba5566a8ceac74fa960?s=96&d=mm&r=g","url":"https:\/\/secure.gravatar.com\/avatar\/61d268e57d1f4525b111222e29d2d5a7f8c420fdbf231ba5566a8ceac74fa960?s=96&d=mm&r=g","contentUrl":"https:\/\/secure.gravatar.com\/avatar\/61d268e57d1f4525b111222e29d2d5a7f8c420fdbf231ba5566a8ceac74fa960?s=96&d=mm&r=g","caption":"Tibor atya"},"url":"https:\/\/stuttgarti-katolikusok.de\/index.php\/author\/tibor-atya\/"}]}},"_links":{"self":[{"href":"https:\/\/stuttgarti-katolikusok.de\/index.php\/wp-json\/wp\/v2\/posts\/19217","targetHints":{"allow":["GET"]}}],"collection":[{"href":"https:\/\/stuttgarti-katolikusok.de\/index.php\/wp-json\/wp\/v2\/posts"}],"about":[{"href":"https:\/\/stuttgarti-katolikusok.de\/index.php\/wp-json\/wp\/v2\/types\/post"}],"author":[{"embeddable":true,"href":"https:\/\/stuttgarti-katolikusok.de\/index.php\/wp-json\/wp\/v2\/users\/3"}],"replies":[{"embeddable":true,"href":"https:\/\/stuttgarti-katolikusok.de\/index.php\/wp-json\/wp\/v2\/comments?post=19217"}],"version-history":[{"count":1,"href":"https:\/\/stuttgarti-katolikusok.de\/index.php\/wp-json\/wp\/v2\/posts\/19217\/revisions"}],"predecessor-version":[{"id":19219,"href":"https:\/\/stuttgarti-katolikusok.de\/index.php\/wp-json\/wp\/v2\/posts\/19217\/revisions\/19219"}],"wp:featuredmedia":[{"embeddable":true,"href":"https:\/\/stuttgarti-katolikusok.de\/index.php\/wp-json\/wp\/v2\/media\/19218"}],"wp:attachment":[{"href":"https:\/\/stuttgarti-katolikusok.de\/index.php\/wp-json\/wp\/v2\/media?parent=19217"}],"wp:term":[{"taxonomy":"category","embeddable":true,"href":"https:\/\/stuttgarti-katolikusok.de\/index.php\/wp-json\/wp\/v2\/categories?post=19217"},{"taxonomy":"post_tag","embeddable":true,"href":"https:\/\/stuttgarti-katolikusok.de\/index.php\/wp-json\/wp\/v2\/tags?post=19217"}],"curies":[{"name":"wp","href":"https:\/\/api.w.org\/{rel}","templated":true}]}}