{"id":19214,"date":"2020-03-21T12:27:13","date_gmt":"2020-03-21T12:27:13","guid":{"rendered":"https:\/\/gracious-dewdney.138-201-221-2.plesk.page\/?p=19214"},"modified":"2020-04-27T08:22:18","modified_gmt":"2020-04-27T08:22:18","slug":"igeistentisztelet-nagybojt-4-vasarnapjara","status":"publish","type":"post","link":"https:\/\/stuttgarti-katolikusok.de\/index.php\/igeistentisztelet-nagybojt-4-vasarnapjara\/","title":{"rendered":"Igeistentisztelet nagyb\u00f6jt 4. vas\u00e1rnapj\u00e1ra"},"content":{"rendered":"<p><em>+! Kedves H\u00edveink, rendk\u00edv\u00fcli id\u0151k rendk\u00edv\u00fcli megold\u00e1sokat k\u00edv\u00e1nnak. Ez a mostani helyzet is ilyen: nem vehet\u00fcnk k\u00f6z\u00f6s szentmis\u00e9n r\u00e9szt. Ez\u00e9rt azok sz\u00e1m\u00e1ra, akik ig\u00e9nylik, egy igeistentiszteletet \u00e1ll\u00edtottam \u00f6ssze. Arra r\u00e9szt akarnak venni rajta &#8211; csal\u00e1djukkal egy\u00fctt p\u00e9ld\u00e1ul -, azok nyiss\u00e1k ki ezt az oldalt, \u00e9s olvass\u00e1k v\u00e9gig a szertart\u00e1st. Legyen egy el\u0151im\u00e1dkoz\u00f3 (apa, anya is lehet), egy felolvas\u00f3, egy \u00e9nekes, \u00e9s vegyenek \u00fagy r\u00e9szt az igeistentiszteleten, mintha a templomban lenn\u00e9nek! V\u00e9g\u00fcl lelki szent\u00e1ldoz\u00e1shoz is j\u00e1rulhatnak a tegnapel\u0151tti cikk le\u00edr\u00e1sa szerint.<\/em><\/p>\n<p><em>\u00c1ld\u00e1sos vas\u00e1rnapot k\u00edv\u00e1nok minden kedves H\u00edvemnek k\u00fcl\u00f6n\u00f6sen azoknak, akik egyed\u00fcl vannak. Isten azonban nem hagy el senkit, \u00e9s a lelkip\u00e1sztorok, illetve a k\u00f6z\u00f6ss\u00e9g\u00fcnk is itt van, im\u00e1dkozunk mindenki\u00e9rt!<\/em><\/p>\n<p><em>Lelkip\u00e1sztori szeretettel,<\/em><\/p>\n<p><em>Imre atya<\/em><\/p>\n<p><em>Stuttgart, 2020. m\u00e1rcius 22.<\/em><\/p>\n<p>&nbsp;<\/p>\n<p><strong>IGEISTENTISZTELET NAGYB\u00d6JT A4. VAS\u00c1RNAPJ\u00c1RA<\/strong><\/p>\n<p><strong>I. BEVEZET\u0150 R\u00c9SZ<\/strong><\/p>\n<p><strong>\u00a0<\/strong><\/p>\n<p><strong>(El\u0151im\u00e1dkoz\u00f3 &#8211; apa vagy anya pl.): <\/strong><em>A mai szentmis\u00e9nek \u00edgy sz\u00f3l a kezd\u0151\u00e9neke:<\/em><\/p>\n<p><strong>Kezd\u0151\u00e9nek: <\/strong><em><br \/>\n\u00d6rvendezz, Isten n\u00e9pe! Gy\u0171ljetek \u00f6ssze mind, akiknek kedves az \u00dar \u00fcgye. Sz\u00edvb\u0151l \u00f6r\u00fcljetek, akik azel\u0151tt szomorkodtatok. Vigasztal\u00f3djatok meg, mint a gyermek megnyugszik anyja kebel\u00e9n. (V\u00f6. Iz 66,10-11)<\/em><\/p>\n<p><em>Kedves Testv\u00e9rek, kezdj\u00fck igeistentisztelet\u00fcnket a Hozsann\u00e1nk 58-as sz\u00e1m\u00fa \u00e9nek\u00e9nek 1-2 szakasz\u00e1val &#8211; Hozs.<\/em> <em>58,1-2 <\/em><\/p>\n<p><em>1. <\/em>B\u0171nb\u00e1n\u00f3knak mened\u00e9ke!<\/p>\n<p>Tr\u00f3nusodhoz elj\u00f6v\u00fcnk,<\/p>\n<p>Ah! mert m\u00e1shol nincs \u00fcdv s b\u00e9ke,<\/p>\n<p>J\u00e9zus, irgalmazz nek\u00fcnk.<\/p>\n<ol start=\"2\">\n<li><\/li>\n<\/ol>\n<p>Szenved\u00e9sed dr\u00e1ga \u00e1r\u00e1n<\/p>\n<p>V\u00e1ltottad meg \u00e9let\u00fcnk,<\/p>\n<p>\u00d3! ne hagyj el minket \u00e1rv\u00e1n,<\/p>\n<p>J\u00e9zus, kegyelmezz nek\u00fcnk.<\/p>\n<p><strong>\u00a0<\/strong><\/p>\n<p><strong>Keresztvet\u00e9s:<\/strong> <em>Az Atya, a Fi\u00fa \u00e9s a Szentl\u00e9lek nev\u00e9ben.<\/em><\/p>\n<p><strong>K\u00f6zgy\u00f3n\u00e1s (El\u0151im\u00e1dkoz\u00f3): <\/strong><em>Testv\u00e9reim! Miel\u0151tt erre a szent \u00fcnnepre el\u0151\u00edrt olvasm\u00e1nyokat meghallgatn\u00e1nk, vizsg\u00e1ljuk meg lelkiismeret\u00fcnket \u00e9s b\u00e1njuk meg b\u0171neinket, hogy m\u00e9lt\u00f3k\u00e9ppen \u00fcnnepelhess\u00fck az \u00dar szent titkait. <\/em><\/p>\n<p>GY\u00d3NOM A MINDENHAT\u00d3 ISTENNEK \u00e9s nektek, testv\u00e9reim, hogy sokszor \u00e9s sokat v\u00e9tkeztem, gondolattal, sz\u00f3val, cselekedettel \u00e9s mulaszt\u00e1ssal: \u00e9n v\u00e9tkem, \u00e9n v\u00e9tkem, \u00e9n igen nagy v\u00e9tkem. K\u00e9rem ez\u00e9rt a Boldogs\u00e1gos, mindenkor Szepl\u0151telen Sz\u0171z M\u00e1ri\u00e1t, az \u00f6sszes angyalokat \u00e9s szenteket, \u00e9s titeket, testv\u00e9reim, hogy im\u00e1dkozzatok \u00e9rettem Urunkhoz, Isten\u00fcnkh\u00f6z. Amen.<\/p>\n<p><strong>Uram irgalmazz: <\/strong><\/p>\n<p><em>Uram, irgalmazz!<\/em><\/p>\n<p><em>Krisztus kegyelmezz!<\/em><\/p>\n<p><em>Uram, irgalmazz!<\/em><\/p>\n<p><strong>K\u00f6ny\u00f6rg\u00e9s: <\/strong>Isten\u00fcnk, te szent Fiad \u00e1ltal csod\u00e1latos m\u00f3don magadhoz b\u00e9k\u00edtetted az emberis\u00e9get. Engedd, k\u00e9r\u00fcnk, hogy kereszt\u00e9ny n\u00e9ped k\u00e9szs\u00e9ges \u00f6n\u00e1tad\u00e1ssal \u00e9s \u00e9l\u0151 hittel k\u00e9sz\u00fclj\u00f6n a k\u00f6zelg\u0151 \u00fcnnepekre. A mi Urunk, J\u00e9zus Krisztus, a te Fiad \u00e1ltal, aki veled \u00e9l \u00e9s uralkodik a Szentl\u00e9lekkel egys\u00e9gben, Isten mind\u00f6r\u00f6kk\u00f6n \u00f6r\u00f6kk\u00e9.<\/p>\n<p><strong>H\u00edvek: <\/strong>\u00c1men.<\/p>\n<p><strong>1. AZ IGE LITURGI\u00c1JA<\/strong><\/p>\n<p>OLVASM\u00c1NY S\u00e1muel els\u0151 k\u00f6nyv\u00e9b\u0151l\u00a0\u00a0\u00a0 \u00a0<strong>1S\u00e1m 16,1b.6-7.10-13a<\/strong><\/p>\n<p><em>D\u00e1vidot Izrael kir\u00e1ly\u00e1v\u00e1 kenik.<\/em><\/p>\n<p>Az \u00dar \u00edgy sz\u00f3lt S\u00e1muelhez: \u201eT\u00f6ltsd meg szarudat olajjal \u00e9s kelj \u00fatra. Menj el Iz\u00e1jhoz Betlehembe, mert fiai k\u00f6z\u00fcl szemeltem ki a kir\u00e1lyt.\u201d<br \/>\nAmikor meg\u00e9rkezett, s megl\u00e1tta Eli\u00e1bot, azt gondolta: \u201eNos, itt \u00e1ll az \u00dar el\u0151tt az \u0151 f\u00f6lkentje.\u201d Az \u00dar azonban ezt mondta S\u00e1muelnek: \u201eNe a k\u00fclsej\u00e9t \u00e9s magas termet\u00e9t n\u00e9zd, mert hisz elvetettem. Isten ugyanis nem azt n\u00e9zi, amit az ember. Az ember a k\u00fcls\u0151t n\u00e9zi, az \u00dar azonban a sz\u00edvet.\u201d<\/p>\n<p>Iz\u00e1j \u00edgy bemutatta S\u00e1muelnek h\u00e9t fi\u00e1t, de S\u00e1muel \u00edgy sz\u00f3lt Iz\u00e1jhoz: \u201eEzeket nem v\u00e1lasztotta ki az \u00dar.\u201d Azt\u00e1n S\u00e1muel megk\u00e9rdezte Iz\u00e1jt: \u201eMind itt vannak fiaid?\u201d \u201eA legkisebb nincs itt \u2013 v\u00e1laszolta \u2013, a ny\u00e1jat \u0151rzi.\u201d S\u00e1muel erre meghagyta Iz\u00e1jnak: \u201eK\u00fcldj el valakit, keresse meg, mert addig nem \u00fcl\u00fcnk az \u00e1ldozati lakom\u00e1hoz, am\u00edg nincs itt.\u201d Iz\u00e1j elk\u00fcld\u00f6tt \u00e9rte. V\u00f6r\u00f6s volt, ny\u00edlt tekintet\u0171 \u00e9s sz\u00e9p termet\u0171. Az \u00dar \u00edgy sz\u00f3lt: \u201eRajta, kend f\u00f6l, mert \u0151 azt\u201d Erre S\u00e1muel fogta az olajosszarut, \u00e9s f\u00f6lkente testv\u00e9rei k\u00f6r\u00e9ben. Att\u00f3l a napt\u00f3l elt\u00f6lt\u00f6tte D\u00e1vidot az \u00dar lelke.<br \/>\nEz az Isten ig\u00e9je.<\/p>\n<p><strong>H\u00edvek:<\/strong> Istennek legyen h\u00e1la!<\/p>\n<p>V\u00c1LASZOS ZSOLT\u00c1R <strong>Zsolt 22,1-3a.3b-4.5-6<\/strong><\/p>\n<p>V\u00e1lasz: <strong>Az <u>\u00dar<\/u> n\u00e9kem p\u00e1sztorom, * \u00edns\u00e9<u>get<\/u> nem kell l\u00e1tnom.<\/strong> 9. t\u00f3nus.<br \/>\n<strong>El\u0151\u00e9nekes:<\/strong> Az \u00dar n\u00e9kem p\u00e1sztorom, * \u00edns\u00e9get nem kell l\u00e1tnom.<br \/>\nZ\u00f6ldell\u0151 mez\u0151k\u00f6n, terelget engem, * csendes vizekhez vezet, \u00e9s lelkemet fel\u00fcd\u00edti.<\/p>\n<p><strong>H\u00edvek:<\/strong> Az \u00dar n\u00e9kem p\u00e1sztorom, * \u00edns\u00e9get nem kell l\u00e1tnom.<br \/>\n<strong>E:<\/strong> Az igazs\u00e1g \u00f6sv\u00e9ny\u00e9n vezet engem, * ahogyan \u0151 meg\u00edg\u00e9rte.<br \/>\nA hal\u00e1l s\u00f6t\u00e9t v\u00f6lgy\u00e9ben sem f\u00e9lek, mert ott vagy v\u00e9lem, * biztons\u00e1got ad vessz\u0151d \u00e9s p\u00e1sztorbotod.<br \/>\n<strong>H:<\/strong> Az \u00dar n\u00e9kem p\u00e1sztorom, * \u00edns\u00e9get nem kell l\u00e1tnom.<br \/>\n<strong>E:<\/strong> Sz\u00e1momra asztalt ter\u00edtett\u00e9l, * hogy \u00fcld\u00f6z\u0151imet sz\u00e9gyen \u00e9rje.<br \/>\nFejemet megkented olajoddal, * serlegemet csordultig megt\u00f6lt\u00f6tted.<br \/>\n<strong>H:<\/strong> Az \u00dar n\u00e9kem p\u00e1sztorom, * \u00edns\u00e9get nem kell l\u00e1tnom.<br \/>\n<strong>E:<\/strong> J\u00f3s\u00e1god \u00e9s irgalmad nyomon k\u00f6vet, * \u00e9letemnek minden napj\u00e1n.<br \/>\nOtthonom lesz az Isten h\u00e1za, * mind\u00f6r\u00f6kk\u00e9 sz\u00fcnet n\u00e9lk\u00fcl.<br \/>\n<strong>H:<\/strong> Az \u00dar n\u00e9kem p\u00e1sztorom, * \u00edns\u00e9get nem kell l\u00e1tnom.<\/p>\n<p>SZENTLECKE Szent P\u00e1l apostolnak az efezusiakhoz \u00edrt level\u00e9b\u0151l <strong>Ef 5,8-14<\/strong><\/p>\n<p><em>T\u00e1madj fel holtodb\u00f3l, \u00e9s Krisztus r\u00e1d ragyog.<\/em><\/p>\n<p>Testv\u00e9reim! Ti, akik egykor s\u00f6t\u00e9ts\u00e9g voltatok, most vil\u00e1goss\u00e1g vagytok az \u00darban. \u00c9ljetek h\u00e1t \u00fagy, mint a f\u00e9ny fiai! A vil\u00e1goss\u00e1g gy\u00fcm\u00f6lcse csupa j\u00f3s\u00e1g, igazs\u00e1g, egyeness\u00e9g. Azt keress\u00e9tek, ami kedves az \u00dar szem\u00e9ben. Ne legyen r\u00e9szetek a s\u00f6t\u00e9ts\u00e9g medd\u0151 cselekedeteiben, ink\u00e1bb \u00edt\u00e9lj\u00e9tek el azokat. Amit ugyanis a b\u0171n\u00f6s\u00f6k titokban tesznek, azt m\u00e9g kimondani is sz\u00e9gyen.<br \/>\nAmit felt\u00e1runk, arra f\u00e9ny der\u00fcl, \u00e9s amire f\u00e9ny der\u00fclt, az maga is f\u00e9ny. Ez\u00e9rt mondj\u00e1k: \u00c9bredj, ki alszol, t\u00e1madj fel holtodb\u00f3l, \u00e9s Krisztus r\u00e1d ragyog! Ez az Isten ig\u00e9je.<\/p>\n<p><strong>H: <\/strong>Istennek legyen h\u00e1la.<\/p>\n<p>EVANG\u00c9LIUM EL\u0150TTI VERS<\/p>\n<p>\u201e\u00c9n a vil\u00e1g vil\u00e1goss\u00e1ga vagyok\u201d, mondja a mi Urunk, * \u201eAki engem k\u00f6vet, \u00f6v\u00e9 lesz az \u00e9let vil\u00e1goss\u00e1ga\u201d. Jn 8,12 \u2013 4g. t\u00f3nus.<\/p>\n<p>\u2020 EVANG\u00c9LIUM Szent J\u00e1nos k\u00f6nyv\u00e9b\u0151l <strong>Jn 9,1.6-9.13-17.34-38<\/strong><br \/>\n<em>Elment megmosakodni, \u00e9s amikor visszat\u00e9rt, m\u00e1r l\u00e1tott.<\/em><\/p>\n<p>Abban az id\u0151ben: J\u00e9zus \u00fatk\u00f6zben l\u00e1tott egy vakon sz\u00fcletett embert. A f\u00f6ldre k\u00f6p\u00f6tt, sarat csin\u00e1lt a ny\u00e1llal, a sarat a vak szemeire kente, \u00e9s \u00edgy sz\u00f3lt hozz\u00e1: \u201eMenj, mosakodj meg a Siloe tav\u00e1ban.\u201d Siloe annyit jelent, mint K\u00fcld\u00f6tt. \u0150 elment, megmosdott, \u00e9s amikor visszat\u00e9rt, m\u00e1r l\u00e1tott.<\/p>\n<p>A szomsz\u00e9dok, \u00e9s akik azel\u0151tt koldusk\u00e9nt ismert\u00e9k, \u00edgy sz\u00f3ltak: \u201eNem ez az, aki itt \u00fclt \u00e9s koldult?\u201d Egyesek azt mondt\u00e1k, hogy: \u201eEz az!\u201d M\u00e1sok pedig: \u201eNem, csak hasonl\u00edt r\u00e1.\u201d \u0150 azonban kijelentette: \u201e\u00c9n vagyok az?\u201d<\/p>\n<p>Erre az embert, aki nemr\u00e9g m\u00e9g vak volt, odavitt\u00e9k a farizeusokhoz. Aznap ugyanis, amikor J\u00e9zus sarat csin\u00e1lt \u00e9s megnyitotta a vak szem\u00e9t, szombat volt. Ez\u00e9rt a farizeusok is megk\u00e9rdezt\u00e9k t\u0151le, hogy hogyan kezdett l\u00e1tni. Ezt v\u00e1laszolta: \u201eSarat tett a szememre, megmosdottam, is most l\u00e1tok.\u201d<\/p>\n<p>A farizeusok k\u00f6z\u00fcl egyesek megjegyezt\u00e9k: \u201eNem Istent\u0151l val\u00f3 az az ember, hiszen nem tartja meg a szombatot.\u201d M\u00e1sok azonban \u00edgy sz\u00f3ltak: \u201eB\u0171n\u00f6s ember hogyan tudna ilyen csod\u00e1kat tenni?\u201d \u00c9s szakad\u00e1s t\u00e1madt k\u00f6zt\u00fck.<\/p>\n<p>Azut\u00e1n \u00fajb\u00f3l faggatni kezdt\u00e9k a vakot: \u201eTe mit gondolsz arr\u00f3l, aki megnyitotta szemeidet?\u201d \u0150 azt felelte: \u201eHogy pr\u00f3f\u00e9ta!\u201d<\/p>\n<p>A zsid\u00f3k ezt felelt\u00e9k neki: \u201eTe oktatsz minket, aki mindenest\u00fcl b\u0171nben sz\u00fclett\u00e9l?\u201d \u00c9s kitasz\u00edtott\u00e1k \u0151t.<\/p>\n<p>J\u00e9zus meghallotta, hogy kitasz\u00edtott\u00e1k. Amikor tal\u00e1lkozott vele, megk\u00e9rdezte t\u0151le: \u201eHiszel-e az Emberfi\u00e1ban?\u201d \u0150 \u00edgy v\u00e1laszolt: \u201eKi az, Uram, hogy higgyek benne?\u201d J\u00e9zus ezt felelte: \u201eL\u00e1tod \u0151t, aki veled besz\u00e9l: \u0151 az!\u201d Mire az ember \u00edgy sz\u00f3lt: \u201eHiszek, Uram!\u201d \u00c9s leborult el\u0151tte.<\/p>\n<p>Azut\u00e1n J\u00e9zus ezt mondta: \u201e\u00cdt\u00e9lkezni j\u00f6ttem e vil\u00e1gra, hogy akik nem l\u00e1tnak, l\u00e1ssanak, \u00e9s akik l\u00e1tnak, megvakuljanak.\u201d<\/p>\n<p>Meghallotta ezt n\u00e9h\u00e1ny k\u00f6r\u00fcl\u00f6tte \u00e1ll\u00f3 farizeus, \u00e9s megk\u00e9rdezte: \u201eCsak nem vagyunk mi is vakok?\u201d J\u00e9zus \u00edgy felelt: \u201eHa vakok voln\u00e1tok, b\u0171n\u00f6t\u00f6k nem volna. De ti azt mondj\u00e1tok, hogy l\u00e1ttok, ez\u00e9rt megmarad b\u0171n\u00f6t\u00f6k.\u201d<\/p>\n<p>Ezek az evang\u00e9lium ig\u00e9i.<\/p>\n<p><strong>H:<\/strong> \u00c1ldunk T\u00e9ged, Krisztus!<\/p>\n<p><strong>\u00a0<\/strong><\/p>\n<p><strong>Szentbesz\u00e9d:<\/strong><\/p>\n<p>Kedves Testv\u00e9rek! Mikor J\u00e9zus meggy\u00f3gy\u00edtja a vakonsz\u00fcletettet, akkor nem csup\u00e1n egy csod\u00e1t tesz a sok k\u00f6z\u00fcl, hanem ennek a csod\u00e1nak m\u00e9ly jelent\u00e9se is van. Ez\u00e9rt is t\u00e1rgyalja oly hosszan ezt az esem\u00e9nyt J\u00e1nos evang\u00e9lista.<\/p>\n<p>Maga a vaks\u00e1g utal az emberis\u00e9g vaks\u00e1g\u00e1ra, amely sok\u00e1ig s\u00f6t\u00e9ts\u00e9gben j\u00e1rt, v\u00e1rta a Messi\u00e1st, aki kivezeti \u0151t a s\u00f6t\u00e9ts\u00e9gb\u0151l a vil\u00e1goss\u00e1gra. De nemcsak az emberis\u00e9g j\u00e1rt s\u00f6t\u00e9ts\u00e9gben az \u00d3sz\u00f6vets\u00e9g idej\u00e9n, hanem minden egyes ember. S ez m\u00e9g ma is \u00edgy van. Mert hiszen h\u00e1nyan \u00e9s h\u00e1nyan tengetik \u00e9lt\u00fcket c\u00e9ltalanul, mert \u00fagy \u00e9rzik, hogy olyan ez az \u00e9let mint egy s\u00f6t\u00e9t barlang, melyet n\u00e9h\u00e1nyszor \u00e9n is megtapasztaltam. A B\u00fckkben van ugyanis n\u00e9h\u00e1ny barlang, melyr\u0151l csak a B\u00fckk\u00f6t j\u00f3l ismer\u0151k tudj\u00e1k, hogy merre van. Egy alkalommal \u00e9n is bem\u00e1sztam egy ilyen barlangba. N\u00e9h\u00e1nyszor hason kellett cs\u00faszni egyetlen egy sz\u00e1l zsebl\u00e1mpa f\u00e9ny\u00e9n\u00e9l. Amikor m\u00e1r el\u00e9g m\u00e9lyen bent voltunk egy nagyobbfajta \u00fcregben pihent\u00fcnk meg. Akkor megk\u00eds\u00e9rtett a gondolat. Mi lenne, ha most zsebl\u00e1mp\u00e1nkb\u00f3l hirtelen ki\u00e9gne az \u00e9g\u0151, \u00e9s koroms\u00f6t\u00e9ts\u00e9g borulna r\u00e1nk. Ki tudn\u00e1 merre kell kimenni ebben a koroms\u00f6t\u00e9ts\u00e9gben? \u00d3hatatlanul is beleborzongtam a gondolatba, hogy ez megt\u00f6rt\u00e9nhet.<\/p>\n<p>Sok ember \u00e9lete ilyen, nekiv\u00e1g az \u00e9let s\u00f6t\u00e9t rejtelmeinek an\u00e9lk\u00fcl, hogy a legcsek\u00e9lyebb f\u00e9nyforr\u00e1s rendelkez\u00e9s\u00e9re \u00e1llna. Ilyenkor \u00e9rtelmetlen\u00fcl mered az \u00e9let s\u00f6t\u00e9t \u00e9jszak\u00e1ja ez ember el\u00e9, s \u00f3hatatlanul felmer\u00fcl a k\u00e9rd\u00e9s: mi \u00e9rtelme van az eg\u00e9sznek? Ha val\u00f3ban ilyen s\u00f6t\u00e9t \u00e9s \u00e9rtelmetlen lenne \u00e9let\u00fcnk, akkor az eg\u00e9sz \u00e9l\u0151vil\u00e1gb\u00f3l az ember lenne a legnyomorultabb l\u00e9ny, mert \u00e9rtem\u00e9vel l\u00e1tja l\u00e9t\u00e9nek teljes \u00e9rtelmetlens\u00e9g\u00e9t.<\/p>\n<p>De nem ilyen s\u00f6t\u00e9t az \u00e9let, mert Krisztus, a vil\u00e1g vil\u00e1goss\u00e1ga minden ember sz\u00e1m\u00e1ra felragyogott. S ezt a felragyog\u00e1st gy\u00f6ny\u00f6r\u0171en szeml\u00e9lteti a vakonsz\u00fcletett meggy\u00f3gy\u00edt\u00e1s\u00e1r\u00f3l sz\u00f3l\u00f3 t\u00f6rt\u00e9net.<\/p>\n<p>R\u00f6gt\u00f6n azzal kezd\u0151dik, hogy az apostolok k\u00e9rdik J\u00e9zust: &#8222;Mester, ki v\u00e9tkezett, ez, vagy sz\u00fclei, hogy vakon sz\u00fcletett?&#8221; J\u00e9zus v\u00e1lasza: &#8222;Sem ez, sem sz\u00fclei. Mindez az\u00e9rt van, hogy megnyilv\u00e1nuljanak rajta Isten tettei.&#8221; Vagyis ne azt n\u00e9zz\u00e9tek, hogy mi van az ember m\u00f6g\u00f6tt, hogy mennyi hib\u00e1val, b\u0171nnel tel\u00edtett, az \u00e9lete, hanem azt, hogy mi v\u00e1r az emberre. Mert ha az Isten az igaz b\u0171nb\u00e1nat l\u00e1tt\u00e1n elfelejti azt, ami eddig volt, akkor te is felejtsd el, s kezd v\u00e9gre \u00faj \u00e9letet, kezdj tiszta lappal.<\/p>\n<p>J\u00e9zus meggy\u00f3gy\u00edtja a vakot. Azt v\u00e1rn\u00e1nk, hogy mindenki elismerje: nagy csoda t\u00f6rt\u00e9nt. De ehelyett azt l\u00e1tjuk, hogy mindenki \u00e9rtetlenkedik, kezdve mag\u00e1n a meggy\u00f3gy\u00edtott vakon.<\/p>\n<p>Vannak akik egyenesen t\u00e1mad\u00f3\u00e1ll\u00e1sba helyezkednek: a farizeusok. Nem tudj\u00e1k elfogadni azt, hogy J\u00e9zus megtehet ilyet, mert ha elfogadn\u00e1k, akkor azt is el kellene fogadniuk, hogy J\u00e9zus a Messi\u00e1s. Ehelyett apr\u00f3l\u00e9kos vallat\u00e1sba kezdenek, csakhogy v\u00e9gre valami \u00e9sszer\u0171, sz\u00e1mukra elfogadhat\u00f3 magyar\u00e1zatot tal\u00e1ljanak, s vallat\u00e1sukkal mag\u00e1t a meggy\u00f3gyult vakot is majdhogynem a k\u00e9ts\u00e9gbees\u00e9sbe viszik.<\/p>\n<p>Ma is vannak ilyen emberek, akik nem hajland\u00f3ak elfogadni Istent, J\u00e9zus Krisztust, mert akkor aszerint kellene \u00e9lni\u00fck, amit Isten megk\u00edv\u00e1n t\u0151l\u00fck. De nem el\u00e9g, hogy nem fogadj\u00e1k el, m\u00e9g m\u00e1sokat is igyekeznek elt\u00e9r\u00edteni t\u0151le. Nem hisznek abban, hogy az ember m\u00e1r\u00f3l holnapra Isten seg\u00edts\u00e9g\u00e9vel szak\u00edthat b\u0171n\u00f6s \u00e9let\u00e9vel \u00e9s \u00faj \u00e9letet kezdhet. Azt szeretn\u00e9k, ha az ilyen ember eg\u00e9sz \u00e9let\u00e9re megb\u00e9lyegzett maradna. Mennyivel egyszer\u0171bb lenne \u00edgy a vil\u00e1g, amiben lenn\u00e9nek igazak \u00e9s b\u0171n\u00f6s\u00f6k, s a kett\u0151 k\u00f6z\u00f6tt nem volna lehets\u00e9ges \u00e1tmenet.<\/p>\n<p>Vannak olyan emberek, akik teljesen k\u00f6z\u00f6mb\u00f6sek, mint a meggy\u00f3gy\u00edtott vak sz\u00fclei. Hogyan t\u00f6rt\u00e9nt, ki tette? Nem \u00e9rdekli \u0151ket, k\u00e9rdezz\u00e9k meg fiukat, \u0151k nem v\u00e1llalnak semmi\u00e9rt semmi felel\u0151ss\u00e9get, \u0151k nem hallottak \u00e9s nem l\u00e1ttak semmit. Tal\u00e1n az ilyen k\u00f6z\u00f6mb\u00f6s emberekb\u0151l van a legt\u00f6bb mai vil\u00e1gunkban. Az ilyeneknek ak\u00e1r mellette is \u00f6sszeeshet valaki az utc\u00e1n nem \u00e9rdekli, mert, nem \u0151rz\u0151je \u0151 testv\u00e9r\u00e9nek &#8211; ahogyan m\u00e1r K\u00e1in is mondta a testv\u00e9rgyilkoss\u00e1g elk\u00f6vet\u00e9se ut\u00e1n. Az ilyeneknek ak\u00e1r az orruk el\u0151tt is megjelenhetne az Isten, \u0151k akkor sem hinn\u00e9nek benne, mert a sz\u00fcrke h\u00e9tk\u00f6znapok lapos k\u00e9nyelme t\u00f6bbet \u00e9r sz\u00e1mukra, mint az Isten\u00e9rt v\u00e1llalt nemes \u00e1ldozatok sora.<\/p>\n<p>S vannak emberek, akik tal\u00e1lkoznak a vil\u00e1g vil\u00e1goss\u00e1g\u00e1val, aki megvil\u00e1gos\u00edtja \u00e9let\u00fcket. De a felismer\u00e9s, J\u00e9zus Krisztus megismer\u00e9se nem megy egyik percr\u0151l a m\u00e1sikra. Mert hiszen a meggy\u00f3gy\u00edtott is csak eleinte annyit sejd\u00edt, hogy valami pr\u00f3f\u00e9ta lehet J\u00e9zus. Lassan-lassan vil\u00e1gosodik meg sz\u00e1m\u00e1ra, hogy ki ez a J\u00e9zus. Bizony, Isten \u00e9s J\u00e9zus megismer\u00e9se nem k\u00f6nny\u0171 feladat. Pl\u00e1ne akkor nem k\u00f6nny\u0171, ha csak a saj\u00e1t esz\u00fcnkre hagyatkozva karjuk megismerni \u0151t. Ehhez seg\u00edts\u00e9g\u00fcl kell k\u00e9rni az \u0151 kegyelm\u00e9t, hiszen figyelj\u00fck meg: akkor vil\u00e1gosodik meg a vakonsz\u00fcletett el\u0151tt teljesen, hogy ki J\u00e9zus, amikor m\u00e1sodszor tal\u00e1lkozik vele \u00e9s k\u00e9rdi: &#8222;Ki az az Emberfia, Uram, hogy higgyek benne?&#8221; S J\u00e9zus adja meg a v\u00e9gs\u0151 v\u00e1laszt: &#8222;L\u00e1tod \u0151t, aki veled besz\u00e9l: \u0151 az!&#8221;<\/p>\n<p>Kedves testv\u00e9rek. Gondolkozzunk el, hogy ki nek\u00fcnk J\u00e9zus, hogyan \u00e1llunk hozz\u00e1. Ellens\u00e9gesen, mint a farizeusok, k\u00f6z\u00f6mb\u00f6sen, mint a meggy\u00f3gy\u00edtott sz\u00fclei, vagy k\u00fczdve a mind t\u00f6k\u00e9letesebb megismer\u00e9s\u00e9rt, mint a vakonsz\u00fcletett?<\/p>\n<p>Ha pedig \u00fagy tal\u00e1ln\u00e1nk, hogy nem eg\u00e9szen megfelel\u0151en viszonyulunk J\u00e9zushoz, akkor ne adjuk fel a k\u00fczdelmet: n\u00e1la mindig \u00fajrakezdhet\u00fcnk, an\u00e9lk\u00fcl, hogy sz\u00e1mon k\u00e9rn\u00e9 az elhib\u00e1zott, de ann\u00e1l nagyobb \u00e9s \u0151szint\u00e9bb b\u0171nb\u00e1nattal megb\u00e1nt m\u00faltunkat.<\/p>\n<p>Most a mai vas\u00e1rnap gondolkozzunk el ezen a hossz\u00fa, de ann\u00e1l \u00e9rt\u00e9kesebb \u00e9s t\u00f6bb kincset rejt\u0151 evang\u00e9liumi r\u00e9szen, ha hazamegy\u00fcnk vegy\u00fck el\u0151 \u00fajra ezt a r\u00e9szt \u00e9s komolyan gondolkozzunk el rajta: \u00e9n melyik vagyok a h\u00e1rom k\u00f6z\u00fcl \u00e9s mit kell m\u00e9g tennem? Amen<\/p>\n<p>III. A K\u00d6Z\u00d6SS\u00c9G V\u00c1LASZA<strong>\u00a0<\/strong><\/p>\n<p><strong>Hiszekegy:<\/strong> <em>Testv\u00e9reim, most pedig valljuk meg a hit\u00fcnket: <\/em>HISZEK EGY ISTENBEN, mindenhat\u00f3 Aty\u00e1ban, mennynek \u00e9s f\u00f6ldnek Teremt\u0151j\u00e9ben. \u00c9s J\u00e9zus Krisztusban, az \u0150 egysz\u00fcl\u00f6tt Fi\u00e1ban, a mi Urunkban; aki fogantatott Szentl\u00e9lekt\u0151l, sz\u00fcletett Sz\u0171z M\u00e1ri\u00e1t\u00f3l; szenvedett Poncius Pil\u00e1tus alatt; megfesz\u00edtett\u00e9k, meghalt \u00e9s eltemett\u00e9k. Al\u00e1sz\u00e1llt a poklokra, harmadnapon felt\u00e1madt a halottak k\u00f6z\u00fcl; f\u00f6lment a mennybe, ott \u00fcl a mindenhat\u00f3 Atyaisten jobbj\u00e1n; onnan j\u00f6n el \u00edt\u00e9lni \u00e9l\u0151ket \u00e9s holtakat. Hiszek Szentl\u00e9lekben. Hiszem a katolikus Anyaszentegyh\u00e1zat; a szentek k\u00f6z\u00f6ss\u00e9g\u00e9t, a b\u0171n\u00f6k bocs\u00e1nat\u00e1t; a test felt\u00e1mad\u00e1s\u00e1t \u00e9s az \u00f6r\u00f6k \u00e9letet. \u00c1men.<\/p>\n<p>EGYETEMES K\u00d6NY\u00d6RG\u00c9SEK<\/p>\n<p><strong>El\u0151im\u00e1dkoz\u00f3:<\/strong> K\u00e9rj\u00fck, testv\u00e9reim, mennyei Aty\u00e1nkat, hogy Krisztus vil\u00e1goss\u00e1ga vezessen benn\u00fcnket f\u00f6ldi \u00e9let\u00fcnkben!<\/p>\n<p><strong>Felolvas\u00f3:<\/strong> 1. Add, Urunk, hogy Egyh\u00e1zad a b\u0171n \u00e9s a tudatlans\u00e1g vaks\u00e1g\u00e1t az igaz hit vil\u00e1goss\u00e1g\u00e1val orvosolja!<\/p>\n<p><strong>\u00a0\u00a0\u00a0\u00a0\u00a0\u00a0\u00a0\u00a0\u00a0\u00a0\u00a0 H\u00edvek:<\/strong> K\u00e9r\u00fcnk t\u00e9ged, hallgass meg minket!<\/p>\n<ol start=\"2\">\n<li>Vil\u00e1gos\u00edtsd meg kegyelmeddel a n\u00e9pek vezet\u0151it, hogy tiszt\u00e1n l\u00e1ss\u00e1k, mit kell a k\u00f6z\u00f6ss\u00e9g jav\u00e1ra tenni\u00fck!<\/li>\n<\/ol>\n<p><strong>\u00a0\u00a0\u00a0\u00a0\u00a0\u00a0\u00a0\u00a0\u00a0\u00a0\u00a0 H\u00edvek:<\/strong> K\u00e9r\u00fcnk t\u00e9ged . . .<\/p>\n<ol start=\"3\">\n<li>Vezesd el, Urunk, a nemh\u00edv\u0151ket \u00e9s a k\u00e9telked\u0151ket az evang\u00e9lium vil\u00e1goss\u00e1g\u00e1ra!<\/li>\n<\/ol>\n<p><strong>\u00a0\u00a0\u00a0\u00a0\u00a0\u00a0\u00a0\u00a0\u00a0\u00a0\u00a0 H\u00edvek:<\/strong> K\u00e9r\u00fcnk t\u00e9ged . . .<\/p>\n<ol start=\"4\">\n<li>Gyarap\u00edtsd, Urunk, egyh\u00e1zk\u00f6zs\u00e9g\u00fcnkben a szeretet f\u00e9ny\u00e9t \u00e9s meleg\u00e9t!<\/li>\n<\/ol>\n<p><strong>\u00a0\u00a0\u00a0\u00a0\u00a0\u00a0\u00a0\u00a0\u00a0\u00a0\u00a0 H\u00edvek:<\/strong> K\u00e9r\u00fcnk t\u00e9ged . . .<\/p>\n<ol start=\"5\">\n<li>A nagyb\u00f6jti lelkigyakorlatok nyiss\u00e1k meg szem\u00fcnket szent akaratod felismer\u00e9s\u00e9re!<\/li>\n<\/ol>\n<p><strong>\u00a0\u00a0\u00a0\u00a0\u00a0\u00a0\u00a0\u00a0\u00a0\u00a0\u00a0 H\u00edvek:<\/strong> K\u00e9r\u00fcnk t\u00e9ged . . .<\/p>\n<p><strong>El\u0151im\u00e1dkoz\u00f3:<\/strong> Urunk \u00e9s Isten\u00fcnk! Te vagy a vil\u00e1g Vil\u00e1goss\u00e1ga! Kegyelmed f\u00e9nye oszlassa el lelk\u00fcnkben a b\u0171n s\u00f6t\u00e9ts\u00e9g\u00e9t. Krisztus, a mi Urunk \u00e1ltal.<\/p>\n<p><strong>\u00a0\u00a0\u00a0\u00a0\u00a0\u00a0\u00a0\u00a0\u00a0\u00a0\u00a0 H\u00edvek:<\/strong> \u00c1men.<\/p>\n<p><strong>Miaty\u00e1nk:<\/strong> Most pedig im\u00e1dkozzunk \u00fagy, ahogyan Urunk J\u00e9zus tan\u00edtott minket im\u00e1dkozni: Mi Aty\u00e1nk&#8230;<\/p>\n<ol>\n<li>BEFEJEZ\u0150 SZERTART\u00c1S<\/li>\n<\/ol>\n<p><strong>Lelki \u00e1ldoz\u00e1s<\/strong><\/p>\n<p><em>&#8222;J\u00e9zusom!<\/em> <em>Hiszem, hogy jelen vagy a legm\u00e9lt\u00f3s\u00e1gosabb Olt\u00e1riszents\u00e9gben.<\/em><br \/>\n<em>Mindenn\u00e9l jobban szeretlek, \u00e9s v\u00e1gyom r\u00e1, hogy a lelkembe fogadhassalak.<\/em><br \/>\n<em>Mivel most nem tudlak szents\u00e9gi m\u00f3don magamhoz venni, j\u00f6jj legal\u00e1bb lelki m\u00f3don a sz\u00edvembe!<\/em><\/p>\n<p><em>Magamhoz \u00f6lellek, mintha m\u00e1r ott lenn\u00e9l, \u00e9s teljesen egyes\u00edtem magamat Veled.<\/em><\/p>\n<p><em>Ne engedd, hogy elszakadjak T\u0151led! \u00a0Amen.&#8221;<\/em><\/p>\n<p><em>(R\u00f6vid csend ut\u00e1n)<\/em><\/p>\n<p><strong>\u00c1ldoz\u00e1s ut\u00e1ni k\u00f6ny\u00f6rg\u00e9s: <\/strong><\/p>\n<p>Isten\u00fcnk, te megvil\u00e1gos\u00edtasz minden embert, aki a vil\u00e1gra sz\u00fcletik. K\u00e9r\u00fcnk, ragyogja be sz\u00edv\u00fcnket kegyelmed f\u00e9nye, hogy mindig \u00fagy gondolkodjunk, ahogy hozz\u00e1d m\u00e9lt\u00f3, f\u00f6ls\u00e9gednek kedves, \u00e9s \u0151szint\u00e9n szeress\u00fcnk t\u00e9ged. Krisztus, a mi Urunk \u00e1ltal.<\/p>\n<p><strong>\u00c1ld\u00e1s: <\/strong><em>Most pedig fogadjuk mindannyian az \u00dar \u00e1ld\u00e1s\u00e1t!<\/em><\/p>\n<p>Az Atya +, a Fi\u00fa + \u00e9s a Szentl\u00e9lek + nev\u00e9ben!<\/p>\n<p>\u00c1men.<\/p>\n<p>&nbsp;<\/p>\n<p>\u00c9nek: <em>Hozs. 71,1-3<\/em><\/p>\n<ol>\n<li>Kereszt\u00e9nyek s\u00edrjatok,<\/li>\n<\/ol>\n<p>M\u00e9lyen szomorkodjatok.<\/p>\n<p>Keseregjen minden sz\u00edv,<\/p>\n<p>Aki J\u00e9zus\u00e1hoz h\u00edv.<\/p>\n<ol start=\"2\">\n<li>Nincsen abban irgalom,<\/li>\n<\/ol>\n<p>Hozz\u00e1d buzg\u00f3 f\u00e1jdalom,<\/p>\n<p>Aki t\u00e9ged meg nem sz\u00e1n,<\/p>\n<p>\u00d3 J\u00e9zus, a keresztf\u00e1n.<\/p>\n<ol start=\"3\">\n<li>Szent testednek sebeit,<\/li>\n<\/ol>\n<p>V\u00e9rrel foly\u00f3 k\u00e9keit<\/p>\n<p>Aki l\u00e1tja \u00e9s nem s\u00edr,<\/p>\n<p>\u00c9l\u0151 hittel az nem b\u00edr.<\/p>\n<p>&nbsp;<\/p>\n","protected":false},"excerpt":{"rendered":"<p>+! Kedves H\u00edveink, rendk\u00edv\u00fcli id\u0151k rendk\u00edv\u00fcli megold\u00e1sokat k\u00edv\u00e1nnak. Ez a mostani helyzet is ilyen: nem vehet\u00fcnk k\u00f6z\u00f6s szentmis\u00e9n r\u00e9szt. Ez\u00e9rt azok sz\u00e1m\u00e1ra, akik ig\u00e9nylik, egy igeistentiszteletet \u00e1ll\u00edtottam \u00f6ssze. Arra r\u00e9szt akarnak venni rajta &#8211; csal\u00e1djukkal egy\u00fctt p\u00e9ld\u00e1ul -, azok nyiss\u00e1k ki ezt az oldalt, \u00e9s olvass\u00e1k v\u00e9gig a szertart\u00e1st. Legyen egy el\u0151im\u00e1dkoz\u00f3 (apa, anya is lehet), egy felolvas\u00f3, egy \u00e9nekes, \u00e9s vegyenek \u00fagy r\u00e9szt az igeistentiszteleten, mintha a templomban lenn\u00e9nek! V\u00e9g\u00fcl lelki szent\u00e1ldoz\u00e1shoz is j\u00e1rulhatnak a tegnapel\u0151tti cikk le\u00edr\u00e1sa szerint. \u00c1ld\u00e1sos vas\u00e1rnapot k\u00edv\u00e1nok minden kedves H\u00edvemnek k\u00fcl\u00f6n\u00f6sen azoknak, akik egyed\u00fcl vannak. Isten azonban nem hagy el senkit, \u00e9s a lelkip\u00e1sztorok, illetve a k\u00f6z\u00f6ss\u00e9g\u00fcnk is itt van, im\u00e1dkozunk mindenki\u00e9rt! Lelkip\u00e1sztori szeretettel, Imre atya Stuttgart, 2020. m\u00e1rcius 22. &nbsp; IGEISTENTISZTELET NAGYB\u00d6JT A4. VAS\u00c1RNAPJ\u00c1RA I. BEVEZET\u0150 R\u00c9SZ \u00a0 (El\u0151im\u00e1dkoz\u00f3 &#8211; apa vagy anya pl.): A mai szentmis\u00e9nek \u00edgy sz\u00f3l a kezd\u0151\u00e9neke: Kezd\u0151\u00e9nek: \u00d6rvendezz, Isten n\u00e9pe! Gy\u0171ljetek \u00f6ssze mind, akiknek kedves az \u00dar \u00fcgye. Sz\u00edvb\u0151l \u00f6r\u00fcljetek, akik azel\u0151tt szomorkodtatok. Vigasztal\u00f3djatok meg, mint a gyermek megnyugszik anyja kebel\u00e9n. (V\u00f6. Iz 66,10-11) Kedves Testv\u00e9rek, kezdj\u00fck igeistentisztelet\u00fcnket a Hozsann\u00e1nk 58-as sz\u00e1m\u00fa \u00e9nek\u00e9nek 1-2 szakasz\u00e1val &#8211; Hozs. 58,1-2 1. B\u0171nb\u00e1n\u00f3knak mened\u00e9ke! Tr\u00f3nusodhoz elj\u00f6v\u00fcnk, Ah! mert m\u00e1shol nincs \u00fcdv s b\u00e9ke, J\u00e9zus, irgalmazz nek\u00fcnk. Szenved\u00e9sed dr\u00e1ga \u00e1r\u00e1n V\u00e1ltottad meg \u00e9let\u00fcnk, \u00d3! ne hagyj el minket \u00e1rv\u00e1n, J\u00e9zus, kegyelmezz nek\u00fcnk. \u00a0 Keresztvet\u00e9s: Az Atya, a Fi\u00fa \u00e9s a Szentl\u00e9lek nev\u00e9ben. K\u00f6zgy\u00f3n\u00e1s (El\u0151im\u00e1dkoz\u00f3): Testv\u00e9reim! Miel\u0151tt erre a szent \u00fcnnepre el\u0151\u00edrt olvasm\u00e1nyokat meghallgatn\u00e1nk, vizsg\u00e1ljuk meg lelkiismeret\u00fcnket \u00e9s b\u00e1njuk meg b\u0171neinket, hogy m\u00e9lt\u00f3k\u00e9ppen \u00fcnnepelhess\u00fck az \u00dar szent titkait. GY\u00d3NOM A MINDENHAT\u00d3 ISTENNEK \u00e9s nektek, testv\u00e9reim, hogy sokszor \u00e9s sokat v\u00e9tkeztem, gondolattal, sz\u00f3val, cselekedettel \u00e9s mulaszt\u00e1ssal: \u00e9n v\u00e9tkem, \u00e9n v\u00e9tkem, \u00e9n igen nagy v\u00e9tkem. K\u00e9rem ez\u00e9rt a Boldogs\u00e1gos, mindenkor Szepl\u0151telen Sz\u0171z M\u00e1ri\u00e1t, az \u00f6sszes angyalokat \u00e9s szenteket, \u00e9s titeket, testv\u00e9reim, hogy im\u00e1dkozzatok \u00e9rettem Urunkhoz, Isten\u00fcnkh\u00f6z. Amen. Uram irgalmazz: Uram, irgalmazz! Krisztus kegyelmezz! Uram, irgalmazz!&#8230; <\/p>\n<p><a class=\"readmore\" href=\"https:\/\/stuttgarti-katolikusok.de\/index.php\/igeistentisztelet-nagybojt-4-vasarnapjara\/\">R\u00e9szletek<\/a><\/p>\n","protected":false},"author":3,"featured_media":0,"comment_status":"closed","ping_status":"closed","sticky":false,"template":"","format":"standard","meta":{"footnotes":""},"categories":[66,63],"tags":[],"class_list":["post-19214","post","type-post","status-publish","format-standard","hentry","category-igeistentisztelet","category-vasarnapi-gondolatok"],"yoast_head":"<!-- This site is optimized with the Yoast SEO plugin v27.3 - https:\/\/yoast.com\/product\/yoast-seo-wordpress\/ -->\n<title>Igeistentisztelet nagyb\u00f6jt 4. vas\u00e1rnapj\u00e1ra - Stuttgarti Katolikusok<\/title>\n<meta name=\"robots\" content=\"index, follow, max-snippet:-1, max-image-preview:large, max-video-preview:-1\" \/>\n<link rel=\"canonical\" href=\"https:\/\/stuttgarti-katolikusok.de\/index.php\/igeistentisztelet-nagybojt-4-vasarnapjara\/\" \/>\n<meta property=\"og:locale\" content=\"hu_HU\" \/>\n<meta property=\"og:type\" content=\"article\" \/>\n<meta property=\"og:title\" content=\"Igeistentisztelet nagyb\u00f6jt 4. vas\u00e1rnapj\u00e1ra - Stuttgarti Katolikusok\" \/>\n<meta property=\"og:description\" content=\"+! Kedves H\u00edveink, rendk\u00edv\u00fcli id\u0151k rendk\u00edv\u00fcli megold\u00e1sokat k\u00edv\u00e1nnak. Ez a mostani helyzet is ilyen: nem vehet\u00fcnk k\u00f6z\u00f6s szentmis\u00e9n r\u00e9szt. Ez\u00e9rt azok sz\u00e1m\u00e1ra, akik ig\u00e9nylik, egy igeistentiszteletet \u00e1ll\u00edtottam \u00f6ssze. Arra r\u00e9szt akarnak venni rajta &#8211; csal\u00e1djukkal egy\u00fctt p\u00e9ld\u00e1ul -, azok nyiss\u00e1k ki ezt az oldalt, \u00e9s olvass\u00e1k v\u00e9gig a szertart\u00e1st. Legyen egy el\u0151im\u00e1dkoz\u00f3 (apa, anya is lehet), egy felolvas\u00f3, egy \u00e9nekes, \u00e9s vegyenek \u00fagy r\u00e9szt az igeistentiszteleten, mintha a templomban lenn\u00e9nek! V\u00e9g\u00fcl lelki szent\u00e1ldoz\u00e1shoz is j\u00e1rulhatnak a tegnapel\u0151tti cikk le\u00edr\u00e1sa szerint. \u00c1ld\u00e1sos vas\u00e1rnapot k\u00edv\u00e1nok minden kedves H\u00edvemnek k\u00fcl\u00f6n\u00f6sen azoknak, akik egyed\u00fcl vannak. Isten azonban nem hagy el senkit, \u00e9s a lelkip\u00e1sztorok, illetve a k\u00f6z\u00f6ss\u00e9g\u00fcnk is itt van, im\u00e1dkozunk mindenki\u00e9rt! Lelkip\u00e1sztori szeretettel, Imre atya Stuttgart, 2020. m\u00e1rcius 22. &nbsp; IGEISTENTISZTELET NAGYB\u00d6JT A4. VAS\u00c1RNAPJ\u00c1RA I. BEVEZET\u0150 R\u00c9SZ \u00a0 (El\u0151im\u00e1dkoz\u00f3 &#8211; apa vagy anya pl.): A mai szentmis\u00e9nek \u00edgy sz\u00f3l a kezd\u0151\u00e9neke: Kezd\u0151\u00e9nek: \u00d6rvendezz, Isten n\u00e9pe! Gy\u0171ljetek \u00f6ssze mind, akiknek kedves az \u00dar \u00fcgye. Sz\u00edvb\u0151l \u00f6r\u00fcljetek, akik azel\u0151tt szomorkodtatok. Vigasztal\u00f3djatok meg, mint a gyermek megnyugszik anyja kebel\u00e9n. (V\u00f6. Iz 66,10-11) Kedves Testv\u00e9rek, kezdj\u00fck igeistentisztelet\u00fcnket a Hozsann\u00e1nk 58-as sz\u00e1m\u00fa \u00e9nek\u00e9nek 1-2 szakasz\u00e1val &#8211; Hozs. 58,1-2 1. B\u0171nb\u00e1n\u00f3knak mened\u00e9ke! Tr\u00f3nusodhoz elj\u00f6v\u00fcnk, Ah! mert m\u00e1shol nincs \u00fcdv s b\u00e9ke, J\u00e9zus, irgalmazz nek\u00fcnk. Szenved\u00e9sed dr\u00e1ga \u00e1r\u00e1n V\u00e1ltottad meg \u00e9let\u00fcnk, \u00d3! ne hagyj el minket \u00e1rv\u00e1n, J\u00e9zus, kegyelmezz nek\u00fcnk. \u00a0 Keresztvet\u00e9s: Az Atya, a Fi\u00fa \u00e9s a Szentl\u00e9lek nev\u00e9ben. K\u00f6zgy\u00f3n\u00e1s (El\u0151im\u00e1dkoz\u00f3): Testv\u00e9reim! Miel\u0151tt erre a szent \u00fcnnepre el\u0151\u00edrt olvasm\u00e1nyokat meghallgatn\u00e1nk, vizsg\u00e1ljuk meg lelkiismeret\u00fcnket \u00e9s b\u00e1njuk meg b\u0171neinket, hogy m\u00e9lt\u00f3k\u00e9ppen \u00fcnnepelhess\u00fck az \u00dar szent titkait. GY\u00d3NOM A MINDENHAT\u00d3 ISTENNEK \u00e9s nektek, testv\u00e9reim, hogy sokszor \u00e9s sokat v\u00e9tkeztem, gondolattal, sz\u00f3val, cselekedettel \u00e9s mulaszt\u00e1ssal: \u00e9n v\u00e9tkem, \u00e9n v\u00e9tkem, \u00e9n igen nagy v\u00e9tkem. K\u00e9rem ez\u00e9rt a Boldogs\u00e1gos, mindenkor Szepl\u0151telen Sz\u0171z M\u00e1ri\u00e1t, az \u00f6sszes angyalokat \u00e9s szenteket, \u00e9s titeket, testv\u00e9reim, hogy im\u00e1dkozzatok \u00e9rettem Urunkhoz, Isten\u00fcnkh\u00f6z. Amen. Uram irgalmazz: Uram, irgalmazz! Krisztus kegyelmezz! Uram, irgalmazz!... R\u00e9szletek\" \/>\n<meta property=\"og:url\" content=\"https:\/\/stuttgarti-katolikusok.de\/index.php\/igeistentisztelet-nagybojt-4-vasarnapjara\/\" \/>\n<meta property=\"og:site_name\" content=\"Stuttgarti Katolikusok\" \/>\n<meta property=\"article:published_time\" content=\"2020-03-21T12:27:13+00:00\" \/>\n<meta property=\"article:modified_time\" content=\"2020-04-27T08:22:18+00:00\" \/>\n<meta name=\"author\" content=\"Tibor atya\" \/>\n<meta name=\"twitter:card\" content=\"summary_large_image\" \/>\n<meta name=\"twitter:label1\" content=\"Szerz\u0151:\" \/>\n\t<meta name=\"twitter:data1\" content=\"Tibor atya\" \/>\n\t<meta name=\"twitter:label2\" content=\"Becs\u00fclt olvas\u00e1si id\u0151\" \/>\n\t<meta name=\"twitter:data2\" content=\"17 perc\" \/>\n<script type=\"application\/ld+json\" class=\"yoast-schema-graph\">{\"@context\":\"https:\\\/\\\/schema.org\",\"@graph\":[{\"@type\":\"Article\",\"@id\":\"https:\\\/\\\/stuttgarti-katolikusok.de\\\/index.php\\\/igeistentisztelet-nagybojt-4-vasarnapjara\\\/#article\",\"isPartOf\":{\"@id\":\"https:\\\/\\\/stuttgarti-katolikusok.de\\\/index.php\\\/igeistentisztelet-nagybojt-4-vasarnapjara\\\/\"},\"author\":{\"name\":\"Tibor atya\",\"@id\":\"https:\\\/\\\/stuttgarti-katolikusok.de\\\/#\\\/schema\\\/person\\\/75908d6f8fdc03a57889d27209df7795\"},\"headline\":\"Igeistentisztelet nagyb\u00f6jt 4. vas\u00e1rnapj\u00e1ra\",\"datePublished\":\"2020-03-21T12:27:13+00:00\",\"dateModified\":\"2020-04-27T08:22:18+00:00\",\"mainEntityOfPage\":{\"@id\":\"https:\\\/\\\/stuttgarti-katolikusok.de\\\/index.php\\\/igeistentisztelet-nagybojt-4-vasarnapjara\\\/\"},\"wordCount\":3344,\"articleSection\":[\"igeistentisztelet\",\"Vas\u00e1rnapi gondolatok\"],\"inLanguage\":\"hu\"},{\"@type\":\"WebPage\",\"@id\":\"https:\\\/\\\/stuttgarti-katolikusok.de\\\/index.php\\\/igeistentisztelet-nagybojt-4-vasarnapjara\\\/\",\"url\":\"https:\\\/\\\/stuttgarti-katolikusok.de\\\/index.php\\\/igeistentisztelet-nagybojt-4-vasarnapjara\\\/\",\"name\":\"Igeistentisztelet nagyb\u00f6jt 4. vas\u00e1rnapj\u00e1ra - Stuttgarti Katolikusok\",\"isPartOf\":{\"@id\":\"https:\\\/\\\/stuttgarti-katolikusok.de\\\/#website\"},\"datePublished\":\"2020-03-21T12:27:13+00:00\",\"dateModified\":\"2020-04-27T08:22:18+00:00\",\"author\":{\"@id\":\"https:\\\/\\\/stuttgarti-katolikusok.de\\\/#\\\/schema\\\/person\\\/75908d6f8fdc03a57889d27209df7795\"},\"breadcrumb\":{\"@id\":\"https:\\\/\\\/stuttgarti-katolikusok.de\\\/index.php\\\/igeistentisztelet-nagybojt-4-vasarnapjara\\\/#breadcrumb\"},\"inLanguage\":\"hu\",\"potentialAction\":[{\"@type\":\"ReadAction\",\"target\":[\"https:\\\/\\\/stuttgarti-katolikusok.de\\\/index.php\\\/igeistentisztelet-nagybojt-4-vasarnapjara\\\/\"]}]},{\"@type\":\"BreadcrumbList\",\"@id\":\"https:\\\/\\\/stuttgarti-katolikusok.de\\\/index.php\\\/igeistentisztelet-nagybojt-4-vasarnapjara\\\/#breadcrumb\",\"itemListElement\":[{\"@type\":\"ListItem\",\"position\":1,\"name\":\"Kezd\u0151lap\",\"item\":\"https:\\\/\\\/stuttgarti-katolikusok.de\\\/\"},{\"@type\":\"ListItem\",\"position\":2,\"name\":\"Igeistentisztelet nagyb\u00f6jt 4. vas\u00e1rnapj\u00e1ra\"}]},{\"@type\":\"WebSite\",\"@id\":\"https:\\\/\\\/stuttgarti-katolikusok.de\\\/#website\",\"url\":\"https:\\\/\\\/stuttgarti-katolikusok.de\\\/\",\"name\":\"Stuttgarti Katolikusok\",\"description\":\"\",\"potentialAction\":[{\"@type\":\"SearchAction\",\"target\":{\"@type\":\"EntryPoint\",\"urlTemplate\":\"https:\\\/\\\/stuttgarti-katolikusok.de\\\/?s={search_term_string}\"},\"query-input\":{\"@type\":\"PropertyValueSpecification\",\"valueRequired\":true,\"valueName\":\"search_term_string\"}}],\"inLanguage\":\"hu\"},{\"@type\":\"Person\",\"@id\":\"https:\\\/\\\/stuttgarti-katolikusok.de\\\/#\\\/schema\\\/person\\\/75908d6f8fdc03a57889d27209df7795\",\"name\":\"Tibor atya\",\"image\":{\"@type\":\"ImageObject\",\"inLanguage\":\"hu\",\"@id\":\"https:\\\/\\\/secure.gravatar.com\\\/avatar\\\/61d268e57d1f4525b111222e29d2d5a7f8c420fdbf231ba5566a8ceac74fa960?s=96&d=mm&r=g\",\"url\":\"https:\\\/\\\/secure.gravatar.com\\\/avatar\\\/61d268e57d1f4525b111222e29d2d5a7f8c420fdbf231ba5566a8ceac74fa960?s=96&d=mm&r=g\",\"contentUrl\":\"https:\\\/\\\/secure.gravatar.com\\\/avatar\\\/61d268e57d1f4525b111222e29d2d5a7f8c420fdbf231ba5566a8ceac74fa960?s=96&d=mm&r=g\",\"caption\":\"Tibor atya\"},\"url\":\"https:\\\/\\\/stuttgarti-katolikusok.de\\\/index.php\\\/author\\\/tibor-atya\\\/\"}]}<\/script>\n<!-- \/ Yoast SEO plugin. -->","yoast_head_json":{"title":"Igeistentisztelet nagyb\u00f6jt 4. vas\u00e1rnapj\u00e1ra - Stuttgarti Katolikusok","robots":{"index":"index","follow":"follow","max-snippet":"max-snippet:-1","max-image-preview":"max-image-preview:large","max-video-preview":"max-video-preview:-1"},"canonical":"https:\/\/stuttgarti-katolikusok.de\/index.php\/igeistentisztelet-nagybojt-4-vasarnapjara\/","og_locale":"hu_HU","og_type":"article","og_title":"Igeistentisztelet nagyb\u00f6jt 4. vas\u00e1rnapj\u00e1ra - Stuttgarti Katolikusok","og_description":"+! Kedves H\u00edveink, rendk\u00edv\u00fcli id\u0151k rendk\u00edv\u00fcli megold\u00e1sokat k\u00edv\u00e1nnak. Ez a mostani helyzet is ilyen: nem vehet\u00fcnk k\u00f6z\u00f6s szentmis\u00e9n r\u00e9szt. Ez\u00e9rt azok sz\u00e1m\u00e1ra, akik ig\u00e9nylik, egy igeistentiszteletet \u00e1ll\u00edtottam \u00f6ssze. Arra r\u00e9szt akarnak venni rajta &#8211; csal\u00e1djukkal egy\u00fctt p\u00e9ld\u00e1ul -, azok nyiss\u00e1k ki ezt az oldalt, \u00e9s olvass\u00e1k v\u00e9gig a szertart\u00e1st. Legyen egy el\u0151im\u00e1dkoz\u00f3 (apa, anya is lehet), egy felolvas\u00f3, egy \u00e9nekes, \u00e9s vegyenek \u00fagy r\u00e9szt az igeistentiszteleten, mintha a templomban lenn\u00e9nek! V\u00e9g\u00fcl lelki szent\u00e1ldoz\u00e1shoz is j\u00e1rulhatnak a tegnapel\u0151tti cikk le\u00edr\u00e1sa szerint. \u00c1ld\u00e1sos vas\u00e1rnapot k\u00edv\u00e1nok minden kedves H\u00edvemnek k\u00fcl\u00f6n\u00f6sen azoknak, akik egyed\u00fcl vannak. Isten azonban nem hagy el senkit, \u00e9s a lelkip\u00e1sztorok, illetve a k\u00f6z\u00f6ss\u00e9g\u00fcnk is itt van, im\u00e1dkozunk mindenki\u00e9rt! Lelkip\u00e1sztori szeretettel, Imre atya Stuttgart, 2020. m\u00e1rcius 22. &nbsp; IGEISTENTISZTELET NAGYB\u00d6JT A4. VAS\u00c1RNAPJ\u00c1RA I. BEVEZET\u0150 R\u00c9SZ \u00a0 (El\u0151im\u00e1dkoz\u00f3 &#8211; apa vagy anya pl.): A mai szentmis\u00e9nek \u00edgy sz\u00f3l a kezd\u0151\u00e9neke: Kezd\u0151\u00e9nek: \u00d6rvendezz, Isten n\u00e9pe! Gy\u0171ljetek \u00f6ssze mind, akiknek kedves az \u00dar \u00fcgye. Sz\u00edvb\u0151l \u00f6r\u00fcljetek, akik azel\u0151tt szomorkodtatok. Vigasztal\u00f3djatok meg, mint a gyermek megnyugszik anyja kebel\u00e9n. (V\u00f6. Iz 66,10-11) Kedves Testv\u00e9rek, kezdj\u00fck igeistentisztelet\u00fcnket a Hozsann\u00e1nk 58-as sz\u00e1m\u00fa \u00e9nek\u00e9nek 1-2 szakasz\u00e1val &#8211; Hozs. 58,1-2 1. B\u0171nb\u00e1n\u00f3knak mened\u00e9ke! Tr\u00f3nusodhoz elj\u00f6v\u00fcnk, Ah! mert m\u00e1shol nincs \u00fcdv s b\u00e9ke, J\u00e9zus, irgalmazz nek\u00fcnk. Szenved\u00e9sed dr\u00e1ga \u00e1r\u00e1n V\u00e1ltottad meg \u00e9let\u00fcnk, \u00d3! ne hagyj el minket \u00e1rv\u00e1n, J\u00e9zus, kegyelmezz nek\u00fcnk. \u00a0 Keresztvet\u00e9s: Az Atya, a Fi\u00fa \u00e9s a Szentl\u00e9lek nev\u00e9ben. K\u00f6zgy\u00f3n\u00e1s (El\u0151im\u00e1dkoz\u00f3): Testv\u00e9reim! Miel\u0151tt erre a szent \u00fcnnepre el\u0151\u00edrt olvasm\u00e1nyokat meghallgatn\u00e1nk, vizsg\u00e1ljuk meg lelkiismeret\u00fcnket \u00e9s b\u00e1njuk meg b\u0171neinket, hogy m\u00e9lt\u00f3k\u00e9ppen \u00fcnnepelhess\u00fck az \u00dar szent titkait. GY\u00d3NOM A MINDENHAT\u00d3 ISTENNEK \u00e9s nektek, testv\u00e9reim, hogy sokszor \u00e9s sokat v\u00e9tkeztem, gondolattal, sz\u00f3val, cselekedettel \u00e9s mulaszt\u00e1ssal: \u00e9n v\u00e9tkem, \u00e9n v\u00e9tkem, \u00e9n igen nagy v\u00e9tkem. K\u00e9rem ez\u00e9rt a Boldogs\u00e1gos, mindenkor Szepl\u0151telen Sz\u0171z M\u00e1ri\u00e1t, az \u00f6sszes angyalokat \u00e9s szenteket, \u00e9s titeket, testv\u00e9reim, hogy im\u00e1dkozzatok \u00e9rettem Urunkhoz, Isten\u00fcnkh\u00f6z. Amen. Uram irgalmazz: Uram, irgalmazz! Krisztus kegyelmezz! Uram, irgalmazz!... R\u00e9szletek","og_url":"https:\/\/stuttgarti-katolikusok.de\/index.php\/igeistentisztelet-nagybojt-4-vasarnapjara\/","og_site_name":"Stuttgarti Katolikusok","article_published_time":"2020-03-21T12:27:13+00:00","article_modified_time":"2020-04-27T08:22:18+00:00","author":"Tibor atya","twitter_card":"summary_large_image","twitter_misc":{"Szerz\u0151:":"Tibor atya","Becs\u00fclt olvas\u00e1si id\u0151":"17 perc"},"schema":{"@context":"https:\/\/schema.org","@graph":[{"@type":"Article","@id":"https:\/\/stuttgarti-katolikusok.de\/index.php\/igeistentisztelet-nagybojt-4-vasarnapjara\/#article","isPartOf":{"@id":"https:\/\/stuttgarti-katolikusok.de\/index.php\/igeistentisztelet-nagybojt-4-vasarnapjara\/"},"author":{"name":"Tibor atya","@id":"https:\/\/stuttgarti-katolikusok.de\/#\/schema\/person\/75908d6f8fdc03a57889d27209df7795"},"headline":"Igeistentisztelet nagyb\u00f6jt 4. vas\u00e1rnapj\u00e1ra","datePublished":"2020-03-21T12:27:13+00:00","dateModified":"2020-04-27T08:22:18+00:00","mainEntityOfPage":{"@id":"https:\/\/stuttgarti-katolikusok.de\/index.php\/igeistentisztelet-nagybojt-4-vasarnapjara\/"},"wordCount":3344,"articleSection":["igeistentisztelet","Vas\u00e1rnapi gondolatok"],"inLanguage":"hu"},{"@type":"WebPage","@id":"https:\/\/stuttgarti-katolikusok.de\/index.php\/igeistentisztelet-nagybojt-4-vasarnapjara\/","url":"https:\/\/stuttgarti-katolikusok.de\/index.php\/igeistentisztelet-nagybojt-4-vasarnapjara\/","name":"Igeistentisztelet nagyb\u00f6jt 4. vas\u00e1rnapj\u00e1ra - Stuttgarti Katolikusok","isPartOf":{"@id":"https:\/\/stuttgarti-katolikusok.de\/#website"},"datePublished":"2020-03-21T12:27:13+00:00","dateModified":"2020-04-27T08:22:18+00:00","author":{"@id":"https:\/\/stuttgarti-katolikusok.de\/#\/schema\/person\/75908d6f8fdc03a57889d27209df7795"},"breadcrumb":{"@id":"https:\/\/stuttgarti-katolikusok.de\/index.php\/igeistentisztelet-nagybojt-4-vasarnapjara\/#breadcrumb"},"inLanguage":"hu","potentialAction":[{"@type":"ReadAction","target":["https:\/\/stuttgarti-katolikusok.de\/index.php\/igeistentisztelet-nagybojt-4-vasarnapjara\/"]}]},{"@type":"BreadcrumbList","@id":"https:\/\/stuttgarti-katolikusok.de\/index.php\/igeistentisztelet-nagybojt-4-vasarnapjara\/#breadcrumb","itemListElement":[{"@type":"ListItem","position":1,"name":"Kezd\u0151lap","item":"https:\/\/stuttgarti-katolikusok.de\/"},{"@type":"ListItem","position":2,"name":"Igeistentisztelet nagyb\u00f6jt 4. vas\u00e1rnapj\u00e1ra"}]},{"@type":"WebSite","@id":"https:\/\/stuttgarti-katolikusok.de\/#website","url":"https:\/\/stuttgarti-katolikusok.de\/","name":"Stuttgarti Katolikusok","description":"","potentialAction":[{"@type":"SearchAction","target":{"@type":"EntryPoint","urlTemplate":"https:\/\/stuttgarti-katolikusok.de\/?s={search_term_string}"},"query-input":{"@type":"PropertyValueSpecification","valueRequired":true,"valueName":"search_term_string"}}],"inLanguage":"hu"},{"@type":"Person","@id":"https:\/\/stuttgarti-katolikusok.de\/#\/schema\/person\/75908d6f8fdc03a57889d27209df7795","name":"Tibor atya","image":{"@type":"ImageObject","inLanguage":"hu","@id":"https:\/\/secure.gravatar.com\/avatar\/61d268e57d1f4525b111222e29d2d5a7f8c420fdbf231ba5566a8ceac74fa960?s=96&d=mm&r=g","url":"https:\/\/secure.gravatar.com\/avatar\/61d268e57d1f4525b111222e29d2d5a7f8c420fdbf231ba5566a8ceac74fa960?s=96&d=mm&r=g","contentUrl":"https:\/\/secure.gravatar.com\/avatar\/61d268e57d1f4525b111222e29d2d5a7f8c420fdbf231ba5566a8ceac74fa960?s=96&d=mm&r=g","caption":"Tibor atya"},"url":"https:\/\/stuttgarti-katolikusok.de\/index.php\/author\/tibor-atya\/"}]}},"_links":{"self":[{"href":"https:\/\/stuttgarti-katolikusok.de\/index.php\/wp-json\/wp\/v2\/posts\/19214","targetHints":{"allow":["GET"]}}],"collection":[{"href":"https:\/\/stuttgarti-katolikusok.de\/index.php\/wp-json\/wp\/v2\/posts"}],"about":[{"href":"https:\/\/stuttgarti-katolikusok.de\/index.php\/wp-json\/wp\/v2\/types\/post"}],"author":[{"embeddable":true,"href":"https:\/\/stuttgarti-katolikusok.de\/index.php\/wp-json\/wp\/v2\/users\/3"}],"replies":[{"embeddable":true,"href":"https:\/\/stuttgarti-katolikusok.de\/index.php\/wp-json\/wp\/v2\/comments?post=19214"}],"version-history":[{"count":2,"href":"https:\/\/stuttgarti-katolikusok.de\/index.php\/wp-json\/wp\/v2\/posts\/19214\/revisions"}],"predecessor-version":[{"id":19222,"href":"https:\/\/stuttgarti-katolikusok.de\/index.php\/wp-json\/wp\/v2\/posts\/19214\/revisions\/19222"}],"wp:attachment":[{"href":"https:\/\/stuttgarti-katolikusok.de\/index.php\/wp-json\/wp\/v2\/media?parent=19214"}],"wp:term":[{"taxonomy":"category","embeddable":true,"href":"https:\/\/stuttgarti-katolikusok.de\/index.php\/wp-json\/wp\/v2\/categories?post=19214"},{"taxonomy":"post_tag","embeddable":true,"href":"https:\/\/stuttgarti-katolikusok.de\/index.php\/wp-json\/wp\/v2\/tags?post=19214"}],"curies":[{"name":"wp","href":"https:\/\/api.w.org\/{rel}","templated":true}]}}