{"id":19208,"date":"2020-03-20T08:28:29","date_gmt":"2020-03-20T08:28:29","guid":{"rendered":"https:\/\/gracious-dewdney.138-201-221-2.plesk.page\/?p=19208"},"modified":"2020-03-20T08:31:40","modified_gmt":"2020-03-20T08:31:40","slug":"bibliakor-skypon-ma-este-19-00-orakor","status":"publish","type":"post","link":"https:\/\/stuttgarti-katolikusok.de\/index.php\/bibliakor-skypon-ma-este-19-00-orakor\/","title":{"rendered":"Bibliak\u00f6r skypon ma este 19.00 \u00f3rakor"},"content":{"rendered":"<p><strong>B I B L I A K \u00d6 R<\/strong><\/p>\n<p><strong>\u201eVedd \u00e9s olvasd\u201c<\/strong><\/p>\n<ol start=\"2020\">\n<li><strong> m\u00e1rcius 20-\u00e1n <\/strong><\/li>\n<\/ol>\n<p><strong>19.00 \u00f3rakor <\/strong><\/p>\n<p><strong><u>S k y p o n\u00a0 kereszt\u00fcl!<\/u><\/strong><\/p>\n<p>&nbsp;<\/p>\n<p>Aki szeretne r\u00e9szt venni rajta, az jelentkezzen n\u00e1lam.<\/p>\n<p>Skyp-c\u00edmem: \u00a0anniko benedek<\/p>\n<p>Ha nem boldogultok a program telep\u00edt\u00e9s\u00e9vel, akkor \u00edrjatok az e-mail c\u00edmemre: <a href=\"mailto:benedek-anniko-noemi@t-online.de\">benedek-anniko-noemi@t-online.de<\/a><\/p>\n<p>El\u0151ad\u00f3: Imre atya<\/p>\n<p>T\u00e9ma: <strong>J\u00e9zus, Sir\u00e1k k\u00f6nyve<\/strong> (folytat\u00e1s): Sir 32, 14-24<\/p>\n<p>&nbsp;<\/p>\n<p><em>\u201eDr\u00e1ga J\u00e9zus, \u00e9gb\u0151l hoztad szent vall\u00e1sunk tanait.<\/em><\/p>\n<p><em>\u00c9gi, f\u00f6ldi sorsunk fel\u0151l szent Bibli\u00e1d megtan\u00edt.<\/em><\/p>\n<p><em>J\u00e1mbor aty\u00e1k tan\u00edt\u00e1sa sz\u00edv\u00fcnkben most megfogan.<\/em><\/p>\n<p><em>Ha az \u00e9g b\u00e1r b\u00e9borul, \u00e9l\u00fcnk azt\u00e1n j\u00e1mborul.<\/em><\/p>\n<p><em>Hit\u00fcnk szerint boldogan.\u201c<\/em><\/p>\n<p>Ezekkel a gondolatokkal h\u00edvlak benneteket szeretettel arra, hogy a Szent\u00edr\u00e1st egy\u00fctt olvassuk, r\u00f3la egy\u00fctt elm\u00e9lkedj\u00fcnk \u00e9s besz\u00e9lgess\u00fcnk.<\/p>\n<p>Anniko<\/p>\n<p>&nbsp;<\/p>\n<p>&nbsp;<\/p>\n","protected":false},"excerpt":{"rendered":"<p>B I B L I A K \u00d6 R \u201eVedd \u00e9s olvasd\u201c m\u00e1rcius 20-\u00e1n 19.00 \u00f3rakor S k y p o n\u00a0 kereszt\u00fcl! &nbsp; Aki szeretne r\u00e9szt venni rajta, az jelentkezzen n\u00e1lam. Skyp-c\u00edmem: \u00a0anniko benedek Ha nem boldogultok a program telep\u00edt\u00e9s\u00e9vel, akkor \u00edrjatok az e-mail c\u00edmemre: benedek-anniko-noemi@t-online.de El\u0151ad\u00f3: Imre atya T\u00e9ma: J\u00e9zus, Sir\u00e1k k\u00f6nyve (folytat\u00e1s): Sir 32, 14-24 &nbsp; \u201eDr\u00e1ga J\u00e9zus, \u00e9gb\u0151l hoztad szent vall\u00e1sunk tanait. \u00c9gi, f\u00f6ldi sorsunk fel\u0151l szent Bibli\u00e1d megtan\u00edt. J\u00e1mbor aty\u00e1k tan\u00edt\u00e1sa sz\u00edv\u00fcnkben most megfogan. Ha az \u00e9g b\u00e1r b\u00e9borul, \u00e9l\u00fcnk azt\u00e1n j\u00e1mborul. Hit\u00fcnk szerint boldogan.\u201c Ezekkel a gondolatokkal h\u00edvlak benneteket szeretettel arra, hogy a Szent\u00edr\u00e1st egy\u00fctt olvassuk, r\u00f3la egy\u00fctt elm\u00e9lkedj\u00fcnk \u00e9s besz\u00e9lgess\u00fcnk. Anniko &nbsp; &nbsp;<\/p>\n","protected":false},"author":3,"featured_media":19209,"comment_status":"closed","ping_status":"closed","sticky":false,"template":"","format":"standard","meta":{"footnotes":""},"categories":[33],"tags":[],"class_list":["post-19208","post","type-post","status-publish","format-standard","has-post-thumbnail","hentry","category-bibliakor"],"yoast_head":"<!-- This site is optimized with the Yoast SEO plugin v27.3 - https:\/\/yoast.com\/product\/yoast-seo-wordpress\/ -->\n<title>Bibliak\u00f6r skypon ma este 19.00 \u00f3rakor - Stuttgarti Katolikusok<\/title>\n<meta name=\"robots\" content=\"index, follow, max-snippet:-1, max-image-preview:large, max-video-preview:-1\" \/>\n<link rel=\"canonical\" href=\"https:\/\/stuttgarti-katolikusok.de\/index.php\/bibliakor-skypon-ma-este-19-00-orakor\/\" \/>\n<meta property=\"og:locale\" content=\"hu_HU\" \/>\n<meta property=\"og:type\" content=\"article\" \/>\n<meta property=\"og:title\" content=\"Bibliak\u00f6r skypon ma este 19.00 \u00f3rakor - Stuttgarti Katolikusok\" \/>\n<meta property=\"og:description\" content=\"B I B L I A K \u00d6 R \u201eVedd \u00e9s olvasd\u201c m\u00e1rcius 20-\u00e1n 19.00 \u00f3rakor S k y p o n\u00a0 kereszt\u00fcl! &nbsp; Aki szeretne r\u00e9szt venni rajta, az jelentkezzen n\u00e1lam. Skyp-c\u00edmem: \u00a0anniko benedek Ha nem boldogultok a program telep\u00edt\u00e9s\u00e9vel, akkor \u00edrjatok az e-mail c\u00edmemre: benedek-anniko-noemi@t-online.de El\u0151ad\u00f3: Imre atya T\u00e9ma: J\u00e9zus, Sir\u00e1k k\u00f6nyve (folytat\u00e1s): Sir 32, 14-24 &nbsp; \u201eDr\u00e1ga J\u00e9zus, \u00e9gb\u0151l hoztad szent vall\u00e1sunk tanait. \u00c9gi, f\u00f6ldi sorsunk fel\u0151l szent Bibli\u00e1d megtan\u00edt. J\u00e1mbor aty\u00e1k tan\u00edt\u00e1sa sz\u00edv\u00fcnkben most megfogan. Ha az \u00e9g b\u00e1r b\u00e9borul, \u00e9l\u00fcnk azt\u00e1n j\u00e1mborul. Hit\u00fcnk szerint boldogan.\u201c Ezekkel a gondolatokkal h\u00edvlak benneteket szeretettel arra, hogy a Szent\u00edr\u00e1st egy\u00fctt olvassuk, r\u00f3la egy\u00fctt elm\u00e9lkedj\u00fcnk \u00e9s besz\u00e9lgess\u00fcnk. Anniko &nbsp; &nbsp;\" \/>\n<meta property=\"og:url\" content=\"https:\/\/stuttgarti-katolikusok.de\/index.php\/bibliakor-skypon-ma-este-19-00-orakor\/\" \/>\n<meta property=\"og:site_name\" content=\"Stuttgarti Katolikusok\" \/>\n<meta property=\"article:published_time\" content=\"2020-03-20T08:28:29+00:00\" \/>\n<meta property=\"article:modified_time\" content=\"2020-03-20T08:31:40+00:00\" \/>\n<meta property=\"og:image\" content=\"https:\/\/stuttgarti-katolikusok.de\/wp-content\/uploads\/2020\/03\/biblia.jpg\" \/>\n\t<meta property=\"og:image:width\" content=\"149\" \/>\n\t<meta property=\"og:image:height\" content=\"149\" \/>\n\t<meta property=\"og:image:type\" content=\"image\/jpeg\" \/>\n<meta name=\"author\" content=\"Tibor atya\" \/>\n<meta name=\"twitter:card\" content=\"summary_large_image\" \/>\n<meta name=\"twitter:label1\" content=\"Szerz\u0151:\" \/>\n\t<meta name=\"twitter:data1\" content=\"Tibor atya\" \/>\n\t<meta name=\"twitter:label2\" content=\"Becs\u00fclt olvas\u00e1si id\u0151\" \/>\n\t<meta name=\"twitter:data2\" content=\"1 perc\" \/>\n<script type=\"application\/ld+json\" class=\"yoast-schema-graph\">{\"@context\":\"https:\\\/\\\/schema.org\",\"@graph\":[{\"@type\":\"Article\",\"@id\":\"https:\\\/\\\/stuttgarti-katolikusok.de\\\/index.php\\\/bibliakor-skypon-ma-este-19-00-orakor\\\/#article\",\"isPartOf\":{\"@id\":\"https:\\\/\\\/stuttgarti-katolikusok.de\\\/index.php\\\/bibliakor-skypon-ma-este-19-00-orakor\\\/\"},\"author\":{\"name\":\"Tibor atya\",\"@id\":\"https:\\\/\\\/stuttgarti-katolikusok.de\\\/#\\\/schema\\\/person\\\/75908d6f8fdc03a57889d27209df7795\"},\"headline\":\"Bibliak\u00f6r skypon ma este 19.00 \u00f3rakor\",\"datePublished\":\"2020-03-20T08:28:29+00:00\",\"dateModified\":\"2020-03-20T08:31:40+00:00\",\"mainEntityOfPage\":{\"@id\":\"https:\\\/\\\/stuttgarti-katolikusok.de\\\/index.php\\\/bibliakor-skypon-ma-este-19-00-orakor\\\/\"},\"wordCount\":161,\"image\":{\"@id\":\"https:\\\/\\\/stuttgarti-katolikusok.de\\\/index.php\\\/bibliakor-skypon-ma-este-19-00-orakor\\\/#primaryimage\"},\"thumbnailUrl\":\"https:\\\/\\\/stuttgarti-katolikusok.de\\\/wp-content\\\/uploads\\\/2020\\\/03\\\/biblia.jpg\",\"articleSection\":[\"Bibliak\u00f6r\"],\"inLanguage\":\"hu\"},{\"@type\":\"WebPage\",\"@id\":\"https:\\\/\\\/stuttgarti-katolikusok.de\\\/index.php\\\/bibliakor-skypon-ma-este-19-00-orakor\\\/\",\"url\":\"https:\\\/\\\/stuttgarti-katolikusok.de\\\/index.php\\\/bibliakor-skypon-ma-este-19-00-orakor\\\/\",\"name\":\"Bibliak\u00f6r skypon ma este 19.00 \u00f3rakor - Stuttgarti Katolikusok\",\"isPartOf\":{\"@id\":\"https:\\\/\\\/stuttgarti-katolikusok.de\\\/#website\"},\"primaryImageOfPage\":{\"@id\":\"https:\\\/\\\/stuttgarti-katolikusok.de\\\/index.php\\\/bibliakor-skypon-ma-este-19-00-orakor\\\/#primaryimage\"},\"image\":{\"@id\":\"https:\\\/\\\/stuttgarti-katolikusok.de\\\/index.php\\\/bibliakor-skypon-ma-este-19-00-orakor\\\/#primaryimage\"},\"thumbnailUrl\":\"https:\\\/\\\/stuttgarti-katolikusok.de\\\/wp-content\\\/uploads\\\/2020\\\/03\\\/biblia.jpg\",\"datePublished\":\"2020-03-20T08:28:29+00:00\",\"dateModified\":\"2020-03-20T08:31:40+00:00\",\"author\":{\"@id\":\"https:\\\/\\\/stuttgarti-katolikusok.de\\\/#\\\/schema\\\/person\\\/75908d6f8fdc03a57889d27209df7795\"},\"breadcrumb\":{\"@id\":\"https:\\\/\\\/stuttgarti-katolikusok.de\\\/index.php\\\/bibliakor-skypon-ma-este-19-00-orakor\\\/#breadcrumb\"},\"inLanguage\":\"hu\",\"potentialAction\":[{\"@type\":\"ReadAction\",\"target\":[\"https:\\\/\\\/stuttgarti-katolikusok.de\\\/index.php\\\/bibliakor-skypon-ma-este-19-00-orakor\\\/\"]}]},{\"@type\":\"ImageObject\",\"inLanguage\":\"hu\",\"@id\":\"https:\\\/\\\/stuttgarti-katolikusok.de\\\/index.php\\\/bibliakor-skypon-ma-este-19-00-orakor\\\/#primaryimage\",\"url\":\"https:\\\/\\\/stuttgarti-katolikusok.de\\\/wp-content\\\/uploads\\\/2020\\\/03\\\/biblia.jpg\",\"contentUrl\":\"https:\\\/\\\/stuttgarti-katolikusok.de\\\/wp-content\\\/uploads\\\/2020\\\/03\\\/biblia.jpg\",\"width\":149,\"height\":149},{\"@type\":\"BreadcrumbList\",\"@id\":\"https:\\\/\\\/stuttgarti-katolikusok.de\\\/index.php\\\/bibliakor-skypon-ma-este-19-00-orakor\\\/#breadcrumb\",\"itemListElement\":[{\"@type\":\"ListItem\",\"position\":1,\"name\":\"Kezd\u0151lap\",\"item\":\"https:\\\/\\\/stuttgarti-katolikusok.de\\\/\"},{\"@type\":\"ListItem\",\"position\":2,\"name\":\"Bibliak\u00f6r skypon ma este 19.00 \u00f3rakor\"}]},{\"@type\":\"WebSite\",\"@id\":\"https:\\\/\\\/stuttgarti-katolikusok.de\\\/#website\",\"url\":\"https:\\\/\\\/stuttgarti-katolikusok.de\\\/\",\"name\":\"Stuttgarti Katolikusok\",\"description\":\"\",\"potentialAction\":[{\"@type\":\"SearchAction\",\"target\":{\"@type\":\"EntryPoint\",\"urlTemplate\":\"https:\\\/\\\/stuttgarti-katolikusok.de\\\/?s={search_term_string}\"},\"query-input\":{\"@type\":\"PropertyValueSpecification\",\"valueRequired\":true,\"valueName\":\"search_term_string\"}}],\"inLanguage\":\"hu\"},{\"@type\":\"Person\",\"@id\":\"https:\\\/\\\/stuttgarti-katolikusok.de\\\/#\\\/schema\\\/person\\\/75908d6f8fdc03a57889d27209df7795\",\"name\":\"Tibor atya\",\"image\":{\"@type\":\"ImageObject\",\"inLanguage\":\"hu\",\"@id\":\"https:\\\/\\\/secure.gravatar.com\\\/avatar\\\/61d268e57d1f4525b111222e29d2d5a7f8c420fdbf231ba5566a8ceac74fa960?s=96&d=mm&r=g\",\"url\":\"https:\\\/\\\/secure.gravatar.com\\\/avatar\\\/61d268e57d1f4525b111222e29d2d5a7f8c420fdbf231ba5566a8ceac74fa960?s=96&d=mm&r=g\",\"contentUrl\":\"https:\\\/\\\/secure.gravatar.com\\\/avatar\\\/61d268e57d1f4525b111222e29d2d5a7f8c420fdbf231ba5566a8ceac74fa960?s=96&d=mm&r=g\",\"caption\":\"Tibor atya\"},\"url\":\"https:\\\/\\\/stuttgarti-katolikusok.de\\\/index.php\\\/author\\\/tibor-atya\\\/\"}]}<\/script>\n<!-- \/ Yoast SEO plugin. -->","yoast_head_json":{"title":"Bibliak\u00f6r skypon ma este 19.00 \u00f3rakor - Stuttgarti Katolikusok","robots":{"index":"index","follow":"follow","max-snippet":"max-snippet:-1","max-image-preview":"max-image-preview:large","max-video-preview":"max-video-preview:-1"},"canonical":"https:\/\/stuttgarti-katolikusok.de\/index.php\/bibliakor-skypon-ma-este-19-00-orakor\/","og_locale":"hu_HU","og_type":"article","og_title":"Bibliak\u00f6r skypon ma este 19.00 \u00f3rakor - Stuttgarti Katolikusok","og_description":"B I B L I A K \u00d6 R \u201eVedd \u00e9s olvasd\u201c m\u00e1rcius 20-\u00e1n 19.00 \u00f3rakor S k y p o n\u00a0 kereszt\u00fcl! &nbsp; Aki szeretne r\u00e9szt venni rajta, az jelentkezzen n\u00e1lam. Skyp-c\u00edmem: \u00a0anniko benedek Ha nem boldogultok a program telep\u00edt\u00e9s\u00e9vel, akkor \u00edrjatok az e-mail c\u00edmemre: benedek-anniko-noemi@t-online.de El\u0151ad\u00f3: Imre atya T\u00e9ma: J\u00e9zus, Sir\u00e1k k\u00f6nyve (folytat\u00e1s): Sir 32, 14-24 &nbsp; \u201eDr\u00e1ga J\u00e9zus, \u00e9gb\u0151l hoztad szent vall\u00e1sunk tanait. \u00c9gi, f\u00f6ldi sorsunk fel\u0151l szent Bibli\u00e1d megtan\u00edt. J\u00e1mbor aty\u00e1k tan\u00edt\u00e1sa sz\u00edv\u00fcnkben most megfogan. Ha az \u00e9g b\u00e1r b\u00e9borul, \u00e9l\u00fcnk azt\u00e1n j\u00e1mborul. Hit\u00fcnk szerint boldogan.\u201c Ezekkel a gondolatokkal h\u00edvlak benneteket szeretettel arra, hogy a Szent\u00edr\u00e1st egy\u00fctt olvassuk, r\u00f3la egy\u00fctt elm\u00e9lkedj\u00fcnk \u00e9s besz\u00e9lgess\u00fcnk. Anniko &nbsp; &nbsp;","og_url":"https:\/\/stuttgarti-katolikusok.de\/index.php\/bibliakor-skypon-ma-este-19-00-orakor\/","og_site_name":"Stuttgarti Katolikusok","article_published_time":"2020-03-20T08:28:29+00:00","article_modified_time":"2020-03-20T08:31:40+00:00","og_image":[{"width":149,"height":149,"url":"https:\/\/stuttgarti-katolikusok.de\/wp-content\/uploads\/2020\/03\/biblia.jpg","type":"image\/jpeg"}],"author":"Tibor atya","twitter_card":"summary_large_image","twitter_misc":{"Szerz\u0151:":"Tibor atya","Becs\u00fclt olvas\u00e1si id\u0151":"1 perc"},"schema":{"@context":"https:\/\/schema.org","@graph":[{"@type":"Article","@id":"https:\/\/stuttgarti-katolikusok.de\/index.php\/bibliakor-skypon-ma-este-19-00-orakor\/#article","isPartOf":{"@id":"https:\/\/stuttgarti-katolikusok.de\/index.php\/bibliakor-skypon-ma-este-19-00-orakor\/"},"author":{"name":"Tibor atya","@id":"https:\/\/stuttgarti-katolikusok.de\/#\/schema\/person\/75908d6f8fdc03a57889d27209df7795"},"headline":"Bibliak\u00f6r skypon ma este 19.00 \u00f3rakor","datePublished":"2020-03-20T08:28:29+00:00","dateModified":"2020-03-20T08:31:40+00:00","mainEntityOfPage":{"@id":"https:\/\/stuttgarti-katolikusok.de\/index.php\/bibliakor-skypon-ma-este-19-00-orakor\/"},"wordCount":161,"image":{"@id":"https:\/\/stuttgarti-katolikusok.de\/index.php\/bibliakor-skypon-ma-este-19-00-orakor\/#primaryimage"},"thumbnailUrl":"https:\/\/stuttgarti-katolikusok.de\/wp-content\/uploads\/2020\/03\/biblia.jpg","articleSection":["Bibliak\u00f6r"],"inLanguage":"hu"},{"@type":"WebPage","@id":"https:\/\/stuttgarti-katolikusok.de\/index.php\/bibliakor-skypon-ma-este-19-00-orakor\/","url":"https:\/\/stuttgarti-katolikusok.de\/index.php\/bibliakor-skypon-ma-este-19-00-orakor\/","name":"Bibliak\u00f6r skypon ma este 19.00 \u00f3rakor - Stuttgarti Katolikusok","isPartOf":{"@id":"https:\/\/stuttgarti-katolikusok.de\/#website"},"primaryImageOfPage":{"@id":"https:\/\/stuttgarti-katolikusok.de\/index.php\/bibliakor-skypon-ma-este-19-00-orakor\/#primaryimage"},"image":{"@id":"https:\/\/stuttgarti-katolikusok.de\/index.php\/bibliakor-skypon-ma-este-19-00-orakor\/#primaryimage"},"thumbnailUrl":"https:\/\/stuttgarti-katolikusok.de\/wp-content\/uploads\/2020\/03\/biblia.jpg","datePublished":"2020-03-20T08:28:29+00:00","dateModified":"2020-03-20T08:31:40+00:00","author":{"@id":"https:\/\/stuttgarti-katolikusok.de\/#\/schema\/person\/75908d6f8fdc03a57889d27209df7795"},"breadcrumb":{"@id":"https:\/\/stuttgarti-katolikusok.de\/index.php\/bibliakor-skypon-ma-este-19-00-orakor\/#breadcrumb"},"inLanguage":"hu","potentialAction":[{"@type":"ReadAction","target":["https:\/\/stuttgarti-katolikusok.de\/index.php\/bibliakor-skypon-ma-este-19-00-orakor\/"]}]},{"@type":"ImageObject","inLanguage":"hu","@id":"https:\/\/stuttgarti-katolikusok.de\/index.php\/bibliakor-skypon-ma-este-19-00-orakor\/#primaryimage","url":"https:\/\/stuttgarti-katolikusok.de\/wp-content\/uploads\/2020\/03\/biblia.jpg","contentUrl":"https:\/\/stuttgarti-katolikusok.de\/wp-content\/uploads\/2020\/03\/biblia.jpg","width":149,"height":149},{"@type":"BreadcrumbList","@id":"https:\/\/stuttgarti-katolikusok.de\/index.php\/bibliakor-skypon-ma-este-19-00-orakor\/#breadcrumb","itemListElement":[{"@type":"ListItem","position":1,"name":"Kezd\u0151lap","item":"https:\/\/stuttgarti-katolikusok.de\/"},{"@type":"ListItem","position":2,"name":"Bibliak\u00f6r skypon ma este 19.00 \u00f3rakor"}]},{"@type":"WebSite","@id":"https:\/\/stuttgarti-katolikusok.de\/#website","url":"https:\/\/stuttgarti-katolikusok.de\/","name":"Stuttgarti Katolikusok","description":"","potentialAction":[{"@type":"SearchAction","target":{"@type":"EntryPoint","urlTemplate":"https:\/\/stuttgarti-katolikusok.de\/?s={search_term_string}"},"query-input":{"@type":"PropertyValueSpecification","valueRequired":true,"valueName":"search_term_string"}}],"inLanguage":"hu"},{"@type":"Person","@id":"https:\/\/stuttgarti-katolikusok.de\/#\/schema\/person\/75908d6f8fdc03a57889d27209df7795","name":"Tibor atya","image":{"@type":"ImageObject","inLanguage":"hu","@id":"https:\/\/secure.gravatar.com\/avatar\/61d268e57d1f4525b111222e29d2d5a7f8c420fdbf231ba5566a8ceac74fa960?s=96&d=mm&r=g","url":"https:\/\/secure.gravatar.com\/avatar\/61d268e57d1f4525b111222e29d2d5a7f8c420fdbf231ba5566a8ceac74fa960?s=96&d=mm&r=g","contentUrl":"https:\/\/secure.gravatar.com\/avatar\/61d268e57d1f4525b111222e29d2d5a7f8c420fdbf231ba5566a8ceac74fa960?s=96&d=mm&r=g","caption":"Tibor atya"},"url":"https:\/\/stuttgarti-katolikusok.de\/index.php\/author\/tibor-atya\/"}]}},"_links":{"self":[{"href":"https:\/\/stuttgarti-katolikusok.de\/index.php\/wp-json\/wp\/v2\/posts\/19208","targetHints":{"allow":["GET"]}}],"collection":[{"href":"https:\/\/stuttgarti-katolikusok.de\/index.php\/wp-json\/wp\/v2\/posts"}],"about":[{"href":"https:\/\/stuttgarti-katolikusok.de\/index.php\/wp-json\/wp\/v2\/types\/post"}],"author":[{"embeddable":true,"href":"https:\/\/stuttgarti-katolikusok.de\/index.php\/wp-json\/wp\/v2\/users\/3"}],"replies":[{"embeddable":true,"href":"https:\/\/stuttgarti-katolikusok.de\/index.php\/wp-json\/wp\/v2\/comments?post=19208"}],"version-history":[{"count":1,"href":"https:\/\/stuttgarti-katolikusok.de\/index.php\/wp-json\/wp\/v2\/posts\/19208\/revisions"}],"predecessor-version":[{"id":19210,"href":"https:\/\/stuttgarti-katolikusok.de\/index.php\/wp-json\/wp\/v2\/posts\/19208\/revisions\/19210"}],"wp:featuredmedia":[{"embeddable":true,"href":"https:\/\/stuttgarti-katolikusok.de\/index.php\/wp-json\/wp\/v2\/media\/19209"}],"wp:attachment":[{"href":"https:\/\/stuttgarti-katolikusok.de\/index.php\/wp-json\/wp\/v2\/media?parent=19208"}],"wp:term":[{"taxonomy":"category","embeddable":true,"href":"https:\/\/stuttgarti-katolikusok.de\/index.php\/wp-json\/wp\/v2\/categories?post=19208"},{"taxonomy":"post_tag","embeddable":true,"href":"https:\/\/stuttgarti-katolikusok.de\/index.php\/wp-json\/wp\/v2\/tags?post=19208"}],"curies":[{"name":"wp","href":"https:\/\/api.w.org\/{rel}","templated":true}]}}