{"id":19195,"date":"2020-03-18T09:46:45","date_gmt":"2020-03-18T09:46:45","guid":{"rendered":"https:\/\/gracious-dewdney.138-201-221-2.plesk.page\/?p=19195"},"modified":"2020-03-18T09:46:45","modified_gmt":"2020-03-18T09:46:45","slug":"elo-szentmise-kozvetitesek","status":"publish","type":"post","link":"https:\/\/stuttgarti-katolikusok.de\/index.php\/elo-szentmise-kozvetitesek\/","title":{"rendered":"\u00c9l\u0151 szentmise-k\u00f6zvet\u00edt\u00e9sek"},"content":{"rendered":"<p><em>+! Kedves H\u00edveink,<\/em><\/p>\n<p><em>addig is, am\u00edg a mi misek\u00f6zvet\u00edt\u00e9s\u00fcnk is l\u00e9trej\u00f6n, itt hozzuk azokat a helyeket, ahol k\u00f6vethetik az \u00e9l\u0151 szentmise-k\u00f6zvet\u00edt\u00e9seket.<\/em><\/p>\n<p><em>Lelkip\u00e1sztori szeretettel,<\/em><\/p>\n<p><em>Imre atya<\/em><\/p>\n<h1>Hol \u00e9s mikor k\u00f6vethet\u0151 \u00e9l\u0151 szentmise-k\u00f6zvet\u00edt\u00e9s? \u2013 \u00d6sszegy\u0171jt\u00f6tt\u00fck a lehet\u0151s\u00e9geket<\/h1>\n<h3>A koronav\u00edrus-j\u00e1rv\u00e1nyra val\u00f3 tekintettel haz\u00e1nkban is vesz\u00e9lyhelyzet l\u00e9pett \u00e9rv\u00e9nybe. A Magyar Katolikus P\u00fcsp\u00f6ki Konferencia d\u00f6nt\u00e9se nyom\u00e1n a nyilv\u00e1nos liturgi\u00e1k m\u00e1rcius 22-\u00e9t\u0151l elmaradnak. Ez\u00e9rt k\u00fcl\u00f6n\u00f6sen is fontos, hogy naprak\u00e9sz t\u00e1j\u00e9koztat\u00e1st ny\u00fajtsunk a szentmis\u00e9k k\u00f6zvet\u00edt\u00e9s\u00e9r\u0151l, hogy a h\u00edvek meger\u0151s\u00edt\u00e9st, vigasztal\u00e1st \u00e9s b\u00e1tor\u00edt\u00e1st nyerjenek.<\/h3>\n<p>Az al\u00e1bbiakban a teljess\u00e9g ig\u00e9nye n\u00e9lk\u00fcl k\u00f6z\u00f6lj\u00fck, hogy mely magyar nyelv\u0171 szentmise-k\u00f6zvet\u00edt\u00e9sekbe lehet bekapcsol\u00f3dni. Cikk\u00fcnket a nagy \u00e9rdekl\u0151d\u00e9sre tekintettel a be\u00e9rkez\u0151 inform\u00e1ci\u00f3k alapj\u00e1n FOLYAMATOSAN FRISS\u00cdTJ\u00dcK.<\/p>\n<p><u>Napi \u00e9s vas\u00e1rnapi szentmise-k\u00f6zvet\u00edt\u00e9sek<\/u><\/p>\n<p><strong>MTVA<\/strong><\/p>\n<p>M\u00e1rcius 22-\u00e9n nagyb\u00f6jt 4. vas\u00e1rnapi szentmis\u00e9t k\u00f6zvet\u00edtnek 9 \u00f3rakor a <em>Duna TV<\/em>-n az \u00f3budai Szent J\u00f3zsef-templomb\u00f3l. A szentmis\u00e9t bemutatja \u00e9s szentbesz\u00e9det mond F\u00fczes \u00c1d\u00e1m esperes, a Kanter K\u00e1roly Feln\u0151ttk\u00e9pz\u00e9si Int\u00e9zet igazgat\u00f3ja.<\/p>\n<p>M\u00e1rcius 22-t\u0151l a <em>Kossuth R\u00e1di\u00f3<\/em> \u00e1tveszi a Magyar Katolikus R\u00e1di\u00f3 vas\u00e1rnap d\u00e9lel\u0151tti (10 \u00f3ra) misek\u00f6zvet\u00edt\u00e9s\u00e9t.<\/p>\n<p><strong>Apostol TV<\/strong><\/p>\n<p>H\u00e9tf\u0151t\u0151l szombatig 8 \u00e9s 17 \u00f3rakor, vas\u00e1rnap 10 \u00e9s 17 \u00f3rakor.<\/p>\n<p>N\u00e9zhet\u0151 az interneten a <em><a href=\"http:\/\/apostoltv.hu\/\">www.apostoltv.hu<\/a><\/em> oldalon.<\/p>\n<p><strong>EWTN\/Bonum TV<\/strong><\/p>\n<p>Mindennap (magyar nyelven) 8.30: \u00e9l\u0151 k\u00f6zvet\u00edt\u00e9s; 12.00 (ism.), 17.00 (ism.), 20.00 (ism.).<br \/>\nMindennap (angol nyelven) 14.00: EWTN Daily Mass \u2013 \u00e9l\u0151 k\u00f6zvet\u00edt\u00e9s az EWTN k\u00f6zpontj\u00e1b\u00f3l, Alabam\u00e1b\u00f3l (USA).<\/p>\n<p>Megtal\u00e1lhat\u00f3 a nagyobb k\u00e1belszolg\u00e1ltat\u00f3k csatornakioszt\u00e1s\u00e1ban \u00e9s n\u00e9zhet\u0151 az interneten a\u00a0<em><a href=\"https:\/\/katolikus.tv\/\">www.katolikus.tv<\/a><\/em>\u00a0oldalon.<\/p>\n<p><strong>Magyar Katolikus R\u00e1di\u00f3<\/strong><\/p>\n<p>Minden h\u00e9tk\u00f6znap reggel 7 \u00f3rakor, vas\u00e1rnap d\u00e9lel\u0151tt 10 \u00f3rakor<br \/>\nM\u00e1rcius 22-t\u0151l a Kossuth R\u00e1di\u00f3 \u00e1tveszi a katolikus r\u00e1di\u00f3 vas\u00e1rnap d\u00e9lel\u0151tti (10 \u00f3ra) misek\u00f6zvet\u00edt\u00e9s\u00e9t.<br \/>\nHallgathat\u00f3 interneten a <a href=\"https:\/\/www.katolikusradio.hu\/\"><em>www.katolikusradio.hu<\/em> <\/a>honlapon.<\/p>\n<p><strong>Szent Istv\u00e1n R\u00e1di\u00f3, Eger<\/strong><\/p>\n<p>H\u00e9tf\u0151t\u0151l szombatig reggel 7 \u00e9s 17 \u00f3rakor, vas\u00e1rnap d\u00e9lel\u0151tt 10 \u00f3rakor az Egri \u00c9rseki Papnevel\u0151 Int\u00e9zetb\u0151l.<br \/>\nHallgathat\u00f3 interneten a <em><a href=\"https:\/\/szentistvanradio.hu\/\">www.szentistvanradio.hu<\/a> <\/em>honlapon.<\/p>\n<p><strong>M\u00e1ria R\u00e1di\u00f3<\/strong><\/p>\n<p>H\u00e9tk\u00f6znap 9 , szombaton 18 , vas\u00e1rnap 10 \u00f3rakor.<br \/>\nHallgathat\u00f3 az interneten a <em><a href=\"https:\/\/www.mariaradio.hu\/\">www.mariaradio.hu <\/a><\/em>oldalon.<\/p>\n<p><strong>Felvid\u00e9ki M\u00e1ria R\u00e1di\u00f3<\/strong><\/p>\n<p>H\u00e9tk\u00f6znap 15 \u00e9s 18 \u00f3rakor, vas\u00e1rnap 9 \u00f3rakor.<br \/>\nHallgathat\u00f3 az interneten a<em> <a href=\"http:\/\/www.mariaradio.sk\">www.mariaradio.sk<\/a>\u00a0<\/em>oldalon.<\/p>\n<p><strong>Erd\u00e9lyi M\u00e1ria R\u00e1di\u00f3<\/strong><\/p>\n<p>H\u00e9tf\u0151, szerda, p\u00e9ntek: 18 \u00f3ra (magyar id\u0151 szerint 17 \u00f3ra)<br \/>\nKedd, cs\u00fct\u00f6rt\u00f6k, szombat: 8 \u00f3ra (magyar id\u0151 szerint 7 \u00f3ra)<br \/>\nVas\u00e1rnap d\u00e9lel\u0151tt \u00e9s d\u00e9lut\u00e1n<br \/>\nHallgathat\u00f3 interneten a <em><a href=\"http:\/\/www.mariaradio.ro\/\">www.mariaradio.ro<\/a><\/em> honlapon.<\/p>\n<p><strong>G\u00f6r\u00f6gkatolikus M\u00e9diak\u00f6zpont<\/strong><\/p>\n<p>Minden szerd\u00e1n \u00e9s p\u00e9nteken\u00a0 k\u00f6zvet\u00edtenek El\u0151re Megszentelt \u00c1ldozatok Liturgi\u00e1j\u00e1t \u00e9s minden vas\u00e1rnap Szent Liturgi\u00e1t. A pontos id\u0151pontok \u00e9s a k\u00f6zvet\u00edt\u00e9sek a <a href=\"https:\/\/www.facebook.com\/gorogmedia\/\">m\u00e9diak\u00f6zpont Facebook-oldal\u00e1n <\/a>kereszt\u00fcl \u00e9rhet\u0151k el.<\/p>\n<p><strong>Debrecen-Ny\u00edregyh\u00e1zi Egyh\u00e1zmegye<\/strong><\/p>\n<p><em>A Megtestes\u00fcl\u00e9s-templomb\u00f3l (Debrecen),<\/em>\u00a0a Debreceni R\u00f3mai Katolikus Egyetemi Lelk\u00e9szs\u00e9g szervez\u00e9s\u00e9ben<br \/>\nVas\u00e1rnap 19.30-kor az egyetemi lelk\u00e9szs\u00e9g <a href=\"https:\/\/www.facebook.com\/delelkes\/?ref=br_rs\">Facebook-csatorn\u00e1j\u00e1n<\/a>.<\/p>\n<p><strong>Esztergom-Budapesti F\u0151egyh\u00e1zmegye<\/strong><\/p>\n<p><em>Angyalf\u00f6ldi Szent Mih\u00e1ly-templom<\/em><em><br \/>\n<\/em>Vas\u00e1rnap 10 \u00f3rakor a Papifrank\u00f3 <a href=\"https:\/\/www.youtube.com\/channel\/UCk9DQZPpHdu3fl3c9Din1QA\">YouTube-csatorn\u00e1j\u00e1n<\/a>.<\/p>\n<p><em>Istenhegyi Szent L\u00e1szl\u00f3-templom<\/em><br \/>\nVas\u00e1rnap 9 \u00f3rakor a <a href=\"https:\/\/www.facebook.com\/pg\/Istenhegyi-Szent-L%C3%A1szl%C3%B3-pl%C3%A9b%C3%A1nia-261887297167475\/videos\/?ref=page_internal\">pl\u00e9b\u00e1nia Facebook-csatorn\u00e1j\u00e1n<\/a>.<\/p>\n<p><em>Kispest-wekerletelepi Szent J\u00f3zsef-templom<\/em><br \/>\nH\u00e9tf\u0151, kedd, szerda 7 \u00f3rakor;cs\u00fct\u00f6rt\u00f6k, p\u00e9ntek, szombat 18,\u00a0vas\u00e1rnap 7, 9, 11 \u00e9s 18 \u00f3rakor a <em><a href=\"http:\/\/www.mise.hu\">www.mise.hu<\/a><\/em>\u00a0oldalon.<\/p>\n<p><strong>Ny\u00edregyh\u00e1zi Egyh\u00e1zmegye<\/strong><\/p>\n<p><em>M\u00e1riap\u00f3cs Nemzeti Kegyhely<\/em><br \/>\nEg\u00e9sz napos <a href=\"https:\/\/www.youtube.com\/watch?v=KYzKauV7cp8\">YouTube-k\u00f6zvet\u00edt\u00e9s<\/a><br \/>\nH\u00e9tk\u00f6znapi liturgikus rend: ima\u00f3ra (H: 8.30, K\u2013P: 7.30); 17 \u00f3ra: Szent Liturgia, ut\u00e1na vecsernye<br \/>\nVas\u00e1rnapi \u00e9s \u00fcnnepi liturgikus rend: 9 \u00f3ra: utrenye, 11 \u00f3ra: Szent Liturgia, 17 \u00f3ra: Szent Liturgia, ut\u00e1na vecsernye<\/p>\n<p><em>Ny\u00edregyh\u00e1zi Szent Mikl\u00f3s-sz\u00e9kesegyh\u00e1z<\/em><br \/>\nEg\u00e9sz napos <a href=\"https:\/\/nyiregyhaza.nyirgorkat.hu\/elo-kozvetites\/\">YouTube-k\u00f6zvet\u00edt\u00e9s<\/a><br \/>\nH\u00e9tk\u00f6znapi liturgikus rend: 6.45: Szent Liturgia, 7.30: ima\u00f3ra, 17.30: Szent Liturgia, 18.15: vecsernye<br \/>\nSzombat: 6.45: Szent Liturgia, ut\u00e1na ima\u00f3ra, 17.30: Szent Liturgia, ut\u00e1na el\u0151esti nagy vecsernye<br \/>\nVas\u00e1rnap: 6.30: Szent Liturgia, 7.15: utrenye, 8.30: Szent Liturgia, 10.00: Szent Liturgia, 12.00: Szent Liturgia, 17.30: Szent Liturgia, 18.30: vecsernye<br \/>\n\u00dcnnepnap: 6.30: Szent Liturgia, 8.45: utrenye, 10.00: Szent Liturgia, 17.30: Szent Liturgia, 18.30: vecsernye<\/p>\n<p><strong>P\u00e9csi Egyh\u00e1zmegye<\/strong><\/p>\n<p><em>Szent P\u00e9ter- \u00e9s Szent P\u00e1l-<\/em><em>sz\u00e9kesegyh\u00e1z <\/em><em>(P\u00e9cs)<\/em><em><br \/>\n<\/em>H\u00e9tk\u00f6znapokon 7 \u00f3rakor, vas\u00e1rnap 10 \u00f3rakor az egyh\u00e1zmegye <a href=\"https:\/\/www.youtube.com\/user\/pecsiegyhazmegye\">YouTube-csatorn\u00e1j\u00e1n<\/a>.<\/p>\n<p><strong>Szeged-Csan\u00e1di Egyh\u00e1zmegye<\/strong><\/p>\n<p><em>M\u00f3rav\u00e1rosi Szent Kereszt-templom (Szeged)<\/em><em><br \/>\n<\/em>Kedd\u2013szombat 16 \u00f3ra, vas\u00e1rnap 10 \u00f3ra a pl\u00e9b\u00e1nia <a href=\"https:\/\/www.facebook.com\/szegedmoravarosszentkeresztplebania\/\">Facebook-oldal\u00e1n<\/a>.<\/p>\n<p><em>Szegedi Katolikus Egyetemi Lelk\u00e9szs\u00e9g<\/em><br \/>\nVas\u00e1rnap 20 \u00f3rakor a lelk\u00e9szs\u00e9g <a href=\"https:\/\/www.facebook.com\/szegedmoravarosszentkeresztplebania\/\">Facebook-oldal\u00e1n<\/a>.<\/p>\n<p><strong>V\u00e1ci Egyh\u00e1zmegye<\/strong><\/p>\n<p><em>Szentl\u00e9lek-templom (Veresegyh\u00e1z)<\/em><em><br \/>\n<\/em>Vas\u00e1rnap 8 \u00f3rakor a pl\u00e9b\u00e1nia <a href=\"https:\/\/www.facebook.com\/szentlelektemplom\/?__tn__=%2Cd%2CP-R&amp;eid=ARBhDR6uqIIytcDzErMkh5HBJ48nAmRwFiP7Zl6zjB6vjaHIpseaTau_I62_3qVoalQmMOgJGH0RX1jV\">Facebook-csatorn\u00e1j\u00e1n<\/a>.<\/p>\n<p><em>Szent Kereszt felmagasztal\u00e1sa-templom (Nagymaros)<\/em><br \/>\nH\u00e9tf\u0151, szerda-szombat 18:30, kedd 7.00, vas\u00e1rnap 8.00, 09.30, 18:30 a pl\u00e9b\u00e1nia <a href=\"https:\/\/www.youtube.com\/watch?v=vxtbIRhaEIc&amp;feature=emb_title\">YouTube-csatorn\u00e1j\u00e1n.<\/a><\/p>\n<p><strong>Veszpr\u00e9mi F\u0151egyh\u00e1zmegye<\/strong><\/p>\n<p><em>Szent Mih\u00e1ly-bazilika (Veszpr\u00e9m)<\/em><br \/>\nH\u00e9tk\u00f6znapokon 18 \u00f3rakor, vas\u00e1rnap 10.30 \u00f3rakor a f\u0151egyh\u00e1zmegye <a href=\"https:\/\/www.youtube.com\/channel\/UCJOEimGNd0YJ24N783lD-MQ\">YouTube-csatorn\u00e1j\u00e1n<\/a>.<\/p>\n<p>&nbsp;<\/p>\n<p><strong>Online k\u00f6zvet\u00edt\u00e9sek a Ferences Rendtartom\u00e1ny templomaib\u00f3l<\/strong><\/p>\n<p><em>Budapest, Orsz\u00e1g\u00fati Ferencesek<\/em><em><br \/>\n<\/em>Vas\u00e1rnap 6.30, 8.30, 10.00, 11.15, 12.30, 16.00, 18.00 \u00e9s 19.30<br \/>\nA mis\u00e9ket online k\u00f6zvet\u00edtik az <em><a href=\"http:\/\/orszagutiferencesek.hu\/online-kozvetites\/\">orszagutiferencesek.hu\/online-kozvetites\/<\/a><\/em> oldalon kereszt\u00fcl.<\/p>\n<p><em>Pasar\u00e9ti Ferences Pl\u00e9b\u00e1nia<\/em><em><br \/>\n<\/em>Vas\u00e1rnap: 7.00, 8.30, 10.00, 11.30, 12.30, 16.30, 18.00 \u00e9s 19.30<br \/>\nA mis\u00e9ket online k\u00f6zvet\u00edtik a <a href=\"https:\/\/www.facebook.com\/pasareti.ferencesek\/\">pl\u00e9b\u00e1nia Facebook-oldal\u00e1n<\/a> \u00e9s honlapj\u00e1n <em>(<a href=\"http:\/\/pasaret.ofm.hu\/aktualis-hirek\">http:\/\/pasaret.ofm.hu\/aktualis-hirek<\/a>)<\/em>.<\/p>\n<p><em>M\u00e1travereb\u00e9ly-Szentk\u00fat Nemzeti Kegyhely<\/em><em><br \/>\n<\/em>Vas\u00e1rnap 9 \u00e9s 11 \u00f3ra<br \/>\nK\u00f6zvet\u00edt\u00e9s az al\u00e1bbi linken: <em><a href=\"http:\/\/szentkut.diapro.hu\">http:\/\/szentkut.diapro.hu<\/a><\/em><\/p>\n<p><strong>Erd\u00e9lyi \u00e9s felvid\u00e9ki YouTube-k\u00f6zvet\u00edt\u00e9sek<\/strong><\/p>\n<p><em>Cs\u00edksomly\u00f3i kegytemplom<\/em><em><br \/>\n<\/em>Minden vas\u00e1rnap 10.30-t\u00f3l\u00a0(magyar id\u0151 szerint 9.30-t\u00f3l)\u00a0<a href=\"https:\/\/www.youtube.com\/channel\/UChrkbh0y4ut-mELoCTRPR_Q\">YouTube-k\u00f6zvet\u00edt\u00e9s<\/a>.<\/p>\n<p><em>Kolozsv\u00e1ri ferences templom<\/em><br \/>\nVas\u00e1rnap 9 \u00e9s 12 \u00f3r\u00e1t\u00f3l\u00a0(magyar id\u0151 szerint 8 \u00e9s 11 \u00f3r\u00e1t\u00f3l), valamint kedden 8 \u00e9s 18 \u00f3r\u00e1t\u00f3l (magyar id\u0151 szerint 7 \u00e9s 17\u00a0 \u00f3r\u00e1t\u00f3l)\u00a0<a href=\"https:\/\/www.youtube.com\/channel\/UC4T35PmK5ZPK6p00K5J4ioQ?app=desktop\">YouTube-k\u00f6zvet\u00edt\u00e9s<\/a>.<\/p>\n<p><em>Dunaszerdahelyi Szent Gy\u00f6rgy-templom<\/em><br \/>\nVas\u00e1rnap 9 \u00f3r\u00e1t\u00f3l\u00a0<a href=\"https:\/\/www.youtube.com\/watch?v=8ydYWE7bsMQ&amp;feature=emb_title\">YouTube-k\u00f6zvet\u00edt\u00e9s<\/a>.<\/p>\n<p><strong>Fot\u00f3: Pixabay<\/strong><\/p>\n<p><strong>Magyar Kur\u00edr<\/strong><\/p>\n<p>&nbsp;<\/p>\n","protected":false},"excerpt":{"rendered":"<p>+! Kedves H\u00edveink, addig is, am\u00edg a mi misek\u00f6zvet\u00edt\u00e9s\u00fcnk is l\u00e9trej\u00f6n, itt hozzuk azokat a helyeket, ahol k\u00f6vethetik az \u00e9l\u0151 szentmise-k\u00f6zvet\u00edt\u00e9seket. Lelkip\u00e1sztori szeretettel, Imre atya Hol \u00e9s mikor k\u00f6vethet\u0151 \u00e9l\u0151 szentmise-k\u00f6zvet\u00edt\u00e9s? \u2013 \u00d6sszegy\u0171jt\u00f6tt\u00fck a lehet\u0151s\u00e9geket A koronav\u00edrus-j\u00e1rv\u00e1nyra val\u00f3 tekintettel haz\u00e1nkban is vesz\u00e9lyhelyzet l\u00e9pett \u00e9rv\u00e9nybe. A Magyar Katolikus P\u00fcsp\u00f6ki Konferencia d\u00f6nt\u00e9se nyom\u00e1n a nyilv\u00e1nos liturgi\u00e1k m\u00e1rcius 22-\u00e9t\u0151l elmaradnak. Ez\u00e9rt k\u00fcl\u00f6n\u00f6sen is fontos, hogy naprak\u00e9sz t\u00e1j\u00e9koztat\u00e1st ny\u00fajtsunk a szentmis\u00e9k k\u00f6zvet\u00edt\u00e9s\u00e9r\u0151l, hogy a h\u00edvek meger\u0151s\u00edt\u00e9st, vigasztal\u00e1st \u00e9s b\u00e1tor\u00edt\u00e1st nyerjenek. Az al\u00e1bbiakban a teljess\u00e9g ig\u00e9nye n\u00e9lk\u00fcl k\u00f6z\u00f6lj\u00fck, hogy mely magyar nyelv\u0171 szentmise-k\u00f6zvet\u00edt\u00e9sekbe lehet bekapcsol\u00f3dni. Cikk\u00fcnket a nagy \u00e9rdekl\u0151d\u00e9sre tekintettel a be\u00e9rkez\u0151 inform\u00e1ci\u00f3k alapj\u00e1n FOLYAMATOSAN FRISS\u00cdTJ\u00dcK. Napi \u00e9s vas\u00e1rnapi szentmise-k\u00f6zvet\u00edt\u00e9sek MTVA M\u00e1rcius 22-\u00e9n nagyb\u00f6jt 4. vas\u00e1rnapi szentmis\u00e9t k\u00f6zvet\u00edtnek 9 \u00f3rakor a Duna TV-n az \u00f3budai Szent J\u00f3zsef-templomb\u00f3l. A szentmis\u00e9t bemutatja \u00e9s szentbesz\u00e9det mond F\u00fczes \u00c1d\u00e1m esperes, a Kanter K\u00e1roly Feln\u0151ttk\u00e9pz\u00e9si Int\u00e9zet igazgat\u00f3ja. M\u00e1rcius 22-t\u0151l a Kossuth R\u00e1di\u00f3 \u00e1tveszi a Magyar Katolikus R\u00e1di\u00f3 vas\u00e1rnap d\u00e9lel\u0151tti (10 \u00f3ra) misek\u00f6zvet\u00edt\u00e9s\u00e9t. Apostol TV H\u00e9tf\u0151t\u0151l szombatig 8 \u00e9s 17 \u00f3rakor, vas\u00e1rnap 10 \u00e9s 17 \u00f3rakor. N\u00e9zhet\u0151 az interneten a www.apostoltv.hu oldalon. EWTN\/Bonum TV Mindennap (magyar nyelven) 8.30: \u00e9l\u0151 k\u00f6zvet\u00edt\u00e9s; 12.00 (ism.), 17.00 (ism.), 20.00 (ism.). Mindennap (angol nyelven) 14.00: EWTN Daily Mass \u2013 \u00e9l\u0151 k\u00f6zvet\u00edt\u00e9s az EWTN k\u00f6zpontj\u00e1b\u00f3l, Alabam\u00e1b\u00f3l (USA). Megtal\u00e1lhat\u00f3 a nagyobb k\u00e1belszolg\u00e1ltat\u00f3k csatornakioszt\u00e1s\u00e1ban \u00e9s n\u00e9zhet\u0151 az interneten a\u00a0www.katolikus.tv\u00a0oldalon. Magyar Katolikus R\u00e1di\u00f3 Minden h\u00e9tk\u00f6znap reggel 7 \u00f3rakor, vas\u00e1rnap d\u00e9lel\u0151tt 10 \u00f3rakor M\u00e1rcius 22-t\u0151l a Kossuth R\u00e1di\u00f3 \u00e1tveszi a katolikus r\u00e1di\u00f3 vas\u00e1rnap d\u00e9lel\u0151tti (10 \u00f3ra) misek\u00f6zvet\u00edt\u00e9s\u00e9t. Hallgathat\u00f3 interneten a www.katolikusradio.hu honlapon. Szent Istv\u00e1n R\u00e1di\u00f3, Eger H\u00e9tf\u0151t\u0151l szombatig reggel 7 \u00e9s 17 \u00f3rakor, vas\u00e1rnap d\u00e9lel\u0151tt 10 \u00f3rakor az Egri \u00c9rseki Papnevel\u0151 Int\u00e9zetb\u0151l. Hallgathat\u00f3 interneten a www.szentistvanradio.hu honlapon. M\u00e1ria R\u00e1di\u00f3 H\u00e9tk\u00f6znap 9 , szombaton 18 , vas\u00e1rnap 10 \u00f3rakor. Hallgathat\u00f3 az interneten a www.mariaradio.hu oldalon. Felvid\u00e9ki M\u00e1ria R\u00e1di\u00f3 H\u00e9tk\u00f6znap 15 \u00e9s 18 \u00f3rakor, vas\u00e1rnap 9 \u00f3rakor. Hallgathat\u00f3 az interneten a www.mariaradio.sk\u00a0oldalon. Erd\u00e9lyi&#8230; <\/p>\n<p><a class=\"readmore\" href=\"https:\/\/stuttgarti-katolikusok.de\/index.php\/elo-szentmise-kozvetitesek\/\">R\u00e9szletek<\/a><\/p>\n","protected":false},"author":3,"featured_media":19196,"comment_status":"closed","ping_status":"closed","sticky":false,"template":"","format":"standard","meta":{"footnotes":""},"categories":[5],"tags":[],"class_list":["post-19195","post","type-post","status-publish","format-standard","has-post-thumbnail","hentry","category-hirek"],"yoast_head":"<!-- This site is optimized with the Yoast SEO plugin v27.3 - https:\/\/yoast.com\/product\/yoast-seo-wordpress\/ -->\n<title>\u00c9l\u0151 szentmise-k\u00f6zvet\u00edt\u00e9sek - Stuttgarti Katolikusok<\/title>\n<meta name=\"robots\" content=\"index, follow, max-snippet:-1, max-image-preview:large, max-video-preview:-1\" \/>\n<link rel=\"canonical\" href=\"https:\/\/stuttgarti-katolikusok.de\/index.php\/elo-szentmise-kozvetitesek\/\" \/>\n<meta property=\"og:locale\" content=\"hu_HU\" \/>\n<meta property=\"og:type\" content=\"article\" \/>\n<meta property=\"og:title\" content=\"\u00c9l\u0151 szentmise-k\u00f6zvet\u00edt\u00e9sek - Stuttgarti Katolikusok\" \/>\n<meta property=\"og:description\" content=\"+! Kedves H\u00edveink, addig is, am\u00edg a mi misek\u00f6zvet\u00edt\u00e9s\u00fcnk is l\u00e9trej\u00f6n, itt hozzuk azokat a helyeket, ahol k\u00f6vethetik az \u00e9l\u0151 szentmise-k\u00f6zvet\u00edt\u00e9seket. Lelkip\u00e1sztori szeretettel, Imre atya Hol \u00e9s mikor k\u00f6vethet\u0151 \u00e9l\u0151 szentmise-k\u00f6zvet\u00edt\u00e9s? \u2013 \u00d6sszegy\u0171jt\u00f6tt\u00fck a lehet\u0151s\u00e9geket A koronav\u00edrus-j\u00e1rv\u00e1nyra val\u00f3 tekintettel haz\u00e1nkban is vesz\u00e9lyhelyzet l\u00e9pett \u00e9rv\u00e9nybe. A Magyar Katolikus P\u00fcsp\u00f6ki Konferencia d\u00f6nt\u00e9se nyom\u00e1n a nyilv\u00e1nos liturgi\u00e1k m\u00e1rcius 22-\u00e9t\u0151l elmaradnak. Ez\u00e9rt k\u00fcl\u00f6n\u00f6sen is fontos, hogy naprak\u00e9sz t\u00e1j\u00e9koztat\u00e1st ny\u00fajtsunk a szentmis\u00e9k k\u00f6zvet\u00edt\u00e9s\u00e9r\u0151l, hogy a h\u00edvek meger\u0151s\u00edt\u00e9st, vigasztal\u00e1st \u00e9s b\u00e1tor\u00edt\u00e1st nyerjenek. Az al\u00e1bbiakban a teljess\u00e9g ig\u00e9nye n\u00e9lk\u00fcl k\u00f6z\u00f6lj\u00fck, hogy mely magyar nyelv\u0171 szentmise-k\u00f6zvet\u00edt\u00e9sekbe lehet bekapcsol\u00f3dni. Cikk\u00fcnket a nagy \u00e9rdekl\u0151d\u00e9sre tekintettel a be\u00e9rkez\u0151 inform\u00e1ci\u00f3k alapj\u00e1n FOLYAMATOSAN FRISS\u00cdTJ\u00dcK. Napi \u00e9s vas\u00e1rnapi szentmise-k\u00f6zvet\u00edt\u00e9sek MTVA M\u00e1rcius 22-\u00e9n nagyb\u00f6jt 4. vas\u00e1rnapi szentmis\u00e9t k\u00f6zvet\u00edtnek 9 \u00f3rakor a Duna TV-n az \u00f3budai Szent J\u00f3zsef-templomb\u00f3l. A szentmis\u00e9t bemutatja \u00e9s szentbesz\u00e9det mond F\u00fczes \u00c1d\u00e1m esperes, a Kanter K\u00e1roly Feln\u0151ttk\u00e9pz\u00e9si Int\u00e9zet igazgat\u00f3ja. M\u00e1rcius 22-t\u0151l a Kossuth R\u00e1di\u00f3 \u00e1tveszi a Magyar Katolikus R\u00e1di\u00f3 vas\u00e1rnap d\u00e9lel\u0151tti (10 \u00f3ra) misek\u00f6zvet\u00edt\u00e9s\u00e9t. Apostol TV H\u00e9tf\u0151t\u0151l szombatig 8 \u00e9s 17 \u00f3rakor, vas\u00e1rnap 10 \u00e9s 17 \u00f3rakor. N\u00e9zhet\u0151 az interneten a www.apostoltv.hu oldalon. EWTN\/Bonum TV Mindennap (magyar nyelven) 8.30: \u00e9l\u0151 k\u00f6zvet\u00edt\u00e9s; 12.00 (ism.), 17.00 (ism.), 20.00 (ism.). Mindennap (angol nyelven) 14.00: EWTN Daily Mass \u2013 \u00e9l\u0151 k\u00f6zvet\u00edt\u00e9s az EWTN k\u00f6zpontj\u00e1b\u00f3l, Alabam\u00e1b\u00f3l (USA). Megtal\u00e1lhat\u00f3 a nagyobb k\u00e1belszolg\u00e1ltat\u00f3k csatornakioszt\u00e1s\u00e1ban \u00e9s n\u00e9zhet\u0151 az interneten a\u00a0www.katolikus.tv\u00a0oldalon. Magyar Katolikus R\u00e1di\u00f3 Minden h\u00e9tk\u00f6znap reggel 7 \u00f3rakor, vas\u00e1rnap d\u00e9lel\u0151tt 10 \u00f3rakor M\u00e1rcius 22-t\u0151l a Kossuth R\u00e1di\u00f3 \u00e1tveszi a katolikus r\u00e1di\u00f3 vas\u00e1rnap d\u00e9lel\u0151tti (10 \u00f3ra) misek\u00f6zvet\u00edt\u00e9s\u00e9t. Hallgathat\u00f3 interneten a www.katolikusradio.hu honlapon. Szent Istv\u00e1n R\u00e1di\u00f3, Eger H\u00e9tf\u0151t\u0151l szombatig reggel 7 \u00e9s 17 \u00f3rakor, vas\u00e1rnap d\u00e9lel\u0151tt 10 \u00f3rakor az Egri \u00c9rseki Papnevel\u0151 Int\u00e9zetb\u0151l. Hallgathat\u00f3 interneten a www.szentistvanradio.hu honlapon. M\u00e1ria R\u00e1di\u00f3 H\u00e9tk\u00f6znap 9 , szombaton 18 , vas\u00e1rnap 10 \u00f3rakor. Hallgathat\u00f3 az interneten a www.mariaradio.hu oldalon. Felvid\u00e9ki M\u00e1ria R\u00e1di\u00f3 H\u00e9tk\u00f6znap 15 \u00e9s 18 \u00f3rakor, vas\u00e1rnap 9 \u00f3rakor. Hallgathat\u00f3 az interneten a www.mariaradio.sk\u00a0oldalon. Erd\u00e9lyi... R\u00e9szletek\" \/>\n<meta property=\"og:url\" content=\"https:\/\/stuttgarti-katolikusok.de\/index.php\/elo-szentmise-kozvetitesek\/\" \/>\n<meta property=\"og:site_name\" content=\"Stuttgarti Katolikusok\" \/>\n<meta property=\"article:published_time\" content=\"2020-03-18T09:46:45+00:00\" \/>\n<meta property=\"og:image\" content=\"https:\/\/stuttgarti-katolikusok.de\/wp-content\/uploads\/2020\/03\/szentmise-kozvetites.jpg\" \/>\n\t<meta property=\"og:image:width\" content=\"850\" \/>\n\t<meta property=\"og:image:height\" content=\"478\" \/>\n\t<meta property=\"og:image:type\" content=\"image\/jpeg\" \/>\n<meta name=\"author\" content=\"Tibor atya\" \/>\n<meta name=\"twitter:card\" content=\"summary_large_image\" \/>\n<meta name=\"twitter:label1\" content=\"Szerz\u0151:\" \/>\n\t<meta name=\"twitter:data1\" content=\"Tibor atya\" \/>\n\t<meta name=\"twitter:label2\" content=\"Becs\u00fclt olvas\u00e1si id\u0151\" \/>\n\t<meta name=\"twitter:data2\" content=\"5 perc\" \/>\n<script type=\"application\/ld+json\" class=\"yoast-schema-graph\">{\"@context\":\"https:\\\/\\\/schema.org\",\"@graph\":[{\"@type\":\"Article\",\"@id\":\"https:\\\/\\\/stuttgarti-katolikusok.de\\\/index.php\\\/elo-szentmise-kozvetitesek\\\/#article\",\"isPartOf\":{\"@id\":\"https:\\\/\\\/stuttgarti-katolikusok.de\\\/index.php\\\/elo-szentmise-kozvetitesek\\\/\"},\"author\":{\"name\":\"Tibor atya\",\"@id\":\"https:\\\/\\\/stuttgarti-katolikusok.de\\\/#\\\/schema\\\/person\\\/75908d6f8fdc03a57889d27209df7795\"},\"headline\":\"\u00c9l\u0151 szentmise-k\u00f6zvet\u00edt\u00e9sek\",\"datePublished\":\"2020-03-18T09:46:45+00:00\",\"mainEntityOfPage\":{\"@id\":\"https:\\\/\\\/stuttgarti-katolikusok.de\\\/index.php\\\/elo-szentmise-kozvetitesek\\\/\"},\"wordCount\":1060,\"image\":{\"@id\":\"https:\\\/\\\/stuttgarti-katolikusok.de\\\/index.php\\\/elo-szentmise-kozvetitesek\\\/#primaryimage\"},\"thumbnailUrl\":\"https:\\\/\\\/stuttgarti-katolikusok.de\\\/wp-content\\\/uploads\\\/2020\\\/03\\\/szentmise-kozvetites.jpg\",\"articleSection\":[\"H\u00edrek\"],\"inLanguage\":\"hu\"},{\"@type\":\"WebPage\",\"@id\":\"https:\\\/\\\/stuttgarti-katolikusok.de\\\/index.php\\\/elo-szentmise-kozvetitesek\\\/\",\"url\":\"https:\\\/\\\/stuttgarti-katolikusok.de\\\/index.php\\\/elo-szentmise-kozvetitesek\\\/\",\"name\":\"\u00c9l\u0151 szentmise-k\u00f6zvet\u00edt\u00e9sek - Stuttgarti Katolikusok\",\"isPartOf\":{\"@id\":\"https:\\\/\\\/stuttgarti-katolikusok.de\\\/#website\"},\"primaryImageOfPage\":{\"@id\":\"https:\\\/\\\/stuttgarti-katolikusok.de\\\/index.php\\\/elo-szentmise-kozvetitesek\\\/#primaryimage\"},\"image\":{\"@id\":\"https:\\\/\\\/stuttgarti-katolikusok.de\\\/index.php\\\/elo-szentmise-kozvetitesek\\\/#primaryimage\"},\"thumbnailUrl\":\"https:\\\/\\\/stuttgarti-katolikusok.de\\\/wp-content\\\/uploads\\\/2020\\\/03\\\/szentmise-kozvetites.jpg\",\"datePublished\":\"2020-03-18T09:46:45+00:00\",\"author\":{\"@id\":\"https:\\\/\\\/stuttgarti-katolikusok.de\\\/#\\\/schema\\\/person\\\/75908d6f8fdc03a57889d27209df7795\"},\"breadcrumb\":{\"@id\":\"https:\\\/\\\/stuttgarti-katolikusok.de\\\/index.php\\\/elo-szentmise-kozvetitesek\\\/#breadcrumb\"},\"inLanguage\":\"hu\",\"potentialAction\":[{\"@type\":\"ReadAction\",\"target\":[\"https:\\\/\\\/stuttgarti-katolikusok.de\\\/index.php\\\/elo-szentmise-kozvetitesek\\\/\"]}]},{\"@type\":\"ImageObject\",\"inLanguage\":\"hu\",\"@id\":\"https:\\\/\\\/stuttgarti-katolikusok.de\\\/index.php\\\/elo-szentmise-kozvetitesek\\\/#primaryimage\",\"url\":\"https:\\\/\\\/stuttgarti-katolikusok.de\\\/wp-content\\\/uploads\\\/2020\\\/03\\\/szentmise-kozvetites.jpg\",\"contentUrl\":\"https:\\\/\\\/stuttgarti-katolikusok.de\\\/wp-content\\\/uploads\\\/2020\\\/03\\\/szentmise-kozvetites.jpg\",\"width\":850,\"height\":478},{\"@type\":\"BreadcrumbList\",\"@id\":\"https:\\\/\\\/stuttgarti-katolikusok.de\\\/index.php\\\/elo-szentmise-kozvetitesek\\\/#breadcrumb\",\"itemListElement\":[{\"@type\":\"ListItem\",\"position\":1,\"name\":\"Kezd\u0151lap\",\"item\":\"https:\\\/\\\/stuttgarti-katolikusok.de\\\/\"},{\"@type\":\"ListItem\",\"position\":2,\"name\":\"\u00c9l\u0151 szentmise-k\u00f6zvet\u00edt\u00e9sek\"}]},{\"@type\":\"WebSite\",\"@id\":\"https:\\\/\\\/stuttgarti-katolikusok.de\\\/#website\",\"url\":\"https:\\\/\\\/stuttgarti-katolikusok.de\\\/\",\"name\":\"Stuttgarti Katolikusok\",\"description\":\"\",\"potentialAction\":[{\"@type\":\"SearchAction\",\"target\":{\"@type\":\"EntryPoint\",\"urlTemplate\":\"https:\\\/\\\/stuttgarti-katolikusok.de\\\/?s={search_term_string}\"},\"query-input\":{\"@type\":\"PropertyValueSpecification\",\"valueRequired\":true,\"valueName\":\"search_term_string\"}}],\"inLanguage\":\"hu\"},{\"@type\":\"Person\",\"@id\":\"https:\\\/\\\/stuttgarti-katolikusok.de\\\/#\\\/schema\\\/person\\\/75908d6f8fdc03a57889d27209df7795\",\"name\":\"Tibor atya\",\"image\":{\"@type\":\"ImageObject\",\"inLanguage\":\"hu\",\"@id\":\"https:\\\/\\\/secure.gravatar.com\\\/avatar\\\/61d268e57d1f4525b111222e29d2d5a7f8c420fdbf231ba5566a8ceac74fa960?s=96&d=mm&r=g\",\"url\":\"https:\\\/\\\/secure.gravatar.com\\\/avatar\\\/61d268e57d1f4525b111222e29d2d5a7f8c420fdbf231ba5566a8ceac74fa960?s=96&d=mm&r=g\",\"contentUrl\":\"https:\\\/\\\/secure.gravatar.com\\\/avatar\\\/61d268e57d1f4525b111222e29d2d5a7f8c420fdbf231ba5566a8ceac74fa960?s=96&d=mm&r=g\",\"caption\":\"Tibor atya\"},\"url\":\"https:\\\/\\\/stuttgarti-katolikusok.de\\\/index.php\\\/author\\\/tibor-atya\\\/\"}]}<\/script>\n<!-- \/ Yoast SEO plugin. -->","yoast_head_json":{"title":"\u00c9l\u0151 szentmise-k\u00f6zvet\u00edt\u00e9sek - Stuttgarti Katolikusok","robots":{"index":"index","follow":"follow","max-snippet":"max-snippet:-1","max-image-preview":"max-image-preview:large","max-video-preview":"max-video-preview:-1"},"canonical":"https:\/\/stuttgarti-katolikusok.de\/index.php\/elo-szentmise-kozvetitesek\/","og_locale":"hu_HU","og_type":"article","og_title":"\u00c9l\u0151 szentmise-k\u00f6zvet\u00edt\u00e9sek - Stuttgarti Katolikusok","og_description":"+! Kedves H\u00edveink, addig is, am\u00edg a mi misek\u00f6zvet\u00edt\u00e9s\u00fcnk is l\u00e9trej\u00f6n, itt hozzuk azokat a helyeket, ahol k\u00f6vethetik az \u00e9l\u0151 szentmise-k\u00f6zvet\u00edt\u00e9seket. Lelkip\u00e1sztori szeretettel, Imre atya Hol \u00e9s mikor k\u00f6vethet\u0151 \u00e9l\u0151 szentmise-k\u00f6zvet\u00edt\u00e9s? \u2013 \u00d6sszegy\u0171jt\u00f6tt\u00fck a lehet\u0151s\u00e9geket A koronav\u00edrus-j\u00e1rv\u00e1nyra val\u00f3 tekintettel haz\u00e1nkban is vesz\u00e9lyhelyzet l\u00e9pett \u00e9rv\u00e9nybe. A Magyar Katolikus P\u00fcsp\u00f6ki Konferencia d\u00f6nt\u00e9se nyom\u00e1n a nyilv\u00e1nos liturgi\u00e1k m\u00e1rcius 22-\u00e9t\u0151l elmaradnak. Ez\u00e9rt k\u00fcl\u00f6n\u00f6sen is fontos, hogy naprak\u00e9sz t\u00e1j\u00e9koztat\u00e1st ny\u00fajtsunk a szentmis\u00e9k k\u00f6zvet\u00edt\u00e9s\u00e9r\u0151l, hogy a h\u00edvek meger\u0151s\u00edt\u00e9st, vigasztal\u00e1st \u00e9s b\u00e1tor\u00edt\u00e1st nyerjenek. Az al\u00e1bbiakban a teljess\u00e9g ig\u00e9nye n\u00e9lk\u00fcl k\u00f6z\u00f6lj\u00fck, hogy mely magyar nyelv\u0171 szentmise-k\u00f6zvet\u00edt\u00e9sekbe lehet bekapcsol\u00f3dni. Cikk\u00fcnket a nagy \u00e9rdekl\u0151d\u00e9sre tekintettel a be\u00e9rkez\u0151 inform\u00e1ci\u00f3k alapj\u00e1n FOLYAMATOSAN FRISS\u00cdTJ\u00dcK. Napi \u00e9s vas\u00e1rnapi szentmise-k\u00f6zvet\u00edt\u00e9sek MTVA M\u00e1rcius 22-\u00e9n nagyb\u00f6jt 4. vas\u00e1rnapi szentmis\u00e9t k\u00f6zvet\u00edtnek 9 \u00f3rakor a Duna TV-n az \u00f3budai Szent J\u00f3zsef-templomb\u00f3l. A szentmis\u00e9t bemutatja \u00e9s szentbesz\u00e9det mond F\u00fczes \u00c1d\u00e1m esperes, a Kanter K\u00e1roly Feln\u0151ttk\u00e9pz\u00e9si Int\u00e9zet igazgat\u00f3ja. M\u00e1rcius 22-t\u0151l a Kossuth R\u00e1di\u00f3 \u00e1tveszi a Magyar Katolikus R\u00e1di\u00f3 vas\u00e1rnap d\u00e9lel\u0151tti (10 \u00f3ra) misek\u00f6zvet\u00edt\u00e9s\u00e9t. Apostol TV H\u00e9tf\u0151t\u0151l szombatig 8 \u00e9s 17 \u00f3rakor, vas\u00e1rnap 10 \u00e9s 17 \u00f3rakor. N\u00e9zhet\u0151 az interneten a www.apostoltv.hu oldalon. EWTN\/Bonum TV Mindennap (magyar nyelven) 8.30: \u00e9l\u0151 k\u00f6zvet\u00edt\u00e9s; 12.00 (ism.), 17.00 (ism.), 20.00 (ism.). Mindennap (angol nyelven) 14.00: EWTN Daily Mass \u2013 \u00e9l\u0151 k\u00f6zvet\u00edt\u00e9s az EWTN k\u00f6zpontj\u00e1b\u00f3l, Alabam\u00e1b\u00f3l (USA). Megtal\u00e1lhat\u00f3 a nagyobb k\u00e1belszolg\u00e1ltat\u00f3k csatornakioszt\u00e1s\u00e1ban \u00e9s n\u00e9zhet\u0151 az interneten a\u00a0www.katolikus.tv\u00a0oldalon. Magyar Katolikus R\u00e1di\u00f3 Minden h\u00e9tk\u00f6znap reggel 7 \u00f3rakor, vas\u00e1rnap d\u00e9lel\u0151tt 10 \u00f3rakor M\u00e1rcius 22-t\u0151l a Kossuth R\u00e1di\u00f3 \u00e1tveszi a katolikus r\u00e1di\u00f3 vas\u00e1rnap d\u00e9lel\u0151tti (10 \u00f3ra) misek\u00f6zvet\u00edt\u00e9s\u00e9t. Hallgathat\u00f3 interneten a www.katolikusradio.hu honlapon. Szent Istv\u00e1n R\u00e1di\u00f3, Eger H\u00e9tf\u0151t\u0151l szombatig reggel 7 \u00e9s 17 \u00f3rakor, vas\u00e1rnap d\u00e9lel\u0151tt 10 \u00f3rakor az Egri \u00c9rseki Papnevel\u0151 Int\u00e9zetb\u0151l. Hallgathat\u00f3 interneten a www.szentistvanradio.hu honlapon. M\u00e1ria R\u00e1di\u00f3 H\u00e9tk\u00f6znap 9 , szombaton 18 , vas\u00e1rnap 10 \u00f3rakor. Hallgathat\u00f3 az interneten a www.mariaradio.hu oldalon. Felvid\u00e9ki M\u00e1ria R\u00e1di\u00f3 H\u00e9tk\u00f6znap 15 \u00e9s 18 \u00f3rakor, vas\u00e1rnap 9 \u00f3rakor. Hallgathat\u00f3 az interneten a www.mariaradio.sk\u00a0oldalon. Erd\u00e9lyi... R\u00e9szletek","og_url":"https:\/\/stuttgarti-katolikusok.de\/index.php\/elo-szentmise-kozvetitesek\/","og_site_name":"Stuttgarti Katolikusok","article_published_time":"2020-03-18T09:46:45+00:00","og_image":[{"width":850,"height":478,"url":"https:\/\/stuttgarti-katolikusok.de\/wp-content\/uploads\/2020\/03\/szentmise-kozvetites.jpg","type":"image\/jpeg"}],"author":"Tibor atya","twitter_card":"summary_large_image","twitter_misc":{"Szerz\u0151:":"Tibor atya","Becs\u00fclt olvas\u00e1si id\u0151":"5 perc"},"schema":{"@context":"https:\/\/schema.org","@graph":[{"@type":"Article","@id":"https:\/\/stuttgarti-katolikusok.de\/index.php\/elo-szentmise-kozvetitesek\/#article","isPartOf":{"@id":"https:\/\/stuttgarti-katolikusok.de\/index.php\/elo-szentmise-kozvetitesek\/"},"author":{"name":"Tibor atya","@id":"https:\/\/stuttgarti-katolikusok.de\/#\/schema\/person\/75908d6f8fdc03a57889d27209df7795"},"headline":"\u00c9l\u0151 szentmise-k\u00f6zvet\u00edt\u00e9sek","datePublished":"2020-03-18T09:46:45+00:00","mainEntityOfPage":{"@id":"https:\/\/stuttgarti-katolikusok.de\/index.php\/elo-szentmise-kozvetitesek\/"},"wordCount":1060,"image":{"@id":"https:\/\/stuttgarti-katolikusok.de\/index.php\/elo-szentmise-kozvetitesek\/#primaryimage"},"thumbnailUrl":"https:\/\/stuttgarti-katolikusok.de\/wp-content\/uploads\/2020\/03\/szentmise-kozvetites.jpg","articleSection":["H\u00edrek"],"inLanguage":"hu"},{"@type":"WebPage","@id":"https:\/\/stuttgarti-katolikusok.de\/index.php\/elo-szentmise-kozvetitesek\/","url":"https:\/\/stuttgarti-katolikusok.de\/index.php\/elo-szentmise-kozvetitesek\/","name":"\u00c9l\u0151 szentmise-k\u00f6zvet\u00edt\u00e9sek - Stuttgarti Katolikusok","isPartOf":{"@id":"https:\/\/stuttgarti-katolikusok.de\/#website"},"primaryImageOfPage":{"@id":"https:\/\/stuttgarti-katolikusok.de\/index.php\/elo-szentmise-kozvetitesek\/#primaryimage"},"image":{"@id":"https:\/\/stuttgarti-katolikusok.de\/index.php\/elo-szentmise-kozvetitesek\/#primaryimage"},"thumbnailUrl":"https:\/\/stuttgarti-katolikusok.de\/wp-content\/uploads\/2020\/03\/szentmise-kozvetites.jpg","datePublished":"2020-03-18T09:46:45+00:00","author":{"@id":"https:\/\/stuttgarti-katolikusok.de\/#\/schema\/person\/75908d6f8fdc03a57889d27209df7795"},"breadcrumb":{"@id":"https:\/\/stuttgarti-katolikusok.de\/index.php\/elo-szentmise-kozvetitesek\/#breadcrumb"},"inLanguage":"hu","potentialAction":[{"@type":"ReadAction","target":["https:\/\/stuttgarti-katolikusok.de\/index.php\/elo-szentmise-kozvetitesek\/"]}]},{"@type":"ImageObject","inLanguage":"hu","@id":"https:\/\/stuttgarti-katolikusok.de\/index.php\/elo-szentmise-kozvetitesek\/#primaryimage","url":"https:\/\/stuttgarti-katolikusok.de\/wp-content\/uploads\/2020\/03\/szentmise-kozvetites.jpg","contentUrl":"https:\/\/stuttgarti-katolikusok.de\/wp-content\/uploads\/2020\/03\/szentmise-kozvetites.jpg","width":850,"height":478},{"@type":"BreadcrumbList","@id":"https:\/\/stuttgarti-katolikusok.de\/index.php\/elo-szentmise-kozvetitesek\/#breadcrumb","itemListElement":[{"@type":"ListItem","position":1,"name":"Kezd\u0151lap","item":"https:\/\/stuttgarti-katolikusok.de\/"},{"@type":"ListItem","position":2,"name":"\u00c9l\u0151 szentmise-k\u00f6zvet\u00edt\u00e9sek"}]},{"@type":"WebSite","@id":"https:\/\/stuttgarti-katolikusok.de\/#website","url":"https:\/\/stuttgarti-katolikusok.de\/","name":"Stuttgarti Katolikusok","description":"","potentialAction":[{"@type":"SearchAction","target":{"@type":"EntryPoint","urlTemplate":"https:\/\/stuttgarti-katolikusok.de\/?s={search_term_string}"},"query-input":{"@type":"PropertyValueSpecification","valueRequired":true,"valueName":"search_term_string"}}],"inLanguage":"hu"},{"@type":"Person","@id":"https:\/\/stuttgarti-katolikusok.de\/#\/schema\/person\/75908d6f8fdc03a57889d27209df7795","name":"Tibor atya","image":{"@type":"ImageObject","inLanguage":"hu","@id":"https:\/\/secure.gravatar.com\/avatar\/61d268e57d1f4525b111222e29d2d5a7f8c420fdbf231ba5566a8ceac74fa960?s=96&d=mm&r=g","url":"https:\/\/secure.gravatar.com\/avatar\/61d268e57d1f4525b111222e29d2d5a7f8c420fdbf231ba5566a8ceac74fa960?s=96&d=mm&r=g","contentUrl":"https:\/\/secure.gravatar.com\/avatar\/61d268e57d1f4525b111222e29d2d5a7f8c420fdbf231ba5566a8ceac74fa960?s=96&d=mm&r=g","caption":"Tibor atya"},"url":"https:\/\/stuttgarti-katolikusok.de\/index.php\/author\/tibor-atya\/"}]}},"_links":{"self":[{"href":"https:\/\/stuttgarti-katolikusok.de\/index.php\/wp-json\/wp\/v2\/posts\/19195","targetHints":{"allow":["GET"]}}],"collection":[{"href":"https:\/\/stuttgarti-katolikusok.de\/index.php\/wp-json\/wp\/v2\/posts"}],"about":[{"href":"https:\/\/stuttgarti-katolikusok.de\/index.php\/wp-json\/wp\/v2\/types\/post"}],"author":[{"embeddable":true,"href":"https:\/\/stuttgarti-katolikusok.de\/index.php\/wp-json\/wp\/v2\/users\/3"}],"replies":[{"embeddable":true,"href":"https:\/\/stuttgarti-katolikusok.de\/index.php\/wp-json\/wp\/v2\/comments?post=19195"}],"version-history":[{"count":2,"href":"https:\/\/stuttgarti-katolikusok.de\/index.php\/wp-json\/wp\/v2\/posts\/19195\/revisions"}],"predecessor-version":[{"id":19227,"href":"https:\/\/stuttgarti-katolikusok.de\/index.php\/wp-json\/wp\/v2\/posts\/19195\/revisions\/19227"}],"wp:featuredmedia":[{"embeddable":true,"href":"https:\/\/stuttgarti-katolikusok.de\/index.php\/wp-json\/wp\/v2\/media\/19196"}],"wp:attachment":[{"href":"https:\/\/stuttgarti-katolikusok.de\/index.php\/wp-json\/wp\/v2\/media?parent=19195"}],"wp:term":[{"taxonomy":"category","embeddable":true,"href":"https:\/\/stuttgarti-katolikusok.de\/index.php\/wp-json\/wp\/v2\/categories?post=19195"},{"taxonomy":"post_tag","embeddable":true,"href":"https:\/\/stuttgarti-katolikusok.de\/index.php\/wp-json\/wp\/v2\/tags?post=19195"}],"curies":[{"name":"wp","href":"https:\/\/api.w.org\/{rel}","templated":true}]}}