{"id":19174,"date":"2020-03-17T12:12:02","date_gmt":"2020-03-17T12:12:02","guid":{"rendered":"https:\/\/gracious-dewdney.138-201-221-2.plesk.page\/?p=19174"},"modified":"2020-03-17T14:36:54","modified_gmt":"2020-03-17T14:36:54","slug":"puspoki-rendelkezes-a-koronavirussal-kapcsolatban","status":"publish","type":"post","link":"https:\/\/stuttgarti-katolikusok.de\/index.php\/puspoki-rendelkezes-a-koronavirussal-kapcsolatban\/","title":{"rendered":"P\u00fcsp\u00f6ki rendelkez\u00e9s a koronav\u00edrussal kapcsolatban"},"content":{"rendered":"<p><em>+! Kedves H\u00edveink!<\/em><\/p>\n<p>A Rottenburg \u2013Stuttgarti Egyh\u00e1zmegye a tegnapi nappal pontos\u00edtotta \u00e9s megszor\u00edtotta a koronav\u00edrussal kapcsolatos eddigi rendelkez\u00e9seit.<\/p>\n<p>Az \u00fajabb int\u00e9zked\u00e9sek szerint <strong>\u00e1prilis 19-ig minden szentmis\u00e9t, istentiszteletet vagy egy\u00e9b rendezv\u00e9nyt betilt.<\/strong> Ez id\u0151 alatt a h\u00edvek a vas\u00e1rnapi szentmis\u00e9n val\u00f3 r\u00e9szv\u00e9tel k\u00f6telezetts\u00e9ge al\u00f3l fel vannak mentve!<\/p>\n<p><strong>A templomok<\/strong> azonban tov\u00e1bbra is nyitva maradnak, hogy a h\u00edv\u0151knek lehet\u0151s\u00e9g\u00fck legyen a szem\u00e9lyes im\u00e1ra.<\/p>\n<p><em>\u201eF\u00e1jdalmas d\u00f6nt\u00e9s ez nekem,<\/em> &#8211; mondta Dr. Gebhard F\u00fcrst p\u00fcsp\u00f6k, <em>amely igen nehezemre esik&#8230; Egyh\u00e1zk\u00e9nt azonban szeretn\u00e9nk \u00e9ppen ezekben a neh\u00e9z id\u0151kben h\u00edveink mellett \u00e1llni \u00e9s \u0151ket ezen a neh\u00e9z \u00fatszakaszon elk\u00eds\u00e9rni.\u201d<\/em><\/p>\n<p>A p\u00fcp\u00f6ki rendelkez\u00e9s \u00e9rtelm\u00e9ben<strong> az egyh\u00e1zk\u00f6zs\u00e9gi irod\u00e1k<\/strong> is nyitva tartanak a megszokott program szerint, \u00e9s \u2013 lelkip\u00e1sztori g\u00f3cpontk\u00e9nt &#8211; telefonon vagy pedig e-mailen kereszt\u00fcl \u2013 tov\u00e1bbra is a h\u00edvek rendelkez\u00e9s\u00e9re \u00e1llnak. A lelkip\u00e1sztorok pedig minden lelkip\u00e1sztori \u00fcggyel kapcsolatosan v\u00e1ltozatlanul felkereshet\u0151.<\/p>\n<p><strong>Az els\u0151\u00e1ldoz\u00e1sok<\/strong> a ny\u00e1ri vak\u00e1ci\u00f3 ut\u00e1nra halaszt\u00f3dnak.<\/p>\n<p><strong>A b\u00e9rm\u00e1l\u00e1sokat,<\/strong> amelyek m\u00e1jus v\u00e9g\u00e9ig tervben voltak, a P\u00fcsp\u00f6k lemondta, \u00e9s 2020 szeptembere, illetve 2021 m\u00e1rciusa k\u00f6z\u00f6tt tartja meg.<\/p>\n<p>M\u00e1jus v\u00e9g\u00e9ig <strong>az esk\u00fcv\u0151ket<\/strong> sem lehet megtartani, hanem k\u00e9s\u0151bbi id\u0151pontra kell halasztani.<\/p>\n<p><strong>A keresztel\u0151ket<\/strong> csak sz\u00fcks\u00e9ghelyzetben szabad meg\u00fcnnepelni, \u00e9s akkor is csak sz\u0171k csal\u00e1di k\u00f6rben.<\/p>\n<p><strong>A temet\u00e9seket<\/strong> \u2013 a vil\u00e1gi hat\u00f3s\u00e1gok rendelkez\u00e9sei szerint \u2013 kis l\u00e9tsz\u00e1m\u00fa r\u00e9sztvev\u0151vel szabad megtartani. A rekviemet, illetve a halott\u00e9rt v\u00e9gzend\u0151 szentmis\u00e9t egy k\u00e9s\u0151bbi id\u0151pontra kell \u00e1ttenni.<\/p>\n<p><strong>A betegl\u00e1togat\u00e1sok \u00e9s betegell\u00e1t\u00e1sok<\/strong> is sz\u00fcnetelnek.<\/p>\n<p>A lelkip\u00e1sztorok azonban sz\u00fcks\u00e9ghelyzetben \u2013 pl. \u00e9letvesz\u00e9lyben \u2013 az ide vonatkoz\u00f3 higi\u00e9niai el\u0151\u00edr\u00e1sok betart\u00e1sa mellett term\u00e9szetesen kiosztj\u00e1k a betegek kenet\u00e9t, illetve meg\u00e1ldoztatj\u00e1k a beteget.<\/p>\n<p>Ami <strong>a nagyh\u00e9t \u00e9s a H\u00fasv\u00e9t<\/strong> meg\u00fcnnepl\u00e9s\u00e9t illeti, arr\u00f3l majd az Egyh\u00e1zmegye m\u00e9g kell\u0151 id\u0151ben \u00e9rtes\u00edti h\u00edveit.<\/p>\n<p>Eddig a p\u00fcsp\u00f6ki k\u00f6rlev\u00e9l.<\/p>\n<p>Mivel a P\u00fcsp\u00f6ks\u00e9g joghat\u00f3s\u00e1ga al\u00e1 tartozunk, mi is ennek \u00e9rtelm\u00e9ben kell, hogy cselekedj\u00fcnk. Konkr\u00e9tan:<\/p>\n<ol>\n<li>\u00e1prilis 19-ig minden r\u00e9szegyh\u00e1zk\u00f6zs\u00e9g\u00fcnkben <strong>sz\u00fcnetelnek a szentmis\u00e9k,<\/strong> illetve az ut\u00e1nuk szok\u00e1sos <strong>\u00e1g\u00e1p\u00e9k.<\/strong><\/li>\n<li>Ugyancsak <strong>sz\u00fcnetelnek<\/strong> \u2013 Stuttgartban, Ulmban \u00e9s Weingartenben \u2013 <strong>a szok\u00e1sos heti programok \u00e9s rendezv\u00e9nyek:<\/strong> <em>Bar\u00e1ts\u00e1gklub, Bibliak\u00f6r, Erasmus, Imak\u00f6r, K\u00f3rus, Sportklub,<\/em> illetve egy\u00e9b K\u00f6r\u00f6k \u00e9s Klubok.<\/li>\n<li><strong>A templomok azonban nyitva maradnak!<\/strong> Akik oda szem\u00e9lyes im\u00e1ra be akarnak t\u00e9rni, reggel 8 \u00f3r\u00e1t\u00f3l este 6 \u00f3r\u00e1ig megtehetik. Im\u00e1kat egy\u00e9bk\u00e9nt t\u0151l\u00fcnk, lelkip\u00e1sztorokt\u00f3l lehet k\u00e9rni!<\/li>\n<li>Tibor aty\u00e1val egy\u00fctt m\u00e9g a k\u00f6vetkez\u0151 javaslatot tessz\u00fck: <strong>minden napi im\u00e1nkba Ti is<\/strong> bekapcsol\u00f3dhattok. A k\u00f6vetkez\u0151 level\u00fcnkben mell\u00e9kelj\u00fck a k\u00fcl\u00f6n erre a c\u00e9lra szerkesztett <strong>ima-t\u00e1bl\u00e1zatot<\/strong>, s majd feltessz\u00fck a honlapra, a facebookra vagy pedig a WatsAppra, hogy ha akarj\u00e1tok, akkor vel\u00fcnk im\u00e1dkozz\u00e1tok a k\u00fcl\u00f6nb\u00f6z\u0151 im\u00e1kat.<\/li>\n<li><strong>Megszervezz\u00fck<\/strong> azt, hogy ha id\u0151sebb testv\u00e9reinknek \u00e9s n\u0151v\u00e9reinknek sz\u00fcks\u00e9ge lenne mondjuk bev\u00e1s\u00e1rl\u00e1sra, \u00fcgyint\u00e9z\u00e9sre, stb. akkor <strong>\u00f6nk\u00e9ntesek <\/strong>seg\u00edtsenek nekik. K\u00e9rj\u00fck minden \u00e9rintett vagy \u00f6nk\u00e9ntes jelentkez\u00e9s\u00e9t!<\/li>\n<li>V\u00e9g\u00fcl b\u00e1rmikor <strong>forduljatok hozz\u00e1nk<\/strong> minden \u00fcgyes-bajos dolgaitokban!<\/li>\n<\/ol>\n<p>Az, hogy Istennek mi a sz\u00e1nd\u00e9ka azzal, hogy megengedte ennek a hal\u00e1lt hordoz\u00f3 v\u00edrusnak az elterjed\u00e9s\u00e9t, nem tudjuk. Hissz\u00fck azonban azt, hogy &#8211; mint minden az \u00e9letben -, ez is az \u0150 gondvisel\u0151, \u00f6r\u00f6k \u00fcdv\u00f6ss\u00e9g\u00fcnket munk\u00e1l\u00f3 szeretet\u00e9nek a jele. Im\u00e1dkozzunk h\u00e1t, b\u00f6jt\u00f6lj\u00fcnk, tartsunk \u00f6ssze, \u00e9s rem\u00e9lj\u00fck, hogy ez is majd \u2013 el\u0151bb vagy ut\u00f3bb \u2013 a mi testi-lelki javunkat szolg\u00e1lja!<\/p>\n<p>Lelkip\u00e1sztori szeretettel,<\/p>\n<p><em>Imre atya \u00e9s Tbor atya<\/em><\/p>\n<p>Stuttgart, 2020-03-17.<\/p>\n<table>\n<tbody>\n<tr>\n<td width=\"139\"><strong>Nap<\/strong><\/td>\n<td width=\"240\"><strong>Reggel (7.00 \u00f3ra)<\/strong><\/td>\n<td width=\"191\"><strong>D\u00e9lben (12.00 \u00f3ra)<\/strong><\/td>\n<td width=\"192\"><strong>Este (20.30 \u00f3ra)<\/strong><\/td>\n<\/tr>\n<tr>\n<td width=\"139\">H\u00c9TF\u0150<\/td>\n<td width=\"240\"><em>1 Hiszekegy, 1 Miaty\u00e1nk, 1 \u00dcdv\u00f6zl\u00e9gy, 1 Dics\u0151s\u00e9g&#8230; Erd\u0151 P\u00e9ter b\u00edboros im\u00e1ja<\/em><\/td>\n<td width=\"191\"><em>Most seg\u00edts meg, M\u00e1ria&#8230; (Hozsanna<\/em><\/td>\n<td width=\"192\"><em>J\u00e9zus neve lit\u00e1nia&#8230; (Hozsanna 54-58. old.)<\/em><\/td>\n<\/tr>\n<tr>\n<td width=\"139\">KEDD<\/td>\n<td width=\"240\">\n<p><em>1 Hiszekegy, 1 Miaty\u00e1nk, 1 \u00dcdv\u00f6zl\u00e9gy, 1 Dics\u0151s\u00e9g&#8230;<\/em><\/p>\n<p><em>Erd\u0151 P\u00e9ter b\u00edboros im\u00e1ja<\/em><\/td>\n<td width=\"191\"><em>Oltalmad al\u00e1 futunk&#8230; (Hozsanna 69. old.)<\/em><\/td>\n<td width=\"192\"><em>J\u00e9zus Sz\u00edve lit\u00e1nia&#8230;. (Hozsanna 59-62. old.)<\/em><\/td>\n<\/tr>\n<tr>\n<td width=\"139\">SZERDA<\/td>\n<td width=\"240\"><em>1 Hiszekegy, 1 Miaty\u00e1nk, 1 \u00dcdv\u00f6zl\u00e9gy, 1 Dics\u0151s\u00e9g&#8230; Erd\u0151 P\u00e9ter b\u00edboros im\u00e1ja<\/em><\/td>\n<td width=\"191\"><em>Eml\u00e9kezz\u00e9l meg, \u00f3 kegyes Sz\u0171z Anya, M\u00e1ria&#8230; (Hozsanna 70. old.)<\/em><\/td>\n<td width=\"192\"><em>Komplet\u00f3rium (S)<\/em><\/td>\n<\/tr>\n<tr>\n<td width=\"139\">CS\u00dcT\u00d6RT\u00d6K<\/td>\n<td width=\"240\"><em>1 Hiszekegy, 1 Miaty\u00e1nk, 1 \u00dcdv\u00f6zl\u00e9gy, 1 Dics\u0151s\u00e9g&#8230; Erd\u0151 P\u00e9ter b\u00edboros im\u00e1ja<\/em><\/td>\n<td width=\"191\"><em>Sz\u0171z Sz\u00fcl\u0151je Istennek&#8230;<\/em><\/td>\n<td width=\"192\"><em>A f\u00e1jdalmas r\u00f3zsaf\u00fcz\u00e9r (UL) (Hozsanna 70-71. old.)<\/em><\/td>\n<\/tr>\n<tr>\n<td width=\"139\">P\u00c9NTEK<\/td>\n<td width=\"240\"><em>1 Hiszekegy, 1 Miaty\u00e1nk, 1 \u00dcdv\u00f6zl\u00e9gy, 1 Dics\u0151s\u00e9g&#8230; Erd\u0151 P\u00e9ter b\u00edboros im\u00e1ja<\/em><\/td>\n<td width=\"191\"><em>Valamilyen M\u00e1ria-\u00e9nek a Hozsann\u00e1b\u00f3l (160.-196. sz.)<\/em><\/td>\n<td width=\"192\"><em>Kereszt\u00fat (S) (Hozsanna 45-53. old.)<\/em><\/td>\n<\/tr>\n<tr>\n<td width=\"139\">SZOMBAT<\/td>\n<td width=\"240\"><em>1 Hiszekegy, 1 Miaty\u00e1nk, 1 \u00dcdv\u00f6zl\u00e9gy, 1 Dics\u0151s\u00e9g&#8230; Erd\u0151 P\u00e9ter b\u00edboros im\u00e1ja<\/em><\/td>\n<td width=\"191\"><em>Az \u00dar angyala k\u00f6sz\u00f6nt\u00e9 Sz\u0171z M\u00e1ri\u00e1t&#8230; (Hozsanna 7. old.)<\/em><\/td>\n<td width=\"192\"><em>Sz\u0171z M\u00e1ria lit\u00e1nia&#8230; (Hozsanna 68-70. old.)<\/em><\/td>\n<\/tr>\n<tr>\n<td width=\"139\">VAS\u00c1RNAP<\/td>\n<td width=\"240\"><em>1 Hiszekegy, 1 Miaty\u00e1nk, 1 \u00dcdv\u00f6zl\u00e9gy, 1 Dics\u0151s\u00e9g&#8230; Erd\u0151 P\u00e9ter b\u00edboros im\u00e1ja<\/em><\/td>\n<td width=\"191\"><em>\u00dcdv\u00f6zl\u00e9gy, M\u00e1ria&#8230; (Hozsanna (Hozsanna 6. old.)<\/em><\/td>\n<td width=\"192\"><em>Egyetes k\u00f6ny\u00f6rg\u00e9sek a j\u00e1rv\u00e1ny megsz\u00fcn\u00e9s\u00e9\u00e9rt<\/em><\/td>\n<\/tr>\n<\/tbody>\n<\/table>\n<p>&nbsp;<\/p>\n","protected":false},"excerpt":{"rendered":"<p>+! Kedves H\u00edveink! A Rottenburg \u2013Stuttgarti Egyh\u00e1zmegye a tegnapi nappal pontos\u00edtotta \u00e9s megszor\u00edtotta a koronav\u00edrussal kapcsolatos eddigi rendelkez\u00e9seit. Az \u00fajabb int\u00e9zked\u00e9sek szerint \u00e1prilis 19-ig minden szentmis\u00e9t, istentiszteletet vagy egy\u00e9b rendezv\u00e9nyt betilt. Ez id\u0151 alatt a h\u00edvek a vas\u00e1rnapi szentmis\u00e9n val\u00f3 r\u00e9szv\u00e9tel k\u00f6telezetts\u00e9ge al\u00f3l fel vannak mentve! A templomok azonban tov\u00e1bbra is nyitva maradnak, hogy a h\u00edv\u0151knek lehet\u0151s\u00e9g\u00fck legyen a szem\u00e9lyes im\u00e1ra. \u201eF\u00e1jdalmas d\u00f6nt\u00e9s ez nekem, &#8211; mondta Dr. Gebhard F\u00fcrst p\u00fcsp\u00f6k, amely igen nehezemre esik&#8230; Egyh\u00e1zk\u00e9nt azonban szeretn\u00e9nk \u00e9ppen ezekben a neh\u00e9z id\u0151kben h\u00edveink mellett \u00e1llni \u00e9s \u0151ket ezen a neh\u00e9z \u00fatszakaszon elk\u00eds\u00e9rni.\u201d A p\u00fcp\u00f6ki rendelkez\u00e9s \u00e9rtelm\u00e9ben az egyh\u00e1zk\u00f6zs\u00e9gi irod\u00e1k is nyitva tartanak a megszokott program szerint, \u00e9s \u2013 lelkip\u00e1sztori g\u00f3cpontk\u00e9nt &#8211; telefonon vagy pedig e-mailen kereszt\u00fcl \u2013 tov\u00e1bbra is a h\u00edvek rendelkez\u00e9s\u00e9re \u00e1llnak. A lelkip\u00e1sztorok pedig minden lelkip\u00e1sztori \u00fcggyel kapcsolatosan v\u00e1ltozatlanul felkereshet\u0151. Az els\u0151\u00e1ldoz\u00e1sok a ny\u00e1ri vak\u00e1ci\u00f3 ut\u00e1nra halaszt\u00f3dnak. A b\u00e9rm\u00e1l\u00e1sokat, amelyek m\u00e1jus v\u00e9g\u00e9ig tervben voltak, a P\u00fcsp\u00f6k lemondta, \u00e9s 2020 szeptembere, illetve 2021 m\u00e1rciusa k\u00f6z\u00f6tt tartja meg. M\u00e1jus v\u00e9g\u00e9ig az esk\u00fcv\u0151ket sem lehet megtartani, hanem k\u00e9s\u0151bbi id\u0151pontra kell halasztani. A keresztel\u0151ket csak sz\u00fcks\u00e9ghelyzetben szabad meg\u00fcnnepelni, \u00e9s akkor is csak sz\u0171k csal\u00e1di k\u00f6rben. A temet\u00e9seket \u2013 a vil\u00e1gi hat\u00f3s\u00e1gok rendelkez\u00e9sei szerint \u2013 kis l\u00e9tsz\u00e1m\u00fa r\u00e9sztvev\u0151vel szabad megtartani. A rekviemet, illetve a halott\u00e9rt v\u00e9gzend\u0151 szentmis\u00e9t egy k\u00e9s\u0151bbi id\u0151pontra kell \u00e1ttenni. A betegl\u00e1togat\u00e1sok \u00e9s betegell\u00e1t\u00e1sok is sz\u00fcnetelnek. A lelkip\u00e1sztorok azonban sz\u00fcks\u00e9ghelyzetben \u2013 pl. \u00e9letvesz\u00e9lyben \u2013 az ide vonatkoz\u00f3 higi\u00e9niai el\u0151\u00edr\u00e1sok betart\u00e1sa mellett term\u00e9szetesen kiosztj\u00e1k a betegek kenet\u00e9t, illetve meg\u00e1ldoztatj\u00e1k a beteget. Ami a nagyh\u00e9t \u00e9s a H\u00fasv\u00e9t meg\u00fcnnepl\u00e9s\u00e9t illeti, arr\u00f3l majd az Egyh\u00e1zmegye m\u00e9g kell\u0151 id\u0151ben \u00e9rtes\u00edti h\u00edveit. Eddig a p\u00fcsp\u00f6ki k\u00f6rlev\u00e9l. Mivel a P\u00fcsp\u00f6ks\u00e9g joghat\u00f3s\u00e1ga al\u00e1 tartozunk, mi is ennek \u00e9rtelm\u00e9ben kell, hogy cselekedj\u00fcnk. Konkr\u00e9tan: \u00e1prilis 19-ig minden r\u00e9szegyh\u00e1zk\u00f6zs\u00e9g\u00fcnkben sz\u00fcnetelnek a szentmis\u00e9k, illetve az ut\u00e1nuk szok\u00e1sos \u00e1g\u00e1p\u00e9k. Ugyancsak sz\u00fcnetelnek \u2013 Stuttgartban, Ulmban \u00e9s Weingartenben \u2013 a szok\u00e1sos heti programok \u00e9s&#8230; <\/p>\n<p><a class=\"readmore\" href=\"https:\/\/stuttgarti-katolikusok.de\/index.php\/puspoki-rendelkezes-a-koronavirussal-kapcsolatban\/\">R\u00e9szletek<\/a><\/p>\n","protected":false},"author":3,"featured_media":19175,"comment_status":"closed","ping_status":"closed","sticky":false,"template":"","format":"standard","meta":{"footnotes":""},"categories":[37],"tags":[],"class_list":["post-19174","post","type-post","status-publish","format-standard","has-post-thumbnail","hentry","category-progamelozetes"],"yoast_head":"<!-- This site is optimized with the Yoast SEO plugin v27.3 - https:\/\/yoast.com\/product\/yoast-seo-wordpress\/ -->\n<title>P\u00fcsp\u00f6ki rendelkez\u00e9s a koronav\u00edrussal kapcsolatban - Stuttgarti Katolikusok<\/title>\n<meta name=\"robots\" content=\"index, follow, max-snippet:-1, max-image-preview:large, max-video-preview:-1\" \/>\n<link rel=\"canonical\" href=\"https:\/\/stuttgarti-katolikusok.de\/index.php\/puspoki-rendelkezes-a-koronavirussal-kapcsolatban\/\" \/>\n<meta property=\"og:locale\" content=\"hu_HU\" \/>\n<meta property=\"og:type\" content=\"article\" \/>\n<meta property=\"og:title\" content=\"P\u00fcsp\u00f6ki rendelkez\u00e9s a koronav\u00edrussal kapcsolatban - Stuttgarti Katolikusok\" \/>\n<meta property=\"og:description\" content=\"+! Kedves H\u00edveink! A Rottenburg \u2013Stuttgarti Egyh\u00e1zmegye a tegnapi nappal pontos\u00edtotta \u00e9s megszor\u00edtotta a koronav\u00edrussal kapcsolatos eddigi rendelkez\u00e9seit. Az \u00fajabb int\u00e9zked\u00e9sek szerint \u00e1prilis 19-ig minden szentmis\u00e9t, istentiszteletet vagy egy\u00e9b rendezv\u00e9nyt betilt. Ez id\u0151 alatt a h\u00edvek a vas\u00e1rnapi szentmis\u00e9n val\u00f3 r\u00e9szv\u00e9tel k\u00f6telezetts\u00e9ge al\u00f3l fel vannak mentve! A templomok azonban tov\u00e1bbra is nyitva maradnak, hogy a h\u00edv\u0151knek lehet\u0151s\u00e9g\u00fck legyen a szem\u00e9lyes im\u00e1ra. \u201eF\u00e1jdalmas d\u00f6nt\u00e9s ez nekem, &#8211; mondta Dr. Gebhard F\u00fcrst p\u00fcsp\u00f6k, amely igen nehezemre esik&#8230; Egyh\u00e1zk\u00e9nt azonban szeretn\u00e9nk \u00e9ppen ezekben a neh\u00e9z id\u0151kben h\u00edveink mellett \u00e1llni \u00e9s \u0151ket ezen a neh\u00e9z \u00fatszakaszon elk\u00eds\u00e9rni.\u201d A p\u00fcp\u00f6ki rendelkez\u00e9s \u00e9rtelm\u00e9ben az egyh\u00e1zk\u00f6zs\u00e9gi irod\u00e1k is nyitva tartanak a megszokott program szerint, \u00e9s \u2013 lelkip\u00e1sztori g\u00f3cpontk\u00e9nt &#8211; telefonon vagy pedig e-mailen kereszt\u00fcl \u2013 tov\u00e1bbra is a h\u00edvek rendelkez\u00e9s\u00e9re \u00e1llnak. A lelkip\u00e1sztorok pedig minden lelkip\u00e1sztori \u00fcggyel kapcsolatosan v\u00e1ltozatlanul felkereshet\u0151. Az els\u0151\u00e1ldoz\u00e1sok a ny\u00e1ri vak\u00e1ci\u00f3 ut\u00e1nra halaszt\u00f3dnak. A b\u00e9rm\u00e1l\u00e1sokat, amelyek m\u00e1jus v\u00e9g\u00e9ig tervben voltak, a P\u00fcsp\u00f6k lemondta, \u00e9s 2020 szeptembere, illetve 2021 m\u00e1rciusa k\u00f6z\u00f6tt tartja meg. M\u00e1jus v\u00e9g\u00e9ig az esk\u00fcv\u0151ket sem lehet megtartani, hanem k\u00e9s\u0151bbi id\u0151pontra kell halasztani. A keresztel\u0151ket csak sz\u00fcks\u00e9ghelyzetben szabad meg\u00fcnnepelni, \u00e9s akkor is csak sz\u0171k csal\u00e1di k\u00f6rben. A temet\u00e9seket \u2013 a vil\u00e1gi hat\u00f3s\u00e1gok rendelkez\u00e9sei szerint \u2013 kis l\u00e9tsz\u00e1m\u00fa r\u00e9sztvev\u0151vel szabad megtartani. A rekviemet, illetve a halott\u00e9rt v\u00e9gzend\u0151 szentmis\u00e9t egy k\u00e9s\u0151bbi id\u0151pontra kell \u00e1ttenni. A betegl\u00e1togat\u00e1sok \u00e9s betegell\u00e1t\u00e1sok is sz\u00fcnetelnek. A lelkip\u00e1sztorok azonban sz\u00fcks\u00e9ghelyzetben \u2013 pl. \u00e9letvesz\u00e9lyben \u2013 az ide vonatkoz\u00f3 higi\u00e9niai el\u0151\u00edr\u00e1sok betart\u00e1sa mellett term\u00e9szetesen kiosztj\u00e1k a betegek kenet\u00e9t, illetve meg\u00e1ldoztatj\u00e1k a beteget. Ami a nagyh\u00e9t \u00e9s a H\u00fasv\u00e9t meg\u00fcnnepl\u00e9s\u00e9t illeti, arr\u00f3l majd az Egyh\u00e1zmegye m\u00e9g kell\u0151 id\u0151ben \u00e9rtes\u00edti h\u00edveit. Eddig a p\u00fcsp\u00f6ki k\u00f6rlev\u00e9l. Mivel a P\u00fcsp\u00f6ks\u00e9g joghat\u00f3s\u00e1ga al\u00e1 tartozunk, mi is ennek \u00e9rtelm\u00e9ben kell, hogy cselekedj\u00fcnk. Konkr\u00e9tan: \u00e1prilis 19-ig minden r\u00e9szegyh\u00e1zk\u00f6zs\u00e9g\u00fcnkben sz\u00fcnetelnek a szentmis\u00e9k, illetve az ut\u00e1nuk szok\u00e1sos \u00e1g\u00e1p\u00e9k. Ugyancsak sz\u00fcnetelnek \u2013 Stuttgartban, Ulmban \u00e9s Weingartenben \u2013 a szok\u00e1sos heti programok \u00e9s... R\u00e9szletek\" \/>\n<meta property=\"og:url\" content=\"https:\/\/stuttgarti-katolikusok.de\/index.php\/puspoki-rendelkezes-a-koronavirussal-kapcsolatban\/\" \/>\n<meta property=\"og:site_name\" content=\"Stuttgarti Katolikusok\" \/>\n<meta property=\"article:published_time\" content=\"2020-03-17T12:12:02+00:00\" \/>\n<meta property=\"article:modified_time\" content=\"2020-03-17T14:36:54+00:00\" \/>\n<meta property=\"og:image\" content=\"https:\/\/stuttgarti-katolikusok.de\/wp-content\/uploads\/2020\/03\/hirdetes-koronavirus.jpg\" \/>\n\t<meta property=\"og:image:width\" content=\"761\" \/>\n\t<meta property=\"og:image:height\" content=\"523\" \/>\n\t<meta property=\"og:image:type\" content=\"image\/jpeg\" \/>\n<meta name=\"author\" content=\"Tibor atya\" \/>\n<meta name=\"twitter:card\" content=\"summary_large_image\" \/>\n<meta name=\"twitter:label1\" content=\"Szerz\u0151:\" \/>\n\t<meta name=\"twitter:data1\" content=\"Tibor atya\" \/>\n\t<meta name=\"twitter:label2\" content=\"Becs\u00fclt olvas\u00e1si id\u0151\" \/>\n\t<meta name=\"twitter:data2\" content=\"5 perc\" \/>\n<script type=\"application\/ld+json\" class=\"yoast-schema-graph\">{\"@context\":\"https:\\\/\\\/schema.org\",\"@graph\":[{\"@type\":\"Article\",\"@id\":\"https:\\\/\\\/stuttgarti-katolikusok.de\\\/index.php\\\/puspoki-rendelkezes-a-koronavirussal-kapcsolatban\\\/#article\",\"isPartOf\":{\"@id\":\"https:\\\/\\\/stuttgarti-katolikusok.de\\\/index.php\\\/puspoki-rendelkezes-a-koronavirussal-kapcsolatban\\\/\"},\"author\":{\"name\":\"Tibor atya\",\"@id\":\"https:\\\/\\\/stuttgarti-katolikusok.de\\\/#\\\/schema\\\/person\\\/75908d6f8fdc03a57889d27209df7795\"},\"headline\":\"P\u00fcsp\u00f6ki rendelkez\u00e9s a koronav\u00edrussal kapcsolatban\",\"datePublished\":\"2020-03-17T12:12:02+00:00\",\"dateModified\":\"2020-03-17T14:36:54+00:00\",\"mainEntityOfPage\":{\"@id\":\"https:\\\/\\\/stuttgarti-katolikusok.de\\\/index.php\\\/puspoki-rendelkezes-a-koronavirussal-kapcsolatban\\\/\"},\"wordCount\":988,\"image\":{\"@id\":\"https:\\\/\\\/stuttgarti-katolikusok.de\\\/index.php\\\/puspoki-rendelkezes-a-koronavirussal-kapcsolatban\\\/#primaryimage\"},\"thumbnailUrl\":\"https:\\\/\\\/stuttgarti-katolikusok.de\\\/wp-content\\\/uploads\\\/2020\\\/03\\\/hirdetes-koronavirus.jpg\",\"articleSection\":[\"Progamel\u0151zetes\"],\"inLanguage\":\"hu\"},{\"@type\":\"WebPage\",\"@id\":\"https:\\\/\\\/stuttgarti-katolikusok.de\\\/index.php\\\/puspoki-rendelkezes-a-koronavirussal-kapcsolatban\\\/\",\"url\":\"https:\\\/\\\/stuttgarti-katolikusok.de\\\/index.php\\\/puspoki-rendelkezes-a-koronavirussal-kapcsolatban\\\/\",\"name\":\"P\u00fcsp\u00f6ki rendelkez\u00e9s a koronav\u00edrussal kapcsolatban - Stuttgarti Katolikusok\",\"isPartOf\":{\"@id\":\"https:\\\/\\\/stuttgarti-katolikusok.de\\\/#website\"},\"primaryImageOfPage\":{\"@id\":\"https:\\\/\\\/stuttgarti-katolikusok.de\\\/index.php\\\/puspoki-rendelkezes-a-koronavirussal-kapcsolatban\\\/#primaryimage\"},\"image\":{\"@id\":\"https:\\\/\\\/stuttgarti-katolikusok.de\\\/index.php\\\/puspoki-rendelkezes-a-koronavirussal-kapcsolatban\\\/#primaryimage\"},\"thumbnailUrl\":\"https:\\\/\\\/stuttgarti-katolikusok.de\\\/wp-content\\\/uploads\\\/2020\\\/03\\\/hirdetes-koronavirus.jpg\",\"datePublished\":\"2020-03-17T12:12:02+00:00\",\"dateModified\":\"2020-03-17T14:36:54+00:00\",\"author\":{\"@id\":\"https:\\\/\\\/stuttgarti-katolikusok.de\\\/#\\\/schema\\\/person\\\/75908d6f8fdc03a57889d27209df7795\"},\"breadcrumb\":{\"@id\":\"https:\\\/\\\/stuttgarti-katolikusok.de\\\/index.php\\\/puspoki-rendelkezes-a-koronavirussal-kapcsolatban\\\/#breadcrumb\"},\"inLanguage\":\"hu\",\"potentialAction\":[{\"@type\":\"ReadAction\",\"target\":[\"https:\\\/\\\/stuttgarti-katolikusok.de\\\/index.php\\\/puspoki-rendelkezes-a-koronavirussal-kapcsolatban\\\/\"]}]},{\"@type\":\"ImageObject\",\"inLanguage\":\"hu\",\"@id\":\"https:\\\/\\\/stuttgarti-katolikusok.de\\\/index.php\\\/puspoki-rendelkezes-a-koronavirussal-kapcsolatban\\\/#primaryimage\",\"url\":\"https:\\\/\\\/stuttgarti-katolikusok.de\\\/wp-content\\\/uploads\\\/2020\\\/03\\\/hirdetes-koronavirus.jpg\",\"contentUrl\":\"https:\\\/\\\/stuttgarti-katolikusok.de\\\/wp-content\\\/uploads\\\/2020\\\/03\\\/hirdetes-koronavirus.jpg\",\"width\":761,\"height\":523},{\"@type\":\"BreadcrumbList\",\"@id\":\"https:\\\/\\\/stuttgarti-katolikusok.de\\\/index.php\\\/puspoki-rendelkezes-a-koronavirussal-kapcsolatban\\\/#breadcrumb\",\"itemListElement\":[{\"@type\":\"ListItem\",\"position\":1,\"name\":\"Kezd\u0151lap\",\"item\":\"https:\\\/\\\/stuttgarti-katolikusok.de\\\/\"},{\"@type\":\"ListItem\",\"position\":2,\"name\":\"P\u00fcsp\u00f6ki rendelkez\u00e9s a koronav\u00edrussal kapcsolatban\"}]},{\"@type\":\"WebSite\",\"@id\":\"https:\\\/\\\/stuttgarti-katolikusok.de\\\/#website\",\"url\":\"https:\\\/\\\/stuttgarti-katolikusok.de\\\/\",\"name\":\"Stuttgarti Katolikusok\",\"description\":\"\",\"potentialAction\":[{\"@type\":\"SearchAction\",\"target\":{\"@type\":\"EntryPoint\",\"urlTemplate\":\"https:\\\/\\\/stuttgarti-katolikusok.de\\\/?s={search_term_string}\"},\"query-input\":{\"@type\":\"PropertyValueSpecification\",\"valueRequired\":true,\"valueName\":\"search_term_string\"}}],\"inLanguage\":\"hu\"},{\"@type\":\"Person\",\"@id\":\"https:\\\/\\\/stuttgarti-katolikusok.de\\\/#\\\/schema\\\/person\\\/75908d6f8fdc03a57889d27209df7795\",\"name\":\"Tibor atya\",\"image\":{\"@type\":\"ImageObject\",\"inLanguage\":\"hu\",\"@id\":\"https:\\\/\\\/secure.gravatar.com\\\/avatar\\\/61d268e57d1f4525b111222e29d2d5a7f8c420fdbf231ba5566a8ceac74fa960?s=96&d=mm&r=g\",\"url\":\"https:\\\/\\\/secure.gravatar.com\\\/avatar\\\/61d268e57d1f4525b111222e29d2d5a7f8c420fdbf231ba5566a8ceac74fa960?s=96&d=mm&r=g\",\"contentUrl\":\"https:\\\/\\\/secure.gravatar.com\\\/avatar\\\/61d268e57d1f4525b111222e29d2d5a7f8c420fdbf231ba5566a8ceac74fa960?s=96&d=mm&r=g\",\"caption\":\"Tibor atya\"},\"url\":\"https:\\\/\\\/stuttgarti-katolikusok.de\\\/index.php\\\/author\\\/tibor-atya\\\/\"}]}<\/script>\n<!-- \/ Yoast SEO plugin. -->","yoast_head_json":{"title":"P\u00fcsp\u00f6ki rendelkez\u00e9s a koronav\u00edrussal kapcsolatban - Stuttgarti Katolikusok","robots":{"index":"index","follow":"follow","max-snippet":"max-snippet:-1","max-image-preview":"max-image-preview:large","max-video-preview":"max-video-preview:-1"},"canonical":"https:\/\/stuttgarti-katolikusok.de\/index.php\/puspoki-rendelkezes-a-koronavirussal-kapcsolatban\/","og_locale":"hu_HU","og_type":"article","og_title":"P\u00fcsp\u00f6ki rendelkez\u00e9s a koronav\u00edrussal kapcsolatban - Stuttgarti Katolikusok","og_description":"+! Kedves H\u00edveink! A Rottenburg \u2013Stuttgarti Egyh\u00e1zmegye a tegnapi nappal pontos\u00edtotta \u00e9s megszor\u00edtotta a koronav\u00edrussal kapcsolatos eddigi rendelkez\u00e9seit. Az \u00fajabb int\u00e9zked\u00e9sek szerint \u00e1prilis 19-ig minden szentmis\u00e9t, istentiszteletet vagy egy\u00e9b rendezv\u00e9nyt betilt. Ez id\u0151 alatt a h\u00edvek a vas\u00e1rnapi szentmis\u00e9n val\u00f3 r\u00e9szv\u00e9tel k\u00f6telezetts\u00e9ge al\u00f3l fel vannak mentve! A templomok azonban tov\u00e1bbra is nyitva maradnak, hogy a h\u00edv\u0151knek lehet\u0151s\u00e9g\u00fck legyen a szem\u00e9lyes im\u00e1ra. \u201eF\u00e1jdalmas d\u00f6nt\u00e9s ez nekem, &#8211; mondta Dr. Gebhard F\u00fcrst p\u00fcsp\u00f6k, amely igen nehezemre esik&#8230; Egyh\u00e1zk\u00e9nt azonban szeretn\u00e9nk \u00e9ppen ezekben a neh\u00e9z id\u0151kben h\u00edveink mellett \u00e1llni \u00e9s \u0151ket ezen a neh\u00e9z \u00fatszakaszon elk\u00eds\u00e9rni.\u201d A p\u00fcp\u00f6ki rendelkez\u00e9s \u00e9rtelm\u00e9ben az egyh\u00e1zk\u00f6zs\u00e9gi irod\u00e1k is nyitva tartanak a megszokott program szerint, \u00e9s \u2013 lelkip\u00e1sztori g\u00f3cpontk\u00e9nt &#8211; telefonon vagy pedig e-mailen kereszt\u00fcl \u2013 tov\u00e1bbra is a h\u00edvek rendelkez\u00e9s\u00e9re \u00e1llnak. A lelkip\u00e1sztorok pedig minden lelkip\u00e1sztori \u00fcggyel kapcsolatosan v\u00e1ltozatlanul felkereshet\u0151. Az els\u0151\u00e1ldoz\u00e1sok a ny\u00e1ri vak\u00e1ci\u00f3 ut\u00e1nra halaszt\u00f3dnak. A b\u00e9rm\u00e1l\u00e1sokat, amelyek m\u00e1jus v\u00e9g\u00e9ig tervben voltak, a P\u00fcsp\u00f6k lemondta, \u00e9s 2020 szeptembere, illetve 2021 m\u00e1rciusa k\u00f6z\u00f6tt tartja meg. M\u00e1jus v\u00e9g\u00e9ig az esk\u00fcv\u0151ket sem lehet megtartani, hanem k\u00e9s\u0151bbi id\u0151pontra kell halasztani. A keresztel\u0151ket csak sz\u00fcks\u00e9ghelyzetben szabad meg\u00fcnnepelni, \u00e9s akkor is csak sz\u0171k csal\u00e1di k\u00f6rben. A temet\u00e9seket \u2013 a vil\u00e1gi hat\u00f3s\u00e1gok rendelkez\u00e9sei szerint \u2013 kis l\u00e9tsz\u00e1m\u00fa r\u00e9sztvev\u0151vel szabad megtartani. A rekviemet, illetve a halott\u00e9rt v\u00e9gzend\u0151 szentmis\u00e9t egy k\u00e9s\u0151bbi id\u0151pontra kell \u00e1ttenni. A betegl\u00e1togat\u00e1sok \u00e9s betegell\u00e1t\u00e1sok is sz\u00fcnetelnek. A lelkip\u00e1sztorok azonban sz\u00fcks\u00e9ghelyzetben \u2013 pl. \u00e9letvesz\u00e9lyben \u2013 az ide vonatkoz\u00f3 higi\u00e9niai el\u0151\u00edr\u00e1sok betart\u00e1sa mellett term\u00e9szetesen kiosztj\u00e1k a betegek kenet\u00e9t, illetve meg\u00e1ldoztatj\u00e1k a beteget. Ami a nagyh\u00e9t \u00e9s a H\u00fasv\u00e9t meg\u00fcnnepl\u00e9s\u00e9t illeti, arr\u00f3l majd az Egyh\u00e1zmegye m\u00e9g kell\u0151 id\u0151ben \u00e9rtes\u00edti h\u00edveit. Eddig a p\u00fcsp\u00f6ki k\u00f6rlev\u00e9l. Mivel a P\u00fcsp\u00f6ks\u00e9g joghat\u00f3s\u00e1ga al\u00e1 tartozunk, mi is ennek \u00e9rtelm\u00e9ben kell, hogy cselekedj\u00fcnk. Konkr\u00e9tan: \u00e1prilis 19-ig minden r\u00e9szegyh\u00e1zk\u00f6zs\u00e9g\u00fcnkben sz\u00fcnetelnek a szentmis\u00e9k, illetve az ut\u00e1nuk szok\u00e1sos \u00e1g\u00e1p\u00e9k. Ugyancsak sz\u00fcnetelnek \u2013 Stuttgartban, Ulmban \u00e9s Weingartenben \u2013 a szok\u00e1sos heti programok \u00e9s... R\u00e9szletek","og_url":"https:\/\/stuttgarti-katolikusok.de\/index.php\/puspoki-rendelkezes-a-koronavirussal-kapcsolatban\/","og_site_name":"Stuttgarti Katolikusok","article_published_time":"2020-03-17T12:12:02+00:00","article_modified_time":"2020-03-17T14:36:54+00:00","og_image":[{"width":761,"height":523,"url":"https:\/\/stuttgarti-katolikusok.de\/wp-content\/uploads\/2020\/03\/hirdetes-koronavirus.jpg","type":"image\/jpeg"}],"author":"Tibor atya","twitter_card":"summary_large_image","twitter_misc":{"Szerz\u0151:":"Tibor atya","Becs\u00fclt olvas\u00e1si id\u0151":"5 perc"},"schema":{"@context":"https:\/\/schema.org","@graph":[{"@type":"Article","@id":"https:\/\/stuttgarti-katolikusok.de\/index.php\/puspoki-rendelkezes-a-koronavirussal-kapcsolatban\/#article","isPartOf":{"@id":"https:\/\/stuttgarti-katolikusok.de\/index.php\/puspoki-rendelkezes-a-koronavirussal-kapcsolatban\/"},"author":{"name":"Tibor atya","@id":"https:\/\/stuttgarti-katolikusok.de\/#\/schema\/person\/75908d6f8fdc03a57889d27209df7795"},"headline":"P\u00fcsp\u00f6ki rendelkez\u00e9s a koronav\u00edrussal kapcsolatban","datePublished":"2020-03-17T12:12:02+00:00","dateModified":"2020-03-17T14:36:54+00:00","mainEntityOfPage":{"@id":"https:\/\/stuttgarti-katolikusok.de\/index.php\/puspoki-rendelkezes-a-koronavirussal-kapcsolatban\/"},"wordCount":988,"image":{"@id":"https:\/\/stuttgarti-katolikusok.de\/index.php\/puspoki-rendelkezes-a-koronavirussal-kapcsolatban\/#primaryimage"},"thumbnailUrl":"https:\/\/stuttgarti-katolikusok.de\/wp-content\/uploads\/2020\/03\/hirdetes-koronavirus.jpg","articleSection":["Progamel\u0151zetes"],"inLanguage":"hu"},{"@type":"WebPage","@id":"https:\/\/stuttgarti-katolikusok.de\/index.php\/puspoki-rendelkezes-a-koronavirussal-kapcsolatban\/","url":"https:\/\/stuttgarti-katolikusok.de\/index.php\/puspoki-rendelkezes-a-koronavirussal-kapcsolatban\/","name":"P\u00fcsp\u00f6ki rendelkez\u00e9s a koronav\u00edrussal kapcsolatban - Stuttgarti Katolikusok","isPartOf":{"@id":"https:\/\/stuttgarti-katolikusok.de\/#website"},"primaryImageOfPage":{"@id":"https:\/\/stuttgarti-katolikusok.de\/index.php\/puspoki-rendelkezes-a-koronavirussal-kapcsolatban\/#primaryimage"},"image":{"@id":"https:\/\/stuttgarti-katolikusok.de\/index.php\/puspoki-rendelkezes-a-koronavirussal-kapcsolatban\/#primaryimage"},"thumbnailUrl":"https:\/\/stuttgarti-katolikusok.de\/wp-content\/uploads\/2020\/03\/hirdetes-koronavirus.jpg","datePublished":"2020-03-17T12:12:02+00:00","dateModified":"2020-03-17T14:36:54+00:00","author":{"@id":"https:\/\/stuttgarti-katolikusok.de\/#\/schema\/person\/75908d6f8fdc03a57889d27209df7795"},"breadcrumb":{"@id":"https:\/\/stuttgarti-katolikusok.de\/index.php\/puspoki-rendelkezes-a-koronavirussal-kapcsolatban\/#breadcrumb"},"inLanguage":"hu","potentialAction":[{"@type":"ReadAction","target":["https:\/\/stuttgarti-katolikusok.de\/index.php\/puspoki-rendelkezes-a-koronavirussal-kapcsolatban\/"]}]},{"@type":"ImageObject","inLanguage":"hu","@id":"https:\/\/stuttgarti-katolikusok.de\/index.php\/puspoki-rendelkezes-a-koronavirussal-kapcsolatban\/#primaryimage","url":"https:\/\/stuttgarti-katolikusok.de\/wp-content\/uploads\/2020\/03\/hirdetes-koronavirus.jpg","contentUrl":"https:\/\/stuttgarti-katolikusok.de\/wp-content\/uploads\/2020\/03\/hirdetes-koronavirus.jpg","width":761,"height":523},{"@type":"BreadcrumbList","@id":"https:\/\/stuttgarti-katolikusok.de\/index.php\/puspoki-rendelkezes-a-koronavirussal-kapcsolatban\/#breadcrumb","itemListElement":[{"@type":"ListItem","position":1,"name":"Kezd\u0151lap","item":"https:\/\/stuttgarti-katolikusok.de\/"},{"@type":"ListItem","position":2,"name":"P\u00fcsp\u00f6ki rendelkez\u00e9s a koronav\u00edrussal kapcsolatban"}]},{"@type":"WebSite","@id":"https:\/\/stuttgarti-katolikusok.de\/#website","url":"https:\/\/stuttgarti-katolikusok.de\/","name":"Stuttgarti Katolikusok","description":"","potentialAction":[{"@type":"SearchAction","target":{"@type":"EntryPoint","urlTemplate":"https:\/\/stuttgarti-katolikusok.de\/?s={search_term_string}"},"query-input":{"@type":"PropertyValueSpecification","valueRequired":true,"valueName":"search_term_string"}}],"inLanguage":"hu"},{"@type":"Person","@id":"https:\/\/stuttgarti-katolikusok.de\/#\/schema\/person\/75908d6f8fdc03a57889d27209df7795","name":"Tibor atya","image":{"@type":"ImageObject","inLanguage":"hu","@id":"https:\/\/secure.gravatar.com\/avatar\/61d268e57d1f4525b111222e29d2d5a7f8c420fdbf231ba5566a8ceac74fa960?s=96&d=mm&r=g","url":"https:\/\/secure.gravatar.com\/avatar\/61d268e57d1f4525b111222e29d2d5a7f8c420fdbf231ba5566a8ceac74fa960?s=96&d=mm&r=g","contentUrl":"https:\/\/secure.gravatar.com\/avatar\/61d268e57d1f4525b111222e29d2d5a7f8c420fdbf231ba5566a8ceac74fa960?s=96&d=mm&r=g","caption":"Tibor atya"},"url":"https:\/\/stuttgarti-katolikusok.de\/index.php\/author\/tibor-atya\/"}]}},"_links":{"self":[{"href":"https:\/\/stuttgarti-katolikusok.de\/index.php\/wp-json\/wp\/v2\/posts\/19174","targetHints":{"allow":["GET"]}}],"collection":[{"href":"https:\/\/stuttgarti-katolikusok.de\/index.php\/wp-json\/wp\/v2\/posts"}],"about":[{"href":"https:\/\/stuttgarti-katolikusok.de\/index.php\/wp-json\/wp\/v2\/types\/post"}],"author":[{"embeddable":true,"href":"https:\/\/stuttgarti-katolikusok.de\/index.php\/wp-json\/wp\/v2\/users\/3"}],"replies":[{"embeddable":true,"href":"https:\/\/stuttgarti-katolikusok.de\/index.php\/wp-json\/wp\/v2\/comments?post=19174"}],"version-history":[{"count":4,"href":"https:\/\/stuttgarti-katolikusok.de\/index.php\/wp-json\/wp\/v2\/posts\/19174\/revisions"}],"predecessor-version":[{"id":19188,"href":"https:\/\/stuttgarti-katolikusok.de\/index.php\/wp-json\/wp\/v2\/posts\/19174\/revisions\/19188"}],"wp:featuredmedia":[{"embeddable":true,"href":"https:\/\/stuttgarti-katolikusok.de\/index.php\/wp-json\/wp\/v2\/media\/19175"}],"wp:attachment":[{"href":"https:\/\/stuttgarti-katolikusok.de\/index.php\/wp-json\/wp\/v2\/media?parent=19174"}],"wp:term":[{"taxonomy":"category","embeddable":true,"href":"https:\/\/stuttgarti-katolikusok.de\/index.php\/wp-json\/wp\/v2\/categories?post=19174"},{"taxonomy":"post_tag","embeddable":true,"href":"https:\/\/stuttgarti-katolikusok.de\/index.php\/wp-json\/wp\/v2\/tags?post=19174"}],"curies":[{"name":"wp","href":"https:\/\/api.w.org\/{rel}","templated":true}]}}