{"id":19111,"date":"2020-03-15T18:26:47","date_gmt":"2020-03-15T18:26:47","guid":{"rendered":"https:\/\/gracious-dewdney.138-201-221-2.plesk.page\/?p=19111"},"modified":"2020-04-27T15:38:02","modified_gmt":"2020-04-27T15:38:02","slug":"lelkitukrok","status":"publish","type":"post","link":"https:\/\/stuttgarti-katolikusok.de\/index.php\/lelkitukrok\/","title":{"rendered":"Lelkit\u00fckr\u00f6k"},"content":{"rendered":"<p><em>Kedves H\u00edveim, kedves Bar\u00e1taim!<\/em><\/p>\n<p><em>Egyik\u0151t\u00f6k azzal a k\u00e9r\u00e9ssel lepett meg, hogy tegyek fel a honlapra illetve a facebookra egy \u00fan. lelkit\u00fck\u00f6r-\u00f6ssze\u00e1ll\u00edt\u00e1st. K\u00e9r\u00e9se nyom\u00e1n nekem is azonnal eszembe jutott, hogy mennyire fel\u00fcletesek n\u00e9ha a szentgy\u00f3n\u00e1saink, illetve mennyire a r\u00e9gi, gyermekkorban beidegz\u0151d\u00f6tt b\u0171n\u00f6ket \u00e9s hib\u00e1kat tartalmazz\u00e1k. Pedig k\u00f6zben a vil\u00e1g nagyot l\u00e9pett el\u0151re, m\u00e1s korok j\u00e1rj\u00e1k, m\u00e1s erk\u00f6lcs\u00f6k \u00e9s m\u00e1s szok\u00e1sok uralkodnak, \u00e9s ha a b\u0171n\u00f6k illetve v\u00e9tkek l\u00e9nyeg\u00fckben ugyanazok is maradtak, egy-egy modernebb t\u00e1rsaikkal mindenk\u00e9pp gyarapodtak. Teh\u00e1t val\u00f3ban sz\u00fcks\u00e9g van \u00fajabb lelkit\u00fckr\u00f6k megfogalmaz\u00e1s\u00e1ra.<\/em><\/p>\n<p><em>Szerencs\u00e9re ezt n\u00e1lam sokkal iskol\u00e1zottabb erk\u00f6lcsteol\u00f3gusok m\u00e1r meg is tett\u00e9k, nekem mind\u00f6ssze az maradt, hogy a h\u00e1rom legkeresettebb lelkit\u00fckr\u00f6t hozzam, \u00e9s ugyanakkor r\u00e1mutassak arra, hogy a \u201eServus-lelkit\u00fckr\u00f6k\u201d <\/em><em><a href=\"https:\/\/servus.eoldal.hu\/cikkek\/lelkitukrok\">https:\/\/servus.eoldal.hu\/cikkek\/lelkitukrok<\/a><\/em><em> honoldalon m\u00e9g t\u00f6bbet \u00e9s specifikusabbat is tal\u00e1lhattok.<\/em><\/p>\n<p><em>J\u00f3 keres\u00e9t \u2013 \u00e9s egy j\u00f3 h\u00fasv\u00e9ti szentgy\u00f3n\u00e1st k\u00edv\u00e1n<\/em><\/p>\n<p><em>lelkip\u00e1sztori \u00e9s bar\u00e1ti szeretettel,<\/em><\/p>\n<p><em>Imre atya<\/em><\/p>\n<p><em>Stuttgart, 2020 nagyb\u00f6jtj\u00e9n.<\/em><\/p>\n<h2><\/h2>\n<h2>LELKIT\u00dcK\u00d6R FELN\u0150TTEKNEK<\/h2>\n<p>&nbsp;<\/p>\n<p>B\u0170NB\u00c1NAT \u00c9S KIENGESZTEL\u0150D\u00c9S<\/p>\n<p>\u2013\u00a0\u00a0\u00a0\u00a0\u00a0\u00a0\u00a0 k\u00e9rd\u00e9sek, tan\u00e1csok a lelkiismeretvizsg\u00e1lathoz \u00e9s a szentgy\u00f3n\u00e1shoz \u2013<\/p>\n<p><em><strong>Ha J\u00e9zus k\u00f6vet\u0151je vagy, nem el\u00e9g azt mondani: \u201enem loptam\u201d,<\/strong><\/em><\/p>\n<p><em><strong>\u00a0hanem meg kell vizsg\u00e1lni, adt\u00e1l-e a r\u00e1szorul\u00f3knak <\/strong><\/em>(Katona Istv\u00e1n)<\/p>\n<p><strong>\u00a0<\/strong><\/p>\n<p><strong>EL\u0150ZETES TAN\u00c1CSOK:<\/strong><\/p>\n<ol>\n<li>Rendszeresen gy\u00f3nj\u00e1l \u2013 ha lehet havonta \u2013, \u00edgy \u00e9l\u0151 tapasztalatt\u00e1 lehet benned a Szent\u00edr\u00e1s szava: <em>\u201eA szeretet nem abban \u00e1ll, hogy mi szeretj\u00fck az Istent, hanem, hogy \u0151 el\u0151bb szeretett minket\u201d, <\/em>ami a gy\u00f3n\u00e1sban azt jelenti: b\u0171neink s\u00faly\u00e1n\u00e1l mindig nagyobb a kegyelem \u00e9s a visszafogad\u00e1s m\u00e9rt\u00e9ke \u2013 mi csak v\u00e1laszolunk minderre. \u00c9ppen ez\u00e9rt a gy\u00f3n\u00e1sban ne csup\u00e1n arra helyezd a hangs\u00falyt, hogy \u201ej\u00f3 gy\u00f3n\u00e1som legyen\u201d, vagyis \u00e1t\u00e9rezzem a szabadul\u00e1st, a b\u00e1natot, hanem legyen el\u0151tted annak felel\u0151ss\u00e9ge is \u2013 \u00e9s ez tal\u00e1n az el\u0151bbiek felt\u00e9tele \u2013, hogy b\u0171neiddel v\u00e9tett\u00e9l a v\u00e9gtelen Szeretet, Isten ellen, aki ha \u00e9rzed, ha nem, most megbocs\u00e1t, feloldoz, visszafogad. Ezt a realit\u00e1st garant\u00e1lja a pap szem\u00e9lye.<\/li>\n<li>V\u00e1lassz magadnak egy gy\u00f3ntat\u00f3t, lelkivezet\u0151t, akinek seg\u00edts\u00e9g\u00e9vel<\/li>\n<\/ol>\n<ul>\n<li>a gyakorta elk\u00f6vetett \u2019fel\u00fcleti\u2019 b\u0171n\u00f6k sz\u00e1mbav\u00e9tele ut\u00e1n \u00e9leted nagyobb eg\u00e9sz\u00e9re is reflekt\u00e1lni tudsz, ha kell, \u00e1talak\u00edthatod, gy\u00f3gy\u00edthatod azt.<\/li>\n<li>Istenhez, \u00f6nmagadhoz \u00e9s embert\u00e1rsaidhoz f\u0171z\u0151d\u0151 kapcsolataidat a Szents\u00e9g f\u00e9ny\u00e9be helyezheted.<\/li>\n<\/ul>\n<p>A lelkivezet\u0151 nem oldja meg probl\u00e9m\u00e1idat, nem d\u00f6nt helyetted, de ir\u00e1nyt mutathat, \u00e9s a gy\u00f3ntat\u00f3sz\u00e9kben szerzett \u2019szents\u00e9gi vil\u00e1gl\u00e1t\u00e1s\u00e1val\u2019 \u2013 ebben k\u00fcl\u00f6nb\u00f6zik pl. a kereszt\u00e9ny pszichol\u00f3gust\u00f3l is \u2013 \u00e9leted eg\u00e9szen \u00faj dimenzi\u00f3ira nyithatja fel a figyelmedet.<\/p>\n<p><strong>\u00a0<\/strong><\/p>\n<p><strong>K\u00c9SZ\u00dcLET:<\/strong><\/p>\n<ol>\n<li>Teremts csendet magad k\u00f6r\u00fcl, vonulj el, \u00e9s valamilyen r\u00f6vid im\u00e1ds\u00e1g keret\u00e9ben k\u00e9rd Isten megvil\u00e1gos\u00edt\u00f3 kegyelm\u00e9t a b\u0171nb\u00e1nathoz. T\u00f6rekedj az \u0151szintes\u00e9gre, \u00e9s ha ez kellemetlen\u00fcl \u00e9rint, akkor se hazudj magadnak!<\/li>\n<li>Vizsg\u00e1ld v\u00e9gig az elm\u00falt id\u0151szak fontosabb esem\u00e9nyeit, t\u00f6rt\u00e9n\u00e9seit, \u00e9s azt, mik\u00e9nt viselkedt\u00e9l, reag\u00e1lt\u00e1l ezekre.<\/li>\n<li>N\u00e9zd v\u00e9gig egy \u00e1tlagos napodat, melyek a megszokott b\u0171neid, \u00e9s ezek mik\u00e9nt, mennyiszer ism\u00e9tl\u0151dtek.<\/li>\n<li>Gondold v\u00e9gig \u00e9leted probl\u00e9m\u00e1s ter\u00fcleteit (pl. ima\u00e9let, kapcsolataid)<\/li>\n<li>A k\u00e9rd\u00e9sek alapj\u00e1n vedd sz\u00e1mba b\u0171neidet, probl\u00e9m\u00e1idat, a k\u00f6r\u00fclm\u00e9nyeket, \u00e9s hogy mindezt jobban rendszerezni tudjad, ak\u00e1r \u00edrd is le egy pap\u00edrra, amelyr\u0151l azt\u00e1n felolvashatod azokat a szentgy\u00f3n\u00e1s sor\u00e1n.<\/li>\n<li>K\u00fcl\u00f6n\u00edtsd el az \u00fan. s\u00falyos, bocs\u00e1natos, \u00e9s megszok\u00e1ss\u00e1 v\u00e1lt b\u0171neidet.<\/li>\n<\/ol>\n<p><strong>S\u00falyos b\u0171n: <\/strong>Amikor tudva \u00e9s akarva v\u00e1lasztod az Isten t\u00f6rv\u00e9ny\u00e9vel \u2013 a T\u00edz paranccsal \u2013 \u00e9s az ember v\u00e9gs\u0151 c\u00e9lj\u00e1val s\u00falyosan elellenkez\u0151 dolgot.<\/p>\n<p><strong>Bocs\u00e1natos b\u0171n:<\/strong> Erk\u00f6lcsi rendelleness\u00e9g, amelyet szeretettel helyre lehet hozni.<\/p>\n<p><strong>Megszok\u00e1ss\u00e1 v\u00e1lt b\u0171n\u00f6k: <\/strong>az \u00fan. kedvenc b\u0171n\u00f6k, melyekr\u0151l tudjuk, hogy v\u00e9teknek sz\u00e1m\u00edtanak, de \u2019szeretj\u00fck\u2019 \u0151ket elk\u00f6vetni.<\/p>\n<ol start=\"7\">\n<li><strong>\u00d6nmag\u00e1t\u00f3l be\u00e1ll\u00f3 kik\u00f6z\u00f6s\u00edt\u00e9s<\/strong>ben \u2013 amikor a tett elk\u00f6vet\u00e9se automatikusan kiz\u00e1r az Egyh\u00e1z k\u00f6z\u00f6ss\u00e9g\u00e9b\u0151l \u2013 vagyok-e a k\u00f6vetkez\u0151 cselekedetek elk\u00f6vet\u00e9se \u00e1ltal: hitem, Egyh\u00e1zhoz val\u00f3 tartoz\u00e1som nyilv\u00e1nos, tudatos megtagad\u00e1sa, att\u00f3l val\u00f3 elszakad\u00e1s kimond\u00e1sa; az Olt\u00e1riszents\u00e9g meggyal\u00e1z\u00e1sa; gyilkoss\u00e1g, abortusz vagy arra val\u00f3 buzd\u00edt\u00e1s, k\u00f6zrem\u0171k\u00f6d\u00e9s k\u00f6vetkezt\u00e9ben.<\/li>\n<\/ol>\n<p><strong>\u00a0<\/strong><\/p>\n<p><strong>K\u00c9RD\u00c9SEK A LELKIISMERETVIZSG\u00c1LATHOZ<\/strong><\/p>\n<p><strong>Istenkapcsolatom<\/strong>. Krisztus egyed\u00fcli Isten, az Egyh\u00e1z pedig egyetlen k\u00f6z\u00f6ss\u00e9g sz\u00e1momra, az \u00fcdv\u00f6ss\u00e9g tekintet\u00e9ben? \u00c9letem esem\u00e9nyeinek, erk\u00f6lcseimnek alak\u00edt\u00e1s\u00e1t hitem alapvet\u0151en befoly\u00e1solja-e? Ha nem, akkor mi vezet d\u00f6nt\u00e9seimben? Elegend\u0151 id\u0151t sz\u00e1ntam hitem megismer\u00e9s\u00e9re? Van-e olyan k\u00f6telez\u0151 erej\u0171 hitt\u00e9tel (dogma), parancs, amit tudatosan elutas\u00edtok? Vesz\u00e9lyeztettem-e hitemet (pl. hitellenes olvasm\u00e1ny, film, szekt\u00e1k, nem-kereszt\u00e9ny vall\u00e1sokkal val\u00f3 hitbeli kapcsolat, okkult t\u00e1rsas\u00e1gok, asztrol\u00f3gia, babona, s\u00e1t\u00e1nista bar\u00e1tok stb.)? Okoztam-e az Egyh\u00e1zon \u00e9s hittanos k\u00f6z\u00f6ss\u00e9gemen bel\u00fcl egyenetlenked\u00e9st, megbotr\u00e1nkoz\u00e1st? Viselked\u00e9semmel voltam-e oka m\u00e1sok elt\u00e1volod\u00e1s\u00e1nak a hitt\u0151l, Egyh\u00e1zt\u00f3l? Megvallottam, megv\u00e9dtem-e hitemet, amikor ez sz\u00fcks\u00e9ges volt? B\u00edztam-e Istenben, tudtam \u00e9rte, parancsai\u00e9rt veszni hagyni dolgokat, vagy g\u00f6rcs\u00f6sen ragaszkodtam elk\u00e9pzel\u00e9seidhez, \u00e9s k\u00e9ts\u00e9gbeesett, kishit\u0171 voltam? Irgalm\u00e1ban kell\u0151en b\u00edztam? Hozz\u00e1 menek\u00fcl\u00f6k, vagy m\u00e1s \u2019biztos\u00edt\u00e9kaim\u2019, t\u00e1maszaim vannak (pl. j\u00f3sl\u00e1s)? A j\u00f3 \u00e9s rossz esem\u00e9nyek elt\u00e1vol\u00edtottak vagy k\u00f6zelebb vittek hozz\u00e1? Gondvisel\u00e9s\u00e9re hivatkozva hanyagoltam saj\u00e1t felel\u0151s\u00e9gemet a dolgok alak\u00edt\u00e1s\u00e1ban (vakmer\u0151 bizalom, felel\u0151tlens\u00e9g stb..)? Istenkapcsolatom mennyire \u00e9l\u0151: van-e szem\u00e9lyes Istenk\u00e9pem, Krisztus-arcom, aki r\u00e1mtekint, akit megsz\u00f3l\u00edtok, vagy h\u0171v\u00f6s, fagyos a kapcsolatom? L\u00e1zadoztam-e Isten ellen, \u00e9reztem-e gy\u0171l\u00f6letet ir\u00e1nta, tudatos ellenszeg\u00fcl\u00e9ssel, nyilv\u00e1nos hittagad\u00e1ssal v\u00e9tettem-e? Istenf\u00e9lelemben \u00e9lek, vagy flegm\u00e1n viselkedem vele \u00e9s parancsaival szemben? Szeretem az Istent?<\/p>\n<p><em>Szents\u00e9gi \u00e9let. <\/em>Mennyire vagyok elm\u00e9ly\u00fclt, meg\u00fajul\u00f3 \u00e9s mennyire rutinszer\u0171 a szents\u00e9gek v\u00e9tel\u00e9ben? K\u00f6z\u00e9ppontja \u00e9letemnek a szents\u00e9gi tal\u00e1lkoz\u00e1s (mise, gy\u00f3n\u00e1s), tudok al\u00e1rendelni ennek dolgokat, programokat? Motiv\u00e1lja-e a szents\u00e9gek v\u00e9tele, a Krisztussal val\u00f3 ilyesfajta k\u00f6z\u00f6ss\u00e9g a b\u0171n\u00f6kt\u0151l val\u00f3 tart\u00f3zkod\u00e1somat? Gondolok-e gyakran Isten el\u0151tti felel\u0151s\u00e9gemre, \u00e9s k\u00e9sz\u00fcl\u00f6k-e a Vele val\u00f3 v\u00e9gs\u0151 tal\u00e1lkoz\u00e1sra? Voltam-e oka m\u00e1sok kiszakad\u00e1s\u00e1nak a szents\u00e9gi k\u00f6z\u00f6ss\u00e9gb\u0151l? Saj\u00e1t hib\u00e1mb\u00f3l maradtam-e el vas\u00e1rnap \u00e9s k\u00f6telez\u0151 \u00fcnnepen szentmis\u00e9r\u0151l, ott mennyire vagyok figyelmes, adotts\u00e1gaimhoz k\u00e9pest tev\u00e9keny, \u00f6sszeszedett? Vas\u00e1rnapjaim mennyire k\u00fcl\u00f6nb\u00f6znek a h\u00e9tk\u00f6znapokt\u00f3l? Pl. h\u00e9tv\u00e9gi sz\u00f3rakoz\u00e1saimr\u00f3l el lehet-e mondani, hogy kereszt\u00e9ny m\u00f3don zajlanak, menek\u00fcl\u00f6k-e ilyenkor is a munk\u00e1ba? Elv\u00e9geztem h\u00fasv\u00e9ti gy\u00f3n\u00e1somat? Van-e olyan b\u0171n\u00f6m, amit az \u00e9vek sor\u00e1n tudatosan (szents\u00e9gt\u00f6r\u00e9s) vagy f\u00e9lelemb\u0151l nem gy\u00f3ntam meg? \u00c1t\u00e9rzem-e az im\u00e1ds\u00e1g k\u00f6teless\u00e9gjelleg\u00e9t, vagy csak \u00e9rz\u00e9seimre b\u00edzom magam annak gyakorl\u00e1s\u00e1ban? Tart\u00f3zkodom-e a szents\u00e9gekt\u0151l agg\u00e1lyoss\u00e1gb\u00f3l, bizalmatlans\u00e1gb\u00f3l?<\/p>\n<p><em>Isten megdics\u0151\u00edt\u00e9se.<\/em> Rendezett, rendszeres \u00e9s Isten-k\u00f6zeli-e az ima\u00e9letem, vagy rendezetlen, monoton? K\u00e1romkodtam-e, besz\u00e9dem mennyire tiszta, mennyire hordozza Isten megdics\u0151\u00edt\u00e9s\u00e9t? Esk\u00fcdtem-e hamisan, hitszeg\u0151 m\u00f3don? Gondolok-e rendszeresen a saj\u00e1t magam \u00e9s m\u00e1sok \u00fcdv\u00f6ss\u00e9g\u00e9re, az ezzel kapcsolatos felel\u0151s\u00e9gemre? K\u00f6rnyezetemnek milyen p\u00e9ld\u00e1t adok \u00e9letemmel? Kell\u0151 r\u00e9szt v\u00e1llalok magamra egyh\u00e1zk\u00f6zs\u00e9gem \u00e9let\u00e9ben \u00e9s az evang\u00e9lium t\u00e1rsadalomban val\u00f3 jelenl\u00e9t\u00e9nek el\u0151mozd\u00edt\u00e1s\u00e1ban? Tagja vagyok-e vagy azonosulok-e olyan p\u00e1rttal, szervezettel, mely tudatosan akad\u00e1lyozza Egyh\u00e1zam \u00e9let\u00e9t, \u00e9s a hitet csak mag\u00e1n\u00fcgynek tekinti? Cselekedtem-e az Egyh\u00e1z \u00e9rdekei ellen? B\u00f6jti fegyelmet megtartom-e? \u00c9l\u0151 tagja vagyok-e egyh\u00e1zk\u00f6zs\u00e9gemnek, vagy csak \u00e9l\u0151sk\u00f6d\u0151 benne?<\/p>\n<p><strong>Embert\u00e1rsaink. <\/strong>\u00c9letem felebar\u00e1taim jav\u00e1ra ir\u00e1nyul vagy mag\u00e1ba z\u00e1rk\u00f3zott, \u00f6nk\u00f6zpont\u00fa ember vagyok, aki nincs tekintettel m\u00e1sokra? \u00c9szreveszem-e k\u00f6rnyezetemben \u2013 a testi, lelki javakban \u2013 sz\u00fcks\u00e9get szenved\u0151ket; seg\u00edtek rajtuk? Voltam-e irigy, f\u00e9lt\u00e9keny, gonosz, mogorva, er\u0151szakos, gy\u0171l\u00f6lk\u00f6d\u0151, tapintatlan, pletyk\u00e1s, kapcsolataimban, \u00e9letvitelemben fel\u00fcletes? Semmibe vettem, kig\u00fanyoltam, r\u00e1galmaztam, ok n\u00e9lk\u00fcl gyan\u00fas\u00edtottam, v\u00e1doltam-e m\u00e1sokat? Fel\u00fcl tudtam emelkedni s\u00e9rt\u0151d\u00f6tts\u00e9gemen? Akaratomban mennyire voltam megbocs\u00e1t\u00f3 \u00e9s k\u00f6zeled\u0151 azokhoz, akik megs\u00e9rtettek? Kikt\u0151l v\u00e1laszt el valamilyen \u2019fal\u2019? T\u00e1pl\u00e1ltam-e ellens\u00e9ges \u00e9rz\u00e9seket magamban vagy m\u00e1sokban valaki ir\u00e1nt? H\u00e1nytorgatom-e m\u00e1s hib\u00e1it szeretetlens\u00e9gb\u0151l? Tev\u00e9kenyen szolg\u00e1ltam a kiengesztel\u0151d\u00e9st? Tettem valamit gy\u0171l\u00f6letb\u0151l, bossz\u00fa\u00e1ll\u00e1sb\u00f3l? El\u0151id\u00e9ztem-e ellens\u00e9gesked\u00e9st? Lehet\u0151s\u00e9geimhez k\u00e9pest seg\u00edtek-e a hozz\u00e1m fordul\u00f3kon vagy \u00e9rz\u00e9ketlen vagyok bajaik ir\u00e1nt?<\/p>\n<p><em>Csal\u00e1d, k\u00f6rnyezetem.<\/em> A r\u00e1mb\u00edzottak Isten el\u0151tti el\u0151menetel\u00e9t im\u00e1ds\u00e1ggal, tev\u00e9keny szeretettel kell\u0151en el\u0151mozd\u00edtom-e, vagy p\u00e9ld\u00e1mmal, szavaimmal, helyesl\u00e9semmel b\u0171neikben er\u0151s\u00edtem \u0151ket? Kell\u0151 felel\u0151s\u00e9ggel viseltetem-e sz\u00fcleim ir\u00e1nt? \u00c9letkoromnak megfelel\u0151en el tudok szakadni t\u0151l\u00fck, sz\u00fcks\u00e9ges t\u00e1vols\u00e1got tartok vel\u00fck, vagy \u00e9rdekb\u0151l, emberi \u00e9retlens\u00e9gb\u0151l a k\u00e9nyelmes, sokszor b\u0171nbe hajl\u00f3, t\u00falzott k\u00f6t\u0151d\u00e9st v\u00e1lasztom? Elegend\u0151 id\u0151t sz\u00e1nok sz\u00fcleimre, csal\u00e1domra, h\u00e1zast\u00e1rsamra, bar\u00e1tomra, bar\u00e1tn\u0151mre? \u00c9l\u0151k, elevenek-e kommunik\u00e1ci\u00f3s csatorn\u00e1ink, szeretetkifejez\u0151 k\u00e9pess\u00e9g\u00fcnk form\u00e1i? Voltam-e ir\u00e1nyukban g\u00fanyos, tapintatlan, felel\u0151tlen, k\u00edv\u00e1ntam nekik rosszat, sz\u00e9gyen\u00edtettem meg \u0151ket? Eleget im\u00e1dkozom \u00e9rt\u00fck, \u00e9s kell\u0151 felel\u0151s\u00e9ggel viseltetem ir\u00e1nyukban?<\/p>\n<p><em>Munkat\u00e1rsaimmal, <\/em>beosztottjaimmal embers\u00e9gesen viselkedem? K\u00edv\u00e1ntam t\u0151l\u00fck erej\u00fcket meghalad\u00f3 munk\u00e1t, felel\u0151s\u00e9get? Udvarias meg\u00e9rt\u0151 vagyok ir\u00e1nyukba, vagy kizs\u00e1km\u00e1nyol\u00f3, zsarnok? Tartok valakit \u2019rabszolgasorsban\u2019 t\u00falzott k\u00f6t\u0151d\u00e9semmel, el nem enged\u00e9ssel, birtokv\u00e1ggyal? Mindennapjaimban eszembe jut-e, hogy \u00fcdv\u00f6ss\u00e9g\u00fcknek is munk\u00e1sa vagyok? Munk\u00e1mat a teremt\u00e9s folytat\u00e1s\u00e1nak tekintem-e vagy csak ny\u0171gnek? Foglalkoz\u00e1som g\u00e1tolja-e az evang\u00e9lium terjed\u00e9s\u00e9t? Okozok-e vele k\u00f6zvetlen\u00fcl s\u00falyosabb k\u00e1rt, f\u00e1jdalmat, egzisztencia-elveszt\u00e9st m\u00e1soknak? Akad\u00e1lyoztam m\u00e1sokat vall\u00e1si k\u00f6teless\u00e9geik teljes\u00edt\u00e9s\u00e9ben? K\u00f6teless\u00e9gemet lelkiismeretesen teljes\u00edtettem-e? Munkahelyemnek tudatosan \u00e9s s\u00falyosan dologban voltam-e k\u00e1rokoz\u00f3ja? T\u00e1mogattam, fokoztam-e a t\u00e1rsadalmi igazs\u00e1gtalans\u00e1got?<\/p>\n<p><em>Az \u00e9let v\u00e9delme.<\/em> Eg\u00e9szs\u00e9gemre megfelel\u0151 m\u00f3don figyelek, vagy elhanyagolom, t\u00falzottan agg\u00e1lyoskodom? Rong\u00e1lom-e eg\u00e9szs\u00e9gemet m\u00e9rt\u00e9ktelen ev\u00e9ssel, iv\u00e1ssal, cigarett\u00e1val, k\u00e1b\u00edt\u00f3szerrel vagy m\u00e1s kicsapong\u00e1ssal, rendszertelen \u00e9letm\u00f3ddal, t\u00falhajszolts\u00e1ggal? Vigy\u00e1ztam-e k\u00f6rnyezetem tisztas\u00e1g\u00e1ra, vagy pl. fokozott k\u00f6rnyezetszennyez\u00e9ssel romboltam a Teremt\u00e9s m\u0171v\u00e9t? Foglalkoztam vagy k\u00eds\u00e9reltem-e meg \u00f6ngyilkoss\u00e1got? Vesz\u00e9lyeztettem-e m\u00e1sok eg\u00e9szs\u00e9g\u00e9t, odafigyeltem-e a k\u00f6rnyezetemben \u00e9l\u0151k j\u00f3l\u00e9t\u00e9re? K\u00f6zrem\u0171k\u00f6dtem-e a megfogant \u00e9let kiirt\u00e1s\u00e1ban (gy\u00f3gyszerrel, tan\u00e1ccsal, abortusz v\u00e9grehajt\u00e1s\u00e1val vagy ann\u00e1l val\u00f3 seg\u00e9dkez\u00e9ssel), volt-e abortuszom? Megtettem-e mindent k\u00f6rnyezetemben az \u00e9let v\u00e9delm\u00e9ben? Gyilkoltam-e vagy volt sz\u00e1nd\u00e9komban ilyet tenni? Szavaimmal fagyasztottam be kapcsolatokat? Buzd\u00edtottam-e m\u00e1st vagy volt-e r\u00e9szem az Egyh\u00e1z \u00e1ltal el\u00edt\u00e9lt mesters\u00e9ges megterm\u00e9keny\u00edt\u00e9si folyamatokban (pl. olyan esetek, amikor t\u00f6bb ivarsejtett term\u00e9keny\u00edtenek meg, \u00e9s ezek k\u00f6z\u00fcl a feleslegess\u00e9 v\u00e1ltakat elpuszt\u00edtj\u00e1k)? K\u00f6zleked\u00e9sben vesz\u00e9lyeztettem-e m\u00e1sok \u00e9ps\u00e9g\u00e9t, \u00e9let\u00e9t?<\/p>\n<p><em>Tisztas\u00e1g er\u00e9nye. <\/em>Sz\u00edtottam-e magamban tiszt\u00e1talan v\u00e1gyakat (pl. TV, Internet, m\u00e1ssal val\u00f3 \u00e9rintkez\u00e9s)? Kerestem-e ezeket? Oka voltam-e annak, hogy m\u00e1s ilyenbe keveredett, vettem r\u00e1 valakit erre? Par\u00e1zn\u00e1lkodtam-e (h\u00e1nyszor, azonos vagy m\u00e1s nem\u0171vel)? V\u00e9geztem-e \u00f6nkiel\u00e9g\u00edt\u00e9st? T\u00e1pl\u00e1ltam b\u0171n\u00f6s v\u00e1gyakat m\u00e1s h\u00e1zast\u00e1rsa ir\u00e1nt? \u00c9lett\u00e1rsi viszonyt vagy m\u00e1s b\u0171n\u00f6s kapcsolatot fenntartok-e? Tekintettel vagyok-e m\u00e1sok szem\u00e9rem\u00e9rzet\u00e9re?<\/p>\n<p><em>Csal\u00e1d.<\/em> H\u00e1zast\u00e1rsammal val\u00f3 viszonyomban meghat\u00e1roz\u00f3-e a szents\u00e9gi dimenzi\u00f3 (pl. felt\u00e9tlen h\u0171s\u00e9g, hitbeli k\u00f6z\u00f6ss\u00e9g \u00e9s annak kifejez\u00e9sform\u00e1i)? Krisztust l\u00e1tom-e benne? Tiszteletben tartottam h\u00e1zast\u00e1rsam szem\u00e9lyis\u00e9g\u00e9t vagy csak magamra gondoltam? H\u00e1zast\u00e1rsammal a csal\u00e1don bel\u00fcl van-e mag\u00e1n\u00e9lt\u00fcnk, szem\u00e9lyes kapcsolatunk, vagy csak a gyerekek, az esem\u00e9nyek tartanak \u00f6ssze? Elegend\u0151 id\u0151t sz\u00e1nok csal\u00e1domra, kell\u0151 felel\u0151ss\u00e9g\u00e9rzettel viseltetem ir\u00e1nyukba? Elutas\u00edtottam-e szeretet-megnyilv\u00e1nul\u00e1saikat, vagy \u00e9szreveszem azokat; bajaikra figyelmes vagyok-e, \u00e9szreveszem azokat? Seg\u00edtem \u0151ket probl\u00e9m\u00e1ik megold\u00e1s\u00e1ban? H\u0171s\u00e9ges voltam h\u00e1zast\u00e1rsamhoz, volt-e h\u00e1zass\u00e1gt\u00f6r\u00e9sem? Csal\u00e1di \u00e9let\u00fcnket, gyermekv\u00e1llal\u00e1sunkat, \u00e9letterv\u00fcnket csup\u00e1n emberi (pl. anyagi) szempontok szerint hat\u00e1rozzuk meg, vagy Isten \u00e9s az Egyh\u00e1z tan\u00edt\u00e1sa a d\u00f6nt\u0151 ebben? Im\u00e1dkoztam-e a r\u00e1mb\u00edzottak\u00e9rt \u00e9s seg\u00edtettem-e emberi, hitbeli fejl\u0151d\u00e9s\u00fcket? Meg\u00e9rt\u0151, t\u00fcrelmes \u00e9s igazs\u00e1gos voltam-e gyermekeim nevel\u00e9s\u00e9ben, k\u00f6rnyezetemhez val\u00f3 viszonyul\u00e1somban, vagy csup\u00e1n az indulatok ir\u00e1ny\u00edtottak? T\u00e1maszkodhatnak r\u00e1m? Bar\u00e1tommal, bar\u00e1tn\u0151mmel val\u00f3 kapcsolatom egym\u00e1s felv\u00e1llal\u00e1s\u00e1ra, hordoz\u00e1s\u00e1ra ir\u00e1nyul, vagy m\u00e1s szempontok vez\u00e9rlik hozz\u00e1tartoz\u00e1somat? Emberek\u00e9rt v\u00e1llalt k\u00f6telezetts\u00e9geimet (pl. b\u00e9rma-, keresztsz\u00fcl\u0151i feladatok) mennyire teljes\u00edtem?<\/p>\n<p><em>Anyagi javaink.<\/em> Becs\u00fcletesen kezelem a r\u00e1mb\u00edzott javakat, vesztegettem meg m\u00e1sokat, saj\u00e1t vagy m\u00e1sok jav\u00e1nak voltam-e t\u00e9kozl\u00f3ja? Csin\u00e1ltam-e felel\u0151tlen\u00fcl ad\u00f3s\u00e1gokat? Lop\u00e1s, csal\u00e1s, m\u00e1s vagyon\u00e1nak rong\u00e1l\u00e1sa, szenved\u00e9lyes szerencsej\u00e1t\u00e9k, igazs\u00e1gtalan j\u00f3l\u00e9t jelen van-e az \u00e9letemben, vagy \u00f6szt\u00f6n\u00f6ztem seg\u00edtettem-e ebben m\u00e1sokat? Javaimmal seg\u00edtem-e egyh\u00e1zamat, a szeg\u00e9nyeket? J\u00f3v\u00e1tettem-e az \u00e1ltalam okozott k\u00e1rt? H\u00faztam-e hasznot m\u00e1sok sz\u00fcks\u00e9ghelyzet\u00e9b\u0151l? K\u00e9pes vagyok adni, meghallani m\u00e1sok k\u00e9r\u00e9s\u00e9t? Fukars\u00e1g, pazarl\u00e1s, a p\u00e9nzk\u00f6zpont\u00fas\u00e1g mennyire jellemez engem?<\/p>\n<p><em>Az Igazs\u00e1gban val\u00f3 \u00e9let. <\/em>\u00c9letem, \u00e9letvitelem, szavaim alapja az igazs\u00e1g vagy m\u00e1s? Engedtem vagy folytattam-e b\u0171n\u00f6s manipul\u00e1ci\u00f3t? Hazudtam-e, \u00e9s mi motiv\u00e1lt ebben (gy\u00e1vas\u00e1g, dics\u0151s\u00e9g)? Voltam-e k\u00e9tsz\u00edn\u0171, alakoskod\u00f3? Ki\u00e1lltam-e az igazs\u00e1g mellett, \u00e9s tudom-e tapintatosan \u00e9s szeretettel kritiz\u00e1lni? \u00cdt\u00e9lkeztem-e m\u00e1sok f\u00f6l\u00f6tt? R\u00e1galmaztam m\u00e1st? Kutattam vagy \u00e9ltem vissza mag\u00e1ntitokkal? S\u00e9rt\u0151d\u00f6tts\u00e9gemen fel\u00fcl tudtam emelkedni? Nagy\u00edtottam fel m\u00e1s hib\u00e1j\u00e1t? S\u00e9rtettem meg embereket, hib\u00e1ikr\u00f3l pletyk\u00e1ltam-e? Tart-e fogs\u00e1gban TV, vagy m\u00e1s dolog?<\/p>\n<p><em>Mennyire jellemez<\/em>: kev\u00e9lys\u00e9g, hi\u00fas\u00e1g, bujas\u00e1g, bek\u00e9pzelts\u00e9g, er\u0151szakoss\u00e1g, nagyrav\u00e1gy\u00e1s, kapzsis\u00e1g, m\u00e9rt\u00e9ktelens\u00e9g, lustas\u00e1g, m\u00e1sok el\u0151tt val\u00f3 b\u0171n\u00f6s bez\u00e1rk\u00f3zotts\u00e1g, elz\u00e1rk\u00f3z\u00e1s, s\u00e9rt\u0151d\u00e9kenys\u00e9g, t\u00fcrelmetlens\u00e9g, rendszertelen, csapong\u00f3, c\u00e9ltalan \u00e9letvitel? Szolg\u00e1latk\u00e9szs\u00e9g, vend\u00e9gszeretet, egy\u00fctt\u00e9rz\u00e9s, tiszta tekintet, h\u00e1l\u00e1ssz\u00edv\u0171s\u00e9g, megbecs\u00fcl\u00e9s, kiengesztel\u0151dni tud\u00e1s, bocs\u00e1natk\u00e9r\u00e9s, megbocs\u00e1t\u00e1s, nagyvonal\u00fas\u00e1g, b\u0151kez\u0171s\u00e9g, \u00e1llapotbeli tisztas\u00e1g, odaadott \u00e9let, megb\u00edzhat\u00f3s\u00e1g \u2013 elmondhat\u00f3 r\u00f3lad?<\/p>\n<p>Egy\u00e9b b\u0171neim. Akaratilag ker\u00fclni fogom a b\u0171nt?<\/p>\n<p><em><strong>B\u00e1natima. Teljes sz\u00edvemb\u0151l b\u00e1nom minden b\u0171n\u00f6met, amelyekkel a J\u00f3istent megb\u00e1ntottam. Er\u0151sen fogadom, hogy a j\u00f3ra t\u00f6rekszem, \u00e9s a b\u0171nt elker\u00fcl\u00f6m. \u00c1men. <\/strong><\/em><\/p>\n<p><em>Forr\u00e1s: Bernhard H\u00e4ring, A gy\u00f3n\u00e1s \u00f6r\u00f6me, \u00daj Ember Kiad\u00f3, Budapest, 2003 + saj\u00e1t k\u00fatf\u0151<\/em><\/p>\n<h1><\/h1>\n<h2>LELKIT\u00dcK\u00d6R FIATALOKNAK<\/h2>\n<p><strong>\u00a0<\/strong> <strong>\u00c9N VAGYOK A TE URAD, ISTENED, URADAT, ISTENEDET IM\u00c1DD \u00c9S CSAK NEKI SZOLG\u00c1LJ!<\/strong><\/p>\n<ul>\n<li>Val\u00f3ban \u0150 az egyetlen sz\u00e1momra, aki t\u00e9nyleg fontos?<\/li>\n<li>\u00c1ll-e valaki vagy valami a hely\u00e9ben?<\/li>\n<li>T\u00f6rekszem-e kutatni r\u00e1m vonatkoz\u00f3 akarat\u00e1t?<\/li>\n<li>Mire h\u00edv engem az Isten (hivat\u00e1som)?<\/li>\n<li>Kapcsolatban vagyok-e vele az im\u00e1ds\u00e1gban, az emberi sz\u00e1lakon kereszt\u00fcl, \u00e9s a k\u00f6z\u00f6ss\u00e9gben?<\/li>\n<\/ul>\n<p><strong>ISTEN NEV\u00c9T HI\u00c1BA NE VEDD!<\/strong><\/p>\n<ul>\n<li>Becs\u00fcl\u00f6m-e nev\u00e9t \u00e9s szentjeinek a nev\u00e9t, vagy olykor k\u00f6nnyelm\u0171en, t\u00f6ltel\u00e9ksz\u00f3k\u00e9nt alkalmazom?<\/li>\n<li>\u00c9szreveszem-e Isten rejtett seg\u00edts\u00e9g\u00e9t, nekem juttatott kegyelmeit, tudok-e h\u00e1l\u00e1val visszatekinteni ezekre, megk\u00f6sz\u00f6nni?<\/li>\n<li>Szentmis\u00e9n, im\u00e1ds\u00e1gaimban, munk\u00e1mban t\u00fckr\u00f6z\u0151dik-e a kereszt\u00e9ny n\u00e9v, az Istenhez tartoz\u00e1s val\u00f3s\u00e1ga?<\/li>\n<li>Fejlesztem-e ismereteimet Istenr\u0151l, a hitr\u0151l; vagy vall\u00e1si \u00e9letem egy helyben topog\u00e1s; esetleg van-e lass\u00fa el\u0151rehalad\u00e1s?<\/li>\n<\/ul>\n<p><strong>AZ \u00daR NAPJ\u00c1T MEGSZENTELJED!<\/strong><\/p>\n<ul>\n<li>R\u00e9sztvettem-e a vas\u00e1rnapi szentmis\u00e9n \u00e9s hogyan: k\u00f6teless\u00e9gb\u0151l, sz\u00f3rakozottan, unottan; mikor \u00e9s hogyan \u00e9rkeztem?<\/li>\n<li>Mit teszek vas\u00e1rnap? Heny\u00e9lek, sz\u00f3rakozom, vagy tudok valamit tenni Isten\u00e9rt? K\u00fcl\u00f6nb\u00f6zik-e a vas\u00e1rnapom a t\u00f6bbi munkanapt\u00f3l, ha nem, ennek \u00e9n is oka vagyok\u2026<\/li>\n<li>Hogyan viszonyulok m\u00e1s kereszt\u00e9nyekhez, m\u00e1s vall\u00e1s\u00faakhoz; \u00e9rzek-e ind\u00edt\u00e1st arra, hogy meggy\u0151z\u0151d\u00e9semet terjesszem, az evang\u00e9lium j\u00f3h\u00edr\u00e9t tov\u00e1bb\u00edtsam?<\/li>\n<\/ul>\n<p><strong>TISZTELD ATY\u00c1DAT \u00c9S ANY\u00c1DAT, HOGY HOSSZ\u00da \u00c9LET\u0170 LEGY\u00c9L!<\/strong><\/p>\n<ul>\n<li>Sz\u00fcleimmel, rokonaimmal, testv\u00e9reimmel, ismer\u0151seimmel nem voltam-e g\u0151g\u00f6s, r\u00e1tarti, t\u00fcrelmetlen, \u00f6ntelt?<\/li>\n<li>Sz\u00fcleim az els\u0151 sz\u00e1m\u00fa felebar\u00e1taim, \u00e9rzek-e k\u00f6telezetts\u00e9get ir\u00e1ntuk m\u00e9g akkor is, ha kifog\u00e1solhat\u00f3 a velem val\u00f3 viszonyuk?<\/li>\n<li>Gondolok-e r\u00e1juk az im\u00e1ds\u00e1gban? Tisztelem, \u00e9rt\u00e9kelem, jav\u00edtom-e a csal\u00e1d hangulat\u00e1t, j\u00f6v\u0151j\u00e9t?<\/li>\n<li>Tudok-e id\u0151t \u00e1ldozni az \u00f6regekre, a betegekre, csal\u00e1dom r\u00e1szorultjaira?<\/li>\n<\/ul>\n<p><strong>NE \u00d6LJ!<\/strong><\/p>\n<ul>\n<li>Megbecs\u00fcl\u00f6m-e a term\u00e9szetet, az \u00e9let sz\u00e9ps\u00e9geit, vagy csak fogyaszt\u00f3ja, t\u00f6nkretev\u0151je, megront\u00f3ja vagyok?<\/li>\n<li>\u00c9rt\u00e9k-e \u00f6nmagam? Gondolok-e testi eg\u00e9szs\u00e9gemre, hogyan b\u00e1nok energi\u00e1immal; tudom-e testemet engedelmess\u00e9gre, nemes szolg\u00e1latra fogni, vagy t\u00falzottan k\u00e9nyeztettem?<\/li>\n<li>Pr\u00f3b\u00e1ltam, haszn\u00e1ltam-e k\u00e1b\u00edt\u00f3szereket; rabja vagyok-e valamilyen szenved\u00e9lynek?<\/li>\n<li>Megs\u00e9rtettem-e, megb\u00e1ntottam-e valakit, antip\u00e1tia alapj\u00e1n kiz\u00e1rtam-e, hib\u00e1it kibesz\u00e9ltem-e, k\u00edv\u00e1ntame neki rosszat, esetleg a hal\u00e1l\u00e1t?<\/li>\n<\/ul>\n<p><strong>NE PAR\u00c1ZN\u00c1LKODJ\u00c1L!<\/strong><\/p>\n<ul>\n<li>Komolyan k\u00e9sz\u00fcl\u00f6k-e \u00e9lethivat\u00e1somra, a csal\u00e1dalap\u00edt\u00e1sra, a h\u00e1zas\u00e9letre, esetleg szerzetesi vagy papi \u00e9letre?<\/li>\n<li>Nem vagyok-e felel\u0151tlen, kalandor, \u00e9lvezethajh\u00e1sz?<\/li>\n<li>Van-e meg nem engedett testi kapcsolatom, aminek egyetlen helye \u00e9s kibontakoz\u00e1sa a h\u00e1zass\u00e1gban lehet?<\/li>\n<li>Beleegyeztem-e a mag\u00e1nyos b\u0171nbe?<\/li>\n<li>Ker\u00fcltem-e a vesz\u00e9lyhelyzeteket, a k\u00eds\u00e9rt\u00e9st?<\/li>\n<li>Tiszteltem-e m\u00e1sok \u00e9rzelemvil\u00e1g\u00e1t, szabads\u00e1g\u00e1t, hit\u00e9t, vagy eszk\u00f6zz\u00e9 akartam lealacsony\u00edtani \u00f6nz\u0151 v\u00e1gyaim kiel\u00e9g\u00edt\u00e9s\u00e9re?<\/li>\n<\/ul>\n<p><strong>NE LOPJ!<\/strong><\/p>\n<ul>\n<li>Megbecs\u00fcltem-e m\u00e1sok tulajdon\u00e1t, a k\u00f6z\u00f6ss\u00e9g\u00e9t, a t\u00e1rsadalom\u00e9t? T\u00falzottan fogyasztottam, m\u00e9rt\u00e9ktelen, fukar, kapzsi vagy pazarl\u00f3 voltam?<\/li>\n<li>Az eltulajdon\u00edtott, t\u00f6nkretett \u00e9rt\u00e9ket hogyan k\u00e1rp\u00f3toltam, gondoskodtam-e visszaad\u00e1s\u00e1r\u00f3l?<\/li>\n<\/ul>\n<p><strong>HAMIS TAN\u00daS\u00c1GOT NE SZ\u00d3LJ FELEBAR\u00c1TOD ELLEN!<\/strong><\/p>\n<ul>\n<li>Szavaim mindig megfeleltek-e az igazs\u00e1gnak, olykor nagy\u00edtottam, hazudtam, szubjekt\u00edv \u00edt\u00e9leteim szerint besz\u00e9ltem-e m\u00e1sokr\u00f3l?<\/li>\n<li>T\u00f6nkretettem-e m\u00e1sok becs\u00fclet\u00e9t, mit teszek most a helyre\u00e1ll\u00edt\u00e1s\u00e1\u00e9rt?<\/li>\n<li>Megsz\u00f3ltam-e, r\u00e1galmaztam-e valakit?<\/li>\n<li>Seg\u00edtettem-e m\u00e1snak igazabbul \u00e9lni, vagy b\u0171nr\u00e9szes voltam? Tan\u00e1csoltam-e b\u0171nt, lekicsiny\u00edtettem-e fontoss\u00e1g\u00e1t, ezzel m\u00e1sokat elbizonytalan\u00edtottam-e?<\/li>\n<\/ul>\n<p><strong>FELEBAR\u00c1TOD FELES\u00c9G\u00c9T NE K\u00cdV\u00c1ND!<\/strong><\/p>\n<ul>\n<li>Tiszteltem-e, \u00e9s mindenek f\u00f6l\u00f6tt \u00e9rinthetetlennek tartottam-e a h\u00e1zass\u00e1g szents\u00e9g\u00e9t? Gondoltam-e r\u00e1, hogy ha majd \u00e9n aj\u00e1nd\u00e9kul kapom, ez mit jelenthet sz\u00e1momra?<\/li>\n<li>Cs\u00e1b\u00edtottam-e valakit b\u0171nre?<\/li>\n<\/ul>\n<p><strong>SE H\u00c1Z\u00c1T, SE MEZEJ\u00c9T, SE M\u00c1SF\u00c9LE J\u00d3SZ\u00c1G\u00c1T NE K\u00cdV\u00c1NJAD!<\/strong><\/p>\n<ul>\n<li>V\u00e1gyaim, k\u00edv\u00e1ns\u00e1gaim mennyiben t\u00e9rtek el a j\u00e9zusi eszm\u00e9nyt\u0151l? Ha csak k\u00eds\u00e9rt\u00e9seim voltak, igyekeztem-e elh\u00e1r\u00edtani azokat magamt\u00f3l?<\/li>\n<li>Beleegyeztem-e, gy\u00f6ny\u00f6rk\u00f6dtem-e b\u00e1rmilyen b\u0171n\u00f6s k\u00edv\u00e1ns\u00e1gon, engedtem, hogy m\u00e1sok l\u00e1tv\u00e1nya erre ind\u00edtson?<\/li>\n<li>El\u00e9gedett vagyok-e azzal, amim van, aki vagyok, vagy mindig m\u00e1st akarok, m\u00e1shol akarok lenni, m\u00e1st akarok csin\u00e1lni, mint ami az \u00e1llapotbeli k\u00f6teless\u00e9gem?<\/li>\n<li>Van-e bennem nagylelk\u0171s\u00e9g?<\/li>\n<li>Amb\u00edci\u00f3im mikor v\u00e1ltanak karrierv\u00e1ggy\u00e1?<\/li>\n<li>Tartok-e magam k\u00f6r\u00fcl \u00e9s magamban rendet?<\/li>\n<li>K\u00fczd\u00f6k-e a g\u0151g, a hi\u00fas\u00e1g ellen?<\/li>\n<li>Nem b\u00e1ntom-e Egyh\u00e1zamat, amely any\u00e1m \u00e9s csal\u00e1dom?<\/li>\n<li>Szeretem-e krisztusi m\u00f3don felebar\u00e1taimat?<\/li>\n<\/ul>\n<p>Van-e valami m\u00e9g, ami nyomja a sz\u00edvemet, ami k\u00f6z\u00e9m \u00e9s Isten k\u00f6z\u00e9 \u00e9kel\u0151d\u00f6tt, \u2014 esetleg m\u00e1r r\u00e9g\u00f3ta, \u2014 de mindig sz\u00e9gyelltem bevallani \u00f6nmagam el\u0151tt is, Isten el\u0151tt is\u2026<\/p>\n<p>&nbsp;<\/p>\n<h2><\/h2>\n<h2>LELKIT\u00dcK\u00d6R GYEREKEKNEK<\/h2>\n<h3><strong>Lelkiismeretvizsg\u00e1lat \u00e9s lelki t\u00fck\u00f6r (9-12 \u00e9ves koroszt\u00e1lynak)<\/strong><br \/>\n<strong>\u2013 az els\u0151 \u00e9vben sz\u00fcl\u0151i seg\u00edts\u00e9get ig\u00e9nyelhet \u2013<\/strong><\/h3>\n<h3><\/h3>\n<p><em>A lelkiismeretvizsg\u00e1lat tudatos cselekm\u00e9ny, amelyet a gyermek \u2013 kezdetben sz\u00fcl\u0151i seg\u00edts\u00e9ggel \u2013 havonta elv\u00e9gez. A lelkiismeretvizsg\u00e1latot bens\u0151s\u00e9ges ima vezet be, amelyet a sz\u00fcl\u0151 mondhat az els\u0151 id\u0151szakban, k\u00e9s\u0151bb m\u00e1r a gyermek. L\u00e9nyeges, hogy ne k\u00e9nyelmetlen helyzet r\u00f6gz\u00fclj\u00f6n a gyermekben, hanem egy \u0151szinte \u00f6nfelt\u00e1r\u00e1s Isten el\u0151tt, aki szeret minket. A sz\u00fcl\u0151 nem lehet b\u00edr\u00f3 ezekben az esetekben, m\u00e9g akkor sem, ha \u201ekitud\u00f3dik\u201d sz\u00e1m\u00e1ra valami, amir\u0151l nem tud, vagy nem sejtett. Fontos megtartani a bizalomteljes l\u00e9gk\u00f6r intimit\u00e1s\u00e1t. Csak akkor sz\u00f3lni, ha a gyermek k\u00e9ri a seg\u00edts\u00e9get. <\/em><\/p>\n<p>&nbsp;<\/p>\n<p>A lelkiismeretvizsg\u00e1lat szertart\u00e1s\u00e1t c\u00e9lszer\u0171 a gyermek szob\u00e1j\u00e1ban v\u00e9gezni.<br \/>\nA sz\u00fcl\u0151 le\u00fcl a gyermek\u00e9vel (sz\u00e9kre, s\u00e1mlira, a sz\u0151nyegre) \u00e9s elmagyar\u00e1zza, hogy most \u0151szint\u00e9n fogunk besz\u00e9lni Istennel. A szob\u00e1ban legyen egy szentk\u00e9p, vagy kereszt, amelyet a gyermek v\u00e1laszt ki, \u00e9s k\u00f6t\u0151dik hozz\u00e1.<\/p>\n<p>Keresztvet\u00e9s.<\/p>\n<p>Ima, amelynek sor\u00e1n Isten seg\u00edts\u00e9g\u00e9t k\u00e9rj\u00fck abban, hogy felismerj\u00fck, mi j\u00f3t \u00e9s rosszat tett\u00fcnk az elm\u00falt id\u0151szakban: Pl. Istenem, seg\u00edts, hogy meg\u00e9rtsem azt, mi\u00e9rt tegyek j\u00f3t, \u00e9s ker\u00fcljem a rosszat. Add, hogy egyre jobban szeresselek t\u00e9ged \u00e9s embert\u00e1rsaimat \u00fagy, mint magamat. Krisztus, a mi Urunk \u00e1ltal. \u00c1men.<\/p>\n<p><em>Most k\u00f6vetkezik a lelkiismeretvizsg\u00e1lat, amit a gyermek lehet\u0151leg egyed\u00fcl v\u00e9gezzen, hiszen ez az \u0151 lelk\u00e9nek legbens\u0151bb \u00fcgye, de legy\u00fcnk k\u00e9szen seg\u00edteni \u00e9s v\u00e1laszolni neki. C\u00e9lszer\u0171 elmondani, hogy saj\u00e1t gyermekkorunkban, amikor valamit rosszul tett\u00fcnk, annak milyen k\u00f6vetkezm\u00e9nyei voltak, \u00e9s azt is, milyen \u00f6r\u00f6m volt helyrehozni a dolgokat.<\/em><\/p>\n<p>T\u00f6rekedtem megtartani Isten parancsait, amelyek seg\u00edts\u00e9g\u00e9vel megteszem mindazt, amire J\u00e9zus k\u00e9r engem? Szerettem Istent mindenek f\u00f6l\u00f6tt, \u00e9s embert\u00e1rsaimat, mint magamat?<\/p>\n<ol>\n<li>parancsolat: <strong>Uradat, Istenedet im\u00e1dd, \u00e9s csak Neki szolg\u00e1lj!<\/strong><\/li>\n<\/ol>\n<ul>\n<li>Hiszem azt, \u00e9s b\u00edzom abban, hogy Isten felt\u00e9tel n\u00e9lk\u00fcl szeret engem?<\/li>\n<li>Igyekeztem szeretni Istent \u00e9s h\u00e1l\u00e1s vagyok neki szeretet\u00e9\u00e9rt?<\/li>\n<li>Haragudtam Istenre, mert valami m\u00e1sk\u00e9pp t\u00f6rt\u00e9nt, mint ahogy azt \u00e9n akartam?<\/li>\n<li>Im\u00e1dkozom reggel, este \u00e9s fontos helyzetekben?<\/li>\n<li>H\u00e1l\u00e1s vagyok Istennek, ami\u00e9rt van mit ennem, \u00e9s van ruh\u00e1m, amely v\u00e9di testi eg\u00e9szs\u00e9gemet?<\/li>\n<\/ul>\n<ol>\n<li>parancsolat: <strong>Isten nev\u00e9t hi\u00e1ba ne vedd!<\/strong><\/li>\n<\/ol>\n<ul>\n<li>K\u00edv\u00e1ntam valakinek azt, hogy Isten b\u00fcntesse meg?<\/li>\n<li>Er\u0151sk\u00f6dtem a hamis dolgok v\u00e9delm\u00e9ben \u00e9s v\u00e9dtem a hazugs\u00e1got?<\/li>\n<li>Megszegtem adott szavamat?<\/li>\n<li>Besz\u00e9ltem cs\u00fany\u00e1n?<\/li>\n<li>Voltam t\u00falzottan b\u00fcszke \u00e9s hi\u00fa?<\/li>\n<\/ul>\n<p>III. parancsolat: <strong>Az \u00dar napj\u00e1t szenteld meg!<\/strong><\/p>\n<ul>\n<li>Megszenteltem a vas\u00e1rnapot azzal, hogy elmentem szentmis\u00e9re?<\/li>\n<li>K\u00e9rtem Istent, hogy a k\u00f6vetkez\u0151 h\u00e9ten minden j\u00f3ban seg\u00edtsen?<\/li>\n<li>Seg\u00edtettem sz\u00fcleimnek abban, hogy vas\u00e1rnap pihenjenek?<\/li>\n<li>Pihentem vas\u00e1rnap, hogy legyen lelki-testi er\u0151m a k\u00f6vetkez\u0151 heti feladataimhoz?<\/li>\n<\/ul>\n<ol>\n<li>parancsolat: <strong>Aty\u00e1dat \u00e9s any\u00e1dat tiszteld!<\/strong><\/li>\n<\/ol>\n<ul>\n<li>Megk\u00f6sz\u00f6n\u00f6m minden este Istennek, hogy vannak sz\u00fcleim, akik \u00e9letet adtak nekem \u00e9s igyekeznek j\u00f3t adni nekem?<\/li>\n<li>Engedelmes voltam sz\u00fcleim ir\u00e1nt?<\/li>\n<li>Seg\u00edtettem nekik, \u00e9s \u00f6r\u00f6mmel r\u00e9szt vettem a csal\u00e1di programokban, feladatokban?<\/li>\n<\/ul>\n<ol>\n<li>parancsolat: <strong>Ne \u00f6lj!<\/strong><\/li>\n<\/ol>\n<ul>\n<li>V\u00e9delmeztem az \u00e9letet?<\/li>\n<li>Megv\u00e9dtem a gyeng\u00e9bbet?<\/li>\n<li>Seg\u00edtettem annak, aki gyeng\u00e9bb?<\/li>\n<li>Vigy\u00e1ztam m\u00e1sok \u00e9s a saj\u00e1t eg\u00e9szs\u00e9g\u00e9re, testi \u00e9ps\u00e9g\u00e9re?<\/li>\n<li>Ker\u00fcltem azokat a tornagyakorlatokat, amelyek seg\u00edtenek abban, hogy er\u0151s \u00e9s eg\u00e9szs\u00e9ges legyek?<\/li>\n<li>Pr\u00f3b\u00e1ltam m\u00e1sokat arra r\u00e1venni, hogy rosszat tegyenek?<\/li>\n<li>Igyekeztem kib\u00e9k\u00fclni azzal, aki megb\u00e1ntott?<\/li>\n<li>Igyekeztem elker\u00fclni veszeked\u00e9st \u00e9s vereked\u00e9st?<\/li>\n<li>Seg\u00edtettem m\u00e1sokat kib\u00e9k\u00fclni egym\u00e1ssal?<\/li>\n<\/ul>\n<ol>\n<li>parancsolat: <strong>Ne par\u00e1zn\u00e1lkodj!<\/strong><\/li>\n<\/ol>\n<ul>\n<li>G\u00fanyol\u00f3dtam fi\u00fakon\/l\u00e1nyokon?<\/li>\n<li>T\u00f6rekedtem \u00f6nuralomra?<\/li>\n<li>Duzzogtam \u00e9s illetlen\u00fcl viselkedtem sz\u00fcleimmel \u00e9s tan\u00e1raimmal?<\/li>\n<\/ul>\n<p><em>\u00a0\u00a0\u00a0\u00a0\u00a0\u00a0\u00a0\u00a0\u00a0\u00a0\u00a0\u00a0\u00a0\u00a0\u00a0\u00a0\u00a0\u00a0\u00a0\u00a0\u00a0\u00a0\u00a0 NB! A sz\u00fcl\u0151 m\u00e1r ezen a helyen igyekezzen felvil\u00e1gos\u00edtani gyermek\u00e9t arr\u00f3l, \u00a0\u00a0\u00a0\u00a0\u00a0\u00a0\u00a0\u00a0\u00a0\u00a0\u00a0\u00a0\u00a0\u00a0\u00a0\u00a0\u00a0\u00a0\u00a0\u00a0\u00a0\u00a0\u00a0 hogy a szexualit\u00e1s Isten olyan aj\u00e1nd\u00e9ka, amellyel nem \u00e9lhet\u00fcnk vissza, \u00e9s \u00a0\u00a0\u00a0\u00a0\u00a0\u00a0\u00a0\u00a0\u00a0\u00a0\u00a0\u00a0\u00a0\u00a0\u00a0\u00a0\u00a0\u00a0\u00a0\u00a0\u00a0\u00a0\u00a0 nem haszn\u00e1lhatunk ki. A szexualit\u00e1s (nemi jelleg) egy \u00e9rt\u00e9k, amelyet \u00a0 \u00a0\u00a0\u00a0\u00a0\u00a0\u00a0\u00a0\u00a0\u00a0\u00a0\u00a0\u00a0\u00a0\u00a0\u00a0\u00a0\u00a0\u00a0\u00a0\u00a0\u00a0\u00a0\u00a0 v\u00e9den\u00fcnk kell, mivel szent dolog. Fontos a helyes szexu\u00e1lis felvil\u00e1gos\u00edt\u00e1s \u00a0\u00a0\u00a0\u00a0\u00a0\u00a0\u00a0\u00a0\u00a0\u00a0\u00a0\u00a0\u00a0\u00a0\u00a0\u00a0\u00a0\u00a0\u00a0\u00a0\u00a0\u00a0\u00a0 n\u00e9pmes\u00e9ken kereszt\u00fcl. Ugyanakkor legal\u00e1bb annyira fontos, hogy ne \u00a0\u00a0\u00a0\u00a0\u00a0\u00a0\u00a0\u00a0\u00a0\u00a0\u00a0\u00a0\u00a0\u00a0\u00a0\u00a0\u00a0\u00a0\u00a0\u00a0\u00a0\u00a0\u00a0 kelts\u00fcnk a gyerekben t\u00falzott b\u0171ntudatot sem az\u00e9rt, ami\u00e9rt nem kell!<\/em><\/p>\n<p>VII. parancsolat: <strong>Ne lopj!<\/strong><\/p>\n<ul>\n<li>Tiszteltem \u00e9s v\u00e9dtem m\u00e1sok tulajdon\u00e1t \u00e9s testi, lelki \u00e9ps\u00e9g\u00e9t?<\/li>\n<li>Igazs\u00e1gos voltam m\u00e1sokkal?<\/li>\n<li>Egy\u00fctt\u00e9rz\u0151 voltam m\u00e1sokkal?<\/li>\n<li>Igyekeztem helyrehozni a k\u00e1rt, amit m\u00e1soknak okoztam?<\/li>\n<li>Vigy\u00e1ztam a term\u00e9szetre \u00e9s k\u00f6rnyezetemre?<\/li>\n<li>Rong\u00e1ltam t\u00e1rgyakat \u00e9s n\u00f6v\u00e9nyeket?<\/li>\n<li>B\u00e1ntottam \u00e1llatokat?<\/li>\n<li>Elv\u00e9geztem azokat a feladatokat, amelyek k\u00f6teless\u00e9geim k\u00f6z\u00e9 tartoznak?<\/li>\n<li>Megbecs\u00fcltem sz\u00fcleim \u00e9s tan\u00e1raim \u00e9rtem v\u00e9gzett munk\u00e1j\u00e1t \u00e9s f\u00e1radoz\u00e1s\u00e1t?<\/li>\n<li>H\u00e1l\u00e1s voltam nekik, \u00e9s megk\u00f6sz\u00f6ntem nekik, hogy t\u00f6r\u0151dnek velem?<\/li>\n<\/ul>\n<p>VIII. parancsolat: <strong>Ne hazudj, m\u00e1sok becs\u00fclet\u00e9ben k\u00e1rt ne t\u00e9gy!<\/strong><\/p>\n<ul>\n<li>Igazs\u00e1gos voltam m\u00e1sokkal?<\/li>\n<li>\u00c1ll\u00edtottam val\u00f3tlan dolgokat?<\/li>\n<li>Dicsekedtem olyan dolgokkal \u00e9s k\u00e9pess\u00e9gekkel, amelyek nincsenek a \u00a0\u00a0\u00a0\u00a0\u00a0\u00a0\u00a0\u00a0\u00a0\u00a0\u00a0\u00a0\u00a0\u00a0\u00a0\u00a0\u00a0\u00a0\u00a0\u00a0\u00a0\u00a0\u00a0 birtokomban?<\/li>\n<li>Besz\u00e9ltem m\u00e1sr\u00f3l val\u00f3tlant, rossz dolgokat?<\/li>\n<li>Cs\u00e1b\u00edtottam m\u00e1st rossz cselekedetekre?<\/li>\n<li>H\u00edzelegtem \u00f6nz\u0151 c\u00e9llal?<\/li>\n<li>Tiszteltem a m\u0171v\u00e9szi \u00e9rt\u00e9keket?<\/li>\n<li>Rong\u00e1ltam?<\/li>\n<\/ul>\n<ol>\n<li>parancsolat: <strong>Felebar\u00e1tod h\u00e1zast\u00e1rs\u00e1t ne k\u00edv\u00e1nd!<\/strong><\/li>\n<\/ol>\n<ul>\n<li>Megs\u00e9rtettem bar\u00e1ts\u00e1gokat?<\/li>\n<li>El\u00e1rultam m\u00e1s titk\u00e1t \u00e9s gyenges\u00e9g\u00e9t?<\/li>\n<li>Igyekeztem tisztelni a feln\u0151tteket?<\/li>\n<li>Voltam t\u00falzottan durva m\u00e1sokkal?<\/li>\n<\/ul>\n<ol>\n<li>parancsolat: <strong>M\u00e1sok tulajdon\u00e1t ne k\u00edv\u00e1nd!<\/strong><\/li>\n<\/ol>\n<ul>\n<li>F\u00f6sv\u00e9ny voltam?<\/li>\n<li>Irigykedtem \u2013 szomor\u00fa \u00e9s let\u00f6rt voltam, mert nem szereztem meg magamnak valamit, ami m\u00e1snak van?<\/li>\n<li>K\u00e9rkedtem \u2013 len\u00e9ztem m\u00e1sokat, mert nekik nincsenek meg azok a javak, amelyekkel a sz\u00fcleim ell\u00e1tnak engem?<\/li>\n<\/ul>\n<p><em>\u00a0<\/em><\/p>\n<p><em>A lelkiismeretvizsg\u00e1latot r\u00f6vid h\u00e1laad\u00f3, \u00e9s az esti ima k\u00f6vesse.<\/em><\/p>\n<p>&nbsp;<\/p>\n","protected":false},"excerpt":{"rendered":"<p>Kedves H\u00edveim, kedves Bar\u00e1taim! Egyik\u0151t\u00f6k azzal a k\u00e9r\u00e9ssel lepett meg, hogy tegyek fel a honlapra illetve a facebookra egy \u00fan. lelkit\u00fck\u00f6r-\u00f6ssze\u00e1ll\u00edt\u00e1st. K\u00e9r\u00e9se nyom\u00e1n nekem is azonnal eszembe jutott, hogy mennyire fel\u00fcletesek n\u00e9ha a szentgy\u00f3n\u00e1saink, illetve mennyire a r\u00e9gi, gyermekkorban beidegz\u0151d\u00f6tt b\u0171n\u00f6ket \u00e9s hib\u00e1kat tartalmazz\u00e1k. Pedig k\u00f6zben a vil\u00e1g nagyot l\u00e9pett el\u0151re, m\u00e1s korok j\u00e1rj\u00e1k, m\u00e1s erk\u00f6lcs\u00f6k \u00e9s m\u00e1s szok\u00e1sok uralkodnak, \u00e9s ha a b\u0171n\u00f6k illetve v\u00e9tkek l\u00e9nyeg\u00fckben ugyanazok is maradtak, egy-egy modernebb t\u00e1rsaikkal mindenk\u00e9pp gyarapodtak. Teh\u00e1t val\u00f3ban sz\u00fcks\u00e9g van \u00fajabb lelkit\u00fckr\u00f6k megfogalmaz\u00e1s\u00e1ra. Szerencs\u00e9re ezt n\u00e1lam sokkal iskol\u00e1zottabb erk\u00f6lcsteol\u00f3gusok m\u00e1r meg is tett\u00e9k, nekem mind\u00f6ssze az maradt, hogy a h\u00e1rom legkeresettebb lelkit\u00fckr\u00f6t hozzam, \u00e9s ugyanakkor r\u00e1mutassak arra, hogy a \u201eServus-lelkit\u00fckr\u00f6k\u201d https:\/\/servus.eoldal.hu\/cikkek\/lelkitukrok honoldalon m\u00e9g t\u00f6bbet \u00e9s specifikusabbat is tal\u00e1lhattok. J\u00f3 keres\u00e9t \u2013 \u00e9s egy j\u00f3 h\u00fasv\u00e9ti szentgy\u00f3n\u00e1st k\u00edv\u00e1n lelkip\u00e1sztori \u00e9s bar\u00e1ti szeretettel, Imre atya Stuttgart, 2020 nagyb\u00f6jtj\u00e9n. LELKIT\u00dcK\u00d6R FELN\u0150TTEKNEK &nbsp; B\u0170NB\u00c1NAT \u00c9S KIENGESZTEL\u0150D\u00c9S \u2013\u00a0\u00a0\u00a0\u00a0\u00a0\u00a0\u00a0 k\u00e9rd\u00e9sek, tan\u00e1csok a lelkiismeretvizsg\u00e1lathoz \u00e9s a szentgy\u00f3n\u00e1shoz \u2013 Ha J\u00e9zus k\u00f6vet\u0151je vagy, nem el\u00e9g azt mondani: \u201enem loptam\u201d, \u00a0hanem meg kell vizsg\u00e1lni, adt\u00e1l-e a r\u00e1szorul\u00f3knak (Katona Istv\u00e1n) \u00a0 EL\u0150ZETES TAN\u00c1CSOK: Rendszeresen gy\u00f3nj\u00e1l \u2013 ha lehet havonta \u2013, \u00edgy \u00e9l\u0151 tapasztalatt\u00e1 lehet benned a Szent\u00edr\u00e1s szava: \u201eA szeretet nem abban \u00e1ll, hogy mi szeretj\u00fck az Istent, hanem, hogy \u0151 el\u0151bb szeretett minket\u201d, ami a gy\u00f3n\u00e1sban azt jelenti: b\u0171neink s\u00faly\u00e1n\u00e1l mindig nagyobb a kegyelem \u00e9s a visszafogad\u00e1s m\u00e9rt\u00e9ke \u2013 mi csak v\u00e1laszolunk minderre. \u00c9ppen ez\u00e9rt a gy\u00f3n\u00e1sban ne csup\u00e1n arra helyezd a hangs\u00falyt, hogy \u201ej\u00f3 gy\u00f3n\u00e1som legyen\u201d, vagyis \u00e1t\u00e9rezzem a szabadul\u00e1st, a b\u00e1natot, hanem legyen el\u0151tted annak felel\u0151ss\u00e9ge is \u2013 \u00e9s ez tal\u00e1n az el\u0151bbiek felt\u00e9tele \u2013, hogy b\u0171neiddel v\u00e9tett\u00e9l a v\u00e9gtelen Szeretet, Isten ellen, aki ha \u00e9rzed, ha nem, most megbocs\u00e1t, feloldoz, visszafogad. Ezt a realit\u00e1st garant\u00e1lja a pap szem\u00e9lye. V\u00e1lassz magadnak egy gy\u00f3ntat\u00f3t, lelkivezet\u0151t, akinek seg\u00edts\u00e9g\u00e9vel a gyakorta elk\u00f6vetett \u2019fel\u00fcleti\u2019 b\u0171n\u00f6k sz\u00e1mbav\u00e9tele ut\u00e1n \u00e9leted nagyobb eg\u00e9sz\u00e9re is reflekt\u00e1lni&#8230; <\/p>\n<p><a class=\"readmore\" href=\"https:\/\/stuttgarti-katolikusok.de\/index.php\/lelkitukrok\/\">R\u00e9szletek<\/a><\/p>\n","protected":false},"author":3,"featured_media":0,"comment_status":"closed","ping_status":"closed","sticky":false,"template":"","format":"standard","meta":{"footnotes":""},"categories":[28],"tags":[],"class_list":["post-19111","post","type-post","status-publish","format-standard","hentry","category-olvasoink-irjak"],"yoast_head":"<!-- This site is optimized with the Yoast SEO plugin v27.3 - https:\/\/yoast.com\/product\/yoast-seo-wordpress\/ -->\n<title>Lelkit\u00fckr\u00f6k - Stuttgarti Katolikusok<\/title>\n<meta name=\"robots\" content=\"index, follow, max-snippet:-1, max-image-preview:large, max-video-preview:-1\" \/>\n<link rel=\"canonical\" href=\"https:\/\/stuttgarti-katolikusok.de\/index.php\/lelkitukrok\/\" \/>\n<meta property=\"og:locale\" content=\"hu_HU\" \/>\n<meta property=\"og:type\" content=\"article\" \/>\n<meta property=\"og:title\" content=\"Lelkit\u00fckr\u00f6k - Stuttgarti Katolikusok\" \/>\n<meta property=\"og:description\" content=\"Kedves H\u00edveim, kedves Bar\u00e1taim! Egyik\u0151t\u00f6k azzal a k\u00e9r\u00e9ssel lepett meg, hogy tegyek fel a honlapra illetve a facebookra egy \u00fan. lelkit\u00fck\u00f6r-\u00f6ssze\u00e1ll\u00edt\u00e1st. K\u00e9r\u00e9se nyom\u00e1n nekem is azonnal eszembe jutott, hogy mennyire fel\u00fcletesek n\u00e9ha a szentgy\u00f3n\u00e1saink, illetve mennyire a r\u00e9gi, gyermekkorban beidegz\u0151d\u00f6tt b\u0171n\u00f6ket \u00e9s hib\u00e1kat tartalmazz\u00e1k. Pedig k\u00f6zben a vil\u00e1g nagyot l\u00e9pett el\u0151re, m\u00e1s korok j\u00e1rj\u00e1k, m\u00e1s erk\u00f6lcs\u00f6k \u00e9s m\u00e1s szok\u00e1sok uralkodnak, \u00e9s ha a b\u0171n\u00f6k illetve v\u00e9tkek l\u00e9nyeg\u00fckben ugyanazok is maradtak, egy-egy modernebb t\u00e1rsaikkal mindenk\u00e9pp gyarapodtak. Teh\u00e1t val\u00f3ban sz\u00fcks\u00e9g van \u00fajabb lelkit\u00fckr\u00f6k megfogalmaz\u00e1s\u00e1ra. Szerencs\u00e9re ezt n\u00e1lam sokkal iskol\u00e1zottabb erk\u00f6lcsteol\u00f3gusok m\u00e1r meg is tett\u00e9k, nekem mind\u00f6ssze az maradt, hogy a h\u00e1rom legkeresettebb lelkit\u00fckr\u00f6t hozzam, \u00e9s ugyanakkor r\u00e1mutassak arra, hogy a \u201eServus-lelkit\u00fckr\u00f6k\u201d https:\/\/servus.eoldal.hu\/cikkek\/lelkitukrok honoldalon m\u00e9g t\u00f6bbet \u00e9s specifikusabbat is tal\u00e1lhattok. J\u00f3 keres\u00e9t \u2013 \u00e9s egy j\u00f3 h\u00fasv\u00e9ti szentgy\u00f3n\u00e1st k\u00edv\u00e1n lelkip\u00e1sztori \u00e9s bar\u00e1ti szeretettel, Imre atya Stuttgart, 2020 nagyb\u00f6jtj\u00e9n. LELKIT\u00dcK\u00d6R FELN\u0150TTEKNEK &nbsp; B\u0170NB\u00c1NAT \u00c9S KIENGESZTEL\u0150D\u00c9S \u2013\u00a0\u00a0\u00a0\u00a0\u00a0\u00a0\u00a0 k\u00e9rd\u00e9sek, tan\u00e1csok a lelkiismeretvizsg\u00e1lathoz \u00e9s a szentgy\u00f3n\u00e1shoz \u2013 Ha J\u00e9zus k\u00f6vet\u0151je vagy, nem el\u00e9g azt mondani: \u201enem loptam\u201d, \u00a0hanem meg kell vizsg\u00e1lni, adt\u00e1l-e a r\u00e1szorul\u00f3knak (Katona Istv\u00e1n) \u00a0 EL\u0150ZETES TAN\u00c1CSOK: Rendszeresen gy\u00f3nj\u00e1l \u2013 ha lehet havonta \u2013, \u00edgy \u00e9l\u0151 tapasztalatt\u00e1 lehet benned a Szent\u00edr\u00e1s szava: \u201eA szeretet nem abban \u00e1ll, hogy mi szeretj\u00fck az Istent, hanem, hogy \u0151 el\u0151bb szeretett minket\u201d, ami a gy\u00f3n\u00e1sban azt jelenti: b\u0171neink s\u00faly\u00e1n\u00e1l mindig nagyobb a kegyelem \u00e9s a visszafogad\u00e1s m\u00e9rt\u00e9ke \u2013 mi csak v\u00e1laszolunk minderre. \u00c9ppen ez\u00e9rt a gy\u00f3n\u00e1sban ne csup\u00e1n arra helyezd a hangs\u00falyt, hogy \u201ej\u00f3 gy\u00f3n\u00e1som legyen\u201d, vagyis \u00e1t\u00e9rezzem a szabadul\u00e1st, a b\u00e1natot, hanem legyen el\u0151tted annak felel\u0151ss\u00e9ge is \u2013 \u00e9s ez tal\u00e1n az el\u0151bbiek felt\u00e9tele \u2013, hogy b\u0171neiddel v\u00e9tett\u00e9l a v\u00e9gtelen Szeretet, Isten ellen, aki ha \u00e9rzed, ha nem, most megbocs\u00e1t, feloldoz, visszafogad. Ezt a realit\u00e1st garant\u00e1lja a pap szem\u00e9lye. V\u00e1lassz magadnak egy gy\u00f3ntat\u00f3t, lelkivezet\u0151t, akinek seg\u00edts\u00e9g\u00e9vel a gyakorta elk\u00f6vetett \u2019fel\u00fcleti\u2019 b\u0171n\u00f6k sz\u00e1mbav\u00e9tele ut\u00e1n \u00e9leted nagyobb eg\u00e9sz\u00e9re is reflekt\u00e1lni... R\u00e9szletek\" \/>\n<meta property=\"og:url\" content=\"https:\/\/stuttgarti-katolikusok.de\/index.php\/lelkitukrok\/\" \/>\n<meta property=\"og:site_name\" content=\"Stuttgarti Katolikusok\" \/>\n<meta property=\"article:published_time\" content=\"2020-03-15T18:26:47+00:00\" \/>\n<meta property=\"article:modified_time\" content=\"2020-04-27T15:38:02+00:00\" \/>\n<meta name=\"author\" content=\"Tibor atya\" \/>\n<meta name=\"twitter:card\" content=\"summary_large_image\" \/>\n<meta name=\"twitter:label1\" content=\"Szerz\u0151:\" \/>\n\t<meta name=\"twitter:data1\" content=\"Tibor atya\" \/>\n\t<meta name=\"twitter:label2\" content=\"Becs\u00fclt olvas\u00e1si id\u0151\" \/>\n\t<meta name=\"twitter:data2\" content=\"24 perc\" \/>\n<script type=\"application\/ld+json\" class=\"yoast-schema-graph\">{\"@context\":\"https:\\\/\\\/schema.org\",\"@graph\":[{\"@type\":\"Article\",\"@id\":\"https:\\\/\\\/stuttgarti-katolikusok.de\\\/index.php\\\/lelkitukrok\\\/#article\",\"isPartOf\":{\"@id\":\"https:\\\/\\\/stuttgarti-katolikusok.de\\\/index.php\\\/lelkitukrok\\\/\"},\"author\":{\"name\":\"Tibor atya\",\"@id\":\"https:\\\/\\\/stuttgarti-katolikusok.de\\\/#\\\/schema\\\/person\\\/75908d6f8fdc03a57889d27209df7795\"},\"headline\":\"Lelkit\u00fckr\u00f6k\",\"datePublished\":\"2020-03-15T18:26:47+00:00\",\"dateModified\":\"2020-04-27T15:38:02+00:00\",\"mainEntityOfPage\":{\"@id\":\"https:\\\/\\\/stuttgarti-katolikusok.de\\\/index.php\\\/lelkitukrok\\\/\"},\"wordCount\":4814,\"articleSection\":[\"Olvas\u00f3ink \u00edrj\u00e1k\"],\"inLanguage\":\"hu\"},{\"@type\":\"WebPage\",\"@id\":\"https:\\\/\\\/stuttgarti-katolikusok.de\\\/index.php\\\/lelkitukrok\\\/\",\"url\":\"https:\\\/\\\/stuttgarti-katolikusok.de\\\/index.php\\\/lelkitukrok\\\/\",\"name\":\"Lelkit\u00fckr\u00f6k - Stuttgarti Katolikusok\",\"isPartOf\":{\"@id\":\"https:\\\/\\\/stuttgarti-katolikusok.de\\\/#website\"},\"datePublished\":\"2020-03-15T18:26:47+00:00\",\"dateModified\":\"2020-04-27T15:38:02+00:00\",\"author\":{\"@id\":\"https:\\\/\\\/stuttgarti-katolikusok.de\\\/#\\\/schema\\\/person\\\/75908d6f8fdc03a57889d27209df7795\"},\"breadcrumb\":{\"@id\":\"https:\\\/\\\/stuttgarti-katolikusok.de\\\/index.php\\\/lelkitukrok\\\/#breadcrumb\"},\"inLanguage\":\"hu\",\"potentialAction\":[{\"@type\":\"ReadAction\",\"target\":[\"https:\\\/\\\/stuttgarti-katolikusok.de\\\/index.php\\\/lelkitukrok\\\/\"]}]},{\"@type\":\"BreadcrumbList\",\"@id\":\"https:\\\/\\\/stuttgarti-katolikusok.de\\\/index.php\\\/lelkitukrok\\\/#breadcrumb\",\"itemListElement\":[{\"@type\":\"ListItem\",\"position\":1,\"name\":\"Kezd\u0151lap\",\"item\":\"https:\\\/\\\/stuttgarti-katolikusok.de\\\/\"},{\"@type\":\"ListItem\",\"position\":2,\"name\":\"Lelkit\u00fckr\u00f6k\"}]},{\"@type\":\"WebSite\",\"@id\":\"https:\\\/\\\/stuttgarti-katolikusok.de\\\/#website\",\"url\":\"https:\\\/\\\/stuttgarti-katolikusok.de\\\/\",\"name\":\"Stuttgarti Katolikusok\",\"description\":\"\",\"potentialAction\":[{\"@type\":\"SearchAction\",\"target\":{\"@type\":\"EntryPoint\",\"urlTemplate\":\"https:\\\/\\\/stuttgarti-katolikusok.de\\\/?s={search_term_string}\"},\"query-input\":{\"@type\":\"PropertyValueSpecification\",\"valueRequired\":true,\"valueName\":\"search_term_string\"}}],\"inLanguage\":\"hu\"},{\"@type\":\"Person\",\"@id\":\"https:\\\/\\\/stuttgarti-katolikusok.de\\\/#\\\/schema\\\/person\\\/75908d6f8fdc03a57889d27209df7795\",\"name\":\"Tibor atya\",\"image\":{\"@type\":\"ImageObject\",\"inLanguage\":\"hu\",\"@id\":\"https:\\\/\\\/secure.gravatar.com\\\/avatar\\\/61d268e57d1f4525b111222e29d2d5a7f8c420fdbf231ba5566a8ceac74fa960?s=96&d=mm&r=g\",\"url\":\"https:\\\/\\\/secure.gravatar.com\\\/avatar\\\/61d268e57d1f4525b111222e29d2d5a7f8c420fdbf231ba5566a8ceac74fa960?s=96&d=mm&r=g\",\"contentUrl\":\"https:\\\/\\\/secure.gravatar.com\\\/avatar\\\/61d268e57d1f4525b111222e29d2d5a7f8c420fdbf231ba5566a8ceac74fa960?s=96&d=mm&r=g\",\"caption\":\"Tibor atya\"},\"url\":\"https:\\\/\\\/stuttgarti-katolikusok.de\\\/index.php\\\/author\\\/tibor-atya\\\/\"}]}<\/script>\n<!-- \/ Yoast SEO plugin. -->","yoast_head_json":{"title":"Lelkit\u00fckr\u00f6k - Stuttgarti Katolikusok","robots":{"index":"index","follow":"follow","max-snippet":"max-snippet:-1","max-image-preview":"max-image-preview:large","max-video-preview":"max-video-preview:-1"},"canonical":"https:\/\/stuttgarti-katolikusok.de\/index.php\/lelkitukrok\/","og_locale":"hu_HU","og_type":"article","og_title":"Lelkit\u00fckr\u00f6k - Stuttgarti Katolikusok","og_description":"Kedves H\u00edveim, kedves Bar\u00e1taim! Egyik\u0151t\u00f6k azzal a k\u00e9r\u00e9ssel lepett meg, hogy tegyek fel a honlapra illetve a facebookra egy \u00fan. lelkit\u00fck\u00f6r-\u00f6ssze\u00e1ll\u00edt\u00e1st. K\u00e9r\u00e9se nyom\u00e1n nekem is azonnal eszembe jutott, hogy mennyire fel\u00fcletesek n\u00e9ha a szentgy\u00f3n\u00e1saink, illetve mennyire a r\u00e9gi, gyermekkorban beidegz\u0151d\u00f6tt b\u0171n\u00f6ket \u00e9s hib\u00e1kat tartalmazz\u00e1k. Pedig k\u00f6zben a vil\u00e1g nagyot l\u00e9pett el\u0151re, m\u00e1s korok j\u00e1rj\u00e1k, m\u00e1s erk\u00f6lcs\u00f6k \u00e9s m\u00e1s szok\u00e1sok uralkodnak, \u00e9s ha a b\u0171n\u00f6k illetve v\u00e9tkek l\u00e9nyeg\u00fckben ugyanazok is maradtak, egy-egy modernebb t\u00e1rsaikkal mindenk\u00e9pp gyarapodtak. Teh\u00e1t val\u00f3ban sz\u00fcks\u00e9g van \u00fajabb lelkit\u00fckr\u00f6k megfogalmaz\u00e1s\u00e1ra. Szerencs\u00e9re ezt n\u00e1lam sokkal iskol\u00e1zottabb erk\u00f6lcsteol\u00f3gusok m\u00e1r meg is tett\u00e9k, nekem mind\u00f6ssze az maradt, hogy a h\u00e1rom legkeresettebb lelkit\u00fckr\u00f6t hozzam, \u00e9s ugyanakkor r\u00e1mutassak arra, hogy a \u201eServus-lelkit\u00fckr\u00f6k\u201d https:\/\/servus.eoldal.hu\/cikkek\/lelkitukrok honoldalon m\u00e9g t\u00f6bbet \u00e9s specifikusabbat is tal\u00e1lhattok. J\u00f3 keres\u00e9t \u2013 \u00e9s egy j\u00f3 h\u00fasv\u00e9ti szentgy\u00f3n\u00e1st k\u00edv\u00e1n lelkip\u00e1sztori \u00e9s bar\u00e1ti szeretettel, Imre atya Stuttgart, 2020 nagyb\u00f6jtj\u00e9n. LELKIT\u00dcK\u00d6R FELN\u0150TTEKNEK &nbsp; B\u0170NB\u00c1NAT \u00c9S KIENGESZTEL\u0150D\u00c9S \u2013\u00a0\u00a0\u00a0\u00a0\u00a0\u00a0\u00a0 k\u00e9rd\u00e9sek, tan\u00e1csok a lelkiismeretvizsg\u00e1lathoz \u00e9s a szentgy\u00f3n\u00e1shoz \u2013 Ha J\u00e9zus k\u00f6vet\u0151je vagy, nem el\u00e9g azt mondani: \u201enem loptam\u201d, \u00a0hanem meg kell vizsg\u00e1lni, adt\u00e1l-e a r\u00e1szorul\u00f3knak (Katona Istv\u00e1n) \u00a0 EL\u0150ZETES TAN\u00c1CSOK: Rendszeresen gy\u00f3nj\u00e1l \u2013 ha lehet havonta \u2013, \u00edgy \u00e9l\u0151 tapasztalatt\u00e1 lehet benned a Szent\u00edr\u00e1s szava: \u201eA szeretet nem abban \u00e1ll, hogy mi szeretj\u00fck az Istent, hanem, hogy \u0151 el\u0151bb szeretett minket\u201d, ami a gy\u00f3n\u00e1sban azt jelenti: b\u0171neink s\u00faly\u00e1n\u00e1l mindig nagyobb a kegyelem \u00e9s a visszafogad\u00e1s m\u00e9rt\u00e9ke \u2013 mi csak v\u00e1laszolunk minderre. \u00c9ppen ez\u00e9rt a gy\u00f3n\u00e1sban ne csup\u00e1n arra helyezd a hangs\u00falyt, hogy \u201ej\u00f3 gy\u00f3n\u00e1som legyen\u201d, vagyis \u00e1t\u00e9rezzem a szabadul\u00e1st, a b\u00e1natot, hanem legyen el\u0151tted annak felel\u0151ss\u00e9ge is \u2013 \u00e9s ez tal\u00e1n az el\u0151bbiek felt\u00e9tele \u2013, hogy b\u0171neiddel v\u00e9tett\u00e9l a v\u00e9gtelen Szeretet, Isten ellen, aki ha \u00e9rzed, ha nem, most megbocs\u00e1t, feloldoz, visszafogad. Ezt a realit\u00e1st garant\u00e1lja a pap szem\u00e9lye. V\u00e1lassz magadnak egy gy\u00f3ntat\u00f3t, lelkivezet\u0151t, akinek seg\u00edts\u00e9g\u00e9vel a gyakorta elk\u00f6vetett \u2019fel\u00fcleti\u2019 b\u0171n\u00f6k sz\u00e1mbav\u00e9tele ut\u00e1n \u00e9leted nagyobb eg\u00e9sz\u00e9re is reflekt\u00e1lni... R\u00e9szletek","og_url":"https:\/\/stuttgarti-katolikusok.de\/index.php\/lelkitukrok\/","og_site_name":"Stuttgarti Katolikusok","article_published_time":"2020-03-15T18:26:47+00:00","article_modified_time":"2020-04-27T15:38:02+00:00","author":"Tibor atya","twitter_card":"summary_large_image","twitter_misc":{"Szerz\u0151:":"Tibor atya","Becs\u00fclt olvas\u00e1si id\u0151":"24 perc"},"schema":{"@context":"https:\/\/schema.org","@graph":[{"@type":"Article","@id":"https:\/\/stuttgarti-katolikusok.de\/index.php\/lelkitukrok\/#article","isPartOf":{"@id":"https:\/\/stuttgarti-katolikusok.de\/index.php\/lelkitukrok\/"},"author":{"name":"Tibor atya","@id":"https:\/\/stuttgarti-katolikusok.de\/#\/schema\/person\/75908d6f8fdc03a57889d27209df7795"},"headline":"Lelkit\u00fckr\u00f6k","datePublished":"2020-03-15T18:26:47+00:00","dateModified":"2020-04-27T15:38:02+00:00","mainEntityOfPage":{"@id":"https:\/\/stuttgarti-katolikusok.de\/index.php\/lelkitukrok\/"},"wordCount":4814,"articleSection":["Olvas\u00f3ink \u00edrj\u00e1k"],"inLanguage":"hu"},{"@type":"WebPage","@id":"https:\/\/stuttgarti-katolikusok.de\/index.php\/lelkitukrok\/","url":"https:\/\/stuttgarti-katolikusok.de\/index.php\/lelkitukrok\/","name":"Lelkit\u00fckr\u00f6k - Stuttgarti Katolikusok","isPartOf":{"@id":"https:\/\/stuttgarti-katolikusok.de\/#website"},"datePublished":"2020-03-15T18:26:47+00:00","dateModified":"2020-04-27T15:38:02+00:00","author":{"@id":"https:\/\/stuttgarti-katolikusok.de\/#\/schema\/person\/75908d6f8fdc03a57889d27209df7795"},"breadcrumb":{"@id":"https:\/\/stuttgarti-katolikusok.de\/index.php\/lelkitukrok\/#breadcrumb"},"inLanguage":"hu","potentialAction":[{"@type":"ReadAction","target":["https:\/\/stuttgarti-katolikusok.de\/index.php\/lelkitukrok\/"]}]},{"@type":"BreadcrumbList","@id":"https:\/\/stuttgarti-katolikusok.de\/index.php\/lelkitukrok\/#breadcrumb","itemListElement":[{"@type":"ListItem","position":1,"name":"Kezd\u0151lap","item":"https:\/\/stuttgarti-katolikusok.de\/"},{"@type":"ListItem","position":2,"name":"Lelkit\u00fckr\u00f6k"}]},{"@type":"WebSite","@id":"https:\/\/stuttgarti-katolikusok.de\/#website","url":"https:\/\/stuttgarti-katolikusok.de\/","name":"Stuttgarti Katolikusok","description":"","potentialAction":[{"@type":"SearchAction","target":{"@type":"EntryPoint","urlTemplate":"https:\/\/stuttgarti-katolikusok.de\/?s={search_term_string}"},"query-input":{"@type":"PropertyValueSpecification","valueRequired":true,"valueName":"search_term_string"}}],"inLanguage":"hu"},{"@type":"Person","@id":"https:\/\/stuttgarti-katolikusok.de\/#\/schema\/person\/75908d6f8fdc03a57889d27209df7795","name":"Tibor atya","image":{"@type":"ImageObject","inLanguage":"hu","@id":"https:\/\/secure.gravatar.com\/avatar\/61d268e57d1f4525b111222e29d2d5a7f8c420fdbf231ba5566a8ceac74fa960?s=96&d=mm&r=g","url":"https:\/\/secure.gravatar.com\/avatar\/61d268e57d1f4525b111222e29d2d5a7f8c420fdbf231ba5566a8ceac74fa960?s=96&d=mm&r=g","contentUrl":"https:\/\/secure.gravatar.com\/avatar\/61d268e57d1f4525b111222e29d2d5a7f8c420fdbf231ba5566a8ceac74fa960?s=96&d=mm&r=g","caption":"Tibor atya"},"url":"https:\/\/stuttgarti-katolikusok.de\/index.php\/author\/tibor-atya\/"}]}},"_links":{"self":[{"href":"https:\/\/stuttgarti-katolikusok.de\/index.php\/wp-json\/wp\/v2\/posts\/19111","targetHints":{"allow":["GET"]}}],"collection":[{"href":"https:\/\/stuttgarti-katolikusok.de\/index.php\/wp-json\/wp\/v2\/posts"}],"about":[{"href":"https:\/\/stuttgarti-katolikusok.de\/index.php\/wp-json\/wp\/v2\/types\/post"}],"author":[{"embeddable":true,"href":"https:\/\/stuttgarti-katolikusok.de\/index.php\/wp-json\/wp\/v2\/users\/3"}],"replies":[{"embeddable":true,"href":"https:\/\/stuttgarti-katolikusok.de\/index.php\/wp-json\/wp\/v2\/comments?post=19111"}],"version-history":[{"count":2,"href":"https:\/\/stuttgarti-katolikusok.de\/index.php\/wp-json\/wp\/v2\/posts\/19111\/revisions"}],"predecessor-version":[{"id":19120,"href":"https:\/\/stuttgarti-katolikusok.de\/index.php\/wp-json\/wp\/v2\/posts\/19111\/revisions\/19120"}],"wp:attachment":[{"href":"https:\/\/stuttgarti-katolikusok.de\/index.php\/wp-json\/wp\/v2\/media?parent=19111"}],"wp:term":[{"taxonomy":"category","embeddable":true,"href":"https:\/\/stuttgarti-katolikusok.de\/index.php\/wp-json\/wp\/v2\/categories?post=19111"},{"taxonomy":"post_tag","embeddable":true,"href":"https:\/\/stuttgarti-katolikusok.de\/index.php\/wp-json\/wp\/v2\/tags?post=19111"}],"curies":[{"name":"wp","href":"https:\/\/api.w.org\/{rel}","templated":true}]}}