{"id":19099,"date":"2020-03-12T18:20:55","date_gmt":"2020-03-12T18:20:55","guid":{"rendered":"https:\/\/gracious-dewdney.138-201-221-2.plesk.page\/?p=19099"},"modified":"2020-03-12T22:26:42","modified_gmt":"2020-03-12T22:26:42","slug":"fontos-hir","status":"publish","type":"post","link":"https:\/\/stuttgarti-katolikusok.de\/index.php\/fontos-hir\/","title":{"rendered":"Fontos h\u00edr!!!"},"content":{"rendered":"<p><span style=\"color: #800080;\">Kedves Testv\u00e9rek!<\/span><\/p>\n<p><span style=\"color: #800080;\">Ezen felh\u00edv\u00e1s a Weingarteni Csendes Napokra k\u00e9sz\u00fcl\u0151 testv\u00e9reknek sz\u00f3l. \u00d6r\u00f6mmel \u00e9s izgatottan k\u00e9sz\u00fclt\u00fcnk a p\u00e9nteken kezd\u0151d\u0151 Weingarteni Csendes Napokra. Mindig j\u00f3 \u00e9rz\u00e9s t\u00f6lt el, amikor vend\u00e9g lelkip\u00e1sztor atya \u00e9rkezik hozz\u00e1nk. A gyermek nyugtalans\u00e1g\u00e1val v\u00e1rtam \u00e9n is holnapi napot. P\u00e9k S\u00e1ndor aty\u00e1t r\u00e9g\u00f3ta ismerem, j\u00f3 bar\u00e1ts\u00e1gban vagyunk. Nagyon k\u00e9sz\u00fclt hozz\u00e1nk. S ezt t\u0151le tudom, hiszen az elm\u00falt napokban t\u00f6bbsz\u00f6r is besz\u00e9lt\u00fcnk, egyeztett\u00fcnk telefonon.<\/span><\/p>\n<p><span style=\"color: #800080;\">Ma d\u00e9lut\u00e1n viszont kellemetlen h\u00edrrel keresett meg. A koronav\u00edrus j\u00e1rv\u00e1nyra val\u00f3 tekintettel odahaza, Erd\u00e9lyben is minden nagyon k\u00e9pl\u00e9keny, v\u00e1ltoz\u00f3. A helyzet pattan\u00e1sig fesz\u00fclt. S\u00e1ndor atya p\u00fcsp\u00f6ke a mai napon megtiltotta papjainak, hogy elhagyj\u00e1k az egyh\u00e1zmegy\u00e9t \u00e9s k\u00fclf\u00f6ldre utazzanak. \u00c9rthet\u0151, hiszen ebben a bizonytalan \u00e1llapotban k\u00e9tes, hogy minden gond n\u00e9lk\u00fcl vissza is t\u00e9rhetn\u00e9nek.\u00a0<\/span><\/p>\n<p><span style=\"color: #800080;\">P\u00fcsp\u00f6k atya d\u00f6nt\u00e9s\u00e9t meg\u00e9rt\u00e9ssel fogadjuk. <span style=\"color: #ff00ff;\"><em><strong>A tervezett lelkigyakorlatunkat S\u00e1ndor atya n\u00e9lk\u00fcl tartjuk meg, ugyan\u00fagy, ahogyan meghirdett\u00fck!<\/strong><\/em><\/span>\u00a0Im\u00e1ds\u00e1g\u00e1val k\u00eds\u00e9r benn\u00fcnket, s amint \u00fajb\u00f3l lehet\u0151s\u00e9g k\u00edn\u00e1lkozik, elj\u00f6n hozz\u00e1nk.<\/span><\/p>\n<p><span style=\"color: #800080;\"><span style=\"color: #ff00ff;\"><em><strong>&#8222;Mert minden \u00e9rtetek t\u00f6rt\u00e9nik, hogy min\u00e9l b\u0151vebben \u00e1radjon a kegyelem, s \u00edgy h\u00e1l\u00e1t is mind t\u00f6bben adjanak az Isten dics\u0151s\u00e9g\u00e9re&#8221; (2 Kor 4,15).<\/strong><\/em>\u00a0<\/span> Szent P\u00e1l apostolnak ezzel a biztat\u00f3 \u00fczenet\u00e9vel h\u00edvlak \u00e9s v\u00e1rlak benneteket!<\/span><\/p>\n<p><span style=\"color: #800080;\">Bar\u00e1ts\u00e1ggal \u00e9s lelkip\u00e1sztori szeretettel,<\/span><\/p>\n<p><em><span style=\"color: #800080;\">Tibor atya<\/span><\/em><\/p>\n<p>&nbsp;<\/p>\n<p>&nbsp;<\/p>\n<p>&nbsp;<\/p>\n<p>&nbsp;<\/p>\n<p>&nbsp;<\/p>\n<p>&nbsp;<\/p>\n","protected":false},"excerpt":{"rendered":"<p>Kedves Testv\u00e9rek! Ezen felh\u00edv\u00e1s a Weingarteni Csendes Napokra k\u00e9sz\u00fcl\u0151 testv\u00e9reknek sz\u00f3l. \u00d6r\u00f6mmel \u00e9s izgatottan k\u00e9sz\u00fclt\u00fcnk a p\u00e9nteken kezd\u0151d\u0151 Weingarteni Csendes Napokra. Mindig j\u00f3 \u00e9rz\u00e9s t\u00f6lt el, amikor vend\u00e9g lelkip\u00e1sztor atya \u00e9rkezik hozz\u00e1nk. A gyermek nyugtalans\u00e1g\u00e1val v\u00e1rtam \u00e9n is holnapi napot. P\u00e9k S\u00e1ndor aty\u00e1t r\u00e9g\u00f3ta ismerem, j\u00f3 bar\u00e1ts\u00e1gban vagyunk. Nagyon k\u00e9sz\u00fclt hozz\u00e1nk. S ezt t\u0151le tudom, hiszen az elm\u00falt napokban t\u00f6bbsz\u00f6r is besz\u00e9lt\u00fcnk, egyeztett\u00fcnk telefonon. Ma d\u00e9lut\u00e1n viszont kellemetlen h\u00edrrel keresett meg. A koronav\u00edrus j\u00e1rv\u00e1nyra val\u00f3 tekintettel odahaza, Erd\u00e9lyben is minden nagyon k\u00e9pl\u00e9keny, v\u00e1ltoz\u00f3. A helyzet pattan\u00e1sig fesz\u00fclt. S\u00e1ndor atya p\u00fcsp\u00f6ke a mai napon megtiltotta papjainak, hogy elhagyj\u00e1k az egyh\u00e1zmegy\u00e9t \u00e9s k\u00fclf\u00f6ldre utazzanak. \u00c9rthet\u0151, hiszen ebben a bizonytalan \u00e1llapotban k\u00e9tes, hogy minden gond n\u00e9lk\u00fcl vissza is t\u00e9rhetn\u00e9nek.\u00a0 P\u00fcsp\u00f6k atya d\u00f6nt\u00e9s\u00e9t meg\u00e9rt\u00e9ssel fogadjuk. A tervezett lelkigyakorlatunkat S\u00e1ndor atya n\u00e9lk\u00fcl tartjuk meg, ugyan\u00fagy, ahogyan meghirdett\u00fck!\u00a0Im\u00e1ds\u00e1g\u00e1val k\u00eds\u00e9r benn\u00fcnket, s amint \u00fajb\u00f3l lehet\u0151s\u00e9g k\u00edn\u00e1lkozik, elj\u00f6n hozz\u00e1nk. &#8222;Mert minden \u00e9rtetek t\u00f6rt\u00e9nik, hogy min\u00e9l b\u0151vebben \u00e1radjon a kegyelem, s \u00edgy h\u00e1l\u00e1t is mind t\u00f6bben adjanak az Isten dics\u0151s\u00e9g\u00e9re&#8221; (2 Kor 4,15).\u00a0 Szent P\u00e1l apostolnak ezzel a biztat\u00f3 \u00fczenet\u00e9vel h\u00edvlak \u00e9s v\u00e1rlak benneteket! Bar\u00e1ts\u00e1ggal \u00e9s lelkip\u00e1sztori szeretettel, Tibor atya &nbsp; &nbsp; &nbsp; &nbsp; &nbsp; &nbsp;<\/p>\n","protected":false},"author":3,"featured_media":19094,"comment_status":"closed","ping_status":"closed","sticky":false,"template":"","format":"aside","meta":{"footnotes":""},"categories":[5],"tags":[],"class_list":["post-19099","post","type-post","status-publish","format-aside","has-post-thumbnail","hentry","category-hirek","post_format-post-format-aside"],"yoast_head":"<!-- This site is optimized with the Yoast SEO plugin v27.3 - https:\/\/yoast.com\/product\/yoast-seo-wordpress\/ -->\n<title>Fontos h\u00edr!!! - Stuttgarti Katolikusok<\/title>\n<meta name=\"robots\" content=\"index, follow, max-snippet:-1, max-image-preview:large, max-video-preview:-1\" \/>\n<link rel=\"canonical\" href=\"https:\/\/stuttgarti-katolikusok.de\/index.php\/fontos-hir\/\" \/>\n<meta property=\"og:locale\" content=\"hu_HU\" \/>\n<meta property=\"og:type\" content=\"article\" \/>\n<meta property=\"og:title\" content=\"Fontos h\u00edr!!! - Stuttgarti Katolikusok\" \/>\n<meta property=\"og:description\" content=\"Kedves Testv\u00e9rek! Ezen felh\u00edv\u00e1s a Weingarteni Csendes Napokra k\u00e9sz\u00fcl\u0151 testv\u00e9reknek sz\u00f3l. \u00d6r\u00f6mmel \u00e9s izgatottan k\u00e9sz\u00fclt\u00fcnk a p\u00e9nteken kezd\u0151d\u0151 Weingarteni Csendes Napokra. Mindig j\u00f3 \u00e9rz\u00e9s t\u00f6lt el, amikor vend\u00e9g lelkip\u00e1sztor atya \u00e9rkezik hozz\u00e1nk. A gyermek nyugtalans\u00e1g\u00e1val v\u00e1rtam \u00e9n is holnapi napot. P\u00e9k S\u00e1ndor aty\u00e1t r\u00e9g\u00f3ta ismerem, j\u00f3 bar\u00e1ts\u00e1gban vagyunk. Nagyon k\u00e9sz\u00fclt hozz\u00e1nk. S ezt t\u0151le tudom, hiszen az elm\u00falt napokban t\u00f6bbsz\u00f6r is besz\u00e9lt\u00fcnk, egyeztett\u00fcnk telefonon. Ma d\u00e9lut\u00e1n viszont kellemetlen h\u00edrrel keresett meg. A koronav\u00edrus j\u00e1rv\u00e1nyra val\u00f3 tekintettel odahaza, Erd\u00e9lyben is minden nagyon k\u00e9pl\u00e9keny, v\u00e1ltoz\u00f3. A helyzet pattan\u00e1sig fesz\u00fclt. S\u00e1ndor atya p\u00fcsp\u00f6ke a mai napon megtiltotta papjainak, hogy elhagyj\u00e1k az egyh\u00e1zmegy\u00e9t \u00e9s k\u00fclf\u00f6ldre utazzanak. \u00c9rthet\u0151, hiszen ebben a bizonytalan \u00e1llapotban k\u00e9tes, hogy minden gond n\u00e9lk\u00fcl vissza is t\u00e9rhetn\u00e9nek.\u00a0 P\u00fcsp\u00f6k atya d\u00f6nt\u00e9s\u00e9t meg\u00e9rt\u00e9ssel fogadjuk. A tervezett lelkigyakorlatunkat S\u00e1ndor atya n\u00e9lk\u00fcl tartjuk meg, ugyan\u00fagy, ahogyan meghirdett\u00fck!\u00a0Im\u00e1ds\u00e1g\u00e1val k\u00eds\u00e9r benn\u00fcnket, s amint \u00fajb\u00f3l lehet\u0151s\u00e9g k\u00edn\u00e1lkozik, elj\u00f6n hozz\u00e1nk. &#8222;Mert minden \u00e9rtetek t\u00f6rt\u00e9nik, hogy min\u00e9l b\u0151vebben \u00e1radjon a kegyelem, s \u00edgy h\u00e1l\u00e1t is mind t\u00f6bben adjanak az Isten dics\u0151s\u00e9g\u00e9re&#8221; (2 Kor 4,15).\u00a0 Szent P\u00e1l apostolnak ezzel a biztat\u00f3 \u00fczenet\u00e9vel h\u00edvlak \u00e9s v\u00e1rlak benneteket! Bar\u00e1ts\u00e1ggal \u00e9s lelkip\u00e1sztori szeretettel, Tibor atya &nbsp; &nbsp; &nbsp; &nbsp; &nbsp; &nbsp;\" \/>\n<meta property=\"og:url\" content=\"https:\/\/stuttgarti-katolikusok.de\/index.php\/fontos-hir\/\" \/>\n<meta property=\"og:site_name\" content=\"Stuttgarti Katolikusok\" \/>\n<meta property=\"article:published_time\" content=\"2020-03-12T18:20:55+00:00\" \/>\n<meta property=\"article:modified_time\" content=\"2020-03-12T22:26:42+00:00\" \/>\n<meta property=\"og:image\" content=\"https:\/\/stuttgarti-katolikusok.de\/wp-content\/uploads\/2020\/03\/weingarteni-cendes-napok-2020.png\" \/>\n\t<meta property=\"og:image:width\" content=\"1200\" \/>\n\t<meta property=\"og:image:height\" content=\"800\" \/>\n\t<meta property=\"og:image:type\" content=\"image\/png\" \/>\n<meta name=\"author\" content=\"Tibor atya\" \/>\n<meta name=\"twitter:card\" content=\"summary_large_image\" \/>\n<meta name=\"twitter:label1\" content=\"Szerz\u0151:\" \/>\n\t<meta name=\"twitter:data1\" content=\"Tibor atya\" \/>\n\t<meta name=\"twitter:label2\" content=\"Becs\u00fclt olvas\u00e1si id\u0151\" \/>\n\t<meta name=\"twitter:data2\" content=\"1 perc\" \/>\n<script type=\"application\/ld+json\" class=\"yoast-schema-graph\">{\"@context\":\"https:\\\/\\\/schema.org\",\"@graph\":[{\"@type\":\"Article\",\"@id\":\"https:\\\/\\\/stuttgarti-katolikusok.de\\\/index.php\\\/fontos-hir\\\/#article\",\"isPartOf\":{\"@id\":\"https:\\\/\\\/stuttgarti-katolikusok.de\\\/index.php\\\/fontos-hir\\\/\"},\"author\":{\"name\":\"Tibor atya\",\"@id\":\"https:\\\/\\\/stuttgarti-katolikusok.de\\\/#\\\/schema\\\/person\\\/75908d6f8fdc03a57889d27209df7795\"},\"headline\":\"Fontos h\u00edr!!!\",\"datePublished\":\"2020-03-12T18:20:55+00:00\",\"dateModified\":\"2020-03-12T22:26:42+00:00\",\"mainEntityOfPage\":{\"@id\":\"https:\\\/\\\/stuttgarti-katolikusok.de\\\/index.php\\\/fontos-hir\\\/\"},\"wordCount\":294,\"image\":{\"@id\":\"https:\\\/\\\/stuttgarti-katolikusok.de\\\/index.php\\\/fontos-hir\\\/#primaryimage\"},\"thumbnailUrl\":\"https:\\\/\\\/stuttgarti-katolikusok.de\\\/wp-content\\\/uploads\\\/2020\\\/03\\\/weingarteni-cendes-napok-2020.png\",\"articleSection\":[\"H\u00edrek\"],\"inLanguage\":\"hu\"},{\"@type\":\"WebPage\",\"@id\":\"https:\\\/\\\/stuttgarti-katolikusok.de\\\/index.php\\\/fontos-hir\\\/\",\"url\":\"https:\\\/\\\/stuttgarti-katolikusok.de\\\/index.php\\\/fontos-hir\\\/\",\"name\":\"Fontos h\u00edr!!! - Stuttgarti Katolikusok\",\"isPartOf\":{\"@id\":\"https:\\\/\\\/stuttgarti-katolikusok.de\\\/#website\"},\"primaryImageOfPage\":{\"@id\":\"https:\\\/\\\/stuttgarti-katolikusok.de\\\/index.php\\\/fontos-hir\\\/#primaryimage\"},\"image\":{\"@id\":\"https:\\\/\\\/stuttgarti-katolikusok.de\\\/index.php\\\/fontos-hir\\\/#primaryimage\"},\"thumbnailUrl\":\"https:\\\/\\\/stuttgarti-katolikusok.de\\\/wp-content\\\/uploads\\\/2020\\\/03\\\/weingarteni-cendes-napok-2020.png\",\"datePublished\":\"2020-03-12T18:20:55+00:00\",\"dateModified\":\"2020-03-12T22:26:42+00:00\",\"author\":{\"@id\":\"https:\\\/\\\/stuttgarti-katolikusok.de\\\/#\\\/schema\\\/person\\\/75908d6f8fdc03a57889d27209df7795\"},\"breadcrumb\":{\"@id\":\"https:\\\/\\\/stuttgarti-katolikusok.de\\\/index.php\\\/fontos-hir\\\/#breadcrumb\"},\"inLanguage\":\"hu\",\"potentialAction\":[{\"@type\":\"ReadAction\",\"target\":[\"https:\\\/\\\/stuttgarti-katolikusok.de\\\/index.php\\\/fontos-hir\\\/\"]}]},{\"@type\":\"ImageObject\",\"inLanguage\":\"hu\",\"@id\":\"https:\\\/\\\/stuttgarti-katolikusok.de\\\/index.php\\\/fontos-hir\\\/#primaryimage\",\"url\":\"https:\\\/\\\/stuttgarti-katolikusok.de\\\/wp-content\\\/uploads\\\/2020\\\/03\\\/weingarteni-cendes-napok-2020.png\",\"contentUrl\":\"https:\\\/\\\/stuttgarti-katolikusok.de\\\/wp-content\\\/uploads\\\/2020\\\/03\\\/weingarteni-cendes-napok-2020.png\",\"width\":1200,\"height\":800},{\"@type\":\"BreadcrumbList\",\"@id\":\"https:\\\/\\\/stuttgarti-katolikusok.de\\\/index.php\\\/fontos-hir\\\/#breadcrumb\",\"itemListElement\":[{\"@type\":\"ListItem\",\"position\":1,\"name\":\"Kezd\u0151lap\",\"item\":\"https:\\\/\\\/stuttgarti-katolikusok.de\\\/\"},{\"@type\":\"ListItem\",\"position\":2,\"name\":\"Fontos h\u00edr!!!\"}]},{\"@type\":\"WebSite\",\"@id\":\"https:\\\/\\\/stuttgarti-katolikusok.de\\\/#website\",\"url\":\"https:\\\/\\\/stuttgarti-katolikusok.de\\\/\",\"name\":\"Stuttgarti Katolikusok\",\"description\":\"\",\"potentialAction\":[{\"@type\":\"SearchAction\",\"target\":{\"@type\":\"EntryPoint\",\"urlTemplate\":\"https:\\\/\\\/stuttgarti-katolikusok.de\\\/?s={search_term_string}\"},\"query-input\":{\"@type\":\"PropertyValueSpecification\",\"valueRequired\":true,\"valueName\":\"search_term_string\"}}],\"inLanguage\":\"hu\"},{\"@type\":\"Person\",\"@id\":\"https:\\\/\\\/stuttgarti-katolikusok.de\\\/#\\\/schema\\\/person\\\/75908d6f8fdc03a57889d27209df7795\",\"name\":\"Tibor atya\",\"image\":{\"@type\":\"ImageObject\",\"inLanguage\":\"hu\",\"@id\":\"https:\\\/\\\/secure.gravatar.com\\\/avatar\\\/61d268e57d1f4525b111222e29d2d5a7f8c420fdbf231ba5566a8ceac74fa960?s=96&d=mm&r=g\",\"url\":\"https:\\\/\\\/secure.gravatar.com\\\/avatar\\\/61d268e57d1f4525b111222e29d2d5a7f8c420fdbf231ba5566a8ceac74fa960?s=96&d=mm&r=g\",\"contentUrl\":\"https:\\\/\\\/secure.gravatar.com\\\/avatar\\\/61d268e57d1f4525b111222e29d2d5a7f8c420fdbf231ba5566a8ceac74fa960?s=96&d=mm&r=g\",\"caption\":\"Tibor atya\"},\"url\":\"https:\\\/\\\/stuttgarti-katolikusok.de\\\/index.php\\\/author\\\/tibor-atya\\\/\"}]}<\/script>\n<!-- \/ Yoast SEO plugin. -->","yoast_head_json":{"title":"Fontos h\u00edr!!! - Stuttgarti Katolikusok","robots":{"index":"index","follow":"follow","max-snippet":"max-snippet:-1","max-image-preview":"max-image-preview:large","max-video-preview":"max-video-preview:-1"},"canonical":"https:\/\/stuttgarti-katolikusok.de\/index.php\/fontos-hir\/","og_locale":"hu_HU","og_type":"article","og_title":"Fontos h\u00edr!!! - Stuttgarti Katolikusok","og_description":"Kedves Testv\u00e9rek! Ezen felh\u00edv\u00e1s a Weingarteni Csendes Napokra k\u00e9sz\u00fcl\u0151 testv\u00e9reknek sz\u00f3l. \u00d6r\u00f6mmel \u00e9s izgatottan k\u00e9sz\u00fclt\u00fcnk a p\u00e9nteken kezd\u0151d\u0151 Weingarteni Csendes Napokra. Mindig j\u00f3 \u00e9rz\u00e9s t\u00f6lt el, amikor vend\u00e9g lelkip\u00e1sztor atya \u00e9rkezik hozz\u00e1nk. A gyermek nyugtalans\u00e1g\u00e1val v\u00e1rtam \u00e9n is holnapi napot. P\u00e9k S\u00e1ndor aty\u00e1t r\u00e9g\u00f3ta ismerem, j\u00f3 bar\u00e1ts\u00e1gban vagyunk. Nagyon k\u00e9sz\u00fclt hozz\u00e1nk. S ezt t\u0151le tudom, hiszen az elm\u00falt napokban t\u00f6bbsz\u00f6r is besz\u00e9lt\u00fcnk, egyeztett\u00fcnk telefonon. Ma d\u00e9lut\u00e1n viszont kellemetlen h\u00edrrel keresett meg. A koronav\u00edrus j\u00e1rv\u00e1nyra val\u00f3 tekintettel odahaza, Erd\u00e9lyben is minden nagyon k\u00e9pl\u00e9keny, v\u00e1ltoz\u00f3. A helyzet pattan\u00e1sig fesz\u00fclt. S\u00e1ndor atya p\u00fcsp\u00f6ke a mai napon megtiltotta papjainak, hogy elhagyj\u00e1k az egyh\u00e1zmegy\u00e9t \u00e9s k\u00fclf\u00f6ldre utazzanak. \u00c9rthet\u0151, hiszen ebben a bizonytalan \u00e1llapotban k\u00e9tes, hogy minden gond n\u00e9lk\u00fcl vissza is t\u00e9rhetn\u00e9nek.\u00a0 P\u00fcsp\u00f6k atya d\u00f6nt\u00e9s\u00e9t meg\u00e9rt\u00e9ssel fogadjuk. A tervezett lelkigyakorlatunkat S\u00e1ndor atya n\u00e9lk\u00fcl tartjuk meg, ugyan\u00fagy, ahogyan meghirdett\u00fck!\u00a0Im\u00e1ds\u00e1g\u00e1val k\u00eds\u00e9r benn\u00fcnket, s amint \u00fajb\u00f3l lehet\u0151s\u00e9g k\u00edn\u00e1lkozik, elj\u00f6n hozz\u00e1nk. &#8222;Mert minden \u00e9rtetek t\u00f6rt\u00e9nik, hogy min\u00e9l b\u0151vebben \u00e1radjon a kegyelem, s \u00edgy h\u00e1l\u00e1t is mind t\u00f6bben adjanak az Isten dics\u0151s\u00e9g\u00e9re&#8221; (2 Kor 4,15).\u00a0 Szent P\u00e1l apostolnak ezzel a biztat\u00f3 \u00fczenet\u00e9vel h\u00edvlak \u00e9s v\u00e1rlak benneteket! Bar\u00e1ts\u00e1ggal \u00e9s lelkip\u00e1sztori szeretettel, Tibor atya &nbsp; &nbsp; &nbsp; &nbsp; &nbsp; &nbsp;","og_url":"https:\/\/stuttgarti-katolikusok.de\/index.php\/fontos-hir\/","og_site_name":"Stuttgarti Katolikusok","article_published_time":"2020-03-12T18:20:55+00:00","article_modified_time":"2020-03-12T22:26:42+00:00","og_image":[{"width":1200,"height":800,"url":"https:\/\/stuttgarti-katolikusok.de\/wp-content\/uploads\/2020\/03\/weingarteni-cendes-napok-2020.png","type":"image\/png"}],"author":"Tibor atya","twitter_card":"summary_large_image","twitter_misc":{"Szerz\u0151:":"Tibor atya","Becs\u00fclt olvas\u00e1si id\u0151":"1 perc"},"schema":{"@context":"https:\/\/schema.org","@graph":[{"@type":"Article","@id":"https:\/\/stuttgarti-katolikusok.de\/index.php\/fontos-hir\/#article","isPartOf":{"@id":"https:\/\/stuttgarti-katolikusok.de\/index.php\/fontos-hir\/"},"author":{"name":"Tibor atya","@id":"https:\/\/stuttgarti-katolikusok.de\/#\/schema\/person\/75908d6f8fdc03a57889d27209df7795"},"headline":"Fontos h\u00edr!!!","datePublished":"2020-03-12T18:20:55+00:00","dateModified":"2020-03-12T22:26:42+00:00","mainEntityOfPage":{"@id":"https:\/\/stuttgarti-katolikusok.de\/index.php\/fontos-hir\/"},"wordCount":294,"image":{"@id":"https:\/\/stuttgarti-katolikusok.de\/index.php\/fontos-hir\/#primaryimage"},"thumbnailUrl":"https:\/\/stuttgarti-katolikusok.de\/wp-content\/uploads\/2020\/03\/weingarteni-cendes-napok-2020.png","articleSection":["H\u00edrek"],"inLanguage":"hu"},{"@type":"WebPage","@id":"https:\/\/stuttgarti-katolikusok.de\/index.php\/fontos-hir\/","url":"https:\/\/stuttgarti-katolikusok.de\/index.php\/fontos-hir\/","name":"Fontos h\u00edr!!! - Stuttgarti Katolikusok","isPartOf":{"@id":"https:\/\/stuttgarti-katolikusok.de\/#website"},"primaryImageOfPage":{"@id":"https:\/\/stuttgarti-katolikusok.de\/index.php\/fontos-hir\/#primaryimage"},"image":{"@id":"https:\/\/stuttgarti-katolikusok.de\/index.php\/fontos-hir\/#primaryimage"},"thumbnailUrl":"https:\/\/stuttgarti-katolikusok.de\/wp-content\/uploads\/2020\/03\/weingarteni-cendes-napok-2020.png","datePublished":"2020-03-12T18:20:55+00:00","dateModified":"2020-03-12T22:26:42+00:00","author":{"@id":"https:\/\/stuttgarti-katolikusok.de\/#\/schema\/person\/75908d6f8fdc03a57889d27209df7795"},"breadcrumb":{"@id":"https:\/\/stuttgarti-katolikusok.de\/index.php\/fontos-hir\/#breadcrumb"},"inLanguage":"hu","potentialAction":[{"@type":"ReadAction","target":["https:\/\/stuttgarti-katolikusok.de\/index.php\/fontos-hir\/"]}]},{"@type":"ImageObject","inLanguage":"hu","@id":"https:\/\/stuttgarti-katolikusok.de\/index.php\/fontos-hir\/#primaryimage","url":"https:\/\/stuttgarti-katolikusok.de\/wp-content\/uploads\/2020\/03\/weingarteni-cendes-napok-2020.png","contentUrl":"https:\/\/stuttgarti-katolikusok.de\/wp-content\/uploads\/2020\/03\/weingarteni-cendes-napok-2020.png","width":1200,"height":800},{"@type":"BreadcrumbList","@id":"https:\/\/stuttgarti-katolikusok.de\/index.php\/fontos-hir\/#breadcrumb","itemListElement":[{"@type":"ListItem","position":1,"name":"Kezd\u0151lap","item":"https:\/\/stuttgarti-katolikusok.de\/"},{"@type":"ListItem","position":2,"name":"Fontos h\u00edr!!!"}]},{"@type":"WebSite","@id":"https:\/\/stuttgarti-katolikusok.de\/#website","url":"https:\/\/stuttgarti-katolikusok.de\/","name":"Stuttgarti Katolikusok","description":"","potentialAction":[{"@type":"SearchAction","target":{"@type":"EntryPoint","urlTemplate":"https:\/\/stuttgarti-katolikusok.de\/?s={search_term_string}"},"query-input":{"@type":"PropertyValueSpecification","valueRequired":true,"valueName":"search_term_string"}}],"inLanguage":"hu"},{"@type":"Person","@id":"https:\/\/stuttgarti-katolikusok.de\/#\/schema\/person\/75908d6f8fdc03a57889d27209df7795","name":"Tibor atya","image":{"@type":"ImageObject","inLanguage":"hu","@id":"https:\/\/secure.gravatar.com\/avatar\/61d268e57d1f4525b111222e29d2d5a7f8c420fdbf231ba5566a8ceac74fa960?s=96&d=mm&r=g","url":"https:\/\/secure.gravatar.com\/avatar\/61d268e57d1f4525b111222e29d2d5a7f8c420fdbf231ba5566a8ceac74fa960?s=96&d=mm&r=g","contentUrl":"https:\/\/secure.gravatar.com\/avatar\/61d268e57d1f4525b111222e29d2d5a7f8c420fdbf231ba5566a8ceac74fa960?s=96&d=mm&r=g","caption":"Tibor atya"},"url":"https:\/\/stuttgarti-katolikusok.de\/index.php\/author\/tibor-atya\/"}]}},"_links":{"self":[{"href":"https:\/\/stuttgarti-katolikusok.de\/index.php\/wp-json\/wp\/v2\/posts\/19099","targetHints":{"allow":["GET"]}}],"collection":[{"href":"https:\/\/stuttgarti-katolikusok.de\/index.php\/wp-json\/wp\/v2\/posts"}],"about":[{"href":"https:\/\/stuttgarti-katolikusok.de\/index.php\/wp-json\/wp\/v2\/types\/post"}],"author":[{"embeddable":true,"href":"https:\/\/stuttgarti-katolikusok.de\/index.php\/wp-json\/wp\/v2\/users\/3"}],"replies":[{"embeddable":true,"href":"https:\/\/stuttgarti-katolikusok.de\/index.php\/wp-json\/wp\/v2\/comments?post=19099"}],"version-history":[{"count":3,"href":"https:\/\/stuttgarti-katolikusok.de\/index.php\/wp-json\/wp\/v2\/posts\/19099\/revisions"}],"predecessor-version":[{"id":19104,"href":"https:\/\/stuttgarti-katolikusok.de\/index.php\/wp-json\/wp\/v2\/posts\/19099\/revisions\/19104"}],"wp:featuredmedia":[{"embeddable":true,"href":"https:\/\/stuttgarti-katolikusok.de\/index.php\/wp-json\/wp\/v2\/media\/19094"}],"wp:attachment":[{"href":"https:\/\/stuttgarti-katolikusok.de\/index.php\/wp-json\/wp\/v2\/media?parent=19099"}],"wp:term":[{"taxonomy":"category","embeddable":true,"href":"https:\/\/stuttgarti-katolikusok.de\/index.php\/wp-json\/wp\/v2\/categories?post=19099"},{"taxonomy":"post_tag","embeddable":true,"href":"https:\/\/stuttgarti-katolikusok.de\/index.php\/wp-json\/wp\/v2\/tags?post=19099"}],"curies":[{"name":"wp","href":"https:\/\/api.w.org\/{rel}","templated":true}]}}