{"id":18982,"date":"2020-03-02T06:16:07","date_gmt":"2020-03-02T06:16:07","guid":{"rendered":"https:\/\/gracious-dewdney.138-201-221-2.plesk.page\/?p=18982"},"modified":"2020-04-27T08:25:47","modified_gmt":"2020-04-27T08:25:47","slug":"programelozetes-marcius-2-es-8-kozott","status":"publish","type":"post","link":"https:\/\/stuttgarti-katolikusok.de\/index.php\/programelozetes-marcius-2-es-8-kozott\/","title":{"rendered":"Programel\u0151zetes m\u00e1rcius 2 \u00e9s 8 k\u00f6z\u00f6tt"},"content":{"rendered":"<p><strong>Programel\u0151zetes<\/strong><\/p>\n<p><strong>M\u00e1rcius<\/strong> <strong>4-\u00e9n, <\/strong>szerd\u00e1n,<\/p>\n<p><strong>\u00a0\u00a0\u00a0\u00a0\u00a0\u00a0\u00a0\u00a0\u00a0\u00a0\u00a0 Stuttgartban <\/strong>10.15 \u00f3rakor <em>n\u00e9met nyelv\u0171 szentmise.<\/em><\/p>\n<p style=\"text-align: center;\">*<\/p>\n<p><strong>M\u00e1rcius 5-\u00e9n, <\/strong>cs\u00fct\u00f6rt\u00f6k\u00f6n,<\/p>\n<p><strong>\u00a0\u00a0\u00a0\u00a0\u00a0\u00a0\u00a0\u00a0\u00a0\u00a0\u00a0 Ulmi d\u00e9lut\u00e1n,<\/strong> 17.30 \u00f3rakor <em>kereszt\u00fat<\/em>, ut\u00e1na <em>szentmise<\/em>. Keret\u00e9ben: <em>Besz\u00e9lget\u00e9sek a Katekizmusr\u00f3l.<\/em><\/p>\n<p style=\"text-align: center;\">*<\/p>\n<p><strong>M\u00e1rcius 6-\u00e1n, <\/strong>p\u00e9nteken,<\/p>\n<p><strong>\u00a0\u00a0\u00a0\u00a0\u00a0\u00a0\u00a0\u00a0\u00a0\u00a0\u00a0 Stuttgartban <\/strong><\/p>\n<p>16.00 \u00f3rakor a <em>Bar\u00e1ts\u00e1gklub.<\/em><\/p>\n<p>18.00 \u00f3rakor <em>r\u00f3zsaf\u00fcz\u00e9r \u00e1jtatoss\u00e1g<\/em>, ut\u00e1na <em>szentmise<\/em>, keret\u00e9ben <em>a Stuttgarti Csendes Napok <\/em>kezdete. Moder\u00e1tora<em> Ft. T\u00edm\u00e1r Asztrik ferences atya. <\/em>Ut\u00e1na <em>k\u00f6z\u00f6s vacsora<\/em> a magunkkal hozottakb\u00f3l.<\/p>\n<p><strong>\u00a0\u00a0\u00a0\u00a0\u00a0\u00a0\u00a0\u00a0\u00a0\u00a0\u00a0 Weingarteni d\u00e9lut\u00e1n, <\/strong>a Marien-Kirche-ben: 17.30 \u00f3rakor <em>kereszt\u00fat, <\/em>ut\u00e1na <em>szentmise<\/em>. Keret\u00e9ben <em>besz\u00e9lget\u00e9sek a Katekizmusr\u00f3l.<\/em><\/p>\n<p style=\"text-align: center;\">*<\/p>\n<p><strong>M\u00e1rcius 7-\u00e9n, <\/strong>szombaton,<\/p>\n<p><strong>\u00a0 \u00a0 \u00a0 \u00a0 \u00a0 \u00a0 Stuttgartban <\/strong><em>Stuttgarti Csendes Napok. <\/em><\/p>\n<p><strong>\u00a0 \u00a0 \u00a0 \u00a0 \u00a0 \u00a0 Balingenben<\/strong> 17.00 \u00f3rakor <em>szentmise<\/em>, ut\u00e1na <em>\u00e1g\u00e1p\u00e9<\/em>.<\/p>\n<p style=\"text-align: center;\">*<\/p>\n<p><strong>M\u00e1rcius 8-\u00e1n, <\/strong>nagyb\u00f6jt 2. vas\u00e1rnapj\u00e1n,<\/p>\n<p><strong>\u00a0 \u00a0 \u00a0 \u00a0 \u00a0 \u00a0 Weingartenben<\/strong> 10.00 \u00f3rakor <em>szentmise<\/em> a 14 Nothelfer Kapelle-ben, ut\u00e1na <em>\u00e1g\u00e1p\u00e9<\/em>.<\/p>\n<p><strong>\u00a0 \u00a0 \u00a0 \u00a0 \u00a0 \u00a0 Stuttgartban <\/strong>12.00 \u00f3rakor <em>lelkigyakorlatos z\u00e1r\u00f3szentmise<\/em>.<\/p>\n<p><strong>\u00a0 \u00a0 \u00a0 \u00a0 \u00a0 \u00a0 Fellbachban <\/strong>15.00 \u00f3rakor <em>\u00f6kumenikus istentisztelet <\/em>\u00e9s <em>m\u00e1rcius 15-i megeml\u00e9kez\u00e9s <\/em>az ottani Lutherkirche-ben (Kirchplatz 1, az 1-es villamos v\u00e9g\u00e1llom\u00e1s\u00e1n\u00e1l), ill. a Paul-Gerhardt-gy\u00fclekezeti h\u00e1zban (August-Br\u00e4ndle-Str.19).<\/p>\n<p><strong>\u00a0\u00a0\u00a0\u00a0\u00a0\u00a0\u00a0\u00a0\u00a0\u00a0\u00a0 Ulmban<\/strong> 15.00 \u00f3rakor <em>szentmise<\/em>, ut\u00e1na <em>\u00e1g\u00e1p\u00e9<\/em>.<strong>\u00a0\u00a0\u00a0\u00a0\u00a0\u00a0\u00a0\u00a0\u00a0\u00a0\u00a0 <\/strong><\/p>\n<p style=\"text-align: center;\">*<\/p>\n<p>Minden helyen mindenkit szeretettel v\u00e1r a k\u00f6z\u00f6ss\u00e9g, Imre atya \u00e9s Tibor atya!<\/p>\n<p><em>\u00a0<\/em><\/p>\n<p><em>\u201eA hit azt jelenti, hogy az ember elhiszi, amit m\u00e9g nem l\u00e1t. Ennek a hitnek pedig az a jutalma, hogy l\u00e1tni fogja azt, amiben hisz.\u201d<\/em> <strong>(Szent \u00c1goston \u2013 354-430 \u2013 egyh\u00e1zatya, teol\u00f3gus, p\u00fcsp\u00f6k) <\/strong><\/p>\n<p><strong><em>\u00a0<\/em><\/strong><\/p>\n<p><strong><em>Bens\u0151s\u00e9ges nagyb\u00f6jti napokat, j\u00f3 munk\u00e1t, tartalmas besz\u00e9lget\u00e9seket \u00e9s \u00f6r\u00f6mteli tal\u00e1lkoz\u00e1sokat k\u00edv\u00e1nunk minden Kedves H\u00edv\u00fcnknek!<\/em><\/strong><\/p>\n<p><em>\u00a0<\/em><\/p>\n<p><strong>A Stuttgarti Csendes Napok programja<\/strong><\/p>\n<p><strong>P \u00c9 N T E K<\/strong><\/p>\n<p><strong>18.00 \u00a0\u00a0\u00a0\u00a0\u00a0\u00a0\u00a0\u00a0\u00a0 <\/strong><strong>Szentmise \u00e9s bevezet\u0151 elm\u00e9lked\u00e9s<\/strong> (ut\u00e1na besz\u00e9lget\u00e9s, ismerked\u00e9s, k\u00f6z\u00f6s vacsora Asztrik aty\u00e1val)<\/p>\n<p><strong>S Z O M B A T<\/strong><\/p>\n<p><strong>9.00\u00a0 \u00a0\u00a0\u00a0\u00a0\u00a0\u00a0\u00a0\u00a0\u00a0 <\/strong><strong>Gy\u00fclekez\u0151 \u00e9s k\u00f6z\u00f6s reggeli<\/strong><\/p>\n<p><strong>10.00 \u00a0\u00a0\u00a0\u00a0\u00a0\u00a0\u00a0\u00a0\u00a0 <\/strong><strong>I. elm\u00e9lked\u00e9s:<\/strong> EGY ISTEN VAN (ut\u00e1na gy\u00f3ntat\u00e1s)<\/p>\n<p><strong>11.00 \u00a0\u00a0\u00a0\u00a0\u00a0\u00a0\u00a0\u00a0\u00a0 <\/strong><strong>II. elm\u00e9lked\u00e9s:<\/strong> T\u00d6R\u0150DIK-E ISTEN A VIL\u00c1GGAL? (ut\u00e1na gy\u00f3ntat\u00e1s)<\/p>\n<p>12.15 K\u00d6Z\u00d6S EB\u00c9D<\/p>\n<p><strong>13.30 \u00a0\u00a0\u00a0\u00a0\u00a0\u00a0\u00a0\u00a0\u00a0 <\/strong><strong>Kereszt\u00fati \u00e1jtatoss\u00e1g<\/strong>\u00a0 (alatta gy\u00f3ntat\u00e1s)<\/p>\n<p><strong>14.30 \u00a0\u00a0\u00a0\u00a0\u00a0\u00a0\u00a0\u00a0\u00a0 <\/strong><strong>III. elm\u00e9lked\u00e9s<\/strong>: HISZEK J\u00c9ZUS KRISZTUSBAN<\/p>\n<p><strong>15.30<\/strong><strong> \u00a0\u00a0\u00a0\u00a0\u00a0\u00a0\u00a0\u00a0\u00a0 IV. elm\u00e9lked\u00e9s:<\/strong> KICSODA J\u00c9ZUS KRISZTUS (szentmise keret\u00e9ben)<\/p>\n<p><strong>V A S \u00c1 R N A P<\/strong><\/p>\n<p><strong>12.00\u00a0\u00a0\u00a0\u00a0\u00a0\u00a0\u00a0\u00a0\u00a0\u00a0\u00a0 <\/strong><strong>Szentmise \u00e9s z\u00e1r\u00f3elm\u00e9lked\u00e9s:<\/strong> J\u00c9ZUS \u00daT, IGAZS\u00c1G \u00c9S \u00c9LET<\/p>\n","protected":false},"excerpt":{"rendered":"<p>Programel\u0151zetes M\u00e1rcius 4-\u00e9n, szerd\u00e1n, \u00a0\u00a0\u00a0\u00a0\u00a0\u00a0\u00a0\u00a0\u00a0\u00a0\u00a0 Stuttgartban 10.15 \u00f3rakor n\u00e9met nyelv\u0171 szentmise. * M\u00e1rcius 5-\u00e9n, cs\u00fct\u00f6rt\u00f6k\u00f6n, \u00a0\u00a0\u00a0\u00a0\u00a0\u00a0\u00a0\u00a0\u00a0\u00a0\u00a0 Ulmi d\u00e9lut\u00e1n, 17.30 \u00f3rakor kereszt\u00fat, ut\u00e1na szentmise. Keret\u00e9ben: Besz\u00e9lget\u00e9sek a Katekizmusr\u00f3l. * M\u00e1rcius 6-\u00e1n, p\u00e9nteken, \u00a0\u00a0\u00a0\u00a0\u00a0\u00a0\u00a0\u00a0\u00a0\u00a0\u00a0 Stuttgartban 16.00 \u00f3rakor a Bar\u00e1ts\u00e1gklub. 18.00 \u00f3rakor r\u00f3zsaf\u00fcz\u00e9r \u00e1jtatoss\u00e1g, ut\u00e1na szentmise, keret\u00e9ben a Stuttgarti Csendes Napok kezdete. Moder\u00e1tora Ft. T\u00edm\u00e1r Asztrik ferences atya. Ut\u00e1na k\u00f6z\u00f6s vacsora a magunkkal hozottakb\u00f3l. \u00a0\u00a0\u00a0\u00a0\u00a0\u00a0\u00a0\u00a0\u00a0\u00a0\u00a0 Weingarteni d\u00e9lut\u00e1n, a Marien-Kirche-ben: 17.30 \u00f3rakor kereszt\u00fat, ut\u00e1na szentmise. Keret\u00e9ben besz\u00e9lget\u00e9sek a Katekizmusr\u00f3l. * M\u00e1rcius 7-\u00e9n, szombaton, \u00a0 \u00a0 \u00a0 \u00a0 \u00a0 \u00a0 Stuttgartban Stuttgarti Csendes Napok. \u00a0 \u00a0 \u00a0 \u00a0 \u00a0 \u00a0 Balingenben 17.00 \u00f3rakor szentmise, ut\u00e1na \u00e1g\u00e1p\u00e9. * M\u00e1rcius 8-\u00e1n, nagyb\u00f6jt 2. vas\u00e1rnapj\u00e1n, \u00a0 \u00a0 \u00a0 \u00a0 \u00a0 \u00a0 Weingartenben 10.00 \u00f3rakor szentmise a 14 Nothelfer Kapelle-ben, ut\u00e1na \u00e1g\u00e1p\u00e9. \u00a0 \u00a0 \u00a0 \u00a0 \u00a0 \u00a0 Stuttgartban 12.00 \u00f3rakor lelkigyakorlatos z\u00e1r\u00f3szentmise. \u00a0 \u00a0 \u00a0 \u00a0 \u00a0 \u00a0 Fellbachban 15.00 \u00f3rakor \u00f6kumenikus istentisztelet \u00e9s m\u00e1rcius 15-i megeml\u00e9kez\u00e9s az ottani Lutherkirche-ben (Kirchplatz 1, az 1-es villamos v\u00e9g\u00e1llom\u00e1s\u00e1n\u00e1l), ill. a Paul-Gerhardt-gy\u00fclekezeti h\u00e1zban (August-Br\u00e4ndle-Str.19). \u00a0\u00a0\u00a0\u00a0\u00a0\u00a0\u00a0\u00a0\u00a0\u00a0\u00a0 Ulmban 15.00 \u00f3rakor szentmise, ut\u00e1na \u00e1g\u00e1p\u00e9.\u00a0\u00a0\u00a0\u00a0\u00a0\u00a0\u00a0\u00a0\u00a0\u00a0\u00a0 * Minden helyen mindenkit szeretettel v\u00e1r a k\u00f6z\u00f6ss\u00e9g, Imre atya \u00e9s Tibor atya! \u00a0 \u201eA hit azt jelenti, hogy az ember elhiszi, amit m\u00e9g nem l\u00e1t. Ennek a hitnek pedig az a jutalma, hogy l\u00e1tni fogja azt, amiben hisz.\u201d (Szent \u00c1goston \u2013 354-430 \u2013 egyh\u00e1zatya, teol\u00f3gus, p\u00fcsp\u00f6k) \u00a0 Bens\u0151s\u00e9ges nagyb\u00f6jti napokat, j\u00f3 munk\u00e1t, tartalmas besz\u00e9lget\u00e9seket \u00e9s \u00f6r\u00f6mteli tal\u00e1lkoz\u00e1sokat k\u00edv\u00e1nunk minden Kedves H\u00edv\u00fcnknek! \u00a0 A Stuttgarti Csendes Napok programja P \u00c9 N T E K 18.00 \u00a0\u00a0\u00a0\u00a0\u00a0\u00a0\u00a0\u00a0\u00a0 Szentmise \u00e9s bevezet\u0151 elm\u00e9lked\u00e9s (ut\u00e1na besz\u00e9lget\u00e9s, ismerked\u00e9s, k\u00f6z\u00f6s vacsora Asztrik aty\u00e1val) S Z O M B A T 9.00\u00a0 \u00a0\u00a0\u00a0\u00a0\u00a0\u00a0\u00a0\u00a0\u00a0 Gy\u00fclekez\u0151 \u00e9s k\u00f6z\u00f6s reggeli 10.00 \u00a0\u00a0\u00a0\u00a0\u00a0\u00a0\u00a0\u00a0\u00a0 I. elm\u00e9lked\u00e9s: EGY ISTEN VAN (ut\u00e1na gy\u00f3ntat\u00e1s) 11.00 \u00a0\u00a0\u00a0\u00a0\u00a0\u00a0\u00a0\u00a0\u00a0 II. elm\u00e9lked\u00e9s: T\u00d6R\u0150DIK-E ISTEN A VIL\u00c1GGAL? (ut\u00e1na gy\u00f3ntat\u00e1s) 12.15 K\u00d6Z\u00d6S EB\u00c9D 13.30 \u00a0\u00a0\u00a0\u00a0\u00a0\u00a0\u00a0\u00a0\u00a0 Kereszt\u00fati \u00e1jtatoss\u00e1g\u00a0 (alatta gy\u00f3ntat\u00e1s) 14.30 \u00a0\u00a0\u00a0\u00a0\u00a0\u00a0\u00a0\u00a0\u00a0&#8230; <\/p>\n<p><a class=\"readmore\" href=\"https:\/\/stuttgarti-katolikusok.de\/index.php\/programelozetes-marcius-2-es-8-kozott\/\">R\u00e9szletek<\/a><\/p>\n","protected":false},"author":3,"featured_media":0,"comment_status":"closed","ping_status":"closed","sticky":false,"template":"","format":"standard","meta":{"footnotes":""},"categories":[37],"tags":[],"class_list":["post-18982","post","type-post","status-publish","format-standard","hentry","category-progamelozetes"],"yoast_head":"<!-- This site is optimized with the Yoast SEO plugin v27.3 - https:\/\/yoast.com\/product\/yoast-seo-wordpress\/ -->\n<title>Programel\u0151zetes m\u00e1rcius 2 \u00e9s 8 k\u00f6z\u00f6tt - Stuttgarti Katolikusok<\/title>\n<meta name=\"robots\" content=\"index, follow, max-snippet:-1, max-image-preview:large, max-video-preview:-1\" \/>\n<link rel=\"canonical\" href=\"https:\/\/stuttgarti-katolikusok.de\/index.php\/programelozetes-marcius-2-es-8-kozott\/\" \/>\n<meta property=\"og:locale\" content=\"hu_HU\" \/>\n<meta property=\"og:type\" content=\"article\" \/>\n<meta property=\"og:title\" content=\"Programel\u0151zetes m\u00e1rcius 2 \u00e9s 8 k\u00f6z\u00f6tt - Stuttgarti Katolikusok\" \/>\n<meta property=\"og:description\" content=\"Programel\u0151zetes M\u00e1rcius 4-\u00e9n, szerd\u00e1n, \u00a0\u00a0\u00a0\u00a0\u00a0\u00a0\u00a0\u00a0\u00a0\u00a0\u00a0 Stuttgartban 10.15 \u00f3rakor n\u00e9met nyelv\u0171 szentmise. * M\u00e1rcius 5-\u00e9n, cs\u00fct\u00f6rt\u00f6k\u00f6n, \u00a0\u00a0\u00a0\u00a0\u00a0\u00a0\u00a0\u00a0\u00a0\u00a0\u00a0 Ulmi d\u00e9lut\u00e1n, 17.30 \u00f3rakor kereszt\u00fat, ut\u00e1na szentmise. Keret\u00e9ben: Besz\u00e9lget\u00e9sek a Katekizmusr\u00f3l. * M\u00e1rcius 6-\u00e1n, p\u00e9nteken, \u00a0\u00a0\u00a0\u00a0\u00a0\u00a0\u00a0\u00a0\u00a0\u00a0\u00a0 Stuttgartban 16.00 \u00f3rakor a Bar\u00e1ts\u00e1gklub. 18.00 \u00f3rakor r\u00f3zsaf\u00fcz\u00e9r \u00e1jtatoss\u00e1g, ut\u00e1na szentmise, keret\u00e9ben a Stuttgarti Csendes Napok kezdete. Moder\u00e1tora Ft. T\u00edm\u00e1r Asztrik ferences atya. Ut\u00e1na k\u00f6z\u00f6s vacsora a magunkkal hozottakb\u00f3l. \u00a0\u00a0\u00a0\u00a0\u00a0\u00a0\u00a0\u00a0\u00a0\u00a0\u00a0 Weingarteni d\u00e9lut\u00e1n, a Marien-Kirche-ben: 17.30 \u00f3rakor kereszt\u00fat, ut\u00e1na szentmise. Keret\u00e9ben besz\u00e9lget\u00e9sek a Katekizmusr\u00f3l. * M\u00e1rcius 7-\u00e9n, szombaton, \u00a0 \u00a0 \u00a0 \u00a0 \u00a0 \u00a0 Stuttgartban Stuttgarti Csendes Napok. \u00a0 \u00a0 \u00a0 \u00a0 \u00a0 \u00a0 Balingenben 17.00 \u00f3rakor szentmise, ut\u00e1na \u00e1g\u00e1p\u00e9. * M\u00e1rcius 8-\u00e1n, nagyb\u00f6jt 2. vas\u00e1rnapj\u00e1n, \u00a0 \u00a0 \u00a0 \u00a0 \u00a0 \u00a0 Weingartenben 10.00 \u00f3rakor szentmise a 14 Nothelfer Kapelle-ben, ut\u00e1na \u00e1g\u00e1p\u00e9. \u00a0 \u00a0 \u00a0 \u00a0 \u00a0 \u00a0 Stuttgartban 12.00 \u00f3rakor lelkigyakorlatos z\u00e1r\u00f3szentmise. \u00a0 \u00a0 \u00a0 \u00a0 \u00a0 \u00a0 Fellbachban 15.00 \u00f3rakor \u00f6kumenikus istentisztelet \u00e9s m\u00e1rcius 15-i megeml\u00e9kez\u00e9s az ottani Lutherkirche-ben (Kirchplatz 1, az 1-es villamos v\u00e9g\u00e1llom\u00e1s\u00e1n\u00e1l), ill. a Paul-Gerhardt-gy\u00fclekezeti h\u00e1zban (August-Br\u00e4ndle-Str.19). \u00a0\u00a0\u00a0\u00a0\u00a0\u00a0\u00a0\u00a0\u00a0\u00a0\u00a0 Ulmban 15.00 \u00f3rakor szentmise, ut\u00e1na \u00e1g\u00e1p\u00e9.\u00a0\u00a0\u00a0\u00a0\u00a0\u00a0\u00a0\u00a0\u00a0\u00a0\u00a0 * Minden helyen mindenkit szeretettel v\u00e1r a k\u00f6z\u00f6ss\u00e9g, Imre atya \u00e9s Tibor atya! \u00a0 \u201eA hit azt jelenti, hogy az ember elhiszi, amit m\u00e9g nem l\u00e1t. Ennek a hitnek pedig az a jutalma, hogy l\u00e1tni fogja azt, amiben hisz.\u201d (Szent \u00c1goston \u2013 354-430 \u2013 egyh\u00e1zatya, teol\u00f3gus, p\u00fcsp\u00f6k) \u00a0 Bens\u0151s\u00e9ges nagyb\u00f6jti napokat, j\u00f3 munk\u00e1t, tartalmas besz\u00e9lget\u00e9seket \u00e9s \u00f6r\u00f6mteli tal\u00e1lkoz\u00e1sokat k\u00edv\u00e1nunk minden Kedves H\u00edv\u00fcnknek! \u00a0 A Stuttgarti Csendes Napok programja P \u00c9 N T E K 18.00 \u00a0\u00a0\u00a0\u00a0\u00a0\u00a0\u00a0\u00a0\u00a0 Szentmise \u00e9s bevezet\u0151 elm\u00e9lked\u00e9s (ut\u00e1na besz\u00e9lget\u00e9s, ismerked\u00e9s, k\u00f6z\u00f6s vacsora Asztrik aty\u00e1val) S Z O M B A T 9.00\u00a0 \u00a0\u00a0\u00a0\u00a0\u00a0\u00a0\u00a0\u00a0\u00a0 Gy\u00fclekez\u0151 \u00e9s k\u00f6z\u00f6s reggeli 10.00 \u00a0\u00a0\u00a0\u00a0\u00a0\u00a0\u00a0\u00a0\u00a0 I. elm\u00e9lked\u00e9s: EGY ISTEN VAN (ut\u00e1na gy\u00f3ntat\u00e1s) 11.00 \u00a0\u00a0\u00a0\u00a0\u00a0\u00a0\u00a0\u00a0\u00a0 II. elm\u00e9lked\u00e9s: T\u00d6R\u0150DIK-E ISTEN A VIL\u00c1GGAL? (ut\u00e1na gy\u00f3ntat\u00e1s) 12.15 K\u00d6Z\u00d6S EB\u00c9D 13.30 \u00a0\u00a0\u00a0\u00a0\u00a0\u00a0\u00a0\u00a0\u00a0 Kereszt\u00fati \u00e1jtatoss\u00e1g\u00a0 (alatta gy\u00f3ntat\u00e1s) 14.30 \u00a0\u00a0\u00a0\u00a0\u00a0\u00a0\u00a0\u00a0\u00a0... R\u00e9szletek\" \/>\n<meta property=\"og:url\" content=\"https:\/\/stuttgarti-katolikusok.de\/index.php\/programelozetes-marcius-2-es-8-kozott\/\" \/>\n<meta property=\"og:site_name\" content=\"Stuttgarti Katolikusok\" \/>\n<meta property=\"article:published_time\" content=\"2020-03-02T06:16:07+00:00\" \/>\n<meta property=\"article:modified_time\" content=\"2020-04-27T08:25:47+00:00\" \/>\n<meta name=\"author\" content=\"Tibor atya\" \/>\n<meta name=\"twitter:card\" content=\"summary_large_image\" \/>\n<meta name=\"twitter:label1\" content=\"Szerz\u0151:\" \/>\n\t<meta name=\"twitter:data1\" content=\"Tibor atya\" \/>\n\t<meta name=\"twitter:label2\" content=\"Becs\u00fclt olvas\u00e1si id\u0151\" \/>\n\t<meta name=\"twitter:data2\" content=\"2 perc\" \/>\n<script type=\"application\/ld+json\" class=\"yoast-schema-graph\">{\"@context\":\"https:\\\/\\\/schema.org\",\"@graph\":[{\"@type\":\"Article\",\"@id\":\"https:\\\/\\\/stuttgarti-katolikusok.de\\\/index.php\\\/programelozetes-marcius-2-es-8-kozott\\\/#article\",\"isPartOf\":{\"@id\":\"https:\\\/\\\/stuttgarti-katolikusok.de\\\/index.php\\\/programelozetes-marcius-2-es-8-kozott\\\/\"},\"author\":{\"name\":\"Tibor atya\",\"@id\":\"https:\\\/\\\/stuttgarti-katolikusok.de\\\/#\\\/schema\\\/person\\\/75908d6f8fdc03a57889d27209df7795\"},\"headline\":\"Programel\u0151zetes m\u00e1rcius 2 \u00e9s 8 k\u00f6z\u00f6tt\",\"datePublished\":\"2020-03-02T06:16:07+00:00\",\"dateModified\":\"2020-04-27T08:25:47+00:00\",\"mainEntityOfPage\":{\"@id\":\"https:\\\/\\\/stuttgarti-katolikusok.de\\\/index.php\\\/programelozetes-marcius-2-es-8-kozott\\\/\"},\"wordCount\":403,\"articleSection\":[\"Progamel\u0151zetes\"],\"inLanguage\":\"hu\"},{\"@type\":\"WebPage\",\"@id\":\"https:\\\/\\\/stuttgarti-katolikusok.de\\\/index.php\\\/programelozetes-marcius-2-es-8-kozott\\\/\",\"url\":\"https:\\\/\\\/stuttgarti-katolikusok.de\\\/index.php\\\/programelozetes-marcius-2-es-8-kozott\\\/\",\"name\":\"Programel\u0151zetes m\u00e1rcius 2 \u00e9s 8 k\u00f6z\u00f6tt - Stuttgarti Katolikusok\",\"isPartOf\":{\"@id\":\"https:\\\/\\\/stuttgarti-katolikusok.de\\\/#website\"},\"datePublished\":\"2020-03-02T06:16:07+00:00\",\"dateModified\":\"2020-04-27T08:25:47+00:00\",\"author\":{\"@id\":\"https:\\\/\\\/stuttgarti-katolikusok.de\\\/#\\\/schema\\\/person\\\/75908d6f8fdc03a57889d27209df7795\"},\"breadcrumb\":{\"@id\":\"https:\\\/\\\/stuttgarti-katolikusok.de\\\/index.php\\\/programelozetes-marcius-2-es-8-kozott\\\/#breadcrumb\"},\"inLanguage\":\"hu\",\"potentialAction\":[{\"@type\":\"ReadAction\",\"target\":[\"https:\\\/\\\/stuttgarti-katolikusok.de\\\/index.php\\\/programelozetes-marcius-2-es-8-kozott\\\/\"]}]},{\"@type\":\"BreadcrumbList\",\"@id\":\"https:\\\/\\\/stuttgarti-katolikusok.de\\\/index.php\\\/programelozetes-marcius-2-es-8-kozott\\\/#breadcrumb\",\"itemListElement\":[{\"@type\":\"ListItem\",\"position\":1,\"name\":\"Kezd\u0151lap\",\"item\":\"https:\\\/\\\/stuttgarti-katolikusok.de\\\/\"},{\"@type\":\"ListItem\",\"position\":2,\"name\":\"Programel\u0151zetes m\u00e1rcius 2 \u00e9s 8 k\u00f6z\u00f6tt\"}]},{\"@type\":\"WebSite\",\"@id\":\"https:\\\/\\\/stuttgarti-katolikusok.de\\\/#website\",\"url\":\"https:\\\/\\\/stuttgarti-katolikusok.de\\\/\",\"name\":\"Stuttgarti Katolikusok\",\"description\":\"\",\"potentialAction\":[{\"@type\":\"SearchAction\",\"target\":{\"@type\":\"EntryPoint\",\"urlTemplate\":\"https:\\\/\\\/stuttgarti-katolikusok.de\\\/?s={search_term_string}\"},\"query-input\":{\"@type\":\"PropertyValueSpecification\",\"valueRequired\":true,\"valueName\":\"search_term_string\"}}],\"inLanguage\":\"hu\"},{\"@type\":\"Person\",\"@id\":\"https:\\\/\\\/stuttgarti-katolikusok.de\\\/#\\\/schema\\\/person\\\/75908d6f8fdc03a57889d27209df7795\",\"name\":\"Tibor atya\",\"image\":{\"@type\":\"ImageObject\",\"inLanguage\":\"hu\",\"@id\":\"https:\\\/\\\/secure.gravatar.com\\\/avatar\\\/61d268e57d1f4525b111222e29d2d5a7f8c420fdbf231ba5566a8ceac74fa960?s=96&d=mm&r=g\",\"url\":\"https:\\\/\\\/secure.gravatar.com\\\/avatar\\\/61d268e57d1f4525b111222e29d2d5a7f8c420fdbf231ba5566a8ceac74fa960?s=96&d=mm&r=g\",\"contentUrl\":\"https:\\\/\\\/secure.gravatar.com\\\/avatar\\\/61d268e57d1f4525b111222e29d2d5a7f8c420fdbf231ba5566a8ceac74fa960?s=96&d=mm&r=g\",\"caption\":\"Tibor atya\"},\"url\":\"https:\\\/\\\/stuttgarti-katolikusok.de\\\/index.php\\\/author\\\/tibor-atya\\\/\"}]}<\/script>\n<!-- \/ Yoast SEO plugin. -->","yoast_head_json":{"title":"Programel\u0151zetes m\u00e1rcius 2 \u00e9s 8 k\u00f6z\u00f6tt - Stuttgarti Katolikusok","robots":{"index":"index","follow":"follow","max-snippet":"max-snippet:-1","max-image-preview":"max-image-preview:large","max-video-preview":"max-video-preview:-1"},"canonical":"https:\/\/stuttgarti-katolikusok.de\/index.php\/programelozetes-marcius-2-es-8-kozott\/","og_locale":"hu_HU","og_type":"article","og_title":"Programel\u0151zetes m\u00e1rcius 2 \u00e9s 8 k\u00f6z\u00f6tt - Stuttgarti Katolikusok","og_description":"Programel\u0151zetes M\u00e1rcius 4-\u00e9n, szerd\u00e1n, \u00a0\u00a0\u00a0\u00a0\u00a0\u00a0\u00a0\u00a0\u00a0\u00a0\u00a0 Stuttgartban 10.15 \u00f3rakor n\u00e9met nyelv\u0171 szentmise. * M\u00e1rcius 5-\u00e9n, cs\u00fct\u00f6rt\u00f6k\u00f6n, \u00a0\u00a0\u00a0\u00a0\u00a0\u00a0\u00a0\u00a0\u00a0\u00a0\u00a0 Ulmi d\u00e9lut\u00e1n, 17.30 \u00f3rakor kereszt\u00fat, ut\u00e1na szentmise. Keret\u00e9ben: Besz\u00e9lget\u00e9sek a Katekizmusr\u00f3l. * M\u00e1rcius 6-\u00e1n, p\u00e9nteken, \u00a0\u00a0\u00a0\u00a0\u00a0\u00a0\u00a0\u00a0\u00a0\u00a0\u00a0 Stuttgartban 16.00 \u00f3rakor a Bar\u00e1ts\u00e1gklub. 18.00 \u00f3rakor r\u00f3zsaf\u00fcz\u00e9r \u00e1jtatoss\u00e1g, ut\u00e1na szentmise, keret\u00e9ben a Stuttgarti Csendes Napok kezdete. Moder\u00e1tora Ft. T\u00edm\u00e1r Asztrik ferences atya. Ut\u00e1na k\u00f6z\u00f6s vacsora a magunkkal hozottakb\u00f3l. \u00a0\u00a0\u00a0\u00a0\u00a0\u00a0\u00a0\u00a0\u00a0\u00a0\u00a0 Weingarteni d\u00e9lut\u00e1n, a Marien-Kirche-ben: 17.30 \u00f3rakor kereszt\u00fat, ut\u00e1na szentmise. Keret\u00e9ben besz\u00e9lget\u00e9sek a Katekizmusr\u00f3l. * M\u00e1rcius 7-\u00e9n, szombaton, \u00a0 \u00a0 \u00a0 \u00a0 \u00a0 \u00a0 Stuttgartban Stuttgarti Csendes Napok. \u00a0 \u00a0 \u00a0 \u00a0 \u00a0 \u00a0 Balingenben 17.00 \u00f3rakor szentmise, ut\u00e1na \u00e1g\u00e1p\u00e9. * M\u00e1rcius 8-\u00e1n, nagyb\u00f6jt 2. vas\u00e1rnapj\u00e1n, \u00a0 \u00a0 \u00a0 \u00a0 \u00a0 \u00a0 Weingartenben 10.00 \u00f3rakor szentmise a 14 Nothelfer Kapelle-ben, ut\u00e1na \u00e1g\u00e1p\u00e9. \u00a0 \u00a0 \u00a0 \u00a0 \u00a0 \u00a0 Stuttgartban 12.00 \u00f3rakor lelkigyakorlatos z\u00e1r\u00f3szentmise. \u00a0 \u00a0 \u00a0 \u00a0 \u00a0 \u00a0 Fellbachban 15.00 \u00f3rakor \u00f6kumenikus istentisztelet \u00e9s m\u00e1rcius 15-i megeml\u00e9kez\u00e9s az ottani Lutherkirche-ben (Kirchplatz 1, az 1-es villamos v\u00e9g\u00e1llom\u00e1s\u00e1n\u00e1l), ill. a Paul-Gerhardt-gy\u00fclekezeti h\u00e1zban (August-Br\u00e4ndle-Str.19). \u00a0\u00a0\u00a0\u00a0\u00a0\u00a0\u00a0\u00a0\u00a0\u00a0\u00a0 Ulmban 15.00 \u00f3rakor szentmise, ut\u00e1na \u00e1g\u00e1p\u00e9.\u00a0\u00a0\u00a0\u00a0\u00a0\u00a0\u00a0\u00a0\u00a0\u00a0\u00a0 * Minden helyen mindenkit szeretettel v\u00e1r a k\u00f6z\u00f6ss\u00e9g, Imre atya \u00e9s Tibor atya! \u00a0 \u201eA hit azt jelenti, hogy az ember elhiszi, amit m\u00e9g nem l\u00e1t. Ennek a hitnek pedig az a jutalma, hogy l\u00e1tni fogja azt, amiben hisz.\u201d (Szent \u00c1goston \u2013 354-430 \u2013 egyh\u00e1zatya, teol\u00f3gus, p\u00fcsp\u00f6k) \u00a0 Bens\u0151s\u00e9ges nagyb\u00f6jti napokat, j\u00f3 munk\u00e1t, tartalmas besz\u00e9lget\u00e9seket \u00e9s \u00f6r\u00f6mteli tal\u00e1lkoz\u00e1sokat k\u00edv\u00e1nunk minden Kedves H\u00edv\u00fcnknek! \u00a0 A Stuttgarti Csendes Napok programja P \u00c9 N T E K 18.00 \u00a0\u00a0\u00a0\u00a0\u00a0\u00a0\u00a0\u00a0\u00a0 Szentmise \u00e9s bevezet\u0151 elm\u00e9lked\u00e9s (ut\u00e1na besz\u00e9lget\u00e9s, ismerked\u00e9s, k\u00f6z\u00f6s vacsora Asztrik aty\u00e1val) S Z O M B A T 9.00\u00a0 \u00a0\u00a0\u00a0\u00a0\u00a0\u00a0\u00a0\u00a0\u00a0 Gy\u00fclekez\u0151 \u00e9s k\u00f6z\u00f6s reggeli 10.00 \u00a0\u00a0\u00a0\u00a0\u00a0\u00a0\u00a0\u00a0\u00a0 I. elm\u00e9lked\u00e9s: EGY ISTEN VAN (ut\u00e1na gy\u00f3ntat\u00e1s) 11.00 \u00a0\u00a0\u00a0\u00a0\u00a0\u00a0\u00a0\u00a0\u00a0 II. elm\u00e9lked\u00e9s: T\u00d6R\u0150DIK-E ISTEN A VIL\u00c1GGAL? (ut\u00e1na gy\u00f3ntat\u00e1s) 12.15 K\u00d6Z\u00d6S EB\u00c9D 13.30 \u00a0\u00a0\u00a0\u00a0\u00a0\u00a0\u00a0\u00a0\u00a0 Kereszt\u00fati \u00e1jtatoss\u00e1g\u00a0 (alatta gy\u00f3ntat\u00e1s) 14.30 \u00a0\u00a0\u00a0\u00a0\u00a0\u00a0\u00a0\u00a0\u00a0... R\u00e9szletek","og_url":"https:\/\/stuttgarti-katolikusok.de\/index.php\/programelozetes-marcius-2-es-8-kozott\/","og_site_name":"Stuttgarti Katolikusok","article_published_time":"2020-03-02T06:16:07+00:00","article_modified_time":"2020-04-27T08:25:47+00:00","author":"Tibor atya","twitter_card":"summary_large_image","twitter_misc":{"Szerz\u0151:":"Tibor atya","Becs\u00fclt olvas\u00e1si id\u0151":"2 perc"},"schema":{"@context":"https:\/\/schema.org","@graph":[{"@type":"Article","@id":"https:\/\/stuttgarti-katolikusok.de\/index.php\/programelozetes-marcius-2-es-8-kozott\/#article","isPartOf":{"@id":"https:\/\/stuttgarti-katolikusok.de\/index.php\/programelozetes-marcius-2-es-8-kozott\/"},"author":{"name":"Tibor atya","@id":"https:\/\/stuttgarti-katolikusok.de\/#\/schema\/person\/75908d6f8fdc03a57889d27209df7795"},"headline":"Programel\u0151zetes m\u00e1rcius 2 \u00e9s 8 k\u00f6z\u00f6tt","datePublished":"2020-03-02T06:16:07+00:00","dateModified":"2020-04-27T08:25:47+00:00","mainEntityOfPage":{"@id":"https:\/\/stuttgarti-katolikusok.de\/index.php\/programelozetes-marcius-2-es-8-kozott\/"},"wordCount":403,"articleSection":["Progamel\u0151zetes"],"inLanguage":"hu"},{"@type":"WebPage","@id":"https:\/\/stuttgarti-katolikusok.de\/index.php\/programelozetes-marcius-2-es-8-kozott\/","url":"https:\/\/stuttgarti-katolikusok.de\/index.php\/programelozetes-marcius-2-es-8-kozott\/","name":"Programel\u0151zetes m\u00e1rcius 2 \u00e9s 8 k\u00f6z\u00f6tt - Stuttgarti Katolikusok","isPartOf":{"@id":"https:\/\/stuttgarti-katolikusok.de\/#website"},"datePublished":"2020-03-02T06:16:07+00:00","dateModified":"2020-04-27T08:25:47+00:00","author":{"@id":"https:\/\/stuttgarti-katolikusok.de\/#\/schema\/person\/75908d6f8fdc03a57889d27209df7795"},"breadcrumb":{"@id":"https:\/\/stuttgarti-katolikusok.de\/index.php\/programelozetes-marcius-2-es-8-kozott\/#breadcrumb"},"inLanguage":"hu","potentialAction":[{"@type":"ReadAction","target":["https:\/\/stuttgarti-katolikusok.de\/index.php\/programelozetes-marcius-2-es-8-kozott\/"]}]},{"@type":"BreadcrumbList","@id":"https:\/\/stuttgarti-katolikusok.de\/index.php\/programelozetes-marcius-2-es-8-kozott\/#breadcrumb","itemListElement":[{"@type":"ListItem","position":1,"name":"Kezd\u0151lap","item":"https:\/\/stuttgarti-katolikusok.de\/"},{"@type":"ListItem","position":2,"name":"Programel\u0151zetes m\u00e1rcius 2 \u00e9s 8 k\u00f6z\u00f6tt"}]},{"@type":"WebSite","@id":"https:\/\/stuttgarti-katolikusok.de\/#website","url":"https:\/\/stuttgarti-katolikusok.de\/","name":"Stuttgarti Katolikusok","description":"","potentialAction":[{"@type":"SearchAction","target":{"@type":"EntryPoint","urlTemplate":"https:\/\/stuttgarti-katolikusok.de\/?s={search_term_string}"},"query-input":{"@type":"PropertyValueSpecification","valueRequired":true,"valueName":"search_term_string"}}],"inLanguage":"hu"},{"@type":"Person","@id":"https:\/\/stuttgarti-katolikusok.de\/#\/schema\/person\/75908d6f8fdc03a57889d27209df7795","name":"Tibor atya","image":{"@type":"ImageObject","inLanguage":"hu","@id":"https:\/\/secure.gravatar.com\/avatar\/61d268e57d1f4525b111222e29d2d5a7f8c420fdbf231ba5566a8ceac74fa960?s=96&d=mm&r=g","url":"https:\/\/secure.gravatar.com\/avatar\/61d268e57d1f4525b111222e29d2d5a7f8c420fdbf231ba5566a8ceac74fa960?s=96&d=mm&r=g","contentUrl":"https:\/\/secure.gravatar.com\/avatar\/61d268e57d1f4525b111222e29d2d5a7f8c420fdbf231ba5566a8ceac74fa960?s=96&d=mm&r=g","caption":"Tibor atya"},"url":"https:\/\/stuttgarti-katolikusok.de\/index.php\/author\/tibor-atya\/"}]}},"_links":{"self":[{"href":"https:\/\/stuttgarti-katolikusok.de\/index.php\/wp-json\/wp\/v2\/posts\/18982","targetHints":{"allow":["GET"]}}],"collection":[{"href":"https:\/\/stuttgarti-katolikusok.de\/index.php\/wp-json\/wp\/v2\/posts"}],"about":[{"href":"https:\/\/stuttgarti-katolikusok.de\/index.php\/wp-json\/wp\/v2\/types\/post"}],"author":[{"embeddable":true,"href":"https:\/\/stuttgarti-katolikusok.de\/index.php\/wp-json\/wp\/v2\/users\/3"}],"replies":[{"embeddable":true,"href":"https:\/\/stuttgarti-katolikusok.de\/index.php\/wp-json\/wp\/v2\/comments?post=18982"}],"version-history":[{"count":3,"href":"https:\/\/stuttgarti-katolikusok.de\/index.php\/wp-json\/wp\/v2\/posts\/18982\/revisions"}],"predecessor-version":[{"id":19024,"href":"https:\/\/stuttgarti-katolikusok.de\/index.php\/wp-json\/wp\/v2\/posts\/18982\/revisions\/19024"}],"wp:attachment":[{"href":"https:\/\/stuttgarti-katolikusok.de\/index.php\/wp-json\/wp\/v2\/media?parent=18982"}],"wp:term":[{"taxonomy":"category","embeddable":true,"href":"https:\/\/stuttgarti-katolikusok.de\/index.php\/wp-json\/wp\/v2\/categories?post=18982"},{"taxonomy":"post_tag","embeddable":true,"href":"https:\/\/stuttgarti-katolikusok.de\/index.php\/wp-json\/wp\/v2\/tags?post=18982"}],"curies":[{"name":"wp","href":"https:\/\/api.w.org\/{rel}","templated":true}]}}