{"id":18970,"date":"2020-02-29T06:52:16","date_gmt":"2020-02-29T06:52:16","guid":{"rendered":"https:\/\/gracious-dewdney.138-201-221-2.plesk.page\/?p=18970"},"modified":"2020-04-27T08:26:14","modified_gmt":"2020-04-27T08:26:14","slug":"nagybojt-1-2-3-4-es-5-vasarnapjara","status":"publish","type":"post","link":"https:\/\/stuttgarti-katolikusok.de\/index.php\/nagybojt-1-2-3-4-es-5-vasarnapjara\/","title":{"rendered":"Nagyb\u00f6jt 1., 2., 3., 4. \u00e9s 5. vas\u00e1rnapj\u00e1ra"},"content":{"rendered":"<ol start=\"2020\">\n<li>m\u00e1rcius 1.<\/li>\n<\/ol>\n<h2>NAGYB\u00d6JT 1. VAS\u00c1RNAPJA<\/h2>\n<p>Ha ki\u00e1lt hozz\u00e1m, meghallgatom;<\/p>\n<p>megszabad\u00edtom \u00e9s dics\u0151s\u00e9get<\/p>\n<p>szerzek neki, hossz\u00fa \u00e9lettel \u00e1ldom meg.\u00a0\u00a0\u00a0\u00a0\u00a0\u00a0\u00a0\u00a0\u00a0\u00a0\u00a0\u00a0\u00a0 Zsolt 90, 15\u201316<\/p>\n<p>Isten nem a hal\u00e1lt akarja, hanem az \u00e9letet. J\u00e9zus ez\u00e9rt j\u00f6tt, hogy \u00e9let\u00fcnk legyen \u00e9s b\u0151s\u00e9gben legyen (Jn 10, 10). Sajnos, a k\u00eds\u00e9rt\u00e9s is b\u0151s\u00e9gben van, s m\u00e9g szomor\u00fabb: b\u0151s\u00e9gben vannak a b\u0171neink is. A nagyb\u00f6jti id\u0151 \u00f6nmegtagad\u00e1sai, a kereszt\u00fat j\u00e1r\u00e1s, a b\u00f6jt, a b\u0171nb\u00e1nat \u00e9s a szeretet gyakorl\u00e1sa igaz\u00edtsa l\u00e9pteinket az igazi \u00e9let \u00fatj\u00e1n.<\/p>\n<p><strong>OLVASM\u00c1NY<\/strong>\u00a0\u00a0\u00a0 \u00a0\u00a0\u00a0\u00a0\u00a0\u00a0\u00a0\u00a0\u00a0\u00a0\u00a0\u00a0\u00a0\u00a0\u00a0\u00a0\u00a0\u00a0\u00a0\u00a0\u00a0\u00a0\u00a0\u00a0\u00a0\u00a0\u00a0\u00a0\u00a0\u00a0\u00a0\u00a0\u00a0\u00a0\u00a0<em>Ter 2, 7\u20139. 3, 1\u20137a<\/em><\/p>\n<p>Csod\u00e1latos az Isten, aki a saj\u00e1t k\u00e9p\u00e9re \u00e9s hasonlatoss\u00e1g\u00e1ra teremtette az embert. \u00c9gi \u00e9s f\u00f6ldi boldogs\u00e1got sz\u00e1nt neki. S milyen k\u00f6nnyen megsemmis\u00fclnek \u00e9rt\u00e9keink, odavesznek kincseink. Csak egy pillanat, egy felel\u0151tlen perc, csak egy kis alkudoz\u00e1s a k\u00eds\u00e9rt\u0151vel&#8230; S m\u00e1ris sirathatjuk kincseinket. Isten sz\u00e1m\u00e1ra nem k\u00f6z\u00f6mb\u00f6s az \u00e9let\u00fcnk. Keres benn\u00fcnket, Megv\u00e1lt\u00f3t k\u00fcld, hogy ne a hal\u00e1l gy\u0151zz\u00f6n, hanem az \u00e9let.<\/p>\n<p><strong>V\u00c1LASZOS ZSOLT\u00c1R<\/strong> \u00a0\u00a0\u00a0\u00a0\u00a0\u00a0\u00a0\u00a0\u00a0\u00a0<em>50, 3\u20134. 5\u20136a. <\/em><em>12<\/em><em>\u201313. 14. <\/em><em>\u00a017<\/em><\/p>\n<p><strong>V\u00e1lasz: K\u00f6ny\u00f6r\u00fclj, Urunk, Isten\u00fcnk, * <\/strong><strong>mert n<u>a<\/u>gy a v\u00e9tk\u00fcnk.<\/strong><\/p>\n<p><strong>\u00a0<\/strong><\/p>\n<p><strong>SZENTLECKE<\/strong>\u00a0\u00a0 \u00a0\u00a0\u00a0\u00a0\u00a0\u00a0\u00a0\u00a0\u00a0\u00a0\u00a0\u00a0\u00a0\u00a0\u00a0\u00a0\u00a0\u00a0\u00a0\u00a0\u00a0\u00a0\u00a0\u00a0\u00a0\u00a0\u00a0\u00a0\u00a0\u00a0\u00a0\u00a0\u00a0\u00a0\u00a0\u00a0\u00a0\u00a0\u00a0\u00a0\u00a0\u00a0\u00a0\u00a0<em>R\u00f3m 5, 12\u201319<\/em><\/p>\n<p>K\u00e1ros \u00f6r\u00f6ks\u00e9g\u00fcnk a b\u0171n. Mint \u00e1rny\u00e9k k\u00f6veti \u00e9let\u00fcnket. Sokszor az az \u00e9rz\u00e9s\u00fcnk, hogy eg\u00e9szen bebor\u00edt minket. De hatalmasabb Isten szeretete \u00e9s kegyelme. K\u00e1rhozat v\u00e1rna r\u00e1nk, de J\u00e9zus engedelmess\u00e9ge megigazultt\u00e1 tesz benn\u00fcnket.<\/p>\n<p><strong>EVANG\u00c9LIUM EL\u0150TTI VERS<\/strong>\u00a0\u00a0\u00a0\u00a0\u00a0\u00a0\u00a0\u00a0\u00a0\u00a0\u00a0\u00a0 \u00a0\u00a0\u00a0\u00a0\u00a0\u00a0\u00a0\u00a0\u00a0\u00a0\u00a0\u00a0\u00a0\u00a0\u00a0\u00a0\u00a0\u00a0\u00a0\u00a0\u00a0\u00a0<em>\u00a0Mt 4, 4b<\/em><\/p>\n<p>Nemcsak keny\u00e9rrel \u00e9l az ember,\u00a0 * hanem minden ig\u00e9vel is, mely Isten ajk\u00e1r\u00f3l val\u00f3.<\/p>\n<p><strong>EVANG\u00c9LIUM<\/strong> \u00a0\u00a0\u00a0\u00a0\u00a0\u00a0\u00a0\u00a0\u00a0\u00a0\u00a0\u00a0\u00a0\u00a0\u00a0\u00a0\u00a0\u00a0\u00a0\u00a0\u00a0\u00a0\u00a0\u00a0\u00a0\u00a0\u00a0\u00a0\u00a0\u00a0\u00a0\u00a0\u00a0\u00a0\u00a0\u00a0\u00a0\u00a0\u00a0\u00a0\u00a0\u00a0\u00a0\u00a0\u00a0\u00a0\u00a0\u00a0\u00a0\u00a0<em>Mt 4, 1\u201311<\/em><\/p>\n<p>\u00c1d\u00e1m gyenge volt a k\u00eds\u00e9rt\u00e9sben, elesett. J\u00e9zus viszont a legszentebb p\u00e9ld\u00e1ja annak, hogy a k\u00eds\u00e9rt\u00e9st vissza is lehet utas\u00edtani, le is lehet gy\u0151zni. Sok ember \u00e1ldozata a gyomr\u00e1nak, g\u0151gj\u00e9nek, hatalomv\u00e1gy\u00e1nak. J\u00e9zus b\u00f6jtje, al\u00e1zata, az Atya ir\u00e1nti engedelmess\u00e9ge seg\u00edtsen a helyes \u00e9letvitelben.<\/p>\n<p><strong>AZ EUCHARISZTI\u00c1HOZ<\/strong><\/p>\n<p>Istennek nem adhatunk annyit, hogy sokkal t\u00f6bbet ne kapn\u00e1nk vissza. Lemondunk a keny\u00e9rr\u0151l, \u00e9gi kenyeret ad. Lemondunk a hatalomr\u00f3l, a g\u0151gr\u0151l, Isten gyermekeiv\u00e9 tesz benn\u00fcnket. Elhagyjuk a b\u0171n\u00f6s utat, az \u00e9letszents\u00e9g \u00fatj\u00e1ra \u00e1ll\u00edt minket.<\/p>\n<p><strong><em>AZ \u00daR \u00c1LD\u00c1SA K\u00cdS\u00c9RJE <\/em><\/strong><strong><em>SZ\u00dcLET\u00c9S- \u00c9S N\u00c9VNAPOS TESTV\u00c9REINKET!<\/em><\/strong><\/p>\n<p>NAGYB\u00d6JTI GONDOLATOK<\/p>\n<p>Hamvaz\u00f3szerda a nagyb\u00f6jt kezdete. Az egyh\u00e1z hamut hint a homlokunkra e m\u00e9ly \u00e9rtelm\u0171 szavakkal: ,,Ember, eml\u00e9kezz r\u00e1, hogy porb\u00f3l vagy \u00e9s porr\u00e1 leszel\u201d. Egyh\u00e1zunk ezzel a szokatlan \u00fatraval\u00f3val ind\u00edt el minket a szent negyven nap sivatag\u00e1ba. \u00dcdv\u00f6s jelet rajzol a homlokunkra a muland\u00f3s\u00e1got jelz\u0151 hamuval \u00e9s az \u00f6r\u00f6k \u00e9letet \u00edg\u00e9r\u0151 kereszttel.<\/p>\n<p>Az emberek k\u00fcl\u00f6nf\u00e9lek\u00e9ppen viselkednek a r\u00e1juk zuhan\u00f3 szenved\u00e9sekben. Sokan l\u00e1zadoznak, mi\u00e9rteket dob\u00e1lnak a lakatlannak mondott \u00e9gre. Perbe sz\u00e1llnak a megtagadott Istennel, kem\u00e9ny v\u00e1dakat z\u00fad\u00edtanak fel\u00e9je. Vannak, akik \u00f6sszeszor\u00edtott, keser\u0171 megad\u00e1ssal, vagy b\u00f6lcs belenyugv\u00e1ssal t\u0171rik a kiker\u00fclhetetlen v\u00e9gzetet. Sokan az emberek fel\u00e9 fordulnak, \u00e9s gyakran tapasztaljuk, hogy t\u0151l\u00fck rem\u00e9lnek seg\u00edts\u00e9get. J\u00f3l tudjuk, hogy J\u00e9zusnak, aki mindenben hasonl\u00f3 akart lenni hozz\u00e1nk, nem ker\u00fclte el a szenved\u00e9st sem. \u00d6r\u00f6k idegen marad sz\u00e1munkra, ha nem osztozik f\u00e1jdalmainkban \u00e9s nem \u00f6lti mag\u00e1ra a sebek b\u00edbor\u00e1t. S vajon mi\u00e9rt tette ezt? Hogy p\u00e9ld\u00e1t adjon a szenved\u00e9sben tan\u00fas\u00edtand\u00f3, egyed\u00fcl helyes magatart\u00e1sra.<\/p>\n<p>Nagyb\u00f6jt idej\u00e9n boldog Batthy\u00e1ny Strattmann L\u00e1szl\u00f3 lelki vil\u00e1goss\u00e1g\u00e1ra van sz\u00fcks\u00e9g\u00fcnk, aki saj\u00e1t k\u00f6lts\u00e9g\u00e9n k\u00f3rh\u00e1zat l\u00e9tes\u00edtett a r\u00e1szorul\u00f3knak, valamint a gy\u00f3gyultakat p\u00e9nzseg\u00e9llyel is ell\u00e1tta. J\u00f3 orvosk\u00e9nt nem csak a testi bajokkal foglalkozott, hanem a l\u00e9lekkel is. A meggy\u00f3gyultakat ell\u00e1tta a lelki vaks\u00e1g gy\u00f3gy\u00edt\u00e1s\u00e1ra vonatkoz\u00f3 \u00fatmutat\u00e1sokkal.<\/p>\n<p>Sokan az\u00e9rt roppannak \u00f6ssze napjainkban a szenved\u00e9s s\u00falya alatt, mert nem tudnak Istenhez ki\u00e1ltani \u00e9s sokan elfelejtett\u00e9k az im\u00e1ds\u00e1g nyelv\u00e9t. Sokan abban a tudatban vannak, hogy el\u00e9g az ember saj\u00e1t ereje \u00e9s nincs sz\u00fcks\u00e9ge semmire \u00e9s senkire, vagyis seg\u00edts\u00e9gre.<\/p>\n<p>A nagyb\u00f6jt idej\u00e9ben merj\u00fcnk m\u00e9g buzg\u00f3bban Istenhez fordulni, hiszen k\u00fczdelem n\u00e9lk\u00fcl nincs gy\u0151zelem. A nagyb\u00f6jt komolyan figyelmeztet mindny\u00e1junkat, haszn\u00e1ljuk fel az id\u0151t, hogy lelk\u00fcnk gazdagabb, szebb \u00e9s boldogabb legyen.\u00a0\u00a0\u00a0\u00a0\u00a0\u00a0\u00a0\u00a0\u00a0\u00a0\u00a0\u00a0 <em>Msgr. Szalay Gyula, esperes-pl\u00e9b\u00e1nos &#8211; Felvid\u00e9k.ma <\/em><\/p>\n<p><em>\u00a0<\/em><\/p>\n<p>ELM\u00c9LKED\u00c9S<\/p>\n<p>\u00d3, emberszeret\u0151 Uralkod\u00f3nk, gy\u00fajtsd f\u00f6l sz\u00edv\u00fcnkben ismeretednek ragyog\u00f3 vil\u00e1goss\u00e1g\u00e1t, nyisd fel szem\u00fcnket, hogy helyesen fogjuk fel ig\u00e9det; \u00fcltesd el benn\u00fcnk \u00e1ldott parancsaidnak f\u00e9lelm\u00e9t, hogy minden testi k\u00edv\u00e1ns\u00e1got lek\u00fczdve, tetsz\u00e9sedet keresve \u00e9s aszerint cselekedve mindenben \u00e1tlelkes\u00fclt \u00e9letet \u00e9lj\u00fcnk. Mert te vagy lelk\u00fcnk \u00e9s test\u00fcnk vil\u00e1goss\u00e1ga, Krisztus, Isten\u00fcnk, \u00e9s \u00f6r\u00f6k Aty\u00e1ddal \u00e9s legszentebb, j\u00f3s\u00e1gos \u00e9s \u00e9letet ad\u00f3 Lelkeddel egy\u00fctt magasztalunk t\u00e9ged most \u00e9s mindenkor \u00e9s mind\u00f6r\u00f6kk\u00f6n-\u00f6r\u00f6kk\u00e9.\u00a0\u00a0\u00a0\u00a0\u00a0\u00a0\u00a0\u00a0\u00a0\u00a0\u00a0\u00a0\u00a0 \u00a0\u00a0\u00a0\u00a0\u00a0\u00a0\u00a0\u00a0<em>\u00a0\u00dajg\u00f6r\u00f6g ortodox im\u00e1ds\u00e1g<\/em><\/p>\n<p>&nbsp;<\/p>\n<p>B\u00c1TOR\u00cdT\u00c1S<\/p>\n<p>A kereszt \u00fatj\u00e1n, gyermekeim, csak az els\u0151 l\u00e9p\u00e9s neh\u00e9z. Legnagyobb kereszt\u00fcnk nem maga a kereszt, hanem az, hogy f\u00e9l\u00fcnk t\u0151le. \u00a0\u00a0\u00a0\u00a0\u00a0\u00a0\u00a0\u00a0\u00a0\u00a0\u00a0\u00a0\u00a0\u00a0\u00a0\u00a0\u00a0\u00a0\u00a0\u00a0\u00a0\u00a0\u00a0\u00a0\u00a0\u00a0\u00a0\u00a0\u00a0\u00a0<em>Vianney Szent J\u00e1nos<\/em><\/p>\n<p><em>\u00a0<\/em><\/p>\n<ol start=\"2020\">\n<li>m\u00e1rcius 8.<\/li>\n<\/ol>\n<h2>NAGYB\u00d6JT 2. VAS\u00c1RNAPJA<\/h2>\n<p>Sz\u00edvem r\u00f3lad mondta: \u201eKeress\u00e9tek<\/p>\n<p>az \u0151 arc\u00e1t!\u201d A te arcodat keresem, Uram.<\/p>\n<p>Ne rejtsd el el\u0151lem arcodat!\u00a0\u00a0\u00a0\u00a0\u00a0\u00a0\u00a0\u00a0\u00a0\u00a0\u00a0\u00a0\u00a0 Zsolt 26, 8\u20139<\/p>\n<p>\u201eEz az \u00e9n szeretett Fiam&#8230; \u0150t hallgass\u00e1tok!\u201d \u2013 hangzott a mennyei Atya hangja a sz\u00ednev\u00e1ltoz\u00e1s hegy\u00e9n. Fogadjuk meg mi is a figyelmeztet\u00e9st, hallgassunk J\u00e9zusra. Most a nagyb\u00f6jti id\u0151ben tartsunk b\u0171nb\u00e1natot, \u00faj\u00edtsuk meg \u00e9let\u00fcnket, hogy Isten szeretett gyermekei lehess\u00fcnk.<\/p>\n<p><strong>OLVASM\u00c1NY\u00a0\u00a0\u00a0 \u00a0\u00a0<\/strong>\u00a0\u00a0\u00a0\u00a0\u00a0\u00a0\u00a0\u00a0\u00a0\u00a0\u00a0\u00a0\u00a0\u00a0\u00a0\u00a0\u00a0\u00a0\u00a0\u00a0\u00a0\u00a0\u00a0\u00a0\u00a0\u00a0\u00a0\u00a0\u00a0\u00a0\u00a0\u00a0\u00a0\u00a0\u00a0\u00a0\u00a0\u00a0\u00a0\u00a0\u00a0\u00a0\u00a0\u00a0<em>Ter 12,1\u20134a<\/em><\/p>\n<p>\u201e\u00c1ltalad nyer \u00e1ld\u00e1st a f\u00f6ld minden nemzets\u00e9ge\u201d, sz\u00f3lt az \u00dar \u00c1brah\u00e1mhoz. Szent k\u00fcldet\u00e9s ez. Nek\u00fcnk is \u00e1ld\u00e1ss\u00e1 kell lenn\u00fcnk embert\u00e1rsaink sz\u00e1m\u00e1ra: a csal\u00e1dban, a munkahelyen \u00e9s a t\u00e1rsadalmi \u00e9letben.<\/p>\n<p><strong>V\u00c1LASZOS ZSOLT\u00c1R<\/strong>\u00a0\u00a0\u00a0\u00a0 \u00a0\u00a0\u00a0\u00a0\u00a0\u00a0\u00a0\u00a0\u00a0\u00a0\u00a0\u00a0\u00a0\u00a0<em>32, 4\u20135. 18\u201319. 20 \u00e9s 22<\/em><\/p>\n<p><strong>\u00a0<\/strong><\/p>\n<p><strong>V\u00e1lasz: Kegyes szemed legyen\u00a0 r<u>a<\/u>jtunk, * <\/strong><strong>tebenned\u00a0 van b<u>i<\/u>zodalmunk.<\/strong><\/p>\n<p><strong>\u00a0<\/strong><\/p>\n<p><strong>SZENTLECKE\u00a0 <\/strong>\u00a0\u00a0\u00a0\u00a0\u00a0\u00a0\u00a0\u00a0\u00a0\u00a0\u00a0\u00a0\u00a0\u00a0\u00a0\u00a0\u00a0\u00a0\u00a0\u00a0\u00a0\u00a0\u00a0\u00a0\u00a0\u00a0\u00a0\u00a0\u00a0\u00a0\u00a0\u00a0\u00a0\u00a0\u00a0\u00a0\u00a0\u00a0\u00a0\u00a0\u00a0\u00a0\u00a0\u00a0<em>2 Tim 1, 8b\u201310<\/em><\/p>\n<p>Hivat\u00e1s \u00e9s \u00e1ldozat elv\u00e1laszthatatlan fogalmak. Isten nem kev\u00e9s lemond\u00e1st k\u00edv\u00e1n k\u00f6vet\u0151it\u0151l. A kereszts\u00e9gben meg kell halnunk a b\u0171nnek, hogy ez\u00e1ltal \u00faj \u00e9letet nyerj\u00fcnk J\u00e9zus Krisztusban. K\u00e9rj\u00fck Istent, hogy mi is meg tudjuk hozni ezt az \u00e1ldozatot.<\/p>\n<p><strong>EVANG\u00c9LIUM EL\u0150TTI VERS<\/strong>\u00a0\u00a0\u00a0\u00a0\u00a0\u00a0\u00a0\u00a0\u00a0\u00a0\u00a0 <em>\u00a0\u00a0\u00a0\u00a0\u00a0\u00a0\u00a0\u00a0\u00a0\u00a0\u00a0\u00a0\u00a0\u00a0\u00a0\u00a02 P\u00e9t, 1, 17<\/em><\/p>\n<p>A f\u00e9nyes felh\u0151b\u0151l az Atya sz\u00f3zata hallatszott:\u00a0 * \u201eEz az \u00e9n szeretett Fiam, \u0151t hallgass\u00e1tok!\u201d<\/p>\n<p><strong>EVANG\u00c9LIUM \u00a0<\/strong>\u00a0\u00a0\u00a0\u00a0\u00a0\u00a0\u00a0\u00a0\u00a0\u00a0\u00a0\u00a0\u00a0\u00a0\u00a0\u00a0\u00a0\u00a0\u00a0\u00a0\u00a0\u00a0\u00a0\u00a0\u00a0\u00a0\u00a0\u00a0\u00a0\u00a0\u00a0\u00a0\u00a0\u00a0\u00a0\u00a0\u00a0\u00a0\u00a0\u00a0\u00a0\u00a0\u00a0\u00a0\u00a0\u00a0\u00a0\u00a0\u00a0<em>Mt 17, 1\u20139<\/em><\/p>\n<p>Az apostolokat csod\u00e1lattal \u00e9s \u00f6r\u00f6mmel t\u00f6lt\u00f6tte el az \u00dar sz\u00ednev\u00e1ltoz\u00e1sa. Tudjuk, ha Isten kinyilatkoztatja mag\u00e1t az embereknek, k\u00fcldet\u00e9st is sz\u00e1n nekik. A h\u00e1rom kiv\u00e1lasztott apostol azt a feladatot kapta, hogy az \u00dar szenved\u00e9se \u00e9s megal\u00e1ztat\u00e1sa idej\u00e9n visszaeml\u00e9kezzenek \u00e9s tan\u00fas\u00e1got tegyenek az \u0151 dics\u0151s\u00e9g\u00e9r\u0151l.<\/p>\n<p><strong>AZ EUCHARISZTI\u00c1HOZ<\/strong><\/p>\n<p>Csod\u00e1latos v\u00e1ltoz\u00e1st eredm\u00e9nyezhet \u00e9let\u00fcnkben, ha hallgatunk J\u00e9zusra, az Atya Fi\u00e1ra, s ha egyes\u00fcl\u00fcnk vele \u00e1ldozat\u00e1ban.<\/p>\n<p>KERESZT\u00daT<\/p>\n<p>Nagyb\u00f6jtben, minden p\u00e9nteken templomainkban v\u00e9gig j\u00e1rjuk a 14 st\u00e1ci\u00f3t, eml\u00e9kezve J\u00e9zus szenved\u00e9s\u00e9re \u00e9s hal\u00e1l\u00e1ra. J\u00e9zus szenved\u00e9s\u00e9r\u0151l, b\u0171n\u00f6s\u00f6k, eml\u00e9kezz\u00fcnk&#8230; , szent kereszt\u00fatra menj\u00fcnk! A betegek, akik sz\u00e1m\u00e1ra lehetetlen, hogy templomban az \u00e1llom\u00e1sokat v\u00e9gigj\u00e1rva v\u00e9gezz\u00e9k, a kereszt\u00fat k\u00e9peit vagy egy keresztet maguk el\u0151tt tartva l\u00e9lekben menjenek \u00e1llom\u00e1sr\u00f3l \u00e1llom\u00e1sra.<\/p>\n<p>ELM\u00c9LKED\u00c9S<\/p>\n<p>F\u00c9NYEDDEL T\u00d6LTS BE<\/p>\n<p>Uram, te fent a f\u00e9nyl\u0151 magass\u00e1gban<\/p>\n<p>\u00e9lsz \u00e9s uralkodol, \u00e9s szeretettel,<\/p>\n<p>f\u00e9nyt \u00e1rasztva gondot viselsz a f\u00f6ldre.<\/p>\n<p>Ahogy a napf\u00e9ny s\u00f6t\u00e9t \u00e9jszaka ut\u00e1n<\/p>\n<p>beragyogja a f\u00f6ldet,<\/p>\n<p>\u00fagy t\u00f6lts be engem is f\u00e9nyeddel, sugaraddal<\/p>\n<p>\u00f6r\u00f6mben, szenved\u00e9sben egyar\u00e1nt.<\/p>\n<p>\u00c9rezze sz\u00edvem az \u00f6r\u00f6kk\u00e9val\u00f3s\u00e1g<\/p>\n<p>sz\u00e9ps\u00e9geit, a mennynek f\u00e9nyeit,<\/p>\n<p>hogy legkisebb feladatomat<\/p>\n<p>s legnehezebb munk\u00e1mat is<\/p>\n<p>vil\u00e1goss\u00e1g hassa \u00e1t,<\/p>\n<p>s az \u00e9letem tiszta \u00e9s \u00e1tl\u00e1tsz\u00f3 legyen.<\/p>\n<p><em>Margitta von Quast<\/em><\/p>\n<p><strong>URUNK SZ\u00cdNEV\u00c1LTOZ\u00c1SA <\/strong><\/p>\n<p>megmutatja a szenved\u00e9s kereszt\u00e9ny t\u00e1vlatait, ami nem egyfajta \u201eszadomazochizmus\u201d, hanem sz\u00fcks\u00e9ges \u00e1tmeneti szakasz az \u00f6r\u00f6k \u00e9let fel\u00e9 vezet\u0151 \u00faton. Vegy\u00fck v\u00e1llunkra kereszt\u00fcnket, annak a bizonyoss\u00e1gnak a tudat\u00e1ban, hogy a neh\u00e9zs\u00e9gek megold\u00e1sa a H\u00fasv\u00e9tban van.\u00a0\u00a0\u00a0\u00a0\u00a0\u00a0\u00a0\u00a0\u00a0\u00a0\u00a0\u00a0\u00a0\u00a0\u00a0\u00a0\u00a0\u00a0\u00a0\u00a0\u00a0\u00a0\u00a0\u00a0\u00a0\u00a0\u00a0\u00a0 <em>Ferenc p\u00e1pa<\/em><\/p>\n<p>B\u00d6JTI FEGYELEM<\/p>\n<p>\u25a0 B\u00f6jt \u00e9s h\u00fast\u00f3l val\u00f3 megtart\u00f3ztat\u00e1s van Hamvaz\u00f3szerd\u00e1n \u00e9s Nagyp\u00e9nteken. E napokon a bet\u00f6lt\u00f6tt 18 \u00e9ves kort\u00f3l a megkezdett 60 \u00e9ves korig naponta csak h\u00e1romszor szabad \u00e9tkezni, \u00e9s egyszer szabad j\u00f3llakni, h\u00faseledelt pedig a bet\u00f6lt\u00f6tt 14 \u00e9ves kort\u00f3l nem szabad enni.<\/p>\n<p>\u25a0 K\u00f6telez\u0151 h\u00fast\u00f3l val\u00f3 megtart\u00f3ztat\u00e1s van Nagyb\u00f6jt p\u00e9ntekjein a bet\u00f6lt\u00f6tt 14 \u00e9ves kort\u00f3l.<\/p>\n<p>\u25a0 Az \u00e9v t\u00f6bbi p\u00e9ntekje egyszer\u0171 b\u0171nb\u00e1nati nap, amikor els\u0151sorban h\u00fast\u00f3l val\u00f3 megtart\u00f3ztat\u00e1ssal vagy helyette t\u00f6bb im\u00e1ds\u00e1ggal, \u00f6nmegtagad\u00e1ssal, \u00e9s egy\u00e9b j\u00f3cselekedetekkel tehet\u00fcnk eleget a b\u0171nb\u00e1nati fegyelem el\u0151\u00edr\u00e1s\u00e1nak.<\/p>\n<p>\u25a0 A templom b\u00facs\u00fanapj\u00e1ra \u00e9s az egyh\u00e1zk\u00f6zs\u00e9g fogadott \u00fcnnep\u00e9re, ha ez p\u00e9ntekre esik, felment\u00e9s kaphat\u00f3 a b\u0171nb\u00e1nati fegyelem megtart\u00e1sa al\u00f3l.<\/p>\n<p>NAGYB\u00d6JT \u00dcZENETE K\u00dcL\u00d6NB\u00d6Z\u0150 SZAKASZOKRA OSZTHAT\u00d3<\/p>\n<p>Els\u0151 szakaszban a b\u00f6jt\u00f6l\u0151, megk\u00eds\u00e9rtett Krisztussal tal\u00e1lkozunk. \u00c9nekeink ilyenkor az elesett, b\u0171nbeesett ember ki\u00e1lt\u00e1sair\u00f3l sz\u00f3lnak \u00e9s az arra adott v\u00e1laszr\u00f3l.<\/p>\n<p>A szentmise k\u00f6ny\u00f6rg\u00e9sei a nagyb\u00f6jti \u00e9letgyakorlatokra \u00e9s annak gy\u00fcm\u00f6lcseire figyelmeztetnek.<\/p>\n<p>A m\u00e1sodik szakasz a szenved\u0151 Krisztust \u00e1ll\u00edtja el\u00e9nk, \u00e9s a liturgia arra h\u00edv minket, hogy J\u00e9zushoz hasonl\u00f3an v\u00e1llaljuk a sorsk\u00f6z\u00f6ss\u00e9get, szenvedj\u00fcnk mi is VELE, hogy egy\u00fctt is \u00f6r\u00fclhess\u00fcnk vele a h\u00fasv\u00e9t \u00f6r\u00f6m\u00e9ben.<\/p>\n<p>A nagyh\u00e9t pedig maga a lelkigyakorlat, amelyen a szimb\u00f3lumok vil\u00e1g\u00e1n kereszt\u00fcl j\u00e1rjuk v\u00e9gig Krisztus miszt\u00e9rium\u00e1t.<\/p>\n<p>&nbsp;<\/p>\n<ol start=\"2020\">\n<li>m\u00e1rcius 15.<\/li>\n<\/ol>\n<h2>NAGYB\u00d6JT 3. VAS\u00c1RNAPJA<\/h2>\n<p>Szemem mindig az \u00darra tekint,<\/p>\n<p>hiszen \u0151 vonja ki l\u00e1bam a csapd\u00e1b\u00f3l.<\/p>\n<p>Tekints r\u00e1m \u00e9s irgalmazz:<\/p>\n<p>elhagyatott vagyok \u00e9s nyomorult.\u00a0\u00a0\u00a0\u00a0\u00a0\u00a0\u00a0\u00a0\u00a0\u00a0\u00a0\u00a0\u00a0 Zsolt 24, 15\u201316<\/p>\n<p>Az \u00e9hez\u0151 ember keny\u00e9rre, a szomjaz\u00f3 tiszta v\u00edzre v\u00e1gyik. Sajnos, manaps\u00e1g kev\u00e9s becs\u00fclete van a keny\u00e9rnek, mert eldobj\u00e1k \u00e9s szem\u00e9tre ker\u00fcl. Vizeink nagy r\u00e9sze fert\u0151z\u00f6tt, ihatatlan. Ugyan\u00edgy \u201ele\u00e9rt\u00e9kel\u0151d\u00f6tt\u201d az emberek szem\u00e9ben az \u00f6r\u00f6k \u00e9let kenyere \u00e9s itala. Ideje lenne, hogy ism\u00e9t megbecs\u00fclj\u00fck test\u00fcnk \u00e9s lelk\u00fcnk igazi t\u00e1pl\u00e1l\u00e9k\u00e1t.<\/p>\n<p><strong>OLVASM\u00c1NY <\/strong>\u00a0\u00a0\u00a0\u00a0\u00a0\u00a0\u00a0\u00a0\u00a0\u00a0\u00a0\u00a0\u00a0\u00a0\u00a0\u00a0\u00a0\u00a0\u00a0\u00a0\u00a0\u00a0\u00a0\u00a0\u00a0\u00a0\u00a0\u00a0\u00a0\u00a0\u00a0\u00a0\u00a0\u00a0\u00a0\u00a0\u00a0\u00a0\u00a0\u00a0\u00a0\u00a0\u00a0\u00a0\u00a0\u00a0\u00a0\u00a0\u00a0\u00a0<em>Kiv 17, 3\u20137<\/em><\/p>\n<p>Isten, a mi szeret\u0151 Aty\u00e1nk mindent megad nek\u00fcnk. M\u00e9gis l\u00e1zadunk ellene. Az Egyh\u00e1zt\u00f3l is ink\u00e1bb szoci\u00e1lis tev\u00e9kenys\u00e9get v\u00e1runk, mint Urunk \u00fczenet\u00e9t. Pr\u00f3b\u00e1ra tessz\u00fck az Urat \u00e9s folyton kritiz\u00e1ljuk az Egyh\u00e1zat. \u00c1ldott az \u00dar, aki nem \u00edt\u00e9li el l\u00e1zad\u00f3 n\u00e9p\u00e9t, hanem seg\u00edts\u00e9g\u00e9re van.<\/p>\n<p><strong>V\u00c1LASZOS ZSOLT\u00c1R<\/strong>\u00a0\u00a0\u00a0\u00a0\u00a0\u00a0\u00a0\u00a0\u00a0\u00a0\u00a0\u00a0\u00a0 <em>\u00a0\u00a0\u00a0\u00a0\u00a0\u00a0\u00a0\u00a0\u00a0\u00a0\u00a0\u00a0\u00a0\u00a0\u00a0\u00a094, 1\u20132. 6\u20137. 8\u20139<\/em><\/p>\n<p><strong>V\u00e1lasz: B\u00e1r hallgatn\u00e1tok ma Isten sz<u>a<\/u>v\u00e1ra, * <\/strong><strong>N\u00e9pem, ne l\u00e9gy kem<u>\u00e9<\/u>ny sz\u00edv\u0171. <\/strong><\/p>\n<p><strong>SZENTLECKE<\/strong>\u00a0\u00a0 \u00a0\u00a0\u00a0\u00a0\u00a0\u00a0\u00a0\u00a0\u00a0\u00a0\u00a0\u00a0\u00a0\u00a0\u00a0\u00a0\u00a0\u00a0\u00a0\u00a0\u00a0\u00a0\u00a0\u00a0\u00a0\u00a0\u00a0\u00a0\u00a0\u00a0\u00a0\u00a0\u00a0\u00a0\u00a0\u00a0\u00a0\u00a0\u00a0<em>\u00a0R\u00f3m 5, 1\u20132. 5\u20138<\/em><\/p>\n<p>Az Istennel szemben\u00e1ll\u00f3 ember nem \u00e9rdemelt m\u00e1st, mint megvet\u00e9st \u00e9s k\u00e1rhozatot. A v\u00e9gtelen\u00fcl irgalmas Isten azonban lehajolt hozz\u00e1, egysz\u00fcl\u00f6tt Fia \u00e1ltal megv\u00e1ltotta \u00e9s az \u00fcdv\u00f6ss\u00e9gre vezette.<\/p>\n<p><strong>EVANG\u00c9LIUM EL\u0150TTI VERS<\/strong>\u00a0\u00a0\u00a0\u00a0\u00a0\u00a0\u00a0\u00a0\u00a0 <em>\u00a0\u00a0\u00a0\u00a0\u00a0\u00a0\u00a0\u00a0\u00a0\u00a0\u00a0\u00a0\u00a0\u00a0Jn 4, 42 \u00e9s 15<\/em><\/p>\n<p>Val\u00f3ban te vagy a vil\u00e1g Megv\u00e1lt\u00f3ja, Uram.\u00a0 * Adj innom az \u00e9l\u0151 v\u00edzb\u0151l, hogy ne szomjazzam soha t\u00f6bb\u00e9!<\/p>\n<p><strong>EVANG\u00c9LIUM<\/strong> \u00a0\u00a0\u00a0\u00a0\u00a0\u00a0\u00a0\u00a0\u00a0\u00a0\u00a0\u00a0\u00a0\u00a0\u00a0\u00a0\u00a0\u00a0\u00a0\u00a0\u00a0\u00a0\u00a0\u00a0\u00a0\u00a0\u00a0\u00a0\u00a0\u00a0\u00a0\u00a0\u00a0\u00a0\u00a0\u00a0\u00a0\u00a0\u00a0\u00a0\u00a0\u00a0\u00a0\u00a0\u00a0\u00a0\u00a0\u00a0\u00a0\u00a0<em>Jn 4, 5\u201342<\/em><\/p>\n<p>J\u00e9zus f\u00e1radtan le\u00fclt J\u00e1kob k\u00fatj\u00e1n\u00e1l, \u00e9s besz\u00e9dbe elegyedett a szamariai asszonnyal. Felh\u00edvta figyelm\u00e9t arra, hogy \u0151 olyan vizet tud adni, amely az \u00f6r\u00f6k \u00e9letre sz\u00f6kell\u0151 v\u00edzforr\u00e1s lesz benn\u00fcnk. Aki ebb\u0151l a v\u00edzb\u0151l r\u00e9szes\u00fcl, nem szomjazik meg soha t\u00f6bb\u00e9 \u00e9s \u00f6r\u00f6k \u00fcdv\u00f6ss\u00e9get tal\u00e1l.<\/p>\n<p><strong>AZ EUCHARISZTI\u00c1HOZ<\/strong><\/p>\n<p>\u00c9n vagyok a Messi\u00e1s, aki veled besz\u00e9lek, mondta J\u00e9zus a szamariai asszonynak. \u00c9n vagyok a Messi\u00e1s, aki sz\u00f3ltam hozz\u00e1tok a Szent\u00edr\u00e1sban, \u00e9n vagyok, aki most \u00e1ldozatul adom \u00e9letemet az Aty\u00e1nak, \u00e9rettetek.<\/p>\n<p><strong>ELM\u00c9LKED\u00c9S<\/strong><\/p>\n<p>AZ ISTEN UT\u00c1NI SZOMJ<\/p>\n<p>Uram, Istenem, \u00e9breszd fel bennem az ut\u00e1nad val\u00f3 v\u00e1gyakoz\u00e1st! Ismersz engem, \u00e9s \u00e9n is ismerlek t\u00e9ged. Seg\u00edts engem, hogy keresselek \u00e9s megtal\u00e1ljalak. \u201eIstenre szomjazik a lelkem, az \u00e9l\u0151 Isten ut\u00e1n v\u00e1gyakozom, mikor lehet Isten arc\u00e1t l\u00e1tnom?\u201d (Zsolt 41, 2) Ismerj\u00fck a fizikai szomj\u00fas\u00e1got, amikor hi\u00e1nyzik az iv\u00f3v\u00edz; ismerj\u00fck az \u00e9let \u00e9s a boldogs\u00e1g ut\u00e1ni szenved\u00e9lyes v\u00e1gyat. De ismeri-e lelk\u00fcnk az Isten ut\u00e1ni szomj\u00fas\u00e1got?<\/p>\n<p><em>Dietrich Bonhoeffer<\/em><\/p>\n<p>SZENT J\u00d3ZSEF \u00dcNNEPE<\/p>\n<p><strong>M\u00e1rcius 19.<\/strong><\/p>\n<p>Szent P\u00e9ter apostol \u00edrja a h\u00e1zast\u00e1rsak k\u00f6teles\u00e9geir\u0151l: \u201eAz Isten szem\u00e9ben az ember rejtett \u00e9nje az \u00e9rt\u00e9kes, a sz\u00edv a maga b\u00e9k\u00e9s szel\u00edds\u00e9g\u00e9ben \u00e9s zavartalan nyugalm\u00e1ban\u201d (1 P\u00e9t 3, 4). Szent J\u00f3zsef, J\u00e9zus nevel\u0151atyja ilyen ember volt. Csendes, szorgalmas munk\u00e1s volt. Kereste M\u00e1ria titk\u00e1nak magyar\u00e1zat\u00e1t, de b\u00f6lcs emberk\u00e9nt belenyugodott Isten akarat\u00e1ba. V\u00e9dte M\u00e1ri\u00e1t, \u00e9s nevelte J\u00e9zust. Tisztelete \u00e9s \u00fcnnepe Nyugaton a 14-15 sz\u00e1zadban terjedt el. 1621-t\u0151l szerepel a nyugati Egyh\u00e1z napt\u00e1r\u00e1ban. IX Piusz p\u00e1pa az Egyh\u00e1z v\u00e9d\u0151szentj\u00e9v\u00e9 nyilv\u00e1n\u00edtotta, XXIII. J\u00e1nos p\u00e1pa pedig bevette nev\u00e9t az I. Eucharisztikus im\u00e1ba.<\/p>\n<p>Szent J\u00f3zsef p\u00e9ld\u00e1ja munk\u00e1ra, al\u00e1zatoss\u00e1gra, tisztas\u00e1gra b\u00edztat. K\u00e9rj\u00fck \u0151t, hogy amint gondvisel\u0151je volt a gyermek J\u00e9zusnak, \u00fagy legyen oltalmaz\u00f3ja az \u0151 Egyh\u00e1z\u00e1nak is. A m\u00e1sik k\u00e9r\u00e9s\u00fcnk pedig az legyen, hogy Szent J\u00f3zsef boldog hal\u00e1l\u00e1hoz hasonl\u00f3an J\u00e9zus \u00e9s M\u00e1ria \u00e1lljon mellett\u00fcnk is hal\u00e1lunk \u00f3r\u00e1j\u00e1n.<\/p>\n<p>EGY GONDOLAT<\/p>\n<p>1947-ben Alg\u00e9ri\u00e1ban a nagy francia reg\u00e9ny\u00edr\u00f3, <em>Georges Bernanos<\/em> \u201eBar\u00e1taink a szentek\u201d c\u00edmmel el\u0151ad\u00e1st tartott Charles de Foucauld kis n\u0151v\u00e9reinek. T\u00f6bbek k\u00f6z\u00f6tt ezt mondta: \u201eA szentek a szeretet g\u00e9niuszai. \u00d3, j\u00f3l \u00e9rts\u00e9k meg, itt nem arr\u00f3l a zsenialit\u00e1sr\u00f3l van sz\u00f3, amelyet p\u00e9ld\u00e1ul a m\u0171v\u00e9szekn\u00e9l tal\u00e1lunk; ez ut\u00f3bbi csak kevesek kiv\u00e1lts\u00e1ga! Pontosabban azt kellene mondanunk, hogy a szent az az ember, aki k\u00e9pes megtal\u00e1lni \u00f6nmag\u00e1ban, k\u00e9pes felfakasztani l\u00e9nye m\u00e9ly\u00e9r\u0151l azt a v\u00edzforr\u00e1st, amelyr\u0151l Krisztus besz\u00e9lt a szamariai asszonynak. \u2019Azok, akik ebb\u0151l a v\u00edzb\u0151l isznak, nem szomjaznak t\u00f6bb\u00e9\u2026\u2019 Ez a v\u00edz itt tal\u00e1lhat\u00f3 mindannyiunkban, a m\u00e9ly forr\u00e1s nyitott a szabad \u00e9g alatt.\u201d A felsz\u00edni korhad\u00f3 levelek, a roml\u00e1s r\u00e9tege alatt a m\u00e9lyben a forr\u00e1sv\u00edz krist\u00e1lytiszta: \u201eitt ragyog az isteni f\u00e9ny, amelyben az eg\u00e9sz teremt\u00e9s f\u00fcrdik. \u2019\u0150benne \u00e9let volt, \u00e9s az \u00e9let volt az emberek vil\u00e1goss\u00e1ga\u2019.\u201d (Mt 7, 21\u201327)<\/p>\n<p>M\u00c1RCIUS IDUSA<\/p>\n<p>Az 1848\u201349-es forradalom \u00e9s szabads\u00e1gharc Magyarorsz\u00e1g \u00fajkori t\u00f6rt\u00e9net\u00e9nek egyik meghat\u00e1roz\u00f3 esem\u00e9nye, a nemzeti identit\u00e1s egyik alapk\u00f6ve. A szentmis\u00e9k v\u00e9g\u00e9n a Magyar Himnusz \u00e9nekl\u00e9s\u00e9vel eml\u00e9kezz\u00fcnk erre az \u00e9vfordul\u00f3ra. Im\u00e1dkozzunk haz\u00e1nk\u00e9rt \u00e9s n\u00e9p\u00fcnk\u00e9rt!<\/p>\n<p><strong>AMIKOR AZ EMBER TELJES L\u00c9TEZ\u00c9S\u00c9VEL BELEVEGY\u00dcL ISTEN SZERETET\u00c9BE, <\/strong><strong>AKKOR LELK\u00c9NEK RAGYOG\u00c1SA T\u00dcKR\u00d6Z\u0150DIK <\/strong><strong>K\u00dcLS\u0150 MEGJELEN\u00c9S\u00c9N IS.<\/strong><\/p>\n<p><strong><em>L\u00e9pcs\u0151s (Klimakosz) Szent J\u00e1nos<\/em><\/strong><em>\u00a0<\/em><\/p>\n<p>&nbsp;<\/p>\n<ol start=\"2020\">\n<li>m\u00e1rcius 22.<\/li>\n<\/ol>\n<h2>NAGYB\u00d6JT 4. VAS\u00c1RNAPJA<\/h2>\n<p>\u00d6rvendezz, Isten n\u00e9pe! Gy\u0171ljetek \u00f6ssze mind, akiknek kedves az \u00dar \u00fcgye. Sz\u00edvb\u0151l \u00f6r\u00fcljetek, akik azel\u0151tt szomorkodtatok. Vigasztal\u00f3djatok meg, mint a gyermek megnyugszik anyja kebl\u00e9n.\u00a0\u00a0\u00a0\u00a0\u00a0\u00a0\u00a0\u00a0\u00a0\u00a0\u00a0\u00a0\u00a0 V\u00f6. Iz 66, 10\u201311<\/p>\n<p>A mai vas\u00e1rnap alapgondolata az \u00f6rvendez\u00e9s, amely val\u00f3j\u00e1ban el\u0151v\u00e9telez\u00e9se a h\u00fasv\u00e9ti \u00f6r\u00f6mnek. Igaz\u00e1n \u00f6rvendezni csak a tiszta sz\u00edv\u0171 ember tud. Ez\u00e9rt s\u00fcrgeti az Egyh\u00e1z a b\u0171nb\u00e1natot, a megt\u00e9r\u00e9st, a lelki megtisztul\u00e1st. K\u00e9rj\u00fck Istent: teremtsen benn\u00fcnk is tiszta sz\u00edvet, hogy igaz\u00e1n felk\u00e9sz\u00fclhess\u00fcnk a H\u00fasv\u00e9t \u00fcnnep\u00e9re.<\/p>\n<p><strong>OLVASM\u00c1NY<\/strong>\u00a0\u00a0\u00a0 \u00a0\u00a0\u00a0\u00a0\u00a0\u00a0\u00a0\u00a0\u00a0\u00a0\u00a0\u00a0\u00a0\u00a0\u00a0\u00a0\u00a0\u00a0\u00a0\u00a0\u00a0\u00a0\u00a0\u00a0\u00a0\u00a0<em>1 S\u00e1m 16, 1b\u20137. 10\u201313a<\/em><\/p>\n<p>Az emberek sokat adnak k\u00fcls\u0151 megjelen\u00e9s\u00fckre, b\u00fcszk\u00e9k sz\u00e9ps\u00e9g\u00fckre. A kev\u00e9sb\u00e9 el\u0151ny\u00f6s k\u00fclsej\u0171 emberekben pedig nemegyszer kisebbrend\u0171s\u00e9gi \u00e9rz\u00e9s alakul ki. Isten azonban nem a k\u00fcls\u0151t n\u00e9zi, hanem a sz\u00edvet. Ez t\u00f6rt\u00e9nt D\u00e1vid kiv\u00e1laszt\u00e1sakor is.<\/p>\n<p><strong>V\u00c1LASZOS ZSOLT\u00c1R<\/strong>\u00a0\u00a0\u00a0\u00a0 \u00a0\u00a0\u00a0\u00a0\u00a0\u00a0\u00a0\u00a0\u00a0\u00a0\u00a0\u00a0\u00a0\u00a0\u00a0\u00a0\u00a0\u00a0\u00a0\u00a0\u00a0\u00a0\u00a0<em>22, 1\u20133a. 3b\u20134. 5\u20136<\/em><\/p>\n<p><strong>V\u00e1lasz: Az <u>\u00da<\/u>r\u00a0 n\u00e9kem p\u00e1sztorom, * <\/strong><strong>\u00edns\u00e9g<u>e<\/u>t nem kell l\u00e1tnom.<\/strong><\/p>\n<p><strong>SZENTLECKE<\/strong>\u00a0\u00a0 \u00a0\u00a0\u00a0\u00a0\u00a0\u00a0\u00a0\u00a0\u00a0\u00a0\u00a0\u00a0\u00a0\u00a0\u00a0\u00a0\u00a0\u00a0\u00a0\u00a0\u00a0\u00a0\u00a0\u00a0\u00a0\u00a0\u00a0\u00a0\u00a0\u00a0\u00a0\u00a0\u00a0\u00a0\u00a0\u00a0\u00a0\u00a0\u00a0\u00a0\u00a0\u00a0\u00a0\u00a0\u00a0\u00a0\u00a0\u00a0\u00a0\u00a0<em>Ef <\/em><em>5<\/em><em>, 8<\/em><em>\u201314<\/em><\/p>\n<p>Amint dereng a hajnal, amint kibontakozik a s\u00f6t\u00e9ts\u00e9gb\u0151l a vil\u00e1goss\u00e1g, a kereszt\u00e9ny embernek ugyan\u00edgy kell t\u00f6rekednie, hogy megvil\u00e1gosodj\u00e9k a lelke \u00e9s felkeljen \u00e9let\u00e9nek Napja, Krisztus.<\/p>\n<p><strong>EVANG\u00c9LIUM EL\u0150TTI VERS<\/strong>\u00a0\u00a0\u00a0\u00a0\u00a0\u00a0\u00a0\u00a0\u00a0\u00a0\u00a0\u00a0\u00a0\u00a0\u00a0\u00a0 \u00a0\u00a0\u00a0\u00a0\u00a0\u00a0\u00a0\u00a0\u00a0\u00a0\u00a0\u00a0\u00a0\u00a0\u00a0\u00a0\u00a0\u00a0\u00a0\u00a0<em>Jn 8, 12<\/em><\/p>\n<p>\u201e\u00c9n a vil\u00e1g vil\u00e1goss\u00e1ga vagyok\u201d, mondja a mi Urunk,\u00a0 * \u201eAki engem k\u00f6vet, \u00f6v\u00e9 lesz az \u00e9let vil\u00e1goss\u00e1ga.\u201d<\/p>\n<p><strong>EVANG\u00c9LIUM \u00a0<\/strong>\u00a0\u00a0\u00a0\u00a0\u00a0\u00a0\u00a0\u00a0\u00a0\u00a0\u00a0\u00a0\u00a0\u00a0\u00a0\u00a0\u00a0\u00a0\u00a0\u00a0\u00a0\u00a0\u00a0\u00a0\u00a0\u00a0\u00a0\u00a0\u00a0\u00a0\u00a0\u00a0\u00a0\u00a0\u00a0\u00a0\u00a0\u00a0\u00a0\u00a0\u00a0\u00a0\u00a0\u00a0\u00a0\u00a0\u00a0\u00a0\u00a0<em>Jn 9, 1\u201341<\/em><\/p>\n<p>A vak \u00f6rvendezett, mert meggy\u00f3gy\u00edtotta J\u00e9zus. A farizeusok a szombati gy\u00f3gy\u00edt\u00e1s miatt m\u00e9g jobban haragudtak J\u00e9zusra. A vak megvallotta hit\u00e9t. A farizeusok megtagadt\u00e1k a hitet. J\u00e9zus az igaz vil\u00e1goss\u00e1g, aki felnyitja szem\u00fcnket \u00e9s a kegyelem f\u00e9ny\u00e9t \u00e1rasztja lelk\u00fcnkbe.<\/p>\n<p><strong>AZ EUCHARISZTI\u00c1HOZ<\/strong><\/p>\n<p>Az ember nem \u00e9lhet \u00e9tel \u00e9s ital n\u00e9lk\u00fcl. Ugyan\u00edgy term\u00e9szetfeletti \u00e9let\u00fcnknek is sz\u00fcks\u00e9ge van t\u00e1pl\u00e1l\u00e9kra. Krisztus gondoskodik err\u0151l, amikor a keny\u00e9r \u00e9s a bor sz\u00edne alatt test\u00e9t \u00e9s v\u00e9r\u00e9t hagyta nek\u00fcnk t\u00e1pl\u00e1l\u00e9kul.<\/p>\n<p><strong>ELM\u00c9LKED\u00c9S<\/strong><\/p>\n<p>Nincs olyan kicsiny \u00e9s semmit \u00e9r\u0151 teremtm\u00e9ny, amely Isten j\u00f3s\u00e1g\u00e1t ne t\u00fckr\u00f6zn\u00e9. Ha sz\u00edvedben j\u00f3 \u00e9s tiszta voln\u00e1l, minden akad\u00e1ly n\u00e9lk\u00fcl l\u00e1tn\u00e1l \u00e9s helyesen f\u00f6lfogn\u00e1l. Ha van \u00f6r\u00f6m a f\u00f6ld\u00f6n, az a tiszta sz\u00edv\u0171 ember\u00e9. S ha valahol van k\u00e1ty\u00fa, zaklattat\u00e1s, azt legjobban a rossz lelkiismeret\u0171 ember ismeri.\u00a0\u00a0\u00a0\u00a0\u00a0\u00a0\u00a0\u00a0\u00a0\u00a0\u00a0\u00a0\u00a0\u00a0\u00a0\u00a0\u00a0\u00a0\u00a0\u00a0\u00a0\u00a0\u00a0 <em>Kempis Tam\u00e1s<\/em><\/p>\n<p><em>\u00a0<\/em><\/p>\n<p>LAETARE! \u2013 VIGADOZZ\u00c1L!<\/p>\n<p>Nagyb\u00f6jt 4. vas\u00e1rnapj\u00e1n \u00f6r\u00f6mtelibben sz\u00f3lhat az orgona, s\u0151t feld\u00edsz\u00edthetj\u00fck az olt\u00e1rt, \u00e9s a viola sz\u00ednt szabad r\u00f3zsasz\u00ednre enyh\u00edteni. Az Egyh\u00e1zhoz, \u201ea mennyei Jeruzs\u00e1lemhez\u201d val\u00f3 tartoz\u00e1sunk f\u00f6l\u00f6tt \u00e9rzett vigass\u00e1g vas\u00e1rnapja. A keresztel\u00e9sre k\u00e9sz\u00fcl\u0151k ujjong\u00e1s\u00e1val kell f\u00f6lismern\u00fcnk azt a kegyelmet, hogy az Egyh\u00e1zhoz tartozhatunk, hogy anyai gondoskod\u00e1s\u00e1t \u00e9lvezhetj\u00fck, hogy \u0151 t\u00e1pl\u00e1l minket ig\u00e9j\u00e9nek, szents\u00e9geinek tej\u00e9vel, t\u00e1pl\u00e1l minket szok\u00e1saival, szertart\u00e1saival, s\u0151t a b\u00f6jttel \u00e9s \u00f6nmegtagad\u00e1ssal is. Nem vagyunk elhagyatott gyermekek, nem vagyunk hontalanok: e szent v\u00e1rosban lakva r\u00e9szes\u00fcl\u00fcnk a h\u00fasv\u00e9ti titokban. Ezzel a gyermeki szeretettel \u00e9s vigass\u00e1ggal l\u00e9p\u00fcnk be ma a templomba \u2013 amely az Egyh\u00e1z l\u00e1that\u00f3 k\u00e9pe \u2013 \u00e9s a szent liturgi\u00e1ba. R\u00f3m\u00e1ban e napon vitt\u00e9k az els\u0151 r\u00f3zs\u00e1kat a templomba: mi is \u00f6r\u00fclhet\u00fcnk a tavasznak, a term\u00e9szet felt\u00e1mad\u00e1s\u00e1nak, hiszen az Krisztus \u00e9s a l\u00e9lek felt\u00e1mad\u00e1s\u00e1nak k\u00e9pe. Testv\u00e9rek, \u00f6rvendezz\u00fcnk az \u00darban!<\/p>\n<p>URUNK SZ\u00dcLET\u00c9S\u00c9NEK H\u00cdR\u00dcLAD\u00c1SA<\/p>\n<p><strong>Gy\u00fcm\u00f6lcsolt\u00f3 Boldogasszony \u2013 M\u00e1rcius 25.<\/strong><\/p>\n<p>Urunk sz\u00fclet\u00e9se h\u00edr\u00fclad\u00e1s\u00e1nak \u00fcnnep\u00e9t\u00a0 692-ben eml\u00edtik el\u0151sz\u00f6r, amikor a III. konstantin\u00e1polyi zsinat helyesnek \u00edt\u00e9lte a nagyb\u00f6jtben t\u00f6rt\u00e9n\u0151 \u00fcnnepl\u00e9s\u00e9t. E jeles nap ihlette az \u00dcdv\u00f6zl\u00e9gy- \u00e9s az \u00darangyala-im\u00e1ds\u00e1gokat. E napon \u00fcnnepli az Egyh\u00e1z a megv\u00e1lt\u00e1s hajnal\u00e1t, Krisztus megtestes\u00fcl\u00e9s\u00e9t. Amit a Szepl\u0151telen Fogantat\u00e1s el\u0151k\u00e9sz\u00edtett, az ma val\u00f3ra v\u00e1lik: a Szentl\u00e9lek mindenhat\u00f3, teremt\u0151 erej\u00e9b\u0151l al\u00e1sz\u00e1ll az \u00f6r\u00f6k Ige, mint a term\u00e9szetfeletti \u00e9let cs\u00edr\u00e1ja. A Sz\u0171zb\u0151l anya lesz, an\u00e9lk\u00fcl, hogy megsz\u00fcnn\u00e9k sz\u0171z maradni. Ezt az \u00fcnnepet oly m\u00e9ly titok hatja \u00e1t, amely el\u0151tt h\u00f3dolattal \u00e9s im\u00e1dattal hajtunk t\u00e9rdet. Amikor a liturgia err\u0151l megeml\u00e9kezik (az \u00darangyal\u00e1ban, a Hiszekegyben) m\u00e9lyen meghajlunk. A mai \u00fcnnep id\u0151pontj\u00e1t a Kar\u00e1csony napja hat\u00e1rozza meg. A legr\u00e9gibb \u00fcnnepek egyike. A g\u00f6r\u00f6g liturgia \u00edgy dics\u0151\u00edti az \u00fcnnepet: \u201eMa van a mi \u00fcdv\u00f6ss\u00e9g\u00fcnk kezdete \u00e9s az \u00f6r\u00f6k titoknak megnyilatkoz\u00e1sa. Az Isten Fia a Sz\u0171z fi\u00e1v\u00e1 l\u0151n, \u00e9s G\u00e1bor arkangyal isteni kegyelmet hirdet. Az\u00e9rt mi is vele egy\u00fctt az Istensz\u00fcl\u0151nek ki\u00e1ltsuk: \u00dcdv\u00f6z l\u00e9gy, malaszttal teljes, az \u00dar van teveled!\u201d<\/p>\n<p><strong>AZ ISTENI IRGALMASS\u00c1G R\u00d3ZSAF\u00dcZ\u00c9RE<\/strong><\/p>\n<p><strong>BEVEZET\u00c9S:<\/strong> Miaty\u00e1nk, \u00dcdv\u00f6zl\u00e9gy, Hiszekegy<\/p>\n<p><strong>NAGY SZEMEKRE:<\/strong> \u00d6r\u00f6k Atya! Felaj\u00e1nlom neked szeretett Fiadnak, ami Urunk, J\u00e9zus Krisztusnak test\u00e9t \u00e9s v\u00e9r\u00e9t, lelk\u00e9t \u00e9s istens\u00e9g\u00e9t engesztel\u00e9s\u00fcl b\u0171neink\u00e9rt \u00e9s az eg\u00e9sz vil\u00e1g b\u0171nei\u00e9rt. <strong>KIS SZEMEKRE:<\/strong> J\u00e9zus f\u00e1jdalmas szenved\u00e9s\u00e9\u00e9rt irgalmazz nek\u00fcnk \u00e9s az eg\u00e9sz vil\u00e1gnak!<\/p>\n<p><strong>BEFEJEZ\u00c9SRE<\/strong>, <em>az \u00f6t tized ut\u00e1n (h\u00e1romszor):<\/em> Szent Isten, szent er\u0151s Isten, szent halhatatlan Isten, irgalmazz nek\u00fcnk \u00e9s az eg\u00e9sz vil\u00e1gnak!<\/p>\n<p>&nbsp;<\/p>\n<ol start=\"2020\">\n<li>m\u00e1rcius 29.<\/li>\n<\/ol>\n<h2>NAGYB\u00d6JT 5. VAS\u00c1RNAPJA<\/h2>\n<p>Szolg\u00e1latass nekem igazs\u00e1got, Istenem, az istentelen n\u00e9ppel szemben v\u00e9dd \u00fcgyemet, ments meg a gonosz \u00e9s \u00e1lnok emberekt\u0151l, mert te vagy az \u00e9n megment\u0151 Istenem.\u00a0\u00a0\u00a0\u00a0\u00a0\u00a0\u00a0\u00a0\u00a0\u00a0\u00a0\u00a0\u00a0 Zsolt 42, 1\u20132<\/p>\n<p><em>Feketevas\u00e1rnap<\/em><\/p>\n<p>Nagyb\u00f6jt 5. vas\u00e1rnapj\u00e1nak n\u00e9pi neve. A liturgi\u00e1ban egyre er\u0151sebben rajzol\u00f3dik ki a Szenved\u0151 Krisztus k\u00e9pe, megjelenik a F\u00e1jdalmak F\u00e9rfia. Testv\u00e9rek, vegy\u00fcnk r\u00e9szt f\u00e1jdalm\u00e1ban, de l\u00e1ssuk meg benne a Gy\u0151z\u0151t is. N\u00e9zz\u00fck benne a Kir\u00e1lyt, aki szenved\u00e9se \u00e1ltal a kereszt tr\u00f3nj\u00e1r\u00f3l uralkodik. Gondoljuk v\u00e9gig, hogy mennyire vett\u00fck komolyan az idei Nagyb\u00f6jt kih\u00edv\u00e1sait?<\/p>\n<p>+ + +<\/p>\n<p>Kereszt\u00e9ny \u00e9let\u00fcnket \u00edgy is meghat\u00e1rozhatn\u00e1nk: megkezdett \u00f6r\u00f6k \u00e9let. A kereszten meghalt \u00e9s felt\u00e1madott J\u00e9zus ugyanis nemcsak \u00edg\u00e9rte nek\u00fcnk az \u00f6r\u00f6k \u00e9letet, hanem a kegyelmi \u00e9let m\u00e1r most belekapcsol benn\u00fcnket Isten \u00f6r\u00f6k \u00e9let\u00e9be. \u201eIstenem, te vagy az \u00e9n er\u0151ss\u00e9gem\u201d (Zsolt 43, 2) az \u00e9letben \u00e9s hal\u00e1lban.<\/p>\n<p><strong>OLVASM\u00c1NY <\/strong>\u00a0\u00a0\u00a0\u00a0\u00a0\u00a0\u00a0\u00a0\u00a0\u00a0\u00a0\u00a0\u00a0\u00a0\u00a0\u00a0\u00a0\u00a0\u00a0\u00a0\u00a0\u00a0\u00a0\u00a0\u00a0\u00a0\u00a0\u00a0\u00a0\u00a0\u00a0\u00a0\u00a0\u00a0\u00a0\u00a0\u00a0\u00a0\u00a0\u00a0\u00a0\u00a0\u00a0\u00a0<em>\u00a0Ez 37, 12b<\/em><em>\u201314<\/em><\/p>\n<p>A rem\u00e9nytelens\u00e9g olyan, mint a hal\u00e1l \u00e9s a temet\u00e9s. Ezt \u00e9lte \u00e1t \u00e9s s\u00falyos teherk\u00e9nt hordozta Isten n\u00e9pe. Ezekiel pr\u00f3f\u00e9ta l\u00e1tom\u00e1s\u00e1ban az \u00fajj\u00e1sz\u00fclet\u00e9s rem\u00e9ny\u00e9t \u00e9s vigasztal\u00e1s\u00e1t adta n\u00e9p\u00e9nek az \u00dar.<\/p>\n<p><strong>V\u00c1LASZOS ZSOLT\u00c1R<\/strong>\u00a0\u00a0\u00a0\u00a0\u00a0\u00a0\u00a0\u00a0\u00a0\u00a0\u00a0\u00a0 \u00a0\u00a0\u00a0\u00a0\u00a0\u00a0\u00a0\u00a0\u00a0\u00a0\u00a0\u00a0\u00a0<em>129, 1\u20132. 3\u20134ab. 7\u20138<\/em><\/p>\n<p><strong>V\u00e1lasz<\/strong><strong>: <\/strong><strong>Az <u>\u00da<\/u>rn\u00e1l az irgalom, <\/strong><strong>* <\/strong><strong>\u00e9s b\u0151s\u00e9ges a megv<u>\u00e1<\/u>lt\u00e1s n\u00e1la.<\/strong><\/p>\n<p><strong>SZENTLECKE<\/strong>\u00a0\u00a0 \u00a0\u00a0\u00a0\u00a0\u00a0\u00a0\u00a0\u00a0\u00a0\u00a0\u00a0\u00a0\u00a0\u00a0\u00a0\u00a0\u00a0\u00a0\u00a0\u00a0\u00a0\u00a0\u00a0\u00a0\u00a0\u00a0\u00a0\u00a0\u00a0\u00a0\u00a0\u00a0\u00a0\u00a0\u00a0\u00a0\u00a0\u00a0\u00a0\u00a0\u00a0\u00a0\u00a0\u00a0\u00a0\u00a0<em>R\u00f3m 8, 8<\/em><em>\u201311<\/em><\/p>\n<p>\u201eA nemess\u00e9g k\u00f6telez\u201d, sz\u00f3l a r\u00e9gi mond\u00e1s. Akinek Lelk\u00e9t adta Isten, az \u201ek\u00f6telezve\u201d van arra, hogy l\u00e9lek szerint \u00e9ljen, hallgasson a L\u00e9lekre, k\u00f6vesse ind\u00edt\u00e1sait. Kell, hogy lelki emberr\u00e9 legyen, akit nem az \u00f6szt\u00f6nei ir\u00e1ny\u00edtanak, hanem a L\u00e9lek.<\/p>\n<p><strong>EVANG\u00c9LIUM EL\u0150TTI VERS<\/strong>\u00a0\u00a0\u00a0\u00a0\u00a0 <em>\u00a0\u00a0\u00a0\u00a0\u00a0\u00a0\u00a0\u00a0\u00a0\u00a0\u00a0\u00a0\u00a0\u00a0Jn 11 ,25a \u00e9s 26<\/em><\/p>\n<p>J\u00e9zus mondja: \u201e\u00c9n vagyok a felt\u00e1mad\u00e1s \u00e9s az \u00e9let:\u00a0 * aki bennem hisz, nem hal meg \u00f6r\u00f6kre.\u201d<\/p>\n<p><strong>EVANG\u00c9LIUM \u00a0<\/strong>\u00a0\u00a0\u00a0\u00a0\u00a0\u00a0\u00a0\u00a0\u00a0\u00a0\u00a0\u00a0\u00a0\u00a0\u00a0\u00a0\u00a0\u00a0\u00a0\u00a0\u00a0\u00a0\u00a0\u00a0\u00a0\u00a0\u00a0\u00a0\u00a0\u00a0\u00a0\u00a0\u00a0\u00a0\u00a0\u00a0\u00a0\u00a0\u00a0\u00a0\u00a0\u00a0\u00a0\u00a0\u00a0\u00a0\u00a0<em>Jn 11, 1\u201345<\/em><\/p>\n<p>Krisztus csod\u00e1i k\u00f6z\u00f6tt kiemelt helyet foglal el L\u00e1z\u00e1r felt\u00e1maszt\u00e1sa.. Az \u00dar csod\u00e1t tett, de pr\u00f3b\u00e1ra tette apostolai hit\u00e9t, M\u00e1ria \u00e9s M\u00e1rta hit\u00e9t s k\u00eds\u00e9r\u0151inek hit\u00e9t. Valami olyan kinyilatkoztat\u00e1st ad most, amelyet mindenkinek lelk\u00e9be kell v\u00e9snie. \u201e\u00c9n vagyok a felt\u00e1mad\u00e1s \u00e9s az \u00e9let.\u201d S hangs\u00falyozta a hit fontoss\u00e1g\u00e1t: \u201eHa hiszel, megl\u00e1tod Isten dics\u0151s\u00e9g\u00e9t.\u201d<\/p>\n<p><strong>EGYETEMES K\u00d6NY\u00d6RG\u00c9SEK<\/strong><\/p>\n<p>Pap: Im\u00e1dkozzunk, testv\u00e9reim, a mi Urunk J\u00e9zus Krisztushoz, aki L\u00e1z\u00e1r felt\u00e1maszt\u00e1s\u00e1val megmutatta, hogy \u0151 a Felt\u00e1mad\u00e1s \u00e9s az \u00c9let!<\/p>\n<p>Lektor:<\/p>\n<ol>\n<li>Hogy Egyh\u00e1zad szents\u00e9gei \u00e1ltal min\u00e9l t\u00f6bben \u00e9letre t\u00e1madjanak a lelki hal\u00e1lb\u00f3l!<\/li>\n<\/ol>\n<p>H\u00edvek: K\u00e9r\u00fcnk t\u00e9ged, hallgass meg minket!<\/p>\n<ol start=\"2\">\n<li>Hogy az \u00e9let szolg\u00e1lat\u00e1ban a n\u00e9pek \u00f6sszefogjanak a h\u00e1bor\u00fak, a j\u00e1rv\u00e1nyok \u00e9s az \u00e9h\u00edns\u00e9g lek\u00fczd\u00e9s\u00e9re!<\/li>\n<\/ol>\n<p>H\u00edvek: K\u00e9r\u00fcnk t\u00e9ged, hallgass meg minket!<\/p>\n<ol start=\"3\">\n<li>Hogy mindny\u00e1jan er\u0151t \u00e9s b\u00e1tor\u00edt\u00e1st nyerj\u00fcnk a felt\u00e1mad\u00e1s hit\u00e9b\u0151l!<\/li>\n<\/ol>\n<p>H\u00edvek: K\u00e9r\u00fcnk t\u00e9ged, hallgass meg minket!<\/p>\n<ol start=\"4\">\n<li>Hogy betegeink id\u0151ben r\u00e9szes\u00fcljenek J\u00e9zus vigasztal\u00e1s\u00e1ban \u00e9s szents\u00e9geinek kegyelm\u00e9ben!<\/li>\n<\/ol>\n<p>H\u00edvek: K\u00e9r\u00fcnk t\u00e9ged, hallgass meg minket!<\/p>\n<ol start=\"5\">\n<li>Hogy J\u00e9zus szavai er\u0151s\u00edtsenek meg benn\u00fcnket, amikor szeretteinket gy\u00e1szoljuk!<\/li>\n<\/ol>\n<p>H\u00edvek: K\u00e9r\u00fcnk t\u00e9ged, hallgass meg minket!<\/p>\n<p>Pap: Mennyei Aty\u00e1nk! Te szent Fiadat az \u00e9let \u00e9s a hal\u00e1l Ur\u00e1v\u00e1 tetted. Seg\u00edts kegyelmeddel, hogy a lelki hal\u00e1lb\u00f3l mindig fel tudjunk t\u00e1madni, \u00e9s f\u00f6ldi \u00e9let\u00fcnk ut\u00e1n r\u00e9sz\u00fcnk legyen az \u00f6r\u00f6k \u00e9letben. Krisztus, a mi Urunk \u00e1ltal.<\/p>\n<p>H\u00edvek: Amen.<\/p>\n<p><strong>AZ EUCHARISZTI\u00c1HOZ\u00a0\u00a0\u00a0\u00a0\u00a0\u00a0\u00a0\u00a0\u00a0\u00a0\u00a0\u00a0\u00a0\u00a0\u00a0\u00a0\u00a0\u00a0\u00a0\u00a0\u00a0\u00a0\u00a0\u00a0\u00a0\u00a0\u00a0\u00a0\u00a0\u00a0\u00a0\u00a0\u00a0\u00a0\u00a0\u00a0\u00a0\u00a0\u00a0\u00a0\u00a0\u00a0\u00a0\u00a0\u00a0 <\/strong><em>Jn 6, 54<\/em><\/p>\n<p>\u201eAki eszi az \u00e9n testemet \u00e9s issza az \u00e9n v\u00e9remet, annak \u00f6r\u00f6k \u00e9lete van, s felt\u00e1masztom az utols\u00f3 napon.\u201d<\/p>\n<p>+ + +<\/p>\n<p>A szent\u00e1ldoz\u00e1s \u00e9ltet\u0151 Keny\u00e9r, J\u00e9zus isteni teste, az angyalok eledele. De gondoljunk most arra is, hogy mi J\u00e9zus megt\u00f6retett test\u00e9t essz\u00fck, kiontott v\u00e9r\u00e9t isszuk: a szent\u00e1ldoz\u00e1s a megfesz\u00edtett J\u00e9zussal egyes\u00edti \u00e9let\u00fcnket.<\/p>\n<p><strong>ELM\u00c9LKED\u00c9S<\/strong><\/p>\n<p>Hit\u00fcnk tan\u00edt\u00e1sa szerint szoros kapcsolat van a b\u0171n \u00e9s a hal\u00e1l k\u00f6z\u00f6tt. A hal\u00e1l ugyanis a b\u0171n r\u00e9v\u00e9n l\u00e9pett a vil\u00e1gba. J\u00e9zus kereszthal\u00e1la \u00e9s felt\u00e1mad\u00e1sa azonban megt\u00f6rte a b\u0171n \u00e9s a hal\u00e1l uralm\u00e1t. Rem\u00e9nyt ad nek\u00fcnk, hogy elnyerhetj\u00fck b\u0171neink bocs\u00e1nat\u00e1t, \u00e9s r\u00e9szes\u00fclhet\u00fcnk a dics\u0151s\u00e9ges felt\u00e1mad\u00e1sbam. Az emberi t\u00f6rt\u00e9nelem v\u00e9ge meghozza ezt a teljes gy\u0151zelmet. Az emberi nem minden tagja, aki engedi mag\u00e1t megv\u00e1ltani, aki egy\u00fcttm\u0171k\u00f6dik a kegyelemmel, megl\u00e1tja Isten dics\u0151s\u00e9g\u00e9t, \u00e9s hallani fogja J\u00e9zus szav\u00e1t: \u201eJ\u00f6jjetek, Aty\u00e1m \u00e1ldottai, vegy\u00e9tek birtokba a vil\u00e1g kezdet\u00e9t\u0151l nektek k\u00e9sz\u00edtett orsz\u00e1got!\u201d (Mt 25, 34).\u00a0\u00a0\u00a0\u00a0\u00a0\u00a0\u00a0\u00a0\u00a0\u00a0\u00a0\u00a0\u00a0\u00a0\u00a0\u00a0\u00a0\u00a0\u00a0\u00a0\u00a0\u00a0\u00a0\u00a0\u00a0\u00a0\u00a0\u00a0\u00a0\u00a0\u00a0\u00a0\u00a0\u00a0\u00a0 <em>Holland Katekizmus nyom\u00e1n<\/em><\/p>\n<p>GONDOLJUK V\u00c9GIG&#8230;<\/p>\n<p>Ez a h\u00e9t a b\u0171nb\u00e1nat hete.\u00a0 Gondoljuk v\u00e9gig: mi is k\u00f6t benn\u00fcnket az \u00e9lethez, \u00e9s mi t\u00e1vol\u00edt el t\u0151le? Mik\u00e9pp teljesedhetne ki az \u00e9let\u00fcnk, ha a b\u0171neink nem tenn\u00e9nek t\u00f6nkre mindent benn\u00fcnk \u00e9s k\u00f6r\u00fcl\u00f6tt\u00fcnk? Hogyan van benne az \u00e9let \u00e9s a hal\u00e1l a gondolatainkban \u00e9s cselekedeteinkben? Most nagyon m\u00e9lyen a sz\u00edv\u00fcnk \u00e9s lelk\u00fcnk legm\u00e9ly\u00e9re kell n\u00e9zn\u00fcnk, hogy meg is l\u00e1ssuk mindazt, ami benn\u00fcnk van: mikor t\u00e9r\u00fcnk az \u00e9let, mikor a hal\u00e1l fel\u00e9.<\/p>\n","protected":false},"excerpt":{"rendered":"<p>m\u00e1rcius 1. NAGYB\u00d6JT 1. VAS\u00c1RNAPJA Ha ki\u00e1lt hozz\u00e1m, meghallgatom; megszabad\u00edtom \u00e9s dics\u0151s\u00e9get szerzek neki, hossz\u00fa \u00e9lettel \u00e1ldom meg.\u00a0\u00a0\u00a0\u00a0\u00a0\u00a0\u00a0\u00a0\u00a0\u00a0\u00a0\u00a0\u00a0 Zsolt 90, 15\u201316 Isten nem a hal\u00e1lt akarja, hanem az \u00e9letet. J\u00e9zus ez\u00e9rt j\u00f6tt, hogy \u00e9let\u00fcnk legyen \u00e9s b\u0151s\u00e9gben legyen (Jn 10, 10). Sajnos, a k\u00eds\u00e9rt\u00e9s is b\u0151s\u00e9gben van, s m\u00e9g szomor\u00fabb: b\u0151s\u00e9gben vannak a b\u0171neink is. A nagyb\u00f6jti id\u0151 \u00f6nmegtagad\u00e1sai, a kereszt\u00fat j\u00e1r\u00e1s, a b\u00f6jt, a b\u0171nb\u00e1nat \u00e9s a szeretet gyakorl\u00e1sa igaz\u00edtsa l\u00e9pteinket az igazi \u00e9let \u00fatj\u00e1n. OLVASM\u00c1NY\u00a0\u00a0\u00a0 \u00a0\u00a0\u00a0\u00a0\u00a0\u00a0\u00a0\u00a0\u00a0\u00a0\u00a0\u00a0\u00a0\u00a0\u00a0\u00a0\u00a0\u00a0\u00a0\u00a0\u00a0\u00a0\u00a0\u00a0\u00a0\u00a0\u00a0\u00a0\u00a0\u00a0\u00a0\u00a0\u00a0\u00a0\u00a0Ter 2, 7\u20139. 3, 1\u20137a Csod\u00e1latos az Isten, aki a saj\u00e1t k\u00e9p\u00e9re \u00e9s hasonlatoss\u00e1g\u00e1ra teremtette az embert. \u00c9gi \u00e9s f\u00f6ldi boldogs\u00e1got sz\u00e1nt neki. S milyen k\u00f6nnyen megsemmis\u00fclnek \u00e9rt\u00e9keink, odavesznek kincseink. Csak egy pillanat, egy felel\u0151tlen perc, csak egy kis alkudoz\u00e1s a k\u00eds\u00e9rt\u0151vel&#8230; S m\u00e1ris sirathatjuk kincseinket. Isten sz\u00e1m\u00e1ra nem k\u00f6z\u00f6mb\u00f6s az \u00e9let\u00fcnk. Keres benn\u00fcnket, Megv\u00e1lt\u00f3t k\u00fcld, hogy ne a hal\u00e1l gy\u0151zz\u00f6n, hanem az \u00e9let. V\u00c1LASZOS ZSOLT\u00c1R \u00a0\u00a0\u00a0\u00a0\u00a0\u00a0\u00a0\u00a0\u00a0\u00a050, 3\u20134. 5\u20136a. 12\u201313. 14. \u00a017 V\u00e1lasz: K\u00f6ny\u00f6r\u00fclj, Urunk, Isten\u00fcnk, * mert nagy a v\u00e9tk\u00fcnk. \u00a0 SZENTLECKE\u00a0\u00a0 \u00a0\u00a0\u00a0\u00a0\u00a0\u00a0\u00a0\u00a0\u00a0\u00a0\u00a0\u00a0\u00a0\u00a0\u00a0\u00a0\u00a0\u00a0\u00a0\u00a0\u00a0\u00a0\u00a0\u00a0\u00a0\u00a0\u00a0\u00a0\u00a0\u00a0\u00a0\u00a0\u00a0\u00a0\u00a0\u00a0\u00a0\u00a0\u00a0\u00a0\u00a0\u00a0\u00a0\u00a0R\u00f3m 5, 12\u201319 K\u00e1ros \u00f6r\u00f6ks\u00e9g\u00fcnk a b\u0171n. Mint \u00e1rny\u00e9k k\u00f6veti \u00e9let\u00fcnket. Sokszor az az \u00e9rz\u00e9s\u00fcnk, hogy eg\u00e9szen bebor\u00edt minket. De hatalmasabb Isten szeretete \u00e9s kegyelme. K\u00e1rhozat v\u00e1rna r\u00e1nk, de J\u00e9zus engedelmess\u00e9ge megigazultt\u00e1 tesz benn\u00fcnket. EVANG\u00c9LIUM EL\u0150TTI VERS\u00a0\u00a0\u00a0\u00a0\u00a0\u00a0\u00a0\u00a0\u00a0\u00a0\u00a0\u00a0 \u00a0\u00a0\u00a0\u00a0\u00a0\u00a0\u00a0\u00a0\u00a0\u00a0\u00a0\u00a0\u00a0\u00a0\u00a0\u00a0\u00a0\u00a0\u00a0\u00a0\u00a0\u00a0\u00a0Mt 4, 4b Nemcsak keny\u00e9rrel \u00e9l az ember,\u00a0 * hanem minden ig\u00e9vel is, mely Isten ajk\u00e1r\u00f3l val\u00f3. EVANG\u00c9LIUM \u00a0\u00a0\u00a0\u00a0\u00a0\u00a0\u00a0\u00a0\u00a0\u00a0\u00a0\u00a0\u00a0\u00a0\u00a0\u00a0\u00a0\u00a0\u00a0\u00a0\u00a0\u00a0\u00a0\u00a0\u00a0\u00a0\u00a0\u00a0\u00a0\u00a0\u00a0\u00a0\u00a0\u00a0\u00a0\u00a0\u00a0\u00a0\u00a0\u00a0\u00a0\u00a0\u00a0\u00a0\u00a0\u00a0\u00a0\u00a0\u00a0\u00a0Mt 4, 1\u201311 \u00c1d\u00e1m gyenge volt a k\u00eds\u00e9rt\u00e9sben, elesett. J\u00e9zus viszont a legszentebb p\u00e9ld\u00e1ja annak, hogy a k\u00eds\u00e9rt\u00e9st vissza is lehet utas\u00edtani, le is lehet gy\u0151zni. Sok ember \u00e1ldozata a gyomr\u00e1nak, g\u0151gj\u00e9nek, hatalomv\u00e1gy\u00e1nak. J\u00e9zus b\u00f6jtje, al\u00e1zata, az Atya ir\u00e1nti engedelmess\u00e9ge seg\u00edtsen a helyes \u00e9letvitelben. AZ EUCHARISZTI\u00c1HOZ Istennek nem adhatunk annyit, hogy sokkal t\u00f6bbet ne kapn\u00e1nk vissza. Lemondunk a keny\u00e9rr\u0151l, \u00e9gi kenyeret ad. Lemondunk a hatalomr\u00f3l, a g\u0151gr\u0151l, Isten gyermekeiv\u00e9 tesz benn\u00fcnket. Elhagyjuk a b\u0171n\u00f6s utat, az \u00e9letszents\u00e9g \u00fatj\u00e1ra \u00e1ll\u00edt minket. AZ \u00daR \u00c1LD\u00c1SA K\u00cdS\u00c9RJE SZ\u00dcLET\u00c9S-&#8230; <\/p>\n<p><a class=\"readmore\" href=\"https:\/\/stuttgarti-katolikusok.de\/index.php\/nagybojt-1-2-3-4-es-5-vasarnapjara\/\">R\u00e9szletek<\/a><\/p>\n","protected":false},"author":3,"featured_media":0,"comment_status":"closed","ping_status":"closed","sticky":false,"template":"","format":"standard","meta":{"footnotes":""},"categories":[63],"tags":[],"class_list":["post-18970","post","type-post","status-publish","format-standard","hentry","category-vasarnapi-gondolatok"],"yoast_head":"<!-- This site is optimized with the Yoast SEO plugin v27.3 - https:\/\/yoast.com\/product\/yoast-seo-wordpress\/ -->\n<title>Nagyb\u00f6jt 1., 2., 3., 4. \u00e9s 5. vas\u00e1rnapj\u00e1ra - Stuttgarti Katolikusok<\/title>\n<meta name=\"robots\" content=\"index, follow, max-snippet:-1, max-image-preview:large, max-video-preview:-1\" \/>\n<link rel=\"canonical\" href=\"https:\/\/stuttgarti-katolikusok.de\/index.php\/nagybojt-1-2-3-4-es-5-vasarnapjara\/\" \/>\n<meta property=\"og:locale\" content=\"hu_HU\" \/>\n<meta property=\"og:type\" content=\"article\" \/>\n<meta property=\"og:title\" content=\"Nagyb\u00f6jt 1., 2., 3., 4. \u00e9s 5. vas\u00e1rnapj\u00e1ra - Stuttgarti Katolikusok\" \/>\n<meta property=\"og:description\" content=\"m\u00e1rcius 1. NAGYB\u00d6JT 1. VAS\u00c1RNAPJA Ha ki\u00e1lt hozz\u00e1m, meghallgatom; megszabad\u00edtom \u00e9s dics\u0151s\u00e9get szerzek neki, hossz\u00fa \u00e9lettel \u00e1ldom meg.\u00a0\u00a0\u00a0\u00a0\u00a0\u00a0\u00a0\u00a0\u00a0\u00a0\u00a0\u00a0\u00a0 Zsolt 90, 15\u201316 Isten nem a hal\u00e1lt akarja, hanem az \u00e9letet. J\u00e9zus ez\u00e9rt j\u00f6tt, hogy \u00e9let\u00fcnk legyen \u00e9s b\u0151s\u00e9gben legyen (Jn 10, 10). Sajnos, a k\u00eds\u00e9rt\u00e9s is b\u0151s\u00e9gben van, s m\u00e9g szomor\u00fabb: b\u0151s\u00e9gben vannak a b\u0171neink is. A nagyb\u00f6jti id\u0151 \u00f6nmegtagad\u00e1sai, a kereszt\u00fat j\u00e1r\u00e1s, a b\u00f6jt, a b\u0171nb\u00e1nat \u00e9s a szeretet gyakorl\u00e1sa igaz\u00edtsa l\u00e9pteinket az igazi \u00e9let \u00fatj\u00e1n. OLVASM\u00c1NY\u00a0\u00a0\u00a0 \u00a0\u00a0\u00a0\u00a0\u00a0\u00a0\u00a0\u00a0\u00a0\u00a0\u00a0\u00a0\u00a0\u00a0\u00a0\u00a0\u00a0\u00a0\u00a0\u00a0\u00a0\u00a0\u00a0\u00a0\u00a0\u00a0\u00a0\u00a0\u00a0\u00a0\u00a0\u00a0\u00a0\u00a0\u00a0Ter 2, 7\u20139. 3, 1\u20137a Csod\u00e1latos az Isten, aki a saj\u00e1t k\u00e9p\u00e9re \u00e9s hasonlatoss\u00e1g\u00e1ra teremtette az embert. \u00c9gi \u00e9s f\u00f6ldi boldogs\u00e1got sz\u00e1nt neki. S milyen k\u00f6nnyen megsemmis\u00fclnek \u00e9rt\u00e9keink, odavesznek kincseink. Csak egy pillanat, egy felel\u0151tlen perc, csak egy kis alkudoz\u00e1s a k\u00eds\u00e9rt\u0151vel&#8230; S m\u00e1ris sirathatjuk kincseinket. Isten sz\u00e1m\u00e1ra nem k\u00f6z\u00f6mb\u00f6s az \u00e9let\u00fcnk. Keres benn\u00fcnket, Megv\u00e1lt\u00f3t k\u00fcld, hogy ne a hal\u00e1l gy\u0151zz\u00f6n, hanem az \u00e9let. V\u00c1LASZOS ZSOLT\u00c1R \u00a0\u00a0\u00a0\u00a0\u00a0\u00a0\u00a0\u00a0\u00a0\u00a050, 3\u20134. 5\u20136a. 12\u201313. 14. \u00a017 V\u00e1lasz: K\u00f6ny\u00f6r\u00fclj, Urunk, Isten\u00fcnk, * mert nagy a v\u00e9tk\u00fcnk. \u00a0 SZENTLECKE\u00a0\u00a0 \u00a0\u00a0\u00a0\u00a0\u00a0\u00a0\u00a0\u00a0\u00a0\u00a0\u00a0\u00a0\u00a0\u00a0\u00a0\u00a0\u00a0\u00a0\u00a0\u00a0\u00a0\u00a0\u00a0\u00a0\u00a0\u00a0\u00a0\u00a0\u00a0\u00a0\u00a0\u00a0\u00a0\u00a0\u00a0\u00a0\u00a0\u00a0\u00a0\u00a0\u00a0\u00a0\u00a0\u00a0R\u00f3m 5, 12\u201319 K\u00e1ros \u00f6r\u00f6ks\u00e9g\u00fcnk a b\u0171n. Mint \u00e1rny\u00e9k k\u00f6veti \u00e9let\u00fcnket. Sokszor az az \u00e9rz\u00e9s\u00fcnk, hogy eg\u00e9szen bebor\u00edt minket. De hatalmasabb Isten szeretete \u00e9s kegyelme. K\u00e1rhozat v\u00e1rna r\u00e1nk, de J\u00e9zus engedelmess\u00e9ge megigazultt\u00e1 tesz benn\u00fcnket. EVANG\u00c9LIUM EL\u0150TTI VERS\u00a0\u00a0\u00a0\u00a0\u00a0\u00a0\u00a0\u00a0\u00a0\u00a0\u00a0\u00a0 \u00a0\u00a0\u00a0\u00a0\u00a0\u00a0\u00a0\u00a0\u00a0\u00a0\u00a0\u00a0\u00a0\u00a0\u00a0\u00a0\u00a0\u00a0\u00a0\u00a0\u00a0\u00a0\u00a0Mt 4, 4b Nemcsak keny\u00e9rrel \u00e9l az ember,\u00a0 * hanem minden ig\u00e9vel is, mely Isten ajk\u00e1r\u00f3l val\u00f3. EVANG\u00c9LIUM \u00a0\u00a0\u00a0\u00a0\u00a0\u00a0\u00a0\u00a0\u00a0\u00a0\u00a0\u00a0\u00a0\u00a0\u00a0\u00a0\u00a0\u00a0\u00a0\u00a0\u00a0\u00a0\u00a0\u00a0\u00a0\u00a0\u00a0\u00a0\u00a0\u00a0\u00a0\u00a0\u00a0\u00a0\u00a0\u00a0\u00a0\u00a0\u00a0\u00a0\u00a0\u00a0\u00a0\u00a0\u00a0\u00a0\u00a0\u00a0\u00a0\u00a0Mt 4, 1\u201311 \u00c1d\u00e1m gyenge volt a k\u00eds\u00e9rt\u00e9sben, elesett. J\u00e9zus viszont a legszentebb p\u00e9ld\u00e1ja annak, hogy a k\u00eds\u00e9rt\u00e9st vissza is lehet utas\u00edtani, le is lehet gy\u0151zni. Sok ember \u00e1ldozata a gyomr\u00e1nak, g\u0151gj\u00e9nek, hatalomv\u00e1gy\u00e1nak. J\u00e9zus b\u00f6jtje, al\u00e1zata, az Atya ir\u00e1nti engedelmess\u00e9ge seg\u00edtsen a helyes \u00e9letvitelben. AZ EUCHARISZTI\u00c1HOZ Istennek nem adhatunk annyit, hogy sokkal t\u00f6bbet ne kapn\u00e1nk vissza. Lemondunk a keny\u00e9rr\u0151l, \u00e9gi kenyeret ad. Lemondunk a hatalomr\u00f3l, a g\u0151gr\u0151l, Isten gyermekeiv\u00e9 tesz benn\u00fcnket. Elhagyjuk a b\u0171n\u00f6s utat, az \u00e9letszents\u00e9g \u00fatj\u00e1ra \u00e1ll\u00edt minket. AZ \u00daR \u00c1LD\u00c1SA K\u00cdS\u00c9RJE SZ\u00dcLET\u00c9S-... R\u00e9szletek\" \/>\n<meta property=\"og:url\" content=\"https:\/\/stuttgarti-katolikusok.de\/index.php\/nagybojt-1-2-3-4-es-5-vasarnapjara\/\" \/>\n<meta property=\"og:site_name\" content=\"Stuttgarti Katolikusok\" \/>\n<meta property=\"article:published_time\" content=\"2020-02-29T06:52:16+00:00\" \/>\n<meta property=\"article:modified_time\" content=\"2020-04-27T08:26:14+00:00\" \/>\n<meta name=\"author\" content=\"Tibor atya\" \/>\n<meta name=\"twitter:card\" content=\"summary_large_image\" \/>\n<meta name=\"twitter:label1\" content=\"Szerz\u0151:\" \/>\n\t<meta name=\"twitter:data1\" content=\"Tibor atya\" \/>\n\t<meta name=\"twitter:label2\" content=\"Becs\u00fclt olvas\u00e1si id\u0151\" \/>\n\t<meta name=\"twitter:data2\" content=\"24 perc\" \/>\n<script type=\"application\/ld+json\" class=\"yoast-schema-graph\">{\"@context\":\"https:\\\/\\\/schema.org\",\"@graph\":[{\"@type\":\"Article\",\"@id\":\"https:\\\/\\\/stuttgarti-katolikusok.de\\\/index.php\\\/nagybojt-1-2-3-4-es-5-vasarnapjara\\\/#article\",\"isPartOf\":{\"@id\":\"https:\\\/\\\/stuttgarti-katolikusok.de\\\/index.php\\\/nagybojt-1-2-3-4-es-5-vasarnapjara\\\/\"},\"author\":{\"name\":\"Tibor atya\",\"@id\":\"https:\\\/\\\/stuttgarti-katolikusok.de\\\/#\\\/schema\\\/person\\\/75908d6f8fdc03a57889d27209df7795\"},\"headline\":\"Nagyb\u00f6jt 1., 2., 3., 4. \u00e9s 5. vas\u00e1rnapj\u00e1ra\",\"datePublished\":\"2020-02-29T06:52:16+00:00\",\"dateModified\":\"2020-04-27T08:26:14+00:00\",\"mainEntityOfPage\":{\"@id\":\"https:\\\/\\\/stuttgarti-katolikusok.de\\\/index.php\\\/nagybojt-1-2-3-4-es-5-vasarnapjara\\\/\"},\"wordCount\":4800,\"articleSection\":[\"Vas\u00e1rnapi gondolatok\"],\"inLanguage\":\"hu\"},{\"@type\":\"WebPage\",\"@id\":\"https:\\\/\\\/stuttgarti-katolikusok.de\\\/index.php\\\/nagybojt-1-2-3-4-es-5-vasarnapjara\\\/\",\"url\":\"https:\\\/\\\/stuttgarti-katolikusok.de\\\/index.php\\\/nagybojt-1-2-3-4-es-5-vasarnapjara\\\/\",\"name\":\"Nagyb\u00f6jt 1., 2., 3., 4. \u00e9s 5. vas\u00e1rnapj\u00e1ra - Stuttgarti Katolikusok\",\"isPartOf\":{\"@id\":\"https:\\\/\\\/stuttgarti-katolikusok.de\\\/#website\"},\"datePublished\":\"2020-02-29T06:52:16+00:00\",\"dateModified\":\"2020-04-27T08:26:14+00:00\",\"author\":{\"@id\":\"https:\\\/\\\/stuttgarti-katolikusok.de\\\/#\\\/schema\\\/person\\\/75908d6f8fdc03a57889d27209df7795\"},\"breadcrumb\":{\"@id\":\"https:\\\/\\\/stuttgarti-katolikusok.de\\\/index.php\\\/nagybojt-1-2-3-4-es-5-vasarnapjara\\\/#breadcrumb\"},\"inLanguage\":\"hu\",\"potentialAction\":[{\"@type\":\"ReadAction\",\"target\":[\"https:\\\/\\\/stuttgarti-katolikusok.de\\\/index.php\\\/nagybojt-1-2-3-4-es-5-vasarnapjara\\\/\"]}]},{\"@type\":\"BreadcrumbList\",\"@id\":\"https:\\\/\\\/stuttgarti-katolikusok.de\\\/index.php\\\/nagybojt-1-2-3-4-es-5-vasarnapjara\\\/#breadcrumb\",\"itemListElement\":[{\"@type\":\"ListItem\",\"position\":1,\"name\":\"Kezd\u0151lap\",\"item\":\"https:\\\/\\\/stuttgarti-katolikusok.de\\\/\"},{\"@type\":\"ListItem\",\"position\":2,\"name\":\"Nagyb\u00f6jt 1., 2., 3., 4. \u00e9s 5. vas\u00e1rnapj\u00e1ra\"}]},{\"@type\":\"WebSite\",\"@id\":\"https:\\\/\\\/stuttgarti-katolikusok.de\\\/#website\",\"url\":\"https:\\\/\\\/stuttgarti-katolikusok.de\\\/\",\"name\":\"Stuttgarti Katolikusok\",\"description\":\"\",\"potentialAction\":[{\"@type\":\"SearchAction\",\"target\":{\"@type\":\"EntryPoint\",\"urlTemplate\":\"https:\\\/\\\/stuttgarti-katolikusok.de\\\/?s={search_term_string}\"},\"query-input\":{\"@type\":\"PropertyValueSpecification\",\"valueRequired\":true,\"valueName\":\"search_term_string\"}}],\"inLanguage\":\"hu\"},{\"@type\":\"Person\",\"@id\":\"https:\\\/\\\/stuttgarti-katolikusok.de\\\/#\\\/schema\\\/person\\\/75908d6f8fdc03a57889d27209df7795\",\"name\":\"Tibor atya\",\"image\":{\"@type\":\"ImageObject\",\"inLanguage\":\"hu\",\"@id\":\"https:\\\/\\\/secure.gravatar.com\\\/avatar\\\/61d268e57d1f4525b111222e29d2d5a7f8c420fdbf231ba5566a8ceac74fa960?s=96&d=mm&r=g\",\"url\":\"https:\\\/\\\/secure.gravatar.com\\\/avatar\\\/61d268e57d1f4525b111222e29d2d5a7f8c420fdbf231ba5566a8ceac74fa960?s=96&d=mm&r=g\",\"contentUrl\":\"https:\\\/\\\/secure.gravatar.com\\\/avatar\\\/61d268e57d1f4525b111222e29d2d5a7f8c420fdbf231ba5566a8ceac74fa960?s=96&d=mm&r=g\",\"caption\":\"Tibor atya\"},\"url\":\"https:\\\/\\\/stuttgarti-katolikusok.de\\\/index.php\\\/author\\\/tibor-atya\\\/\"}]}<\/script>\n<!-- \/ Yoast SEO plugin. -->","yoast_head_json":{"title":"Nagyb\u00f6jt 1., 2., 3., 4. \u00e9s 5. vas\u00e1rnapj\u00e1ra - Stuttgarti Katolikusok","robots":{"index":"index","follow":"follow","max-snippet":"max-snippet:-1","max-image-preview":"max-image-preview:large","max-video-preview":"max-video-preview:-1"},"canonical":"https:\/\/stuttgarti-katolikusok.de\/index.php\/nagybojt-1-2-3-4-es-5-vasarnapjara\/","og_locale":"hu_HU","og_type":"article","og_title":"Nagyb\u00f6jt 1., 2., 3., 4. \u00e9s 5. vas\u00e1rnapj\u00e1ra - Stuttgarti Katolikusok","og_description":"m\u00e1rcius 1. NAGYB\u00d6JT 1. VAS\u00c1RNAPJA Ha ki\u00e1lt hozz\u00e1m, meghallgatom; megszabad\u00edtom \u00e9s dics\u0151s\u00e9get szerzek neki, hossz\u00fa \u00e9lettel \u00e1ldom meg.\u00a0\u00a0\u00a0\u00a0\u00a0\u00a0\u00a0\u00a0\u00a0\u00a0\u00a0\u00a0\u00a0 Zsolt 90, 15\u201316 Isten nem a hal\u00e1lt akarja, hanem az \u00e9letet. J\u00e9zus ez\u00e9rt j\u00f6tt, hogy \u00e9let\u00fcnk legyen \u00e9s b\u0151s\u00e9gben legyen (Jn 10, 10). Sajnos, a k\u00eds\u00e9rt\u00e9s is b\u0151s\u00e9gben van, s m\u00e9g szomor\u00fabb: b\u0151s\u00e9gben vannak a b\u0171neink is. A nagyb\u00f6jti id\u0151 \u00f6nmegtagad\u00e1sai, a kereszt\u00fat j\u00e1r\u00e1s, a b\u00f6jt, a b\u0171nb\u00e1nat \u00e9s a szeretet gyakorl\u00e1sa igaz\u00edtsa l\u00e9pteinket az igazi \u00e9let \u00fatj\u00e1n. OLVASM\u00c1NY\u00a0\u00a0\u00a0 \u00a0\u00a0\u00a0\u00a0\u00a0\u00a0\u00a0\u00a0\u00a0\u00a0\u00a0\u00a0\u00a0\u00a0\u00a0\u00a0\u00a0\u00a0\u00a0\u00a0\u00a0\u00a0\u00a0\u00a0\u00a0\u00a0\u00a0\u00a0\u00a0\u00a0\u00a0\u00a0\u00a0\u00a0\u00a0Ter 2, 7\u20139. 3, 1\u20137a Csod\u00e1latos az Isten, aki a saj\u00e1t k\u00e9p\u00e9re \u00e9s hasonlatoss\u00e1g\u00e1ra teremtette az embert. \u00c9gi \u00e9s f\u00f6ldi boldogs\u00e1got sz\u00e1nt neki. S milyen k\u00f6nnyen megsemmis\u00fclnek \u00e9rt\u00e9keink, odavesznek kincseink. Csak egy pillanat, egy felel\u0151tlen perc, csak egy kis alkudoz\u00e1s a k\u00eds\u00e9rt\u0151vel&#8230; S m\u00e1ris sirathatjuk kincseinket. Isten sz\u00e1m\u00e1ra nem k\u00f6z\u00f6mb\u00f6s az \u00e9let\u00fcnk. Keres benn\u00fcnket, Megv\u00e1lt\u00f3t k\u00fcld, hogy ne a hal\u00e1l gy\u0151zz\u00f6n, hanem az \u00e9let. V\u00c1LASZOS ZSOLT\u00c1R \u00a0\u00a0\u00a0\u00a0\u00a0\u00a0\u00a0\u00a0\u00a0\u00a050, 3\u20134. 5\u20136a. 12\u201313. 14. \u00a017 V\u00e1lasz: K\u00f6ny\u00f6r\u00fclj, Urunk, Isten\u00fcnk, * mert nagy a v\u00e9tk\u00fcnk. \u00a0 SZENTLECKE\u00a0\u00a0 \u00a0\u00a0\u00a0\u00a0\u00a0\u00a0\u00a0\u00a0\u00a0\u00a0\u00a0\u00a0\u00a0\u00a0\u00a0\u00a0\u00a0\u00a0\u00a0\u00a0\u00a0\u00a0\u00a0\u00a0\u00a0\u00a0\u00a0\u00a0\u00a0\u00a0\u00a0\u00a0\u00a0\u00a0\u00a0\u00a0\u00a0\u00a0\u00a0\u00a0\u00a0\u00a0\u00a0\u00a0R\u00f3m 5, 12\u201319 K\u00e1ros \u00f6r\u00f6ks\u00e9g\u00fcnk a b\u0171n. Mint \u00e1rny\u00e9k k\u00f6veti \u00e9let\u00fcnket. Sokszor az az \u00e9rz\u00e9s\u00fcnk, hogy eg\u00e9szen bebor\u00edt minket. De hatalmasabb Isten szeretete \u00e9s kegyelme. K\u00e1rhozat v\u00e1rna r\u00e1nk, de J\u00e9zus engedelmess\u00e9ge megigazultt\u00e1 tesz benn\u00fcnket. EVANG\u00c9LIUM EL\u0150TTI VERS\u00a0\u00a0\u00a0\u00a0\u00a0\u00a0\u00a0\u00a0\u00a0\u00a0\u00a0\u00a0 \u00a0\u00a0\u00a0\u00a0\u00a0\u00a0\u00a0\u00a0\u00a0\u00a0\u00a0\u00a0\u00a0\u00a0\u00a0\u00a0\u00a0\u00a0\u00a0\u00a0\u00a0\u00a0\u00a0Mt 4, 4b Nemcsak keny\u00e9rrel \u00e9l az ember,\u00a0 * hanem minden ig\u00e9vel is, mely Isten ajk\u00e1r\u00f3l val\u00f3. EVANG\u00c9LIUM \u00a0\u00a0\u00a0\u00a0\u00a0\u00a0\u00a0\u00a0\u00a0\u00a0\u00a0\u00a0\u00a0\u00a0\u00a0\u00a0\u00a0\u00a0\u00a0\u00a0\u00a0\u00a0\u00a0\u00a0\u00a0\u00a0\u00a0\u00a0\u00a0\u00a0\u00a0\u00a0\u00a0\u00a0\u00a0\u00a0\u00a0\u00a0\u00a0\u00a0\u00a0\u00a0\u00a0\u00a0\u00a0\u00a0\u00a0\u00a0\u00a0\u00a0Mt 4, 1\u201311 \u00c1d\u00e1m gyenge volt a k\u00eds\u00e9rt\u00e9sben, elesett. J\u00e9zus viszont a legszentebb p\u00e9ld\u00e1ja annak, hogy a k\u00eds\u00e9rt\u00e9st vissza is lehet utas\u00edtani, le is lehet gy\u0151zni. Sok ember \u00e1ldozata a gyomr\u00e1nak, g\u0151gj\u00e9nek, hatalomv\u00e1gy\u00e1nak. J\u00e9zus b\u00f6jtje, al\u00e1zata, az Atya ir\u00e1nti engedelmess\u00e9ge seg\u00edtsen a helyes \u00e9letvitelben. AZ EUCHARISZTI\u00c1HOZ Istennek nem adhatunk annyit, hogy sokkal t\u00f6bbet ne kapn\u00e1nk vissza. Lemondunk a keny\u00e9rr\u0151l, \u00e9gi kenyeret ad. Lemondunk a hatalomr\u00f3l, a g\u0151gr\u0151l, Isten gyermekeiv\u00e9 tesz benn\u00fcnket. Elhagyjuk a b\u0171n\u00f6s utat, az \u00e9letszents\u00e9g \u00fatj\u00e1ra \u00e1ll\u00edt minket. AZ \u00daR \u00c1LD\u00c1SA K\u00cdS\u00c9RJE SZ\u00dcLET\u00c9S-... R\u00e9szletek","og_url":"https:\/\/stuttgarti-katolikusok.de\/index.php\/nagybojt-1-2-3-4-es-5-vasarnapjara\/","og_site_name":"Stuttgarti Katolikusok","article_published_time":"2020-02-29T06:52:16+00:00","article_modified_time":"2020-04-27T08:26:14+00:00","author":"Tibor atya","twitter_card":"summary_large_image","twitter_misc":{"Szerz\u0151:":"Tibor atya","Becs\u00fclt olvas\u00e1si id\u0151":"24 perc"},"schema":{"@context":"https:\/\/schema.org","@graph":[{"@type":"Article","@id":"https:\/\/stuttgarti-katolikusok.de\/index.php\/nagybojt-1-2-3-4-es-5-vasarnapjara\/#article","isPartOf":{"@id":"https:\/\/stuttgarti-katolikusok.de\/index.php\/nagybojt-1-2-3-4-es-5-vasarnapjara\/"},"author":{"name":"Tibor atya","@id":"https:\/\/stuttgarti-katolikusok.de\/#\/schema\/person\/75908d6f8fdc03a57889d27209df7795"},"headline":"Nagyb\u00f6jt 1., 2., 3., 4. \u00e9s 5. vas\u00e1rnapj\u00e1ra","datePublished":"2020-02-29T06:52:16+00:00","dateModified":"2020-04-27T08:26:14+00:00","mainEntityOfPage":{"@id":"https:\/\/stuttgarti-katolikusok.de\/index.php\/nagybojt-1-2-3-4-es-5-vasarnapjara\/"},"wordCount":4800,"articleSection":["Vas\u00e1rnapi gondolatok"],"inLanguage":"hu"},{"@type":"WebPage","@id":"https:\/\/stuttgarti-katolikusok.de\/index.php\/nagybojt-1-2-3-4-es-5-vasarnapjara\/","url":"https:\/\/stuttgarti-katolikusok.de\/index.php\/nagybojt-1-2-3-4-es-5-vasarnapjara\/","name":"Nagyb\u00f6jt 1., 2., 3., 4. \u00e9s 5. vas\u00e1rnapj\u00e1ra - Stuttgarti Katolikusok","isPartOf":{"@id":"https:\/\/stuttgarti-katolikusok.de\/#website"},"datePublished":"2020-02-29T06:52:16+00:00","dateModified":"2020-04-27T08:26:14+00:00","author":{"@id":"https:\/\/stuttgarti-katolikusok.de\/#\/schema\/person\/75908d6f8fdc03a57889d27209df7795"},"breadcrumb":{"@id":"https:\/\/stuttgarti-katolikusok.de\/index.php\/nagybojt-1-2-3-4-es-5-vasarnapjara\/#breadcrumb"},"inLanguage":"hu","potentialAction":[{"@type":"ReadAction","target":["https:\/\/stuttgarti-katolikusok.de\/index.php\/nagybojt-1-2-3-4-es-5-vasarnapjara\/"]}]},{"@type":"BreadcrumbList","@id":"https:\/\/stuttgarti-katolikusok.de\/index.php\/nagybojt-1-2-3-4-es-5-vasarnapjara\/#breadcrumb","itemListElement":[{"@type":"ListItem","position":1,"name":"Kezd\u0151lap","item":"https:\/\/stuttgarti-katolikusok.de\/"},{"@type":"ListItem","position":2,"name":"Nagyb\u00f6jt 1., 2., 3., 4. \u00e9s 5. vas\u00e1rnapj\u00e1ra"}]},{"@type":"WebSite","@id":"https:\/\/stuttgarti-katolikusok.de\/#website","url":"https:\/\/stuttgarti-katolikusok.de\/","name":"Stuttgarti Katolikusok","description":"","potentialAction":[{"@type":"SearchAction","target":{"@type":"EntryPoint","urlTemplate":"https:\/\/stuttgarti-katolikusok.de\/?s={search_term_string}"},"query-input":{"@type":"PropertyValueSpecification","valueRequired":true,"valueName":"search_term_string"}}],"inLanguage":"hu"},{"@type":"Person","@id":"https:\/\/stuttgarti-katolikusok.de\/#\/schema\/person\/75908d6f8fdc03a57889d27209df7795","name":"Tibor atya","image":{"@type":"ImageObject","inLanguage":"hu","@id":"https:\/\/secure.gravatar.com\/avatar\/61d268e57d1f4525b111222e29d2d5a7f8c420fdbf231ba5566a8ceac74fa960?s=96&d=mm&r=g","url":"https:\/\/secure.gravatar.com\/avatar\/61d268e57d1f4525b111222e29d2d5a7f8c420fdbf231ba5566a8ceac74fa960?s=96&d=mm&r=g","contentUrl":"https:\/\/secure.gravatar.com\/avatar\/61d268e57d1f4525b111222e29d2d5a7f8c420fdbf231ba5566a8ceac74fa960?s=96&d=mm&r=g","caption":"Tibor atya"},"url":"https:\/\/stuttgarti-katolikusok.de\/index.php\/author\/tibor-atya\/"}]}},"_links":{"self":[{"href":"https:\/\/stuttgarti-katolikusok.de\/index.php\/wp-json\/wp\/v2\/posts\/18970","targetHints":{"allow":["GET"]}}],"collection":[{"href":"https:\/\/stuttgarti-katolikusok.de\/index.php\/wp-json\/wp\/v2\/posts"}],"about":[{"href":"https:\/\/stuttgarti-katolikusok.de\/index.php\/wp-json\/wp\/v2\/types\/post"}],"author":[{"embeddable":true,"href":"https:\/\/stuttgarti-katolikusok.de\/index.php\/wp-json\/wp\/v2\/users\/3"}],"replies":[{"embeddable":true,"href":"https:\/\/stuttgarti-katolikusok.de\/index.php\/wp-json\/wp\/v2\/comments?post=18970"}],"version-history":[{"count":1,"href":"https:\/\/stuttgarti-katolikusok.de\/index.php\/wp-json\/wp\/v2\/posts\/18970\/revisions"}],"predecessor-version":[{"id":18972,"href":"https:\/\/stuttgarti-katolikusok.de\/index.php\/wp-json\/wp\/v2\/posts\/18970\/revisions\/18972"}],"wp:attachment":[{"href":"https:\/\/stuttgarti-katolikusok.de\/index.php\/wp-json\/wp\/v2\/media?parent=18970"}],"wp:term":[{"taxonomy":"category","embeddable":true,"href":"https:\/\/stuttgarti-katolikusok.de\/index.php\/wp-json\/wp\/v2\/categories?post=18970"},{"taxonomy":"post_tag","embeddable":true,"href":"https:\/\/stuttgarti-katolikusok.de\/index.php\/wp-json\/wp\/v2\/tags?post=18970"}],"curies":[{"name":"wp","href":"https:\/\/api.w.org\/{rel}","templated":true}]}}