{"id":18958,"date":"2020-02-26T12:34:12","date_gmt":"2020-02-26T12:34:12","guid":{"rendered":"https:\/\/gracious-dewdney.138-201-221-2.plesk.page\/?p=18958"},"modified":"2020-02-26T12:34:12","modified_gmt":"2020-02-26T12:34:12","slug":"dr-taczmann-andrea-egyhazkozsegunk-vendege-volt-fabry-kornel-atya","status":"publish","type":"post","link":"https:\/\/stuttgarti-katolikusok.de\/index.php\/dr-taczmann-andrea-egyhazkozsegunk-vendege-volt-fabry-kornel-atya\/","title":{"rendered":"Dr. Taczmann Andrea: Egyh\u00e1zk\u00f6zs\u00e9g\u00fcnk vend\u00e9ge volt F\u00e1bry Korn\u00e9l atya"},"content":{"rendered":"<p><strong>Egyh\u00e1zk\u00f6zs\u00e9g\u00fcnk vend\u00e9ge volt F\u00e1bry Korn\u00e9l atya<\/strong><\/p>\n<p>A 2020-as budapesti Eucharisztikus Vil\u00e1gkongresszusra val\u00f3 k\u00e9sz\u00fcletek m\u00e1r a k\u00fclhoni magyar egyh\u00e1zk\u00f6zs\u00e9gekben is zajlanak. Ennek kiemelked\u0151 esem\u00e9nye volt, hogy 2020. febru\u00e1r 21-22-\u00e9n k\u00e9t d\u00e9l-n\u00e9metorsz\u00e1gi k\u00fclhoni magyar misszi\u00f3ra is ell\u00e1togatott Dr. F\u00e1bry Korn\u00e9l, az 52. Nemzetk\u00f6zi Eucharisztikus Kongresszus (NEK) f\u0151titk\u00e1ra. A tal\u00e1lkoz\u00f3k sor\u00e1n az atya besz\u00e1molt a szeptemberi vil\u00e1gesem\u00e9ny el\u0151k\u00e9sz\u00fcleteir\u0151l \u00e9s szem\u00e9lyesen is r\u00e9szv\u00e9telre buzd\u00edtotta a magyar egyh\u00e1zk\u00f6zs\u00e9gek tagjait.<\/p>\n<p>A NEK f\u0151titk\u00e1ra febru\u00e1r 21-\u00e9n este egyh\u00e1zk\u00f6zs\u00e9g\u00fcnk megh\u00edv\u00e1s\u00e1ra Stuttgartba \u00e9rkezett, ahol szentmis\u00e9t mutatott be Dr. Tempfli Imre pl\u00e9b\u00e1nossal. A szentmise keret\u00e9ben a k\u00f6z\u00f6ss\u00e9g egy\u00fctt im\u00e1dkozott a Kongresszus gy\u00fcm\u00f6lcsei\u00e9rt, \u00e9s felcsend\u00fclt az 1938-as Eucharisztikus Vil\u00e1gkongresszus himnuszak\u00e9nt \u00edr\u00f3dott \u201eGy\u0151zelemr\u0151l \u00e9nekeljen Napkelet \u00e9s Napnyugat\u201d kezdet\u0171 \u00e9nek is.<\/p>\n<p>A szentmis\u00e9t vet\u00edtett k\u00e9pes el\u0151ad\u00e1s k\u00f6vette, melyet \u00e9l\u00e9nk \u00e9rdekl\u0151d\u00e9s \u00f6vezett. A jelenl\u00e9v\u0151k megtudhatt\u00e1k, hogy az Eucharisztikus Kongresszus nem m\u00e1sra, mint az Euchariszti\u00e1ban val\u00f3s\u00e1gosan k\u00f6zt\u00fcnk \u00e9l\u0151 J\u00e9zussal val\u00f3 tal\u00e1lkoz\u00e1sra ny\u00fajt lehet\u0151s\u00e9get egy eg\u00e9szen egyedi \u00e9s k\u00fcl\u00f6nleges m\u00f3don. Az egyhetes sz\u00ednes lelki \u00e9s kultur\u00e1lis programsorozat \u2013 melynek r\u00e9szleteir\u0151l szint\u00e9n inform\u00e1l\u00f3dhatott a stuttgarti k\u00f6z\u00f6ss\u00e9g \u2013 legfontosabb c\u00e9lkit\u0171z\u00e9se, hogy elm\u00e9ly\u00edtse a szerte az eg\u00e9sz vil\u00e1gb\u00f3l \u00e9rkez\u0151 zar\u00e1ndokok Eucharisztia ir\u00e1nti tisztelet\u00e9t, meger\u0151s\u00edtse a keny\u00e9r \u00e9s a bor sz\u00edne alatt k\u00f6zt\u00fcnk l\u00e9v\u0151 J\u00e9zusban val\u00f3 hit\u00e9t \u00e9s tan\u00fas\u00e1gt\u00e9telre buzd\u00edtsa \u0151ket. Sz\u00e9p mozzanata lesz ennek a szeptember 19-i eucharisztikus f\u00e1kly\u00e1s k\u00f6rmenet.<\/p>\n<p>Korn\u00e9l atya k\u00fcl\u00f6n felh\u00edvta a figyelmet a fiataloknak szervezett Forr\u00e1spont esem\u00e9nyre, a szeptember 19-i csal\u00e1di napra \u00e9s ministr\u00e1nstal\u00e1lkoz\u00f3ra. A hallgat\u00f3s\u00e1g ezen k\u00edv\u00fcl praktikus inform\u00e1ci\u00f3kat is kaphatott a regisztr\u00e1ci\u00f3 mik\u00e9ntj\u00e9r\u0151l, valamint k\u00fcl\u00f6nlegess\u00e9geket is megtudhatott, mint p\u00e9ld\u00e1ul azt, hogy eddig 73 orsz\u00e1gb\u00f3l regisztr\u00e1ltak a vil\u00e1gesem\u00e9nyre, k\u00f6zt\u00fck a legt\u00e1volabbi jelentkez\u0151 egy Ausztr\u00e1li\u00e1n t\u00fali kis szigetr\u0151l jelezte r\u00e9szv\u00e9tel\u00e9t.<\/p>\n<p>Ezen t\u00fal sz\u00f3 esett arr\u00f3l is, hogy milyen sokf\u00e9le m\u00f3don lehet el\u0151seg\u00edteni a Kongresszus \u00fcgy\u00e9t a k\u00fclhonban: szentmis\u00e9n val\u00f3 gyakori r\u00e9szv\u00e9tellel, im\u00e1ds\u00e1ggal, tan\u00fas\u00e1gtev\u0151 kereszt\u00e9ny \u00e9lettel, nagykilenced elv\u00e9gz\u00e9s\u00e9vel, \u00e9s nem utols\u00f3 sorban a szeptemberi esem\u00e9ny terjeszt\u00e9s\u00e9vel. Ez ut\u00f3bbihoz k\u00fcl\u00f6nf\u00e9le sz\u00f3r\u00f3anyagok \u00e1lltak a r\u00e9sztvev\u0151k rendelkez\u00e9s\u00e9re, valamint hozz\u00e1 lehetett jutni egy olyan kiadv\u00e1nyhoz is, mely a kongresszusi el\u0151k\u00e9sz\u00fcletek kapcs\u00e1n ind\u00edtott <em>Evangeliz\u00e1ci\u00f3 iskol\u00e1ja<\/em> c\u00edm\u0171 el\u0151ad\u00e1ssorozat alapj\u00e1n k\u00e9sz\u00fclt.<\/p>\n<p>Az el\u0151ad\u00e1s ut\u00e1n lehet\u0151s\u00e9g volt tov\u00e1bbi k\u00e9rd\u00e9sek feltev\u00e9s\u00e9re is. A lelkes k\u00f6z\u00f6ns\u00e9g ekkor megtudhatta, hogy hogyan is zajlanak a NEK f\u0151titk\u00e1r h\u00e9tk\u00f6znapjai. Az viszont m\u00e9g egyel\u0151re k\u00e9rd\u00e9ses, hogy a Kongresszus idej\u00e9re ell\u00e1togat-e haz\u00e1nkba Ferenc p\u00e1pa. A szeptemberi vil\u00e1gesem\u00e9nyre tervezett l\u00e1tv\u00e1nyoss\u00e1gokat szint\u00e9n titok \u00f6vezi. Az el\u0151ad\u00e1st j\u00f3 hangulat\u00fa szeretetvend\u00e9gs\u00e9g \u00e9s besz\u00e9lget\u00e9s k\u00f6vette.<\/p>\n<p>Korn\u00e9l atya k\u00fclhoni l\u00e1togat\u00e1s\u00e1nak gy\u00fcm\u00f6lcsei m\u00e1r most k\u00e9zzel foghat\u00f3k. Ezt mi sem mutatja jobban, mint hogy az el\u0151ad\u00e1s ut\u00e1n t\u00f6bben mondt\u00e1k, hogy az el\u0151ad\u00e1s nyom\u00e1n igaz\u00e1n meg\u00e9rtett\u00e9k, hogy miben is \u00e1ll az Eucharisztikus Kongresszus jelent\u0151s\u00e9ge.<\/p>\n<p>A d\u00e9l-n\u00e9metorsz\u00e1gi k\u00f6r\u00fat m\u00e1snap a bajororsz\u00e1gi Augsburgba vezetett, ahol a Szent L\u00e1szl\u00f3 Magyar Katolikus Misszi\u00f3 h\u00edvei v\u00e1rt\u00e1k a Kongresszus f\u0151titk\u00e1r\u00e1t.<\/p>\n<p>Tov\u00e1bbi inform\u00e1ci\u00f3k az Eucharisztikus Vil\u00e1gkongresszusr\u00f3l itt tal\u00e1lhat\u00f3k: <a href=\"https:\/\/www.iec2020.hu\/hu\">https:\/\/www.iec2020.hu\/hu<\/a><\/p>\n<p>Cikk: Dr. Taczman Andrea (K\u0151r\u00f6si Csoma S\u00e1ndor \u00f6szt\u00f6nd\u00edjas)<\/p>\n<p>Fot\u00f3k: NEK Titk\u00e1rs\u00e1g<\/p>\n<p>&nbsp;<\/p>\n<p>&nbsp;<\/p>\n","protected":false},"excerpt":{"rendered":"<p>Egyh\u00e1zk\u00f6zs\u00e9g\u00fcnk vend\u00e9ge volt F\u00e1bry Korn\u00e9l atya A 2020-as budapesti Eucharisztikus Vil\u00e1gkongresszusra val\u00f3 k\u00e9sz\u00fcletek m\u00e1r a k\u00fclhoni magyar egyh\u00e1zk\u00f6zs\u00e9gekben is zajlanak. Ennek kiemelked\u0151 esem\u00e9nye volt, hogy 2020. febru\u00e1r 21-22-\u00e9n k\u00e9t d\u00e9l-n\u00e9metorsz\u00e1gi k\u00fclhoni magyar misszi\u00f3ra is ell\u00e1togatott Dr. F\u00e1bry Korn\u00e9l, az 52. Nemzetk\u00f6zi Eucharisztikus Kongresszus (NEK) f\u0151titk\u00e1ra. A tal\u00e1lkoz\u00f3k sor\u00e1n az atya besz\u00e1molt a szeptemberi vil\u00e1gesem\u00e9ny el\u0151k\u00e9sz\u00fcleteir\u0151l \u00e9s szem\u00e9lyesen is r\u00e9szv\u00e9telre buzd\u00edtotta a magyar egyh\u00e1zk\u00f6zs\u00e9gek tagjait. A NEK f\u0151titk\u00e1ra febru\u00e1r 21-\u00e9n este egyh\u00e1zk\u00f6zs\u00e9g\u00fcnk megh\u00edv\u00e1s\u00e1ra Stuttgartba \u00e9rkezett, ahol szentmis\u00e9t mutatott be Dr. Tempfli Imre pl\u00e9b\u00e1nossal. A szentmise keret\u00e9ben a k\u00f6z\u00f6ss\u00e9g egy\u00fctt im\u00e1dkozott a Kongresszus gy\u00fcm\u00f6lcsei\u00e9rt, \u00e9s felcsend\u00fclt az 1938-as Eucharisztikus Vil\u00e1gkongresszus himnuszak\u00e9nt \u00edr\u00f3dott \u201eGy\u0151zelemr\u0151l \u00e9nekeljen Napkelet \u00e9s Napnyugat\u201d kezdet\u0171 \u00e9nek is. A szentmis\u00e9t vet\u00edtett k\u00e9pes el\u0151ad\u00e1s k\u00f6vette, melyet \u00e9l\u00e9nk \u00e9rdekl\u0151d\u00e9s \u00f6vezett. A jelenl\u00e9v\u0151k megtudhatt\u00e1k, hogy az Eucharisztikus Kongresszus nem m\u00e1sra, mint az Euchariszti\u00e1ban val\u00f3s\u00e1gosan k\u00f6zt\u00fcnk \u00e9l\u0151 J\u00e9zussal val\u00f3 tal\u00e1lkoz\u00e1sra ny\u00fajt lehet\u0151s\u00e9get egy eg\u00e9szen egyedi \u00e9s k\u00fcl\u00f6nleges m\u00f3don. Az egyhetes sz\u00ednes lelki \u00e9s kultur\u00e1lis programsorozat \u2013 melynek r\u00e9szleteir\u0151l szint\u00e9n inform\u00e1l\u00f3dhatott a stuttgarti k\u00f6z\u00f6ss\u00e9g \u2013 legfontosabb c\u00e9lkit\u0171z\u00e9se, hogy elm\u00e9ly\u00edtse a szerte az eg\u00e9sz vil\u00e1gb\u00f3l \u00e9rkez\u0151 zar\u00e1ndokok Eucharisztia ir\u00e1nti tisztelet\u00e9t, meger\u0151s\u00edtse a keny\u00e9r \u00e9s a bor sz\u00edne alatt k\u00f6zt\u00fcnk l\u00e9v\u0151 J\u00e9zusban val\u00f3 hit\u00e9t \u00e9s tan\u00fas\u00e1gt\u00e9telre buzd\u00edtsa \u0151ket. Sz\u00e9p mozzanata lesz ennek a szeptember 19-i eucharisztikus f\u00e1kly\u00e1s k\u00f6rmenet. Korn\u00e9l atya k\u00fcl\u00f6n felh\u00edvta a figyelmet a fiataloknak szervezett Forr\u00e1spont esem\u00e9nyre, a szeptember 19-i csal\u00e1di napra \u00e9s ministr\u00e1nstal\u00e1lkoz\u00f3ra. A hallgat\u00f3s\u00e1g ezen k\u00edv\u00fcl praktikus inform\u00e1ci\u00f3kat is kaphatott a regisztr\u00e1ci\u00f3 mik\u00e9ntj\u00e9r\u0151l, valamint k\u00fcl\u00f6nlegess\u00e9geket is megtudhatott, mint p\u00e9ld\u00e1ul azt, hogy eddig 73 orsz\u00e1gb\u00f3l regisztr\u00e1ltak a vil\u00e1gesem\u00e9nyre, k\u00f6zt\u00fck a legt\u00e1volabbi jelentkez\u0151 egy Ausztr\u00e1li\u00e1n t\u00fali kis szigetr\u0151l jelezte r\u00e9szv\u00e9tel\u00e9t. Ezen t\u00fal sz\u00f3 esett arr\u00f3l is, hogy milyen sokf\u00e9le m\u00f3don lehet el\u0151seg\u00edteni a Kongresszus \u00fcgy\u00e9t a k\u00fclhonban: szentmis\u00e9n val\u00f3 gyakori r\u00e9szv\u00e9tellel, im\u00e1ds\u00e1ggal, tan\u00fas\u00e1gtev\u0151 kereszt\u00e9ny \u00e9lettel, nagykilenced elv\u00e9gz\u00e9s\u00e9vel, \u00e9s nem utols\u00f3 sorban a szeptemberi esem\u00e9ny terjeszt\u00e9s\u00e9vel. Ez ut\u00f3bbihoz k\u00fcl\u00f6nf\u00e9le sz\u00f3r\u00f3anyagok \u00e1lltak a r\u00e9sztvev\u0151k rendelkez\u00e9s\u00e9re, valamint hozz\u00e1&#8230; <\/p>\n<p><a class=\"readmore\" href=\"https:\/\/stuttgarti-katolikusok.de\/index.php\/dr-taczmann-andrea-egyhazkozsegunk-vendege-volt-fabry-kornel-atya\/\">R\u00e9szletek<\/a><\/p>\n","protected":false},"author":3,"featured_media":18959,"comment_status":"closed","ping_status":"closed","sticky":false,"template":"","format":"standard","meta":{"footnotes":""},"categories":[28],"tags":[],"class_list":["post-18958","post","type-post","status-publish","format-standard","has-post-thumbnail","hentry","category-olvasoink-irjak"],"yoast_head":"<!-- This site is optimized with the Yoast SEO plugin v27.3 - https:\/\/yoast.com\/product\/yoast-seo-wordpress\/ -->\n<title>Dr. Taczmann Andrea: Egyh\u00e1zk\u00f6zs\u00e9g\u00fcnk vend\u00e9ge volt F\u00e1bry Korn\u00e9l atya - Stuttgarti Katolikusok<\/title>\n<meta name=\"robots\" content=\"index, follow, max-snippet:-1, max-image-preview:large, max-video-preview:-1\" \/>\n<link rel=\"canonical\" href=\"https:\/\/stuttgarti-katolikusok.de\/index.php\/dr-taczmann-andrea-egyhazkozsegunk-vendege-volt-fabry-kornel-atya\/\" \/>\n<meta property=\"og:locale\" content=\"hu_HU\" \/>\n<meta property=\"og:type\" content=\"article\" \/>\n<meta property=\"og:title\" content=\"Dr. Taczmann Andrea: Egyh\u00e1zk\u00f6zs\u00e9g\u00fcnk vend\u00e9ge volt F\u00e1bry Korn\u00e9l atya - Stuttgarti Katolikusok\" \/>\n<meta property=\"og:description\" content=\"Egyh\u00e1zk\u00f6zs\u00e9g\u00fcnk vend\u00e9ge volt F\u00e1bry Korn\u00e9l atya A 2020-as budapesti Eucharisztikus Vil\u00e1gkongresszusra val\u00f3 k\u00e9sz\u00fcletek m\u00e1r a k\u00fclhoni magyar egyh\u00e1zk\u00f6zs\u00e9gekben is zajlanak. Ennek kiemelked\u0151 esem\u00e9nye volt, hogy 2020. febru\u00e1r 21-22-\u00e9n k\u00e9t d\u00e9l-n\u00e9metorsz\u00e1gi k\u00fclhoni magyar misszi\u00f3ra is ell\u00e1togatott Dr. F\u00e1bry Korn\u00e9l, az 52. Nemzetk\u00f6zi Eucharisztikus Kongresszus (NEK) f\u0151titk\u00e1ra. A tal\u00e1lkoz\u00f3k sor\u00e1n az atya besz\u00e1molt a szeptemberi vil\u00e1gesem\u00e9ny el\u0151k\u00e9sz\u00fcleteir\u0151l \u00e9s szem\u00e9lyesen is r\u00e9szv\u00e9telre buzd\u00edtotta a magyar egyh\u00e1zk\u00f6zs\u00e9gek tagjait. A NEK f\u0151titk\u00e1ra febru\u00e1r 21-\u00e9n este egyh\u00e1zk\u00f6zs\u00e9g\u00fcnk megh\u00edv\u00e1s\u00e1ra Stuttgartba \u00e9rkezett, ahol szentmis\u00e9t mutatott be Dr. Tempfli Imre pl\u00e9b\u00e1nossal. A szentmise keret\u00e9ben a k\u00f6z\u00f6ss\u00e9g egy\u00fctt im\u00e1dkozott a Kongresszus gy\u00fcm\u00f6lcsei\u00e9rt, \u00e9s felcsend\u00fclt az 1938-as Eucharisztikus Vil\u00e1gkongresszus himnuszak\u00e9nt \u00edr\u00f3dott \u201eGy\u0151zelemr\u0151l \u00e9nekeljen Napkelet \u00e9s Napnyugat\u201d kezdet\u0171 \u00e9nek is. A szentmis\u00e9t vet\u00edtett k\u00e9pes el\u0151ad\u00e1s k\u00f6vette, melyet \u00e9l\u00e9nk \u00e9rdekl\u0151d\u00e9s \u00f6vezett. A jelenl\u00e9v\u0151k megtudhatt\u00e1k, hogy az Eucharisztikus Kongresszus nem m\u00e1sra, mint az Euchariszti\u00e1ban val\u00f3s\u00e1gosan k\u00f6zt\u00fcnk \u00e9l\u0151 J\u00e9zussal val\u00f3 tal\u00e1lkoz\u00e1sra ny\u00fajt lehet\u0151s\u00e9get egy eg\u00e9szen egyedi \u00e9s k\u00fcl\u00f6nleges m\u00f3don. Az egyhetes sz\u00ednes lelki \u00e9s kultur\u00e1lis programsorozat \u2013 melynek r\u00e9szleteir\u0151l szint\u00e9n inform\u00e1l\u00f3dhatott a stuttgarti k\u00f6z\u00f6ss\u00e9g \u2013 legfontosabb c\u00e9lkit\u0171z\u00e9se, hogy elm\u00e9ly\u00edtse a szerte az eg\u00e9sz vil\u00e1gb\u00f3l \u00e9rkez\u0151 zar\u00e1ndokok Eucharisztia ir\u00e1nti tisztelet\u00e9t, meger\u0151s\u00edtse a keny\u00e9r \u00e9s a bor sz\u00edne alatt k\u00f6zt\u00fcnk l\u00e9v\u0151 J\u00e9zusban val\u00f3 hit\u00e9t \u00e9s tan\u00fas\u00e1gt\u00e9telre buzd\u00edtsa \u0151ket. Sz\u00e9p mozzanata lesz ennek a szeptember 19-i eucharisztikus f\u00e1kly\u00e1s k\u00f6rmenet. Korn\u00e9l atya k\u00fcl\u00f6n felh\u00edvta a figyelmet a fiataloknak szervezett Forr\u00e1spont esem\u00e9nyre, a szeptember 19-i csal\u00e1di napra \u00e9s ministr\u00e1nstal\u00e1lkoz\u00f3ra. A hallgat\u00f3s\u00e1g ezen k\u00edv\u00fcl praktikus inform\u00e1ci\u00f3kat is kaphatott a regisztr\u00e1ci\u00f3 mik\u00e9ntj\u00e9r\u0151l, valamint k\u00fcl\u00f6nlegess\u00e9geket is megtudhatott, mint p\u00e9ld\u00e1ul azt, hogy eddig 73 orsz\u00e1gb\u00f3l regisztr\u00e1ltak a vil\u00e1gesem\u00e9nyre, k\u00f6zt\u00fck a legt\u00e1volabbi jelentkez\u0151 egy Ausztr\u00e1li\u00e1n t\u00fali kis szigetr\u0151l jelezte r\u00e9szv\u00e9tel\u00e9t. Ezen t\u00fal sz\u00f3 esett arr\u00f3l is, hogy milyen sokf\u00e9le m\u00f3don lehet el\u0151seg\u00edteni a Kongresszus \u00fcgy\u00e9t a k\u00fclhonban: szentmis\u00e9n val\u00f3 gyakori r\u00e9szv\u00e9tellel, im\u00e1ds\u00e1ggal, tan\u00fas\u00e1gtev\u0151 kereszt\u00e9ny \u00e9lettel, nagykilenced elv\u00e9gz\u00e9s\u00e9vel, \u00e9s nem utols\u00f3 sorban a szeptemberi esem\u00e9ny terjeszt\u00e9s\u00e9vel. Ez ut\u00f3bbihoz k\u00fcl\u00f6nf\u00e9le sz\u00f3r\u00f3anyagok \u00e1lltak a r\u00e9sztvev\u0151k rendelkez\u00e9s\u00e9re, valamint hozz\u00e1... R\u00e9szletek\" \/>\n<meta property=\"og:url\" content=\"https:\/\/stuttgarti-katolikusok.de\/index.php\/dr-taczmann-andrea-egyhazkozsegunk-vendege-volt-fabry-kornel-atya\/\" \/>\n<meta property=\"og:site_name\" content=\"Stuttgarti Katolikusok\" \/>\n<meta property=\"article:published_time\" content=\"2020-02-26T12:34:12+00:00\" \/>\n<meta property=\"og:image\" content=\"https:\/\/stuttgarti-katolikusok.de\/wp-content\/uploads\/2020\/02\/fabrykornel.jpg\" \/>\n\t<meta property=\"og:image:width\" content=\"1080\" \/>\n\t<meta property=\"og:image:height\" content=\"720\" \/>\n\t<meta property=\"og:image:type\" content=\"image\/jpeg\" \/>\n<meta name=\"author\" content=\"Tibor atya\" \/>\n<meta name=\"twitter:card\" content=\"summary_large_image\" \/>\n<meta name=\"twitter:label1\" content=\"Szerz\u0151:\" \/>\n\t<meta name=\"twitter:data1\" content=\"Tibor atya\" \/>\n\t<meta name=\"twitter:label2\" content=\"Becs\u00fclt olvas\u00e1si id\u0151\" \/>\n\t<meta name=\"twitter:data2\" content=\"4 perc\" \/>\n<script type=\"application\/ld+json\" class=\"yoast-schema-graph\">{\"@context\":\"https:\\\/\\\/schema.org\",\"@graph\":[{\"@type\":\"Article\",\"@id\":\"https:\\\/\\\/stuttgarti-katolikusok.de\\\/index.php\\\/dr-taczmann-andrea-egyhazkozsegunk-vendege-volt-fabry-kornel-atya\\\/#article\",\"isPartOf\":{\"@id\":\"https:\\\/\\\/stuttgarti-katolikusok.de\\\/index.php\\\/dr-taczmann-andrea-egyhazkozsegunk-vendege-volt-fabry-kornel-atya\\\/\"},\"author\":{\"name\":\"Tibor atya\",\"@id\":\"https:\\\/\\\/stuttgarti-katolikusok.de\\\/#\\\/schema\\\/person\\\/75908d6f8fdc03a57889d27209df7795\"},\"headline\":\"Dr. Taczmann Andrea: Egyh\u00e1zk\u00f6zs\u00e9g\u00fcnk vend\u00e9ge volt F\u00e1bry Korn\u00e9l atya\",\"datePublished\":\"2020-02-26T12:34:12+00:00\",\"mainEntityOfPage\":{\"@id\":\"https:\\\/\\\/stuttgarti-katolikusok.de\\\/index.php\\\/dr-taczmann-andrea-egyhazkozsegunk-vendege-volt-fabry-kornel-atya\\\/\"},\"wordCount\":779,\"image\":{\"@id\":\"https:\\\/\\\/stuttgarti-katolikusok.de\\\/index.php\\\/dr-taczmann-andrea-egyhazkozsegunk-vendege-volt-fabry-kornel-atya\\\/#primaryimage\"},\"thumbnailUrl\":\"https:\\\/\\\/stuttgarti-katolikusok.de\\\/wp-content\\\/uploads\\\/2020\\\/02\\\/fabrykornel.jpg\",\"articleSection\":[\"Olvas\u00f3ink \u00edrj\u00e1k\"],\"inLanguage\":\"hu\"},{\"@type\":\"WebPage\",\"@id\":\"https:\\\/\\\/stuttgarti-katolikusok.de\\\/index.php\\\/dr-taczmann-andrea-egyhazkozsegunk-vendege-volt-fabry-kornel-atya\\\/\",\"url\":\"https:\\\/\\\/stuttgarti-katolikusok.de\\\/index.php\\\/dr-taczmann-andrea-egyhazkozsegunk-vendege-volt-fabry-kornel-atya\\\/\",\"name\":\"Dr. Taczmann Andrea: Egyh\u00e1zk\u00f6zs\u00e9g\u00fcnk vend\u00e9ge volt F\u00e1bry Korn\u00e9l atya - Stuttgarti Katolikusok\",\"isPartOf\":{\"@id\":\"https:\\\/\\\/stuttgarti-katolikusok.de\\\/#website\"},\"primaryImageOfPage\":{\"@id\":\"https:\\\/\\\/stuttgarti-katolikusok.de\\\/index.php\\\/dr-taczmann-andrea-egyhazkozsegunk-vendege-volt-fabry-kornel-atya\\\/#primaryimage\"},\"image\":{\"@id\":\"https:\\\/\\\/stuttgarti-katolikusok.de\\\/index.php\\\/dr-taczmann-andrea-egyhazkozsegunk-vendege-volt-fabry-kornel-atya\\\/#primaryimage\"},\"thumbnailUrl\":\"https:\\\/\\\/stuttgarti-katolikusok.de\\\/wp-content\\\/uploads\\\/2020\\\/02\\\/fabrykornel.jpg\",\"datePublished\":\"2020-02-26T12:34:12+00:00\",\"author\":{\"@id\":\"https:\\\/\\\/stuttgarti-katolikusok.de\\\/#\\\/schema\\\/person\\\/75908d6f8fdc03a57889d27209df7795\"},\"breadcrumb\":{\"@id\":\"https:\\\/\\\/stuttgarti-katolikusok.de\\\/index.php\\\/dr-taczmann-andrea-egyhazkozsegunk-vendege-volt-fabry-kornel-atya\\\/#breadcrumb\"},\"inLanguage\":\"hu\",\"potentialAction\":[{\"@type\":\"ReadAction\",\"target\":[\"https:\\\/\\\/stuttgarti-katolikusok.de\\\/index.php\\\/dr-taczmann-andrea-egyhazkozsegunk-vendege-volt-fabry-kornel-atya\\\/\"]}]},{\"@type\":\"ImageObject\",\"inLanguage\":\"hu\",\"@id\":\"https:\\\/\\\/stuttgarti-katolikusok.de\\\/index.php\\\/dr-taczmann-andrea-egyhazkozsegunk-vendege-volt-fabry-kornel-atya\\\/#primaryimage\",\"url\":\"https:\\\/\\\/stuttgarti-katolikusok.de\\\/wp-content\\\/uploads\\\/2020\\\/02\\\/fabrykornel.jpg\",\"contentUrl\":\"https:\\\/\\\/stuttgarti-katolikusok.de\\\/wp-content\\\/uploads\\\/2020\\\/02\\\/fabrykornel.jpg\",\"width\":1080,\"height\":720},{\"@type\":\"BreadcrumbList\",\"@id\":\"https:\\\/\\\/stuttgarti-katolikusok.de\\\/index.php\\\/dr-taczmann-andrea-egyhazkozsegunk-vendege-volt-fabry-kornel-atya\\\/#breadcrumb\",\"itemListElement\":[{\"@type\":\"ListItem\",\"position\":1,\"name\":\"Kezd\u0151lap\",\"item\":\"https:\\\/\\\/stuttgarti-katolikusok.de\\\/\"},{\"@type\":\"ListItem\",\"position\":2,\"name\":\"Dr. Taczmann Andrea: Egyh\u00e1zk\u00f6zs\u00e9g\u00fcnk vend\u00e9ge volt F\u00e1bry Korn\u00e9l atya\"}]},{\"@type\":\"WebSite\",\"@id\":\"https:\\\/\\\/stuttgarti-katolikusok.de\\\/#website\",\"url\":\"https:\\\/\\\/stuttgarti-katolikusok.de\\\/\",\"name\":\"Stuttgarti Katolikusok\",\"description\":\"\",\"potentialAction\":[{\"@type\":\"SearchAction\",\"target\":{\"@type\":\"EntryPoint\",\"urlTemplate\":\"https:\\\/\\\/stuttgarti-katolikusok.de\\\/?s={search_term_string}\"},\"query-input\":{\"@type\":\"PropertyValueSpecification\",\"valueRequired\":true,\"valueName\":\"search_term_string\"}}],\"inLanguage\":\"hu\"},{\"@type\":\"Person\",\"@id\":\"https:\\\/\\\/stuttgarti-katolikusok.de\\\/#\\\/schema\\\/person\\\/75908d6f8fdc03a57889d27209df7795\",\"name\":\"Tibor atya\",\"image\":{\"@type\":\"ImageObject\",\"inLanguage\":\"hu\",\"@id\":\"https:\\\/\\\/secure.gravatar.com\\\/avatar\\\/61d268e57d1f4525b111222e29d2d5a7f8c420fdbf231ba5566a8ceac74fa960?s=96&d=mm&r=g\",\"url\":\"https:\\\/\\\/secure.gravatar.com\\\/avatar\\\/61d268e57d1f4525b111222e29d2d5a7f8c420fdbf231ba5566a8ceac74fa960?s=96&d=mm&r=g\",\"contentUrl\":\"https:\\\/\\\/secure.gravatar.com\\\/avatar\\\/61d268e57d1f4525b111222e29d2d5a7f8c420fdbf231ba5566a8ceac74fa960?s=96&d=mm&r=g\",\"caption\":\"Tibor atya\"},\"url\":\"https:\\\/\\\/stuttgarti-katolikusok.de\\\/index.php\\\/author\\\/tibor-atya\\\/\"}]}<\/script>\n<!-- \/ Yoast SEO plugin. -->","yoast_head_json":{"title":"Dr. Taczmann Andrea: Egyh\u00e1zk\u00f6zs\u00e9g\u00fcnk vend\u00e9ge volt F\u00e1bry Korn\u00e9l atya - Stuttgarti Katolikusok","robots":{"index":"index","follow":"follow","max-snippet":"max-snippet:-1","max-image-preview":"max-image-preview:large","max-video-preview":"max-video-preview:-1"},"canonical":"https:\/\/stuttgarti-katolikusok.de\/index.php\/dr-taczmann-andrea-egyhazkozsegunk-vendege-volt-fabry-kornel-atya\/","og_locale":"hu_HU","og_type":"article","og_title":"Dr. Taczmann Andrea: Egyh\u00e1zk\u00f6zs\u00e9g\u00fcnk vend\u00e9ge volt F\u00e1bry Korn\u00e9l atya - Stuttgarti Katolikusok","og_description":"Egyh\u00e1zk\u00f6zs\u00e9g\u00fcnk vend\u00e9ge volt F\u00e1bry Korn\u00e9l atya A 2020-as budapesti Eucharisztikus Vil\u00e1gkongresszusra val\u00f3 k\u00e9sz\u00fcletek m\u00e1r a k\u00fclhoni magyar egyh\u00e1zk\u00f6zs\u00e9gekben is zajlanak. Ennek kiemelked\u0151 esem\u00e9nye volt, hogy 2020. febru\u00e1r 21-22-\u00e9n k\u00e9t d\u00e9l-n\u00e9metorsz\u00e1gi k\u00fclhoni magyar misszi\u00f3ra is ell\u00e1togatott Dr. F\u00e1bry Korn\u00e9l, az 52. Nemzetk\u00f6zi Eucharisztikus Kongresszus (NEK) f\u0151titk\u00e1ra. A tal\u00e1lkoz\u00f3k sor\u00e1n az atya besz\u00e1molt a szeptemberi vil\u00e1gesem\u00e9ny el\u0151k\u00e9sz\u00fcleteir\u0151l \u00e9s szem\u00e9lyesen is r\u00e9szv\u00e9telre buzd\u00edtotta a magyar egyh\u00e1zk\u00f6zs\u00e9gek tagjait. A NEK f\u0151titk\u00e1ra febru\u00e1r 21-\u00e9n este egyh\u00e1zk\u00f6zs\u00e9g\u00fcnk megh\u00edv\u00e1s\u00e1ra Stuttgartba \u00e9rkezett, ahol szentmis\u00e9t mutatott be Dr. Tempfli Imre pl\u00e9b\u00e1nossal. A szentmise keret\u00e9ben a k\u00f6z\u00f6ss\u00e9g egy\u00fctt im\u00e1dkozott a Kongresszus gy\u00fcm\u00f6lcsei\u00e9rt, \u00e9s felcsend\u00fclt az 1938-as Eucharisztikus Vil\u00e1gkongresszus himnuszak\u00e9nt \u00edr\u00f3dott \u201eGy\u0151zelemr\u0151l \u00e9nekeljen Napkelet \u00e9s Napnyugat\u201d kezdet\u0171 \u00e9nek is. A szentmis\u00e9t vet\u00edtett k\u00e9pes el\u0151ad\u00e1s k\u00f6vette, melyet \u00e9l\u00e9nk \u00e9rdekl\u0151d\u00e9s \u00f6vezett. A jelenl\u00e9v\u0151k megtudhatt\u00e1k, hogy az Eucharisztikus Kongresszus nem m\u00e1sra, mint az Euchariszti\u00e1ban val\u00f3s\u00e1gosan k\u00f6zt\u00fcnk \u00e9l\u0151 J\u00e9zussal val\u00f3 tal\u00e1lkoz\u00e1sra ny\u00fajt lehet\u0151s\u00e9get egy eg\u00e9szen egyedi \u00e9s k\u00fcl\u00f6nleges m\u00f3don. Az egyhetes sz\u00ednes lelki \u00e9s kultur\u00e1lis programsorozat \u2013 melynek r\u00e9szleteir\u0151l szint\u00e9n inform\u00e1l\u00f3dhatott a stuttgarti k\u00f6z\u00f6ss\u00e9g \u2013 legfontosabb c\u00e9lkit\u0171z\u00e9se, hogy elm\u00e9ly\u00edtse a szerte az eg\u00e9sz vil\u00e1gb\u00f3l \u00e9rkez\u0151 zar\u00e1ndokok Eucharisztia ir\u00e1nti tisztelet\u00e9t, meger\u0151s\u00edtse a keny\u00e9r \u00e9s a bor sz\u00edne alatt k\u00f6zt\u00fcnk l\u00e9v\u0151 J\u00e9zusban val\u00f3 hit\u00e9t \u00e9s tan\u00fas\u00e1gt\u00e9telre buzd\u00edtsa \u0151ket. Sz\u00e9p mozzanata lesz ennek a szeptember 19-i eucharisztikus f\u00e1kly\u00e1s k\u00f6rmenet. Korn\u00e9l atya k\u00fcl\u00f6n felh\u00edvta a figyelmet a fiataloknak szervezett Forr\u00e1spont esem\u00e9nyre, a szeptember 19-i csal\u00e1di napra \u00e9s ministr\u00e1nstal\u00e1lkoz\u00f3ra. A hallgat\u00f3s\u00e1g ezen k\u00edv\u00fcl praktikus inform\u00e1ci\u00f3kat is kaphatott a regisztr\u00e1ci\u00f3 mik\u00e9ntj\u00e9r\u0151l, valamint k\u00fcl\u00f6nlegess\u00e9geket is megtudhatott, mint p\u00e9ld\u00e1ul azt, hogy eddig 73 orsz\u00e1gb\u00f3l regisztr\u00e1ltak a vil\u00e1gesem\u00e9nyre, k\u00f6zt\u00fck a legt\u00e1volabbi jelentkez\u0151 egy Ausztr\u00e1li\u00e1n t\u00fali kis szigetr\u0151l jelezte r\u00e9szv\u00e9tel\u00e9t. Ezen t\u00fal sz\u00f3 esett arr\u00f3l is, hogy milyen sokf\u00e9le m\u00f3don lehet el\u0151seg\u00edteni a Kongresszus \u00fcgy\u00e9t a k\u00fclhonban: szentmis\u00e9n val\u00f3 gyakori r\u00e9szv\u00e9tellel, im\u00e1ds\u00e1ggal, tan\u00fas\u00e1gtev\u0151 kereszt\u00e9ny \u00e9lettel, nagykilenced elv\u00e9gz\u00e9s\u00e9vel, \u00e9s nem utols\u00f3 sorban a szeptemberi esem\u00e9ny terjeszt\u00e9s\u00e9vel. Ez ut\u00f3bbihoz k\u00fcl\u00f6nf\u00e9le sz\u00f3r\u00f3anyagok \u00e1lltak a r\u00e9sztvev\u0151k rendelkez\u00e9s\u00e9re, valamint hozz\u00e1... R\u00e9szletek","og_url":"https:\/\/stuttgarti-katolikusok.de\/index.php\/dr-taczmann-andrea-egyhazkozsegunk-vendege-volt-fabry-kornel-atya\/","og_site_name":"Stuttgarti Katolikusok","article_published_time":"2020-02-26T12:34:12+00:00","og_image":[{"width":1080,"height":720,"url":"https:\/\/stuttgarti-katolikusok.de\/wp-content\/uploads\/2020\/02\/fabrykornel.jpg","type":"image\/jpeg"}],"author":"Tibor atya","twitter_card":"summary_large_image","twitter_misc":{"Szerz\u0151:":"Tibor atya","Becs\u00fclt olvas\u00e1si id\u0151":"4 perc"},"schema":{"@context":"https:\/\/schema.org","@graph":[{"@type":"Article","@id":"https:\/\/stuttgarti-katolikusok.de\/index.php\/dr-taczmann-andrea-egyhazkozsegunk-vendege-volt-fabry-kornel-atya\/#article","isPartOf":{"@id":"https:\/\/stuttgarti-katolikusok.de\/index.php\/dr-taczmann-andrea-egyhazkozsegunk-vendege-volt-fabry-kornel-atya\/"},"author":{"name":"Tibor atya","@id":"https:\/\/stuttgarti-katolikusok.de\/#\/schema\/person\/75908d6f8fdc03a57889d27209df7795"},"headline":"Dr. Taczmann Andrea: Egyh\u00e1zk\u00f6zs\u00e9g\u00fcnk vend\u00e9ge volt F\u00e1bry Korn\u00e9l atya","datePublished":"2020-02-26T12:34:12+00:00","mainEntityOfPage":{"@id":"https:\/\/stuttgarti-katolikusok.de\/index.php\/dr-taczmann-andrea-egyhazkozsegunk-vendege-volt-fabry-kornel-atya\/"},"wordCount":779,"image":{"@id":"https:\/\/stuttgarti-katolikusok.de\/index.php\/dr-taczmann-andrea-egyhazkozsegunk-vendege-volt-fabry-kornel-atya\/#primaryimage"},"thumbnailUrl":"https:\/\/stuttgarti-katolikusok.de\/wp-content\/uploads\/2020\/02\/fabrykornel.jpg","articleSection":["Olvas\u00f3ink \u00edrj\u00e1k"],"inLanguage":"hu"},{"@type":"WebPage","@id":"https:\/\/stuttgarti-katolikusok.de\/index.php\/dr-taczmann-andrea-egyhazkozsegunk-vendege-volt-fabry-kornel-atya\/","url":"https:\/\/stuttgarti-katolikusok.de\/index.php\/dr-taczmann-andrea-egyhazkozsegunk-vendege-volt-fabry-kornel-atya\/","name":"Dr. Taczmann Andrea: Egyh\u00e1zk\u00f6zs\u00e9g\u00fcnk vend\u00e9ge volt F\u00e1bry Korn\u00e9l atya - Stuttgarti Katolikusok","isPartOf":{"@id":"https:\/\/stuttgarti-katolikusok.de\/#website"},"primaryImageOfPage":{"@id":"https:\/\/stuttgarti-katolikusok.de\/index.php\/dr-taczmann-andrea-egyhazkozsegunk-vendege-volt-fabry-kornel-atya\/#primaryimage"},"image":{"@id":"https:\/\/stuttgarti-katolikusok.de\/index.php\/dr-taczmann-andrea-egyhazkozsegunk-vendege-volt-fabry-kornel-atya\/#primaryimage"},"thumbnailUrl":"https:\/\/stuttgarti-katolikusok.de\/wp-content\/uploads\/2020\/02\/fabrykornel.jpg","datePublished":"2020-02-26T12:34:12+00:00","author":{"@id":"https:\/\/stuttgarti-katolikusok.de\/#\/schema\/person\/75908d6f8fdc03a57889d27209df7795"},"breadcrumb":{"@id":"https:\/\/stuttgarti-katolikusok.de\/index.php\/dr-taczmann-andrea-egyhazkozsegunk-vendege-volt-fabry-kornel-atya\/#breadcrumb"},"inLanguage":"hu","potentialAction":[{"@type":"ReadAction","target":["https:\/\/stuttgarti-katolikusok.de\/index.php\/dr-taczmann-andrea-egyhazkozsegunk-vendege-volt-fabry-kornel-atya\/"]}]},{"@type":"ImageObject","inLanguage":"hu","@id":"https:\/\/stuttgarti-katolikusok.de\/index.php\/dr-taczmann-andrea-egyhazkozsegunk-vendege-volt-fabry-kornel-atya\/#primaryimage","url":"https:\/\/stuttgarti-katolikusok.de\/wp-content\/uploads\/2020\/02\/fabrykornel.jpg","contentUrl":"https:\/\/stuttgarti-katolikusok.de\/wp-content\/uploads\/2020\/02\/fabrykornel.jpg","width":1080,"height":720},{"@type":"BreadcrumbList","@id":"https:\/\/stuttgarti-katolikusok.de\/index.php\/dr-taczmann-andrea-egyhazkozsegunk-vendege-volt-fabry-kornel-atya\/#breadcrumb","itemListElement":[{"@type":"ListItem","position":1,"name":"Kezd\u0151lap","item":"https:\/\/stuttgarti-katolikusok.de\/"},{"@type":"ListItem","position":2,"name":"Dr. Taczmann Andrea: Egyh\u00e1zk\u00f6zs\u00e9g\u00fcnk vend\u00e9ge volt F\u00e1bry Korn\u00e9l atya"}]},{"@type":"WebSite","@id":"https:\/\/stuttgarti-katolikusok.de\/#website","url":"https:\/\/stuttgarti-katolikusok.de\/","name":"Stuttgarti Katolikusok","description":"","potentialAction":[{"@type":"SearchAction","target":{"@type":"EntryPoint","urlTemplate":"https:\/\/stuttgarti-katolikusok.de\/?s={search_term_string}"},"query-input":{"@type":"PropertyValueSpecification","valueRequired":true,"valueName":"search_term_string"}}],"inLanguage":"hu"},{"@type":"Person","@id":"https:\/\/stuttgarti-katolikusok.de\/#\/schema\/person\/75908d6f8fdc03a57889d27209df7795","name":"Tibor atya","image":{"@type":"ImageObject","inLanguage":"hu","@id":"https:\/\/secure.gravatar.com\/avatar\/61d268e57d1f4525b111222e29d2d5a7f8c420fdbf231ba5566a8ceac74fa960?s=96&d=mm&r=g","url":"https:\/\/secure.gravatar.com\/avatar\/61d268e57d1f4525b111222e29d2d5a7f8c420fdbf231ba5566a8ceac74fa960?s=96&d=mm&r=g","contentUrl":"https:\/\/secure.gravatar.com\/avatar\/61d268e57d1f4525b111222e29d2d5a7f8c420fdbf231ba5566a8ceac74fa960?s=96&d=mm&r=g","caption":"Tibor atya"},"url":"https:\/\/stuttgarti-katolikusok.de\/index.php\/author\/tibor-atya\/"}]}},"_links":{"self":[{"href":"https:\/\/stuttgarti-katolikusok.de\/index.php\/wp-json\/wp\/v2\/posts\/18958","targetHints":{"allow":["GET"]}}],"collection":[{"href":"https:\/\/stuttgarti-katolikusok.de\/index.php\/wp-json\/wp\/v2\/posts"}],"about":[{"href":"https:\/\/stuttgarti-katolikusok.de\/index.php\/wp-json\/wp\/v2\/types\/post"}],"author":[{"embeddable":true,"href":"https:\/\/stuttgarti-katolikusok.de\/index.php\/wp-json\/wp\/v2\/users\/3"}],"replies":[{"embeddable":true,"href":"https:\/\/stuttgarti-katolikusok.de\/index.php\/wp-json\/wp\/v2\/comments?post=18958"}],"version-history":[{"count":1,"href":"https:\/\/stuttgarti-katolikusok.de\/index.php\/wp-json\/wp\/v2\/posts\/18958\/revisions"}],"predecessor-version":[{"id":18960,"href":"https:\/\/stuttgarti-katolikusok.de\/index.php\/wp-json\/wp\/v2\/posts\/18958\/revisions\/18960"}],"wp:featuredmedia":[{"embeddable":true,"href":"https:\/\/stuttgarti-katolikusok.de\/index.php\/wp-json\/wp\/v2\/media\/18959"}],"wp:attachment":[{"href":"https:\/\/stuttgarti-katolikusok.de\/index.php\/wp-json\/wp\/v2\/media?parent=18958"}],"wp:term":[{"taxonomy":"category","embeddable":true,"href":"https:\/\/stuttgarti-katolikusok.de\/index.php\/wp-json\/wp\/v2\/categories?post=18958"},{"taxonomy":"post_tag","embeddable":true,"href":"https:\/\/stuttgarti-katolikusok.de\/index.php\/wp-json\/wp\/v2\/tags?post=18958"}],"curies":[{"name":"wp","href":"https:\/\/api.w.org\/{rel}","templated":true}]}}