{"id":18951,"date":"2020-02-25T21:46:37","date_gmt":"2020-02-25T21:46:37","guid":{"rendered":"https:\/\/gracious-dewdney.138-201-221-2.plesk.page\/?p=18951"},"modified":"2020-02-25T21:46:37","modified_gmt":"2020-02-25T21:46:37","slug":"hamvazoszerda","status":"publish","type":"post","link":"https:\/\/stuttgarti-katolikusok.de\/index.php\/hamvazoszerda\/","title":{"rendered":"Hamvaz\u00f3szerda"},"content":{"rendered":"<h3>HAMVAZ\u00d3SZERDA<\/h3>\n<h3><em>\u00a0<\/em><\/h3>\n<p><em>Id\u00e9n febru\u00e1r 26-\u00e1n veszi kezdet\u00e9t a negyvennapos b\u00f6jt, melynek sor\u00e1n a kereszt\u00e9nyek h\u00fasv\u00e9tra, J\u00e9zus Krisztus f\u00f6lt\u00e1mad\u00e1s\u00e1nak \u00fcnnep\u00e9re k\u00e9sz\u00fclnek. Hamvaz\u00f3szerd\u00e1n \u00e9s a r\u00e1 k\u00f6vetkez\u0151 vas\u00e1rnapon a h\u00edvek homlok\u00e1t az el\u0151z\u0151 \u00e9v vir\u00e1gvas\u00e1rnapj\u00e1n szentelt barka hamuj\u00e1val hintik meg.<\/em><\/p>\n<h3><\/h3>\n<h3>Hamvaz\u00f3szerd\u00e1n Stuttgartban lesz szentmis\u00e9nk d\u00e9lel\u0151tt 10.15 \u00f3rakor! Mindenkit szeretettel v\u00e1runk!<\/h3>\n<p>A hamvazkod\u00e1s k\u00f6zben hagyom\u00e1nyosan a k\u00f6vetkez\u0151ket mondja a pap: <em>\u201eEml\u00e9kezz\u00e9l, ember, hogy por vagy \u00e9s porr\u00e1 leszel!\u201d<\/em> vagy: <em>\u201eTartsatok b\u0171nb\u00e1natot, \u00e9s higgyetek az evang\u00e9liumban!\u201d.<\/em><\/p>\n<p>A hamu jelk\u00e9pezi ezt a b\u0171nb\u00e1natot a megt\u00e9r\u00e9sre, \u00e9s persze mag\u00e1t az elm\u00fal\u00e1st. Eleinte a hamuval val\u00f3 megsz\u00f3r\u00e1s csak nyilv\u00e1nos b\u0171nb\u00e1n\u00f3k szertart\u00e1sa volt. A negyvennapos b\u00f6jt a 4. sz\u00e1zadra v\u00e1lt \u00e1ltal\u00e1noss\u00e1 a kereszt\u00e9ny vil\u00e1gban. Az egyh\u00e1z hamvaz\u00f3szerd\u00e1ra \u00e9s nagyp\u00e9ntekre szigor\u00fa b\u00f6jt\u00f6t \u00edr el\u0151: a 18 \u00e9s 60 \u00e9v k\u00f6z\u00f6tti h\u00edveknek csak h\u00e1romszor lehet \u00e9tkezni\u00fck \u00e9s egyszer j\u00f3llakniuk. E k\u00e9t napon \u00e9s nagyb\u00f6jt t\u00f6bbi p\u00e9ntek\u00e9n 14 \u00e9vesn\u00e9l id\u0151sebb tagjait pedig arra k\u00e9ri, hogy a b\u00f6jti fegyelem r\u00e9szek\u00e9nt ne fogyasszanak h\u00fast. A k\u00e9r\u00e9s m\u00f6g\u00f6tt persze az a m\u00e9lyebb meggy\u0151z\u0151d\u00e9s \u00e1ll, hogy a b\u00f6jt r\u00e9v\u00e9n az \u00e1ldozatv\u00e1llal\u00e1s lelk\u00fclete seg\u00edti a h\u00edv\u0151 embert abban, hogy az igazi \u00c1ldozattal, J\u00e9zus Krisztussal tudjon jobban lelkileg egyes\u00fclni.<\/p>\n<p>A nagyb\u00f6jt liturgikus sz\u00edne a lila, amely jelk\u00e9pezi a liturgi\u00e1ban a b\u0171nb\u00e1natot. Ugyancsak a b\u0171nb\u00e1nat jelek\u00e9nt marad el a nagyb\u00f6jt eg\u00e9sz folyam\u00e1n a szentmis\u00e9kben az alleluja, amely a liturgi\u00e1ban az \u00f6r\u00f6m legk\u00f6zvetlenebb kifejez\u0151d\u00e9se; a templomot ez id\u0151szakban nem d\u00edsz\u00edti vir\u00e1g. Az egyh\u00e1znak saj\u00e1tosan a nagyb\u00f6jth\u00f6z k\u00f6t\u0151d\u0151 szertart\u00e1sa a kereszt\u00fati \u00e1jtatoss\u00e1g, amelyen a h\u00edvek mintegy v\u00e9gigk\u00eds\u00e9rik Krisztust a kereszthal\u00e1la fel\u00e9 vezet\u0151 \u00faton.<\/p>\n<p>A b\u00f6jt vall\u00e1sos gyakorlata a b\u0171nb\u00e1nat, a megtisztul\u00e1s, az \u00e1ldozat \u00e9s a k\u00f6ny\u00f6rg\u00e9s fontoss\u00e1g\u00e1t \u00e1ll\u00edtja k\u00f6z\u00e9ppontba, kifejezi az ember Isten ir\u00e1nt tan\u00fas\u00edtott szeretet\u00e9t \u00e9s az \u00e9rte val\u00f3 \u00e1ldozatv\u00e1llal\u00e1s\u00e1t, melynek fontos r\u00e9sz\u00e9t k\u00e9pezik a mindennapi \u00e9letben tett j\u00f3cselekedetek.<\/p>\n<p>A Szentatya nagyb\u00f6jti \u00fczenet\u00e9ben is konkr\u00e9tan aj\u00e1nlja, hogy a kereszt\u00e9nyek most k\u00fcl\u00f6n\u00f6sk\u00e9ppen gyakorolj\u00e1k az irgalmass\u00e1g testi \u00e9s lelki cselekedeteit: <em>\u201eHa a testi sz\u00fcks\u00e9gleteiken kereszt\u00fcl meg\u00e9rintj\u00fck J\u00e9zus test\u00e9t r\u00e1szorul\u00f3 testv\u00e9reinkben, akiknek \u00e9telt, ruh\u00e1t, sz\u00e1ll\u00e1st adunk, akiket megl\u00e1togatunk, a lelki sz\u00fcks\u00e9gleteik \u2013 tan\u00e1csad\u00e1s, tan\u00edt\u00e1s, megbocs\u00e1jt\u00e1s, figyelmeztet\u00e9s, im\u00e1dkoz\u00e1s \u2013 k\u00f6zvetlenebb\u00fcl meg\u00e9rintik b\u0171n\u00f6s voltunkat. \u2026 Ne vesztegess\u00fck el a nagyb\u00f6jt alkalmas id\u0151szak\u00e1t, amely a megt\u00e9r\u00e9s\u00fcnket szolg\u00e1lhatja!\u201d<\/em><\/p>\n<p><strong>\u00a0<\/strong><\/p>\n<p>Forr\u00e1s: Magyar Katolikus P\u00fcsp\u00f6ki Konferencia Sajt\u00f3szolg\u00e1lata<\/p>\n<p>Fot\u00f3: Thegospelcoalition.org<\/p>\n<p>Magyar Kur\u00edr<\/p>\n<p>&nbsp;<\/p>\n","protected":false},"excerpt":{"rendered":"<p>HAMVAZ\u00d3SZERDA \u00a0 Id\u00e9n febru\u00e1r 26-\u00e1n veszi kezdet\u00e9t a negyvennapos b\u00f6jt, melynek sor\u00e1n a kereszt\u00e9nyek h\u00fasv\u00e9tra, J\u00e9zus Krisztus f\u00f6lt\u00e1mad\u00e1s\u00e1nak \u00fcnnep\u00e9re k\u00e9sz\u00fclnek. Hamvaz\u00f3szerd\u00e1n \u00e9s a r\u00e1 k\u00f6vetkez\u0151 vas\u00e1rnapon a h\u00edvek homlok\u00e1t az el\u0151z\u0151 \u00e9v vir\u00e1gvas\u00e1rnapj\u00e1n szentelt barka hamuj\u00e1val hintik meg. Hamvaz\u00f3szerd\u00e1n Stuttgartban lesz szentmis\u00e9nk d\u00e9lel\u0151tt 10.15 \u00f3rakor! Mindenkit szeretettel v\u00e1runk! A hamvazkod\u00e1s k\u00f6zben hagyom\u00e1nyosan a k\u00f6vetkez\u0151ket mondja a pap: \u201eEml\u00e9kezz\u00e9l, ember, hogy por vagy \u00e9s porr\u00e1 leszel!\u201d vagy: \u201eTartsatok b\u0171nb\u00e1natot, \u00e9s higgyetek az evang\u00e9liumban!\u201d. A hamu jelk\u00e9pezi ezt a b\u0171nb\u00e1natot a megt\u00e9r\u00e9sre, \u00e9s persze mag\u00e1t az elm\u00fal\u00e1st. Eleinte a hamuval val\u00f3 megsz\u00f3r\u00e1s csak nyilv\u00e1nos b\u0171nb\u00e1n\u00f3k szertart\u00e1sa volt. A negyvennapos b\u00f6jt a 4. sz\u00e1zadra v\u00e1lt \u00e1ltal\u00e1noss\u00e1 a kereszt\u00e9ny vil\u00e1gban. Az egyh\u00e1z hamvaz\u00f3szerd\u00e1ra \u00e9s nagyp\u00e9ntekre szigor\u00fa b\u00f6jt\u00f6t \u00edr el\u0151: a 18 \u00e9s 60 \u00e9v k\u00f6z\u00f6tti h\u00edveknek csak h\u00e1romszor lehet \u00e9tkezni\u00fck \u00e9s egyszer j\u00f3llakniuk. E k\u00e9t napon \u00e9s nagyb\u00f6jt t\u00f6bbi p\u00e9ntek\u00e9n 14 \u00e9vesn\u00e9l id\u0151sebb tagjait pedig arra k\u00e9ri, hogy a b\u00f6jti fegyelem r\u00e9szek\u00e9nt ne fogyasszanak h\u00fast. A k\u00e9r\u00e9s m\u00f6g\u00f6tt persze az a m\u00e9lyebb meggy\u0151z\u0151d\u00e9s \u00e1ll, hogy a b\u00f6jt r\u00e9v\u00e9n az \u00e1ldozatv\u00e1llal\u00e1s lelk\u00fclete seg\u00edti a h\u00edv\u0151 embert abban, hogy az igazi \u00c1ldozattal, J\u00e9zus Krisztussal tudjon jobban lelkileg egyes\u00fclni. A nagyb\u00f6jt liturgikus sz\u00edne a lila, amely jelk\u00e9pezi a liturgi\u00e1ban a b\u0171nb\u00e1natot. Ugyancsak a b\u0171nb\u00e1nat jelek\u00e9nt marad el a nagyb\u00f6jt eg\u00e9sz folyam\u00e1n a szentmis\u00e9kben az alleluja, amely a liturgi\u00e1ban az \u00f6r\u00f6m legk\u00f6zvetlenebb kifejez\u0151d\u00e9se; a templomot ez id\u0151szakban nem d\u00edsz\u00edti vir\u00e1g. Az egyh\u00e1znak saj\u00e1tosan a nagyb\u00f6jth\u00f6z k\u00f6t\u0151d\u0151 szertart\u00e1sa a kereszt\u00fati \u00e1jtatoss\u00e1g, amelyen a h\u00edvek mintegy v\u00e9gigk\u00eds\u00e9rik Krisztust a kereszthal\u00e1la fel\u00e9 vezet\u0151 \u00faton. A b\u00f6jt vall\u00e1sos gyakorlata a b\u0171nb\u00e1nat, a megtisztul\u00e1s, az \u00e1ldozat \u00e9s a k\u00f6ny\u00f6rg\u00e9s fontoss\u00e1g\u00e1t \u00e1ll\u00edtja k\u00f6z\u00e9ppontba, kifejezi az ember Isten ir\u00e1nt tan\u00fas\u00edtott szeretet\u00e9t \u00e9s az \u00e9rte val\u00f3 \u00e1ldozatv\u00e1llal\u00e1s\u00e1t, melynek fontos r\u00e9sz\u00e9t k\u00e9pezik a mindennapi \u00e9letben tett j\u00f3cselekedetek. A Szentatya nagyb\u00f6jti \u00fczenet\u00e9ben is konkr\u00e9tan aj\u00e1nlja, hogy a kereszt\u00e9nyek most k\u00fcl\u00f6n\u00f6sk\u00e9ppen gyakorolj\u00e1k az irgalmass\u00e1g testi \u00e9s lelki cselekedeteit: \u201eHa&#8230; <\/p>\n<p><a class=\"readmore\" href=\"https:\/\/stuttgarti-katolikusok.de\/index.php\/hamvazoszerda\/\">R\u00e9szletek<\/a><\/p>\n","protected":false},"author":3,"featured_media":0,"comment_status":"closed","ping_status":"closed","sticky":false,"template":"","format":"standard","meta":{"footnotes":""},"categories":[37],"tags":[],"class_list":["post-18951","post","type-post","status-publish","format-standard","hentry","category-progamelozetes"],"yoast_head":"<!-- This site is optimized with the Yoast SEO plugin v27.3 - https:\/\/yoast.com\/product\/yoast-seo-wordpress\/ -->\n<title>Hamvaz\u00f3szerda - Stuttgarti Katolikusok<\/title>\n<meta name=\"robots\" content=\"index, follow, max-snippet:-1, max-image-preview:large, max-video-preview:-1\" \/>\n<link rel=\"canonical\" href=\"https:\/\/stuttgarti-katolikusok.de\/index.php\/hamvazoszerda\/\" \/>\n<meta property=\"og:locale\" content=\"hu_HU\" \/>\n<meta property=\"og:type\" content=\"article\" \/>\n<meta property=\"og:title\" content=\"Hamvaz\u00f3szerda - Stuttgarti Katolikusok\" \/>\n<meta property=\"og:description\" content=\"HAMVAZ\u00d3SZERDA \u00a0 Id\u00e9n febru\u00e1r 26-\u00e1n veszi kezdet\u00e9t a negyvennapos b\u00f6jt, melynek sor\u00e1n a kereszt\u00e9nyek h\u00fasv\u00e9tra, J\u00e9zus Krisztus f\u00f6lt\u00e1mad\u00e1s\u00e1nak \u00fcnnep\u00e9re k\u00e9sz\u00fclnek. Hamvaz\u00f3szerd\u00e1n \u00e9s a r\u00e1 k\u00f6vetkez\u0151 vas\u00e1rnapon a h\u00edvek homlok\u00e1t az el\u0151z\u0151 \u00e9v vir\u00e1gvas\u00e1rnapj\u00e1n szentelt barka hamuj\u00e1val hintik meg. Hamvaz\u00f3szerd\u00e1n Stuttgartban lesz szentmis\u00e9nk d\u00e9lel\u0151tt 10.15 \u00f3rakor! Mindenkit szeretettel v\u00e1runk! A hamvazkod\u00e1s k\u00f6zben hagyom\u00e1nyosan a k\u00f6vetkez\u0151ket mondja a pap: \u201eEml\u00e9kezz\u00e9l, ember, hogy por vagy \u00e9s porr\u00e1 leszel!\u201d vagy: \u201eTartsatok b\u0171nb\u00e1natot, \u00e9s higgyetek az evang\u00e9liumban!\u201d. A hamu jelk\u00e9pezi ezt a b\u0171nb\u00e1natot a megt\u00e9r\u00e9sre, \u00e9s persze mag\u00e1t az elm\u00fal\u00e1st. Eleinte a hamuval val\u00f3 megsz\u00f3r\u00e1s csak nyilv\u00e1nos b\u0171nb\u00e1n\u00f3k szertart\u00e1sa volt. A negyvennapos b\u00f6jt a 4. sz\u00e1zadra v\u00e1lt \u00e1ltal\u00e1noss\u00e1 a kereszt\u00e9ny vil\u00e1gban. Az egyh\u00e1z hamvaz\u00f3szerd\u00e1ra \u00e9s nagyp\u00e9ntekre szigor\u00fa b\u00f6jt\u00f6t \u00edr el\u0151: a 18 \u00e9s 60 \u00e9v k\u00f6z\u00f6tti h\u00edveknek csak h\u00e1romszor lehet \u00e9tkezni\u00fck \u00e9s egyszer j\u00f3llakniuk. E k\u00e9t napon \u00e9s nagyb\u00f6jt t\u00f6bbi p\u00e9ntek\u00e9n 14 \u00e9vesn\u00e9l id\u0151sebb tagjait pedig arra k\u00e9ri, hogy a b\u00f6jti fegyelem r\u00e9szek\u00e9nt ne fogyasszanak h\u00fast. A k\u00e9r\u00e9s m\u00f6g\u00f6tt persze az a m\u00e9lyebb meggy\u0151z\u0151d\u00e9s \u00e1ll, hogy a b\u00f6jt r\u00e9v\u00e9n az \u00e1ldozatv\u00e1llal\u00e1s lelk\u00fclete seg\u00edti a h\u00edv\u0151 embert abban, hogy az igazi \u00c1ldozattal, J\u00e9zus Krisztussal tudjon jobban lelkileg egyes\u00fclni. A nagyb\u00f6jt liturgikus sz\u00edne a lila, amely jelk\u00e9pezi a liturgi\u00e1ban a b\u0171nb\u00e1natot. Ugyancsak a b\u0171nb\u00e1nat jelek\u00e9nt marad el a nagyb\u00f6jt eg\u00e9sz folyam\u00e1n a szentmis\u00e9kben az alleluja, amely a liturgi\u00e1ban az \u00f6r\u00f6m legk\u00f6zvetlenebb kifejez\u0151d\u00e9se; a templomot ez id\u0151szakban nem d\u00edsz\u00edti vir\u00e1g. Az egyh\u00e1znak saj\u00e1tosan a nagyb\u00f6jth\u00f6z k\u00f6t\u0151d\u0151 szertart\u00e1sa a kereszt\u00fati \u00e1jtatoss\u00e1g, amelyen a h\u00edvek mintegy v\u00e9gigk\u00eds\u00e9rik Krisztust a kereszthal\u00e1la fel\u00e9 vezet\u0151 \u00faton. A b\u00f6jt vall\u00e1sos gyakorlata a b\u0171nb\u00e1nat, a megtisztul\u00e1s, az \u00e1ldozat \u00e9s a k\u00f6ny\u00f6rg\u00e9s fontoss\u00e1g\u00e1t \u00e1ll\u00edtja k\u00f6z\u00e9ppontba, kifejezi az ember Isten ir\u00e1nt tan\u00fas\u00edtott szeretet\u00e9t \u00e9s az \u00e9rte val\u00f3 \u00e1ldozatv\u00e1llal\u00e1s\u00e1t, melynek fontos r\u00e9sz\u00e9t k\u00e9pezik a mindennapi \u00e9letben tett j\u00f3cselekedetek. A Szentatya nagyb\u00f6jti \u00fczenet\u00e9ben is konkr\u00e9tan aj\u00e1nlja, hogy a kereszt\u00e9nyek most k\u00fcl\u00f6n\u00f6sk\u00e9ppen gyakorolj\u00e1k az irgalmass\u00e1g testi \u00e9s lelki cselekedeteit: \u201eHa... R\u00e9szletek\" \/>\n<meta property=\"og:url\" content=\"https:\/\/stuttgarti-katolikusok.de\/index.php\/hamvazoszerda\/\" \/>\n<meta property=\"og:site_name\" content=\"Stuttgarti Katolikusok\" \/>\n<meta property=\"article:published_time\" content=\"2020-02-25T21:46:37+00:00\" \/>\n<meta name=\"author\" content=\"Tibor atya\" \/>\n<meta name=\"twitter:card\" content=\"summary_large_image\" \/>\n<meta name=\"twitter:label1\" content=\"Szerz\u0151:\" \/>\n\t<meta name=\"twitter:data1\" content=\"Tibor atya\" \/>\n\t<meta name=\"twitter:label2\" content=\"Becs\u00fclt olvas\u00e1si id\u0151\" \/>\n\t<meta name=\"twitter:data2\" content=\"3 perc\" \/>\n<script type=\"application\/ld+json\" class=\"yoast-schema-graph\">{\"@context\":\"https:\\\/\\\/schema.org\",\"@graph\":[{\"@type\":\"Article\",\"@id\":\"https:\\\/\\\/stuttgarti-katolikusok.de\\\/index.php\\\/hamvazoszerda\\\/#article\",\"isPartOf\":{\"@id\":\"https:\\\/\\\/stuttgarti-katolikusok.de\\\/index.php\\\/hamvazoszerda\\\/\"},\"author\":{\"name\":\"Tibor atya\",\"@id\":\"https:\\\/\\\/stuttgarti-katolikusok.de\\\/#\\\/schema\\\/person\\\/75908d6f8fdc03a57889d27209df7795\"},\"headline\":\"Hamvaz\u00f3szerda\",\"datePublished\":\"2020-02-25T21:46:37+00:00\",\"mainEntityOfPage\":{\"@id\":\"https:\\\/\\\/stuttgarti-katolikusok.de\\\/index.php\\\/hamvazoszerda\\\/\"},\"wordCount\":569,\"articleSection\":[\"Progamel\u0151zetes\"],\"inLanguage\":\"hu\"},{\"@type\":\"WebPage\",\"@id\":\"https:\\\/\\\/stuttgarti-katolikusok.de\\\/index.php\\\/hamvazoszerda\\\/\",\"url\":\"https:\\\/\\\/stuttgarti-katolikusok.de\\\/index.php\\\/hamvazoszerda\\\/\",\"name\":\"Hamvaz\u00f3szerda - Stuttgarti Katolikusok\",\"isPartOf\":{\"@id\":\"https:\\\/\\\/stuttgarti-katolikusok.de\\\/#website\"},\"datePublished\":\"2020-02-25T21:46:37+00:00\",\"author\":{\"@id\":\"https:\\\/\\\/stuttgarti-katolikusok.de\\\/#\\\/schema\\\/person\\\/75908d6f8fdc03a57889d27209df7795\"},\"breadcrumb\":{\"@id\":\"https:\\\/\\\/stuttgarti-katolikusok.de\\\/index.php\\\/hamvazoszerda\\\/#breadcrumb\"},\"inLanguage\":\"hu\",\"potentialAction\":[{\"@type\":\"ReadAction\",\"target\":[\"https:\\\/\\\/stuttgarti-katolikusok.de\\\/index.php\\\/hamvazoszerda\\\/\"]}]},{\"@type\":\"BreadcrumbList\",\"@id\":\"https:\\\/\\\/stuttgarti-katolikusok.de\\\/index.php\\\/hamvazoszerda\\\/#breadcrumb\",\"itemListElement\":[{\"@type\":\"ListItem\",\"position\":1,\"name\":\"Kezd\u0151lap\",\"item\":\"https:\\\/\\\/stuttgarti-katolikusok.de\\\/\"},{\"@type\":\"ListItem\",\"position\":2,\"name\":\"Hamvaz\u00f3szerda\"}]},{\"@type\":\"WebSite\",\"@id\":\"https:\\\/\\\/stuttgarti-katolikusok.de\\\/#website\",\"url\":\"https:\\\/\\\/stuttgarti-katolikusok.de\\\/\",\"name\":\"Stuttgarti Katolikusok\",\"description\":\"\",\"potentialAction\":[{\"@type\":\"SearchAction\",\"target\":{\"@type\":\"EntryPoint\",\"urlTemplate\":\"https:\\\/\\\/stuttgarti-katolikusok.de\\\/?s={search_term_string}\"},\"query-input\":{\"@type\":\"PropertyValueSpecification\",\"valueRequired\":true,\"valueName\":\"search_term_string\"}}],\"inLanguage\":\"hu\"},{\"@type\":\"Person\",\"@id\":\"https:\\\/\\\/stuttgarti-katolikusok.de\\\/#\\\/schema\\\/person\\\/75908d6f8fdc03a57889d27209df7795\",\"name\":\"Tibor atya\",\"image\":{\"@type\":\"ImageObject\",\"inLanguage\":\"hu\",\"@id\":\"https:\\\/\\\/secure.gravatar.com\\\/avatar\\\/61d268e57d1f4525b111222e29d2d5a7f8c420fdbf231ba5566a8ceac74fa960?s=96&d=mm&r=g\",\"url\":\"https:\\\/\\\/secure.gravatar.com\\\/avatar\\\/61d268e57d1f4525b111222e29d2d5a7f8c420fdbf231ba5566a8ceac74fa960?s=96&d=mm&r=g\",\"contentUrl\":\"https:\\\/\\\/secure.gravatar.com\\\/avatar\\\/61d268e57d1f4525b111222e29d2d5a7f8c420fdbf231ba5566a8ceac74fa960?s=96&d=mm&r=g\",\"caption\":\"Tibor atya\"},\"url\":\"https:\\\/\\\/stuttgarti-katolikusok.de\\\/index.php\\\/author\\\/tibor-atya\\\/\"}]}<\/script>\n<!-- \/ Yoast SEO plugin. -->","yoast_head_json":{"title":"Hamvaz\u00f3szerda - Stuttgarti Katolikusok","robots":{"index":"index","follow":"follow","max-snippet":"max-snippet:-1","max-image-preview":"max-image-preview:large","max-video-preview":"max-video-preview:-1"},"canonical":"https:\/\/stuttgarti-katolikusok.de\/index.php\/hamvazoszerda\/","og_locale":"hu_HU","og_type":"article","og_title":"Hamvaz\u00f3szerda - Stuttgarti Katolikusok","og_description":"HAMVAZ\u00d3SZERDA \u00a0 Id\u00e9n febru\u00e1r 26-\u00e1n veszi kezdet\u00e9t a negyvennapos b\u00f6jt, melynek sor\u00e1n a kereszt\u00e9nyek h\u00fasv\u00e9tra, J\u00e9zus Krisztus f\u00f6lt\u00e1mad\u00e1s\u00e1nak \u00fcnnep\u00e9re k\u00e9sz\u00fclnek. Hamvaz\u00f3szerd\u00e1n \u00e9s a r\u00e1 k\u00f6vetkez\u0151 vas\u00e1rnapon a h\u00edvek homlok\u00e1t az el\u0151z\u0151 \u00e9v vir\u00e1gvas\u00e1rnapj\u00e1n szentelt barka hamuj\u00e1val hintik meg. Hamvaz\u00f3szerd\u00e1n Stuttgartban lesz szentmis\u00e9nk d\u00e9lel\u0151tt 10.15 \u00f3rakor! Mindenkit szeretettel v\u00e1runk! A hamvazkod\u00e1s k\u00f6zben hagyom\u00e1nyosan a k\u00f6vetkez\u0151ket mondja a pap: \u201eEml\u00e9kezz\u00e9l, ember, hogy por vagy \u00e9s porr\u00e1 leszel!\u201d vagy: \u201eTartsatok b\u0171nb\u00e1natot, \u00e9s higgyetek az evang\u00e9liumban!\u201d. A hamu jelk\u00e9pezi ezt a b\u0171nb\u00e1natot a megt\u00e9r\u00e9sre, \u00e9s persze mag\u00e1t az elm\u00fal\u00e1st. Eleinte a hamuval val\u00f3 megsz\u00f3r\u00e1s csak nyilv\u00e1nos b\u0171nb\u00e1n\u00f3k szertart\u00e1sa volt. A negyvennapos b\u00f6jt a 4. sz\u00e1zadra v\u00e1lt \u00e1ltal\u00e1noss\u00e1 a kereszt\u00e9ny vil\u00e1gban. Az egyh\u00e1z hamvaz\u00f3szerd\u00e1ra \u00e9s nagyp\u00e9ntekre szigor\u00fa b\u00f6jt\u00f6t \u00edr el\u0151: a 18 \u00e9s 60 \u00e9v k\u00f6z\u00f6tti h\u00edveknek csak h\u00e1romszor lehet \u00e9tkezni\u00fck \u00e9s egyszer j\u00f3llakniuk. E k\u00e9t napon \u00e9s nagyb\u00f6jt t\u00f6bbi p\u00e9ntek\u00e9n 14 \u00e9vesn\u00e9l id\u0151sebb tagjait pedig arra k\u00e9ri, hogy a b\u00f6jti fegyelem r\u00e9szek\u00e9nt ne fogyasszanak h\u00fast. A k\u00e9r\u00e9s m\u00f6g\u00f6tt persze az a m\u00e9lyebb meggy\u0151z\u0151d\u00e9s \u00e1ll, hogy a b\u00f6jt r\u00e9v\u00e9n az \u00e1ldozatv\u00e1llal\u00e1s lelk\u00fclete seg\u00edti a h\u00edv\u0151 embert abban, hogy az igazi \u00c1ldozattal, J\u00e9zus Krisztussal tudjon jobban lelkileg egyes\u00fclni. A nagyb\u00f6jt liturgikus sz\u00edne a lila, amely jelk\u00e9pezi a liturgi\u00e1ban a b\u0171nb\u00e1natot. Ugyancsak a b\u0171nb\u00e1nat jelek\u00e9nt marad el a nagyb\u00f6jt eg\u00e9sz folyam\u00e1n a szentmis\u00e9kben az alleluja, amely a liturgi\u00e1ban az \u00f6r\u00f6m legk\u00f6zvetlenebb kifejez\u0151d\u00e9se; a templomot ez id\u0151szakban nem d\u00edsz\u00edti vir\u00e1g. Az egyh\u00e1znak saj\u00e1tosan a nagyb\u00f6jth\u00f6z k\u00f6t\u0151d\u0151 szertart\u00e1sa a kereszt\u00fati \u00e1jtatoss\u00e1g, amelyen a h\u00edvek mintegy v\u00e9gigk\u00eds\u00e9rik Krisztust a kereszthal\u00e1la fel\u00e9 vezet\u0151 \u00faton. A b\u00f6jt vall\u00e1sos gyakorlata a b\u0171nb\u00e1nat, a megtisztul\u00e1s, az \u00e1ldozat \u00e9s a k\u00f6ny\u00f6rg\u00e9s fontoss\u00e1g\u00e1t \u00e1ll\u00edtja k\u00f6z\u00e9ppontba, kifejezi az ember Isten ir\u00e1nt tan\u00fas\u00edtott szeretet\u00e9t \u00e9s az \u00e9rte val\u00f3 \u00e1ldozatv\u00e1llal\u00e1s\u00e1t, melynek fontos r\u00e9sz\u00e9t k\u00e9pezik a mindennapi \u00e9letben tett j\u00f3cselekedetek. A Szentatya nagyb\u00f6jti \u00fczenet\u00e9ben is konkr\u00e9tan aj\u00e1nlja, hogy a kereszt\u00e9nyek most k\u00fcl\u00f6n\u00f6sk\u00e9ppen gyakorolj\u00e1k az irgalmass\u00e1g testi \u00e9s lelki cselekedeteit: \u201eHa... R\u00e9szletek","og_url":"https:\/\/stuttgarti-katolikusok.de\/index.php\/hamvazoszerda\/","og_site_name":"Stuttgarti Katolikusok","article_published_time":"2020-02-25T21:46:37+00:00","author":"Tibor atya","twitter_card":"summary_large_image","twitter_misc":{"Szerz\u0151:":"Tibor atya","Becs\u00fclt olvas\u00e1si id\u0151":"3 perc"},"schema":{"@context":"https:\/\/schema.org","@graph":[{"@type":"Article","@id":"https:\/\/stuttgarti-katolikusok.de\/index.php\/hamvazoszerda\/#article","isPartOf":{"@id":"https:\/\/stuttgarti-katolikusok.de\/index.php\/hamvazoszerda\/"},"author":{"name":"Tibor atya","@id":"https:\/\/stuttgarti-katolikusok.de\/#\/schema\/person\/75908d6f8fdc03a57889d27209df7795"},"headline":"Hamvaz\u00f3szerda","datePublished":"2020-02-25T21:46:37+00:00","mainEntityOfPage":{"@id":"https:\/\/stuttgarti-katolikusok.de\/index.php\/hamvazoszerda\/"},"wordCount":569,"articleSection":["Progamel\u0151zetes"],"inLanguage":"hu"},{"@type":"WebPage","@id":"https:\/\/stuttgarti-katolikusok.de\/index.php\/hamvazoszerda\/","url":"https:\/\/stuttgarti-katolikusok.de\/index.php\/hamvazoszerda\/","name":"Hamvaz\u00f3szerda - Stuttgarti Katolikusok","isPartOf":{"@id":"https:\/\/stuttgarti-katolikusok.de\/#website"},"datePublished":"2020-02-25T21:46:37+00:00","author":{"@id":"https:\/\/stuttgarti-katolikusok.de\/#\/schema\/person\/75908d6f8fdc03a57889d27209df7795"},"breadcrumb":{"@id":"https:\/\/stuttgarti-katolikusok.de\/index.php\/hamvazoszerda\/#breadcrumb"},"inLanguage":"hu","potentialAction":[{"@type":"ReadAction","target":["https:\/\/stuttgarti-katolikusok.de\/index.php\/hamvazoszerda\/"]}]},{"@type":"BreadcrumbList","@id":"https:\/\/stuttgarti-katolikusok.de\/index.php\/hamvazoszerda\/#breadcrumb","itemListElement":[{"@type":"ListItem","position":1,"name":"Kezd\u0151lap","item":"https:\/\/stuttgarti-katolikusok.de\/"},{"@type":"ListItem","position":2,"name":"Hamvaz\u00f3szerda"}]},{"@type":"WebSite","@id":"https:\/\/stuttgarti-katolikusok.de\/#website","url":"https:\/\/stuttgarti-katolikusok.de\/","name":"Stuttgarti Katolikusok","description":"","potentialAction":[{"@type":"SearchAction","target":{"@type":"EntryPoint","urlTemplate":"https:\/\/stuttgarti-katolikusok.de\/?s={search_term_string}"},"query-input":{"@type":"PropertyValueSpecification","valueRequired":true,"valueName":"search_term_string"}}],"inLanguage":"hu"},{"@type":"Person","@id":"https:\/\/stuttgarti-katolikusok.de\/#\/schema\/person\/75908d6f8fdc03a57889d27209df7795","name":"Tibor atya","image":{"@type":"ImageObject","inLanguage":"hu","@id":"https:\/\/secure.gravatar.com\/avatar\/61d268e57d1f4525b111222e29d2d5a7f8c420fdbf231ba5566a8ceac74fa960?s=96&d=mm&r=g","url":"https:\/\/secure.gravatar.com\/avatar\/61d268e57d1f4525b111222e29d2d5a7f8c420fdbf231ba5566a8ceac74fa960?s=96&d=mm&r=g","contentUrl":"https:\/\/secure.gravatar.com\/avatar\/61d268e57d1f4525b111222e29d2d5a7f8c420fdbf231ba5566a8ceac74fa960?s=96&d=mm&r=g","caption":"Tibor atya"},"url":"https:\/\/stuttgarti-katolikusok.de\/index.php\/author\/tibor-atya\/"}]}},"_links":{"self":[{"href":"https:\/\/stuttgarti-katolikusok.de\/index.php\/wp-json\/wp\/v2\/posts\/18951","targetHints":{"allow":["GET"]}}],"collection":[{"href":"https:\/\/stuttgarti-katolikusok.de\/index.php\/wp-json\/wp\/v2\/posts"}],"about":[{"href":"https:\/\/stuttgarti-katolikusok.de\/index.php\/wp-json\/wp\/v2\/types\/post"}],"author":[{"embeddable":true,"href":"https:\/\/stuttgarti-katolikusok.de\/index.php\/wp-json\/wp\/v2\/users\/3"}],"replies":[{"embeddable":true,"href":"https:\/\/stuttgarti-katolikusok.de\/index.php\/wp-json\/wp\/v2\/comments?post=18951"}],"version-history":[{"count":1,"href":"https:\/\/stuttgarti-katolikusok.de\/index.php\/wp-json\/wp\/v2\/posts\/18951\/revisions"}],"predecessor-version":[{"id":18953,"href":"https:\/\/stuttgarti-katolikusok.de\/index.php\/wp-json\/wp\/v2\/posts\/18951\/revisions\/18953"}],"wp:attachment":[{"href":"https:\/\/stuttgarti-katolikusok.de\/index.php\/wp-json\/wp\/v2\/media?parent=18951"}],"wp:term":[{"taxonomy":"category","embeddable":true,"href":"https:\/\/stuttgarti-katolikusok.de\/index.php\/wp-json\/wp\/v2\/categories?post=18951"},{"taxonomy":"post_tag","embeddable":true,"href":"https:\/\/stuttgarti-katolikusok.de\/index.php\/wp-json\/wp\/v2\/tags?post=18951"}],"curies":[{"name":"wp","href":"https:\/\/api.w.org\/{rel}","templated":true}]}}