{"id":18895,"date":"2020-02-24T20:02:17","date_gmt":"2020-02-24T20:02:17","guid":{"rendered":"https:\/\/gracious-dewdney.138-201-221-2.plesk.page\/?p=18895"},"modified":"2020-02-25T09:44:32","modified_gmt":"2020-02-25T09:44:32","slug":"harom-beszamolo-a-stuttgarti-katolikus-farsangrol","status":"publish","type":"post","link":"https:\/\/stuttgarti-katolikusok.de\/index.php\/harom-beszamolo-a-stuttgarti-katolikus-farsangrol\/","title":{"rendered":"H\u00e1rom besz\u00e1mol\u00f3 a stuttgarti katolikus farsangr\u00f3l"},"content":{"rendered":"<p><strong>Farsangos \u00fcnnep <\/strong><\/p>\n<p>&nbsp;<\/p>\n<p>2020 febru\u00e1r 16. egy vas\u00e1rnap, m\u00e9gpedig a h\u00f3nap 3. vas\u00e1rnapja. Nek\u00fcnk ludwigsburgiaknak egy k\u00fcl\u00f6nleges vas\u00e1rnap: ugyanis magyar mise van a St. Josef templomban. A szentmise v\u00e9g\u00e9n Imre atya meg\u00e1ldotta kedves fiatal bar\u00e1taink janu\u00e1r 13-\u00e1n sz\u00fcletett le\u00e1nyk\u00e1j\u00e1t, a kis Leyla Ann\u00e1t. Ez ut\u00e1n a gy\u00f6ny\u00f6r\u0171 \u00e9s meghat\u00f3 esm\u00e9ny ut\u00e1n indultunk el Stuttgartba, ahol a magyar szentmis\u00e9t egy szines, tr\u00e9f\u00e1s-farsangi el\u0151ad\u00e1s k\u00f6vette.<\/p>\n<p>Els\u0151nek a kicsiny gyermekek el\u0151ad\u00e1s\u00e1ban gy\u00f6ny\u00f6rk\u00f6dhett\u00fcnk. Nagy lelkesed\u00e9ssel, \u00e9des \u00e1rtatlans\u00e1ggal \u00e9s szemmel l\u00e1that\u00f3an b\u00fcszk\u00e9n viselve farsangi koszt\u00fcmjeiket, adtak el\u0151 szebbn\u00e9l-szebb k\u00f6rt\u00e1ncokat. Teljesen elb\u00e1jolva figyelt\u00fck a m\u00e9g kicsit f\u00e9lszeg l\u00e9pteiket.<\/p>\n<p>Ezut\u00e1n a feln\u0151tt szerepl\u0151k k\u00f6vetkeztek. Sz\u00f6gedi, alf\u00f6ldi jelenetekkel. L\u00e1thattunk lovasokat zenesz\u00f3ra \u201ev\u00e1gtatni\u201c. Hatalmasakat nevett\u00fcnk a v\u00e9rbeli pec\u00e1sok komment\u00e1rjain, akik nyugalom (\u00e9s persze fog\u00e1s) rem\u00e9ny\u00e9ben \u00fcltek a vizparton\u2026 mindaddig m\u00edg meg nem jelentek a cseppet sem csendes feles\u00e9geik.<\/p>\n<p>J\u00f3l mulattunk a r\u00f3ka meg a farkas kalandjain, Stauder Marika mes\u00e9l\u00e9se mellett. Ez\u00faton is k\u00fcl\u00f6n elismer\u00e9s a kis Annam\u00e1ri\u00e1nak aki a r\u00f3k\u00e1t alak\u00edtotta.<\/p>\n<p>Azut\u00e1n k\u00f6vetkezett \u201e Pali\u201c b\u00e9g \u00e9s szerecseninasa, meg a szeg\u00e9ny ember t\u00f6rt\u00e9nete. Micsoda el\u00e1nnal, lelkesed\u00e9ssel j\u00e1tszott\u00e1k szerepeiket! Lehetlen lett volna meg\u00e1llni nevet\u00e9s n\u00e9lk\u00fcl az \u201eifj\u00fa\u201c szolga \u201epontos id\u0151\u201c k\u00f6zl\u00e9s\u00e9t meg a b\u00e9g \u00e9s a szeg\u00e9ny ember csat\u00e1roz\u00e1s\u00e1t a sz\u0151l\u0151szemek\u00e9rt. A jelmezek tervez\u00e9se \u00e9s elk\u00e9sz\u00edt\u00e9se is igazi fant\u00e1zi\u00e1t \u00e9s lelem\u00e9nyess\u00e9get ig\u00e9nyelt. \u201ePali\u201c b\u00e9g inasa, akit a 90 \u00e9ves Pint\u00e9r Ferenc szem\u00e9lyes\u00edtett meg, m\u00e9g szerecsenhez ill\u0151 fekete szint is var\u00e1zsolt az arc\u00e1ra.<\/p>\n<p>Csod\u00e1latos d\u00e9lut\u00e1n volt (!!!), amit k\u00f6sz\u00f6n\u00fcnk Nektek kedves tervez\u0151k, szervez\u0151k, rendez\u0151k, seg\u00edt\u0151k, szerepl\u0151k.<\/p>\n<p>K\u00fcl\u00f6n k\u00f6sz\u00f6net T\u00f3th M\u00e1rtinak, aki az ut\u00f3bbi hetekben ennek az el\u0151ad\u00e1snak sikeres kidolgoz\u00e1s\u00e1n f\u00e1radozott. Sok-sok \u00f3ra odaad\u00f3 munka eredm\u00e9ny\u00e9t \u00e9lvezhett\u00fck a mai d\u00e9lut\u00e1non.<\/p>\n<p>De k\u00f6sz\u00f6netet kell mondani a sok-sok finoms\u00e1g\u00e9rt elk\u00e9sz\u00edt\u00e9s\u00e9\u00e9rt is, ami alatt roskadoztak az asztalok.<\/p>\n<p>Az el\u0151ad\u00e1s ut\u00e1n a jelenlev\u0151 n\u00f3t\u00e1skedv\u0171 bar\u00e1taink \u00e9nekeltek saj\u00e1t maguk \u00e9s a t\u00f6bbiek \u00f6r\u00f6m\u00e9re.<\/p>\n<p>Nagyon j\u00f3 volt egy\u00fct lenni veletek!!! Besz\u00e9lgetni j\u00f3 \u00e9s kev\u00e9sb\u00e9 j\u00f3 dolgokr\u00f3l, megfeledkezni a mindennapok sz\u00fcrkes\u00e9g\u00e9r\u0151l&#8230;. Nemsok\u00e1ra \u00fajra tal\u00e1lkozunk!!! M\u00e1r alig v\u00e1rom!!!<\/p>\n<p><em>Fischer J\u00f3zsef (Joc\u00f3)<\/em><\/p>\n<p><em>Bietigheim 2020. febru\u00e1r 20.<\/em><\/p>\n<p>&nbsp;<\/p>\n<p><strong>Farsangi \u00fcnnep<\/strong><\/p>\n<p>Isten kegyelm\u00e9b\u0151l, meg\u00f6r\u00f6k\u00f6lt\u00fcnk el\u0151deinkt\u0151l n\u00e9h\u00e1ny hagyom\u00e1nyt, szok\u00e1st az elm\u00falt id\u0151kb\u0151l, amelyek k\u00f6z\u00fcl az egyik legismertebb, legvid\u00e1mabb a farsang!<\/p>\n<p>A stuttgarti Szent Gell\u00e9rt Katolikus Egyh\u00e1zk\u00f6zs\u00e9g, (T\u00f3th M\u00e1rta rendez\u00e9s\u00e9ben) magas sz\u00e1m\u00fa r\u00e9sztvev\u0151 el\u0151tt felejthetetlen, vid\u00e1m farsangi el\u0151ad\u00e1st tartott febru\u00e1r 16-\u00e1n az egyh\u00e1zk\u00f6zs\u00e9g k\u00f6z\u00f6ss\u00e9gi term\u00e9ben. Volt a m\u0171sorban minden, mi szem, sz\u00e1j, f\u00fclnek ingere: \u00e9nek, t\u00e1nc, boh\u00f3zat, t\u00f6rt\u00e9nelem, mese, melyet \u00fagymond amat\u0151r (bot csin\u00e1lta) \u201esz\u00ednm\u0171v\u00e9szek\u201c adtak el\u0151 profi m\u00f3don! Az el\u0151ad\u00f3k k\u00f6z\u00f6tt megtal\u00e1lhattuk szinte a koroszt\u00e1lyok minden tagj\u00e1t! Az \u00f6t \u00e9vest\u0151l kezdve a kilencven \u00e9vesig!<\/p>\n<p>Az el\u0151ad\u00e1s els\u0151 r\u00e9sz\u00e9ben, a gyerekek szerepeltek! \u00c9nekeltek, t\u00e1ncoltak.<\/p>\n<p>Majd az \u00fcnneps\u00e9g m\u00e1sodik fel\u00e9t (f\u0151 r\u00e9sz\u00e9t) a feln\u0151ttek szerepl\u00e9se t\u00f6lt\u00f6tte ki! Horg\u00e1szatak, t\u00f6r\u00f6k\u00f6t ijesztgettek majd elparancsolt\u00e1k \u0151ket Szegedr\u0151l a haz\u00e1jukba, m\u00e9g \u201eh\u00e1zp\u00e1sztor\u201c sem maradt bel\u0151l\u00fck!<\/p>\n<p>Volt egy a \u201esz\u00ednm\u0171v\u00e9sz\u201c el\u0151ad\u00f3k k\u00f6z\u00f6tt, Pint\u00e9r Feri \u201eb\u00e1csi\u201d, aki a maga kilencven \u00e9v\u00e9vel fiatalos frissess\u00e9ggel \u00e9s fantasztikus \u00f6tletess\u00e9g\u00e9vel, humor\u00e1val eleven\u00edtette meg a Pali B\u00e9g szerecseninas\u00e1t, \u00e9s k\u00e9nyszer\u00edtette nevet\u00e9sre a nagyrabecs\u00fclt egyh\u00e1zk\u00f6zs\u00e9g tagjait! \u201e<em>Nem baj ha az ember sz\u00e1z \u00e9ves csak a sz\u00edve legyen fiatal!\u201c<\/em><\/p>\n<p>A farkas \u00e9s a r\u00f3ka mesej\u00e1t\u00e9k, h\u00e1rom gener\u00e1cios szerepl\u0151kkel kelt \u00e9letre! Hatalmas ov\u00e1ci\u00f3val \u00e9s tapssal \u00fcnnepelt\u00e9k a szerepl\u0151ket! Minden elismer\u00e9st \u00e9s tapsot ki\u00e9rdemeltek! A n\u00e9pmese sz\u00fclet\u00e9se \u00f3ta j\u00e1rja ez a sz\u00f3l\u00e1smond\u00e1s: \u201e<em>elj\u00e1tszotta, mint a r\u00f3ka a komas\u00e1got.<\/em>\u201c<\/p>\n<p>Tal\u00e1n az\u00e9rt neh\u00e9z \u00e9s h\u00e1l\u00e1tlan feladat \u00edrni egy ilyen farsangi \u00fcnneps\u00e9gr\u0151l, mert nagyon gazdag a k\u00fcl\u00f6nb\u00f6z\u0151 esem\u00e9nyekben, tal\u00e1lkoz\u00e1sokban, ev\u00e9sben, iv\u00e1sban, \u00f6r\u00f6m\u00f6kben \u00e9s nevet\u00e9sben. A gyerekek az el\u0151ad\u00e1s \u00e9s az \u00fcnneps\u00e9g folyam\u00e1n mind nagyon boldogok voltak, \u00f6r\u00fcltek szerepl\u00e9s\u00fcknek feladatuknak! Amint azt bevonul\u00e1si \u00e9nek\u00fckkel is demonstr\u00e1lltak! K\u00fcl\u00f6n\u00f6s \u00f6r\u00f6met v\u00e1ltott ki bennem l\u00e1tni a felh\u0151tlen gyermekarcokat, az elmondhatatlanul boldog \u00e9s b\u00fcszke sz\u00fcl\u0151k, nevel\u0151k szeretetet\u00e9t, amivel el\u00e1rasztott\u00e1k a gyerekeket. Minden gyermek \u00f6r\u00f6mmel mutatkozott be, s mondta el minek is \u00f6lt\u00f6z\u00f6tt a farsangi kernev\u00e1lra (\u00e1mb\u00e1r mindenki sz\u00e1m\u00e1ra vil\u00e1gos, egy\u00e9rtelm\u0171 volt a jelmez\u00fck). Egy kisfi\u00fa mgillet\u0151d\u00f6tts\u00e9g\u00e9ben ink\u00e1bb lemondott a bemutatkozasr\u00f3l!<\/p>\n<p>A ritka tal\u00e1lkoz\u00e1s, besz\u00e9lget\u00e9s nagy \u00f6r\u00f6met okoz sz\u00e1munkra a r\u00e9gen l\u00e1tott &#8211; gondtalan vagy \u00e9ppen gondokt\u00f3l terhelt &#8211; bar\u00e1tainkkal! Egy pillanatra meg\u00e1llunk, az <em>\u00fcnnep hangulat\u00e1ban, a boldog arcokat l\u00e1tva <\/em>elfeledj\u00fck <em>a h\u00e9tk\u00f6znapi emberi gy\u0171l\u00f6lk\u00f6d\u00e9st, irigys\u00e9get, \u00e9s megannyi gyarl\u00f3 emberi tulajdons\u00e1got.<\/em><\/p>\n<p>A boldogs\u00e1g n\u00e9ha pillanatokra sz\u00f3l, \u00e9s ezek a pillanatnyi \u00f6r\u00f6m\u00f6k j\u00e1rulnak hozz\u00e1 az emberek tart\u00f3s boldogs\u00e1g\u00e1hoz!<\/p>\n<p>Az \u00fcnneps\u00e9g dalol\u00e1ssal z\u00e1rult! A nagy\u00e9rdem\u0171 publikum \u00e9s a \u201cm\u0171v\u00e9szek\u201c zongora k\u00eds\u00e9ret mellett vid\u00e1m dalokat \u00e9nekeltek.<\/p>\n<p>K\u00f6sz\u00f6net a szervez\u0151knek, szerepl\u0151knek \u00e9s nem utols\u00f3sorban minden kedves vend\u00e9gnek, r\u00e9sztvev\u0151nek!<\/p>\n<p>Isten \u00e1ldjon meg mindannyiunkat!<\/p>\n<p><em>\u00a0<\/em><\/p>\n<p><em>Fischer Zsuzsanna (Zsuzsi)<br \/>\n<\/em><\/p>\n<p><em>Bi.-Bi., 2020 02.20. <\/em><\/p>\n<p>&nbsp;<\/p>\n<p><strong>Farsangi vigadalom a\u00a0stuttgarti magyar katolikus k\u00f6z\u00f6ss\u00e9gben<\/strong><\/p>\n<p>Febru\u00e1r 16-\u00e1n ker\u00fclt megrendez\u00e9sre az imm\u00e1ron hagyom\u00e1nyoss\u00e1 v\u00e1lt farsangi vigadalom. Vas\u00e1rnap l\u00e9v\u00e9n a jelenl\u00e9v\u0151k el\u0151sz\u00f6r a szentmis\u00e9n vettek r\u00e9szt, mely t\u00e9m\u00e1ja nem a farsanggal f\u00fcgg\u00f6tt \u00f6ssze, hanem a harag, ill. a megbocs\u00e1t\u00e1s volt. A szentmise ut\u00e1n \u00e1tvonult a k\u00f6z\u00f6ss\u00e9g apraja-nagyja a k\u00f6z\u00f6ss\u00e9gi terembe, ahol m\u00e1r sz\u00f3lt a j\u00f3 zene \u00e9s a gazdagon ter\u00edtett asztalok v\u00e1rt\u00e1k a vigadni v\u00e1gy\u00f3kat. A terem perceken bel\u00fcl zs\u00fafol\u00e1sig megtelt.<\/p>\n<p>Az idei farsang t\u00e9m\u00e1ja a Szeged k\u00f6rny\u00e9ki szok\u00e1sok, ill. t\u00f6rt\u00e9nelmi \u00f6sszef\u00fcgg\u00e9sek voltak.<\/p>\n<p>A farsangi program k\u00e9t r\u00e9szre volt felosztva. El\u0151sz\u00f6r a kicsik l\u00e9ptek fel saj\u00e1t programjukkal. Volt aki az elej\u00e9n m\u00e9g sz\u00e9gyenl\u0151s volt, de a l\u00e1mpal\u00e1z szinte pillanatok alatt tovasz\u00e1llt \u00e9s mindenki befutott szt\u00e1rk\u00e9nt szerepelt. Ami a koszt\u00fcm\u00f6ket illeti, voltak hagyom\u00e1nyosnak mondhat\u00f3 koszt\u00fcm\u00f6k, de ugyanakkor eredetiek is, mint pld. egy mad\u00e1rijeszt\u0151. A gyermekek vid\u00e1man \u00e9nekeltek, szavaltak \u00e9s t\u00e1ncoltak. V\u00e9g\u00fcl a farsang alkalm\u00e1val fogadott nagymam\u00e1juk olvasott fel egy n\u00e9pmes\u00e9t a farkasr\u00f3l \u00e9s a r\u00f3k\u00e1r\u00f3l (Elj\u00e1tszotta, mint r\u00f3ka a komas\u00e1got) &#8211; a k\u00e9t ut\u00f3bbi \u201e\u00e9l\u0151ben\u201d is jelen volt a sz\u00ednpadon. Nemcsak a kicsik figyelt\u00e9k csillog\u00f3 szemekkel a jelenetet, a feln\u0151ttek is igen j\u00f3l sz\u00f3rakoztak.<\/p>\n<p>Azt\u00e1n a feln\u0151ttek k\u00f6vetkeztek.<\/p>\n<p>Az ev\u00e9s mindennapjaink fontos eleme. Mint ismeretes, az emberi sz\u00edvet a gyomron \u00e1t lehet megsz\u00f3l\u00edtani. De sajnos elriasztani is\u2026 Nemcsak a h\u00f6lgyek, de bizony\u00e1ra az urak is tudj\u00e1k, hogy am\u00edg egy bizonyos \u00e9tel az asztalra ker\u00fcl, addig bizony igazi csatat\u00e9rr\u00e9 v\u00e1ltozhat (nemcsak) a konyha, de maga a kapcsolat is. Ez\u00e9rt lettek meg\u00edrva a szak\u00e1csk\u00f6nyvek. Mint hallottuk \u2013 egy j\u00f3 szak\u00e1csk\u00f6nyv aranyat \u00e9r (\u00e9leteket ment meg). Na de finom konyha ide vagy oda, a f\u00e9rfiaknak sz\u00fcks\u00e9g\u00fck van id\u0151r\u0151l id\u0151re kikapcsolni, elvonulni a csendbe. A szak\u00e1csk\u00f6nyves jelenet ut\u00e1n k\u00f6vetkezett egy m\u00e1s klasszikusnak mondhat\u00f3 t\u00e9ma \u2013 a csendre \u00e9s a nyugalomra v\u00e1gy\u00f3 f\u00e9rfi \u00e9s az \u00f6r\u00f6kk\u00e9 besz\u00e9l\u0151 j\u00f6v\u0151-men\u0151 feles\u00e9g ellent\u00e9tje. Pec\u00e1z\u00e1sn\u00e1l ez a kombin\u00e1ci\u00f3 hogyan is f\u00e9r \u00f6ssze? J\u00f3 sok humor\u00e9rz\u00e9kkel.<\/p>\n<p>A sz\u00f6gediek beleval\u00f3 \u00f6mb\u00f6r\u00f6k. Azok bizony m\u00e9g azt is tudj\u00e1k, hogy mit csin\u00e1l a J\u00f3isten, ha esik? Sarat! A m\u00faltban a furfangos sz\u00f6gediek a t\u00f6r\u00f6k\u00f6t is t\u00f6bbsz\u00f6r megtr\u00e9f\u00e1lt\u00e1k. Hogy hogyan is, azt egy vid\u00e1m jelenetben mutatt\u00e1k be &#8211; a t\u00f6r\u00f6k pasa \u00e9s egy szegedi parasztember tal\u00e1lkoz\u00e1sakor. De ugye a t\u00f6r\u00f6k pasa nem egyed\u00fcl \u00e9lte sz\u00fcrke h\u00e9tk\u00f6znapjait, volt neki egy rejt\u00e9lyes feles\u00e9ge is. Ezt az <em>arc\u00e1t f\u00e1tyol al\u00e1 rejt\u0151<\/em> <em>gy\u00f6ny\u00f6r\u0171s\u00e9get<\/em> egy t\u00e1ncos csoport mutatta be a k\u00f6z\u00f6ns\u00e9gnek. A jelenet v\u00e9g\u00e9n t\u00e1ncra perd\u00fclt az eg\u00e9sz terem.<\/p>\n<p>Miut\u00e1n v\u00e9get \u00e9rt a hivatalos program, a zongora k\u00eds\u00e9ret\u00e9ben megcsend\u00fcltek az \u00f6r\u00f6kz\u00f6ld n\u00f3t\u00e1k.<\/p>\n<p>Elengedhetetlen t\u00e9m\u00e1ja farsangnak a vid\u00e1ms\u00e1g. De h\u00e1nyad\u00e1n is \u00e1ll a J\u00f3isten a nevet\u00e9ssel? Van-e humor\u00e9rz\u00e9ke? \u00c9s vajon mi Isten anyanyelve? H\u00e1t a nevet\u00e9s, a j\u00f3kedv\u2026 \u00c9s mi is a helyzet vel\u00fcnk? Nek\u00fcnk mi\u00e9rt magyar az <em>anya<\/em>nyelv\u00fcnk? Mert az apuk\u00e1k \u2013 mint \u00e1ll\u00edtj\u00e1k \u2013 otthon hallgat\u00e1sra vannak \u00edt\u00e9lve\u2026<\/p>\n<p>Z\u00e1r\u00f3sz\u00f3 helyett \u00edme M\u00f3rus Szent Tam\u00e1s im\u00e1ja humor\u00e9rt:<\/p>\n<p><em>Adj Uram humor\u00e9rz\u00e9ket, hogy j\u00f3kedv\u0171 lehessek,<\/em><\/p>\n<p><em>hogy meg\u00e9rtsem, ha csup\u00e1n viccr\u0151l van sz\u00f3.<\/em><\/p>\n<p><em>Add, hogy \u00e9rjenek kis \u00f6r\u00f6m\u00f6k az \u00e9letben,<\/em><\/p>\n<p><em>s ezeket tudjam megosztani m\u00e1sokkal.<\/em><\/p>\n<p><em>Adj tiszta lelket, \u00e9rz\u00e9kenyt minden ir\u00e1nt,<\/em><\/p>\n<p><em>ami tiszta \u00e9s nemes. Olyan lelket, mely <\/em><\/p>\n<p><em>a gonosz l\u00e1tt\u00e1n nem retten meg, <\/em><\/p>\n<p><em>hanem keresi az eszk\u00f6z\u00f6ket<\/em><\/p>\n<p><em>mindent \u00fajra helyrehozni.<\/em><\/p>\n<p><em>Olyat, mely nem nyafog \u00e9s sosem panaszkodik. <\/em><\/p>\n<p><em>S v\u00e9g\u00fcl add, hogy j\u00f3 legyen az em\u00e9szt\u00e9sem, <\/em><\/p>\n<p><em>de legyen is mit em\u00e9sztenem. \u00c1men.<\/em><\/p>\n<p>&nbsp;<\/p>\n<p><em>Tak\u00e1cs Gabriella (Gabika)<\/em><\/p>\n<p><em>Stuttgart, 2020-02-24.<\/em><\/p>\n","protected":false},"excerpt":{"rendered":"<p>Farsangos \u00fcnnep &nbsp; 2020 febru\u00e1r 16. egy vas\u00e1rnap, m\u00e9gpedig a h\u00f3nap 3. vas\u00e1rnapja. Nek\u00fcnk ludwigsburgiaknak egy k\u00fcl\u00f6nleges vas\u00e1rnap: ugyanis magyar mise van a St. Josef templomban. A szentmise v\u00e9g\u00e9n Imre atya meg\u00e1ldotta kedves fiatal bar\u00e1taink janu\u00e1r 13-\u00e1n sz\u00fcletett le\u00e1nyk\u00e1j\u00e1t, a kis Leyla Ann\u00e1t. Ez ut\u00e1n a gy\u00f6ny\u00f6r\u0171 \u00e9s meghat\u00f3 esm\u00e9ny ut\u00e1n indultunk el Stuttgartba, ahol a magyar szentmis\u00e9t egy szines, tr\u00e9f\u00e1s-farsangi el\u0151ad\u00e1s k\u00f6vette. Els\u0151nek a kicsiny gyermekek el\u0151ad\u00e1s\u00e1ban gy\u00f6ny\u00f6rk\u00f6dhett\u00fcnk. Nagy lelkesed\u00e9ssel, \u00e9des \u00e1rtatlans\u00e1ggal \u00e9s szemmel l\u00e1that\u00f3an b\u00fcszk\u00e9n viselve farsangi koszt\u00fcmjeiket, adtak el\u0151 szebbn\u00e9l-szebb k\u00f6rt\u00e1ncokat. Teljesen elb\u00e1jolva figyelt\u00fck a m\u00e9g kicsit f\u00e9lszeg l\u00e9pteiket. Ezut\u00e1n a feln\u0151tt szerepl\u0151k k\u00f6vetkeztek. Sz\u00f6gedi, alf\u00f6ldi jelenetekkel. L\u00e1thattunk lovasokat zenesz\u00f3ra \u201ev\u00e1gtatni\u201c. Hatalmasakat nevett\u00fcnk a v\u00e9rbeli pec\u00e1sok komment\u00e1rjain, akik nyugalom (\u00e9s persze fog\u00e1s) rem\u00e9ny\u00e9ben \u00fcltek a vizparton\u2026 mindaddig m\u00edg meg nem jelentek a cseppet sem csendes feles\u00e9geik. J\u00f3l mulattunk a r\u00f3ka meg a farkas kalandjain, Stauder Marika mes\u00e9l\u00e9se mellett. Ez\u00faton is k\u00fcl\u00f6n elismer\u00e9s a kis Annam\u00e1ri\u00e1nak aki a r\u00f3k\u00e1t alak\u00edtotta. Azut\u00e1n k\u00f6vetkezett \u201e Pali\u201c b\u00e9g \u00e9s szerecseninasa, meg a szeg\u00e9ny ember t\u00f6rt\u00e9nete. Micsoda el\u00e1nnal, lelkesed\u00e9ssel j\u00e1tszott\u00e1k szerepeiket! Lehetlen lett volna meg\u00e1llni nevet\u00e9s n\u00e9lk\u00fcl az \u201eifj\u00fa\u201c szolga \u201epontos id\u0151\u201c k\u00f6zl\u00e9s\u00e9t meg a b\u00e9g \u00e9s a szeg\u00e9ny ember csat\u00e1roz\u00e1s\u00e1t a sz\u0151l\u0151szemek\u00e9rt. A jelmezek tervez\u00e9se \u00e9s elk\u00e9sz\u00edt\u00e9se is igazi fant\u00e1zi\u00e1t \u00e9s lelem\u00e9nyess\u00e9get ig\u00e9nyelt. \u201ePali\u201c b\u00e9g inasa, akit a 90 \u00e9ves Pint\u00e9r Ferenc szem\u00e9lyes\u00edtett meg, m\u00e9g szerecsenhez ill\u0151 fekete szint is var\u00e1zsolt az arc\u00e1ra. Csod\u00e1latos d\u00e9lut\u00e1n volt (!!!), amit k\u00f6sz\u00f6n\u00fcnk Nektek kedves tervez\u0151k, szervez\u0151k, rendez\u0151k, seg\u00edt\u0151k, szerepl\u0151k. K\u00fcl\u00f6n k\u00f6sz\u00f6net T\u00f3th M\u00e1rtinak, aki az ut\u00f3bbi hetekben ennek az el\u0151ad\u00e1snak sikeres kidolgoz\u00e1s\u00e1n f\u00e1radozott. Sok-sok \u00f3ra odaad\u00f3 munka eredm\u00e9ny\u00e9t \u00e9lvezhett\u00fck a mai d\u00e9lut\u00e1non. De k\u00f6sz\u00f6netet kell mondani a sok-sok finoms\u00e1g\u00e9rt elk\u00e9sz\u00edt\u00e9s\u00e9\u00e9rt is, ami alatt roskadoztak az asztalok. Az el\u0151ad\u00e1s ut\u00e1n a jelenlev\u0151 n\u00f3t\u00e1skedv\u0171 bar\u00e1taink \u00e9nekeltek saj\u00e1t maguk \u00e9s a t\u00f6bbiek \u00f6r\u00f6m\u00e9re. Nagyon j\u00f3 volt egy\u00fct lenni veletek!!! Besz\u00e9lgetni j\u00f3 \u00e9s kev\u00e9sb\u00e9 j\u00f3 dolgokr\u00f3l, megfeledkezni a&#8230; <\/p>\n<p><a class=\"readmore\" href=\"https:\/\/stuttgarti-katolikusok.de\/index.php\/harom-beszamolo-a-stuttgarti-katolikus-farsangrol\/\">R\u00e9szletek<\/a><\/p>\n","protected":false},"author":3,"featured_media":18929,"comment_status":"closed","ping_status":"closed","sticky":false,"template":"","format":"standard","meta":{"footnotes":""},"categories":[28],"tags":[],"class_list":["post-18895","post","type-post","status-publish","format-standard","has-post-thumbnail","hentry","category-olvasoink-irjak"],"yoast_head":"<!-- This site is optimized with the Yoast SEO plugin v27.3 - https:\/\/yoast.com\/product\/yoast-seo-wordpress\/ -->\n<title>H\u00e1rom besz\u00e1mol\u00f3 a stuttgarti katolikus farsangr\u00f3l - Stuttgarti Katolikusok<\/title>\n<meta name=\"robots\" content=\"index, follow, max-snippet:-1, max-image-preview:large, max-video-preview:-1\" \/>\n<link rel=\"canonical\" href=\"https:\/\/stuttgarti-katolikusok.de\/index.php\/harom-beszamolo-a-stuttgarti-katolikus-farsangrol\/\" \/>\n<meta property=\"og:locale\" content=\"hu_HU\" \/>\n<meta property=\"og:type\" content=\"article\" \/>\n<meta property=\"og:title\" content=\"H\u00e1rom besz\u00e1mol\u00f3 a stuttgarti katolikus farsangr\u00f3l - Stuttgarti Katolikusok\" \/>\n<meta property=\"og:description\" content=\"Farsangos \u00fcnnep &nbsp; 2020 febru\u00e1r 16. egy vas\u00e1rnap, m\u00e9gpedig a h\u00f3nap 3. vas\u00e1rnapja. Nek\u00fcnk ludwigsburgiaknak egy k\u00fcl\u00f6nleges vas\u00e1rnap: ugyanis magyar mise van a St. Josef templomban. A szentmise v\u00e9g\u00e9n Imre atya meg\u00e1ldotta kedves fiatal bar\u00e1taink janu\u00e1r 13-\u00e1n sz\u00fcletett le\u00e1nyk\u00e1j\u00e1t, a kis Leyla Ann\u00e1t. Ez ut\u00e1n a gy\u00f6ny\u00f6r\u0171 \u00e9s meghat\u00f3 esm\u00e9ny ut\u00e1n indultunk el Stuttgartba, ahol a magyar szentmis\u00e9t egy szines, tr\u00e9f\u00e1s-farsangi el\u0151ad\u00e1s k\u00f6vette. Els\u0151nek a kicsiny gyermekek el\u0151ad\u00e1s\u00e1ban gy\u00f6ny\u00f6rk\u00f6dhett\u00fcnk. Nagy lelkesed\u00e9ssel, \u00e9des \u00e1rtatlans\u00e1ggal \u00e9s szemmel l\u00e1that\u00f3an b\u00fcszk\u00e9n viselve farsangi koszt\u00fcmjeiket, adtak el\u0151 szebbn\u00e9l-szebb k\u00f6rt\u00e1ncokat. Teljesen elb\u00e1jolva figyelt\u00fck a m\u00e9g kicsit f\u00e9lszeg l\u00e9pteiket. Ezut\u00e1n a feln\u0151tt szerepl\u0151k k\u00f6vetkeztek. Sz\u00f6gedi, alf\u00f6ldi jelenetekkel. L\u00e1thattunk lovasokat zenesz\u00f3ra \u201ev\u00e1gtatni\u201c. Hatalmasakat nevett\u00fcnk a v\u00e9rbeli pec\u00e1sok komment\u00e1rjain, akik nyugalom (\u00e9s persze fog\u00e1s) rem\u00e9ny\u00e9ben \u00fcltek a vizparton\u2026 mindaddig m\u00edg meg nem jelentek a cseppet sem csendes feles\u00e9geik. J\u00f3l mulattunk a r\u00f3ka meg a farkas kalandjain, Stauder Marika mes\u00e9l\u00e9se mellett. Ez\u00faton is k\u00fcl\u00f6n elismer\u00e9s a kis Annam\u00e1ri\u00e1nak aki a r\u00f3k\u00e1t alak\u00edtotta. Azut\u00e1n k\u00f6vetkezett \u201e Pali\u201c b\u00e9g \u00e9s szerecseninasa, meg a szeg\u00e9ny ember t\u00f6rt\u00e9nete. Micsoda el\u00e1nnal, lelkesed\u00e9ssel j\u00e1tszott\u00e1k szerepeiket! Lehetlen lett volna meg\u00e1llni nevet\u00e9s n\u00e9lk\u00fcl az \u201eifj\u00fa\u201c szolga \u201epontos id\u0151\u201c k\u00f6zl\u00e9s\u00e9t meg a b\u00e9g \u00e9s a szeg\u00e9ny ember csat\u00e1roz\u00e1s\u00e1t a sz\u0151l\u0151szemek\u00e9rt. A jelmezek tervez\u00e9se \u00e9s elk\u00e9sz\u00edt\u00e9se is igazi fant\u00e1zi\u00e1t \u00e9s lelem\u00e9nyess\u00e9get ig\u00e9nyelt. \u201ePali\u201c b\u00e9g inasa, akit a 90 \u00e9ves Pint\u00e9r Ferenc szem\u00e9lyes\u00edtett meg, m\u00e9g szerecsenhez ill\u0151 fekete szint is var\u00e1zsolt az arc\u00e1ra. Csod\u00e1latos d\u00e9lut\u00e1n volt (!!!), amit k\u00f6sz\u00f6n\u00fcnk Nektek kedves tervez\u0151k, szervez\u0151k, rendez\u0151k, seg\u00edt\u0151k, szerepl\u0151k. K\u00fcl\u00f6n k\u00f6sz\u00f6net T\u00f3th M\u00e1rtinak, aki az ut\u00f3bbi hetekben ennek az el\u0151ad\u00e1snak sikeres kidolgoz\u00e1s\u00e1n f\u00e1radozott. Sok-sok \u00f3ra odaad\u00f3 munka eredm\u00e9ny\u00e9t \u00e9lvezhett\u00fck a mai d\u00e9lut\u00e1non. De k\u00f6sz\u00f6netet kell mondani a sok-sok finoms\u00e1g\u00e9rt elk\u00e9sz\u00edt\u00e9s\u00e9\u00e9rt is, ami alatt roskadoztak az asztalok. Az el\u0151ad\u00e1s ut\u00e1n a jelenlev\u0151 n\u00f3t\u00e1skedv\u0171 bar\u00e1taink \u00e9nekeltek saj\u00e1t maguk \u00e9s a t\u00f6bbiek \u00f6r\u00f6m\u00e9re. Nagyon j\u00f3 volt egy\u00fct lenni veletek!!! Besz\u00e9lgetni j\u00f3 \u00e9s kev\u00e9sb\u00e9 j\u00f3 dolgokr\u00f3l, megfeledkezni a... R\u00e9szletek\" \/>\n<meta property=\"og:url\" content=\"https:\/\/stuttgarti-katolikusok.de\/index.php\/harom-beszamolo-a-stuttgarti-katolikus-farsangrol\/\" \/>\n<meta property=\"og:site_name\" content=\"Stuttgarti Katolikusok\" \/>\n<meta property=\"article:published_time\" content=\"2020-02-24T20:02:17+00:00\" \/>\n<meta property=\"article:modified_time\" content=\"2020-02-25T09:44:32+00:00\" \/>\n<meta property=\"og:image\" content=\"https:\/\/stuttgarti-katolikusok.de\/wp-content\/uploads\/2020\/02\/stgtfarsang.jpg\" \/>\n\t<meta property=\"og:image:width\" content=\"799\" \/>\n\t<meta property=\"og:image:height\" content=\"533\" \/>\n\t<meta property=\"og:image:type\" content=\"image\/jpeg\" \/>\n<meta name=\"author\" content=\"Tibor atya\" \/>\n<meta name=\"twitter:card\" content=\"summary_large_image\" \/>\n<meta name=\"twitter:label1\" content=\"Szerz\u0151:\" \/>\n\t<meta name=\"twitter:data1\" content=\"Tibor atya\" \/>\n\t<meta name=\"twitter:label2\" content=\"Becs\u00fclt olvas\u00e1si id\u0151\" \/>\n\t<meta name=\"twitter:data2\" content=\"10 perc\" \/>\n<script type=\"application\/ld+json\" class=\"yoast-schema-graph\">{\"@context\":\"https:\\\/\\\/schema.org\",\"@graph\":[{\"@type\":\"Article\",\"@id\":\"https:\\\/\\\/stuttgarti-katolikusok.de\\\/index.php\\\/harom-beszamolo-a-stuttgarti-katolikus-farsangrol\\\/#article\",\"isPartOf\":{\"@id\":\"https:\\\/\\\/stuttgarti-katolikusok.de\\\/index.php\\\/harom-beszamolo-a-stuttgarti-katolikus-farsangrol\\\/\"},\"author\":{\"name\":\"Tibor atya\",\"@id\":\"https:\\\/\\\/stuttgarti-katolikusok.de\\\/#\\\/schema\\\/person\\\/75908d6f8fdc03a57889d27209df7795\"},\"headline\":\"H\u00e1rom besz\u00e1mol\u00f3 a stuttgarti katolikus farsangr\u00f3l\",\"datePublished\":\"2020-02-24T20:02:17+00:00\",\"dateModified\":\"2020-02-25T09:44:32+00:00\",\"mainEntityOfPage\":{\"@id\":\"https:\\\/\\\/stuttgarti-katolikusok.de\\\/index.php\\\/harom-beszamolo-a-stuttgarti-katolikus-farsangrol\\\/\"},\"wordCount\":1914,\"image\":{\"@id\":\"https:\\\/\\\/stuttgarti-katolikusok.de\\\/index.php\\\/harom-beszamolo-a-stuttgarti-katolikus-farsangrol\\\/#primaryimage\"},\"thumbnailUrl\":\"https:\\\/\\\/stuttgarti-katolikusok.de\\\/wp-content\\\/uploads\\\/2020\\\/02\\\/stgtfarsang.jpg\",\"articleSection\":[\"Olvas\u00f3ink \u00edrj\u00e1k\"],\"inLanguage\":\"hu\"},{\"@type\":\"WebPage\",\"@id\":\"https:\\\/\\\/stuttgarti-katolikusok.de\\\/index.php\\\/harom-beszamolo-a-stuttgarti-katolikus-farsangrol\\\/\",\"url\":\"https:\\\/\\\/stuttgarti-katolikusok.de\\\/index.php\\\/harom-beszamolo-a-stuttgarti-katolikus-farsangrol\\\/\",\"name\":\"H\u00e1rom besz\u00e1mol\u00f3 a stuttgarti katolikus farsangr\u00f3l - Stuttgarti Katolikusok\",\"isPartOf\":{\"@id\":\"https:\\\/\\\/stuttgarti-katolikusok.de\\\/#website\"},\"primaryImageOfPage\":{\"@id\":\"https:\\\/\\\/stuttgarti-katolikusok.de\\\/index.php\\\/harom-beszamolo-a-stuttgarti-katolikus-farsangrol\\\/#primaryimage\"},\"image\":{\"@id\":\"https:\\\/\\\/stuttgarti-katolikusok.de\\\/index.php\\\/harom-beszamolo-a-stuttgarti-katolikus-farsangrol\\\/#primaryimage\"},\"thumbnailUrl\":\"https:\\\/\\\/stuttgarti-katolikusok.de\\\/wp-content\\\/uploads\\\/2020\\\/02\\\/stgtfarsang.jpg\",\"datePublished\":\"2020-02-24T20:02:17+00:00\",\"dateModified\":\"2020-02-25T09:44:32+00:00\",\"author\":{\"@id\":\"https:\\\/\\\/stuttgarti-katolikusok.de\\\/#\\\/schema\\\/person\\\/75908d6f8fdc03a57889d27209df7795\"},\"breadcrumb\":{\"@id\":\"https:\\\/\\\/stuttgarti-katolikusok.de\\\/index.php\\\/harom-beszamolo-a-stuttgarti-katolikus-farsangrol\\\/#breadcrumb\"},\"inLanguage\":\"hu\",\"potentialAction\":[{\"@type\":\"ReadAction\",\"target\":[\"https:\\\/\\\/stuttgarti-katolikusok.de\\\/index.php\\\/harom-beszamolo-a-stuttgarti-katolikus-farsangrol\\\/\"]}]},{\"@type\":\"ImageObject\",\"inLanguage\":\"hu\",\"@id\":\"https:\\\/\\\/stuttgarti-katolikusok.de\\\/index.php\\\/harom-beszamolo-a-stuttgarti-katolikus-farsangrol\\\/#primaryimage\",\"url\":\"https:\\\/\\\/stuttgarti-katolikusok.de\\\/wp-content\\\/uploads\\\/2020\\\/02\\\/stgtfarsang.jpg\",\"contentUrl\":\"https:\\\/\\\/stuttgarti-katolikusok.de\\\/wp-content\\\/uploads\\\/2020\\\/02\\\/stgtfarsang.jpg\",\"width\":799,\"height\":533},{\"@type\":\"BreadcrumbList\",\"@id\":\"https:\\\/\\\/stuttgarti-katolikusok.de\\\/index.php\\\/harom-beszamolo-a-stuttgarti-katolikus-farsangrol\\\/#breadcrumb\",\"itemListElement\":[{\"@type\":\"ListItem\",\"position\":1,\"name\":\"Kezd\u0151lap\",\"item\":\"https:\\\/\\\/stuttgarti-katolikusok.de\\\/\"},{\"@type\":\"ListItem\",\"position\":2,\"name\":\"H\u00e1rom besz\u00e1mol\u00f3 a stuttgarti katolikus farsangr\u00f3l\"}]},{\"@type\":\"WebSite\",\"@id\":\"https:\\\/\\\/stuttgarti-katolikusok.de\\\/#website\",\"url\":\"https:\\\/\\\/stuttgarti-katolikusok.de\\\/\",\"name\":\"Stuttgarti Katolikusok\",\"description\":\"\",\"potentialAction\":[{\"@type\":\"SearchAction\",\"target\":{\"@type\":\"EntryPoint\",\"urlTemplate\":\"https:\\\/\\\/stuttgarti-katolikusok.de\\\/?s={search_term_string}\"},\"query-input\":{\"@type\":\"PropertyValueSpecification\",\"valueRequired\":true,\"valueName\":\"search_term_string\"}}],\"inLanguage\":\"hu\"},{\"@type\":\"Person\",\"@id\":\"https:\\\/\\\/stuttgarti-katolikusok.de\\\/#\\\/schema\\\/person\\\/75908d6f8fdc03a57889d27209df7795\",\"name\":\"Tibor atya\",\"image\":{\"@type\":\"ImageObject\",\"inLanguage\":\"hu\",\"@id\":\"https:\\\/\\\/secure.gravatar.com\\\/avatar\\\/61d268e57d1f4525b111222e29d2d5a7f8c420fdbf231ba5566a8ceac74fa960?s=96&d=mm&r=g\",\"url\":\"https:\\\/\\\/secure.gravatar.com\\\/avatar\\\/61d268e57d1f4525b111222e29d2d5a7f8c420fdbf231ba5566a8ceac74fa960?s=96&d=mm&r=g\",\"contentUrl\":\"https:\\\/\\\/secure.gravatar.com\\\/avatar\\\/61d268e57d1f4525b111222e29d2d5a7f8c420fdbf231ba5566a8ceac74fa960?s=96&d=mm&r=g\",\"caption\":\"Tibor atya\"},\"url\":\"https:\\\/\\\/stuttgarti-katolikusok.de\\\/index.php\\\/author\\\/tibor-atya\\\/\"}]}<\/script>\n<!-- \/ Yoast SEO plugin. -->","yoast_head_json":{"title":"H\u00e1rom besz\u00e1mol\u00f3 a stuttgarti katolikus farsangr\u00f3l - Stuttgarti Katolikusok","robots":{"index":"index","follow":"follow","max-snippet":"max-snippet:-1","max-image-preview":"max-image-preview:large","max-video-preview":"max-video-preview:-1"},"canonical":"https:\/\/stuttgarti-katolikusok.de\/index.php\/harom-beszamolo-a-stuttgarti-katolikus-farsangrol\/","og_locale":"hu_HU","og_type":"article","og_title":"H\u00e1rom besz\u00e1mol\u00f3 a stuttgarti katolikus farsangr\u00f3l - Stuttgarti Katolikusok","og_description":"Farsangos \u00fcnnep &nbsp; 2020 febru\u00e1r 16. egy vas\u00e1rnap, m\u00e9gpedig a h\u00f3nap 3. vas\u00e1rnapja. Nek\u00fcnk ludwigsburgiaknak egy k\u00fcl\u00f6nleges vas\u00e1rnap: ugyanis magyar mise van a St. Josef templomban. A szentmise v\u00e9g\u00e9n Imre atya meg\u00e1ldotta kedves fiatal bar\u00e1taink janu\u00e1r 13-\u00e1n sz\u00fcletett le\u00e1nyk\u00e1j\u00e1t, a kis Leyla Ann\u00e1t. Ez ut\u00e1n a gy\u00f6ny\u00f6r\u0171 \u00e9s meghat\u00f3 esm\u00e9ny ut\u00e1n indultunk el Stuttgartba, ahol a magyar szentmis\u00e9t egy szines, tr\u00e9f\u00e1s-farsangi el\u0151ad\u00e1s k\u00f6vette. Els\u0151nek a kicsiny gyermekek el\u0151ad\u00e1s\u00e1ban gy\u00f6ny\u00f6rk\u00f6dhett\u00fcnk. Nagy lelkesed\u00e9ssel, \u00e9des \u00e1rtatlans\u00e1ggal \u00e9s szemmel l\u00e1that\u00f3an b\u00fcszk\u00e9n viselve farsangi koszt\u00fcmjeiket, adtak el\u0151 szebbn\u00e9l-szebb k\u00f6rt\u00e1ncokat. Teljesen elb\u00e1jolva figyelt\u00fck a m\u00e9g kicsit f\u00e9lszeg l\u00e9pteiket. Ezut\u00e1n a feln\u0151tt szerepl\u0151k k\u00f6vetkeztek. Sz\u00f6gedi, alf\u00f6ldi jelenetekkel. L\u00e1thattunk lovasokat zenesz\u00f3ra \u201ev\u00e1gtatni\u201c. Hatalmasakat nevett\u00fcnk a v\u00e9rbeli pec\u00e1sok komment\u00e1rjain, akik nyugalom (\u00e9s persze fog\u00e1s) rem\u00e9ny\u00e9ben \u00fcltek a vizparton\u2026 mindaddig m\u00edg meg nem jelentek a cseppet sem csendes feles\u00e9geik. J\u00f3l mulattunk a r\u00f3ka meg a farkas kalandjain, Stauder Marika mes\u00e9l\u00e9se mellett. Ez\u00faton is k\u00fcl\u00f6n elismer\u00e9s a kis Annam\u00e1ri\u00e1nak aki a r\u00f3k\u00e1t alak\u00edtotta. Azut\u00e1n k\u00f6vetkezett \u201e Pali\u201c b\u00e9g \u00e9s szerecseninasa, meg a szeg\u00e9ny ember t\u00f6rt\u00e9nete. Micsoda el\u00e1nnal, lelkesed\u00e9ssel j\u00e1tszott\u00e1k szerepeiket! Lehetlen lett volna meg\u00e1llni nevet\u00e9s n\u00e9lk\u00fcl az \u201eifj\u00fa\u201c szolga \u201epontos id\u0151\u201c k\u00f6zl\u00e9s\u00e9t meg a b\u00e9g \u00e9s a szeg\u00e9ny ember csat\u00e1roz\u00e1s\u00e1t a sz\u0151l\u0151szemek\u00e9rt. A jelmezek tervez\u00e9se \u00e9s elk\u00e9sz\u00edt\u00e9se is igazi fant\u00e1zi\u00e1t \u00e9s lelem\u00e9nyess\u00e9get ig\u00e9nyelt. \u201ePali\u201c b\u00e9g inasa, akit a 90 \u00e9ves Pint\u00e9r Ferenc szem\u00e9lyes\u00edtett meg, m\u00e9g szerecsenhez ill\u0151 fekete szint is var\u00e1zsolt az arc\u00e1ra. Csod\u00e1latos d\u00e9lut\u00e1n volt (!!!), amit k\u00f6sz\u00f6n\u00fcnk Nektek kedves tervez\u0151k, szervez\u0151k, rendez\u0151k, seg\u00edt\u0151k, szerepl\u0151k. K\u00fcl\u00f6n k\u00f6sz\u00f6net T\u00f3th M\u00e1rtinak, aki az ut\u00f3bbi hetekben ennek az el\u0151ad\u00e1snak sikeres kidolgoz\u00e1s\u00e1n f\u00e1radozott. Sok-sok \u00f3ra odaad\u00f3 munka eredm\u00e9ny\u00e9t \u00e9lvezhett\u00fck a mai d\u00e9lut\u00e1non. De k\u00f6sz\u00f6netet kell mondani a sok-sok finoms\u00e1g\u00e9rt elk\u00e9sz\u00edt\u00e9s\u00e9\u00e9rt is, ami alatt roskadoztak az asztalok. Az el\u0151ad\u00e1s ut\u00e1n a jelenlev\u0151 n\u00f3t\u00e1skedv\u0171 bar\u00e1taink \u00e9nekeltek saj\u00e1t maguk \u00e9s a t\u00f6bbiek \u00f6r\u00f6m\u00e9re. Nagyon j\u00f3 volt egy\u00fct lenni veletek!!! Besz\u00e9lgetni j\u00f3 \u00e9s kev\u00e9sb\u00e9 j\u00f3 dolgokr\u00f3l, megfeledkezni a... R\u00e9szletek","og_url":"https:\/\/stuttgarti-katolikusok.de\/index.php\/harom-beszamolo-a-stuttgarti-katolikus-farsangrol\/","og_site_name":"Stuttgarti Katolikusok","article_published_time":"2020-02-24T20:02:17+00:00","article_modified_time":"2020-02-25T09:44:32+00:00","og_image":[{"width":799,"height":533,"url":"https:\/\/stuttgarti-katolikusok.de\/wp-content\/uploads\/2020\/02\/stgtfarsang.jpg","type":"image\/jpeg"}],"author":"Tibor atya","twitter_card":"summary_large_image","twitter_misc":{"Szerz\u0151:":"Tibor atya","Becs\u00fclt olvas\u00e1si id\u0151":"10 perc"},"schema":{"@context":"https:\/\/schema.org","@graph":[{"@type":"Article","@id":"https:\/\/stuttgarti-katolikusok.de\/index.php\/harom-beszamolo-a-stuttgarti-katolikus-farsangrol\/#article","isPartOf":{"@id":"https:\/\/stuttgarti-katolikusok.de\/index.php\/harom-beszamolo-a-stuttgarti-katolikus-farsangrol\/"},"author":{"name":"Tibor atya","@id":"https:\/\/stuttgarti-katolikusok.de\/#\/schema\/person\/75908d6f8fdc03a57889d27209df7795"},"headline":"H\u00e1rom besz\u00e1mol\u00f3 a stuttgarti katolikus farsangr\u00f3l","datePublished":"2020-02-24T20:02:17+00:00","dateModified":"2020-02-25T09:44:32+00:00","mainEntityOfPage":{"@id":"https:\/\/stuttgarti-katolikusok.de\/index.php\/harom-beszamolo-a-stuttgarti-katolikus-farsangrol\/"},"wordCount":1914,"image":{"@id":"https:\/\/stuttgarti-katolikusok.de\/index.php\/harom-beszamolo-a-stuttgarti-katolikus-farsangrol\/#primaryimage"},"thumbnailUrl":"https:\/\/stuttgarti-katolikusok.de\/wp-content\/uploads\/2020\/02\/stgtfarsang.jpg","articleSection":["Olvas\u00f3ink \u00edrj\u00e1k"],"inLanguage":"hu"},{"@type":"WebPage","@id":"https:\/\/stuttgarti-katolikusok.de\/index.php\/harom-beszamolo-a-stuttgarti-katolikus-farsangrol\/","url":"https:\/\/stuttgarti-katolikusok.de\/index.php\/harom-beszamolo-a-stuttgarti-katolikus-farsangrol\/","name":"H\u00e1rom besz\u00e1mol\u00f3 a stuttgarti katolikus farsangr\u00f3l - Stuttgarti Katolikusok","isPartOf":{"@id":"https:\/\/stuttgarti-katolikusok.de\/#website"},"primaryImageOfPage":{"@id":"https:\/\/stuttgarti-katolikusok.de\/index.php\/harom-beszamolo-a-stuttgarti-katolikus-farsangrol\/#primaryimage"},"image":{"@id":"https:\/\/stuttgarti-katolikusok.de\/index.php\/harom-beszamolo-a-stuttgarti-katolikus-farsangrol\/#primaryimage"},"thumbnailUrl":"https:\/\/stuttgarti-katolikusok.de\/wp-content\/uploads\/2020\/02\/stgtfarsang.jpg","datePublished":"2020-02-24T20:02:17+00:00","dateModified":"2020-02-25T09:44:32+00:00","author":{"@id":"https:\/\/stuttgarti-katolikusok.de\/#\/schema\/person\/75908d6f8fdc03a57889d27209df7795"},"breadcrumb":{"@id":"https:\/\/stuttgarti-katolikusok.de\/index.php\/harom-beszamolo-a-stuttgarti-katolikus-farsangrol\/#breadcrumb"},"inLanguage":"hu","potentialAction":[{"@type":"ReadAction","target":["https:\/\/stuttgarti-katolikusok.de\/index.php\/harom-beszamolo-a-stuttgarti-katolikus-farsangrol\/"]}]},{"@type":"ImageObject","inLanguage":"hu","@id":"https:\/\/stuttgarti-katolikusok.de\/index.php\/harom-beszamolo-a-stuttgarti-katolikus-farsangrol\/#primaryimage","url":"https:\/\/stuttgarti-katolikusok.de\/wp-content\/uploads\/2020\/02\/stgtfarsang.jpg","contentUrl":"https:\/\/stuttgarti-katolikusok.de\/wp-content\/uploads\/2020\/02\/stgtfarsang.jpg","width":799,"height":533},{"@type":"BreadcrumbList","@id":"https:\/\/stuttgarti-katolikusok.de\/index.php\/harom-beszamolo-a-stuttgarti-katolikus-farsangrol\/#breadcrumb","itemListElement":[{"@type":"ListItem","position":1,"name":"Kezd\u0151lap","item":"https:\/\/stuttgarti-katolikusok.de\/"},{"@type":"ListItem","position":2,"name":"H\u00e1rom besz\u00e1mol\u00f3 a stuttgarti katolikus farsangr\u00f3l"}]},{"@type":"WebSite","@id":"https:\/\/stuttgarti-katolikusok.de\/#website","url":"https:\/\/stuttgarti-katolikusok.de\/","name":"Stuttgarti Katolikusok","description":"","potentialAction":[{"@type":"SearchAction","target":{"@type":"EntryPoint","urlTemplate":"https:\/\/stuttgarti-katolikusok.de\/?s={search_term_string}"},"query-input":{"@type":"PropertyValueSpecification","valueRequired":true,"valueName":"search_term_string"}}],"inLanguage":"hu"},{"@type":"Person","@id":"https:\/\/stuttgarti-katolikusok.de\/#\/schema\/person\/75908d6f8fdc03a57889d27209df7795","name":"Tibor atya","image":{"@type":"ImageObject","inLanguage":"hu","@id":"https:\/\/secure.gravatar.com\/avatar\/61d268e57d1f4525b111222e29d2d5a7f8c420fdbf231ba5566a8ceac74fa960?s=96&d=mm&r=g","url":"https:\/\/secure.gravatar.com\/avatar\/61d268e57d1f4525b111222e29d2d5a7f8c420fdbf231ba5566a8ceac74fa960?s=96&d=mm&r=g","contentUrl":"https:\/\/secure.gravatar.com\/avatar\/61d268e57d1f4525b111222e29d2d5a7f8c420fdbf231ba5566a8ceac74fa960?s=96&d=mm&r=g","caption":"Tibor atya"},"url":"https:\/\/stuttgarti-katolikusok.de\/index.php\/author\/tibor-atya\/"}]}},"_links":{"self":[{"href":"https:\/\/stuttgarti-katolikusok.de\/index.php\/wp-json\/wp\/v2\/posts\/18895","targetHints":{"allow":["GET"]}}],"collection":[{"href":"https:\/\/stuttgarti-katolikusok.de\/index.php\/wp-json\/wp\/v2\/posts"}],"about":[{"href":"https:\/\/stuttgarti-katolikusok.de\/index.php\/wp-json\/wp\/v2\/types\/post"}],"author":[{"embeddable":true,"href":"https:\/\/stuttgarti-katolikusok.de\/index.php\/wp-json\/wp\/v2\/users\/3"}],"replies":[{"embeddable":true,"href":"https:\/\/stuttgarti-katolikusok.de\/index.php\/wp-json\/wp\/v2\/comments?post=18895"}],"version-history":[{"count":2,"href":"https:\/\/stuttgarti-katolikusok.de\/index.php\/wp-json\/wp\/v2\/posts\/18895\/revisions"}],"predecessor-version":[{"id":18930,"href":"https:\/\/stuttgarti-katolikusok.de\/index.php\/wp-json\/wp\/v2\/posts\/18895\/revisions\/18930"}],"wp:featuredmedia":[{"embeddable":true,"href":"https:\/\/stuttgarti-katolikusok.de\/index.php\/wp-json\/wp\/v2\/media\/18929"}],"wp:attachment":[{"href":"https:\/\/stuttgarti-katolikusok.de\/index.php\/wp-json\/wp\/v2\/media?parent=18895"}],"wp:term":[{"taxonomy":"category","embeddable":true,"href":"https:\/\/stuttgarti-katolikusok.de\/index.php\/wp-json\/wp\/v2\/categories?post=18895"},{"taxonomy":"post_tag","embeddable":true,"href":"https:\/\/stuttgarti-katolikusok.de\/index.php\/wp-json\/wp\/v2\/tags?post=18895"}],"curies":[{"name":"wp","href":"https:\/\/api.w.org\/{rel}","templated":true}]}}