{"id":18704,"date":"2020-02-04T15:32:25","date_gmt":"2020-02-04T15:32:25","guid":{"rendered":"https:\/\/gracious-dewdney.138-201-221-2.plesk.page\/?p=18704"},"modified":"2020-04-27T08:28:09","modified_gmt":"2020-04-27T08:28:09","slug":"benedek-anniko-pentek-este-a-templomban","status":"publish","type":"post","link":"https:\/\/stuttgarti-katolikusok.de\/index.php\/benedek-anniko-pentek-este-a-templomban\/","title":{"rendered":"Benedek Annik\u00f3: P\u00e9ntek este a templomban&#8230;"},"content":{"rendered":"<p><strong>P\u00e9ntek este a templomban&#8230;<\/strong><\/p>\n<p>&nbsp;<\/p>\n<p>Nagyon neh\u00e9z \u00e9s f\u00e1raszt\u00f3 h\u00e9t volt. Mint az eddigiek. Az ember alig v\u00e1rja a h\u00e9tv\u00e9g\u00e9t, hogy v\u00e9gre igaz\u00e1b\u00f3l kipihenhesse mag\u00e1t. Fizikaliag \u00e9s lelkileg. Egy ilyen rohan\u00f3 vil\u00e1gban alig van id\u0151nk meg\u00e1llni \u00e9s megpihenni. Az ember \u00e9rzi, hogy valamit kellene tenni az\u00e9rt, hogy ez ne \u00edgy legyen, de nem tudja mindig, hogy hogyan?<\/p>\n<p>Az ut\u00f3bbi id\u0151ben sokat foglalkoztat a ritu\u00e1l\u00e9k, a szertart\u00e1sok szerepe a mindennapjainkban. Vannak olyanok, amelyek hirtelen ad\u00f3dnak: egy k\u00f6z\u00f6s vacsora egy bar\u00e1tn\u0151vel, egy kiad\u00f3s s\u00e9ta vagy elmer\u00fcl\u00e9s a nagyv\u00e1ros forgatag\u00e1ban. Vannak viszont olyanok is, amelyek \u00e1lland\u00f3ak, adottak, \u00e9s ezeket \u00e1polnunk kell.<\/p>\n<p>A p\u00e9ntek esti szentmise k\u00f6z\u00f6ss\u00e9g\u00fcnk egyik kedves, felemel\u0151, megnyugtat\u00f3 \u00a0ritu\u00e1l\u00e9ja, ha szabad \u00edgy mondanom. A h\u00e9ten elmaradt a szentmise, mert Imre atya \u00e9desanyja elhunyt, m\u00e9gis \u00f6sszegy\u0171lt\u00fcnk egy im\u00e1ra. Eszter vezet\u00e9s\u00e9vel elmondtuk az eg\u00e9sz r\u00f3zsaf\u00fcz\u00e9rt. Szem\u00e9lyes k\u00e9r\u00e9seink mellett ez\u00fattal egy k\u00f6z\u00f6s sz\u00e1nd\u00e9k is volt: Valika n\u00e9ni lelki\u00fcdv\u00e9\u00e9rt, illetve halottaink\u00e9rt im\u00e1dkoztunk. M\u00e1skor is szoktunk im\u00e1dkozni, de ez az alkalom valahogy m\u00e1s volt. A templom csendje, a fegyelmezett, r\u00e9szv\u00e9ttel teli \u00a0\u00e9s \u0151szinte \u201eottl\u00e9t\u201c, az a t\u00e9ny, hogy ott voltunk egy\u00fctt, m\u00e9ly nyugalmat \u00e9s bels\u0151 megb\u00e9k\u00e9l\u00e9st adott.\u00a0\u00a0A r\u00f3zsaf\u00fcz\u00e9r nem helyettes\u00edti ugyan a szentmis\u00e9t, de megvagyok gy\u0151z\u0151dve hogy a J\u00f3isten \u00e9s a Sz\u0171zanya meghallgatta im\u00e1inkat&#8230;<\/p>\n<p>\u00c9ppen befejezt\u00fck a r\u00f3zsaf\u00fcz\u00e9rt, mikor j\u00f6tt a h\u00e1zmester, hogy a templomot bez\u00e1rja. Mosollyal az arcunkon l\u00e9pt\u00fcnk ki a templomb\u00f3l, \u00e9s egyik-m\u00e1sikunkt\u00f3l elhangzott a sz\u00e9p meg\u00e1llap\u00edt\u00e1s: \u201eEz j\u00f3 volt!\u201c, \u201eSz\u00e9p volt!\u201c&#8230;<\/p>\n<p>Elgondolkoztatott: l\u00e1m, a heti ritu\u00e1l\u00e9hoz mennyire hozz\u00e1tartozik a\u00a0\u00a0p\u00e9ntek esti templomba j\u00e1r\u00e1s, \u00e9s nem csak nekem fontos, hanem m\u00e9g sok m\u00e1snak is\u2026<\/p>\n<p>Igy legyen ez a j\u00f6v\u0151ben is!<\/p>\n<p>&nbsp;<\/p>\n<p><em>Stuttgart, 2020-02-01.<\/em><\/p>\n<p><em>Benedek Annik\u00f3\u00a0<\/em><\/p>\n","protected":false},"excerpt":{"rendered":"<p>P\u00e9ntek este a templomban&#8230; &nbsp; Nagyon neh\u00e9z \u00e9s f\u00e1raszt\u00f3 h\u00e9t volt. Mint az eddigiek. Az ember alig v\u00e1rja a h\u00e9tv\u00e9g\u00e9t, hogy v\u00e9gre igaz\u00e1b\u00f3l kipihenhesse mag\u00e1t. Fizikaliag \u00e9s lelkileg. Egy ilyen rohan\u00f3 vil\u00e1gban alig van id\u0151nk meg\u00e1llni \u00e9s megpihenni. Az ember \u00e9rzi, hogy valamit kellene tenni az\u00e9rt, hogy ez ne \u00edgy legyen, de nem tudja mindig, hogy hogyan? Az ut\u00f3bbi id\u0151ben sokat foglalkoztat a ritu\u00e1l\u00e9k, a szertart\u00e1sok szerepe a mindennapjainkban. Vannak olyanok, amelyek hirtelen ad\u00f3dnak: egy k\u00f6z\u00f6s vacsora egy bar\u00e1tn\u0151vel, egy kiad\u00f3s s\u00e9ta vagy elmer\u00fcl\u00e9s a nagyv\u00e1ros forgatag\u00e1ban. Vannak viszont olyanok is, amelyek \u00e1lland\u00f3ak, adottak, \u00e9s ezeket \u00e1polnunk kell. A p\u00e9ntek esti szentmise k\u00f6z\u00f6ss\u00e9g\u00fcnk egyik kedves, felemel\u0151, megnyugtat\u00f3 \u00a0ritu\u00e1l\u00e9ja, ha szabad \u00edgy mondanom. A h\u00e9ten elmaradt a szentmise, mert Imre atya \u00e9desanyja elhunyt, m\u00e9gis \u00f6sszegy\u0171lt\u00fcnk egy im\u00e1ra. Eszter vezet\u00e9s\u00e9vel elmondtuk az eg\u00e9sz r\u00f3zsaf\u00fcz\u00e9rt. Szem\u00e9lyes k\u00e9r\u00e9seink mellett ez\u00fattal egy k\u00f6z\u00f6s sz\u00e1nd\u00e9k is volt: Valika n\u00e9ni lelki\u00fcdv\u00e9\u00e9rt, illetve halottaink\u00e9rt im\u00e1dkoztunk. M\u00e1skor is szoktunk im\u00e1dkozni, de ez az alkalom valahogy m\u00e1s volt. A templom csendje, a fegyelmezett, r\u00e9szv\u00e9ttel teli \u00a0\u00e9s \u0151szinte \u201eottl\u00e9t\u201c, az a t\u00e9ny, hogy ott voltunk egy\u00fctt, m\u00e9ly nyugalmat \u00e9s bels\u0151 megb\u00e9k\u00e9l\u00e9st adott.\u00a0\u00a0A r\u00f3zsaf\u00fcz\u00e9r nem helyettes\u00edti ugyan a szentmis\u00e9t, de megvagyok gy\u0151z\u0151dve hogy a J\u00f3isten \u00e9s a Sz\u0171zanya meghallgatta im\u00e1inkat&#8230; \u00c9ppen befejezt\u00fck a r\u00f3zsaf\u00fcz\u00e9rt, mikor j\u00f6tt a h\u00e1zmester, hogy a templomot bez\u00e1rja. Mosollyal az arcunkon l\u00e9pt\u00fcnk ki a templomb\u00f3l, \u00e9s egyik-m\u00e1sikunkt\u00f3l elhangzott a sz\u00e9p meg\u00e1llap\u00edt\u00e1s: \u201eEz j\u00f3 volt!\u201c, \u201eSz\u00e9p volt!\u201c&#8230; Elgondolkoztatott: l\u00e1m, a heti ritu\u00e1l\u00e9hoz mennyire hozz\u00e1tartozik a\u00a0\u00a0p\u00e9ntek esti templomba j\u00e1r\u00e1s, \u00e9s nem csak nekem fontos, hanem m\u00e9g sok m\u00e1snak is\u2026 Igy legyen ez a j\u00f6v\u0151ben is! &nbsp; Stuttgart, 2020-02-01. Benedek Annik\u00f3\u00a0<\/p>\n","protected":false},"author":3,"featured_media":0,"comment_status":"closed","ping_status":"closed","sticky":false,"template":"","format":"standard","meta":{"footnotes":""},"categories":[28],"tags":[],"class_list":["post-18704","post","type-post","status-publish","format-standard","hentry","category-olvasoink-irjak"],"yoast_head":"<!-- This site is optimized with the Yoast SEO plugin v27.3 - https:\/\/yoast.com\/product\/yoast-seo-wordpress\/ -->\n<title>Benedek Annik\u00f3: P\u00e9ntek este a templomban... - Stuttgarti Katolikusok<\/title>\n<meta name=\"robots\" content=\"index, follow, max-snippet:-1, max-image-preview:large, max-video-preview:-1\" \/>\n<link rel=\"canonical\" href=\"https:\/\/stuttgarti-katolikusok.de\/index.php\/benedek-anniko-pentek-este-a-templomban\/\" \/>\n<meta property=\"og:locale\" content=\"hu_HU\" \/>\n<meta property=\"og:type\" content=\"article\" \/>\n<meta property=\"og:title\" content=\"Benedek Annik\u00f3: P\u00e9ntek este a templomban... - Stuttgarti Katolikusok\" \/>\n<meta property=\"og:description\" content=\"P\u00e9ntek este a templomban&#8230; &nbsp; Nagyon neh\u00e9z \u00e9s f\u00e1raszt\u00f3 h\u00e9t volt. Mint az eddigiek. Az ember alig v\u00e1rja a h\u00e9tv\u00e9g\u00e9t, hogy v\u00e9gre igaz\u00e1b\u00f3l kipihenhesse mag\u00e1t. Fizikaliag \u00e9s lelkileg. Egy ilyen rohan\u00f3 vil\u00e1gban alig van id\u0151nk meg\u00e1llni \u00e9s megpihenni. Az ember \u00e9rzi, hogy valamit kellene tenni az\u00e9rt, hogy ez ne \u00edgy legyen, de nem tudja mindig, hogy hogyan? Az ut\u00f3bbi id\u0151ben sokat foglalkoztat a ritu\u00e1l\u00e9k, a szertart\u00e1sok szerepe a mindennapjainkban. Vannak olyanok, amelyek hirtelen ad\u00f3dnak: egy k\u00f6z\u00f6s vacsora egy bar\u00e1tn\u0151vel, egy kiad\u00f3s s\u00e9ta vagy elmer\u00fcl\u00e9s a nagyv\u00e1ros forgatag\u00e1ban. Vannak viszont olyanok is, amelyek \u00e1lland\u00f3ak, adottak, \u00e9s ezeket \u00e1polnunk kell. A p\u00e9ntek esti szentmise k\u00f6z\u00f6ss\u00e9g\u00fcnk egyik kedves, felemel\u0151, megnyugtat\u00f3 \u00a0ritu\u00e1l\u00e9ja, ha szabad \u00edgy mondanom. A h\u00e9ten elmaradt a szentmise, mert Imre atya \u00e9desanyja elhunyt, m\u00e9gis \u00f6sszegy\u0171lt\u00fcnk egy im\u00e1ra. Eszter vezet\u00e9s\u00e9vel elmondtuk az eg\u00e9sz r\u00f3zsaf\u00fcz\u00e9rt. Szem\u00e9lyes k\u00e9r\u00e9seink mellett ez\u00fattal egy k\u00f6z\u00f6s sz\u00e1nd\u00e9k is volt: Valika n\u00e9ni lelki\u00fcdv\u00e9\u00e9rt, illetve halottaink\u00e9rt im\u00e1dkoztunk. M\u00e1skor is szoktunk im\u00e1dkozni, de ez az alkalom valahogy m\u00e1s volt. A templom csendje, a fegyelmezett, r\u00e9szv\u00e9ttel teli \u00a0\u00e9s \u0151szinte \u201eottl\u00e9t\u201c, az a t\u00e9ny, hogy ott voltunk egy\u00fctt, m\u00e9ly nyugalmat \u00e9s bels\u0151 megb\u00e9k\u00e9l\u00e9st adott.\u00a0\u00a0A r\u00f3zsaf\u00fcz\u00e9r nem helyettes\u00edti ugyan a szentmis\u00e9t, de megvagyok gy\u0151z\u0151dve hogy a J\u00f3isten \u00e9s a Sz\u0171zanya meghallgatta im\u00e1inkat&#8230; \u00c9ppen befejezt\u00fck a r\u00f3zsaf\u00fcz\u00e9rt, mikor j\u00f6tt a h\u00e1zmester, hogy a templomot bez\u00e1rja. Mosollyal az arcunkon l\u00e9pt\u00fcnk ki a templomb\u00f3l, \u00e9s egyik-m\u00e1sikunkt\u00f3l elhangzott a sz\u00e9p meg\u00e1llap\u00edt\u00e1s: \u201eEz j\u00f3 volt!\u201c, \u201eSz\u00e9p volt!\u201c&#8230; Elgondolkoztatott: l\u00e1m, a heti ritu\u00e1l\u00e9hoz mennyire hozz\u00e1tartozik a\u00a0\u00a0p\u00e9ntek esti templomba j\u00e1r\u00e1s, \u00e9s nem csak nekem fontos, hanem m\u00e9g sok m\u00e1snak is\u2026 Igy legyen ez a j\u00f6v\u0151ben is! &nbsp; Stuttgart, 2020-02-01. Benedek Annik\u00f3\u00a0\" \/>\n<meta property=\"og:url\" content=\"https:\/\/stuttgarti-katolikusok.de\/index.php\/benedek-anniko-pentek-este-a-templomban\/\" \/>\n<meta property=\"og:site_name\" content=\"Stuttgarti Katolikusok\" \/>\n<meta property=\"article:published_time\" content=\"2020-02-04T15:32:25+00:00\" \/>\n<meta property=\"article:modified_time\" content=\"2020-04-27T08:28:09+00:00\" \/>\n<meta name=\"author\" content=\"Tibor atya\" \/>\n<meta name=\"twitter:card\" content=\"summary_large_image\" \/>\n<meta name=\"twitter:label1\" content=\"Szerz\u0151:\" \/>\n\t<meta name=\"twitter:data1\" content=\"Tibor atya\" \/>\n\t<meta name=\"twitter:label2\" content=\"Becs\u00fclt olvas\u00e1si id\u0151\" \/>\n\t<meta name=\"twitter:data2\" content=\"2 perc\" \/>\n<script type=\"application\/ld+json\" class=\"yoast-schema-graph\">{\"@context\":\"https:\\\/\\\/schema.org\",\"@graph\":[{\"@type\":\"Article\",\"@id\":\"https:\\\/\\\/stuttgarti-katolikusok.de\\\/index.php\\\/benedek-anniko-pentek-este-a-templomban\\\/#article\",\"isPartOf\":{\"@id\":\"https:\\\/\\\/stuttgarti-katolikusok.de\\\/index.php\\\/benedek-anniko-pentek-este-a-templomban\\\/\"},\"author\":{\"name\":\"Tibor atya\",\"@id\":\"https:\\\/\\\/stuttgarti-katolikusok.de\\\/#\\\/schema\\\/person\\\/75908d6f8fdc03a57889d27209df7795\"},\"headline\":\"Benedek Annik\u00f3: P\u00e9ntek este a templomban&#8230;\",\"datePublished\":\"2020-02-04T15:32:25+00:00\",\"dateModified\":\"2020-04-27T08:28:09+00:00\",\"mainEntityOfPage\":{\"@id\":\"https:\\\/\\\/stuttgarti-katolikusok.de\\\/index.php\\\/benedek-anniko-pentek-este-a-templomban\\\/\"},\"wordCount\":384,\"articleSection\":[\"Olvas\u00f3ink \u00edrj\u00e1k\"],\"inLanguage\":\"hu\"},{\"@type\":\"WebPage\",\"@id\":\"https:\\\/\\\/stuttgarti-katolikusok.de\\\/index.php\\\/benedek-anniko-pentek-este-a-templomban\\\/\",\"url\":\"https:\\\/\\\/stuttgarti-katolikusok.de\\\/index.php\\\/benedek-anniko-pentek-este-a-templomban\\\/\",\"name\":\"Benedek Annik\u00f3: P\u00e9ntek este a templomban... - Stuttgarti Katolikusok\",\"isPartOf\":{\"@id\":\"https:\\\/\\\/stuttgarti-katolikusok.de\\\/#website\"},\"datePublished\":\"2020-02-04T15:32:25+00:00\",\"dateModified\":\"2020-04-27T08:28:09+00:00\",\"author\":{\"@id\":\"https:\\\/\\\/stuttgarti-katolikusok.de\\\/#\\\/schema\\\/person\\\/75908d6f8fdc03a57889d27209df7795\"},\"breadcrumb\":{\"@id\":\"https:\\\/\\\/stuttgarti-katolikusok.de\\\/index.php\\\/benedek-anniko-pentek-este-a-templomban\\\/#breadcrumb\"},\"inLanguage\":\"hu\",\"potentialAction\":[{\"@type\":\"ReadAction\",\"target\":[\"https:\\\/\\\/stuttgarti-katolikusok.de\\\/index.php\\\/benedek-anniko-pentek-este-a-templomban\\\/\"]}]},{\"@type\":\"BreadcrumbList\",\"@id\":\"https:\\\/\\\/stuttgarti-katolikusok.de\\\/index.php\\\/benedek-anniko-pentek-este-a-templomban\\\/#breadcrumb\",\"itemListElement\":[{\"@type\":\"ListItem\",\"position\":1,\"name\":\"Kezd\u0151lap\",\"item\":\"https:\\\/\\\/stuttgarti-katolikusok.de\\\/\"},{\"@type\":\"ListItem\",\"position\":2,\"name\":\"Benedek Annik\u00f3: P\u00e9ntek este a templomban&#8230;\"}]},{\"@type\":\"WebSite\",\"@id\":\"https:\\\/\\\/stuttgarti-katolikusok.de\\\/#website\",\"url\":\"https:\\\/\\\/stuttgarti-katolikusok.de\\\/\",\"name\":\"Stuttgarti Katolikusok\",\"description\":\"\",\"potentialAction\":[{\"@type\":\"SearchAction\",\"target\":{\"@type\":\"EntryPoint\",\"urlTemplate\":\"https:\\\/\\\/stuttgarti-katolikusok.de\\\/?s={search_term_string}\"},\"query-input\":{\"@type\":\"PropertyValueSpecification\",\"valueRequired\":true,\"valueName\":\"search_term_string\"}}],\"inLanguage\":\"hu\"},{\"@type\":\"Person\",\"@id\":\"https:\\\/\\\/stuttgarti-katolikusok.de\\\/#\\\/schema\\\/person\\\/75908d6f8fdc03a57889d27209df7795\",\"name\":\"Tibor atya\",\"image\":{\"@type\":\"ImageObject\",\"inLanguage\":\"hu\",\"@id\":\"https:\\\/\\\/secure.gravatar.com\\\/avatar\\\/61d268e57d1f4525b111222e29d2d5a7f8c420fdbf231ba5566a8ceac74fa960?s=96&d=mm&r=g\",\"url\":\"https:\\\/\\\/secure.gravatar.com\\\/avatar\\\/61d268e57d1f4525b111222e29d2d5a7f8c420fdbf231ba5566a8ceac74fa960?s=96&d=mm&r=g\",\"contentUrl\":\"https:\\\/\\\/secure.gravatar.com\\\/avatar\\\/61d268e57d1f4525b111222e29d2d5a7f8c420fdbf231ba5566a8ceac74fa960?s=96&d=mm&r=g\",\"caption\":\"Tibor atya\"},\"url\":\"https:\\\/\\\/stuttgarti-katolikusok.de\\\/index.php\\\/author\\\/tibor-atya\\\/\"}]}<\/script>\n<!-- \/ Yoast SEO plugin. -->","yoast_head_json":{"title":"Benedek Annik\u00f3: P\u00e9ntek este a templomban... - Stuttgarti Katolikusok","robots":{"index":"index","follow":"follow","max-snippet":"max-snippet:-1","max-image-preview":"max-image-preview:large","max-video-preview":"max-video-preview:-1"},"canonical":"https:\/\/stuttgarti-katolikusok.de\/index.php\/benedek-anniko-pentek-este-a-templomban\/","og_locale":"hu_HU","og_type":"article","og_title":"Benedek Annik\u00f3: P\u00e9ntek este a templomban... - Stuttgarti Katolikusok","og_description":"P\u00e9ntek este a templomban&#8230; &nbsp; Nagyon neh\u00e9z \u00e9s f\u00e1raszt\u00f3 h\u00e9t volt. Mint az eddigiek. Az ember alig v\u00e1rja a h\u00e9tv\u00e9g\u00e9t, hogy v\u00e9gre igaz\u00e1b\u00f3l kipihenhesse mag\u00e1t. Fizikaliag \u00e9s lelkileg. Egy ilyen rohan\u00f3 vil\u00e1gban alig van id\u0151nk meg\u00e1llni \u00e9s megpihenni. Az ember \u00e9rzi, hogy valamit kellene tenni az\u00e9rt, hogy ez ne \u00edgy legyen, de nem tudja mindig, hogy hogyan? Az ut\u00f3bbi id\u0151ben sokat foglalkoztat a ritu\u00e1l\u00e9k, a szertart\u00e1sok szerepe a mindennapjainkban. Vannak olyanok, amelyek hirtelen ad\u00f3dnak: egy k\u00f6z\u00f6s vacsora egy bar\u00e1tn\u0151vel, egy kiad\u00f3s s\u00e9ta vagy elmer\u00fcl\u00e9s a nagyv\u00e1ros forgatag\u00e1ban. Vannak viszont olyanok is, amelyek \u00e1lland\u00f3ak, adottak, \u00e9s ezeket \u00e1polnunk kell. A p\u00e9ntek esti szentmise k\u00f6z\u00f6ss\u00e9g\u00fcnk egyik kedves, felemel\u0151, megnyugtat\u00f3 \u00a0ritu\u00e1l\u00e9ja, ha szabad \u00edgy mondanom. A h\u00e9ten elmaradt a szentmise, mert Imre atya \u00e9desanyja elhunyt, m\u00e9gis \u00f6sszegy\u0171lt\u00fcnk egy im\u00e1ra. Eszter vezet\u00e9s\u00e9vel elmondtuk az eg\u00e9sz r\u00f3zsaf\u00fcz\u00e9rt. Szem\u00e9lyes k\u00e9r\u00e9seink mellett ez\u00fattal egy k\u00f6z\u00f6s sz\u00e1nd\u00e9k is volt: Valika n\u00e9ni lelki\u00fcdv\u00e9\u00e9rt, illetve halottaink\u00e9rt im\u00e1dkoztunk. M\u00e1skor is szoktunk im\u00e1dkozni, de ez az alkalom valahogy m\u00e1s volt. A templom csendje, a fegyelmezett, r\u00e9szv\u00e9ttel teli \u00a0\u00e9s \u0151szinte \u201eottl\u00e9t\u201c, az a t\u00e9ny, hogy ott voltunk egy\u00fctt, m\u00e9ly nyugalmat \u00e9s bels\u0151 megb\u00e9k\u00e9l\u00e9st adott.\u00a0\u00a0A r\u00f3zsaf\u00fcz\u00e9r nem helyettes\u00edti ugyan a szentmis\u00e9t, de megvagyok gy\u0151z\u0151dve hogy a J\u00f3isten \u00e9s a Sz\u0171zanya meghallgatta im\u00e1inkat&#8230; \u00c9ppen befejezt\u00fck a r\u00f3zsaf\u00fcz\u00e9rt, mikor j\u00f6tt a h\u00e1zmester, hogy a templomot bez\u00e1rja. Mosollyal az arcunkon l\u00e9pt\u00fcnk ki a templomb\u00f3l, \u00e9s egyik-m\u00e1sikunkt\u00f3l elhangzott a sz\u00e9p meg\u00e1llap\u00edt\u00e1s: \u201eEz j\u00f3 volt!\u201c, \u201eSz\u00e9p volt!\u201c&#8230; Elgondolkoztatott: l\u00e1m, a heti ritu\u00e1l\u00e9hoz mennyire hozz\u00e1tartozik a\u00a0\u00a0p\u00e9ntek esti templomba j\u00e1r\u00e1s, \u00e9s nem csak nekem fontos, hanem m\u00e9g sok m\u00e1snak is\u2026 Igy legyen ez a j\u00f6v\u0151ben is! &nbsp; Stuttgart, 2020-02-01. Benedek Annik\u00f3\u00a0","og_url":"https:\/\/stuttgarti-katolikusok.de\/index.php\/benedek-anniko-pentek-este-a-templomban\/","og_site_name":"Stuttgarti Katolikusok","article_published_time":"2020-02-04T15:32:25+00:00","article_modified_time":"2020-04-27T08:28:09+00:00","author":"Tibor atya","twitter_card":"summary_large_image","twitter_misc":{"Szerz\u0151:":"Tibor atya","Becs\u00fclt olvas\u00e1si id\u0151":"2 perc"},"schema":{"@context":"https:\/\/schema.org","@graph":[{"@type":"Article","@id":"https:\/\/stuttgarti-katolikusok.de\/index.php\/benedek-anniko-pentek-este-a-templomban\/#article","isPartOf":{"@id":"https:\/\/stuttgarti-katolikusok.de\/index.php\/benedek-anniko-pentek-este-a-templomban\/"},"author":{"name":"Tibor atya","@id":"https:\/\/stuttgarti-katolikusok.de\/#\/schema\/person\/75908d6f8fdc03a57889d27209df7795"},"headline":"Benedek Annik\u00f3: P\u00e9ntek este a templomban&#8230;","datePublished":"2020-02-04T15:32:25+00:00","dateModified":"2020-04-27T08:28:09+00:00","mainEntityOfPage":{"@id":"https:\/\/stuttgarti-katolikusok.de\/index.php\/benedek-anniko-pentek-este-a-templomban\/"},"wordCount":384,"articleSection":["Olvas\u00f3ink \u00edrj\u00e1k"],"inLanguage":"hu"},{"@type":"WebPage","@id":"https:\/\/stuttgarti-katolikusok.de\/index.php\/benedek-anniko-pentek-este-a-templomban\/","url":"https:\/\/stuttgarti-katolikusok.de\/index.php\/benedek-anniko-pentek-este-a-templomban\/","name":"Benedek Annik\u00f3: P\u00e9ntek este a templomban... - Stuttgarti Katolikusok","isPartOf":{"@id":"https:\/\/stuttgarti-katolikusok.de\/#website"},"datePublished":"2020-02-04T15:32:25+00:00","dateModified":"2020-04-27T08:28:09+00:00","author":{"@id":"https:\/\/stuttgarti-katolikusok.de\/#\/schema\/person\/75908d6f8fdc03a57889d27209df7795"},"breadcrumb":{"@id":"https:\/\/stuttgarti-katolikusok.de\/index.php\/benedek-anniko-pentek-este-a-templomban\/#breadcrumb"},"inLanguage":"hu","potentialAction":[{"@type":"ReadAction","target":["https:\/\/stuttgarti-katolikusok.de\/index.php\/benedek-anniko-pentek-este-a-templomban\/"]}]},{"@type":"BreadcrumbList","@id":"https:\/\/stuttgarti-katolikusok.de\/index.php\/benedek-anniko-pentek-este-a-templomban\/#breadcrumb","itemListElement":[{"@type":"ListItem","position":1,"name":"Kezd\u0151lap","item":"https:\/\/stuttgarti-katolikusok.de\/"},{"@type":"ListItem","position":2,"name":"Benedek Annik\u00f3: P\u00e9ntek este a templomban&#8230;"}]},{"@type":"WebSite","@id":"https:\/\/stuttgarti-katolikusok.de\/#website","url":"https:\/\/stuttgarti-katolikusok.de\/","name":"Stuttgarti Katolikusok","description":"","potentialAction":[{"@type":"SearchAction","target":{"@type":"EntryPoint","urlTemplate":"https:\/\/stuttgarti-katolikusok.de\/?s={search_term_string}"},"query-input":{"@type":"PropertyValueSpecification","valueRequired":true,"valueName":"search_term_string"}}],"inLanguage":"hu"},{"@type":"Person","@id":"https:\/\/stuttgarti-katolikusok.de\/#\/schema\/person\/75908d6f8fdc03a57889d27209df7795","name":"Tibor atya","image":{"@type":"ImageObject","inLanguage":"hu","@id":"https:\/\/secure.gravatar.com\/avatar\/61d268e57d1f4525b111222e29d2d5a7f8c420fdbf231ba5566a8ceac74fa960?s=96&d=mm&r=g","url":"https:\/\/secure.gravatar.com\/avatar\/61d268e57d1f4525b111222e29d2d5a7f8c420fdbf231ba5566a8ceac74fa960?s=96&d=mm&r=g","contentUrl":"https:\/\/secure.gravatar.com\/avatar\/61d268e57d1f4525b111222e29d2d5a7f8c420fdbf231ba5566a8ceac74fa960?s=96&d=mm&r=g","caption":"Tibor atya"},"url":"https:\/\/stuttgarti-katolikusok.de\/index.php\/author\/tibor-atya\/"}]}},"_links":{"self":[{"href":"https:\/\/stuttgarti-katolikusok.de\/index.php\/wp-json\/wp\/v2\/posts\/18704","targetHints":{"allow":["GET"]}}],"collection":[{"href":"https:\/\/stuttgarti-katolikusok.de\/index.php\/wp-json\/wp\/v2\/posts"}],"about":[{"href":"https:\/\/stuttgarti-katolikusok.de\/index.php\/wp-json\/wp\/v2\/types\/post"}],"author":[{"embeddable":true,"href":"https:\/\/stuttgarti-katolikusok.de\/index.php\/wp-json\/wp\/v2\/users\/3"}],"replies":[{"embeddable":true,"href":"https:\/\/stuttgarti-katolikusok.de\/index.php\/wp-json\/wp\/v2\/comments?post=18704"}],"version-history":[{"count":1,"href":"https:\/\/stuttgarti-katolikusok.de\/index.php\/wp-json\/wp\/v2\/posts\/18704\/revisions"}],"predecessor-version":[{"id":18706,"href":"https:\/\/stuttgarti-katolikusok.de\/index.php\/wp-json\/wp\/v2\/posts\/18704\/revisions\/18706"}],"wp:attachment":[{"href":"https:\/\/stuttgarti-katolikusok.de\/index.php\/wp-json\/wp\/v2\/media?parent=18704"}],"wp:term":[{"taxonomy":"category","embeddable":true,"href":"https:\/\/stuttgarti-katolikusok.de\/index.php\/wp-json\/wp\/v2\/categories?post=18704"},{"taxonomy":"post_tag","embeddable":true,"href":"https:\/\/stuttgarti-katolikusok.de\/index.php\/wp-json\/wp\/v2\/tags?post=18704"}],"curies":[{"name":"wp","href":"https:\/\/api.w.org\/{rel}","templated":true}]}}