{"id":18701,"date":"2020-02-04T15:29:12","date_gmt":"2020-02-04T15:29:12","guid":{"rendered":"https:\/\/gracious-dewdney.138-201-221-2.plesk.page\/?p=18701"},"modified":"2020-02-05T13:38:58","modified_gmt":"2020-02-05T13:38:58","slug":"egy-rendhagyo-kiallitas-margojara","status":"publish","type":"post","link":"https:\/\/stuttgarti-katolikusok.de\/index.php\/egy-rendhagyo-kiallitas-margojara\/","title":{"rendered":"Zeitler Barbara: Saj\u00e1t k\u00e9sz\u00edt\u00e9s\u0171 betlehem&#8230;"},"content":{"rendered":"<p><strong>Zeitler Barbara: Saj\u00e1t k\u00e9sz\u00edt\u00e9s\u0171 betlehem&#8230;<\/strong><\/p>\n<p>\u00c1llnak m\u00e9g templomainkban a kar\u00e1csonyf\u00e1k <em>(vas\u00e1rnap leszedt\u00fck \u0151ket, de a cikk sokkal el\u0151bb \u00edr\u00f3dott! \u2013 szerk.)<\/em>, igaz, f\u00e9ny\u00fckt\u0151l s diszeikt\u0151l m\u00e1r megfosztottan, mert V\u00edzkereszt napj\u00e1t\u00f3l m\u00e1r elhom\u00e1lyosulnak a fa t\u00fcnd\u00f6kl\u0151 villany\u00e9g\u0151i, \u00e9s \u00edgy d\u00edsztelen\u00fcl jelzik azt, hogy hamarosan elj\u00f6n febru\u00e1r m\u00e1sodika, Gyertyaszentel\u0151 napja, amely m\u00e1r val\u00f3ban a kar\u00e1csonyi liturgia m\u00e9lt\u00f3 befejez\u00e9se.<\/p>\n<p>Legut\u00f3bbi pr\u00e9dik\u00e1ci\u00f3j\u00e1ban arr\u00f3l besz\u00e9lt lelkip\u00e1sztorunk, hogy januar 1-t\u0151l, J\u00e9zus nevenapj\u00e1t\u00f3l, a liturgi\u00e1ban szinte s\u00f3lyomsz\u00e1rnyon rep\u00fcl az id\u0151. A nemr\u00e9g m\u00e9g p\u00f3ly\u00e1ba takart Kisdedet, a szent sz\u00f6vegek m\u00e1r meglett feln\u0151ttk\u00e9nt eml\u00edtik, akit Keresztel\u0151 \u00a0J\u00e1nos a Jord\u00e1nban megkeresztelt.<\/p>\n<p>Hi\u00e1ba fut s rohan az id\u0151, nek\u00fcnk l\u00e9p\u00e9st kell tartanunk vele, mert az id\u0151 kerek\u00e9t nem tudjuk visszaforgatni. Avagy m\u00e9gis? Egy eredeti \u00f6tlettel \u00e1llt el\u0151 2019 \u00e1dventj\u00e9n pl\u00e9b\u00e1nosunk. Kar\u00e1csonyra val\u00f3 visszapillant\u00e1ssal invit\u00e1lta id\u0151utaz\u00e1sra h\u00edveit. Azt ind\u00edtv\u00e1nyozta, hogy a csal\u00e1dok vegyenek r\u00e9szt egy olyan vet\u00e9lked\u0151n, amelynek a f\u0151szerepl\u0151je az a kar\u00e1csonyfa k\u00f6zel\u00e9ben fel\u00e1ll\u00edtott betlehem, amelyet szenteste im\u00e1dkozva s \u00e9nekelve k\u00f6r\u00fcl\u00e1llt csal\u00e1djuk, s k\u00e9sz\u00edtsenek err\u0151l f\u00e9nyk\u00e9pfelv\u00e9telt.<\/p>\n<p>2020. janu\u00e1r 19-\u00e9n a 12-\u00f3rai szentmise ut\u00e1ni id\u0151pont volt a megm\u00e9ret\u00e9s nagy napja, ekkor tudhattuk meg, hogy melyik csal\u00e1d betlehemje nyerte el a legszebbnek kij\u00e1r\u00f3 f\u0151d\u00edjat.<\/p>\n<p>A ki\u00e1ll\u00edt\u00e1s megnyit\u00f3ja el\u0151tt Imre aty\u00e1t\u00f3l megtudtuk, hogy otthonukban nem volt betlehem. Ez \u00e9rthet\u0151, hiszen azokban a gazdas\u00e1gilag kem\u00e9ny \u00e9vekben m\u00e1r egy kar\u00e1csonyfa, \u00e9s a gyerekek r\u00e9sz\u00e9re az alatta l\u00e9v\u0151 aj\u00e1nd\u00e9kok megv\u00e1s\u00e1rl\u00e1sa is gondot jelenthetett a sz\u00fcl\u0151knek. De \u00edgy sem volt Imre aty\u00e1nak hi\u00e1ny\u00e9rzete, mert mint kisministr\u00e1ns a kar\u00e1csonyi id\u0151szakban els\u0151 \u00fatja a templomban \u2013 mint t\u00f6bbi t\u00e1rsainak is! \u2013 mindig a betlehemi olt\u00e1r megtekint\u00e9s\u00e9hez vezetett.<\/p>\n<p>Igaz\u00e1n nem vagyok szak\u00e9rt\u0151je a betlehem-\u00e1ll\u00edt\u00e1si szok\u00e1soknak, de \u00fagy gondoltam, hogy tal\u00e1n nemcsak anyagi oldala lehetett ennek a dolognak. Ezt az\u00e9rt is gondoltam \u00edgy, mert bar\u00e1tn\u0151m\u00e9knek igaz\u00e1n mindig volt \u201eb\u0151ven, amit tejbe apr\u00edtsanak\u201c teh\u00e1t n\u00e1luk a p\u00e9nz nem j\u00e1tszhatott szerepet. K\u00e9z\u00fcgyess\u00e9g\u00fck is volt, az apuka is \u00e9p\u00edt\u00e9szm\u00e9rn\u00f6k volt, \u00e9s a h\u00e1rom gyermek is annak tanult. Ez\u00e9rt n\u00e9ztem ut\u00e1na ennek a dolognak.<\/p>\n<p>A Magyar \u00c9rtelmez\u0151 Sz\u00f3t\u00e1r szerint, \u00edr\u00e1sos dokumentumainkban a Betlehem sz\u00f3 csak igen k\u00e9s\u0151n, 1801-ben fordult el\u0151sz\u00f6r el\u0151, \u201eszok\u00e1s szer\u00e9nt mester Betlehent \u00e9pitsen az \u00f6reg olt\u00e1rra.\u201c(Endr\u00f6dy J.: K\u00f6lt.munk.89:NSz.) Teh\u00e1t a k\u00e9zenfekv\u0151 magyar\u00e1zat, hogy nagyon sok\u00e1ig nem volt divatban az, hogy a csal\u00e1dok otthonukban betlehemet \u00e1ll\u00edtsanak. Ha csak a XIX. sz\u00e1zad legelej\u00e9n dokument\u00e1lt\u00e1k el\u0151sz\u00f6r ezt a sz\u00f3t s akkor is csak templomi haszn\u00e1lat kapcs\u00e1n, akkor minden bizonnyal b\u0151 150-160 \u00e9vre volt sz\u00fcks\u00e9g az elterjed\u00e9s\u00e9hez.<\/p>\n<p>Gyakoriv\u00e1 v\u00e1l\u00e1s\u00e1t viszont mi sem bizony\u00edtja jobban, mint a 23 csal\u00e1dt\u00f3l be\u00e9rkezett betlehemi fot\u00f3&#8230;<\/p>\n<p>Imre aty\u00e1nak egy hasonl\u00f3 \u00f6tlete n\u00e9h\u00e1ny \u00e9vvel ezel\u0151tt m\u00e1r j\u00f3l bev\u00e1lt. Akkor rajzki\u00e1ll\u00edt\u00e1st rendezett, s a gyerekeket arra k\u00e9rte, hogy k\u00e9sztsenek egy szabadon megv\u00e1lasztott egyh\u00e1zi t\u00e9m\u00e1j\u00fa rajzot. Azt a ki\u00e1ll\u00edt\u00e1st is siker koron\u00e1zta, hiszen akkor is, most is, rangos d\u00edjat lehetett nyerni. M\u00e9lt\u00e1nyoland\u00f3 pl\u00e9b\u00e1nosunkt\u00f3l az, hogy a zs\u0171riz\u00e9st mindig k\u00fcls\u0151 emberekre bizza, nehogy elfogults\u00e1ggal v\u00e1dolhass\u00e1k meg.<\/p>\n<p>Az akkori rajzp\u00e1ly\u00e1zaton Baumgartner Doris lett az els\u0151, \u00e9s f\u0151d\u00edjask\u00e9nt a zs\u00fcrieln\u00f6k fest\u0151m\u0171v\u00e9sz alkot\u00e1s\u00e1nak boldog tulajdonosa lehetett, de a m\u00e1sodik \u00e9s harmadik helyet el\u00e9rt p\u00e1ly\u00e1z\u00f3k is sz\u00e9p jutalomba r\u00e9szes\u00fclhettek.<\/p>\n<p>Ez\u00fattal\u00a023\u00a0be\u00e9rkezett fot\u00f3n mutatt\u00e1k be\u00a0 h\u00edveink\u00a0 a kar\u00e1csonyfa t\u00f6v\u00e9ben fel\u00e1ll\u00edtott betlehem\u00fcket.<\/p>\n<p>Imre atya Jeckel Ferenc k\u00e9pz\u0151m\u0171v\u00e9szt k\u00e9rte fel a zs\u0171riz\u00e9sre. Aki \u00fagy foglalta \u00f6ssze a d\u00f6ntn\u00f6ki krit\u00e9riumokat, hogy b\u00e1r meglehet, hogy az aj\u00e1nd\u00e9kboltokban megv\u00e1s\u00e1rolhat\u00f3 &#8211; ahogy \u0151 fogalmazott &#8211; \u201ekommersz term\u00e9kek\u201c, mutat\u00f3sabbak s szebbek a h\u00e1zilag elk\u00e9sz\u00edtett betlehemn\u00e9l, de az \u0151 sz\u00e1m\u00e1ra nem ezek k\u00e9pviselik az igazi \u00e9rt\u00e9ket, hiszen ezek a p\u00e9nzt\u00e1rc\u00e1k b\u0151s\u00e9g\u00e9hez igazod\u00f3 t\u00e1rgyak, s \u00edgy ezek a zs\u0171riz\u00e9s szempontj\u00e1b\u00f3l csak talmi \u00e9rt\u00e9kkel b\u00edrnak, de n\u00e1la az igazi \u00e9rt\u00e9k\u00e9t a betlehemnek, a benne f\u00f6lhalmozott szeretettel elk\u00e9sz\u00edtett munka \u00e9rt\u00e9ke hat\u00e1rozza meg.<\/p>\n<p>Az \u00e1dventi elcsendesed\u00e9s id\u0151pontja tal\u00e1n a legalkalmasabb id\u0151 arra, hogy az aki ihlet\u00e9st \u00e9rez mag\u00e1ban ahhoz, hogy f\u00far\u00f3t, f\u00fcr\u00e9szt s kalap\u00e1csot ragadjon, avagy m\u00e1s egy\u00e9b eszk\u00f6zt vegyen a kez\u00e9be, amellyel tal\u00e1n siker\u00fclhet \u00e9lete leg\u00e9rt\u00e9kesebb kar\u00e1csonyi remekm\u0171v\u00e9t megalkotnia. Szerintem sz\u00edvet emel\u0151 \u00e9rz\u00e9s t\u00f6ltheti el azokat, akiket a J\u00f3isten k\u00e9z\u00fcgyess\u00e9ggel is meg\u00e1ldott, \u00e9s \u00edgy szenteste azon \u00f6rvendhettek, hogy azok a barik\u00e1k \u00e9s p\u00e1sztorok ny\u00fajtj\u00e1k a kis J\u00e9zuska egyetlen t\u00e1rsas\u00e1g\u00e1t, akiket csal\u00e1djuknak nagy szeretettel \u0151k maguk faragtak, s mi t\u00f6bb, ha igaz\u00e1n remeket siker\u00fclt alkotniuk, akkor tal\u00e1n m\u00e9g k\u00e9sei unok\u00e1ik \u00eds h\u00e1l\u00e1val fogj\u00e1k \u00e1ldani azt az \u0151s\u00fcket, akinek kezemunk\u00e1j\u00e1t \u00e9vtizedek sor\u00e1n \u00e1t mint egy erekly\u00e9t gondosan meg\u0151rizt\u00e9k csal\u00e1djuknak, ezzel is emelve az \u00fcnnep f\u00e9ny\u00e9t.<\/p>\n<p>Siker\u00fclt nekem is bekukkantanom egy-egy pillanatra a k\u00e9pki\u00e1ll\u00edt\u00f3k otthon\u00e1ba mik\u00f6zben a fot\u00f3kat n\u00e9zegettem, amelyek sz\u00e1momra sok mindenr\u0151l mes\u00e9ltek. Az egyik p\u00e9ld\u00e1ul arr\u00f3l vallott, hogy b\u00e1r itt-ott megkopott m\u00e1r a p\u00e1sztorok ruh\u00e1zat\u00e1n \u00e9s a barik\u00e1k sz\u0151r\u00e9n a fest\u00e9k, de tulajdonosuk semmi\u00e9rt meg nem v\u00e1lna a r\u00e9g\u00f3ta meg\u0151rz\u00f6tt kincs\u00e9t\u0151l.<\/p>\n<p>Nagyon sokf\u00e9le alkot\u00e1s ker\u00fclt bemutat\u00e1sra: p\u00e9ld\u00e1ul egyes k\u00e9sz\u00edt\u0151k b\u00e1r k\u00fcl\u00f6nb\u00f6z\u0151 mat\u00e9ri\u00e1t haszn\u00e1ltak f\u00f6l, de ez a sokf\u00e9les\u00e9g m\u00e9gis egy k\u00f6z\u00f6s harm\u00f3ni\u00e1ba oldodott f\u00f6l, \u00e9s \u00edgy ez a sokf\u00e9les\u00e9g m\u00e9gsem volt zavar\u00f3 sz\u00e1momra, mert sz\u00e9p rendben megf\u00e9rt egym\u00e1ssal a porcel\u00e1n angyalka, \u00e9s az agyagb\u00f3l megform\u00e1lt szentcsal\u00e1d \u00e9s a p\u00e1sztorok egy\u00fcttese, \u00e9s a f\u00f6l\u00f6tt\u00fck a magasb\u00f3l kukoricacsuh\u00e9b\u00f3l elk\u00e9sz\u00edtett, lebeg\u0151 angyalk\u00e1k. Amod\u00e1bb m\u00e1r a m\u00e9gnagyobb k\u00e9z\u00fcgyess\u00e9get ig\u00e9nyl\u0151 apr\u00f3l\u00e9kos lombf\u0171r\u00e9sz-munka volt l\u00e1that\u00f3, amely a kar\u00e1csonyi t\u00f6rt\u00e9netet jelen\u00edtette meg. Ism\u00e9t arr\u00e9bb egy nagy gonddal \u00e9s szeretettel elk\u00e9sz\u00edtett betlehemet mutatott be sz\u00e1munkara a fot\u00f3, amely a harmadik d\u00edjat \u00e9rte el, hiszen a nem mindennapi horgolt b\u00e1r\u00e1nyk\u00e1k, \u00e9s a n\u00e9pies, sz\u00ednpomp\u00e1s ruh\u00e1ba \u00f6lt\u00f6ztetett sok szerepl\u0151 elk\u00e9sz\u00edt\u00e9se nemcsak, hogy nagyon sz\u00e9p volt, de az elk\u00e9sz\u00edt\u00e9s\u00fck nagyon sok id\u0151t em\u00e9szthetett fel, ami k\u00fcl\u00f6n \u00e9rt\u00e9ke volt sz\u00e1momra ennek a betlehemnek, hogy nem a tucatot m\u00e1solta, hanem eredeti \u00f6tletekt\u0151l volt gazdag.<\/p>\n<p>Persze l\u00e1thattunk olyan alkot\u00e1sokat is, amelyekr\u0151l azonnal ler\u00edtt, hogy ezek nem a d\u00edjazhat\u00f3 kateg\u00f3ri\u00e1hoz tartoznak, legal\u00e1bbis nem az id\u00e9n, mert \u00fczletben megv\u00e1s\u00e1rolt port\u00e9k\u00e1k voltak. Viszont j\u00f6v\u0151re, Imre atya szerint, ezek sz\u00e1m\u00e1ra is lesz kit\u00fcntet\u00e9s!<\/p>\n<p>Tetszett viszont nekem az az ugyancsak dijazott betlehem, ahol a sok szines figura mellett term\u00e9szetes anyagokat is felhaszn\u00e1ltak, d\u00edsz\u00a0 naturf\u00e1b\u00f3l k\u00e9sz\u00edtett\u00e9k a k\u00f6zponti helyen tal\u00e1lhat\u00f3 betlehemi csillagot, \u00e9s sok m\u00e1s egy\u00e9ni \u00f6tlettel is gazdag\u00edtott\u00e1k betlehem\u00fcket. Praktikus \u00e9rt\u00e9ket k\u00e9pviselt sz\u00e1momra az a betlehem ahol a sok apr\u00f3 kis figura midegyik\u00e9t k\u00e9zbe lehetett venni, \u00e9s ezek szinte belesimultak a kisgyermekek tenyer\u00e9be. Volt egy olyan betlehem is, amely az\u00e9rt nyerte meg tetsz\u00e9semet, mert az ott l\u00e1that\u00f3 kis szines figur\u00e1k ak\u00e1r Kov\u00e1cs Margit ker\u00e1miam\u0171hely\u00e9b\u0151l is el\u0151l\u00e9phettek volna. Voltak gyermeki kezek \u00e1ltal rajzolt kis papirfigur\u00e1s betlehemek. Ezek gyermekkoromat id\u00e9zt\u00e9k meg, mert visszahozt\u00e1k k\u00e9pzeletembe betlehemj\u00e1r\u00e1sunkat, azt az id\u0151t, amikor mi is papirtemplomot k\u00e9sz\u00edtett\u00fcnk, \u00e9s azt n\u00e9pes\u00edtett\u00fck be a magunk rajzolta szentcsal\u00e1ddal, p\u00e1sztorokkal \u00e9s b\u00e1r\u00e1nyk\u00e1ikkal, s ezzel j\u00e1rtunk \u00e9nekelve h\u00e1zr\u00f3l-h\u00e1zra, hogy az \u00edgy kapott fill\u00e9reket \u00f6sszegy\u0171jtve vehess\u00fck meg aj\u00e1nd\u00e9kunkat sz\u00fcleinknek&#8230;.<\/p>\n<p>A ki\u00e1ll\u00edt\u00e1s d\u00edj\u00e1tad\u00f3ja, J\u00e9kel Ferenc fest\u0151m\u0171v\u00e9sz k\u00fcl\u00f6nleges m\u00f3don ir\u00e1ny\u00edthatta mindannyiunk, de a legf\u00f6k\u00e9pp a gyermekek f\u00edgyelm\u00e9t arra, hogy mik\u00e9nt v\u00e1ltja val\u00f3ra az egyh\u00e1z a \u201etan\u00edtva j\u00e1t\u00e9kosan nevelni\u201c \u00f6r\u00f6k\u00e9rv\u00e9ny\u0171 feladat\u00e1t. A d\u00edjaz\u00e1st az \u00e9rdekl\u0151d\u00e9s nagy l\u00e1z\u00e1val f\u0151k\u00e9nt az apr\u00f3s\u00e1gok k\u00f6vett\u00e9k, akik meger\u0151s\u00edt\u00e9st kaptak abban is, hogy \u0151k \u00a0egy olyan h\u00edv\u0151 kereszt\u00e9ny csal\u00e1dban nevelkednek, ahol sz\u00fcleik p\u00e9ld\u00e1ja nyom\u00e1n a betlehemnek is fontos szerepe van a vall\u00e1si hagyom\u00e1nyok \u00e1pol\u00e1s\u00e1ban, \u00e9s ily m\u00f3don m\u00e1r gyermekk\u00e9nt \u201ecsal\u00e1di egyh\u00e1zukban\u201c Isten apr\u00f3 pal\u00e1nt\u00e1jak\u00e9nt kaphatj\u00e1k meg az els\u0151 hithirdet\u00e9st.<\/p>\n<p>Rem\u00e9lj\u00fck, s egyben k\u00e9rj\u00fck is Imre aty\u00e1t, hogy r\u00e9szeltessen minket m\u00e9g sok\u00e1ig ehhez hasonl\u00f3 rendezv\u00e9nyek megszervez\u00e9s\u00e9re Adjon a J\u00f3isten ebbeli tev\u00e9kenys\u00e9g\u00e9hez is m\u00e9g sok tetter\u0151t \u00e9s \u00f6tletekben gazdag sz\u00e1nd\u00e9kot.<\/p>\n<p>\u00dagy legyen!<\/p>\n<p><em>Stuttgart, 2020-01-29.<\/em><\/p>\n<p><em>Zeitler Barbara<\/em><\/p>\n<p>&nbsp;<\/p>\n<p>A d\u00edjazott betlehemek:<\/p>\n<ol>\n<li>d\u00edj: Major-Megyeri csal\u00e1d (Oberkochen)<\/li>\n<li>d\u00edj: Geiger csal\u00e1d (Murr)<\/li>\n<li>d\u00edj: Csik\u00f3s csal\u00e1d (Heidenheim)<\/li>\n<\/ol>\n<p>K\u00f6z\u00f6ns\u00e9g d\u00edj: Mokbel csal\u00e1d (Stuttgart)<\/p>\n","protected":false},"excerpt":{"rendered":"<p>Zeitler Barbara: Saj\u00e1t k\u00e9sz\u00edt\u00e9s\u0171 betlehem&#8230; \u00c1llnak m\u00e9g templomainkban a kar\u00e1csonyf\u00e1k (vas\u00e1rnap leszedt\u00fck \u0151ket, de a cikk sokkal el\u0151bb \u00edr\u00f3dott! \u2013 szerk.), igaz, f\u00e9ny\u00fckt\u0151l s diszeikt\u0151l m\u00e1r megfosztottan, mert V\u00edzkereszt napj\u00e1t\u00f3l m\u00e1r elhom\u00e1lyosulnak a fa t\u00fcnd\u00f6kl\u0151 villany\u00e9g\u0151i, \u00e9s \u00edgy d\u00edsztelen\u00fcl jelzik azt, hogy hamarosan elj\u00f6n febru\u00e1r m\u00e1sodika, Gyertyaszentel\u0151 napja, amely m\u00e1r val\u00f3ban a kar\u00e1csonyi liturgia m\u00e9lt\u00f3 befejez\u00e9se. Legut\u00f3bbi pr\u00e9dik\u00e1ci\u00f3j\u00e1ban arr\u00f3l besz\u00e9lt lelkip\u00e1sztorunk, hogy januar 1-t\u0151l, J\u00e9zus nevenapj\u00e1t\u00f3l, a liturgi\u00e1ban szinte s\u00f3lyomsz\u00e1rnyon rep\u00fcl az id\u0151. A nemr\u00e9g m\u00e9g p\u00f3ly\u00e1ba takart Kisdedet, a szent sz\u00f6vegek m\u00e1r meglett feln\u0151ttk\u00e9nt eml\u00edtik, akit Keresztel\u0151 \u00a0J\u00e1nos a Jord\u00e1nban megkeresztelt. Hi\u00e1ba fut s rohan az id\u0151, nek\u00fcnk l\u00e9p\u00e9st kell tartanunk vele, mert az id\u0151 kerek\u00e9t nem tudjuk visszaforgatni. Avagy m\u00e9gis? Egy eredeti \u00f6tlettel \u00e1llt el\u0151 2019 \u00e1dventj\u00e9n pl\u00e9b\u00e1nosunk. Kar\u00e1csonyra val\u00f3 visszapillant\u00e1ssal invit\u00e1lta id\u0151utaz\u00e1sra h\u00edveit. Azt ind\u00edtv\u00e1nyozta, hogy a csal\u00e1dok vegyenek r\u00e9szt egy olyan vet\u00e9lked\u0151n, amelynek a f\u0151szerepl\u0151je az a kar\u00e1csonyfa k\u00f6zel\u00e9ben fel\u00e1ll\u00edtott betlehem, amelyet szenteste im\u00e1dkozva s \u00e9nekelve k\u00f6r\u00fcl\u00e1llt csal\u00e1djuk, s k\u00e9sz\u00edtsenek err\u0151l f\u00e9nyk\u00e9pfelv\u00e9telt. 2020. janu\u00e1r 19-\u00e9n a 12-\u00f3rai szentmise ut\u00e1ni id\u0151pont volt a megm\u00e9ret\u00e9s nagy napja, ekkor tudhattuk meg, hogy melyik csal\u00e1d betlehemje nyerte el a legszebbnek kij\u00e1r\u00f3 f\u0151d\u00edjat. A ki\u00e1ll\u00edt\u00e1s megnyit\u00f3ja el\u0151tt Imre aty\u00e1t\u00f3l megtudtuk, hogy otthonukban nem volt betlehem. Ez \u00e9rthet\u0151, hiszen azokban a gazdas\u00e1gilag kem\u00e9ny \u00e9vekben m\u00e1r egy kar\u00e1csonyfa, \u00e9s a gyerekek r\u00e9sz\u00e9re az alatta l\u00e9v\u0151 aj\u00e1nd\u00e9kok megv\u00e1s\u00e1rl\u00e1sa is gondot jelenthetett a sz\u00fcl\u0151knek. De \u00edgy sem volt Imre aty\u00e1nak hi\u00e1ny\u00e9rzete, mert mint kisministr\u00e1ns a kar\u00e1csonyi id\u0151szakban els\u0151 \u00fatja a templomban \u2013 mint t\u00f6bbi t\u00e1rsainak is! \u2013 mindig a betlehemi olt\u00e1r megtekint\u00e9s\u00e9hez vezetett. Igaz\u00e1n nem vagyok szak\u00e9rt\u0151je a betlehem-\u00e1ll\u00edt\u00e1si szok\u00e1soknak, de \u00fagy gondoltam, hogy tal\u00e1n nemcsak anyagi oldala lehetett ennek a dolognak. Ezt az\u00e9rt is gondoltam \u00edgy, mert bar\u00e1tn\u0151m\u00e9knek igaz\u00e1n mindig volt \u201eb\u0151ven, amit tejbe apr\u00edtsanak\u201c teh\u00e1t n\u00e1luk a p\u00e9nz nem j\u00e1tszhatott szerepet. K\u00e9z\u00fcgyess\u00e9g\u00fck is volt, az apuka is \u00e9p\u00edt\u00e9szm\u00e9rn\u00f6k volt, \u00e9s a h\u00e1rom gyermek&#8230; <\/p>\n<p><a class=\"readmore\" href=\"https:\/\/stuttgarti-katolikusok.de\/index.php\/egy-rendhagyo-kiallitas-margojara\/\">R\u00e9szletek<\/a><\/p>\n","protected":false},"author":3,"featured_media":18702,"comment_status":"closed","ping_status":"closed","sticky":false,"template":"","format":"standard","meta":{"footnotes":""},"categories":[28],"tags":[],"class_list":["post-18701","post","type-post","status-publish","format-standard","has-post-thumbnail","hentry","category-olvasoink-irjak"],"yoast_head":"<!-- This site is optimized with the Yoast SEO plugin v27.3 - https:\/\/yoast.com\/product\/yoast-seo-wordpress\/ -->\n<title>Zeitler Barbara: Saj\u00e1t k\u00e9sz\u00edt\u00e9s\u0171 betlehem... - Stuttgarti Katolikusok<\/title>\n<meta name=\"robots\" content=\"index, follow, max-snippet:-1, max-image-preview:large, max-video-preview:-1\" \/>\n<link rel=\"canonical\" href=\"https:\/\/stuttgarti-katolikusok.de\/index.php\/egy-rendhagyo-kiallitas-margojara\/\" \/>\n<meta property=\"og:locale\" content=\"hu_HU\" \/>\n<meta property=\"og:type\" content=\"article\" \/>\n<meta property=\"og:title\" content=\"Zeitler Barbara: Saj\u00e1t k\u00e9sz\u00edt\u00e9s\u0171 betlehem... - Stuttgarti Katolikusok\" \/>\n<meta property=\"og:description\" content=\"Zeitler Barbara: Saj\u00e1t k\u00e9sz\u00edt\u00e9s\u0171 betlehem&#8230; \u00c1llnak m\u00e9g templomainkban a kar\u00e1csonyf\u00e1k (vas\u00e1rnap leszedt\u00fck \u0151ket, de a cikk sokkal el\u0151bb \u00edr\u00f3dott! \u2013 szerk.), igaz, f\u00e9ny\u00fckt\u0151l s diszeikt\u0151l m\u00e1r megfosztottan, mert V\u00edzkereszt napj\u00e1t\u00f3l m\u00e1r elhom\u00e1lyosulnak a fa t\u00fcnd\u00f6kl\u0151 villany\u00e9g\u0151i, \u00e9s \u00edgy d\u00edsztelen\u00fcl jelzik azt, hogy hamarosan elj\u00f6n febru\u00e1r m\u00e1sodika, Gyertyaszentel\u0151 napja, amely m\u00e1r val\u00f3ban a kar\u00e1csonyi liturgia m\u00e9lt\u00f3 befejez\u00e9se. Legut\u00f3bbi pr\u00e9dik\u00e1ci\u00f3j\u00e1ban arr\u00f3l besz\u00e9lt lelkip\u00e1sztorunk, hogy januar 1-t\u0151l, J\u00e9zus nevenapj\u00e1t\u00f3l, a liturgi\u00e1ban szinte s\u00f3lyomsz\u00e1rnyon rep\u00fcl az id\u0151. A nemr\u00e9g m\u00e9g p\u00f3ly\u00e1ba takart Kisdedet, a szent sz\u00f6vegek m\u00e1r meglett feln\u0151ttk\u00e9nt eml\u00edtik, akit Keresztel\u0151 \u00a0J\u00e1nos a Jord\u00e1nban megkeresztelt. Hi\u00e1ba fut s rohan az id\u0151, nek\u00fcnk l\u00e9p\u00e9st kell tartanunk vele, mert az id\u0151 kerek\u00e9t nem tudjuk visszaforgatni. Avagy m\u00e9gis? Egy eredeti \u00f6tlettel \u00e1llt el\u0151 2019 \u00e1dventj\u00e9n pl\u00e9b\u00e1nosunk. Kar\u00e1csonyra val\u00f3 visszapillant\u00e1ssal invit\u00e1lta id\u0151utaz\u00e1sra h\u00edveit. Azt ind\u00edtv\u00e1nyozta, hogy a csal\u00e1dok vegyenek r\u00e9szt egy olyan vet\u00e9lked\u0151n, amelynek a f\u0151szerepl\u0151je az a kar\u00e1csonyfa k\u00f6zel\u00e9ben fel\u00e1ll\u00edtott betlehem, amelyet szenteste im\u00e1dkozva s \u00e9nekelve k\u00f6r\u00fcl\u00e1llt csal\u00e1djuk, s k\u00e9sz\u00edtsenek err\u0151l f\u00e9nyk\u00e9pfelv\u00e9telt. 2020. janu\u00e1r 19-\u00e9n a 12-\u00f3rai szentmise ut\u00e1ni id\u0151pont volt a megm\u00e9ret\u00e9s nagy napja, ekkor tudhattuk meg, hogy melyik csal\u00e1d betlehemje nyerte el a legszebbnek kij\u00e1r\u00f3 f\u0151d\u00edjat. A ki\u00e1ll\u00edt\u00e1s megnyit\u00f3ja el\u0151tt Imre aty\u00e1t\u00f3l megtudtuk, hogy otthonukban nem volt betlehem. Ez \u00e9rthet\u0151, hiszen azokban a gazdas\u00e1gilag kem\u00e9ny \u00e9vekben m\u00e1r egy kar\u00e1csonyfa, \u00e9s a gyerekek r\u00e9sz\u00e9re az alatta l\u00e9v\u0151 aj\u00e1nd\u00e9kok megv\u00e1s\u00e1rl\u00e1sa is gondot jelenthetett a sz\u00fcl\u0151knek. De \u00edgy sem volt Imre aty\u00e1nak hi\u00e1ny\u00e9rzete, mert mint kisministr\u00e1ns a kar\u00e1csonyi id\u0151szakban els\u0151 \u00fatja a templomban \u2013 mint t\u00f6bbi t\u00e1rsainak is! \u2013 mindig a betlehemi olt\u00e1r megtekint\u00e9s\u00e9hez vezetett. Igaz\u00e1n nem vagyok szak\u00e9rt\u0151je a betlehem-\u00e1ll\u00edt\u00e1si szok\u00e1soknak, de \u00fagy gondoltam, hogy tal\u00e1n nemcsak anyagi oldala lehetett ennek a dolognak. Ezt az\u00e9rt is gondoltam \u00edgy, mert bar\u00e1tn\u0151m\u00e9knek igaz\u00e1n mindig volt \u201eb\u0151ven, amit tejbe apr\u00edtsanak\u201c teh\u00e1t n\u00e1luk a p\u00e9nz nem j\u00e1tszhatott szerepet. K\u00e9z\u00fcgyess\u00e9g\u00fck is volt, az apuka is \u00e9p\u00edt\u00e9szm\u00e9rn\u00f6k volt, \u00e9s a h\u00e1rom gyermek... R\u00e9szletek\" \/>\n<meta property=\"og:url\" content=\"https:\/\/stuttgarti-katolikusok.de\/index.php\/egy-rendhagyo-kiallitas-margojara\/\" \/>\n<meta property=\"og:site_name\" content=\"Stuttgarti Katolikusok\" \/>\n<meta property=\"article:published_time\" content=\"2020-02-04T15:29:12+00:00\" \/>\n<meta property=\"article:modified_time\" content=\"2020-02-05T13:38:58+00:00\" \/>\n<meta property=\"og:image\" content=\"https:\/\/stuttgarti-katolikusok.de\/wp-content\/uploads\/2020\/02\/betlehem-diana.jpg\" \/>\n\t<meta property=\"og:image:width\" content=\"1024\" \/>\n\t<meta property=\"og:image:height\" content=\"768\" \/>\n\t<meta property=\"og:image:type\" content=\"image\/jpeg\" \/>\n<meta name=\"author\" content=\"Tibor atya\" \/>\n<meta name=\"twitter:card\" content=\"summary_large_image\" \/>\n<meta name=\"twitter:label1\" content=\"Szerz\u0151:\" \/>\n\t<meta name=\"twitter:data1\" content=\"Tibor atya\" \/>\n\t<meta name=\"twitter:label2\" content=\"Becs\u00fclt olvas\u00e1si id\u0151\" \/>\n\t<meta name=\"twitter:data2\" content=\"9 perc\" \/>\n<script type=\"application\/ld+json\" class=\"yoast-schema-graph\">{\"@context\":\"https:\\\/\\\/schema.org\",\"@graph\":[{\"@type\":\"Article\",\"@id\":\"https:\\\/\\\/stuttgarti-katolikusok.de\\\/index.php\\\/egy-rendhagyo-kiallitas-margojara\\\/#article\",\"isPartOf\":{\"@id\":\"https:\\\/\\\/stuttgarti-katolikusok.de\\\/index.php\\\/egy-rendhagyo-kiallitas-margojara\\\/\"},\"author\":{\"name\":\"Tibor atya\",\"@id\":\"https:\\\/\\\/stuttgarti-katolikusok.de\\\/#\\\/schema\\\/person\\\/75908d6f8fdc03a57889d27209df7795\"},\"headline\":\"Zeitler Barbara: Saj\u00e1t k\u00e9sz\u00edt\u00e9s\u0171 betlehem&#8230;\",\"datePublished\":\"2020-02-04T15:29:12+00:00\",\"dateModified\":\"2020-02-05T13:38:58+00:00\",\"mainEntityOfPage\":{\"@id\":\"https:\\\/\\\/stuttgarti-katolikusok.de\\\/index.php\\\/egy-rendhagyo-kiallitas-margojara\\\/\"},\"wordCount\":1862,\"image\":{\"@id\":\"https:\\\/\\\/stuttgarti-katolikusok.de\\\/index.php\\\/egy-rendhagyo-kiallitas-margojara\\\/#primaryimage\"},\"thumbnailUrl\":\"https:\\\/\\\/stuttgarti-katolikusok.de\\\/wp-content\\\/uploads\\\/2020\\\/02\\\/betlehem-diana.jpg\",\"articleSection\":[\"Olvas\u00f3ink \u00edrj\u00e1k\"],\"inLanguage\":\"hu\"},{\"@type\":\"WebPage\",\"@id\":\"https:\\\/\\\/stuttgarti-katolikusok.de\\\/index.php\\\/egy-rendhagyo-kiallitas-margojara\\\/\",\"url\":\"https:\\\/\\\/stuttgarti-katolikusok.de\\\/index.php\\\/egy-rendhagyo-kiallitas-margojara\\\/\",\"name\":\"Zeitler Barbara: Saj\u00e1t k\u00e9sz\u00edt\u00e9s\u0171 betlehem... - Stuttgarti Katolikusok\",\"isPartOf\":{\"@id\":\"https:\\\/\\\/stuttgarti-katolikusok.de\\\/#website\"},\"primaryImageOfPage\":{\"@id\":\"https:\\\/\\\/stuttgarti-katolikusok.de\\\/index.php\\\/egy-rendhagyo-kiallitas-margojara\\\/#primaryimage\"},\"image\":{\"@id\":\"https:\\\/\\\/stuttgarti-katolikusok.de\\\/index.php\\\/egy-rendhagyo-kiallitas-margojara\\\/#primaryimage\"},\"thumbnailUrl\":\"https:\\\/\\\/stuttgarti-katolikusok.de\\\/wp-content\\\/uploads\\\/2020\\\/02\\\/betlehem-diana.jpg\",\"datePublished\":\"2020-02-04T15:29:12+00:00\",\"dateModified\":\"2020-02-05T13:38:58+00:00\",\"author\":{\"@id\":\"https:\\\/\\\/stuttgarti-katolikusok.de\\\/#\\\/schema\\\/person\\\/75908d6f8fdc03a57889d27209df7795\"},\"breadcrumb\":{\"@id\":\"https:\\\/\\\/stuttgarti-katolikusok.de\\\/index.php\\\/egy-rendhagyo-kiallitas-margojara\\\/#breadcrumb\"},\"inLanguage\":\"hu\",\"potentialAction\":[{\"@type\":\"ReadAction\",\"target\":[\"https:\\\/\\\/stuttgarti-katolikusok.de\\\/index.php\\\/egy-rendhagyo-kiallitas-margojara\\\/\"]}]},{\"@type\":\"ImageObject\",\"inLanguage\":\"hu\",\"@id\":\"https:\\\/\\\/stuttgarti-katolikusok.de\\\/index.php\\\/egy-rendhagyo-kiallitas-margojara\\\/#primaryimage\",\"url\":\"https:\\\/\\\/stuttgarti-katolikusok.de\\\/wp-content\\\/uploads\\\/2020\\\/02\\\/betlehem-diana.jpg\",\"contentUrl\":\"https:\\\/\\\/stuttgarti-katolikusok.de\\\/wp-content\\\/uploads\\\/2020\\\/02\\\/betlehem-diana.jpg\",\"width\":1024,\"height\":768},{\"@type\":\"BreadcrumbList\",\"@id\":\"https:\\\/\\\/stuttgarti-katolikusok.de\\\/index.php\\\/egy-rendhagyo-kiallitas-margojara\\\/#breadcrumb\",\"itemListElement\":[{\"@type\":\"ListItem\",\"position\":1,\"name\":\"Kezd\u0151lap\",\"item\":\"https:\\\/\\\/stuttgarti-katolikusok.de\\\/\"},{\"@type\":\"ListItem\",\"position\":2,\"name\":\"Zeitler Barbara: Saj\u00e1t k\u00e9sz\u00edt\u00e9s\u0171 betlehem&#8230;\"}]},{\"@type\":\"WebSite\",\"@id\":\"https:\\\/\\\/stuttgarti-katolikusok.de\\\/#website\",\"url\":\"https:\\\/\\\/stuttgarti-katolikusok.de\\\/\",\"name\":\"Stuttgarti Katolikusok\",\"description\":\"\",\"potentialAction\":[{\"@type\":\"SearchAction\",\"target\":{\"@type\":\"EntryPoint\",\"urlTemplate\":\"https:\\\/\\\/stuttgarti-katolikusok.de\\\/?s={search_term_string}\"},\"query-input\":{\"@type\":\"PropertyValueSpecification\",\"valueRequired\":true,\"valueName\":\"search_term_string\"}}],\"inLanguage\":\"hu\"},{\"@type\":\"Person\",\"@id\":\"https:\\\/\\\/stuttgarti-katolikusok.de\\\/#\\\/schema\\\/person\\\/75908d6f8fdc03a57889d27209df7795\",\"name\":\"Tibor atya\",\"image\":{\"@type\":\"ImageObject\",\"inLanguage\":\"hu\",\"@id\":\"https:\\\/\\\/secure.gravatar.com\\\/avatar\\\/61d268e57d1f4525b111222e29d2d5a7f8c420fdbf231ba5566a8ceac74fa960?s=96&d=mm&r=g\",\"url\":\"https:\\\/\\\/secure.gravatar.com\\\/avatar\\\/61d268e57d1f4525b111222e29d2d5a7f8c420fdbf231ba5566a8ceac74fa960?s=96&d=mm&r=g\",\"contentUrl\":\"https:\\\/\\\/secure.gravatar.com\\\/avatar\\\/61d268e57d1f4525b111222e29d2d5a7f8c420fdbf231ba5566a8ceac74fa960?s=96&d=mm&r=g\",\"caption\":\"Tibor atya\"},\"url\":\"https:\\\/\\\/stuttgarti-katolikusok.de\\\/index.php\\\/author\\\/tibor-atya\\\/\"}]}<\/script>\n<!-- \/ Yoast SEO plugin. -->","yoast_head_json":{"title":"Zeitler Barbara: Saj\u00e1t k\u00e9sz\u00edt\u00e9s\u0171 betlehem... - Stuttgarti Katolikusok","robots":{"index":"index","follow":"follow","max-snippet":"max-snippet:-1","max-image-preview":"max-image-preview:large","max-video-preview":"max-video-preview:-1"},"canonical":"https:\/\/stuttgarti-katolikusok.de\/index.php\/egy-rendhagyo-kiallitas-margojara\/","og_locale":"hu_HU","og_type":"article","og_title":"Zeitler Barbara: Saj\u00e1t k\u00e9sz\u00edt\u00e9s\u0171 betlehem... - Stuttgarti Katolikusok","og_description":"Zeitler Barbara: Saj\u00e1t k\u00e9sz\u00edt\u00e9s\u0171 betlehem&#8230; \u00c1llnak m\u00e9g templomainkban a kar\u00e1csonyf\u00e1k (vas\u00e1rnap leszedt\u00fck \u0151ket, de a cikk sokkal el\u0151bb \u00edr\u00f3dott! \u2013 szerk.), igaz, f\u00e9ny\u00fckt\u0151l s diszeikt\u0151l m\u00e1r megfosztottan, mert V\u00edzkereszt napj\u00e1t\u00f3l m\u00e1r elhom\u00e1lyosulnak a fa t\u00fcnd\u00f6kl\u0151 villany\u00e9g\u0151i, \u00e9s \u00edgy d\u00edsztelen\u00fcl jelzik azt, hogy hamarosan elj\u00f6n febru\u00e1r m\u00e1sodika, Gyertyaszentel\u0151 napja, amely m\u00e1r val\u00f3ban a kar\u00e1csonyi liturgia m\u00e9lt\u00f3 befejez\u00e9se. Legut\u00f3bbi pr\u00e9dik\u00e1ci\u00f3j\u00e1ban arr\u00f3l besz\u00e9lt lelkip\u00e1sztorunk, hogy januar 1-t\u0151l, J\u00e9zus nevenapj\u00e1t\u00f3l, a liturgi\u00e1ban szinte s\u00f3lyomsz\u00e1rnyon rep\u00fcl az id\u0151. A nemr\u00e9g m\u00e9g p\u00f3ly\u00e1ba takart Kisdedet, a szent sz\u00f6vegek m\u00e1r meglett feln\u0151ttk\u00e9nt eml\u00edtik, akit Keresztel\u0151 \u00a0J\u00e1nos a Jord\u00e1nban megkeresztelt. Hi\u00e1ba fut s rohan az id\u0151, nek\u00fcnk l\u00e9p\u00e9st kell tartanunk vele, mert az id\u0151 kerek\u00e9t nem tudjuk visszaforgatni. Avagy m\u00e9gis? Egy eredeti \u00f6tlettel \u00e1llt el\u0151 2019 \u00e1dventj\u00e9n pl\u00e9b\u00e1nosunk. Kar\u00e1csonyra val\u00f3 visszapillant\u00e1ssal invit\u00e1lta id\u0151utaz\u00e1sra h\u00edveit. Azt ind\u00edtv\u00e1nyozta, hogy a csal\u00e1dok vegyenek r\u00e9szt egy olyan vet\u00e9lked\u0151n, amelynek a f\u0151szerepl\u0151je az a kar\u00e1csonyfa k\u00f6zel\u00e9ben fel\u00e1ll\u00edtott betlehem, amelyet szenteste im\u00e1dkozva s \u00e9nekelve k\u00f6r\u00fcl\u00e1llt csal\u00e1djuk, s k\u00e9sz\u00edtsenek err\u0151l f\u00e9nyk\u00e9pfelv\u00e9telt. 2020. janu\u00e1r 19-\u00e9n a 12-\u00f3rai szentmise ut\u00e1ni id\u0151pont volt a megm\u00e9ret\u00e9s nagy napja, ekkor tudhattuk meg, hogy melyik csal\u00e1d betlehemje nyerte el a legszebbnek kij\u00e1r\u00f3 f\u0151d\u00edjat. A ki\u00e1ll\u00edt\u00e1s megnyit\u00f3ja el\u0151tt Imre aty\u00e1t\u00f3l megtudtuk, hogy otthonukban nem volt betlehem. Ez \u00e9rthet\u0151, hiszen azokban a gazdas\u00e1gilag kem\u00e9ny \u00e9vekben m\u00e1r egy kar\u00e1csonyfa, \u00e9s a gyerekek r\u00e9sz\u00e9re az alatta l\u00e9v\u0151 aj\u00e1nd\u00e9kok megv\u00e1s\u00e1rl\u00e1sa is gondot jelenthetett a sz\u00fcl\u0151knek. De \u00edgy sem volt Imre aty\u00e1nak hi\u00e1ny\u00e9rzete, mert mint kisministr\u00e1ns a kar\u00e1csonyi id\u0151szakban els\u0151 \u00fatja a templomban \u2013 mint t\u00f6bbi t\u00e1rsainak is! \u2013 mindig a betlehemi olt\u00e1r megtekint\u00e9s\u00e9hez vezetett. Igaz\u00e1n nem vagyok szak\u00e9rt\u0151je a betlehem-\u00e1ll\u00edt\u00e1si szok\u00e1soknak, de \u00fagy gondoltam, hogy tal\u00e1n nemcsak anyagi oldala lehetett ennek a dolognak. Ezt az\u00e9rt is gondoltam \u00edgy, mert bar\u00e1tn\u0151m\u00e9knek igaz\u00e1n mindig volt \u201eb\u0151ven, amit tejbe apr\u00edtsanak\u201c teh\u00e1t n\u00e1luk a p\u00e9nz nem j\u00e1tszhatott szerepet. K\u00e9z\u00fcgyess\u00e9g\u00fck is volt, az apuka is \u00e9p\u00edt\u00e9szm\u00e9rn\u00f6k volt, \u00e9s a h\u00e1rom gyermek... R\u00e9szletek","og_url":"https:\/\/stuttgarti-katolikusok.de\/index.php\/egy-rendhagyo-kiallitas-margojara\/","og_site_name":"Stuttgarti Katolikusok","article_published_time":"2020-02-04T15:29:12+00:00","article_modified_time":"2020-02-05T13:38:58+00:00","og_image":[{"width":1024,"height":768,"url":"https:\/\/stuttgarti-katolikusok.de\/wp-content\/uploads\/2020\/02\/betlehem-diana.jpg","type":"image\/jpeg"}],"author":"Tibor atya","twitter_card":"summary_large_image","twitter_misc":{"Szerz\u0151:":"Tibor atya","Becs\u00fclt olvas\u00e1si id\u0151":"9 perc"},"schema":{"@context":"https:\/\/schema.org","@graph":[{"@type":"Article","@id":"https:\/\/stuttgarti-katolikusok.de\/index.php\/egy-rendhagyo-kiallitas-margojara\/#article","isPartOf":{"@id":"https:\/\/stuttgarti-katolikusok.de\/index.php\/egy-rendhagyo-kiallitas-margojara\/"},"author":{"name":"Tibor atya","@id":"https:\/\/stuttgarti-katolikusok.de\/#\/schema\/person\/75908d6f8fdc03a57889d27209df7795"},"headline":"Zeitler Barbara: Saj\u00e1t k\u00e9sz\u00edt\u00e9s\u0171 betlehem&#8230;","datePublished":"2020-02-04T15:29:12+00:00","dateModified":"2020-02-05T13:38:58+00:00","mainEntityOfPage":{"@id":"https:\/\/stuttgarti-katolikusok.de\/index.php\/egy-rendhagyo-kiallitas-margojara\/"},"wordCount":1862,"image":{"@id":"https:\/\/stuttgarti-katolikusok.de\/index.php\/egy-rendhagyo-kiallitas-margojara\/#primaryimage"},"thumbnailUrl":"https:\/\/stuttgarti-katolikusok.de\/wp-content\/uploads\/2020\/02\/betlehem-diana.jpg","articleSection":["Olvas\u00f3ink \u00edrj\u00e1k"],"inLanguage":"hu"},{"@type":"WebPage","@id":"https:\/\/stuttgarti-katolikusok.de\/index.php\/egy-rendhagyo-kiallitas-margojara\/","url":"https:\/\/stuttgarti-katolikusok.de\/index.php\/egy-rendhagyo-kiallitas-margojara\/","name":"Zeitler Barbara: Saj\u00e1t k\u00e9sz\u00edt\u00e9s\u0171 betlehem... - Stuttgarti Katolikusok","isPartOf":{"@id":"https:\/\/stuttgarti-katolikusok.de\/#website"},"primaryImageOfPage":{"@id":"https:\/\/stuttgarti-katolikusok.de\/index.php\/egy-rendhagyo-kiallitas-margojara\/#primaryimage"},"image":{"@id":"https:\/\/stuttgarti-katolikusok.de\/index.php\/egy-rendhagyo-kiallitas-margojara\/#primaryimage"},"thumbnailUrl":"https:\/\/stuttgarti-katolikusok.de\/wp-content\/uploads\/2020\/02\/betlehem-diana.jpg","datePublished":"2020-02-04T15:29:12+00:00","dateModified":"2020-02-05T13:38:58+00:00","author":{"@id":"https:\/\/stuttgarti-katolikusok.de\/#\/schema\/person\/75908d6f8fdc03a57889d27209df7795"},"breadcrumb":{"@id":"https:\/\/stuttgarti-katolikusok.de\/index.php\/egy-rendhagyo-kiallitas-margojara\/#breadcrumb"},"inLanguage":"hu","potentialAction":[{"@type":"ReadAction","target":["https:\/\/stuttgarti-katolikusok.de\/index.php\/egy-rendhagyo-kiallitas-margojara\/"]}]},{"@type":"ImageObject","inLanguage":"hu","@id":"https:\/\/stuttgarti-katolikusok.de\/index.php\/egy-rendhagyo-kiallitas-margojara\/#primaryimage","url":"https:\/\/stuttgarti-katolikusok.de\/wp-content\/uploads\/2020\/02\/betlehem-diana.jpg","contentUrl":"https:\/\/stuttgarti-katolikusok.de\/wp-content\/uploads\/2020\/02\/betlehem-diana.jpg","width":1024,"height":768},{"@type":"BreadcrumbList","@id":"https:\/\/stuttgarti-katolikusok.de\/index.php\/egy-rendhagyo-kiallitas-margojara\/#breadcrumb","itemListElement":[{"@type":"ListItem","position":1,"name":"Kezd\u0151lap","item":"https:\/\/stuttgarti-katolikusok.de\/"},{"@type":"ListItem","position":2,"name":"Zeitler Barbara: Saj\u00e1t k\u00e9sz\u00edt\u00e9s\u0171 betlehem&#8230;"}]},{"@type":"WebSite","@id":"https:\/\/stuttgarti-katolikusok.de\/#website","url":"https:\/\/stuttgarti-katolikusok.de\/","name":"Stuttgarti Katolikusok","description":"","potentialAction":[{"@type":"SearchAction","target":{"@type":"EntryPoint","urlTemplate":"https:\/\/stuttgarti-katolikusok.de\/?s={search_term_string}"},"query-input":{"@type":"PropertyValueSpecification","valueRequired":true,"valueName":"search_term_string"}}],"inLanguage":"hu"},{"@type":"Person","@id":"https:\/\/stuttgarti-katolikusok.de\/#\/schema\/person\/75908d6f8fdc03a57889d27209df7795","name":"Tibor atya","image":{"@type":"ImageObject","inLanguage":"hu","@id":"https:\/\/secure.gravatar.com\/avatar\/61d268e57d1f4525b111222e29d2d5a7f8c420fdbf231ba5566a8ceac74fa960?s=96&d=mm&r=g","url":"https:\/\/secure.gravatar.com\/avatar\/61d268e57d1f4525b111222e29d2d5a7f8c420fdbf231ba5566a8ceac74fa960?s=96&d=mm&r=g","contentUrl":"https:\/\/secure.gravatar.com\/avatar\/61d268e57d1f4525b111222e29d2d5a7f8c420fdbf231ba5566a8ceac74fa960?s=96&d=mm&r=g","caption":"Tibor atya"},"url":"https:\/\/stuttgarti-katolikusok.de\/index.php\/author\/tibor-atya\/"}]}},"_links":{"self":[{"href":"https:\/\/stuttgarti-katolikusok.de\/index.php\/wp-json\/wp\/v2\/posts\/18701","targetHints":{"allow":["GET"]}}],"collection":[{"href":"https:\/\/stuttgarti-katolikusok.de\/index.php\/wp-json\/wp\/v2\/posts"}],"about":[{"href":"https:\/\/stuttgarti-katolikusok.de\/index.php\/wp-json\/wp\/v2\/types\/post"}],"author":[{"embeddable":true,"href":"https:\/\/stuttgarti-katolikusok.de\/index.php\/wp-json\/wp\/v2\/users\/3"}],"replies":[{"embeddable":true,"href":"https:\/\/stuttgarti-katolikusok.de\/index.php\/wp-json\/wp\/v2\/comments?post=18701"}],"version-history":[{"count":3,"href":"https:\/\/stuttgarti-katolikusok.de\/index.php\/wp-json\/wp\/v2\/posts\/18701\/revisions"}],"predecessor-version":[{"id":18711,"href":"https:\/\/stuttgarti-katolikusok.de\/index.php\/wp-json\/wp\/v2\/posts\/18701\/revisions\/18711"}],"wp:featuredmedia":[{"embeddable":true,"href":"https:\/\/stuttgarti-katolikusok.de\/index.php\/wp-json\/wp\/v2\/media\/18702"}],"wp:attachment":[{"href":"https:\/\/stuttgarti-katolikusok.de\/index.php\/wp-json\/wp\/v2\/media?parent=18701"}],"wp:term":[{"taxonomy":"category","embeddable":true,"href":"https:\/\/stuttgarti-katolikusok.de\/index.php\/wp-json\/wp\/v2\/categories?post=18701"},{"taxonomy":"post_tag","embeddable":true,"href":"https:\/\/stuttgarti-katolikusok.de\/index.php\/wp-json\/wp\/v2\/tags?post=18701"}],"curies":[{"name":"wp","href":"https:\/\/api.w.org\/{rel}","templated":true}]}}