{"id":18616,"date":"2020-01-26T19:36:29","date_gmt":"2020-01-26T19:36:29","guid":{"rendered":"https:\/\/gracious-dewdney.138-201-221-2.plesk.page\/?p=18616"},"modified":"2020-01-27T11:09:23","modified_gmt":"2020-01-27T11:09:23","slug":"programelozetes-januar-27-es-februar-1-kozott","status":"publish","type":"post","link":"https:\/\/stuttgarti-katolikusok.de\/index.php\/programelozetes-januar-27-es-februar-1-kozott\/","title":{"rendered":"Programel\u0151zetes janu\u00e1r 27 \u00e9s febru\u00e1r 1 k\u00f6z\u00f6tt"},"content":{"rendered":"<p><strong>Programel\u0151zetes<\/strong><\/p>\n<p><strong>Janu\u00e1r 30-\u00e1n,<\/strong> cs\u00fct\u00f6rt\u00f6k\u00f6n,<\/p>\n<p><strong>Ulmi d\u00e9lut\u00e1n,<\/strong> 17.30 \u00f3rakor <em>r\u00f3zsaf\u00fcz\u00e9r im\u00e1ds\u00e1g<\/em>, ut\u00e1na <em>szentmise<\/em>. <em>Besz\u00e9lget\u00e9sek a Katekizmusr\u00f3l.<\/em><\/p>\n<p style=\"text-align: center;\">*<\/p>\n<p><strong>Janu\u00e1r 31-\u00e9n,<\/strong> p\u00e9nteken,<\/p>\n<p><strong>Stuttgartban<\/strong> 16.00 \u00f3rakor <em>Bar\u00e1ts\u00e1gklub<\/em>.<\/p>\n<p>Az esti <em>szentmise<\/em> ELMARAD!<\/p>\n<p><strong>Weingartenben<\/strong>, a 14 Nothelfer Kapelle-ben <em>Weingarteni d\u00e9lut\u00e1n,<\/em> 17.30 \u00f3rakor <em>r\u00f3zsaf\u00fcz\u00e9r im\u00e1ds\u00e1g<\/em>, ut\u00e1na <em>szentmise<\/em>. <em>Besz\u00e9lget\u00e9sek a Katekizmusr\u00f3l.<\/em><\/p>\n<p style=\"text-align: center;\">*<\/p>\n<p><strong>Febru\u00e1r 1-j\u00e9n, <\/strong>szombaton, <strong>Balingenben<\/strong> <em>Magyar Boldog P\u00e1l \u00fcnnepe, <\/em><strong>templomb\u00facs\u00fa. <\/strong>17.00 \u00f3rakor <em>szentmise<\/em>, ut\u00e1na <em>\u00e1g\u00e1p\u00e9<\/em>.<\/p>\n<p style=\"text-align: center;\">*<\/p>\n<p><strong>Febru\u00e1r 2-\u00e1n,<\/strong> \u00e9vk\u00f6zi 4. vas\u00e1rnap, Gyertyaszentel\u0151 Boldogasszony \u00fcnnep\u00e9n,<\/p>\n<p><strong>Munderkingenben<\/strong> 9.00 \u00f3rakor <em>szentmise<\/em>.<\/p>\n<p><strong>Schw\u00e4bisch-Gm\u00fcndben <\/strong>9.30 \u00f3rakor <em>szentmise. <\/em>Ut\u00e1na <em>\u00e1g\u00e1p\u00e9.<\/em><\/p>\n<p><strong>Stuttgartban <\/strong>15.00 \u00f3rakor <em>szentmise<\/em>. Alatta <em>gyermek-mise <\/em>az altemplomban. V\u00e9g\u00fcl az <em>\u00e1g\u00e1p\u00e9 <\/em>keret\u00e9ben <em>Imre atya <\/em>mutatja be leg\u00fajabb k\u00f6nyv\u00e9t: <em>B\u00f6rt\u00f6nvil\u00e1g a kommunista Rom\u00e1ni\u00e1ban <\/em>c\u00edmmel.<\/p>\n<p style=\"text-align: center;\">*<\/p>\n<p>Minden helyen mindenkit szeretettel v\u00e1r a k\u00f6z\u00f6ss\u00e9g, Imre atya \u00e9s Tibor atya!<\/p>\n<p><em>\u201eAmikor igent mondasz m\u00e1soknak, gy\u0151z\u0151dj meg r\u00f3la, hogy nem mondasz-e nemet magadnak.\u201d<\/em> <strong>(Paulo Coelho \u2013 sz. 1947 \u2013 brazil \u00edr\u00f3) <\/strong><\/p>\n<p>&nbsp;<\/p>\n<p><strong><em>Kellemes napokat, j\u00f3 munk\u00e1t, tartalmas besz\u00e9lget\u00e9seket \u00e9s \u00f6r\u00f6mteli tal\u00e1lkoz\u00e1sokat k\u00edv\u00e1nunk minden Kedves H\u00edv\u00fcnknek!<\/em><\/strong><\/p>\n","protected":false},"excerpt":{"rendered":"<p>Programel\u0151zetes Janu\u00e1r 30-\u00e1n, cs\u00fct\u00f6rt\u00f6k\u00f6n, Ulmi d\u00e9lut\u00e1n, 17.30 \u00f3rakor r\u00f3zsaf\u00fcz\u00e9r im\u00e1ds\u00e1g, ut\u00e1na szentmise. Besz\u00e9lget\u00e9sek a Katekizmusr\u00f3l. * Janu\u00e1r 31-\u00e9n, p\u00e9nteken, Stuttgartban 16.00 \u00f3rakor Bar\u00e1ts\u00e1gklub. Az esti szentmise ELMARAD! Weingartenben, a 14 Nothelfer Kapelle-ben Weingarteni d\u00e9lut\u00e1n, 17.30 \u00f3rakor r\u00f3zsaf\u00fcz\u00e9r im\u00e1ds\u00e1g, ut\u00e1na szentmise. Besz\u00e9lget\u00e9sek a Katekizmusr\u00f3l. * Febru\u00e1r 1-j\u00e9n, szombaton, Balingenben Magyar Boldog P\u00e1l \u00fcnnepe, templomb\u00facs\u00fa. 17.00 \u00f3rakor szentmise, ut\u00e1na \u00e1g\u00e1p\u00e9. * Febru\u00e1r 2-\u00e1n, \u00e9vk\u00f6zi 4. vas\u00e1rnap, Gyertyaszentel\u0151 Boldogasszony \u00fcnnep\u00e9n, Munderkingenben 9.00 \u00f3rakor szentmise. Schw\u00e4bisch-Gm\u00fcndben 9.30 \u00f3rakor szentmise. Ut\u00e1na \u00e1g\u00e1p\u00e9. Stuttgartban 15.00 \u00f3rakor szentmise. Alatta gyermek-mise az altemplomban. V\u00e9g\u00fcl az \u00e1g\u00e1p\u00e9 keret\u00e9ben Imre atya mutatja be leg\u00fajabb k\u00f6nyv\u00e9t: B\u00f6rt\u00f6nvil\u00e1g a kommunista Rom\u00e1ni\u00e1ban c\u00edmmel. * Minden helyen mindenkit szeretettel v\u00e1r a k\u00f6z\u00f6ss\u00e9g, Imre atya \u00e9s Tibor atya! \u201eAmikor igent mondasz m\u00e1soknak, gy\u0151z\u0151dj meg r\u00f3la, hogy nem mondasz-e nemet magadnak.\u201d (Paulo Coelho \u2013 sz. 1947 \u2013 brazil \u00edr\u00f3) &nbsp; Kellemes napokat, j\u00f3 munk\u00e1t, tartalmas besz\u00e9lget\u00e9seket \u00e9s \u00f6r\u00f6mteli tal\u00e1lkoz\u00e1sokat k\u00edv\u00e1nunk minden Kedves H\u00edv\u00fcnknek!<\/p>\n","protected":false},"author":3,"featured_media":0,"comment_status":"closed","ping_status":"closed","sticky":false,"template":"","format":"standard","meta":{"footnotes":""},"categories":[37],"tags":[],"class_list":["post-18616","post","type-post","status-publish","format-standard","hentry","category-progamelozetes"],"yoast_head":"<!-- This site is optimized with the Yoast SEO plugin v27.3 - https:\/\/yoast.com\/product\/yoast-seo-wordpress\/ -->\n<title>Programel\u0151zetes janu\u00e1r 27 \u00e9s febru\u00e1r 1 k\u00f6z\u00f6tt - Stuttgarti Katolikusok<\/title>\n<meta name=\"robots\" content=\"index, follow, max-snippet:-1, max-image-preview:large, max-video-preview:-1\" \/>\n<link rel=\"canonical\" href=\"https:\/\/stuttgarti-katolikusok.de\/index.php\/programelozetes-januar-27-es-februar-1-kozott\/\" \/>\n<meta property=\"og:locale\" content=\"hu_HU\" \/>\n<meta property=\"og:type\" content=\"article\" \/>\n<meta property=\"og:title\" content=\"Programel\u0151zetes janu\u00e1r 27 \u00e9s febru\u00e1r 1 k\u00f6z\u00f6tt - Stuttgarti Katolikusok\" \/>\n<meta property=\"og:description\" content=\"Programel\u0151zetes Janu\u00e1r 30-\u00e1n, cs\u00fct\u00f6rt\u00f6k\u00f6n, Ulmi d\u00e9lut\u00e1n, 17.30 \u00f3rakor r\u00f3zsaf\u00fcz\u00e9r im\u00e1ds\u00e1g, ut\u00e1na szentmise. Besz\u00e9lget\u00e9sek a Katekizmusr\u00f3l. * Janu\u00e1r 31-\u00e9n, p\u00e9nteken, Stuttgartban 16.00 \u00f3rakor Bar\u00e1ts\u00e1gklub. Az esti szentmise ELMARAD! Weingartenben, a 14 Nothelfer Kapelle-ben Weingarteni d\u00e9lut\u00e1n, 17.30 \u00f3rakor r\u00f3zsaf\u00fcz\u00e9r im\u00e1ds\u00e1g, ut\u00e1na szentmise. Besz\u00e9lget\u00e9sek a Katekizmusr\u00f3l. * Febru\u00e1r 1-j\u00e9n, szombaton, Balingenben Magyar Boldog P\u00e1l \u00fcnnepe, templomb\u00facs\u00fa. 17.00 \u00f3rakor szentmise, ut\u00e1na \u00e1g\u00e1p\u00e9. * Febru\u00e1r 2-\u00e1n, \u00e9vk\u00f6zi 4. vas\u00e1rnap, Gyertyaszentel\u0151 Boldogasszony \u00fcnnep\u00e9n, Munderkingenben 9.00 \u00f3rakor szentmise. Schw\u00e4bisch-Gm\u00fcndben 9.30 \u00f3rakor szentmise. Ut\u00e1na \u00e1g\u00e1p\u00e9. Stuttgartban 15.00 \u00f3rakor szentmise. Alatta gyermek-mise az altemplomban. V\u00e9g\u00fcl az \u00e1g\u00e1p\u00e9 keret\u00e9ben Imre atya mutatja be leg\u00fajabb k\u00f6nyv\u00e9t: B\u00f6rt\u00f6nvil\u00e1g a kommunista Rom\u00e1ni\u00e1ban c\u00edmmel. * Minden helyen mindenkit szeretettel v\u00e1r a k\u00f6z\u00f6ss\u00e9g, Imre atya \u00e9s Tibor atya! \u201eAmikor igent mondasz m\u00e1soknak, gy\u0151z\u0151dj meg r\u00f3la, hogy nem mondasz-e nemet magadnak.\u201d (Paulo Coelho \u2013 sz. 1947 \u2013 brazil \u00edr\u00f3) &nbsp; Kellemes napokat, j\u00f3 munk\u00e1t, tartalmas besz\u00e9lget\u00e9seket \u00e9s \u00f6r\u00f6mteli tal\u00e1lkoz\u00e1sokat k\u00edv\u00e1nunk minden Kedves H\u00edv\u00fcnknek!\" \/>\n<meta property=\"og:url\" content=\"https:\/\/stuttgarti-katolikusok.de\/index.php\/programelozetes-januar-27-es-februar-1-kozott\/\" \/>\n<meta property=\"og:site_name\" content=\"Stuttgarti Katolikusok\" \/>\n<meta property=\"article:published_time\" content=\"2020-01-26T19:36:29+00:00\" \/>\n<meta property=\"article:modified_time\" content=\"2020-01-27T11:09:23+00:00\" \/>\n<meta name=\"author\" content=\"Tibor atya\" \/>\n<meta name=\"twitter:card\" content=\"summary_large_image\" \/>\n<meta name=\"twitter:label1\" content=\"Szerz\u0151:\" \/>\n\t<meta name=\"twitter:data1\" content=\"Tibor atya\" \/>\n\t<meta name=\"twitter:label2\" content=\"Becs\u00fclt olvas\u00e1si id\u0151\" \/>\n\t<meta name=\"twitter:data2\" content=\"1 perc\" \/>\n<script type=\"application\/ld+json\" class=\"yoast-schema-graph\">{\"@context\":\"https:\\\/\\\/schema.org\",\"@graph\":[{\"@type\":\"Article\",\"@id\":\"https:\\\/\\\/stuttgarti-katolikusok.de\\\/index.php\\\/programelozetes-januar-27-es-februar-1-kozott\\\/#article\",\"isPartOf\":{\"@id\":\"https:\\\/\\\/stuttgarti-katolikusok.de\\\/index.php\\\/programelozetes-januar-27-es-februar-1-kozott\\\/\"},\"author\":{\"name\":\"Tibor atya\",\"@id\":\"https:\\\/\\\/stuttgarti-katolikusok.de\\\/#\\\/schema\\\/person\\\/75908d6f8fdc03a57889d27209df7795\"},\"headline\":\"Programel\u0151zetes janu\u00e1r 27 \u00e9s febru\u00e1r 1 k\u00f6z\u00f6tt\",\"datePublished\":\"2020-01-26T19:36:29+00:00\",\"dateModified\":\"2020-01-27T11:09:23+00:00\",\"mainEntityOfPage\":{\"@id\":\"https:\\\/\\\/stuttgarti-katolikusok.de\\\/index.php\\\/programelozetes-januar-27-es-februar-1-kozott\\\/\"},\"wordCount\":221,\"articleSection\":[\"Progamel\u0151zetes\"],\"inLanguage\":\"hu\"},{\"@type\":\"WebPage\",\"@id\":\"https:\\\/\\\/stuttgarti-katolikusok.de\\\/index.php\\\/programelozetes-januar-27-es-februar-1-kozott\\\/\",\"url\":\"https:\\\/\\\/stuttgarti-katolikusok.de\\\/index.php\\\/programelozetes-januar-27-es-februar-1-kozott\\\/\",\"name\":\"Programel\u0151zetes janu\u00e1r 27 \u00e9s febru\u00e1r 1 k\u00f6z\u00f6tt - Stuttgarti Katolikusok\",\"isPartOf\":{\"@id\":\"https:\\\/\\\/stuttgarti-katolikusok.de\\\/#website\"},\"datePublished\":\"2020-01-26T19:36:29+00:00\",\"dateModified\":\"2020-01-27T11:09:23+00:00\",\"author\":{\"@id\":\"https:\\\/\\\/stuttgarti-katolikusok.de\\\/#\\\/schema\\\/person\\\/75908d6f8fdc03a57889d27209df7795\"},\"breadcrumb\":{\"@id\":\"https:\\\/\\\/stuttgarti-katolikusok.de\\\/index.php\\\/programelozetes-januar-27-es-februar-1-kozott\\\/#breadcrumb\"},\"inLanguage\":\"hu\",\"potentialAction\":[{\"@type\":\"ReadAction\",\"target\":[\"https:\\\/\\\/stuttgarti-katolikusok.de\\\/index.php\\\/programelozetes-januar-27-es-februar-1-kozott\\\/\"]}]},{\"@type\":\"BreadcrumbList\",\"@id\":\"https:\\\/\\\/stuttgarti-katolikusok.de\\\/index.php\\\/programelozetes-januar-27-es-februar-1-kozott\\\/#breadcrumb\",\"itemListElement\":[{\"@type\":\"ListItem\",\"position\":1,\"name\":\"Kezd\u0151lap\",\"item\":\"https:\\\/\\\/stuttgarti-katolikusok.de\\\/\"},{\"@type\":\"ListItem\",\"position\":2,\"name\":\"Programel\u0151zetes janu\u00e1r 27 \u00e9s febru\u00e1r 1 k\u00f6z\u00f6tt\"}]},{\"@type\":\"WebSite\",\"@id\":\"https:\\\/\\\/stuttgarti-katolikusok.de\\\/#website\",\"url\":\"https:\\\/\\\/stuttgarti-katolikusok.de\\\/\",\"name\":\"Stuttgarti Katolikusok\",\"description\":\"\",\"potentialAction\":[{\"@type\":\"SearchAction\",\"target\":{\"@type\":\"EntryPoint\",\"urlTemplate\":\"https:\\\/\\\/stuttgarti-katolikusok.de\\\/?s={search_term_string}\"},\"query-input\":{\"@type\":\"PropertyValueSpecification\",\"valueRequired\":true,\"valueName\":\"search_term_string\"}}],\"inLanguage\":\"hu\"},{\"@type\":\"Person\",\"@id\":\"https:\\\/\\\/stuttgarti-katolikusok.de\\\/#\\\/schema\\\/person\\\/75908d6f8fdc03a57889d27209df7795\",\"name\":\"Tibor atya\",\"image\":{\"@type\":\"ImageObject\",\"inLanguage\":\"hu\",\"@id\":\"https:\\\/\\\/secure.gravatar.com\\\/avatar\\\/61d268e57d1f4525b111222e29d2d5a7f8c420fdbf231ba5566a8ceac74fa960?s=96&d=mm&r=g\",\"url\":\"https:\\\/\\\/secure.gravatar.com\\\/avatar\\\/61d268e57d1f4525b111222e29d2d5a7f8c420fdbf231ba5566a8ceac74fa960?s=96&d=mm&r=g\",\"contentUrl\":\"https:\\\/\\\/secure.gravatar.com\\\/avatar\\\/61d268e57d1f4525b111222e29d2d5a7f8c420fdbf231ba5566a8ceac74fa960?s=96&d=mm&r=g\",\"caption\":\"Tibor atya\"},\"url\":\"https:\\\/\\\/stuttgarti-katolikusok.de\\\/index.php\\\/author\\\/tibor-atya\\\/\"}]}<\/script>\n<!-- \/ Yoast SEO plugin. -->","yoast_head_json":{"title":"Programel\u0151zetes janu\u00e1r 27 \u00e9s febru\u00e1r 1 k\u00f6z\u00f6tt - Stuttgarti Katolikusok","robots":{"index":"index","follow":"follow","max-snippet":"max-snippet:-1","max-image-preview":"max-image-preview:large","max-video-preview":"max-video-preview:-1"},"canonical":"https:\/\/stuttgarti-katolikusok.de\/index.php\/programelozetes-januar-27-es-februar-1-kozott\/","og_locale":"hu_HU","og_type":"article","og_title":"Programel\u0151zetes janu\u00e1r 27 \u00e9s febru\u00e1r 1 k\u00f6z\u00f6tt - Stuttgarti Katolikusok","og_description":"Programel\u0151zetes Janu\u00e1r 30-\u00e1n, cs\u00fct\u00f6rt\u00f6k\u00f6n, Ulmi d\u00e9lut\u00e1n, 17.30 \u00f3rakor r\u00f3zsaf\u00fcz\u00e9r im\u00e1ds\u00e1g, ut\u00e1na szentmise. Besz\u00e9lget\u00e9sek a Katekizmusr\u00f3l. * Janu\u00e1r 31-\u00e9n, p\u00e9nteken, Stuttgartban 16.00 \u00f3rakor Bar\u00e1ts\u00e1gklub. Az esti szentmise ELMARAD! Weingartenben, a 14 Nothelfer Kapelle-ben Weingarteni d\u00e9lut\u00e1n, 17.30 \u00f3rakor r\u00f3zsaf\u00fcz\u00e9r im\u00e1ds\u00e1g, ut\u00e1na szentmise. Besz\u00e9lget\u00e9sek a Katekizmusr\u00f3l. * Febru\u00e1r 1-j\u00e9n, szombaton, Balingenben Magyar Boldog P\u00e1l \u00fcnnepe, templomb\u00facs\u00fa. 17.00 \u00f3rakor szentmise, ut\u00e1na \u00e1g\u00e1p\u00e9. * Febru\u00e1r 2-\u00e1n, \u00e9vk\u00f6zi 4. vas\u00e1rnap, Gyertyaszentel\u0151 Boldogasszony \u00fcnnep\u00e9n, Munderkingenben 9.00 \u00f3rakor szentmise. Schw\u00e4bisch-Gm\u00fcndben 9.30 \u00f3rakor szentmise. Ut\u00e1na \u00e1g\u00e1p\u00e9. Stuttgartban 15.00 \u00f3rakor szentmise. Alatta gyermek-mise az altemplomban. V\u00e9g\u00fcl az \u00e1g\u00e1p\u00e9 keret\u00e9ben Imre atya mutatja be leg\u00fajabb k\u00f6nyv\u00e9t: B\u00f6rt\u00f6nvil\u00e1g a kommunista Rom\u00e1ni\u00e1ban c\u00edmmel. * Minden helyen mindenkit szeretettel v\u00e1r a k\u00f6z\u00f6ss\u00e9g, Imre atya \u00e9s Tibor atya! \u201eAmikor igent mondasz m\u00e1soknak, gy\u0151z\u0151dj meg r\u00f3la, hogy nem mondasz-e nemet magadnak.\u201d (Paulo Coelho \u2013 sz. 1947 \u2013 brazil \u00edr\u00f3) &nbsp; Kellemes napokat, j\u00f3 munk\u00e1t, tartalmas besz\u00e9lget\u00e9seket \u00e9s \u00f6r\u00f6mteli tal\u00e1lkoz\u00e1sokat k\u00edv\u00e1nunk minden Kedves H\u00edv\u00fcnknek!","og_url":"https:\/\/stuttgarti-katolikusok.de\/index.php\/programelozetes-januar-27-es-februar-1-kozott\/","og_site_name":"Stuttgarti Katolikusok","article_published_time":"2020-01-26T19:36:29+00:00","article_modified_time":"2020-01-27T11:09:23+00:00","author":"Tibor atya","twitter_card":"summary_large_image","twitter_misc":{"Szerz\u0151:":"Tibor atya","Becs\u00fclt olvas\u00e1si id\u0151":"1 perc"},"schema":{"@context":"https:\/\/schema.org","@graph":[{"@type":"Article","@id":"https:\/\/stuttgarti-katolikusok.de\/index.php\/programelozetes-januar-27-es-februar-1-kozott\/#article","isPartOf":{"@id":"https:\/\/stuttgarti-katolikusok.de\/index.php\/programelozetes-januar-27-es-februar-1-kozott\/"},"author":{"name":"Tibor atya","@id":"https:\/\/stuttgarti-katolikusok.de\/#\/schema\/person\/75908d6f8fdc03a57889d27209df7795"},"headline":"Programel\u0151zetes janu\u00e1r 27 \u00e9s febru\u00e1r 1 k\u00f6z\u00f6tt","datePublished":"2020-01-26T19:36:29+00:00","dateModified":"2020-01-27T11:09:23+00:00","mainEntityOfPage":{"@id":"https:\/\/stuttgarti-katolikusok.de\/index.php\/programelozetes-januar-27-es-februar-1-kozott\/"},"wordCount":221,"articleSection":["Progamel\u0151zetes"],"inLanguage":"hu"},{"@type":"WebPage","@id":"https:\/\/stuttgarti-katolikusok.de\/index.php\/programelozetes-januar-27-es-februar-1-kozott\/","url":"https:\/\/stuttgarti-katolikusok.de\/index.php\/programelozetes-januar-27-es-februar-1-kozott\/","name":"Programel\u0151zetes janu\u00e1r 27 \u00e9s febru\u00e1r 1 k\u00f6z\u00f6tt - Stuttgarti Katolikusok","isPartOf":{"@id":"https:\/\/stuttgarti-katolikusok.de\/#website"},"datePublished":"2020-01-26T19:36:29+00:00","dateModified":"2020-01-27T11:09:23+00:00","author":{"@id":"https:\/\/stuttgarti-katolikusok.de\/#\/schema\/person\/75908d6f8fdc03a57889d27209df7795"},"breadcrumb":{"@id":"https:\/\/stuttgarti-katolikusok.de\/index.php\/programelozetes-januar-27-es-februar-1-kozott\/#breadcrumb"},"inLanguage":"hu","potentialAction":[{"@type":"ReadAction","target":["https:\/\/stuttgarti-katolikusok.de\/index.php\/programelozetes-januar-27-es-februar-1-kozott\/"]}]},{"@type":"BreadcrumbList","@id":"https:\/\/stuttgarti-katolikusok.de\/index.php\/programelozetes-januar-27-es-februar-1-kozott\/#breadcrumb","itemListElement":[{"@type":"ListItem","position":1,"name":"Kezd\u0151lap","item":"https:\/\/stuttgarti-katolikusok.de\/"},{"@type":"ListItem","position":2,"name":"Programel\u0151zetes janu\u00e1r 27 \u00e9s febru\u00e1r 1 k\u00f6z\u00f6tt"}]},{"@type":"WebSite","@id":"https:\/\/stuttgarti-katolikusok.de\/#website","url":"https:\/\/stuttgarti-katolikusok.de\/","name":"Stuttgarti Katolikusok","description":"","potentialAction":[{"@type":"SearchAction","target":{"@type":"EntryPoint","urlTemplate":"https:\/\/stuttgarti-katolikusok.de\/?s={search_term_string}"},"query-input":{"@type":"PropertyValueSpecification","valueRequired":true,"valueName":"search_term_string"}}],"inLanguage":"hu"},{"@type":"Person","@id":"https:\/\/stuttgarti-katolikusok.de\/#\/schema\/person\/75908d6f8fdc03a57889d27209df7795","name":"Tibor atya","image":{"@type":"ImageObject","inLanguage":"hu","@id":"https:\/\/secure.gravatar.com\/avatar\/61d268e57d1f4525b111222e29d2d5a7f8c420fdbf231ba5566a8ceac74fa960?s=96&d=mm&r=g","url":"https:\/\/secure.gravatar.com\/avatar\/61d268e57d1f4525b111222e29d2d5a7f8c420fdbf231ba5566a8ceac74fa960?s=96&d=mm&r=g","contentUrl":"https:\/\/secure.gravatar.com\/avatar\/61d268e57d1f4525b111222e29d2d5a7f8c420fdbf231ba5566a8ceac74fa960?s=96&d=mm&r=g","caption":"Tibor atya"},"url":"https:\/\/stuttgarti-katolikusok.de\/index.php\/author\/tibor-atya\/"}]}},"_links":{"self":[{"href":"https:\/\/stuttgarti-katolikusok.de\/index.php\/wp-json\/wp\/v2\/posts\/18616","targetHints":{"allow":["GET"]}}],"collection":[{"href":"https:\/\/stuttgarti-katolikusok.de\/index.php\/wp-json\/wp\/v2\/posts"}],"about":[{"href":"https:\/\/stuttgarti-katolikusok.de\/index.php\/wp-json\/wp\/v2\/types\/post"}],"author":[{"embeddable":true,"href":"https:\/\/stuttgarti-katolikusok.de\/index.php\/wp-json\/wp\/v2\/users\/3"}],"replies":[{"embeddable":true,"href":"https:\/\/stuttgarti-katolikusok.de\/index.php\/wp-json\/wp\/v2\/comments?post=18616"}],"version-history":[{"count":2,"href":"https:\/\/stuttgarti-katolikusok.de\/index.php\/wp-json\/wp\/v2\/posts\/18616\/revisions"}],"predecessor-version":[{"id":18620,"href":"https:\/\/stuttgarti-katolikusok.de\/index.php\/wp-json\/wp\/v2\/posts\/18616\/revisions\/18620"}],"wp:attachment":[{"href":"https:\/\/stuttgarti-katolikusok.de\/index.php\/wp-json\/wp\/v2\/media?parent=18616"}],"wp:term":[{"taxonomy":"category","embeddable":true,"href":"https:\/\/stuttgarti-katolikusok.de\/index.php\/wp-json\/wp\/v2\/categories?post=18616"},{"taxonomy":"post_tag","embeddable":true,"href":"https:\/\/stuttgarti-katolikusok.de\/index.php\/wp-json\/wp\/v2\/tags?post=18616"}],"curies":[{"name":"wp","href":"https:\/\/api.w.org\/{rel}","templated":true}]}}