{"id":18552,"date":"2020-01-16T09:34:51","date_gmt":"2020-01-16T09:34:51","guid":{"rendered":"https:\/\/gracious-dewdney.138-201-221-2.plesk.page\/?p=18552"},"modified":"2020-04-27T08:30:24","modified_gmt":"2020-04-27T08:30:24","slug":"evkozi-2-es-3-vasarnap","status":"publish","type":"post","link":"https:\/\/stuttgarti-katolikusok.de\/index.php\/evkozi-2-es-3-vasarnap\/","title":{"rendered":"\u00c9vk\u00f6zi 2. \u00e9s 3. vas\u00e1rnap"},"content":{"rendered":"<ol start=\"2020\">\n<li><strong> janu\u00e1r 19.<\/strong><\/li>\n<\/ol>\n<p><strong>\u00c9VK\u00d6ZI 2. VAS\u00c1RNAP<\/strong><\/p>\n<p><strong>\u00a0\u00a0\u00a0\u00a0\u00a0\u00a0\u00a0\u00a0\u00a0\u00a0\u00a0\u00a0\u00a0\u00a0\u00a0\u00a0\u00a0\u00a0 <\/strong><\/p>\n<p>\u201eAmikor elhatalmasodott a b\u0171n, t\u00fal\u00e1radt a kegyelem.\u201d (R\u00f3m 5, 20) Az emberek \u00e9rezt\u00e9k b\u0171n\u00f6ss\u00e9g\u00fcket, s a b\u0171nb\u00e1nat kereszts\u00e9g\u00e9t k\u00e9rt\u00e9k Keresztel\u0151 Szent J\u00e1nost\u00f3l. \u0150 boldogan mutatott r\u00e1 az Isten B\u00e1r\u00e1ny\u00e1ra, aki elveszi a vil\u00e1g b\u0171neit. Krisztus megadja a lehet\u0151s\u00e9get, hogy a b\u0171n helyett a kegyelem uralkodj\u00e9k \u00e9let\u00fcnkben.<\/p>\n<p><strong>OLVASM\u00c1NY<\/strong>\u00a0\u00a0\u00a0 \u00a0\u00a0\u00a0\u00a0\u00a0\u00a0\u00a0\u00a0\u00a0\u00a0\u00a0\u00a0\u00a0\u00a0\u00a0\u00a0\u00a0\u00a0\u00a0\u00a0\u00a0\u00a0\u00a0\u00a0\u00a0\u00a0\u00a0\u00a0\u00a0\u00a0\u00a0\u00a0\u00a0\u00a0\u00a0\u00a0\u00a0\u00a0\u00a0\u00a0\u00a0\u00a0\u00a0\u00a0\u00a0<em>Iz 49, 3. 5\u20136<\/em><\/p>\n<p>Isten benn\u00fcnk is meg akar dics\u0151\u00fclni! Vajon engedj\u00fck ezt? Mi is becsesek vagyunk az \u00dar szem\u00e9ben, mint szemef\u00e9ny\u00e9re vigy\u00e1z r\u00e1nk. Kincseinket nem t\u00e9kozoljuk el? Isten er\u0151t ad nek\u00fcnk is. Nem hagyatkozunk g\u0151g\u00f6sen a saj\u00e1t er\u0151nkre? Vil\u00e1goss\u00e1gg\u00e1 tett minket is. Nem lett\u00fcnk s\u00f6t\u00e9ts\u00e9gg\u00e9?<\/p>\n<p><strong>V\u00c1LASZOS ZSOLT\u00c1R<\/strong>\u00a0\u00a0\u00a0\u00a0\u00a0\u00a0\u00a0\u00a0\u00a0\u00a0 \u00a0<em>39, 2 \u00e9s 4ab. 7\u20138a. 8b\u20139. 10<\/em><\/p>\n<p><strong>V\u00e1lasz: \u00cdme, <u>e<\/u>lj\u00f6v\u00f6k, Uram, * <\/strong><\/p>\n<p><strong>\u00a0\u00a0\u00a0\u00a0\u00a0\u00a0\u00a0\u00a0\u00a0\u00a0\u00a0\u00a0 hogy teljes\u00edtsem <u>a<\/u>zt, amit k\u00edv\u00e1nsz.<\/strong><\/p>\n<p><strong>SZENTLECKE<\/strong>\u00a0\u00a0 \u00a0\u00a0\u00a0\u00a0\u00a0\u00a0\u00a0\u00a0\u00a0\u00a0\u00a0\u00a0\u00a0\u00a0\u00a0\u00a0\u00a0\u00a0\u00a0\u00a0\u00a0\u00a0\u00a0\u00a0\u00a0\u00a0\u00a0\u00a0\u00a0\u00a0\u00a0\u00a0\u00a0\u00a0\u00a0\u00a0\u00a0\u00a0\u00a0\u00a0\u00a0\u00a0\u00a0\u00a0\u00a0\u00a0<em>1 Kor 1, 1\u20133<\/em><\/p>\n<p>Folytassuk az Olvasm\u00e1nyn\u00e1l feltett k\u00e9rd\u00e9seket! J\u00e9zus Krisztusban szentek vagyunk. A szent dolgokat nem dobjuk oda a kuty\u00e1knak? (V\u00f6. Mt 7, 6) Isten megh\u00edvott gyermekei k\u00f6z\u00e9, a kiv\u00e1lasztottak csal\u00e1dj\u00e1ba. Nem vagyunk h\u0171tlenek e h\u00edv\u00e1shoz \u00e9s kiv\u00e1laszttotts\u00e1ghoz? Kegyelmet \u00e9s b\u00e9k\u00e9t k\u00edv\u00e1n nek\u00fcnk Szent P\u00e1l. Nem \u00e9l\u00fcnk b\u00e9k\u00e9tlens\u00e9gben?<\/p>\n<p><strong>ALLELUJA <\/strong>\u00a0\u00a0\u00a0\u00a0\u00a0\u00a0\u00a0\u00a0\u00a0\u00a0\u00a0\u00a0\u00a0\u00a0\u00a0\u00a0\u00a0\u00a0\u00a0\u00a0\u00a0\u00a0\u00a0\u00a0\u00a0\u00a0\u00a0\u00a0\u00a0\u00a0\u00a0\u00a0\u00a0\u00a0\u00a0\u00a0\u00a0\u00a0\u00a0\u00a0\u00a0\u00a0\u00a0\u00a0\u00a0\u00a0\u00a0\u00a0\u00a0\u00a0\u00a0\u00a0\u00a0\u00a0\u00a0\u00a0<em>Jn 1, 14 \u00e9s 12b<\/em><\/p>\n<p>Az Ige emberr\u00e9 lett, \u00e9s itt \u00e9lt k\u00f6z\u00f6tt\u00fcnk. * Befogad\u00f3inak megadta, hogy Isten fiai legyenek.<\/p>\n<p><strong>EVANG\u00c9LIUM<\/strong> \u00a0\u00a0\u00a0\u00a0\u00a0\u00a0\u00a0\u00a0\u00a0\u00a0\u00a0\u00a0\u00a0\u00a0\u00a0\u00a0\u00a0\u00a0\u00a0\u00a0\u00a0\u00a0\u00a0\u00a0\u00a0\u00a0\u00a0\u00a0\u00a0\u00a0\u00a0\u00a0\u00a0\u00a0\u00a0\u00a0\u00a0\u00a0\u00a0\u00a0\u00a0\u00a0\u00a0\u00a0\u00a0\u00a0\u00a0\u00a0<em>Jn 1, 29\u201334<\/em><\/p>\n<p>J\u00e9zus nem a zsid\u00f3 f\u0151tan\u00e1cs el\u0151tt mutatkozott be, hanem a b\u0171n\u00f6s\u00f6k k\u00f6r\u00e9ben, akik szabadulni akartak b\u0171n\u00f6ss\u00e9g\u00fckt\u0151l. Boldog perce volt J\u00e1nosnak, hogy bemutathatta az \u00dcdv\u00f6z\u00edt\u0151t, aki n\u00e1la sokkal nagyobb, \u201e\u0151 az Isten Fia\u201d.<\/p>\n<p><strong>AZ EUCHARISZTI\u00c1HOZ<\/strong><\/p>\n<p>Krisztus, mint \u00e1ldozati b\u00e1r\u00e1ny fel\u00e1ldozta \u00f6nmag\u00e1t a vil\u00e1g b\u0171nei\u00e9rt. Ez az \u00e1ldozat jelenval\u00f3v\u00e1 v\u00e1lik a szentmis\u00e9ben. S arra ind\u00edt minket, hogy b\u0171nb\u00e1natot tartsunk \u00e9s kegyelm\u00e9vel meg\u00faj\u00edtsuk \u00e9let\u00fcnket.<\/p>\n<p><strong>MEGFONTOLAND\u00d3<\/strong><\/p>\n<p>A kereszt\u00e9ny ember sz\u00e1m\u00e1ra nincs fontosabb, mint tal\u00e1lkozni Krisztussal \u00e9s megv\u00e1lt\u00f3 m\u0171veivel. Tisztelj\u00fck, becs\u00fclj\u00fck \u00e9s szeress\u00fck a szents\u00e9geket, mint Egyh\u00e1zunk dr\u00e1ga kincseit, lelk\u00fcnk j\u00f3tev\u0151it. Hagyatkozzunk r\u00e1 b\u00e1trabban a szents\u00e9gek hat\u00e1s\u00e1ra, ez a bizalom a Krisztusban fel\u00e9nk kit\u00e1rulkoz\u00f3 Aty\u00e1nak sz\u00f3l.<\/p>\n<p>\u00d6KUMENIKUS IMAH\u00c9T<\/p>\n<p>A 2020. \u00e9vi \u00f6kumenikus imah\u00e9t anyag\u00e1t a m\u00e1ltai kereszt\u00e9nyek k\u00e9sz\u00edtett\u00e9k. M\u00e1lta a F\u00f6ldk\u00f6zi-tenger sziget\u00e1llama, amelyet minden oldalr\u00f3l hatalmas v\u00edz vesz k\u00f6r\u00fcl, \u00edgy a haj\u00f3k\u00f6zleked\u00e9s egyik k\u00f6zpontja a F\u00f6ldk\u00f6zi-tengeren. Ezen a 316 n\u00e9gyzetkilom\u00e9ternyi \u2013 Budapestn\u00e9l j\u00f3val kisebb \u2013 sz\u00e1razf\u00f6ld\u00f6n, azaz az \u00e1llam ter\u00fclet\u00e9t alkot\u00f3 szigeteken 430 ezer m\u00e1ltai polg\u00e1r \u00e9l. A sziget\u00e1llam f\u0151v\u00e1rosa Valletta, s van nemzetk\u00f6zi rep\u00fcl\u0151tere is. A lakosok a hal\u00e1szat mellett f\u0151leg a mez\u0151gazdas\u00e1gban kapnak munk\u00e1t. M\u00e1lta a Brit Nemzetk\u00f6z\u00f6ss\u00e9g tagjak\u00e9nt 2004-ben az Eur\u00f3pai Uni\u00f3ba is bel\u00e9pett. Az anyaszigethez tartozik a k\u00f6zeli Gozo szigete, amelynek ter\u00fclete 67 n\u00e9gyzetkilom\u00e9ter. M\u00e1lta \u00e9s Gozo kereszt\u00e9nyei minden \u00e9v febru\u00e1r 10-\u00e9n egy\u00fctt \u00fcnneplik a haj\u00f3t\u00f6r\u00f6tt P\u00e1l apostol szigetre \u00e9rkez\u00e9s\u00e9t, a 2020-as imah\u00e9ten pedig a vil\u00e1g krisztusk\u00f6vet\u0151i a m\u00e1ltai kereszt\u00e9nyekkel egy\u00fctt olvass\u00e1k ennek a haj\u00f3t\u00f6r\u00e9snek a t\u00f6rt\u00e9net\u00e9t. Ezen az imah\u00e9ten fontos lenne teh\u00e1t, hogy mindenki gondoljon az imah\u00e9t k\u00f6zponti \u00fczenet\u00e9re \u00e9s ez legyen ir\u00e1nymutat\u00e1s embert\u00e1rsainkkal val\u00f3 kapcsolatunkban <strong>\u201e\u2026nem mindennapi embers\u00e9get tan\u00fas\u00edtottak ir\u00e1ntunk\u2026\u201d<\/strong> <em>(ApCsel 28, 2).<\/em><\/p>\n<p>ESZTERGOMI BOLDOG \u00d6ZS\u00c9B\u00a0 (kb. 1200-1270)<\/p>\n<p>Az egyetlen magyar alap\u00edt\u00e1s\u00fa szerzetesrend, a p\u00e1losok alap\u00edt\u00f3ja. Esztergomban sz\u00fcletett, s itt is j\u00e1rt iskol\u00e1ba a Szent Istv\u00e1n \u00e1ltal alap\u00edtott k\u00e1ptalanba. Szeg\u00e9ny, hallgatag, komoly ifj\u00fa volt, aki kedvelte a mag\u00e1nyt. Sz\u00fclei egyet\u00e9rt\u00e9s\u00e9vel papp\u00e1 szentelt\u00e9k, s hamar h\u00edres lett arr\u00f3l, hogy m\u00e9ly \u00e1tszellem\u00fclts\u00e9ggel, \u00e1h\u00edtattal mutatta be naponta a szentmis\u00e9t, ami akkor szokatlan volt. Papi j\u00f6vedelm\u00e9t sz\u00e9tosztotta a szeg\u00e9nyek k\u00f6z\u00f6tt, s minden szabadidej\u00e9t az olvas\u00e1snak \u00e9s az \u00edr\u00e1snak szentelte. M\u0171vei sajnos nem maradtak fent, de feljegyezt\u00e9k r\u00f3luk, hogy &#8222;olyan filoz\u00f3fi\u00e1t tan\u00edtott, amely nem az emberek, hanem Isten tetsz\u00e9s\u00e9t v\u00edvta ki&#8221;.<\/p>\n<p>Az Esztergom k\u00f6rny\u00e9k\u00e9n \u00e9l\u0151 sok remete gyakran bet\u00e9rt a v\u00e1rosba, s ott hamar \u00d6zs\u00e9b h\u00e1za lett az egyik legkedveltebb pihen\u0151hely\u00fck. A gyakori l\u00e1togat\u00e1sok mellett a tat\u00e1rj\u00e1r\u00e1s lehetett m\u00e9g \u00f6szt\u00f6k\u00e9l\u0151 er\u0151 \u00d6zs\u00e9b sz\u00e1m\u00e1ra, hogy remete legyen. \u00dagy gondolta, hogy kort\u00e1rsainak sz\u00fcks\u00e9ge van a p\u00e9ldaad\u00e1sra, az engesztel\u00e9sre \u00e9s a vezekl\u00e9sre. Az \u00fajj\u00e1\u00e9p\u00edt\u00e9s ut\u00e1n lemondott a kanonoks\u00e1gr\u00f3l, javait sz\u00e9tosztotta a r\u00e1szorul\u00f3k k\u00f6z\u00f6tt \u00e9s V\u00e1ncsai Istv\u00e1n \u00e9rsek enged\u00e9ly\u00e9vel 1246-ban remetes\u00e9gbe vonult.<\/p>\n<p>Sz\u00e1nt\u00f3 k\u00f6rny\u00e9ki h\u00edres h\u00e1rmas barlangja alatt, a forr\u00e1s mell\u00e9 let\u0171zte a szent keresztet, s fel\u00edrta r\u00e1 jelmondat\u00e1t: &#8222;Keresztben az \u00fcdv\u00f6ss\u00e9g&#8221;. Egy l\u00e1tom\u00e1s hat\u00e1s\u00e1ra egyes\u00edteni szerette volna a sz\u00e9tsz\u00f3r\u00f3dott remet\u00e9ket, ez\u00e9rt sorba j\u00e1rta az orsz\u00e1gban a nagyobb remetetelepeket. Ezut\u00e1n R\u00f3m\u00e1ba ment, hogy a szerzetalap\u00edt\u00e1shoz elnyerje a Szentsz\u00e9k j\u00f3v\u00e1hagy\u00e1s\u00e1t. Itt p\u00e1rtfog\u00e1s\u00e1ba vette Aquin\u00f3i Szent Tam\u00e1s, \u00edgy nem sok\u00e1ra IV. Orb\u00e1n p\u00e1pa j\u00f3v\u00e1hagyta a rendet, amelynek ideiglenes szab\u00e1lyaival P\u00e1l veszpr\u00e9mi p\u00fcsp\u00f6k\u00f6t b\u00edzta meg. Boldog \u00d6zs\u00e9b a rendet Remete Szent P\u00e1l oltalma al\u00e1 helyezte. A rend els\u0151 tartom\u00e1nyf\u0151n\u00f6ke \u00d6zs\u00e9b lett. 1270-ben halt meg a pilisszentkereszti monostorban, ajk\u00e1n J\u00e9zus Krisztus \u00e9s Sz\u0171z M\u00e1ria nev\u00e9vel. A rend a v\u00e9gleges egyh\u00e1zi j\u00f3v\u00e1hagy\u00e1st 1308-ban kapta meg. <strong>\u00dcnnepe: janu\u00e1r 20.<\/strong><\/p>\n<p>TESTV\u00c9REINK, A SZENTEK<\/p>\n<p>Janu\u00e1r 20-a <em>Szent F\u00e1bi\u00e1n<\/em> p\u00e1pa \u00e9s v\u00e9rtan\u00fa \u00fcnnepe az Egyh\u00e1zban (+ 250). 236-t\u00f3l R\u00f3ma p\u00fcsp\u00f6ke, a Callixtus-f\u00e9le katakomb\u00e1kban temett\u00e9k el. \u2013 Ugyanezen a napon \u00fcnnepelj\u00fck <em>Szent Sebesty\u00e9n<\/em> v\u00e9rtan\u00fat. A cs\u00e1sz\u00e1r szolg\u00e1lat\u00e1ban \u00e1llt, mint katonatiszt, hit\u00e9\u00e9rt v\u00e9rtan\u00fahal\u00e1lt szenvedett, nyilakkal \u00e1tverve szokt\u00e1k \u00e1br\u00e1zolni. A Via Appia mellett nyugszik. + 288.<\/p>\n<p>Janu\u00e1r 21-\u00e9n <em>Szent \u00c1gnes<\/em> sz\u0171z \u00e9s v\u00e9rtan\u00fa napj\u00e1t \u00fcnnepelj\u00fck. R\u00f3ma egyik legtiszteltebb v\u00e9rtan\u00fa szentje (+ 304 k\u00f6r\u00fcl). Gazdag csal\u00e1d gyermeke, alig 13 \u00e9vesen lett a tisztas\u00e1g v\u00e9rtan\u00faja. A gyenge \u00c1gnes megsz\u00e9gyen\u00edtette a vil\u00e1g er\u0151seit. Az \u00fcnnep\u00e9n meg\u00e1ldott b\u00e1r\u00e1nyok gyapj\u00faj\u00e1b\u00f3l k\u00e9sz\u00fcl a pallium, amelyet Szent P\u00e9ter s\u00edrj\u00e1ra helyeznek el\u0151sz\u00f6r, s innen adom\u00e1nyozza a p\u00e1pa egyes p\u00fcsp\u00f6k\u00f6knek. A pallium kifejezi a k\u00f6z\u00f6ss\u00e9get P\u00e9terrel \u00e9s mindenkori ut\u00f3dj\u00e1val.<\/p>\n<p>Janu\u00e1r 24-e <em>Szal\u00e9zi Szent Ferenc <\/em>p\u00fcsp\u00f6k, egyh\u00e1ztan\u00edt\u00f3 eml\u00e9knapja. A meg\u00fajul\u00f3 francia egyh\u00e1z egyik vez\u00e9ralakja, Genf p\u00fcsp\u00f6ke. Hitv\u00e9d\u0151, rendalap\u00edt\u00f3, kora lelkis\u00e9g\u00e9nek form\u00e1l\u00f3ja. A katolikus \u00edr\u00f3k p\u00e1rtfog\u00f3ja. <em>Fil\u00f3tea<\/em> c\u00edm\u0171 k\u00f6nyve ma is a legelterjedtebb lelki k\u00f6nyvek egyike. (+ 1622)<\/p>\n<p>Janu\u00e1r 25-e <em>Szent P\u00e1l<\/em> apostol megt\u00e9r\u00e9s\u00e9nek \u00fcnnepe (P\u00e1l-fordul\u00f3). Saul, a buzg\u00f3 farizeus Isten kegyelme \u00e1ltal megt\u00e9r a damaszkuszi \u00faton. A kereszt\u00e9nyek \u00fcld\u00f6z\u0151j\u00e9b\u0151l a n\u00e9pek apostola, P\u00e1l lett.<\/p>\n<p>\u00daJ GYULAFEH\u00c9RV\u00c1RI \u00c9RSEK<\/p>\n<p>Febru\u00e1r 22-\u00e9n szentelik p\u00fcsp\u00f6kk\u00e9 \u00e9s iktatj\u00e1k be hivatal\u00e1ba az \u00faj gyulafeh\u00e9rv\u00e1ri \u00e9rseket.<\/p>\n<p>A Gyulafeh\u00e9rv\u00e1ri F\u0151egyh\u00e1zmegye \u00faj f\u0151p\u00e1sztora, Kov\u00e1cs Gergely p\u00fcsp\u00f6kk\u00e9 szentel\u00e9se \u00e9s \u00e9rseki hivatalba val\u00f3 beiktat\u00e1sa febru\u00e1r 22-\u00e9n, Szent P\u00e9ter apostol sz\u00e9kfoglal\u00e1s\u00e1nak \u00fcnnep\u00e9n lesz 11 \u00f3r\u00e1t\u00f3l a gyulafeh\u00e9rv\u00e1ri sz\u00e9kesegyh\u00e1zban. A f\u0151egyh\u00e1zmegyei hivatal a k\u00e9s\u0151bbiekben k\u00f6z\u00f6l \u00faj tudnival\u00f3kat az \u00fcnneps\u00e9gr\u0151l.<\/p>\n<p>Ferenc p\u00e1pa elfogadta Jakubinyi Gy\u00f6rgy gyulafeh\u00e9rv\u00e1ri \u00e9rsek \u00e9s Tam\u00e1s J\u00f3zsef seg\u00e9dp\u00fcsp\u00f6k lemond\u00e1s\u00e1t, egyben 2019. december 24-\u00e9n Kov\u00e1cs Gergelyt, a Kult\u00fara P\u00e1pai Tan\u00e1cs\u00e1nak irodavezet\u0151j\u00e9t gyulafeh\u00e9rv\u00e1ri \u00e9rsekk\u00e9 nevezte ki.<\/p>\n<p>Kov\u00e1cs Gergely 1968-ban sz\u00fcletett K\u00e9zdiv\u00e1s\u00e1rhelyen. Teol\u00f3giai tanulm\u00e1nyait 1987-ben kezdte meg a gyulafeh\u00e9rv\u00e1ri szemin\u00e1riumban, majd 1990-ben R\u00f3m\u00e1ban folytatta. A Collegium Germanicum et Hungaricum n\u00f6vend\u00e9kek\u00e9nt a Gregoriana \u00e9s Later\u00e1ni p\u00e1pai egyetemeken tanult.<\/p>\n<p>1993-ban papp\u00e1 szentelt\u00e9k a gyulafeh\u00e9rv\u00e1ri \u00e9rseks\u00e9g sz\u00e1m\u00e1ra. R\u00f3mai tanulm\u00e1nyait 1996-ban fejezte be egyh\u00e1zjogi doktor\u00e1tussal, ezt k\u00f6vet\u0151en egy \u00e9vig k\u00e1pl\u00e1nk\u00e9nt dolgozott Marosv\u00e1s\u00e1rhelyen.<\/p>\n<p>1997 augusztus\u00e1t\u00f3l a Kult\u00fara P\u00e1pai Tan\u00e1cs\u00e1nak irodavezet\u0151je. A Kl\u00e9ruskongreg\u00e1ci\u00f3 \u00e9s a Rota Romana B\u00edr\u00f3s\u00e1g munkat\u00e1rsa. 2019. november 25-\u00e9n kinevez\u00e9st kapott a Hittani Kongreg\u00e1ci\u00f3 azon bizotts\u00e1g\u00e1ba, amely a h\u00e1zass\u00e1gok hit jav\u00e1ra t\u00f6rt\u00e9n\u0151 felbont\u00e1s\u00e1nak elj\u00e1r\u00e1sait vizsg\u00e1lja ki. Tudom\u00e1nyos cikkei k\u00fclf\u00f6ldi \u00e9s belf\u00f6ldi foly\u00f3iratokban jelentek meg, a Kult\u00fara P\u00e1pai Tan\u00e1csa \u00e1ltal kiadott Cultura e Fede foly\u00f3irat felel\u0151s igazgat\u00f3ja.<\/p>\n<p>2012 febru\u00e1rja \u00f3ta M\u00e1rton \u00c1ron, 2016-t\u00f3l H\u00e1m J\u00e1nos, 2017-t\u0151l B\u00f3di M. Magdolna boldogg\u00e1avat\u00e1si \u00fcgy\u00e9nek posztul\u00e1tora.<\/p>\n<p>Kov\u00e1cs Gergely kinevezett gyulafeh\u00e9rv\u00e1ri \u00e9rsek p\u00fcsp\u00f6kk\u00e9 szentel\u00e9s\u00e9ig \u00e9s beiktat\u00e1s\u00e1ig \u2013 amelyr\u0151l a k\u00e9s\u0151bbiekben int\u00e9zkednek \u2013, Jakubinyi Gy\u00f6rgy nyugalmazott \u00e9rsek apostoli korm\u00e1nyz\u00f3k\u00e9nt vezeti a Gyulafeh\u00e9rv\u00e1ri F\u0151egyh\u00e1zmegy\u00e9t.<\/p>\n<p>Kov\u00e1cs Gergely t\u00f6bbek k\u00f6z\u00f6tt a Magyar Katolikus P\u00fcsp\u00f6ki Konferencia (MKPK) fenntart\u00e1s\u00e1ban l\u00e9v\u0151 P\u00e1pai Magyar Int\u00e9zet Vigilancia Bizotts\u00e1g\u00e1nak a tagja.<\/p>\n<p><em>Forr\u00e1s: RomKat.ro \/ Magyar Kur\u00edr<\/em><\/p>\n<p>K\u00d6SZ\u00d6NETET A MAGYAR KATOLIKUS EGYH\u00c1ZNAK<\/p>\n<p>Lev\u00e9lben mondott k\u00f6sz\u00f6netet Mario Zenari b\u00edboros, sz\u00edriai apostoli nuncius a Magyar Katolikus P\u00fcsp\u00f6ki Konferenci\u00e1nak (MKPK) \u00e9s a h\u00edveknek az\u00e9rt a nagylelk\u0171 t\u00e1mogat\u00e1s\u00e9rt, amellyel az AVSI Alap\u00edtv\u00e1ny Nyitott K\u00f3rh\u00e1zak elnevez\u00e9s\u0171 sz\u00edriai humanit\u00e1rius kezdem\u00e9nyez\u00e9s\u00e9t, valamint a sz\u00edriai Katolikus Karit\u00e1sz (Caritas Syria) munk\u00e1j\u00e1t t\u00e1mogatt\u00e1k.<\/p>\n<p>\u201eA v\u00e9res konfliktus, a kilenc \u00e9vig tart\u00f3 puszt\u00edt\u00e1s, a hal\u00e1l \u00e9s a menek\u00fcltt\u00e1borok v\u00e9gtelen sorai, sajnos m\u00e9g nem \u00e9rtek v\u00e9get. Gondoljunk csak a bomb\u00e1z\u00e1sokra \u00e9s a mindennapos t\u00e1mad\u00e1sokra \u00e9szaknyugaton, \u00e9s a m\u00e9g mindig bizonytalan helyzetre az orsz\u00e1g \u00e9szak-keleti r\u00e9sz\u00e9n\u201d \u2013 fogalmaz level\u00e9ben a b\u00edboros.<\/p>\n<p>ENSZ-felm\u00e9r\u00e9sek alapj\u00e1n a sz\u00edriai lakoss\u00e1g 83 sz\u00e1zal\u00e9ka \u00e9l m\u00e9lyszeg\u00e9nys\u00e9gben. Zenari b\u00edboros szerint megnyugtat\u00f3, hogy Veronika, Cirenei Simon \u00e9s az irgalmas szamarit\u00e1nus p\u00e9ld\u00e1j\u00e1t k\u00f6vetve a t\u00e1rsadalomnak vannak j\u00f3akarat\u00fa \u00e9s b\u00e1tor tagjai, akik seg\u00edtik a bajba jutott embert\u00e1rsaikat eljutni a biztons\u00e1got ad\u00f3 helyekre.<\/p>\n<p>A b\u00edboros kiemeli, hogy az Eg\u00e9szs\u00e9g\u00fcgyi Vil\u00e1gszervezet statisztik\u00e1i alapj\u00e1n Sz\u00edri\u00e1ban a k\u00f3rh\u00e1zak 54 sz\u00e1zal\u00e9ka teljesen bez\u00e1rt vagy csak r\u00e9szben m\u0171k\u00f6dik. Ebb\u0151l is l\u00e1that\u00f3, hogy milyen nagy sz\u00fcks\u00e9g van a \u201eNyitott K\u00f3rh\u00e1zakra\u201d, amelyek b\u00e1rki el\u0151tt nyitva \u00e1llnak vall\u00e1si vagy etnikai hovatartoz\u00e1st\u00f3l f\u00fcggetlen\u00fcl. Ezekben az int\u00e9zm\u00e9nyekben k\u00e9t \u00e9v alatt t\u00f6bb mint 30 000 beteget l\u00e1ttak el, \u00e9s ez a sz\u00e1m a harmadik \u00e9v v\u00e9g\u00e9re v\u00e1rhat\u00f3an el\u00e9ri az 50 000-ret. A kezdem\u00e9nyez\u00e9s ugyanakkor seg\u00edt el\u0151mozd\u00edtani a k\u00fcl\u00f6nb\u00f6z\u0151 vall\u00e1si \u00e9s etnikai csoportok, k\u00fcl\u00f6n\u00f6sen a kereszt\u00e9nyek \u00e9s a muzulm\u00e1nok b\u00e9k\u00e9s egy\u00fctt\u00e9l\u00e9s\u00e9t is.<\/p>\n<p>A Magyar Katolikus P\u00fcsp\u00f6ki Konferencia 2018 szeptember\u00e9ben hirdetett gy\u0171jt\u00e9st \u00fcld\u00f6z\u00f6tt kereszt\u00e9ny testv\u00e9reink megseg\u00edt\u00e9s\u00e9re. A h\u00edvek felaj\u00e1nl\u00e1sai alapj\u00e1n t\u00f6bb mint 64 milli\u00f3 forinttal tudtuk t\u00e1mogatni k\u00f6zel-keleti kereszt\u00e9ny testv\u00e9reinket.<\/p>\n<p>Budapest, 2020. janu\u00e1r 13.<\/p>\n<p>az MKPK Titk\u00e1rs\u00e1ga<\/p>\n<p><em>Forr\u00e1s: MKPK Sajt\u00f3szolg\u00e1lat \/ Magyar Kur\u00edr<\/em><\/p>\n<p>&nbsp;<\/p>\n<ol start=\"2020\">\n<li><strong> janu\u00e1r 26.<\/strong><\/li>\n<\/ol>\n<p><strong>\u00c9VK\u00d6ZI 3. VAS\u00c1RNAP<\/strong><\/p>\n<p>Nyilv\u00e1nos m\u0171k\u00f6d\u00e9s\u00e9nek kezdet\u00e9n J\u00e9zus ezt hirdette: Isten orsz\u00e1g\u00e1ba az l\u00e9phet, aki b\u0171nb\u00e1natot tart \u00e9s megt\u00e9r. A megt\u00e9r\u00e9sre eg\u00e9sz \u00e9let\u00fcnk folyam\u00e1n sz\u00fcks\u00e9g\u00fcnk van. \u00c1lland\u00f3an \u00e9p\u00edten\u00fcnk kell lelk\u00fcnkben Isten orsz\u00e1g\u00e1t. Ezek eszk\u00f6zei: a hitb\u0151l fakad\u00f3 im\u00e1ds\u00e1g, az egyet\u00e9rt\u00e9sre t\u00f6rekv\u0151 testv\u00e9ri szeretet \u00e9s Krisztus h\u0171s\u00e9ges k\u00f6vet\u00e9se.<\/p>\n<p><strong>OLVASM\u00c1NY\u00a0\u00a0 <\/strong>\u00a0\u00a0\u00a0\u00a0\u00a0\u00a0\u00a0\u00a0\u00a0\u00a0\u00a0\u00a0\u00a0\u00a0\u00a0\u00a0\u00a0\u00a0\u00a0\u00a0\u00a0\u00a0\u00a0\u00a0\u00a0\u00a0\u00a0\u00a0\u00a0\u00a0\u00a0\u00a0\u00a0\u00a0\u00a0\u00a0\u00a0\u00a0\u00a0\u00a0\u00a0\u00a0<em>Iz 8, 23b \u2013 9, 3<\/em><\/p>\n<p>Krisztus el\u0151tt 752-ben Izrael f\u00f6ldj\u00e9nek \u00e9szaki r\u00e9sz\u00e9t elfoglalt\u00e1k az assz\u00edrok, \u00e9s a lakoss\u00e1got fogs\u00e1gba hurcolt\u00e1k. Izaj\u00e1s pr\u00f3f\u00e9ta arr\u00f3l j\u00f6vend\u00f6l, hogy Isten egyszer majd megk\u00f6ny\u00f6r\u00fcl rajtuk, \u00e9s vil\u00e1goss\u00e1got meg szabadul\u00e1st hoz nekik. J\u00e9zus ezen a vid\u00e9ken, Galile\u00e1ban kezdte meg m\u0171k\u00f6d\u00e9s\u00e9t. Ebben a pr\u00f3f\u00e9ta j\u00f6vend\u00f6l\u00e9s\u00e9nek beteljesed\u00e9s\u00e9t kell l\u00e1tnunk.<\/p>\n<p><strong>V\u00c1LASZOS ZSOLT\u00c1R<\/strong>\u00a0 \u00a0\u00a0\u00a0\u00a0\u00a0\u00a0\u00a0\u00a0\u00a0\u00a0\u00a0\u00a0\u00a0\u00a0\u00a0<em>\u00a0\u00a0\u00a0\u00a0\u00a0\u00a0\u00a0\u00a0\u00a0\u00a0\u00a0\u00a0\u00a0\u00a0\u00a0\u00a026, 1. 4. 13\u201314<\/em><\/p>\n<p><strong>V\u00e1lasz: Vil\u00e1goss\u00e1gom az <u>I<\/u>sten, * \u00fcdv\u00f6z<u>\u00ed<\/u>t engem.<\/strong><\/p>\n<p><strong>SZENTLECKE<\/strong>\u00a0\u00a0 \u00a0\u00a0\u00a0\u00a0\u00a0\u00a0\u00a0\u00a0\u00a0\u00a0\u00a0\u00a0\u00a0\u00a0\u00a0\u00a0\u00a0\u00a0\u00a0\u00a0\u00a0\u00a0\u00a0\u00a0\u00a0\u00a0\u00a0\u00a0\u00a0\u00a0\u00a0\u00a0\u00a0\u00a0\u00a0\u00a0<em>1 Kor 1, 10\u201313. 17<\/em><\/p>\n<p>A p\u00e1rtoskod\u00e1s \u00e9s a megosztotts\u00e1g sok baj forr\u00e1sa. \u201eEgys\u00e9gben az er\u0151\u201d, tartja a r\u00e9gi mond\u00e1s. Eler\u0151tlenedik az a k\u00f6z\u00f6ss\u00e9g, amelyben nincs egys\u00e9g.<\/p>\n<p><strong>ALLELUJA\u00a0 <\/strong>\u00a0\u00a0\u00a0\u00a0\u00a0\u00a0\u00a0\u00a0\u00a0\u00a0\u00a0\u00a0\u00a0\u00a0\u00a0\u00a0\u00a0\u00a0\u00a0\u00a0\u00a0\u00a0\u00a0\u00a0\u00a0\u00a0\u00a0\u00a0\u00a0\u00a0\u00a0\u00a0\u00a0\u00a0\u00a0\u00a0\u00a0\u00a0\u00a0\u00a0\u00a0\u00a0\u00a0\u00a0\u00a0\u00a0\u00a0\u00a0\u00a0\u00a0\u00a0\u00a0\u00a0\u00a0\u00a0\u00a0\u00a0\u00a0\u00a0\u00a0\u00a0\u00a0\u00a0\u00a0\u00a0\u00a0<em>Mt 4, 23<\/em><\/p>\n<p>J\u00e9zus hirdette orsz\u00e1g\u00e1nak \u00f6r\u00f6mh\u00edr\u00e9t, * \u00e9s minden betegs\u00e9get meggy\u00f3gy\u00edtott a n\u00e9p k\u00f6r\u00e9ben.<\/p>\n<p><strong>EVANG\u00c9LIUM \u00a0\u00a0<\/strong>\u00a0\u00a0\u00a0\u00a0\u00a0\u00a0\u00a0\u00a0\u00a0\u00a0\u00a0\u00a0\u00a0\u00a0\u00a0\u00a0\u00a0\u00a0\u00a0\u00a0\u00a0\u00a0\u00a0\u00a0\u00a0\u00a0\u00a0\u00a0\u00a0\u00a0\u00a0\u00a0\u00a0\u00a0\u00a0\u00a0\u00a0\u00a0\u00a0\u00a0\u00a0\u00a0\u00a0\u00a0\u00a0<em>Mt 4, 12\u201323<\/em><\/p>\n<p>J\u00e9zus maga k\u00f6r\u00e9 gy\u0171jt\u00f6tte az embereket \u00e9s tan\u00edtotta \u0151ket. Fontos, hogy megismerj\u00e9k Isten titkait az emberek. Fontos a hitoktat\u00e1s \u00e9s a feln\u0151ttek katek\u00e9zise is. Az Egyh\u00e1z a papok szent k\u00f6teless\u00e9g\u00e9v\u00e9 teszi a pr\u00e9dik\u00e1ci\u00f3t \u00e9s hitoktat\u00e1st.<\/p>\n<p><strong>AZ EUCHARISZTI\u00c1HOZ<\/strong><\/p>\n<p>F\u00e9ny, \u00f6r\u00f6m \u00e9s rem\u00e9ny sug\u00e1rzik J\u00e9zus tan\u00edt\u00e1s\u00e1b\u00f3l. De ugyanilyen boldogs\u00e1got jelent sz\u00e1munkra, amikor a keny\u00e9r \u00e9s a bor sz\u00edne alatt megjelenik k\u00f6z\u00f6tt\u00fcnk, \u00e9s t\u00e1pl\u00e1lja lelk\u00fcnket.<\/p>\n<p><strong>ELM\u00c9LKED\u00c9S<\/strong><\/p>\n<p>Semmi ne zavarjon. Semmi ne rettensen. Minden elm\u00falik. Egyed\u00fcl Isten marad. A t\u00fcrelem mindent el\u00e9r. Ha Isten vel\u00fcnk, megvan minden\u00fcnk. Isten maga el\u00e9g! \u00a0 <em>Avilai Szent Ter\u00e9z<\/em><\/p>\n<p>TESTV\u00c9REINK, A SZENTEK<\/p>\n<p>Janu\u00e1r 28-a <em>Aquin\u00f3i Szent Tam\u00e1s<\/em> \u00e1ldoz\u00f3pap, egyh\u00e1ztan\u00edt\u00f3\u00a0 eml\u00e9knapja. N\u00e1polyban tanult, majd Szent Domonkos rendj\u00e9nek tagjak\u00e9nt P\u00e1rizsban \u00e9s K\u00f6lnben folytatta tanulm\u00e1nyait. A k\u00f6z\u00e9pkor legtud\u00f3sabb teol\u00f3gusa, \u201eangyali doktor\u201d, a skolasztika fejedelme. Egyetemi tan\u00e1r P\u00e1rizsban. Filoz\u00f3fiai, teol\u00f3giai tan\u00edt\u00e1sa napjainkig ir\u00e1nyad\u00f3. Az Olt\u00e1riszents\u00e9g nagy hittud\u00f3sa. F\u0151m\u0171ve a <em>Summa Theologica<\/em>, ebben a kereszt\u00e9ny hitet tudom\u00e1nyos rendszerbe foglalta.<\/p>\n<p>Janu\u00e1r 31-e <em>Bosco Szent J\u00e1nos \u00e1<\/em>ldoz\u00f3pap eml\u00e9knapja. A<\/p>\n<p>torin\u00f3i egyh\u00e1zmegy\u00e9ben lev\u0151 Castelnuovo k\u00f6zel\u00e9ben sz\u00fcletett 1815. augusztus 16-\u00e1n. Ifj\u00fakor\u00e1ban neh\u00e9z \u00e9let jutott oszt\u00e1lyr\u00e9sz\u00fcl. Papp\u00e1 szentel\u00e9se ut\u00e1n minden erej\u00e9t az ifj\u00fas\u00e1g nevel\u00e9s\u00e9re szentelte. Megalap\u00edtotta a Szal\u00e9zi Szent Ferenc, illetve M\u00e1ria, a Kereszt\u00e9nyek Seg\u00edts\u00e9ge Le\u00e1nyainak T\u00e1rsas\u00e1g\u00e1t. Ezekben tan\u00edtotta az ifj\u00fas\u00e1got mesters\u00e9gre \u00e9s kereszt\u00e9ny \u00e9letre. A vall\u00e1s v\u00e9delm\u00e9t \u00e9s oltalm\u00e1t szolg\u00e1l\u00f3 m\u0171veket is \u00edrt. Meghalt 1888. janu\u00e1r 31-\u00e9n, Torin\u00f3ban.<\/p>\n<p>MEGFONTOLAND\u00d3<\/p>\n<p>Ha fiaink hib\u00e1it korholjuk, csillap\u00edtsunk le magunkban minden haragot. Ne legyen izgatotts\u00e1g lelk\u00fcnkben, megvet\u00e9s szem\u00fcnkben, szidalom a sz\u00e1nkban, hanem tan\u00fas\u00edtsunk irgalmat a jelenben, \u00e9s legy\u00fcnk j\u00f3 rem\u00e9nnyel a j\u00f6v\u0151re. \u00cdgy illik az igazi ap\u00e1hoz, aki igaz\u00e1n akarja gyermeke javul\u00e1s\u00e1t \u00e9s halad\u00e1s\u00e1t. Igen s\u00falyos esetben t\u00f6bbet \u00e9r, ha al\u00e1zattal Istenhez esedez\u00fcnk, mint ha szavak \u00f6z\u00f6n\u00e9t z\u00fad\u00edtjuk a v\u00e9tkesre. Ezek csak megsebzik a lelket, \u00e9s semmi haszn\u00e1ra nincsenek.\u00a0\u00a0\u00a0\u00a0\u00a0\u00a0\u00a0\u00a0\u00a0\u00a0\u00a0\u00a0\u00a0\u00a0 <em>Bosco Szent J\u00e1nos<\/em><\/p>\n<p>IMA AZ IFJ\u00daS\u00c1G\u00c9RT<\/p>\n<p>Vezesd, \u00f3, Krisztus, az ifj\u00fas\u00e1got igazs\u00e1gban, hogy ne hagyj\u00e1k magukat t\u00e9v\u00fatra vezetni \u00faj b\u00e1lv\u00e1nyok \u00e1ltal, mint\u00a0 amilyen a magamutogat\u00f3 fogyaszt\u00e1s, a minden\u00e1ron val\u00f3 j\u00f3l\u00e9t, az erk\u00f6lcsi lazas\u00e1g, vagy az er\u0151szakos tiltakoz\u00e1s: hadd \u00e9lj\u00e9k meg ink\u00e1bb a Te \u00fczenetedet \u00f6r\u00f6mben, amely a Nyolc Boldogs\u00e1g \u00fczenete, az erk\u00f6lcsi elk\u00f6telezetts\u00e9g \u00fczenete a t\u00e1rsadalom hiteles alak\u00edt\u00e1sa \u00e9rdek\u00e9ben.<\/p>\n<p>Vezesd, \u00f3 Krisztus, valamennyi h\u0171s\u00e9gest a hitben, hogy a kereszt\u00e9ny hit hassa \u00e1t eg\u00e9sz \u00e9let\u00fcket, \u00e9s b\u00e1tor tan\u00fas\u00e1gtev\u0151kk\u00e9 tegye \u0151ket a vil\u00e1g el\u0151tt \u00fcdv\u00f6z\u00edt\u0151 k\u00fcldet\u00e9sed sor\u00e1n, hogy az Egyh\u00e1z tudatos \u00e9s cselekv\u0151 tagjai legyenek, akik bizonyosak abban, hogy Isten gyermekei, \u00e9s testv\u00e9rek minden n\u00e9ppel!\u00a0\u00a0\u00a0 \u00a0\u00a0\u00a0\u00a0\u00a0\u00a0\u00a0\u00a0<em>Szent II. J\u00e1nos P\u00e1l p\u00e1pa<\/em><\/p>\n<p>\u00d6KUMENIKUS IMAH\u00c9T<\/p>\n<p>A kereszt\u00e9nyek egys\u00e9g\u00e9\u00e9rt v\u00e9gzett imahetet fejezz\u00fck be a mai napon. Ismerj\u00fck az egyh\u00e1z t\u00f6rt\u00e9nelm\u00e9b\u0151l azokat a sokszor mindk\u00e9t oldalon megl\u00e9v\u0151 emberi gyenges\u00e9geket, amelyek Krisztus varratlan k\u00f6nt\u00f6s\u00e9t sz\u00e9tszabdalt\u00e1k. Ha \u00e9let\u00fcnket egyre ink\u00e1bb krisztusiv\u00e1 tessz\u00fck, akkor egyre jobban k\u00f6zeled\u00fcnk egym\u00e1shoz is. Istennek h\u00e1la az \u00e9vsz\u00e1zados csat\u00e1roz\u00e1sok elm\u00faltak, egyre jobban tudjuk a szeretet kapcsolatot alak\u00edtani a k\u00fcl\u00f6nf\u00e9le felekezetek k\u00f6z\u00f6tt. A megl\u00e9v\u0151 teol\u00f3giai neh\u00e9zs\u00e9geket els\u0151sorban a hozz\u00e1\u00e9rt\u0151 teol\u00f3gusok pr\u00f3b\u00e1lj\u00e1k megoldani. A mi feladatunk, hogy Krisztusr\u00f3l, az \u0150 szeretet\u00e9r\u0151l egy\u00fctt tegy\u00fcnk tan\u00fas\u00e1got. Azokon a ter\u00fcleteken, ahol m\u00e1r most is egyek vagyunk. Ha mindannyian az idei imah\u00e9ten is egy l\u00e9p\u00e9ssel k\u00f6zelebb l\u00e9p\u00fcnk Krisztushoz, akkor nem eredm\u00e9nytelen a k\u00f6z\u00f6s im\u00e1ds\u00e1g. \u00c9s b\u00e1r lehet, alig l\u00e1that\u00f3 ez a l\u00e9p\u00e9s, m\u00e9gis ha \u00e9vr\u0151l \u00e9vre ezt tessz\u00fck, akkor egyszer majd Isten kegyelm\u00e9b\u0151l \u00e9s a Szentl\u00e9lek vezet\u00e9s\u00e9vel, el\u00e9rkez\u00fcnk c\u00e9lunkhoz.<\/p>\n<p><em>\u00c9LJ\u00dcNK TAN\u00daS\u00c1GTEV\u0150 \u00c9LETET!<\/em><\/p>\n<p>&nbsp;<\/p>\n","protected":false},"excerpt":{"rendered":"<p>janu\u00e1r 19. \u00c9VK\u00d6ZI 2. VAS\u00c1RNAP \u00a0\u00a0\u00a0\u00a0\u00a0\u00a0\u00a0\u00a0\u00a0\u00a0\u00a0\u00a0\u00a0\u00a0\u00a0\u00a0\u00a0\u00a0 \u201eAmikor elhatalmasodott a b\u0171n, t\u00fal\u00e1radt a kegyelem.\u201d (R\u00f3m 5, 20) Az emberek \u00e9rezt\u00e9k b\u0171n\u00f6ss\u00e9g\u00fcket, s a b\u0171nb\u00e1nat kereszts\u00e9g\u00e9t k\u00e9rt\u00e9k Keresztel\u0151 Szent J\u00e1nost\u00f3l. \u0150 boldogan mutatott r\u00e1 az Isten B\u00e1r\u00e1ny\u00e1ra, aki elveszi a vil\u00e1g b\u0171neit. Krisztus megadja a lehet\u0151s\u00e9get, hogy a b\u0171n helyett a kegyelem uralkodj\u00e9k \u00e9let\u00fcnkben. OLVASM\u00c1NY\u00a0\u00a0\u00a0 \u00a0\u00a0\u00a0\u00a0\u00a0\u00a0\u00a0\u00a0\u00a0\u00a0\u00a0\u00a0\u00a0\u00a0\u00a0\u00a0\u00a0\u00a0\u00a0\u00a0\u00a0\u00a0\u00a0\u00a0\u00a0\u00a0\u00a0\u00a0\u00a0\u00a0\u00a0\u00a0\u00a0\u00a0\u00a0\u00a0\u00a0\u00a0\u00a0\u00a0\u00a0\u00a0\u00a0\u00a0\u00a0Iz 49, 3. 5\u20136 Isten benn\u00fcnk is meg akar dics\u0151\u00fclni! Vajon engedj\u00fck ezt? Mi is becsesek vagyunk az \u00dar szem\u00e9ben, mint szemef\u00e9ny\u00e9re vigy\u00e1z r\u00e1nk. Kincseinket nem t\u00e9kozoljuk el? Isten er\u0151t ad nek\u00fcnk is. Nem hagyatkozunk g\u0151g\u00f6sen a saj\u00e1t er\u0151nkre? Vil\u00e1goss\u00e1gg\u00e1 tett minket is. Nem lett\u00fcnk s\u00f6t\u00e9ts\u00e9gg\u00e9? V\u00c1LASZOS ZSOLT\u00c1R\u00a0\u00a0\u00a0\u00a0\u00a0\u00a0\u00a0\u00a0\u00a0\u00a0 \u00a039, 2 \u00e9s 4ab. 7\u20138a. 8b\u20139. 10 V\u00e1lasz: \u00cdme, elj\u00f6v\u00f6k, Uram, * \u00a0\u00a0\u00a0\u00a0\u00a0\u00a0\u00a0\u00a0\u00a0\u00a0\u00a0\u00a0 hogy teljes\u00edtsem azt, amit k\u00edv\u00e1nsz. SZENTLECKE\u00a0\u00a0 \u00a0\u00a0\u00a0\u00a0\u00a0\u00a0\u00a0\u00a0\u00a0\u00a0\u00a0\u00a0\u00a0\u00a0\u00a0\u00a0\u00a0\u00a0\u00a0\u00a0\u00a0\u00a0\u00a0\u00a0\u00a0\u00a0\u00a0\u00a0\u00a0\u00a0\u00a0\u00a0\u00a0\u00a0\u00a0\u00a0\u00a0\u00a0\u00a0\u00a0\u00a0\u00a0\u00a0\u00a0\u00a0\u00a01 Kor 1, 1\u20133 Folytassuk az Olvasm\u00e1nyn\u00e1l feltett k\u00e9rd\u00e9seket! J\u00e9zus Krisztusban szentek vagyunk. A szent dolgokat nem dobjuk oda a kuty\u00e1knak? (V\u00f6. Mt 7, 6) Isten megh\u00edvott gyermekei k\u00f6z\u00e9, a kiv\u00e1lasztottak csal\u00e1dj\u00e1ba. Nem vagyunk h\u0171tlenek e h\u00edv\u00e1shoz \u00e9s kiv\u00e1laszttotts\u00e1ghoz? Kegyelmet \u00e9s b\u00e9k\u00e9t k\u00edv\u00e1n nek\u00fcnk Szent P\u00e1l. Nem \u00e9l\u00fcnk b\u00e9k\u00e9tlens\u00e9gben? ALLELUJA \u00a0\u00a0\u00a0\u00a0\u00a0\u00a0\u00a0\u00a0\u00a0\u00a0\u00a0\u00a0\u00a0\u00a0\u00a0\u00a0\u00a0\u00a0\u00a0\u00a0\u00a0\u00a0\u00a0\u00a0\u00a0\u00a0\u00a0\u00a0\u00a0\u00a0\u00a0\u00a0\u00a0\u00a0\u00a0\u00a0\u00a0\u00a0\u00a0\u00a0\u00a0\u00a0\u00a0\u00a0\u00a0\u00a0\u00a0\u00a0\u00a0\u00a0\u00a0\u00a0\u00a0\u00a0\u00a0\u00a0Jn 1, 14 \u00e9s 12b Az Ige emberr\u00e9 lett, \u00e9s itt \u00e9lt k\u00f6z\u00f6tt\u00fcnk. * Befogad\u00f3inak megadta, hogy Isten fiai legyenek. EVANG\u00c9LIUM \u00a0\u00a0\u00a0\u00a0\u00a0\u00a0\u00a0\u00a0\u00a0\u00a0\u00a0\u00a0\u00a0\u00a0\u00a0\u00a0\u00a0\u00a0\u00a0\u00a0\u00a0\u00a0\u00a0\u00a0\u00a0\u00a0\u00a0\u00a0\u00a0\u00a0\u00a0\u00a0\u00a0\u00a0\u00a0\u00a0\u00a0\u00a0\u00a0\u00a0\u00a0\u00a0\u00a0\u00a0\u00a0\u00a0\u00a0\u00a0Jn 1, 29\u201334 J\u00e9zus nem a zsid\u00f3 f\u0151tan\u00e1cs el\u0151tt mutatkozott be, hanem a b\u0171n\u00f6s\u00f6k k\u00f6r\u00e9ben, akik szabadulni akartak b\u0171n\u00f6ss\u00e9g\u00fckt\u0151l. Boldog perce volt J\u00e1nosnak, hogy bemutathatta az \u00dcdv\u00f6z\u00edt\u0151t, aki n\u00e1la sokkal nagyobb, \u201e\u0151 az Isten Fia\u201d. AZ EUCHARISZTI\u00c1HOZ Krisztus, mint \u00e1ldozati b\u00e1r\u00e1ny fel\u00e1ldozta \u00f6nmag\u00e1t a vil\u00e1g b\u0171nei\u00e9rt. Ez az \u00e1ldozat jelenval\u00f3v\u00e1 v\u00e1lik a szentmis\u00e9ben. S arra ind\u00edt minket, hogy b\u0171nb\u00e1natot tartsunk \u00e9s kegyelm\u00e9vel meg\u00faj\u00edtsuk \u00e9let\u00fcnket. MEGFONTOLAND\u00d3 A kereszt\u00e9ny ember sz\u00e1m\u00e1ra nincs fontosabb, mint tal\u00e1lkozni Krisztussal \u00e9s megv\u00e1lt\u00f3 m\u0171veivel. Tisztelj\u00fck, becs\u00fclj\u00fck \u00e9s szeress\u00fck a szents\u00e9geket, mint Egyh\u00e1zunk dr\u00e1ga kincseit, lelk\u00fcnk j\u00f3tev\u0151it. Hagyatkozzunk r\u00e1 b\u00e1trabban a szents\u00e9gek hat\u00e1s\u00e1ra, ez a bizalom a Krisztusban fel\u00e9nk kit\u00e1rulkoz\u00f3 Aty\u00e1nak sz\u00f3l. \u00d6KUMENIKUS IMAH\u00c9T A 2020. \u00e9vi&#8230; <\/p>\n<p><a class=\"readmore\" href=\"https:\/\/stuttgarti-katolikusok.de\/index.php\/evkozi-2-es-3-vasarnap\/\">R\u00e9szletek<\/a><\/p>\n","protected":false},"author":3,"featured_media":0,"comment_status":"closed","ping_status":"closed","sticky":false,"template":"","format":"standard","meta":{"footnotes":""},"categories":[63],"tags":[],"class_list":["post-18552","post","type-post","status-publish","format-standard","hentry","category-vasarnapi-gondolatok"],"yoast_head":"<!-- This site is optimized with the Yoast SEO plugin v27.3 - https:\/\/yoast.com\/product\/yoast-seo-wordpress\/ -->\n<title>\u00c9vk\u00f6zi 2. \u00e9s 3. vas\u00e1rnap - Stuttgarti Katolikusok<\/title>\n<meta name=\"robots\" content=\"index, follow, max-snippet:-1, max-image-preview:large, max-video-preview:-1\" \/>\n<link rel=\"canonical\" href=\"https:\/\/stuttgarti-katolikusok.de\/index.php\/evkozi-2-es-3-vasarnap\/\" \/>\n<meta property=\"og:locale\" content=\"hu_HU\" \/>\n<meta property=\"og:type\" content=\"article\" \/>\n<meta property=\"og:title\" content=\"\u00c9vk\u00f6zi 2. \u00e9s 3. vas\u00e1rnap - Stuttgarti Katolikusok\" \/>\n<meta property=\"og:description\" content=\"janu\u00e1r 19. \u00c9VK\u00d6ZI 2. VAS\u00c1RNAP \u00a0\u00a0\u00a0\u00a0\u00a0\u00a0\u00a0\u00a0\u00a0\u00a0\u00a0\u00a0\u00a0\u00a0\u00a0\u00a0\u00a0\u00a0 \u201eAmikor elhatalmasodott a b\u0171n, t\u00fal\u00e1radt a kegyelem.\u201d (R\u00f3m 5, 20) Az emberek \u00e9rezt\u00e9k b\u0171n\u00f6ss\u00e9g\u00fcket, s a b\u0171nb\u00e1nat kereszts\u00e9g\u00e9t k\u00e9rt\u00e9k Keresztel\u0151 Szent J\u00e1nost\u00f3l. \u0150 boldogan mutatott r\u00e1 az Isten B\u00e1r\u00e1ny\u00e1ra, aki elveszi a vil\u00e1g b\u0171neit. Krisztus megadja a lehet\u0151s\u00e9get, hogy a b\u0171n helyett a kegyelem uralkodj\u00e9k \u00e9let\u00fcnkben. OLVASM\u00c1NY\u00a0\u00a0\u00a0 \u00a0\u00a0\u00a0\u00a0\u00a0\u00a0\u00a0\u00a0\u00a0\u00a0\u00a0\u00a0\u00a0\u00a0\u00a0\u00a0\u00a0\u00a0\u00a0\u00a0\u00a0\u00a0\u00a0\u00a0\u00a0\u00a0\u00a0\u00a0\u00a0\u00a0\u00a0\u00a0\u00a0\u00a0\u00a0\u00a0\u00a0\u00a0\u00a0\u00a0\u00a0\u00a0\u00a0\u00a0\u00a0Iz 49, 3. 5\u20136 Isten benn\u00fcnk is meg akar dics\u0151\u00fclni! Vajon engedj\u00fck ezt? Mi is becsesek vagyunk az \u00dar szem\u00e9ben, mint szemef\u00e9ny\u00e9re vigy\u00e1z r\u00e1nk. Kincseinket nem t\u00e9kozoljuk el? Isten er\u0151t ad nek\u00fcnk is. Nem hagyatkozunk g\u0151g\u00f6sen a saj\u00e1t er\u0151nkre? Vil\u00e1goss\u00e1gg\u00e1 tett minket is. Nem lett\u00fcnk s\u00f6t\u00e9ts\u00e9gg\u00e9? V\u00c1LASZOS ZSOLT\u00c1R\u00a0\u00a0\u00a0\u00a0\u00a0\u00a0\u00a0\u00a0\u00a0\u00a0 \u00a039, 2 \u00e9s 4ab. 7\u20138a. 8b\u20139. 10 V\u00e1lasz: \u00cdme, elj\u00f6v\u00f6k, Uram, * \u00a0\u00a0\u00a0\u00a0\u00a0\u00a0\u00a0\u00a0\u00a0\u00a0\u00a0\u00a0 hogy teljes\u00edtsem azt, amit k\u00edv\u00e1nsz. SZENTLECKE\u00a0\u00a0 \u00a0\u00a0\u00a0\u00a0\u00a0\u00a0\u00a0\u00a0\u00a0\u00a0\u00a0\u00a0\u00a0\u00a0\u00a0\u00a0\u00a0\u00a0\u00a0\u00a0\u00a0\u00a0\u00a0\u00a0\u00a0\u00a0\u00a0\u00a0\u00a0\u00a0\u00a0\u00a0\u00a0\u00a0\u00a0\u00a0\u00a0\u00a0\u00a0\u00a0\u00a0\u00a0\u00a0\u00a0\u00a0\u00a01 Kor 1, 1\u20133 Folytassuk az Olvasm\u00e1nyn\u00e1l feltett k\u00e9rd\u00e9seket! J\u00e9zus Krisztusban szentek vagyunk. A szent dolgokat nem dobjuk oda a kuty\u00e1knak? (V\u00f6. Mt 7, 6) Isten megh\u00edvott gyermekei k\u00f6z\u00e9, a kiv\u00e1lasztottak csal\u00e1dj\u00e1ba. Nem vagyunk h\u0171tlenek e h\u00edv\u00e1shoz \u00e9s kiv\u00e1laszttotts\u00e1ghoz? Kegyelmet \u00e9s b\u00e9k\u00e9t k\u00edv\u00e1n nek\u00fcnk Szent P\u00e1l. Nem \u00e9l\u00fcnk b\u00e9k\u00e9tlens\u00e9gben? ALLELUJA \u00a0\u00a0\u00a0\u00a0\u00a0\u00a0\u00a0\u00a0\u00a0\u00a0\u00a0\u00a0\u00a0\u00a0\u00a0\u00a0\u00a0\u00a0\u00a0\u00a0\u00a0\u00a0\u00a0\u00a0\u00a0\u00a0\u00a0\u00a0\u00a0\u00a0\u00a0\u00a0\u00a0\u00a0\u00a0\u00a0\u00a0\u00a0\u00a0\u00a0\u00a0\u00a0\u00a0\u00a0\u00a0\u00a0\u00a0\u00a0\u00a0\u00a0\u00a0\u00a0\u00a0\u00a0\u00a0\u00a0Jn 1, 14 \u00e9s 12b Az Ige emberr\u00e9 lett, \u00e9s itt \u00e9lt k\u00f6z\u00f6tt\u00fcnk. * Befogad\u00f3inak megadta, hogy Isten fiai legyenek. EVANG\u00c9LIUM \u00a0\u00a0\u00a0\u00a0\u00a0\u00a0\u00a0\u00a0\u00a0\u00a0\u00a0\u00a0\u00a0\u00a0\u00a0\u00a0\u00a0\u00a0\u00a0\u00a0\u00a0\u00a0\u00a0\u00a0\u00a0\u00a0\u00a0\u00a0\u00a0\u00a0\u00a0\u00a0\u00a0\u00a0\u00a0\u00a0\u00a0\u00a0\u00a0\u00a0\u00a0\u00a0\u00a0\u00a0\u00a0\u00a0\u00a0\u00a0Jn 1, 29\u201334 J\u00e9zus nem a zsid\u00f3 f\u0151tan\u00e1cs el\u0151tt mutatkozott be, hanem a b\u0171n\u00f6s\u00f6k k\u00f6r\u00e9ben, akik szabadulni akartak b\u0171n\u00f6ss\u00e9g\u00fckt\u0151l. Boldog perce volt J\u00e1nosnak, hogy bemutathatta az \u00dcdv\u00f6z\u00edt\u0151t, aki n\u00e1la sokkal nagyobb, \u201e\u0151 az Isten Fia\u201d. AZ EUCHARISZTI\u00c1HOZ Krisztus, mint \u00e1ldozati b\u00e1r\u00e1ny fel\u00e1ldozta \u00f6nmag\u00e1t a vil\u00e1g b\u0171nei\u00e9rt. Ez az \u00e1ldozat jelenval\u00f3v\u00e1 v\u00e1lik a szentmis\u00e9ben. S arra ind\u00edt minket, hogy b\u0171nb\u00e1natot tartsunk \u00e9s kegyelm\u00e9vel meg\u00faj\u00edtsuk \u00e9let\u00fcnket. MEGFONTOLAND\u00d3 A kereszt\u00e9ny ember sz\u00e1m\u00e1ra nincs fontosabb, mint tal\u00e1lkozni Krisztussal \u00e9s megv\u00e1lt\u00f3 m\u0171veivel. Tisztelj\u00fck, becs\u00fclj\u00fck \u00e9s szeress\u00fck a szents\u00e9geket, mint Egyh\u00e1zunk dr\u00e1ga kincseit, lelk\u00fcnk j\u00f3tev\u0151it. Hagyatkozzunk r\u00e1 b\u00e1trabban a szents\u00e9gek hat\u00e1s\u00e1ra, ez a bizalom a Krisztusban fel\u00e9nk kit\u00e1rulkoz\u00f3 Aty\u00e1nak sz\u00f3l. \u00d6KUMENIKUS IMAH\u00c9T A 2020. \u00e9vi... R\u00e9szletek\" \/>\n<meta property=\"og:url\" content=\"https:\/\/stuttgarti-katolikusok.de\/index.php\/evkozi-2-es-3-vasarnap\/\" \/>\n<meta property=\"og:site_name\" content=\"Stuttgarti Katolikusok\" \/>\n<meta property=\"article:published_time\" content=\"2020-01-16T09:34:51+00:00\" \/>\n<meta property=\"article:modified_time\" content=\"2020-04-27T08:30:24+00:00\" \/>\n<meta name=\"author\" content=\"Tibor atya\" \/>\n<meta name=\"twitter:card\" content=\"summary_large_image\" \/>\n<meta name=\"twitter:label1\" content=\"Szerz\u0151:\" \/>\n\t<meta name=\"twitter:data1\" content=\"Tibor atya\" \/>\n\t<meta name=\"twitter:label2\" content=\"Becs\u00fclt olvas\u00e1si id\u0151\" \/>\n\t<meta name=\"twitter:data2\" content=\"16 perc\" \/>\n<script type=\"application\/ld+json\" class=\"yoast-schema-graph\">{\"@context\":\"https:\\\/\\\/schema.org\",\"@graph\":[{\"@type\":\"Article\",\"@id\":\"https:\\\/\\\/stuttgarti-katolikusok.de\\\/index.php\\\/evkozi-2-es-3-vasarnap\\\/#article\",\"isPartOf\":{\"@id\":\"https:\\\/\\\/stuttgarti-katolikusok.de\\\/index.php\\\/evkozi-2-es-3-vasarnap\\\/\"},\"author\":{\"name\":\"Tibor atya\",\"@id\":\"https:\\\/\\\/stuttgarti-katolikusok.de\\\/#\\\/schema\\\/person\\\/75908d6f8fdc03a57889d27209df7795\"},\"headline\":\"\u00c9vk\u00f6zi 2. \u00e9s 3. vas\u00e1rnap\",\"datePublished\":\"2020-01-16T09:34:51+00:00\",\"dateModified\":\"2020-04-27T08:30:24+00:00\",\"mainEntityOfPage\":{\"@id\":\"https:\\\/\\\/stuttgarti-katolikusok.de\\\/index.php\\\/evkozi-2-es-3-vasarnap\\\/\"},\"wordCount\":3267,\"articleSection\":[\"Vas\u00e1rnapi gondolatok\"],\"inLanguage\":\"hu\"},{\"@type\":\"WebPage\",\"@id\":\"https:\\\/\\\/stuttgarti-katolikusok.de\\\/index.php\\\/evkozi-2-es-3-vasarnap\\\/\",\"url\":\"https:\\\/\\\/stuttgarti-katolikusok.de\\\/index.php\\\/evkozi-2-es-3-vasarnap\\\/\",\"name\":\"\u00c9vk\u00f6zi 2. \u00e9s 3. vas\u00e1rnap - Stuttgarti Katolikusok\",\"isPartOf\":{\"@id\":\"https:\\\/\\\/stuttgarti-katolikusok.de\\\/#website\"},\"datePublished\":\"2020-01-16T09:34:51+00:00\",\"dateModified\":\"2020-04-27T08:30:24+00:00\",\"author\":{\"@id\":\"https:\\\/\\\/stuttgarti-katolikusok.de\\\/#\\\/schema\\\/person\\\/75908d6f8fdc03a57889d27209df7795\"},\"breadcrumb\":{\"@id\":\"https:\\\/\\\/stuttgarti-katolikusok.de\\\/index.php\\\/evkozi-2-es-3-vasarnap\\\/#breadcrumb\"},\"inLanguage\":\"hu\",\"potentialAction\":[{\"@type\":\"ReadAction\",\"target\":[\"https:\\\/\\\/stuttgarti-katolikusok.de\\\/index.php\\\/evkozi-2-es-3-vasarnap\\\/\"]}]},{\"@type\":\"BreadcrumbList\",\"@id\":\"https:\\\/\\\/stuttgarti-katolikusok.de\\\/index.php\\\/evkozi-2-es-3-vasarnap\\\/#breadcrumb\",\"itemListElement\":[{\"@type\":\"ListItem\",\"position\":1,\"name\":\"Kezd\u0151lap\",\"item\":\"https:\\\/\\\/stuttgarti-katolikusok.de\\\/\"},{\"@type\":\"ListItem\",\"position\":2,\"name\":\"\u00c9vk\u00f6zi 2. \u00e9s 3. vas\u00e1rnap\"}]},{\"@type\":\"WebSite\",\"@id\":\"https:\\\/\\\/stuttgarti-katolikusok.de\\\/#website\",\"url\":\"https:\\\/\\\/stuttgarti-katolikusok.de\\\/\",\"name\":\"Stuttgarti Katolikusok\",\"description\":\"\",\"potentialAction\":[{\"@type\":\"SearchAction\",\"target\":{\"@type\":\"EntryPoint\",\"urlTemplate\":\"https:\\\/\\\/stuttgarti-katolikusok.de\\\/?s={search_term_string}\"},\"query-input\":{\"@type\":\"PropertyValueSpecification\",\"valueRequired\":true,\"valueName\":\"search_term_string\"}}],\"inLanguage\":\"hu\"},{\"@type\":\"Person\",\"@id\":\"https:\\\/\\\/stuttgarti-katolikusok.de\\\/#\\\/schema\\\/person\\\/75908d6f8fdc03a57889d27209df7795\",\"name\":\"Tibor atya\",\"image\":{\"@type\":\"ImageObject\",\"inLanguage\":\"hu\",\"@id\":\"https:\\\/\\\/secure.gravatar.com\\\/avatar\\\/61d268e57d1f4525b111222e29d2d5a7f8c420fdbf231ba5566a8ceac74fa960?s=96&d=mm&r=g\",\"url\":\"https:\\\/\\\/secure.gravatar.com\\\/avatar\\\/61d268e57d1f4525b111222e29d2d5a7f8c420fdbf231ba5566a8ceac74fa960?s=96&d=mm&r=g\",\"contentUrl\":\"https:\\\/\\\/secure.gravatar.com\\\/avatar\\\/61d268e57d1f4525b111222e29d2d5a7f8c420fdbf231ba5566a8ceac74fa960?s=96&d=mm&r=g\",\"caption\":\"Tibor atya\"},\"url\":\"https:\\\/\\\/stuttgarti-katolikusok.de\\\/index.php\\\/author\\\/tibor-atya\\\/\"}]}<\/script>\n<!-- \/ Yoast SEO plugin. -->","yoast_head_json":{"title":"\u00c9vk\u00f6zi 2. \u00e9s 3. vas\u00e1rnap - Stuttgarti Katolikusok","robots":{"index":"index","follow":"follow","max-snippet":"max-snippet:-1","max-image-preview":"max-image-preview:large","max-video-preview":"max-video-preview:-1"},"canonical":"https:\/\/stuttgarti-katolikusok.de\/index.php\/evkozi-2-es-3-vasarnap\/","og_locale":"hu_HU","og_type":"article","og_title":"\u00c9vk\u00f6zi 2. \u00e9s 3. vas\u00e1rnap - Stuttgarti Katolikusok","og_description":"janu\u00e1r 19. \u00c9VK\u00d6ZI 2. VAS\u00c1RNAP \u00a0\u00a0\u00a0\u00a0\u00a0\u00a0\u00a0\u00a0\u00a0\u00a0\u00a0\u00a0\u00a0\u00a0\u00a0\u00a0\u00a0\u00a0 \u201eAmikor elhatalmasodott a b\u0171n, t\u00fal\u00e1radt a kegyelem.\u201d (R\u00f3m 5, 20) Az emberek \u00e9rezt\u00e9k b\u0171n\u00f6ss\u00e9g\u00fcket, s a b\u0171nb\u00e1nat kereszts\u00e9g\u00e9t k\u00e9rt\u00e9k Keresztel\u0151 Szent J\u00e1nost\u00f3l. \u0150 boldogan mutatott r\u00e1 az Isten B\u00e1r\u00e1ny\u00e1ra, aki elveszi a vil\u00e1g b\u0171neit. Krisztus megadja a lehet\u0151s\u00e9get, hogy a b\u0171n helyett a kegyelem uralkodj\u00e9k \u00e9let\u00fcnkben. OLVASM\u00c1NY\u00a0\u00a0\u00a0 \u00a0\u00a0\u00a0\u00a0\u00a0\u00a0\u00a0\u00a0\u00a0\u00a0\u00a0\u00a0\u00a0\u00a0\u00a0\u00a0\u00a0\u00a0\u00a0\u00a0\u00a0\u00a0\u00a0\u00a0\u00a0\u00a0\u00a0\u00a0\u00a0\u00a0\u00a0\u00a0\u00a0\u00a0\u00a0\u00a0\u00a0\u00a0\u00a0\u00a0\u00a0\u00a0\u00a0\u00a0\u00a0Iz 49, 3. 5\u20136 Isten benn\u00fcnk is meg akar dics\u0151\u00fclni! Vajon engedj\u00fck ezt? Mi is becsesek vagyunk az \u00dar szem\u00e9ben, mint szemef\u00e9ny\u00e9re vigy\u00e1z r\u00e1nk. Kincseinket nem t\u00e9kozoljuk el? Isten er\u0151t ad nek\u00fcnk is. Nem hagyatkozunk g\u0151g\u00f6sen a saj\u00e1t er\u0151nkre? Vil\u00e1goss\u00e1gg\u00e1 tett minket is. Nem lett\u00fcnk s\u00f6t\u00e9ts\u00e9gg\u00e9? V\u00c1LASZOS ZSOLT\u00c1R\u00a0\u00a0\u00a0\u00a0\u00a0\u00a0\u00a0\u00a0\u00a0\u00a0 \u00a039, 2 \u00e9s 4ab. 7\u20138a. 8b\u20139. 10 V\u00e1lasz: \u00cdme, elj\u00f6v\u00f6k, Uram, * \u00a0\u00a0\u00a0\u00a0\u00a0\u00a0\u00a0\u00a0\u00a0\u00a0\u00a0\u00a0 hogy teljes\u00edtsem azt, amit k\u00edv\u00e1nsz. SZENTLECKE\u00a0\u00a0 \u00a0\u00a0\u00a0\u00a0\u00a0\u00a0\u00a0\u00a0\u00a0\u00a0\u00a0\u00a0\u00a0\u00a0\u00a0\u00a0\u00a0\u00a0\u00a0\u00a0\u00a0\u00a0\u00a0\u00a0\u00a0\u00a0\u00a0\u00a0\u00a0\u00a0\u00a0\u00a0\u00a0\u00a0\u00a0\u00a0\u00a0\u00a0\u00a0\u00a0\u00a0\u00a0\u00a0\u00a0\u00a0\u00a01 Kor 1, 1\u20133 Folytassuk az Olvasm\u00e1nyn\u00e1l feltett k\u00e9rd\u00e9seket! J\u00e9zus Krisztusban szentek vagyunk. A szent dolgokat nem dobjuk oda a kuty\u00e1knak? (V\u00f6. Mt 7, 6) Isten megh\u00edvott gyermekei k\u00f6z\u00e9, a kiv\u00e1lasztottak csal\u00e1dj\u00e1ba. Nem vagyunk h\u0171tlenek e h\u00edv\u00e1shoz \u00e9s kiv\u00e1laszttotts\u00e1ghoz? Kegyelmet \u00e9s b\u00e9k\u00e9t k\u00edv\u00e1n nek\u00fcnk Szent P\u00e1l. Nem \u00e9l\u00fcnk b\u00e9k\u00e9tlens\u00e9gben? ALLELUJA \u00a0\u00a0\u00a0\u00a0\u00a0\u00a0\u00a0\u00a0\u00a0\u00a0\u00a0\u00a0\u00a0\u00a0\u00a0\u00a0\u00a0\u00a0\u00a0\u00a0\u00a0\u00a0\u00a0\u00a0\u00a0\u00a0\u00a0\u00a0\u00a0\u00a0\u00a0\u00a0\u00a0\u00a0\u00a0\u00a0\u00a0\u00a0\u00a0\u00a0\u00a0\u00a0\u00a0\u00a0\u00a0\u00a0\u00a0\u00a0\u00a0\u00a0\u00a0\u00a0\u00a0\u00a0\u00a0\u00a0Jn 1, 14 \u00e9s 12b Az Ige emberr\u00e9 lett, \u00e9s itt \u00e9lt k\u00f6z\u00f6tt\u00fcnk. * Befogad\u00f3inak megadta, hogy Isten fiai legyenek. EVANG\u00c9LIUM \u00a0\u00a0\u00a0\u00a0\u00a0\u00a0\u00a0\u00a0\u00a0\u00a0\u00a0\u00a0\u00a0\u00a0\u00a0\u00a0\u00a0\u00a0\u00a0\u00a0\u00a0\u00a0\u00a0\u00a0\u00a0\u00a0\u00a0\u00a0\u00a0\u00a0\u00a0\u00a0\u00a0\u00a0\u00a0\u00a0\u00a0\u00a0\u00a0\u00a0\u00a0\u00a0\u00a0\u00a0\u00a0\u00a0\u00a0\u00a0Jn 1, 29\u201334 J\u00e9zus nem a zsid\u00f3 f\u0151tan\u00e1cs el\u0151tt mutatkozott be, hanem a b\u0171n\u00f6s\u00f6k k\u00f6r\u00e9ben, akik szabadulni akartak b\u0171n\u00f6ss\u00e9g\u00fckt\u0151l. Boldog perce volt J\u00e1nosnak, hogy bemutathatta az \u00dcdv\u00f6z\u00edt\u0151t, aki n\u00e1la sokkal nagyobb, \u201e\u0151 az Isten Fia\u201d. AZ EUCHARISZTI\u00c1HOZ Krisztus, mint \u00e1ldozati b\u00e1r\u00e1ny fel\u00e1ldozta \u00f6nmag\u00e1t a vil\u00e1g b\u0171nei\u00e9rt. Ez az \u00e1ldozat jelenval\u00f3v\u00e1 v\u00e1lik a szentmis\u00e9ben. S arra ind\u00edt minket, hogy b\u0171nb\u00e1natot tartsunk \u00e9s kegyelm\u00e9vel meg\u00faj\u00edtsuk \u00e9let\u00fcnket. MEGFONTOLAND\u00d3 A kereszt\u00e9ny ember sz\u00e1m\u00e1ra nincs fontosabb, mint tal\u00e1lkozni Krisztussal \u00e9s megv\u00e1lt\u00f3 m\u0171veivel. Tisztelj\u00fck, becs\u00fclj\u00fck \u00e9s szeress\u00fck a szents\u00e9geket, mint Egyh\u00e1zunk dr\u00e1ga kincseit, lelk\u00fcnk j\u00f3tev\u0151it. Hagyatkozzunk r\u00e1 b\u00e1trabban a szents\u00e9gek hat\u00e1s\u00e1ra, ez a bizalom a Krisztusban fel\u00e9nk kit\u00e1rulkoz\u00f3 Aty\u00e1nak sz\u00f3l. \u00d6KUMENIKUS IMAH\u00c9T A 2020. \u00e9vi... R\u00e9szletek","og_url":"https:\/\/stuttgarti-katolikusok.de\/index.php\/evkozi-2-es-3-vasarnap\/","og_site_name":"Stuttgarti Katolikusok","article_published_time":"2020-01-16T09:34:51+00:00","article_modified_time":"2020-04-27T08:30:24+00:00","author":"Tibor atya","twitter_card":"summary_large_image","twitter_misc":{"Szerz\u0151:":"Tibor atya","Becs\u00fclt olvas\u00e1si id\u0151":"16 perc"},"schema":{"@context":"https:\/\/schema.org","@graph":[{"@type":"Article","@id":"https:\/\/stuttgarti-katolikusok.de\/index.php\/evkozi-2-es-3-vasarnap\/#article","isPartOf":{"@id":"https:\/\/stuttgarti-katolikusok.de\/index.php\/evkozi-2-es-3-vasarnap\/"},"author":{"name":"Tibor atya","@id":"https:\/\/stuttgarti-katolikusok.de\/#\/schema\/person\/75908d6f8fdc03a57889d27209df7795"},"headline":"\u00c9vk\u00f6zi 2. \u00e9s 3. vas\u00e1rnap","datePublished":"2020-01-16T09:34:51+00:00","dateModified":"2020-04-27T08:30:24+00:00","mainEntityOfPage":{"@id":"https:\/\/stuttgarti-katolikusok.de\/index.php\/evkozi-2-es-3-vasarnap\/"},"wordCount":3267,"articleSection":["Vas\u00e1rnapi gondolatok"],"inLanguage":"hu"},{"@type":"WebPage","@id":"https:\/\/stuttgarti-katolikusok.de\/index.php\/evkozi-2-es-3-vasarnap\/","url":"https:\/\/stuttgarti-katolikusok.de\/index.php\/evkozi-2-es-3-vasarnap\/","name":"\u00c9vk\u00f6zi 2. \u00e9s 3. vas\u00e1rnap - Stuttgarti Katolikusok","isPartOf":{"@id":"https:\/\/stuttgarti-katolikusok.de\/#website"},"datePublished":"2020-01-16T09:34:51+00:00","dateModified":"2020-04-27T08:30:24+00:00","author":{"@id":"https:\/\/stuttgarti-katolikusok.de\/#\/schema\/person\/75908d6f8fdc03a57889d27209df7795"},"breadcrumb":{"@id":"https:\/\/stuttgarti-katolikusok.de\/index.php\/evkozi-2-es-3-vasarnap\/#breadcrumb"},"inLanguage":"hu","potentialAction":[{"@type":"ReadAction","target":["https:\/\/stuttgarti-katolikusok.de\/index.php\/evkozi-2-es-3-vasarnap\/"]}]},{"@type":"BreadcrumbList","@id":"https:\/\/stuttgarti-katolikusok.de\/index.php\/evkozi-2-es-3-vasarnap\/#breadcrumb","itemListElement":[{"@type":"ListItem","position":1,"name":"Kezd\u0151lap","item":"https:\/\/stuttgarti-katolikusok.de\/"},{"@type":"ListItem","position":2,"name":"\u00c9vk\u00f6zi 2. \u00e9s 3. vas\u00e1rnap"}]},{"@type":"WebSite","@id":"https:\/\/stuttgarti-katolikusok.de\/#website","url":"https:\/\/stuttgarti-katolikusok.de\/","name":"Stuttgarti Katolikusok","description":"","potentialAction":[{"@type":"SearchAction","target":{"@type":"EntryPoint","urlTemplate":"https:\/\/stuttgarti-katolikusok.de\/?s={search_term_string}"},"query-input":{"@type":"PropertyValueSpecification","valueRequired":true,"valueName":"search_term_string"}}],"inLanguage":"hu"},{"@type":"Person","@id":"https:\/\/stuttgarti-katolikusok.de\/#\/schema\/person\/75908d6f8fdc03a57889d27209df7795","name":"Tibor atya","image":{"@type":"ImageObject","inLanguage":"hu","@id":"https:\/\/secure.gravatar.com\/avatar\/61d268e57d1f4525b111222e29d2d5a7f8c420fdbf231ba5566a8ceac74fa960?s=96&d=mm&r=g","url":"https:\/\/secure.gravatar.com\/avatar\/61d268e57d1f4525b111222e29d2d5a7f8c420fdbf231ba5566a8ceac74fa960?s=96&d=mm&r=g","contentUrl":"https:\/\/secure.gravatar.com\/avatar\/61d268e57d1f4525b111222e29d2d5a7f8c420fdbf231ba5566a8ceac74fa960?s=96&d=mm&r=g","caption":"Tibor atya"},"url":"https:\/\/stuttgarti-katolikusok.de\/index.php\/author\/tibor-atya\/"}]}},"_links":{"self":[{"href":"https:\/\/stuttgarti-katolikusok.de\/index.php\/wp-json\/wp\/v2\/posts\/18552","targetHints":{"allow":["GET"]}}],"collection":[{"href":"https:\/\/stuttgarti-katolikusok.de\/index.php\/wp-json\/wp\/v2\/posts"}],"about":[{"href":"https:\/\/stuttgarti-katolikusok.de\/index.php\/wp-json\/wp\/v2\/types\/post"}],"author":[{"embeddable":true,"href":"https:\/\/stuttgarti-katolikusok.de\/index.php\/wp-json\/wp\/v2\/users\/3"}],"replies":[{"embeddable":true,"href":"https:\/\/stuttgarti-katolikusok.de\/index.php\/wp-json\/wp\/v2\/comments?post=18552"}],"version-history":[{"count":1,"href":"https:\/\/stuttgarti-katolikusok.de\/index.php\/wp-json\/wp\/v2\/posts\/18552\/revisions"}],"predecessor-version":[{"id":18554,"href":"https:\/\/stuttgarti-katolikusok.de\/index.php\/wp-json\/wp\/v2\/posts\/18552\/revisions\/18554"}],"wp:attachment":[{"href":"https:\/\/stuttgarti-katolikusok.de\/index.php\/wp-json\/wp\/v2\/media?parent=18552"}],"wp:term":[{"taxonomy":"category","embeddable":true,"href":"https:\/\/stuttgarti-katolikusok.de\/index.php\/wp-json\/wp\/v2\/categories?post=18552"},{"taxonomy":"post_tag","embeddable":true,"href":"https:\/\/stuttgarti-katolikusok.de\/index.php\/wp-json\/wp\/v2\/tags?post=18552"}],"curies":[{"name":"wp","href":"https:\/\/api.w.org\/{rel}","templated":true}]}}