{"id":18422,"date":"2019-12-31T14:50:04","date_gmt":"2019-12-31T14:50:04","guid":{"rendered":"https:\/\/gracious-dewdney.138-201-221-2.plesk.page\/?p=18422"},"modified":"2020-04-27T08:31:47","modified_gmt":"2020-04-27T08:31:47","slug":"januar-1-es-5-kozott","status":"publish","type":"post","link":"https:\/\/stuttgarti-katolikusok.de\/index.php\/januar-1-es-5-kozott\/","title":{"rendered":"Janu\u00e1r 1 \u00e9s 5 k\u00f6z\u00f6tt"},"content":{"rendered":"<p><strong>Programel\u0151zetes<\/strong><\/p>\n<p><strong>Janu\u00e1r 4-\u00e9n, <\/strong>szombaton,<\/p>\n<p><strong>Balingenben<\/strong> 17.00 \u00f3rakor <em>szentmise<\/em>, ut\u00e1na <em>\u00e1g\u00e1p\u00e9<\/em>.<\/p>\n<p style=\"text-align: center;\">*<\/p>\n<p><strong>Janu\u00e1r 5-\u00e9n,<\/strong> Kar\u00e1csony u. 2. vas\u00e1rnapon,<\/p>\n<p><strong>Munderkingenben<\/strong> 9.00 \u00f3rakor <em>szentmise<\/em>.<\/p>\n<p><strong>Schw\u00e4bisch-Gm\u00fcndben <\/strong>9.30 \u00f3rakor <em>szentmise. <\/em>Ut\u00e1na <em>\u00e1g\u00e1p\u00e9.<\/em><\/p>\n<p><strong>Stuttgartban <\/strong>15.00 \u00f3rakor <em>szentmise<\/em>. Alatta <em>gyermek-mise <\/em>az altemplomban. V\u00e9g\u00fcl az <em>\u00e1g\u00e1p\u00e9 <\/em>keret\u00e9ben <em>zar\u00e1ndok-tal\u00e1lkoz\u00f3!<\/em><\/p>\n<p style=\"text-align: center;\">*<\/p>\n<p>Minden helyen mindenkit szeretettel v\u00e1r a k\u00f6z\u00f6ss\u00e9g, Imre atya \u00e9s Tibor atya!<\/p>\n<p><em>\u201eAz elk\u00f6vetkez\u0151 365 nap mindegyik\u00e9n \u00fagy tekintek mindenre \u00e9s mindenkire, mintha el\u0151sz\u00f6r tenn\u00e9m &#8211; k\u00fcl\u00f6n\u00f6sen az apr\u00f3 dolgokra.\u201d<\/em> <strong>(Paulo Coelho \u2013 sz. 1947 \u2013 brazil \u00edr\u00f3) <\/strong><\/p>\n<p><strong><em>\u00c1ld\u00e1sos, b\u00e9k\u00e9s, er\u0151ben \u00e9s eg\u00e9szs\u00e9gben teljes, \u00f6r\u00f6mben \u00e9s boldogs\u00e1gban gazdag \u00faj esztend\u0151t k\u00edv\u00e1nunk minden Kedves H\u00edv\u00fcnknek!<\/em><\/strong><\/p>\n","protected":false},"excerpt":{"rendered":"<p>Programel\u0151zetes Janu\u00e1r 4-\u00e9n, szombaton, Balingenben 17.00 \u00f3rakor szentmise, ut\u00e1na \u00e1g\u00e1p\u00e9. * Janu\u00e1r 5-\u00e9n, Kar\u00e1csony u. 2. vas\u00e1rnapon, Munderkingenben 9.00 \u00f3rakor szentmise. Schw\u00e4bisch-Gm\u00fcndben 9.30 \u00f3rakor szentmise. Ut\u00e1na \u00e1g\u00e1p\u00e9. Stuttgartban 15.00 \u00f3rakor szentmise. Alatta gyermek-mise az altemplomban. V\u00e9g\u00fcl az \u00e1g\u00e1p\u00e9 keret\u00e9ben zar\u00e1ndok-tal\u00e1lkoz\u00f3! * Minden helyen mindenkit szeretettel v\u00e1r a k\u00f6z\u00f6ss\u00e9g, Imre atya \u00e9s Tibor atya! \u201eAz elk\u00f6vetkez\u0151 365 nap mindegyik\u00e9n \u00fagy tekintek mindenre \u00e9s mindenkire, mintha el\u0151sz\u00f6r tenn\u00e9m &#8211; k\u00fcl\u00f6n\u00f6sen az apr\u00f3 dolgokra.\u201d (Paulo Coelho \u2013 sz. 1947 \u2013 brazil \u00edr\u00f3) \u00c1ld\u00e1sos, b\u00e9k\u00e9s, er\u0151ben \u00e9s eg\u00e9szs\u00e9gben teljes, \u00f6r\u00f6mben \u00e9s boldogs\u00e1gban gazdag \u00faj esztend\u0151t k\u00edv\u00e1nunk minden Kedves H\u00edv\u00fcnknek!<\/p>\n","protected":false},"author":3,"featured_media":0,"comment_status":"closed","ping_status":"closed","sticky":false,"template":"","format":"standard","meta":{"footnotes":""},"categories":[37],"tags":[],"class_list":["post-18422","post","type-post","status-publish","format-standard","hentry","category-progamelozetes"],"yoast_head":"<!-- This site is optimized with the Yoast SEO plugin v27.3 - https:\/\/yoast.com\/product\/yoast-seo-wordpress\/ -->\n<title>Janu\u00e1r 1 \u00e9s 5 k\u00f6z\u00f6tt - Stuttgarti Katolikusok<\/title>\n<meta name=\"robots\" content=\"index, follow, max-snippet:-1, max-image-preview:large, max-video-preview:-1\" \/>\n<link rel=\"canonical\" href=\"https:\/\/stuttgarti-katolikusok.de\/index.php\/januar-1-es-5-kozott\/\" \/>\n<meta property=\"og:locale\" content=\"hu_HU\" \/>\n<meta property=\"og:type\" content=\"article\" \/>\n<meta property=\"og:title\" content=\"Janu\u00e1r 1 \u00e9s 5 k\u00f6z\u00f6tt - Stuttgarti Katolikusok\" \/>\n<meta property=\"og:description\" content=\"Programel\u0151zetes Janu\u00e1r 4-\u00e9n, szombaton, Balingenben 17.00 \u00f3rakor szentmise, ut\u00e1na \u00e1g\u00e1p\u00e9. * Janu\u00e1r 5-\u00e9n, Kar\u00e1csony u. 2. vas\u00e1rnapon, Munderkingenben 9.00 \u00f3rakor szentmise. Schw\u00e4bisch-Gm\u00fcndben 9.30 \u00f3rakor szentmise. Ut\u00e1na \u00e1g\u00e1p\u00e9. Stuttgartban 15.00 \u00f3rakor szentmise. Alatta gyermek-mise az altemplomban. V\u00e9g\u00fcl az \u00e1g\u00e1p\u00e9 keret\u00e9ben zar\u00e1ndok-tal\u00e1lkoz\u00f3! * Minden helyen mindenkit szeretettel v\u00e1r a k\u00f6z\u00f6ss\u00e9g, Imre atya \u00e9s Tibor atya! \u201eAz elk\u00f6vetkez\u0151 365 nap mindegyik\u00e9n \u00fagy tekintek mindenre \u00e9s mindenkire, mintha el\u0151sz\u00f6r tenn\u00e9m &#8211; k\u00fcl\u00f6n\u00f6sen az apr\u00f3 dolgokra.\u201d (Paulo Coelho \u2013 sz. 1947 \u2013 brazil \u00edr\u00f3) \u00c1ld\u00e1sos, b\u00e9k\u00e9s, er\u0151ben \u00e9s eg\u00e9szs\u00e9gben teljes, \u00f6r\u00f6mben \u00e9s boldogs\u00e1gban gazdag \u00faj esztend\u0151t k\u00edv\u00e1nunk minden Kedves H\u00edv\u00fcnknek!\" \/>\n<meta property=\"og:url\" content=\"https:\/\/stuttgarti-katolikusok.de\/index.php\/januar-1-es-5-kozott\/\" \/>\n<meta property=\"og:site_name\" content=\"Stuttgarti Katolikusok\" \/>\n<meta property=\"article:published_time\" content=\"2019-12-31T14:50:04+00:00\" \/>\n<meta property=\"article:modified_time\" content=\"2020-04-27T08:31:47+00:00\" \/>\n<meta name=\"author\" content=\"Tibor atya\" \/>\n<meta name=\"twitter:card\" content=\"summary_large_image\" \/>\n<meta name=\"twitter:label1\" content=\"Szerz\u0151:\" \/>\n\t<meta name=\"twitter:data1\" content=\"Tibor atya\" \/>\n\t<meta name=\"twitter:label2\" content=\"Becs\u00fclt olvas\u00e1si id\u0151\" \/>\n\t<meta name=\"twitter:data2\" content=\"1 perc\" \/>\n<script type=\"application\/ld+json\" class=\"yoast-schema-graph\">{\"@context\":\"https:\\\/\\\/schema.org\",\"@graph\":[{\"@type\":\"Article\",\"@id\":\"https:\\\/\\\/stuttgarti-katolikusok.de\\\/index.php\\\/januar-1-es-5-kozott\\\/#article\",\"isPartOf\":{\"@id\":\"https:\\\/\\\/stuttgarti-katolikusok.de\\\/index.php\\\/januar-1-es-5-kozott\\\/\"},\"author\":{\"name\":\"Tibor atya\",\"@id\":\"https:\\\/\\\/stuttgarti-katolikusok.de\\\/#\\\/schema\\\/person\\\/75908d6f8fdc03a57889d27209df7795\"},\"headline\":\"Janu\u00e1r 1 \u00e9s 5 k\u00f6z\u00f6tt\",\"datePublished\":\"2019-12-31T14:50:04+00:00\",\"dateModified\":\"2020-04-27T08:31:47+00:00\",\"mainEntityOfPage\":{\"@id\":\"https:\\\/\\\/stuttgarti-katolikusok.de\\\/index.php\\\/januar-1-es-5-kozott\\\/\"},\"wordCount\":134,\"articleSection\":[\"Progamel\u0151zetes\"],\"inLanguage\":\"hu\"},{\"@type\":\"WebPage\",\"@id\":\"https:\\\/\\\/stuttgarti-katolikusok.de\\\/index.php\\\/januar-1-es-5-kozott\\\/\",\"url\":\"https:\\\/\\\/stuttgarti-katolikusok.de\\\/index.php\\\/januar-1-es-5-kozott\\\/\",\"name\":\"Janu\u00e1r 1 \u00e9s 5 k\u00f6z\u00f6tt - Stuttgarti Katolikusok\",\"isPartOf\":{\"@id\":\"https:\\\/\\\/stuttgarti-katolikusok.de\\\/#website\"},\"datePublished\":\"2019-12-31T14:50:04+00:00\",\"dateModified\":\"2020-04-27T08:31:47+00:00\",\"author\":{\"@id\":\"https:\\\/\\\/stuttgarti-katolikusok.de\\\/#\\\/schema\\\/person\\\/75908d6f8fdc03a57889d27209df7795\"},\"breadcrumb\":{\"@id\":\"https:\\\/\\\/stuttgarti-katolikusok.de\\\/index.php\\\/januar-1-es-5-kozott\\\/#breadcrumb\"},\"inLanguage\":\"hu\",\"potentialAction\":[{\"@type\":\"ReadAction\",\"target\":[\"https:\\\/\\\/stuttgarti-katolikusok.de\\\/index.php\\\/januar-1-es-5-kozott\\\/\"]}]},{\"@type\":\"BreadcrumbList\",\"@id\":\"https:\\\/\\\/stuttgarti-katolikusok.de\\\/index.php\\\/januar-1-es-5-kozott\\\/#breadcrumb\",\"itemListElement\":[{\"@type\":\"ListItem\",\"position\":1,\"name\":\"Kezd\u0151lap\",\"item\":\"https:\\\/\\\/stuttgarti-katolikusok.de\\\/\"},{\"@type\":\"ListItem\",\"position\":2,\"name\":\"Janu\u00e1r 1 \u00e9s 5 k\u00f6z\u00f6tt\"}]},{\"@type\":\"WebSite\",\"@id\":\"https:\\\/\\\/stuttgarti-katolikusok.de\\\/#website\",\"url\":\"https:\\\/\\\/stuttgarti-katolikusok.de\\\/\",\"name\":\"Stuttgarti Katolikusok\",\"description\":\"\",\"potentialAction\":[{\"@type\":\"SearchAction\",\"target\":{\"@type\":\"EntryPoint\",\"urlTemplate\":\"https:\\\/\\\/stuttgarti-katolikusok.de\\\/?s={search_term_string}\"},\"query-input\":{\"@type\":\"PropertyValueSpecification\",\"valueRequired\":true,\"valueName\":\"search_term_string\"}}],\"inLanguage\":\"hu\"},{\"@type\":\"Person\",\"@id\":\"https:\\\/\\\/stuttgarti-katolikusok.de\\\/#\\\/schema\\\/person\\\/75908d6f8fdc03a57889d27209df7795\",\"name\":\"Tibor atya\",\"image\":{\"@type\":\"ImageObject\",\"inLanguage\":\"hu\",\"@id\":\"https:\\\/\\\/secure.gravatar.com\\\/avatar\\\/61d268e57d1f4525b111222e29d2d5a7f8c420fdbf231ba5566a8ceac74fa960?s=96&d=mm&r=g\",\"url\":\"https:\\\/\\\/secure.gravatar.com\\\/avatar\\\/61d268e57d1f4525b111222e29d2d5a7f8c420fdbf231ba5566a8ceac74fa960?s=96&d=mm&r=g\",\"contentUrl\":\"https:\\\/\\\/secure.gravatar.com\\\/avatar\\\/61d268e57d1f4525b111222e29d2d5a7f8c420fdbf231ba5566a8ceac74fa960?s=96&d=mm&r=g\",\"caption\":\"Tibor atya\"},\"url\":\"https:\\\/\\\/stuttgarti-katolikusok.de\\\/index.php\\\/author\\\/tibor-atya\\\/\"}]}<\/script>\n<!-- \/ Yoast SEO plugin. -->","yoast_head_json":{"title":"Janu\u00e1r 1 \u00e9s 5 k\u00f6z\u00f6tt - Stuttgarti Katolikusok","robots":{"index":"index","follow":"follow","max-snippet":"max-snippet:-1","max-image-preview":"max-image-preview:large","max-video-preview":"max-video-preview:-1"},"canonical":"https:\/\/stuttgarti-katolikusok.de\/index.php\/januar-1-es-5-kozott\/","og_locale":"hu_HU","og_type":"article","og_title":"Janu\u00e1r 1 \u00e9s 5 k\u00f6z\u00f6tt - Stuttgarti Katolikusok","og_description":"Programel\u0151zetes Janu\u00e1r 4-\u00e9n, szombaton, Balingenben 17.00 \u00f3rakor szentmise, ut\u00e1na \u00e1g\u00e1p\u00e9. * Janu\u00e1r 5-\u00e9n, Kar\u00e1csony u. 2. vas\u00e1rnapon, Munderkingenben 9.00 \u00f3rakor szentmise. Schw\u00e4bisch-Gm\u00fcndben 9.30 \u00f3rakor szentmise. Ut\u00e1na \u00e1g\u00e1p\u00e9. Stuttgartban 15.00 \u00f3rakor szentmise. Alatta gyermek-mise az altemplomban. V\u00e9g\u00fcl az \u00e1g\u00e1p\u00e9 keret\u00e9ben zar\u00e1ndok-tal\u00e1lkoz\u00f3! * Minden helyen mindenkit szeretettel v\u00e1r a k\u00f6z\u00f6ss\u00e9g, Imre atya \u00e9s Tibor atya! \u201eAz elk\u00f6vetkez\u0151 365 nap mindegyik\u00e9n \u00fagy tekintek mindenre \u00e9s mindenkire, mintha el\u0151sz\u00f6r tenn\u00e9m &#8211; k\u00fcl\u00f6n\u00f6sen az apr\u00f3 dolgokra.\u201d (Paulo Coelho \u2013 sz. 1947 \u2013 brazil \u00edr\u00f3) \u00c1ld\u00e1sos, b\u00e9k\u00e9s, er\u0151ben \u00e9s eg\u00e9szs\u00e9gben teljes, \u00f6r\u00f6mben \u00e9s boldogs\u00e1gban gazdag \u00faj esztend\u0151t k\u00edv\u00e1nunk minden Kedves H\u00edv\u00fcnknek!","og_url":"https:\/\/stuttgarti-katolikusok.de\/index.php\/januar-1-es-5-kozott\/","og_site_name":"Stuttgarti Katolikusok","article_published_time":"2019-12-31T14:50:04+00:00","article_modified_time":"2020-04-27T08:31:47+00:00","author":"Tibor atya","twitter_card":"summary_large_image","twitter_misc":{"Szerz\u0151:":"Tibor atya","Becs\u00fclt olvas\u00e1si id\u0151":"1 perc"},"schema":{"@context":"https:\/\/schema.org","@graph":[{"@type":"Article","@id":"https:\/\/stuttgarti-katolikusok.de\/index.php\/januar-1-es-5-kozott\/#article","isPartOf":{"@id":"https:\/\/stuttgarti-katolikusok.de\/index.php\/januar-1-es-5-kozott\/"},"author":{"name":"Tibor atya","@id":"https:\/\/stuttgarti-katolikusok.de\/#\/schema\/person\/75908d6f8fdc03a57889d27209df7795"},"headline":"Janu\u00e1r 1 \u00e9s 5 k\u00f6z\u00f6tt","datePublished":"2019-12-31T14:50:04+00:00","dateModified":"2020-04-27T08:31:47+00:00","mainEntityOfPage":{"@id":"https:\/\/stuttgarti-katolikusok.de\/index.php\/januar-1-es-5-kozott\/"},"wordCount":134,"articleSection":["Progamel\u0151zetes"],"inLanguage":"hu"},{"@type":"WebPage","@id":"https:\/\/stuttgarti-katolikusok.de\/index.php\/januar-1-es-5-kozott\/","url":"https:\/\/stuttgarti-katolikusok.de\/index.php\/januar-1-es-5-kozott\/","name":"Janu\u00e1r 1 \u00e9s 5 k\u00f6z\u00f6tt - Stuttgarti Katolikusok","isPartOf":{"@id":"https:\/\/stuttgarti-katolikusok.de\/#website"},"datePublished":"2019-12-31T14:50:04+00:00","dateModified":"2020-04-27T08:31:47+00:00","author":{"@id":"https:\/\/stuttgarti-katolikusok.de\/#\/schema\/person\/75908d6f8fdc03a57889d27209df7795"},"breadcrumb":{"@id":"https:\/\/stuttgarti-katolikusok.de\/index.php\/januar-1-es-5-kozott\/#breadcrumb"},"inLanguage":"hu","potentialAction":[{"@type":"ReadAction","target":["https:\/\/stuttgarti-katolikusok.de\/index.php\/januar-1-es-5-kozott\/"]}]},{"@type":"BreadcrumbList","@id":"https:\/\/stuttgarti-katolikusok.de\/index.php\/januar-1-es-5-kozott\/#breadcrumb","itemListElement":[{"@type":"ListItem","position":1,"name":"Kezd\u0151lap","item":"https:\/\/stuttgarti-katolikusok.de\/"},{"@type":"ListItem","position":2,"name":"Janu\u00e1r 1 \u00e9s 5 k\u00f6z\u00f6tt"}]},{"@type":"WebSite","@id":"https:\/\/stuttgarti-katolikusok.de\/#website","url":"https:\/\/stuttgarti-katolikusok.de\/","name":"Stuttgarti Katolikusok","description":"","potentialAction":[{"@type":"SearchAction","target":{"@type":"EntryPoint","urlTemplate":"https:\/\/stuttgarti-katolikusok.de\/?s={search_term_string}"},"query-input":{"@type":"PropertyValueSpecification","valueRequired":true,"valueName":"search_term_string"}}],"inLanguage":"hu"},{"@type":"Person","@id":"https:\/\/stuttgarti-katolikusok.de\/#\/schema\/person\/75908d6f8fdc03a57889d27209df7795","name":"Tibor atya","image":{"@type":"ImageObject","inLanguage":"hu","@id":"https:\/\/secure.gravatar.com\/avatar\/61d268e57d1f4525b111222e29d2d5a7f8c420fdbf231ba5566a8ceac74fa960?s=96&d=mm&r=g","url":"https:\/\/secure.gravatar.com\/avatar\/61d268e57d1f4525b111222e29d2d5a7f8c420fdbf231ba5566a8ceac74fa960?s=96&d=mm&r=g","contentUrl":"https:\/\/secure.gravatar.com\/avatar\/61d268e57d1f4525b111222e29d2d5a7f8c420fdbf231ba5566a8ceac74fa960?s=96&d=mm&r=g","caption":"Tibor atya"},"url":"https:\/\/stuttgarti-katolikusok.de\/index.php\/author\/tibor-atya\/"}]}},"_links":{"self":[{"href":"https:\/\/stuttgarti-katolikusok.de\/index.php\/wp-json\/wp\/v2\/posts\/18422","targetHints":{"allow":["GET"]}}],"collection":[{"href":"https:\/\/stuttgarti-katolikusok.de\/index.php\/wp-json\/wp\/v2\/posts"}],"about":[{"href":"https:\/\/stuttgarti-katolikusok.de\/index.php\/wp-json\/wp\/v2\/types\/post"}],"author":[{"embeddable":true,"href":"https:\/\/stuttgarti-katolikusok.de\/index.php\/wp-json\/wp\/v2\/users\/3"}],"replies":[{"embeddable":true,"href":"https:\/\/stuttgarti-katolikusok.de\/index.php\/wp-json\/wp\/v2\/comments?post=18422"}],"version-history":[{"count":2,"href":"https:\/\/stuttgarti-katolikusok.de\/index.php\/wp-json\/wp\/v2\/posts\/18422\/revisions"}],"predecessor-version":[{"id":18438,"href":"https:\/\/stuttgarti-katolikusok.de\/index.php\/wp-json\/wp\/v2\/posts\/18422\/revisions\/18438"}],"wp:attachment":[{"href":"https:\/\/stuttgarti-katolikusok.de\/index.php\/wp-json\/wp\/v2\/media?parent=18422"}],"wp:term":[{"taxonomy":"category","embeddable":true,"href":"https:\/\/stuttgarti-katolikusok.de\/index.php\/wp-json\/wp\/v2\/categories?post=18422"},{"taxonomy":"post_tag","embeddable":true,"href":"https:\/\/stuttgarti-katolikusok.de\/index.php\/wp-json\/wp\/v2\/tags?post=18422"}],"curies":[{"name":"wp","href":"https:\/\/api.w.org\/{rel}","templated":true}]}}