{"id":18416,"date":"2019-12-30T09:53:00","date_gmt":"2019-12-30T09:53:00","guid":{"rendered":"https:\/\/gracious-dewdney.138-201-221-2.plesk.page\/?p=18416"},"modified":"2020-04-27T08:32:11","modified_gmt":"2020-04-27T08:32:11","slug":"szent-csalad-vasarnapja","status":"publish","type":"post","link":"https:\/\/stuttgarti-katolikusok.de\/index.php\/szent-csalad-vasarnapja\/","title":{"rendered":"Szent Csal\u00e1d vas\u00e1rnapja"},"content":{"rendered":"<p><strong>2019. december 29.<\/strong><\/p>\n<p><strong>A SZENT CSAL\u00c1D: J\u00c9ZUS, M\u00c1RIA \u00c9S J\u00d3ZSEF<\/strong><\/p>\n<p>&nbsp;<\/p>\n<p>Sz\u00e9thull\u00f3 csal\u00e1dokr\u00f3l, kall\u00f3d\u00f3 gyermekekr\u0151l sokat kell ma besz\u00e9ln\u00fcnk. A s\u00e9r\u00fclt lelkek egy \u00e9leten \u00e1t hordozz\u00e1k a sebeket. S mindez r\u00e1nyomja b\u00e9lyeg\u00e9t a t\u00e1rsadalomra. A mai \u00fcnnep azt bizony\u00edtja, hogy a h\u00e1zass\u00e1g \u00e9s a csal\u00e1d lehet f\u00f6ldi mennyorsz\u00e1g is, ha olyan egys\u00e9g \u00e9s szeretet uralkodik a csal\u00e1dtagokban, mint amilyen szeretet \u00f6sszek\u00f6t\u00f6tte M\u00e1ri\u00e1t J\u00f3zseffel \u00e9s a Gyermekkel.<\/p>\n<p><strong>OLVASM\u00c1NY\u00a0 <\/strong>\u00a0\u00a0\u00a0\u00a0\u00a0\u00a0\u00a0\u00a0\u00a0\u00a0\u00a0\u00a0\u00a0\u00a0\u00a0\u00a0\u00a0\u00a0\u00a0\u00a0\u00a0\u00a0\u00a0\u00a0\u00a0\u00a0\u00a0\u00a0\u00a0\u00a0\u00a0\u00a0\u00a0\u00a0\u00a0\u00a0\u00a0\u00a0<em>Sir 3<\/em><em>, 3<\/em><em>\u20137. <\/em><em>14<\/em><em>\u201317a<\/em><\/p>\n<p>A sz\u00fcl\u0151k Isten helyettesei. Tekint\u00e9ly\u00fck Istent\u0151l van. A kincsgy\u0171jt\u00e9s \u00faj lehet\u0151s\u00e9g\u00e9t t\u00e1rja el\u00e9nk Sir\u00e1k fia k\u00f6nyve: a sz\u00fcl\u0151k tisztelet\u00e9t, az engedelmess\u00e9get \u00e9s k\u00fcl\u00f6n\u00f6sk\u00e9ppen az \u00f6reg sz\u00fcl\u0151k gondoz\u00e1s\u00e1t.<\/p>\n<p><strong>V\u00c1LASZOS ZSOLT\u00c1R<\/strong>\u00a0\u00a0\u00a0\u00a0\u00a0\u00a0\u00a0\u00a0\u00a0 <em>\u00a0\u00a0\u00a0\u00a0\u00a0\u00a0\u00a0\u00a0\u00a0\u00a0\u00a0\u00a0\u00a0\u00a0\u00a0\u00a0\u00a0\u00a0\u00a0\u00a0\u00a0127, 1\u20132. 3. 4\u20135<\/em><\/p>\n<p><strong>V\u00e1lasz: Boldog ember, ki f\u00e9li az Urat, * <\/strong><\/p>\n<p><strong>\u00a0\u00a0\u00a0\u00a0\u00a0\u00a0\u00a0\u00a0\u00a0\u00a0\u00a0\u00a0\u00a0\u00a0 aki az \u00darnak <u>\u00f6<\/u>sv\u00e9ny\u00e9n halad.<\/strong><\/p>\n<p><strong>SZENTLECKE\u00a0\u00a0 <\/strong>\u00a0\u00a0\u00a0\u00a0\u00a0\u00a0\u00a0\u00a0\u00a0\u00a0\u00a0\u00a0\u00a0\u00a0\u00a0\u00a0\u00a0\u00a0\u00a0\u00a0\u00a0\u00a0\u00a0\u00a0\u00a0\u00a0\u00a0\u00a0\u00a0\u00a0\u00a0\u00a0\u00a0\u00a0\u00a0\u00a0\u00a0\u00a0\u00a0\u00a0\u00a0\u00a0\u00a0\u00a0\u00a0\u00a0<em>Kol 3, 12\u201321<\/em><\/p>\n<p>Szent P\u00e1l apostol a csal\u00e1di er\u00e9nyek k\u00f6z\u00f6tt els\u0151 helyre teszi a szeretetet \u00e9s a megbocs\u00e1t\u00e1st. Ezek n\u00e9lk\u00fcl nem lehet k\u00f6z\u00f6ss\u00e9gi \u00e9let, nem l\u00e9tezhet csal\u00e1d. Sokszor el kell n\u00e9zn\u00fcnk egym\u00e1s hib\u00e1it, nem b\u0171np\u00e1rtol\u00e1sb\u00f3l, hanem \u00e9ppen az\u00e9rt, hogy az irgalom, a megbocs\u00e1t\u00e1s hozz\u00e1seg\u00edtse a m\u00e1sikat hib\u00e1inak kijav\u00edt\u00e1s\u00e1hoz. A sz\u00edvtelens\u00e9g pokoll\u00e1 teheti az \u00e9letet.<\/p>\n<p><strong>ALLELUJA\u00a0 <\/strong>\u00a0\u00a0\u00a0\u00a0\u00a0\u00a0\u00a0\u00a0\u00a0\u00a0\u00a0\u00a0\u00a0\u00a0\u00a0\u00a0\u00a0\u00a0\u00a0\u00a0\u00a0\u00a0\u00a0\u00a0\u00a0\u00a0\u00a0\u00a0\u00a0\u00a0\u00a0\u00a0\u00a0\u00a0\u00a0\u00a0\u00a0\u00a0\u00a0\u00a0\u00a0\u00a0\u00a0\u00a0<em>Kol 3, 15a. \u00e9s 16a<\/em>\u00a0\u00a0\u00a0\u00a0\u00a0 Sz\u00edvetekben uralkodj\u00e9k Krisztus b\u00e9k\u00e9je, * Krisztus tan\u00edt\u00e1sa t\u00f6lts\u00f6n el titeket gazdagon.<\/p>\n<p><strong>EVANG\u00c9LIUM <\/strong>\u00a0\u00a0\u00a0\u00a0\u00a0\u00a0\u00a0\u00a0\u00a0\u00a0\u00a0\u00a0\u00a0\u00a0\u00a0\u00a0\u00a0\u00a0\u00a0\u00a0\u00a0\u00a0\u00a0\u00a0\u00a0\u00a0\u00a0\u00a0\u00a0\u00a0\u00a0\u00a0\u00a0\u00a0\u00a0\u00a0<em>Mt 2, 12\u201315<\/em>. <em>19\u201323<\/em><\/p>\n<p>Betlehem, Egyiptom \u00e9s N\u00e1z\u00e1ret az Istengyermek \u00e9let\u00e9nek \u00e1llom\u00e1sai. Sz\u00fclei szeretet\u00e9ben a mennyei Atya gondoskod\u00e1sa nyilv\u00e1nul meg. \u0150k teljesen r\u00e1hagyatkoznak Isten ir\u00e1ny\u00edt\u00e1s\u00e1ra.<\/p>\n<p><strong>AZ EUCHARISZTI\u00c1HOZ<\/strong><\/p>\n<p>Csal\u00e1di asztalhoz h\u00edv benn\u00fcnket az \u00dar. Legy\u00fcnk egyek a szeretetben. Kenyer\u00e9vel t\u00e1pl\u00e1l \u00e9s \u00e9ltet.<\/p>\n<p>&nbsp;<\/p>\n<p>IMA A CSAL\u00c1DOK\u00c9RT<\/p>\n<p>Isten, kit\u0151l a mennyben \u00e9s a f\u00f6ld\u00f6n minden sz\u00e1rmazik,<\/p>\n<p>Aty\u00e1nk, aki a Szeretet \u00e9s az \u00c9let vagy, add meg, hogy a F\u00f6ld\u00f6n minden csal\u00e1d \u2013 Fiad, J\u00e9zus Krisztus \u00e1ltal, aki<\/p>\n<p>\u201easszonyt\u00f3l sz\u00fcletett\u201d, \u00e9s a Szentl\u00e9lek \u00e1ltal \u2013 legyen az isteni kegyelem forr\u00e1sa, az \u00e9let \u00e9s szeretet igazi szent\u00e9lye a nemzed\u00e9kek sz\u00e1m\u00e1ra, amelyek egym\u00e1sra k\u00f6vetkeznek.<\/p>\n<p>Add meg, hogy kegyelmed vez\u00e9relje a h\u00e1zast\u00e1rsak gondolatait \u00e9s cselekedeteit csal\u00e1djuk \u00e9s a vil\u00e1g minden csal\u00e1dj\u00e1nak jav\u00e1ra.<\/p>\n<p>Add, hogy a fiatal nemzed\u00e9kek er\u0151s t\u00e1maszt tal\u00e1ljanak a csal\u00e1dban embers\u00e9g\u00fck \u00e9rdek\u00e9ben, hogy igazs\u00e1gban \u00e9s szeretetben n\u00f6vekedjenek.<\/p>\n<p>Add, hogy a szeretet, meger\u0151s\u00edtve a h\u00e1zass\u00e1g szents\u00e9ge \u00e1ltal, er\u0151sebbnek mutatkozz\u00e9k, mint b\u00e1rmely gy\u00f6nges\u00e9g \u00e9s minden v\u00e1ls\u00e1g, amely csal\u00e1djainkat n\u00e9ha s\u00fajtja.<\/p>\n<p>V\u00e9g\u00fcl k\u00e9r\u00fcnk, add meg, a n\u00e1z\u00e1reti Szent Csal\u00e1d k\u00f6zbenj\u00e1r\u00e1sa \u00e1ltal, hogy az Egyh\u00e1z a F\u00f6ld \u00f6sszes nemzete k\u00f6z\u00f6tt sikerrel hajthassa v\u00e9gre k\u00fcldet\u00e9s\u00e9t a csal\u00e1dban \u00e9s a csal\u00e1dokon kereszt\u00fcl, a mi Urunk, J\u00e9zus Krisztus \u00e1ltal, aki az \u00fat, az igazs\u00e1g \u00e9s az \u00e9let, mind\u00f6r\u00f6kk\u00f6n \u00f6r\u00f6kk\u00e9. Amen.\u00a0\u00a0\u00a0\u00a0\u00a0\u00a0\u00a0\u00a0\u00a0\u00a0\u00a0\u00a0\u00a0\u00a0\u00a0\u00a0\u00a0\u00a0\u00a0\u00a0\u00a0\u00a0\u00a0\u00a0\u00a0\u00a0\u00a0\u00a0\u00a0\u00a0\u00a0\u00a0\u00a0\u00a0\u00a0\u00a0\u00a0\u00a0\u00a0\u00a0\u00a0\u00a0\u00a0\u00a0\u00a0\u00a0\u00a0\u00a0\u00a0\u00a0 <em>II. J\u00e1nos P\u00e1l p\u00e1pa<\/em><\/p>\n<p>&nbsp;<\/p>\n<p>SZ\u0170Z M\u00c1RIA, ISTEN ANYJA<\/p>\n<p><strong>2020. janu\u00e1r 1.<\/strong><\/p>\n<p>Mint gyermek\u00e9nek az \u00e9desanyja, \u00fagy fogja meg Isten Anyja a kez\u00fcnket, \u00e9s vezet az eg\u00e9sz \u00e9ven \u00e1t. B\u00e1rcsak soha ne r\u00e1ntan\u00e1nk ki kez\u00fcnket kez\u00e9b\u0151l! Isten nev\u00e9ben kezdj\u00fck az \u00faj \u00e9vet. Szorongunk, hogy milyen lesz az \u00faj \u00e9v. \u00d6r\u00f6m\u00f6k, sikerek lesznek-e, vagy b\u00e1nat \u00e9s szenved\u00e9s? Legyen meg az Isten akarata. Csak Istent el ne vesz\u00edts\u00fck!<\/p>\n<p><strong>OLVASM\u00c1NY\u00a0\u00a0 <\/strong>\u00a0\u00a0\u00a0\u00a0\u00a0\u00a0\u00a0\u00a0\u00a0\u00a0\u00a0\u00a0\u00a0\u00a0\u00a0\u00a0\u00a0\u00a0\u00a0\u00a0\u00a0\u00a0\u00a0\u00a0\u00a0\u00a0\u00a0\u00a0\u00a0\u00a0\u00a0\u00a0\u00a0\u00a0\u00a0\u00a0\u00a0\u00a0\u00a0\u00a0\u00a0\u00a0\u00a0<em>Sz\u00e1m 6, 22\u201327<\/em><\/p>\n<p>Sz\u00edvesen n\u00e9z\u00fcnk ragyog\u00f3 arc\u00fa gyermeket. M\u00e9g jobb ragyog\u00f3 arc\u00fa feln\u0151ttet l\u00e1tni. A legjobb, ha mennyei Aty\u00e1nk arca ragyog r\u00e1nk!<\/p>\n<p><strong>V\u00c1LASZOS ZSOLT\u00c1R<\/strong>\u00a0\u00a0\u00a0\u00a0\u00a0\u00a0\u00a0\u00a0 <em>\u00a0\u00a0\u00a0\u00a0\u00a0\u00a0\u00a0\u00a0\u00a0\u00a0\u00a0\u00a0\u00a0\u00a0\u00a0\u00a0\u00a0\u00a0\u00a0\u00a066, 2\u20133. 5. 6 \u00e9s 8<\/em><\/p>\n<p><strong>V\u00e1lasz: K\u00f6ny\u00f6r\u00fclj\u00f6n rajtunk az <u>I<\/u>sten, * <\/strong><\/p>\n<p><strong>\u00a0\u00a0\u00a0\u00a0\u00a0\u00a0\u00a0\u00a0\u00a0\u00a0\u00a0\u00a0\u00a0\u00a0 \u00e9s <u>\u00e1<\/u>ldjon meg minket.<\/strong><\/p>\n<p><strong>SZENTLECKE\u00a0 <\/strong>\u00a0\u00a0\u00a0\u00a0\u00a0\u00a0\u00a0\u00a0\u00a0\u00a0\u00a0\u00a0\u00a0\u00a0\u00a0\u00a0\u00a0\u00a0\u00a0\u00a0\u00a0\u00a0\u00a0\u00a0\u00a0\u00a0\u00a0\u00a0\u00a0\u00a0\u00a0\u00a0\u00a0\u00a0\u00a0\u00a0\u00a0\u00a0\u00a0\u00a0\u00a0\u00a0\u00a0\u00a0\u00a0\u00a0\u00a0\u00a0\u00a0\u00a0\u00a0<em>Gal 4, 4\u20137<\/em><\/p>\n<p>A zsid\u00f3s\u00e1g szolga m\u00f3dra teljes\u00edtette a t\u00f6rv\u00e9nyeket. Krisztus arra adott p\u00e9ld\u00e1t, hogy a t\u00f6rv\u00e9nyeket szeretetb\u0151l kell megtenni, hogy kedv\u00e9ben j\u00e1rjunk a mennyei Aty\u00e1nak, aki Fi\u00e1nak Lelk\u00e9t k\u00fcldte sz\u00edv\u00fcnkbe \u00e9s a menny \u00f6r\u00f6k\u00f6s\u00e9v\u00e9 tett minket.<\/p>\n<p><strong>EVANG\u00c9LIUM \u00a0<\/strong>\u00a0\u00a0\u00a0\u00a0\u00a0\u00a0\u00a0\u00a0\u00a0\u00a0\u00a0\u00a0\u00a0\u00a0\u00a0\u00a0\u00a0\u00a0\u00a0\u00a0\u00a0\u00a0\u00a0\u00a0\u00a0\u00a0\u00a0\u00a0\u00a0\u00a0\u00a0\u00a0\u00a0\u00a0\u00a0\u00a0\u00a0\u00a0\u00a0\u00a0\u00a0\u00a0\u00a0\u00a0\u00a0\u00a0\u00a0\u00a0<em>Lk 2,16\u201321<\/em><\/p>\n<p>J\u00e9zus neve annyit jelent, mint Szabad\u00edt\u00f3. E n\u00e9v szent minden kereszt\u00e9ny szem\u00e9ben. Amint szent volt M\u00e1ria sz\u00edv\u00e9ben, amilyen \u00e1h\u00edtattal mondta ki e nevet J\u00e9zus Anyja, olyan \u00e1h\u00edtattal kell im\u00e1dkoznunk, \u00e9s megszenteln\u00fcnk e Nevet.<\/p>\n<p><strong>AZ EUCHARISZTI\u00c1HOZ<\/strong><\/p>\n<p>Mint a v\u00e1ndor az \u00fatraval\u00f3 kenyeret, \u00fagy fogadjuk az \u00faj \u00e9vben Krisztus Test\u00e9t. Ahogyan a Sz\u0171zanya h\u00e1l\u00e1s volt, \u00fagy akarunk h\u00e1l\u00e1sak lenni Isten kegyelm\u00e9\u00e9rt.<\/p>\n<p><strong>\u00c1LDOZ\u00c1SI \u00c9NEK\u00a0\u00a0\u00a0\u00a0\u00a0\u00a0\u00a0\u00a0\u00a0\u00a0\u00a0\u00a0\u00a0\u00a0\u00a0\u00a0\u00a0\u00a0\u00a0\u00a0\u00a0\u00a0\u00a0\u00a0\u00a0\u00a0\u00a0\u00a0\u00a0\u00a0\u00a0\u00a0\u00a0\u00a0\u00a0\u00a0 \u00a0\u00a0\u00a0\u00a0\u00a0\u00a0\u00a0\u00a0\u00a0\u00a0\u00a0\u00a0\u00a0\u00a0\u00a0\u00a0\u00a0<\/strong><em>\u00a0Zsid 13, 8<\/em><\/p>\n<p>J\u00e9zus Krisztus ugyanaz tegnap, ma \u00e9s mind\u00f6r\u00f6kk\u00e9.<\/p>\n<p>&nbsp;<\/p>\n<p>J\u00c9ZUS SZENTS\u00c9GES NEVE<\/p>\n<p>Janu\u00e1r 3.<\/p>\n<p>J\u00e9zus szent nev\u00e9nek seg\u00edts\u00e9g\u00fcl h\u00edv\u00e1sa biblikus eredet\u0171 im\u00e1ds\u00e1g. A h\u00edvek az Egyh\u00e1z sz\u00fclet\u00e9se \u00f3ta m\u00e1r gyakorolt\u00e1k, a liturgi\u00e1ban azonban csak a 14. sz\u00e1zadban kezdik tisztelni. Sienai Szent Bernardin \u00e9s tan\u00edtv\u00e1nyai eg\u00e9sz It\u00e1li\u00e1ban \u00e9s Eur\u00f3pa-szerte terjesztik tisztelet\u00e9t. A 16. sz\u00e1zadban k\u00fcl\u00f6n liturgikus \u00fcnnepet vezetnek be J\u00e9zus neve tisztelet\u00e9re. 1530-ban pedig VI. Kelemen p\u00e1pa enged\u00e9lyezi a ferenceseknek, hogy J\u00e9zus Szent Nev\u00e9t zsolozsm\u00e1val is \u00fcnnepelj\u00e9k.<\/p>\n<p>&nbsp;<\/p>\n<p><strong>B\u00da\u00c9K = B\u00cdZZUK \u00daJRA \u00c9LET\u00dcNKET KRISZTUSRA!<\/strong><\/p>\n<p>&nbsp;<\/p>\n","protected":false},"excerpt":{"rendered":"<p>2019. december 29. A SZENT CSAL\u00c1D: J\u00c9ZUS, M\u00c1RIA \u00c9S J\u00d3ZSEF &nbsp; Sz\u00e9thull\u00f3 csal\u00e1dokr\u00f3l, kall\u00f3d\u00f3 gyermekekr\u0151l sokat kell ma besz\u00e9ln\u00fcnk. A s\u00e9r\u00fclt lelkek egy \u00e9leten \u00e1t hordozz\u00e1k a sebeket. S mindez r\u00e1nyomja b\u00e9lyeg\u00e9t a t\u00e1rsadalomra. A mai \u00fcnnep azt bizony\u00edtja, hogy a h\u00e1zass\u00e1g \u00e9s a csal\u00e1d lehet f\u00f6ldi mennyorsz\u00e1g is, ha olyan egys\u00e9g \u00e9s szeretet uralkodik a csal\u00e1dtagokban, mint amilyen szeretet \u00f6sszek\u00f6t\u00f6tte M\u00e1ri\u00e1t J\u00f3zseffel \u00e9s a Gyermekkel. OLVASM\u00c1NY\u00a0 \u00a0\u00a0\u00a0\u00a0\u00a0\u00a0\u00a0\u00a0\u00a0\u00a0\u00a0\u00a0\u00a0\u00a0\u00a0\u00a0\u00a0\u00a0\u00a0\u00a0\u00a0\u00a0\u00a0\u00a0\u00a0\u00a0\u00a0\u00a0\u00a0\u00a0\u00a0\u00a0\u00a0\u00a0\u00a0\u00a0\u00a0\u00a0Sir 3, 3\u20137. 14\u201317a A sz\u00fcl\u0151k Isten helyettesei. Tekint\u00e9ly\u00fck Istent\u0151l van. A kincsgy\u0171jt\u00e9s \u00faj lehet\u0151s\u00e9g\u00e9t t\u00e1rja el\u00e9nk Sir\u00e1k fia k\u00f6nyve: a sz\u00fcl\u0151k tisztelet\u00e9t, az engedelmess\u00e9get \u00e9s k\u00fcl\u00f6n\u00f6sk\u00e9ppen az \u00f6reg sz\u00fcl\u0151k gondoz\u00e1s\u00e1t. V\u00c1LASZOS ZSOLT\u00c1R\u00a0\u00a0\u00a0\u00a0\u00a0\u00a0\u00a0\u00a0\u00a0 \u00a0\u00a0\u00a0\u00a0\u00a0\u00a0\u00a0\u00a0\u00a0\u00a0\u00a0\u00a0\u00a0\u00a0\u00a0\u00a0\u00a0\u00a0\u00a0\u00a0\u00a0127, 1\u20132. 3. 4\u20135 V\u00e1lasz: Boldog ember, ki f\u00e9li az Urat, * \u00a0\u00a0\u00a0\u00a0\u00a0\u00a0\u00a0\u00a0\u00a0\u00a0\u00a0\u00a0\u00a0\u00a0 aki az \u00darnak \u00f6sv\u00e9ny\u00e9n halad. SZENTLECKE\u00a0\u00a0 \u00a0\u00a0\u00a0\u00a0\u00a0\u00a0\u00a0\u00a0\u00a0\u00a0\u00a0\u00a0\u00a0\u00a0\u00a0\u00a0\u00a0\u00a0\u00a0\u00a0\u00a0\u00a0\u00a0\u00a0\u00a0\u00a0\u00a0\u00a0\u00a0\u00a0\u00a0\u00a0\u00a0\u00a0\u00a0\u00a0\u00a0\u00a0\u00a0\u00a0\u00a0\u00a0\u00a0\u00a0\u00a0\u00a0Kol 3, 12\u201321 Szent P\u00e1l apostol a csal\u00e1di er\u00e9nyek k\u00f6z\u00f6tt els\u0151 helyre teszi a szeretetet \u00e9s a megbocs\u00e1t\u00e1st. Ezek n\u00e9lk\u00fcl nem lehet k\u00f6z\u00f6ss\u00e9gi \u00e9let, nem l\u00e9tezhet csal\u00e1d. Sokszor el kell n\u00e9zn\u00fcnk egym\u00e1s hib\u00e1it, nem b\u0171np\u00e1rtol\u00e1sb\u00f3l, hanem \u00e9ppen az\u00e9rt, hogy az irgalom, a megbocs\u00e1t\u00e1s hozz\u00e1seg\u00edtse a m\u00e1sikat hib\u00e1inak kijav\u00edt\u00e1s\u00e1hoz. A sz\u00edvtelens\u00e9g pokoll\u00e1 teheti az \u00e9letet. ALLELUJA\u00a0 \u00a0\u00a0\u00a0\u00a0\u00a0\u00a0\u00a0\u00a0\u00a0\u00a0\u00a0\u00a0\u00a0\u00a0\u00a0\u00a0\u00a0\u00a0\u00a0\u00a0\u00a0\u00a0\u00a0\u00a0\u00a0\u00a0\u00a0\u00a0\u00a0\u00a0\u00a0\u00a0\u00a0\u00a0\u00a0\u00a0\u00a0\u00a0\u00a0\u00a0\u00a0\u00a0\u00a0\u00a0Kol 3, 15a. \u00e9s 16a\u00a0\u00a0\u00a0\u00a0\u00a0 Sz\u00edvetekben uralkodj\u00e9k Krisztus b\u00e9k\u00e9je, * Krisztus tan\u00edt\u00e1sa t\u00f6lts\u00f6n el titeket gazdagon. EVANG\u00c9LIUM \u00a0\u00a0\u00a0\u00a0\u00a0\u00a0\u00a0\u00a0\u00a0\u00a0\u00a0\u00a0\u00a0\u00a0\u00a0\u00a0\u00a0\u00a0\u00a0\u00a0\u00a0\u00a0\u00a0\u00a0\u00a0\u00a0\u00a0\u00a0\u00a0\u00a0\u00a0\u00a0\u00a0\u00a0\u00a0\u00a0Mt 2, 12\u201315. 19\u201323 Betlehem, Egyiptom \u00e9s N\u00e1z\u00e1ret az Istengyermek \u00e9let\u00e9nek \u00e1llom\u00e1sai. Sz\u00fclei szeretet\u00e9ben a mennyei Atya gondoskod\u00e1sa nyilv\u00e1nul meg. \u0150k teljesen r\u00e1hagyatkoznak Isten ir\u00e1ny\u00edt\u00e1s\u00e1ra. AZ EUCHARISZTI\u00c1HOZ Csal\u00e1di asztalhoz h\u00edv benn\u00fcnket az \u00dar. Legy\u00fcnk egyek a szeretetben. Kenyer\u00e9vel t\u00e1pl\u00e1l \u00e9s \u00e9ltet. &nbsp; IMA A CSAL\u00c1DOK\u00c9RT Isten, kit\u0151l a mennyben \u00e9s a f\u00f6ld\u00f6n minden sz\u00e1rmazik, Aty\u00e1nk, aki a Szeretet \u00e9s az \u00c9let vagy, add meg, hogy a F\u00f6ld\u00f6n minden csal\u00e1d \u2013 Fiad, J\u00e9zus Krisztus \u00e1ltal, aki \u201easszonyt\u00f3l sz\u00fcletett\u201d, \u00e9s a Szentl\u00e9lek \u00e1ltal \u2013 legyen az isteni kegyelem forr\u00e1sa, az \u00e9let \u00e9s szeretet igazi szent\u00e9lye a nemzed\u00e9kek sz\u00e1m\u00e1ra, amelyek egym\u00e1sra k\u00f6vetkeznek. Add meg, hogy kegyelmed vez\u00e9relje a h\u00e1zast\u00e1rsak gondolatait \u00e9s cselekedeteit&#8230; <\/p>\n<p><a class=\"readmore\" href=\"https:\/\/stuttgarti-katolikusok.de\/index.php\/szent-csalad-vasarnapja\/\">R\u00e9szletek<\/a><\/p>\n","protected":false},"author":3,"featured_media":0,"comment_status":"closed","ping_status":"closed","sticky":false,"template":"","format":"standard","meta":{"footnotes":""},"categories":[63],"tags":[],"class_list":["post-18416","post","type-post","status-publish","format-standard","hentry","category-vasarnapi-gondolatok"],"yoast_head":"<!-- This site is optimized with the Yoast SEO plugin v27.3 - https:\/\/yoast.com\/product\/yoast-seo-wordpress\/ -->\n<title>Szent Csal\u00e1d vas\u00e1rnapja - Stuttgarti Katolikusok<\/title>\n<meta name=\"robots\" content=\"index, follow, max-snippet:-1, max-image-preview:large, max-video-preview:-1\" \/>\n<link rel=\"canonical\" href=\"https:\/\/stuttgarti-katolikusok.de\/index.php\/szent-csalad-vasarnapja\/\" \/>\n<meta property=\"og:locale\" content=\"hu_HU\" \/>\n<meta property=\"og:type\" content=\"article\" \/>\n<meta property=\"og:title\" content=\"Szent Csal\u00e1d vas\u00e1rnapja - Stuttgarti Katolikusok\" \/>\n<meta property=\"og:description\" content=\"2019. december 29. A SZENT CSAL\u00c1D: J\u00c9ZUS, M\u00c1RIA \u00c9S J\u00d3ZSEF &nbsp; Sz\u00e9thull\u00f3 csal\u00e1dokr\u00f3l, kall\u00f3d\u00f3 gyermekekr\u0151l sokat kell ma besz\u00e9ln\u00fcnk. A s\u00e9r\u00fclt lelkek egy \u00e9leten \u00e1t hordozz\u00e1k a sebeket. S mindez r\u00e1nyomja b\u00e9lyeg\u00e9t a t\u00e1rsadalomra. A mai \u00fcnnep azt bizony\u00edtja, hogy a h\u00e1zass\u00e1g \u00e9s a csal\u00e1d lehet f\u00f6ldi mennyorsz\u00e1g is, ha olyan egys\u00e9g \u00e9s szeretet uralkodik a csal\u00e1dtagokban, mint amilyen szeretet \u00f6sszek\u00f6t\u00f6tte M\u00e1ri\u00e1t J\u00f3zseffel \u00e9s a Gyermekkel. OLVASM\u00c1NY\u00a0 \u00a0\u00a0\u00a0\u00a0\u00a0\u00a0\u00a0\u00a0\u00a0\u00a0\u00a0\u00a0\u00a0\u00a0\u00a0\u00a0\u00a0\u00a0\u00a0\u00a0\u00a0\u00a0\u00a0\u00a0\u00a0\u00a0\u00a0\u00a0\u00a0\u00a0\u00a0\u00a0\u00a0\u00a0\u00a0\u00a0\u00a0\u00a0Sir 3, 3\u20137. 14\u201317a A sz\u00fcl\u0151k Isten helyettesei. Tekint\u00e9ly\u00fck Istent\u0151l van. A kincsgy\u0171jt\u00e9s \u00faj lehet\u0151s\u00e9g\u00e9t t\u00e1rja el\u00e9nk Sir\u00e1k fia k\u00f6nyve: a sz\u00fcl\u0151k tisztelet\u00e9t, az engedelmess\u00e9get \u00e9s k\u00fcl\u00f6n\u00f6sk\u00e9ppen az \u00f6reg sz\u00fcl\u0151k gondoz\u00e1s\u00e1t. V\u00c1LASZOS ZSOLT\u00c1R\u00a0\u00a0\u00a0\u00a0\u00a0\u00a0\u00a0\u00a0\u00a0 \u00a0\u00a0\u00a0\u00a0\u00a0\u00a0\u00a0\u00a0\u00a0\u00a0\u00a0\u00a0\u00a0\u00a0\u00a0\u00a0\u00a0\u00a0\u00a0\u00a0\u00a0127, 1\u20132. 3. 4\u20135 V\u00e1lasz: Boldog ember, ki f\u00e9li az Urat, * \u00a0\u00a0\u00a0\u00a0\u00a0\u00a0\u00a0\u00a0\u00a0\u00a0\u00a0\u00a0\u00a0\u00a0 aki az \u00darnak \u00f6sv\u00e9ny\u00e9n halad. SZENTLECKE\u00a0\u00a0 \u00a0\u00a0\u00a0\u00a0\u00a0\u00a0\u00a0\u00a0\u00a0\u00a0\u00a0\u00a0\u00a0\u00a0\u00a0\u00a0\u00a0\u00a0\u00a0\u00a0\u00a0\u00a0\u00a0\u00a0\u00a0\u00a0\u00a0\u00a0\u00a0\u00a0\u00a0\u00a0\u00a0\u00a0\u00a0\u00a0\u00a0\u00a0\u00a0\u00a0\u00a0\u00a0\u00a0\u00a0\u00a0\u00a0Kol 3, 12\u201321 Szent P\u00e1l apostol a csal\u00e1di er\u00e9nyek k\u00f6z\u00f6tt els\u0151 helyre teszi a szeretetet \u00e9s a megbocs\u00e1t\u00e1st. Ezek n\u00e9lk\u00fcl nem lehet k\u00f6z\u00f6ss\u00e9gi \u00e9let, nem l\u00e9tezhet csal\u00e1d. Sokszor el kell n\u00e9zn\u00fcnk egym\u00e1s hib\u00e1it, nem b\u0171np\u00e1rtol\u00e1sb\u00f3l, hanem \u00e9ppen az\u00e9rt, hogy az irgalom, a megbocs\u00e1t\u00e1s hozz\u00e1seg\u00edtse a m\u00e1sikat hib\u00e1inak kijav\u00edt\u00e1s\u00e1hoz. A sz\u00edvtelens\u00e9g pokoll\u00e1 teheti az \u00e9letet. ALLELUJA\u00a0 \u00a0\u00a0\u00a0\u00a0\u00a0\u00a0\u00a0\u00a0\u00a0\u00a0\u00a0\u00a0\u00a0\u00a0\u00a0\u00a0\u00a0\u00a0\u00a0\u00a0\u00a0\u00a0\u00a0\u00a0\u00a0\u00a0\u00a0\u00a0\u00a0\u00a0\u00a0\u00a0\u00a0\u00a0\u00a0\u00a0\u00a0\u00a0\u00a0\u00a0\u00a0\u00a0\u00a0\u00a0Kol 3, 15a. \u00e9s 16a\u00a0\u00a0\u00a0\u00a0\u00a0 Sz\u00edvetekben uralkodj\u00e9k Krisztus b\u00e9k\u00e9je, * Krisztus tan\u00edt\u00e1sa t\u00f6lts\u00f6n el titeket gazdagon. EVANG\u00c9LIUM \u00a0\u00a0\u00a0\u00a0\u00a0\u00a0\u00a0\u00a0\u00a0\u00a0\u00a0\u00a0\u00a0\u00a0\u00a0\u00a0\u00a0\u00a0\u00a0\u00a0\u00a0\u00a0\u00a0\u00a0\u00a0\u00a0\u00a0\u00a0\u00a0\u00a0\u00a0\u00a0\u00a0\u00a0\u00a0\u00a0Mt 2, 12\u201315. 19\u201323 Betlehem, Egyiptom \u00e9s N\u00e1z\u00e1ret az Istengyermek \u00e9let\u00e9nek \u00e1llom\u00e1sai. Sz\u00fclei szeretet\u00e9ben a mennyei Atya gondoskod\u00e1sa nyilv\u00e1nul meg. \u0150k teljesen r\u00e1hagyatkoznak Isten ir\u00e1ny\u00edt\u00e1s\u00e1ra. AZ EUCHARISZTI\u00c1HOZ Csal\u00e1di asztalhoz h\u00edv benn\u00fcnket az \u00dar. Legy\u00fcnk egyek a szeretetben. Kenyer\u00e9vel t\u00e1pl\u00e1l \u00e9s \u00e9ltet. &nbsp; IMA A CSAL\u00c1DOK\u00c9RT Isten, kit\u0151l a mennyben \u00e9s a f\u00f6ld\u00f6n minden sz\u00e1rmazik, Aty\u00e1nk, aki a Szeretet \u00e9s az \u00c9let vagy, add meg, hogy a F\u00f6ld\u00f6n minden csal\u00e1d \u2013 Fiad, J\u00e9zus Krisztus \u00e1ltal, aki \u201easszonyt\u00f3l sz\u00fcletett\u201d, \u00e9s a Szentl\u00e9lek \u00e1ltal \u2013 legyen az isteni kegyelem forr\u00e1sa, az \u00e9let \u00e9s szeretet igazi szent\u00e9lye a nemzed\u00e9kek sz\u00e1m\u00e1ra, amelyek egym\u00e1sra k\u00f6vetkeznek. Add meg, hogy kegyelmed vez\u00e9relje a h\u00e1zast\u00e1rsak gondolatait \u00e9s cselekedeteit... R\u00e9szletek\" \/>\n<meta property=\"og:url\" content=\"https:\/\/stuttgarti-katolikusok.de\/index.php\/szent-csalad-vasarnapja\/\" \/>\n<meta property=\"og:site_name\" content=\"Stuttgarti Katolikusok\" \/>\n<meta property=\"article:published_time\" content=\"2019-12-30T09:53:00+00:00\" \/>\n<meta property=\"article:modified_time\" content=\"2020-04-27T08:32:11+00:00\" \/>\n<meta name=\"author\" content=\"Tibor atya\" \/>\n<meta name=\"twitter:card\" content=\"summary_large_image\" \/>\n<meta name=\"twitter:label1\" content=\"Szerz\u0151:\" \/>\n\t<meta name=\"twitter:data1\" content=\"Tibor atya\" \/>\n\t<meta name=\"twitter:label2\" content=\"Becs\u00fclt olvas\u00e1si id\u0151\" \/>\n\t<meta name=\"twitter:data2\" content=\"5 perc\" \/>\n<script type=\"application\/ld+json\" class=\"yoast-schema-graph\">{\"@context\":\"https:\\\/\\\/schema.org\",\"@graph\":[{\"@type\":\"Article\",\"@id\":\"https:\\\/\\\/stuttgarti-katolikusok.de\\\/index.php\\\/szent-csalad-vasarnapja\\\/#article\",\"isPartOf\":{\"@id\":\"https:\\\/\\\/stuttgarti-katolikusok.de\\\/index.php\\\/szent-csalad-vasarnapja\\\/\"},\"author\":{\"name\":\"Tibor atya\",\"@id\":\"https:\\\/\\\/stuttgarti-katolikusok.de\\\/#\\\/schema\\\/person\\\/75908d6f8fdc03a57889d27209df7795\"},\"headline\":\"Szent Csal\u00e1d vas\u00e1rnapja\",\"datePublished\":\"2019-12-30T09:53:00+00:00\",\"dateModified\":\"2020-04-27T08:32:11+00:00\",\"mainEntityOfPage\":{\"@id\":\"https:\\\/\\\/stuttgarti-katolikusok.de\\\/index.php\\\/szent-csalad-vasarnapja\\\/\"},\"wordCount\":991,\"articleSection\":[\"Vas\u00e1rnapi gondolatok\"],\"inLanguage\":\"hu\"},{\"@type\":\"WebPage\",\"@id\":\"https:\\\/\\\/stuttgarti-katolikusok.de\\\/index.php\\\/szent-csalad-vasarnapja\\\/\",\"url\":\"https:\\\/\\\/stuttgarti-katolikusok.de\\\/index.php\\\/szent-csalad-vasarnapja\\\/\",\"name\":\"Szent Csal\u00e1d vas\u00e1rnapja - Stuttgarti Katolikusok\",\"isPartOf\":{\"@id\":\"https:\\\/\\\/stuttgarti-katolikusok.de\\\/#website\"},\"datePublished\":\"2019-12-30T09:53:00+00:00\",\"dateModified\":\"2020-04-27T08:32:11+00:00\",\"author\":{\"@id\":\"https:\\\/\\\/stuttgarti-katolikusok.de\\\/#\\\/schema\\\/person\\\/75908d6f8fdc03a57889d27209df7795\"},\"breadcrumb\":{\"@id\":\"https:\\\/\\\/stuttgarti-katolikusok.de\\\/index.php\\\/szent-csalad-vasarnapja\\\/#breadcrumb\"},\"inLanguage\":\"hu\",\"potentialAction\":[{\"@type\":\"ReadAction\",\"target\":[\"https:\\\/\\\/stuttgarti-katolikusok.de\\\/index.php\\\/szent-csalad-vasarnapja\\\/\"]}]},{\"@type\":\"BreadcrumbList\",\"@id\":\"https:\\\/\\\/stuttgarti-katolikusok.de\\\/index.php\\\/szent-csalad-vasarnapja\\\/#breadcrumb\",\"itemListElement\":[{\"@type\":\"ListItem\",\"position\":1,\"name\":\"Kezd\u0151lap\",\"item\":\"https:\\\/\\\/stuttgarti-katolikusok.de\\\/\"},{\"@type\":\"ListItem\",\"position\":2,\"name\":\"Szent Csal\u00e1d vas\u00e1rnapja\"}]},{\"@type\":\"WebSite\",\"@id\":\"https:\\\/\\\/stuttgarti-katolikusok.de\\\/#website\",\"url\":\"https:\\\/\\\/stuttgarti-katolikusok.de\\\/\",\"name\":\"Stuttgarti Katolikusok\",\"description\":\"\",\"potentialAction\":[{\"@type\":\"SearchAction\",\"target\":{\"@type\":\"EntryPoint\",\"urlTemplate\":\"https:\\\/\\\/stuttgarti-katolikusok.de\\\/?s={search_term_string}\"},\"query-input\":{\"@type\":\"PropertyValueSpecification\",\"valueRequired\":true,\"valueName\":\"search_term_string\"}}],\"inLanguage\":\"hu\"},{\"@type\":\"Person\",\"@id\":\"https:\\\/\\\/stuttgarti-katolikusok.de\\\/#\\\/schema\\\/person\\\/75908d6f8fdc03a57889d27209df7795\",\"name\":\"Tibor atya\",\"image\":{\"@type\":\"ImageObject\",\"inLanguage\":\"hu\",\"@id\":\"https:\\\/\\\/secure.gravatar.com\\\/avatar\\\/61d268e57d1f4525b111222e29d2d5a7f8c420fdbf231ba5566a8ceac74fa960?s=96&d=mm&r=g\",\"url\":\"https:\\\/\\\/secure.gravatar.com\\\/avatar\\\/61d268e57d1f4525b111222e29d2d5a7f8c420fdbf231ba5566a8ceac74fa960?s=96&d=mm&r=g\",\"contentUrl\":\"https:\\\/\\\/secure.gravatar.com\\\/avatar\\\/61d268e57d1f4525b111222e29d2d5a7f8c420fdbf231ba5566a8ceac74fa960?s=96&d=mm&r=g\",\"caption\":\"Tibor atya\"},\"url\":\"https:\\\/\\\/stuttgarti-katolikusok.de\\\/index.php\\\/author\\\/tibor-atya\\\/\"}]}<\/script>\n<!-- \/ Yoast SEO plugin. -->","yoast_head_json":{"title":"Szent Csal\u00e1d vas\u00e1rnapja - Stuttgarti Katolikusok","robots":{"index":"index","follow":"follow","max-snippet":"max-snippet:-1","max-image-preview":"max-image-preview:large","max-video-preview":"max-video-preview:-1"},"canonical":"https:\/\/stuttgarti-katolikusok.de\/index.php\/szent-csalad-vasarnapja\/","og_locale":"hu_HU","og_type":"article","og_title":"Szent Csal\u00e1d vas\u00e1rnapja - Stuttgarti Katolikusok","og_description":"2019. december 29. A SZENT CSAL\u00c1D: J\u00c9ZUS, M\u00c1RIA \u00c9S J\u00d3ZSEF &nbsp; Sz\u00e9thull\u00f3 csal\u00e1dokr\u00f3l, kall\u00f3d\u00f3 gyermekekr\u0151l sokat kell ma besz\u00e9ln\u00fcnk. A s\u00e9r\u00fclt lelkek egy \u00e9leten \u00e1t hordozz\u00e1k a sebeket. S mindez r\u00e1nyomja b\u00e9lyeg\u00e9t a t\u00e1rsadalomra. A mai \u00fcnnep azt bizony\u00edtja, hogy a h\u00e1zass\u00e1g \u00e9s a csal\u00e1d lehet f\u00f6ldi mennyorsz\u00e1g is, ha olyan egys\u00e9g \u00e9s szeretet uralkodik a csal\u00e1dtagokban, mint amilyen szeretet \u00f6sszek\u00f6t\u00f6tte M\u00e1ri\u00e1t J\u00f3zseffel \u00e9s a Gyermekkel. OLVASM\u00c1NY\u00a0 \u00a0\u00a0\u00a0\u00a0\u00a0\u00a0\u00a0\u00a0\u00a0\u00a0\u00a0\u00a0\u00a0\u00a0\u00a0\u00a0\u00a0\u00a0\u00a0\u00a0\u00a0\u00a0\u00a0\u00a0\u00a0\u00a0\u00a0\u00a0\u00a0\u00a0\u00a0\u00a0\u00a0\u00a0\u00a0\u00a0\u00a0\u00a0Sir 3, 3\u20137. 14\u201317a A sz\u00fcl\u0151k Isten helyettesei. Tekint\u00e9ly\u00fck Istent\u0151l van. A kincsgy\u0171jt\u00e9s \u00faj lehet\u0151s\u00e9g\u00e9t t\u00e1rja el\u00e9nk Sir\u00e1k fia k\u00f6nyve: a sz\u00fcl\u0151k tisztelet\u00e9t, az engedelmess\u00e9get \u00e9s k\u00fcl\u00f6n\u00f6sk\u00e9ppen az \u00f6reg sz\u00fcl\u0151k gondoz\u00e1s\u00e1t. V\u00c1LASZOS ZSOLT\u00c1R\u00a0\u00a0\u00a0\u00a0\u00a0\u00a0\u00a0\u00a0\u00a0 \u00a0\u00a0\u00a0\u00a0\u00a0\u00a0\u00a0\u00a0\u00a0\u00a0\u00a0\u00a0\u00a0\u00a0\u00a0\u00a0\u00a0\u00a0\u00a0\u00a0\u00a0127, 1\u20132. 3. 4\u20135 V\u00e1lasz: Boldog ember, ki f\u00e9li az Urat, * \u00a0\u00a0\u00a0\u00a0\u00a0\u00a0\u00a0\u00a0\u00a0\u00a0\u00a0\u00a0\u00a0\u00a0 aki az \u00darnak \u00f6sv\u00e9ny\u00e9n halad. SZENTLECKE\u00a0\u00a0 \u00a0\u00a0\u00a0\u00a0\u00a0\u00a0\u00a0\u00a0\u00a0\u00a0\u00a0\u00a0\u00a0\u00a0\u00a0\u00a0\u00a0\u00a0\u00a0\u00a0\u00a0\u00a0\u00a0\u00a0\u00a0\u00a0\u00a0\u00a0\u00a0\u00a0\u00a0\u00a0\u00a0\u00a0\u00a0\u00a0\u00a0\u00a0\u00a0\u00a0\u00a0\u00a0\u00a0\u00a0\u00a0\u00a0Kol 3, 12\u201321 Szent P\u00e1l apostol a csal\u00e1di er\u00e9nyek k\u00f6z\u00f6tt els\u0151 helyre teszi a szeretetet \u00e9s a megbocs\u00e1t\u00e1st. Ezek n\u00e9lk\u00fcl nem lehet k\u00f6z\u00f6ss\u00e9gi \u00e9let, nem l\u00e9tezhet csal\u00e1d. Sokszor el kell n\u00e9zn\u00fcnk egym\u00e1s hib\u00e1it, nem b\u0171np\u00e1rtol\u00e1sb\u00f3l, hanem \u00e9ppen az\u00e9rt, hogy az irgalom, a megbocs\u00e1t\u00e1s hozz\u00e1seg\u00edtse a m\u00e1sikat hib\u00e1inak kijav\u00edt\u00e1s\u00e1hoz. A sz\u00edvtelens\u00e9g pokoll\u00e1 teheti az \u00e9letet. ALLELUJA\u00a0 \u00a0\u00a0\u00a0\u00a0\u00a0\u00a0\u00a0\u00a0\u00a0\u00a0\u00a0\u00a0\u00a0\u00a0\u00a0\u00a0\u00a0\u00a0\u00a0\u00a0\u00a0\u00a0\u00a0\u00a0\u00a0\u00a0\u00a0\u00a0\u00a0\u00a0\u00a0\u00a0\u00a0\u00a0\u00a0\u00a0\u00a0\u00a0\u00a0\u00a0\u00a0\u00a0\u00a0\u00a0Kol 3, 15a. \u00e9s 16a\u00a0\u00a0\u00a0\u00a0\u00a0 Sz\u00edvetekben uralkodj\u00e9k Krisztus b\u00e9k\u00e9je, * Krisztus tan\u00edt\u00e1sa t\u00f6lts\u00f6n el titeket gazdagon. EVANG\u00c9LIUM \u00a0\u00a0\u00a0\u00a0\u00a0\u00a0\u00a0\u00a0\u00a0\u00a0\u00a0\u00a0\u00a0\u00a0\u00a0\u00a0\u00a0\u00a0\u00a0\u00a0\u00a0\u00a0\u00a0\u00a0\u00a0\u00a0\u00a0\u00a0\u00a0\u00a0\u00a0\u00a0\u00a0\u00a0\u00a0\u00a0Mt 2, 12\u201315. 19\u201323 Betlehem, Egyiptom \u00e9s N\u00e1z\u00e1ret az Istengyermek \u00e9let\u00e9nek \u00e1llom\u00e1sai. Sz\u00fclei szeretet\u00e9ben a mennyei Atya gondoskod\u00e1sa nyilv\u00e1nul meg. \u0150k teljesen r\u00e1hagyatkoznak Isten ir\u00e1ny\u00edt\u00e1s\u00e1ra. AZ EUCHARISZTI\u00c1HOZ Csal\u00e1di asztalhoz h\u00edv benn\u00fcnket az \u00dar. Legy\u00fcnk egyek a szeretetben. Kenyer\u00e9vel t\u00e1pl\u00e1l \u00e9s \u00e9ltet. &nbsp; IMA A CSAL\u00c1DOK\u00c9RT Isten, kit\u0151l a mennyben \u00e9s a f\u00f6ld\u00f6n minden sz\u00e1rmazik, Aty\u00e1nk, aki a Szeretet \u00e9s az \u00c9let vagy, add meg, hogy a F\u00f6ld\u00f6n minden csal\u00e1d \u2013 Fiad, J\u00e9zus Krisztus \u00e1ltal, aki \u201easszonyt\u00f3l sz\u00fcletett\u201d, \u00e9s a Szentl\u00e9lek \u00e1ltal \u2013 legyen az isteni kegyelem forr\u00e1sa, az \u00e9let \u00e9s szeretet igazi szent\u00e9lye a nemzed\u00e9kek sz\u00e1m\u00e1ra, amelyek egym\u00e1sra k\u00f6vetkeznek. Add meg, hogy kegyelmed vez\u00e9relje a h\u00e1zast\u00e1rsak gondolatait \u00e9s cselekedeteit... R\u00e9szletek","og_url":"https:\/\/stuttgarti-katolikusok.de\/index.php\/szent-csalad-vasarnapja\/","og_site_name":"Stuttgarti Katolikusok","article_published_time":"2019-12-30T09:53:00+00:00","article_modified_time":"2020-04-27T08:32:11+00:00","author":"Tibor atya","twitter_card":"summary_large_image","twitter_misc":{"Szerz\u0151:":"Tibor atya","Becs\u00fclt olvas\u00e1si id\u0151":"5 perc"},"schema":{"@context":"https:\/\/schema.org","@graph":[{"@type":"Article","@id":"https:\/\/stuttgarti-katolikusok.de\/index.php\/szent-csalad-vasarnapja\/#article","isPartOf":{"@id":"https:\/\/stuttgarti-katolikusok.de\/index.php\/szent-csalad-vasarnapja\/"},"author":{"name":"Tibor atya","@id":"https:\/\/stuttgarti-katolikusok.de\/#\/schema\/person\/75908d6f8fdc03a57889d27209df7795"},"headline":"Szent Csal\u00e1d vas\u00e1rnapja","datePublished":"2019-12-30T09:53:00+00:00","dateModified":"2020-04-27T08:32:11+00:00","mainEntityOfPage":{"@id":"https:\/\/stuttgarti-katolikusok.de\/index.php\/szent-csalad-vasarnapja\/"},"wordCount":991,"articleSection":["Vas\u00e1rnapi gondolatok"],"inLanguage":"hu"},{"@type":"WebPage","@id":"https:\/\/stuttgarti-katolikusok.de\/index.php\/szent-csalad-vasarnapja\/","url":"https:\/\/stuttgarti-katolikusok.de\/index.php\/szent-csalad-vasarnapja\/","name":"Szent Csal\u00e1d vas\u00e1rnapja - Stuttgarti Katolikusok","isPartOf":{"@id":"https:\/\/stuttgarti-katolikusok.de\/#website"},"datePublished":"2019-12-30T09:53:00+00:00","dateModified":"2020-04-27T08:32:11+00:00","author":{"@id":"https:\/\/stuttgarti-katolikusok.de\/#\/schema\/person\/75908d6f8fdc03a57889d27209df7795"},"breadcrumb":{"@id":"https:\/\/stuttgarti-katolikusok.de\/index.php\/szent-csalad-vasarnapja\/#breadcrumb"},"inLanguage":"hu","potentialAction":[{"@type":"ReadAction","target":["https:\/\/stuttgarti-katolikusok.de\/index.php\/szent-csalad-vasarnapja\/"]}]},{"@type":"BreadcrumbList","@id":"https:\/\/stuttgarti-katolikusok.de\/index.php\/szent-csalad-vasarnapja\/#breadcrumb","itemListElement":[{"@type":"ListItem","position":1,"name":"Kezd\u0151lap","item":"https:\/\/stuttgarti-katolikusok.de\/"},{"@type":"ListItem","position":2,"name":"Szent Csal\u00e1d vas\u00e1rnapja"}]},{"@type":"WebSite","@id":"https:\/\/stuttgarti-katolikusok.de\/#website","url":"https:\/\/stuttgarti-katolikusok.de\/","name":"Stuttgarti Katolikusok","description":"","potentialAction":[{"@type":"SearchAction","target":{"@type":"EntryPoint","urlTemplate":"https:\/\/stuttgarti-katolikusok.de\/?s={search_term_string}"},"query-input":{"@type":"PropertyValueSpecification","valueRequired":true,"valueName":"search_term_string"}}],"inLanguage":"hu"},{"@type":"Person","@id":"https:\/\/stuttgarti-katolikusok.de\/#\/schema\/person\/75908d6f8fdc03a57889d27209df7795","name":"Tibor atya","image":{"@type":"ImageObject","inLanguage":"hu","@id":"https:\/\/secure.gravatar.com\/avatar\/61d268e57d1f4525b111222e29d2d5a7f8c420fdbf231ba5566a8ceac74fa960?s=96&d=mm&r=g","url":"https:\/\/secure.gravatar.com\/avatar\/61d268e57d1f4525b111222e29d2d5a7f8c420fdbf231ba5566a8ceac74fa960?s=96&d=mm&r=g","contentUrl":"https:\/\/secure.gravatar.com\/avatar\/61d268e57d1f4525b111222e29d2d5a7f8c420fdbf231ba5566a8ceac74fa960?s=96&d=mm&r=g","caption":"Tibor atya"},"url":"https:\/\/stuttgarti-katolikusok.de\/index.php\/author\/tibor-atya\/"}]}},"_links":{"self":[{"href":"https:\/\/stuttgarti-katolikusok.de\/index.php\/wp-json\/wp\/v2\/posts\/18416","targetHints":{"allow":["GET"]}}],"collection":[{"href":"https:\/\/stuttgarti-katolikusok.de\/index.php\/wp-json\/wp\/v2\/posts"}],"about":[{"href":"https:\/\/stuttgarti-katolikusok.de\/index.php\/wp-json\/wp\/v2\/types\/post"}],"author":[{"embeddable":true,"href":"https:\/\/stuttgarti-katolikusok.de\/index.php\/wp-json\/wp\/v2\/users\/3"}],"replies":[{"embeddable":true,"href":"https:\/\/stuttgarti-katolikusok.de\/index.php\/wp-json\/wp\/v2\/comments?post=18416"}],"version-history":[{"count":2,"href":"https:\/\/stuttgarti-katolikusok.de\/index.php\/wp-json\/wp\/v2\/posts\/18416\/revisions"}],"predecessor-version":[{"id":18419,"href":"https:\/\/stuttgarti-katolikusok.de\/index.php\/wp-json\/wp\/v2\/posts\/18416\/revisions\/18419"}],"wp:attachment":[{"href":"https:\/\/stuttgarti-katolikusok.de\/index.php\/wp-json\/wp\/v2\/media?parent=18416"}],"wp:term":[{"taxonomy":"category","embeddable":true,"href":"https:\/\/stuttgarti-katolikusok.de\/index.php\/wp-json\/wp\/v2\/categories?post=18416"},{"taxonomy":"post_tag","embeddable":true,"href":"https:\/\/stuttgarti-katolikusok.de\/index.php\/wp-json\/wp\/v2\/tags?post=18416"}],"curies":[{"name":"wp","href":"https:\/\/api.w.org\/{rel}","templated":true}]}}