{"id":18229,"date":"2019-12-16T14:19:04","date_gmt":"2019-12-16T14:19:04","guid":{"rendered":"https:\/\/gracious-dewdney.138-201-221-2.plesk.page\/?p=18229"},"modified":"2020-04-27T08:33:20","modified_gmt":"2020-04-27T08:33:20","slug":"december-16-es-26-kozott","status":"publish","type":"post","link":"https:\/\/stuttgarti-katolikusok.de\/index.php\/december-16-es-26-kozott\/","title":{"rendered":"December 16 \u00e9s 26 k\u00f6z\u00f6tt"},"content":{"rendered":"<p><strong>Programel\u0151zetes<\/strong><\/p>\n<p>&nbsp;<\/p>\n<p><strong>December 18-\u00e1n, <\/strong>szerd\u00e1n,<\/p>\n<p><strong>Stuttgartban <\/strong>10.15 \u00f3rakor <em>n\u00e9metnyelv\u0171 szentmise.<\/em><\/p>\n<p style=\"text-align: center;\">*<\/p>\n<p><strong>December 19-\u00e9n, <\/strong>cs\u00fct\u00f6rt\u00f6k\u00f6n,<\/p>\n<p><strong>Ulmi d\u00e9lut\u00e1n <\/strong>17.30 \u00f3rakor <em>r\u00f3zsaf\u00fcz\u00e9r im\u00e1ds\u00e1g<\/em>, ut\u00e1na <em>szentmise<\/em>. Keret\u00e9ben: <em>Besz\u00e9lget\u00e9sek a Katekizmusr\u00f3l.<\/em><\/p>\n<p style=\"text-align: center;\">*<\/p>\n<p><strong>December 20-\u00e1n, <\/strong>p\u00e9nteken,<\/p>\n<p><strong>Stuttgartban<\/strong> 8.00 \u00f3rakor <em>r\u00f3r\u00e1t\u00e9 szentmise<\/em>. Ut\u00e1na <em>k\u00f6z\u00f6s reggeli<\/em> a Pl\u00e9b\u00e1ni\u00e1n.<\/p>\n<p>19.00 \u00f3rakor <em>Kar\u00e1csonyfa-fel\u00e1ll\u00edt\u00e1s<\/em> a templomban. Ut\u00e1na <em>bar\u00e1ti egy\u00fcttl\u00e9t.<\/em><\/p>\n<p><strong>Weingarteni d\u00e9lut\u00e1n<\/strong> a Marien Kirche-ben: 17.30 \u00f3rakor <em>r\u00f3zsaf\u00fcz\u00e9r im\u00e1ds\u00e1g<\/em>, ut\u00e1na <em>szentmise<\/em>. Keret\u00e9ben: <em>Besz\u00e9lget\u00e9sek a Katekizmusr\u00f3l<\/em>.<\/p>\n<p style=\"text-align: center;\">*<\/p>\n<p><strong>December 21-\u00e9n, <\/strong>szombaton,<\/p>\n<p><strong>Weingartenben<\/strong> 7.00 \u00f3rakor <em>r\u00f3r\u00e1t\u00e9 szentmise<\/em> a 14 Nothelfer Kapelle-ben, ut\u00e1na <em>k\u00f6z\u00f6s reggeli<\/em> a k\u00f6zeli \u00e9tkezd\u00e9ben.<\/p>\n<p><strong>Heidenheimban<\/strong> 15.30 \u00f3rakor <em>szentmise, <\/em>majd <em>\u00e1g\u00e1p\u00e9.<\/em><\/p>\n<p><strong>Reutlingenben<\/strong> 16.30 \u00f3rakor <em>szentmise. <\/em>Ut\u00e1na <em>\u00e1g\u00e1p\u00e9.<\/em><\/p>\n<p style=\"text-align: center;\">*<\/p>\n<p><strong>December 22-\u00e9n, <\/strong>advent 4. vas\u00e1rnapja,<\/p>\n<p><strong>Biberachban <\/strong>8.45 \u00f3rakor <em>szentmise, <\/em>ut\u00e1na <em>\u00e1g\u00e1p\u00e9.<\/em><\/p>\n<p><strong>Pforzheimban <\/strong>11.00 \u00f3rakor <em>szentmise<\/em>, ut\u00e1na <em>\u00e1g\u00e1p\u00e9<\/em>.<\/p>\n<p><strong>Ulmban <\/strong>12.00 \u00f3rakor <em>szentmise.<\/em><\/p>\n<p><strong>Eislingenben <\/strong>15.00 \u00f3rakor <em>szentmise.\u00a0<\/em>Az \u00e1g\u00e1p\u00e9 ez alkalommal elmarad!!!<\/p>\n<p style=\"text-align: center;\">*<\/p>\n<p><strong>December 24-\u00e9n, <\/strong>kedd, <em>Szenteste, <\/em><\/p>\n<p><strong>Stuttgartban <\/strong>19.00 \u00f3rakor <em>\u00c9jf\u00e9li szentmise.<\/em><\/p>\n<p><strong>Weingartenben<\/strong> 20.00 \u00f3r\u00e1t\u00f3l a 14 Nothelfer Kapelle-ben <em>\u00c9jf\u00e9li szentmise.<\/em><\/p>\n<p style=\"text-align: center;\">*<\/p>\n<p><strong>December 25-\u00e9n, <\/strong>szerda, <em>Kar\u00e1csony \u00fcnnepe,<\/em><\/p>\n<p><strong>B\u00f6blingenben<\/strong>, 9.30 \u00f3rakor <em>\u00fcnnepi szentmise<\/em>.<\/p>\n<p><strong>Weingartenben <\/strong>10.00 \u00f3rakor a 14 Nothelfer Kapelle-ben <em>\u00fcnnepi szentmise.<\/em><\/p>\n<p><strong>Stuttgartban <\/strong>12.00 \u00f3rakor <em>\u00fcnnepi szentmise.<\/em><\/p>\n<p><strong>Ulmban<\/strong> 15.00 \u00f3rakor <em>\u00fcnnepi szentmise. <\/em><\/p>\n<p><strong>Heilbronnban <\/strong>15.30 \u00f3rakor <em>\u00fcnnepi szentmise. <\/em><\/p>\n<p style=\"text-align: center;\"><strong>*<\/strong><\/p>\n<p><strong>December 26-\u00e1n<\/strong>, cs\u00fct\u00f6rt\u00f6k, <em>Kar\u00e1csony 2. napja,<\/em><\/p>\n<p><strong>Biberachban<\/strong> 8.45 \u00f3rakor <em>\u00fcnnepi szentmise.<\/em><\/p>\n<p><strong>Schw\u00e4bisch-Gm\u00fcndben <\/strong>9.30 \u00f3rakor <em>\u00fcnnepi szentmise<\/em>.<\/p>\n<p><strong>Stuttgartban <\/strong>12.00 \u00f3rakor <em>\u00fcnnepi szentmise.<\/em><\/p>\n<p style=\"text-align: center;\">*<\/p>\n<p>Minden helyen mindenkit szeretettel v\u00e1r a k\u00f6z\u00f6ss\u00e9g, Imre atya \u00e9s Tibor atya!<\/p>\n<p><em>\u201eAdvent a megd\u00f6bben\u00e9s, a megr\u00e1zk\u00f3dtat\u00e1s id\u0151szaka, amelyben az embernek mag\u00e1ra kellene \u00e9brednie!\u201d <\/em><strong>(Alfred Delp \u2013 1907-1945 \u2013 a n\u00e1cik \u00e1ltal kiv\u00e9gzett n\u00e9met teol\u00f3gus)<\/strong><\/p>\n","protected":false},"excerpt":{"rendered":"<p>Programel\u0151zetes &nbsp; December 18-\u00e1n, szerd\u00e1n, Stuttgartban 10.15 \u00f3rakor n\u00e9metnyelv\u0171 szentmise. * December 19-\u00e9n, cs\u00fct\u00f6rt\u00f6k\u00f6n, Ulmi d\u00e9lut\u00e1n 17.30 \u00f3rakor r\u00f3zsaf\u00fcz\u00e9r im\u00e1ds\u00e1g, ut\u00e1na szentmise. Keret\u00e9ben: Besz\u00e9lget\u00e9sek a Katekizmusr\u00f3l. * December 20-\u00e1n, p\u00e9nteken, Stuttgartban 8.00 \u00f3rakor r\u00f3r\u00e1t\u00e9 szentmise. Ut\u00e1na k\u00f6z\u00f6s reggeli a Pl\u00e9b\u00e1ni\u00e1n. 19.00 \u00f3rakor Kar\u00e1csonyfa-fel\u00e1ll\u00edt\u00e1s a templomban. Ut\u00e1na bar\u00e1ti egy\u00fcttl\u00e9t. Weingarteni d\u00e9lut\u00e1n a Marien Kirche-ben: 17.30 \u00f3rakor r\u00f3zsaf\u00fcz\u00e9r im\u00e1ds\u00e1g, ut\u00e1na szentmise. Keret\u00e9ben: Besz\u00e9lget\u00e9sek a Katekizmusr\u00f3l. * December 21-\u00e9n, szombaton, Weingartenben 7.00 \u00f3rakor r\u00f3r\u00e1t\u00e9 szentmise a 14 Nothelfer Kapelle-ben, ut\u00e1na k\u00f6z\u00f6s reggeli a k\u00f6zeli \u00e9tkezd\u00e9ben. Heidenheimban 15.30 \u00f3rakor szentmise, majd \u00e1g\u00e1p\u00e9. Reutlingenben 16.30 \u00f3rakor szentmise. Ut\u00e1na \u00e1g\u00e1p\u00e9. * December 22-\u00e9n, advent 4. vas\u00e1rnapja, Biberachban 8.45 \u00f3rakor szentmise, ut\u00e1na \u00e1g\u00e1p\u00e9. Pforzheimban 11.00 \u00f3rakor szentmise, ut\u00e1na \u00e1g\u00e1p\u00e9. Ulmban 12.00 \u00f3rakor szentmise. Eislingenben 15.00 \u00f3rakor szentmise.\u00a0Az \u00e1g\u00e1p\u00e9 ez alkalommal elmarad!!! * December 24-\u00e9n, kedd, Szenteste, Stuttgartban 19.00 \u00f3rakor \u00c9jf\u00e9li szentmise. Weingartenben 20.00 \u00f3r\u00e1t\u00f3l a 14 Nothelfer Kapelle-ben \u00c9jf\u00e9li szentmise. * December 25-\u00e9n, szerda, Kar\u00e1csony \u00fcnnepe, B\u00f6blingenben, 9.30 \u00f3rakor \u00fcnnepi szentmise. Weingartenben 10.00 \u00f3rakor a 14 Nothelfer Kapelle-ben \u00fcnnepi szentmise. Stuttgartban 12.00 \u00f3rakor \u00fcnnepi szentmise. Ulmban 15.00 \u00f3rakor \u00fcnnepi szentmise. Heilbronnban 15.30 \u00f3rakor \u00fcnnepi szentmise. * December 26-\u00e1n, cs\u00fct\u00f6rt\u00f6k, Kar\u00e1csony 2. napja, Biberachban 8.45 \u00f3rakor \u00fcnnepi szentmise. Schw\u00e4bisch-Gm\u00fcndben 9.30 \u00f3rakor \u00fcnnepi szentmise. Stuttgartban 12.00 \u00f3rakor \u00fcnnepi szentmise. * Minden helyen mindenkit szeretettel v\u00e1r a k\u00f6z\u00f6ss\u00e9g, Imre atya \u00e9s Tibor atya! \u201eAdvent a megd\u00f6bben\u00e9s, a megr\u00e1zk\u00f3dtat\u00e1s id\u0151szaka, amelyben az embernek mag\u00e1ra kellene \u00e9brednie!\u201d (Alfred Delp \u2013 1907-1945 \u2013 a n\u00e1cik \u00e1ltal kiv\u00e9gzett n\u00e9met teol\u00f3gus)<\/p>\n","protected":false},"author":3,"featured_media":0,"comment_status":"closed","ping_status":"closed","sticky":false,"template":"","format":"standard","meta":{"footnotes":""},"categories":[37],"tags":[],"class_list":["post-18229","post","type-post","status-publish","format-standard","hentry","category-progamelozetes"],"yoast_head":"<!-- This site is optimized with the Yoast SEO plugin v27.3 - https:\/\/yoast.com\/product\/yoast-seo-wordpress\/ -->\n<title>December 16 \u00e9s 26 k\u00f6z\u00f6tt - Stuttgarti Katolikusok<\/title>\n<meta name=\"robots\" content=\"index, follow, max-snippet:-1, max-image-preview:large, max-video-preview:-1\" \/>\n<link rel=\"canonical\" href=\"https:\/\/stuttgarti-katolikusok.de\/index.php\/december-16-es-26-kozott\/\" \/>\n<meta property=\"og:locale\" content=\"hu_HU\" \/>\n<meta property=\"og:type\" content=\"article\" \/>\n<meta property=\"og:title\" content=\"December 16 \u00e9s 26 k\u00f6z\u00f6tt - Stuttgarti Katolikusok\" \/>\n<meta property=\"og:description\" content=\"Programel\u0151zetes &nbsp; December 18-\u00e1n, szerd\u00e1n, Stuttgartban 10.15 \u00f3rakor n\u00e9metnyelv\u0171 szentmise. * December 19-\u00e9n, cs\u00fct\u00f6rt\u00f6k\u00f6n, Ulmi d\u00e9lut\u00e1n 17.30 \u00f3rakor r\u00f3zsaf\u00fcz\u00e9r im\u00e1ds\u00e1g, ut\u00e1na szentmise. Keret\u00e9ben: Besz\u00e9lget\u00e9sek a Katekizmusr\u00f3l. * December 20-\u00e1n, p\u00e9nteken, Stuttgartban 8.00 \u00f3rakor r\u00f3r\u00e1t\u00e9 szentmise. Ut\u00e1na k\u00f6z\u00f6s reggeli a Pl\u00e9b\u00e1ni\u00e1n. 19.00 \u00f3rakor Kar\u00e1csonyfa-fel\u00e1ll\u00edt\u00e1s a templomban. Ut\u00e1na bar\u00e1ti egy\u00fcttl\u00e9t. Weingarteni d\u00e9lut\u00e1n a Marien Kirche-ben: 17.30 \u00f3rakor r\u00f3zsaf\u00fcz\u00e9r im\u00e1ds\u00e1g, ut\u00e1na szentmise. Keret\u00e9ben: Besz\u00e9lget\u00e9sek a Katekizmusr\u00f3l. * December 21-\u00e9n, szombaton, Weingartenben 7.00 \u00f3rakor r\u00f3r\u00e1t\u00e9 szentmise a 14 Nothelfer Kapelle-ben, ut\u00e1na k\u00f6z\u00f6s reggeli a k\u00f6zeli \u00e9tkezd\u00e9ben. Heidenheimban 15.30 \u00f3rakor szentmise, majd \u00e1g\u00e1p\u00e9. Reutlingenben 16.30 \u00f3rakor szentmise. Ut\u00e1na \u00e1g\u00e1p\u00e9. * December 22-\u00e9n, advent 4. vas\u00e1rnapja, Biberachban 8.45 \u00f3rakor szentmise, ut\u00e1na \u00e1g\u00e1p\u00e9. Pforzheimban 11.00 \u00f3rakor szentmise, ut\u00e1na \u00e1g\u00e1p\u00e9. Ulmban 12.00 \u00f3rakor szentmise. Eislingenben 15.00 \u00f3rakor szentmise.\u00a0Az \u00e1g\u00e1p\u00e9 ez alkalommal elmarad!!! * December 24-\u00e9n, kedd, Szenteste, Stuttgartban 19.00 \u00f3rakor \u00c9jf\u00e9li szentmise. Weingartenben 20.00 \u00f3r\u00e1t\u00f3l a 14 Nothelfer Kapelle-ben \u00c9jf\u00e9li szentmise. * December 25-\u00e9n, szerda, Kar\u00e1csony \u00fcnnepe, B\u00f6blingenben, 9.30 \u00f3rakor \u00fcnnepi szentmise. Weingartenben 10.00 \u00f3rakor a 14 Nothelfer Kapelle-ben \u00fcnnepi szentmise. Stuttgartban 12.00 \u00f3rakor \u00fcnnepi szentmise. Ulmban 15.00 \u00f3rakor \u00fcnnepi szentmise. Heilbronnban 15.30 \u00f3rakor \u00fcnnepi szentmise. * December 26-\u00e1n, cs\u00fct\u00f6rt\u00f6k, Kar\u00e1csony 2. napja, Biberachban 8.45 \u00f3rakor \u00fcnnepi szentmise. Schw\u00e4bisch-Gm\u00fcndben 9.30 \u00f3rakor \u00fcnnepi szentmise. Stuttgartban 12.00 \u00f3rakor \u00fcnnepi szentmise. * Minden helyen mindenkit szeretettel v\u00e1r a k\u00f6z\u00f6ss\u00e9g, Imre atya \u00e9s Tibor atya! \u201eAdvent a megd\u00f6bben\u00e9s, a megr\u00e1zk\u00f3dtat\u00e1s id\u0151szaka, amelyben az embernek mag\u00e1ra kellene \u00e9brednie!\u201d (Alfred Delp \u2013 1907-1945 \u2013 a n\u00e1cik \u00e1ltal kiv\u00e9gzett n\u00e9met teol\u00f3gus)\" \/>\n<meta property=\"og:url\" content=\"https:\/\/stuttgarti-katolikusok.de\/index.php\/december-16-es-26-kozott\/\" \/>\n<meta property=\"og:site_name\" content=\"Stuttgarti Katolikusok\" \/>\n<meta property=\"article:published_time\" content=\"2019-12-16T14:19:04+00:00\" \/>\n<meta property=\"article:modified_time\" content=\"2020-04-27T08:33:20+00:00\" \/>\n<meta name=\"author\" content=\"Tibor atya\" \/>\n<meta name=\"twitter:card\" content=\"summary_large_image\" \/>\n<meta name=\"twitter:label1\" content=\"Szerz\u0151:\" \/>\n\t<meta name=\"twitter:data1\" content=\"Tibor atya\" \/>\n\t<meta name=\"twitter:label2\" content=\"Becs\u00fclt olvas\u00e1si id\u0151\" \/>\n\t<meta name=\"twitter:data2\" content=\"1 perc\" \/>\n<script type=\"application\/ld+json\" class=\"yoast-schema-graph\">{\"@context\":\"https:\\\/\\\/schema.org\",\"@graph\":[{\"@type\":\"Article\",\"@id\":\"https:\\\/\\\/stuttgarti-katolikusok.de\\\/index.php\\\/december-16-es-26-kozott\\\/#article\",\"isPartOf\":{\"@id\":\"https:\\\/\\\/stuttgarti-katolikusok.de\\\/index.php\\\/december-16-es-26-kozott\\\/\"},\"author\":{\"name\":\"Tibor atya\",\"@id\":\"https:\\\/\\\/stuttgarti-katolikusok.de\\\/#\\\/schema\\\/person\\\/75908d6f8fdc03a57889d27209df7795\"},\"headline\":\"December 16 \u00e9s 26 k\u00f6z\u00f6tt\",\"datePublished\":\"2019-12-16T14:19:04+00:00\",\"dateModified\":\"2020-04-27T08:33:20+00:00\",\"mainEntityOfPage\":{\"@id\":\"https:\\\/\\\/stuttgarti-katolikusok.de\\\/index.php\\\/december-16-es-26-kozott\\\/\"},\"wordCount\":304,\"articleSection\":[\"Progamel\u0151zetes\"],\"inLanguage\":\"hu\"},{\"@type\":\"WebPage\",\"@id\":\"https:\\\/\\\/stuttgarti-katolikusok.de\\\/index.php\\\/december-16-es-26-kozott\\\/\",\"url\":\"https:\\\/\\\/stuttgarti-katolikusok.de\\\/index.php\\\/december-16-es-26-kozott\\\/\",\"name\":\"December 16 \u00e9s 26 k\u00f6z\u00f6tt - Stuttgarti Katolikusok\",\"isPartOf\":{\"@id\":\"https:\\\/\\\/stuttgarti-katolikusok.de\\\/#website\"},\"datePublished\":\"2019-12-16T14:19:04+00:00\",\"dateModified\":\"2020-04-27T08:33:20+00:00\",\"author\":{\"@id\":\"https:\\\/\\\/stuttgarti-katolikusok.de\\\/#\\\/schema\\\/person\\\/75908d6f8fdc03a57889d27209df7795\"},\"breadcrumb\":{\"@id\":\"https:\\\/\\\/stuttgarti-katolikusok.de\\\/index.php\\\/december-16-es-26-kozott\\\/#breadcrumb\"},\"inLanguage\":\"hu\",\"potentialAction\":[{\"@type\":\"ReadAction\",\"target\":[\"https:\\\/\\\/stuttgarti-katolikusok.de\\\/index.php\\\/december-16-es-26-kozott\\\/\"]}]},{\"@type\":\"BreadcrumbList\",\"@id\":\"https:\\\/\\\/stuttgarti-katolikusok.de\\\/index.php\\\/december-16-es-26-kozott\\\/#breadcrumb\",\"itemListElement\":[{\"@type\":\"ListItem\",\"position\":1,\"name\":\"Kezd\u0151lap\",\"item\":\"https:\\\/\\\/stuttgarti-katolikusok.de\\\/\"},{\"@type\":\"ListItem\",\"position\":2,\"name\":\"December 16 \u00e9s 26 k\u00f6z\u00f6tt\"}]},{\"@type\":\"WebSite\",\"@id\":\"https:\\\/\\\/stuttgarti-katolikusok.de\\\/#website\",\"url\":\"https:\\\/\\\/stuttgarti-katolikusok.de\\\/\",\"name\":\"Stuttgarti Katolikusok\",\"description\":\"\",\"potentialAction\":[{\"@type\":\"SearchAction\",\"target\":{\"@type\":\"EntryPoint\",\"urlTemplate\":\"https:\\\/\\\/stuttgarti-katolikusok.de\\\/?s={search_term_string}\"},\"query-input\":{\"@type\":\"PropertyValueSpecification\",\"valueRequired\":true,\"valueName\":\"search_term_string\"}}],\"inLanguage\":\"hu\"},{\"@type\":\"Person\",\"@id\":\"https:\\\/\\\/stuttgarti-katolikusok.de\\\/#\\\/schema\\\/person\\\/75908d6f8fdc03a57889d27209df7795\",\"name\":\"Tibor atya\",\"image\":{\"@type\":\"ImageObject\",\"inLanguage\":\"hu\",\"@id\":\"https:\\\/\\\/secure.gravatar.com\\\/avatar\\\/61d268e57d1f4525b111222e29d2d5a7f8c420fdbf231ba5566a8ceac74fa960?s=96&d=mm&r=g\",\"url\":\"https:\\\/\\\/secure.gravatar.com\\\/avatar\\\/61d268e57d1f4525b111222e29d2d5a7f8c420fdbf231ba5566a8ceac74fa960?s=96&d=mm&r=g\",\"contentUrl\":\"https:\\\/\\\/secure.gravatar.com\\\/avatar\\\/61d268e57d1f4525b111222e29d2d5a7f8c420fdbf231ba5566a8ceac74fa960?s=96&d=mm&r=g\",\"caption\":\"Tibor atya\"},\"url\":\"https:\\\/\\\/stuttgarti-katolikusok.de\\\/index.php\\\/author\\\/tibor-atya\\\/\"}]}<\/script>\n<!-- \/ Yoast SEO plugin. -->","yoast_head_json":{"title":"December 16 \u00e9s 26 k\u00f6z\u00f6tt - Stuttgarti Katolikusok","robots":{"index":"index","follow":"follow","max-snippet":"max-snippet:-1","max-image-preview":"max-image-preview:large","max-video-preview":"max-video-preview:-1"},"canonical":"https:\/\/stuttgarti-katolikusok.de\/index.php\/december-16-es-26-kozott\/","og_locale":"hu_HU","og_type":"article","og_title":"December 16 \u00e9s 26 k\u00f6z\u00f6tt - Stuttgarti Katolikusok","og_description":"Programel\u0151zetes &nbsp; December 18-\u00e1n, szerd\u00e1n, Stuttgartban 10.15 \u00f3rakor n\u00e9metnyelv\u0171 szentmise. * December 19-\u00e9n, cs\u00fct\u00f6rt\u00f6k\u00f6n, Ulmi d\u00e9lut\u00e1n 17.30 \u00f3rakor r\u00f3zsaf\u00fcz\u00e9r im\u00e1ds\u00e1g, ut\u00e1na szentmise. Keret\u00e9ben: Besz\u00e9lget\u00e9sek a Katekizmusr\u00f3l. * December 20-\u00e1n, p\u00e9nteken, Stuttgartban 8.00 \u00f3rakor r\u00f3r\u00e1t\u00e9 szentmise. Ut\u00e1na k\u00f6z\u00f6s reggeli a Pl\u00e9b\u00e1ni\u00e1n. 19.00 \u00f3rakor Kar\u00e1csonyfa-fel\u00e1ll\u00edt\u00e1s a templomban. Ut\u00e1na bar\u00e1ti egy\u00fcttl\u00e9t. Weingarteni d\u00e9lut\u00e1n a Marien Kirche-ben: 17.30 \u00f3rakor r\u00f3zsaf\u00fcz\u00e9r im\u00e1ds\u00e1g, ut\u00e1na szentmise. Keret\u00e9ben: Besz\u00e9lget\u00e9sek a Katekizmusr\u00f3l. * December 21-\u00e9n, szombaton, Weingartenben 7.00 \u00f3rakor r\u00f3r\u00e1t\u00e9 szentmise a 14 Nothelfer Kapelle-ben, ut\u00e1na k\u00f6z\u00f6s reggeli a k\u00f6zeli \u00e9tkezd\u00e9ben. Heidenheimban 15.30 \u00f3rakor szentmise, majd \u00e1g\u00e1p\u00e9. Reutlingenben 16.30 \u00f3rakor szentmise. Ut\u00e1na \u00e1g\u00e1p\u00e9. * December 22-\u00e9n, advent 4. vas\u00e1rnapja, Biberachban 8.45 \u00f3rakor szentmise, ut\u00e1na \u00e1g\u00e1p\u00e9. Pforzheimban 11.00 \u00f3rakor szentmise, ut\u00e1na \u00e1g\u00e1p\u00e9. Ulmban 12.00 \u00f3rakor szentmise. Eislingenben 15.00 \u00f3rakor szentmise.\u00a0Az \u00e1g\u00e1p\u00e9 ez alkalommal elmarad!!! * December 24-\u00e9n, kedd, Szenteste, Stuttgartban 19.00 \u00f3rakor \u00c9jf\u00e9li szentmise. Weingartenben 20.00 \u00f3r\u00e1t\u00f3l a 14 Nothelfer Kapelle-ben \u00c9jf\u00e9li szentmise. * December 25-\u00e9n, szerda, Kar\u00e1csony \u00fcnnepe, B\u00f6blingenben, 9.30 \u00f3rakor \u00fcnnepi szentmise. Weingartenben 10.00 \u00f3rakor a 14 Nothelfer Kapelle-ben \u00fcnnepi szentmise. Stuttgartban 12.00 \u00f3rakor \u00fcnnepi szentmise. Ulmban 15.00 \u00f3rakor \u00fcnnepi szentmise. Heilbronnban 15.30 \u00f3rakor \u00fcnnepi szentmise. * December 26-\u00e1n, cs\u00fct\u00f6rt\u00f6k, Kar\u00e1csony 2. napja, Biberachban 8.45 \u00f3rakor \u00fcnnepi szentmise. Schw\u00e4bisch-Gm\u00fcndben 9.30 \u00f3rakor \u00fcnnepi szentmise. Stuttgartban 12.00 \u00f3rakor \u00fcnnepi szentmise. * Minden helyen mindenkit szeretettel v\u00e1r a k\u00f6z\u00f6ss\u00e9g, Imre atya \u00e9s Tibor atya! \u201eAdvent a megd\u00f6bben\u00e9s, a megr\u00e1zk\u00f3dtat\u00e1s id\u0151szaka, amelyben az embernek mag\u00e1ra kellene \u00e9brednie!\u201d (Alfred Delp \u2013 1907-1945 \u2013 a n\u00e1cik \u00e1ltal kiv\u00e9gzett n\u00e9met teol\u00f3gus)","og_url":"https:\/\/stuttgarti-katolikusok.de\/index.php\/december-16-es-26-kozott\/","og_site_name":"Stuttgarti Katolikusok","article_published_time":"2019-12-16T14:19:04+00:00","article_modified_time":"2020-04-27T08:33:20+00:00","author":"Tibor atya","twitter_card":"summary_large_image","twitter_misc":{"Szerz\u0151:":"Tibor atya","Becs\u00fclt olvas\u00e1si id\u0151":"1 perc"},"schema":{"@context":"https:\/\/schema.org","@graph":[{"@type":"Article","@id":"https:\/\/stuttgarti-katolikusok.de\/index.php\/december-16-es-26-kozott\/#article","isPartOf":{"@id":"https:\/\/stuttgarti-katolikusok.de\/index.php\/december-16-es-26-kozott\/"},"author":{"name":"Tibor atya","@id":"https:\/\/stuttgarti-katolikusok.de\/#\/schema\/person\/75908d6f8fdc03a57889d27209df7795"},"headline":"December 16 \u00e9s 26 k\u00f6z\u00f6tt","datePublished":"2019-12-16T14:19:04+00:00","dateModified":"2020-04-27T08:33:20+00:00","mainEntityOfPage":{"@id":"https:\/\/stuttgarti-katolikusok.de\/index.php\/december-16-es-26-kozott\/"},"wordCount":304,"articleSection":["Progamel\u0151zetes"],"inLanguage":"hu"},{"@type":"WebPage","@id":"https:\/\/stuttgarti-katolikusok.de\/index.php\/december-16-es-26-kozott\/","url":"https:\/\/stuttgarti-katolikusok.de\/index.php\/december-16-es-26-kozott\/","name":"December 16 \u00e9s 26 k\u00f6z\u00f6tt - Stuttgarti Katolikusok","isPartOf":{"@id":"https:\/\/stuttgarti-katolikusok.de\/#website"},"datePublished":"2019-12-16T14:19:04+00:00","dateModified":"2020-04-27T08:33:20+00:00","author":{"@id":"https:\/\/stuttgarti-katolikusok.de\/#\/schema\/person\/75908d6f8fdc03a57889d27209df7795"},"breadcrumb":{"@id":"https:\/\/stuttgarti-katolikusok.de\/index.php\/december-16-es-26-kozott\/#breadcrumb"},"inLanguage":"hu","potentialAction":[{"@type":"ReadAction","target":["https:\/\/stuttgarti-katolikusok.de\/index.php\/december-16-es-26-kozott\/"]}]},{"@type":"BreadcrumbList","@id":"https:\/\/stuttgarti-katolikusok.de\/index.php\/december-16-es-26-kozott\/#breadcrumb","itemListElement":[{"@type":"ListItem","position":1,"name":"Kezd\u0151lap","item":"https:\/\/stuttgarti-katolikusok.de\/"},{"@type":"ListItem","position":2,"name":"December 16 \u00e9s 26 k\u00f6z\u00f6tt"}]},{"@type":"WebSite","@id":"https:\/\/stuttgarti-katolikusok.de\/#website","url":"https:\/\/stuttgarti-katolikusok.de\/","name":"Stuttgarti Katolikusok","description":"","potentialAction":[{"@type":"SearchAction","target":{"@type":"EntryPoint","urlTemplate":"https:\/\/stuttgarti-katolikusok.de\/?s={search_term_string}"},"query-input":{"@type":"PropertyValueSpecification","valueRequired":true,"valueName":"search_term_string"}}],"inLanguage":"hu"},{"@type":"Person","@id":"https:\/\/stuttgarti-katolikusok.de\/#\/schema\/person\/75908d6f8fdc03a57889d27209df7795","name":"Tibor atya","image":{"@type":"ImageObject","inLanguage":"hu","@id":"https:\/\/secure.gravatar.com\/avatar\/61d268e57d1f4525b111222e29d2d5a7f8c420fdbf231ba5566a8ceac74fa960?s=96&d=mm&r=g","url":"https:\/\/secure.gravatar.com\/avatar\/61d268e57d1f4525b111222e29d2d5a7f8c420fdbf231ba5566a8ceac74fa960?s=96&d=mm&r=g","contentUrl":"https:\/\/secure.gravatar.com\/avatar\/61d268e57d1f4525b111222e29d2d5a7f8c420fdbf231ba5566a8ceac74fa960?s=96&d=mm&r=g","caption":"Tibor atya"},"url":"https:\/\/stuttgarti-katolikusok.de\/index.php\/author\/tibor-atya\/"}]}},"_links":{"self":[{"href":"https:\/\/stuttgarti-katolikusok.de\/index.php\/wp-json\/wp\/v2\/posts\/18229","targetHints":{"allow":["GET"]}}],"collection":[{"href":"https:\/\/stuttgarti-katolikusok.de\/index.php\/wp-json\/wp\/v2\/posts"}],"about":[{"href":"https:\/\/stuttgarti-katolikusok.de\/index.php\/wp-json\/wp\/v2\/types\/post"}],"author":[{"embeddable":true,"href":"https:\/\/stuttgarti-katolikusok.de\/index.php\/wp-json\/wp\/v2\/users\/3"}],"replies":[{"embeddable":true,"href":"https:\/\/stuttgarti-katolikusok.de\/index.php\/wp-json\/wp\/v2\/comments?post=18229"}],"version-history":[{"count":3,"href":"https:\/\/stuttgarti-katolikusok.de\/index.php\/wp-json\/wp\/v2\/posts\/18229\/revisions"}],"predecessor-version":[{"id":18298,"href":"https:\/\/stuttgarti-katolikusok.de\/index.php\/wp-json\/wp\/v2\/posts\/18229\/revisions\/18298"}],"wp:attachment":[{"href":"https:\/\/stuttgarti-katolikusok.de\/index.php\/wp-json\/wp\/v2\/media?parent=18229"}],"wp:term":[{"taxonomy":"category","embeddable":true,"href":"https:\/\/stuttgarti-katolikusok.de\/index.php\/wp-json\/wp\/v2\/categories?post=18229"},{"taxonomy":"post_tag","embeddable":true,"href":"https:\/\/stuttgarti-katolikusok.de\/index.php\/wp-json\/wp\/v2\/tags?post=18229"}],"curies":[{"name":"wp","href":"https:\/\/api.w.org\/{rel}","templated":true}]}}