{"id":18219,"date":"2019-12-12T16:21:29","date_gmt":"2019-12-12T16:21:29","guid":{"rendered":"https:\/\/gracious-dewdney.138-201-221-2.plesk.page\/?p=18219"},"modified":"2020-04-27T08:33:42","modified_gmt":"2020-04-27T08:33:42","slug":"advent-3-es-4-vasarnapjara","status":"publish","type":"post","link":"https:\/\/stuttgarti-katolikusok.de\/index.php\/advent-3-es-4-vasarnapjara\/","title":{"rendered":"Advent 3. \u00e9s 4. vas\u00e1rnapj\u00e1ra"},"content":{"rendered":"<p><strong>2019. december 15.<\/strong><\/p>\n<h2><strong>ADVENT 3. VAS\u00c1RNAPJA<\/strong><\/h2>\n<p><strong>Az adventi \u00f6r\u00f6m vas\u00e1rnapja.<\/strong><\/p>\n<p>\u201eS\u00f6t\u00e9tben j\u00e1runk, hajnalra v\u00e1runk\u201d (SzVU 13), Krisztusra, Kar\u00e1csonyra v\u00e1runk. A v\u00e1rakoz\u00e1s k\u00e9sz\u00fcletet is jelent. Igyeksz\u00fcnk m\u00e9lt\u00f3k lenni ahhoz, aki j\u00f6n \u00e9s aki vel\u00fcnk marad s a mi\u00e9nk marad.<\/p>\n<p><strong>OLVASM\u00c1NY\u00a0 <\/strong>\u00a0\u00a0\u00a0\u00a0\u00a0\u00a0\u00a0\u00a0\u00a0\u00a0\u00a0\u00a0\u00a0\u00a0\u00a0\u00a0\u00a0\u00a0\u00a0\u00a0\u00a0\u00a0\u00a0\u00a0\u00a0\u00a0\u00a0\u00a0\u00a0\u00a0\u00a0\u00a0\u00a0\u00a0\u00a0\u00a0\u00a0\u00a0\u00a0\u00a0\u00a0\u00a0\u00a0\u00a0\u00a0<em>Iz 1, 1\u20136a. 10<\/em><\/p>\n<p>Ami a beteg ember sz\u00e1m\u00e1ra a gy\u00f3gyul\u00e1s \u00e9s az eg\u00e9szs\u00e9g, azt hozza az \u00dcdv\u00f6z\u00edt\u0151 az embereknek. Ami az \u00f6r\u00f6m a szomorkod\u00f3nak, ami a szabads\u00e1g a rabnak, abban r\u00e9szes\u00edt benn\u00fcnket az \u00dar. A f\u00e9l\u00e9nknek b\u00e1tors\u00e1got, a vaknak tiszt\u00e1nl\u00e1t\u00e1st aj\u00e1nd\u00e9koz az Isten.<\/p>\n<p><strong>V\u00c1LASZOS ZSOLT\u00c1R<\/strong>\u00a0\u00a0\u00a0\u00a0\u00a0\u00a0\u00a0\u00a0\u00a0\u00a0 <em>\u00a0\u00a0\u00a0\u00a0\u00a0\u00a0\u00a0\u00a0\u00a0\u00a0\u00a0\u00a0145, 7. 8\u20139a. 9bc\u201310<\/em><\/p>\n<p><strong>V\u00e1lasz: J\u00f6jj el, <u>U<\/u>runk, Isten\u00fcnk: * <\/strong><\/p>\n<p><strong>\u00a0\u00a0\u00a0\u00a0\u00a0\u00a0\u00a0\u00a0\u00a0\u00a0\u00a0\u00a0\u00a0 \u00dcdv\u00f6z\u00edts mink<u>e<\/u>t.<\/strong><\/p>\n<p><strong>SZENTLECKE<\/strong>\u00a0\u00a0 \u00a0\u00a0\u00a0\u00a0\u00a0\u00a0\u00a0\u00a0\u00a0\u00a0\u00a0\u00a0\u00a0\u00a0\u00a0\u00a0\u00a0\u00a0\u00a0\u00a0\u00a0\u00a0\u00a0\u00a0\u00a0\u00a0\u00a0\u00a0\u00a0\u00a0\u00a0\u00a0\u00a0\u00a0\u00a0\u00a0\u00a0\u00a0\u00a0\u00a0\u00a0\u00a0\u00a0\u00a0\u00a0\u00a0\u00a0\u00a0<em>Jak 5, 7\u201310<\/em><\/p>\n<p>Korunknak betegs\u00e9ge a t\u00fcrelmetlens\u00e9g \u00e9s az \u00e1llhatatlans\u00e1g. A mai embernek minden azonnal kellene. Istent\u0151l is. Erre vonatkozik a mond\u00e1s: \u201eAdj, Uram, de r\u00f6gt\u00f6n!\u201d Az igazi lelki \u00e9let viszont \u00e9ppen az ellenkez\u0151je ennek: t\u00fcrelemre, kitart\u00e1sra \u00e9p\u00fcl.<\/p>\n<p><strong>ALLELUJA <\/strong>\u00a0\u00a0\u00a0\u00a0\u00a0\u00a0\u00a0\u00a0\u00a0\u00a0\u00a0\u00a0\u00a0\u00a0\u00a0\u00a0\u00a0\u00a0\u00a0\u00a0\u00a0\u00a0\u00a0\u00a0\u00a0\u00a0\u00a0\u00a0\u00a0\u00a0\u00a0\u00a0\u00a0\u00a0\u00a0\u00a0\u00a0\u00a0\u00a0\u00a0\u00a0\u00a0\u00a0\u00a0\u00a0\u00a0\u00a0\u00a0\u00a0\u00a0\u00a0\u00a0\u00a0\u00a0\u00a0\u00a0\u00a0\u00a0\u00a0\u00a0\u00a0\u00a0\u00a0\u00a0\u00a0\u00a0\u00a0\u00a0\u00a0\u00a0<em>Iz 61, 1<\/em><\/p>\n<p>Az \u00dar lelke van rajtam: * elk\u00fcld\u00f6tt, hogy a szeg\u00e9nyeknek \u00f6r\u00f6mh\u00edrt vigyek.<\/p>\n<p><strong>EVANG\u00c9LIUM <\/strong><strong>\u00a0\u00a0<\/strong>\u00a0\u00a0\u00a0\u00a0\u00a0\u00a0\u00a0\u00a0\u00a0\u00a0\u00a0\u00a0\u00a0\u00a0\u00a0\u00a0\u00a0\u00a0\u00a0\u00a0\u00a0\u00a0\u00a0\u00a0\u00a0\u00a0\u00a0\u00a0\u00a0\u00a0\u00a0\u00a0\u00a0\u00a0\u00a0\u00a0\u00a0\u00a0\u00a0\u00a0\u00a0\u00a0\u00a0\u00a0\u00a0<em>Mt 11, 2\u201311<\/em><\/p>\n<p>Keresztel\u0151 J\u00e1nos k\u00e9rd\u00e9se az emberis\u00e9g k\u00e9rd\u00e9se is. Mir\u0151l lehet felismerni a Megv\u00e1lt\u00f3t? J\u00f3s\u00e1g\u00e1r\u00f3l \u00e9s szeretet\u00e9r\u0151l. Nem megy el \u00e9rz\u00e9ketlen\u00fcl a szenved\u0151 ember mellett: seg\u00edt, gy\u00f3gy\u00edt, \u00f6r\u00f6met hirdet.<\/p>\n<p><strong>AZ EUCHARISZTI\u00c1HOZ<\/strong><\/p>\n<p>Az evang\u00e9liumot a szeg\u00e9nyeknek hirdetik! S \u0151k meghallj\u00e1k Isten szav\u00e1t: nem alkudoznak, befogadj\u00e1k azt. J\u00e9zus az \u00e9gb\u0151l sz\u00e1llott \u00e9l\u0151 kenyeret adja nek\u00fcnk, ha elfogadjuk a lakom\u00e1ra val\u00f3 megh\u00edv\u00e1st.<\/p>\n<p><strong>\u00c1LDOZ\u00c1SI \u00c9NEK<\/strong>\u00a0\u00a0\u00a0\u00a0\u00a0\u00a0\u00a0\u00a0\u00a0\u00a0\u00a0\u00a0\u00a0\u00a0\u00a0\u00a0\u00a0\u00a0\u00a0\u00a0\u00a0\u00a0\u00a0\u00a0\u00a0\u00a0\u00a0\u00a0\u00a0\u00a0\u00a0\u00a0\u00a0\u00a0\u00a0\u00a0\u00a0\u00a0\u00a0\u00a0\u00a0\u00a0\u00a0\u00a0\u00a0\u00a0\u00a0\u00a0\u00a0\u00a0\u00a0 <em>v\u00f6. Iz 35, 4<\/em><\/p>\n<p>Mondj\u00e1tok a cs\u00fcggedt sz\u00edv\u0171eknek: B\u00e1tors\u00e1g! Ne f\u00e9ljetek! N\u00e9zz\u00e9tek, elj\u00f6n a mi Isten\u00fcnk, hogy szabadul\u00e1st hozzon nek\u00fcnk.<\/p>\n<p><strong>ELM\u00c9LKED\u00c9S <\/strong><strong>\u00a0\u00a0<\/strong><\/p>\n<p><em>AKARATOD SZERINT<\/em><\/p>\n<p>Uram, az t\u00f6rt\u00e9nj\u00e9k velem, amit akarsz, s \u00fagy t\u00f6rt\u00e9nj\u00e9k, ahogyan akarod, csak seg\u00edts, hogy meg\u00e9rtsem akaratodat. Uram, amikor akarod, akkor van a cselekv\u00e9s ideje, s amikor akarod, mindig k\u00e9sz vagyok, ma \u00e9s mind\u00f6r\u00f6kre. Uram, amit te akarsz, magamra v\u00e1llalom, s amit te akarsz, sz\u00e1momra nyeres\u00e9g. Az a fontos, hogy a tied legyek. Uram, mert te akarod, az\u00e9rt j\u00f3 minden, s mert te akarod, kedvem van hozz\u00e1. Sz\u00edvem kezedben nyugszik.<\/p>\n<p><em>Boldog Rupert Mayer<\/em><\/p>\n<p>&nbsp;<\/p>\n<p><strong>\u00d6RVENDJETEK, MERT AZ \u00daR K\u00d6ZEL VAN HOZZ\u00c1NK!<\/strong><\/p>\n<p>GAUDETE = \u00d6RVENDJETEK<\/p>\n<p>Az adventi \u00f6r\u00f6m vas\u00e1rnapja. E napon szabad r\u00f3zsasz\u00ednben mondani a mis\u00e9t, \u00e9s sz\u00f3lhat az orgona is. Az \u00f6r\u00f6m forr\u00e1sa ugyanis nem m\u00e1s, mint ez: \u201eaz \u00dar m\u00e1r k\u00f6zel van hozz\u00e1nk!\u201d<\/p>\n<p>&nbsp;<\/p>\n<p>ADVENTI ID\u0150<\/p>\n<p>Advent, az \u00dar j\u00f6vetel\u00e9re v\u00e1rakoz\u00e1s, felk\u00e9sz\u00fcl\u00e9s ideje. Az \u00faj egyh\u00e1zi \u00e9v eleje, a szem\u00e9lyes k\u00e9sz\u00fclet ideje. Tudatos d\u00f6nt\u00e9ssel akarjuk el\u0171zni a s\u00f6t\u00e9ts\u00e9get \u00e9s befogadni a vil\u00e1goss\u00e1got, ennek megfelel\u0151n \u00e9lni. B\u0171nb\u00e1nati id\u0151szak ez (ez\u00e9rt a lila sz\u00edn), amihez meg kell teremten\u00fcnk a bels\u0151 csendet \u00e9s lelassul\u00e1st. \u00c9s k\u00f6zben ne feledkezz\u00e9l meg arr\u00f3l, hogy \u00f6r\u00f6mmel h\u00edvd az Urat: Maranatha!<\/p>\n<p>&nbsp;<\/p>\n<p>ADVENTI GONDOLAT<\/p>\n<p>Advent harmadik vas\u00e1rnapja nemcsak az\u00e9rt k\u00fcl\u00f6nleges, mert ekkor kell a r\u00f3zsasz\u00edn gyerty\u00e1t meggy\u00fajtani, hanem az\u00e9rt is, mert m\u00e1r k\u00f6zeleg a kar\u00e1csony f\u00e9nye, a v\u00e1rakoz\u00e1st \u00f6r\u00f6m hatja \u00e1t.<\/p>\n<p>Az \u00e9v lez\u00e1r\u00e1sa \u00e9s az \u00fcnnepi tennival\u00f3k sok fesz\u00fclts\u00e9ggel j\u00e1rhatnak az otthoni \u00e9s a munkahelyi k\u00f6rnyezetben egyar\u00e1nt, de az adventi v\u00e1rakoz\u00e1s ezt az id\u0151szakot is \u00e9rt\u00e9kekkel t\u00f6ltheti meg. A befel\u00e9 fordul\u00e1s cs\u00f6ndj\u00e9ben \u00e9rdemes \u00e1tgondolni, mit lehetne jobb\u00e1 tenni, mit k\u00e9ne m\u00e1sk\u00e9pp csin\u00e1lni. * Uram! Ahol b\u00e9ke uralkodik, az emberek k\u00e9pesek egym\u00e1st szeretni \u00fagy, ahogy te szereted \u0151ket.<\/p>\n<p>&nbsp;<\/p>\n<p>IMA FERENC P\u00c1P\u00c1\u00c9RT<\/p>\n<p>SZ\u00dcLET\u00c9SNAPJ\u00c1N \u2013 DECEMBER 17.<\/p>\n<p>Mindenhat\u00f3 Isten\u00fcnk, aki folytonos gondvisel\u00e9seddel korm\u00e1nyozod ny\u00e1jadat, v\u00e9gtelen irgalmadban Ferencet adtad Egyh\u00e1zad \u00e9l\u00e9re. Add, hogy Ferenc p\u00e1pa legyen a hit \u00e9s a kegyelmi k\u00f6z\u00f6ss\u00e9g egys\u00e9g\u00e9nek l\u00e1that\u00f3 alapja \u00e9s biztos\u00edt\u00e9ka. K\u00e9r\u00fcnk, hogy Ferenc p\u00e1pa minket \u2013 Isten n\u00e9p\u00e9t \u2013 szeretettel \u00e9s Krisztus nev\u00e9ben vezessen, legyen a szent tan\u00edt\u00e1s h\u0171s\u00e9ges oktat\u00f3ja sz\u00e1munkra, \u00e9s a szolg\u00e1lat szellem\u00e9ben korm\u00e1nyozzon benn\u00fcnket. Aj\u00e1nd\u00e9kozd meg \u0151t b\u00f6lcsess\u00e9ggel, j\u00f3s\u00e1ggal \u00e9s h\u0171s\u00e9ggel, hogy az \u00f6r\u00f6k \u00e9let fel\u00e9 vezessen minket szav\u00e1val \u00e9s p\u00e9ld\u00e1j\u00e1val! Amen.<\/p>\n<p>&nbsp;<\/p>\n<p>A KILINCS\u00a0 A KEZEDBEN VAN<\/p>\n<p>Van egy h\u00edres festm\u00e9ny, amely azt \u00e1br\u00e1zolja, hogy J\u00e9zus egy kertben s\u00e9t\u00e1l. Bal kez\u00e9vel magasba tart egy l\u00e1mp\u00e1st, amely megvil\u00e1g\u00edtja a k\u00f6rny\u00e9ket, \u00e9s jobb kez\u00e9vel kopogtat egy kapun. Amikor ki\u00e1ll\u00edt\u00e1son \u200bmutatt\u00e1k be a k\u00e9pet, az egyik l\u00e1togat\u00f3 azonnal megjegyezte: Egy hiba van a k\u00e9pen. A kapun nincs kilincs. A fest\u0151 v\u00e1laszolt: A k\u00e9pen az emberi sz\u00edv kapuj\u00e1t l\u00e1tja, \u00e9s csak bel\u00fclr\u0151l lehet kinyitni. Engedd be J\u00e9zust \u00e9letedbe \u2013 \u00f6nk\u00e9nt.<\/p>\n<p>&nbsp;<\/p>\n<p>K\u00d6ZMOND\u00c1S<\/p>\n<p>Aki nem tud, \u00e9s nem tudja, hogy nem tud, az ostoba. Ker\u00fcld \u0151t! * Aki nem tud, \u00e9s tudja, hogy nem tud, az egyszer\u0171 l\u00e9lek. Tan\u00edtsd \u0151t! * Aki tud, de nem tudja, hogy tud, az alszik. \u00c9breszd fel \u0151t! * Aki tud, \u00e9s tudja, hogy tud, az b\u00f6lcs. K\u00f6vesd \u0151t!<\/p>\n<p><strong>2019. december 22.<\/strong><\/p>\n<h2>ADVENT 4. VAS\u00c1RNAPJA<\/h2>\n<p>Harmatozzatok, egek, onnan fel\u00fclr\u0151l,<\/p>\n<p>\u00e9s ti, felh\u0151k, hullass\u00e1tok k\u00f6z\u00e9nk<\/p>\n<p>az igazat!<\/p>\n<p>Ny\u00edlj\u00e9k meg a f\u00f6ld, \u00e9s teremje<\/p>\n<p>az \u00dcdv\u00f6z\u00edt\u0151t!\u00a0\u00a0\u00a0\u00a0\u00a0\u00a0\u00a0\u00a0\u00a0\u00a0\u00a0\u00a0\u00a0\u00a0\u00a0\u00a0\u00a0\u00a0\u00a0\u00a0\u00a0\u00a0\u00a0\u00a0\u00a0\u00a0\u00a0\u00a0\u00a0\u00a0\u00a0\u00a0\u00a0\u00a0 <em>Iz 45, 8<\/em><\/p>\n<p>&nbsp;<\/p>\n<p>A nagy Isten jeleket k\u00fcld az emberis\u00e9gnek, hogy megismerj\u00e9k \u0151t, akarat\u00e1t \u00e9s szeretet\u00e9t. E jelek az \u00e9gre mutatnak. Rem\u00e9nyt gy\u00fajtanak az emberek lelk\u00e9ben, s elvezetik az embert Istenhez.<\/p>\n<p><strong>OLVASM\u00c1NY<\/strong>\u00a0\u00a0\u00a0 \u00a0\u00a0\u00a0\u00a0\u00a0\u00a0\u00a0\u00a0\u00a0\u00a0\u00a0\u00a0\u00a0\u00a0\u00a0\u00a0\u00a0\u00a0\u00a0\u00a0\u00a0\u00a0\u00a0\u00a0\u00a0\u00a0\u00a0\u00a0\u00a0\u00a0\u00a0\u00a0\u00a0\u00a0\u00a0\u00a0\u00a0\u00a0\u00a0\u00a0\u00a0\u00a0\u00a0\u00a0\u00a0\u00a0\u00a0<em>Iz 7, 10\u201314<\/em><\/p>\n<p>Ach\u00e1z kir\u00e1ly a legnagyobb jelet kapta Istent\u0151l! D\u00e1vid h\u00e1z\u00e1t vesz\u00e9ly fenyegette, baj, gy\u00f6tr\u0151d\u00e9s. T\u00fal\u00e9lik-e a megpr\u00f3b\u00e1ltat\u00e1sokat? S \u00fczen az \u00dar: \u201eVel\u00fcnk az Isten\u201d.<\/p>\n<p>&nbsp;<\/p>\n<p><strong>V\u00c1LASZOS ZSOLT\u00c1R<\/strong>\u00a0\u00a0\u00a0\u00a0\u00a0\u00a0\u00a0\u00a0\u00a0\u00a0\u00a0 <em>\u00a0\u00a0\u00a0\u00a0\u00a0\u00a0\u00a0\u00a0\u00a0\u00a0\u00a0\u00a0\u00a0\u00a023, 1\u20132. 3\u20134ab. 5\u20136<\/em><\/p>\n<p><strong>V\u00e1lasz: Urunk, Isten\u00fcnk\u00a0 <u>\u00e9<\/u>rkezik:* <\/strong><\/p>\n<p><strong>\u00a0\u00a0\u00a0\u00a0\u00a0\u00a0\u00a0\u00a0 \u00a0\u00a0\u00a0\u00a0\u0151 a d<u>i<\/u>cs\u0151s\u00e9g kir\u00e1lya.<\/strong><\/p>\n<p><strong>\u00a0<\/strong><\/p>\n<p><strong>SZENTLECKE<\/strong>\u00a0\u00a0 \u00a0\u00a0\u00a0\u00a0\u00a0\u00a0\u00a0\u00a0\u00a0\u00a0\u00a0\u00a0\u00a0\u00a0\u00a0\u00a0\u00a0\u00a0\u00a0\u00a0\u00a0\u00a0\u00a0\u00a0\u00a0\u00a0\u00a0\u00a0\u00a0\u00a0\u00a0\u00a0\u00a0\u00a0\u00a0\u00a0\u00a0\u00a0\u00a0\u00a0\u00a0\u00a0\u00a0\u00a0\u00a0\u00a0\u00a0\u00a0<em>R\u00f3m 1, 1\u20137<\/em><\/p>\n<p>Szent P\u00e1l is \u00f6r\u00f6mteli \u00fczenetet k\u00f6zvet\u00edt: Isten mindenkit kiv\u00e1lasztott \u00e9s megh\u00edvott az \u00f6r\u00f6k \u00e9letre. K\u00fczdelem ugyan az ember \u00e9lete a f\u00f6ld\u00f6n, de minden nappal k\u00f6zelebb ker\u00fcl \u00f6r\u00f6k c\u00e9lj\u00e1hoz.<\/p>\n<p><strong>ALLELUJA <\/strong>\u00a0\u00a0\u00a0\u00a0\u00a0\u00a0\u00a0\u00a0\u00a0\u00a0\u00a0\u00a0\u00a0\u00a0\u00a0\u00a0\u00a0\u00a0\u00a0\u00a0\u00a0\u00a0\u00a0\u00a0\u00a0\u00a0\u00a0\u00a0\u00a0\u00a0\u00a0\u00a0\u00a0\u00a0\u00a0\u00a0\u00a0\u00a0\u00a0\u00a0\u00a0\u00a0\u00a0\u00a0\u00a0\u00a0\u00a0\u00a0\u00a0\u00a0\u00a0\u00a0\u00a0\u00a0\u00a0\u00a0\u00a0\u00a0\u00a0\u00a0\u00a0\u00a0\u00a0\u00a0\u00a0\u00a0\u00a0\u00a0\u00a0<em>Mt 1, 23 <\/em><\/p>\n<p>\u00cdme, anya lesz a Sz\u0171z, \u00e9s fia sz\u00fcletik. * Fi\u00e1nak neve Emm\u00e1nul, vagyis \u201eVel\u00fcnk az Isten\u201d.<\/p>\n<p><strong>EVANG\u00c9LIUM <\/strong>\u00a0\u00a0\u00a0\u00a0\u00a0\u00a0\u00a0\u00a0\u00a0\u00a0\u00a0\u00a0\u00a0\u00a0\u00a0\u00a0\u00a0\u00a0\u00a0\u00a0\u00a0\u00a0\u00a0\u00a0\u00a0\u00a0\u00a0\u00a0\u00a0\u00a0\u00a0\u00a0\u00a0\u00a0\u00a0\u00a0\u00a0\u00a0\u00a0\u00a0\u00a0\u00a0\u00a0\u00a0\u00a0\u00a0\u00a0\u00a0<em>Mt 1, 18\u201324<\/em><\/p>\n<p>Isten megv\u00e1lt\u00f3 m\u0171v\u00e9ben Szent J\u00f3zsef a csendes, h\u0171s\u00e9ges szolga. V\u00e1llalja az atyas\u00e1got, pedig nem \u0151 a Gyermek apja. Im\u00e1j\u00e1val, munk\u00e1j\u00e1val \u00e9s gondoskod\u00e1s\u00e1val k\u00f6zrem\u0171k\u00f6dik Isten terv\u00e9nek megval\u00f3sul\u00e1s\u00e1ban: S mindezt nem k\u00e9nyszerb\u0151l teszi. Tetteit a szeretet vez\u00e9rli M\u00e1ria ir\u00e1nt s majd a Gyermek ir\u00e1nt.<\/p>\n<p><strong>AZ EUCHARISZTI\u00c1HOZ<\/strong><\/p>\n<p>J\u00e9zusban teljesedett a pr\u00f3f\u00e9tai j\u00f6vend\u00f6l\u00e9s: \u201eVel\u00fcnk az Isten\u201d. Vel\u00fcnk van, hogy seg\u00edtsen, megmentsen. Vele egyes\u00fcl\u00fcnk az \u00e1ldozatban. \u00c9s \u0151t vissz\u00fck az emberek k\u00f6z\u00e9.<\/p>\n<p><strong>ELM\u00c9LKED\u00c9S\u00a0\u00a0 <\/strong><\/p>\n<p><em>MINDEN \u00c9RTE VAN<\/em><\/p>\n<p>J\u00e9zus n\u00e9lk\u00fcl minden f\u00e1radoz\u00e1s hi\u00e1baval\u00f3.<\/p>\n<p>J\u00e9zus n\u00e9lk\u00fcl minden aszk\u00e9zis haszontalan k\u00fczdelem.<\/p>\n<p>J\u00e9zus n\u00e9lk\u00fcl minden m\u0171 hal\u00e1lra van \u00edt\u00e9lve.<\/p>\n<p>J\u00e9zus n\u00e9lk\u00fcl minden \u00f6sszej\u00f6vetel sz\u00e9th\u00faz\u00e1ss\u00e1 v\u00e1lik.<br \/>\nMert J\u00e9zus az Igazs\u00e1g Tan\u00edt\u00f3ja.<\/p>\n<p>J\u00e9zus a sz\u0151l\u0151t\u0151ke, amelyen mi, sz\u0151l\u0151vessz\u0151k \u00e9lhet\u00fcnk.<\/p>\n<p>J\u00e9zus az \u00dat \u00e9s a C\u00e9l v\u00e1ndorl\u00e1sunk idej\u00e9n.<\/p>\n<p><em>Giovanni Rossi<\/em><\/p>\n<p>AZ \u00daR L\u00c1TOGAT\u00c1SA EL\u00c9<\/p>\n<p>Az \u00f3sz\u00f6vets\u00e9gi v\u00e1lasztott n\u00e9p hossz\u00fa v\u00e1rakoz\u00e1sa, v\u00e1gyakoz\u00e1sa val\u00f3ra v\u00e1lt. Id\u0151sz\u00e1m\u00edt\u00e1sunk kezdet\u00e9n Isten, \u201eaki \u00fagy szerette a vil\u00e1got\u201d, \u00e1tt\u00f6rte az \u201e\u00e9g z\u00e1rt ajtaj\u00e1t\u201d \u00e9s bel\u00e9pett az emberis\u00e9g t\u00f6rt\u00e9nelm\u00e9be. Akik k\u00e9szek voltak \u0151t befogadni, mint M\u00e1ria is, azoknak sz\u00edve ujjongott az \u00darban \u00e9s magasztalt\u00e1k \u0151t. Ma igen nagy sz\u00fcks\u00e9g van arra, hogy az \u00dar \u00e1tt\u00f6rje, nem az \u00e9g, hanem az emberi sz\u00edvek z\u00e1rt ajtaj\u00e1t. Annak idej\u00e9n M\u00e1ria hit\u00e9t\u0151l, igenj\u00e9t\u0151l f\u00fcgg\u00f6tt az, hogy a m\u00e1sodik isteni szem\u00e9ly, J\u00e9zus bel\u00e9phessen az emberis\u00e9g \u00e9let\u00e9be, hogy a megv\u00e1lt\u00e1s m\u0171ve elkezd\u0151dj\u00f6n a f\u00f6ld\u00f6n. Ma t\u0151l\u00fcnk, a mi tan\u00fas\u00e1gtev\u0151 \u00e9let\u00fcnkt\u0151l \u00e9s az ebb\u0151l sz\u00e1rmaz\u00f3 bens\u0151 \u00f6r\u00f6m\u00fcnkt\u0151l, megzavarhatatlan lelki b\u00e9k\u00e9nkt\u0151l f\u00fcgg az, hogy az \u00dar J\u00e9zus ma is bel\u00e9phessen a Szabad\u00edt\u00f3 ut\u00e1n s\u00f3v\u00e1rg\u00f3 kort\u00e1rsaink \u00e9let\u00e9be, hogy a megv\u00e1lt\u00e1s m\u0171ve folytat\u00f3djon, s\u0151t kiteljesedjen a j\u00f6v\u0151ben.<\/p>\n<p>A mai vas\u00e1rnap az adventi bizonyoss\u00e1g vas\u00e1rnapja. Itt \u00e1ll m\u00e1r az \u00dar a k\u00fcsz\u00f6b\u00f6n \u2013 m\u00e9lt\u00f3k vagyunk fogadni \u0151t? A l\u00e9nye szerint l\u00e1thatatlan Isten l\u00e1that\u00f3v\u00e1 v\u00e1lt, az \u00f6r\u00f6kk\u00e9val\u00f3 bel\u00e9pett az id\u0151be, a halhatatlan most haland\u00f3 test\u00fcnkben jelent meg, hogy maga hozza el nek\u00fcnk a halhatatlans\u00e1got. Ezt \u00fcnnepelj\u00fck Kar\u00e1csonykor.<\/p>\n<p>&nbsp;<\/p>\n<p>HOGYAN K\u00c9SZ\u00dcLJ\u00dcNK KAR\u00c1CSONYRA?<\/p>\n<p>\u00dcdv\u00f6z\u00edt\u0151 Urunk sz\u00fclet\u00e9snapj\u00e1ra, erre a k\u00edv\u00e1natos, szent, dics\u0151s\u00e9ges \u00e9s egyed\u00fcl\u00e1ll\u00f3 \u00fcnnepre az \u00dar seg\u00edts\u00e9g\u00e9vel \u00e9s teljes er\u0151nkkel el\u0151 kell k\u00e9sz\u00fcln\u00fcnk. Lelk\u00fcnk minden titkos zug\u00e1t \u00e1t kell vizsg\u00e1lnunk, hogy ne maradjon benn\u00fcnk olyan rejtett b\u0171n, ami lelkiismeret\u00fcnket marn\u00e1, \u00e9s b\u00e1ntan\u00e1 az Urat.<\/p>\n<p>E napokban tegy\u00fcnk t\u00f6bb j\u00f3t a szeg\u00e9nyekkel&#8230; A templomban csendesen im\u00e1dkozzatok vagy zsolt\u00e1rozzatok; haszontalan besz\u00e9d ne hagyja el sz\u00e1tokat! \u00c9ljetek mindenkivel b\u00e9kess\u00e9gben; akir\u0151l tudj\u00e1tok, hogy haragot tart, azt pr\u00f3b\u00e1lj\u00e1tok kib\u00e9k\u00edteni.\u00a0\u00a0\u00a0\u00a0\u00a0\u00a0 \u00a0\u00a0\u00a0\u00a0\u00a0\u00a0<em>Szent \u00c1goston nyom\u00e1n<\/em><\/p>\n<p>&nbsp;<\/p>\n<p>IM\u00c1DS\u00c1G<\/p>\n<p>H\u00e1l\u00e1t adunk Neked, Aty\u00e1nk, aki Fiadat k\u00fcldted, hogy mindent meg\u00faj\u00edtson. \u0150t k\u00fcldted emberi term\u00e9szetben a vil\u00e1gra, hogy megszeresd benn\u00fcnk is azt, amit Fiadban szeretsz. Beteljes\u00fclt h\u00e1t minden, amit egykor a pr\u00f3f\u00e9t\u00e1k hirdettek, \u00e9s val\u00f3ra v\u00e1lt, amit j\u00f6vetel\u00e9r\u0151l az \u0151 szavuk \u00e1ltal Te kijelentett\u00e9l. \u0150 J\u00fada oroszl\u00e1nja, a harcban hatalmas, \u0150 a tiszta \u00e1ldozati B\u00e1r\u00e1ny, akit oly sok\u00e1ig kerestek fel\u00e1ldoz\u00e1sra. \u0150 a Szegletk\u0151, akit az \u00e9p\u00edt\u0151k elvetettek, de azt\u00e1n dics\u0151s\u00e9gre jutott, \u00e9s az Egyh\u00e1z fej\u00e9v\u00e9 lett&#8230; \u0150\u00e1ltala, \u0150vele \u00e9s \u0150benne magasztalunk t\u00e9ged mi is az angyalokkal egy\u00fctt: Dics\u0151s\u00e9g Neked a magass\u00e1gban!<\/p>\n<p><em>Mozarab liturgikus sz\u00f6vegb\u0151l<\/em><\/p>\n<p>&nbsp;<\/p>\n<p><strong>J\u00f6jjetek az Isten Fia szeg\u00e9ny betlehemi j\u00e1szol\u00e1hoz, emberek: ti mindny\u00e1jan, akik gondolkodtok, dolgoztok, szenvedtek \u00e9s szerettek! <\/strong><\/p>\n<p><strong>\u0150 a Szabad\u00edt\u00f3, a Megv\u00e1lt\u00f3, \u00e9s nincs m\u00e1s n\u00e9v, <\/strong><strong>amelyben \u00fcdv\u00f6z\u00fcln\u00fcnk lehetne.<\/strong><\/p>\n","protected":false},"excerpt":{"rendered":"<p>2019. december 15. ADVENT 3. VAS\u00c1RNAPJA Az adventi \u00f6r\u00f6m vas\u00e1rnapja. \u201eS\u00f6t\u00e9tben j\u00e1runk, hajnalra v\u00e1runk\u201d (SzVU 13), Krisztusra, Kar\u00e1csonyra v\u00e1runk. A v\u00e1rakoz\u00e1s k\u00e9sz\u00fcletet is jelent. Igyeksz\u00fcnk m\u00e9lt\u00f3k lenni ahhoz, aki j\u00f6n \u00e9s aki vel\u00fcnk marad s a mi\u00e9nk marad. OLVASM\u00c1NY\u00a0 \u00a0\u00a0\u00a0\u00a0\u00a0\u00a0\u00a0\u00a0\u00a0\u00a0\u00a0\u00a0\u00a0\u00a0\u00a0\u00a0\u00a0\u00a0\u00a0\u00a0\u00a0\u00a0\u00a0\u00a0\u00a0\u00a0\u00a0\u00a0\u00a0\u00a0\u00a0\u00a0\u00a0\u00a0\u00a0\u00a0\u00a0\u00a0\u00a0\u00a0\u00a0\u00a0\u00a0\u00a0\u00a0Iz 1, 1\u20136a. 10 Ami a beteg ember sz\u00e1m\u00e1ra a gy\u00f3gyul\u00e1s \u00e9s az eg\u00e9szs\u00e9g, azt hozza az \u00dcdv\u00f6z\u00edt\u0151 az embereknek. Ami az \u00f6r\u00f6m a szomorkod\u00f3nak, ami a szabads\u00e1g a rabnak, abban r\u00e9szes\u00edt benn\u00fcnket az \u00dar. A f\u00e9l\u00e9nknek b\u00e1tors\u00e1got, a vaknak tiszt\u00e1nl\u00e1t\u00e1st aj\u00e1nd\u00e9koz az Isten. V\u00c1LASZOS ZSOLT\u00c1R\u00a0\u00a0\u00a0\u00a0\u00a0\u00a0\u00a0\u00a0\u00a0\u00a0 \u00a0\u00a0\u00a0\u00a0\u00a0\u00a0\u00a0\u00a0\u00a0\u00a0\u00a0\u00a0145, 7. 8\u20139a. 9bc\u201310 V\u00e1lasz: J\u00f6jj el, Urunk, Isten\u00fcnk: * \u00a0\u00a0\u00a0\u00a0\u00a0\u00a0\u00a0\u00a0\u00a0\u00a0\u00a0\u00a0\u00a0 \u00dcdv\u00f6z\u00edts minket. SZENTLECKE\u00a0\u00a0 \u00a0\u00a0\u00a0\u00a0\u00a0\u00a0\u00a0\u00a0\u00a0\u00a0\u00a0\u00a0\u00a0\u00a0\u00a0\u00a0\u00a0\u00a0\u00a0\u00a0\u00a0\u00a0\u00a0\u00a0\u00a0\u00a0\u00a0\u00a0\u00a0\u00a0\u00a0\u00a0\u00a0\u00a0\u00a0\u00a0\u00a0\u00a0\u00a0\u00a0\u00a0\u00a0\u00a0\u00a0\u00a0\u00a0\u00a0\u00a0Jak 5, 7\u201310 Korunknak betegs\u00e9ge a t\u00fcrelmetlens\u00e9g \u00e9s az \u00e1llhatatlans\u00e1g. A mai embernek minden azonnal kellene. Istent\u0151l is. Erre vonatkozik a mond\u00e1s: \u201eAdj, Uram, de r\u00f6gt\u00f6n!\u201d Az igazi lelki \u00e9let viszont \u00e9ppen az ellenkez\u0151je ennek: t\u00fcrelemre, kitart\u00e1sra \u00e9p\u00fcl. ALLELUJA \u00a0\u00a0\u00a0\u00a0\u00a0\u00a0\u00a0\u00a0\u00a0\u00a0\u00a0\u00a0\u00a0\u00a0\u00a0\u00a0\u00a0\u00a0\u00a0\u00a0\u00a0\u00a0\u00a0\u00a0\u00a0\u00a0\u00a0\u00a0\u00a0\u00a0\u00a0\u00a0\u00a0\u00a0\u00a0\u00a0\u00a0\u00a0\u00a0\u00a0\u00a0\u00a0\u00a0\u00a0\u00a0\u00a0\u00a0\u00a0\u00a0\u00a0\u00a0\u00a0\u00a0\u00a0\u00a0\u00a0\u00a0\u00a0\u00a0\u00a0\u00a0\u00a0\u00a0\u00a0\u00a0\u00a0\u00a0\u00a0\u00a0\u00a0Iz 61, 1 Az \u00dar lelke van rajtam: * elk\u00fcld\u00f6tt, hogy a szeg\u00e9nyeknek \u00f6r\u00f6mh\u00edrt vigyek. EVANG\u00c9LIUM \u00a0\u00a0\u00a0\u00a0\u00a0\u00a0\u00a0\u00a0\u00a0\u00a0\u00a0\u00a0\u00a0\u00a0\u00a0\u00a0\u00a0\u00a0\u00a0\u00a0\u00a0\u00a0\u00a0\u00a0\u00a0\u00a0\u00a0\u00a0\u00a0\u00a0\u00a0\u00a0\u00a0\u00a0\u00a0\u00a0\u00a0\u00a0\u00a0\u00a0\u00a0\u00a0\u00a0\u00a0\u00a0\u00a0\u00a0Mt 11, 2\u201311 Keresztel\u0151 J\u00e1nos k\u00e9rd\u00e9se az emberis\u00e9g k\u00e9rd\u00e9se is. Mir\u0151l lehet felismerni a Megv\u00e1lt\u00f3t? J\u00f3s\u00e1g\u00e1r\u00f3l \u00e9s szeretet\u00e9r\u0151l. Nem megy el \u00e9rz\u00e9ketlen\u00fcl a szenved\u0151 ember mellett: seg\u00edt, gy\u00f3gy\u00edt, \u00f6r\u00f6met hirdet. AZ EUCHARISZTI\u00c1HOZ Az evang\u00e9liumot a szeg\u00e9nyeknek hirdetik! S \u0151k meghallj\u00e1k Isten szav\u00e1t: nem alkudoznak, befogadj\u00e1k azt. J\u00e9zus az \u00e9gb\u0151l sz\u00e1llott \u00e9l\u0151 kenyeret adja nek\u00fcnk, ha elfogadjuk a lakom\u00e1ra val\u00f3 megh\u00edv\u00e1st. \u00c1LDOZ\u00c1SI \u00c9NEK\u00a0\u00a0\u00a0\u00a0\u00a0\u00a0\u00a0\u00a0\u00a0\u00a0\u00a0\u00a0\u00a0\u00a0\u00a0\u00a0\u00a0\u00a0\u00a0\u00a0\u00a0\u00a0\u00a0\u00a0\u00a0\u00a0\u00a0\u00a0\u00a0\u00a0\u00a0\u00a0\u00a0\u00a0\u00a0\u00a0\u00a0\u00a0\u00a0\u00a0\u00a0\u00a0\u00a0\u00a0\u00a0\u00a0\u00a0\u00a0\u00a0\u00a0\u00a0 v\u00f6. Iz 35, 4 Mondj\u00e1tok a cs\u00fcggedt sz\u00edv\u0171eknek: B\u00e1tors\u00e1g! Ne f\u00e9ljetek! N\u00e9zz\u00e9tek, elj\u00f6n a mi Isten\u00fcnk, hogy szabadul\u00e1st hozzon nek\u00fcnk. ELM\u00c9LKED\u00c9S \u00a0\u00a0 AKARATOD SZERINT Uram, az t\u00f6rt\u00e9nj\u00e9k velem, amit akarsz, s \u00fagy t\u00f6rt\u00e9nj\u00e9k, ahogyan akarod, csak seg\u00edts, hogy meg\u00e9rtsem akaratodat. Uram, amikor akarod, akkor van a cselekv\u00e9s ideje, s amikor akarod, mindig k\u00e9sz vagyok, ma \u00e9s mind\u00f6r\u00f6kre. Uram, amit te akarsz, magamra v\u00e1llalom, s amit te akarsz, sz\u00e1momra nyeres\u00e9g. Az a fontos, hogy a tied legyek. Uram, mert te akarod, az\u00e9rt j\u00f3 minden, s&#8230; <\/p>\n<p><a class=\"readmore\" href=\"https:\/\/stuttgarti-katolikusok.de\/index.php\/advent-3-es-4-vasarnapjara\/\">R\u00e9szletek<\/a><\/p>\n","protected":false},"author":3,"featured_media":0,"comment_status":"closed","ping_status":"closed","sticky":false,"template":"","format":"standard","meta":{"footnotes":""},"categories":[63],"tags":[],"class_list":["post-18219","post","type-post","status-publish","format-standard","hentry","category-vasarnapi-gondolatok"],"yoast_head":"<!-- This site is optimized with the Yoast SEO plugin v27.3 - https:\/\/yoast.com\/product\/yoast-seo-wordpress\/ -->\n<title>Advent 3. \u00e9s 4. vas\u00e1rnapj\u00e1ra - Stuttgarti Katolikusok<\/title>\n<meta name=\"robots\" content=\"index, follow, max-snippet:-1, max-image-preview:large, max-video-preview:-1\" \/>\n<link rel=\"canonical\" href=\"https:\/\/stuttgarti-katolikusok.de\/index.php\/advent-3-es-4-vasarnapjara\/\" \/>\n<meta property=\"og:locale\" content=\"hu_HU\" \/>\n<meta property=\"og:type\" content=\"article\" \/>\n<meta property=\"og:title\" content=\"Advent 3. \u00e9s 4. vas\u00e1rnapj\u00e1ra - Stuttgarti Katolikusok\" \/>\n<meta property=\"og:description\" content=\"2019. december 15. ADVENT 3. VAS\u00c1RNAPJA Az adventi \u00f6r\u00f6m vas\u00e1rnapja. \u201eS\u00f6t\u00e9tben j\u00e1runk, hajnalra v\u00e1runk\u201d (SzVU 13), Krisztusra, Kar\u00e1csonyra v\u00e1runk. A v\u00e1rakoz\u00e1s k\u00e9sz\u00fcletet is jelent. Igyeksz\u00fcnk m\u00e9lt\u00f3k lenni ahhoz, aki j\u00f6n \u00e9s aki vel\u00fcnk marad s a mi\u00e9nk marad. OLVASM\u00c1NY\u00a0 \u00a0\u00a0\u00a0\u00a0\u00a0\u00a0\u00a0\u00a0\u00a0\u00a0\u00a0\u00a0\u00a0\u00a0\u00a0\u00a0\u00a0\u00a0\u00a0\u00a0\u00a0\u00a0\u00a0\u00a0\u00a0\u00a0\u00a0\u00a0\u00a0\u00a0\u00a0\u00a0\u00a0\u00a0\u00a0\u00a0\u00a0\u00a0\u00a0\u00a0\u00a0\u00a0\u00a0\u00a0\u00a0Iz 1, 1\u20136a. 10 Ami a beteg ember sz\u00e1m\u00e1ra a gy\u00f3gyul\u00e1s \u00e9s az eg\u00e9szs\u00e9g, azt hozza az \u00dcdv\u00f6z\u00edt\u0151 az embereknek. Ami az \u00f6r\u00f6m a szomorkod\u00f3nak, ami a szabads\u00e1g a rabnak, abban r\u00e9szes\u00edt benn\u00fcnket az \u00dar. A f\u00e9l\u00e9nknek b\u00e1tors\u00e1got, a vaknak tiszt\u00e1nl\u00e1t\u00e1st aj\u00e1nd\u00e9koz az Isten. V\u00c1LASZOS ZSOLT\u00c1R\u00a0\u00a0\u00a0\u00a0\u00a0\u00a0\u00a0\u00a0\u00a0\u00a0 \u00a0\u00a0\u00a0\u00a0\u00a0\u00a0\u00a0\u00a0\u00a0\u00a0\u00a0\u00a0145, 7. 8\u20139a. 9bc\u201310 V\u00e1lasz: J\u00f6jj el, Urunk, Isten\u00fcnk: * \u00a0\u00a0\u00a0\u00a0\u00a0\u00a0\u00a0\u00a0\u00a0\u00a0\u00a0\u00a0\u00a0 \u00dcdv\u00f6z\u00edts minket. SZENTLECKE\u00a0\u00a0 \u00a0\u00a0\u00a0\u00a0\u00a0\u00a0\u00a0\u00a0\u00a0\u00a0\u00a0\u00a0\u00a0\u00a0\u00a0\u00a0\u00a0\u00a0\u00a0\u00a0\u00a0\u00a0\u00a0\u00a0\u00a0\u00a0\u00a0\u00a0\u00a0\u00a0\u00a0\u00a0\u00a0\u00a0\u00a0\u00a0\u00a0\u00a0\u00a0\u00a0\u00a0\u00a0\u00a0\u00a0\u00a0\u00a0\u00a0\u00a0Jak 5, 7\u201310 Korunknak betegs\u00e9ge a t\u00fcrelmetlens\u00e9g \u00e9s az \u00e1llhatatlans\u00e1g. A mai embernek minden azonnal kellene. Istent\u0151l is. Erre vonatkozik a mond\u00e1s: \u201eAdj, Uram, de r\u00f6gt\u00f6n!\u201d Az igazi lelki \u00e9let viszont \u00e9ppen az ellenkez\u0151je ennek: t\u00fcrelemre, kitart\u00e1sra \u00e9p\u00fcl. ALLELUJA \u00a0\u00a0\u00a0\u00a0\u00a0\u00a0\u00a0\u00a0\u00a0\u00a0\u00a0\u00a0\u00a0\u00a0\u00a0\u00a0\u00a0\u00a0\u00a0\u00a0\u00a0\u00a0\u00a0\u00a0\u00a0\u00a0\u00a0\u00a0\u00a0\u00a0\u00a0\u00a0\u00a0\u00a0\u00a0\u00a0\u00a0\u00a0\u00a0\u00a0\u00a0\u00a0\u00a0\u00a0\u00a0\u00a0\u00a0\u00a0\u00a0\u00a0\u00a0\u00a0\u00a0\u00a0\u00a0\u00a0\u00a0\u00a0\u00a0\u00a0\u00a0\u00a0\u00a0\u00a0\u00a0\u00a0\u00a0\u00a0\u00a0\u00a0Iz 61, 1 Az \u00dar lelke van rajtam: * elk\u00fcld\u00f6tt, hogy a szeg\u00e9nyeknek \u00f6r\u00f6mh\u00edrt vigyek. EVANG\u00c9LIUM \u00a0\u00a0\u00a0\u00a0\u00a0\u00a0\u00a0\u00a0\u00a0\u00a0\u00a0\u00a0\u00a0\u00a0\u00a0\u00a0\u00a0\u00a0\u00a0\u00a0\u00a0\u00a0\u00a0\u00a0\u00a0\u00a0\u00a0\u00a0\u00a0\u00a0\u00a0\u00a0\u00a0\u00a0\u00a0\u00a0\u00a0\u00a0\u00a0\u00a0\u00a0\u00a0\u00a0\u00a0\u00a0\u00a0\u00a0Mt 11, 2\u201311 Keresztel\u0151 J\u00e1nos k\u00e9rd\u00e9se az emberis\u00e9g k\u00e9rd\u00e9se is. Mir\u0151l lehet felismerni a Megv\u00e1lt\u00f3t? J\u00f3s\u00e1g\u00e1r\u00f3l \u00e9s szeretet\u00e9r\u0151l. Nem megy el \u00e9rz\u00e9ketlen\u00fcl a szenved\u0151 ember mellett: seg\u00edt, gy\u00f3gy\u00edt, \u00f6r\u00f6met hirdet. AZ EUCHARISZTI\u00c1HOZ Az evang\u00e9liumot a szeg\u00e9nyeknek hirdetik! S \u0151k meghallj\u00e1k Isten szav\u00e1t: nem alkudoznak, befogadj\u00e1k azt. J\u00e9zus az \u00e9gb\u0151l sz\u00e1llott \u00e9l\u0151 kenyeret adja nek\u00fcnk, ha elfogadjuk a lakom\u00e1ra val\u00f3 megh\u00edv\u00e1st. \u00c1LDOZ\u00c1SI \u00c9NEK\u00a0\u00a0\u00a0\u00a0\u00a0\u00a0\u00a0\u00a0\u00a0\u00a0\u00a0\u00a0\u00a0\u00a0\u00a0\u00a0\u00a0\u00a0\u00a0\u00a0\u00a0\u00a0\u00a0\u00a0\u00a0\u00a0\u00a0\u00a0\u00a0\u00a0\u00a0\u00a0\u00a0\u00a0\u00a0\u00a0\u00a0\u00a0\u00a0\u00a0\u00a0\u00a0\u00a0\u00a0\u00a0\u00a0\u00a0\u00a0\u00a0\u00a0\u00a0 v\u00f6. Iz 35, 4 Mondj\u00e1tok a cs\u00fcggedt sz\u00edv\u0171eknek: B\u00e1tors\u00e1g! Ne f\u00e9ljetek! N\u00e9zz\u00e9tek, elj\u00f6n a mi Isten\u00fcnk, hogy szabadul\u00e1st hozzon nek\u00fcnk. ELM\u00c9LKED\u00c9S \u00a0\u00a0 AKARATOD SZERINT Uram, az t\u00f6rt\u00e9nj\u00e9k velem, amit akarsz, s \u00fagy t\u00f6rt\u00e9nj\u00e9k, ahogyan akarod, csak seg\u00edts, hogy meg\u00e9rtsem akaratodat. Uram, amikor akarod, akkor van a cselekv\u00e9s ideje, s amikor akarod, mindig k\u00e9sz vagyok, ma \u00e9s mind\u00f6r\u00f6kre. Uram, amit te akarsz, magamra v\u00e1llalom, s amit te akarsz, sz\u00e1momra nyeres\u00e9g. Az a fontos, hogy a tied legyek. Uram, mert te akarod, az\u00e9rt j\u00f3 minden, s... R\u00e9szletek\" \/>\n<meta property=\"og:url\" content=\"https:\/\/stuttgarti-katolikusok.de\/index.php\/advent-3-es-4-vasarnapjara\/\" \/>\n<meta property=\"og:site_name\" content=\"Stuttgarti Katolikusok\" \/>\n<meta property=\"article:published_time\" content=\"2019-12-12T16:21:29+00:00\" \/>\n<meta property=\"article:modified_time\" content=\"2020-04-27T08:33:42+00:00\" \/>\n<meta name=\"author\" content=\"Tibor atya\" \/>\n<meta name=\"twitter:card\" content=\"summary_large_image\" \/>\n<meta name=\"twitter:label1\" content=\"Szerz\u0151:\" \/>\n\t<meta name=\"twitter:data1\" content=\"Tibor atya\" \/>\n\t<meta name=\"twitter:label2\" content=\"Becs\u00fclt olvas\u00e1si id\u0151\" \/>\n\t<meta name=\"twitter:data2\" content=\"10 perc\" \/>\n<script type=\"application\/ld+json\" class=\"yoast-schema-graph\">{\"@context\":\"https:\\\/\\\/schema.org\",\"@graph\":[{\"@type\":\"Article\",\"@id\":\"https:\\\/\\\/stuttgarti-katolikusok.de\\\/index.php\\\/advent-3-es-4-vasarnapjara\\\/#article\",\"isPartOf\":{\"@id\":\"https:\\\/\\\/stuttgarti-katolikusok.de\\\/index.php\\\/advent-3-es-4-vasarnapjara\\\/\"},\"author\":{\"name\":\"Tibor atya\",\"@id\":\"https:\\\/\\\/stuttgarti-katolikusok.de\\\/#\\\/schema\\\/person\\\/75908d6f8fdc03a57889d27209df7795\"},\"headline\":\"Advent 3. \u00e9s 4. vas\u00e1rnapj\u00e1ra\",\"datePublished\":\"2019-12-12T16:21:29+00:00\",\"dateModified\":\"2020-04-27T08:33:42+00:00\",\"mainEntityOfPage\":{\"@id\":\"https:\\\/\\\/stuttgarti-katolikusok.de\\\/index.php\\\/advent-3-es-4-vasarnapjara\\\/\"},\"wordCount\":1982,\"articleSection\":[\"Vas\u00e1rnapi gondolatok\"],\"inLanguage\":\"hu\"},{\"@type\":\"WebPage\",\"@id\":\"https:\\\/\\\/stuttgarti-katolikusok.de\\\/index.php\\\/advent-3-es-4-vasarnapjara\\\/\",\"url\":\"https:\\\/\\\/stuttgarti-katolikusok.de\\\/index.php\\\/advent-3-es-4-vasarnapjara\\\/\",\"name\":\"Advent 3. \u00e9s 4. vas\u00e1rnapj\u00e1ra - Stuttgarti Katolikusok\",\"isPartOf\":{\"@id\":\"https:\\\/\\\/stuttgarti-katolikusok.de\\\/#website\"},\"datePublished\":\"2019-12-12T16:21:29+00:00\",\"dateModified\":\"2020-04-27T08:33:42+00:00\",\"author\":{\"@id\":\"https:\\\/\\\/stuttgarti-katolikusok.de\\\/#\\\/schema\\\/person\\\/75908d6f8fdc03a57889d27209df7795\"},\"breadcrumb\":{\"@id\":\"https:\\\/\\\/stuttgarti-katolikusok.de\\\/index.php\\\/advent-3-es-4-vasarnapjara\\\/#breadcrumb\"},\"inLanguage\":\"hu\",\"potentialAction\":[{\"@type\":\"ReadAction\",\"target\":[\"https:\\\/\\\/stuttgarti-katolikusok.de\\\/index.php\\\/advent-3-es-4-vasarnapjara\\\/\"]}]},{\"@type\":\"BreadcrumbList\",\"@id\":\"https:\\\/\\\/stuttgarti-katolikusok.de\\\/index.php\\\/advent-3-es-4-vasarnapjara\\\/#breadcrumb\",\"itemListElement\":[{\"@type\":\"ListItem\",\"position\":1,\"name\":\"Kezd\u0151lap\",\"item\":\"https:\\\/\\\/stuttgarti-katolikusok.de\\\/\"},{\"@type\":\"ListItem\",\"position\":2,\"name\":\"Advent 3. \u00e9s 4. vas\u00e1rnapj\u00e1ra\"}]},{\"@type\":\"WebSite\",\"@id\":\"https:\\\/\\\/stuttgarti-katolikusok.de\\\/#website\",\"url\":\"https:\\\/\\\/stuttgarti-katolikusok.de\\\/\",\"name\":\"Stuttgarti Katolikusok\",\"description\":\"\",\"potentialAction\":[{\"@type\":\"SearchAction\",\"target\":{\"@type\":\"EntryPoint\",\"urlTemplate\":\"https:\\\/\\\/stuttgarti-katolikusok.de\\\/?s={search_term_string}\"},\"query-input\":{\"@type\":\"PropertyValueSpecification\",\"valueRequired\":true,\"valueName\":\"search_term_string\"}}],\"inLanguage\":\"hu\"},{\"@type\":\"Person\",\"@id\":\"https:\\\/\\\/stuttgarti-katolikusok.de\\\/#\\\/schema\\\/person\\\/75908d6f8fdc03a57889d27209df7795\",\"name\":\"Tibor atya\",\"image\":{\"@type\":\"ImageObject\",\"inLanguage\":\"hu\",\"@id\":\"https:\\\/\\\/secure.gravatar.com\\\/avatar\\\/61d268e57d1f4525b111222e29d2d5a7f8c420fdbf231ba5566a8ceac74fa960?s=96&d=mm&r=g\",\"url\":\"https:\\\/\\\/secure.gravatar.com\\\/avatar\\\/61d268e57d1f4525b111222e29d2d5a7f8c420fdbf231ba5566a8ceac74fa960?s=96&d=mm&r=g\",\"contentUrl\":\"https:\\\/\\\/secure.gravatar.com\\\/avatar\\\/61d268e57d1f4525b111222e29d2d5a7f8c420fdbf231ba5566a8ceac74fa960?s=96&d=mm&r=g\",\"caption\":\"Tibor atya\"},\"url\":\"https:\\\/\\\/stuttgarti-katolikusok.de\\\/index.php\\\/author\\\/tibor-atya\\\/\"}]}<\/script>\n<!-- \/ Yoast SEO plugin. -->","yoast_head_json":{"title":"Advent 3. \u00e9s 4. vas\u00e1rnapj\u00e1ra - Stuttgarti Katolikusok","robots":{"index":"index","follow":"follow","max-snippet":"max-snippet:-1","max-image-preview":"max-image-preview:large","max-video-preview":"max-video-preview:-1"},"canonical":"https:\/\/stuttgarti-katolikusok.de\/index.php\/advent-3-es-4-vasarnapjara\/","og_locale":"hu_HU","og_type":"article","og_title":"Advent 3. \u00e9s 4. vas\u00e1rnapj\u00e1ra - Stuttgarti Katolikusok","og_description":"2019. december 15. ADVENT 3. VAS\u00c1RNAPJA Az adventi \u00f6r\u00f6m vas\u00e1rnapja. \u201eS\u00f6t\u00e9tben j\u00e1runk, hajnalra v\u00e1runk\u201d (SzVU 13), Krisztusra, Kar\u00e1csonyra v\u00e1runk. A v\u00e1rakoz\u00e1s k\u00e9sz\u00fcletet is jelent. Igyeksz\u00fcnk m\u00e9lt\u00f3k lenni ahhoz, aki j\u00f6n \u00e9s aki vel\u00fcnk marad s a mi\u00e9nk marad. OLVASM\u00c1NY\u00a0 \u00a0\u00a0\u00a0\u00a0\u00a0\u00a0\u00a0\u00a0\u00a0\u00a0\u00a0\u00a0\u00a0\u00a0\u00a0\u00a0\u00a0\u00a0\u00a0\u00a0\u00a0\u00a0\u00a0\u00a0\u00a0\u00a0\u00a0\u00a0\u00a0\u00a0\u00a0\u00a0\u00a0\u00a0\u00a0\u00a0\u00a0\u00a0\u00a0\u00a0\u00a0\u00a0\u00a0\u00a0\u00a0Iz 1, 1\u20136a. 10 Ami a beteg ember sz\u00e1m\u00e1ra a gy\u00f3gyul\u00e1s \u00e9s az eg\u00e9szs\u00e9g, azt hozza az \u00dcdv\u00f6z\u00edt\u0151 az embereknek. Ami az \u00f6r\u00f6m a szomorkod\u00f3nak, ami a szabads\u00e1g a rabnak, abban r\u00e9szes\u00edt benn\u00fcnket az \u00dar. A f\u00e9l\u00e9nknek b\u00e1tors\u00e1got, a vaknak tiszt\u00e1nl\u00e1t\u00e1st aj\u00e1nd\u00e9koz az Isten. V\u00c1LASZOS ZSOLT\u00c1R\u00a0\u00a0\u00a0\u00a0\u00a0\u00a0\u00a0\u00a0\u00a0\u00a0 \u00a0\u00a0\u00a0\u00a0\u00a0\u00a0\u00a0\u00a0\u00a0\u00a0\u00a0\u00a0145, 7. 8\u20139a. 9bc\u201310 V\u00e1lasz: J\u00f6jj el, Urunk, Isten\u00fcnk: * \u00a0\u00a0\u00a0\u00a0\u00a0\u00a0\u00a0\u00a0\u00a0\u00a0\u00a0\u00a0\u00a0 \u00dcdv\u00f6z\u00edts minket. SZENTLECKE\u00a0\u00a0 \u00a0\u00a0\u00a0\u00a0\u00a0\u00a0\u00a0\u00a0\u00a0\u00a0\u00a0\u00a0\u00a0\u00a0\u00a0\u00a0\u00a0\u00a0\u00a0\u00a0\u00a0\u00a0\u00a0\u00a0\u00a0\u00a0\u00a0\u00a0\u00a0\u00a0\u00a0\u00a0\u00a0\u00a0\u00a0\u00a0\u00a0\u00a0\u00a0\u00a0\u00a0\u00a0\u00a0\u00a0\u00a0\u00a0\u00a0\u00a0Jak 5, 7\u201310 Korunknak betegs\u00e9ge a t\u00fcrelmetlens\u00e9g \u00e9s az \u00e1llhatatlans\u00e1g. A mai embernek minden azonnal kellene. Istent\u0151l is. Erre vonatkozik a mond\u00e1s: \u201eAdj, Uram, de r\u00f6gt\u00f6n!\u201d Az igazi lelki \u00e9let viszont \u00e9ppen az ellenkez\u0151je ennek: t\u00fcrelemre, kitart\u00e1sra \u00e9p\u00fcl. ALLELUJA \u00a0\u00a0\u00a0\u00a0\u00a0\u00a0\u00a0\u00a0\u00a0\u00a0\u00a0\u00a0\u00a0\u00a0\u00a0\u00a0\u00a0\u00a0\u00a0\u00a0\u00a0\u00a0\u00a0\u00a0\u00a0\u00a0\u00a0\u00a0\u00a0\u00a0\u00a0\u00a0\u00a0\u00a0\u00a0\u00a0\u00a0\u00a0\u00a0\u00a0\u00a0\u00a0\u00a0\u00a0\u00a0\u00a0\u00a0\u00a0\u00a0\u00a0\u00a0\u00a0\u00a0\u00a0\u00a0\u00a0\u00a0\u00a0\u00a0\u00a0\u00a0\u00a0\u00a0\u00a0\u00a0\u00a0\u00a0\u00a0\u00a0\u00a0Iz 61, 1 Az \u00dar lelke van rajtam: * elk\u00fcld\u00f6tt, hogy a szeg\u00e9nyeknek \u00f6r\u00f6mh\u00edrt vigyek. EVANG\u00c9LIUM \u00a0\u00a0\u00a0\u00a0\u00a0\u00a0\u00a0\u00a0\u00a0\u00a0\u00a0\u00a0\u00a0\u00a0\u00a0\u00a0\u00a0\u00a0\u00a0\u00a0\u00a0\u00a0\u00a0\u00a0\u00a0\u00a0\u00a0\u00a0\u00a0\u00a0\u00a0\u00a0\u00a0\u00a0\u00a0\u00a0\u00a0\u00a0\u00a0\u00a0\u00a0\u00a0\u00a0\u00a0\u00a0\u00a0\u00a0Mt 11, 2\u201311 Keresztel\u0151 J\u00e1nos k\u00e9rd\u00e9se az emberis\u00e9g k\u00e9rd\u00e9se is. Mir\u0151l lehet felismerni a Megv\u00e1lt\u00f3t? J\u00f3s\u00e1g\u00e1r\u00f3l \u00e9s szeretet\u00e9r\u0151l. Nem megy el \u00e9rz\u00e9ketlen\u00fcl a szenved\u0151 ember mellett: seg\u00edt, gy\u00f3gy\u00edt, \u00f6r\u00f6met hirdet. AZ EUCHARISZTI\u00c1HOZ Az evang\u00e9liumot a szeg\u00e9nyeknek hirdetik! S \u0151k meghallj\u00e1k Isten szav\u00e1t: nem alkudoznak, befogadj\u00e1k azt. J\u00e9zus az \u00e9gb\u0151l sz\u00e1llott \u00e9l\u0151 kenyeret adja nek\u00fcnk, ha elfogadjuk a lakom\u00e1ra val\u00f3 megh\u00edv\u00e1st. \u00c1LDOZ\u00c1SI \u00c9NEK\u00a0\u00a0\u00a0\u00a0\u00a0\u00a0\u00a0\u00a0\u00a0\u00a0\u00a0\u00a0\u00a0\u00a0\u00a0\u00a0\u00a0\u00a0\u00a0\u00a0\u00a0\u00a0\u00a0\u00a0\u00a0\u00a0\u00a0\u00a0\u00a0\u00a0\u00a0\u00a0\u00a0\u00a0\u00a0\u00a0\u00a0\u00a0\u00a0\u00a0\u00a0\u00a0\u00a0\u00a0\u00a0\u00a0\u00a0\u00a0\u00a0\u00a0\u00a0 v\u00f6. Iz 35, 4 Mondj\u00e1tok a cs\u00fcggedt sz\u00edv\u0171eknek: B\u00e1tors\u00e1g! Ne f\u00e9ljetek! N\u00e9zz\u00e9tek, elj\u00f6n a mi Isten\u00fcnk, hogy szabadul\u00e1st hozzon nek\u00fcnk. ELM\u00c9LKED\u00c9S \u00a0\u00a0 AKARATOD SZERINT Uram, az t\u00f6rt\u00e9nj\u00e9k velem, amit akarsz, s \u00fagy t\u00f6rt\u00e9nj\u00e9k, ahogyan akarod, csak seg\u00edts, hogy meg\u00e9rtsem akaratodat. Uram, amikor akarod, akkor van a cselekv\u00e9s ideje, s amikor akarod, mindig k\u00e9sz vagyok, ma \u00e9s mind\u00f6r\u00f6kre. Uram, amit te akarsz, magamra v\u00e1llalom, s amit te akarsz, sz\u00e1momra nyeres\u00e9g. Az a fontos, hogy a tied legyek. Uram, mert te akarod, az\u00e9rt j\u00f3 minden, s... R\u00e9szletek","og_url":"https:\/\/stuttgarti-katolikusok.de\/index.php\/advent-3-es-4-vasarnapjara\/","og_site_name":"Stuttgarti Katolikusok","article_published_time":"2019-12-12T16:21:29+00:00","article_modified_time":"2020-04-27T08:33:42+00:00","author":"Tibor atya","twitter_card":"summary_large_image","twitter_misc":{"Szerz\u0151:":"Tibor atya","Becs\u00fclt olvas\u00e1si id\u0151":"10 perc"},"schema":{"@context":"https:\/\/schema.org","@graph":[{"@type":"Article","@id":"https:\/\/stuttgarti-katolikusok.de\/index.php\/advent-3-es-4-vasarnapjara\/#article","isPartOf":{"@id":"https:\/\/stuttgarti-katolikusok.de\/index.php\/advent-3-es-4-vasarnapjara\/"},"author":{"name":"Tibor atya","@id":"https:\/\/stuttgarti-katolikusok.de\/#\/schema\/person\/75908d6f8fdc03a57889d27209df7795"},"headline":"Advent 3. \u00e9s 4. vas\u00e1rnapj\u00e1ra","datePublished":"2019-12-12T16:21:29+00:00","dateModified":"2020-04-27T08:33:42+00:00","mainEntityOfPage":{"@id":"https:\/\/stuttgarti-katolikusok.de\/index.php\/advent-3-es-4-vasarnapjara\/"},"wordCount":1982,"articleSection":["Vas\u00e1rnapi gondolatok"],"inLanguage":"hu"},{"@type":"WebPage","@id":"https:\/\/stuttgarti-katolikusok.de\/index.php\/advent-3-es-4-vasarnapjara\/","url":"https:\/\/stuttgarti-katolikusok.de\/index.php\/advent-3-es-4-vasarnapjara\/","name":"Advent 3. \u00e9s 4. vas\u00e1rnapj\u00e1ra - Stuttgarti Katolikusok","isPartOf":{"@id":"https:\/\/stuttgarti-katolikusok.de\/#website"},"datePublished":"2019-12-12T16:21:29+00:00","dateModified":"2020-04-27T08:33:42+00:00","author":{"@id":"https:\/\/stuttgarti-katolikusok.de\/#\/schema\/person\/75908d6f8fdc03a57889d27209df7795"},"breadcrumb":{"@id":"https:\/\/stuttgarti-katolikusok.de\/index.php\/advent-3-es-4-vasarnapjara\/#breadcrumb"},"inLanguage":"hu","potentialAction":[{"@type":"ReadAction","target":["https:\/\/stuttgarti-katolikusok.de\/index.php\/advent-3-es-4-vasarnapjara\/"]}]},{"@type":"BreadcrumbList","@id":"https:\/\/stuttgarti-katolikusok.de\/index.php\/advent-3-es-4-vasarnapjara\/#breadcrumb","itemListElement":[{"@type":"ListItem","position":1,"name":"Kezd\u0151lap","item":"https:\/\/stuttgarti-katolikusok.de\/"},{"@type":"ListItem","position":2,"name":"Advent 3. \u00e9s 4. vas\u00e1rnapj\u00e1ra"}]},{"@type":"WebSite","@id":"https:\/\/stuttgarti-katolikusok.de\/#website","url":"https:\/\/stuttgarti-katolikusok.de\/","name":"Stuttgarti Katolikusok","description":"","potentialAction":[{"@type":"SearchAction","target":{"@type":"EntryPoint","urlTemplate":"https:\/\/stuttgarti-katolikusok.de\/?s={search_term_string}"},"query-input":{"@type":"PropertyValueSpecification","valueRequired":true,"valueName":"search_term_string"}}],"inLanguage":"hu"},{"@type":"Person","@id":"https:\/\/stuttgarti-katolikusok.de\/#\/schema\/person\/75908d6f8fdc03a57889d27209df7795","name":"Tibor atya","image":{"@type":"ImageObject","inLanguage":"hu","@id":"https:\/\/secure.gravatar.com\/avatar\/61d268e57d1f4525b111222e29d2d5a7f8c420fdbf231ba5566a8ceac74fa960?s=96&d=mm&r=g","url":"https:\/\/secure.gravatar.com\/avatar\/61d268e57d1f4525b111222e29d2d5a7f8c420fdbf231ba5566a8ceac74fa960?s=96&d=mm&r=g","contentUrl":"https:\/\/secure.gravatar.com\/avatar\/61d268e57d1f4525b111222e29d2d5a7f8c420fdbf231ba5566a8ceac74fa960?s=96&d=mm&r=g","caption":"Tibor atya"},"url":"https:\/\/stuttgarti-katolikusok.de\/index.php\/author\/tibor-atya\/"}]}},"_links":{"self":[{"href":"https:\/\/stuttgarti-katolikusok.de\/index.php\/wp-json\/wp\/v2\/posts\/18219","targetHints":{"allow":["GET"]}}],"collection":[{"href":"https:\/\/stuttgarti-katolikusok.de\/index.php\/wp-json\/wp\/v2\/posts"}],"about":[{"href":"https:\/\/stuttgarti-katolikusok.de\/index.php\/wp-json\/wp\/v2\/types\/post"}],"author":[{"embeddable":true,"href":"https:\/\/stuttgarti-katolikusok.de\/index.php\/wp-json\/wp\/v2\/users\/3"}],"replies":[{"embeddable":true,"href":"https:\/\/stuttgarti-katolikusok.de\/index.php\/wp-json\/wp\/v2\/comments?post=18219"}],"version-history":[{"count":2,"href":"https:\/\/stuttgarti-katolikusok.de\/index.php\/wp-json\/wp\/v2\/posts\/18219\/revisions"}],"predecessor-version":[{"id":18224,"href":"https:\/\/stuttgarti-katolikusok.de\/index.php\/wp-json\/wp\/v2\/posts\/18219\/revisions\/18224"}],"wp:attachment":[{"href":"https:\/\/stuttgarti-katolikusok.de\/index.php\/wp-json\/wp\/v2\/media?parent=18219"}],"wp:term":[{"taxonomy":"category","embeddable":true,"href":"https:\/\/stuttgarti-katolikusok.de\/index.php\/wp-json\/wp\/v2\/categories?post=18219"},{"taxonomy":"post_tag","embeddable":true,"href":"https:\/\/stuttgarti-katolikusok.de\/index.php\/wp-json\/wp\/v2\/tags?post=18219"}],"curies":[{"name":"wp","href":"https:\/\/api.w.org\/{rel}","templated":true}]}}