{"id":18216,"date":"2019-12-10T06:53:51","date_gmt":"2019-12-10T06:53:51","guid":{"rendered":"https:\/\/gracious-dewdney.138-201-221-2.plesk.page\/?p=18216"},"modified":"2020-04-27T08:34:00","modified_gmt":"2020-04-27T08:34:00","slug":"kip-kop-kip-kop","status":"publish","type":"post","link":"https:\/\/stuttgarti-katolikusok.de\/index.php\/kip-kop-kip-kop\/","title":{"rendered":"Kip-kop, kip-kop&#8230;"},"content":{"rendered":"<p><strong>Kip-kop, kip-kop&#8230;<\/strong><\/p>\n<p>Gyermekkorom legszebb \u00e9lm\u00e9nye az els\u0151\u00e1ldoz\u00e1s volt. A templom tele volt, a fel falu jelen volt, mi pedig a h\u00edvek nagy t\u00f6meg\u00e9vel k\u00f6r\u00fclv\u00e9ve. Mivel el\u0151tte nem volt szabad enn\u00fcnk, a szentmise egy kicsit hossz\u00fa volt, de t\u00fcrelmesen \u00e9s izgalommal v\u00e1rtuk a szent\u00e1ldoz\u00e1st. Ut\u00e1na sz\u00e9p volt a pl\u00e9bania udvar\u00e1n fel\u00e1ll\u00edtott feh\u00e9r asztalok egyike mell\u00e9 letelepedni. Akkor fogyasztottam el \u00e9letem leg\u00edzletesebb Enrilo-k\u00e1v\u00e9j\u00e1t. \u00c9lesen eml\u00e9kszem, hogy egy szokatlan hat\u00e1rtalanul tiszta nyugodts\u00e1g vett birtok\u00e1ba, amit sohasem tudtam elfelejteni, \u00e9s ma is v\u00e1gy\u00f3dom utana. Fiatal, \u00e1rtatlan sz\u00edvvel azt \u00e9reztem, mintha a J\u00f3 Isten melletem lett volna.<\/p>\n<p>Telt-m\u00falt az id\u0151, nagyobbak lett\u00fcnk. \u00c9s m\u00e1s dolgok kezdtek \u00e9rdekelni. Mozg\u00e9kony, izg\u00e1ga gyerek voltam, aki egy percig sem tudott egy helyben meg\u00fclni. A sok mozg\u00e1somnak, sajnos, k\u00e1ros hat\u00e1sa lett: a bakkancsomat igen gyakran kellett megtalpalni, ami szeg\u00e9ny csal\u00e1dunknak\u00a0 el\u00e9g nagy anyagi megterhel\u00e9st okozott.<\/p>\n<p>Egy alkalommal \u00e9desanyam t\u00fcrelmetlen\u00fcl kijelentette: <em>\u201eMi\u00e9rt kopik a te bakkancsod olyan hamar, l\u00e1tod, a szomsz\u00e9d\u00e9k kisl\u00e1ny\u00e1nak m\u00e1r \u00f6t \u00e9ve tart a cip\u0151je.\u201c<\/em> Any\u00e1m szavai szeget \u00fct\u00f6ttek a fejembe, s b\u00e1rhogyan is t\u00f6rtem a fejemet, nem tudtam elk\u00e9pzelni, hogyan lehet ilyesmi a vil\u00e1gon? \u00a0Gondoltam magamban, ut\u00e1na j\u00e1rok \u00e9n a dolognak \u00e9s megn\u00e9zem, hogy a szomsz\u00e9d kisl\u00e1ny, az Ike, hogy tud egy cip\u0151vel \u00f6t \u00e9vig j\u00e1rni? Nincs tal\u00e1n s\u00falya, vagy lebeg mint az angyalok ?<\/p>\n<p>Egyre fokoz\u00f3d\u00f3 \u00e9rdekl\u0151d\u00e9ssel kezdtem figyelni az Ike j\u00e1r\u00e1s\u00e1t, h\u00e1tha r\u00e1j\u00f6v\u00f6k a ny\u0171hetetlen kis cip\u0151je titk\u00e1ra. Sajnos, nem j\u00f6ttem r\u00e1, a babos szokny\u00e1ja \u00e9s a copfba k\u00f6t\u00f6tt sz\u0151ke haja mindig elvonta a figyelmemet, amikor vas\u00e1rnap templomba menve a h\u00e1zunk el\u0151tt kopog\u00f3 cip\u0151j\u00e9vel elmas\u00edrozottHamarosan \u00e9n is a\u00a0 kilometerhossz\u00fa templombavezet\u0151 utat valasztottam, h\u00e1tha okosabb leszek. \u00c9s j\u00f3llehet \u00edgy gyakrabban eljutottam az Isten h\u00e1z\u00e1ba, mint egy\u00e9bk\u00e9nt tettem volna, t\u00f6bbet vettem r\u00e9szt nagymis\u00e9n, rorat\u00e9n \u00e9s m\u00e1jusi valamint oktoberi \u00e1jtatoss\u00e1gon, m\u00e9gsem j\u00f6ttem r\u00e1, hogy mi az Ike titka. Arra viszont igen, hogy ha itt a f\u00f6ld\u00f6n angyalt kellene v\u00e1lasztanom, akkor Ike lenne az&#8230;<\/p>\n<p>Ezek jutottak eszembe, amikor a legut\u00f3bbi p\u00e9nteken a reggeli ror\u00e1t\u00e9-szentmis\u00e9re Stuttgartba j\u00f6ttem&#8230; s Isten h\u00e1z\u00e1ban, valamint nagysz\u00e1m\u00fa bar\u00e1taim k\u00f6z\u00f6tt \u2013 milyen \u00e9rdekes! \u2013 r\u00e1tal\u00e1ltam ism\u00e9t a gyermekkoromb\u00f3l ismert lelki b\u00e9k\u00e9re \u00e9s \u0151szinte emberi melegs\u00e9gre.<\/p>\n<p>&nbsp;<\/p>\n<p><em>BEL<\/em><\/p>\n<p><em>2019-12-09.<\/em><\/p>\n","protected":false},"excerpt":{"rendered":"<p>Kip-kop, kip-kop&#8230; Gyermekkorom legszebb \u00e9lm\u00e9nye az els\u0151\u00e1ldoz\u00e1s volt. A templom tele volt, a fel falu jelen volt, mi pedig a h\u00edvek nagy t\u00f6meg\u00e9vel k\u00f6r\u00fclv\u00e9ve. Mivel el\u0151tte nem volt szabad enn\u00fcnk, a szentmise egy kicsit hossz\u00fa volt, de t\u00fcrelmesen \u00e9s izgalommal v\u00e1rtuk a szent\u00e1ldoz\u00e1st. Ut\u00e1na sz\u00e9p volt a pl\u00e9bania udvar\u00e1n fel\u00e1ll\u00edtott feh\u00e9r asztalok egyike mell\u00e9 letelepedni. Akkor fogyasztottam el \u00e9letem leg\u00edzletesebb Enrilo-k\u00e1v\u00e9j\u00e1t. \u00c9lesen eml\u00e9kszem, hogy egy szokatlan hat\u00e1rtalanul tiszta nyugodts\u00e1g vett birtok\u00e1ba, amit sohasem tudtam elfelejteni, \u00e9s ma is v\u00e1gy\u00f3dom utana. Fiatal, \u00e1rtatlan sz\u00edvvel azt \u00e9reztem, mintha a J\u00f3 Isten melletem lett volna. Telt-m\u00falt az id\u0151, nagyobbak lett\u00fcnk. \u00c9s m\u00e1s dolgok kezdtek \u00e9rdekelni. Mozg\u00e9kony, izg\u00e1ga gyerek voltam, aki egy percig sem tudott egy helyben meg\u00fclni. A sok mozg\u00e1somnak, sajnos, k\u00e1ros hat\u00e1sa lett: a bakkancsomat igen gyakran kellett megtalpalni, ami szeg\u00e9ny csal\u00e1dunknak\u00a0 el\u00e9g nagy anyagi megterhel\u00e9st okozott. Egy alkalommal \u00e9desanyam t\u00fcrelmetlen\u00fcl kijelentette: \u201eMi\u00e9rt kopik a te bakkancsod olyan hamar, l\u00e1tod, a szomsz\u00e9d\u00e9k kisl\u00e1ny\u00e1nak m\u00e1r \u00f6t \u00e9ve tart a cip\u0151je.\u201c Any\u00e1m szavai szeget \u00fct\u00f6ttek a fejembe, s b\u00e1rhogyan is t\u00f6rtem a fejemet, nem tudtam elk\u00e9pzelni, hogyan lehet ilyesmi a vil\u00e1gon? \u00a0Gondoltam magamban, ut\u00e1na j\u00e1rok \u00e9n a dolognak \u00e9s megn\u00e9zem, hogy a szomsz\u00e9d kisl\u00e1ny, az Ike, hogy tud egy cip\u0151vel \u00f6t \u00e9vig j\u00e1rni? Nincs tal\u00e1n s\u00falya, vagy lebeg mint az angyalok ? Egyre fokoz\u00f3d\u00f3 \u00e9rdekl\u0151d\u00e9ssel kezdtem figyelni az Ike j\u00e1r\u00e1s\u00e1t, h\u00e1tha r\u00e1j\u00f6v\u00f6k a ny\u0171hetetlen kis cip\u0151je titk\u00e1ra. Sajnos, nem j\u00f6ttem r\u00e1, a babos szokny\u00e1ja \u00e9s a copfba k\u00f6t\u00f6tt sz\u0151ke haja mindig elvonta a figyelmemet, amikor vas\u00e1rnap templomba menve a h\u00e1zunk el\u0151tt kopog\u00f3 cip\u0151j\u00e9vel elmas\u00edrozottHamarosan \u00e9n is a\u00a0 kilometerhossz\u00fa templombavezet\u0151 utat valasztottam, h\u00e1tha okosabb leszek. \u00c9s j\u00f3llehet \u00edgy gyakrabban eljutottam az Isten h\u00e1z\u00e1ba, mint egy\u00e9bk\u00e9nt tettem volna, t\u00f6bbet vettem r\u00e9szt nagymis\u00e9n, rorat\u00e9n \u00e9s m\u00e1jusi valamint oktoberi \u00e1jtatoss\u00e1gon, m\u00e9gsem j\u00f6ttem r\u00e1, hogy mi az Ike titka. Arra viszont igen, hogy ha itt a f\u00f6ld\u00f6n angyalt kellene&#8230; <\/p>\n<p><a class=\"readmore\" href=\"https:\/\/stuttgarti-katolikusok.de\/index.php\/kip-kop-kip-kop\/\">R\u00e9szletek<\/a><\/p>\n","protected":false},"author":3,"featured_media":0,"comment_status":"closed","ping_status":"closed","sticky":false,"template":"","format":"standard","meta":{"footnotes":""},"categories":[28],"tags":[],"class_list":["post-18216","post","type-post","status-publish","format-standard","hentry","category-olvasoink-irjak"],"yoast_head":"<!-- This site is optimized with the Yoast SEO plugin v27.3 - https:\/\/yoast.com\/product\/yoast-seo-wordpress\/ -->\n<title>Kip-kop, kip-kop... - Stuttgarti Katolikusok<\/title>\n<meta name=\"robots\" content=\"index, follow, max-snippet:-1, max-image-preview:large, max-video-preview:-1\" \/>\n<link rel=\"canonical\" href=\"https:\/\/stuttgarti-katolikusok.de\/index.php\/kip-kop-kip-kop\/\" \/>\n<meta property=\"og:locale\" content=\"hu_HU\" \/>\n<meta property=\"og:type\" content=\"article\" \/>\n<meta property=\"og:title\" content=\"Kip-kop, kip-kop... - Stuttgarti Katolikusok\" \/>\n<meta property=\"og:description\" content=\"Kip-kop, kip-kop&#8230; Gyermekkorom legszebb \u00e9lm\u00e9nye az els\u0151\u00e1ldoz\u00e1s volt. A templom tele volt, a fel falu jelen volt, mi pedig a h\u00edvek nagy t\u00f6meg\u00e9vel k\u00f6r\u00fclv\u00e9ve. Mivel el\u0151tte nem volt szabad enn\u00fcnk, a szentmise egy kicsit hossz\u00fa volt, de t\u00fcrelmesen \u00e9s izgalommal v\u00e1rtuk a szent\u00e1ldoz\u00e1st. Ut\u00e1na sz\u00e9p volt a pl\u00e9bania udvar\u00e1n fel\u00e1ll\u00edtott feh\u00e9r asztalok egyike mell\u00e9 letelepedni. Akkor fogyasztottam el \u00e9letem leg\u00edzletesebb Enrilo-k\u00e1v\u00e9j\u00e1t. \u00c9lesen eml\u00e9kszem, hogy egy szokatlan hat\u00e1rtalanul tiszta nyugodts\u00e1g vett birtok\u00e1ba, amit sohasem tudtam elfelejteni, \u00e9s ma is v\u00e1gy\u00f3dom utana. Fiatal, \u00e1rtatlan sz\u00edvvel azt \u00e9reztem, mintha a J\u00f3 Isten melletem lett volna. Telt-m\u00falt az id\u0151, nagyobbak lett\u00fcnk. \u00c9s m\u00e1s dolgok kezdtek \u00e9rdekelni. Mozg\u00e9kony, izg\u00e1ga gyerek voltam, aki egy percig sem tudott egy helyben meg\u00fclni. A sok mozg\u00e1somnak, sajnos, k\u00e1ros hat\u00e1sa lett: a bakkancsomat igen gyakran kellett megtalpalni, ami szeg\u00e9ny csal\u00e1dunknak\u00a0 el\u00e9g nagy anyagi megterhel\u00e9st okozott. Egy alkalommal \u00e9desanyam t\u00fcrelmetlen\u00fcl kijelentette: \u201eMi\u00e9rt kopik a te bakkancsod olyan hamar, l\u00e1tod, a szomsz\u00e9d\u00e9k kisl\u00e1ny\u00e1nak m\u00e1r \u00f6t \u00e9ve tart a cip\u0151je.\u201c Any\u00e1m szavai szeget \u00fct\u00f6ttek a fejembe, s b\u00e1rhogyan is t\u00f6rtem a fejemet, nem tudtam elk\u00e9pzelni, hogyan lehet ilyesmi a vil\u00e1gon? \u00a0Gondoltam magamban, ut\u00e1na j\u00e1rok \u00e9n a dolognak \u00e9s megn\u00e9zem, hogy a szomsz\u00e9d kisl\u00e1ny, az Ike, hogy tud egy cip\u0151vel \u00f6t \u00e9vig j\u00e1rni? Nincs tal\u00e1n s\u00falya, vagy lebeg mint az angyalok ? Egyre fokoz\u00f3d\u00f3 \u00e9rdekl\u0151d\u00e9ssel kezdtem figyelni az Ike j\u00e1r\u00e1s\u00e1t, h\u00e1tha r\u00e1j\u00f6v\u00f6k a ny\u0171hetetlen kis cip\u0151je titk\u00e1ra. Sajnos, nem j\u00f6ttem r\u00e1, a babos szokny\u00e1ja \u00e9s a copfba k\u00f6t\u00f6tt sz\u0151ke haja mindig elvonta a figyelmemet, amikor vas\u00e1rnap templomba menve a h\u00e1zunk el\u0151tt kopog\u00f3 cip\u0151j\u00e9vel elmas\u00edrozottHamarosan \u00e9n is a\u00a0 kilometerhossz\u00fa templombavezet\u0151 utat valasztottam, h\u00e1tha okosabb leszek. \u00c9s j\u00f3llehet \u00edgy gyakrabban eljutottam az Isten h\u00e1z\u00e1ba, mint egy\u00e9bk\u00e9nt tettem volna, t\u00f6bbet vettem r\u00e9szt nagymis\u00e9n, rorat\u00e9n \u00e9s m\u00e1jusi valamint oktoberi \u00e1jtatoss\u00e1gon, m\u00e9gsem j\u00f6ttem r\u00e1, hogy mi az Ike titka. Arra viszont igen, hogy ha itt a f\u00f6ld\u00f6n angyalt kellene... R\u00e9szletek\" \/>\n<meta property=\"og:url\" content=\"https:\/\/stuttgarti-katolikusok.de\/index.php\/kip-kop-kip-kop\/\" \/>\n<meta property=\"og:site_name\" content=\"Stuttgarti Katolikusok\" \/>\n<meta property=\"article:published_time\" content=\"2019-12-10T06:53:51+00:00\" \/>\n<meta property=\"article:modified_time\" content=\"2020-04-27T08:34:00+00:00\" \/>\n<meta name=\"author\" content=\"Tibor atya\" \/>\n<meta name=\"twitter:card\" content=\"summary_large_image\" \/>\n<meta name=\"twitter:label1\" content=\"Szerz\u0151:\" \/>\n\t<meta name=\"twitter:data1\" content=\"Tibor atya\" \/>\n\t<meta name=\"twitter:label2\" content=\"Becs\u00fclt olvas\u00e1si id\u0151\" \/>\n\t<meta name=\"twitter:data2\" content=\"2 perc\" \/>\n<script type=\"application\/ld+json\" class=\"yoast-schema-graph\">{\"@context\":\"https:\\\/\\\/schema.org\",\"@graph\":[{\"@type\":\"Article\",\"@id\":\"https:\\\/\\\/stuttgarti-katolikusok.de\\\/index.php\\\/kip-kop-kip-kop\\\/#article\",\"isPartOf\":{\"@id\":\"https:\\\/\\\/stuttgarti-katolikusok.de\\\/index.php\\\/kip-kop-kip-kop\\\/\"},\"author\":{\"name\":\"Tibor atya\",\"@id\":\"https:\\\/\\\/stuttgarti-katolikusok.de\\\/#\\\/schema\\\/person\\\/75908d6f8fdc03a57889d27209df7795\"},\"headline\":\"Kip-kop, kip-kop&#8230;\",\"datePublished\":\"2019-12-10T06:53:51+00:00\",\"dateModified\":\"2020-04-27T08:34:00+00:00\",\"mainEntityOfPage\":{\"@id\":\"https:\\\/\\\/stuttgarti-katolikusok.de\\\/index.php\\\/kip-kop-kip-kop\\\/\"},\"wordCount\":473,\"articleSection\":[\"Olvas\u00f3ink \u00edrj\u00e1k\"],\"inLanguage\":\"hu\"},{\"@type\":\"WebPage\",\"@id\":\"https:\\\/\\\/stuttgarti-katolikusok.de\\\/index.php\\\/kip-kop-kip-kop\\\/\",\"url\":\"https:\\\/\\\/stuttgarti-katolikusok.de\\\/index.php\\\/kip-kop-kip-kop\\\/\",\"name\":\"Kip-kop, kip-kop... - Stuttgarti Katolikusok\",\"isPartOf\":{\"@id\":\"https:\\\/\\\/stuttgarti-katolikusok.de\\\/#website\"},\"datePublished\":\"2019-12-10T06:53:51+00:00\",\"dateModified\":\"2020-04-27T08:34:00+00:00\",\"author\":{\"@id\":\"https:\\\/\\\/stuttgarti-katolikusok.de\\\/#\\\/schema\\\/person\\\/75908d6f8fdc03a57889d27209df7795\"},\"breadcrumb\":{\"@id\":\"https:\\\/\\\/stuttgarti-katolikusok.de\\\/index.php\\\/kip-kop-kip-kop\\\/#breadcrumb\"},\"inLanguage\":\"hu\",\"potentialAction\":[{\"@type\":\"ReadAction\",\"target\":[\"https:\\\/\\\/stuttgarti-katolikusok.de\\\/index.php\\\/kip-kop-kip-kop\\\/\"]}]},{\"@type\":\"BreadcrumbList\",\"@id\":\"https:\\\/\\\/stuttgarti-katolikusok.de\\\/index.php\\\/kip-kop-kip-kop\\\/#breadcrumb\",\"itemListElement\":[{\"@type\":\"ListItem\",\"position\":1,\"name\":\"Kezd\u0151lap\",\"item\":\"https:\\\/\\\/stuttgarti-katolikusok.de\\\/\"},{\"@type\":\"ListItem\",\"position\":2,\"name\":\"Kip-kop, kip-kop&#8230;\"}]},{\"@type\":\"WebSite\",\"@id\":\"https:\\\/\\\/stuttgarti-katolikusok.de\\\/#website\",\"url\":\"https:\\\/\\\/stuttgarti-katolikusok.de\\\/\",\"name\":\"Stuttgarti Katolikusok\",\"description\":\"\",\"potentialAction\":[{\"@type\":\"SearchAction\",\"target\":{\"@type\":\"EntryPoint\",\"urlTemplate\":\"https:\\\/\\\/stuttgarti-katolikusok.de\\\/?s={search_term_string}\"},\"query-input\":{\"@type\":\"PropertyValueSpecification\",\"valueRequired\":true,\"valueName\":\"search_term_string\"}}],\"inLanguage\":\"hu\"},{\"@type\":\"Person\",\"@id\":\"https:\\\/\\\/stuttgarti-katolikusok.de\\\/#\\\/schema\\\/person\\\/75908d6f8fdc03a57889d27209df7795\",\"name\":\"Tibor atya\",\"image\":{\"@type\":\"ImageObject\",\"inLanguage\":\"hu\",\"@id\":\"https:\\\/\\\/secure.gravatar.com\\\/avatar\\\/61d268e57d1f4525b111222e29d2d5a7f8c420fdbf231ba5566a8ceac74fa960?s=96&d=mm&r=g\",\"url\":\"https:\\\/\\\/secure.gravatar.com\\\/avatar\\\/61d268e57d1f4525b111222e29d2d5a7f8c420fdbf231ba5566a8ceac74fa960?s=96&d=mm&r=g\",\"contentUrl\":\"https:\\\/\\\/secure.gravatar.com\\\/avatar\\\/61d268e57d1f4525b111222e29d2d5a7f8c420fdbf231ba5566a8ceac74fa960?s=96&d=mm&r=g\",\"caption\":\"Tibor atya\"},\"url\":\"https:\\\/\\\/stuttgarti-katolikusok.de\\\/index.php\\\/author\\\/tibor-atya\\\/\"}]}<\/script>\n<!-- \/ Yoast SEO plugin. -->","yoast_head_json":{"title":"Kip-kop, kip-kop... - Stuttgarti Katolikusok","robots":{"index":"index","follow":"follow","max-snippet":"max-snippet:-1","max-image-preview":"max-image-preview:large","max-video-preview":"max-video-preview:-1"},"canonical":"https:\/\/stuttgarti-katolikusok.de\/index.php\/kip-kop-kip-kop\/","og_locale":"hu_HU","og_type":"article","og_title":"Kip-kop, kip-kop... - Stuttgarti Katolikusok","og_description":"Kip-kop, kip-kop&#8230; Gyermekkorom legszebb \u00e9lm\u00e9nye az els\u0151\u00e1ldoz\u00e1s volt. A templom tele volt, a fel falu jelen volt, mi pedig a h\u00edvek nagy t\u00f6meg\u00e9vel k\u00f6r\u00fclv\u00e9ve. Mivel el\u0151tte nem volt szabad enn\u00fcnk, a szentmise egy kicsit hossz\u00fa volt, de t\u00fcrelmesen \u00e9s izgalommal v\u00e1rtuk a szent\u00e1ldoz\u00e1st. Ut\u00e1na sz\u00e9p volt a pl\u00e9bania udvar\u00e1n fel\u00e1ll\u00edtott feh\u00e9r asztalok egyike mell\u00e9 letelepedni. Akkor fogyasztottam el \u00e9letem leg\u00edzletesebb Enrilo-k\u00e1v\u00e9j\u00e1t. \u00c9lesen eml\u00e9kszem, hogy egy szokatlan hat\u00e1rtalanul tiszta nyugodts\u00e1g vett birtok\u00e1ba, amit sohasem tudtam elfelejteni, \u00e9s ma is v\u00e1gy\u00f3dom utana. Fiatal, \u00e1rtatlan sz\u00edvvel azt \u00e9reztem, mintha a J\u00f3 Isten melletem lett volna. Telt-m\u00falt az id\u0151, nagyobbak lett\u00fcnk. \u00c9s m\u00e1s dolgok kezdtek \u00e9rdekelni. Mozg\u00e9kony, izg\u00e1ga gyerek voltam, aki egy percig sem tudott egy helyben meg\u00fclni. A sok mozg\u00e1somnak, sajnos, k\u00e1ros hat\u00e1sa lett: a bakkancsomat igen gyakran kellett megtalpalni, ami szeg\u00e9ny csal\u00e1dunknak\u00a0 el\u00e9g nagy anyagi megterhel\u00e9st okozott. Egy alkalommal \u00e9desanyam t\u00fcrelmetlen\u00fcl kijelentette: \u201eMi\u00e9rt kopik a te bakkancsod olyan hamar, l\u00e1tod, a szomsz\u00e9d\u00e9k kisl\u00e1ny\u00e1nak m\u00e1r \u00f6t \u00e9ve tart a cip\u0151je.\u201c Any\u00e1m szavai szeget \u00fct\u00f6ttek a fejembe, s b\u00e1rhogyan is t\u00f6rtem a fejemet, nem tudtam elk\u00e9pzelni, hogyan lehet ilyesmi a vil\u00e1gon? \u00a0Gondoltam magamban, ut\u00e1na j\u00e1rok \u00e9n a dolognak \u00e9s megn\u00e9zem, hogy a szomsz\u00e9d kisl\u00e1ny, az Ike, hogy tud egy cip\u0151vel \u00f6t \u00e9vig j\u00e1rni? Nincs tal\u00e1n s\u00falya, vagy lebeg mint az angyalok ? Egyre fokoz\u00f3d\u00f3 \u00e9rdekl\u0151d\u00e9ssel kezdtem figyelni az Ike j\u00e1r\u00e1s\u00e1t, h\u00e1tha r\u00e1j\u00f6v\u00f6k a ny\u0171hetetlen kis cip\u0151je titk\u00e1ra. Sajnos, nem j\u00f6ttem r\u00e1, a babos szokny\u00e1ja \u00e9s a copfba k\u00f6t\u00f6tt sz\u0151ke haja mindig elvonta a figyelmemet, amikor vas\u00e1rnap templomba menve a h\u00e1zunk el\u0151tt kopog\u00f3 cip\u0151j\u00e9vel elmas\u00edrozottHamarosan \u00e9n is a\u00a0 kilometerhossz\u00fa templombavezet\u0151 utat valasztottam, h\u00e1tha okosabb leszek. \u00c9s j\u00f3llehet \u00edgy gyakrabban eljutottam az Isten h\u00e1z\u00e1ba, mint egy\u00e9bk\u00e9nt tettem volna, t\u00f6bbet vettem r\u00e9szt nagymis\u00e9n, rorat\u00e9n \u00e9s m\u00e1jusi valamint oktoberi \u00e1jtatoss\u00e1gon, m\u00e9gsem j\u00f6ttem r\u00e1, hogy mi az Ike titka. Arra viszont igen, hogy ha itt a f\u00f6ld\u00f6n angyalt kellene... R\u00e9szletek","og_url":"https:\/\/stuttgarti-katolikusok.de\/index.php\/kip-kop-kip-kop\/","og_site_name":"Stuttgarti Katolikusok","article_published_time":"2019-12-10T06:53:51+00:00","article_modified_time":"2020-04-27T08:34:00+00:00","author":"Tibor atya","twitter_card":"summary_large_image","twitter_misc":{"Szerz\u0151:":"Tibor atya","Becs\u00fclt olvas\u00e1si id\u0151":"2 perc"},"schema":{"@context":"https:\/\/schema.org","@graph":[{"@type":"Article","@id":"https:\/\/stuttgarti-katolikusok.de\/index.php\/kip-kop-kip-kop\/#article","isPartOf":{"@id":"https:\/\/stuttgarti-katolikusok.de\/index.php\/kip-kop-kip-kop\/"},"author":{"name":"Tibor atya","@id":"https:\/\/stuttgarti-katolikusok.de\/#\/schema\/person\/75908d6f8fdc03a57889d27209df7795"},"headline":"Kip-kop, kip-kop&#8230;","datePublished":"2019-12-10T06:53:51+00:00","dateModified":"2020-04-27T08:34:00+00:00","mainEntityOfPage":{"@id":"https:\/\/stuttgarti-katolikusok.de\/index.php\/kip-kop-kip-kop\/"},"wordCount":473,"articleSection":["Olvas\u00f3ink \u00edrj\u00e1k"],"inLanguage":"hu"},{"@type":"WebPage","@id":"https:\/\/stuttgarti-katolikusok.de\/index.php\/kip-kop-kip-kop\/","url":"https:\/\/stuttgarti-katolikusok.de\/index.php\/kip-kop-kip-kop\/","name":"Kip-kop, kip-kop... - Stuttgarti Katolikusok","isPartOf":{"@id":"https:\/\/stuttgarti-katolikusok.de\/#website"},"datePublished":"2019-12-10T06:53:51+00:00","dateModified":"2020-04-27T08:34:00+00:00","author":{"@id":"https:\/\/stuttgarti-katolikusok.de\/#\/schema\/person\/75908d6f8fdc03a57889d27209df7795"},"breadcrumb":{"@id":"https:\/\/stuttgarti-katolikusok.de\/index.php\/kip-kop-kip-kop\/#breadcrumb"},"inLanguage":"hu","potentialAction":[{"@type":"ReadAction","target":["https:\/\/stuttgarti-katolikusok.de\/index.php\/kip-kop-kip-kop\/"]}]},{"@type":"BreadcrumbList","@id":"https:\/\/stuttgarti-katolikusok.de\/index.php\/kip-kop-kip-kop\/#breadcrumb","itemListElement":[{"@type":"ListItem","position":1,"name":"Kezd\u0151lap","item":"https:\/\/stuttgarti-katolikusok.de\/"},{"@type":"ListItem","position":2,"name":"Kip-kop, kip-kop&#8230;"}]},{"@type":"WebSite","@id":"https:\/\/stuttgarti-katolikusok.de\/#website","url":"https:\/\/stuttgarti-katolikusok.de\/","name":"Stuttgarti Katolikusok","description":"","potentialAction":[{"@type":"SearchAction","target":{"@type":"EntryPoint","urlTemplate":"https:\/\/stuttgarti-katolikusok.de\/?s={search_term_string}"},"query-input":{"@type":"PropertyValueSpecification","valueRequired":true,"valueName":"search_term_string"}}],"inLanguage":"hu"},{"@type":"Person","@id":"https:\/\/stuttgarti-katolikusok.de\/#\/schema\/person\/75908d6f8fdc03a57889d27209df7795","name":"Tibor atya","image":{"@type":"ImageObject","inLanguage":"hu","@id":"https:\/\/secure.gravatar.com\/avatar\/61d268e57d1f4525b111222e29d2d5a7f8c420fdbf231ba5566a8ceac74fa960?s=96&d=mm&r=g","url":"https:\/\/secure.gravatar.com\/avatar\/61d268e57d1f4525b111222e29d2d5a7f8c420fdbf231ba5566a8ceac74fa960?s=96&d=mm&r=g","contentUrl":"https:\/\/secure.gravatar.com\/avatar\/61d268e57d1f4525b111222e29d2d5a7f8c420fdbf231ba5566a8ceac74fa960?s=96&d=mm&r=g","caption":"Tibor atya"},"url":"https:\/\/stuttgarti-katolikusok.de\/index.php\/author\/tibor-atya\/"}]}},"_links":{"self":[{"href":"https:\/\/stuttgarti-katolikusok.de\/index.php\/wp-json\/wp\/v2\/posts\/18216","targetHints":{"allow":["GET"]}}],"collection":[{"href":"https:\/\/stuttgarti-katolikusok.de\/index.php\/wp-json\/wp\/v2\/posts"}],"about":[{"href":"https:\/\/stuttgarti-katolikusok.de\/index.php\/wp-json\/wp\/v2\/types\/post"}],"author":[{"embeddable":true,"href":"https:\/\/stuttgarti-katolikusok.de\/index.php\/wp-json\/wp\/v2\/users\/3"}],"replies":[{"embeddable":true,"href":"https:\/\/stuttgarti-katolikusok.de\/index.php\/wp-json\/wp\/v2\/comments?post=18216"}],"version-history":[{"count":1,"href":"https:\/\/stuttgarti-katolikusok.de\/index.php\/wp-json\/wp\/v2\/posts\/18216\/revisions"}],"predecessor-version":[{"id":18218,"href":"https:\/\/stuttgarti-katolikusok.de\/index.php\/wp-json\/wp\/v2\/posts\/18216\/revisions\/18218"}],"wp:attachment":[{"href":"https:\/\/stuttgarti-katolikusok.de\/index.php\/wp-json\/wp\/v2\/media?parent=18216"}],"wp:term":[{"taxonomy":"category","embeddable":true,"href":"https:\/\/stuttgarti-katolikusok.de\/index.php\/wp-json\/wp\/v2\/categories?post=18216"},{"taxonomy":"post_tag","embeddable":true,"href":"https:\/\/stuttgarti-katolikusok.de\/index.php\/wp-json\/wp\/v2\/tags?post=18216"}],"curies":[{"name":"wp","href":"https:\/\/api.w.org\/{rel}","templated":true}]}}