{"id":18178,"date":"2019-12-09T08:51:50","date_gmt":"2019-12-09T08:51:50","guid":{"rendered":"https:\/\/gracious-dewdney.138-201-221-2.plesk.page\/?p=18178"},"modified":"2020-04-27T08:34:44","modified_gmt":"2020-04-27T08:34:44","slug":"advent-2-vasarnapjara","status":"publish","type":"post","link":"https:\/\/stuttgarti-katolikusok.de\/index.php\/advent-2-vasarnapjara\/","title":{"rendered":"Advent 2. vas\u00e1rnapj\u00e1ra"},"content":{"rendered":"<h2>2019. december 8.<\/h2>\n<p><strong>ADVENT 2. VAS\u00c1RNAPJA<\/strong><\/p>\n<p>&nbsp;<\/p>\n<p>Az emberis\u00e9g \u00f6r\u00f6k probl\u00e9m\u00e1ja az irigys\u00e9g, a verseng\u00e9s, a gy\u0171l\u00f6lk\u00f6d\u00e9s, a b\u00e9k\u00e9tlens\u00e9g \u00e9s a h\u00e1bor\u00fa. \u00d6r\u00f6k v\u00e1gy is \u00e9l az ember lelke m\u00e9ly\u00e9n, b\u00e9k\u00e9t k\u00edv\u00e1n. Ehhez azonban az embernek \u00fajra \u00e9s \u00fajra le kell mondania \u00f6nz\u00e9s\u00e9r\u0151l, meg kell t\u00e9rnie.<\/p>\n<p><strong>OLVASM\u00c1NY <\/strong>\u00a0\u00a0\u00a0\u00a0\u00a0\u00a0\u00a0\u00a0\u00a0\u00a0\u00a0\u00a0\u00a0\u00a0\u00a0\u00a0\u00a0\u00a0\u00a0\u00a0\u00a0\u00a0\u00a0\u00a0\u00a0\u00a0\u00a0\u00a0\u00a0\u00a0\u00a0\u00a0\u00a0\u00a0\u00a0\u00a0\u00a0\u00a0\u00a0\u00a0\u00a0\u00a0\u00a0\u00a0\u00a0\u00a0\u00a0\u00a0\u00a0\u00a0\u00a0\u00a0<em>Iz 1, 1\u201310<\/em><\/p>\n<p>V\u00e1rjuk a Megv\u00e1lt\u00f3t, akin az \u00dar lelke nyugszik, s ez\u00e9rt \u0151 hoz b\u00f6lcsess\u00e9get, \u00e9rtelmet, j\u00f3tan\u00e1csot, er\u0151t, igazi tud\u00e1st, \u00e9s \u0151 gy\u0151z a gonoszs\u00e1g felett.<\/p>\n<p><strong>V\u00c1LASZOS ZSOLT\u00c1R<\/strong>\u00a0\u00a0\u00a0\u00a0\u00a0\u00a0\u00a0\u00a0\u00a0\u00a0\u00a0\u00a0\u00a0 <em>71, 2. 7\u20138. 3\u20134a. 12\u201313. 17<\/em><\/p>\n<p><strong>V\u00e1lasz: Napjaiban az igazs\u00e1g vir\u00e1ga ny<u>\u00ed<\/u>lj\u00e9k,* <\/strong><\/p>\n<p><strong>\u00a0\u00a0\u00a0\u00a0\u00a0\u00a0\u00a0\u00a0\u00a0\u00a0\u00a0\u00a0 \u00e9s teljes b\u00e9ke legyen a v<u>i<\/u>l\u00e1g v\u00e9g\u00e9ig.<\/strong><\/p>\n<p><strong>SZENTLECKE <\/strong>\u00a0\u00a0\u00a0\u00a0\u00a0\u00a0\u00a0\u00a0\u00a0\u00a0\u00a0\u00a0\u00a0\u00a0\u00a0\u00a0\u00a0\u00a0\u00a0\u00a0\u00a0\u00a0\u00a0\u00a0\u00a0\u00a0\u00a0\u00a0\u00a0\u00a0\u00a0\u00a0\u00a0\u00a0\u00a0\u00a0\u00a0\u00a0\u00a0\u00a0\u00a0\u00a0\u00a0\u00a0\u00a0\u00a0\u00a0\u00a0<em>R\u00f3m <\/em><em>15, 4\u20139<\/em><\/p>\n<p>Isten teljes\u00edtette \u00edg\u00e9ret\u00e9t. Fi\u00e1t k\u00fcldte hozz\u00e1nk. Teljes\u00edtj\u00fck-e mi kereszts\u00e9gi \u00edg\u00e9ret\u00fcnket? Irgalmas volt az \u00dar mindenkihez. Irgalmasak vagyunk-e vele egy\u00fctt? Szeretetet hozott. Szeretetben \u00e9l\u00fcnk-e?<\/p>\n<p><strong>ALLELUJA<\/strong>\u00a0\u00a0\u00a0\u00a0\u00a0\u00a0\u00a0\u00a0\u00a0\u00a0\u00a0\u00a0\u00a0\u00a0\u00a0\u00a0\u00a0\u00a0\u00a0\u00a0\u00a0\u00a0\u00a0\u00a0\u00a0\u00a0\u00a0\u00a0\u00a0\u00a0\u00a0\u00a0\u00a0\u00a0\u00a0\u00a0\u00a0\u00a0\u00a0\u00a0\u00a0\u00a0\u00a0\u00a0\u00a0\u00a0\u00a0\u00a0\u00a0\u00a0\u00a0\u00a0\u00a0\u00a0\u00a0\u00a0\u00a0\u00a0\u00a0\u00a0\u00a0\u00a0\u00a0\u00a0\u00a0\u00a0 <em>Lk 3, 4. 6<\/em><\/p>\n<p>K\u00e9sz\u00edts\u00e9tek el\u0151 az \u00dar \u00fatj\u00e1t! Egyengess\u00e9tek \u00f6sv\u00e9ny\u00e9t, * \u00e9s minden ember megl\u00e1tja az \u00dcdv\u00f6z\u00edt\u0151t, akit elk\u00fcld az Isten.<\/p>\n<p><strong>EVANG\u00c9LIUM<\/strong>\u00a0\u00a0\u00a0\u00a0\u00a0\u00a0\u00a0\u00a0\u00a0\u00a0\u00a0\u00a0\u00a0\u00a0\u00a0\u00a0\u00a0\u00a0\u00a0\u00a0\u00a0\u00a0\u00a0\u00a0\u00a0\u00a0\u00a0\u00a0\u00a0\u00a0\u00a0\u00a0\u00a0\u00a0\u00a0\u00a0\u00a0\u00a0\u00a0\u00a0\u00a0\u00a0\u00a0\u00a0\u00a0\u00a0\u00a0\u00a0\u00a0 <em>Mt 3, 1\u201312<\/em><\/p>\n<p>A szokatlanul szigor\u00fa Keresztel\u0151 J\u00e1nos komoly megt\u00e9r\u00e9sre figyelmezteti az embereket, s arra, hogy ennek az ideje el\u00e9rkezett. Itt a \u201emennyek orsz\u00e1ga\u201d! B\u0171nb\u00e1natot hirdet, s jelzi azt is, hogy J\u00e9zus ez\u00e9rt j\u00f6n, hogy a b\u0171nt\u0151l megtiszt\u00edtsa a vil\u00e1got.<\/p>\n<p><strong>R\u00d6VID FOH\u00c1SZOK<\/strong><\/p>\n<p>Tiszt\u00edtsd meg, Urunk, sz\u00edv\u00fcnket a b\u0171nb\u00e1natban, hogy bizakodva v\u00e1rhassuk tal\u00e1lkoz\u00e1sunkat J\u00e9zus Krisztussal! * Add, hogy a h\u00edvek Kar\u00e1csonyra k\u00e9sz\u00fclve kegyelmed seg\u00edts\u00e9g\u00e9vel meg\u00faj\u00edts\u00e1k \u00e9let\u00fcket! * Seg\u00edtsd a n\u00e9pek vezet\u0151it, hogy eredm\u00e9nyesen szolg\u00e1lj\u00e1k a b\u00e9k\u00e9t \u00e9s az egyet\u00e9rt\u00e9st az eg\u00e9sz vil\u00e1gon!<\/p>\n<p><strong>AZ EUCHARISZTI\u00c1HOZ<\/strong><\/p>\n<p>J\u00e9zus az\u00e9rt j\u00f6tt, hogy t\u00fczet hozzon a f\u00f6ldre, hogy lelket \u00f6nts\u00f6n bel\u00e9nk az Isten lelk\u00e9b\u0151l, t\u00fczet az Isten sz\u00edv\u00e9b\u0151l. \u00daj emberr\u00e9 kell lenn\u00fcnk, s \u00faj sz\u00edvvel dics\u00e9rn\u00fcnk \u0151t \u00e9s h\u00e1l\u00e1t adnunk neki.<\/p>\n<p><strong>ADVENTI IM\u00c1DS\u00c1G \u00a0\u00a0<\/strong><\/p>\n<p>Kihez ki\u00e1lthatn\u00e9k, \u00e9n Istenem, kihez fordulhatn\u00e9k seg\u00edts\u00e9g\u00e9rt, ha nem tehozz\u00e1d? Egyed\u00fcl csak Isten tudja teljes\u00edteni rem\u00e9nyeimet. Mert mag\u00e1t az Istent keresem, ut\u00e1nad v\u00e1gy\u00f3dom, Istenem! Hozz\u00e1d fordulok h\u00e1t, hogy el\u00e9rhesselek. Te teremtetted lelkemet, egyed\u00fcl csak te ismered, s te tudod \u00fajj\u00e1teremteni is! Te saj\u00e1t k\u00e9pedre alkott\u00e1l engem, egyed\u00fcl csak te tudsz \u00e1talak\u00edtani annak k\u00e9p\u00e9re \u00e9s hasonlatoss\u00e1g\u00e1ra, aki J\u00e9zus Krisztus, Megv\u00e1lt\u00f3m, t\u00fck\u00f6rk\u00e9ped, isteni l\u00e9nyed Jele \u00e9s Ig\u00e9je!<\/p>\n<p><em>Blaise Pascal <\/em><em>\u2013<\/em><em> Alf\u00f6ldi A. B\u00e9la ford.<\/em><\/p>\n<p>A BOLDOGS\u00c1GOS SZ\u0170Z M\u00c1RIA SZEPL\u0150TELEN FOGANTAT\u00c1SA<\/p>\n<p><strong>December 9.<\/strong><\/p>\n<p>E napon azt \u00fcnnepelj\u00fck, hogy Isten a Boldogs\u00e1gos Sz\u0171z M\u00e1ri\u00e1t, Fi\u00e1nak \u00e9desanyj\u00e1t eleve meg\u00f3vta az \u00e1tered\u0151 b\u0171nt\u0151l. M\u00e1ri\u00e1ban \u00fajb\u00f3l megjelent a f\u00f6ld\u00f6n a b\u0171ntelen ember, akiben Istennek kedve tellett. Az \u0151si kereszt\u00e9ny hagyom\u00e1nyt IX. Piusz p\u00e1pa 1854. december 8-\u00e1n dogmak\u00e9nt hirdette ki, s maga Sz\u0171z M\u00e1ria a lourdes-i megjelen\u00e9s\u00e9vel meger\u0151s\u00edtette. A keresztv\u00edz \u00e1ltal mi is megszabadultunk az eredeti b\u0171nt\u0151l \u00e9s Isten gyermekeiv\u00e9 lett\u00fcnk. M\u00e9gis be kell vallanunk, hogy mindig \u00fajra v\u00e9tkez\u00fcnk.<\/p>\n<p>Szent Kalkuttai Ter\u00e9z any\u00e1val im\u00e1dkozzuk: <em>\u201eM\u00e1ria, J\u00e9zus anyja, l\u00e9gy mindny\u00e1junknak \u00e9desanyja, hogy mi is tiszta sz\u00edv\u0171ek legy\u00fcnk, mik\u00e9nt te volt\u00e1l; hogy szeress\u00fck J\u00e9zust, ahogyan te szeretted \u0151t; hogy a legszeg\u00e9nyebbek szolg\u00e1lat\u00e1ra legy\u00fcnk, ahogy te tetted, hiszen mindny\u00e1jan Isten szeg\u00e9nyei vagyunk.\u201d<\/em><\/p>\n<p>&nbsp;<\/p>\n<p>A GUADALUPEI<\/p>\n<p>BOLDOGS\u00c1GOS SZ\u0170Z M\u00c1RIA<\/p>\n<p><strong>December 12.<\/strong><\/p>\n<ol start=\"1531\">\n<li>december 9-\u00e9n a Tepeyac-dombon, amely Mexik\u00f3v\u00e1ros k\u00f6zel\u00e9ben, a jelenlegi Mexik\u00f3 \u00e1llam ter\u00fclet\u00e9n van, Sz\u0171z M\u00e1ria megjelent egy egyszer\u0171 indi\u00e1nnak, Juan Diego Cuauhtlatoatzin-nak, \u00e9s egy templom \u00e9p\u00edt\u00e9s\u00e9t k\u00e9rte, hogy ott anyai j\u00f3s\u00e1g\u00e1t megmutathassa. Juan Diego k\u00f6peny\u00e9n, amelyben a Sz\u0171zany\u00e1t\u00f3l k\u00fcld\u00f6tt vir\u00e1gokat vitte a p\u00fcsp\u00f6knek, csod\u00e1latos m\u00f3don megmaradt a Sz\u0171zanya k\u00e9pe. Ezt a kereszt\u00e9nyek az\u00f3ta is nagy \u00e1h\u00edtattal tisztelik. Isten Szent Sz\u00fcl\u0151je \u00e9s az Egyh\u00e1z anyja ezen a tiszta hit\u0171 f\u00e9rfi\u00fan kereszt\u00fcl minden n\u00e9pet h\u00edv Krisztus szeretet\u00e9re. II. J\u00e1nos P\u00e1l p\u00e1pa a Guadalupei Boldogs\u00e1gos Sz\u0171z M\u00e1ria \u00fcnnep\u00e9t 2002-ben az eg\u00e9sz Egyh\u00e1z sz\u00e1m\u00e1ra meg\u00fclni elrendelte.<\/li>\n<\/ol>\n<p>&nbsp;<\/p>\n<p>SZENT L\u00daCIA<\/p>\n<p>December 13-\u00e1n \u00fcnnepelj\u00fck Szent L\u00facia sz\u0171z, v\u00e9rtan\u00fa napj\u00e1t. A legn\u00e9pszer\u0171bb r\u00f3mai n\u0151i szentek egyike. Neve a mise k\u00e1nonj\u00e1ban is szerepel. Val\u00f3sz\u00edn\u0171leg a Diocletianus-f\u00e9le \u00fcld\u00f6z\u00e9sben halt v\u00e9rtan\u00fahal\u00e1lt Szic\u00edli\u00e1ban.<\/p>\n<p>&nbsp;<\/p>\n<p>AZ ID\u0150 \u00c9RT\u00c9KE<\/p>\n<p>Az id\u0151 dr\u00e1ga kincs. Egy szempillant\u00e1s alatt megtal\u00e1lhatjuk az Istent, de el is vesz\u00edthetj\u00fck. R\u00e1tal\u00e1lhatunk a helyes \u00fatra, de el is t\u00e9vedhet\u00fcnk. \u00c9ppen ez\u00e9rt kell megbecs\u00fclni az \u00e9letet, az id\u0151t. A lepergett id\u0151t m\u00e1r nem hozhatjuk vissza, de mulaszt\u00e1sainkat j\u00f3v\u00e1tehetj\u00fck. A j\u00f6v\u0151 m\u00e9g nincs birtokunkban. A jelent kell megszenteln\u00fcnk im\u00e1val, j\u00f3cselekedetekkel. Id\u0151nk legyen Isten\u00e9!<\/p>\n<p><em>Hofbauer Szent Kelemen nyom\u00e1n<\/em><\/p>\n<p>&nbsp;<\/p>\n<p><strong>K\u00d6ZEL AZ \u00daR MINDENKIHEZ, AKI HOZZ\u00c1 KI\u00c1LT; MINDENKIHEZ, AKI TISZTA SZ\u00cdVB\u0150L H\u00cdVJA&#8230;<\/strong><\/p>\n<p><strong><em>Zsolt 145, 18<\/em><\/strong><\/p>\n<p>&nbsp;<\/p>\n","protected":false},"excerpt":{"rendered":"<p>2019. december 8. ADVENT 2. VAS\u00c1RNAPJA &nbsp; Az emberis\u00e9g \u00f6r\u00f6k probl\u00e9m\u00e1ja az irigys\u00e9g, a verseng\u00e9s, a gy\u0171l\u00f6lk\u00f6d\u00e9s, a b\u00e9k\u00e9tlens\u00e9g \u00e9s a h\u00e1bor\u00fa. \u00d6r\u00f6k v\u00e1gy is \u00e9l az ember lelke m\u00e9ly\u00e9n, b\u00e9k\u00e9t k\u00edv\u00e1n. Ehhez azonban az embernek \u00fajra \u00e9s \u00fajra le kell mondania \u00f6nz\u00e9s\u00e9r\u0151l, meg kell t\u00e9rnie. OLVASM\u00c1NY \u00a0\u00a0\u00a0\u00a0\u00a0\u00a0\u00a0\u00a0\u00a0\u00a0\u00a0\u00a0\u00a0\u00a0\u00a0\u00a0\u00a0\u00a0\u00a0\u00a0\u00a0\u00a0\u00a0\u00a0\u00a0\u00a0\u00a0\u00a0\u00a0\u00a0\u00a0\u00a0\u00a0\u00a0\u00a0\u00a0\u00a0\u00a0\u00a0\u00a0\u00a0\u00a0\u00a0\u00a0\u00a0\u00a0\u00a0\u00a0\u00a0\u00a0\u00a0\u00a0Iz 1, 1\u201310 V\u00e1rjuk a Megv\u00e1lt\u00f3t, akin az \u00dar lelke nyugszik, s ez\u00e9rt \u0151 hoz b\u00f6lcsess\u00e9get, \u00e9rtelmet, j\u00f3tan\u00e1csot, er\u0151t, igazi tud\u00e1st, \u00e9s \u0151 gy\u0151z a gonoszs\u00e1g felett. V\u00c1LASZOS ZSOLT\u00c1R\u00a0\u00a0\u00a0\u00a0\u00a0\u00a0\u00a0\u00a0\u00a0\u00a0\u00a0\u00a0\u00a0 71, 2. 7\u20138. 3\u20134a. 12\u201313. 17 V\u00e1lasz: Napjaiban az igazs\u00e1g vir\u00e1ga ny\u00edlj\u00e9k,* \u00a0\u00a0\u00a0\u00a0\u00a0\u00a0\u00a0\u00a0\u00a0\u00a0\u00a0\u00a0 \u00e9s teljes b\u00e9ke legyen a vil\u00e1g v\u00e9g\u00e9ig. SZENTLECKE \u00a0\u00a0\u00a0\u00a0\u00a0\u00a0\u00a0\u00a0\u00a0\u00a0\u00a0\u00a0\u00a0\u00a0\u00a0\u00a0\u00a0\u00a0\u00a0\u00a0\u00a0\u00a0\u00a0\u00a0\u00a0\u00a0\u00a0\u00a0\u00a0\u00a0\u00a0\u00a0\u00a0\u00a0\u00a0\u00a0\u00a0\u00a0\u00a0\u00a0\u00a0\u00a0\u00a0\u00a0\u00a0\u00a0\u00a0\u00a0R\u00f3m 15, 4\u20139 Isten teljes\u00edtette \u00edg\u00e9ret\u00e9t. Fi\u00e1t k\u00fcldte hozz\u00e1nk. Teljes\u00edtj\u00fck-e mi kereszts\u00e9gi \u00edg\u00e9ret\u00fcnket? Irgalmas volt az \u00dar mindenkihez. Irgalmasak vagyunk-e vele egy\u00fctt? Szeretetet hozott. Szeretetben \u00e9l\u00fcnk-e? ALLELUJA\u00a0\u00a0\u00a0\u00a0\u00a0\u00a0\u00a0\u00a0\u00a0\u00a0\u00a0\u00a0\u00a0\u00a0\u00a0\u00a0\u00a0\u00a0\u00a0\u00a0\u00a0\u00a0\u00a0\u00a0\u00a0\u00a0\u00a0\u00a0\u00a0\u00a0\u00a0\u00a0\u00a0\u00a0\u00a0\u00a0\u00a0\u00a0\u00a0\u00a0\u00a0\u00a0\u00a0\u00a0\u00a0\u00a0\u00a0\u00a0\u00a0\u00a0\u00a0\u00a0\u00a0\u00a0\u00a0\u00a0\u00a0\u00a0\u00a0\u00a0\u00a0\u00a0\u00a0\u00a0\u00a0\u00a0 Lk 3, 4. 6 K\u00e9sz\u00edts\u00e9tek el\u0151 az \u00dar \u00fatj\u00e1t! Egyengess\u00e9tek \u00f6sv\u00e9ny\u00e9t, * \u00e9s minden ember megl\u00e1tja az \u00dcdv\u00f6z\u00edt\u0151t, akit elk\u00fcld az Isten. EVANG\u00c9LIUM\u00a0\u00a0\u00a0\u00a0\u00a0\u00a0\u00a0\u00a0\u00a0\u00a0\u00a0\u00a0\u00a0\u00a0\u00a0\u00a0\u00a0\u00a0\u00a0\u00a0\u00a0\u00a0\u00a0\u00a0\u00a0\u00a0\u00a0\u00a0\u00a0\u00a0\u00a0\u00a0\u00a0\u00a0\u00a0\u00a0\u00a0\u00a0\u00a0\u00a0\u00a0\u00a0\u00a0\u00a0\u00a0\u00a0\u00a0\u00a0\u00a0 Mt 3, 1\u201312 A szokatlanul szigor\u00fa Keresztel\u0151 J\u00e1nos komoly megt\u00e9r\u00e9sre figyelmezteti az embereket, s arra, hogy ennek az ideje el\u00e9rkezett. Itt a \u201emennyek orsz\u00e1ga\u201d! B\u0171nb\u00e1natot hirdet, s jelzi azt is, hogy J\u00e9zus ez\u00e9rt j\u00f6n, hogy a b\u0171nt\u0151l megtiszt\u00edtsa a vil\u00e1got. R\u00d6VID FOH\u00c1SZOK Tiszt\u00edtsd meg, Urunk, sz\u00edv\u00fcnket a b\u0171nb\u00e1natban, hogy bizakodva v\u00e1rhassuk tal\u00e1lkoz\u00e1sunkat J\u00e9zus Krisztussal! * Add, hogy a h\u00edvek Kar\u00e1csonyra k\u00e9sz\u00fclve kegyelmed seg\u00edts\u00e9g\u00e9vel meg\u00faj\u00edts\u00e1k \u00e9let\u00fcket! * Seg\u00edtsd a n\u00e9pek vezet\u0151it, hogy eredm\u00e9nyesen szolg\u00e1lj\u00e1k a b\u00e9k\u00e9t \u00e9s az egyet\u00e9rt\u00e9st az eg\u00e9sz vil\u00e1gon! AZ EUCHARISZTI\u00c1HOZ J\u00e9zus az\u00e9rt j\u00f6tt, hogy t\u00fczet hozzon a f\u00f6ldre, hogy lelket \u00f6nts\u00f6n bel\u00e9nk az Isten lelk\u00e9b\u0151l, t\u00fczet az Isten sz\u00edv\u00e9b\u0151l. \u00daj emberr\u00e9 kell lenn\u00fcnk, s \u00faj sz\u00edvvel dics\u00e9rn\u00fcnk \u0151t \u00e9s h\u00e1l\u00e1t adnunk neki. ADVENTI IM\u00c1DS\u00c1G \u00a0\u00a0 Kihez ki\u00e1lthatn\u00e9k, \u00e9n Istenem, kihez fordulhatn\u00e9k seg\u00edts\u00e9g\u00e9rt, ha nem tehozz\u00e1d? Egyed\u00fcl csak Isten tudja teljes\u00edteni rem\u00e9nyeimet. Mert mag\u00e1t az Istent keresem, ut\u00e1nad v\u00e1gy\u00f3dom, Istenem! Hozz\u00e1d fordulok h\u00e1t, hogy el\u00e9rhesselek. Te teremtetted lelkemet, egyed\u00fcl csak te&#8230; <\/p>\n<p><a class=\"readmore\" href=\"https:\/\/stuttgarti-katolikusok.de\/index.php\/advent-2-vasarnapjara\/\">R\u00e9szletek<\/a><\/p>\n","protected":false},"author":3,"featured_media":0,"comment_status":"closed","ping_status":"closed","sticky":false,"template":"","format":"standard","meta":{"footnotes":""},"categories":[63],"tags":[],"class_list":["post-18178","post","type-post","status-publish","format-standard","hentry","category-vasarnapi-gondolatok"],"yoast_head":"<!-- This site is optimized with the Yoast SEO plugin v27.3 - https:\/\/yoast.com\/product\/yoast-seo-wordpress\/ -->\n<title>Advent 2. vas\u00e1rnapj\u00e1ra - Stuttgarti Katolikusok<\/title>\n<meta name=\"robots\" content=\"index, follow, max-snippet:-1, max-image-preview:large, max-video-preview:-1\" \/>\n<link rel=\"canonical\" href=\"https:\/\/stuttgarti-katolikusok.de\/index.php\/advent-2-vasarnapjara\/\" \/>\n<meta property=\"og:locale\" content=\"hu_HU\" \/>\n<meta property=\"og:type\" content=\"article\" \/>\n<meta property=\"og:title\" content=\"Advent 2. vas\u00e1rnapj\u00e1ra - Stuttgarti Katolikusok\" \/>\n<meta property=\"og:description\" content=\"2019. december 8. ADVENT 2. VAS\u00c1RNAPJA &nbsp; Az emberis\u00e9g \u00f6r\u00f6k probl\u00e9m\u00e1ja az irigys\u00e9g, a verseng\u00e9s, a gy\u0171l\u00f6lk\u00f6d\u00e9s, a b\u00e9k\u00e9tlens\u00e9g \u00e9s a h\u00e1bor\u00fa. \u00d6r\u00f6k v\u00e1gy is \u00e9l az ember lelke m\u00e9ly\u00e9n, b\u00e9k\u00e9t k\u00edv\u00e1n. Ehhez azonban az embernek \u00fajra \u00e9s \u00fajra le kell mondania \u00f6nz\u00e9s\u00e9r\u0151l, meg kell t\u00e9rnie. OLVASM\u00c1NY \u00a0\u00a0\u00a0\u00a0\u00a0\u00a0\u00a0\u00a0\u00a0\u00a0\u00a0\u00a0\u00a0\u00a0\u00a0\u00a0\u00a0\u00a0\u00a0\u00a0\u00a0\u00a0\u00a0\u00a0\u00a0\u00a0\u00a0\u00a0\u00a0\u00a0\u00a0\u00a0\u00a0\u00a0\u00a0\u00a0\u00a0\u00a0\u00a0\u00a0\u00a0\u00a0\u00a0\u00a0\u00a0\u00a0\u00a0\u00a0\u00a0\u00a0\u00a0\u00a0Iz 1, 1\u201310 V\u00e1rjuk a Megv\u00e1lt\u00f3t, akin az \u00dar lelke nyugszik, s ez\u00e9rt \u0151 hoz b\u00f6lcsess\u00e9get, \u00e9rtelmet, j\u00f3tan\u00e1csot, er\u0151t, igazi tud\u00e1st, \u00e9s \u0151 gy\u0151z a gonoszs\u00e1g felett. V\u00c1LASZOS ZSOLT\u00c1R\u00a0\u00a0\u00a0\u00a0\u00a0\u00a0\u00a0\u00a0\u00a0\u00a0\u00a0\u00a0\u00a0 71, 2. 7\u20138. 3\u20134a. 12\u201313. 17 V\u00e1lasz: Napjaiban az igazs\u00e1g vir\u00e1ga ny\u00edlj\u00e9k,* \u00a0\u00a0\u00a0\u00a0\u00a0\u00a0\u00a0\u00a0\u00a0\u00a0\u00a0\u00a0 \u00e9s teljes b\u00e9ke legyen a vil\u00e1g v\u00e9g\u00e9ig. SZENTLECKE \u00a0\u00a0\u00a0\u00a0\u00a0\u00a0\u00a0\u00a0\u00a0\u00a0\u00a0\u00a0\u00a0\u00a0\u00a0\u00a0\u00a0\u00a0\u00a0\u00a0\u00a0\u00a0\u00a0\u00a0\u00a0\u00a0\u00a0\u00a0\u00a0\u00a0\u00a0\u00a0\u00a0\u00a0\u00a0\u00a0\u00a0\u00a0\u00a0\u00a0\u00a0\u00a0\u00a0\u00a0\u00a0\u00a0\u00a0\u00a0R\u00f3m 15, 4\u20139 Isten teljes\u00edtette \u00edg\u00e9ret\u00e9t. Fi\u00e1t k\u00fcldte hozz\u00e1nk. Teljes\u00edtj\u00fck-e mi kereszts\u00e9gi \u00edg\u00e9ret\u00fcnket? Irgalmas volt az \u00dar mindenkihez. Irgalmasak vagyunk-e vele egy\u00fctt? Szeretetet hozott. Szeretetben \u00e9l\u00fcnk-e? ALLELUJA\u00a0\u00a0\u00a0\u00a0\u00a0\u00a0\u00a0\u00a0\u00a0\u00a0\u00a0\u00a0\u00a0\u00a0\u00a0\u00a0\u00a0\u00a0\u00a0\u00a0\u00a0\u00a0\u00a0\u00a0\u00a0\u00a0\u00a0\u00a0\u00a0\u00a0\u00a0\u00a0\u00a0\u00a0\u00a0\u00a0\u00a0\u00a0\u00a0\u00a0\u00a0\u00a0\u00a0\u00a0\u00a0\u00a0\u00a0\u00a0\u00a0\u00a0\u00a0\u00a0\u00a0\u00a0\u00a0\u00a0\u00a0\u00a0\u00a0\u00a0\u00a0\u00a0\u00a0\u00a0\u00a0\u00a0 Lk 3, 4. 6 K\u00e9sz\u00edts\u00e9tek el\u0151 az \u00dar \u00fatj\u00e1t! Egyengess\u00e9tek \u00f6sv\u00e9ny\u00e9t, * \u00e9s minden ember megl\u00e1tja az \u00dcdv\u00f6z\u00edt\u0151t, akit elk\u00fcld az Isten. EVANG\u00c9LIUM\u00a0\u00a0\u00a0\u00a0\u00a0\u00a0\u00a0\u00a0\u00a0\u00a0\u00a0\u00a0\u00a0\u00a0\u00a0\u00a0\u00a0\u00a0\u00a0\u00a0\u00a0\u00a0\u00a0\u00a0\u00a0\u00a0\u00a0\u00a0\u00a0\u00a0\u00a0\u00a0\u00a0\u00a0\u00a0\u00a0\u00a0\u00a0\u00a0\u00a0\u00a0\u00a0\u00a0\u00a0\u00a0\u00a0\u00a0\u00a0\u00a0 Mt 3, 1\u201312 A szokatlanul szigor\u00fa Keresztel\u0151 J\u00e1nos komoly megt\u00e9r\u00e9sre figyelmezteti az embereket, s arra, hogy ennek az ideje el\u00e9rkezett. Itt a \u201emennyek orsz\u00e1ga\u201d! B\u0171nb\u00e1natot hirdet, s jelzi azt is, hogy J\u00e9zus ez\u00e9rt j\u00f6n, hogy a b\u0171nt\u0151l megtiszt\u00edtsa a vil\u00e1got. R\u00d6VID FOH\u00c1SZOK Tiszt\u00edtsd meg, Urunk, sz\u00edv\u00fcnket a b\u0171nb\u00e1natban, hogy bizakodva v\u00e1rhassuk tal\u00e1lkoz\u00e1sunkat J\u00e9zus Krisztussal! * Add, hogy a h\u00edvek Kar\u00e1csonyra k\u00e9sz\u00fclve kegyelmed seg\u00edts\u00e9g\u00e9vel meg\u00faj\u00edts\u00e1k \u00e9let\u00fcket! * Seg\u00edtsd a n\u00e9pek vezet\u0151it, hogy eredm\u00e9nyesen szolg\u00e1lj\u00e1k a b\u00e9k\u00e9t \u00e9s az egyet\u00e9rt\u00e9st az eg\u00e9sz vil\u00e1gon! AZ EUCHARISZTI\u00c1HOZ J\u00e9zus az\u00e9rt j\u00f6tt, hogy t\u00fczet hozzon a f\u00f6ldre, hogy lelket \u00f6nts\u00f6n bel\u00e9nk az Isten lelk\u00e9b\u0151l, t\u00fczet az Isten sz\u00edv\u00e9b\u0151l. \u00daj emberr\u00e9 kell lenn\u00fcnk, s \u00faj sz\u00edvvel dics\u00e9rn\u00fcnk \u0151t \u00e9s h\u00e1l\u00e1t adnunk neki. ADVENTI IM\u00c1DS\u00c1G \u00a0\u00a0 Kihez ki\u00e1lthatn\u00e9k, \u00e9n Istenem, kihez fordulhatn\u00e9k seg\u00edts\u00e9g\u00e9rt, ha nem tehozz\u00e1d? Egyed\u00fcl csak Isten tudja teljes\u00edteni rem\u00e9nyeimet. Mert mag\u00e1t az Istent keresem, ut\u00e1nad v\u00e1gy\u00f3dom, Istenem! Hozz\u00e1d fordulok h\u00e1t, hogy el\u00e9rhesselek. Te teremtetted lelkemet, egyed\u00fcl csak te... R\u00e9szletek\" \/>\n<meta property=\"og:url\" content=\"https:\/\/stuttgarti-katolikusok.de\/index.php\/advent-2-vasarnapjara\/\" \/>\n<meta property=\"og:site_name\" content=\"Stuttgarti Katolikusok\" \/>\n<meta property=\"article:published_time\" content=\"2019-12-09T08:51:50+00:00\" \/>\n<meta property=\"article:modified_time\" content=\"2020-04-27T08:34:44+00:00\" \/>\n<meta name=\"author\" content=\"Tibor atya\" \/>\n<meta name=\"twitter:card\" content=\"summary_large_image\" \/>\n<meta name=\"twitter:label1\" content=\"Szerz\u0151:\" \/>\n\t<meta name=\"twitter:data1\" content=\"Tibor atya\" \/>\n\t<meta name=\"twitter:label2\" content=\"Becs\u00fclt olvas\u00e1si id\u0151\" \/>\n\t<meta name=\"twitter:data2\" content=\"5 perc\" \/>\n<script type=\"application\/ld+json\" class=\"yoast-schema-graph\">{\"@context\":\"https:\\\/\\\/schema.org\",\"@graph\":[{\"@type\":\"Article\",\"@id\":\"https:\\\/\\\/stuttgarti-katolikusok.de\\\/index.php\\\/advent-2-vasarnapjara\\\/#article\",\"isPartOf\":{\"@id\":\"https:\\\/\\\/stuttgarti-katolikusok.de\\\/index.php\\\/advent-2-vasarnapjara\\\/\"},\"author\":{\"name\":\"Tibor atya\",\"@id\":\"https:\\\/\\\/stuttgarti-katolikusok.de\\\/#\\\/schema\\\/person\\\/75908d6f8fdc03a57889d27209df7795\"},\"headline\":\"Advent 2. vas\u00e1rnapj\u00e1ra\",\"datePublished\":\"2019-12-09T08:51:50+00:00\",\"dateModified\":\"2020-04-27T08:34:44+00:00\",\"mainEntityOfPage\":{\"@id\":\"https:\\\/\\\/stuttgarti-katolikusok.de\\\/index.php\\\/advent-2-vasarnapjara\\\/\"},\"wordCount\":997,\"articleSection\":[\"Vas\u00e1rnapi gondolatok\"],\"inLanguage\":\"hu\"},{\"@type\":\"WebPage\",\"@id\":\"https:\\\/\\\/stuttgarti-katolikusok.de\\\/index.php\\\/advent-2-vasarnapjara\\\/\",\"url\":\"https:\\\/\\\/stuttgarti-katolikusok.de\\\/index.php\\\/advent-2-vasarnapjara\\\/\",\"name\":\"Advent 2. vas\u00e1rnapj\u00e1ra - Stuttgarti Katolikusok\",\"isPartOf\":{\"@id\":\"https:\\\/\\\/stuttgarti-katolikusok.de\\\/#website\"},\"datePublished\":\"2019-12-09T08:51:50+00:00\",\"dateModified\":\"2020-04-27T08:34:44+00:00\",\"author\":{\"@id\":\"https:\\\/\\\/stuttgarti-katolikusok.de\\\/#\\\/schema\\\/person\\\/75908d6f8fdc03a57889d27209df7795\"},\"breadcrumb\":{\"@id\":\"https:\\\/\\\/stuttgarti-katolikusok.de\\\/index.php\\\/advent-2-vasarnapjara\\\/#breadcrumb\"},\"inLanguage\":\"hu\",\"potentialAction\":[{\"@type\":\"ReadAction\",\"target\":[\"https:\\\/\\\/stuttgarti-katolikusok.de\\\/index.php\\\/advent-2-vasarnapjara\\\/\"]}]},{\"@type\":\"BreadcrumbList\",\"@id\":\"https:\\\/\\\/stuttgarti-katolikusok.de\\\/index.php\\\/advent-2-vasarnapjara\\\/#breadcrumb\",\"itemListElement\":[{\"@type\":\"ListItem\",\"position\":1,\"name\":\"Kezd\u0151lap\",\"item\":\"https:\\\/\\\/stuttgarti-katolikusok.de\\\/\"},{\"@type\":\"ListItem\",\"position\":2,\"name\":\"Advent 2. vas\u00e1rnapj\u00e1ra\"}]},{\"@type\":\"WebSite\",\"@id\":\"https:\\\/\\\/stuttgarti-katolikusok.de\\\/#website\",\"url\":\"https:\\\/\\\/stuttgarti-katolikusok.de\\\/\",\"name\":\"Stuttgarti Katolikusok\",\"description\":\"\",\"potentialAction\":[{\"@type\":\"SearchAction\",\"target\":{\"@type\":\"EntryPoint\",\"urlTemplate\":\"https:\\\/\\\/stuttgarti-katolikusok.de\\\/?s={search_term_string}\"},\"query-input\":{\"@type\":\"PropertyValueSpecification\",\"valueRequired\":true,\"valueName\":\"search_term_string\"}}],\"inLanguage\":\"hu\"},{\"@type\":\"Person\",\"@id\":\"https:\\\/\\\/stuttgarti-katolikusok.de\\\/#\\\/schema\\\/person\\\/75908d6f8fdc03a57889d27209df7795\",\"name\":\"Tibor atya\",\"image\":{\"@type\":\"ImageObject\",\"inLanguage\":\"hu\",\"@id\":\"https:\\\/\\\/secure.gravatar.com\\\/avatar\\\/61d268e57d1f4525b111222e29d2d5a7f8c420fdbf231ba5566a8ceac74fa960?s=96&d=mm&r=g\",\"url\":\"https:\\\/\\\/secure.gravatar.com\\\/avatar\\\/61d268e57d1f4525b111222e29d2d5a7f8c420fdbf231ba5566a8ceac74fa960?s=96&d=mm&r=g\",\"contentUrl\":\"https:\\\/\\\/secure.gravatar.com\\\/avatar\\\/61d268e57d1f4525b111222e29d2d5a7f8c420fdbf231ba5566a8ceac74fa960?s=96&d=mm&r=g\",\"caption\":\"Tibor atya\"},\"url\":\"https:\\\/\\\/stuttgarti-katolikusok.de\\\/index.php\\\/author\\\/tibor-atya\\\/\"}]}<\/script>\n<!-- \/ Yoast SEO plugin. -->","yoast_head_json":{"title":"Advent 2. vas\u00e1rnapj\u00e1ra - Stuttgarti Katolikusok","robots":{"index":"index","follow":"follow","max-snippet":"max-snippet:-1","max-image-preview":"max-image-preview:large","max-video-preview":"max-video-preview:-1"},"canonical":"https:\/\/stuttgarti-katolikusok.de\/index.php\/advent-2-vasarnapjara\/","og_locale":"hu_HU","og_type":"article","og_title":"Advent 2. vas\u00e1rnapj\u00e1ra - Stuttgarti Katolikusok","og_description":"2019. december 8. ADVENT 2. VAS\u00c1RNAPJA &nbsp; Az emberis\u00e9g \u00f6r\u00f6k probl\u00e9m\u00e1ja az irigys\u00e9g, a verseng\u00e9s, a gy\u0171l\u00f6lk\u00f6d\u00e9s, a b\u00e9k\u00e9tlens\u00e9g \u00e9s a h\u00e1bor\u00fa. \u00d6r\u00f6k v\u00e1gy is \u00e9l az ember lelke m\u00e9ly\u00e9n, b\u00e9k\u00e9t k\u00edv\u00e1n. Ehhez azonban az embernek \u00fajra \u00e9s \u00fajra le kell mondania \u00f6nz\u00e9s\u00e9r\u0151l, meg kell t\u00e9rnie. OLVASM\u00c1NY \u00a0\u00a0\u00a0\u00a0\u00a0\u00a0\u00a0\u00a0\u00a0\u00a0\u00a0\u00a0\u00a0\u00a0\u00a0\u00a0\u00a0\u00a0\u00a0\u00a0\u00a0\u00a0\u00a0\u00a0\u00a0\u00a0\u00a0\u00a0\u00a0\u00a0\u00a0\u00a0\u00a0\u00a0\u00a0\u00a0\u00a0\u00a0\u00a0\u00a0\u00a0\u00a0\u00a0\u00a0\u00a0\u00a0\u00a0\u00a0\u00a0\u00a0\u00a0\u00a0Iz 1, 1\u201310 V\u00e1rjuk a Megv\u00e1lt\u00f3t, akin az \u00dar lelke nyugszik, s ez\u00e9rt \u0151 hoz b\u00f6lcsess\u00e9get, \u00e9rtelmet, j\u00f3tan\u00e1csot, er\u0151t, igazi tud\u00e1st, \u00e9s \u0151 gy\u0151z a gonoszs\u00e1g felett. V\u00c1LASZOS ZSOLT\u00c1R\u00a0\u00a0\u00a0\u00a0\u00a0\u00a0\u00a0\u00a0\u00a0\u00a0\u00a0\u00a0\u00a0 71, 2. 7\u20138. 3\u20134a. 12\u201313. 17 V\u00e1lasz: Napjaiban az igazs\u00e1g vir\u00e1ga ny\u00edlj\u00e9k,* \u00a0\u00a0\u00a0\u00a0\u00a0\u00a0\u00a0\u00a0\u00a0\u00a0\u00a0\u00a0 \u00e9s teljes b\u00e9ke legyen a vil\u00e1g v\u00e9g\u00e9ig. SZENTLECKE \u00a0\u00a0\u00a0\u00a0\u00a0\u00a0\u00a0\u00a0\u00a0\u00a0\u00a0\u00a0\u00a0\u00a0\u00a0\u00a0\u00a0\u00a0\u00a0\u00a0\u00a0\u00a0\u00a0\u00a0\u00a0\u00a0\u00a0\u00a0\u00a0\u00a0\u00a0\u00a0\u00a0\u00a0\u00a0\u00a0\u00a0\u00a0\u00a0\u00a0\u00a0\u00a0\u00a0\u00a0\u00a0\u00a0\u00a0\u00a0R\u00f3m 15, 4\u20139 Isten teljes\u00edtette \u00edg\u00e9ret\u00e9t. Fi\u00e1t k\u00fcldte hozz\u00e1nk. Teljes\u00edtj\u00fck-e mi kereszts\u00e9gi \u00edg\u00e9ret\u00fcnket? Irgalmas volt az \u00dar mindenkihez. Irgalmasak vagyunk-e vele egy\u00fctt? Szeretetet hozott. Szeretetben \u00e9l\u00fcnk-e? ALLELUJA\u00a0\u00a0\u00a0\u00a0\u00a0\u00a0\u00a0\u00a0\u00a0\u00a0\u00a0\u00a0\u00a0\u00a0\u00a0\u00a0\u00a0\u00a0\u00a0\u00a0\u00a0\u00a0\u00a0\u00a0\u00a0\u00a0\u00a0\u00a0\u00a0\u00a0\u00a0\u00a0\u00a0\u00a0\u00a0\u00a0\u00a0\u00a0\u00a0\u00a0\u00a0\u00a0\u00a0\u00a0\u00a0\u00a0\u00a0\u00a0\u00a0\u00a0\u00a0\u00a0\u00a0\u00a0\u00a0\u00a0\u00a0\u00a0\u00a0\u00a0\u00a0\u00a0\u00a0\u00a0\u00a0\u00a0 Lk 3, 4. 6 K\u00e9sz\u00edts\u00e9tek el\u0151 az \u00dar \u00fatj\u00e1t! Egyengess\u00e9tek \u00f6sv\u00e9ny\u00e9t, * \u00e9s minden ember megl\u00e1tja az \u00dcdv\u00f6z\u00edt\u0151t, akit elk\u00fcld az Isten. EVANG\u00c9LIUM\u00a0\u00a0\u00a0\u00a0\u00a0\u00a0\u00a0\u00a0\u00a0\u00a0\u00a0\u00a0\u00a0\u00a0\u00a0\u00a0\u00a0\u00a0\u00a0\u00a0\u00a0\u00a0\u00a0\u00a0\u00a0\u00a0\u00a0\u00a0\u00a0\u00a0\u00a0\u00a0\u00a0\u00a0\u00a0\u00a0\u00a0\u00a0\u00a0\u00a0\u00a0\u00a0\u00a0\u00a0\u00a0\u00a0\u00a0\u00a0\u00a0 Mt 3, 1\u201312 A szokatlanul szigor\u00fa Keresztel\u0151 J\u00e1nos komoly megt\u00e9r\u00e9sre figyelmezteti az embereket, s arra, hogy ennek az ideje el\u00e9rkezett. Itt a \u201emennyek orsz\u00e1ga\u201d! B\u0171nb\u00e1natot hirdet, s jelzi azt is, hogy J\u00e9zus ez\u00e9rt j\u00f6n, hogy a b\u0171nt\u0151l megtiszt\u00edtsa a vil\u00e1got. R\u00d6VID FOH\u00c1SZOK Tiszt\u00edtsd meg, Urunk, sz\u00edv\u00fcnket a b\u0171nb\u00e1natban, hogy bizakodva v\u00e1rhassuk tal\u00e1lkoz\u00e1sunkat J\u00e9zus Krisztussal! * Add, hogy a h\u00edvek Kar\u00e1csonyra k\u00e9sz\u00fclve kegyelmed seg\u00edts\u00e9g\u00e9vel meg\u00faj\u00edts\u00e1k \u00e9let\u00fcket! * Seg\u00edtsd a n\u00e9pek vezet\u0151it, hogy eredm\u00e9nyesen szolg\u00e1lj\u00e1k a b\u00e9k\u00e9t \u00e9s az egyet\u00e9rt\u00e9st az eg\u00e9sz vil\u00e1gon! AZ EUCHARISZTI\u00c1HOZ J\u00e9zus az\u00e9rt j\u00f6tt, hogy t\u00fczet hozzon a f\u00f6ldre, hogy lelket \u00f6nts\u00f6n bel\u00e9nk az Isten lelk\u00e9b\u0151l, t\u00fczet az Isten sz\u00edv\u00e9b\u0151l. \u00daj emberr\u00e9 kell lenn\u00fcnk, s \u00faj sz\u00edvvel dics\u00e9rn\u00fcnk \u0151t \u00e9s h\u00e1l\u00e1t adnunk neki. ADVENTI IM\u00c1DS\u00c1G \u00a0\u00a0 Kihez ki\u00e1lthatn\u00e9k, \u00e9n Istenem, kihez fordulhatn\u00e9k seg\u00edts\u00e9g\u00e9rt, ha nem tehozz\u00e1d? Egyed\u00fcl csak Isten tudja teljes\u00edteni rem\u00e9nyeimet. Mert mag\u00e1t az Istent keresem, ut\u00e1nad v\u00e1gy\u00f3dom, Istenem! Hozz\u00e1d fordulok h\u00e1t, hogy el\u00e9rhesselek. Te teremtetted lelkemet, egyed\u00fcl csak te... R\u00e9szletek","og_url":"https:\/\/stuttgarti-katolikusok.de\/index.php\/advent-2-vasarnapjara\/","og_site_name":"Stuttgarti Katolikusok","article_published_time":"2019-12-09T08:51:50+00:00","article_modified_time":"2020-04-27T08:34:44+00:00","author":"Tibor atya","twitter_card":"summary_large_image","twitter_misc":{"Szerz\u0151:":"Tibor atya","Becs\u00fclt olvas\u00e1si id\u0151":"5 perc"},"schema":{"@context":"https:\/\/schema.org","@graph":[{"@type":"Article","@id":"https:\/\/stuttgarti-katolikusok.de\/index.php\/advent-2-vasarnapjara\/#article","isPartOf":{"@id":"https:\/\/stuttgarti-katolikusok.de\/index.php\/advent-2-vasarnapjara\/"},"author":{"name":"Tibor atya","@id":"https:\/\/stuttgarti-katolikusok.de\/#\/schema\/person\/75908d6f8fdc03a57889d27209df7795"},"headline":"Advent 2. vas\u00e1rnapj\u00e1ra","datePublished":"2019-12-09T08:51:50+00:00","dateModified":"2020-04-27T08:34:44+00:00","mainEntityOfPage":{"@id":"https:\/\/stuttgarti-katolikusok.de\/index.php\/advent-2-vasarnapjara\/"},"wordCount":997,"articleSection":["Vas\u00e1rnapi gondolatok"],"inLanguage":"hu"},{"@type":"WebPage","@id":"https:\/\/stuttgarti-katolikusok.de\/index.php\/advent-2-vasarnapjara\/","url":"https:\/\/stuttgarti-katolikusok.de\/index.php\/advent-2-vasarnapjara\/","name":"Advent 2. vas\u00e1rnapj\u00e1ra - Stuttgarti Katolikusok","isPartOf":{"@id":"https:\/\/stuttgarti-katolikusok.de\/#website"},"datePublished":"2019-12-09T08:51:50+00:00","dateModified":"2020-04-27T08:34:44+00:00","author":{"@id":"https:\/\/stuttgarti-katolikusok.de\/#\/schema\/person\/75908d6f8fdc03a57889d27209df7795"},"breadcrumb":{"@id":"https:\/\/stuttgarti-katolikusok.de\/index.php\/advent-2-vasarnapjara\/#breadcrumb"},"inLanguage":"hu","potentialAction":[{"@type":"ReadAction","target":["https:\/\/stuttgarti-katolikusok.de\/index.php\/advent-2-vasarnapjara\/"]}]},{"@type":"BreadcrumbList","@id":"https:\/\/stuttgarti-katolikusok.de\/index.php\/advent-2-vasarnapjara\/#breadcrumb","itemListElement":[{"@type":"ListItem","position":1,"name":"Kezd\u0151lap","item":"https:\/\/stuttgarti-katolikusok.de\/"},{"@type":"ListItem","position":2,"name":"Advent 2. vas\u00e1rnapj\u00e1ra"}]},{"@type":"WebSite","@id":"https:\/\/stuttgarti-katolikusok.de\/#website","url":"https:\/\/stuttgarti-katolikusok.de\/","name":"Stuttgarti Katolikusok","description":"","potentialAction":[{"@type":"SearchAction","target":{"@type":"EntryPoint","urlTemplate":"https:\/\/stuttgarti-katolikusok.de\/?s={search_term_string}"},"query-input":{"@type":"PropertyValueSpecification","valueRequired":true,"valueName":"search_term_string"}}],"inLanguage":"hu"},{"@type":"Person","@id":"https:\/\/stuttgarti-katolikusok.de\/#\/schema\/person\/75908d6f8fdc03a57889d27209df7795","name":"Tibor atya","image":{"@type":"ImageObject","inLanguage":"hu","@id":"https:\/\/secure.gravatar.com\/avatar\/61d268e57d1f4525b111222e29d2d5a7f8c420fdbf231ba5566a8ceac74fa960?s=96&d=mm&r=g","url":"https:\/\/secure.gravatar.com\/avatar\/61d268e57d1f4525b111222e29d2d5a7f8c420fdbf231ba5566a8ceac74fa960?s=96&d=mm&r=g","contentUrl":"https:\/\/secure.gravatar.com\/avatar\/61d268e57d1f4525b111222e29d2d5a7f8c420fdbf231ba5566a8ceac74fa960?s=96&d=mm&r=g","caption":"Tibor atya"},"url":"https:\/\/stuttgarti-katolikusok.de\/index.php\/author\/tibor-atya\/"}]}},"_links":{"self":[{"href":"https:\/\/stuttgarti-katolikusok.de\/index.php\/wp-json\/wp\/v2\/posts\/18178","targetHints":{"allow":["GET"]}}],"collection":[{"href":"https:\/\/stuttgarti-katolikusok.de\/index.php\/wp-json\/wp\/v2\/posts"}],"about":[{"href":"https:\/\/stuttgarti-katolikusok.de\/index.php\/wp-json\/wp\/v2\/types\/post"}],"author":[{"embeddable":true,"href":"https:\/\/stuttgarti-katolikusok.de\/index.php\/wp-json\/wp\/v2\/users\/3"}],"replies":[{"embeddable":true,"href":"https:\/\/stuttgarti-katolikusok.de\/index.php\/wp-json\/wp\/v2\/comments?post=18178"}],"version-history":[{"count":2,"href":"https:\/\/stuttgarti-katolikusok.de\/index.php\/wp-json\/wp\/v2\/posts\/18178\/revisions"}],"predecessor-version":[{"id":18184,"href":"https:\/\/stuttgarti-katolikusok.de\/index.php\/wp-json\/wp\/v2\/posts\/18178\/revisions\/18184"}],"wp:attachment":[{"href":"https:\/\/stuttgarti-katolikusok.de\/index.php\/wp-json\/wp\/v2\/media?parent=18178"}],"wp:term":[{"taxonomy":"category","embeddable":true,"href":"https:\/\/stuttgarti-katolikusok.de\/index.php\/wp-json\/wp\/v2\/categories?post=18178"},{"taxonomy":"post_tag","embeddable":true,"href":"https:\/\/stuttgarti-katolikusok.de\/index.php\/wp-json\/wp\/v2\/tags?post=18178"}],"curies":[{"name":"wp","href":"https:\/\/api.w.org\/{rel}","templated":true}]}}