{"id":18087,"date":"2019-12-02T10:01:57","date_gmt":"2019-12-02T10:01:57","guid":{"rendered":"https:\/\/gracious-dewdney.138-201-221-2.plesk.page\/?p=18087"},"modified":"2019-12-02T10:01:57","modified_gmt":"2019-12-02T10:01:57","slug":"adventi-ido","status":"publish","type":"post","link":"https:\/\/stuttgarti-katolikusok.de\/index.php\/adventi-ido\/","title":{"rendered":"Adventi id\u0151"},"content":{"rendered":"<h1>Advent \u2013 Huszon\u00f6t k\u00e9rd\u00e9s \u00e9s v\u00e1lasz seg\u00edt a k\u00e9sz\u00fcletben<\/h1>\n<p>&nbsp;<\/p>\n<p>F\u00fczes \u00c1d\u00e1mot, az Esztergomi Hittudom\u00e1nyi F\u0151iskola levelez\u0151 tagozat\u00e1nak liturgikatan\u00e1r\u00e1t k\u00e9rdezt\u00fck az adventr\u0151l \u2013 a k\u00e9sz\u00fcletr\u0151l \u00e9s annak eszk\u00f6zeir\u0151l \u2013, hogy k\u00f6nnyebben v\u00e1laszolhassunk az \u00dar h\u00edv\u00e1s\u00e1ra ebben a kegyelmi id\u0151szakban (is).<\/p>\n<ol>\n<li><strong> Mit jelent pontosan az <\/strong><em><strong>advent<\/strong><\/em><strong> kifejez\u00e9s?<\/strong><\/li>\n<\/ol>\n<p>Advent a latin <em>adventus<\/em>, vagyis <em>elj\u00f6vetel<\/em> sz\u00f3b\u00f3l sz\u00e1rmazik.<\/p>\n<ol start=\"2\">\n<li><strong> Hogyan \u00e9s mikor alakult ki?<\/strong><\/li>\n<\/ol>\n<p>A gallik\u00e1n liturgi\u00e1ban a v\u00edzkereszti (janu\u00e1r 6.) feln\u0151ttkeresztel\u00e9sre el\u0151k\u00e9sz\u00edt\u0151 n\u00e9gyhetes id\u0151szak volt. Az 5. sz\u00e1zadban a kar\u00e1csony (december 25.) v\u00e1lt a jelent\u0151sebb \u00fcnnepp\u00e9, \u00e9s ez el\u0151tt alakult ki el\u0151sz\u00f6r hathetes, majd Szent Szimpliciusz p\u00e1pa (5. sz\u00e1zad) alatt a mai n\u00e9gyhetes form\u00e1ja.<\/p>\n<ol start=\"3\">\n<li><strong> Az adventi id\u0151szak minden \u00e9vben v\u00e1ltozik\u2026<\/strong><\/li>\n<\/ol>\n<p>Nem, csak a hossza&#8230;\u00a0Adventet a kar\u00e1csony el\u0151tti n\u00e9gy vas\u00e1rnap hat\u00e1rozza meg. Az egyh\u00e1zi napt\u00e1rban a h\u00e9t vas\u00e1rnappal kezd\u0151dik, \u00edgy advent n\u00e9gy hete is a n\u00e9gy vas\u00e1rnap ut\u00e1n k\u00f6vetkezik, \u00e9s ebb\u0151l ad\u00f3d\u00f3an a negyedik h\u00e9t lehet eg\u00e9szen r\u00f6vid is (mint id\u00e9n, maga a vas\u00e1rnap csak a h\u00e9t), \u00e9s eg\u00e9szen hossz\u00fa is (mint tavaly, amikor kar\u00e1csony szombatra esett).<\/p>\n<ol start=\"4\">\n<li><strong> December 24. m\u00e9g az adventhez tartozik, vagy m\u00e1r kar\u00e1csony?<\/strong><\/li>\n<\/ol>\n<p>December 24. az adventi id\u0151 utols\u00f3 napja. Ez m\u00e9g nem kar\u00e1csony, de a s\u00f6t\u00e9ts\u00e9g be\u00e1llt\u00e1val fokoz\u00f3dik a v\u00e1rakoz\u00e1s, mert tudjuk, hogy ez az az \u00e9jszaka, amikor megsz\u00fcletik az \u00dar. A r\u00e9gebbi egyh\u00e1zfegyelemben m\u00e9g ez a nap b\u00f6jti nap volt, ez\u00e9rt hagyom\u00e1nyos \u00e9teleink b\u00f6jt\u00f6sek ezen az \u00e9jszak\u00e1n: a hal, a m\u00e1kos guba, stb. A v\u00e1rakoz\u00e1s az \u00e9jszakai mis\u00e9vel \u00e9r v\u00e9get, ahol meghalljuk az \u00f6r\u00f6mh\u00edrt: megsz\u00fcletett.<\/p>\n<ol start=\"5\">\n<li><strong> Mi\u00e9rt lett ez az egyh\u00e1zi \u00e9v kezdete?<\/strong><\/li>\n<\/ol>\n<p>T\u00f6bbf\u00e9le \u00e9vkezdetet haszn\u00e1lnak a k\u00fcl\u00f6nf\u00e9le napt\u00e1rak \u2013\u00a0ismer\u00fcnk janu\u00e1ri, m\u00e1rciusi polg\u00e1ri \u00e9vkezd\u00e9st is; az advent pedig a megtestes\u00fcl\u00e9ssel kezd, illetve az arra val\u00f3 felk\u00e9sz\u00fcl\u00e9s id\u0151szak\u00e1val. \u00d6nmag\u00e1ban az advent \u201enincs meg\u201d, ez\u00e9rt ker\u00fclt a kar\u00e1csonnyal egy\u00fctt az \u00e9v elej\u00e9re.<\/p>\n<ol start=\"6\">\n<li><strong> Mi\u00e9rt kezd\u0151dik a g\u00f6r\u00f6gkatolikusokn\u00e1l el\u0151bb az advent?<\/strong><\/li>\n<\/ol>\n<p>A t\u00f6rt\u00e9neti r\u00e9szn\u00e9l jelezt\u00fck, hogy az 5. sz\u00e1zadban volt m\u00e1r hathetes az advent, Szent M\u00e1rtont\u00f3l sz\u00e1molva. Ezt a hosszabb b\u00f6jti el\u0151k\u00e9sz\u00fcletet tartj\u00e1k keleti r\u00edtus\u00fa testv\u00e9reink most is a hathetes adventtel.<\/p>\n<ol start=\"7\">\n<li><strong> A g\u00f6r\u00f6gkatolikusok koszor\u00faj\u00e1n hat gyertya van\u2026<\/strong><\/li>\n<\/ol>\n<p>Az adventi koszor\u00fa csak a 19. sz\u00e1zadban jelenik meg, a g\u00f6r\u00f6gkatolikusok pedig \u201einkultur\u00e1lt\u00e1k\u201d az \u00faj polg\u00e1ri szok\u00e1st: hat adventi vas\u00e1rnapjukhoz hat gyerty\u00e1val.<\/p>\n<ol start=\"8\">\n<li><strong> Milyen liturgikus jellemz\u0151i vannak az adventi id\u0151szaknak?<\/strong><\/li>\n<\/ol>\n<p>Advent cs\u00f6ndesebb id\u0151szak, kevesebb orgonasz\u00f3l\u00f3val, kevesebb vir\u00e1gd\u00edsz\u00edt\u00e9ssel, lila miseruh\u00e1val \u00e9s hajnali szentmis\u00e9kkel, a ror\u00e1t\u00e9kkal.<\/p>\n<ol start=\"9\">\n<li><strong> Mi\u00e9rt m\u00e1s a Gaudete, azaz \u00f6r\u00f6mvas\u00e1rnap \u00fcnnepl\u00e9se?<\/strong><\/li>\n<\/ol>\n<p>Advent harmadik vas\u00e1rnapj\u00e1n a mise kezd\u0151 \u00e9neke (introitusa) a <em>Gaudete in Domino<\/em> kezdet\u0171, a Filippiekhez \u00edrt lev\u00e9lb\u0151l: \u201e\u00d6rvendjetek mindig az \u00darban, &#8230; mert az \u00dar imm\u00e1r k\u00f6zel van hozz\u00e1nk!\u201d T\u00fal vagyunk az advent fel\u00e9n, m\u00e1r ide l\u00e1tszik kar\u00e1csony. A liturgia ezt a miseruha sz\u00edn\u00e9ben is kifejezi, a szigor\u00fa lil\u00e1r\u00f3l r\u00f3zsasz\u00edn\u0171re v\u00e1ltozik.<\/p>\n<ol start=\"10\">\n<li><strong> Ekkor m\u00e1st kell tenn\u00fcnk, mint a t\u00f6bbi vas\u00e1rnapon?<\/strong><\/li>\n<\/ol>\n<p>\u00c9rdemes itt m\u00e1r r\u00e1fordulnunk a \u201ec\u00e9legyenesre\u201d: amit nem siker\u00fclt megtenn\u00fcnk, azt \u00e9rdemes elengedn\u00fcnk, \u00e9s m\u00e1r csak a fontosra figyeln\u00fcnk.<\/p>\n<ol start=\"11\">\n<li><strong> Adventben sokan elmennek a hajnali ror\u00e1te mis\u00e9kre. Ennek eredete hova vezethet\u0151 vissza?<\/strong><\/li>\n<\/ol>\n<p>A kar\u00e1csony el\u0151tti kilencedik napon kezdt\u00e9k a 7. sz\u00e1zadban az \u00d3 antif\u00f3n\u00e1kat, \u00e9s ekkor volt egy hajnali mise. A k\u00f6z\u00e9pkorban t\u00e9rs\u00e9g\u00fcnkben m\u00e1r advent minden napj\u00e1n \u201edivatba j\u00f6tt\u201d a korareggeli mise.<\/p>\n<ol start=\"12\">\n<li><strong> Mi\u00e9rt 6 \u00f3rakor kezd\u0151dnek a ror\u00e1t\u00e9k?<\/strong><\/li>\n<\/ol>\n<p>A hajnal a v\u00e1rakoz\u00e1s \u00e9s a rem\u00e9nyked\u00e9s id\u0151szaka. Ugyanakkor a kor\u00e1n kel\u00e9shez sz\u00fcks\u00e9g van \u00f6nfegyelemre, az id\u0151beoszt\u00e1sunkat is al\u00e1vetj\u00fck Istennek, a v\u00e1rakoz\u00e1snak. Nemcsak lelki, hanem nagyon testi is lesz \u00edgy a k\u00e9sz\u00fclet\u00fcnk. A 6 \u00f3ra egy\u00e9bk\u00e9nt nem el\u0151\u00edr\u00e1s, van, ahol f\u00e9l 7-kor, van, ahol kor\u00e1bban kezd\u0151dnek a szentmis\u00e9k.<\/p>\n<ol start=\"13\">\n<li><strong> K\u00f6telez\u0151 vagy aj\u00e1nlott elmenni a ror\u00e1te mis\u00e9kre?<\/strong><\/li>\n<\/ol>\n<p>A ror\u00e1te mise t\u00e9rs\u00e9g\u00fcnk sz\u00e9p hagyom\u00e1nya, R\u00f3m\u00e1ban p\u00e9ld\u00e1ul nem is nagyon hallottak r\u00f3la az emberek. Teljesen szabadon d\u00f6nthet\u00fcnk n\u00e9ha egy-egy ror\u00e1te mellett. Nem is teljes\u00edtm\u00e9nyre megy az advent. \u00c9s fontos a felel\u0151ss\u00e9g is: a f\u00f6ldm\u0171ves embernek a december nyugodt, korai lefekv\u00e9ssel telt, telik; a v\u00e1rosi, modern embernek eg\u00e9sz nap ugyan\u00fagy helyt kell \u00e1llnia.<\/p>\n<ol start=\"14\">\n<li><strong> Adventi koszor\u00fat m\u00e9g azok is k\u00e9sz\u00edtenek, akik tal\u00e1n nem is vall\u00e1sosak. Ez csak egy szok\u00e1s, vagy van m\u00e1s jelent\u0151s\u00e9ge is?<\/strong><\/li>\n<\/ol>\n<p>A 19. sz\u00e1zadban egy n\u00e9met evang\u00e9likus lelk\u00e9sz k\u00e9sz\u00edtette az els\u0151 adventi koszor\u00fat, \u00e9s naponta mindig eggyel t\u00f6bb gyerty\u00e1t gy\u00fajtott rajta. Ennek egyszer\u0171s\u00edtett v\u00e1ltozata terjedt el azt\u00e1n: vas\u00e1rnaponk\u00e9nt egy-egy gyerty\u00e1val t\u00f6bbet gy\u00fajtunk. A koszor\u00fa otthonainkba var\u00e1zsolja a v\u00e1rakoz\u00e1st, a meghitts\u00e9get, f\u0151leg, ha a csal\u00e1d este le tud mell\u00e9 \u00fclni egy kis id\u0151re. A templomban persze nagy liturgikus m\u0171gonddal gy\u00fajtogatjuk a gyerty\u00e1kat. Olyan kapocs a koszor\u00fa, amely se nem liturgikus, se nem prof\u00e1n. Paraliturgikus, amely \u00f6sszek\u00f6ti otthonainkat templomainkkal.<\/p>\n<ol start=\"15\">\n<li><strong> Sokszor l\u00e1tni alaposan feld\u00edsz\u00edtett koszor\u00fakat. Van jelent\u0151s\u00e9ge annak, hogyan n\u00e9z ki a koszor\u00fa?<\/strong><\/li>\n<\/ol>\n<p>Sok pl\u00e9b\u00e1ni\u00e1n advent els\u0151 vas\u00e1rnapja el\u0151tti szombaton van k\u00f6z\u00f6s koszor\u00fak\u00e9sz\u00edt\u00e9s. \u00c9n is voltam ilyenen, \u00e9rdekes l\u00e1tni, ahogy mindenki a maga \u00edzl\u00e9se szerint k\u00e9sz\u00edti a koszor\u00fat. Vannak l\u00e9nyegl\u00e1t\u00f3 minimalist\u00e1k \u00e9s szertelen\u00fcl \u00f6rvendez\u0151k. Sz\u00e9p l\u00e1tni a sokf\u00e9les\u00e9get.<\/p>\n<ol start=\"16\">\n<li><strong> Mi\u00e9rt n\u00e9gy gyertya van a koszor\u00fan?<\/strong><\/li>\n<\/ol>\n<p>A n\u00e9gy vas\u00e1rnapot jelzi a n\u00e9gy gyertya. Minden vas\u00e1rnap eggyel t\u00f6bbet gy\u00fajtunk meg: ahogy megy\u00fcnk bele a s\u00f6t\u00e9ts\u00e9gbe, az egyre hosszabb \u00e9jszak\u00e1kba, \u00fagy n\u0151 a f\u00e9ny a koszor\u00fan, v\u00e9g\u00fcl pedig a kar\u00e1csonyfa bor\u00edtja f\u00e9nybe a leghosszabb \u00e9jszak\u00e1t.<\/p>\n<ol start=\"17\">\n<li><strong> Azt is hallottam m\u00e1r, hogy a katolikus h\u00edv\u0151 koszor\u00faj\u00e1n h\u00e1rom lila \u00e9s egy r\u00f3zsasz\u00edn gyerty\u00e1nak kell lennie\u2026<\/strong><\/li>\n<\/ol>\n<p>Igen, a liturgikus sz\u00ednek is megjelenhetnek a gyerty\u00e1kon, a lila \u00e9s r\u00f3zsasz\u00edn miseruh\u00e1kra utalva. De ez nem szab\u00e1ly, \u00e9s nem \u00e9rdemes lesz\u00f3lni azokat, akiknek n\u00e9gy lila vagy ak\u00e1r n\u00e9gy piros gyerty\u00e1juk van.<\/p>\n<ol start=\"18\">\n<li><strong> Adventi napt\u00e1rt is sokan haszn\u00e1lnak, m\u00e9g azok is, akik nem vall\u00e1sosak. Van ennek valami jelent\u0151s\u00e9ge?<\/strong><\/li>\n<\/ol>\n<p>Ennek csak szem\u00e9lyes jelent\u0151s\u00e9ge van, seg\u00e9deszk\u00f6z a k\u00e9sz\u00fcl\u0151d\u00e9shez.<\/p>\n<ol start=\"19\">\n<li><strong> Helyes, ha a napt\u00e1rt nyitogat\u00f3 gyerekeket csokol\u00e1d\u00e9val jutalmazzuk?<\/strong><\/li>\n<\/ol>\n<p>Nem tudom. \u00c9n mindig \u00f6r\u00fcltem neki. \u00c9rdemes tiszt\u00e1zni el\u0151tte, hogy a gyermek nem tett-e \u00e9dess\u00e9gb\u00f6jtre fogadalmat az advent elej\u00e9n, mert akkor nagy kisz\u00far\u00e1s.<\/p>\n<ol start=\"20\">\n<li><strong> Az adventi id\u0151szak egyben b\u00f6jt ideje is. Van valamilyen el\u0151\u00edr\u00e1s arra, hogy mik\u00e9nt k\u00e9sz\u00fclj\u00fcnk testileg \u00e9s lelkileg J\u00e9zus Krisztus megsz\u00fclet\u00e9s\u00e9re?<\/strong><\/li>\n<\/ol>\n<p>Jelenleg nincs b\u00f6jti el\u0151\u00edr\u00e1s, de a visszafogotts\u00e1g, csend, t\u00f6bb ima \u00e9s lelki olvasm\u00e1ny mind aj\u00e1nlott.\u00a0Fontos azonban, hogy tiszta sz\u00edvvel v\u00e1rakozhassunk: min\u00e9l el\u0151bb \u00e9lj\u00fcnk a b\u0171nbocs\u00e1nat szents\u00e9g\u00e9vel!<\/p>\n<ol start=\"21\">\n<li><strong> Mi a m\u00e9rc\u00e9je a lemond\u00e1snak? Csup\u00e1n az \u00e9tkez\u00e9s visszafog\u00e1sa elegend\u0151?<\/strong><\/li>\n<\/ol>\n<p>B\u00e1rmi lehet, ahol a testem alapvet\u0151 v\u00e1gya, ig\u00e9nye helyett az el\u0151zetes elhat\u00e1roz\u00e1som gy\u0151z. Lehet ez \u00e9tel, ital, sz\u00f3rakoz\u00e1s, id\u0151beoszt\u00e1s, korai kel\u00e9s \u2013 a fontos az erk\u00f6lcsi gy\u0151zelem: nem a farok cs\u00f3v\u00e1lja a kuty\u00e1t.<\/p>\n<ol start=\"22\">\n<li><strong> Az irgalmass\u00e1g cselekedeteivel is fel tudunk k\u00e9sz\u00fclni a kar\u00e1csonyra?<\/strong><\/li>\n<\/ol>\n<p>Igen.<\/p>\n<ol start=\"23\">\n<li><strong> Az advent az \u00fajrakezd\u00e9s ideje is. Hogyan tudjuk tart\u00f3sabb\u00e1 tenni az adventben m\u00e9g benn\u00fcnk l\u00e9v\u0151 j\u00f3sz\u00e1nd\u00e9kot?<\/strong><\/li>\n<\/ol>\n<p>\u00cdrjunk napl\u00f3t! Lelki napl\u00f3t, elhat\u00e1roz\u00e1sokr\u00f3l, v\u00e1gyakr\u00f3l, j\u00f3 \u00f6tletekr\u0151l (a Szentl\u00e9lek adja a j\u00f3 \u00f6tleteket!), megl\u00e1t\u00e1sokr\u00f3l, \u00e9rz\u00e9sekr\u0151l. Ezt olvassuk \u00e1t \u00e9s folytassuk janu\u00e1rban!<\/p>\n<ol start=\"24\">\n<li><strong> A csal\u00e1di k\u00f6rbe vagy ink\u00e1bb a pl\u00e9b\u00e1nia k\u00f6r\u00e9be val\u00f3 az adventi k\u00e9sz\u00fcl\u0151d\u00e9s?<\/strong><\/li>\n<\/ol>\n<p>A kereszt\u00e9nys\u00e9g 24 \u00f3r\u00e1s v\u00e1llalkoz\u00e1s. Minden\u00fctt ugyanazt \u00e9lj\u00fck, az adott k\u00f6z\u00f6ss\u00e9ghez, helyhez, id\u0151h\u00f6z hangolva.<\/p>\n<ol start=\"25\">\n<li><strong> Egyszerre v\u00e1rjuk ilyenkor Krisztus sz\u00fclet\u00e9s\u00e9t \u00e9s m\u00e1sodik elj\u00f6vetel\u00e9t. Az egyik ink\u00e1bb \u00f6r\u00f6met, a m\u00e1sik sokakban f\u00e9lelmet v\u00e1lt ki. Hogyan lehet ezt a kett\u0151t \u00f6sszeegyeztetni?<\/strong><\/li>\n<\/ol>\n<p>A f\u00e9lelem jogos: \u00f6sszed\u0151l a vil\u00e1g. Az \u00f6r\u00f6m m\u00e1r a hit\u00e9: mindez a minket szeretetb\u0151l teremt\u0151 \u00e9s \u00fcdv\u00f6z\u00edteni akar\u00f3 Isten tenyer\u00e9n t\u00f6rt\u00e9nik.<\/p>\n<p><em><br \/>\nA k\u00e9rd\u00e9seket Baranyai B\u00e9la \u00e9s Verest\u00f3i N\u00e1rcisz \u00e1ll\u00edtott\u00e1k \u00f6ssze.<\/em><\/p>\n<p>Fot\u00f3: Lambert Attila<\/p>\n<p>Magyar Kur\u00edr<\/p>\n","protected":false},"excerpt":{"rendered":"<p>Advent \u2013 Huszon\u00f6t k\u00e9rd\u00e9s \u00e9s v\u00e1lasz seg\u00edt a k\u00e9sz\u00fcletben &nbsp; F\u00fczes \u00c1d\u00e1mot, az Esztergomi Hittudom\u00e1nyi F\u0151iskola levelez\u0151 tagozat\u00e1nak liturgikatan\u00e1r\u00e1t k\u00e9rdezt\u00fck az adventr\u0151l \u2013 a k\u00e9sz\u00fcletr\u0151l \u00e9s annak eszk\u00f6zeir\u0151l \u2013, hogy k\u00f6nnyebben v\u00e1laszolhassunk az \u00dar h\u00edv\u00e1s\u00e1ra ebben a kegyelmi id\u0151szakban (is). Mit jelent pontosan az advent kifejez\u00e9s? Advent a latin adventus, vagyis elj\u00f6vetel sz\u00f3b\u00f3l sz\u00e1rmazik. Hogyan \u00e9s mikor alakult ki? A gallik\u00e1n liturgi\u00e1ban a v\u00edzkereszti (janu\u00e1r 6.) feln\u0151ttkeresztel\u00e9sre el\u0151k\u00e9sz\u00edt\u0151 n\u00e9gyhetes id\u0151szak volt. Az 5. sz\u00e1zadban a kar\u00e1csony (december 25.) v\u00e1lt a jelent\u0151sebb \u00fcnnepp\u00e9, \u00e9s ez el\u0151tt alakult ki el\u0151sz\u00f6r hathetes, majd Szent Szimpliciusz p\u00e1pa (5. sz\u00e1zad) alatt a mai n\u00e9gyhetes form\u00e1ja. Az adventi id\u0151szak minden \u00e9vben v\u00e1ltozik\u2026 Nem, csak a hossza&#8230;\u00a0Adventet a kar\u00e1csony el\u0151tti n\u00e9gy vas\u00e1rnap hat\u00e1rozza meg. Az egyh\u00e1zi napt\u00e1rban a h\u00e9t vas\u00e1rnappal kezd\u0151dik, \u00edgy advent n\u00e9gy hete is a n\u00e9gy vas\u00e1rnap ut\u00e1n k\u00f6vetkezik, \u00e9s ebb\u0151l ad\u00f3d\u00f3an a negyedik h\u00e9t lehet eg\u00e9szen r\u00f6vid is (mint id\u00e9n, maga a vas\u00e1rnap csak a h\u00e9t), \u00e9s eg\u00e9szen hossz\u00fa is (mint tavaly, amikor kar\u00e1csony szombatra esett). December 24. m\u00e9g az adventhez tartozik, vagy m\u00e1r kar\u00e1csony? December 24. az adventi id\u0151 utols\u00f3 napja. Ez m\u00e9g nem kar\u00e1csony, de a s\u00f6t\u00e9ts\u00e9g be\u00e1llt\u00e1val fokoz\u00f3dik a v\u00e1rakoz\u00e1s, mert tudjuk, hogy ez az az \u00e9jszaka, amikor megsz\u00fcletik az \u00dar. A r\u00e9gebbi egyh\u00e1zfegyelemben m\u00e9g ez a nap b\u00f6jti nap volt, ez\u00e9rt hagyom\u00e1nyos \u00e9teleink b\u00f6jt\u00f6sek ezen az \u00e9jszak\u00e1n: a hal, a m\u00e1kos guba, stb. A v\u00e1rakoz\u00e1s az \u00e9jszakai mis\u00e9vel \u00e9r v\u00e9get, ahol meghalljuk az \u00f6r\u00f6mh\u00edrt: megsz\u00fcletett. Mi\u00e9rt lett ez az egyh\u00e1zi \u00e9v kezdete? T\u00f6bbf\u00e9le \u00e9vkezdetet haszn\u00e1lnak a k\u00fcl\u00f6nf\u00e9le napt\u00e1rak \u2013\u00a0ismer\u00fcnk janu\u00e1ri, m\u00e1rciusi polg\u00e1ri \u00e9vkezd\u00e9st is; az advent pedig a megtestes\u00fcl\u00e9ssel kezd, illetve az arra val\u00f3 felk\u00e9sz\u00fcl\u00e9s id\u0151szak\u00e1val. \u00d6nmag\u00e1ban az advent \u201enincs meg\u201d, ez\u00e9rt ker\u00fclt a kar\u00e1csonnyal egy\u00fctt az \u00e9v elej\u00e9re. Mi\u00e9rt kezd\u0151dik a g\u00f6r\u00f6gkatolikusokn\u00e1l el\u0151bb az advent? A t\u00f6rt\u00e9neti r\u00e9szn\u00e9l jelezt\u00fck, hogy az 5. sz\u00e1zadban volt m\u00e1r hathetes az advent, Szent&#8230; <\/p>\n<p><a class=\"readmore\" href=\"https:\/\/stuttgarti-katolikusok.de\/index.php\/adventi-ido\/\">R\u00e9szletek<\/a><\/p>\n","protected":false},"author":3,"featured_media":0,"comment_status":"closed","ping_status":"closed","sticky":false,"template":"","format":"standard","meta":{"footnotes":""},"categories":[1],"tags":[],"class_list":["post-18087","post","type-post","status-publish","format-standard","hentry","category-valogatott"],"yoast_head":"<!-- This site is optimized with the Yoast SEO plugin v27.3 - https:\/\/yoast.com\/product\/yoast-seo-wordpress\/ -->\n<title>Adventi id\u0151 - Stuttgarti Katolikusok<\/title>\n<meta name=\"robots\" content=\"index, follow, max-snippet:-1, max-image-preview:large, max-video-preview:-1\" \/>\n<link rel=\"canonical\" href=\"https:\/\/stuttgarti-katolikusok.de\/index.php\/adventi-ido\/\" \/>\n<meta property=\"og:locale\" content=\"hu_HU\" \/>\n<meta property=\"og:type\" content=\"article\" \/>\n<meta property=\"og:title\" content=\"Adventi id\u0151 - Stuttgarti Katolikusok\" \/>\n<meta property=\"og:description\" content=\"Advent \u2013 Huszon\u00f6t k\u00e9rd\u00e9s \u00e9s v\u00e1lasz seg\u00edt a k\u00e9sz\u00fcletben &nbsp; F\u00fczes \u00c1d\u00e1mot, az Esztergomi Hittudom\u00e1nyi F\u0151iskola levelez\u0151 tagozat\u00e1nak liturgikatan\u00e1r\u00e1t k\u00e9rdezt\u00fck az adventr\u0151l \u2013 a k\u00e9sz\u00fcletr\u0151l \u00e9s annak eszk\u00f6zeir\u0151l \u2013, hogy k\u00f6nnyebben v\u00e1laszolhassunk az \u00dar h\u00edv\u00e1s\u00e1ra ebben a kegyelmi id\u0151szakban (is). Mit jelent pontosan az advent kifejez\u00e9s? Advent a latin adventus, vagyis elj\u00f6vetel sz\u00f3b\u00f3l sz\u00e1rmazik. Hogyan \u00e9s mikor alakult ki? A gallik\u00e1n liturgi\u00e1ban a v\u00edzkereszti (janu\u00e1r 6.) feln\u0151ttkeresztel\u00e9sre el\u0151k\u00e9sz\u00edt\u0151 n\u00e9gyhetes id\u0151szak volt. Az 5. sz\u00e1zadban a kar\u00e1csony (december 25.) v\u00e1lt a jelent\u0151sebb \u00fcnnepp\u00e9, \u00e9s ez el\u0151tt alakult ki el\u0151sz\u00f6r hathetes, majd Szent Szimpliciusz p\u00e1pa (5. sz\u00e1zad) alatt a mai n\u00e9gyhetes form\u00e1ja. Az adventi id\u0151szak minden \u00e9vben v\u00e1ltozik\u2026 Nem, csak a hossza&#8230;\u00a0Adventet a kar\u00e1csony el\u0151tti n\u00e9gy vas\u00e1rnap hat\u00e1rozza meg. Az egyh\u00e1zi napt\u00e1rban a h\u00e9t vas\u00e1rnappal kezd\u0151dik, \u00edgy advent n\u00e9gy hete is a n\u00e9gy vas\u00e1rnap ut\u00e1n k\u00f6vetkezik, \u00e9s ebb\u0151l ad\u00f3d\u00f3an a negyedik h\u00e9t lehet eg\u00e9szen r\u00f6vid is (mint id\u00e9n, maga a vas\u00e1rnap csak a h\u00e9t), \u00e9s eg\u00e9szen hossz\u00fa is (mint tavaly, amikor kar\u00e1csony szombatra esett). December 24. m\u00e9g az adventhez tartozik, vagy m\u00e1r kar\u00e1csony? December 24. az adventi id\u0151 utols\u00f3 napja. Ez m\u00e9g nem kar\u00e1csony, de a s\u00f6t\u00e9ts\u00e9g be\u00e1llt\u00e1val fokoz\u00f3dik a v\u00e1rakoz\u00e1s, mert tudjuk, hogy ez az az \u00e9jszaka, amikor megsz\u00fcletik az \u00dar. A r\u00e9gebbi egyh\u00e1zfegyelemben m\u00e9g ez a nap b\u00f6jti nap volt, ez\u00e9rt hagyom\u00e1nyos \u00e9teleink b\u00f6jt\u00f6sek ezen az \u00e9jszak\u00e1n: a hal, a m\u00e1kos guba, stb. A v\u00e1rakoz\u00e1s az \u00e9jszakai mis\u00e9vel \u00e9r v\u00e9get, ahol meghalljuk az \u00f6r\u00f6mh\u00edrt: megsz\u00fcletett. Mi\u00e9rt lett ez az egyh\u00e1zi \u00e9v kezdete? T\u00f6bbf\u00e9le \u00e9vkezdetet haszn\u00e1lnak a k\u00fcl\u00f6nf\u00e9le napt\u00e1rak \u2013\u00a0ismer\u00fcnk janu\u00e1ri, m\u00e1rciusi polg\u00e1ri \u00e9vkezd\u00e9st is; az advent pedig a megtestes\u00fcl\u00e9ssel kezd, illetve az arra val\u00f3 felk\u00e9sz\u00fcl\u00e9s id\u0151szak\u00e1val. \u00d6nmag\u00e1ban az advent \u201enincs meg\u201d, ez\u00e9rt ker\u00fclt a kar\u00e1csonnyal egy\u00fctt az \u00e9v elej\u00e9re. Mi\u00e9rt kezd\u0151dik a g\u00f6r\u00f6gkatolikusokn\u00e1l el\u0151bb az advent? A t\u00f6rt\u00e9neti r\u00e9szn\u00e9l jelezt\u00fck, hogy az 5. sz\u00e1zadban volt m\u00e1r hathetes az advent, Szent... R\u00e9szletek\" \/>\n<meta property=\"og:url\" content=\"https:\/\/stuttgarti-katolikusok.de\/index.php\/adventi-ido\/\" \/>\n<meta property=\"og:site_name\" content=\"Stuttgarti Katolikusok\" \/>\n<meta property=\"article:published_time\" content=\"2019-12-02T10:01:57+00:00\" \/>\n<meta name=\"author\" content=\"Tibor atya\" \/>\n<meta name=\"twitter:card\" content=\"summary_large_image\" \/>\n<meta name=\"twitter:label1\" content=\"Szerz\u0151:\" \/>\n\t<meta name=\"twitter:data1\" content=\"Tibor atya\" \/>\n\t<meta name=\"twitter:label2\" content=\"Becs\u00fclt olvas\u00e1si id\u0151\" \/>\n\t<meta name=\"twitter:data2\" content=\"8 perc\" \/>\n<script type=\"application\/ld+json\" class=\"yoast-schema-graph\">{\"@context\":\"https:\\\/\\\/schema.org\",\"@graph\":[{\"@type\":\"Article\",\"@id\":\"https:\\\/\\\/stuttgarti-katolikusok.de\\\/index.php\\\/adventi-ido\\\/#article\",\"isPartOf\":{\"@id\":\"https:\\\/\\\/stuttgarti-katolikusok.de\\\/index.php\\\/adventi-ido\\\/\"},\"author\":{\"name\":\"Tibor atya\",\"@id\":\"https:\\\/\\\/stuttgarti-katolikusok.de\\\/#\\\/schema\\\/person\\\/75908d6f8fdc03a57889d27209df7795\"},\"headline\":\"Adventi id\u0151\",\"datePublished\":\"2019-12-02T10:01:57+00:00\",\"mainEntityOfPage\":{\"@id\":\"https:\\\/\\\/stuttgarti-katolikusok.de\\\/index.php\\\/adventi-ido\\\/\"},\"wordCount\":1680,\"articleSection\":[\"V\u00e1logatott \u00edr\u00e1sok\"],\"inLanguage\":\"hu\"},{\"@type\":\"WebPage\",\"@id\":\"https:\\\/\\\/stuttgarti-katolikusok.de\\\/index.php\\\/adventi-ido\\\/\",\"url\":\"https:\\\/\\\/stuttgarti-katolikusok.de\\\/index.php\\\/adventi-ido\\\/\",\"name\":\"Adventi id\u0151 - Stuttgarti Katolikusok\",\"isPartOf\":{\"@id\":\"https:\\\/\\\/stuttgarti-katolikusok.de\\\/#website\"},\"datePublished\":\"2019-12-02T10:01:57+00:00\",\"author\":{\"@id\":\"https:\\\/\\\/stuttgarti-katolikusok.de\\\/#\\\/schema\\\/person\\\/75908d6f8fdc03a57889d27209df7795\"},\"breadcrumb\":{\"@id\":\"https:\\\/\\\/stuttgarti-katolikusok.de\\\/index.php\\\/adventi-ido\\\/#breadcrumb\"},\"inLanguage\":\"hu\",\"potentialAction\":[{\"@type\":\"ReadAction\",\"target\":[\"https:\\\/\\\/stuttgarti-katolikusok.de\\\/index.php\\\/adventi-ido\\\/\"]}]},{\"@type\":\"BreadcrumbList\",\"@id\":\"https:\\\/\\\/stuttgarti-katolikusok.de\\\/index.php\\\/adventi-ido\\\/#breadcrumb\",\"itemListElement\":[{\"@type\":\"ListItem\",\"position\":1,\"name\":\"Kezd\u0151lap\",\"item\":\"https:\\\/\\\/stuttgarti-katolikusok.de\\\/\"},{\"@type\":\"ListItem\",\"position\":2,\"name\":\"Adventi id\u0151\"}]},{\"@type\":\"WebSite\",\"@id\":\"https:\\\/\\\/stuttgarti-katolikusok.de\\\/#website\",\"url\":\"https:\\\/\\\/stuttgarti-katolikusok.de\\\/\",\"name\":\"Stuttgarti Katolikusok\",\"description\":\"\",\"potentialAction\":[{\"@type\":\"SearchAction\",\"target\":{\"@type\":\"EntryPoint\",\"urlTemplate\":\"https:\\\/\\\/stuttgarti-katolikusok.de\\\/?s={search_term_string}\"},\"query-input\":{\"@type\":\"PropertyValueSpecification\",\"valueRequired\":true,\"valueName\":\"search_term_string\"}}],\"inLanguage\":\"hu\"},{\"@type\":\"Person\",\"@id\":\"https:\\\/\\\/stuttgarti-katolikusok.de\\\/#\\\/schema\\\/person\\\/75908d6f8fdc03a57889d27209df7795\",\"name\":\"Tibor atya\",\"image\":{\"@type\":\"ImageObject\",\"inLanguage\":\"hu\",\"@id\":\"https:\\\/\\\/secure.gravatar.com\\\/avatar\\\/61d268e57d1f4525b111222e29d2d5a7f8c420fdbf231ba5566a8ceac74fa960?s=96&d=mm&r=g\",\"url\":\"https:\\\/\\\/secure.gravatar.com\\\/avatar\\\/61d268e57d1f4525b111222e29d2d5a7f8c420fdbf231ba5566a8ceac74fa960?s=96&d=mm&r=g\",\"contentUrl\":\"https:\\\/\\\/secure.gravatar.com\\\/avatar\\\/61d268e57d1f4525b111222e29d2d5a7f8c420fdbf231ba5566a8ceac74fa960?s=96&d=mm&r=g\",\"caption\":\"Tibor atya\"},\"url\":\"https:\\\/\\\/stuttgarti-katolikusok.de\\\/index.php\\\/author\\\/tibor-atya\\\/\"}]}<\/script>\n<!-- \/ Yoast SEO plugin. -->","yoast_head_json":{"title":"Adventi id\u0151 - Stuttgarti Katolikusok","robots":{"index":"index","follow":"follow","max-snippet":"max-snippet:-1","max-image-preview":"max-image-preview:large","max-video-preview":"max-video-preview:-1"},"canonical":"https:\/\/stuttgarti-katolikusok.de\/index.php\/adventi-ido\/","og_locale":"hu_HU","og_type":"article","og_title":"Adventi id\u0151 - Stuttgarti Katolikusok","og_description":"Advent \u2013 Huszon\u00f6t k\u00e9rd\u00e9s \u00e9s v\u00e1lasz seg\u00edt a k\u00e9sz\u00fcletben &nbsp; F\u00fczes \u00c1d\u00e1mot, az Esztergomi Hittudom\u00e1nyi F\u0151iskola levelez\u0151 tagozat\u00e1nak liturgikatan\u00e1r\u00e1t k\u00e9rdezt\u00fck az adventr\u0151l \u2013 a k\u00e9sz\u00fcletr\u0151l \u00e9s annak eszk\u00f6zeir\u0151l \u2013, hogy k\u00f6nnyebben v\u00e1laszolhassunk az \u00dar h\u00edv\u00e1s\u00e1ra ebben a kegyelmi id\u0151szakban (is). Mit jelent pontosan az advent kifejez\u00e9s? Advent a latin adventus, vagyis elj\u00f6vetel sz\u00f3b\u00f3l sz\u00e1rmazik. Hogyan \u00e9s mikor alakult ki? A gallik\u00e1n liturgi\u00e1ban a v\u00edzkereszti (janu\u00e1r 6.) feln\u0151ttkeresztel\u00e9sre el\u0151k\u00e9sz\u00edt\u0151 n\u00e9gyhetes id\u0151szak volt. Az 5. sz\u00e1zadban a kar\u00e1csony (december 25.) v\u00e1lt a jelent\u0151sebb \u00fcnnepp\u00e9, \u00e9s ez el\u0151tt alakult ki el\u0151sz\u00f6r hathetes, majd Szent Szimpliciusz p\u00e1pa (5. sz\u00e1zad) alatt a mai n\u00e9gyhetes form\u00e1ja. Az adventi id\u0151szak minden \u00e9vben v\u00e1ltozik\u2026 Nem, csak a hossza&#8230;\u00a0Adventet a kar\u00e1csony el\u0151tti n\u00e9gy vas\u00e1rnap hat\u00e1rozza meg. Az egyh\u00e1zi napt\u00e1rban a h\u00e9t vas\u00e1rnappal kezd\u0151dik, \u00edgy advent n\u00e9gy hete is a n\u00e9gy vas\u00e1rnap ut\u00e1n k\u00f6vetkezik, \u00e9s ebb\u0151l ad\u00f3d\u00f3an a negyedik h\u00e9t lehet eg\u00e9szen r\u00f6vid is (mint id\u00e9n, maga a vas\u00e1rnap csak a h\u00e9t), \u00e9s eg\u00e9szen hossz\u00fa is (mint tavaly, amikor kar\u00e1csony szombatra esett). December 24. m\u00e9g az adventhez tartozik, vagy m\u00e1r kar\u00e1csony? December 24. az adventi id\u0151 utols\u00f3 napja. Ez m\u00e9g nem kar\u00e1csony, de a s\u00f6t\u00e9ts\u00e9g be\u00e1llt\u00e1val fokoz\u00f3dik a v\u00e1rakoz\u00e1s, mert tudjuk, hogy ez az az \u00e9jszaka, amikor megsz\u00fcletik az \u00dar. A r\u00e9gebbi egyh\u00e1zfegyelemben m\u00e9g ez a nap b\u00f6jti nap volt, ez\u00e9rt hagyom\u00e1nyos \u00e9teleink b\u00f6jt\u00f6sek ezen az \u00e9jszak\u00e1n: a hal, a m\u00e1kos guba, stb. A v\u00e1rakoz\u00e1s az \u00e9jszakai mis\u00e9vel \u00e9r v\u00e9get, ahol meghalljuk az \u00f6r\u00f6mh\u00edrt: megsz\u00fcletett. Mi\u00e9rt lett ez az egyh\u00e1zi \u00e9v kezdete? T\u00f6bbf\u00e9le \u00e9vkezdetet haszn\u00e1lnak a k\u00fcl\u00f6nf\u00e9le napt\u00e1rak \u2013\u00a0ismer\u00fcnk janu\u00e1ri, m\u00e1rciusi polg\u00e1ri \u00e9vkezd\u00e9st is; az advent pedig a megtestes\u00fcl\u00e9ssel kezd, illetve az arra val\u00f3 felk\u00e9sz\u00fcl\u00e9s id\u0151szak\u00e1val. \u00d6nmag\u00e1ban az advent \u201enincs meg\u201d, ez\u00e9rt ker\u00fclt a kar\u00e1csonnyal egy\u00fctt az \u00e9v elej\u00e9re. Mi\u00e9rt kezd\u0151dik a g\u00f6r\u00f6gkatolikusokn\u00e1l el\u0151bb az advent? A t\u00f6rt\u00e9neti r\u00e9szn\u00e9l jelezt\u00fck, hogy az 5. sz\u00e1zadban volt m\u00e1r hathetes az advent, Szent... R\u00e9szletek","og_url":"https:\/\/stuttgarti-katolikusok.de\/index.php\/adventi-ido\/","og_site_name":"Stuttgarti Katolikusok","article_published_time":"2019-12-02T10:01:57+00:00","author":"Tibor atya","twitter_card":"summary_large_image","twitter_misc":{"Szerz\u0151:":"Tibor atya","Becs\u00fclt olvas\u00e1si id\u0151":"8 perc"},"schema":{"@context":"https:\/\/schema.org","@graph":[{"@type":"Article","@id":"https:\/\/stuttgarti-katolikusok.de\/index.php\/adventi-ido\/#article","isPartOf":{"@id":"https:\/\/stuttgarti-katolikusok.de\/index.php\/adventi-ido\/"},"author":{"name":"Tibor atya","@id":"https:\/\/stuttgarti-katolikusok.de\/#\/schema\/person\/75908d6f8fdc03a57889d27209df7795"},"headline":"Adventi id\u0151","datePublished":"2019-12-02T10:01:57+00:00","mainEntityOfPage":{"@id":"https:\/\/stuttgarti-katolikusok.de\/index.php\/adventi-ido\/"},"wordCount":1680,"articleSection":["V\u00e1logatott \u00edr\u00e1sok"],"inLanguage":"hu"},{"@type":"WebPage","@id":"https:\/\/stuttgarti-katolikusok.de\/index.php\/adventi-ido\/","url":"https:\/\/stuttgarti-katolikusok.de\/index.php\/adventi-ido\/","name":"Adventi id\u0151 - Stuttgarti Katolikusok","isPartOf":{"@id":"https:\/\/stuttgarti-katolikusok.de\/#website"},"datePublished":"2019-12-02T10:01:57+00:00","author":{"@id":"https:\/\/stuttgarti-katolikusok.de\/#\/schema\/person\/75908d6f8fdc03a57889d27209df7795"},"breadcrumb":{"@id":"https:\/\/stuttgarti-katolikusok.de\/index.php\/adventi-ido\/#breadcrumb"},"inLanguage":"hu","potentialAction":[{"@type":"ReadAction","target":["https:\/\/stuttgarti-katolikusok.de\/index.php\/adventi-ido\/"]}]},{"@type":"BreadcrumbList","@id":"https:\/\/stuttgarti-katolikusok.de\/index.php\/adventi-ido\/#breadcrumb","itemListElement":[{"@type":"ListItem","position":1,"name":"Kezd\u0151lap","item":"https:\/\/stuttgarti-katolikusok.de\/"},{"@type":"ListItem","position":2,"name":"Adventi id\u0151"}]},{"@type":"WebSite","@id":"https:\/\/stuttgarti-katolikusok.de\/#website","url":"https:\/\/stuttgarti-katolikusok.de\/","name":"Stuttgarti Katolikusok","description":"","potentialAction":[{"@type":"SearchAction","target":{"@type":"EntryPoint","urlTemplate":"https:\/\/stuttgarti-katolikusok.de\/?s={search_term_string}"},"query-input":{"@type":"PropertyValueSpecification","valueRequired":true,"valueName":"search_term_string"}}],"inLanguage":"hu"},{"@type":"Person","@id":"https:\/\/stuttgarti-katolikusok.de\/#\/schema\/person\/75908d6f8fdc03a57889d27209df7795","name":"Tibor atya","image":{"@type":"ImageObject","inLanguage":"hu","@id":"https:\/\/secure.gravatar.com\/avatar\/61d268e57d1f4525b111222e29d2d5a7f8c420fdbf231ba5566a8ceac74fa960?s=96&d=mm&r=g","url":"https:\/\/secure.gravatar.com\/avatar\/61d268e57d1f4525b111222e29d2d5a7f8c420fdbf231ba5566a8ceac74fa960?s=96&d=mm&r=g","contentUrl":"https:\/\/secure.gravatar.com\/avatar\/61d268e57d1f4525b111222e29d2d5a7f8c420fdbf231ba5566a8ceac74fa960?s=96&d=mm&r=g","caption":"Tibor atya"},"url":"https:\/\/stuttgarti-katolikusok.de\/index.php\/author\/tibor-atya\/"}]}},"_links":{"self":[{"href":"https:\/\/stuttgarti-katolikusok.de\/index.php\/wp-json\/wp\/v2\/posts\/18087","targetHints":{"allow":["GET"]}}],"collection":[{"href":"https:\/\/stuttgarti-katolikusok.de\/index.php\/wp-json\/wp\/v2\/posts"}],"about":[{"href":"https:\/\/stuttgarti-katolikusok.de\/index.php\/wp-json\/wp\/v2\/types\/post"}],"author":[{"embeddable":true,"href":"https:\/\/stuttgarti-katolikusok.de\/index.php\/wp-json\/wp\/v2\/users\/3"}],"replies":[{"embeddable":true,"href":"https:\/\/stuttgarti-katolikusok.de\/index.php\/wp-json\/wp\/v2\/comments?post=18087"}],"version-history":[{"count":1,"href":"https:\/\/stuttgarti-katolikusok.de\/index.php\/wp-json\/wp\/v2\/posts\/18087\/revisions"}],"predecessor-version":[{"id":18089,"href":"https:\/\/stuttgarti-katolikusok.de\/index.php\/wp-json\/wp\/v2\/posts\/18087\/revisions\/18089"}],"wp:attachment":[{"href":"https:\/\/stuttgarti-katolikusok.de\/index.php\/wp-json\/wp\/v2\/media?parent=18087"}],"wp:term":[{"taxonomy":"category","embeddable":true,"href":"https:\/\/stuttgarti-katolikusok.de\/index.php\/wp-json\/wp\/v2\/categories?post=18087"},{"taxonomy":"post_tag","embeddable":true,"href":"https:\/\/stuttgarti-katolikusok.de\/index.php\/wp-json\/wp\/v2\/tags?post=18087"}],"curies":[{"name":"wp","href":"https:\/\/api.w.org\/{rel}","templated":true}]}}