{"id":18035,"date":"2019-11-19T11:05:09","date_gmt":"2019-11-19T11:05:09","guid":{"rendered":"https:\/\/gracious-dewdney.138-201-221-2.plesk.page\/?p=18035"},"modified":"2019-11-26T11:19:56","modified_gmt":"2019-11-26T11:19:56","slug":"szent-imre-templombucsu-weingartenben-2","status":"publish","type":"post","link":"https:\/\/stuttgarti-katolikusok.de\/index.php\/szent-imre-templombucsu-weingartenben-2\/","title":{"rendered":"Szent Imre templomb\u00facs\u00fa Weingartenben"},"content":{"rendered":"<p>A stuttgarti magyar egyh\u00e1zk\u00f6zs\u00e9g egyik k\u00fcl\u00f6nlegess\u00e9ge, hogy 15 kis k\u00f6z\u00f6ss\u00e9gb\u0151l \u00e1ll \u00e9s ezek egym\u00e1st l\u00e1togatj\u00e1k k\u00fcl\u00f6nleges alkalmakkor. Egy ilyen alkalom volt a Szent Imre b\u00facs\u00fa Weingartenben. A b\u00facs\u00fa, amelyet ideigtart\u00f3 b\u00fcntet\u00e9seink eleneg\u00e9s\u00e9\u00e9rt j\u00e1runk, kereszt\u00e9ny \u00e9let\u00fcnkben egy olyan alkalom is, amely \u00e1ltal hit\u00fcnket gyakorolhatjuk, \u00e1t\u00e9lhetj\u00fck \u00e9s p\u00e9ld\u00e1nkkal egy\u00fattal tov\u00e1bb is adhatjuk.<\/p>\n<p>Szombat d\u00e9lben zar\u00e1ndokt\u00e1rsaimmal gy\u00fclekezt\u00fcnk a templom el\u0151tti t\u00e9ren \u00e9s t\u00fcrelmesen v\u00e1rtuk buszunkat. \u00d6r\u00f6mmel indultunk el, mert nem csak a r\u00e9gebbi \u00e9s \u00fajabb ismer\u0151s\u00f6kkel tal\u00e1lkozhatunk, hanem enn\u00e9l ink\u00e1bb, lelki felt\u00f6lt\u0151d\u00e9sre v\u00e1gytunk.<\/p>\n<p>A buszban, T\u00f3th M\u00e1rta nagyon sok \u00e9rdekes dolgot mes\u00e9lt Szent Imr\u00e9r\u0151l. \u00c9let\u00e9r\u0151l m\u00e1r sokat halottunk az elm\u00falt \u00e9vekben, \u00edgy h\u00e1t egy m\u00e1sik szemsz\u00f6gb\u0151l mutatta be nek\u00fcnk Szent Imr\u00e9t. R\u00f3la keveset jegyeztek fel a kr\u00f3nik\u00e1k.\u00a0 Ami nekem k\u00fcl\u00f6nlegesnek t\u0171nt, az Szent Imre sz\u00fczess\u00e9gi fogadalma. Els\u0151 benyom\u00e1sra \u00e9rthetetlen az \u0151 fogadalma. Fiatal h\u00e1zas volt, az orsz\u00e1ga \u00e9s csal\u00e1dja is t\u00f6bb mind val\u00f3sz\u00edn\u0171, hogy \u00f6r\u00f6k\u00f6sre v\u00e1rtak. De \u0151 valami nagyobbra \u00e9s t\u00f6bbre v\u00e1gyott, akart. Nek\u00fcnk is lehet p\u00e9ldak\u00e9p\u00fcnk, abban hogy tanuljuk meg a lemond\u00e1s \u00e9rt\u00e9k\u00e9t, a \u201eh\u0151sies\u201c szolg\u00e1lat ott, ahov\u00e1 a J\u00f3isten rendelt minket.<\/p>\n<p>Meg\u00e9rkezve Weingartenbe nagy szeretettel fogadtak minket Tibor atya \u00e9s Laci atya. \u00c9nekelve, z\u00e1szl\u00f3 k\u00eds\u00e9ret\u00e9ben bevonultunk a templomba.<\/p>\n<p>Az \u00fcnnepi szentmise kezdet\u00e9n egy gy\u00f6ny\u00f6r\u0171 verset halhattunk, Dux Emericus \u2013 felolvasta T\u00f3th M\u00e1rta. Sok t\u00f6rt\u00e9nelmi esem\u00e9nyt eleven\u00edt meg. Biztos mindannyiunkat m\u00e1s \u00e9s m\u00e1s id\u00e9zet ragadott meg. Nekem l\u00e9lekhez sz\u00f3l\u00f3 volt a k\u00f6vetkez\u0151: \u201eA faragott J\u00e9zus az olt\u00e1rr\u00f3l lel\u00e9p, k\u00e9t kez\u00e9be fogja az ifj\u00fa fej\u00e9t\u201c. Magam el\u00e9 tudom k\u00e9pzelni, \u00e9s ez annyira csod\u00e1latos lehet\u2026<\/p>\n<p>A szentbesz\u00e9dben Laci atya szent Imre \u00e9let\u00e9b\u0151l, de szem\u00e9lyes tapasztalatokb\u00f3l is pr\u00f3b\u00e1lt egy p\u00e1r gondolatot megosztani vel\u00fcnk. Szent Imre \u00e9let\u00e9ben nagyon fontos szerepet j\u00e1tszott a sz\u00fcl\u0151i nevel\u00e9s, a sz\u00fcl\u0151k p\u00e9ldak\u00e9pe. Kihangs\u00falyozta, mennyire fontos a p\u00e9ldak\u00e9p \u00e9s k\u00fcl\u00f6n\u00f6sen az, hogy a csal\u00e1d egy\u00fctt im\u00e1dkozzon. Ez sajnos a mai t\u00e1rsadalomban egyre ritk\u00e1bb csal\u00e1di esem\u00e9ny.<\/p>\n<p>Szent Imre az ifj\u00fas\u00e1g v\u00e9d\u0151szentje, azonban mindannyiunk p\u00e9ldak\u00e9pe lehetne. Im\u00e1ds\u00e1ggal, tudatosan Isten akarata szerint d\u00f6nt\u00f6tt. (Laci atya \u00fajb\u00f3l \u00e9s \u00fajb\u00f3l\u00a0 hangs\u00falyozta mennyire fontos az ima!) Arra buzd\u00edtott, hogy \u00fagy mint ahogy szent Imre is, im\u00e1ds\u00e1ggal keress\u00fck azt, ami az \u00e9let\u00fcnk c\u00e9lja, mi a feladatunk ezen a vil\u00e1gon, milyen \u00faton j\u00e1rjunk. Minden nap im\u00e1dkozva kellene k\u00e9rn\u00fcnk Isten akarat\u00e1t \u00e9s seg\u00edts\u00e9g\u00e9t.<\/p>\n<p>A szentmis\u00e9t k\u00f6vet\u0151en b\u00facs\u00fas vacsor\u00e1ra ker\u00fclt sor, ahonnan persze a j\u00f3 besz\u00e9lget\u00e9sek, a hangulatos zene \u00e9s a t\u00e1nc sem hi\u00e1nyozhatott.<\/p>\n<p>\u00dagy gondolom, hogy mindannyian l\u00e9lekben gazdagabban t\u00e9rt\u00fcnk vissza Stuttgartba \u00e9s m\u00e9g sok\u00e1ig fogunk bel\u0151le er\u0151t mer\u00edteni.<\/p>\n<p><em>Benedek Anniko<\/em><\/p>\n","protected":false},"excerpt":{"rendered":"<p>A stuttgarti magyar egyh\u00e1zk\u00f6zs\u00e9g egyik k\u00fcl\u00f6nlegess\u00e9ge, hogy 15 kis k\u00f6z\u00f6ss\u00e9gb\u0151l \u00e1ll \u00e9s ezek egym\u00e1st l\u00e1togatj\u00e1k k\u00fcl\u00f6nleges alkalmakkor. Egy ilyen alkalom volt a Szent Imre b\u00facs\u00fa Weingartenben. A b\u00facs\u00fa, amelyet ideigtart\u00f3 b\u00fcntet\u00e9seink eleneg\u00e9s\u00e9\u00e9rt j\u00e1runk, kereszt\u00e9ny \u00e9let\u00fcnkben egy olyan alkalom is, amely \u00e1ltal hit\u00fcnket gyakorolhatjuk, \u00e1t\u00e9lhetj\u00fck \u00e9s p\u00e9ld\u00e1nkkal egy\u00fattal tov\u00e1bb is adhatjuk. Szombat d\u00e9lben zar\u00e1ndokt\u00e1rsaimmal gy\u00fclekezt\u00fcnk a templom el\u0151tti t\u00e9ren \u00e9s t\u00fcrelmesen v\u00e1rtuk buszunkat. \u00d6r\u00f6mmel indultunk el, mert nem csak a r\u00e9gebbi \u00e9s \u00fajabb ismer\u0151s\u00f6kkel tal\u00e1lkozhatunk, hanem enn\u00e9l ink\u00e1bb, lelki felt\u00f6lt\u0151d\u00e9sre v\u00e1gytunk. A buszban, T\u00f3th M\u00e1rta nagyon sok \u00e9rdekes dolgot mes\u00e9lt Szent Imr\u00e9r\u0151l. \u00c9let\u00e9r\u0151l m\u00e1r sokat halottunk az elm\u00falt \u00e9vekben, \u00edgy h\u00e1t egy m\u00e1sik szemsz\u00f6gb\u0151l mutatta be nek\u00fcnk Szent Imr\u00e9t. R\u00f3la keveset jegyeztek fel a kr\u00f3nik\u00e1k.\u00a0 Ami nekem k\u00fcl\u00f6nlegesnek t\u0171nt, az Szent Imre sz\u00fczess\u00e9gi fogadalma. Els\u0151 benyom\u00e1sra \u00e9rthetetlen az \u0151 fogadalma. Fiatal h\u00e1zas volt, az orsz\u00e1ga \u00e9s csal\u00e1dja is t\u00f6bb mind val\u00f3sz\u00edn\u0171, hogy \u00f6r\u00f6k\u00f6sre v\u00e1rtak. De \u0151 valami nagyobbra \u00e9s t\u00f6bbre v\u00e1gyott, akart. Nek\u00fcnk is lehet p\u00e9ldak\u00e9p\u00fcnk, abban hogy tanuljuk meg a lemond\u00e1s \u00e9rt\u00e9k\u00e9t, a \u201eh\u0151sies\u201c szolg\u00e1lat ott, ahov\u00e1 a J\u00f3isten rendelt minket. Meg\u00e9rkezve Weingartenbe nagy szeretettel fogadtak minket Tibor atya \u00e9s Laci atya. \u00c9nekelve, z\u00e1szl\u00f3 k\u00eds\u00e9ret\u00e9ben bevonultunk a templomba. Az \u00fcnnepi szentmise kezdet\u00e9n egy gy\u00f6ny\u00f6r\u0171 verset halhattunk, Dux Emericus \u2013 felolvasta T\u00f3th M\u00e1rta. Sok t\u00f6rt\u00e9nelmi esem\u00e9nyt eleven\u00edt meg. Biztos mindannyiunkat m\u00e1s \u00e9s m\u00e1s id\u00e9zet ragadott meg. Nekem l\u00e9lekhez sz\u00f3l\u00f3 volt a k\u00f6vetkez\u0151: \u201eA faragott J\u00e9zus az olt\u00e1rr\u00f3l lel\u00e9p, k\u00e9t kez\u00e9be fogja az ifj\u00fa fej\u00e9t\u201c. Magam el\u00e9 tudom k\u00e9pzelni, \u00e9s ez annyira csod\u00e1latos lehet\u2026 A szentbesz\u00e9dben Laci atya szent Imre \u00e9let\u00e9b\u0151l, de szem\u00e9lyes tapasztalatokb\u00f3l is pr\u00f3b\u00e1lt egy p\u00e1r gondolatot megosztani vel\u00fcnk. Szent Imre \u00e9let\u00e9ben nagyon fontos szerepet j\u00e1tszott a sz\u00fcl\u0151i nevel\u00e9s, a sz\u00fcl\u0151k p\u00e9ldak\u00e9pe. Kihangs\u00falyozta, mennyire fontos a p\u00e9ldak\u00e9p \u00e9s k\u00fcl\u00f6n\u00f6sen az, hogy a csal\u00e1d egy\u00fctt im\u00e1dkozzon. Ez sajnos a mai t\u00e1rsadalomban egyre ritk\u00e1bb csal\u00e1di esem\u00e9ny. Szent Imre az ifj\u00fas\u00e1g v\u00e9d\u0151szentje, azonban&#8230; <\/p>\n<p><a class=\"readmore\" href=\"https:\/\/stuttgarti-katolikusok.de\/index.php\/szent-imre-templombucsu-weingartenben-2\/\">R\u00e9szletek<\/a><\/p>\n","protected":false},"author":3,"featured_media":18036,"comment_status":"closed","ping_status":"closed","sticky":false,"template":"","format":"standard","meta":{"footnotes":""},"categories":[28],"tags":[],"class_list":["post-18035","post","type-post","status-publish","format-standard","has-post-thumbnail","hentry","category-olvasoink-irjak"],"yoast_head":"<!-- This site is optimized with the Yoast SEO plugin v27.3 - https:\/\/yoast.com\/product\/yoast-seo-wordpress\/ -->\n<title>Szent Imre templomb\u00facs\u00fa Weingartenben - Stuttgarti Katolikusok<\/title>\n<meta name=\"robots\" content=\"index, follow, max-snippet:-1, max-image-preview:large, max-video-preview:-1\" \/>\n<link rel=\"canonical\" href=\"https:\/\/stuttgarti-katolikusok.de\/index.php\/szent-imre-templombucsu-weingartenben-2\/\" \/>\n<meta property=\"og:locale\" content=\"hu_HU\" \/>\n<meta property=\"og:type\" content=\"article\" \/>\n<meta property=\"og:title\" content=\"Szent Imre templomb\u00facs\u00fa Weingartenben - Stuttgarti Katolikusok\" \/>\n<meta property=\"og:description\" content=\"A stuttgarti magyar egyh\u00e1zk\u00f6zs\u00e9g egyik k\u00fcl\u00f6nlegess\u00e9ge, hogy 15 kis k\u00f6z\u00f6ss\u00e9gb\u0151l \u00e1ll \u00e9s ezek egym\u00e1st l\u00e1togatj\u00e1k k\u00fcl\u00f6nleges alkalmakkor. Egy ilyen alkalom volt a Szent Imre b\u00facs\u00fa Weingartenben. A b\u00facs\u00fa, amelyet ideigtart\u00f3 b\u00fcntet\u00e9seink eleneg\u00e9s\u00e9\u00e9rt j\u00e1runk, kereszt\u00e9ny \u00e9let\u00fcnkben egy olyan alkalom is, amely \u00e1ltal hit\u00fcnket gyakorolhatjuk, \u00e1t\u00e9lhetj\u00fck \u00e9s p\u00e9ld\u00e1nkkal egy\u00fattal tov\u00e1bb is adhatjuk. Szombat d\u00e9lben zar\u00e1ndokt\u00e1rsaimmal gy\u00fclekezt\u00fcnk a templom el\u0151tti t\u00e9ren \u00e9s t\u00fcrelmesen v\u00e1rtuk buszunkat. \u00d6r\u00f6mmel indultunk el, mert nem csak a r\u00e9gebbi \u00e9s \u00fajabb ismer\u0151s\u00f6kkel tal\u00e1lkozhatunk, hanem enn\u00e9l ink\u00e1bb, lelki felt\u00f6lt\u0151d\u00e9sre v\u00e1gytunk. A buszban, T\u00f3th M\u00e1rta nagyon sok \u00e9rdekes dolgot mes\u00e9lt Szent Imr\u00e9r\u0151l. \u00c9let\u00e9r\u0151l m\u00e1r sokat halottunk az elm\u00falt \u00e9vekben, \u00edgy h\u00e1t egy m\u00e1sik szemsz\u00f6gb\u0151l mutatta be nek\u00fcnk Szent Imr\u00e9t. R\u00f3la keveset jegyeztek fel a kr\u00f3nik\u00e1k.\u00a0 Ami nekem k\u00fcl\u00f6nlegesnek t\u0171nt, az Szent Imre sz\u00fczess\u00e9gi fogadalma. Els\u0151 benyom\u00e1sra \u00e9rthetetlen az \u0151 fogadalma. Fiatal h\u00e1zas volt, az orsz\u00e1ga \u00e9s csal\u00e1dja is t\u00f6bb mind val\u00f3sz\u00edn\u0171, hogy \u00f6r\u00f6k\u00f6sre v\u00e1rtak. De \u0151 valami nagyobbra \u00e9s t\u00f6bbre v\u00e1gyott, akart. Nek\u00fcnk is lehet p\u00e9ldak\u00e9p\u00fcnk, abban hogy tanuljuk meg a lemond\u00e1s \u00e9rt\u00e9k\u00e9t, a \u201eh\u0151sies\u201c szolg\u00e1lat ott, ahov\u00e1 a J\u00f3isten rendelt minket. Meg\u00e9rkezve Weingartenbe nagy szeretettel fogadtak minket Tibor atya \u00e9s Laci atya. \u00c9nekelve, z\u00e1szl\u00f3 k\u00eds\u00e9ret\u00e9ben bevonultunk a templomba. Az \u00fcnnepi szentmise kezdet\u00e9n egy gy\u00f6ny\u00f6r\u0171 verset halhattunk, Dux Emericus \u2013 felolvasta T\u00f3th M\u00e1rta. Sok t\u00f6rt\u00e9nelmi esem\u00e9nyt eleven\u00edt meg. Biztos mindannyiunkat m\u00e1s \u00e9s m\u00e1s id\u00e9zet ragadott meg. Nekem l\u00e9lekhez sz\u00f3l\u00f3 volt a k\u00f6vetkez\u0151: \u201eA faragott J\u00e9zus az olt\u00e1rr\u00f3l lel\u00e9p, k\u00e9t kez\u00e9be fogja az ifj\u00fa fej\u00e9t\u201c. Magam el\u00e9 tudom k\u00e9pzelni, \u00e9s ez annyira csod\u00e1latos lehet\u2026 A szentbesz\u00e9dben Laci atya szent Imre \u00e9let\u00e9b\u0151l, de szem\u00e9lyes tapasztalatokb\u00f3l is pr\u00f3b\u00e1lt egy p\u00e1r gondolatot megosztani vel\u00fcnk. Szent Imre \u00e9let\u00e9ben nagyon fontos szerepet j\u00e1tszott a sz\u00fcl\u0151i nevel\u00e9s, a sz\u00fcl\u0151k p\u00e9ldak\u00e9pe. Kihangs\u00falyozta, mennyire fontos a p\u00e9ldak\u00e9p \u00e9s k\u00fcl\u00f6n\u00f6sen az, hogy a csal\u00e1d egy\u00fctt im\u00e1dkozzon. Ez sajnos a mai t\u00e1rsadalomban egyre ritk\u00e1bb csal\u00e1di esem\u00e9ny. Szent Imre az ifj\u00fas\u00e1g v\u00e9d\u0151szentje, azonban... R\u00e9szletek\" \/>\n<meta property=\"og:url\" content=\"https:\/\/stuttgarti-katolikusok.de\/index.php\/szent-imre-templombucsu-weingartenben-2\/\" \/>\n<meta property=\"og:site_name\" content=\"Stuttgarti Katolikusok\" \/>\n<meta property=\"article:published_time\" content=\"2019-11-19T11:05:09+00:00\" \/>\n<meta property=\"article:modified_time\" content=\"2019-11-26T11:19:56+00:00\" \/>\n<meta property=\"og:image\" content=\"https:\/\/stuttgarti-katolikusok.de\/wp-content\/uploads\/2019\/11\/wg2019.jpg\" \/>\n\t<meta property=\"og:image:width\" content=\"799\" \/>\n\t<meta property=\"og:image:height\" content=\"533\" \/>\n\t<meta property=\"og:image:type\" content=\"image\/jpeg\" \/>\n<meta name=\"author\" content=\"Tibor atya\" \/>\n<meta name=\"twitter:card\" content=\"summary_large_image\" \/>\n<meta name=\"twitter:label1\" content=\"Szerz\u0151:\" \/>\n\t<meta name=\"twitter:data1\" content=\"Tibor atya\" \/>\n\t<meta name=\"twitter:label2\" content=\"Becs\u00fclt olvas\u00e1si id\u0151\" \/>\n\t<meta name=\"twitter:data2\" content=\"3 perc\" \/>\n<script type=\"application\/ld+json\" class=\"yoast-schema-graph\">{\"@context\":\"https:\\\/\\\/schema.org\",\"@graph\":[{\"@type\":\"Article\",\"@id\":\"https:\\\/\\\/stuttgarti-katolikusok.de\\\/index.php\\\/szent-imre-templombucsu-weingartenben-2\\\/#article\",\"isPartOf\":{\"@id\":\"https:\\\/\\\/stuttgarti-katolikusok.de\\\/index.php\\\/szent-imre-templombucsu-weingartenben-2\\\/\"},\"author\":{\"name\":\"Tibor atya\",\"@id\":\"https:\\\/\\\/stuttgarti-katolikusok.de\\\/#\\\/schema\\\/person\\\/75908d6f8fdc03a57889d27209df7795\"},\"headline\":\"Szent Imre templomb\u00facs\u00fa Weingartenben\",\"datePublished\":\"2019-11-19T11:05:09+00:00\",\"dateModified\":\"2019-11-26T11:19:56+00:00\",\"mainEntityOfPage\":{\"@id\":\"https:\\\/\\\/stuttgarti-katolikusok.de\\\/index.php\\\/szent-imre-templombucsu-weingartenben-2\\\/\"},\"wordCount\":595,\"image\":{\"@id\":\"https:\\\/\\\/stuttgarti-katolikusok.de\\\/index.php\\\/szent-imre-templombucsu-weingartenben-2\\\/#primaryimage\"},\"thumbnailUrl\":\"https:\\\/\\\/stuttgarti-katolikusok.de\\\/wp-content\\\/uploads\\\/2019\\\/11\\\/wg2019.jpg\",\"articleSection\":[\"Olvas\u00f3ink \u00edrj\u00e1k\"],\"inLanguage\":\"hu\"},{\"@type\":\"WebPage\",\"@id\":\"https:\\\/\\\/stuttgarti-katolikusok.de\\\/index.php\\\/szent-imre-templombucsu-weingartenben-2\\\/\",\"url\":\"https:\\\/\\\/stuttgarti-katolikusok.de\\\/index.php\\\/szent-imre-templombucsu-weingartenben-2\\\/\",\"name\":\"Szent Imre templomb\u00facs\u00fa Weingartenben - Stuttgarti Katolikusok\",\"isPartOf\":{\"@id\":\"https:\\\/\\\/stuttgarti-katolikusok.de\\\/#website\"},\"primaryImageOfPage\":{\"@id\":\"https:\\\/\\\/stuttgarti-katolikusok.de\\\/index.php\\\/szent-imre-templombucsu-weingartenben-2\\\/#primaryimage\"},\"image\":{\"@id\":\"https:\\\/\\\/stuttgarti-katolikusok.de\\\/index.php\\\/szent-imre-templombucsu-weingartenben-2\\\/#primaryimage\"},\"thumbnailUrl\":\"https:\\\/\\\/stuttgarti-katolikusok.de\\\/wp-content\\\/uploads\\\/2019\\\/11\\\/wg2019.jpg\",\"datePublished\":\"2019-11-19T11:05:09+00:00\",\"dateModified\":\"2019-11-26T11:19:56+00:00\",\"author\":{\"@id\":\"https:\\\/\\\/stuttgarti-katolikusok.de\\\/#\\\/schema\\\/person\\\/75908d6f8fdc03a57889d27209df7795\"},\"breadcrumb\":{\"@id\":\"https:\\\/\\\/stuttgarti-katolikusok.de\\\/index.php\\\/szent-imre-templombucsu-weingartenben-2\\\/#breadcrumb\"},\"inLanguage\":\"hu\",\"potentialAction\":[{\"@type\":\"ReadAction\",\"target\":[\"https:\\\/\\\/stuttgarti-katolikusok.de\\\/index.php\\\/szent-imre-templombucsu-weingartenben-2\\\/\"]}]},{\"@type\":\"ImageObject\",\"inLanguage\":\"hu\",\"@id\":\"https:\\\/\\\/stuttgarti-katolikusok.de\\\/index.php\\\/szent-imre-templombucsu-weingartenben-2\\\/#primaryimage\",\"url\":\"https:\\\/\\\/stuttgarti-katolikusok.de\\\/wp-content\\\/uploads\\\/2019\\\/11\\\/wg2019.jpg\",\"contentUrl\":\"https:\\\/\\\/stuttgarti-katolikusok.de\\\/wp-content\\\/uploads\\\/2019\\\/11\\\/wg2019.jpg\",\"width\":799,\"height\":533},{\"@type\":\"BreadcrumbList\",\"@id\":\"https:\\\/\\\/stuttgarti-katolikusok.de\\\/index.php\\\/szent-imre-templombucsu-weingartenben-2\\\/#breadcrumb\",\"itemListElement\":[{\"@type\":\"ListItem\",\"position\":1,\"name\":\"Kezd\u0151lap\",\"item\":\"https:\\\/\\\/stuttgarti-katolikusok.de\\\/\"},{\"@type\":\"ListItem\",\"position\":2,\"name\":\"Szent Imre templomb\u00facs\u00fa Weingartenben\"}]},{\"@type\":\"WebSite\",\"@id\":\"https:\\\/\\\/stuttgarti-katolikusok.de\\\/#website\",\"url\":\"https:\\\/\\\/stuttgarti-katolikusok.de\\\/\",\"name\":\"Stuttgarti Katolikusok\",\"description\":\"\",\"potentialAction\":[{\"@type\":\"SearchAction\",\"target\":{\"@type\":\"EntryPoint\",\"urlTemplate\":\"https:\\\/\\\/stuttgarti-katolikusok.de\\\/?s={search_term_string}\"},\"query-input\":{\"@type\":\"PropertyValueSpecification\",\"valueRequired\":true,\"valueName\":\"search_term_string\"}}],\"inLanguage\":\"hu\"},{\"@type\":\"Person\",\"@id\":\"https:\\\/\\\/stuttgarti-katolikusok.de\\\/#\\\/schema\\\/person\\\/75908d6f8fdc03a57889d27209df7795\",\"name\":\"Tibor atya\",\"image\":{\"@type\":\"ImageObject\",\"inLanguage\":\"hu\",\"@id\":\"https:\\\/\\\/secure.gravatar.com\\\/avatar\\\/61d268e57d1f4525b111222e29d2d5a7f8c420fdbf231ba5566a8ceac74fa960?s=96&d=mm&r=g\",\"url\":\"https:\\\/\\\/secure.gravatar.com\\\/avatar\\\/61d268e57d1f4525b111222e29d2d5a7f8c420fdbf231ba5566a8ceac74fa960?s=96&d=mm&r=g\",\"contentUrl\":\"https:\\\/\\\/secure.gravatar.com\\\/avatar\\\/61d268e57d1f4525b111222e29d2d5a7f8c420fdbf231ba5566a8ceac74fa960?s=96&d=mm&r=g\",\"caption\":\"Tibor atya\"},\"url\":\"https:\\\/\\\/stuttgarti-katolikusok.de\\\/index.php\\\/author\\\/tibor-atya\\\/\"}]}<\/script>\n<!-- \/ Yoast SEO plugin. -->","yoast_head_json":{"title":"Szent Imre templomb\u00facs\u00fa Weingartenben - Stuttgarti Katolikusok","robots":{"index":"index","follow":"follow","max-snippet":"max-snippet:-1","max-image-preview":"max-image-preview:large","max-video-preview":"max-video-preview:-1"},"canonical":"https:\/\/stuttgarti-katolikusok.de\/index.php\/szent-imre-templombucsu-weingartenben-2\/","og_locale":"hu_HU","og_type":"article","og_title":"Szent Imre templomb\u00facs\u00fa Weingartenben - Stuttgarti Katolikusok","og_description":"A stuttgarti magyar egyh\u00e1zk\u00f6zs\u00e9g egyik k\u00fcl\u00f6nlegess\u00e9ge, hogy 15 kis k\u00f6z\u00f6ss\u00e9gb\u0151l \u00e1ll \u00e9s ezek egym\u00e1st l\u00e1togatj\u00e1k k\u00fcl\u00f6nleges alkalmakkor. Egy ilyen alkalom volt a Szent Imre b\u00facs\u00fa Weingartenben. A b\u00facs\u00fa, amelyet ideigtart\u00f3 b\u00fcntet\u00e9seink eleneg\u00e9s\u00e9\u00e9rt j\u00e1runk, kereszt\u00e9ny \u00e9let\u00fcnkben egy olyan alkalom is, amely \u00e1ltal hit\u00fcnket gyakorolhatjuk, \u00e1t\u00e9lhetj\u00fck \u00e9s p\u00e9ld\u00e1nkkal egy\u00fattal tov\u00e1bb is adhatjuk. Szombat d\u00e9lben zar\u00e1ndokt\u00e1rsaimmal gy\u00fclekezt\u00fcnk a templom el\u0151tti t\u00e9ren \u00e9s t\u00fcrelmesen v\u00e1rtuk buszunkat. \u00d6r\u00f6mmel indultunk el, mert nem csak a r\u00e9gebbi \u00e9s \u00fajabb ismer\u0151s\u00f6kkel tal\u00e1lkozhatunk, hanem enn\u00e9l ink\u00e1bb, lelki felt\u00f6lt\u0151d\u00e9sre v\u00e1gytunk. A buszban, T\u00f3th M\u00e1rta nagyon sok \u00e9rdekes dolgot mes\u00e9lt Szent Imr\u00e9r\u0151l. \u00c9let\u00e9r\u0151l m\u00e1r sokat halottunk az elm\u00falt \u00e9vekben, \u00edgy h\u00e1t egy m\u00e1sik szemsz\u00f6gb\u0151l mutatta be nek\u00fcnk Szent Imr\u00e9t. R\u00f3la keveset jegyeztek fel a kr\u00f3nik\u00e1k.\u00a0 Ami nekem k\u00fcl\u00f6nlegesnek t\u0171nt, az Szent Imre sz\u00fczess\u00e9gi fogadalma. Els\u0151 benyom\u00e1sra \u00e9rthetetlen az \u0151 fogadalma. Fiatal h\u00e1zas volt, az orsz\u00e1ga \u00e9s csal\u00e1dja is t\u00f6bb mind val\u00f3sz\u00edn\u0171, hogy \u00f6r\u00f6k\u00f6sre v\u00e1rtak. De \u0151 valami nagyobbra \u00e9s t\u00f6bbre v\u00e1gyott, akart. Nek\u00fcnk is lehet p\u00e9ldak\u00e9p\u00fcnk, abban hogy tanuljuk meg a lemond\u00e1s \u00e9rt\u00e9k\u00e9t, a \u201eh\u0151sies\u201c szolg\u00e1lat ott, ahov\u00e1 a J\u00f3isten rendelt minket. Meg\u00e9rkezve Weingartenbe nagy szeretettel fogadtak minket Tibor atya \u00e9s Laci atya. \u00c9nekelve, z\u00e1szl\u00f3 k\u00eds\u00e9ret\u00e9ben bevonultunk a templomba. Az \u00fcnnepi szentmise kezdet\u00e9n egy gy\u00f6ny\u00f6r\u0171 verset halhattunk, Dux Emericus \u2013 felolvasta T\u00f3th M\u00e1rta. Sok t\u00f6rt\u00e9nelmi esem\u00e9nyt eleven\u00edt meg. Biztos mindannyiunkat m\u00e1s \u00e9s m\u00e1s id\u00e9zet ragadott meg. Nekem l\u00e9lekhez sz\u00f3l\u00f3 volt a k\u00f6vetkez\u0151: \u201eA faragott J\u00e9zus az olt\u00e1rr\u00f3l lel\u00e9p, k\u00e9t kez\u00e9be fogja az ifj\u00fa fej\u00e9t\u201c. Magam el\u00e9 tudom k\u00e9pzelni, \u00e9s ez annyira csod\u00e1latos lehet\u2026 A szentbesz\u00e9dben Laci atya szent Imre \u00e9let\u00e9b\u0151l, de szem\u00e9lyes tapasztalatokb\u00f3l is pr\u00f3b\u00e1lt egy p\u00e1r gondolatot megosztani vel\u00fcnk. Szent Imre \u00e9let\u00e9ben nagyon fontos szerepet j\u00e1tszott a sz\u00fcl\u0151i nevel\u00e9s, a sz\u00fcl\u0151k p\u00e9ldak\u00e9pe. Kihangs\u00falyozta, mennyire fontos a p\u00e9ldak\u00e9p \u00e9s k\u00fcl\u00f6n\u00f6sen az, hogy a csal\u00e1d egy\u00fctt im\u00e1dkozzon. Ez sajnos a mai t\u00e1rsadalomban egyre ritk\u00e1bb csal\u00e1di esem\u00e9ny. Szent Imre az ifj\u00fas\u00e1g v\u00e9d\u0151szentje, azonban... R\u00e9szletek","og_url":"https:\/\/stuttgarti-katolikusok.de\/index.php\/szent-imre-templombucsu-weingartenben-2\/","og_site_name":"Stuttgarti Katolikusok","article_published_time":"2019-11-19T11:05:09+00:00","article_modified_time":"2019-11-26T11:19:56+00:00","og_image":[{"width":799,"height":533,"url":"https:\/\/stuttgarti-katolikusok.de\/wp-content\/uploads\/2019\/11\/wg2019.jpg","type":"image\/jpeg"}],"author":"Tibor atya","twitter_card":"summary_large_image","twitter_misc":{"Szerz\u0151:":"Tibor atya","Becs\u00fclt olvas\u00e1si id\u0151":"3 perc"},"schema":{"@context":"https:\/\/schema.org","@graph":[{"@type":"Article","@id":"https:\/\/stuttgarti-katolikusok.de\/index.php\/szent-imre-templombucsu-weingartenben-2\/#article","isPartOf":{"@id":"https:\/\/stuttgarti-katolikusok.de\/index.php\/szent-imre-templombucsu-weingartenben-2\/"},"author":{"name":"Tibor atya","@id":"https:\/\/stuttgarti-katolikusok.de\/#\/schema\/person\/75908d6f8fdc03a57889d27209df7795"},"headline":"Szent Imre templomb\u00facs\u00fa Weingartenben","datePublished":"2019-11-19T11:05:09+00:00","dateModified":"2019-11-26T11:19:56+00:00","mainEntityOfPage":{"@id":"https:\/\/stuttgarti-katolikusok.de\/index.php\/szent-imre-templombucsu-weingartenben-2\/"},"wordCount":595,"image":{"@id":"https:\/\/stuttgarti-katolikusok.de\/index.php\/szent-imre-templombucsu-weingartenben-2\/#primaryimage"},"thumbnailUrl":"https:\/\/stuttgarti-katolikusok.de\/wp-content\/uploads\/2019\/11\/wg2019.jpg","articleSection":["Olvas\u00f3ink \u00edrj\u00e1k"],"inLanguage":"hu"},{"@type":"WebPage","@id":"https:\/\/stuttgarti-katolikusok.de\/index.php\/szent-imre-templombucsu-weingartenben-2\/","url":"https:\/\/stuttgarti-katolikusok.de\/index.php\/szent-imre-templombucsu-weingartenben-2\/","name":"Szent Imre templomb\u00facs\u00fa Weingartenben - Stuttgarti Katolikusok","isPartOf":{"@id":"https:\/\/stuttgarti-katolikusok.de\/#website"},"primaryImageOfPage":{"@id":"https:\/\/stuttgarti-katolikusok.de\/index.php\/szent-imre-templombucsu-weingartenben-2\/#primaryimage"},"image":{"@id":"https:\/\/stuttgarti-katolikusok.de\/index.php\/szent-imre-templombucsu-weingartenben-2\/#primaryimage"},"thumbnailUrl":"https:\/\/stuttgarti-katolikusok.de\/wp-content\/uploads\/2019\/11\/wg2019.jpg","datePublished":"2019-11-19T11:05:09+00:00","dateModified":"2019-11-26T11:19:56+00:00","author":{"@id":"https:\/\/stuttgarti-katolikusok.de\/#\/schema\/person\/75908d6f8fdc03a57889d27209df7795"},"breadcrumb":{"@id":"https:\/\/stuttgarti-katolikusok.de\/index.php\/szent-imre-templombucsu-weingartenben-2\/#breadcrumb"},"inLanguage":"hu","potentialAction":[{"@type":"ReadAction","target":["https:\/\/stuttgarti-katolikusok.de\/index.php\/szent-imre-templombucsu-weingartenben-2\/"]}]},{"@type":"ImageObject","inLanguage":"hu","@id":"https:\/\/stuttgarti-katolikusok.de\/index.php\/szent-imre-templombucsu-weingartenben-2\/#primaryimage","url":"https:\/\/stuttgarti-katolikusok.de\/wp-content\/uploads\/2019\/11\/wg2019.jpg","contentUrl":"https:\/\/stuttgarti-katolikusok.de\/wp-content\/uploads\/2019\/11\/wg2019.jpg","width":799,"height":533},{"@type":"BreadcrumbList","@id":"https:\/\/stuttgarti-katolikusok.de\/index.php\/szent-imre-templombucsu-weingartenben-2\/#breadcrumb","itemListElement":[{"@type":"ListItem","position":1,"name":"Kezd\u0151lap","item":"https:\/\/stuttgarti-katolikusok.de\/"},{"@type":"ListItem","position":2,"name":"Szent Imre templomb\u00facs\u00fa Weingartenben"}]},{"@type":"WebSite","@id":"https:\/\/stuttgarti-katolikusok.de\/#website","url":"https:\/\/stuttgarti-katolikusok.de\/","name":"Stuttgarti Katolikusok","description":"","potentialAction":[{"@type":"SearchAction","target":{"@type":"EntryPoint","urlTemplate":"https:\/\/stuttgarti-katolikusok.de\/?s={search_term_string}"},"query-input":{"@type":"PropertyValueSpecification","valueRequired":true,"valueName":"search_term_string"}}],"inLanguage":"hu"},{"@type":"Person","@id":"https:\/\/stuttgarti-katolikusok.de\/#\/schema\/person\/75908d6f8fdc03a57889d27209df7795","name":"Tibor atya","image":{"@type":"ImageObject","inLanguage":"hu","@id":"https:\/\/secure.gravatar.com\/avatar\/61d268e57d1f4525b111222e29d2d5a7f8c420fdbf231ba5566a8ceac74fa960?s=96&d=mm&r=g","url":"https:\/\/secure.gravatar.com\/avatar\/61d268e57d1f4525b111222e29d2d5a7f8c420fdbf231ba5566a8ceac74fa960?s=96&d=mm&r=g","contentUrl":"https:\/\/secure.gravatar.com\/avatar\/61d268e57d1f4525b111222e29d2d5a7f8c420fdbf231ba5566a8ceac74fa960?s=96&d=mm&r=g","caption":"Tibor atya"},"url":"https:\/\/stuttgarti-katolikusok.de\/index.php\/author\/tibor-atya\/"}]}},"_links":{"self":[{"href":"https:\/\/stuttgarti-katolikusok.de\/index.php\/wp-json\/wp\/v2\/posts\/18035","targetHints":{"allow":["GET"]}}],"collection":[{"href":"https:\/\/stuttgarti-katolikusok.de\/index.php\/wp-json\/wp\/v2\/posts"}],"about":[{"href":"https:\/\/stuttgarti-katolikusok.de\/index.php\/wp-json\/wp\/v2\/types\/post"}],"author":[{"embeddable":true,"href":"https:\/\/stuttgarti-katolikusok.de\/index.php\/wp-json\/wp\/v2\/users\/3"}],"replies":[{"embeddable":true,"href":"https:\/\/stuttgarti-katolikusok.de\/index.php\/wp-json\/wp\/v2\/comments?post=18035"}],"version-history":[{"count":1,"href":"https:\/\/stuttgarti-katolikusok.de\/index.php\/wp-json\/wp\/v2\/posts\/18035\/revisions"}],"predecessor-version":[{"id":18037,"href":"https:\/\/stuttgarti-katolikusok.de\/index.php\/wp-json\/wp\/v2\/posts\/18035\/revisions\/18037"}],"wp:featuredmedia":[{"embeddable":true,"href":"https:\/\/stuttgarti-katolikusok.de\/index.php\/wp-json\/wp\/v2\/media\/18036"}],"wp:attachment":[{"href":"https:\/\/stuttgarti-katolikusok.de\/index.php\/wp-json\/wp\/v2\/media?parent=18035"}],"wp:term":[{"taxonomy":"category","embeddable":true,"href":"https:\/\/stuttgarti-katolikusok.de\/index.php\/wp-json\/wp\/v2\/categories?post=18035"},{"taxonomy":"post_tag","embeddable":true,"href":"https:\/\/stuttgarti-katolikusok.de\/index.php\/wp-json\/wp\/v2\/tags?post=18035"}],"curies":[{"name":"wp","href":"https:\/\/api.w.org\/{rel}","templated":true}]}}