{"id":18023,"date":"2019-11-23T06:23:46","date_gmt":"2019-11-23T06:23:46","guid":{"rendered":"https:\/\/gracious-dewdney.138-201-221-2.plesk.page\/?p=18023"},"modified":"2020-04-27T08:37:07","modified_gmt":"2020-04-27T08:37:07","slug":"krisztus-kiraly-vasarnapjara","status":"publish","type":"post","link":"https:\/\/stuttgarti-katolikusok.de\/index.php\/krisztus-kiraly-vasarnapjara\/","title":{"rendered":"Krisztus Kir\u00e1ly vas\u00e1rnapj\u00e1ra"},"content":{"rendered":"<ol start=\"2019\">\n<li>november 24.<\/li>\n<\/ol>\n<p>KRISZTUS, A MINDENS\u00c9G KIR\u00c1LYA<\/p>\n<p><em>\u00c9VK\u00d6ZI 34<\/em><em>. VA<\/em><em>S\u00c1R<\/em><em>NAP<\/em><\/p>\n<p>Piusz p\u00e1pa 1925-ben rendelte el az Egyh\u00e1zban Krisztus kir\u00e1lys\u00e1g\u00e1nak \u00fcnnep\u00e9t. D\u00f6nt\u00e9s\u00e9ben a Szent\u00edr\u00e1s tan\u00edt\u00e1s\u00e1ra t\u00e1maszkodott. Izaj\u00e1s pr\u00f3f\u00e9ta megj\u00f6vend\u00f6lte a Megv\u00e1lt\u00f3r\u00f3l: Messzire kiterjed utalma \u00e9s orsz\u00e1g\u00e1ban mindig b\u00e9ke lesz (v\u00f6. Iz 9,6). A zsolt\u00e1rokban pedig azt olvassuk: Uralkodni fog tengert\u0151l tengerig \u00e9s h\u00f3dolnak el\u0151tte a f\u00f6ld lak\u00f3i (v\u00f6. Zsolt 71, 8\u20139).<\/p>\n<p><strong>OLVASM\u00c1NY\u00a0\u00a0 <\/strong>\u00a0\u00a0\u00a0\u00a0\u00a0\u00a0\u00a0\u00a0\u00a0\u00a0\u00a0\u00a0\u00a0\u00a0\u00a0\u00a0\u00a0\u00a0\u00a0\u00a0\u00a0\u00a0\u00a0\u00a0\u00a0\u00a0\u00a0\u00a0\u00a0\u00a0\u00a0\u00a0\u00a0\u00a0\u00a0\u00a0\u00a0\u00a0\u00a0\u00a0\u00a0\u00a0\u00a0\u00a0\u00a0<em>2 S\u00e1m 5, 1\u20133<\/em><\/p>\n<p>Kezdetben a v\u00e1lasztott n\u00e9p Istent tekintette kir\u00e1lynak. K\u00e9s\u0151bb azonban Saul szem\u00e9ly\u00e9ben nekik is lett f\u00f6ldi kir\u00e1lyuk. Saul ut\u00e1n D\u00e1vid k\u00f6vetkezett Isten tr\u00f3nj\u00e1n, aki \u00edg\u00e9retet kapott arra, hogy Isten az \u0151 \u00f6r\u00f6k kir\u00e1lys\u00e1g\u00e1t a D\u00e1vid csal\u00e1dj\u00e1b\u00f3l sz\u00e1rmaz\u00f3 Messi\u00e1s \u00e1ltal gyakorolja majd.<\/p>\n<p><strong>V\u00c1LASZOS ZSOLT\u00c1R<\/strong>\u00a0\u00a0\u00a0\u00a0\u00a0\u00a0\u00a0\u00a0\u00a0\u00a0\u00a0\u00a0\u00a0\u00a0\u00a0\u00a0\u00a0\u00a0\u00a0\u00a0\u00a0\u00a0\u00a0\u00a0\u00a0\u00a0\u00a0\u00a0\u00a0\u00a0\u00a0\u00a0\u00a0\u00a0\u00a0\u00a0\u00a0\u00a0 <em>121, 1\u20132. 4\u20135<\/em><\/p>\n<p><strong>V\u00e1lasz: Isten h<u>\u00e1<\/u>z\u00e1ba indulunk, * <\/strong><\/p>\n<p><strong>\u00a0\u00a0\u00a0\u00a0\u00a0\u00a0\u00a0\u00a0\u00a0\u00a0\u00a0\u00a0 \u00f6r\u00f6mt\u0151l d<u>o<\/u>bban a sz\u00edv\u00fcnk.<\/strong><\/p>\n<p><strong>SZENTLECKE\u00a0\u00a0 <\/strong><strong>\u00a0\u00a0\u00a0\u00a0<\/strong>\u00a0\u00a0\u00a0\u00a0\u00a0\u00a0\u00a0\u00a0\u00a0\u00a0\u00a0\u00a0\u00a0\u00a0\u00a0\u00a0\u00a0\u00a0\u00a0\u00a0\u00a0\u00a0\u00a0\u00a0\u00a0\u00a0\u00a0\u00a0\u00a0\u00a0\u00a0\u00a0\u00a0\u00a0\u00a0\u00a0\u00a0\u00a0<em>Kol 1, 12\u201320<\/em><\/p>\n<p>Szent P\u00e1l apostol J\u00e9zus els\u0151s\u00e9g\u00e9t hirdeti a teremtett vil\u00e1gban \u00e9s a megv\u00e1lt\u00e1s rendj\u00e9ben egyar\u00e1nt. Az Atya ugyanis \u0151\u00e1ltala teremtette a vil\u00e1got \u00e9s \u0151\u00e1ltala akart kiengesztel\u0151dni az emberis\u00e9ggel. A megv\u00e1lt\u00e1s \u00e9s kiengesztel\u0151d\u00e9s m\u0171v\u00e9t J\u00e9zus Krisztus az Egyh\u00e1z \u00e1ltal folytatja a vil\u00e1gban.<\/p>\n<p><strong>ALLELUJA<\/strong>\u00a0\u00a0\u00a0\u00a0\u00a0\u00a0\u00a0\u00a0\u00a0\u00a0\u00a0\u00a0\u00a0\u00a0\u00a0\u00a0\u00a0\u00a0\u00a0\u00a0\u00a0\u00a0\u00a0\u00a0\u00a0\u00a0\u00a0\u00a0\u00a0\u00a0\u00a0\u00a0\u00a0\u00a0\u00a0\u00a0\u00a0\u00a0\u00a0\u00a0\u00a0\u00a0\u00a0\u00a0\u00a0\u00a0\u00a0\u00a0\u00a0\u00a0\u00a0\u00a0\u00a0\u00a0\u00a0\u00a0 <em>Mk 11, 9b\u201310a<\/em><\/p>\n<p>\u00c1ldott, aki j\u00f6n az \u00dar nev\u00e9ben. * \u00c1ldott legyen D\u00e1vid \u0151saty\u00e1nknak elj\u00f6vend\u0151 orsz\u00e1ga!<\/p>\n<p><strong>EVANG\u00c9LIUM <\/strong>\u00a0\u00a0\u00a0\u00a0\u00a0\u00a0\u00a0\u00a0\u00a0\u00a0\u00a0\u00a0\u00a0\u00a0\u00a0\u00a0\u00a0\u00a0\u00a0\u00a0\u00a0\u00a0\u00a0\u00a0\u00a0\u00a0\u00a0\u00a0\u00a0\u00a0\u00a0\u00a0\u00a0\u00a0\u00a0\u00a0\u00a0\u00a0\u00a0\u00a0\u00a0\u00a0\u00a0\u00a0\u00a0\u00a0<em>Lk 23<\/em><em>, 35\u201343<\/em><\/p>\n<p>J\u00e9zus orsz\u00e1ga nem evil\u00e1gb\u00f3l val\u00f3. Kit\u0171nt ez a kereszten tan\u00fas\u00edtott magatart\u00e1s\u00e1b\u00f3l is: a g\u00fanyol\u00f3d\u00e1sra nem v\u00e1laszol, hatalm\u00e1t nem veszi ig\u00e9nybe, hogy ellens\u00e9geit elhallgattassa. H\u0151siesen gyakorolja a szeretetet: nagylelk\u0171en megbocs\u00e1t ellens\u00e9geinek.<\/p>\n<p><strong>AZ EUCHARISZTI\u00c1HOZ<\/strong><\/p>\n<p>Kiv\u00e1lasztott nemzed\u00e9k \u00e9s kir\u00e1lyi paps\u00e1g r\u00e9szesei vagyunk. Ennek tudat\u00e1ban vegy\u00fcnk mindig r\u00e9szt Krisztus Kir\u00e1ly f\u0151papi \u00e1ldozat\u00e1ban.<\/p>\n<p><strong>ELM\u00c9LKED\u00c9S\u00a0\u00a0\u00a0\u00a0\u00a0\u00a0\u00a0\u00a0\u00a0\u00a0\u00a0\u00a0\u00a0\u00a0\u00a0\u00a0\u00a0\u00a0\u00a0\u00a0\u00a0\u00a0\u00a0\u00a0\u00a0\u00a0\u00a0\u00a0\u00a0\u00a0\u00a0\u00a0\u00a0\u00a0 <\/strong><\/p>\n<p>\u201eCsod\u00e1latos ez a Kir\u00e1ly, aki lemondott a hatalom minden k\u00fcls\u0151 jel\u00e9r\u0151l, az uralkod\u00e1s, az er\u0151 \u00e9s a g\u0151g minden eszk\u00f6z\u00e9r\u0151l&#8230; K\u00fcl\u00f6nleges Kir\u00e1ly ez! Mennyire v\u00e1gyakoznia kell r\u00e1 a modern embernek, aki belef\u00e1sult a hatalom gyakorlat\u00e1nak olyan rendszereibe, amelyek elnyom\u00e1ssal \u00e9s er\u0151szakkal s\u00fajtj\u00e1k polg\u00e1raikat. Olyan hatalmak ezek, amelyek az ember legbens\u0151bb vil\u00e1g\u00e1t is szab\u00e1lyozni akarj\u00e1k, ideol\u00f3gi\u00e1kat k\u00e9nyszer\u00edtve r\u00e1juk&#8230; Milyen csod\u00e1latos Kir\u00e1ly J\u00e9zus Krisztus, aki eleve elutas\u00edtja az ember ilyenfajta ir\u00e1ny\u00edt\u00e1s\u00e1t!\u201d<\/p>\n<ol>\n<li><em> J\u00e1nos P\u00e1l p\u00e1pa<\/em><\/li>\n<\/ol>\n<p>KRISZTUS KIR\u00c1LY \u00dcNNEPE<\/p>\n<p>A mennyei Atya Krisztusban teremtett az \u00e9gen \u00e9s a f\u00f6ld\u00f6n, a l\u00e1that\u00f3kat \u00e9s l\u00e1thatatlanokat, a tr\u00f3nusokat, uralmakat, fejedelems\u00e9geket, hatalmass\u00e1gokat; minden \u0151\u00e1ltala \u00e9s \u0151\u00e9rette teremtetett. Krisztus teh\u00e1t a F\u0151 \u00e9s a Kir\u00e1ly <em>a teremt\u00e9s jog\u00e1n<\/em>. Benne van megv\u00e1lt\u00e1sunk az \u0151 v\u00e9re \u00e1ltal&#8230; \u0151 a Testnek, az Egyh\u00e1znak a feje. Teh\u00e1t Krisztus a F\u0151, a Kir\u00e1ly a szent v\u00e9re \u00e1r\u00e1n szerzett <em>megv\u00e1lt\u00e1s jogc\u00edm\u00e9n<\/em>. Krisztus e kett\u0151s jogon urunk, t\u00f6rv\u00e9nyhoz\u00f3nk, m\u00e9gpedig az egyes embernek \u00e9pp\u00fagy, mint a t\u00e1rsadalomnak. Uralm\u00e1t azonban nem er\u0151szakkal akarja megval\u00f3s\u00edtani, hanem szeretetteljes vonz\u00e1s\u00e1val, hogy szabad akarattal ismerj\u00fck el felszabad\u00edt\u00f3 uralm\u00e1t. Korunkban az emberis\u00e9gre k\u00fcl\u00f6n\u00f6s s\u00fallyal nehezed\u0151 nyomor\u00fas\u00e1gnak oka voltak\u00e9ppen a n\u00e9pek elp\u00e1rtol\u00e1sa Krisztust\u00f3l. Ez az \u00fcnnep \u00e9vr\u0151l \u00e9vre hathat\u00f3san hirdeti Krisztusnak az emberek \u00e9s dolgok f\u00f6l\u00f6tt val\u00f3 fels\u00e9ges \u00e9s <em>felt\u00e9tlen uralm\u00e1t<\/em>. Isten \u00fagy akarta, hogy Krisztus f\u0151s\u00e9ge \u00e9s uralma a t\u00f6rt\u00e9nelem v\u00e9g\u00e9n nyilv\u00e1nuljon ki vil\u00e1gosan. <em>Az utols\u00f3 \u00edt\u00e9leten<\/em> \u0151 lesz a B\u00edr\u00f3, aki mindent \u00f6sszefoglal \u00e9s \u00e1tad az Aty\u00e1nak. Krisztus Kir\u00e1ly \u00fcnnep\u00e9t XI. Piusz p\u00e1pa rendelte el 1925-ben, Mindenszentek \u00fcnnepe el\u0151tti vas\u00e1rnapra, hogy az elpog\u00e1nyosod\u00f3 korban, a hamis szabadoss\u00e1g l\u00e1zong\u00e1sai k\u00f6z\u00f6tt az Egyh\u00e1z tagjait Krisztus f\u0151s\u00e9g\u00e9nek elismer\u00e9s\u00e9re h\u00edvja. Az \u00fcnnepet a II. Vatik\u00e1ni Zsinat ut\u00e1n \u00e1thelyezt\u00e9k advent el\u0151tti utols\u00f3 vas\u00e1rnapra. Ezzel az Egyh\u00e1z azt emeli ki liturgi\u00e1j\u00e1ban, hogy Krisztus kir\u00e1lys\u00e1ga, amely l\u00e1thatatlanul \u00e1lland\u00f3an megval\u00f3sul az \u0151 h\u00edveiben (\u201eIsten orsz\u00e1ga bennetek van\u201d) az id\u0151k v\u00e9g\u00e9n l\u00e1that\u00f3an is megjelenik \u00e9s az emberis\u00e9g t\u00f6rt\u00e9nelmi \u00fatj\u00e1t teljess\u00e9 teszi, annak \u00e9rtelmet ad.<\/p>\n<p>&nbsp;<\/p>\n<p>H\u00c1LAAD\u00c1S NAPJA<\/p>\n<p>Az Egyes\u00fclt \u00c1llamokban cs\u00fct\u00f6rt\u00f6k\u00f6n, november 28-\u00e1n tartjuk a h\u00e1laad\u00e1s napj\u00e1t (Thanksgiving Day), amely a kar\u00e1csony mellett a legnagyobb amerikai csal\u00e1di \u00fcnnep. A hagyom\u00e1ny eg\u00e9szen az 1620-ban a Mayflower-en \u00e9rkez\u0151 purit\u00e1n kiv\u00e1ndorl\u00f3kig vezethet\u0151 vissza.<\/p>\n<p>&nbsp;<\/p>\n<p><strong>H <\/strong><strong>\u00c1 L A A D \u00c1 S<\/strong><\/p>\n<p>Minden\u00e9rt, amit adt\u00e1l,<br \/>\nMinden\u00e9rt, amit megakad\u00e1lyozt\u00e1l:<\/p>\n<p>H\u00e1la Istennek!<br \/>\nMinden\u00e9rt, amit elvett\u00e9l,<br \/>\nMinden\u00e9rt, amit megengedt\u00e9l: H\u00e1la Istennek!<br \/>\nMinden\u00e9rt, amit megel\u0151zt\u00e9l,<br \/>\nMinden\u00e9rt, amit megbocs\u00e1tott\u00e1l: H\u00e1la Istennek!<br \/>\nA szentmis\u00e9\u00e9rt, amelyen r\u00e9szt vehettem,<br \/>\nS k\u00f6zels\u00e9ged\u00e9rt, amelyben lehettem:<\/p>\n<p>H\u00e1la Istennek!<br \/>\nA hal\u00e1l\u00e9rt, amelyet nekem k\u00e9sz\u00edtett\u00e9l,<br \/>\nA hely\u00e9rt, amelyet nekem a mennyben<\/p>\n<p>tartogatsz: H\u00e1la Istennek!<br \/>\nHogy a Te \u00f6r\u00f6k szeretetedre rendelt\u00e9l:<\/p>\n<p>H\u00e1la Istennek!<\/p>\n<p>&nbsp;<\/p>\n","protected":false},"excerpt":{"rendered":"<p>november 24. KRISZTUS, A MINDENS\u00c9G KIR\u00c1LYA \u00c9VK\u00d6ZI 34. VAS\u00c1RNAP Piusz p\u00e1pa 1925-ben rendelte el az Egyh\u00e1zban Krisztus kir\u00e1lys\u00e1g\u00e1nak \u00fcnnep\u00e9t. D\u00f6nt\u00e9s\u00e9ben a Szent\u00edr\u00e1s tan\u00edt\u00e1s\u00e1ra t\u00e1maszkodott. Izaj\u00e1s pr\u00f3f\u00e9ta megj\u00f6vend\u00f6lte a Megv\u00e1lt\u00f3r\u00f3l: Messzire kiterjed utalma \u00e9s orsz\u00e1g\u00e1ban mindig b\u00e9ke lesz (v\u00f6. Iz 9,6). A zsolt\u00e1rokban pedig azt olvassuk: Uralkodni fog tengert\u0151l tengerig \u00e9s h\u00f3dolnak el\u0151tte a f\u00f6ld lak\u00f3i (v\u00f6. Zsolt 71, 8\u20139). OLVASM\u00c1NY\u00a0\u00a0 \u00a0\u00a0\u00a0\u00a0\u00a0\u00a0\u00a0\u00a0\u00a0\u00a0\u00a0\u00a0\u00a0\u00a0\u00a0\u00a0\u00a0\u00a0\u00a0\u00a0\u00a0\u00a0\u00a0\u00a0\u00a0\u00a0\u00a0\u00a0\u00a0\u00a0\u00a0\u00a0\u00a0\u00a0\u00a0\u00a0\u00a0\u00a0\u00a0\u00a0\u00a0\u00a0\u00a0\u00a0\u00a02 S\u00e1m 5, 1\u20133 Kezdetben a v\u00e1lasztott n\u00e9p Istent tekintette kir\u00e1lynak. K\u00e9s\u0151bb azonban Saul szem\u00e9ly\u00e9ben nekik is lett f\u00f6ldi kir\u00e1lyuk. Saul ut\u00e1n D\u00e1vid k\u00f6vetkezett Isten tr\u00f3nj\u00e1n, aki \u00edg\u00e9retet kapott arra, hogy Isten az \u0151 \u00f6r\u00f6k kir\u00e1lys\u00e1g\u00e1t a D\u00e1vid csal\u00e1dj\u00e1b\u00f3l sz\u00e1rmaz\u00f3 Messi\u00e1s \u00e1ltal gyakorolja majd. V\u00c1LASZOS ZSOLT\u00c1R\u00a0\u00a0\u00a0\u00a0\u00a0\u00a0\u00a0\u00a0\u00a0\u00a0\u00a0\u00a0\u00a0\u00a0\u00a0\u00a0\u00a0\u00a0\u00a0\u00a0\u00a0\u00a0\u00a0\u00a0\u00a0\u00a0\u00a0\u00a0\u00a0\u00a0\u00a0\u00a0\u00a0\u00a0\u00a0\u00a0\u00a0\u00a0 121, 1\u20132. 4\u20135 V\u00e1lasz: Isten h\u00e1z\u00e1ba indulunk, * \u00a0\u00a0\u00a0\u00a0\u00a0\u00a0\u00a0\u00a0\u00a0\u00a0\u00a0\u00a0 \u00f6r\u00f6mt\u0151l dobban a sz\u00edv\u00fcnk. SZENTLECKE\u00a0\u00a0 \u00a0\u00a0\u00a0\u00a0\u00a0\u00a0\u00a0\u00a0\u00a0\u00a0\u00a0\u00a0\u00a0\u00a0\u00a0\u00a0\u00a0\u00a0\u00a0\u00a0\u00a0\u00a0\u00a0\u00a0\u00a0\u00a0\u00a0\u00a0\u00a0\u00a0\u00a0\u00a0\u00a0\u00a0\u00a0\u00a0\u00a0\u00a0\u00a0\u00a0\u00a0\u00a0Kol 1, 12\u201320 Szent P\u00e1l apostol J\u00e9zus els\u0151s\u00e9g\u00e9t hirdeti a teremtett vil\u00e1gban \u00e9s a megv\u00e1lt\u00e1s rendj\u00e9ben egyar\u00e1nt. Az Atya ugyanis \u0151\u00e1ltala teremtette a vil\u00e1got \u00e9s \u0151\u00e1ltala akart kiengesztel\u0151dni az emberis\u00e9ggel. A megv\u00e1lt\u00e1s \u00e9s kiengesztel\u0151d\u00e9s m\u0171v\u00e9t J\u00e9zus Krisztus az Egyh\u00e1z \u00e1ltal folytatja a vil\u00e1gban. ALLELUJA\u00a0\u00a0\u00a0\u00a0\u00a0\u00a0\u00a0\u00a0\u00a0\u00a0\u00a0\u00a0\u00a0\u00a0\u00a0\u00a0\u00a0\u00a0\u00a0\u00a0\u00a0\u00a0\u00a0\u00a0\u00a0\u00a0\u00a0\u00a0\u00a0\u00a0\u00a0\u00a0\u00a0\u00a0\u00a0\u00a0\u00a0\u00a0\u00a0\u00a0\u00a0\u00a0\u00a0\u00a0\u00a0\u00a0\u00a0\u00a0\u00a0\u00a0\u00a0\u00a0\u00a0\u00a0\u00a0\u00a0 Mk 11, 9b\u201310a \u00c1ldott, aki j\u00f6n az \u00dar nev\u00e9ben. * \u00c1ldott legyen D\u00e1vid \u0151saty\u00e1nknak elj\u00f6vend\u0151 orsz\u00e1ga! EVANG\u00c9LIUM \u00a0\u00a0\u00a0\u00a0\u00a0\u00a0\u00a0\u00a0\u00a0\u00a0\u00a0\u00a0\u00a0\u00a0\u00a0\u00a0\u00a0\u00a0\u00a0\u00a0\u00a0\u00a0\u00a0\u00a0\u00a0\u00a0\u00a0\u00a0\u00a0\u00a0\u00a0\u00a0\u00a0\u00a0\u00a0\u00a0\u00a0\u00a0\u00a0\u00a0\u00a0\u00a0\u00a0\u00a0\u00a0\u00a0Lk 23, 35\u201343 J\u00e9zus orsz\u00e1ga nem evil\u00e1gb\u00f3l val\u00f3. Kit\u0171nt ez a kereszten tan\u00fas\u00edtott magatart\u00e1s\u00e1b\u00f3l is: a g\u00fanyol\u00f3d\u00e1sra nem v\u00e1laszol, hatalm\u00e1t nem veszi ig\u00e9nybe, hogy ellens\u00e9geit elhallgattassa. H\u0151siesen gyakorolja a szeretetet: nagylelk\u0171en megbocs\u00e1t ellens\u00e9geinek. AZ EUCHARISZTI\u00c1HOZ Kiv\u00e1lasztott nemzed\u00e9k \u00e9s kir\u00e1lyi paps\u00e1g r\u00e9szesei vagyunk. Ennek tudat\u00e1ban vegy\u00fcnk mindig r\u00e9szt Krisztus Kir\u00e1ly f\u0151papi \u00e1ldozat\u00e1ban. ELM\u00c9LKED\u00c9S\u00a0\u00a0\u00a0\u00a0\u00a0\u00a0\u00a0\u00a0\u00a0\u00a0\u00a0\u00a0\u00a0\u00a0\u00a0\u00a0\u00a0\u00a0\u00a0\u00a0\u00a0\u00a0\u00a0\u00a0\u00a0\u00a0\u00a0\u00a0\u00a0\u00a0\u00a0\u00a0\u00a0\u00a0 \u201eCsod\u00e1latos ez a Kir\u00e1ly, aki lemondott a hatalom minden k\u00fcls\u0151 jel\u00e9r\u0151l, az uralkod\u00e1s, az er\u0151 \u00e9s a g\u0151g minden eszk\u00f6z\u00e9r\u0151l&#8230; K\u00fcl\u00f6nleges Kir\u00e1ly ez! Mennyire v\u00e1gyakoznia kell r\u00e1 a modern embernek, aki belef\u00e1sult a hatalom gyakorlat\u00e1nak olyan rendszereibe, amelyek elnyom\u00e1ssal \u00e9s er\u0151szakkal s\u00fajtj\u00e1k polg\u00e1raikat. Olyan hatalmak ezek, amelyek az ember legbens\u0151bb vil\u00e1g\u00e1t is szab\u00e1lyozni akarj\u00e1k, ideol\u00f3gi\u00e1kat k\u00e9nyszer\u00edtve r\u00e1juk&#8230; Milyen csod\u00e1latos Kir\u00e1ly J\u00e9zus Krisztus, aki eleve elutas\u00edtja az ember&#8230; <\/p>\n<p><a class=\"readmore\" href=\"https:\/\/stuttgarti-katolikusok.de\/index.php\/krisztus-kiraly-vasarnapjara\/\">R\u00e9szletek<\/a><\/p>\n","protected":false},"author":3,"featured_media":0,"comment_status":"closed","ping_status":"closed","sticky":false,"template":"","format":"standard","meta":{"footnotes":""},"categories":[63],"tags":[],"class_list":["post-18023","post","type-post","status-publish","format-standard","hentry","category-vasarnapi-gondolatok"],"yoast_head":"<!-- This site is optimized with the Yoast SEO plugin v27.3 - https:\/\/yoast.com\/product\/yoast-seo-wordpress\/ -->\n<title>Krisztus Kir\u00e1ly vas\u00e1rnapj\u00e1ra - Stuttgarti Katolikusok<\/title>\n<meta name=\"robots\" content=\"index, follow, max-snippet:-1, max-image-preview:large, max-video-preview:-1\" \/>\n<link rel=\"canonical\" href=\"https:\/\/stuttgarti-katolikusok.de\/index.php\/krisztus-kiraly-vasarnapjara\/\" \/>\n<meta property=\"og:locale\" content=\"hu_HU\" \/>\n<meta property=\"og:type\" content=\"article\" \/>\n<meta property=\"og:title\" content=\"Krisztus Kir\u00e1ly vas\u00e1rnapj\u00e1ra - Stuttgarti Katolikusok\" \/>\n<meta property=\"og:description\" content=\"november 24. KRISZTUS, A MINDENS\u00c9G KIR\u00c1LYA \u00c9VK\u00d6ZI 34. VAS\u00c1RNAP Piusz p\u00e1pa 1925-ben rendelte el az Egyh\u00e1zban Krisztus kir\u00e1lys\u00e1g\u00e1nak \u00fcnnep\u00e9t. D\u00f6nt\u00e9s\u00e9ben a Szent\u00edr\u00e1s tan\u00edt\u00e1s\u00e1ra t\u00e1maszkodott. Izaj\u00e1s pr\u00f3f\u00e9ta megj\u00f6vend\u00f6lte a Megv\u00e1lt\u00f3r\u00f3l: Messzire kiterjed utalma \u00e9s orsz\u00e1g\u00e1ban mindig b\u00e9ke lesz (v\u00f6. Iz 9,6). A zsolt\u00e1rokban pedig azt olvassuk: Uralkodni fog tengert\u0151l tengerig \u00e9s h\u00f3dolnak el\u0151tte a f\u00f6ld lak\u00f3i (v\u00f6. Zsolt 71, 8\u20139). OLVASM\u00c1NY\u00a0\u00a0 \u00a0\u00a0\u00a0\u00a0\u00a0\u00a0\u00a0\u00a0\u00a0\u00a0\u00a0\u00a0\u00a0\u00a0\u00a0\u00a0\u00a0\u00a0\u00a0\u00a0\u00a0\u00a0\u00a0\u00a0\u00a0\u00a0\u00a0\u00a0\u00a0\u00a0\u00a0\u00a0\u00a0\u00a0\u00a0\u00a0\u00a0\u00a0\u00a0\u00a0\u00a0\u00a0\u00a0\u00a0\u00a02 S\u00e1m 5, 1\u20133 Kezdetben a v\u00e1lasztott n\u00e9p Istent tekintette kir\u00e1lynak. K\u00e9s\u0151bb azonban Saul szem\u00e9ly\u00e9ben nekik is lett f\u00f6ldi kir\u00e1lyuk. Saul ut\u00e1n D\u00e1vid k\u00f6vetkezett Isten tr\u00f3nj\u00e1n, aki \u00edg\u00e9retet kapott arra, hogy Isten az \u0151 \u00f6r\u00f6k kir\u00e1lys\u00e1g\u00e1t a D\u00e1vid csal\u00e1dj\u00e1b\u00f3l sz\u00e1rmaz\u00f3 Messi\u00e1s \u00e1ltal gyakorolja majd. V\u00c1LASZOS ZSOLT\u00c1R\u00a0\u00a0\u00a0\u00a0\u00a0\u00a0\u00a0\u00a0\u00a0\u00a0\u00a0\u00a0\u00a0\u00a0\u00a0\u00a0\u00a0\u00a0\u00a0\u00a0\u00a0\u00a0\u00a0\u00a0\u00a0\u00a0\u00a0\u00a0\u00a0\u00a0\u00a0\u00a0\u00a0\u00a0\u00a0\u00a0\u00a0\u00a0 121, 1\u20132. 4\u20135 V\u00e1lasz: Isten h\u00e1z\u00e1ba indulunk, * \u00a0\u00a0\u00a0\u00a0\u00a0\u00a0\u00a0\u00a0\u00a0\u00a0\u00a0\u00a0 \u00f6r\u00f6mt\u0151l dobban a sz\u00edv\u00fcnk. SZENTLECKE\u00a0\u00a0 \u00a0\u00a0\u00a0\u00a0\u00a0\u00a0\u00a0\u00a0\u00a0\u00a0\u00a0\u00a0\u00a0\u00a0\u00a0\u00a0\u00a0\u00a0\u00a0\u00a0\u00a0\u00a0\u00a0\u00a0\u00a0\u00a0\u00a0\u00a0\u00a0\u00a0\u00a0\u00a0\u00a0\u00a0\u00a0\u00a0\u00a0\u00a0\u00a0\u00a0\u00a0\u00a0Kol 1, 12\u201320 Szent P\u00e1l apostol J\u00e9zus els\u0151s\u00e9g\u00e9t hirdeti a teremtett vil\u00e1gban \u00e9s a megv\u00e1lt\u00e1s rendj\u00e9ben egyar\u00e1nt. Az Atya ugyanis \u0151\u00e1ltala teremtette a vil\u00e1got \u00e9s \u0151\u00e1ltala akart kiengesztel\u0151dni az emberis\u00e9ggel. A megv\u00e1lt\u00e1s \u00e9s kiengesztel\u0151d\u00e9s m\u0171v\u00e9t J\u00e9zus Krisztus az Egyh\u00e1z \u00e1ltal folytatja a vil\u00e1gban. ALLELUJA\u00a0\u00a0\u00a0\u00a0\u00a0\u00a0\u00a0\u00a0\u00a0\u00a0\u00a0\u00a0\u00a0\u00a0\u00a0\u00a0\u00a0\u00a0\u00a0\u00a0\u00a0\u00a0\u00a0\u00a0\u00a0\u00a0\u00a0\u00a0\u00a0\u00a0\u00a0\u00a0\u00a0\u00a0\u00a0\u00a0\u00a0\u00a0\u00a0\u00a0\u00a0\u00a0\u00a0\u00a0\u00a0\u00a0\u00a0\u00a0\u00a0\u00a0\u00a0\u00a0\u00a0\u00a0\u00a0\u00a0 Mk 11, 9b\u201310a \u00c1ldott, aki j\u00f6n az \u00dar nev\u00e9ben. * \u00c1ldott legyen D\u00e1vid \u0151saty\u00e1nknak elj\u00f6vend\u0151 orsz\u00e1ga! EVANG\u00c9LIUM \u00a0\u00a0\u00a0\u00a0\u00a0\u00a0\u00a0\u00a0\u00a0\u00a0\u00a0\u00a0\u00a0\u00a0\u00a0\u00a0\u00a0\u00a0\u00a0\u00a0\u00a0\u00a0\u00a0\u00a0\u00a0\u00a0\u00a0\u00a0\u00a0\u00a0\u00a0\u00a0\u00a0\u00a0\u00a0\u00a0\u00a0\u00a0\u00a0\u00a0\u00a0\u00a0\u00a0\u00a0\u00a0\u00a0Lk 23, 35\u201343 J\u00e9zus orsz\u00e1ga nem evil\u00e1gb\u00f3l val\u00f3. Kit\u0171nt ez a kereszten tan\u00fas\u00edtott magatart\u00e1s\u00e1b\u00f3l is: a g\u00fanyol\u00f3d\u00e1sra nem v\u00e1laszol, hatalm\u00e1t nem veszi ig\u00e9nybe, hogy ellens\u00e9geit elhallgattassa. H\u0151siesen gyakorolja a szeretetet: nagylelk\u0171en megbocs\u00e1t ellens\u00e9geinek. AZ EUCHARISZTI\u00c1HOZ Kiv\u00e1lasztott nemzed\u00e9k \u00e9s kir\u00e1lyi paps\u00e1g r\u00e9szesei vagyunk. Ennek tudat\u00e1ban vegy\u00fcnk mindig r\u00e9szt Krisztus Kir\u00e1ly f\u0151papi \u00e1ldozat\u00e1ban. ELM\u00c9LKED\u00c9S\u00a0\u00a0\u00a0\u00a0\u00a0\u00a0\u00a0\u00a0\u00a0\u00a0\u00a0\u00a0\u00a0\u00a0\u00a0\u00a0\u00a0\u00a0\u00a0\u00a0\u00a0\u00a0\u00a0\u00a0\u00a0\u00a0\u00a0\u00a0\u00a0\u00a0\u00a0\u00a0\u00a0\u00a0 \u201eCsod\u00e1latos ez a Kir\u00e1ly, aki lemondott a hatalom minden k\u00fcls\u0151 jel\u00e9r\u0151l, az uralkod\u00e1s, az er\u0151 \u00e9s a g\u0151g minden eszk\u00f6z\u00e9r\u0151l&#8230; K\u00fcl\u00f6nleges Kir\u00e1ly ez! Mennyire v\u00e1gyakoznia kell r\u00e1 a modern embernek, aki belef\u00e1sult a hatalom gyakorlat\u00e1nak olyan rendszereibe, amelyek elnyom\u00e1ssal \u00e9s er\u0151szakkal s\u00fajtj\u00e1k polg\u00e1raikat. Olyan hatalmak ezek, amelyek az ember legbens\u0151bb vil\u00e1g\u00e1t is szab\u00e1lyozni akarj\u00e1k, ideol\u00f3gi\u00e1kat k\u00e9nyszer\u00edtve r\u00e1juk&#8230; Milyen csod\u00e1latos Kir\u00e1ly J\u00e9zus Krisztus, aki eleve elutas\u00edtja az ember... R\u00e9szletek\" \/>\n<meta property=\"og:url\" content=\"https:\/\/stuttgarti-katolikusok.de\/index.php\/krisztus-kiraly-vasarnapjara\/\" \/>\n<meta property=\"og:site_name\" content=\"Stuttgarti Katolikusok\" \/>\n<meta property=\"article:published_time\" content=\"2019-11-23T06:23:46+00:00\" \/>\n<meta property=\"article:modified_time\" content=\"2020-04-27T08:37:07+00:00\" \/>\n<meta name=\"author\" content=\"Tibor atya\" \/>\n<meta name=\"twitter:card\" content=\"summary_large_image\" \/>\n<meta name=\"twitter:label1\" content=\"Szerz\u0151:\" \/>\n\t<meta name=\"twitter:data1\" content=\"Tibor atya\" \/>\n\t<meta name=\"twitter:label2\" content=\"Becs\u00fclt olvas\u00e1si id\u0151\" \/>\n\t<meta name=\"twitter:data2\" content=\"5 perc\" \/>\n<script type=\"application\/ld+json\" class=\"yoast-schema-graph\">{\"@context\":\"https:\\\/\\\/schema.org\",\"@graph\":[{\"@type\":\"Article\",\"@id\":\"https:\\\/\\\/stuttgarti-katolikusok.de\\\/index.php\\\/krisztus-kiraly-vasarnapjara\\\/#article\",\"isPartOf\":{\"@id\":\"https:\\\/\\\/stuttgarti-katolikusok.de\\\/index.php\\\/krisztus-kiraly-vasarnapjara\\\/\"},\"author\":{\"name\":\"Tibor atya\",\"@id\":\"https:\\\/\\\/stuttgarti-katolikusok.de\\\/#\\\/schema\\\/person\\\/75908d6f8fdc03a57889d27209df7795\"},\"headline\":\"Krisztus Kir\u00e1ly vas\u00e1rnapj\u00e1ra\",\"datePublished\":\"2019-11-23T06:23:46+00:00\",\"dateModified\":\"2020-04-27T08:37:07+00:00\",\"mainEntityOfPage\":{\"@id\":\"https:\\\/\\\/stuttgarti-katolikusok.de\\\/index.php\\\/krisztus-kiraly-vasarnapjara\\\/\"},\"wordCount\":965,\"articleSection\":[\"Vas\u00e1rnapi gondolatok\"],\"inLanguage\":\"hu\"},{\"@type\":\"WebPage\",\"@id\":\"https:\\\/\\\/stuttgarti-katolikusok.de\\\/index.php\\\/krisztus-kiraly-vasarnapjara\\\/\",\"url\":\"https:\\\/\\\/stuttgarti-katolikusok.de\\\/index.php\\\/krisztus-kiraly-vasarnapjara\\\/\",\"name\":\"Krisztus Kir\u00e1ly vas\u00e1rnapj\u00e1ra - Stuttgarti Katolikusok\",\"isPartOf\":{\"@id\":\"https:\\\/\\\/stuttgarti-katolikusok.de\\\/#website\"},\"datePublished\":\"2019-11-23T06:23:46+00:00\",\"dateModified\":\"2020-04-27T08:37:07+00:00\",\"author\":{\"@id\":\"https:\\\/\\\/stuttgarti-katolikusok.de\\\/#\\\/schema\\\/person\\\/75908d6f8fdc03a57889d27209df7795\"},\"breadcrumb\":{\"@id\":\"https:\\\/\\\/stuttgarti-katolikusok.de\\\/index.php\\\/krisztus-kiraly-vasarnapjara\\\/#breadcrumb\"},\"inLanguage\":\"hu\",\"potentialAction\":[{\"@type\":\"ReadAction\",\"target\":[\"https:\\\/\\\/stuttgarti-katolikusok.de\\\/index.php\\\/krisztus-kiraly-vasarnapjara\\\/\"]}]},{\"@type\":\"BreadcrumbList\",\"@id\":\"https:\\\/\\\/stuttgarti-katolikusok.de\\\/index.php\\\/krisztus-kiraly-vasarnapjara\\\/#breadcrumb\",\"itemListElement\":[{\"@type\":\"ListItem\",\"position\":1,\"name\":\"Kezd\u0151lap\",\"item\":\"https:\\\/\\\/stuttgarti-katolikusok.de\\\/\"},{\"@type\":\"ListItem\",\"position\":2,\"name\":\"Krisztus Kir\u00e1ly vas\u00e1rnapj\u00e1ra\"}]},{\"@type\":\"WebSite\",\"@id\":\"https:\\\/\\\/stuttgarti-katolikusok.de\\\/#website\",\"url\":\"https:\\\/\\\/stuttgarti-katolikusok.de\\\/\",\"name\":\"Stuttgarti Katolikusok\",\"description\":\"\",\"potentialAction\":[{\"@type\":\"SearchAction\",\"target\":{\"@type\":\"EntryPoint\",\"urlTemplate\":\"https:\\\/\\\/stuttgarti-katolikusok.de\\\/?s={search_term_string}\"},\"query-input\":{\"@type\":\"PropertyValueSpecification\",\"valueRequired\":true,\"valueName\":\"search_term_string\"}}],\"inLanguage\":\"hu\"},{\"@type\":\"Person\",\"@id\":\"https:\\\/\\\/stuttgarti-katolikusok.de\\\/#\\\/schema\\\/person\\\/75908d6f8fdc03a57889d27209df7795\",\"name\":\"Tibor atya\",\"image\":{\"@type\":\"ImageObject\",\"inLanguage\":\"hu\",\"@id\":\"https:\\\/\\\/secure.gravatar.com\\\/avatar\\\/61d268e57d1f4525b111222e29d2d5a7f8c420fdbf231ba5566a8ceac74fa960?s=96&d=mm&r=g\",\"url\":\"https:\\\/\\\/secure.gravatar.com\\\/avatar\\\/61d268e57d1f4525b111222e29d2d5a7f8c420fdbf231ba5566a8ceac74fa960?s=96&d=mm&r=g\",\"contentUrl\":\"https:\\\/\\\/secure.gravatar.com\\\/avatar\\\/61d268e57d1f4525b111222e29d2d5a7f8c420fdbf231ba5566a8ceac74fa960?s=96&d=mm&r=g\",\"caption\":\"Tibor atya\"},\"url\":\"https:\\\/\\\/stuttgarti-katolikusok.de\\\/index.php\\\/author\\\/tibor-atya\\\/\"}]}<\/script>\n<!-- \/ Yoast SEO plugin. -->","yoast_head_json":{"title":"Krisztus Kir\u00e1ly vas\u00e1rnapj\u00e1ra - Stuttgarti Katolikusok","robots":{"index":"index","follow":"follow","max-snippet":"max-snippet:-1","max-image-preview":"max-image-preview:large","max-video-preview":"max-video-preview:-1"},"canonical":"https:\/\/stuttgarti-katolikusok.de\/index.php\/krisztus-kiraly-vasarnapjara\/","og_locale":"hu_HU","og_type":"article","og_title":"Krisztus Kir\u00e1ly vas\u00e1rnapj\u00e1ra - Stuttgarti Katolikusok","og_description":"november 24. KRISZTUS, A MINDENS\u00c9G KIR\u00c1LYA \u00c9VK\u00d6ZI 34. VAS\u00c1RNAP Piusz p\u00e1pa 1925-ben rendelte el az Egyh\u00e1zban Krisztus kir\u00e1lys\u00e1g\u00e1nak \u00fcnnep\u00e9t. D\u00f6nt\u00e9s\u00e9ben a Szent\u00edr\u00e1s tan\u00edt\u00e1s\u00e1ra t\u00e1maszkodott. Izaj\u00e1s pr\u00f3f\u00e9ta megj\u00f6vend\u00f6lte a Megv\u00e1lt\u00f3r\u00f3l: Messzire kiterjed utalma \u00e9s orsz\u00e1g\u00e1ban mindig b\u00e9ke lesz (v\u00f6. Iz 9,6). A zsolt\u00e1rokban pedig azt olvassuk: Uralkodni fog tengert\u0151l tengerig \u00e9s h\u00f3dolnak el\u0151tte a f\u00f6ld lak\u00f3i (v\u00f6. Zsolt 71, 8\u20139). OLVASM\u00c1NY\u00a0\u00a0 \u00a0\u00a0\u00a0\u00a0\u00a0\u00a0\u00a0\u00a0\u00a0\u00a0\u00a0\u00a0\u00a0\u00a0\u00a0\u00a0\u00a0\u00a0\u00a0\u00a0\u00a0\u00a0\u00a0\u00a0\u00a0\u00a0\u00a0\u00a0\u00a0\u00a0\u00a0\u00a0\u00a0\u00a0\u00a0\u00a0\u00a0\u00a0\u00a0\u00a0\u00a0\u00a0\u00a0\u00a0\u00a02 S\u00e1m 5, 1\u20133 Kezdetben a v\u00e1lasztott n\u00e9p Istent tekintette kir\u00e1lynak. K\u00e9s\u0151bb azonban Saul szem\u00e9ly\u00e9ben nekik is lett f\u00f6ldi kir\u00e1lyuk. Saul ut\u00e1n D\u00e1vid k\u00f6vetkezett Isten tr\u00f3nj\u00e1n, aki \u00edg\u00e9retet kapott arra, hogy Isten az \u0151 \u00f6r\u00f6k kir\u00e1lys\u00e1g\u00e1t a D\u00e1vid csal\u00e1dj\u00e1b\u00f3l sz\u00e1rmaz\u00f3 Messi\u00e1s \u00e1ltal gyakorolja majd. V\u00c1LASZOS ZSOLT\u00c1R\u00a0\u00a0\u00a0\u00a0\u00a0\u00a0\u00a0\u00a0\u00a0\u00a0\u00a0\u00a0\u00a0\u00a0\u00a0\u00a0\u00a0\u00a0\u00a0\u00a0\u00a0\u00a0\u00a0\u00a0\u00a0\u00a0\u00a0\u00a0\u00a0\u00a0\u00a0\u00a0\u00a0\u00a0\u00a0\u00a0\u00a0\u00a0 121, 1\u20132. 4\u20135 V\u00e1lasz: Isten h\u00e1z\u00e1ba indulunk, * \u00a0\u00a0\u00a0\u00a0\u00a0\u00a0\u00a0\u00a0\u00a0\u00a0\u00a0\u00a0 \u00f6r\u00f6mt\u0151l dobban a sz\u00edv\u00fcnk. SZENTLECKE\u00a0\u00a0 \u00a0\u00a0\u00a0\u00a0\u00a0\u00a0\u00a0\u00a0\u00a0\u00a0\u00a0\u00a0\u00a0\u00a0\u00a0\u00a0\u00a0\u00a0\u00a0\u00a0\u00a0\u00a0\u00a0\u00a0\u00a0\u00a0\u00a0\u00a0\u00a0\u00a0\u00a0\u00a0\u00a0\u00a0\u00a0\u00a0\u00a0\u00a0\u00a0\u00a0\u00a0\u00a0Kol 1, 12\u201320 Szent P\u00e1l apostol J\u00e9zus els\u0151s\u00e9g\u00e9t hirdeti a teremtett vil\u00e1gban \u00e9s a megv\u00e1lt\u00e1s rendj\u00e9ben egyar\u00e1nt. Az Atya ugyanis \u0151\u00e1ltala teremtette a vil\u00e1got \u00e9s \u0151\u00e1ltala akart kiengesztel\u0151dni az emberis\u00e9ggel. A megv\u00e1lt\u00e1s \u00e9s kiengesztel\u0151d\u00e9s m\u0171v\u00e9t J\u00e9zus Krisztus az Egyh\u00e1z \u00e1ltal folytatja a vil\u00e1gban. ALLELUJA\u00a0\u00a0\u00a0\u00a0\u00a0\u00a0\u00a0\u00a0\u00a0\u00a0\u00a0\u00a0\u00a0\u00a0\u00a0\u00a0\u00a0\u00a0\u00a0\u00a0\u00a0\u00a0\u00a0\u00a0\u00a0\u00a0\u00a0\u00a0\u00a0\u00a0\u00a0\u00a0\u00a0\u00a0\u00a0\u00a0\u00a0\u00a0\u00a0\u00a0\u00a0\u00a0\u00a0\u00a0\u00a0\u00a0\u00a0\u00a0\u00a0\u00a0\u00a0\u00a0\u00a0\u00a0\u00a0\u00a0 Mk 11, 9b\u201310a \u00c1ldott, aki j\u00f6n az \u00dar nev\u00e9ben. * \u00c1ldott legyen D\u00e1vid \u0151saty\u00e1nknak elj\u00f6vend\u0151 orsz\u00e1ga! EVANG\u00c9LIUM \u00a0\u00a0\u00a0\u00a0\u00a0\u00a0\u00a0\u00a0\u00a0\u00a0\u00a0\u00a0\u00a0\u00a0\u00a0\u00a0\u00a0\u00a0\u00a0\u00a0\u00a0\u00a0\u00a0\u00a0\u00a0\u00a0\u00a0\u00a0\u00a0\u00a0\u00a0\u00a0\u00a0\u00a0\u00a0\u00a0\u00a0\u00a0\u00a0\u00a0\u00a0\u00a0\u00a0\u00a0\u00a0\u00a0Lk 23, 35\u201343 J\u00e9zus orsz\u00e1ga nem evil\u00e1gb\u00f3l val\u00f3. Kit\u0171nt ez a kereszten tan\u00fas\u00edtott magatart\u00e1s\u00e1b\u00f3l is: a g\u00fanyol\u00f3d\u00e1sra nem v\u00e1laszol, hatalm\u00e1t nem veszi ig\u00e9nybe, hogy ellens\u00e9geit elhallgattassa. H\u0151siesen gyakorolja a szeretetet: nagylelk\u0171en megbocs\u00e1t ellens\u00e9geinek. AZ EUCHARISZTI\u00c1HOZ Kiv\u00e1lasztott nemzed\u00e9k \u00e9s kir\u00e1lyi paps\u00e1g r\u00e9szesei vagyunk. Ennek tudat\u00e1ban vegy\u00fcnk mindig r\u00e9szt Krisztus Kir\u00e1ly f\u0151papi \u00e1ldozat\u00e1ban. ELM\u00c9LKED\u00c9S\u00a0\u00a0\u00a0\u00a0\u00a0\u00a0\u00a0\u00a0\u00a0\u00a0\u00a0\u00a0\u00a0\u00a0\u00a0\u00a0\u00a0\u00a0\u00a0\u00a0\u00a0\u00a0\u00a0\u00a0\u00a0\u00a0\u00a0\u00a0\u00a0\u00a0\u00a0\u00a0\u00a0\u00a0 \u201eCsod\u00e1latos ez a Kir\u00e1ly, aki lemondott a hatalom minden k\u00fcls\u0151 jel\u00e9r\u0151l, az uralkod\u00e1s, az er\u0151 \u00e9s a g\u0151g minden eszk\u00f6z\u00e9r\u0151l&#8230; K\u00fcl\u00f6nleges Kir\u00e1ly ez! Mennyire v\u00e1gyakoznia kell r\u00e1 a modern embernek, aki belef\u00e1sult a hatalom gyakorlat\u00e1nak olyan rendszereibe, amelyek elnyom\u00e1ssal \u00e9s er\u0151szakkal s\u00fajtj\u00e1k polg\u00e1raikat. Olyan hatalmak ezek, amelyek az ember legbens\u0151bb vil\u00e1g\u00e1t is szab\u00e1lyozni akarj\u00e1k, ideol\u00f3gi\u00e1kat k\u00e9nyszer\u00edtve r\u00e1juk&#8230; Milyen csod\u00e1latos Kir\u00e1ly J\u00e9zus Krisztus, aki eleve elutas\u00edtja az ember... R\u00e9szletek","og_url":"https:\/\/stuttgarti-katolikusok.de\/index.php\/krisztus-kiraly-vasarnapjara\/","og_site_name":"Stuttgarti Katolikusok","article_published_time":"2019-11-23T06:23:46+00:00","article_modified_time":"2020-04-27T08:37:07+00:00","author":"Tibor atya","twitter_card":"summary_large_image","twitter_misc":{"Szerz\u0151:":"Tibor atya","Becs\u00fclt olvas\u00e1si id\u0151":"5 perc"},"schema":{"@context":"https:\/\/schema.org","@graph":[{"@type":"Article","@id":"https:\/\/stuttgarti-katolikusok.de\/index.php\/krisztus-kiraly-vasarnapjara\/#article","isPartOf":{"@id":"https:\/\/stuttgarti-katolikusok.de\/index.php\/krisztus-kiraly-vasarnapjara\/"},"author":{"name":"Tibor atya","@id":"https:\/\/stuttgarti-katolikusok.de\/#\/schema\/person\/75908d6f8fdc03a57889d27209df7795"},"headline":"Krisztus Kir\u00e1ly vas\u00e1rnapj\u00e1ra","datePublished":"2019-11-23T06:23:46+00:00","dateModified":"2020-04-27T08:37:07+00:00","mainEntityOfPage":{"@id":"https:\/\/stuttgarti-katolikusok.de\/index.php\/krisztus-kiraly-vasarnapjara\/"},"wordCount":965,"articleSection":["Vas\u00e1rnapi gondolatok"],"inLanguage":"hu"},{"@type":"WebPage","@id":"https:\/\/stuttgarti-katolikusok.de\/index.php\/krisztus-kiraly-vasarnapjara\/","url":"https:\/\/stuttgarti-katolikusok.de\/index.php\/krisztus-kiraly-vasarnapjara\/","name":"Krisztus Kir\u00e1ly vas\u00e1rnapj\u00e1ra - Stuttgarti Katolikusok","isPartOf":{"@id":"https:\/\/stuttgarti-katolikusok.de\/#website"},"datePublished":"2019-11-23T06:23:46+00:00","dateModified":"2020-04-27T08:37:07+00:00","author":{"@id":"https:\/\/stuttgarti-katolikusok.de\/#\/schema\/person\/75908d6f8fdc03a57889d27209df7795"},"breadcrumb":{"@id":"https:\/\/stuttgarti-katolikusok.de\/index.php\/krisztus-kiraly-vasarnapjara\/#breadcrumb"},"inLanguage":"hu","potentialAction":[{"@type":"ReadAction","target":["https:\/\/stuttgarti-katolikusok.de\/index.php\/krisztus-kiraly-vasarnapjara\/"]}]},{"@type":"BreadcrumbList","@id":"https:\/\/stuttgarti-katolikusok.de\/index.php\/krisztus-kiraly-vasarnapjara\/#breadcrumb","itemListElement":[{"@type":"ListItem","position":1,"name":"Kezd\u0151lap","item":"https:\/\/stuttgarti-katolikusok.de\/"},{"@type":"ListItem","position":2,"name":"Krisztus Kir\u00e1ly vas\u00e1rnapj\u00e1ra"}]},{"@type":"WebSite","@id":"https:\/\/stuttgarti-katolikusok.de\/#website","url":"https:\/\/stuttgarti-katolikusok.de\/","name":"Stuttgarti Katolikusok","description":"","potentialAction":[{"@type":"SearchAction","target":{"@type":"EntryPoint","urlTemplate":"https:\/\/stuttgarti-katolikusok.de\/?s={search_term_string}"},"query-input":{"@type":"PropertyValueSpecification","valueRequired":true,"valueName":"search_term_string"}}],"inLanguage":"hu"},{"@type":"Person","@id":"https:\/\/stuttgarti-katolikusok.de\/#\/schema\/person\/75908d6f8fdc03a57889d27209df7795","name":"Tibor atya","image":{"@type":"ImageObject","inLanguage":"hu","@id":"https:\/\/secure.gravatar.com\/avatar\/61d268e57d1f4525b111222e29d2d5a7f8c420fdbf231ba5566a8ceac74fa960?s=96&d=mm&r=g","url":"https:\/\/secure.gravatar.com\/avatar\/61d268e57d1f4525b111222e29d2d5a7f8c420fdbf231ba5566a8ceac74fa960?s=96&d=mm&r=g","contentUrl":"https:\/\/secure.gravatar.com\/avatar\/61d268e57d1f4525b111222e29d2d5a7f8c420fdbf231ba5566a8ceac74fa960?s=96&d=mm&r=g","caption":"Tibor atya"},"url":"https:\/\/stuttgarti-katolikusok.de\/index.php\/author\/tibor-atya\/"}]}},"_links":{"self":[{"href":"https:\/\/stuttgarti-katolikusok.de\/index.php\/wp-json\/wp\/v2\/posts\/18023","targetHints":{"allow":["GET"]}}],"collection":[{"href":"https:\/\/stuttgarti-katolikusok.de\/index.php\/wp-json\/wp\/v2\/posts"}],"about":[{"href":"https:\/\/stuttgarti-katolikusok.de\/index.php\/wp-json\/wp\/v2\/types\/post"}],"author":[{"embeddable":true,"href":"https:\/\/stuttgarti-katolikusok.de\/index.php\/wp-json\/wp\/v2\/users\/3"}],"replies":[{"embeddable":true,"href":"https:\/\/stuttgarti-katolikusok.de\/index.php\/wp-json\/wp\/v2\/comments?post=18023"}],"version-history":[{"count":3,"href":"https:\/\/stuttgarti-katolikusok.de\/index.php\/wp-json\/wp\/v2\/posts\/18023\/revisions"}],"predecessor-version":[{"id":18027,"href":"https:\/\/stuttgarti-katolikusok.de\/index.php\/wp-json\/wp\/v2\/posts\/18023\/revisions\/18027"}],"wp:attachment":[{"href":"https:\/\/stuttgarti-katolikusok.de\/index.php\/wp-json\/wp\/v2\/media?parent=18023"}],"wp:term":[{"taxonomy":"category","embeddable":true,"href":"https:\/\/stuttgarti-katolikusok.de\/index.php\/wp-json\/wp\/v2\/categories?post=18023"},{"taxonomy":"post_tag","embeddable":true,"href":"https:\/\/stuttgarti-katolikusok.de\/index.php\/wp-json\/wp\/v2\/tags?post=18023"}],"curies":[{"name":"wp","href":"https:\/\/api.w.org\/{rel}","templated":true}]}}