{"id":17851,"date":"2019-10-31T06:17:32","date_gmt":"2019-10-31T06:17:32","guid":{"rendered":"https:\/\/gracious-dewdney.138-201-221-2.plesk.page\/?p=17851"},"modified":"2020-04-27T08:40:07","modified_gmt":"2020-04-27T08:40:07","slug":"evkozi-31-32-es-33-vasarnapra","status":"publish","type":"post","link":"https:\/\/stuttgarti-katolikusok.de\/index.php\/evkozi-31-32-es-33-vasarnapra\/","title":{"rendered":"\u00c9vk\u00f6zi 31., 32. \u00e9s 33. vas\u00e1rnapra"},"content":{"rendered":"<h2>2019. november 3.<\/h2>\n<p><strong>\u00c9VK\u00d6ZI 31. VAS\u00c1RNAP<\/strong><\/p>\n<p><strong>+ Szent Andr\u00e1s hava +<\/strong><\/p>\n<p>&nbsp;<\/p>\n<p>Minden ember r\u00e1szorul Isten irgalm\u00e1ra. Neki k\u00f6sz\u00f6nhetj\u00fck l\u00e9tez\u00e9s\u00fcnket. N\u00e9lk\u00fcle egy l\u00e9p\u00e9st sem tudn\u00e1nk tenni a t\u00f6k\u00e9letess\u00e9g \u00fatj\u00e1n. Ha pedig elest\u00fcnk, a b\u0171n \u00fatj\u00e1ra l\u00e9pt\u00fcnk, t\u0151le v\u00e1rhatjuk a megt\u00e9r\u00e9s, a kiengesztel\u0151d\u00e9s kegyelm\u00e9t.<\/p>\n<p><strong>OLVASM\u00c1NY\u00a0 <\/strong>\u00a0\u00a0\u00a0\u00a0\u00a0\u00a0\u00a0\u00a0\u00a0\u00a0\u00a0\u00a0\u00a0\u00a0\u00a0\u00a0\u00a0\u00a0\u00a0\u00a0\u00a0\u00a0\u00a0\u00a0\u00a0\u00a0\u00a0\u00a0\u00a0\u00a0\u00a0\u00a0\u00a0\u00a0\u00a0<em>B\u00f6lcs 11, 22 \u2013 12, 2<\/em><\/p>\n<p>Isten szereti mindazt, amit alkotott. Minden teremtm\u00e9ny\u00e9nek sors\u00e1t sz\u00edv\u00e9n viseli. A gyenge sz\u00e1m\u00edthat arra, hogy felkarolja. M\u00e9g a b\u0171n\u00f6s is b\u00edzhat abban, hogy Isten gondol r\u00e1. Nem akarja ugyanis, hogy b\u0171nnel a veszt\u00e9t okozz\u00e1k. Ink\u00e1bb azt akarja, hogy megt\u00e9rjen \u00e9s \u00e9ljen.<\/p>\n<p>&nbsp;<\/p>\n<p><strong>V\u00c1LASZOS ZSOLT\u00c1R\u00a0\u00a0\u00a0\u00a0\u00a0\u00a0 <\/strong><em>144, 1\u20132. 8\u20139. 10\u201311. 13cd\u201314<\/em><\/p>\n<p><strong>V\u00e1lasz: Istenem \u00e9s kir\u00e1lyom, magasztallak t<u>\u00e9<\/u>ged, * <\/strong><\/p>\n<p><strong>\u00a0\u00a0\u00a0\u00a0\u00a0\u00a0\u00a0\u00a0\u00a0\u00a0\u00a0\u00a0 szent nevedet \u00e1ldom <u>\u00f6<\/u>r\u00f6kk\u00f6n<\/strong><strong>&#8211;<\/strong><strong>\u00f6r\u00f6kk\u00e9.<\/strong><\/p>\n<p>&nbsp;<\/p>\n<p><strong>SZENTLECKE\u00a0 <\/strong>\u00a0\u00a0\u00a0\u00a0\u00a0\u00a0\u00a0\u00a0\u00a0\u00a0\u00a0\u00a0\u00a0\u00a0\u00a0\u00a0\u00a0\u00a0\u00a0\u00a0\u00a0\u00a0\u00a0\u00a0\u00a0\u00a0\u00a0\u00a0\u00a0\u00a0\u00a0\u00a0\u00a0\u00a0\u00a0\u00a0\u00a0<em>2 Tessz 1, 11 \u2013 2, 2<\/em><\/p>\n<p>Sokan megalapozatlan \u00e1br\u00e1ndoz\u00e1ssal, \u00e9s egy\u00e9ni j\u00e1mborkod\u00e1ssal pr\u00f3b\u00e1lj\u00e1k leplezni az \u00e9letben val\u00f3 helyt\u00e1ll\u00e1s hi\u00e1ny\u00e1t. Az Apostol ez\u00e9rt mondja: Krisztus azt v\u00e1rja t\u0151l\u00fcnk, hogy h\u0171s\u00e9ges k\u00f6teless\u00e9gteljes\u00edt\u00e9ssel dics\u0151\u00edts\u00fck meg \u0151t. En\u00e9lk\u00fcl nem v\u00e1rhatunk t\u0151le jutalmat..<\/p>\n<p><strong>ALLELUJA<\/strong>\u00a0\u00a0\u00a0\u00a0\u00a0\u00a0\u00a0\u00a0\u00a0\u00a0\u00a0\u00a0\u00a0\u00a0\u00a0\u00a0\u00a0\u00a0\u00a0\u00a0\u00a0\u00a0\u00a0\u00a0\u00a0\u00a0\u00a0\u00a0\u00a0\u00a0\u00a0\u00a0\u00a0\u00a0\u00a0\u00a0\u00a0\u00a0\u00a0\u00a0\u00a0\u00a0\u00a0\u00a0\u00a0\u00a0\u00a0\u00a0\u00a0\u00a0\u00a0\u00a0\u00a0\u00a0\u00a0\u00a0\u00a0\u00a0\u00a0\u00a0\u00a0\u00a0\u00a0\u00a0\u00a0\u00a0\u00a0\u00a0\u00a0 <em>Jn 3, 16 <\/em><\/p>\n<p>Isten \u00fagy szerette a vil\u00e1got, hogy egysz\u00fcl\u00f6tt Fi\u00e1t adta \u00e9rte, * hogy \u00f6r\u00f6kk\u00e9 \u00e9ljen minden \u0151benne h\u00edv\u0151.<\/p>\n<p><strong>EVANG\u00c9LIUM<\/strong> \u00a0\u00a0\u00a0\u00a0\u00a0\u00a0\u00a0\u00a0\u00a0\u00a0\u00a0\u00a0\u00a0\u00a0\u00a0\u00a0\u00a0\u00a0\u00a0\u00a0\u00a0\u00a0\u00a0\u00a0\u00a0\u00a0\u00a0\u00a0\u00a0\u00a0\u00a0\u00a0\u00a0\u00a0\u00a0\u00a0\u00a0\u00a0\u00a0\u00a0\u00a0\u00a0\u00a0\u00a0\u00a0\u00a0\u00a0\u00a0<em>Lk 19, 1\u201310<\/em><\/p>\n<p>J\u00e9zus el\u0151legezte a bizalm\u00e1t Zakeusnak. \u0150 h\u00e1l\u00e1s volt ez\u00e9rt, \u00e9s J\u00e9zus nagylelk\u0171s\u00e9g\u00e9t megt\u00e9r\u00e9ssel viszonozta. Nek\u00fcnk is rem\u00e9nykedn\u00fcnk kell az el\u0151legezett bizalom \u00e9s nagylelk\u0171s\u00e9g hat\u00e1s\u00e1ban. Aki apostoli munk\u00e1ja k\u00f6zben nem mer kock\u00e1zatot v\u00e1llalni, az nem b\u00edzik Isten kegyelm\u00e9nek erej\u00e9ben. Pedig \u0151 az\u00e9rt j\u00f6tt, hogy megkeresse \u00e9s \u00fcdv\u00f6z\u00edtse, ami elveszett.<\/p>\n<p><strong>AZ EUCHARISZTI\u00c1HOZ\u00a0 <\/strong><\/p>\n<p>Neked k\u00f6sz\u00f6nhetj\u00fck, Urunk, hogy f\u00f6ldi zar\u00e1ndokutunkon nem f\u00e1radunk el \u00e9s nem vesz\u00edtj\u00fck el kedv\u00fcnket.<\/p>\n<p><strong>ELM\u00c9LKED\u00c9S<\/strong><\/p>\n<p>Adj nekem, Uram, \u00e9ber sz\u00edvet, amelyet k\u00f6nnyelm\u0171 gondolat nem t\u00e9r\u00edt el t\u0151led. Adj nemes sz\u00edvet, amelyet m\u00e9ltatlan szenved\u00e9ly nem tud lealacsony\u00edtani. Egyenes \u00e9s b\u00e1tor sz\u00edvet, amelyet k\u00f6z\u00f6ns\u00e9ges t\u00f6rekv\u00e9sek nem vezethetnek t\u00e9v\u00fatra. Er\u0151s sz\u00edvet, amelyet szomor\u00fas\u00e1g nem tud let\u00f6rni. Szabad sz\u00edvet, amelyet alantas \u00e9s rossz v\u00e1gyak nem k\u00f6tnek g\u00fazsba.\u00a0\u00a0\u00a0\u00a0\u00a0\u00a0\u00a0\u00a0\u00a0\u00a0\u00a0\u00a0\u00a0\u00a0\u00a0\u00a0\u00a0\u00a0\u00a0\u00a0\u00a0\u00a0\u00a0\u00a0 <em>Aquin\u00f3i Szent Tam\u00e1s<\/em><\/p>\n<p>&nbsp;<\/p>\n<p>IM\u00c1DS\u00c1G ELHUNYT SZERETTEINK\u00c9RT<\/p>\n<p><strong>November a halottak h\u00f3napja<\/strong><\/p>\n<p>Isten, kegyelmek osztogat\u00f3ja, az emberek \u00fcdv\u00f6ss\u00e9g\u00e9nek szeret\u0151je, k\u00e9rem kegyess\u00e9gedet, hogy \u00e9desany\u00e1m, \u00e9desap\u00e1m, testv\u00e9rem, gyermekem, rokonom, bar\u00e1tom, j\u00f3tev\u0151m&#8230;, akik e vil\u00e1gb\u00f3l elt\u00e1voztak, a Boldogs\u00e1gos Sz\u0171z M\u00e1ri\u00e1nak \u00e9s minden szentednek k\u00f6zbenj\u00e1r\u00e1s\u00e1ra az \u00f6r\u00f6k boldogs\u00e1g oszt\u00e1lyr\u00e9sz\u00e9t elnyerhess\u00e9k. A mi Urunk, J\u00e9zus Krisztus \u00e1ltal. Amen.<\/p>\n<p>&nbsp;<\/p>\n<p>TESTV\u00c9REINK, A SZENTEK<\/p>\n<p><strong>November 4.<\/strong> <em>Borromeo Szent K\u00e1roly<\/em> p\u00fcsp\u00f6k \u00fcnnepe. Mil\u00e1n\u00f3 \u00e9rseke, igazi p\u00e1sztor egyh\u00e1zmegy\u00e9je gondoz\u00e1s\u00e1ban, l\u00e1togat\u00e1s\u00e1ban. A tridenti zsinat hat\u00e1rozatainak megval\u00f3s\u00edt\u00f3ja, a reform\u00e1ci\u00f3 ut\u00e1n az Egyh\u00e1z egyik \u00fajj\u00e1\u00e9p\u00edt\u0151je. + 1584.<\/p>\n<p><strong>November 5.<\/strong> <em>Szent Imre<\/em> herceg \u00fcnnepe. Szent Istv\u00e1n kir\u00e1lyunk fia, aki m\u00e9lt\u00f3 ut\u00f3dj\u00e1nak \u00edg\u00e9rkezett. H\u00e1zass\u00e1g\u00e1t \u00f6ssze tudta egyeztetni az \u00f6nk\u00e9nt v\u00e1llalt evang\u00e9liumi tan\u00e1cs, a sz\u0171zi tisztas\u00e1g megtart\u00e1s\u00e1val. Hal\u00e1la trag\u00e9dia volt apj\u00e1ra \u00e9s nemzet\u00e9re n\u00e9zve, de a magyar ifj\u00fas\u00e1g \u00e9gi p\u00e1rtfog\u00f3t nyert benne. Az evang\u00e9liumi tan\u00e1csok tisztelet\u00e9t is tan\u00edtja a ma ember\u00e9nek.<\/p>\n<p><em>Boldog f\u00e9rfi\u00fa, Szent Imre herceg, aki \u00fagy ragyog, mint a nap az \u00e9gen. A halhatatlans\u00e1g aj\u00e1nd\u00e9k\u00e1t mag\u00e1hoz \u00f6lelve m\u00e1r a mennyei paradicsomban \u00f6rvendezik \u00f6r\u00f6kk\u00e9.<\/em><\/p>\n<p>&nbsp;<\/p>\n<p>SZENT IMRE IM\u00c1JA<\/p>\n<p>\u00daristen, te az eg\u00e9sz vil\u00e1g Gondvisel\u0151je vagy. Te adsz er\u0151t a gyenge embernek, a te kezedben van a fejedelmek lelke. Te hatalmasabb vagy minden f\u00f6ldi kir\u00e1lyn\u00e1l. T\u00e9gy velem tetsz\u00e9sed szerint.<\/p>\n<p>&nbsp;<\/p>\n<p>A LATER\u00c1NI-BAZILIKA FELSZENTEL\u00c9SE<\/p>\n<p><strong>\u00dcnnep: November 9.<\/strong><\/p>\n<p>A Later\u00e1ni Keresztel\u0151 Szent J\u00e1nos-f\u0151sz\u00e9kesegyh\u00e1z \u2013 Basilica di San Giovanni in Laterano \u2013 a r\u00f3mai p\u00fcsp\u00f6ks\u00e9g katedr\u00e1lisa, R\u00f3ma p\u00fcsp\u00f6ke, azaz a p\u00e1pa c\u00edmtemploma. A V\u00e1ros (R\u00f3ma) \u00e9s a f\u00f6ldkereks\u00e9g minden templom\u00e1nak anyja \u00e9s feje \u2013 olvashat\u00f3 a homlokzat\u00e1n. Az egyh\u00e1z november 9-\u00e9n eml\u00e9kezik meg felszentel\u00e9s\u00e9r\u0151l.<\/p>\n<p>Hivatalos neve ma is az \u00dcdv\u00f6z\u00edt\u0151 temploma, de a IX. sz\u00e1zadban II. Sergius p\u00e1pa Keresztel\u0151 Szent J\u00e1nost, majd a XII. sz\u00e1zadban II. Lucius p\u00e1pa Szent J\u00e1nos apostolt a bazilika v\u00e9d\u0151szentj\u00e9v\u00e9 nyilv\u00e1n\u00edtotta. \u00cdgy lett a n\u00e9p nyelv\u00e9n Szent J\u00e1nos-bazilika.<\/p>\n<p>A nyugati egyh\u00e1zban a P\u00e9ter katedr\u00e1ja ir\u00e1nti szeretet \u00e9s a benne val\u00f3 egys\u00e9g jele lett az \u00fcnnep. A later\u00e1ni n\u00e9v egy \u0151si r\u00f3mai csal\u00e1d eml\u00e9k\u00e9t \u0151rzi, mert ezen a helyen \u00e1llt a Lateranus csal\u00e1d palot\u00e1ja.<\/p>\n<p>A XII. sz\u00e1zad \u00f3ta \u00e9l az a hagyom\u00e1ny, amely ezen a napon tartja a bazilika \u00fcnnep\u00e9t. Ez a nap eleinte R\u00f3ma saj\u00e1t \u00fcnnepe volt, majd a bazilika ir\u00e1nti tisztelet az \u00fcnnepet az eg\u00e9sz Egyh\u00e1zra kiterjesztette.<\/p>\n<p>A later\u00e1ni Szent J\u00e1nos sz\u00e9kesegyh\u00e1zban tal\u00e1lhat\u00f3 Giotto h\u00edres fresk\u00f3ja, amely VIII. Bonif\u00e1c p\u00e1p\u00e1t \u00e1br\u00e1zolja, amint meghirdeti az els\u0151 szent\u00e9vet 1300-ban. A bazilika magyar vonatkoz\u00e1s\u00fa eml\u00e9ke a jobboldali m\u00e1sodik oszlopon tal\u00e1lhat\u00f3. Az eml\u00e9kt\u00e1bl\u00e1t annak tisztelet\u00e9re helyezt\u00e9k el, hogy 1000-ben II. Szilveszter p\u00e1pa koron\u00e1t k\u00fcld\u00f6tt orsz\u00e1galap\u00edt\u00f3 Szent Istv\u00e1n kir\u00e1lyunknak.<\/p>\n<p><strong>+\u00a0 + \u00a0+<\/strong><\/p>\n<p>&nbsp;<\/p>\n<h2>2019. november 10.<\/h2>\n<p><strong>\u00c9VK\u00d6ZI 32. VAS\u00c1RNAP<\/strong><\/p>\n<p><strong>+ Szent Andr\u00e1s hava +<\/strong><\/p>\n<p>&nbsp;<\/p>\n<p>A hal\u00e1l ut\u00e1ni \u00e9let mindig foglalkoztatta az embereket. A k\u00fczdelemnek, a harcnak, s f\u0151leg a szenved\u00e9snek az ad igaz\u00e1n \u00e9rtelmet, hogy van mennyorsz\u00e1g, ahol Isten megjutalmazza azokat, akik becs\u00fclettel, tisztess\u00e9ggel szolg\u00e1ltak neki a f\u00f6ldi \u00e9letben.<\/p>\n<p><strong>OLVASM\u00c1NY\u00a0 <\/strong>\u00a0\u00a0\u00a0\u00a0\u00a0\u00a0\u00a0\u00a0\u00a0\u00a0\u00a0\u00a0\u00a0\u00a0\u00a0\u00a0\u00a0\u00a0\u00a0\u00a0\u00a0\u00a0\u00a0\u00a0\u00a0\u00a0\u00a0\u00a0\u00a0\u00a0\u00a0\u00a0\u00a0\u00a0<em>2 Makk 7, 1\u20132. 9\u201314<\/em><\/p>\n<p>Az erk\u00f6lcsi helyt\u00e1ll\u00e1s \u00e9s hitben val\u00f3 kitart\u00e1s v\u00e9gs\u0151 ind\u00edt\u00e9ka csak ez lehet: Isten a t\u00falvil\u00e1gon is tud jutalmazni vagy b\u00fcntetni. A f\u00f6ldi igazs\u00e1gszolg\u00e1ltat\u00e1st f\u00e9lre lehet vezetni, ki lehet j\u00e1tszani. Az Isten el\u0151tti sz\u00e1mad\u00e1st azonban senki el nem ker\u00fclheti.<\/p>\n<p><strong>V\u00c1LASZOS ZSOLT\u00c1R\u00a0\u00a0\u00a0\u00a0\u00a0\u00a0\u00a0\u00a0\u00a0\u00a0\u00a0\u00a0\u00a0\u00a0\u00a0\u00a0\u00a0\u00a0\u00a0\u00a0\u00a0\u00a0\u00a0\u00a0\u00a0\u00a0\u00a0 <\/strong><em>16, 1. 5\u20136. 8b \u00e9s 15<\/em><\/p>\n<p><strong>V\u00e1lasz: Bet\u00f6lt engem sz\u00edned l<u>\u00e1<\/u>t\u00e1sa, *<\/strong><\/p>\n<p><strong>\u00a0\u00a0\u00a0\u00a0\u00a0\u00a0\u00a0\u00a0\u00a0\u00a0\u00a0\u00a0\u00a0 mid\u0151n fel<u>\u00e9<\/u>bredek, Uram.<\/strong><\/p>\n<p><strong>SZENTLECKE\u00a0\u00a0 <\/strong><strong>\u00a0<\/strong>\u00a0\u00a0\u00a0\u00a0\u00a0\u00a0\u00a0\u00a0\u00a0\u00a0\u00a0\u00a0\u00a0\u00a0\u00a0\u00a0\u00a0\u00a0\u00a0\u00a0\u00a0\u00a0\u00a0\u00a0\u00a0\u00a0\u00a0\u00a0\u00a0\u00a0\u00a0\u00a0\u00a0\u00a0\u00a0<em>2 Tessz 1, 16 \u2013 3, 5<\/em><\/p>\n<p>J\u00e9zus evang\u00e9lium\u00e1nak ellens\u00e9gei pr\u00f3b\u00e1lj\u00e1k megakad\u00e1lyozni a hit terjed\u00e9s\u00e9t. F\u00e9lelemre azonban semmi okunk sincs. Az \u00dar ugyanis er\u0151vel \u00e9s vigasztal\u00e1ssal t\u00f6lti el azokat, akik b\u00edznak benne. Jutalmul pedig megkapj\u00e1k az \u00f6r\u00f6k \u00e9let koron\u00e1j\u00e1t.<\/p>\n<p><strong>EVANG\u00c9LIUM<\/strong> \u00a0\u00a0\u00a0\u00a0\u00a0\u00a0\u00a0\u00a0\u00a0\u00a0\u00a0\u00a0\u00a0\u00a0\u00a0\u00a0\u00a0\u00a0\u00a0\u00a0\u00a0\u00a0\u00a0\u00a0\u00a0\u00a0\u00a0\u00a0\u00a0\u00a0\u00a0\u00a0\u00a0\u00a0\u00a0\u00a0\u00a0\u00a0\u00a0\u00a0\u00a0\u00a0\u00a0\u00a0\u00a0\u00a0<em>Lk 20, 27\u201338<\/em><\/p>\n<p>A nem h\u00edv\u0151k pr\u00f3b\u00e1lj\u00e1k zavarba hozni, nevets\u00e9gess\u00e9 tenni a h\u00edv\u0151ket. Ezt tett\u00e9k a szadduceusok is J\u00e9zusssal. \u0150k nem hittek a felt\u00e1mad\u00e1sban, m\u00e9gis arr\u00f3l k\u00e9rdezgett\u00e9k J\u00e9zust, milyen lesz a sorsuk majd a felt\u00e1mad\u00e1s ut\u00e1n. V\u00e1lasz\u00e1ban J\u00e9zus ism\u00e9telten meger\u0151s\u00edti \u00f6v\u00e9it az \u00f6r\u00f6k \u00e9let hit\u00e9ben. A t\u00falvil\u00e1gi \u00e9let mibenl\u00e9t\u00e9r\u0151l pedig azt tan\u00edtja: ez r\u00e9szesed\u00e9s lesz Isten \u00e9let\u00e9b\u0151l. Ez\u00e9rt f\u00f6ldi kateg\u00f3ri\u00e1kban hi\u00e1ba is gondolkodunk r\u00f3la.<\/p>\n<p><strong>AZ EUCHARISZTI\u00c1HOZ\u00a0 <\/strong><\/p>\n<p>Felt\u00e1mad\u00e1sunknak \u00e9s \u00f6r\u00f6k \u00e9let\u00fcnknek z\u00e1loga az Olt\u00e1riszents\u00e9g. Gyakran kell vele t\u00e1pl\u00e1lkoznunk, hogy el ne lankadjunk a f\u00f6ldi \u00e9let zar\u00e1ndok\u00fatj\u00e1n, \u00e9s eljussunk a felt\u00e1mad\u00e1s dics\u0151s\u00e9g\u00e9be.<\/p>\n<p><strong>\u00c1LDOZ\u00c1SI \u00c9NEK\u00a0\u00a0\u00a0\u00a0\u00a0\u00a0\u00a0\u00a0\u00a0\u00a0\u00a0\u00a0\u00a0\u00a0\u00a0\u00a0\u00a0\u00a0\u00a0\u00a0\u00a0\u00a0\u00a0\u00a0\u00a0\u00a0\u00a0\u00a0\u00a0\u00a0\u00a0\u00a0\u00a0\u00a0\u00a0\u00a0\u00a0\u00a0\u00a0\u00a0\u00a0\u00a0\u00a0\u00a0\u00a0\u00a0\u00a0 <\/strong><em>Zsolt 22, 1\u20132<\/em><\/p>\n<p>Az \u00dar az \u00e9n p\u00e1sztorom, nincs is semmiben hi\u00e1nyom: z\u00f6ldell\u0151 mez\u0151k\u00f6n terelget engem, \u00e9s cs\u00f6ndes vizekhez vezet.<\/p>\n<p><strong>Vagy:<\/strong> <em>\u00a0\u00a0\u00a0\u00a0\u00a0\u00a0\u00a0\u00a0\u00a0\u00a0\u00a0\u00a0\u00a0\u00a0\u00a0\u00a0\u00a0\u00a0\u00a0\u00a0\u00a0\u00a0\u00a0\u00a0\u00a0\u00a0\u00a0\u00a0\u00a0\u00a0\u00a0\u00a0\u00a0\u00a0\u00a0\u00a0\u00a0\u00a0\u00a0\u00a0\u00a0\u00a0\u00a0\u00a0\u00a0\u00a0\u00a0\u00a0\u00a0\u00a0\u00a0\u00a0\u00a0\u00a0\u00a0\u00a0\u00a0\u00a0\u00a0\u00a0\u00a0\u00a0\u00a0\u00a0\u00a0Lk 24, 35<\/em><\/p>\n<p>A tan\u00edtv\u00e1nyok felismert\u00e9k az \u00dar J\u00e9zust a keny\u00e9rt\u00f6r\u00e9skor.<\/p>\n<p>&nbsp;<\/p>\n<p>IM\u00c1DS\u00c1G ELHUNYT SZERETTEINK\u00c9RT<\/p>\n<p>Isten, kegyelmek osztogat\u00f3ja, az emberek \u00fcdv\u00f6ss\u00e9g\u00e9nek szeret\u0151je, k\u00e9rem kegyess\u00e9gedet, hogy \u00e9desany\u00e1m, \u00e9desap\u00e1m, testv\u00e9rem, gyermekem, rokonom, bar\u00e1tom, j\u00f3tev\u0151m&#8230;, akik e vil\u00e1gb\u00f3l elt\u00e1voztak, a Boldogs\u00e1gos Sz\u0171z M\u00e1ri\u00e1nak \u00e9s minden szentednek k\u00f6zbenj\u00e1r\u00e1s\u00e1ra az \u00f6r\u00f6k boldogs\u00e1g oszt\u00e1lyr\u00e9sz\u00e9t elnyerhess\u00e9k. A mi Urunk, J\u00e9zus Krisztus \u00e1ltal. Amen.<\/p>\n<p>F\u00c9NYSUG\u00c1R AZ AJT\u00d3 HASAD\u00c9K\u00c1BAN<\/p>\n<p>Eg\u00e9sz \u00e9letemben biztos voltam abban, hogy az \u00e9let nem \u00e9r v\u00e9get a hal\u00e1llal. Most azonban m\u00e1r azt is tudom, hogy az \u00e9let igaz\u00e1ban a hal\u00e1llal kezd\u0151dik. S tudat\u00e1ban vagyok annak, hogy az \u00e9let arra val\u00f3, hogy m\u00e9lt\u00f3 legyek a hal\u00e1l pillanat\u00e1ra. Azt is tudom, hogy a szenved\u00e9s csak k\u00fcls\u0151 ruh\u00e1zatom: bels\u0151 l\u00e9nyegem s\u00e9rtetlen marad. \u00c9s ha majd k\u00fcls\u0151 ruh\u00e1m teljesen sz\u00e9tfoszlik, l\u00e1that\u00f3v\u00e1 v\u00e1lik teljes l\u00e9nyegem: a hal\u00e1l pillanata meghozza sz\u00e1momra az \u00f6r\u00f6k \u00e9letet.\u00a0\u00a0\u00a0\u00a0\u00a0\u00a0\u00a0\u00a0\u00a0\u00a0\u00a0\u00a0\u00a0\u00a0\u00a0\u00a0\u00a0\u00a0\u00a0\u00a0\u00a0\u00a0\u00a0\u00a0\u00a0\u00a0\u00a0\u00a0\u00a0\u00a0\u00a0\u00a0\u00a0\u00a0\u00a0\u00a0\u00a0\u00a0\u00a0\u00a0\u00a0\u00a0\u00a0\u00a0\u00a0\u00a0\u00a0\u00a0\u00a0\u00a0\u00a0\u00a0\u00a0\u00a0\u00a0\u00a0 <em>Hermann Bahr<\/em><\/p>\n<p>&nbsp;<\/p>\n<p>&nbsp;<\/p>\n<p><strong>A hal\u00e1l az Eg\u00e9sznek fel\u0151l\u00fcnk l\u00e1tsz\u00f3 oldala. A m\u00e1sik oldalt \u00edgy h\u00edvj\u00e1k: felt\u00e1mad\u00e1s. <\/strong><\/p>\n<p><strong><em>\u2013 <\/em><\/strong><strong><em>Romano Guardini<\/em><\/strong><\/p>\n<p>&nbsp;<\/p>\n<p>&nbsp;<\/p>\n<p>SZENT M\u00c1RTON P\u00dcSP\u00d6K<\/p>\n<p>A pann\u00f3niai Savaria (Szombathely) sz\u00fcl\u00f6tte volt. Mint l\u00e9gi\u00f3s katona ker\u00fclt It\u00e1li\u00e1ba, majd Galli\u00e1ba. \u00c9letrajz\u00edr\u00f3ja szerint a koldus k\u00e9p\u00e9ben megjelent Krisztussal megosztotta k\u00f6peny\u00e9t. Feln\u0151ttk\u00e9nt keresztelkedett meg, szerzetesi k\u00f6z\u00f6ss\u00e9get szervezett, majd Tours v\u00e1ros p\u00fcsp\u00f6ke lett. A v\u00e9rtan\u00fak kora ut\u00e1n az els\u0151k\u00e9nt tisztelt hitvall\u00f3-szent. \u00c9letrajza \u00edgy \u00edrja le hal\u00e1l\u00e1t: Amikor M\u00e1rton s\u00falyos l\u00e1zba esett, \u00e1lland\u00f3 im\u00e1ds\u00e1ggal k\u00e9rte Istent, hogy \u0151t e haland\u00f3 test b\u00f6r\u00f6tn\u00e9b\u0151l megszabad\u00edtan\u00e1. Ezt hallv\u00e1n tan\u00edtv\u00e1nyai \u00edgy k\u00e9rlelt\u00e9k: Mi\u00e9rt hagysz el minket, aty\u00e1nk? Milyen sorsra hagysz minket, nyomorultakat? Az \u0151 szavukon megindulv\u00e1n M\u00e1rton \u00edgy k\u00e9rte az Istent: Uram, ha n\u00e9pednek m\u00e9g sz\u00fcks\u00e9ges vagyok, nem utas\u00edtom vissza a f\u00e1radoz\u00e1st. Mikor azt\u00e1n a l\u00e1z nem engedett, a hanyat fekv\u0151 M\u00e1rtont tan\u00edtv\u00e1nyai k\u00e9rlelt\u00e9k, forduljon meg, h\u00e1tha al\u00e1bbhagy a l\u00e1z. De \u0151 \u00edgy sz\u00f3lt: Hagyj\u00e1tok, hogy ink\u00e1bb az \u00e9g fel\u00e9 n\u00e9zzek, mint a f\u00f6ld fel\u00e9, hogy a l\u00e9lek \u00edgy beir\u00e1nyozza az Urat, akihez menni k\u00e9sz\u00fcl. Meghalt 397-ben. \u00dcnnepe: november 11.<\/p>\n<p>&nbsp;<\/p>\n<p>SZENTJEINK<\/p>\n<p>November 13-a, h\u00e9tf\u0151 a <em>Magyar szentek \u00e9s boldogok<\/em> k\u00f6z\u00f6s \u00fcnnepe. Mint november 1-j\u00e9n az Egyh\u00e1z minden szentjeit k\u00f6z\u00f6s \u00fcnneppel tisztelt\u00fck, \u00fagy ezen a napon haz\u00e1nk \u00fcdv\u00f6z\u00fcltjeire eml\u00e9kez\u00fcnk.<\/p>\n<p>&nbsp;<\/p>\n<p>November 15-e, szerda <em>Nagy Szent Albert<\/em> p\u00fcsp\u00f6k, egyh\u00e1ztan\u00edt\u00f3 \u00fcnnepe. Domonkosrendi szerzetes, hittud\u00f3s, P\u00e1rizsban Aquin\u00f3i Szent Tam\u00e1s tan\u00e1ra. + 1280.<\/p>\n<p>&nbsp;<\/p>\n<p>November 16. <em>Sk\u00f3ciai Szent Margit<\/em> napja. Magyarorsz\u00e1gon sz\u00fcletett, mid\u0151n atyja itt volt sz\u00e1mkivet\u00e9sben. A sk\u00f3t kir\u00e1ly, III. Malcolm feles\u00e9ge, nyolc gyermeke volt, az \u00e9desany\u00e1k p\u00e9ldak\u00e9pe. + 1093.<\/p>\n<p>Ugyancsak <em>Nagy <\/em><em>Szent Gertr\u00fad<\/em> sz\u0171z eml\u00e9knapja. Helfta kolostor\u00e1ban ciszterci ap\u00e1ca, misztikus, \u00edr\u00e1sai a lelki-irodalom gy\u00f6ngyei, a Szent Sz\u00edv titk\u00e1nak egyik els\u0151 let\u00e9tem\u00e9nyese. + 1301.<\/p>\n<p>ISTENNEK MINDEN SZENTJEI,<\/p>\n<p>K\u00d6NY\u00d6R\u00d6GJETEK \u00c9RETT\u00dcNK!<\/p>\n<p><strong>2019. november 17.<\/strong><\/p>\n<p><strong>\u00c9VK\u00d6ZI 33. VAS\u00c1RNAP<\/strong><\/p>\n<p><strong>+ Szent Andr\u00e1s hava +<\/strong><\/p>\n<p>Az \u00dar dics\u0151s\u00e9ges visszat\u00e9r\u00e9sekor lesz majd v\u00e9ge a vil\u00e1gnak \u00e9s az emberi t\u00f6rt\u00e9nelemnek. De err\u0151l k\u00e1r nek\u00fcnk k\u00e9rd\u00e9seket feltenn\u00fcnk. Hiszen ezt a napot \u00e9s az \u00f3r\u00e1t senki ember nem tudja. Ann\u00e1l fontosabb k\u00e9sz\u00fclni r\u00e1, hogy meglepet\u00e9s ne \u00e9rjen benn\u00fcnket: nap mint nap vess\u00fck al\u00e1 tetteinket Isten \u00edt\u00e9let\u00e9nek.<\/p>\n<p><strong>OLVASM\u00c1NY\u00a0 <\/strong>\u00a0\u00a0\u00a0\u00a0\u00a0\u00a0\u00a0\u00a0\u00a0\u00a0\u00a0\u00a0\u00a0\u00a0\u00a0\u00a0\u00a0\u00a0\u00a0\u00a0\u00a0\u00a0\u00a0\u00a0\u00a0\u00a0\u00a0\u00a0\u00a0\u00a0\u00a0\u00a0\u00a0\u00a0\u00a0\u00a0\u00a0\u00a0\u00a0\u00a0\u00a0\u00a0\u00a0<em>Mal 3, 19\u201320a<\/em><\/p>\n<p>Malaki\u00e1s pr\u00f3f\u00e9ta szomor\u00faan l\u00e1tta, hogy a fogs\u00e1gb\u00f3l hazat\u00e9rt n\u00e9p nem tanult Isten b\u00fcntet\u00e9s\u00e9b\u0151l \u00e9s nem veszi komolyan Isten t\u00f6rv\u00e9ny\u00e9t. Ez\u00e9rt kem\u00e9ny \u00edt\u00e9let al\u00e1 esik. Aki azonban f\u00e9li az \u00dar nev\u00e9t \u00e9s teljes\u00edti akarat\u00e1t, megmenek\u00fcl.<\/p>\n<p><strong>V\u00c1LASZOS ZSOLT\u00c1R<\/strong>\u00a0\u00a0\u00a0\u00a0\u00a0\u00a0\u00a0\u00a0\u00a0\u00a0\u00a0 <em>\u00a0\u00a0\u00a0\u00a0\u00a0\u00a0\u00a0\u00a0\u00a0\u00a0\u00a0\u00a097, 5\u20136. 7\u20138. 9a. 9bc<\/em><\/p>\n<p><strong>V\u00e1lasz: Elj\u00f6n az \u00dar \u00edt\u00e9lni <u>a<\/u> f\u00f6ldet,* <\/strong><\/p>\n<p><strong>\u00a0\u00a0\u00a0\u00a0\u00a0\u00a0\u00a0\u00a0\u00a0\u00a0\u00a0\u00a0 igazs\u00e1gban \u00edt\u00e9li <u>a<\/u>z eg\u00e9sz vil\u00e1got.<\/strong><\/p>\n<p><strong>SZENTLECKE <\/strong>\u00a0\u00a0\u00a0\u00a0\u00a0\u00a0\u00a0\u00a0\u00a0\u00a0\u00a0\u00a0\u00a0\u00a0\u00a0\u00a0\u00a0\u00a0\u00a0\u00a0\u00a0\u00a0\u00a0\u00a0\u00a0\u00a0\u00a0\u00a0\u00a0\u00a0\u00a0\u00a0\u00a0\u00a0\u00a0\u00a0\u00a0\u00a0\u00a0\u00a0\u00a0\u00a0\u00a0\u00a0<em>2 Tessz 3, 7\u201312<\/em><\/p>\n<p>Szent P\u00e1l apostol arra figyelmeztet, hogy komolyan kell venn\u00fcnk a f\u00f6ldi \u00e9letet. Itt d\u0151l el ugyanis: \u00fcdv\u00f6z\u00fcl\u00fcnke vagy sem. Az \u00dar elj\u00f6vetel\u00e9nek v\u00e1r\u00e1sa nem lehet \u00fcr\u00fcgy a t\u00e9tlenked\u00e9sre. Az Apostol a saj\u00e1t szorgalmas munk\u00e1j\u00e1t hozza fel p\u00e9ldak\u00e9ppen a felel\u0151ss\u00e9gteljes \u00e9s j\u00f3zan viselked\u00e9sre.<\/p>\n<p><strong>ALLELUJA<\/strong>\u00a0\u00a0\u00a0\u00a0\u00a0\u00a0\u00a0\u00a0\u00a0\u00a0\u00a0\u00a0\u00a0\u00a0\u00a0\u00a0\u00a0\u00a0\u00a0\u00a0\u00a0\u00a0\u00a0\u00a0\u00a0\u00a0\u00a0\u00a0\u00a0\u00a0\u00a0\u00a0\u00a0\u00a0\u00a0\u00a0\u00a0\u00a0\u00a0\u00a0\u00a0\u00a0\u00a0\u00a0\u00a0\u00a0\u00a0\u00a0\u00a0\u00a0\u00a0\u00a0\u00a0\u00a0\u00a0\u00a0\u00a0\u00a0\u00a0\u00a0\u00a0\u00a0\u00a0\u00a0\u00a0\u00a0 <em>Lk 21, 28<\/em><\/p>\n<p>N\u00e9zzetek f\u00f6l, \u00e9s emelj\u00e9tek f\u00f6l fejeteket, * mert el\u00e9rkezett megv\u00e1lt\u00e1stok ideje.<\/p>\n<p><strong>EVANG\u00c9LIUM<\/strong> \u00a0\u00a0\u00a0\u00a0\u00a0\u00a0\u00a0\u00a0\u00a0\u00a0\u00a0\u00a0\u00a0\u00a0\u00a0\u00a0\u00a0\u00a0\u00a0\u00a0\u00a0\u00a0\u00a0\u00a0\u00a0\u00a0\u00a0\u00a0\u00a0\u00a0\u00a0\u00a0\u00a0\u00a0\u00a0\u00a0\u00a0\u00a0\u00a0\u00a0\u00a0\u00a0\u00a0\u00a0\u00a0\u00a0\u00a0\u00a0<em>Lk 21, 5\u201319<\/em><\/p>\n<p>A zsid\u00f3k szem\u00e9ben a jeruzs\u00e1lemi templom szent hely volt, az Isten jelent\u00e9t\u00e9nek a helye. Ez\u00e9rt amikor J\u00e9zus megj\u00f6vend\u00f6li a templom pusztul\u00e1s\u00e1t, a zsid\u00f3k megr\u00e9m\u00fclnek: ez m\u00e1r a v\u00e9g kezdete lesz. J\u00e9zus arra tan\u00edtja \u00f6v\u00e9it: a legnehezebb k\u00f6r\u00fclm\u00e9nyek k\u00f6z\u00f6tt se f\u00e9ljenek! Aki ugyanis \u00e1llhatatos marad a hitben, a rem\u00e9nyben \u00e9s a szeretetben, azt megv\u00e9delmezi az \u00dar.<\/p>\n<p><strong>AZ EUCHARISZTI\u00c1HOZ\u00a0 <\/strong><\/p>\n<p>Olyan hittel \u00e9s \u00f6sszeszedetts\u00e9ggel vegy\u00fcnk r\u00e9szt a szentmis\u00e9n, mintha az lenne \u00e9let\u00fcnk utols\u00f3 mis\u00e9je, mintha azonnal sz\u00e1mot kellene adnunk \u00e9let\u00fcnkr\u0151l.<\/p>\n<p><strong>ELM\u00c9LKED\u00c9S\u00a0 <\/strong><\/p>\n<p>Hit\u00fcnk \u00e9rt\u00e9k\u00e9t azon cselekedeteink mutatj\u00e1k, amelyeket senki sem fizet vissza nek\u00fcnk: sem p\u00e9nzzel, sem ellenszolg\u00e1ltat\u00e1ssal, sem k\u00f6sz\u00f6nettel. Hit\u00fcnk m\u00e9rt\u00e9k\u00e9t teh\u00e1t azok a j\u00f3tettek jelzik, amelyeket senki sem tart sz\u00e1mon az emberek k\u00f6z\u00fcl. Ez a m\u00e9rt\u00e9k a mi embers\u00e9g\u00fcnk. M\u00e1sk\u00fcl\u00f6nben azok k\u00f6z\u00e9 a farizeusok k\u00f6z\u00e9 tartozn\u00e1nk, akik az \u00fatkeresztez\u0151d\u00e9sekn\u00e9l alamizsn\u00e1t osztogatnak, hogy l\u00e1ss\u00e1k \u0151ket.\u00a0\u00a0\u00a0\u00a0\u00a0\u00a0\u00a0\u00a0\u00a0\u00a0\u00a0\u00a0\u00a0\u00a0\u00a0\u00a0\u00a0\u00a0\u00a0\u00a0\u00a0\u00a0\u00a0\u00a0\u00a0\u00a0\u00a0\u00a0\u00a0\u00a0\u00a0\u00a0\u00a0\u00a0\u00a0\u00a0\u00a0\u00a0\u00a0\u00a0\u00a0\u00a0\u00a0\u00a0\u00a0\u00a0\u00a0\u00a0\u00a0\u00a0\u00a0\u00a0\u00a0 <em>M. Malinki<\/em><\/p>\n<p><strong>EGY GONDOLAT<\/strong><\/p>\n<p>E vil\u00e1g urai j\u00f6nnek \u00e9s mennek. A mi Urunk J\u00e9zus azonban csak j\u00f6n.\u00a0\u00a0\u00a0\u00a0\u00a0\u00a0\u00a0\u00a0\u00a0\u00a0\u00a0\u00a0\u00a0\u00a0\u00a0\u00a0\u00a0\u00a0\u00a0\u00a0\u00a0\u00a0\u00a0\u00a0\u00a0\u00a0\u00a0\u00a0\u00a0\u00a0\u00a0\u00a0\u00a0\u00a0\u00a0\u00a0 \u00a0\u00a0\u00a0\u00a0\u00a0\u00a0\u00a0\u00a0\u00a0\u00a0\u00a0\u00a0\u00a0\u00a0<em>N\u00e9pi sz\u00f3l\u00e1s<\/em><\/p>\n<p>TESTV\u00c9REINK, A SZENTEK<\/p>\n<p><strong>November 17.<\/strong> Nagy Szent Gertr\u00fad sz\u0171z eml\u00e9knapja. Helfta kolostor\u00e1ban ciszterci ap\u00e1ca, misztikus, \u00edr\u00e1sai a lelkiirodalom gy\u00f6ngyei, a Szent Sz\u00edv titk\u00e1nak egyik els\u0151 let\u00e9tem\u00e9nyese. + 1301. <em>Nagy Szent Gertr\u00fad eml\u00e9knapja ebben az \u00e9vben elmarad, mivel vas\u00e1rnapra esik.<\/em><\/p>\n<p><strong>November 18.<\/strong> A Szent P\u00e9ter \u00e9s Szent P\u00e1l bazilik\u00e1k felszentel\u00e9s\u00e9nek napja. A Vatik\u00e1nban lev\u0151 Szent P\u00e9ter \u00e9s az ostiai \u00fat melletti, \u00fan. Falakon k\u00edv\u00fcli Szent P\u00e1l bazilika, a k\u00e9t apostolfejedelem nyugv\u00f3hely\u00e9nek k\u00f6z\u00f6s \u00fcnnepe.<\/p>\n<p><strong>November 19.<\/strong> \u00c1rp\u00e1d-h\u00e1zi Szent Erzs\u00e9bet \u00fcnnepe Magyarorsz\u00e1gon. A vil\u00e1g t\u00f6bbi orsz\u00e1g\u00e1ban november <strong>17-\u00e9n<\/strong> tartjuk \u00fcnnep\u00e9t. II. Endre magyar kir\u00e1ly le\u00e1nya, Th\u00fcringiai Lajos \u0151rgr\u00f3f feles\u00e9ge, h\u00e1rom gyermek anyja. A mennyei dolgok szeretetteljes szeml\u00e9lete \u00e9s a szeg\u00e9nyek \u00e1ldozatos gondoz\u00e1sa jellemzi. F\u00e9rje hal\u00e1la ut\u00e1n vid\u00e1m l\u00e9lekkel t\u0171ri a megal\u00e1ztat\u00e1sokat, Assisi Szent Ferenc p\u00e9ld\u00e1j\u00e1t k\u00f6vetve v\u00e1llalja a szeg\u00e9nys\u00e9get, a betegek gondoz\u00e1s\u00e1ra szenteli mag\u00e1t. Huszonn\u00e9gy \u00e9ves kor\u00e1ban halt meg (1231), s m\u00e1r n\u00e9h\u00e1ny \u00e9vvel ezut\u00e1n szentt\u00e9 avatt\u00e1k.<\/p>\n<p>&nbsp;<\/p>\n<p>FELIRAT<\/p>\n<p>Hiszek a Napban, ha nem is l\u00e1tom f\u00e9ny\u00e9t.<\/p>\n<p>Hiszek a Szeretetben, ha nem is \u00e9rzem sehol.<\/p>\n<p>Hiszek az Istenben, akkor is, ha hallgat.<\/p>\n<p><em>Falra kapart felirat egy Gestapo<\/em><em>&#8211;<\/em><em>b\u00f6rt\u00f6nben<\/em><\/p>\n<p>&nbsp;<\/p>\n<p>AZ EGYH\u00c1Z ANYJA<\/p>\n<p>\u00d6r\u00f6k Asszony, te anya \u00e9s sz\u0171z, te testben \u00e9s l\u00e9lekben Megv\u00e1lt\u00f3nknak \u00e9s Isten\u00fcnknek Anyja vagy. Teh\u00e1t egyh\u00e1za minden tagj\u00e1nak anyja, igazi anyja vagy.<\/p>\n<p>Szereteteddel k\u00f6zrem\u0171k\u00f6dt\u00e9l az egyh\u00e1z h\u00edveinek \u00e9rdek\u00e9ben. Egyetlen vagy az asszonyok k\u00f6z\u00f6tt, aki anya \u00e9s sz\u0171z vagy: Krisztus Anyja \u00e9s Krisztus Sz\u00fcze.<\/p>\n<p>Istenanya, \u00e1ltalad, egy asszony \u00e1ltal van az \u00e9let \u00e9s a hal\u00e1l megszentelve!\u00a0\u00a0\u00a0\u00a0\u00a0\u00a0\u00a0\u00a0\u00a0\u00a0\u00a0\u00a0\u00a0\u00a0\u00a0\u00a0\u00a0\u00a0\u00a0\u00a0\u00a0\u00a0\u00a0\u00a0\u00a0\u00a0\u00a0\u00a0\u00a0\u00a0\u00a0\u00a0 <em>Szent \u00c1goston p\u00fcsp\u00f6k<\/em><\/p>\n<p>&nbsp;<\/p>\n<p>IM\u00c1DS\u00c1G<\/p>\n<p>A SZENTEK K\u00d6ZBENJ\u00c1R\u00c1S\u00c1\u00c9RT<\/p>\n<p>\u00d3vj meg minket, k\u00e9r\u00fcnk Urunk, minden lelki \u00e9s testi vesz\u00e9lyt\u0151l, \u00e9s a boldogs\u00e1gos Sz\u0171z M\u00e1ri\u00e1nak, Isten Anyj\u00e1nak, valamint Szent J\u00f3zsefnek, Szent P\u00e9ter \u00e9s Szent apostoloknak, Szent N.-nek \u00e9s minden szentednek k\u00f6zbenj\u00e1r\u00e1s\u00e1ra adj nek\u00fcnk kegyelmesen \u00e9ps\u00e9get \u00e9s b\u00e9kess\u00e9get, hogy minden h\u00e1bor\u00fas\u00e1g \u00e9s t\u00e9vely megsz\u0171nj\u00e9k s Anyaszentegyh\u00e1zad biztos szabads\u00e1gban szolg\u00e1lhasson neked. A mi Urunk, J\u00e9zus Krisztus \u00e1ltal. Amen<\/p>\n<p>&nbsp;<\/p>\n<p><strong>Ahol J\u00e9zus van, ott minden megvan. Mily \u00e9rt\u00e9kes minden ember: m\u00e9g akkor is, ha csak egy szikr\u00e1nyi van is benne az isteni f\u00e9nyb\u0151l!<\/strong><\/p>\n<p><strong>\u00a0\u00a0\u00a0\u00a0\u00a0\u00a0\u00a0\u00a0\u00a0\u00a0\u00a0\u00a0 \u00a0\u00a0\u00a0\u00a0<\/strong><strong><em>Charles de F<\/em><\/strong><strong><em>oucauld<\/em><\/strong><\/p>\n<p>&nbsp;<\/p>\n<p>a k\u00e9p lel\u0151helye: https:\/\/hu.wikipedia.org\/wiki\/Mindenszentek#\/media\/F%C3%A1jl:All-Saints.jpg<\/p>\n","protected":false},"excerpt":{"rendered":"<p>2019. november 3. \u00c9VK\u00d6ZI 31. VAS\u00c1RNAP + Szent Andr\u00e1s hava + &nbsp; Minden ember r\u00e1szorul Isten irgalm\u00e1ra. Neki k\u00f6sz\u00f6nhetj\u00fck l\u00e9tez\u00e9s\u00fcnket. N\u00e9lk\u00fcle egy l\u00e9p\u00e9st sem tudn\u00e1nk tenni a t\u00f6k\u00e9letess\u00e9g \u00fatj\u00e1n. Ha pedig elest\u00fcnk, a b\u0171n \u00fatj\u00e1ra l\u00e9pt\u00fcnk, t\u0151le v\u00e1rhatjuk a megt\u00e9r\u00e9s, a kiengesztel\u0151d\u00e9s kegyelm\u00e9t. OLVASM\u00c1NY\u00a0 \u00a0\u00a0\u00a0\u00a0\u00a0\u00a0\u00a0\u00a0\u00a0\u00a0\u00a0\u00a0\u00a0\u00a0\u00a0\u00a0\u00a0\u00a0\u00a0\u00a0\u00a0\u00a0\u00a0\u00a0\u00a0\u00a0\u00a0\u00a0\u00a0\u00a0\u00a0\u00a0\u00a0\u00a0\u00a0B\u00f6lcs 11, 22 \u2013 12, 2 Isten szereti mindazt, amit alkotott. Minden teremtm\u00e9ny\u00e9nek sors\u00e1t sz\u00edv\u00e9n viseli. A gyenge sz\u00e1m\u00edthat arra, hogy felkarolja. M\u00e9g a b\u0171n\u00f6s is b\u00edzhat abban, hogy Isten gondol r\u00e1. Nem akarja ugyanis, hogy b\u0171nnel a veszt\u00e9t okozz\u00e1k. Ink\u00e1bb azt akarja, hogy megt\u00e9rjen \u00e9s \u00e9ljen. &nbsp; V\u00c1LASZOS ZSOLT\u00c1R\u00a0\u00a0\u00a0\u00a0\u00a0\u00a0 144, 1\u20132. 8\u20139. 10\u201311. 13cd\u201314 V\u00e1lasz: Istenem \u00e9s kir\u00e1lyom, magasztallak t\u00e9ged, * \u00a0\u00a0\u00a0\u00a0\u00a0\u00a0\u00a0\u00a0\u00a0\u00a0\u00a0\u00a0 szent nevedet \u00e1ldom \u00f6r\u00f6kk\u00f6n&#8211;\u00f6r\u00f6kk\u00e9. &nbsp; SZENTLECKE\u00a0 \u00a0\u00a0\u00a0\u00a0\u00a0\u00a0\u00a0\u00a0\u00a0\u00a0\u00a0\u00a0\u00a0\u00a0\u00a0\u00a0\u00a0\u00a0\u00a0\u00a0\u00a0\u00a0\u00a0\u00a0\u00a0\u00a0\u00a0\u00a0\u00a0\u00a0\u00a0\u00a0\u00a0\u00a0\u00a0\u00a0\u00a02 Tessz 1, 11 \u2013 2, 2 Sokan megalapozatlan \u00e1br\u00e1ndoz\u00e1ssal, \u00e9s egy\u00e9ni j\u00e1mborkod\u00e1ssal pr\u00f3b\u00e1lj\u00e1k leplezni az \u00e9letben val\u00f3 helyt\u00e1ll\u00e1s hi\u00e1ny\u00e1t. Az Apostol ez\u00e9rt mondja: Krisztus azt v\u00e1rja t\u0151l\u00fcnk, hogy h\u0171s\u00e9ges k\u00f6teless\u00e9gteljes\u00edt\u00e9ssel dics\u0151\u00edts\u00fck meg \u0151t. En\u00e9lk\u00fcl nem v\u00e1rhatunk t\u0151le jutalmat.. ALLELUJA\u00a0\u00a0\u00a0\u00a0\u00a0\u00a0\u00a0\u00a0\u00a0\u00a0\u00a0\u00a0\u00a0\u00a0\u00a0\u00a0\u00a0\u00a0\u00a0\u00a0\u00a0\u00a0\u00a0\u00a0\u00a0\u00a0\u00a0\u00a0\u00a0\u00a0\u00a0\u00a0\u00a0\u00a0\u00a0\u00a0\u00a0\u00a0\u00a0\u00a0\u00a0\u00a0\u00a0\u00a0\u00a0\u00a0\u00a0\u00a0\u00a0\u00a0\u00a0\u00a0\u00a0\u00a0\u00a0\u00a0\u00a0\u00a0\u00a0\u00a0\u00a0\u00a0\u00a0\u00a0\u00a0\u00a0\u00a0\u00a0\u00a0 Jn 3, 16 Isten \u00fagy szerette a vil\u00e1got, hogy egysz\u00fcl\u00f6tt Fi\u00e1t adta \u00e9rte, * hogy \u00f6r\u00f6kk\u00e9 \u00e9ljen minden \u0151benne h\u00edv\u0151. EVANG\u00c9LIUM \u00a0\u00a0\u00a0\u00a0\u00a0\u00a0\u00a0\u00a0\u00a0\u00a0\u00a0\u00a0\u00a0\u00a0\u00a0\u00a0\u00a0\u00a0\u00a0\u00a0\u00a0\u00a0\u00a0\u00a0\u00a0\u00a0\u00a0\u00a0\u00a0\u00a0\u00a0\u00a0\u00a0\u00a0\u00a0\u00a0\u00a0\u00a0\u00a0\u00a0\u00a0\u00a0\u00a0\u00a0\u00a0\u00a0\u00a0\u00a0Lk 19, 1\u201310 J\u00e9zus el\u0151legezte a bizalm\u00e1t Zakeusnak. \u0150 h\u00e1l\u00e1s volt ez\u00e9rt, \u00e9s J\u00e9zus nagylelk\u0171s\u00e9g\u00e9t megt\u00e9r\u00e9ssel viszonozta. Nek\u00fcnk is rem\u00e9nykedn\u00fcnk kell az el\u0151legezett bizalom \u00e9s nagylelk\u0171s\u00e9g hat\u00e1s\u00e1ban. Aki apostoli munk\u00e1ja k\u00f6zben nem mer kock\u00e1zatot v\u00e1llalni, az nem b\u00edzik Isten kegyelm\u00e9nek erej\u00e9ben. Pedig \u0151 az\u00e9rt j\u00f6tt, hogy megkeresse \u00e9s \u00fcdv\u00f6z\u00edtse, ami elveszett. AZ EUCHARISZTI\u00c1HOZ\u00a0 Neked k\u00f6sz\u00f6nhetj\u00fck, Urunk, hogy f\u00f6ldi zar\u00e1ndokutunkon nem f\u00e1radunk el \u00e9s nem vesz\u00edtj\u00fck el kedv\u00fcnket. ELM\u00c9LKED\u00c9S Adj nekem, Uram, \u00e9ber sz\u00edvet, amelyet k\u00f6nnyelm\u0171 gondolat nem t\u00e9r\u00edt el t\u0151led. Adj nemes sz\u00edvet, amelyet m\u00e9ltatlan szenved\u00e9ly nem tud lealacsony\u00edtani. Egyenes \u00e9s b\u00e1tor sz\u00edvet, amelyet k\u00f6z\u00f6ns\u00e9ges t\u00f6rekv\u00e9sek nem vezethetnek t\u00e9v\u00fatra. Er\u0151s sz\u00edvet, amelyet szomor\u00fas\u00e1g nem tud let\u00f6rni. Szabad sz\u00edvet, amelyet alantas \u00e9s rossz v\u00e1gyak nem k\u00f6tnek g\u00fazsba.\u00a0\u00a0\u00a0\u00a0\u00a0\u00a0\u00a0\u00a0\u00a0\u00a0\u00a0\u00a0\u00a0\u00a0\u00a0\u00a0\u00a0\u00a0\u00a0\u00a0\u00a0\u00a0\u00a0\u00a0 Aquin\u00f3i Szent Tam\u00e1s &nbsp; IM\u00c1DS\u00c1G ELHUNYT SZERETTEINK\u00c9RT November a halottak&#8230; <\/p>\n<p><a class=\"readmore\" href=\"https:\/\/stuttgarti-katolikusok.de\/index.php\/evkozi-31-32-es-33-vasarnapra\/\">R\u00e9szletek<\/a><\/p>\n","protected":false},"author":3,"featured_media":0,"comment_status":"closed","ping_status":"closed","sticky":false,"template":"","format":"standard","meta":{"footnotes":""},"categories":[63],"tags":[],"class_list":["post-17851","post","type-post","status-publish","format-standard","hentry","category-vasarnapi-gondolatok"],"yoast_head":"<!-- This site is optimized with the Yoast SEO plugin v27.3 - https:\/\/yoast.com\/product\/yoast-seo-wordpress\/ -->\n<title>\u00c9vk\u00f6zi 31., 32. \u00e9s 33. vas\u00e1rnapra - Stuttgarti Katolikusok<\/title>\n<meta name=\"robots\" content=\"index, follow, max-snippet:-1, max-image-preview:large, max-video-preview:-1\" \/>\n<link rel=\"canonical\" href=\"https:\/\/stuttgarti-katolikusok.de\/index.php\/evkozi-31-32-es-33-vasarnapra\/\" \/>\n<meta property=\"og:locale\" content=\"hu_HU\" \/>\n<meta property=\"og:type\" content=\"article\" \/>\n<meta property=\"og:title\" content=\"\u00c9vk\u00f6zi 31., 32. \u00e9s 33. vas\u00e1rnapra - Stuttgarti Katolikusok\" \/>\n<meta property=\"og:description\" content=\"2019. november 3. \u00c9VK\u00d6ZI 31. VAS\u00c1RNAP + Szent Andr\u00e1s hava + &nbsp; Minden ember r\u00e1szorul Isten irgalm\u00e1ra. Neki k\u00f6sz\u00f6nhetj\u00fck l\u00e9tez\u00e9s\u00fcnket. N\u00e9lk\u00fcle egy l\u00e9p\u00e9st sem tudn\u00e1nk tenni a t\u00f6k\u00e9letess\u00e9g \u00fatj\u00e1n. Ha pedig elest\u00fcnk, a b\u0171n \u00fatj\u00e1ra l\u00e9pt\u00fcnk, t\u0151le v\u00e1rhatjuk a megt\u00e9r\u00e9s, a kiengesztel\u0151d\u00e9s kegyelm\u00e9t. OLVASM\u00c1NY\u00a0 \u00a0\u00a0\u00a0\u00a0\u00a0\u00a0\u00a0\u00a0\u00a0\u00a0\u00a0\u00a0\u00a0\u00a0\u00a0\u00a0\u00a0\u00a0\u00a0\u00a0\u00a0\u00a0\u00a0\u00a0\u00a0\u00a0\u00a0\u00a0\u00a0\u00a0\u00a0\u00a0\u00a0\u00a0\u00a0B\u00f6lcs 11, 22 \u2013 12, 2 Isten szereti mindazt, amit alkotott. Minden teremtm\u00e9ny\u00e9nek sors\u00e1t sz\u00edv\u00e9n viseli. A gyenge sz\u00e1m\u00edthat arra, hogy felkarolja. M\u00e9g a b\u0171n\u00f6s is b\u00edzhat abban, hogy Isten gondol r\u00e1. Nem akarja ugyanis, hogy b\u0171nnel a veszt\u00e9t okozz\u00e1k. Ink\u00e1bb azt akarja, hogy megt\u00e9rjen \u00e9s \u00e9ljen. &nbsp; V\u00c1LASZOS ZSOLT\u00c1R\u00a0\u00a0\u00a0\u00a0\u00a0\u00a0 144, 1\u20132. 8\u20139. 10\u201311. 13cd\u201314 V\u00e1lasz: Istenem \u00e9s kir\u00e1lyom, magasztallak t\u00e9ged, * \u00a0\u00a0\u00a0\u00a0\u00a0\u00a0\u00a0\u00a0\u00a0\u00a0\u00a0\u00a0 szent nevedet \u00e1ldom \u00f6r\u00f6kk\u00f6n&#8211;\u00f6r\u00f6kk\u00e9. &nbsp; SZENTLECKE\u00a0 \u00a0\u00a0\u00a0\u00a0\u00a0\u00a0\u00a0\u00a0\u00a0\u00a0\u00a0\u00a0\u00a0\u00a0\u00a0\u00a0\u00a0\u00a0\u00a0\u00a0\u00a0\u00a0\u00a0\u00a0\u00a0\u00a0\u00a0\u00a0\u00a0\u00a0\u00a0\u00a0\u00a0\u00a0\u00a0\u00a0\u00a02 Tessz 1, 11 \u2013 2, 2 Sokan megalapozatlan \u00e1br\u00e1ndoz\u00e1ssal, \u00e9s egy\u00e9ni j\u00e1mborkod\u00e1ssal pr\u00f3b\u00e1lj\u00e1k leplezni az \u00e9letben val\u00f3 helyt\u00e1ll\u00e1s hi\u00e1ny\u00e1t. Az Apostol ez\u00e9rt mondja: Krisztus azt v\u00e1rja t\u0151l\u00fcnk, hogy h\u0171s\u00e9ges k\u00f6teless\u00e9gteljes\u00edt\u00e9ssel dics\u0151\u00edts\u00fck meg \u0151t. En\u00e9lk\u00fcl nem v\u00e1rhatunk t\u0151le jutalmat.. ALLELUJA\u00a0\u00a0\u00a0\u00a0\u00a0\u00a0\u00a0\u00a0\u00a0\u00a0\u00a0\u00a0\u00a0\u00a0\u00a0\u00a0\u00a0\u00a0\u00a0\u00a0\u00a0\u00a0\u00a0\u00a0\u00a0\u00a0\u00a0\u00a0\u00a0\u00a0\u00a0\u00a0\u00a0\u00a0\u00a0\u00a0\u00a0\u00a0\u00a0\u00a0\u00a0\u00a0\u00a0\u00a0\u00a0\u00a0\u00a0\u00a0\u00a0\u00a0\u00a0\u00a0\u00a0\u00a0\u00a0\u00a0\u00a0\u00a0\u00a0\u00a0\u00a0\u00a0\u00a0\u00a0\u00a0\u00a0\u00a0\u00a0\u00a0 Jn 3, 16 Isten \u00fagy szerette a vil\u00e1got, hogy egysz\u00fcl\u00f6tt Fi\u00e1t adta \u00e9rte, * hogy \u00f6r\u00f6kk\u00e9 \u00e9ljen minden \u0151benne h\u00edv\u0151. EVANG\u00c9LIUM \u00a0\u00a0\u00a0\u00a0\u00a0\u00a0\u00a0\u00a0\u00a0\u00a0\u00a0\u00a0\u00a0\u00a0\u00a0\u00a0\u00a0\u00a0\u00a0\u00a0\u00a0\u00a0\u00a0\u00a0\u00a0\u00a0\u00a0\u00a0\u00a0\u00a0\u00a0\u00a0\u00a0\u00a0\u00a0\u00a0\u00a0\u00a0\u00a0\u00a0\u00a0\u00a0\u00a0\u00a0\u00a0\u00a0\u00a0\u00a0Lk 19, 1\u201310 J\u00e9zus el\u0151legezte a bizalm\u00e1t Zakeusnak. \u0150 h\u00e1l\u00e1s volt ez\u00e9rt, \u00e9s J\u00e9zus nagylelk\u0171s\u00e9g\u00e9t megt\u00e9r\u00e9ssel viszonozta. Nek\u00fcnk is rem\u00e9nykedn\u00fcnk kell az el\u0151legezett bizalom \u00e9s nagylelk\u0171s\u00e9g hat\u00e1s\u00e1ban. Aki apostoli munk\u00e1ja k\u00f6zben nem mer kock\u00e1zatot v\u00e1llalni, az nem b\u00edzik Isten kegyelm\u00e9nek erej\u00e9ben. Pedig \u0151 az\u00e9rt j\u00f6tt, hogy megkeresse \u00e9s \u00fcdv\u00f6z\u00edtse, ami elveszett. AZ EUCHARISZTI\u00c1HOZ\u00a0 Neked k\u00f6sz\u00f6nhetj\u00fck, Urunk, hogy f\u00f6ldi zar\u00e1ndokutunkon nem f\u00e1radunk el \u00e9s nem vesz\u00edtj\u00fck el kedv\u00fcnket. ELM\u00c9LKED\u00c9S Adj nekem, Uram, \u00e9ber sz\u00edvet, amelyet k\u00f6nnyelm\u0171 gondolat nem t\u00e9r\u00edt el t\u0151led. Adj nemes sz\u00edvet, amelyet m\u00e9ltatlan szenved\u00e9ly nem tud lealacsony\u00edtani. Egyenes \u00e9s b\u00e1tor sz\u00edvet, amelyet k\u00f6z\u00f6ns\u00e9ges t\u00f6rekv\u00e9sek nem vezethetnek t\u00e9v\u00fatra. Er\u0151s sz\u00edvet, amelyet szomor\u00fas\u00e1g nem tud let\u00f6rni. Szabad sz\u00edvet, amelyet alantas \u00e9s rossz v\u00e1gyak nem k\u00f6tnek g\u00fazsba.\u00a0\u00a0\u00a0\u00a0\u00a0\u00a0\u00a0\u00a0\u00a0\u00a0\u00a0\u00a0\u00a0\u00a0\u00a0\u00a0\u00a0\u00a0\u00a0\u00a0\u00a0\u00a0\u00a0\u00a0 Aquin\u00f3i Szent Tam\u00e1s &nbsp; IM\u00c1DS\u00c1G ELHUNYT SZERETTEINK\u00c9RT November a halottak... R\u00e9szletek\" \/>\n<meta property=\"og:url\" content=\"https:\/\/stuttgarti-katolikusok.de\/index.php\/evkozi-31-32-es-33-vasarnapra\/\" \/>\n<meta property=\"og:site_name\" content=\"Stuttgarti Katolikusok\" \/>\n<meta property=\"article:published_time\" content=\"2019-10-31T06:17:32+00:00\" \/>\n<meta property=\"article:modified_time\" content=\"2020-04-27T08:40:07+00:00\" \/>\n<meta name=\"author\" content=\"Tibor atya\" \/>\n<meta name=\"twitter:card\" content=\"summary_large_image\" \/>\n<meta name=\"twitter:label1\" content=\"Szerz\u0151:\" \/>\n\t<meta name=\"twitter:data1\" content=\"Tibor atya\" \/>\n\t<meta name=\"twitter:label2\" content=\"Becs\u00fclt olvas\u00e1si id\u0151\" \/>\n\t<meta name=\"twitter:data2\" content=\"15 perc\" \/>\n<script type=\"application\/ld+json\" class=\"yoast-schema-graph\">{\"@context\":\"https:\\\/\\\/schema.org\",\"@graph\":[{\"@type\":\"Article\",\"@id\":\"https:\\\/\\\/stuttgarti-katolikusok.de\\\/index.php\\\/evkozi-31-32-es-33-vasarnapra\\\/#article\",\"isPartOf\":{\"@id\":\"https:\\\/\\\/stuttgarti-katolikusok.de\\\/index.php\\\/evkozi-31-32-es-33-vasarnapra\\\/\"},\"author\":{\"name\":\"Tibor atya\",\"@id\":\"https:\\\/\\\/stuttgarti-katolikusok.de\\\/#\\\/schema\\\/person\\\/75908d6f8fdc03a57889d27209df7795\"},\"headline\":\"\u00c9vk\u00f6zi 31., 32. \u00e9s 33. vas\u00e1rnapra\",\"datePublished\":\"2019-10-31T06:17:32+00:00\",\"dateModified\":\"2020-04-27T08:40:07+00:00\",\"mainEntityOfPage\":{\"@id\":\"https:\\\/\\\/stuttgarti-katolikusok.de\\\/index.php\\\/evkozi-31-32-es-33-vasarnapra\\\/\"},\"wordCount\":2981,\"articleSection\":[\"Vas\u00e1rnapi gondolatok\"],\"inLanguage\":\"hu\"},{\"@type\":\"WebPage\",\"@id\":\"https:\\\/\\\/stuttgarti-katolikusok.de\\\/index.php\\\/evkozi-31-32-es-33-vasarnapra\\\/\",\"url\":\"https:\\\/\\\/stuttgarti-katolikusok.de\\\/index.php\\\/evkozi-31-32-es-33-vasarnapra\\\/\",\"name\":\"\u00c9vk\u00f6zi 31., 32. \u00e9s 33. vas\u00e1rnapra - Stuttgarti Katolikusok\",\"isPartOf\":{\"@id\":\"https:\\\/\\\/stuttgarti-katolikusok.de\\\/#website\"},\"datePublished\":\"2019-10-31T06:17:32+00:00\",\"dateModified\":\"2020-04-27T08:40:07+00:00\",\"author\":{\"@id\":\"https:\\\/\\\/stuttgarti-katolikusok.de\\\/#\\\/schema\\\/person\\\/75908d6f8fdc03a57889d27209df7795\"},\"breadcrumb\":{\"@id\":\"https:\\\/\\\/stuttgarti-katolikusok.de\\\/index.php\\\/evkozi-31-32-es-33-vasarnapra\\\/#breadcrumb\"},\"inLanguage\":\"hu\",\"potentialAction\":[{\"@type\":\"ReadAction\",\"target\":[\"https:\\\/\\\/stuttgarti-katolikusok.de\\\/index.php\\\/evkozi-31-32-es-33-vasarnapra\\\/\"]}]},{\"@type\":\"BreadcrumbList\",\"@id\":\"https:\\\/\\\/stuttgarti-katolikusok.de\\\/index.php\\\/evkozi-31-32-es-33-vasarnapra\\\/#breadcrumb\",\"itemListElement\":[{\"@type\":\"ListItem\",\"position\":1,\"name\":\"Kezd\u0151lap\",\"item\":\"https:\\\/\\\/stuttgarti-katolikusok.de\\\/\"},{\"@type\":\"ListItem\",\"position\":2,\"name\":\"\u00c9vk\u00f6zi 31., 32. \u00e9s 33. vas\u00e1rnapra\"}]},{\"@type\":\"WebSite\",\"@id\":\"https:\\\/\\\/stuttgarti-katolikusok.de\\\/#website\",\"url\":\"https:\\\/\\\/stuttgarti-katolikusok.de\\\/\",\"name\":\"Stuttgarti Katolikusok\",\"description\":\"\",\"potentialAction\":[{\"@type\":\"SearchAction\",\"target\":{\"@type\":\"EntryPoint\",\"urlTemplate\":\"https:\\\/\\\/stuttgarti-katolikusok.de\\\/?s={search_term_string}\"},\"query-input\":{\"@type\":\"PropertyValueSpecification\",\"valueRequired\":true,\"valueName\":\"search_term_string\"}}],\"inLanguage\":\"hu\"},{\"@type\":\"Person\",\"@id\":\"https:\\\/\\\/stuttgarti-katolikusok.de\\\/#\\\/schema\\\/person\\\/75908d6f8fdc03a57889d27209df7795\",\"name\":\"Tibor atya\",\"image\":{\"@type\":\"ImageObject\",\"inLanguage\":\"hu\",\"@id\":\"https:\\\/\\\/secure.gravatar.com\\\/avatar\\\/61d268e57d1f4525b111222e29d2d5a7f8c420fdbf231ba5566a8ceac74fa960?s=96&d=mm&r=g\",\"url\":\"https:\\\/\\\/secure.gravatar.com\\\/avatar\\\/61d268e57d1f4525b111222e29d2d5a7f8c420fdbf231ba5566a8ceac74fa960?s=96&d=mm&r=g\",\"contentUrl\":\"https:\\\/\\\/secure.gravatar.com\\\/avatar\\\/61d268e57d1f4525b111222e29d2d5a7f8c420fdbf231ba5566a8ceac74fa960?s=96&d=mm&r=g\",\"caption\":\"Tibor atya\"},\"url\":\"https:\\\/\\\/stuttgarti-katolikusok.de\\\/index.php\\\/author\\\/tibor-atya\\\/\"}]}<\/script>\n<!-- \/ Yoast SEO plugin. -->","yoast_head_json":{"title":"\u00c9vk\u00f6zi 31., 32. \u00e9s 33. vas\u00e1rnapra - Stuttgarti Katolikusok","robots":{"index":"index","follow":"follow","max-snippet":"max-snippet:-1","max-image-preview":"max-image-preview:large","max-video-preview":"max-video-preview:-1"},"canonical":"https:\/\/stuttgarti-katolikusok.de\/index.php\/evkozi-31-32-es-33-vasarnapra\/","og_locale":"hu_HU","og_type":"article","og_title":"\u00c9vk\u00f6zi 31., 32. \u00e9s 33. vas\u00e1rnapra - Stuttgarti Katolikusok","og_description":"2019. november 3. \u00c9VK\u00d6ZI 31. VAS\u00c1RNAP + Szent Andr\u00e1s hava + &nbsp; Minden ember r\u00e1szorul Isten irgalm\u00e1ra. Neki k\u00f6sz\u00f6nhetj\u00fck l\u00e9tez\u00e9s\u00fcnket. N\u00e9lk\u00fcle egy l\u00e9p\u00e9st sem tudn\u00e1nk tenni a t\u00f6k\u00e9letess\u00e9g \u00fatj\u00e1n. Ha pedig elest\u00fcnk, a b\u0171n \u00fatj\u00e1ra l\u00e9pt\u00fcnk, t\u0151le v\u00e1rhatjuk a megt\u00e9r\u00e9s, a kiengesztel\u0151d\u00e9s kegyelm\u00e9t. OLVASM\u00c1NY\u00a0 \u00a0\u00a0\u00a0\u00a0\u00a0\u00a0\u00a0\u00a0\u00a0\u00a0\u00a0\u00a0\u00a0\u00a0\u00a0\u00a0\u00a0\u00a0\u00a0\u00a0\u00a0\u00a0\u00a0\u00a0\u00a0\u00a0\u00a0\u00a0\u00a0\u00a0\u00a0\u00a0\u00a0\u00a0\u00a0B\u00f6lcs 11, 22 \u2013 12, 2 Isten szereti mindazt, amit alkotott. Minden teremtm\u00e9ny\u00e9nek sors\u00e1t sz\u00edv\u00e9n viseli. A gyenge sz\u00e1m\u00edthat arra, hogy felkarolja. M\u00e9g a b\u0171n\u00f6s is b\u00edzhat abban, hogy Isten gondol r\u00e1. Nem akarja ugyanis, hogy b\u0171nnel a veszt\u00e9t okozz\u00e1k. Ink\u00e1bb azt akarja, hogy megt\u00e9rjen \u00e9s \u00e9ljen. &nbsp; V\u00c1LASZOS ZSOLT\u00c1R\u00a0\u00a0\u00a0\u00a0\u00a0\u00a0 144, 1\u20132. 8\u20139. 10\u201311. 13cd\u201314 V\u00e1lasz: Istenem \u00e9s kir\u00e1lyom, magasztallak t\u00e9ged, * \u00a0\u00a0\u00a0\u00a0\u00a0\u00a0\u00a0\u00a0\u00a0\u00a0\u00a0\u00a0 szent nevedet \u00e1ldom \u00f6r\u00f6kk\u00f6n&#8211;\u00f6r\u00f6kk\u00e9. &nbsp; SZENTLECKE\u00a0 \u00a0\u00a0\u00a0\u00a0\u00a0\u00a0\u00a0\u00a0\u00a0\u00a0\u00a0\u00a0\u00a0\u00a0\u00a0\u00a0\u00a0\u00a0\u00a0\u00a0\u00a0\u00a0\u00a0\u00a0\u00a0\u00a0\u00a0\u00a0\u00a0\u00a0\u00a0\u00a0\u00a0\u00a0\u00a0\u00a0\u00a02 Tessz 1, 11 \u2013 2, 2 Sokan megalapozatlan \u00e1br\u00e1ndoz\u00e1ssal, \u00e9s egy\u00e9ni j\u00e1mborkod\u00e1ssal pr\u00f3b\u00e1lj\u00e1k leplezni az \u00e9letben val\u00f3 helyt\u00e1ll\u00e1s hi\u00e1ny\u00e1t. Az Apostol ez\u00e9rt mondja: Krisztus azt v\u00e1rja t\u0151l\u00fcnk, hogy h\u0171s\u00e9ges k\u00f6teless\u00e9gteljes\u00edt\u00e9ssel dics\u0151\u00edts\u00fck meg \u0151t. En\u00e9lk\u00fcl nem v\u00e1rhatunk t\u0151le jutalmat.. ALLELUJA\u00a0\u00a0\u00a0\u00a0\u00a0\u00a0\u00a0\u00a0\u00a0\u00a0\u00a0\u00a0\u00a0\u00a0\u00a0\u00a0\u00a0\u00a0\u00a0\u00a0\u00a0\u00a0\u00a0\u00a0\u00a0\u00a0\u00a0\u00a0\u00a0\u00a0\u00a0\u00a0\u00a0\u00a0\u00a0\u00a0\u00a0\u00a0\u00a0\u00a0\u00a0\u00a0\u00a0\u00a0\u00a0\u00a0\u00a0\u00a0\u00a0\u00a0\u00a0\u00a0\u00a0\u00a0\u00a0\u00a0\u00a0\u00a0\u00a0\u00a0\u00a0\u00a0\u00a0\u00a0\u00a0\u00a0\u00a0\u00a0\u00a0 Jn 3, 16 Isten \u00fagy szerette a vil\u00e1got, hogy egysz\u00fcl\u00f6tt Fi\u00e1t adta \u00e9rte, * hogy \u00f6r\u00f6kk\u00e9 \u00e9ljen minden \u0151benne h\u00edv\u0151. EVANG\u00c9LIUM \u00a0\u00a0\u00a0\u00a0\u00a0\u00a0\u00a0\u00a0\u00a0\u00a0\u00a0\u00a0\u00a0\u00a0\u00a0\u00a0\u00a0\u00a0\u00a0\u00a0\u00a0\u00a0\u00a0\u00a0\u00a0\u00a0\u00a0\u00a0\u00a0\u00a0\u00a0\u00a0\u00a0\u00a0\u00a0\u00a0\u00a0\u00a0\u00a0\u00a0\u00a0\u00a0\u00a0\u00a0\u00a0\u00a0\u00a0\u00a0Lk 19, 1\u201310 J\u00e9zus el\u0151legezte a bizalm\u00e1t Zakeusnak. \u0150 h\u00e1l\u00e1s volt ez\u00e9rt, \u00e9s J\u00e9zus nagylelk\u0171s\u00e9g\u00e9t megt\u00e9r\u00e9ssel viszonozta. Nek\u00fcnk is rem\u00e9nykedn\u00fcnk kell az el\u0151legezett bizalom \u00e9s nagylelk\u0171s\u00e9g hat\u00e1s\u00e1ban. Aki apostoli munk\u00e1ja k\u00f6zben nem mer kock\u00e1zatot v\u00e1llalni, az nem b\u00edzik Isten kegyelm\u00e9nek erej\u00e9ben. Pedig \u0151 az\u00e9rt j\u00f6tt, hogy megkeresse \u00e9s \u00fcdv\u00f6z\u00edtse, ami elveszett. AZ EUCHARISZTI\u00c1HOZ\u00a0 Neked k\u00f6sz\u00f6nhetj\u00fck, Urunk, hogy f\u00f6ldi zar\u00e1ndokutunkon nem f\u00e1radunk el \u00e9s nem vesz\u00edtj\u00fck el kedv\u00fcnket. ELM\u00c9LKED\u00c9S Adj nekem, Uram, \u00e9ber sz\u00edvet, amelyet k\u00f6nnyelm\u0171 gondolat nem t\u00e9r\u00edt el t\u0151led. Adj nemes sz\u00edvet, amelyet m\u00e9ltatlan szenved\u00e9ly nem tud lealacsony\u00edtani. Egyenes \u00e9s b\u00e1tor sz\u00edvet, amelyet k\u00f6z\u00f6ns\u00e9ges t\u00f6rekv\u00e9sek nem vezethetnek t\u00e9v\u00fatra. Er\u0151s sz\u00edvet, amelyet szomor\u00fas\u00e1g nem tud let\u00f6rni. Szabad sz\u00edvet, amelyet alantas \u00e9s rossz v\u00e1gyak nem k\u00f6tnek g\u00fazsba.\u00a0\u00a0\u00a0\u00a0\u00a0\u00a0\u00a0\u00a0\u00a0\u00a0\u00a0\u00a0\u00a0\u00a0\u00a0\u00a0\u00a0\u00a0\u00a0\u00a0\u00a0\u00a0\u00a0\u00a0 Aquin\u00f3i Szent Tam\u00e1s &nbsp; IM\u00c1DS\u00c1G ELHUNYT SZERETTEINK\u00c9RT November a halottak... R\u00e9szletek","og_url":"https:\/\/stuttgarti-katolikusok.de\/index.php\/evkozi-31-32-es-33-vasarnapra\/","og_site_name":"Stuttgarti Katolikusok","article_published_time":"2019-10-31T06:17:32+00:00","article_modified_time":"2020-04-27T08:40:07+00:00","author":"Tibor atya","twitter_card":"summary_large_image","twitter_misc":{"Szerz\u0151:":"Tibor atya","Becs\u00fclt olvas\u00e1si id\u0151":"15 perc"},"schema":{"@context":"https:\/\/schema.org","@graph":[{"@type":"Article","@id":"https:\/\/stuttgarti-katolikusok.de\/index.php\/evkozi-31-32-es-33-vasarnapra\/#article","isPartOf":{"@id":"https:\/\/stuttgarti-katolikusok.de\/index.php\/evkozi-31-32-es-33-vasarnapra\/"},"author":{"name":"Tibor atya","@id":"https:\/\/stuttgarti-katolikusok.de\/#\/schema\/person\/75908d6f8fdc03a57889d27209df7795"},"headline":"\u00c9vk\u00f6zi 31., 32. \u00e9s 33. vas\u00e1rnapra","datePublished":"2019-10-31T06:17:32+00:00","dateModified":"2020-04-27T08:40:07+00:00","mainEntityOfPage":{"@id":"https:\/\/stuttgarti-katolikusok.de\/index.php\/evkozi-31-32-es-33-vasarnapra\/"},"wordCount":2981,"articleSection":["Vas\u00e1rnapi gondolatok"],"inLanguage":"hu"},{"@type":"WebPage","@id":"https:\/\/stuttgarti-katolikusok.de\/index.php\/evkozi-31-32-es-33-vasarnapra\/","url":"https:\/\/stuttgarti-katolikusok.de\/index.php\/evkozi-31-32-es-33-vasarnapra\/","name":"\u00c9vk\u00f6zi 31., 32. \u00e9s 33. vas\u00e1rnapra - Stuttgarti Katolikusok","isPartOf":{"@id":"https:\/\/stuttgarti-katolikusok.de\/#website"},"datePublished":"2019-10-31T06:17:32+00:00","dateModified":"2020-04-27T08:40:07+00:00","author":{"@id":"https:\/\/stuttgarti-katolikusok.de\/#\/schema\/person\/75908d6f8fdc03a57889d27209df7795"},"breadcrumb":{"@id":"https:\/\/stuttgarti-katolikusok.de\/index.php\/evkozi-31-32-es-33-vasarnapra\/#breadcrumb"},"inLanguage":"hu","potentialAction":[{"@type":"ReadAction","target":["https:\/\/stuttgarti-katolikusok.de\/index.php\/evkozi-31-32-es-33-vasarnapra\/"]}]},{"@type":"BreadcrumbList","@id":"https:\/\/stuttgarti-katolikusok.de\/index.php\/evkozi-31-32-es-33-vasarnapra\/#breadcrumb","itemListElement":[{"@type":"ListItem","position":1,"name":"Kezd\u0151lap","item":"https:\/\/stuttgarti-katolikusok.de\/"},{"@type":"ListItem","position":2,"name":"\u00c9vk\u00f6zi 31., 32. \u00e9s 33. vas\u00e1rnapra"}]},{"@type":"WebSite","@id":"https:\/\/stuttgarti-katolikusok.de\/#website","url":"https:\/\/stuttgarti-katolikusok.de\/","name":"Stuttgarti Katolikusok","description":"","potentialAction":[{"@type":"SearchAction","target":{"@type":"EntryPoint","urlTemplate":"https:\/\/stuttgarti-katolikusok.de\/?s={search_term_string}"},"query-input":{"@type":"PropertyValueSpecification","valueRequired":true,"valueName":"search_term_string"}}],"inLanguage":"hu"},{"@type":"Person","@id":"https:\/\/stuttgarti-katolikusok.de\/#\/schema\/person\/75908d6f8fdc03a57889d27209df7795","name":"Tibor atya","image":{"@type":"ImageObject","inLanguage":"hu","@id":"https:\/\/secure.gravatar.com\/avatar\/61d268e57d1f4525b111222e29d2d5a7f8c420fdbf231ba5566a8ceac74fa960?s=96&d=mm&r=g","url":"https:\/\/secure.gravatar.com\/avatar\/61d268e57d1f4525b111222e29d2d5a7f8c420fdbf231ba5566a8ceac74fa960?s=96&d=mm&r=g","contentUrl":"https:\/\/secure.gravatar.com\/avatar\/61d268e57d1f4525b111222e29d2d5a7f8c420fdbf231ba5566a8ceac74fa960?s=96&d=mm&r=g","caption":"Tibor atya"},"url":"https:\/\/stuttgarti-katolikusok.de\/index.php\/author\/tibor-atya\/"}]}},"_links":{"self":[{"href":"https:\/\/stuttgarti-katolikusok.de\/index.php\/wp-json\/wp\/v2\/posts\/17851","targetHints":{"allow":["GET"]}}],"collection":[{"href":"https:\/\/stuttgarti-katolikusok.de\/index.php\/wp-json\/wp\/v2\/posts"}],"about":[{"href":"https:\/\/stuttgarti-katolikusok.de\/index.php\/wp-json\/wp\/v2\/types\/post"}],"author":[{"embeddable":true,"href":"https:\/\/stuttgarti-katolikusok.de\/index.php\/wp-json\/wp\/v2\/users\/3"}],"replies":[{"embeddable":true,"href":"https:\/\/stuttgarti-katolikusok.de\/index.php\/wp-json\/wp\/v2\/comments?post=17851"}],"version-history":[{"count":2,"href":"https:\/\/stuttgarti-katolikusok.de\/index.php\/wp-json\/wp\/v2\/posts\/17851\/revisions"}],"predecessor-version":[{"id":17860,"href":"https:\/\/stuttgarti-katolikusok.de\/index.php\/wp-json\/wp\/v2\/posts\/17851\/revisions\/17860"}],"wp:attachment":[{"href":"https:\/\/stuttgarti-katolikusok.de\/index.php\/wp-json\/wp\/v2\/media?parent=17851"}],"wp:term":[{"taxonomy":"category","embeddable":true,"href":"https:\/\/stuttgarti-katolikusok.de\/index.php\/wp-json\/wp\/v2\/categories?post=17851"},{"taxonomy":"post_tag","embeddable":true,"href":"https:\/\/stuttgarti-katolikusok.de\/index.php\/wp-json\/wp\/v2\/tags?post=17851"}],"curies":[{"name":"wp","href":"https:\/\/api.w.org\/{rel}","templated":true}]}}