{"id":17792,"date":"2019-10-18T22:26:58","date_gmt":"2019-10-18T22:26:58","guid":{"rendered":"https:\/\/gracious-dewdney.138-201-221-2.plesk.page\/?p=17792"},"modified":"2019-10-24T10:11:38","modified_gmt":"2019-10-24T10:11:38","slug":"magyarok-nagyasszonya-templombucsu-ulmban-2","status":"publish","type":"post","link":"https:\/\/stuttgarti-katolikusok.de\/index.php\/magyarok-nagyasszonya-templombucsu-ulmban-2\/","title":{"rendered":"Magyarok Nagyasszonya templomb\u00facs\u00fa Ulmban"},"content":{"rendered":"<p>K\u00fcl\u00f6n\u00f6s h\u00e9tv\u00e9ge volt Ulmban okt\u00f3ber 12-e (szombat) \u00e9s 13-a (vas\u00e1rnap), ugyanis szombat este nemzetk\u00f6zi szentmis\u00e9nk volt, vas\u00e1rnap pedig a mi templomb\u00facs\u00fank.<\/p>\n<p>Nos, a k\u00fcl\u00f6n\u00f6s benne az, hab\u00e1r a nemzetk\u00f6zi szentmis\u00e9ket m\u00e1r\u00a0 egy ideje \u00e9venk\u00e9nt megtartj\u00e1k Ulmban, ahol t\u00f6bb nemzetis\u00e9g (n\u00e9met, lengyel, magyar, horv\u00e1t, szlov\u00e9n, olasz, portug\u00e1l, eritrea) k\u00e9pviselteti mag\u00e1t, \u00e9s valamilyen form\u00e1ban mindenki r\u00e9szt vesz a szentmis\u00e9ben, valamint az ut\u00e1na k\u00f6vetkez\u0151 kultur\u00e1lis m\u0171sorokban, de ez alkalommal a magyarokra ker\u00fclt sor az \u00fcnnep megszervez\u00e9sre.<\/p>\n<p>Bizony megijedt\u00fcnk. 300 szem\u00e9lynek magyaros vacsor\u00e1t k\u00e9sz\u00edteni nem \u00e9ppen gyerekj\u00e1t\u00e9k, r\u00e1ad\u00e1sul m\u00e1snap van mi b\u00facs\u00fank, ahol ism\u00e9t sok (200) szem\u00e9lyre kehet sz\u00e1m\u00edtani.<\/p>\n<p>Ekkora m\u00e9ret\u0171 megvend\u00e9gel\u00e9s a mi egyh\u00e1zk\u00f6zs\u00e9g\u00fcnkben m\u00e9g nem volt. Teh\u00e1t semmi tapasztalat. Mit k\u00e9sz\u00edts\u00fcnk \u00e9s ki vesz r\u00e9szt a s\u00fct\u00e9s-f\u0151z\u00e9sben? Ez nagy gondot okozott nek\u00fcnk, f\u0151leg Sz\u00e9kely Enik\u0151nek, aki egyb\u0151l saj\u00e1t feladat\u00e1nak \u00e9rezte az \u00fcnnep megszervez\u00e9s\u00e9t. S a megbesz\u00e9l\u00e9s k\u00f6zben Tibor atya felh\u00edvta telefonon Kinzel L\u00e1szl\u00f3t, aki m\u00e1r ezen a t\u00e9ren t\u00f6bbsz\u00f6r is bizony\u00edtotta hozz\u00e1\u00e9rt\u00e9s\u00e9t, hogy nem e v\u00e1llaln\u00e1 Ulmban is ez alkalommal a \u201ef\u0151szak\u00e1csi\u201c teend\u0151ket. Laci azonnal igent mondott. Ezut\u00e1n Enik\u0151 fogta kez\u00e9be a gyepl\u0151t. Rengeteget telefon\u00e1lt. T\u00f6bb szem\u00e9lyt mozg\u00f3s\u00edtott \u00e9s val\u00f3ban siker\u00fclt egy komoly l\u00e9tsz\u00e1m\u00fa csapatot \u00f6sszehozni a \u201ekonyha\u201c r\u00e9sz\u00e9re.<\/p>\n<p>Nos elj\u00f6tt a szombat este. Telth\u00e1z volt a Wengen templomban. A szentmis\u00e9t 9 pap celebr\u00e1lta.<\/p>\n<p>Amint bevonultak a ministr\u00e1nsok \u00e9s a papok, mi magyar sz\u00edv\u0171ek, nagy \u00f6r\u00f6mmel \u00e9s k\u00f6nnyes szemekkel l\u00e1ttuk els\u0151k\u00e9nt a magyar z\u00e1szl\u00f3 megjelen\u00e9s\u00e9t. A predik\u00e1ci\u00f3 az\u00e9rt n\u00e9met nyelven volt, de a szentlecke \u00e9s az evang\u00e9lium magyarul is elhangzott. M\u00e1r a szentmis\u00e9n is jelen voltak \u00e9s fell\u00e9ptek a Szatm\u00e1rn\u00e9metib\u0151l megh\u00edvott magyar\u00a0 Gyermekkar tagjai. Ezek 11-17 \u00e9ves gyerekek, illetve fiatalok voltak 22-en, Schmidt M\u00e1ria \u00e9s Nevezi Dobosi Csilla vezet\u00e9s\u00e9vel. Gy\u00f6ny\u00f6r\u0171en \u00e9nekeltek, f\u0151leg Kod\u00e1ly dalokat.<\/p>\n<p>A szentmise ut\u00e1n lement\u00fcnk\u00a0 a templom k\u00f6z\u00f6ss\u00e9gi term\u00e9be, ahol \u201emagyar\u201c vacsora v\u00e1rta a kb. 300 szem\u00e9lyt. \u00c9spedig az igazi magyar t\u00f6lt\u00f6ttk\u00e1poszta, amely Kinzel Laci receptje, valamint ir\u00e1ny\u00edt\u00e1sa\u00a0 alapj\u00e1n k\u00e9sz\u00fclt Enik\u0151 szervez\u00e9s\u00e9vel. Jelen volt Dr. Kov\u00e1cs Rita Ter\u00e9z, Els\u0151 beosztott Konzul Asszony, a stuttgarti F\u0151konzul\u00e1tus k\u00e9pviselet\u00e9ben, valamint Gunter Czisch, Ulm f\u0151polg\u00e1rmestere, aki sz\u00fcletett sv\u00e1b l\u00e9t\u00e9re is nagyon el volt ragadtatva a magyar t\u00f6lt\u00f6tt k\u00e1poszt\u00e1t\u00f3l.<\/p>\n<p>A vacsora k\u00f6zben fell\u00e9ptek a stuttgarti Cs\u00f6b\u00f6rcs\u00f6k n\u00e9pt\u00e1ncegy\u00fcttes tagjai is. Gy\u00f6ny\u00f6r\u0171en t\u00e1ncoltak a sz\u00ednpadon, majd befejez\u0151k\u00e9nt mindenkit t\u00e1ncra perd\u00edtettek. A konzuln\u0151, a f\u0151polg\u00e1rmester, a papok mind egy\u00fctt t\u00e1ncoltak a jelenl\u00e9v\u0151kkel. Kit\u00fcn\u0151 hangulat alakult ki. Majd t\u00f6bben is fell\u00e9ptek.<\/p>\n<p>Kiemeln\u00e9m a horv\u00e1t gyerekek t\u00e1nc\u00e1t, term\u00e9szetesen a szatm\u00e1ri k\u00f3rus \u00e9s a lengyel du\u00f3 \u00e9nek\u00e9t is.<\/p>\n<p>Magyar borok \u00e9s t\u00f6m\u00e9ny italok is gondoskodtak j\u00f3kedv\u00fcnkr\u0151l. J\u00f3 hangulat uralkodott. Mindenki nagyon dics\u00e9rte a \u201emagyar konyh\u00e1t\u201c.<\/p>\n<p>Vas\u00e1rnap volt az ulmiak magyar b\u00facsuja. Az is nagyon sz\u00e9pen siker\u00fclt. A szentmis\u00e9t 3 pap celebr\u00e1lta, Dr. Jiteanu Liviu atya, mint megh\u00edvott vend\u00e9gsz\u00f3nok, Imre atya \u00e9s Tibor atya. Liviu atya kiemelte a szent besz\u00e9de alatt a magyar hovatartoz\u00e1s \u00e9s a magyar csal\u00e1dok fontoss\u00e1g\u00e1t. Valamint a magyarok \u00f6sszetart\u00e1s\u00e1t. K\u00fcl\u00f6nben Liviu atya Cs\u00edksomly\u00f3r\u00f3l sz\u00e1rmazik, ahol m\u00e1r hagyom\u00e1ny az \u00e9vente megtartott, \u00f6sszmagyars\u00e1g legnagyobb b\u00facs\u00faja, amit p\u00fcnk\u00f6sd szombatj\u00e1n tartanak.\u00a0 Boldogg\u00e1 tett benn\u00fcnket az is, hogy a testv\u00e9r magyar egyh\u00e1zk\u00f6zs\u00e9gek is sz\u00e9psz\u00e1mmal megtiszteltek benn\u00fcnket. A szentmise v\u00e9gen t\u00f6bb dalt \u00e9nekelt a szatm\u00e1ri gyermekk\u00f3rus. Nagyon meghat\u00f3 volt.<\/p>\n<p>Azt\u00e1n j\u00f6tt a szeretetvend\u00e9gs\u00e9g. A t\u00f6lt\u00f6ttk\u00e1poszt\u00e1nak ism\u00e9t nagy sikere volt. No meg a magyar italoknak is. Minden j\u00f3l v\u00e9gz\u0151d\u00f6tt. De mondanom sem kell, ez \u00f3ri\u00e1si munka volt! A k\u00e9t nap alatt k\u00f6zel 500 szem\u00e9lyt ell\u00e1tni. Ez\u00e9rt k\u00f6sz\u00f6net j\u00e1r mindenkinek, aki hozz\u00e1j\u00e1rult a munk\u00e1j\u00e1val, \u00e9s els\u0151sorban Enik\u0151nek aki mindezt megszervezte. M\u00e1r v\u00e1rjuk az j\u00f6v\u0151 esztend\u0151t, hogy ism\u00e9telten egy\u00fctt k\u00f6sz\u00f6nthess\u00fck Sz\u0171z M\u00e1ri\u00e1t, Magyarok Nagyasszony\u00e1t templomb\u00facs\u00fankon.<\/p>\n<p><em>Kocsis Albert, Ulm &#8211; 2019. okt\u00f3ber 16.<\/em><\/p>\n<p>&nbsp;<\/p>\n\n            \n<p>&nbsp;<\/p>\n","protected":false},"excerpt":{"rendered":"<p>K\u00fcl\u00f6n\u00f6s h\u00e9tv\u00e9ge volt Ulmban okt\u00f3ber 12-e (szombat) \u00e9s 13-a (vas\u00e1rnap), ugyanis szombat este nemzetk\u00f6zi szentmis\u00e9nk volt, vas\u00e1rnap pedig a mi templomb\u00facs\u00fank. Nos, a k\u00fcl\u00f6n\u00f6s benne az, hab\u00e1r a nemzetk\u00f6zi szentmis\u00e9ket m\u00e1r\u00a0 egy ideje \u00e9venk\u00e9nt megtartj\u00e1k Ulmban, ahol t\u00f6bb nemzetis\u00e9g (n\u00e9met, lengyel, magyar, horv\u00e1t, szlov\u00e9n, olasz, portug\u00e1l, eritrea) k\u00e9pviselteti mag\u00e1t, \u00e9s valamilyen form\u00e1ban mindenki r\u00e9szt vesz a szentmis\u00e9ben, valamint az ut\u00e1na k\u00f6vetkez\u0151 kultur\u00e1lis m\u0171sorokban, de ez alkalommal a magyarokra ker\u00fclt sor az \u00fcnnep megszervez\u00e9sre. Bizony megijedt\u00fcnk. 300 szem\u00e9lynek magyaros vacsor\u00e1t k\u00e9sz\u00edteni nem \u00e9ppen gyerekj\u00e1t\u00e9k, r\u00e1ad\u00e1sul m\u00e1snap van mi b\u00facs\u00fank, ahol ism\u00e9t sok (200) szem\u00e9lyre kehet sz\u00e1m\u00edtani. Ekkora m\u00e9ret\u0171 megvend\u00e9gel\u00e9s a mi egyh\u00e1zk\u00f6zs\u00e9g\u00fcnkben m\u00e9g nem volt. Teh\u00e1t semmi tapasztalat. Mit k\u00e9sz\u00edts\u00fcnk \u00e9s ki vesz r\u00e9szt a s\u00fct\u00e9s-f\u0151z\u00e9sben? Ez nagy gondot okozott nek\u00fcnk, f\u0151leg Sz\u00e9kely Enik\u0151nek, aki egyb\u0151l saj\u00e1t feladat\u00e1nak \u00e9rezte az \u00fcnnep megszervez\u00e9s\u00e9t. S a megbesz\u00e9l\u00e9s k\u00f6zben Tibor atya felh\u00edvta telefonon Kinzel L\u00e1szl\u00f3t, aki m\u00e1r ezen a t\u00e9ren t\u00f6bbsz\u00f6r is bizony\u00edtotta hozz\u00e1\u00e9rt\u00e9s\u00e9t, hogy nem e v\u00e1llaln\u00e1 Ulmban is ez alkalommal a \u201ef\u0151szak\u00e1csi\u201c teend\u0151ket. Laci azonnal igent mondott. Ezut\u00e1n Enik\u0151 fogta kez\u00e9be a gyepl\u0151t. Rengeteget telefon\u00e1lt. T\u00f6bb szem\u00e9lyt mozg\u00f3s\u00edtott \u00e9s val\u00f3ban siker\u00fclt egy komoly l\u00e9tsz\u00e1m\u00fa csapatot \u00f6sszehozni a \u201ekonyha\u201c r\u00e9sz\u00e9re. Nos elj\u00f6tt a szombat este. Telth\u00e1z volt a Wengen templomban. A szentmis\u00e9t 9 pap celebr\u00e1lta. Amint bevonultak a ministr\u00e1nsok \u00e9s a papok, mi magyar sz\u00edv\u0171ek, nagy \u00f6r\u00f6mmel \u00e9s k\u00f6nnyes szemekkel l\u00e1ttuk els\u0151k\u00e9nt a magyar z\u00e1szl\u00f3 megjelen\u00e9s\u00e9t. A predik\u00e1ci\u00f3 az\u00e9rt n\u00e9met nyelven volt, de a szentlecke \u00e9s az evang\u00e9lium magyarul is elhangzott. M\u00e1r a szentmis\u00e9n is jelen voltak \u00e9s fell\u00e9ptek a Szatm\u00e1rn\u00e9metib\u0151l megh\u00edvott magyar\u00a0 Gyermekkar tagjai. Ezek 11-17 \u00e9ves gyerekek, illetve fiatalok voltak 22-en, Schmidt M\u00e1ria \u00e9s Nevezi Dobosi Csilla vezet\u00e9s\u00e9vel. Gy\u00f6ny\u00f6r\u0171en \u00e9nekeltek, f\u0151leg Kod\u00e1ly dalokat. A szentmise ut\u00e1n lement\u00fcnk\u00a0 a templom k\u00f6z\u00f6ss\u00e9gi term\u00e9be, ahol \u201emagyar\u201c vacsora v\u00e1rta a kb. 300 szem\u00e9lyt. \u00c9spedig az igazi magyar t\u00f6lt\u00f6ttk\u00e1poszta, amely Kinzel Laci receptje, valamint ir\u00e1ny\u00edt\u00e1sa\u00a0 alapj\u00e1n&#8230; <\/p>\n<p><a class=\"readmore\" href=\"https:\/\/stuttgarti-katolikusok.de\/?fa_gallery=ulmi-bucsu-2019\">R\u00e9szletek<\/a><\/p>\n","protected":false},"author":3,"featured_media":0,"comment_status":"closed","ping_status":"closed","sticky":false,"template":"","format":"standard","meta":{"footnotes":""},"categories":[39,28],"tags":[],"class_list":["post-17792","post","type-post","status-publish","format-standard","hentry","category-kepgaleria","category-olvasoink-irjak"],"yoast_head":"<!-- This site is optimized with the Yoast SEO plugin v27.3 - https:\/\/yoast.com\/product\/yoast-seo-wordpress\/ -->\n<title>Magyarok Nagyasszonya templomb\u00facs\u00fa Ulmban - Stuttgarti Katolikusok<\/title>\n<meta name=\"robots\" content=\"index, follow, max-snippet:-1, max-image-preview:large, max-video-preview:-1\" \/>\n<link rel=\"canonical\" href=\"https:\/\/stuttgarti-katolikusok.de\/index.php\/magyarok-nagyasszonya-templombucsu-ulmban-2\/\" \/>\n<meta property=\"og:locale\" content=\"hu_HU\" \/>\n<meta property=\"og:type\" content=\"article\" \/>\n<meta property=\"og:title\" content=\"Magyarok Nagyasszonya templomb\u00facs\u00fa Ulmban - Stuttgarti Katolikusok\" \/>\n<meta property=\"og:description\" content=\"K\u00fcl\u00f6n\u00f6s h\u00e9tv\u00e9ge volt Ulmban okt\u00f3ber 12-e (szombat) \u00e9s 13-a (vas\u00e1rnap), ugyanis szombat este nemzetk\u00f6zi szentmis\u00e9nk volt, vas\u00e1rnap pedig a mi templomb\u00facs\u00fank. Nos, a k\u00fcl\u00f6n\u00f6s benne az, hab\u00e1r a nemzetk\u00f6zi szentmis\u00e9ket m\u00e1r\u00a0 egy ideje \u00e9venk\u00e9nt megtartj\u00e1k Ulmban, ahol t\u00f6bb nemzetis\u00e9g (n\u00e9met, lengyel, magyar, horv\u00e1t, szlov\u00e9n, olasz, portug\u00e1l, eritrea) k\u00e9pviselteti mag\u00e1t, \u00e9s valamilyen form\u00e1ban mindenki r\u00e9szt vesz a szentmis\u00e9ben, valamint az ut\u00e1na k\u00f6vetkez\u0151 kultur\u00e1lis m\u0171sorokban, de ez alkalommal a magyarokra ker\u00fclt sor az \u00fcnnep megszervez\u00e9sre. Bizony megijedt\u00fcnk. 300 szem\u00e9lynek magyaros vacsor\u00e1t k\u00e9sz\u00edteni nem \u00e9ppen gyerekj\u00e1t\u00e9k, r\u00e1ad\u00e1sul m\u00e1snap van mi b\u00facs\u00fank, ahol ism\u00e9t sok (200) szem\u00e9lyre kehet sz\u00e1m\u00edtani. Ekkora m\u00e9ret\u0171 megvend\u00e9gel\u00e9s a mi egyh\u00e1zk\u00f6zs\u00e9g\u00fcnkben m\u00e9g nem volt. Teh\u00e1t semmi tapasztalat. Mit k\u00e9sz\u00edts\u00fcnk \u00e9s ki vesz r\u00e9szt a s\u00fct\u00e9s-f\u0151z\u00e9sben? Ez nagy gondot okozott nek\u00fcnk, f\u0151leg Sz\u00e9kely Enik\u0151nek, aki egyb\u0151l saj\u00e1t feladat\u00e1nak \u00e9rezte az \u00fcnnep megszervez\u00e9s\u00e9t. S a megbesz\u00e9l\u00e9s k\u00f6zben Tibor atya felh\u00edvta telefonon Kinzel L\u00e1szl\u00f3t, aki m\u00e1r ezen a t\u00e9ren t\u00f6bbsz\u00f6r is bizony\u00edtotta hozz\u00e1\u00e9rt\u00e9s\u00e9t, hogy nem e v\u00e1llaln\u00e1 Ulmban is ez alkalommal a \u201ef\u0151szak\u00e1csi\u201c teend\u0151ket. Laci azonnal igent mondott. Ezut\u00e1n Enik\u0151 fogta kez\u00e9be a gyepl\u0151t. Rengeteget telefon\u00e1lt. T\u00f6bb szem\u00e9lyt mozg\u00f3s\u00edtott \u00e9s val\u00f3ban siker\u00fclt egy komoly l\u00e9tsz\u00e1m\u00fa csapatot \u00f6sszehozni a \u201ekonyha\u201c r\u00e9sz\u00e9re. Nos elj\u00f6tt a szombat este. Telth\u00e1z volt a Wengen templomban. A szentmis\u00e9t 9 pap celebr\u00e1lta. Amint bevonultak a ministr\u00e1nsok \u00e9s a papok, mi magyar sz\u00edv\u0171ek, nagy \u00f6r\u00f6mmel \u00e9s k\u00f6nnyes szemekkel l\u00e1ttuk els\u0151k\u00e9nt a magyar z\u00e1szl\u00f3 megjelen\u00e9s\u00e9t. A predik\u00e1ci\u00f3 az\u00e9rt n\u00e9met nyelven volt, de a szentlecke \u00e9s az evang\u00e9lium magyarul is elhangzott. M\u00e1r a szentmis\u00e9n is jelen voltak \u00e9s fell\u00e9ptek a Szatm\u00e1rn\u00e9metib\u0151l megh\u00edvott magyar\u00a0 Gyermekkar tagjai. Ezek 11-17 \u00e9ves gyerekek, illetve fiatalok voltak 22-en, Schmidt M\u00e1ria \u00e9s Nevezi Dobosi Csilla vezet\u00e9s\u00e9vel. Gy\u00f6ny\u00f6r\u0171en \u00e9nekeltek, f\u0151leg Kod\u00e1ly dalokat. A szentmise ut\u00e1n lement\u00fcnk\u00a0 a templom k\u00f6z\u00f6ss\u00e9gi term\u00e9be, ahol \u201emagyar\u201c vacsora v\u00e1rta a kb. 300 szem\u00e9lyt. \u00c9spedig az igazi magyar t\u00f6lt\u00f6ttk\u00e1poszta, amely Kinzel Laci receptje, valamint ir\u00e1ny\u00edt\u00e1sa\u00a0 alapj\u00e1n... R\u00e9szletek\" \/>\n<meta property=\"og:url\" content=\"https:\/\/stuttgarti-katolikusok.de\/index.php\/magyarok-nagyasszonya-templombucsu-ulmban-2\/\" \/>\n<meta property=\"og:site_name\" content=\"Stuttgarti Katolikusok\" \/>\n<meta property=\"article:published_time\" content=\"2019-10-18T22:26:58+00:00\" \/>\n<meta property=\"article:modified_time\" content=\"2019-10-24T10:11:38+00:00\" \/>\n<meta name=\"author\" content=\"Tibor atya\" \/>\n<meta name=\"twitter:card\" content=\"summary_large_image\" \/>\n<meta name=\"twitter:label1\" content=\"Szerz\u0151:\" \/>\n\t<meta name=\"twitter:data1\" content=\"Tibor atya\" \/>\n\t<meta name=\"twitter:label2\" content=\"Becs\u00fclt olvas\u00e1si id\u0151\" \/>\n\t<meta name=\"twitter:data2\" content=\"4 perc\" \/>\n<script type=\"application\/ld+json\" class=\"yoast-schema-graph\">{\"@context\":\"https:\\\/\\\/schema.org\",\"@graph\":[{\"@type\":\"Article\",\"@id\":\"https:\\\/\\\/stuttgarti-katolikusok.de\\\/index.php\\\/magyarok-nagyasszonya-templombucsu-ulmban-2\\\/#article\",\"isPartOf\":{\"@id\":\"https:\\\/\\\/stuttgarti-katolikusok.de\\\/index.php\\\/magyarok-nagyasszonya-templombucsu-ulmban-2\\\/\"},\"author\":{\"name\":\"Tibor atya\",\"@id\":\"https:\\\/\\\/stuttgarti-katolikusok.de\\\/#\\\/schema\\\/person\\\/75908d6f8fdc03a57889d27209df7795\"},\"headline\":\"Magyarok Nagyasszonya templomb\u00facs\u00fa Ulmban\",\"datePublished\":\"2019-10-18T22:26:58+00:00\",\"dateModified\":\"2019-10-24T10:11:38+00:00\",\"mainEntityOfPage\":{\"@id\":\"https:\\\/\\\/stuttgarti-katolikusok.de\\\/index.php\\\/magyarok-nagyasszonya-templombucsu-ulmban-2\\\/\"},\"wordCount\":876,\"articleSection\":[\"K\u00e9pgal\u00e9ria\",\"Olvas\u00f3ink \u00edrj\u00e1k\"],\"inLanguage\":\"hu\"},{\"@type\":\"WebPage\",\"@id\":\"https:\\\/\\\/stuttgarti-katolikusok.de\\\/index.php\\\/magyarok-nagyasszonya-templombucsu-ulmban-2\\\/\",\"url\":\"https:\\\/\\\/stuttgarti-katolikusok.de\\\/index.php\\\/magyarok-nagyasszonya-templombucsu-ulmban-2\\\/\",\"name\":\"Magyarok Nagyasszonya templomb\u00facs\u00fa Ulmban - Stuttgarti Katolikusok\",\"isPartOf\":{\"@id\":\"https:\\\/\\\/stuttgarti-katolikusok.de\\\/#website\"},\"datePublished\":\"2019-10-18T22:26:58+00:00\",\"dateModified\":\"2019-10-24T10:11:38+00:00\",\"author\":{\"@id\":\"https:\\\/\\\/stuttgarti-katolikusok.de\\\/#\\\/schema\\\/person\\\/75908d6f8fdc03a57889d27209df7795\"},\"breadcrumb\":{\"@id\":\"https:\\\/\\\/stuttgarti-katolikusok.de\\\/index.php\\\/magyarok-nagyasszonya-templombucsu-ulmban-2\\\/#breadcrumb\"},\"inLanguage\":\"hu\",\"potentialAction\":[{\"@type\":\"ReadAction\",\"target\":[\"https:\\\/\\\/stuttgarti-katolikusok.de\\\/index.php\\\/magyarok-nagyasszonya-templombucsu-ulmban-2\\\/\"]}]},{\"@type\":\"BreadcrumbList\",\"@id\":\"https:\\\/\\\/stuttgarti-katolikusok.de\\\/index.php\\\/magyarok-nagyasszonya-templombucsu-ulmban-2\\\/#breadcrumb\",\"itemListElement\":[{\"@type\":\"ListItem\",\"position\":1,\"name\":\"Kezd\u0151lap\",\"item\":\"https:\\\/\\\/stuttgarti-katolikusok.de\\\/\"},{\"@type\":\"ListItem\",\"position\":2,\"name\":\"Magyarok Nagyasszonya templomb\u00facs\u00fa Ulmban\"}]},{\"@type\":\"WebSite\",\"@id\":\"https:\\\/\\\/stuttgarti-katolikusok.de\\\/#website\",\"url\":\"https:\\\/\\\/stuttgarti-katolikusok.de\\\/\",\"name\":\"Stuttgarti Katolikusok\",\"description\":\"\",\"potentialAction\":[{\"@type\":\"SearchAction\",\"target\":{\"@type\":\"EntryPoint\",\"urlTemplate\":\"https:\\\/\\\/stuttgarti-katolikusok.de\\\/?s={search_term_string}\"},\"query-input\":{\"@type\":\"PropertyValueSpecification\",\"valueRequired\":true,\"valueName\":\"search_term_string\"}}],\"inLanguage\":\"hu\"},{\"@type\":\"Person\",\"@id\":\"https:\\\/\\\/stuttgarti-katolikusok.de\\\/#\\\/schema\\\/person\\\/75908d6f8fdc03a57889d27209df7795\",\"name\":\"Tibor atya\",\"image\":{\"@type\":\"ImageObject\",\"inLanguage\":\"hu\",\"@id\":\"https:\\\/\\\/secure.gravatar.com\\\/avatar\\\/61d268e57d1f4525b111222e29d2d5a7f8c420fdbf231ba5566a8ceac74fa960?s=96&d=mm&r=g\",\"url\":\"https:\\\/\\\/secure.gravatar.com\\\/avatar\\\/61d268e57d1f4525b111222e29d2d5a7f8c420fdbf231ba5566a8ceac74fa960?s=96&d=mm&r=g\",\"contentUrl\":\"https:\\\/\\\/secure.gravatar.com\\\/avatar\\\/61d268e57d1f4525b111222e29d2d5a7f8c420fdbf231ba5566a8ceac74fa960?s=96&d=mm&r=g\",\"caption\":\"Tibor atya\"},\"url\":\"https:\\\/\\\/stuttgarti-katolikusok.de\\\/index.php\\\/author\\\/tibor-atya\\\/\"}]}<\/script>\n<!-- \/ Yoast SEO plugin. -->","yoast_head_json":{"title":"Magyarok Nagyasszonya templomb\u00facs\u00fa Ulmban - Stuttgarti Katolikusok","robots":{"index":"index","follow":"follow","max-snippet":"max-snippet:-1","max-image-preview":"max-image-preview:large","max-video-preview":"max-video-preview:-1"},"canonical":"https:\/\/stuttgarti-katolikusok.de\/index.php\/magyarok-nagyasszonya-templombucsu-ulmban-2\/","og_locale":"hu_HU","og_type":"article","og_title":"Magyarok Nagyasszonya templomb\u00facs\u00fa Ulmban - Stuttgarti Katolikusok","og_description":"K\u00fcl\u00f6n\u00f6s h\u00e9tv\u00e9ge volt Ulmban okt\u00f3ber 12-e (szombat) \u00e9s 13-a (vas\u00e1rnap), ugyanis szombat este nemzetk\u00f6zi szentmis\u00e9nk volt, vas\u00e1rnap pedig a mi templomb\u00facs\u00fank. Nos, a k\u00fcl\u00f6n\u00f6s benne az, hab\u00e1r a nemzetk\u00f6zi szentmis\u00e9ket m\u00e1r\u00a0 egy ideje \u00e9venk\u00e9nt megtartj\u00e1k Ulmban, ahol t\u00f6bb nemzetis\u00e9g (n\u00e9met, lengyel, magyar, horv\u00e1t, szlov\u00e9n, olasz, portug\u00e1l, eritrea) k\u00e9pviselteti mag\u00e1t, \u00e9s valamilyen form\u00e1ban mindenki r\u00e9szt vesz a szentmis\u00e9ben, valamint az ut\u00e1na k\u00f6vetkez\u0151 kultur\u00e1lis m\u0171sorokban, de ez alkalommal a magyarokra ker\u00fclt sor az \u00fcnnep megszervez\u00e9sre. Bizony megijedt\u00fcnk. 300 szem\u00e9lynek magyaros vacsor\u00e1t k\u00e9sz\u00edteni nem \u00e9ppen gyerekj\u00e1t\u00e9k, r\u00e1ad\u00e1sul m\u00e1snap van mi b\u00facs\u00fank, ahol ism\u00e9t sok (200) szem\u00e9lyre kehet sz\u00e1m\u00edtani. Ekkora m\u00e9ret\u0171 megvend\u00e9gel\u00e9s a mi egyh\u00e1zk\u00f6zs\u00e9g\u00fcnkben m\u00e9g nem volt. Teh\u00e1t semmi tapasztalat. Mit k\u00e9sz\u00edts\u00fcnk \u00e9s ki vesz r\u00e9szt a s\u00fct\u00e9s-f\u0151z\u00e9sben? Ez nagy gondot okozott nek\u00fcnk, f\u0151leg Sz\u00e9kely Enik\u0151nek, aki egyb\u0151l saj\u00e1t feladat\u00e1nak \u00e9rezte az \u00fcnnep megszervez\u00e9s\u00e9t. S a megbesz\u00e9l\u00e9s k\u00f6zben Tibor atya felh\u00edvta telefonon Kinzel L\u00e1szl\u00f3t, aki m\u00e1r ezen a t\u00e9ren t\u00f6bbsz\u00f6r is bizony\u00edtotta hozz\u00e1\u00e9rt\u00e9s\u00e9t, hogy nem e v\u00e1llaln\u00e1 Ulmban is ez alkalommal a \u201ef\u0151szak\u00e1csi\u201c teend\u0151ket. Laci azonnal igent mondott. Ezut\u00e1n Enik\u0151 fogta kez\u00e9be a gyepl\u0151t. Rengeteget telefon\u00e1lt. T\u00f6bb szem\u00e9lyt mozg\u00f3s\u00edtott \u00e9s val\u00f3ban siker\u00fclt egy komoly l\u00e9tsz\u00e1m\u00fa csapatot \u00f6sszehozni a \u201ekonyha\u201c r\u00e9sz\u00e9re. Nos elj\u00f6tt a szombat este. Telth\u00e1z volt a Wengen templomban. A szentmis\u00e9t 9 pap celebr\u00e1lta. Amint bevonultak a ministr\u00e1nsok \u00e9s a papok, mi magyar sz\u00edv\u0171ek, nagy \u00f6r\u00f6mmel \u00e9s k\u00f6nnyes szemekkel l\u00e1ttuk els\u0151k\u00e9nt a magyar z\u00e1szl\u00f3 megjelen\u00e9s\u00e9t. A predik\u00e1ci\u00f3 az\u00e9rt n\u00e9met nyelven volt, de a szentlecke \u00e9s az evang\u00e9lium magyarul is elhangzott. M\u00e1r a szentmis\u00e9n is jelen voltak \u00e9s fell\u00e9ptek a Szatm\u00e1rn\u00e9metib\u0151l megh\u00edvott magyar\u00a0 Gyermekkar tagjai. Ezek 11-17 \u00e9ves gyerekek, illetve fiatalok voltak 22-en, Schmidt M\u00e1ria \u00e9s Nevezi Dobosi Csilla vezet\u00e9s\u00e9vel. Gy\u00f6ny\u00f6r\u0171en \u00e9nekeltek, f\u0151leg Kod\u00e1ly dalokat. A szentmise ut\u00e1n lement\u00fcnk\u00a0 a templom k\u00f6z\u00f6ss\u00e9gi term\u00e9be, ahol \u201emagyar\u201c vacsora v\u00e1rta a kb. 300 szem\u00e9lyt. \u00c9spedig az igazi magyar t\u00f6lt\u00f6ttk\u00e1poszta, amely Kinzel Laci receptje, valamint ir\u00e1ny\u00edt\u00e1sa\u00a0 alapj\u00e1n... R\u00e9szletek","og_url":"https:\/\/stuttgarti-katolikusok.de\/index.php\/magyarok-nagyasszonya-templombucsu-ulmban-2\/","og_site_name":"Stuttgarti Katolikusok","article_published_time":"2019-10-18T22:26:58+00:00","article_modified_time":"2019-10-24T10:11:38+00:00","author":"Tibor atya","twitter_card":"summary_large_image","twitter_misc":{"Szerz\u0151:":"Tibor atya","Becs\u00fclt olvas\u00e1si id\u0151":"4 perc"},"schema":{"@context":"https:\/\/schema.org","@graph":[{"@type":"Article","@id":"https:\/\/stuttgarti-katolikusok.de\/index.php\/magyarok-nagyasszonya-templombucsu-ulmban-2\/#article","isPartOf":{"@id":"https:\/\/stuttgarti-katolikusok.de\/index.php\/magyarok-nagyasszonya-templombucsu-ulmban-2\/"},"author":{"name":"Tibor atya","@id":"https:\/\/stuttgarti-katolikusok.de\/#\/schema\/person\/75908d6f8fdc03a57889d27209df7795"},"headline":"Magyarok Nagyasszonya templomb\u00facs\u00fa Ulmban","datePublished":"2019-10-18T22:26:58+00:00","dateModified":"2019-10-24T10:11:38+00:00","mainEntityOfPage":{"@id":"https:\/\/stuttgarti-katolikusok.de\/index.php\/magyarok-nagyasszonya-templombucsu-ulmban-2\/"},"wordCount":876,"articleSection":["K\u00e9pgal\u00e9ria","Olvas\u00f3ink \u00edrj\u00e1k"],"inLanguage":"hu"},{"@type":"WebPage","@id":"https:\/\/stuttgarti-katolikusok.de\/index.php\/magyarok-nagyasszonya-templombucsu-ulmban-2\/","url":"https:\/\/stuttgarti-katolikusok.de\/index.php\/magyarok-nagyasszonya-templombucsu-ulmban-2\/","name":"Magyarok Nagyasszonya templomb\u00facs\u00fa Ulmban - Stuttgarti Katolikusok","isPartOf":{"@id":"https:\/\/stuttgarti-katolikusok.de\/#website"},"datePublished":"2019-10-18T22:26:58+00:00","dateModified":"2019-10-24T10:11:38+00:00","author":{"@id":"https:\/\/stuttgarti-katolikusok.de\/#\/schema\/person\/75908d6f8fdc03a57889d27209df7795"},"breadcrumb":{"@id":"https:\/\/stuttgarti-katolikusok.de\/index.php\/magyarok-nagyasszonya-templombucsu-ulmban-2\/#breadcrumb"},"inLanguage":"hu","potentialAction":[{"@type":"ReadAction","target":["https:\/\/stuttgarti-katolikusok.de\/index.php\/magyarok-nagyasszonya-templombucsu-ulmban-2\/"]}]},{"@type":"BreadcrumbList","@id":"https:\/\/stuttgarti-katolikusok.de\/index.php\/magyarok-nagyasszonya-templombucsu-ulmban-2\/#breadcrumb","itemListElement":[{"@type":"ListItem","position":1,"name":"Kezd\u0151lap","item":"https:\/\/stuttgarti-katolikusok.de\/"},{"@type":"ListItem","position":2,"name":"Magyarok Nagyasszonya templomb\u00facs\u00fa Ulmban"}]},{"@type":"WebSite","@id":"https:\/\/stuttgarti-katolikusok.de\/#website","url":"https:\/\/stuttgarti-katolikusok.de\/","name":"Stuttgarti Katolikusok","description":"","potentialAction":[{"@type":"SearchAction","target":{"@type":"EntryPoint","urlTemplate":"https:\/\/stuttgarti-katolikusok.de\/?s={search_term_string}"},"query-input":{"@type":"PropertyValueSpecification","valueRequired":true,"valueName":"search_term_string"}}],"inLanguage":"hu"},{"@type":"Person","@id":"https:\/\/stuttgarti-katolikusok.de\/#\/schema\/person\/75908d6f8fdc03a57889d27209df7795","name":"Tibor atya","image":{"@type":"ImageObject","inLanguage":"hu","@id":"https:\/\/secure.gravatar.com\/avatar\/61d268e57d1f4525b111222e29d2d5a7f8c420fdbf231ba5566a8ceac74fa960?s=96&d=mm&r=g","url":"https:\/\/secure.gravatar.com\/avatar\/61d268e57d1f4525b111222e29d2d5a7f8c420fdbf231ba5566a8ceac74fa960?s=96&d=mm&r=g","contentUrl":"https:\/\/secure.gravatar.com\/avatar\/61d268e57d1f4525b111222e29d2d5a7f8c420fdbf231ba5566a8ceac74fa960?s=96&d=mm&r=g","caption":"Tibor atya"},"url":"https:\/\/stuttgarti-katolikusok.de\/index.php\/author\/tibor-atya\/"}]}},"_links":{"self":[{"href":"https:\/\/stuttgarti-katolikusok.de\/index.php\/wp-json\/wp\/v2\/posts\/17792","targetHints":{"allow":["GET"]}}],"collection":[{"href":"https:\/\/stuttgarti-katolikusok.de\/index.php\/wp-json\/wp\/v2\/posts"}],"about":[{"href":"https:\/\/stuttgarti-katolikusok.de\/index.php\/wp-json\/wp\/v2\/types\/post"}],"author":[{"embeddable":true,"href":"https:\/\/stuttgarti-katolikusok.de\/index.php\/wp-json\/wp\/v2\/users\/3"}],"replies":[{"embeddable":true,"href":"https:\/\/stuttgarti-katolikusok.de\/index.php\/wp-json\/wp\/v2\/comments?post=17792"}],"version-history":[{"count":1,"href":"https:\/\/stuttgarti-katolikusok.de\/index.php\/wp-json\/wp\/v2\/posts\/17792\/revisions"}],"predecessor-version":[{"id":17794,"href":"https:\/\/stuttgarti-katolikusok.de\/index.php\/wp-json\/wp\/v2\/posts\/17792\/revisions\/17794"}],"wp:attachment":[{"href":"https:\/\/stuttgarti-katolikusok.de\/index.php\/wp-json\/wp\/v2\/media?parent=17792"}],"wp:term":[{"taxonomy":"category","embeddable":true,"href":"https:\/\/stuttgarti-katolikusok.de\/index.php\/wp-json\/wp\/v2\/categories?post=17792"},{"taxonomy":"post_tag","embeddable":true,"href":"https:\/\/stuttgarti-katolikusok.de\/index.php\/wp-json\/wp\/v2\/tags?post=17792"}],"curies":[{"name":"wp","href":"https:\/\/api.w.org\/{rel}","templated":true}]}}