{"id":17634,"date":"2019-10-07T05:21:22","date_gmt":"2019-10-07T05:21:22","guid":{"rendered":"https:\/\/gracious-dewdney.138-201-221-2.plesk.page\/?p=17634"},"modified":"2020-04-27T08:43:08","modified_gmt":"2020-04-27T08:43:08","slug":"oktober-7-es-13-kozott","status":"publish","type":"post","link":"https:\/\/stuttgarti-katolikusok.de\/index.php\/oktober-7-es-13-kozott\/","title":{"rendered":"Okt\u00f3ber 7 \u00e9s 13 k\u00f6z\u00f6tt"},"content":{"rendered":"<p><strong>Programel\u0151zetes<\/strong><\/p>\n<p><strong>\u00a0<\/strong><\/p>\n<p><strong>Okt\u00f3ber 10-\u00e9n, <\/strong>cs\u00fct\u00f6rt\u00f6k\u00f6n,<\/p>\n<p><strong>Ulmi d\u00e9lut\u00e1n,<\/strong> 18.30 \u00f3rakor <em>r\u00f3zsaf\u00fcz\u00e9r im\u00e1ds\u00e1g<\/em>, ut\u00e1na <em>szentmise<\/em>. Keret\u00e9ben <em>besz\u00e9lget\u00e9sek a Katekizmusr\u00f3l.<\/em><\/p>\n<p style=\"text-align: center;\">*<\/p>\n<p><strong>Okt\u00f3ber 11-\u00e9n, <\/strong>p\u00e9nteken,<\/p>\n<p><strong>Stuttgartban<\/strong> 16.00 \u00f3rakor <em>Bar\u00e1ts\u00e1gklub.\u00a0<\/em>17.55 \u00f3rakor <em>r\u00f3zsaf\u00fcz\u00e9r \u00e1jtatoss\u00e1g<\/em>. Majd <em>szentmise. <\/em>Ut\u00e1na a <em>Szatm\u00e1ri Gyermekkar <\/em>ad koncertet Schmidt M\u00e1ria vez\u00e9nylet\u00e9vel.<\/p>\n<p><strong>Weingartenben, <\/strong>a Marien-Kirche-ben <em>Weingarteni d\u00e9lut\u00e1n: <\/em>18.00 \u00f3rakor <em>r\u00f3zsaf\u00fcz\u00e9r<\/em> <em>im\u00e1ds\u00e1g, <\/em>ut\u00e1na <em>szentmise<\/em>. Keret\u00e9ben <em>besz\u00e9lget\u00e9sek a Katekizmusr\u00f3l.<\/em><\/p>\n<p style=\"text-align: center;\">*<\/p>\n<p><strong>Okt\u00f3ber 12-\u00e9n, <\/strong>szombaton,<\/p>\n<p><strong>Friedrichshafenben<\/strong> 17.00 \u00f3rakor <em>szentmise<\/em>. Ut\u00e1na <em>\u00e1g\u00e1p\u00e9.<\/em><\/p>\n<p><strong>Ulmban<\/strong> 18.30 \u00f3rakor <em>\u201eNemzetis\u00e9gek szentmis\u00e9je\u201d.<\/em> Szentmise v\u00e9gezt\u00e9vel \u00e1g\u00e1p\u00e9, melyen mi is h\u00e1zigazd\u00e1k vagyunk. Sz\u00ednes programmal v\u00e1rjuk kedves testv\u00e9reinket.<\/p>\n<p style=\"text-align: center;\">*<\/p>\n<p><strong>Okt\u00f3ber 13-\u00e1n, <\/strong>\u00e9vk\u00f6zi 28. vas\u00e1rnapon,<\/p>\n<p><strong>Weingartenben <\/strong>10.00 \u00f3rakor <em>szentmise, ut\u00e1na \u00e1g\u00e1p\u00e9.<\/em><\/p>\n<p><strong>Ulmban<\/strong> 15.00 \u00f3rakor <em>Magyarok Nagyasszonya<\/em> egyh\u00e1zk\u00f6zs\u00e9gi <em>templomb\u00facs\u00fa<\/em>, ut\u00e1na <em>\u00e1g\u00e1p\u00e9<\/em>.<\/p>\n<p style=\"text-align: center;\">*<\/p>\n<p>Minden helyen mindenkit szeretettel v\u00e1r a k\u00f6z\u00f6ss\u00e9g, Imre atya \u00e9s Tibor atya!<\/p>\n<p><em>\u00a0<\/em><\/p>\n<h2><em>\u201eEgy boldog pillanat sz\u00e1z gondot el\u0171z.\u201d<\/em> (K\u00ednai k\u00f6zmond\u00e1s)<\/h2>\n<p><strong><em>\u00a0<\/em><\/strong><\/p>\n<p><strong><em>Kellemes napokat, j\u00f3 munk\u00e1t \u00e9s \u00f6r\u00f6mteli tal\u00e1lkoz\u00e1sokat k\u00edv\u00e1nunk minden Kedves H\u00edv\u00fcnknek!<\/em><\/strong><\/p>\n<p><strong>\u00a0<\/strong><\/p>\n","protected":false},"excerpt":{"rendered":"<p>Programel\u0151zetes \u00a0 Okt\u00f3ber 10-\u00e9n, cs\u00fct\u00f6rt\u00f6k\u00f6n, Ulmi d\u00e9lut\u00e1n, 18.30 \u00f3rakor r\u00f3zsaf\u00fcz\u00e9r im\u00e1ds\u00e1g, ut\u00e1na szentmise. Keret\u00e9ben besz\u00e9lget\u00e9sek a Katekizmusr\u00f3l. * Okt\u00f3ber 11-\u00e9n, p\u00e9nteken, Stuttgartban 16.00 \u00f3rakor Bar\u00e1ts\u00e1gklub.\u00a017.55 \u00f3rakor r\u00f3zsaf\u00fcz\u00e9r \u00e1jtatoss\u00e1g. Majd szentmise. Ut\u00e1na a Szatm\u00e1ri Gyermekkar ad koncertet Schmidt M\u00e1ria vez\u00e9nylet\u00e9vel. Weingartenben, a Marien-Kirche-ben Weingarteni d\u00e9lut\u00e1n: 18.00 \u00f3rakor r\u00f3zsaf\u00fcz\u00e9r im\u00e1ds\u00e1g, ut\u00e1na szentmise. Keret\u00e9ben besz\u00e9lget\u00e9sek a Katekizmusr\u00f3l. * Okt\u00f3ber 12-\u00e9n, szombaton, Friedrichshafenben 17.00 \u00f3rakor szentmise. Ut\u00e1na \u00e1g\u00e1p\u00e9. Ulmban 18.30 \u00f3rakor \u201eNemzetis\u00e9gek szentmis\u00e9je\u201d. Szentmise v\u00e9gezt\u00e9vel \u00e1g\u00e1p\u00e9, melyen mi is h\u00e1zigazd\u00e1k vagyunk. Sz\u00ednes programmal v\u00e1rjuk kedves testv\u00e9reinket. * Okt\u00f3ber 13-\u00e1n, \u00e9vk\u00f6zi 28. vas\u00e1rnapon, Weingartenben 10.00 \u00f3rakor szentmise, ut\u00e1na \u00e1g\u00e1p\u00e9. Ulmban 15.00 \u00f3rakor Magyarok Nagyasszonya egyh\u00e1zk\u00f6zs\u00e9gi templomb\u00facs\u00fa, ut\u00e1na \u00e1g\u00e1p\u00e9. * Minden helyen mindenkit szeretettel v\u00e1r a k\u00f6z\u00f6ss\u00e9g, Imre atya \u00e9s Tibor atya! \u00a0 \u201eEgy boldog pillanat sz\u00e1z gondot el\u0171z.\u201d (K\u00ednai k\u00f6zmond\u00e1s) \u00a0 Kellemes napokat, j\u00f3 munk\u00e1t \u00e9s \u00f6r\u00f6mteli tal\u00e1lkoz\u00e1sokat k\u00edv\u00e1nunk minden Kedves H\u00edv\u00fcnknek! \u00a0<\/p>\n","protected":false},"author":3,"featured_media":0,"comment_status":"closed","ping_status":"closed","sticky":false,"template":"","format":"standard","meta":{"footnotes":""},"categories":[37],"tags":[],"class_list":["post-17634","post","type-post","status-publish","format-standard","hentry","category-progamelozetes"],"yoast_head":"<!-- This site is optimized with the Yoast SEO plugin v27.3 - https:\/\/yoast.com\/product\/yoast-seo-wordpress\/ -->\n<title>Okt\u00f3ber 7 \u00e9s 13 k\u00f6z\u00f6tt - Stuttgarti Katolikusok<\/title>\n<meta name=\"robots\" content=\"index, follow, max-snippet:-1, max-image-preview:large, max-video-preview:-1\" \/>\n<link rel=\"canonical\" href=\"https:\/\/stuttgarti-katolikusok.de\/index.php\/oktober-7-es-13-kozott\/\" \/>\n<meta property=\"og:locale\" content=\"hu_HU\" \/>\n<meta property=\"og:type\" content=\"article\" \/>\n<meta property=\"og:title\" content=\"Okt\u00f3ber 7 \u00e9s 13 k\u00f6z\u00f6tt - Stuttgarti Katolikusok\" \/>\n<meta property=\"og:description\" content=\"Programel\u0151zetes \u00a0 Okt\u00f3ber 10-\u00e9n, cs\u00fct\u00f6rt\u00f6k\u00f6n, Ulmi d\u00e9lut\u00e1n, 18.30 \u00f3rakor r\u00f3zsaf\u00fcz\u00e9r im\u00e1ds\u00e1g, ut\u00e1na szentmise. Keret\u00e9ben besz\u00e9lget\u00e9sek a Katekizmusr\u00f3l. * Okt\u00f3ber 11-\u00e9n, p\u00e9nteken, Stuttgartban 16.00 \u00f3rakor Bar\u00e1ts\u00e1gklub.\u00a017.55 \u00f3rakor r\u00f3zsaf\u00fcz\u00e9r \u00e1jtatoss\u00e1g. Majd szentmise. Ut\u00e1na a Szatm\u00e1ri Gyermekkar ad koncertet Schmidt M\u00e1ria vez\u00e9nylet\u00e9vel. Weingartenben, a Marien-Kirche-ben Weingarteni d\u00e9lut\u00e1n: 18.00 \u00f3rakor r\u00f3zsaf\u00fcz\u00e9r im\u00e1ds\u00e1g, ut\u00e1na szentmise. Keret\u00e9ben besz\u00e9lget\u00e9sek a Katekizmusr\u00f3l. * Okt\u00f3ber 12-\u00e9n, szombaton, Friedrichshafenben 17.00 \u00f3rakor szentmise. Ut\u00e1na \u00e1g\u00e1p\u00e9. Ulmban 18.30 \u00f3rakor \u201eNemzetis\u00e9gek szentmis\u00e9je\u201d. Szentmise v\u00e9gezt\u00e9vel \u00e1g\u00e1p\u00e9, melyen mi is h\u00e1zigazd\u00e1k vagyunk. Sz\u00ednes programmal v\u00e1rjuk kedves testv\u00e9reinket. * Okt\u00f3ber 13-\u00e1n, \u00e9vk\u00f6zi 28. vas\u00e1rnapon, Weingartenben 10.00 \u00f3rakor szentmise, ut\u00e1na \u00e1g\u00e1p\u00e9. Ulmban 15.00 \u00f3rakor Magyarok Nagyasszonya egyh\u00e1zk\u00f6zs\u00e9gi templomb\u00facs\u00fa, ut\u00e1na \u00e1g\u00e1p\u00e9. * Minden helyen mindenkit szeretettel v\u00e1r a k\u00f6z\u00f6ss\u00e9g, Imre atya \u00e9s Tibor atya! \u00a0 \u201eEgy boldog pillanat sz\u00e1z gondot el\u0171z.\u201d (K\u00ednai k\u00f6zmond\u00e1s) \u00a0 Kellemes napokat, j\u00f3 munk\u00e1t \u00e9s \u00f6r\u00f6mteli tal\u00e1lkoz\u00e1sokat k\u00edv\u00e1nunk minden Kedves H\u00edv\u00fcnknek! \u00a0\" \/>\n<meta property=\"og:url\" content=\"https:\/\/stuttgarti-katolikusok.de\/index.php\/oktober-7-es-13-kozott\/\" \/>\n<meta property=\"og:site_name\" content=\"Stuttgarti Katolikusok\" \/>\n<meta property=\"article:published_time\" content=\"2019-10-07T05:21:22+00:00\" \/>\n<meta property=\"article:modified_time\" content=\"2020-04-27T08:43:08+00:00\" \/>\n<meta name=\"author\" content=\"Tibor atya\" \/>\n<meta name=\"twitter:card\" content=\"summary_large_image\" \/>\n<meta name=\"twitter:label1\" content=\"Szerz\u0151:\" \/>\n\t<meta name=\"twitter:data1\" content=\"Tibor atya\" \/>\n\t<meta name=\"twitter:label2\" content=\"Becs\u00fclt olvas\u00e1si id\u0151\" \/>\n\t<meta name=\"twitter:data2\" content=\"1 perc\" \/>\n<script type=\"application\/ld+json\" class=\"yoast-schema-graph\">{\"@context\":\"https:\\\/\\\/schema.org\",\"@graph\":[{\"@type\":\"Article\",\"@id\":\"https:\\\/\\\/stuttgarti-katolikusok.de\\\/index.php\\\/oktober-7-es-13-kozott\\\/#article\",\"isPartOf\":{\"@id\":\"https:\\\/\\\/stuttgarti-katolikusok.de\\\/index.php\\\/oktober-7-es-13-kozott\\\/\"},\"author\":{\"name\":\"Tibor atya\",\"@id\":\"https:\\\/\\\/stuttgarti-katolikusok.de\\\/#\\\/schema\\\/person\\\/75908d6f8fdc03a57889d27209df7795\"},\"headline\":\"Okt\u00f3ber 7 \u00e9s 13 k\u00f6z\u00f6tt\",\"datePublished\":\"2019-10-07T05:21:22+00:00\",\"dateModified\":\"2020-04-27T08:43:08+00:00\",\"mainEntityOfPage\":{\"@id\":\"https:\\\/\\\/stuttgarti-katolikusok.de\\\/index.php\\\/oktober-7-es-13-kozott\\\/\"},\"wordCount\":216,\"articleSection\":[\"Progamel\u0151zetes\"],\"inLanguage\":\"hu\"},{\"@type\":\"WebPage\",\"@id\":\"https:\\\/\\\/stuttgarti-katolikusok.de\\\/index.php\\\/oktober-7-es-13-kozott\\\/\",\"url\":\"https:\\\/\\\/stuttgarti-katolikusok.de\\\/index.php\\\/oktober-7-es-13-kozott\\\/\",\"name\":\"Okt\u00f3ber 7 \u00e9s 13 k\u00f6z\u00f6tt - Stuttgarti Katolikusok\",\"isPartOf\":{\"@id\":\"https:\\\/\\\/stuttgarti-katolikusok.de\\\/#website\"},\"datePublished\":\"2019-10-07T05:21:22+00:00\",\"dateModified\":\"2020-04-27T08:43:08+00:00\",\"author\":{\"@id\":\"https:\\\/\\\/stuttgarti-katolikusok.de\\\/#\\\/schema\\\/person\\\/75908d6f8fdc03a57889d27209df7795\"},\"breadcrumb\":{\"@id\":\"https:\\\/\\\/stuttgarti-katolikusok.de\\\/index.php\\\/oktober-7-es-13-kozott\\\/#breadcrumb\"},\"inLanguage\":\"hu\",\"potentialAction\":[{\"@type\":\"ReadAction\",\"target\":[\"https:\\\/\\\/stuttgarti-katolikusok.de\\\/index.php\\\/oktober-7-es-13-kozott\\\/\"]}]},{\"@type\":\"BreadcrumbList\",\"@id\":\"https:\\\/\\\/stuttgarti-katolikusok.de\\\/index.php\\\/oktober-7-es-13-kozott\\\/#breadcrumb\",\"itemListElement\":[{\"@type\":\"ListItem\",\"position\":1,\"name\":\"Kezd\u0151lap\",\"item\":\"https:\\\/\\\/stuttgarti-katolikusok.de\\\/\"},{\"@type\":\"ListItem\",\"position\":2,\"name\":\"Okt\u00f3ber 7 \u00e9s 13 k\u00f6z\u00f6tt\"}]},{\"@type\":\"WebSite\",\"@id\":\"https:\\\/\\\/stuttgarti-katolikusok.de\\\/#website\",\"url\":\"https:\\\/\\\/stuttgarti-katolikusok.de\\\/\",\"name\":\"Stuttgarti Katolikusok\",\"description\":\"\",\"potentialAction\":[{\"@type\":\"SearchAction\",\"target\":{\"@type\":\"EntryPoint\",\"urlTemplate\":\"https:\\\/\\\/stuttgarti-katolikusok.de\\\/?s={search_term_string}\"},\"query-input\":{\"@type\":\"PropertyValueSpecification\",\"valueRequired\":true,\"valueName\":\"search_term_string\"}}],\"inLanguage\":\"hu\"},{\"@type\":\"Person\",\"@id\":\"https:\\\/\\\/stuttgarti-katolikusok.de\\\/#\\\/schema\\\/person\\\/75908d6f8fdc03a57889d27209df7795\",\"name\":\"Tibor atya\",\"image\":{\"@type\":\"ImageObject\",\"inLanguage\":\"hu\",\"@id\":\"https:\\\/\\\/secure.gravatar.com\\\/avatar\\\/61d268e57d1f4525b111222e29d2d5a7f8c420fdbf231ba5566a8ceac74fa960?s=96&d=mm&r=g\",\"url\":\"https:\\\/\\\/secure.gravatar.com\\\/avatar\\\/61d268e57d1f4525b111222e29d2d5a7f8c420fdbf231ba5566a8ceac74fa960?s=96&d=mm&r=g\",\"contentUrl\":\"https:\\\/\\\/secure.gravatar.com\\\/avatar\\\/61d268e57d1f4525b111222e29d2d5a7f8c420fdbf231ba5566a8ceac74fa960?s=96&d=mm&r=g\",\"caption\":\"Tibor atya\"},\"url\":\"https:\\\/\\\/stuttgarti-katolikusok.de\\\/index.php\\\/author\\\/tibor-atya\\\/\"}]}<\/script>\n<!-- \/ Yoast SEO plugin. -->","yoast_head_json":{"title":"Okt\u00f3ber 7 \u00e9s 13 k\u00f6z\u00f6tt - Stuttgarti Katolikusok","robots":{"index":"index","follow":"follow","max-snippet":"max-snippet:-1","max-image-preview":"max-image-preview:large","max-video-preview":"max-video-preview:-1"},"canonical":"https:\/\/stuttgarti-katolikusok.de\/index.php\/oktober-7-es-13-kozott\/","og_locale":"hu_HU","og_type":"article","og_title":"Okt\u00f3ber 7 \u00e9s 13 k\u00f6z\u00f6tt - Stuttgarti Katolikusok","og_description":"Programel\u0151zetes \u00a0 Okt\u00f3ber 10-\u00e9n, cs\u00fct\u00f6rt\u00f6k\u00f6n, Ulmi d\u00e9lut\u00e1n, 18.30 \u00f3rakor r\u00f3zsaf\u00fcz\u00e9r im\u00e1ds\u00e1g, ut\u00e1na szentmise. Keret\u00e9ben besz\u00e9lget\u00e9sek a Katekizmusr\u00f3l. * Okt\u00f3ber 11-\u00e9n, p\u00e9nteken, Stuttgartban 16.00 \u00f3rakor Bar\u00e1ts\u00e1gklub.\u00a017.55 \u00f3rakor r\u00f3zsaf\u00fcz\u00e9r \u00e1jtatoss\u00e1g. Majd szentmise. Ut\u00e1na a Szatm\u00e1ri Gyermekkar ad koncertet Schmidt M\u00e1ria vez\u00e9nylet\u00e9vel. Weingartenben, a Marien-Kirche-ben Weingarteni d\u00e9lut\u00e1n: 18.00 \u00f3rakor r\u00f3zsaf\u00fcz\u00e9r im\u00e1ds\u00e1g, ut\u00e1na szentmise. Keret\u00e9ben besz\u00e9lget\u00e9sek a Katekizmusr\u00f3l. * Okt\u00f3ber 12-\u00e9n, szombaton, Friedrichshafenben 17.00 \u00f3rakor szentmise. Ut\u00e1na \u00e1g\u00e1p\u00e9. Ulmban 18.30 \u00f3rakor \u201eNemzetis\u00e9gek szentmis\u00e9je\u201d. Szentmise v\u00e9gezt\u00e9vel \u00e1g\u00e1p\u00e9, melyen mi is h\u00e1zigazd\u00e1k vagyunk. Sz\u00ednes programmal v\u00e1rjuk kedves testv\u00e9reinket. * Okt\u00f3ber 13-\u00e1n, \u00e9vk\u00f6zi 28. vas\u00e1rnapon, Weingartenben 10.00 \u00f3rakor szentmise, ut\u00e1na \u00e1g\u00e1p\u00e9. Ulmban 15.00 \u00f3rakor Magyarok Nagyasszonya egyh\u00e1zk\u00f6zs\u00e9gi templomb\u00facs\u00fa, ut\u00e1na \u00e1g\u00e1p\u00e9. * Minden helyen mindenkit szeretettel v\u00e1r a k\u00f6z\u00f6ss\u00e9g, Imre atya \u00e9s Tibor atya! \u00a0 \u201eEgy boldog pillanat sz\u00e1z gondot el\u0171z.\u201d (K\u00ednai k\u00f6zmond\u00e1s) \u00a0 Kellemes napokat, j\u00f3 munk\u00e1t \u00e9s \u00f6r\u00f6mteli tal\u00e1lkoz\u00e1sokat k\u00edv\u00e1nunk minden Kedves H\u00edv\u00fcnknek! \u00a0","og_url":"https:\/\/stuttgarti-katolikusok.de\/index.php\/oktober-7-es-13-kozott\/","og_site_name":"Stuttgarti Katolikusok","article_published_time":"2019-10-07T05:21:22+00:00","article_modified_time":"2020-04-27T08:43:08+00:00","author":"Tibor atya","twitter_card":"summary_large_image","twitter_misc":{"Szerz\u0151:":"Tibor atya","Becs\u00fclt olvas\u00e1si id\u0151":"1 perc"},"schema":{"@context":"https:\/\/schema.org","@graph":[{"@type":"Article","@id":"https:\/\/stuttgarti-katolikusok.de\/index.php\/oktober-7-es-13-kozott\/#article","isPartOf":{"@id":"https:\/\/stuttgarti-katolikusok.de\/index.php\/oktober-7-es-13-kozott\/"},"author":{"name":"Tibor atya","@id":"https:\/\/stuttgarti-katolikusok.de\/#\/schema\/person\/75908d6f8fdc03a57889d27209df7795"},"headline":"Okt\u00f3ber 7 \u00e9s 13 k\u00f6z\u00f6tt","datePublished":"2019-10-07T05:21:22+00:00","dateModified":"2020-04-27T08:43:08+00:00","mainEntityOfPage":{"@id":"https:\/\/stuttgarti-katolikusok.de\/index.php\/oktober-7-es-13-kozott\/"},"wordCount":216,"articleSection":["Progamel\u0151zetes"],"inLanguage":"hu"},{"@type":"WebPage","@id":"https:\/\/stuttgarti-katolikusok.de\/index.php\/oktober-7-es-13-kozott\/","url":"https:\/\/stuttgarti-katolikusok.de\/index.php\/oktober-7-es-13-kozott\/","name":"Okt\u00f3ber 7 \u00e9s 13 k\u00f6z\u00f6tt - Stuttgarti Katolikusok","isPartOf":{"@id":"https:\/\/stuttgarti-katolikusok.de\/#website"},"datePublished":"2019-10-07T05:21:22+00:00","dateModified":"2020-04-27T08:43:08+00:00","author":{"@id":"https:\/\/stuttgarti-katolikusok.de\/#\/schema\/person\/75908d6f8fdc03a57889d27209df7795"},"breadcrumb":{"@id":"https:\/\/stuttgarti-katolikusok.de\/index.php\/oktober-7-es-13-kozott\/#breadcrumb"},"inLanguage":"hu","potentialAction":[{"@type":"ReadAction","target":["https:\/\/stuttgarti-katolikusok.de\/index.php\/oktober-7-es-13-kozott\/"]}]},{"@type":"BreadcrumbList","@id":"https:\/\/stuttgarti-katolikusok.de\/index.php\/oktober-7-es-13-kozott\/#breadcrumb","itemListElement":[{"@type":"ListItem","position":1,"name":"Kezd\u0151lap","item":"https:\/\/stuttgarti-katolikusok.de\/"},{"@type":"ListItem","position":2,"name":"Okt\u00f3ber 7 \u00e9s 13 k\u00f6z\u00f6tt"}]},{"@type":"WebSite","@id":"https:\/\/stuttgarti-katolikusok.de\/#website","url":"https:\/\/stuttgarti-katolikusok.de\/","name":"Stuttgarti Katolikusok","description":"","potentialAction":[{"@type":"SearchAction","target":{"@type":"EntryPoint","urlTemplate":"https:\/\/stuttgarti-katolikusok.de\/?s={search_term_string}"},"query-input":{"@type":"PropertyValueSpecification","valueRequired":true,"valueName":"search_term_string"}}],"inLanguage":"hu"},{"@type":"Person","@id":"https:\/\/stuttgarti-katolikusok.de\/#\/schema\/person\/75908d6f8fdc03a57889d27209df7795","name":"Tibor atya","image":{"@type":"ImageObject","inLanguage":"hu","@id":"https:\/\/secure.gravatar.com\/avatar\/61d268e57d1f4525b111222e29d2d5a7f8c420fdbf231ba5566a8ceac74fa960?s=96&d=mm&r=g","url":"https:\/\/secure.gravatar.com\/avatar\/61d268e57d1f4525b111222e29d2d5a7f8c420fdbf231ba5566a8ceac74fa960?s=96&d=mm&r=g","contentUrl":"https:\/\/secure.gravatar.com\/avatar\/61d268e57d1f4525b111222e29d2d5a7f8c420fdbf231ba5566a8ceac74fa960?s=96&d=mm&r=g","caption":"Tibor atya"},"url":"https:\/\/stuttgarti-katolikusok.de\/index.php\/author\/tibor-atya\/"}]}},"_links":{"self":[{"href":"https:\/\/stuttgarti-katolikusok.de\/index.php\/wp-json\/wp\/v2\/posts\/17634","targetHints":{"allow":["GET"]}}],"collection":[{"href":"https:\/\/stuttgarti-katolikusok.de\/index.php\/wp-json\/wp\/v2\/posts"}],"about":[{"href":"https:\/\/stuttgarti-katolikusok.de\/index.php\/wp-json\/wp\/v2\/types\/post"}],"author":[{"embeddable":true,"href":"https:\/\/stuttgarti-katolikusok.de\/index.php\/wp-json\/wp\/v2\/users\/3"}],"replies":[{"embeddable":true,"href":"https:\/\/stuttgarti-katolikusok.de\/index.php\/wp-json\/wp\/v2\/comments?post=17634"}],"version-history":[{"count":2,"href":"https:\/\/stuttgarti-katolikusok.de\/index.php\/wp-json\/wp\/v2\/posts\/17634\/revisions"}],"predecessor-version":[{"id":17639,"href":"https:\/\/stuttgarti-katolikusok.de\/index.php\/wp-json\/wp\/v2\/posts\/17634\/revisions\/17639"}],"wp:attachment":[{"href":"https:\/\/stuttgarti-katolikusok.de\/index.php\/wp-json\/wp\/v2\/media?parent=17634"}],"wp:term":[{"taxonomy":"category","embeddable":true,"href":"https:\/\/stuttgarti-katolikusok.de\/index.php\/wp-json\/wp\/v2\/categories?post=17634"},{"taxonomy":"post_tag","embeddable":true,"href":"https:\/\/stuttgarti-katolikusok.de\/index.php\/wp-json\/wp\/v2\/tags?post=17634"}],"curies":[{"name":"wp","href":"https:\/\/api.w.org\/{rel}","templated":true}]}}