{"id":17582,"date":"2019-09-30T08:18:52","date_gmt":"2019-09-30T08:18:52","guid":{"rendered":"https:\/\/gracious-dewdney.138-201-221-2.plesk.page\/?p=17582"},"modified":"2020-04-27T08:44:21","modified_gmt":"2020-04-27T08:44:21","slug":"szeptember-30-es-oktober-6-kozott","status":"publish","type":"post","link":"https:\/\/stuttgarti-katolikusok.de\/index.php\/szeptember-30-es-oktober-6-kozott\/","title":{"rendered":"Szeptember 30 \u00e9s okt\u00f3ber 6 k\u00f6z\u00f6tt"},"content":{"rendered":"<p><strong>Programel\u0151zetes<\/strong><\/p>\n<p><strong>Okt\u00f3ber 2-\u00e1n, <\/strong>szerd\u00e1n,<\/p>\n<p><strong>Stuttgartban <\/strong>10.15 \u00f3rakor <em>n\u00e9met nyelv\u0171 szentmise.<\/em><\/p>\n<p style=\"text-align: center;\">*<\/p>\n<p><strong>Okt\u00f3ber 3-\u00e1n, <\/strong>cs\u00fct\u00f6rt\u00f6k\u00f6n,<\/p>\n<p><strong>Ulmi d\u00e9lut\u00e1n,<\/strong> 18.30 \u00f3rakor <em>r\u00f3zsaf\u00fcz\u00e9r im\u00e1ds\u00e1g<\/em>, ut\u00e1na <em>szentmise<\/em>. Keret\u00e9ben <em>besz\u00e9lget\u00e9sek a Katekizmusr\u00f3l.<\/em><\/p>\n<p style=\"text-align: center;\">*<\/p>\n<p><strong>Okt\u00f3ber 4-\u00e9n, <\/strong>p\u00e9nteken,<\/p>\n<p><strong>Stuttgartban<\/strong> 17.55 \u00f3rakor <em>r\u00f3zsaf\u00fcz\u00e9r \u00e1jtatoss\u00e1g, <\/em>majd <em>szentmise. <\/em>Keret\u00e9ben <em>P\u00e9nteki Egyetem, <\/em>azaz: <em>Besz\u00e9lget\u00e9sek a Katekizmusr\u00f3l. <\/em>Ut\u00e1na <em>Imak\u00f6r &#8211; Szents\u00e9gim\u00e1d\u00e1s: <\/em>dics\u0151\u00edt\u00e9s\u00fcnk \u00e9s k\u00e9r\u00e9seink felaj\u00e1nl\u00e1sa a szents\u00e9gi J\u00e9zusnak.<\/p>\n<p><strong>Weingartenben, <\/strong>a Marien-Kirche-ben <em>Weingarteni d\u00e9lut\u00e1n: <\/em>18.00 \u00f3rakor <em>r\u00f3zsaf\u00fcz\u00e9r<\/em> <em>im\u00e1ds\u00e1g, <\/em>ut\u00e1na <em>szentmise<\/em>. Keret\u00e9ben <em>besz\u00e9lget\u00e9sek a Katekizmusr\u00f3l.<\/em><\/p>\n<p style=\"text-align: center;\">*<\/p>\n<p><strong>Okt\u00f3ber 5-\u00e9n, <\/strong>szombaton,<\/p>\n<p><strong>Balingenben <\/strong>17.00 \u00f3rakor <em>szentmise, <\/em>majd <em>\u00e1g\u00e1p\u00e9.<\/em><\/p>\n<p style=\"text-align: center;\">*<\/p>\n<p><strong>Okt\u00f3ber 6-\u00e1n,<\/strong> \u00e9vk\u00f6zi 27. vas\u00e1rnap,<\/p>\n<p><strong>Munderkingenben<\/strong> 9.00 \u00f3rakor <em>szentmise<\/em>.<\/p>\n<p><strong>Schw\u00e4bisch-Gm\u00fcndben <\/strong>9.30 \u00f3rakor <em>szentmise. <\/em>Ut\u00e1na <em>\u00e1g\u00e1p\u00e9.<\/em><\/p>\n<p><strong>Stuttgartban <\/strong>15.00 \u00f3rakor <em>szentmise<\/em>. Ut\u00e1na <em>A Nagys\u00e1gos Fejedelem. <\/em>Megeml\u00e9kez\u00e9s II. R\u00e1k\u00f3czi Ferenc fejedelemr\u0151l sz\u00fclet\u00e9s\u00e9nek 343. \u00e9s hal\u00e1l\u00e1nak 284. \u00e9vfordul\u00f3j\u00e1n. V\u00e9g\u00fcl <em>\u00e1g\u00e1p\u00e9.<\/em><\/p>\n<p style=\"text-align: center;\">*<\/p>\n<p>Minden helyen mindenkit szeretettel v\u00e1r a k\u00f6z\u00f6ss\u00e9g, Imre atya \u00e9s Tibor atya!<\/p>\n<p><em>\u201eHa hely\u00e9nval\u00f3 az alattval\u00f3 al\u00e1zata a kir\u00e1ly jelenl\u00e9t\u00e9ben, hogyne volna az a teremtm\u00e9nynek az \u0151 teremt\u0151je sz\u00edne el\u0151tt?\u201d<\/em> <strong>(II. R\u00e1k\u00f3czi Ferenc \u2013 1676-1735 \u2013 erd\u00e9lyi fejedelem)<\/strong><\/p>\n<p><strong><em>Kellemes napokat, j\u00f3 munk\u00e1t, \u00e9s sz\u00e9p tal\u00e1lkoz\u00e1sokat k\u00edv\u00e1nunk minden Kedves H\u00edv\u00fcnknek!<\/em><\/strong><\/p>\n","protected":false},"excerpt":{"rendered":"<p>Programel\u0151zetes Okt\u00f3ber 2-\u00e1n, szerd\u00e1n, Stuttgartban 10.15 \u00f3rakor n\u00e9met nyelv\u0171 szentmise. * Okt\u00f3ber 3-\u00e1n, cs\u00fct\u00f6rt\u00f6k\u00f6n, Ulmi d\u00e9lut\u00e1n, 18.30 \u00f3rakor r\u00f3zsaf\u00fcz\u00e9r im\u00e1ds\u00e1g, ut\u00e1na szentmise. Keret\u00e9ben besz\u00e9lget\u00e9sek a Katekizmusr\u00f3l. * Okt\u00f3ber 4-\u00e9n, p\u00e9nteken, Stuttgartban 17.55 \u00f3rakor r\u00f3zsaf\u00fcz\u00e9r \u00e1jtatoss\u00e1g, majd szentmise. Keret\u00e9ben P\u00e9nteki Egyetem, azaz: Besz\u00e9lget\u00e9sek a Katekizmusr\u00f3l. Ut\u00e1na Imak\u00f6r &#8211; Szents\u00e9gim\u00e1d\u00e1s: dics\u0151\u00edt\u00e9s\u00fcnk \u00e9s k\u00e9r\u00e9seink felaj\u00e1nl\u00e1sa a szents\u00e9gi J\u00e9zusnak. Weingartenben, a Marien-Kirche-ben Weingarteni d\u00e9lut\u00e1n: 18.00 \u00f3rakor r\u00f3zsaf\u00fcz\u00e9r im\u00e1ds\u00e1g, ut\u00e1na szentmise. Keret\u00e9ben besz\u00e9lget\u00e9sek a Katekizmusr\u00f3l. * Okt\u00f3ber 5-\u00e9n, szombaton, Balingenben 17.00 \u00f3rakor szentmise, majd \u00e1g\u00e1p\u00e9. * Okt\u00f3ber 6-\u00e1n, \u00e9vk\u00f6zi 27. vas\u00e1rnap, Munderkingenben 9.00 \u00f3rakor szentmise. Schw\u00e4bisch-Gm\u00fcndben 9.30 \u00f3rakor szentmise. Ut\u00e1na \u00e1g\u00e1p\u00e9. Stuttgartban 15.00 \u00f3rakor szentmise. Ut\u00e1na A Nagys\u00e1gos Fejedelem. Megeml\u00e9kez\u00e9s II. R\u00e1k\u00f3czi Ferenc fejedelemr\u0151l sz\u00fclet\u00e9s\u00e9nek 343. \u00e9s hal\u00e1l\u00e1nak 284. \u00e9vfordul\u00f3j\u00e1n. V\u00e9g\u00fcl \u00e1g\u00e1p\u00e9. * Minden helyen mindenkit szeretettel v\u00e1r a k\u00f6z\u00f6ss\u00e9g, Imre atya \u00e9s Tibor atya! \u201eHa hely\u00e9nval\u00f3 az alattval\u00f3 al\u00e1zata a kir\u00e1ly jelenl\u00e9t\u00e9ben, hogyne volna az a teremtm\u00e9nynek az \u0151 teremt\u0151je sz\u00edne el\u0151tt?\u201d (II. R\u00e1k\u00f3czi Ferenc \u2013 1676-1735 \u2013 erd\u00e9lyi fejedelem) Kellemes napokat, j\u00f3 munk\u00e1t, \u00e9s sz\u00e9p tal\u00e1lkoz\u00e1sokat k\u00edv\u00e1nunk minden Kedves H\u00edv\u00fcnknek!<\/p>\n","protected":false},"author":3,"featured_media":0,"comment_status":"closed","ping_status":"closed","sticky":false,"template":"","format":"standard","meta":{"footnotes":""},"categories":[37],"tags":[],"class_list":["post-17582","post","type-post","status-publish","format-standard","hentry","category-progamelozetes"],"yoast_head":"<!-- This site is optimized with the Yoast SEO plugin v27.3 - https:\/\/yoast.com\/product\/yoast-seo-wordpress\/ -->\n<title>Szeptember 30 \u00e9s okt\u00f3ber 6 k\u00f6z\u00f6tt - Stuttgarti Katolikusok<\/title>\n<meta name=\"robots\" content=\"index, follow, max-snippet:-1, max-image-preview:large, max-video-preview:-1\" \/>\n<link rel=\"canonical\" href=\"https:\/\/stuttgarti-katolikusok.de\/index.php\/szeptember-30-es-oktober-6-kozott\/\" \/>\n<meta property=\"og:locale\" content=\"hu_HU\" \/>\n<meta property=\"og:type\" content=\"article\" \/>\n<meta property=\"og:title\" content=\"Szeptember 30 \u00e9s okt\u00f3ber 6 k\u00f6z\u00f6tt - Stuttgarti Katolikusok\" \/>\n<meta property=\"og:description\" content=\"Programel\u0151zetes Okt\u00f3ber 2-\u00e1n, szerd\u00e1n, Stuttgartban 10.15 \u00f3rakor n\u00e9met nyelv\u0171 szentmise. * Okt\u00f3ber 3-\u00e1n, cs\u00fct\u00f6rt\u00f6k\u00f6n, Ulmi d\u00e9lut\u00e1n, 18.30 \u00f3rakor r\u00f3zsaf\u00fcz\u00e9r im\u00e1ds\u00e1g, ut\u00e1na szentmise. Keret\u00e9ben besz\u00e9lget\u00e9sek a Katekizmusr\u00f3l. * Okt\u00f3ber 4-\u00e9n, p\u00e9nteken, Stuttgartban 17.55 \u00f3rakor r\u00f3zsaf\u00fcz\u00e9r \u00e1jtatoss\u00e1g, majd szentmise. Keret\u00e9ben P\u00e9nteki Egyetem, azaz: Besz\u00e9lget\u00e9sek a Katekizmusr\u00f3l. Ut\u00e1na Imak\u00f6r &#8211; Szents\u00e9gim\u00e1d\u00e1s: dics\u0151\u00edt\u00e9s\u00fcnk \u00e9s k\u00e9r\u00e9seink felaj\u00e1nl\u00e1sa a szents\u00e9gi J\u00e9zusnak. Weingartenben, a Marien-Kirche-ben Weingarteni d\u00e9lut\u00e1n: 18.00 \u00f3rakor r\u00f3zsaf\u00fcz\u00e9r im\u00e1ds\u00e1g, ut\u00e1na szentmise. Keret\u00e9ben besz\u00e9lget\u00e9sek a Katekizmusr\u00f3l. * Okt\u00f3ber 5-\u00e9n, szombaton, Balingenben 17.00 \u00f3rakor szentmise, majd \u00e1g\u00e1p\u00e9. * Okt\u00f3ber 6-\u00e1n, \u00e9vk\u00f6zi 27. vas\u00e1rnap, Munderkingenben 9.00 \u00f3rakor szentmise. Schw\u00e4bisch-Gm\u00fcndben 9.30 \u00f3rakor szentmise. Ut\u00e1na \u00e1g\u00e1p\u00e9. Stuttgartban 15.00 \u00f3rakor szentmise. Ut\u00e1na A Nagys\u00e1gos Fejedelem. Megeml\u00e9kez\u00e9s II. R\u00e1k\u00f3czi Ferenc fejedelemr\u0151l sz\u00fclet\u00e9s\u00e9nek 343. \u00e9s hal\u00e1l\u00e1nak 284. \u00e9vfordul\u00f3j\u00e1n. V\u00e9g\u00fcl \u00e1g\u00e1p\u00e9. * Minden helyen mindenkit szeretettel v\u00e1r a k\u00f6z\u00f6ss\u00e9g, Imre atya \u00e9s Tibor atya! \u201eHa hely\u00e9nval\u00f3 az alattval\u00f3 al\u00e1zata a kir\u00e1ly jelenl\u00e9t\u00e9ben, hogyne volna az a teremtm\u00e9nynek az \u0151 teremt\u0151je sz\u00edne el\u0151tt?\u201d (II. R\u00e1k\u00f3czi Ferenc \u2013 1676-1735 \u2013 erd\u00e9lyi fejedelem) Kellemes napokat, j\u00f3 munk\u00e1t, \u00e9s sz\u00e9p tal\u00e1lkoz\u00e1sokat k\u00edv\u00e1nunk minden Kedves H\u00edv\u00fcnknek!\" \/>\n<meta property=\"og:url\" content=\"https:\/\/stuttgarti-katolikusok.de\/index.php\/szeptember-30-es-oktober-6-kozott\/\" \/>\n<meta property=\"og:site_name\" content=\"Stuttgarti Katolikusok\" \/>\n<meta property=\"article:published_time\" content=\"2019-09-30T08:18:52+00:00\" \/>\n<meta property=\"article:modified_time\" content=\"2020-04-27T08:44:21+00:00\" \/>\n<meta name=\"author\" content=\"Tibor atya\" \/>\n<meta name=\"twitter:card\" content=\"summary_large_image\" \/>\n<meta name=\"twitter:label1\" content=\"Szerz\u0151:\" \/>\n\t<meta name=\"twitter:data1\" content=\"Tibor atya\" \/>\n\t<meta name=\"twitter:label2\" content=\"Becs\u00fclt olvas\u00e1si id\u0151\" \/>\n\t<meta name=\"twitter:data2\" content=\"1 perc\" \/>\n<script type=\"application\/ld+json\" class=\"yoast-schema-graph\">{\"@context\":\"https:\\\/\\\/schema.org\",\"@graph\":[{\"@type\":\"Article\",\"@id\":\"https:\\\/\\\/stuttgarti-katolikusok.de\\\/index.php\\\/szeptember-30-es-oktober-6-kozott\\\/#article\",\"isPartOf\":{\"@id\":\"https:\\\/\\\/stuttgarti-katolikusok.de\\\/index.php\\\/szeptember-30-es-oktober-6-kozott\\\/\"},\"author\":{\"name\":\"Tibor atya\",\"@id\":\"https:\\\/\\\/stuttgarti-katolikusok.de\\\/#\\\/schema\\\/person\\\/75908d6f8fdc03a57889d27209df7795\"},\"headline\":\"Szeptember 30 \u00e9s okt\u00f3ber 6 k\u00f6z\u00f6tt\",\"datePublished\":\"2019-09-30T08:18:52+00:00\",\"dateModified\":\"2020-04-27T08:44:21+00:00\",\"mainEntityOfPage\":{\"@id\":\"https:\\\/\\\/stuttgarti-katolikusok.de\\\/index.php\\\/szeptember-30-es-oktober-6-kozott\\\/\"},\"wordCount\":268,\"articleSection\":[\"Progamel\u0151zetes\"],\"inLanguage\":\"hu\"},{\"@type\":\"WebPage\",\"@id\":\"https:\\\/\\\/stuttgarti-katolikusok.de\\\/index.php\\\/szeptember-30-es-oktober-6-kozott\\\/\",\"url\":\"https:\\\/\\\/stuttgarti-katolikusok.de\\\/index.php\\\/szeptember-30-es-oktober-6-kozott\\\/\",\"name\":\"Szeptember 30 \u00e9s okt\u00f3ber 6 k\u00f6z\u00f6tt - Stuttgarti Katolikusok\",\"isPartOf\":{\"@id\":\"https:\\\/\\\/stuttgarti-katolikusok.de\\\/#website\"},\"datePublished\":\"2019-09-30T08:18:52+00:00\",\"dateModified\":\"2020-04-27T08:44:21+00:00\",\"author\":{\"@id\":\"https:\\\/\\\/stuttgarti-katolikusok.de\\\/#\\\/schema\\\/person\\\/75908d6f8fdc03a57889d27209df7795\"},\"breadcrumb\":{\"@id\":\"https:\\\/\\\/stuttgarti-katolikusok.de\\\/index.php\\\/szeptember-30-es-oktober-6-kozott\\\/#breadcrumb\"},\"inLanguage\":\"hu\",\"potentialAction\":[{\"@type\":\"ReadAction\",\"target\":[\"https:\\\/\\\/stuttgarti-katolikusok.de\\\/index.php\\\/szeptember-30-es-oktober-6-kozott\\\/\"]}]},{\"@type\":\"BreadcrumbList\",\"@id\":\"https:\\\/\\\/stuttgarti-katolikusok.de\\\/index.php\\\/szeptember-30-es-oktober-6-kozott\\\/#breadcrumb\",\"itemListElement\":[{\"@type\":\"ListItem\",\"position\":1,\"name\":\"Kezd\u0151lap\",\"item\":\"https:\\\/\\\/stuttgarti-katolikusok.de\\\/\"},{\"@type\":\"ListItem\",\"position\":2,\"name\":\"Szeptember 30 \u00e9s okt\u00f3ber 6 k\u00f6z\u00f6tt\"}]},{\"@type\":\"WebSite\",\"@id\":\"https:\\\/\\\/stuttgarti-katolikusok.de\\\/#website\",\"url\":\"https:\\\/\\\/stuttgarti-katolikusok.de\\\/\",\"name\":\"Stuttgarti Katolikusok\",\"description\":\"\",\"potentialAction\":[{\"@type\":\"SearchAction\",\"target\":{\"@type\":\"EntryPoint\",\"urlTemplate\":\"https:\\\/\\\/stuttgarti-katolikusok.de\\\/?s={search_term_string}\"},\"query-input\":{\"@type\":\"PropertyValueSpecification\",\"valueRequired\":true,\"valueName\":\"search_term_string\"}}],\"inLanguage\":\"hu\"},{\"@type\":\"Person\",\"@id\":\"https:\\\/\\\/stuttgarti-katolikusok.de\\\/#\\\/schema\\\/person\\\/75908d6f8fdc03a57889d27209df7795\",\"name\":\"Tibor atya\",\"image\":{\"@type\":\"ImageObject\",\"inLanguage\":\"hu\",\"@id\":\"https:\\\/\\\/secure.gravatar.com\\\/avatar\\\/61d268e57d1f4525b111222e29d2d5a7f8c420fdbf231ba5566a8ceac74fa960?s=96&d=mm&r=g\",\"url\":\"https:\\\/\\\/secure.gravatar.com\\\/avatar\\\/61d268e57d1f4525b111222e29d2d5a7f8c420fdbf231ba5566a8ceac74fa960?s=96&d=mm&r=g\",\"contentUrl\":\"https:\\\/\\\/secure.gravatar.com\\\/avatar\\\/61d268e57d1f4525b111222e29d2d5a7f8c420fdbf231ba5566a8ceac74fa960?s=96&d=mm&r=g\",\"caption\":\"Tibor atya\"},\"url\":\"https:\\\/\\\/stuttgarti-katolikusok.de\\\/index.php\\\/author\\\/tibor-atya\\\/\"}]}<\/script>\n<!-- \/ Yoast SEO plugin. -->","yoast_head_json":{"title":"Szeptember 30 \u00e9s okt\u00f3ber 6 k\u00f6z\u00f6tt - Stuttgarti Katolikusok","robots":{"index":"index","follow":"follow","max-snippet":"max-snippet:-1","max-image-preview":"max-image-preview:large","max-video-preview":"max-video-preview:-1"},"canonical":"https:\/\/stuttgarti-katolikusok.de\/index.php\/szeptember-30-es-oktober-6-kozott\/","og_locale":"hu_HU","og_type":"article","og_title":"Szeptember 30 \u00e9s okt\u00f3ber 6 k\u00f6z\u00f6tt - Stuttgarti Katolikusok","og_description":"Programel\u0151zetes Okt\u00f3ber 2-\u00e1n, szerd\u00e1n, Stuttgartban 10.15 \u00f3rakor n\u00e9met nyelv\u0171 szentmise. * Okt\u00f3ber 3-\u00e1n, cs\u00fct\u00f6rt\u00f6k\u00f6n, Ulmi d\u00e9lut\u00e1n, 18.30 \u00f3rakor r\u00f3zsaf\u00fcz\u00e9r im\u00e1ds\u00e1g, ut\u00e1na szentmise. Keret\u00e9ben besz\u00e9lget\u00e9sek a Katekizmusr\u00f3l. * Okt\u00f3ber 4-\u00e9n, p\u00e9nteken, Stuttgartban 17.55 \u00f3rakor r\u00f3zsaf\u00fcz\u00e9r \u00e1jtatoss\u00e1g, majd szentmise. Keret\u00e9ben P\u00e9nteki Egyetem, azaz: Besz\u00e9lget\u00e9sek a Katekizmusr\u00f3l. Ut\u00e1na Imak\u00f6r &#8211; Szents\u00e9gim\u00e1d\u00e1s: dics\u0151\u00edt\u00e9s\u00fcnk \u00e9s k\u00e9r\u00e9seink felaj\u00e1nl\u00e1sa a szents\u00e9gi J\u00e9zusnak. Weingartenben, a Marien-Kirche-ben Weingarteni d\u00e9lut\u00e1n: 18.00 \u00f3rakor r\u00f3zsaf\u00fcz\u00e9r im\u00e1ds\u00e1g, ut\u00e1na szentmise. Keret\u00e9ben besz\u00e9lget\u00e9sek a Katekizmusr\u00f3l. * Okt\u00f3ber 5-\u00e9n, szombaton, Balingenben 17.00 \u00f3rakor szentmise, majd \u00e1g\u00e1p\u00e9. * Okt\u00f3ber 6-\u00e1n, \u00e9vk\u00f6zi 27. vas\u00e1rnap, Munderkingenben 9.00 \u00f3rakor szentmise. Schw\u00e4bisch-Gm\u00fcndben 9.30 \u00f3rakor szentmise. Ut\u00e1na \u00e1g\u00e1p\u00e9. Stuttgartban 15.00 \u00f3rakor szentmise. Ut\u00e1na A Nagys\u00e1gos Fejedelem. Megeml\u00e9kez\u00e9s II. R\u00e1k\u00f3czi Ferenc fejedelemr\u0151l sz\u00fclet\u00e9s\u00e9nek 343. \u00e9s hal\u00e1l\u00e1nak 284. \u00e9vfordul\u00f3j\u00e1n. V\u00e9g\u00fcl \u00e1g\u00e1p\u00e9. * Minden helyen mindenkit szeretettel v\u00e1r a k\u00f6z\u00f6ss\u00e9g, Imre atya \u00e9s Tibor atya! \u201eHa hely\u00e9nval\u00f3 az alattval\u00f3 al\u00e1zata a kir\u00e1ly jelenl\u00e9t\u00e9ben, hogyne volna az a teremtm\u00e9nynek az \u0151 teremt\u0151je sz\u00edne el\u0151tt?\u201d (II. R\u00e1k\u00f3czi Ferenc \u2013 1676-1735 \u2013 erd\u00e9lyi fejedelem) Kellemes napokat, j\u00f3 munk\u00e1t, \u00e9s sz\u00e9p tal\u00e1lkoz\u00e1sokat k\u00edv\u00e1nunk minden Kedves H\u00edv\u00fcnknek!","og_url":"https:\/\/stuttgarti-katolikusok.de\/index.php\/szeptember-30-es-oktober-6-kozott\/","og_site_name":"Stuttgarti Katolikusok","article_published_time":"2019-09-30T08:18:52+00:00","article_modified_time":"2020-04-27T08:44:21+00:00","author":"Tibor atya","twitter_card":"summary_large_image","twitter_misc":{"Szerz\u0151:":"Tibor atya","Becs\u00fclt olvas\u00e1si id\u0151":"1 perc"},"schema":{"@context":"https:\/\/schema.org","@graph":[{"@type":"Article","@id":"https:\/\/stuttgarti-katolikusok.de\/index.php\/szeptember-30-es-oktober-6-kozott\/#article","isPartOf":{"@id":"https:\/\/stuttgarti-katolikusok.de\/index.php\/szeptember-30-es-oktober-6-kozott\/"},"author":{"name":"Tibor atya","@id":"https:\/\/stuttgarti-katolikusok.de\/#\/schema\/person\/75908d6f8fdc03a57889d27209df7795"},"headline":"Szeptember 30 \u00e9s okt\u00f3ber 6 k\u00f6z\u00f6tt","datePublished":"2019-09-30T08:18:52+00:00","dateModified":"2020-04-27T08:44:21+00:00","mainEntityOfPage":{"@id":"https:\/\/stuttgarti-katolikusok.de\/index.php\/szeptember-30-es-oktober-6-kozott\/"},"wordCount":268,"articleSection":["Progamel\u0151zetes"],"inLanguage":"hu"},{"@type":"WebPage","@id":"https:\/\/stuttgarti-katolikusok.de\/index.php\/szeptember-30-es-oktober-6-kozott\/","url":"https:\/\/stuttgarti-katolikusok.de\/index.php\/szeptember-30-es-oktober-6-kozott\/","name":"Szeptember 30 \u00e9s okt\u00f3ber 6 k\u00f6z\u00f6tt - Stuttgarti Katolikusok","isPartOf":{"@id":"https:\/\/stuttgarti-katolikusok.de\/#website"},"datePublished":"2019-09-30T08:18:52+00:00","dateModified":"2020-04-27T08:44:21+00:00","author":{"@id":"https:\/\/stuttgarti-katolikusok.de\/#\/schema\/person\/75908d6f8fdc03a57889d27209df7795"},"breadcrumb":{"@id":"https:\/\/stuttgarti-katolikusok.de\/index.php\/szeptember-30-es-oktober-6-kozott\/#breadcrumb"},"inLanguage":"hu","potentialAction":[{"@type":"ReadAction","target":["https:\/\/stuttgarti-katolikusok.de\/index.php\/szeptember-30-es-oktober-6-kozott\/"]}]},{"@type":"BreadcrumbList","@id":"https:\/\/stuttgarti-katolikusok.de\/index.php\/szeptember-30-es-oktober-6-kozott\/#breadcrumb","itemListElement":[{"@type":"ListItem","position":1,"name":"Kezd\u0151lap","item":"https:\/\/stuttgarti-katolikusok.de\/"},{"@type":"ListItem","position":2,"name":"Szeptember 30 \u00e9s okt\u00f3ber 6 k\u00f6z\u00f6tt"}]},{"@type":"WebSite","@id":"https:\/\/stuttgarti-katolikusok.de\/#website","url":"https:\/\/stuttgarti-katolikusok.de\/","name":"Stuttgarti Katolikusok","description":"","potentialAction":[{"@type":"SearchAction","target":{"@type":"EntryPoint","urlTemplate":"https:\/\/stuttgarti-katolikusok.de\/?s={search_term_string}"},"query-input":{"@type":"PropertyValueSpecification","valueRequired":true,"valueName":"search_term_string"}}],"inLanguage":"hu"},{"@type":"Person","@id":"https:\/\/stuttgarti-katolikusok.de\/#\/schema\/person\/75908d6f8fdc03a57889d27209df7795","name":"Tibor atya","image":{"@type":"ImageObject","inLanguage":"hu","@id":"https:\/\/secure.gravatar.com\/avatar\/61d268e57d1f4525b111222e29d2d5a7f8c420fdbf231ba5566a8ceac74fa960?s=96&d=mm&r=g","url":"https:\/\/secure.gravatar.com\/avatar\/61d268e57d1f4525b111222e29d2d5a7f8c420fdbf231ba5566a8ceac74fa960?s=96&d=mm&r=g","contentUrl":"https:\/\/secure.gravatar.com\/avatar\/61d268e57d1f4525b111222e29d2d5a7f8c420fdbf231ba5566a8ceac74fa960?s=96&d=mm&r=g","caption":"Tibor atya"},"url":"https:\/\/stuttgarti-katolikusok.de\/index.php\/author\/tibor-atya\/"}]}},"_links":{"self":[{"href":"https:\/\/stuttgarti-katolikusok.de\/index.php\/wp-json\/wp\/v2\/posts\/17582","targetHints":{"allow":["GET"]}}],"collection":[{"href":"https:\/\/stuttgarti-katolikusok.de\/index.php\/wp-json\/wp\/v2\/posts"}],"about":[{"href":"https:\/\/stuttgarti-katolikusok.de\/index.php\/wp-json\/wp\/v2\/types\/post"}],"author":[{"embeddable":true,"href":"https:\/\/stuttgarti-katolikusok.de\/index.php\/wp-json\/wp\/v2\/users\/3"}],"replies":[{"embeddable":true,"href":"https:\/\/stuttgarti-katolikusok.de\/index.php\/wp-json\/wp\/v2\/comments?post=17582"}],"version-history":[{"count":2,"href":"https:\/\/stuttgarti-katolikusok.de\/index.php\/wp-json\/wp\/v2\/posts\/17582\/revisions"}],"predecessor-version":[{"id":17586,"href":"https:\/\/stuttgarti-katolikusok.de\/index.php\/wp-json\/wp\/v2\/posts\/17582\/revisions\/17586"}],"wp:attachment":[{"href":"https:\/\/stuttgarti-katolikusok.de\/index.php\/wp-json\/wp\/v2\/media?parent=17582"}],"wp:term":[{"taxonomy":"category","embeddable":true,"href":"https:\/\/stuttgarti-katolikusok.de\/index.php\/wp-json\/wp\/v2\/categories?post=17582"},{"taxonomy":"post_tag","embeddable":true,"href":"https:\/\/stuttgarti-katolikusok.de\/index.php\/wp-json\/wp\/v2\/tags?post=17582"}],"curies":[{"name":"wp","href":"https:\/\/api.w.org\/{rel}","templated":true}]}}