{"id":17468,"date":"2019-09-16T09:36:49","date_gmt":"2019-09-16T09:36:49","guid":{"rendered":"https:\/\/gracious-dewdney.138-201-221-2.plesk.page\/?p=17468"},"modified":"2020-04-27T08:46:00","modified_gmt":"2020-04-27T08:46:00","slug":"szeptember-16-es-22-kozott","status":"publish","type":"post","link":"https:\/\/stuttgarti-katolikusok.de\/index.php\/szeptember-16-es-22-kozott\/","title":{"rendered":"Szeptember 16 \u00e9s 22 k\u00f6z\u00f6tt"},"content":{"rendered":"<p><strong>Programel\u0151zetes<\/strong><\/p>\n<p>&nbsp;<\/p>\n<p><strong>Szeptember 19-\u00e9n, <\/strong>cs\u00fct\u00f6rt\u00f6k\u00f6n,<\/p>\n<p><strong>Ulmi d\u00e9lut\u00e1n,<\/strong> 18.30 \u00f3rakor <em>r\u00f3zsaf\u00fcz\u00e9r im\u00e1ds\u00e1g<\/em>, ut\u00e1na <em>szentmise<\/em>. Keret\u00e9ben <em>besz\u00e9lget\u00e9sek a Katekizmusr\u00f3l.<\/em><\/p>\n<p style=\"text-align: center;\">*<\/p>\n<p><strong>Szeptember 20-\u00e1n, <\/strong>p\u00e9nteken,<\/p>\n<p><strong>Stuttgartban<\/strong> 17.55 \u00f3rakor <em>r\u00f3zsaf\u00fcz\u00e9r \u00e1jtatoss\u00e1g, <\/em>majd <em>szentmise. <\/em>Keret\u00e9ben <em>P\u00e9nteki Egyetem, <\/em>azaz: <em>Besz\u00e9lget\u00e9sek a Katekizmusr\u00f3l. <\/em>Ut\u00e1na <em>Bibliak\u00f6r<\/em>.<\/p>\n<p><strong>Weingarteni d\u00e9lut\u00e1n<\/strong> a Marien-Kirche-ben. 18.30 \u00f3rakor <em>r\u00f3zsaf\u00fcz\u00e9r im\u00e1ds\u00e1g, <\/em>ut\u00e1na\u00a0 <em>szentmise.<\/em> Keret\u00e9ben <em>besz\u00e9lget\u00e9sek a Katekizmusr\u00f3l.<\/em><\/p>\n<p style=\"text-align: center;\">*<\/p>\n<p><strong>Szeptember 21-\u00e9n, <\/strong>szombaton,<\/p>\n<p><strong>Reutlingenben <\/strong>16.30 \u00f3rakor <em>szentmise, <\/em>majd <em>\u00e1g\u00e1p\u00e9.<\/em><\/p>\n<p style=\"text-align: center;\">*<\/p>\n<p><strong>Szeptember 22-\u00e9n, <\/strong>\u00e9vk\u00f6zi 25. vas\u00e1rnap,<\/p>\n<p><strong>Biberachban <\/strong>8.45 \u00f3rakor <em>szentmise, <\/em>ut\u00e1na <em>\u00e1g\u00e1p\u00e9.<\/em><\/p>\n<p><strong>B\u00f6blingenben<\/strong> 9.30 \u00f3rakor <em>szentmise<\/em>, ut\u00e1na <em>\u00e1g\u00e1p\u00e9<\/em>.<\/p>\n<p><strong>Ulmban <\/strong>12.00 \u00f3rakor <em>szentmise.<\/em><\/p>\n<p><strong>Eislingenben <\/strong>15.00 \u00f3rakor <em>szentmise, <\/em>ut\u00e1na <em>\u00e1g\u00e1p\u00e9.<\/em><\/p>\n<p><strong>Heilbronnban<\/strong> 15.30 \u00f3rakor <em>szentmise<\/em>, ut\u00e1na <em>\u00e1g\u00e1p\u00e9<\/em>.<\/p>\n<p style=\"text-align: center;\">*<\/p>\n<p>Minden helyen mindenkit szeretettel v\u00e1r a k\u00f6z\u00f6ss\u00e9g, Imre atya \u00e9s Tibor atya!<\/p>\n<p><em>\u201eHa hallgatsz, hallgass szeretetb\u0151l. Ha besz\u00e9lsz, besz\u00e9lj szeretetb\u0151l. Ha figyelmeztetsz, figyelmeztess szeretetb\u0151l. Ha megbocs\u00e1tasz, bocs\u00e1ss meg szeretetb\u0151l.\u201d <\/em><strong>(Szent \u00c1goston \u2013 354-430 \u2013 egyh\u00e1zatya, teol\u00f3gus, filoz\u00f3fus)<\/strong><\/p>\n<p><strong><em>\u00a0<\/em><\/strong><\/p>\n<p><strong><em>Kellemes napokat, j\u00f3 tal\u00e1lkoz\u00e1sokat \u00e9s sok \u00f6r\u00f6met k\u00edv\u00e1nunk minden Kedves H\u00edv\u00fcnknek!<\/em><\/strong><\/p>\n","protected":false},"excerpt":{"rendered":"<p>Programel\u0151zetes &nbsp; Szeptember 19-\u00e9n, cs\u00fct\u00f6rt\u00f6k\u00f6n, Ulmi d\u00e9lut\u00e1n, 18.30 \u00f3rakor r\u00f3zsaf\u00fcz\u00e9r im\u00e1ds\u00e1g, ut\u00e1na szentmise. Keret\u00e9ben besz\u00e9lget\u00e9sek a Katekizmusr\u00f3l. * Szeptember 20-\u00e1n, p\u00e9nteken, Stuttgartban 17.55 \u00f3rakor r\u00f3zsaf\u00fcz\u00e9r \u00e1jtatoss\u00e1g, majd szentmise. Keret\u00e9ben P\u00e9nteki Egyetem, azaz: Besz\u00e9lget\u00e9sek a Katekizmusr\u00f3l. Ut\u00e1na Bibliak\u00f6r. Weingarteni d\u00e9lut\u00e1n a Marien-Kirche-ben. 18.30 \u00f3rakor r\u00f3zsaf\u00fcz\u00e9r im\u00e1ds\u00e1g, ut\u00e1na\u00a0 szentmise. Keret\u00e9ben besz\u00e9lget\u00e9sek a Katekizmusr\u00f3l. * Szeptember 21-\u00e9n, szombaton, Reutlingenben 16.30 \u00f3rakor szentmise, majd \u00e1g\u00e1p\u00e9. * Szeptember 22-\u00e9n, \u00e9vk\u00f6zi 25. vas\u00e1rnap, Biberachban 8.45 \u00f3rakor szentmise, ut\u00e1na \u00e1g\u00e1p\u00e9. B\u00f6blingenben 9.30 \u00f3rakor szentmise, ut\u00e1na \u00e1g\u00e1p\u00e9. Ulmban 12.00 \u00f3rakor szentmise. Eislingenben 15.00 \u00f3rakor szentmise, ut\u00e1na \u00e1g\u00e1p\u00e9. Heilbronnban 15.30 \u00f3rakor szentmise, ut\u00e1na \u00e1g\u00e1p\u00e9. * Minden helyen mindenkit szeretettel v\u00e1r a k\u00f6z\u00f6ss\u00e9g, Imre atya \u00e9s Tibor atya! \u201eHa hallgatsz, hallgass szeretetb\u0151l. Ha besz\u00e9lsz, besz\u00e9lj szeretetb\u0151l. Ha figyelmeztetsz, figyelmeztess szeretetb\u0151l. Ha megbocs\u00e1tasz, bocs\u00e1ss meg szeretetb\u0151l.\u201d (Szent \u00c1goston \u2013 354-430 \u2013 egyh\u00e1zatya, teol\u00f3gus, filoz\u00f3fus) \u00a0 Kellemes napokat, j\u00f3 tal\u00e1lkoz\u00e1sokat \u00e9s sok \u00f6r\u00f6met k\u00edv\u00e1nunk minden Kedves H\u00edv\u00fcnknek!<\/p>\n","protected":false},"author":3,"featured_media":0,"comment_status":"closed","ping_status":"closed","sticky":false,"template":"","format":"standard","meta":{"footnotes":""},"categories":[37],"tags":[],"class_list":["post-17468","post","type-post","status-publish","format-standard","hentry","category-progamelozetes"],"yoast_head":"<!-- This site is optimized with the Yoast SEO plugin v27.3 - https:\/\/yoast.com\/product\/yoast-seo-wordpress\/ -->\n<title>Szeptember 16 \u00e9s 22 k\u00f6z\u00f6tt - Stuttgarti Katolikusok<\/title>\n<meta name=\"robots\" content=\"index, follow, max-snippet:-1, max-image-preview:large, max-video-preview:-1\" \/>\n<link rel=\"canonical\" href=\"https:\/\/stuttgarti-katolikusok.de\/index.php\/szeptember-16-es-22-kozott\/\" \/>\n<meta property=\"og:locale\" content=\"hu_HU\" \/>\n<meta property=\"og:type\" content=\"article\" \/>\n<meta property=\"og:title\" content=\"Szeptember 16 \u00e9s 22 k\u00f6z\u00f6tt - Stuttgarti Katolikusok\" \/>\n<meta property=\"og:description\" content=\"Programel\u0151zetes &nbsp; Szeptember 19-\u00e9n, cs\u00fct\u00f6rt\u00f6k\u00f6n, Ulmi d\u00e9lut\u00e1n, 18.30 \u00f3rakor r\u00f3zsaf\u00fcz\u00e9r im\u00e1ds\u00e1g, ut\u00e1na szentmise. Keret\u00e9ben besz\u00e9lget\u00e9sek a Katekizmusr\u00f3l. * Szeptember 20-\u00e1n, p\u00e9nteken, Stuttgartban 17.55 \u00f3rakor r\u00f3zsaf\u00fcz\u00e9r \u00e1jtatoss\u00e1g, majd szentmise. Keret\u00e9ben P\u00e9nteki Egyetem, azaz: Besz\u00e9lget\u00e9sek a Katekizmusr\u00f3l. Ut\u00e1na Bibliak\u00f6r. Weingarteni d\u00e9lut\u00e1n a Marien-Kirche-ben. 18.30 \u00f3rakor r\u00f3zsaf\u00fcz\u00e9r im\u00e1ds\u00e1g, ut\u00e1na\u00a0 szentmise. Keret\u00e9ben besz\u00e9lget\u00e9sek a Katekizmusr\u00f3l. * Szeptember 21-\u00e9n, szombaton, Reutlingenben 16.30 \u00f3rakor szentmise, majd \u00e1g\u00e1p\u00e9. * Szeptember 22-\u00e9n, \u00e9vk\u00f6zi 25. vas\u00e1rnap, Biberachban 8.45 \u00f3rakor szentmise, ut\u00e1na \u00e1g\u00e1p\u00e9. B\u00f6blingenben 9.30 \u00f3rakor szentmise, ut\u00e1na \u00e1g\u00e1p\u00e9. Ulmban 12.00 \u00f3rakor szentmise. Eislingenben 15.00 \u00f3rakor szentmise, ut\u00e1na \u00e1g\u00e1p\u00e9. Heilbronnban 15.30 \u00f3rakor szentmise, ut\u00e1na \u00e1g\u00e1p\u00e9. * Minden helyen mindenkit szeretettel v\u00e1r a k\u00f6z\u00f6ss\u00e9g, Imre atya \u00e9s Tibor atya! \u201eHa hallgatsz, hallgass szeretetb\u0151l. Ha besz\u00e9lsz, besz\u00e9lj szeretetb\u0151l. Ha figyelmeztetsz, figyelmeztess szeretetb\u0151l. Ha megbocs\u00e1tasz, bocs\u00e1ss meg szeretetb\u0151l.\u201d (Szent \u00c1goston \u2013 354-430 \u2013 egyh\u00e1zatya, teol\u00f3gus, filoz\u00f3fus) \u00a0 Kellemes napokat, j\u00f3 tal\u00e1lkoz\u00e1sokat \u00e9s sok \u00f6r\u00f6met k\u00edv\u00e1nunk minden Kedves H\u00edv\u00fcnknek!\" \/>\n<meta property=\"og:url\" content=\"https:\/\/stuttgarti-katolikusok.de\/index.php\/szeptember-16-es-22-kozott\/\" \/>\n<meta property=\"og:site_name\" content=\"Stuttgarti Katolikusok\" \/>\n<meta property=\"article:published_time\" content=\"2019-09-16T09:36:49+00:00\" \/>\n<meta property=\"article:modified_time\" content=\"2020-04-27T08:46:00+00:00\" \/>\n<meta name=\"author\" content=\"Tibor atya\" \/>\n<meta name=\"twitter:card\" content=\"summary_large_image\" \/>\n<meta name=\"twitter:label1\" content=\"Szerz\u0151:\" \/>\n\t<meta name=\"twitter:data1\" content=\"Tibor atya\" \/>\n\t<meta name=\"twitter:label2\" content=\"Becs\u00fclt olvas\u00e1si id\u0151\" \/>\n\t<meta name=\"twitter:data2\" content=\"1 perc\" \/>\n<script type=\"application\/ld+json\" class=\"yoast-schema-graph\">{\"@context\":\"https:\\\/\\\/schema.org\",\"@graph\":[{\"@type\":\"Article\",\"@id\":\"https:\\\/\\\/stuttgarti-katolikusok.de\\\/index.php\\\/szeptember-16-es-22-kozott\\\/#article\",\"isPartOf\":{\"@id\":\"https:\\\/\\\/stuttgarti-katolikusok.de\\\/index.php\\\/szeptember-16-es-22-kozott\\\/\"},\"author\":{\"name\":\"Tibor atya\",\"@id\":\"https:\\\/\\\/stuttgarti-katolikusok.de\\\/#\\\/schema\\\/person\\\/75908d6f8fdc03a57889d27209df7795\"},\"headline\":\"Szeptember 16 \u00e9s 22 k\u00f6z\u00f6tt\",\"datePublished\":\"2019-09-16T09:36:49+00:00\",\"dateModified\":\"2020-04-27T08:46:00+00:00\",\"mainEntityOfPage\":{\"@id\":\"https:\\\/\\\/stuttgarti-katolikusok.de\\\/index.php\\\/szeptember-16-es-22-kozott\\\/\"},\"wordCount\":212,\"articleSection\":[\"Progamel\u0151zetes\"],\"inLanguage\":\"hu\"},{\"@type\":\"WebPage\",\"@id\":\"https:\\\/\\\/stuttgarti-katolikusok.de\\\/index.php\\\/szeptember-16-es-22-kozott\\\/\",\"url\":\"https:\\\/\\\/stuttgarti-katolikusok.de\\\/index.php\\\/szeptember-16-es-22-kozott\\\/\",\"name\":\"Szeptember 16 \u00e9s 22 k\u00f6z\u00f6tt - Stuttgarti Katolikusok\",\"isPartOf\":{\"@id\":\"https:\\\/\\\/stuttgarti-katolikusok.de\\\/#website\"},\"datePublished\":\"2019-09-16T09:36:49+00:00\",\"dateModified\":\"2020-04-27T08:46:00+00:00\",\"author\":{\"@id\":\"https:\\\/\\\/stuttgarti-katolikusok.de\\\/#\\\/schema\\\/person\\\/75908d6f8fdc03a57889d27209df7795\"},\"breadcrumb\":{\"@id\":\"https:\\\/\\\/stuttgarti-katolikusok.de\\\/index.php\\\/szeptember-16-es-22-kozott\\\/#breadcrumb\"},\"inLanguage\":\"hu\",\"potentialAction\":[{\"@type\":\"ReadAction\",\"target\":[\"https:\\\/\\\/stuttgarti-katolikusok.de\\\/index.php\\\/szeptember-16-es-22-kozott\\\/\"]}]},{\"@type\":\"BreadcrumbList\",\"@id\":\"https:\\\/\\\/stuttgarti-katolikusok.de\\\/index.php\\\/szeptember-16-es-22-kozott\\\/#breadcrumb\",\"itemListElement\":[{\"@type\":\"ListItem\",\"position\":1,\"name\":\"Kezd\u0151lap\",\"item\":\"https:\\\/\\\/stuttgarti-katolikusok.de\\\/\"},{\"@type\":\"ListItem\",\"position\":2,\"name\":\"Szeptember 16 \u00e9s 22 k\u00f6z\u00f6tt\"}]},{\"@type\":\"WebSite\",\"@id\":\"https:\\\/\\\/stuttgarti-katolikusok.de\\\/#website\",\"url\":\"https:\\\/\\\/stuttgarti-katolikusok.de\\\/\",\"name\":\"Stuttgarti Katolikusok\",\"description\":\"\",\"potentialAction\":[{\"@type\":\"SearchAction\",\"target\":{\"@type\":\"EntryPoint\",\"urlTemplate\":\"https:\\\/\\\/stuttgarti-katolikusok.de\\\/?s={search_term_string}\"},\"query-input\":{\"@type\":\"PropertyValueSpecification\",\"valueRequired\":true,\"valueName\":\"search_term_string\"}}],\"inLanguage\":\"hu\"},{\"@type\":\"Person\",\"@id\":\"https:\\\/\\\/stuttgarti-katolikusok.de\\\/#\\\/schema\\\/person\\\/75908d6f8fdc03a57889d27209df7795\",\"name\":\"Tibor atya\",\"image\":{\"@type\":\"ImageObject\",\"inLanguage\":\"hu\",\"@id\":\"https:\\\/\\\/secure.gravatar.com\\\/avatar\\\/61d268e57d1f4525b111222e29d2d5a7f8c420fdbf231ba5566a8ceac74fa960?s=96&d=mm&r=g\",\"url\":\"https:\\\/\\\/secure.gravatar.com\\\/avatar\\\/61d268e57d1f4525b111222e29d2d5a7f8c420fdbf231ba5566a8ceac74fa960?s=96&d=mm&r=g\",\"contentUrl\":\"https:\\\/\\\/secure.gravatar.com\\\/avatar\\\/61d268e57d1f4525b111222e29d2d5a7f8c420fdbf231ba5566a8ceac74fa960?s=96&d=mm&r=g\",\"caption\":\"Tibor atya\"},\"url\":\"https:\\\/\\\/stuttgarti-katolikusok.de\\\/index.php\\\/author\\\/tibor-atya\\\/\"}]}<\/script>\n<!-- \/ Yoast SEO plugin. -->","yoast_head_json":{"title":"Szeptember 16 \u00e9s 22 k\u00f6z\u00f6tt - Stuttgarti Katolikusok","robots":{"index":"index","follow":"follow","max-snippet":"max-snippet:-1","max-image-preview":"max-image-preview:large","max-video-preview":"max-video-preview:-1"},"canonical":"https:\/\/stuttgarti-katolikusok.de\/index.php\/szeptember-16-es-22-kozott\/","og_locale":"hu_HU","og_type":"article","og_title":"Szeptember 16 \u00e9s 22 k\u00f6z\u00f6tt - Stuttgarti Katolikusok","og_description":"Programel\u0151zetes &nbsp; Szeptember 19-\u00e9n, cs\u00fct\u00f6rt\u00f6k\u00f6n, Ulmi d\u00e9lut\u00e1n, 18.30 \u00f3rakor r\u00f3zsaf\u00fcz\u00e9r im\u00e1ds\u00e1g, ut\u00e1na szentmise. Keret\u00e9ben besz\u00e9lget\u00e9sek a Katekizmusr\u00f3l. * Szeptember 20-\u00e1n, p\u00e9nteken, Stuttgartban 17.55 \u00f3rakor r\u00f3zsaf\u00fcz\u00e9r \u00e1jtatoss\u00e1g, majd szentmise. Keret\u00e9ben P\u00e9nteki Egyetem, azaz: Besz\u00e9lget\u00e9sek a Katekizmusr\u00f3l. Ut\u00e1na Bibliak\u00f6r. Weingarteni d\u00e9lut\u00e1n a Marien-Kirche-ben. 18.30 \u00f3rakor r\u00f3zsaf\u00fcz\u00e9r im\u00e1ds\u00e1g, ut\u00e1na\u00a0 szentmise. Keret\u00e9ben besz\u00e9lget\u00e9sek a Katekizmusr\u00f3l. * Szeptember 21-\u00e9n, szombaton, Reutlingenben 16.30 \u00f3rakor szentmise, majd \u00e1g\u00e1p\u00e9. * Szeptember 22-\u00e9n, \u00e9vk\u00f6zi 25. vas\u00e1rnap, Biberachban 8.45 \u00f3rakor szentmise, ut\u00e1na \u00e1g\u00e1p\u00e9. B\u00f6blingenben 9.30 \u00f3rakor szentmise, ut\u00e1na \u00e1g\u00e1p\u00e9. Ulmban 12.00 \u00f3rakor szentmise. Eislingenben 15.00 \u00f3rakor szentmise, ut\u00e1na \u00e1g\u00e1p\u00e9. Heilbronnban 15.30 \u00f3rakor szentmise, ut\u00e1na \u00e1g\u00e1p\u00e9. * Minden helyen mindenkit szeretettel v\u00e1r a k\u00f6z\u00f6ss\u00e9g, Imre atya \u00e9s Tibor atya! \u201eHa hallgatsz, hallgass szeretetb\u0151l. Ha besz\u00e9lsz, besz\u00e9lj szeretetb\u0151l. Ha figyelmeztetsz, figyelmeztess szeretetb\u0151l. Ha megbocs\u00e1tasz, bocs\u00e1ss meg szeretetb\u0151l.\u201d (Szent \u00c1goston \u2013 354-430 \u2013 egyh\u00e1zatya, teol\u00f3gus, filoz\u00f3fus) \u00a0 Kellemes napokat, j\u00f3 tal\u00e1lkoz\u00e1sokat \u00e9s sok \u00f6r\u00f6met k\u00edv\u00e1nunk minden Kedves H\u00edv\u00fcnknek!","og_url":"https:\/\/stuttgarti-katolikusok.de\/index.php\/szeptember-16-es-22-kozott\/","og_site_name":"Stuttgarti Katolikusok","article_published_time":"2019-09-16T09:36:49+00:00","article_modified_time":"2020-04-27T08:46:00+00:00","author":"Tibor atya","twitter_card":"summary_large_image","twitter_misc":{"Szerz\u0151:":"Tibor atya","Becs\u00fclt olvas\u00e1si id\u0151":"1 perc"},"schema":{"@context":"https:\/\/schema.org","@graph":[{"@type":"Article","@id":"https:\/\/stuttgarti-katolikusok.de\/index.php\/szeptember-16-es-22-kozott\/#article","isPartOf":{"@id":"https:\/\/stuttgarti-katolikusok.de\/index.php\/szeptember-16-es-22-kozott\/"},"author":{"name":"Tibor atya","@id":"https:\/\/stuttgarti-katolikusok.de\/#\/schema\/person\/75908d6f8fdc03a57889d27209df7795"},"headline":"Szeptember 16 \u00e9s 22 k\u00f6z\u00f6tt","datePublished":"2019-09-16T09:36:49+00:00","dateModified":"2020-04-27T08:46:00+00:00","mainEntityOfPage":{"@id":"https:\/\/stuttgarti-katolikusok.de\/index.php\/szeptember-16-es-22-kozott\/"},"wordCount":212,"articleSection":["Progamel\u0151zetes"],"inLanguage":"hu"},{"@type":"WebPage","@id":"https:\/\/stuttgarti-katolikusok.de\/index.php\/szeptember-16-es-22-kozott\/","url":"https:\/\/stuttgarti-katolikusok.de\/index.php\/szeptember-16-es-22-kozott\/","name":"Szeptember 16 \u00e9s 22 k\u00f6z\u00f6tt - Stuttgarti Katolikusok","isPartOf":{"@id":"https:\/\/stuttgarti-katolikusok.de\/#website"},"datePublished":"2019-09-16T09:36:49+00:00","dateModified":"2020-04-27T08:46:00+00:00","author":{"@id":"https:\/\/stuttgarti-katolikusok.de\/#\/schema\/person\/75908d6f8fdc03a57889d27209df7795"},"breadcrumb":{"@id":"https:\/\/stuttgarti-katolikusok.de\/index.php\/szeptember-16-es-22-kozott\/#breadcrumb"},"inLanguage":"hu","potentialAction":[{"@type":"ReadAction","target":["https:\/\/stuttgarti-katolikusok.de\/index.php\/szeptember-16-es-22-kozott\/"]}]},{"@type":"BreadcrumbList","@id":"https:\/\/stuttgarti-katolikusok.de\/index.php\/szeptember-16-es-22-kozott\/#breadcrumb","itemListElement":[{"@type":"ListItem","position":1,"name":"Kezd\u0151lap","item":"https:\/\/stuttgarti-katolikusok.de\/"},{"@type":"ListItem","position":2,"name":"Szeptember 16 \u00e9s 22 k\u00f6z\u00f6tt"}]},{"@type":"WebSite","@id":"https:\/\/stuttgarti-katolikusok.de\/#website","url":"https:\/\/stuttgarti-katolikusok.de\/","name":"Stuttgarti Katolikusok","description":"","potentialAction":[{"@type":"SearchAction","target":{"@type":"EntryPoint","urlTemplate":"https:\/\/stuttgarti-katolikusok.de\/?s={search_term_string}"},"query-input":{"@type":"PropertyValueSpecification","valueRequired":true,"valueName":"search_term_string"}}],"inLanguage":"hu"},{"@type":"Person","@id":"https:\/\/stuttgarti-katolikusok.de\/#\/schema\/person\/75908d6f8fdc03a57889d27209df7795","name":"Tibor atya","image":{"@type":"ImageObject","inLanguage":"hu","@id":"https:\/\/secure.gravatar.com\/avatar\/61d268e57d1f4525b111222e29d2d5a7f8c420fdbf231ba5566a8ceac74fa960?s=96&d=mm&r=g","url":"https:\/\/secure.gravatar.com\/avatar\/61d268e57d1f4525b111222e29d2d5a7f8c420fdbf231ba5566a8ceac74fa960?s=96&d=mm&r=g","contentUrl":"https:\/\/secure.gravatar.com\/avatar\/61d268e57d1f4525b111222e29d2d5a7f8c420fdbf231ba5566a8ceac74fa960?s=96&d=mm&r=g","caption":"Tibor atya"},"url":"https:\/\/stuttgarti-katolikusok.de\/index.php\/author\/tibor-atya\/"}]}},"_links":{"self":[{"href":"https:\/\/stuttgarti-katolikusok.de\/index.php\/wp-json\/wp\/v2\/posts\/17468","targetHints":{"allow":["GET"]}}],"collection":[{"href":"https:\/\/stuttgarti-katolikusok.de\/index.php\/wp-json\/wp\/v2\/posts"}],"about":[{"href":"https:\/\/stuttgarti-katolikusok.de\/index.php\/wp-json\/wp\/v2\/types\/post"}],"author":[{"embeddable":true,"href":"https:\/\/stuttgarti-katolikusok.de\/index.php\/wp-json\/wp\/v2\/users\/3"}],"replies":[{"embeddable":true,"href":"https:\/\/stuttgarti-katolikusok.de\/index.php\/wp-json\/wp\/v2\/comments?post=17468"}],"version-history":[{"count":4,"href":"https:\/\/stuttgarti-katolikusok.de\/index.php\/wp-json\/wp\/v2\/posts\/17468\/revisions"}],"predecessor-version":[{"id":17509,"href":"https:\/\/stuttgarti-katolikusok.de\/index.php\/wp-json\/wp\/v2\/posts\/17468\/revisions\/17509"}],"wp:attachment":[{"href":"https:\/\/stuttgarti-katolikusok.de\/index.php\/wp-json\/wp\/v2\/media?parent=17468"}],"wp:term":[{"taxonomy":"category","embeddable":true,"href":"https:\/\/stuttgarti-katolikusok.de\/index.php\/wp-json\/wp\/v2\/categories?post=17468"},{"taxonomy":"post_tag","embeddable":true,"href":"https:\/\/stuttgarti-katolikusok.de\/index.php\/wp-json\/wp\/v2\/tags?post=17468"}],"curies":[{"name":"wp","href":"https:\/\/api.w.org\/{rel}","templated":true}]}}